{"id":204352,"date":"2021-04-19T11:41:35","date_gmt":"2021-04-19T09:41:35","guid":{"rendered":"https:\/\/www.radiopiu.net\/wordpress\/?p=204352"},"modified":"2021-04-19T11:41:36","modified_gmt":"2021-04-19T09:41:36","slug":"lasd-ponte-nelle-alpi-pianifica-il-futuro-post-covid","status":"publish","type":"post","link":"https:\/\/www.radiopiu.net\/wordpress\/lasd-ponte-nelle-alpi-pianifica-il-futuro-post-covid\/","title":{"rendered":"L&#8217;ASD PONTE NELLE ALPI PIANIFICA IL FUTURO POST COVID"},"content":{"rendered":"<p><strong><a href=\"https:\/\/www.radiopiu.net\/wordpress\/lasd-ponte-nelle-alpi-pianifica-il-futuro-post-covid\/giuseppe_faso\/\" rel=\"attachment wp-att-204353\"><img loading=\"lazy\" decoding=\"async\" class=\" wp-image-204353 alignleft\" src=\"https:\/\/www.radiopiu.net\/wordpress\/wp-content\/uploads\/2021\/04\/Giuseppe_Faso-225x300.jpg\" alt=\"\" width=\"169\" height=\"225\" srcset=\"https:\/\/www.radiopiu.net\/wordpress\/wp-content\/uploads\/2021\/04\/Giuseppe_Faso-225x300.jpg 225w, https:\/\/www.radiopiu.net\/wordpress\/wp-content\/uploads\/2021\/04\/Giuseppe_Faso-768x1024.jpg 768w, https:\/\/www.radiopiu.net\/wordpress\/wp-content\/uploads\/2021\/04\/Giuseppe_Faso.jpg 848w\" sizes=\"auto, (max-width: 169px) 100vw, 169px\" \/><\/a>PONTE NELLE ALPI<\/strong>\u00a0 La societ\u00e0 ha deciso di affidare a Giuseppe Faso la guida tecnica della prima squadra, impegnata nel prossimo campionato di Seconda categoria: <em>\u00abLa scelta dell\u2019allenatore &#8211; affermano il presidente Enrico Collarin e il vice Enrico De Bona &#8211; \u00e8 dettata dal volont\u00e0 di <\/em><em>valorizzare il gruppo di giovani che si affaccer\u00e0 in prima squadra e si integrer\u00e0 con il nucleo di elementi pi\u00f9 esperti\u00bb. <\/em>Faso prende il posto di Luca De Bona. In merito al settore giovanile, \u00e8 stato riconfermato in blocco lo staff di allenatori: oltre al rientro di Giovanni De Nardi, continueranno il loro percorso Fabio Biddau, Eros Prest, Beppe De Rosa, Mario Salvador e Vincenzo Maraga, nel momento in cui riprenderanno l\u2019attivit\u00e0 anche i pi\u00f9 piccoli. Il Covid, per\u00f2, ha lasciato strascichi inevitabilmente pesanti: <em>\u00abA tale proposito, l\u2019auspicio \u00e8 che le annate, a seconda dei campionati, vengano bloccate per consentire una graduale crescita dei giovani\u00bb. <\/em>Nel frattempo, proseguir\u00e0 il rapporto di collaborazione con la societ\u00e0 dell\u2019Alpago. Anche perch\u00e9, soprattutto in questa fase storica, \u00e8 necessario unire forze, idee e competenze<\/p>\n","protected":false},"excerpt":{"rendered":"<p>PONTE NELLE ALPI\u00a0 La societ\u00e0 ha deciso di affidare a Giuseppe Faso la guida tecnica della prima squadra, impegnata nel prossimo campionato di Seconda categoria: \u00abLa scelta dell\u2019allenatore &#8211; affermano il presidente Enrico Collarin e il vice Enrico De Bona &#8211; \u00e8 dettata dal volont\u00e0 di valorizzare il gruppo di giovani che si affaccer\u00e0 in&hellip;<\/p>\n","protected":false},"author":4,"featured_media":204353,"comment_status":"closed","ping_status":"closed","sticky":false,"template":"","format":"standard","meta":{"_monsterinsights_skip_tracking":false,"_monsterinsights_sitenote_active":false,"_monsterinsights_sitenote_note":"","_monsterinsights_sitenote_category":0,"footnotes":""},"categories":[49],"tags":[],"class_list":["post-204352","post","type-post","status-publish","format-standard","has-post-thumbnail","hentry","category-news-18","category-49","description-off"],"img_url":"https:\/\/www.radiopiu.net\/wordpress\/wp-content\/uploads\/2021\/04\/Giuseppe_Faso.jpg","_links":{"self":[{"href":"https:\/\/www.radiopiu.net\/wordpress\/wp-json\/wp\/v2\/posts\/204352","targetHints":{"allow":["GET"]}}],"collection":[{"href":"https:\/\/www.radiopiu.net\/wordpress\/wp-json\/wp\/v2\/posts"}],"about":[{"href":"https:\/\/www.radiopiu.net\/wordpress\/wp-json\/wp\/v2\/types\/post"}],"author":[{"embeddable":true,"href":"https:\/\/www.radiopiu.net\/wordpress\/wp-json\/wp\/v2\/users\/4"}],"replies":[{"embeddable":true,"href":"https:\/\/www.radiopiu.net\/wordpress\/wp-json\/wp\/v2\/comments?post=204352"}],"version-history":[{"count":0,"href":"https:\/\/www.radiopiu.net\/wordpress\/wp-json\/wp\/v2\/posts\/204352\/revisions"}],"wp:featuredmedia":[{"embeddable":true,"href":"https:\/\/www.radiopiu.net\/wordpress\/wp-json\/wp\/v2\/media\/204353"}],"wp:attachment":[{"href":"https:\/\/www.radiopiu.net\/wordpress\/wp-json\/wp\/v2\/media?parent=204352"}],"wp:term":[{"taxonomy":"category","embeddable":true,"href":"https:\/\/www.radiopiu.net\/wordpress\/wp-json\/wp\/v2\/categories?post=204352"},{"taxonomy":"post_tag","embeddable":true,"href":"https:\/\/www.radiopiu.net\/wordpress\/wp-json\/wp\/v2\/tags?post=204352"}],"curies":[{"name":"wp","href":"https:\/\/api.w.org\/{rel}","templated":true}]}}