{"id":204365,"date":"2021-04-19T12:25:16","date_gmt":"2021-04-19T10:25:16","guid":{"rendered":"https:\/\/www.radiopiu.net\/wordpress\/?p=204365"},"modified":"2021-04-19T15:05:32","modified_gmt":"2021-04-19T13:05:32","slug":"covid-in-veneto-numeri-bilanci-considerazioni-dinizio-settimana-lultima-in-arancione","status":"publish","type":"post","link":"https:\/\/www.radiopiu.net\/wordpress\/covid-in-veneto-numeri-bilanci-considerazioni-dinizio-settimana-lultima-in-arancione\/","title":{"rendered":"COVID IN VENETO, NUMERI, BILANCI CONSIDERAZIONI D&#8217;INIZIO SETTIMANA, L&#8217;ULTIMA IN ARANCIONE&#8230;"},"content":{"rendered":"<p><strong>VENEZIA<\/strong> La conferenza stampa di Luca Zaia, presidente Regione Veneto.<\/p>\n<p><strong>I NUMERI DELLA PANDEMIA ANOMALI COME OGNI LUNEDI INIZIO SETTIMANA<\/strong><\/p>\n<p>TAMPONI MOLECOLARI 4838936 TAMPONI RAPIDI 4141383 TAMPONI IERI 10786 POSITIVI IERI +497 INCIDENZA 4,61% POSITIVI DA INIZIO EPIDEMIA 401947 POSITIVI ATTUALI 26522 RICOVERATI 1759 (-7) IN AREA NON CRITICA\u00a0 1495 (-8) IN TERAPIA INTENSIVA 264 (+1) IN TERAPIA INTENSIVA NON COVID 274 DECESSI 11111 (+7\u00a0 nelle ultime 243 ore)\u00a0 DIMESSI 19665 <em>Gli attuali ingressi in terapia intensiva sono vecchi ricoveri delle vacanze pasquali<\/em><\/p>\n<blockquote>\n<h2>LEGGI LA CONFERENZA STAMPA DI LUCA ZAIA<\/h2>\n<p><em>Dal 26 giorno delle riaperture il vero tema \u00e8 quello delle scuole e dei trasporti. Abbiamo 2700 mezzi schierati per un&#8217;apertura al 50% in Dad e 50% in presenza. Abbiamo aggiunto 500 mezzi dei privati e oltre 200 assunzioni di controllori. Portando la didattica al 100% da luned\u00ec e mantenendo gli autobus pieni al 50%, come minimo occorre raddoppiare la dotazione dei bus ma sul mercato non ci sono i mezzi. Che il Governo prenda in mano la situazione. Da luned\u00ec 26 dovrebbero arrivare 50mila dosi<\/em> Pfizer <em>in pi\u00f9, quindi\u00a0 170mila. Poi ne arriveranno 181.000 il 29 aprile, 172000 il 6 maggio e\u00a0 altrettanti il 13 maggio.<\/em><\/p><\/blockquote>\n<p><strong>IL TREND<\/strong> Mi riservo di vedere il bollettino di domani, quello del lunedi non \u00e8 rappresentativo, il trand da 7-8 giorni \u00e8 in calo, lo dice anche l&#8217;algoritmo con le sue proezioni, tanto in terapia intensiva che area non critica. Oggi 5 persone ricoverate e 1 in terapia intensiva. Attuali ingressi in terapia intensiva sono ancora quelli di vecchi ricoveri.<strong> VACCINAZIONE<\/strong> Da lunedi arrivano pi\u00f9 Pfizer, oltre ai 120 mila altri 50 mila in pi\u00f9 che non \u00e8 poca cosa. Abbiamo una potenzialit\u00e0 con motori al minimo da 30mila al giorno, con medici e farmacisti possiamo fare un bel lavoro. Over 80 partita chiusa, stiamo lavorando sui pi\u00f9 fragil. Vogliamo accelerare e chiudere gli ultra 70enni, molti anche fragili. <strong>DAL 26 APRILE AUTOBUS PIENI<\/strong> si apre con massima attenzione, serve il buon senso con la responsabilit\u00e0 individuale, se ci si comporta correttamente \u00e8 come un lockdown. Con la didattica in presenza al 100% l&#8217;autobus sar\u00e0 pieno a met\u00e0, quindi per un principio matematico sarebbe da raddoppiare la dotazione, ma non ci sono i mezzi non solo le risorse, non ci sono sul mercato i mezzi. Non possiamo fare nulla e le soluzioni non sono molte, o si riduce di un po&#8217; la presenza oppure bisogna rendere facoltativa la presenza con sistema misto tipo Puglia che va avanti da mesi. Da lunedi questo sar\u00e0 il problema e poi c&#8217;\u00e8 il problema dei serpentoni degli autobus, riducendo la capienza aumenta il numero dei bus, che il Governo prenda in meno e subito la situazione. <strong>ESCLUDE TRASPORTI AL 100 PER CENTO?<\/strong> Mi sembra improbabile perch\u00e9 si viene meno alle norme contro gli assembramenti. Tre ipotesi: scaglionamento dei turni con grossi limiti in passato no ci siamo riusciti; rendere facoltativa la scelta della presenza o didattica da casa; ridurre la percentuale in presenza non a 100 ma inferiore. Questo \u00e8 solo un contributo alla problematica. <strong>ORDINANZE PER LA SCUOLE?<\/strong> Nessuna ordinanza sar\u00e0 promulgata, il decreto \u00e8 chiaro non si pu\u00f2 intervenire sulla scuola.\u00a0<strong>COPRIFUOCO<\/strong>\u00a0 Non deve diventare una lotteria, ci dobbiamo incontrare tra governatori per una valutazione collettiva con un responso di natura scientifica, se i presupposti per il copri fuoco ci sono ancora, de lo deve dire chi lo ha inventato. <strong>COME RIAPRIRA&#8217; CHI NON HA GLI SPAZI?<\/strong> C&#8217;\u00e8 una discussione all&#8217;interno del Governo per essere pi\u00f9 equi. Una citt\u00e0 storica come Venezia ha plateatici ridotti o addirittura non li ha. Serve una riflessione sul tema con basi scientifiche poich\u00e9 in presenza del virus.<strong> UN MIGLIAIO DI PERSONE A CONEGLIANO I NO\u00a0 VAX SENZA MASCHERINA <\/strong>Evito ogni commento, la protesta \u00e8 sacrosanta e leggittima, detto questo bisogna farlo nel rispetto delle regole.<\/p>\n<p>&nbsp;<\/p>\n<blockquote>\n<h3>LA DOTTORESSA EVELINA TACCONELLI direttrice della sezione Malattie Infettive dell&#8217;azienda ospedaliera universitaria di Verona.<\/h3>\n<\/blockquote>\n<p>Il Veneto \u00e8 in prima fila grazie alla dottoressa Evelina Tacconelli, punto di riferimento in Italia per i monoclonali.<\/p>\n<blockquote>\n<h3><em>&#8220;Ci aspettiamo che trattare con urgenza i pazienti riduca i ricoveri in ospedale. Non andate a letto la sera con il dubbio di aver infettato qualcuno mandandolo in ospedale, la mascherina va usata si pensi al rischio per chi \u00e8 accanto&#8230; se si vuole dormire con serenit\u00e0. Serve senso etico di comunit\u00e0&#8221;<\/em><\/h3>\n<\/blockquote>\n<p><strong>LA DOTTORESSA EVELINA TACCONELLI<\/strong> direttrice della sezione Malattie Infettive dell&#8217;azienda ospedaliera universitaria di Verona.\u00a0<em>\u00a0<\/em><\/p>\n<p><img loading=\"lazy\" decoding=\"async\" class=\"alignleft\" src=\"https:\/\/www.radiopiu.net\/wordpress\/wp-content\/uploads\/2021\/04\/dott.ssa-Evelina-Tacconelli-2.jpg\" width=\"188\" height=\"106\" \/>Le stime ottimistiche fatte assieme si sono verificate come discusse. C&#8217;\u00e8 una riduzione di ricoveri ospedalieri, di pazienti che hanno bisogno della terapia intensiva. Interessante il dato della mortalit\u00e0 che comparando i periodi (2017-2019 con 2020-2021) per il mese di febbraio c&#8217;\u00e8 una riduzione. Le mortalit\u00e0 possono avere fluttuazioni, ma non \u00e8 aumentata come in altri mesi come dicembre e il dato \u00e8 importante. Tutto il lavoro fatto con farmaci, vaccinazioni, organizzazione, medici, significa che si va verso il miglioramento.<\/p>\n<blockquote>\n<h3><em>non abbiamo avuto alcun decesso.<\/em><\/h3>\n<\/blockquote>\n<p><strong>ANTICORPI MONOCLONALI<\/strong> In Italia sono stati somministrate 2000 terapie per altrettanti pazienti, di questi 420 sono veneti. Siamo organizzati con le terapie in ciascuna Ulss. Verona delle 420 dosi ne ha fatte 120, abbiamo seguito quindi 120 pazienti equamente distribuiti maschi-femmine, con pi\u00f9 di 70 anni con almeno una patologia concomitante e severa. Se prendo 120 pazienti con questa caratteristiche senza anticorpo monoclonali mi aspetto che tra i 30 d i 35 finiscano in ospedale, 5-7 vanno incontro a decesso. Quindi il 27% dei ricoveri nelle grandi categoria di fragili con l&#8217;1% di mortalit\u00e0. Di 120 ne abbiamo ricoverati 14 (la met\u00e0 dei 35) uno senza ossigeno, nessun decesso. \u00a0I monoclonali devono essere somministrati il prima possibile, quando il paziente non ha ancora i propri anticorpi, e basta un tampone rapido per far scattare il trattamento. Aifa ci ha contattati e abbiamo saputo di aver vinto a livello nazionale il bando per lo studio dei monoconali. Siamo arrivati primi e ora possiamo farlo in tutto il Veneto <strong>STUDIO MANTICO<\/strong> 1260 pazienti inclusi\u00a0 quelli\u00a0 con pi\u00f9 di 50 anni\u00a0con diagnosi entro 4 giorni di infezione da\u00a0Covid\u00a0con almeno uno dei\u00a0sintomi\u00a0nelle liste riconosciute a livello internazionale, non devono aver bisogno di\u00a0ossigenoterapia. Trattereni i pazienti con sintomi, anche solo stanchezza, con tampone positivo, avr\u00e0 diritto ad entrare nello studio. Lavoreremo anche con una rete nazionale e i dati confluiranno tutti a Verona.<\/p>\n<p>&nbsp;<\/p>\n<p><strong>UNA QUARTA ONDATA?<\/strong> Credo sia difficile, c&#8217;e&#8217; la vaccinazione, il distanziamento sociale i nuovi farmaci. <strong>EFFETTO VARIANTI<\/strong> Non c&#8217;\u00e8 alcuna evidenza scientifica che i monoclonali apportino modifiche. Il discorso della varianti \u00e8 per\u00f2 un discorso aperto, l&#8217;impatto sulla mortalit\u00e0 non \u00e8 ancora chiarito, si sta studiando e investendo a livello Europeo, la regione Veneto \u00e8 in prima linea rivalutando tutti i dati per cercare di capire analizzando anche i campioni congelati se ci siano correlazioni tra quadro clinico e varianti ma \u00e8 tutto in definizione. <strong>SCUOLA IN PRESENZA AL 100%?<\/strong> \u00a0decisione che non pu\u00f2 essere valutata solo sulla base del rischio Covid, i ragazzi in dad prolungata hanno anche altri effetti collaterali dei quali soffrono, bulimia, anoressia, inoltre la dad non credo sia il modo migliore per creare una conoscenza solida. Se il personale della scuola \u00e8 nella maggior parte vaccinato, con il sistema delle scuole sentinella, sarei tendenzialmente favorevole al ritorno in presenza. Mi sembra pi\u00f9 utile riaprire che non riaprire.<\/p>\n<p><a href=\"https:\/\/www.facebook.com\/zaiaufficiale\/videos\/916307429131844\">https:\/\/www.facebook.com\/zaiaufficiale\/videos\/916307429131844<\/a><\/p>\n<p>&nbsp;<\/p>\n","protected":false},"excerpt":{"rendered":"<p>VENEZIA La conferenza stampa di Luca Zaia, presidente Regione Veneto. I NUMERI DELLA PANDEMIA ANOMALI COME OGNI LUNEDI INIZIO SETTIMANA TAMPONI MOLECOLARI 4838936 TAMPONI RAPIDI 4141383 TAMPONI IERI 10786 POSITIVI IERI +497 INCIDENZA 4,61% POSITIVI DA INIZIO EPIDEMIA 401947 POSITIVI ATTUALI 26522 RICOVERATI 1759 (-7) IN AREA NON CRITICA\u00a0 1495 (-8) IN TERAPIA INTENSIVA 264&hellip;<\/p>\n","protected":false},"author":4,"featured_media":204366,"comment_status":"closed","ping_status":"closed","sticky":false,"template":"","format":"standard","meta":{"_monsterinsights_skip_tracking":false,"_monsterinsights_sitenote_active":false,"_monsterinsights_sitenote_note":"","_monsterinsights_sitenote_category":0,"footnotes":""},"categories":[51,49],"tags":[],"class_list":["post-204365","post","type-post","status-publish","format-standard","has-post-thumbnail","hentry","category-evidenza-top","category-news-18","category-51","category-49","description-off"],"img_url":"https:\/\/www.radiopiu.net\/wordpress\/wp-content\/uploads\/2021\/04\/176091826_1761093434092564_7152734363065137616_n.jpg","_links":{"self":[{"href":"https:\/\/www.radiopiu.net\/wordpress\/wp-json\/wp\/v2\/posts\/204365","targetHints":{"allow":["GET"]}}],"collection":[{"href":"https:\/\/www.radiopiu.net\/wordpress\/wp-json\/wp\/v2\/posts"}],"about":[{"href":"https:\/\/www.radiopiu.net\/wordpress\/wp-json\/wp\/v2\/types\/post"}],"author":[{"embeddable":true,"href":"https:\/\/www.radiopiu.net\/wordpress\/wp-json\/wp\/v2\/users\/4"}],"replies":[{"embeddable":true,"href":"https:\/\/www.radiopiu.net\/wordpress\/wp-json\/wp\/v2\/comments?post=204365"}],"version-history":[{"count":0,"href":"https:\/\/www.radiopiu.net\/wordpress\/wp-json\/wp\/v2\/posts\/204365\/revisions"}],"wp:featuredmedia":[{"embeddable":true,"href":"https:\/\/www.radiopiu.net\/wordpress\/wp-json\/wp\/v2\/media\/204366"}],"wp:attachment":[{"href":"https:\/\/www.radiopiu.net\/wordpress\/wp-json\/wp\/v2\/media?parent=204365"}],"wp:term":[{"taxonomy":"category","embeddable":true,"href":"https:\/\/www.radiopiu.net\/wordpress\/wp-json\/wp\/v2\/categories?post=204365"},{"taxonomy":"post_tag","embeddable":true,"href":"https:\/\/www.radiopiu.net\/wordpress\/wp-json\/wp\/v2\/tags?post=204365"}],"curies":[{"name":"wp","href":"https:\/\/api.w.org\/{rel}","templated":true}]}}