{"id":204405,"date":"2021-04-19T13:39:47","date_gmt":"2021-04-19T11:39:47","guid":{"rendered":"https:\/\/www.radiopiu.net\/wordpress\/?p=204405"},"modified":"2021-04-20T06:08:08","modified_gmt":"2021-04-20T04:08:08","slug":"domani-la-calata-al-mise-per-chiedere-di-far-ripartire-il-progetto-italcomp","status":"publish","type":"post","link":"https:\/\/www.radiopiu.net\/wordpress\/domani-la-calata-al-mise-per-chiedere-di-far-ripartire-il-progetto-italcomp\/","title":{"rendered":"DOMANI LA CALATA AL MISE PER CHIEDERE DI FAR RIPARTIRE IL PROGETTO ITALCOMP"},"content":{"rendered":"<p><strong><a href=\"https:\/\/www.radiopiu.net\/wordpress\/giornale-radiopiu-21-settembre-2019-direttore-mirko-mezzacasa\/stabilimento-wanbao-di-mel-donazzan-dopo-il-primo-traguardo-di-oggi-chiederemo-rassicurazioni-sul-mantenimento-della-produzione\/\" rel=\"attachment wp-att-99385\"><img loading=\"lazy\" decoding=\"async\" class=\"size-medium wp-image-99385 alignleft\" src=\"https:\/\/www.radiopiu.net\/wordpress\/wp-content\/uploads\/2019\/09\/STABILIMENTO-WANBAO-DI-MEL.-DONAZZAN-\u201cDOPO-IL-PRIMO-TRAGUARDO-DI-OGGI-CHIEDEREMO-RASSICURAZIONI-SUL-MANTENIMENTO-DELLA-PRODUZIONE-300x225.jpg\" alt=\"\" width=\"300\" height=\"225\" srcset=\"https:\/\/www.radiopiu.net\/wordpress\/wp-content\/uploads\/2019\/09\/STABILIMENTO-WANBAO-DI-MEL.-DONAZZAN-\u201cDOPO-IL-PRIMO-TRAGUARDO-DI-OGGI-CHIEDEREMO-RASSICURAZIONI-SUL-MANTENIMENTO-DELLA-PRODUZIONE-300x225.jpg 300w, https:\/\/www.radiopiu.net\/wordpress\/wp-content\/uploads\/2019\/09\/STABILIMENTO-WANBAO-DI-MEL.-DONAZZAN-\u201cDOPO-IL-PRIMO-TRAGUARDO-DI-OGGI-CHIEDEREMO-RASSICURAZIONI-SUL-MANTENIMENTO-DELLA-PRODUZIONE-768x576.jpg 768w, https:\/\/www.radiopiu.net\/wordpress\/wp-content\/uploads\/2019\/09\/STABILIMENTO-WANBAO-DI-MEL.-DONAZZAN-\u201cDOPO-IL-PRIMO-TRAGUARDO-DI-OGGI-CHIEDEREMO-RASSICURAZIONI-SUL-MANTENIMENTO-DELLA-PRODUZIONE-1024x768.jpg 1024w, https:\/\/www.radiopiu.net\/wordpress\/wp-content\/uploads\/2019\/09\/STABILIMENTO-WANBAO-DI-MEL.-DONAZZAN-\u201cDOPO-IL-PRIMO-TRAGUARDO-DI-OGGI-CHIEDEREMO-RASSICURAZIONI-SUL-MANTENIMENTO-DELLA-PRODUZIONE.jpg 1600w\" sizes=\"auto, (max-width: 300px) 100vw, 300px\" \/><\/a>BORGO VALBELLUNA<\/strong> <em>\u201cil progetto deve ripartire, questa inerzia sta ammazzando due fabbriche, di due diversi territori \u2013 Mel nel bellunese e Riva di Chieri in provincia di Torino \u2013 e con esse i loro 800 lavoratori. <\/em>Lo dichiarano Barbara Tibaldi, segretaria nazionale Fiom e responsabile settore elettrodomestico e Claudia Ferri, coordinatrice nazionale Fiom settore elettrodomestico, anche loro come molti e non solo bellunesi e piemontesi offesi da un silenzio che\u00a0 danneggia ed \u00e8 ormai intollerabile. Per questo domani manifestazione sotto al Mise con i lavoratori di Embraco e Acc Wanbao a chiedere un intervento immediato da parte del governo, per non far morire il progetto Italcomp e salvaguardare i lavoratori delle due fabbriche. Italcomp \u00e8 stato presentato in due Prefetture, a Belluno e a Torino, plaudito come un progetto ambizioso, di buona politica industriale e che stava passando dalla fase progettuale, dopo un lungo lavoro di confronto con le parti sociali, a quella di realizzazione. Oggi invece, dopo il cambio di governo, osserviamo soltanto un silenzio a cui non riusciamo a dare pi\u00f9 alcuna giustificazione.\u00a0 &#8220;<em>Se questo progetto \u00e8 potuto partire ed \u00e8 arrivato al punto in cui si trova \u00e8 grazie alla tenacia di tutti quei lavoratori che hanno tenuto in vita la fabbrica, credendo ostinatamente nella possibilit\u00e0 di tornare a produrre e lavorare, questa immobilit\u00e0 invece rischia di far saltare l&#8217;intero progetto, le due fabbriche e tutti i posti di lavoro, inaccettabile soprattutto in una fase in cui il mercato dell&#8217;elettrodomestico \u00e8 in forte ripresa&#8221; <\/em>concludono le rappresentanti della Fiom<\/p>\n<p>&nbsp;<\/p>\n<p>&nbsp;<\/p>\n<blockquote>\n<h3>ACC-ULTIM&#8217;ORA 14.30: LA TODDE HA DECISO DI&#8230; DEFINIRE<\/h3>\n<\/blockquote>\n<div class=\"kvgmc6g5 cxmmr5t8 oygrvhab hcukyx3x c1et5uql ii04i59q\">\n<div dir=\"auto\"><strong><img loading=\"lazy\" decoding=\"async\" class=\"alignleft\" src=\"https:\/\/www.radiopiu.net\/wordpress\/wp-content\/uploads\/2021\/04\/73475257_733960370401133_5179450720381829120_n-300x300.jpg\" width=\"133\" height=\"133\" \/>ROMA<\/strong> Dal Ministero dello Sviluppo Economico, anzi dalla pagina facebook di Alessandra Todde, ViceMinistra allo\u00a0 Sviluppo Economico si apprende: <em>&#8220;A seguito dell\u2019assegnazione delle deleghe, ho definito oggi il calendario delle vertenze che saranno convocate nelle prossime due settimane al Ministero dello Sviluppo Economico.<\/em><\/div>\n<\/div>\n<div class=\"o9v6fnle cxmmr5t8 oygrvhab hcukyx3x c1et5uql ii04i59q\">\n<div dir=\"auto\"><em>Gioved\u00ec 22 aprile il tavolo Dema, il 23 aprile Acc-Embraco, il 26 aprile Blutec e Sider Alloys, il 27 Treofan, il 28 Whirlpool, gioved\u00ec 29 Elica e Industria Italiana Autobus ed infine il 30 aprile L. Foundry.<\/em><\/div>\n<\/div>\n<div class=\"o9v6fnle cxmmr5t8 oygrvhab hcukyx3x c1et5uql ii04i59q\">\n<div dir=\"auto\">Nessuna data precisa sulle convocazioni\u00a0 ma l&#8217;annuncio che\u00a0 saranno inviate a breve.<\/div>\n<\/div>\n","protected":false},"excerpt":{"rendered":"<p>BORGO VALBELLUNA \u201cil progetto deve ripartire, questa inerzia sta ammazzando due fabbriche, di due diversi territori \u2013 Mel nel bellunese e Riva di Chieri in provincia di Torino \u2013 e con esse i loro 800 lavoratori. Lo dichiarano Barbara Tibaldi, segretaria nazionale Fiom e responsabile settore elettrodomestico e Claudia Ferri, coordinatrice nazionale Fiom settore elettrodomestico,&hellip;<\/p>\n","protected":false},"author":4,"featured_media":0,"comment_status":"closed","ping_status":"closed","sticky":false,"template":"","format":"standard","meta":{"_monsterinsights_skip_tracking":false,"_monsterinsights_sitenote_active":false,"_monsterinsights_sitenote_note":"","_monsterinsights_sitenote_category":0,"footnotes":""},"categories":[51,49],"tags":[],"class_list":["post-204405","post","type-post","status-publish","format-standard","hentry","category-evidenza-top","category-news-18","category-51","category-49","description-off"],"img_url":false,"_links":{"self":[{"href":"https:\/\/www.radiopiu.net\/wordpress\/wp-json\/wp\/v2\/posts\/204405","targetHints":{"allow":["GET"]}}],"collection":[{"href":"https:\/\/www.radiopiu.net\/wordpress\/wp-json\/wp\/v2\/posts"}],"about":[{"href":"https:\/\/www.radiopiu.net\/wordpress\/wp-json\/wp\/v2\/types\/post"}],"author":[{"embeddable":true,"href":"https:\/\/www.radiopiu.net\/wordpress\/wp-json\/wp\/v2\/users\/4"}],"replies":[{"embeddable":true,"href":"https:\/\/www.radiopiu.net\/wordpress\/wp-json\/wp\/v2\/comments?post=204405"}],"version-history":[{"count":0,"href":"https:\/\/www.radiopiu.net\/wordpress\/wp-json\/wp\/v2\/posts\/204405\/revisions"}],"wp:attachment":[{"href":"https:\/\/www.radiopiu.net\/wordpress\/wp-json\/wp\/v2\/media?parent=204405"}],"wp:term":[{"taxonomy":"category","embeddable":true,"href":"https:\/\/www.radiopiu.net\/wordpress\/wp-json\/wp\/v2\/categories?post=204405"},{"taxonomy":"post_tag","embeddable":true,"href":"https:\/\/www.radiopiu.net\/wordpress\/wp-json\/wp\/v2\/tags?post=204405"}],"curies":[{"name":"wp","href":"https:\/\/api.w.org\/{rel}","templated":true}]}}