{"id":204426,"date":"2021-04-21T05:52:45","date_gmt":"2021-04-21T03:52:45","guid":{"rendered":"https:\/\/www.radiopiu.net\/wordpress\/?p=204426"},"modified":"2021-04-21T06:00:13","modified_gmt":"2021-04-21T04:00:13","slug":"acc-ultimora-la-todde-ha-deciso-di-definire","status":"publish","type":"post","link":"https:\/\/www.radiopiu.net\/wordpress\/acc-ultimora-la-todde-ha-deciso-di-definire\/","title":{"rendered":"I BELLUNESI A ROMA PER DIFENDERE L&#8217;ACC"},"content":{"rendered":"<div class=\"kvgmc6g5 cxmmr5t8 oygrvhab hcukyx3x c1et5uql ii04i59q\">\n<div dir=\"auto\"><span style=\"color: #ff0000;\"><strong>PAGINA IN AGGIORNAMENTO\u00a0<\/strong><\/span><\/div>\n<div dir=\"auto\">\n<blockquote>\n<h2 dir=\"auto\">LA CALATA AL MISE PER CHIEDERE DI FAR RIPARTIRE IL PROGETTO ITALCOMP<\/h2>\n<p><strong>\u00a0lavoratrice Daniela Comiotto<\/strong><\/p><\/blockquote>\n<div style=\"width: 640px;\" class=\"wp-video\"><video class=\"wp-video-shortcode\" id=\"video-204426-1\" width=\"640\" height=\"352\" preload=\"metadata\" controls=\"controls\"><source type=\"video\/mp4\" src=\"https:\/\/www.radiopiu.net\/wordpress\/wp-content\/uploads\/2021\/04\/WhatsApp-Video-2021-04-20-at-12.16.17.mp4?_=1\" \/><a href=\"https:\/\/www.radiopiu.net\/wordpress\/wp-content\/uploads\/2021\/04\/WhatsApp-Video-2021-04-20-at-12.16.17.mp4\">https:\/\/www.radiopiu.net\/wordpress\/wp-content\/uploads\/2021\/04\/WhatsApp-Video-2021-04-20-at-12.16.17.mp4<\/a><\/video><\/div>\n<p>&nbsp;<\/p>\n<p>&nbsp;<\/p>\n<\/div>\n<div dir=\"auto\"><\/div>\n<div dir=\"auto\">\n<div dir=\"auto\"><strong><a href=\"https:\/\/www.radiopiu.net\/wordpress\/giornale-radiopiu-21-settembre-2019-direttore-mirko-mezzacasa\/stabilimento-wanbao-di-mel-donazzan-dopo-il-primo-traguardo-di-oggi-chiederemo-rassicurazioni-sul-mantenimento-della-produzione\/\" rel=\"attachment wp-att-99385\"><img loading=\"lazy\" decoding=\"async\" class=\"size-medium wp-image-99385 alignleft\" src=\"https:\/\/www.radiopiu.net\/wordpress\/wp-content\/uploads\/2019\/09\/STABILIMENTO-WANBAO-DI-MEL.-DONAZZAN-\u201cDOPO-IL-PRIMO-TRAGUARDO-DI-OGGI-CHIEDEREMO-RASSICURAZIONI-SUL-MANTENIMENTO-DELLA-PRODUZIONE-300x225.jpg\" alt=\"\" width=\"300\" height=\"225\" srcset=\"https:\/\/www.radiopiu.net\/wordpress\/wp-content\/uploads\/2019\/09\/STABILIMENTO-WANBAO-DI-MEL.-DONAZZAN-\u201cDOPO-IL-PRIMO-TRAGUARDO-DI-OGGI-CHIEDEREMO-RASSICURAZIONI-SUL-MANTENIMENTO-DELLA-PRODUZIONE-300x225.jpg 300w, https:\/\/www.radiopiu.net\/wordpress\/wp-content\/uploads\/2019\/09\/STABILIMENTO-WANBAO-DI-MEL.-DONAZZAN-\u201cDOPO-IL-PRIMO-TRAGUARDO-DI-OGGI-CHIEDEREMO-RASSICURAZIONI-SUL-MANTENIMENTO-DELLA-PRODUZIONE-768x576.jpg 768w, https:\/\/www.radiopiu.net\/wordpress\/wp-content\/uploads\/2019\/09\/STABILIMENTO-WANBAO-DI-MEL.-DONAZZAN-\u201cDOPO-IL-PRIMO-TRAGUARDO-DI-OGGI-CHIEDEREMO-RASSICURAZIONI-SUL-MANTENIMENTO-DELLA-PRODUZIONE-1024x768.jpg 1024w, https:\/\/www.radiopiu.net\/wordpress\/wp-content\/uploads\/2019\/09\/STABILIMENTO-WANBAO-DI-MEL.-DONAZZAN-\u201cDOPO-IL-PRIMO-TRAGUARDO-DI-OGGI-CHIEDEREMO-RASSICURAZIONI-SUL-MANTENIMENTO-DELLA-PRODUZIONE.jpg 1600w\" sizes=\"auto, (max-width: 300px) 100vw, 300px\" \/><\/a>BORGO VALBELLUNA<\/strong> <em>\u201cil progetto deve ripartire, questa inerzia sta ammazzando due fabbriche, di due diversi territori \u2013 Mel nel bellunese e Riva di Chieri in provincia di Torino \u2013 e con esse i loro 800 lavoratori. <\/em>Lo dichiarano Barbara Tibaldi, segretaria nazionale Fiom e responsabile settore elettrodomestico e Claudia Ferri, coordinatrice nazionale Fiom settore elettrodomestico, anche loro come molti e non solo bellunesi e piemontesi offesi da un silenzio che\u00a0 danneggia ed \u00e8 ormai intollerabile. Per questo oggi manifestazione sotto al Mise con i lavoratori di Embraco e Acc Wanbao a chiedere un intervento immediato da parte del governo, per non far morire il progetto Italcomp e salvaguardare i lavoratori delle due fabbriche. Italcomp \u00e8 stato presentato in due Prefetture, a Belluno e a Torino, plaudito come un progetto ambizioso, di buona politica industriale e che stava passando dalla fase progettuale, dopo un lungo lavoro di confronto con le parti sociali, a quella di realizzazione. Oggi invece, dopo il cambio di governo, osserviamo soltanto un silenzio a cui non riusciamo a dare pi\u00f9 alcuna giustificazione.\u00a0 &#8220;<em>Se questo progetto \u00e8 potuto partire ed \u00e8 arrivato al punto in cui si trova \u00e8 grazie alla tenacia di tutti quei lavoratori che hanno tenuto in vita la fabbrica, credendo ostinatamente nella possibilit\u00e0 di tornare a produrre e lavorare, questa immobilit\u00e0 invece rischia di far saltare l&#8217;intero progetto, le due fabbriche e tutti i posti di lavoro, inaccettabile soprattutto in una fase in cui il mercato dell&#8217;elettrodomestico \u00e8 in forte ripresa&#8221; <\/em>concludono le rappresentanti della Fiom<\/div>\n<\/div>\n<div dir=\"auto\"><\/div>\n<div dir=\"auto\"><strong>Stefano Bona\u00a0<\/strong><\/div>\n<div dir=\"auto\">\n<div style=\"width: 640px;\" class=\"wp-video\"><video class=\"wp-video-shortcode\" id=\"video-204426-2\" width=\"640\" height=\"352\" preload=\"metadata\" controls=\"controls\"><source type=\"video\/mp4\" src=\"https:\/\/www.radiopiu.net\/wordpress\/wp-content\/uploads\/2021\/04\/stefano-bona.mp4?_=2\" \/><a href=\"https:\/\/www.radiopiu.net\/wordpress\/wp-content\/uploads\/2021\/04\/stefano-bona.mp4\">https:\/\/www.radiopiu.net\/wordpress\/wp-content\/uploads\/2021\/04\/stefano-bona.mp4<\/a><\/video><\/div>\n<\/div>\n<div dir=\"auto\">\n<div dir=\"auto\"><\/div>\n<div dir=\"auto\"><strong>il segretario FIM<\/strong><\/div>\n<\/div>\n<div dir=\"auto\">\n<div style=\"width: 640px;\" class=\"wp-video\"><video class=\"wp-video-shortcode\" id=\"video-204426-3\" width=\"640\" height=\"352\" preload=\"metadata\" controls=\"controls\"><source type=\"video\/mp4\" src=\"https:\/\/www.radiopiu.net\/wordpress\/wp-content\/uploads\/2021\/04\/WhatsApp-Video-2021-04-20-at-12.16.19.mp4?_=3\" \/><a href=\"https:\/\/www.radiopiu.net\/wordpress\/wp-content\/uploads\/2021\/04\/WhatsApp-Video-2021-04-20-at-12.16.19.mp4\">https:\/\/www.radiopiu.net\/wordpress\/wp-content\/uploads\/2021\/04\/WhatsApp-Video-2021-04-20-at-12.16.19.mp4<\/a><\/video><\/div>\n<\/div>\n<\/div>\n<div dir=\"auto\"><\/div>\n<div class=\"kvgmc6g5 cxmmr5t8 oygrvhab hcukyx3x c1et5uql ii04i59q\">\n<div dir=\"auto\"><\/div>\n<div dir=\"auto\"><strong>ROMA<\/strong> Dal Ministero dello Sviluppo Economico, anzi dalla pagina facebook di Alessandra Todde, ViceMinistra allo\u00a0 Sviluppo Economico si apprende: <em>&#8220;A seguito dell\u2019assegnazione delle deleghe, ho definito oggi il calendario delle vertenze che saranno convocate nelle prossime due settimane al Ministero dello Sviluppo Economico, convocazione per l&#8217;ACC-EMBRACO \u00a0il 23 aprile<\/em><\/div>\n<\/div>\n<div class=\"o9v6fnle cxmmr5t8 oygrvhab hcukyx3x c1et5uql ii04i59q\">\n<div dir=\"auto\"><\/div>\n<\/div>\n<div dir=\"auto\">\n\n\t\t\t<style type='text\/css'>\n\t\t\t\t#gallery-1 {\n\t\t\t\t\tmargin: auto;\n\t\t\t\t}\n\t\t\t\t#gallery-1 .gallery-item {\n\t\t\t\t\tfloat: left;\n\t\t\t\t\tmargin-top: 10px;\n\t\t\t\t\ttext-align: center;\n\t\t\t\t\twidth: 20%;\n\t\t\t\t}\n\t\t\t\t#gallery-1 img {\n\t\t\t\t\tborder: 2px solid #cfcfcf;\n\t\t\t\t}\n\t\t\t\t#gallery-1 .gallery-caption {\n\t\t\t\t\tmargin-left: 0;\n\t\t\t\t}\n\t\t\t\t\/* see gallery_shortcode() in wp-includes\/media.php *\/\n\t\t\t<\/style>\n\t\t<div id='gallery-1' class='dt-gallery-container gallery galleryid-204426 gallery-columns-5 gallery-size-thumbnail'><dl class='gallery-item'>\n\t\t\t\t<dt class='gallery-icon landscape'>\n\t\t\t\t\t<a class=\"rollover rollover-zoom dt-pswp-item\" title=\"35398d61-b23f-4854-a443-c501590edeea\" data-dt-img-description=\"\" data-large_image_width=\"2000\" data-large_image_height=\"1500\"href='https:\/\/www.radiopiu.net\/wordpress\/wp-content\/uploads\/2021\/04\/35398d61-b23f-4854-a443-c501590edeea.jpg'><img loading=\"lazy\" decoding=\"async\" width=\"150\" height=\"150\" src=\"https:\/\/www.radiopiu.net\/wordpress\/wp-content\/uploads\/2021\/04\/35398d61-b23f-4854-a443-c501590edeea-150x150.jpg\" class=\"attachment-thumbnail size-thumbnail\" alt=\"\" \/><\/a>\n\t\t\t\t<\/dt><\/dl><dl class='gallery-item'>\n\t\t\t\t<dt class='gallery-icon landscape'>\n\t\t\t\t\t<a class=\"rollover rollover-zoom dt-pswp-item\" title=\"d233adc5-c7ab-4243-8b4b-568e4dcaa9c5\" data-dt-img-description=\"\" data-large_image_width=\"2000\" data-large_image_height=\"1500\"href='https:\/\/www.radiopiu.net\/wordpress\/wp-content\/uploads\/2021\/04\/d233adc5-c7ab-4243-8b4b-568e4dcaa9c5.jpg'><img loading=\"lazy\" decoding=\"async\" width=\"150\" height=\"150\" src=\"https:\/\/www.radiopiu.net\/wordpress\/wp-content\/uploads\/2021\/04\/d233adc5-c7ab-4243-8b4b-568e4dcaa9c5-150x150.jpg\" class=\"attachment-thumbnail size-thumbnail\" alt=\"\" \/><\/a>\n\t\t\t\t<\/dt><\/dl><dl class='gallery-item'>\n\t\t\t\t<dt class='gallery-icon landscape'>\n\t\t\t\t\t<a class=\"rollover rollover-zoom dt-pswp-item\" title=\"d86342ed-420c-41b3-9e73-9eb17613480d\" data-dt-img-description=\"\" data-large_image_width=\"2000\" data-large_image_height=\"1500\"href='https:\/\/www.radiopiu.net\/wordpress\/wp-content\/uploads\/2021\/04\/d86342ed-420c-41b3-9e73-9eb17613480d.jpg'><img loading=\"lazy\" decoding=\"async\" width=\"150\" height=\"150\" src=\"https:\/\/www.radiopiu.net\/wordpress\/wp-content\/uploads\/2021\/04\/d86342ed-420c-41b3-9e73-9eb17613480d-150x150.jpg\" class=\"attachment-thumbnail size-thumbnail\" alt=\"\" \/><\/a>\n\t\t\t\t<\/dt><\/dl><dl class='gallery-item'>\n\t\t\t\t<dt class='gallery-icon landscape'>\n\t\t\t\t\t<a class=\"rollover rollover-zoom dt-pswp-item\" title=\"f5dcd381-4535-4bb0-b6fb-0f91ac03d76c\" data-dt-img-description=\"\" data-large_image_width=\"2000\" data-large_image_height=\"1500\"href='https:\/\/www.radiopiu.net\/wordpress\/wp-content\/uploads\/2021\/04\/f5dcd381-4535-4bb0-b6fb-0f91ac03d76c.jpg'><img loading=\"lazy\" decoding=\"async\" width=\"150\" height=\"150\" src=\"https:\/\/www.radiopiu.net\/wordpress\/wp-content\/uploads\/2021\/04\/f5dcd381-4535-4bb0-b6fb-0f91ac03d76c-150x150.jpg\" class=\"attachment-thumbnail size-thumbnail\" alt=\"\" \/><\/a>\n\t\t\t\t<\/dt><\/dl><dl class='gallery-item'>\n\t\t\t\t<dt class='gallery-icon landscape'>\n\t\t\t\t\t<a class=\"rollover rollover-zoom dt-pswp-item\" title=\"cb5cf368-15dc-4a61-9e22-3dcbf8b53361\" data-dt-img-description=\"\" data-large_image_width=\"2000\" data-large_image_height=\"1500\"href='https:\/\/www.radiopiu.net\/wordpress\/wp-content\/uploads\/2021\/04\/cb5cf368-15dc-4a61-9e22-3dcbf8b53361.jpg'><img loading=\"lazy\" decoding=\"async\" width=\"150\" height=\"150\" src=\"https:\/\/www.radiopiu.net\/wordpress\/wp-content\/uploads\/2021\/04\/cb5cf368-15dc-4a61-9e22-3dcbf8b53361-150x150.jpg\" class=\"attachment-thumbnail size-thumbnail\" alt=\"\" \/><\/a>\n\t\t\t\t<\/dt><\/dl><br style=\"clear: both\" \/><dl class='gallery-item'>\n\t\t\t\t<dt class='gallery-icon landscape'>\n\t\t\t\t\t<a class=\"rollover rollover-zoom dt-pswp-item\" title=\"c4385f50-9792-4025-bbab-b0179e5658ed\" data-dt-img-description=\"\" data-large_image_width=\"2000\" data-large_image_height=\"1500\"href='https:\/\/www.radiopiu.net\/wordpress\/wp-content\/uploads\/2021\/04\/c4385f50-9792-4025-bbab-b0179e5658ed.jpg'><img loading=\"lazy\" decoding=\"async\" width=\"150\" height=\"150\" src=\"https:\/\/www.radiopiu.net\/wordpress\/wp-content\/uploads\/2021\/04\/c4385f50-9792-4025-bbab-b0179e5658ed-150x150.jpg\" class=\"attachment-thumbnail size-thumbnail\" alt=\"\" \/><\/a>\n\t\t\t\t<\/dt><\/dl><dl class='gallery-item'>\n\t\t\t\t<dt class='gallery-icon landscape'>\n\t\t\t\t\t<a class=\"rollover rollover-zoom dt-pswp-item\" title=\"7bc996fd-12cc-4cd4-8a77-a9dfdb7ab6a2\" data-dt-img-description=\"\" data-large_image_width=\"2000\" data-large_image_height=\"1500\"href='https:\/\/www.radiopiu.net\/wordpress\/wp-content\/uploads\/2021\/04\/7bc996fd-12cc-4cd4-8a77-a9dfdb7ab6a2.jpg'><img loading=\"lazy\" decoding=\"async\" width=\"150\" height=\"150\" src=\"https:\/\/www.radiopiu.net\/wordpress\/wp-content\/uploads\/2021\/04\/7bc996fd-12cc-4cd4-8a77-a9dfdb7ab6a2-150x150.jpg\" class=\"attachment-thumbnail size-thumbnail\" alt=\"\" \/><\/a>\n\t\t\t\t<\/dt><\/dl><dl class='gallery-item'>\n\t\t\t\t<dt class='gallery-icon portrait'>\n\t\t\t\t\t<a class=\"rollover rollover-zoom dt-pswp-item\" title=\"dab5915c-0e92-41d9-a243-3cb9ab358900\" data-dt-img-description=\"\" data-large_image_width=\"1500\" data-large_image_height=\"2000\"href='https:\/\/www.radiopiu.net\/wordpress\/wp-content\/uploads\/2021\/04\/dab5915c-0e92-41d9-a243-3cb9ab358900.jpg'><img loading=\"lazy\" decoding=\"async\" width=\"150\" height=\"150\" src=\"https:\/\/www.radiopiu.net\/wordpress\/wp-content\/uploads\/2021\/04\/dab5915c-0e92-41d9-a243-3cb9ab358900-150x150.jpg\" class=\"attachment-thumbnail size-thumbnail\" alt=\"\" \/><\/a>\n\t\t\t\t<\/dt><\/dl><dl class='gallery-item'>\n\t\t\t\t<dt class='gallery-icon landscape'>\n\t\t\t\t\t<a class=\"rollover rollover-zoom dt-pswp-item\" title=\"97f2a912-fc15-434e-b6f3-d409206b363f\" data-dt-img-description=\"\" data-large_image_width=\"2000\" data-large_image_height=\"1500\"href='https:\/\/www.radiopiu.net\/wordpress\/wp-content\/uploads\/2021\/04\/97f2a912-fc15-434e-b6f3-d409206b363f.jpg'><img loading=\"lazy\" decoding=\"async\" width=\"150\" height=\"150\" src=\"https:\/\/www.radiopiu.net\/wordpress\/wp-content\/uploads\/2021\/04\/97f2a912-fc15-434e-b6f3-d409206b363f-150x150.jpg\" class=\"attachment-thumbnail size-thumbnail\" alt=\"\" \/><\/a>\n\t\t\t\t<\/dt><\/dl><dl class='gallery-item'>\n\t\t\t\t<dt class='gallery-icon landscape'>\n\t\t\t\t\t<a class=\"rollover rollover-zoom dt-pswp-item\" title=\"1bd6826f-5e17-4204-826c-edb472e4835f\" data-dt-img-description=\"\" data-large_image_width=\"2000\" data-large_image_height=\"1500\"href='https:\/\/www.radiopiu.net\/wordpress\/wp-content\/uploads\/2021\/04\/1bd6826f-5e17-4204-826c-edb472e4835f.jpg'><img loading=\"lazy\" decoding=\"async\" width=\"150\" height=\"150\" src=\"https:\/\/www.radiopiu.net\/wordpress\/wp-content\/uploads\/2021\/04\/1bd6826f-5e17-4204-826c-edb472e4835f-150x150.jpg\" class=\"attachment-thumbnail size-thumbnail\" alt=\"\" \/><\/a>\n\t\t\t\t<\/dt><\/dl><br style=\"clear: both\" \/><dl class='gallery-item'>\n\t\t\t\t<dt class='gallery-icon landscape'>\n\t\t\t\t\t<a class=\"rollover rollover-zoom dt-pswp-item\" title=\"b73e1495-0d07-45e9-9ba4-9df1f209592c\" data-dt-img-description=\"\" data-large_image_width=\"2000\" data-large_image_height=\"1500\"href='https:\/\/www.radiopiu.net\/wordpress\/wp-content\/uploads\/2021\/04\/b73e1495-0d07-45e9-9ba4-9df1f209592c.jpg'><img loading=\"lazy\" decoding=\"async\" width=\"150\" height=\"150\" src=\"https:\/\/www.radiopiu.net\/wordpress\/wp-content\/uploads\/2021\/04\/b73e1495-0d07-45e9-9ba4-9df1f209592c-150x150.jpg\" class=\"attachment-thumbnail size-thumbnail\" alt=\"\" \/><\/a>\n\t\t\t\t<\/dt><\/dl><dl class='gallery-item'>\n\t\t\t\t<dt class='gallery-icon landscape'>\n\t\t\t\t\t<a class=\"rollover rollover-zoom dt-pswp-item\" title=\"e81af5c8-8083-4a52-99f5-3f5b0c3716e3\" data-dt-img-description=\"\" data-large_image_width=\"1600\" data-large_image_height=\"1200\"href='https:\/\/www.radiopiu.net\/wordpress\/wp-content\/uploads\/2021\/04\/e81af5c8-8083-4a52-99f5-3f5b0c3716e3.jpg'><img loading=\"lazy\" decoding=\"async\" width=\"150\" height=\"150\" src=\"https:\/\/www.radiopiu.net\/wordpress\/wp-content\/uploads\/2021\/04\/e81af5c8-8083-4a52-99f5-3f5b0c3716e3-150x150.jpg\" class=\"attachment-thumbnail size-thumbnail\" alt=\"\" \/><\/a>\n\t\t\t\t<\/dt><\/dl><dl class='gallery-item'>\n\t\t\t\t<dt class='gallery-icon landscape'>\n\t\t\t\t\t<a class=\"rollover rollover-zoom dt-pswp-item\" title=\"35e36ad2-f76d-4a1b-9df1-fd89e43cb5f2\" data-dt-img-description=\"\" data-large_image_width=\"2000\" data-large_image_height=\"1500\"href='https:\/\/www.radiopiu.net\/wordpress\/wp-content\/uploads\/2021\/04\/35e36ad2-f76d-4a1b-9df1-fd89e43cb5f2.jpg'><img loading=\"lazy\" decoding=\"async\" width=\"150\" height=\"150\" src=\"https:\/\/www.radiopiu.net\/wordpress\/wp-content\/uploads\/2021\/04\/35e36ad2-f76d-4a1b-9df1-fd89e43cb5f2-150x150.jpg\" class=\"attachment-thumbnail size-thumbnail\" alt=\"\" \/><\/a>\n\t\t\t\t<\/dt><\/dl><dl class='gallery-item'>\n\t\t\t\t<dt class='gallery-icon landscape'>\n\t\t\t\t\t<a class=\"rollover rollover-zoom dt-pswp-item\" title=\"ebc33a84-80f0-44a0-801b-fc160e7884db\" data-dt-img-description=\"\" data-large_image_width=\"2000\" data-large_image_height=\"1500\"href='https:\/\/www.radiopiu.net\/wordpress\/wp-content\/uploads\/2021\/04\/ebc33a84-80f0-44a0-801b-fc160e7884db.jpg'><img loading=\"lazy\" decoding=\"async\" width=\"150\" height=\"150\" src=\"https:\/\/www.radiopiu.net\/wordpress\/wp-content\/uploads\/2021\/04\/ebc33a84-80f0-44a0-801b-fc160e7884db-150x150.jpg\" class=\"attachment-thumbnail size-thumbnail\" alt=\"\" \/><\/a>\n\t\t\t\t<\/dt><\/dl><dl class='gallery-item'>\n\t\t\t\t<dt class='gallery-icon landscape'>\n\t\t\t\t\t<a class=\"rollover rollover-zoom dt-pswp-item\" title=\"d4f5c054-3844-469e-943b-09efafbffe6b\" data-dt-img-description=\"\" data-large_image_width=\"2000\" data-large_image_height=\"1500\"href='https:\/\/www.radiopiu.net\/wordpress\/wp-content\/uploads\/2021\/04\/d4f5c054-3844-469e-943b-09efafbffe6b.jpg'><img loading=\"lazy\" decoding=\"async\" width=\"150\" height=\"150\" src=\"https:\/\/www.radiopiu.net\/wordpress\/wp-content\/uploads\/2021\/04\/d4f5c054-3844-469e-943b-09efafbffe6b-150x150.jpg\" class=\"attachment-thumbnail size-thumbnail\" alt=\"\" \/><\/a>\n\t\t\t\t<\/dt><\/dl><br style=\"clear: both\" \/>\n\t\t\t<\/div>\n\n<p>&nbsp;<\/p>\n<\/div>\n<div dir=\"auto\">\n<p><strong>IL COMUNICATO UNITARIO DELLE SIGLA SINDACALI AL TERMINE DELLA GIORNATA<\/strong><\/p>\n<p><a href=\"https:\/\/www.radiopiu.net\/wordpress\/giornale-radiopiu-21-aprile-2021-direttore-mirko-mezzacasa\/c6c46a0c-3b75-4cda-bb54-497a493277e5\/\" rel=\"attachment wp-att-204751\"><img loading=\"lazy\" decoding=\"async\" class=\"alignnone wp-image-204751 size-full\" src=\"https:\/\/www.radiopiu.net\/wordpress\/wp-content\/uploads\/2021\/04\/c6c46a0c-3b75-4cda-bb54-497a493277e5.jpg\" alt=\"\" width=\"678\" height=\"960\" srcset=\"https:\/\/www.radiopiu.net\/wordpress\/wp-content\/uploads\/2021\/04\/c6c46a0c-3b75-4cda-bb54-497a493277e5.jpg 678w, https:\/\/www.radiopiu.net\/wordpress\/wp-content\/uploads\/2021\/04\/c6c46a0c-3b75-4cda-bb54-497a493277e5-212x300.jpg 212w\" sizes=\"auto, (max-width: 678px) 100vw, 678px\" \/><\/a><\/p>\n<p>&nbsp;<\/p>\n<\/div>\n<div dir=\"auto\"><\/div>\n<div dir=\"auto\"><\/div>\n","protected":false},"excerpt":{"rendered":"<p>PAGINA IN AGGIORNAMENTO\u00a0 LA CALATA AL MISE PER CHIEDERE DI FAR RIPARTIRE IL PROGETTO ITALCOMP \u00a0lavoratrice Daniela Comiotto &nbsp; &nbsp; BORGO VALBELLUNA \u201cil progetto deve ripartire, questa inerzia sta ammazzando due fabbriche, di due diversi territori \u2013 Mel nel bellunese e Riva di Chieri in provincia di Torino \u2013 e con esse i loro 800&hellip;<\/p>\n","protected":false},"author":4,"featured_media":204644,"comment_status":"closed","ping_status":"closed","sticky":false,"template":"","format":"standard","meta":{"_monsterinsights_skip_tracking":false,"_monsterinsights_sitenote_active":false,"_monsterinsights_sitenote_note":"","_monsterinsights_sitenote_category":0,"footnotes":""},"categories":[51,49],"tags":[],"class_list":["post-204426","post","type-post","status-publish","format-standard","has-post-thumbnail","hentry","category-evidenza-top","category-news-18","category-51","category-49","description-off"],"img_url":"https:\/\/www.radiopiu.net\/wordpress\/wp-content\/uploads\/2021\/04\/7bc996fd-12cc-4cd4-8a77-a9dfdb7ab6a2.jpg","_links":{"self":[{"href":"https:\/\/www.radiopiu.net\/wordpress\/wp-json\/wp\/v2\/posts\/204426","targetHints":{"allow":["GET"]}}],"collection":[{"href":"https:\/\/www.radiopiu.net\/wordpress\/wp-json\/wp\/v2\/posts"}],"about":[{"href":"https:\/\/www.radiopiu.net\/wordpress\/wp-json\/wp\/v2\/types\/post"}],"author":[{"embeddable":true,"href":"https:\/\/www.radiopiu.net\/wordpress\/wp-json\/wp\/v2\/users\/4"}],"replies":[{"embeddable":true,"href":"https:\/\/www.radiopiu.net\/wordpress\/wp-json\/wp\/v2\/comments?post=204426"}],"version-history":[{"count":0,"href":"https:\/\/www.radiopiu.net\/wordpress\/wp-json\/wp\/v2\/posts\/204426\/revisions"}],"wp:featuredmedia":[{"embeddable":true,"href":"https:\/\/www.radiopiu.net\/wordpress\/wp-json\/wp\/v2\/media\/204644"}],"wp:attachment":[{"href":"https:\/\/www.radiopiu.net\/wordpress\/wp-json\/wp\/v2\/media?parent=204426"}],"wp:term":[{"taxonomy":"category","embeddable":true,"href":"https:\/\/www.radiopiu.net\/wordpress\/wp-json\/wp\/v2\/categories?post=204426"},{"taxonomy":"post_tag","embeddable":true,"href":"https:\/\/www.radiopiu.net\/wordpress\/wp-json\/wp\/v2\/tags?post=204426"}],"curies":[{"name":"wp","href":"https:\/\/api.w.org\/{rel}","templated":true}]}}