{"id":204520,"date":"2021-04-20T05:56:33","date_gmt":"2021-04-20T03:56:33","guid":{"rendered":"https:\/\/www.radiopiu.net\/wordpress\/?p=204520"},"modified":"2021-04-20T06:11:53","modified_gmt":"2021-04-20T04:11:53","slug":"sopralluogo-alla-frana-di-valle-di-cadore-la-provincia-avviera-una-nuova-campagna-di-sondaggi","status":"publish","type":"post","link":"https:\/\/www.radiopiu.net\/wordpress\/sopralluogo-alla-frana-di-valle-di-cadore-la-provincia-avviera-una-nuova-campagna-di-sondaggi\/","title":{"rendered":"SOPRALLUOGO ALLA FRANA DI VALLE DI CADORE: LA PROVINCIA AVVIER\u00c0 UNA NUOVA CAMPAGNA DI SONDAGGI"},"content":{"rendered":"<p><span class=\"s1\"><strong><a href=\"https:\/\/www.radiopiu.net\/wordpress\/giornale-radiopiu-20-aprile-2021-direttore-mirko-mezzacasa\/chiesa-valle-cadore-frana\/\" rel=\"attachment wp-att-204521\"><img loading=\"lazy\" decoding=\"async\" class=\"size-medium wp-image-204521 alignleft\" src=\"https:\/\/www.radiopiu.net\/wordpress\/wp-content\/uploads\/2021\/04\/CHIESA-VALLE-CADORE-FRANA-265x300.png\" alt=\"\" width=\"265\" height=\"300\" srcset=\"https:\/\/www.radiopiu.net\/wordpress\/wp-content\/uploads\/2021\/04\/CHIESA-VALLE-CADORE-FRANA-265x300.png 265w, https:\/\/www.radiopiu.net\/wordpress\/wp-content\/uploads\/2021\/04\/CHIESA-VALLE-CADORE-FRANA-904x1024.png 904w, https:\/\/www.radiopiu.net\/wordpress\/wp-content\/uploads\/2021\/04\/CHIESA-VALLE-CADORE-FRANA-768x869.png 768w, https:\/\/www.radiopiu.net\/wordpress\/wp-content\/uploads\/2021\/04\/CHIESA-VALLE-CADORE-FRANA.png 908w\" sizes=\"auto, (max-width: 265px) 100vw, 265px\" \/><\/a>BELLUNO <\/strong>I tecnici incaricati dalla Provincia di Belluno hanno effettuato una serie di sopralluoghi a Valle di Cadore, lungo il versante sotto l\u2019abitato di Costa di Sotto, dove c\u2019\u00e8 il dissesto che sta minacciando la chiesa di San Martino. L\u2019ultimo proprio in questi giorni, con l\u2019obiettivo di determinare lo stato dei luoghi e soprattutto l\u2019evoluzione del movimento franoso. <\/span><span class=\"s1\">I geologi hanno percorso tutto il versante, dalla chiesa fino alla strada comunale di Costa-Perarolo, e hanno rilevato &#8211; come \u00e8 scritto nella relazione di sopralluogo &#8211; \u00ab<em>una situazione di marcato dissesto geologico, lungo tutta la fascia di versante che dalla chiesa di San Martino si spinge con direzione est, verso la localit\u00e0 di Val. Oltre al ribaltamento di molte piante di resinose, la linea di dissesto lungo il ripido versante della val Boite, si evidenzia con una fascia contraddistinta da marcate fessurazioni e profonde fratture nel terreno che potrebbero nel tempo evolvere con una dinamica degenerativa analoga a quella che sta attualmente interessando la parte pi\u00f9 meridionale della dorsale su cui poggia la chiesa<\/em>\u00bb. <\/span><span class=\"s1\">Al termine del sopralluogo, \u00e8 stato concordato che l\u2019esecuzione di possibili interventi di consolidamento e di messa in sicurezza dell\u2019abitato di Costa di Sotto dovr\u00e0 essere preceduto da una attenta e profonda indagine, per determinare le condizioni geologiche e di stabilit\u00e0 del tratto di versante. <\/span><span class=\"s1\">\u00ab<em>A brevissimo procederemo con due o tre sondaggi geognostici profondi &#8211; spiega il consigliere provinciale delegato alla difesa del suolo, Massimo Bortoluzzi -. I tecnici installeranno alcune strumentazioni e una centralina di acquisizione dati. Dall\u2019analisi di quei dati, potremo avere un quadro pi\u00f9 chiaro della situazione. Solo cos\u00ec \u00e8 possibile ipotizzare eventuali interventi davvero utili. La situazione di Valle \u00e8 particolare e complessa, e la Provincia intende considerare tutte le possibilit\u00e0; proprio per questo in mattinata ci siamo confrontati anche con il vescovo, e la settimana scorsa ero stato personalmente a Valle, per parlare con la sindaca. Come sempre, siamo attenti ai problemi e alle richieste dei territori, anche i pi\u00f9 periferici<\/em>\u00bb.<\/span><\/p>\n","protected":false},"excerpt":{"rendered":"<p>BELLUNO I tecnici incaricati dalla Provincia di Belluno hanno effettuato una serie di sopralluoghi a Valle di Cadore, lungo il versante sotto l\u2019abitato di Costa di Sotto, dove c\u2019\u00e8 il dissesto che sta minacciando la chiesa di San Martino. L\u2019ultimo proprio in questi giorni, con l\u2019obiettivo di determinare lo stato dei luoghi e soprattutto l\u2019evoluzione&hellip;<\/p>\n","protected":false},"author":4,"featured_media":204521,"comment_status":"closed","ping_status":"closed","sticky":false,"template":"","format":"standard","meta":{"_monsterinsights_skip_tracking":false,"_monsterinsights_sitenote_active":false,"_monsterinsights_sitenote_note":"","_monsterinsights_sitenote_category":0,"footnotes":""},"categories":[51,49],"tags":[],"class_list":["post-204520","post","type-post","status-publish","format-standard","has-post-thumbnail","hentry","category-evidenza-top","category-news-18","category-51","category-49","description-off"],"img_url":"https:\/\/www.radiopiu.net\/wordpress\/wp-content\/uploads\/2021\/04\/CHIESA-VALLE-CADORE-FRANA.png","_links":{"self":[{"href":"https:\/\/www.radiopiu.net\/wordpress\/wp-json\/wp\/v2\/posts\/204520","targetHints":{"allow":["GET"]}}],"collection":[{"href":"https:\/\/www.radiopiu.net\/wordpress\/wp-json\/wp\/v2\/posts"}],"about":[{"href":"https:\/\/www.radiopiu.net\/wordpress\/wp-json\/wp\/v2\/types\/post"}],"author":[{"embeddable":true,"href":"https:\/\/www.radiopiu.net\/wordpress\/wp-json\/wp\/v2\/users\/4"}],"replies":[{"embeddable":true,"href":"https:\/\/www.radiopiu.net\/wordpress\/wp-json\/wp\/v2\/comments?post=204520"}],"version-history":[{"count":0,"href":"https:\/\/www.radiopiu.net\/wordpress\/wp-json\/wp\/v2\/posts\/204520\/revisions"}],"wp:featuredmedia":[{"embeddable":true,"href":"https:\/\/www.radiopiu.net\/wordpress\/wp-json\/wp\/v2\/media\/204521"}],"wp:attachment":[{"href":"https:\/\/www.radiopiu.net\/wordpress\/wp-json\/wp\/v2\/media?parent=204520"}],"wp:term":[{"taxonomy":"category","embeddable":true,"href":"https:\/\/www.radiopiu.net\/wordpress\/wp-json\/wp\/v2\/categories?post=204520"},{"taxonomy":"post_tag","embeddable":true,"href":"https:\/\/www.radiopiu.net\/wordpress\/wp-json\/wp\/v2\/tags?post=204520"}],"curies":[{"name":"wp","href":"https:\/\/api.w.org\/{rel}","templated":true}]}}