{"id":204539,"date":"2021-04-21T05:55:19","date_gmt":"2021-04-21T03:55:19","guid":{"rendered":"https:\/\/www.radiopiu.net\/wordpress\/?p=204539"},"modified":"2021-04-21T11:04:06","modified_gmt":"2021-04-21T09:04:06","slug":"giornale-radiopiu-21-aprile-2021-direttore-mirko-mezzacasa","status":"publish","type":"post","link":"https:\/\/www.radiopiu.net\/wordpress\/giornale-radiopiu-21-aprile-2021-direttore-mirko-mezzacasa\/","title":{"rendered":"GIORNALE RADIOPIU 21 APRILE 2021 DIRETTORE MIRKO MEZZACASA"},"content":{"rendered":"<h3>PER<strong> RICEVERE QUESTO NOTIZIARIO DIRETTAMENTE SUL TUO CELLULARE ISCRIVITI AL CANALE TELEGRAM <\/strong><strong>\u201cRADIO PIU\u00a0 INFORMAZIONE&#8221;\u00a0<\/strong><\/h3>\n<p>&nbsp;<\/p>\n<p>&nbsp;<\/p>\n<hr \/>\n<p>&nbsp;<\/p>\n<blockquote>\n<h2><span style=\"color: #ff0000;\">RADIO PIU&#8217;&#8230; SEMPRE PIU&#8217; VOCE DAL TERRITORIO. GIOVEDI E SABATO LE DIRETTE ALLA RADIO\u00a0 SUI CANALI SOCIAL\u00a0<\/span><\/h2>\n<h2><span style=\"color: #ff0000;\"> QUESTA SERA ALLE 20 IL CONSIGLIO COMUNALE DI FALCADE CON LE DIMISSIONI DEL CONSIGLIERE SUSANNA DAN<\/span><\/h2>\n<h2><span style=\"color: #ff0000;\">DOMANI\u00a0 ALLE 20.30 IL TRENO NELL&#8217;AGORDINO. PRESENTAZIONE DEL PROGETTO, MOTIVAZIONI E SPERANZE PER UN FUTURO MIGLIORE.<\/span><\/h2>\n<h2><span style=\"color: #ff0000;\">SABATO ALLE 17.30 DIRETTA RADIO DALLA PISCINA COMPRENSORIALE DI AGORDO CON ATTIVAMENTE AGORDINO CON I PROTAGONISTI DELLA RIPARTENZA<\/span><\/h2>\n<h2><span style=\"color: #ff0000;\">RADIO PIU, UNA CORAZZATA DI NOTIZIE&#8230;. immagina non ci fosse.<\/span><\/h2>\n<\/blockquote>\n<h2><\/h2>\n<hr \/>\n<blockquote>\n<h3><\/h3>\n<h3>L&#8217;ANDAMENTO DELLA PANDEMIA IN PROVINCIA DAL GRAFICO DI LUIGI GUGLIELMI DALL&#8217;AMICO DEL POPOLO<\/h3>\n<\/blockquote>\n<p><a href=\"https:\/\/www.radiopiu.net\/wordpress\/lunedi-in-giallo-con-il-problema-dei-trasporti-scolastici-la-conferenza-stampa-di-zaia\/807801f4-1879-4944-b65d-41e18bcb2287\/\" rel=\"attachment wp-att-204678\"><img loading=\"lazy\" decoding=\"async\" class=\"alignnone wp-image-204678 size-full\" src=\"https:\/\/www.radiopiu.net\/wordpress\/wp-content\/uploads\/2021\/04\/807801f4-1879-4944-b65d-41e18bcb2287.jpg\" alt=\"\" width=\"1373\" height=\"728\" srcset=\"https:\/\/www.radiopiu.net\/wordpress\/wp-content\/uploads\/2021\/04\/807801f4-1879-4944-b65d-41e18bcb2287.jpg 1373w, https:\/\/www.radiopiu.net\/wordpress\/wp-content\/uploads\/2021\/04\/807801f4-1879-4944-b65d-41e18bcb2287-300x159.jpg 300w, https:\/\/www.radiopiu.net\/wordpress\/wp-content\/uploads\/2021\/04\/807801f4-1879-4944-b65d-41e18bcb2287-1024x543.jpg 1024w, https:\/\/www.radiopiu.net\/wordpress\/wp-content\/uploads\/2021\/04\/807801f4-1879-4944-b65d-41e18bcb2287-768x407.jpg 768w\" sizes=\"auto, (max-width: 1373px) 100vw, 1373px\" \/><\/a><\/p>\n<p><em>situazione di sostanziale stabilit\u00e0 su valori ancora piuttosto alti. La peggiore delle premesse alla vigilia degli allentamenti con il passaggio da zona arancione a zona gialla (da\u00a0 luned\u00ec) con la speranza che il grafico non si allunghi bissando la prima parte delle curve, il giallo &#8220;plus&#8221; che precede arancione e rosso prima della lenta\u00a0 \u00a0discesa in arancione<\/em><\/p>\n<p>&nbsp;<\/p>\n<p>&nbsp;<\/p>\n<hr \/>\n<p>&nbsp;<\/p>\n<h2 dir=\"auto\"><a href=\"https:\/\/www.radiopiu.net\/wordpress\/giornale-radiopiu-07-aprile-2021-direttore-mirko-mezzacasa\/youtube\/\" rel=\"attachment wp-att-201738\"><img loading=\"lazy\" decoding=\"async\" class=\"wp-image-201738 alignleft\" src=\"https:\/\/www.radiopiu.net\/wordpress\/wp-content\/uploads\/2021\/04\/YOUTUBE-300x300.png\" alt=\"\" width=\"143\" height=\"143\" srcset=\"https:\/\/www.radiopiu.net\/wordpress\/wp-content\/uploads\/2021\/04\/YOUTUBE-300x300.png 300w, https:\/\/www.radiopiu.net\/wordpress\/wp-content\/uploads\/2021\/04\/YOUTUBE-1024x1024.png 1024w, https:\/\/www.radiopiu.net\/wordpress\/wp-content\/uploads\/2021\/04\/YOUTUBE-150x150.png 150w, https:\/\/www.radiopiu.net\/wordpress\/wp-content\/uploads\/2021\/04\/YOUTUBE-768x768.png 768w, https:\/\/www.radiopiu.net\/wordpress\/wp-content\/uploads\/2021\/04\/YOUTUBE.png 1200w\" sizes=\"auto, (max-width: 143px) 100vw, 143px\" \/><\/a><\/h2>\n<p>&nbsp;<\/p>\n<h2 dir=\"auto\">RADIO PIU&#8217; ANCHE SU YOUTUBE. ISCRIVITI AL CANALE PER SEGUIRE LE DIRETTE E GUARDARE I VIDEO DI RADIO PIU&#8217;<\/h2>\n<h2 dir=\"auto\"><a href=\"https:\/\/www.youtube.com\/channel\/UC_sv6_pySrogmrRK354wWOw\">CLICCA QUI<\/a> E PREMI SUL PULSANTE &#8220;ISCRIVITI&#8221;<\/h2>\n<div dir=\"auto\"><\/div>\n<div dir=\"auto\"><\/div>\n<div dir=\"auto\"><\/div>\n<hr \/>\n<p>&nbsp;<\/p>\n<p><em><a href=\"https:\/\/www.radiopiu.net\/wordpress\/giornale-radiopiu-24-gennaio-2021-direttore-mirko-mezzacasa\/79216601_126817312416448_708980208774483089_n\/\" rel=\"attachment wp-att-186567\"><img loading=\"lazy\" decoding=\"async\" class=\"size-medium wp-image-186567 alignleft\" src=\"https:\/\/www.radiopiu.net\/wordpress\/wp-content\/uploads\/2021\/01\/79216601_126817312416448_708980208774483089_n-300x114.jpg\" alt=\"\" width=\"300\" height=\"114\" srcset=\"https:\/\/www.radiopiu.net\/wordpress\/wp-content\/uploads\/2021\/01\/79216601_126817312416448_708980208774483089_n-300x114.jpg 300w, https:\/\/www.radiopiu.net\/wordpress\/wp-content\/uploads\/2021\/01\/79216601_126817312416448_708980208774483089_n-768x292.jpg 768w, https:\/\/www.radiopiu.net\/wordpress\/wp-content\/uploads\/2021\/01\/79216601_126817312416448_708980208774483089_n.jpg 820w\" sizes=\"auto, (max-width: 300px) 100vw, 300px\" \/><\/a> <\/em><\/p>\n<p><em><span style=\"color: #ff0000;\">\u00a0<\/span><\/em><em><span style=\"color: #ff0000;\">LA NUOVA APP PER IOS-IPHONE di Nicola Vettorello <\/span><\/em><a href=\"https:\/\/apps.apple.com\/it\/app\/radio-pi%C3%B9-emittente-agordina\/id1515939845\">https:\/\/apps.apple.com\/it\/app\/radio-pi%C3%B9-emittente-agordina\/id1515939845<\/a><\/p>\n<p><em style=\"color: #ff0000;\">ATTENZIONE: LA NUOVA APP RADIO\u00a0 PER ANDROID di Nicola Vettorello<\/em><\/p>\n<p><a href=\"https:\/\/play.google.com\/store\/apps\/details?id=net.radiopiu.iniko\" target=\"_blank\" rel=\"noopener noreferrer\">https:\/\/play.google.com\/store\/apps\/details?id=net.radiopiu.iniko<\/a><\/p>\n<p>&nbsp;<\/p>\n<p>&nbsp;<\/p>\n<hr \/>\n<p>&nbsp;<\/p>\n<blockquote>\n<h3>FINO AL 31 LUGLIO ZONE GIALLE E COPRIFUOCO DALLE 22 ALLE 5. RISTORANTI SOLO ALL&#8217;APERTO FINO AL 1 GIUGNO POI A PRANZO ANCHE AL CHIUSO<\/h3>\n<\/blockquote>\n<p><strong><a href=\"https:\/\/www.radiopiu.net\/wordpress\/la-spuntano-le-regioni\/ristorante\/\" rel=\"attachment wp-att-137077\"><img loading=\"lazy\" decoding=\"async\" class=\"size-medium wp-image-137077 alignleft\" src=\"https:\/\/www.radiopiu.net\/wordpress\/wp-content\/uploads\/2020\/05\/ristorante-300x200.jpg\" alt=\"\" width=\"300\" height=\"200\" srcset=\"https:\/\/www.radiopiu.net\/wordpress\/wp-content\/uploads\/2020\/05\/ristorante-300x200.jpg 300w, https:\/\/www.radiopiu.net\/wordpress\/wp-content\/uploads\/2020\/05\/ristorante-1024x683.jpg 1024w, https:\/\/www.radiopiu.net\/wordpress\/wp-content\/uploads\/2020\/05\/ristorante-768x512.jpg 768w, https:\/\/www.radiopiu.net\/wordpress\/wp-content\/uploads\/2020\/05\/ristorante-1536x1024.jpg 1536w, https:\/\/www.radiopiu.net\/wordpress\/wp-content\/uploads\/2020\/05\/ristorante.jpg 1920w\" sizes=\"auto, (max-width: 300px) 100vw, 300px\" \/><\/a>ROMA<\/strong> Ieri Governo e Regioni hanno discusso sul nuovo decreto legge anti-covid, \u00e8 emersa una bozza che descrive quali saranno le prossime limitazioni e aperture. A partire dal 26 aprile ritorna la zona gialla ma non sar\u00e0 uguale alla precedente. Infatti verr\u00e0 consentito uno spostamento al giorno dalla propria abitazione fino ad un massimo di 4 persone, questo fino al 15 giugno. Per spostarsi tra regioni di diverso colore entrer\u00e0 in vigore la certificazione verde, un documento cartaceo o digitale valido per 6 mesi dove viene indicato se il possessore \u00e8 guarito dal covid, \u00e8 stato vaccinato o, nel caso di nessuno dei due casi, se si \u00e8 sottoposto a test molecolare o antigenico nelle ultime 48 ore con risultato negativo. Bar e ristoranti potranno riaprire dal 26 aprile ma solo con consumazione all&#8217;aperto. Dal 1 giugno le aperture anche al chiuso ma solo in orario di pranzo. Rimane il coprifuoco dalle 22 alle 5. Dal 15 maggio potranno riaprire le piscine all&#8217;aperto, dal 1 giugno le palestre e dal 1 luglio via alle fiere. Dal 26 aprile, ma solo in zona gialla, riaprono cinema, teatri e sale da concerto ma con una capienza fino al 50%. Le zone gialle saranno confermate fino al 31 luglio.<\/p>\n<p><strong>LA BOZZA DEL DECRETO LEGGE (12 pagine)<\/strong><\/p>\n<a href=\"https:\/\/www.radiopiu.net\/wordpress\/wp-content\/uploads\/2021\/04\/bozza-decreto-legge-20-aprile-2021.pdf\" class=\"pdfemb-viewer\" style=\"\" data-width=\"max\" data-height=\"max\" data-toolbar=\"top\" data-toolbar-fixed=\"on\">bozza decreto legge 20 aprile 2021<\/a>\n<p>&nbsp;<\/p>\n<p>&nbsp;<\/p>\n<hr \/>\n<p>&nbsp;<\/p>\n<blockquote>\n<h3>VENETO IN ARANCIONE<\/h3>\n<\/blockquote>\n<p><strong>VENEZIA<\/strong><em> Il Veneto in zona arancione. Di seguito il vademecum sulla zona arancione.<\/em><\/p>\n<h3><a href=\"https:\/\/www.radiopiu.net\/wordpress\/giornale-radiopiu-03-aprile-2021-direttore-mirko-mezzacasa\/b3f36804-16e9-4406-b10b-f7963a753f82\/\" rel=\"attachment wp-att-201000\"><img loading=\"lazy\" decoding=\"async\" class=\"aligncenter wp-image-201000 size-full\" src=\"https:\/\/www.radiopiu.net\/wordpress\/wp-content\/uploads\/2021\/04\/b3f36804-16e9-4406-b10b-f7963a753f82.jpg\" alt=\"\" width=\"1024\" height=\"616\" srcset=\"https:\/\/www.radiopiu.net\/wordpress\/wp-content\/uploads\/2021\/04\/b3f36804-16e9-4406-b10b-f7963a753f82.jpg 1024w, https:\/\/www.radiopiu.net\/wordpress\/wp-content\/uploads\/2021\/04\/b3f36804-16e9-4406-b10b-f7963a753f82-300x180.jpg 300w, https:\/\/www.radiopiu.net\/wordpress\/wp-content\/uploads\/2021\/04\/b3f36804-16e9-4406-b10b-f7963a753f82-768x462.jpg 768w\" sizes=\"auto, (max-width: 1024px) 100vw, 1024px\" \/><\/a><\/h3>\n<p>&nbsp;<\/p>\n<p><strong>PER GLI SPOSTAMENTI FUORI COMUNE (SOTTO I 5000 ABITANTI) OBBLIGO DI AUTOCERTIFICAZIONE CHE PUOI <a href=\"https:\/\/www.radiopiu.net\/wordpress\/veneto-in-rosso-il-bianco-sardegna-lontano-lo-dice-lincide-rt\/dpcm-autocertificazione-gennaio-2021\/\">SCARICARE QUI<\/a><\/strong><\/p>\n<p>&nbsp;<\/p>\n<p>&nbsp;<\/p>\n<hr \/>\n<p>&nbsp;<\/p>\n<div>\n<blockquote>\n<h3 class=\"page-title-head hgroup\">EX PROVINCIALE TAIBON-AGORDO, STRADA CHIUSA FINO AL 31 MAGGIO<\/h3>\n<\/blockquote>\n<p><strong>TAIBON<\/strong>\u00a0Cantiere aperto tra Taibon, Taier e Brugnach sulla strada di campagna, (ex Sp 34): fino al 31 maggio la strada rester\u00e0 chiusa da\u00a0 via Col di Lana (sabati, domeniche e festivi inclusi).<\/p>\n<p>&nbsp;<\/p>\n<p>&nbsp;<\/p>\n<hr \/>\n<p>&nbsp;<\/p>\n<\/div>\n<div class=\"page-title-head hgroup\"><\/div>\n<p><strong>SP 3 VAL IMPERINA <\/strong>Fino al 30 aprile (sabato e domenica esclusi) interdizione alla viabilit\u00e0 per lavori di esbosco schianti a fasce orari. Chiusure: dalle 8 alle 9.45; dalle 10 alle 12; dalle 13.45 alle 15.50; dalle 16.10 alle 17.30. Nei periodi non interessati dalla chiusura senso unico alternato con movieri.<img loading=\"lazy\" decoding=\"async\" class=\"wp-image-198719 alignleft\" src=\"https:\/\/www.radiopiu.net\/wordpress\/wp-content\/uploads\/2021\/03\/d1cefc45-a8f4-432d-b66b-ba03ea140813-300x142.jpg\" alt=\"\" width=\"188\" height=\"89\" srcset=\"https:\/\/www.radiopiu.net\/wordpress\/wp-content\/uploads\/2021\/03\/d1cefc45-a8f4-432d-b66b-ba03ea140813-300x142.jpg 300w, https:\/\/www.radiopiu.net\/wordpress\/wp-content\/uploads\/2021\/03\/d1cefc45-a8f4-432d-b66b-ba03ea140813-1024x485.jpg 1024w, https:\/\/www.radiopiu.net\/wordpress\/wp-content\/uploads\/2021\/03\/d1cefc45-a8f4-432d-b66b-ba03ea140813-768x364.jpg 768w, https:\/\/www.radiopiu.net\/wordpress\/wp-content\/uploads\/2021\/03\/d1cefc45-a8f4-432d-b66b-ba03ea140813-1536x728.jpg 1536w, https:\/\/www.radiopiu.net\/wordpress\/wp-content\/uploads\/2021\/03\/d1cefc45-a8f4-432d-b66b-ba03ea140813.jpg 1599w\" sizes=\"auto, (max-width: 188px) 100vw, 188px\" \/><\/p>\n<p><b>\u00a0<\/b><strong>PROVINCIALE 10 DI ALANO, LOC. LE SORGENTI<\/strong> interruzione totale alla viabilit\u00e0 fino al 19 maggio, dalle 8 alle 12 e dalle 13 alle 18, esclusi sabato e domenica<\/p>\n<p><strong>PROVINCIALE 347 CEREDA-DURAN, LOCALITA&#8217;\u00a0 VALLE DI CADORE PONTE SUL BOITE<\/strong> nei giorni 22 e 23 aprile interdizionale totale al traffico dalle 8-945; 10.15-12.15; 14-1545; 1615-1730<\/p>\n<p>&nbsp;<\/p>\n<hr \/>\n<h3><\/h3>\n<h3>PER LA REALIZZAZIONE DEL SOTTOPASSO CICLABILE CHIUSURA STATALE 50 A GRAVAZZE<\/h3>\n<p><strong><a href=\"https:\/\/www.radiopiu.net\/wordpress\/giornale-radio-piu-15-06-direttore-mirko-mezzacasa\/lavori_in_corso_cartelli04111111111111\/\" rel=\"attachment wp-att-20520\"><img loading=\"lazy\" decoding=\"async\" class=\" wp-image-20520 alignleft\" src=\"https:\/\/www.radiopiu.net\/wordpress\/wp-content\/uploads\/2016\/06\/lavori_in_corso_cartelli04111111111111-300x237.jpg\" sizes=\"auto, (max-width: 300px) 100vw, 300px\" srcset=\"https:\/\/www.radiopiu.net\/wordpress\/wp-content\/uploads\/2016\/06\/lavori_in_corso_cartelli04111111111111-300x237.jpg 300w, https:\/\/www.radiopiu.net\/wordpress\/wp-content\/uploads\/2016\/06\/lavori_in_corso_cartelli04111111111111.jpg 425w\" alt=\"\" width=\"152\" height=\"120\" \/><\/a>SANTA GIUSTINA<\/strong> chiusura della Statale 50\u00a0 fino al\u00a0 25 aprile con deviazioni ben segnalate. Per la durata dei lavori in localit\u00e0 Gravazze anche le tratte Dolomitibus da Feltre e S.Giustina verso la Luxottica di Agordo subiranno le necessarie deviazioni, \u00a0sono stati comunicati gli orari in vigore\u00a0 fino al 25 aprile<\/p>\n<p><strong>GLI ORARI<\/strong><\/p>\n\n\t\t\t<style type='text\/css'>\n\t\t\t\t#gallery-1 {\n\t\t\t\t\tmargin: auto;\n\t\t\t\t}\n\t\t\t\t#gallery-1 .gallery-item {\n\t\t\t\t\tfloat: left;\n\t\t\t\t\tmargin-top: 10px;\n\t\t\t\t\ttext-align: center;\n\t\t\t\t\twidth: 33%;\n\t\t\t\t}\n\t\t\t\t#gallery-1 img {\n\t\t\t\t\tborder: 2px solid #cfcfcf;\n\t\t\t\t}\n\t\t\t\t#gallery-1 .gallery-caption {\n\t\t\t\t\tmargin-left: 0;\n\t\t\t\t}\n\t\t\t\t\/* see gallery_shortcode() in wp-includes\/media.php *\/\n\t\t\t<\/style>\n\t\t<div id='gallery-1' class='dt-gallery-container gallery galleryid-204539 gallery-columns-3 gallery-size-medium'><dl class='gallery-item'>\n\t\t\t\t<dt class='gallery-icon portrait'>\n\t\t\t\t\t<a class=\"rollover rollover-zoom dt-pswp-item\" title=\"2a2b5bcd-0c59-443b-baf0-ad95a2976e77\" data-dt-img-description=\"\" data-large_image_width=\"720\" data-large_image_height=\"962\"href='https:\/\/www.radiopiu.net\/wordpress\/wp-content\/uploads\/2021\/04\/2a2b5bcd-0c59-443b-baf0-ad95a2976e77.jpg'><img loading=\"lazy\" decoding=\"async\" width=\"225\" height=\"300\" src=\"https:\/\/www.radiopiu.net\/wordpress\/wp-content\/uploads\/2021\/04\/2a2b5bcd-0c59-443b-baf0-ad95a2976e77-225x300.jpg\" class=\"attachment-medium size-medium\" alt=\"\" srcset=\"https:\/\/www.radiopiu.net\/wordpress\/wp-content\/uploads\/2021\/04\/2a2b5bcd-0c59-443b-baf0-ad95a2976e77-225x300.jpg 225w, https:\/\/www.radiopiu.net\/wordpress\/wp-content\/uploads\/2021\/04\/2a2b5bcd-0c59-443b-baf0-ad95a2976e77.jpg 720w\" sizes=\"auto, (max-width: 225px) 100vw, 225px\" \/><\/a>\n\t\t\t\t<\/dt><\/dl><dl class='gallery-item'>\n\t\t\t\t<dt class='gallery-icon portrait'>\n\t\t\t\t\t<a class=\"rollover rollover-zoom dt-pswp-item\" title=\"3aeb2860-495f-4734-bbdc-5fceffd2378e\" data-dt-img-description=\"\" data-large_image_width=\"720\" data-large_image_height=\"941\"href='https:\/\/www.radiopiu.net\/wordpress\/wp-content\/uploads\/2021\/04\/3aeb2860-495f-4734-bbdc-5fceffd2378e.jpg'><img loading=\"lazy\" decoding=\"async\" width=\"230\" height=\"300\" src=\"https:\/\/www.radiopiu.net\/wordpress\/wp-content\/uploads\/2021\/04\/3aeb2860-495f-4734-bbdc-5fceffd2378e-230x300.jpg\" class=\"attachment-medium size-medium\" alt=\"\" srcset=\"https:\/\/www.radiopiu.net\/wordpress\/wp-content\/uploads\/2021\/04\/3aeb2860-495f-4734-bbdc-5fceffd2378e-230x300.jpg 230w, https:\/\/www.radiopiu.net\/wordpress\/wp-content\/uploads\/2021\/04\/3aeb2860-495f-4734-bbdc-5fceffd2378e.jpg 720w\" sizes=\"auto, (max-width: 230px) 100vw, 230px\" \/><\/a>\n\t\t\t\t<\/dt><\/dl><dl class='gallery-item'>\n\t\t\t\t<dt class='gallery-icon landscape'>\n\t\t\t\t\t<a class=\"rollover rollover-zoom dt-pswp-item\" title=\"8dd796ca-b239-4231-b06d-d2f47036906d\" data-dt-img-description=\"\" data-large_image_width=\"720\" data-large_image_height=\"588\"href='https:\/\/www.radiopiu.net\/wordpress\/wp-content\/uploads\/2021\/04\/8dd796ca-b239-4231-b06d-d2f47036906d.jpg'><img loading=\"lazy\" decoding=\"async\" width=\"300\" height=\"245\" src=\"https:\/\/www.radiopiu.net\/wordpress\/wp-content\/uploads\/2021\/04\/8dd796ca-b239-4231-b06d-d2f47036906d-300x245.jpg\" class=\"attachment-medium size-medium\" alt=\"\" srcset=\"https:\/\/www.radiopiu.net\/wordpress\/wp-content\/uploads\/2021\/04\/8dd796ca-b239-4231-b06d-d2f47036906d-300x245.jpg 300w, https:\/\/www.radiopiu.net\/wordpress\/wp-content\/uploads\/2021\/04\/8dd796ca-b239-4231-b06d-d2f47036906d.jpg 720w\" sizes=\"auto, (max-width: 300px) 100vw, 300px\" \/><\/a>\n\t\t\t\t<\/dt><\/dl><br style=\"clear: both\" \/>\n\t\t\t<\/div>\n\n<p>&nbsp;<\/p>\n<p>&nbsp;<\/p>\n<hr \/>\n<p>&nbsp;<\/p>\n<blockquote>\n<h3>A SOVERZENE PER TRE SETTIMANE\u00a0SENSO UNICO ALTERNATO<\/h3>\n<\/blockquote>\n<p><strong>SOVERZENE<\/strong> Per tre settimane verr\u00e0 istituito senso unico alternato regolato\u00a0 da\u00a0 impianto\u00a0 semaforico sulla\u00a0 strada\u00a0 Soverzene &#8211; Provagna\u00a0 in\u00a0 Comune\u00a0 di\u00a0 Soverzene,\u00a0 dalla\u00a0 localit\u00e0\u00a0 Cima\u00a0 Campo fino\u00a0 al\u00a0 bivio\u00a0 con\u00a0 gli\u00a0 impianti\u00a0 sportivi,\u00a0 al\u00a0 fine\u00a0 di\u00a0 consentire\u00a0 all\u2019Impresa Tollot di allestire\u00a0 un cantiere stradale per la messa in sicurezza della strada stessa.<\/p>\n<p>&nbsp;<\/p>\n<p>&nbsp;<\/p>\n<hr \/>\n<p>&nbsp;<\/p>\n<p><strong><a href=\"https:\/\/www.radiopiu.net\/wordpress\/acqua-di-nuovo-potabile-a-gosaldo\/bicchiere-acqua\/\" rel=\"attachment wp-att-197762\"><img loading=\"lazy\" decoding=\"async\" class=\" wp-image-197762 alignleft\" src=\"https:\/\/www.radiopiu.net\/wordpress\/wp-content\/uploads\/2021\/03\/BICCHIERE-ACQUA-300x200.jpg\" alt=\"\" width=\"159\" height=\"106\" srcset=\"https:\/\/www.radiopiu.net\/wordpress\/wp-content\/uploads\/2021\/03\/BICCHIERE-ACQUA-300x200.jpg 300w, https:\/\/www.radiopiu.net\/wordpress\/wp-content\/uploads\/2021\/03\/BICCHIERE-ACQUA-1024x683.jpg 1024w, https:\/\/www.radiopiu.net\/wordpress\/wp-content\/uploads\/2021\/03\/BICCHIERE-ACQUA-768x512.jpg 768w, https:\/\/www.radiopiu.net\/wordpress\/wp-content\/uploads\/2021\/03\/BICCHIERE-ACQUA-1536x1024.jpg 1536w, https:\/\/www.radiopiu.net\/wordpress\/wp-content\/uploads\/2021\/03\/BICCHIERE-ACQUA.jpg 1920w\" sizes=\"auto, (max-width: 159px) 100vw, 159px\" \/><\/a><\/strong><strong>ROCCA PIETORE nelle LOCALITA\u2019 VAL, DAGAI, DAVARE, LE COSTE, RONCH\u00a0 l\u2019acqua erogata dall\u2019acquedotto non \u00e8 potabile e pu\u00f2 essere usata per scopi alimentari SOLO PREVIA bollitura.<\/strong><\/p>\n<p>&nbsp;<\/p>\n<p>&nbsp;<\/p>\n<p>&nbsp;<\/p>\n<hr \/>\n<p>&nbsp;<\/p>\n<h3><a href=\"https:\/\/www.radiopiu.net\/wordpress\/giornale-radio-piu-edizione-del-23-dicembre-2017-direttore-mirko-mezzacasa\/enel-tecnici-in-cabina\/\" rel=\"attachment wp-att-40338\"><img loading=\"lazy\" decoding=\"async\" class=\"wp-image-40338 alignleft\" src=\"https:\/\/www.radiopiu.net\/wordpress\/wp-content\/uploads\/2017\/12\/Enel-Tecnici-in-cabina-300x200.jpg\" alt=\"\" width=\"96\" height=\"64\" \/><\/a>INTERRUZIONI ENEL PROGRAMMATE<\/h3>\n<p><strong>RIVAMONTE<\/strong> venerd\u00ec 23 aprile dalle 8 alle 13 in Via Valchesina<\/p>\n<p>&nbsp;<\/p>\n<p>&nbsp;<\/p>\n<hr \/>\n<p>I trasporti sono il vero problema del ritorno a scuola in presenza, poich\u00e9 la capienza \u00e8 ridotta e la percentuale scende dal 100% al 60%, scelta di buon senso visto la mancanza di mezzi e organizzazione.<\/p>\n<blockquote>\n<h3>UN DECESSO COVID IN ULSS 1 DOLOMITI NELL&#8217;ULTIMA GIORNATA, 26 I NUOVI POSITIVI IN PROVINCIA<\/h3>\n<\/blockquote>\n<p><strong>BELLUNO <\/strong>Nelle ultime\u00a0 24 ore\u00a0 \u00e8 deceduta una donna covid positiva di anni 74 ricoverata in Pneumologia a Feltre. Le nuove positivit\u00e0 registrate in provincia di Belluno sono 26, le persone attualmente positive sono 721.<\/p>\n<p><strong>Ricoveri<\/strong><\/p>\n<p><em>(dato alle ore 17.00 fonte: Azienda Zero)<\/em><\/p>\n<p>Le persone attualmente POSITIVE ricoverate negli ospedali dell\u2019Ulss Dolomiti sono:<\/p>\n<table>\n<tbody>\n<tr>\n<td width=\"217\"><strong>\u00a0<\/strong><\/td>\n<td width=\"217\"><strong>Area NON CRITICA<\/strong><\/td>\n<td width=\"217\"><strong>Terapia Intensiva<\/strong><\/td>\n<\/tr>\n<tr>\n<td width=\"217\"><strong>Ospedale di Belluno <\/strong><\/td>\n<td width=\"217\">16<\/td>\n<td width=\"217\">7<\/td>\n<\/tr>\n<tr>\n<td width=\"217\"><strong>Ospedale di Feltre<\/strong><\/td>\n<td width=\"217\">15<\/td>\n<td width=\"217\">4<\/td>\n<\/tr>\n<\/tbody>\n<\/table>\n<p>&nbsp;<\/p>\n<p>Le persone attualmente POSITIVE ricoverate in Ospedale di Comunit\u00e0 sono:<\/p>\n<table>\n<tbody>\n<tr>\n<td width=\"326\"><strong>\u00a0<\/strong><\/td>\n<td width=\"326\"><strong>pazienti attualmente positivi<\/strong><\/td>\n<\/tr>\n<tr>\n<td width=\"326\"><strong>Ospedale di Comunit\u00e0 di BELLUNO<\/strong><\/td>\n<td width=\"326\">7<\/td>\n<\/tr>\n<tr>\n<td width=\"326\"><strong>Ospedale di Comunit\u00e0 di FELTRE<\/strong><\/td>\n<td width=\"326\">7<\/td>\n<\/tr>\n<\/tbody>\n<\/table>\n<p>&nbsp;<\/p>\n<p>Sono stati attivati posti per la vaccinazione anti covid prenotabili dal portale <a href=\"http:\/\/www.aulss1.veneto.it\/\">www.aulss1.veneto.it<\/a> anche per le <strong>persone tra 70 e 79 anni.<\/strong> Rimangono prenotabili posti per over 80, estremamente vulnerabili e persone con disabilit\u00e0 grave (da tabelle ministeriali). Si ricorda la possibilit\u00e0 di avere supporto alla prenotazione nelle Farmacie del territorio, contattando i Carabinieri e in alcuni Comuni. Ulteriori posti saranno attivati in base alle disponibilit\u00e0 di vaccino nei prossimi giorni<\/p>\n<p>&nbsp;<\/p>\n<p>&nbsp;<\/p>\n<hr \/>\n<p>&nbsp;<\/p>\n<blockquote>\n<h3>I GENITORI DEI RAGAZZI DISABILI CHIEDONO UNA COMUNITA&#8217; ALLOGGIO IN AGORDINO<\/h3>\n<\/blockquote>\n<p><strong><a href=\"https:\/\/www.radiopiu.net\/wordpress\/i-genitori-dei-ragazzi-disabili-chiedono-una-comunita-alloggio-in-agordino\/disabile\/\" rel=\"attachment wp-att-204745\"><img loading=\"lazy\" decoding=\"async\" class=\"size-medium wp-image-204745 alignleft\" src=\"https:\/\/www.radiopiu.net\/wordpress\/wp-content\/uploads\/2021\/04\/DISABILE-300x200.jpg\" alt=\"\" width=\"300\" height=\"200\" srcset=\"https:\/\/www.radiopiu.net\/wordpress\/wp-content\/uploads\/2021\/04\/DISABILE-300x200.jpg 300w, https:\/\/www.radiopiu.net\/wordpress\/wp-content\/uploads\/2021\/04\/DISABILE-1024x683.jpg 1024w, https:\/\/www.radiopiu.net\/wordpress\/wp-content\/uploads\/2021\/04\/DISABILE-768x512.jpg 768w, https:\/\/www.radiopiu.net\/wordpress\/wp-content\/uploads\/2021\/04\/DISABILE-1536x1024.jpg 1536w, https:\/\/www.radiopiu.net\/wordpress\/wp-content\/uploads\/2021\/04\/DISABILE.jpg 1920w\" sizes=\"auto, (max-width: 300px) 100vw, 300px\" \/><\/a>AGORDO<\/strong><\/p>\n<p>di Gianni Santomaso<\/p>\n<audio class=\"wp-audio-shortcode\" id=\"audio-204539-1\" preload=\"none\" style=\"width: 100%;\" controls=\"controls\"><source type=\"audio\/mpeg\" src=\"https:\/\/www.radiopiu.net\/wordpress\/wp-content\/uploads\/2021\/04\/GIANNI-DISALBILI.mp3?_=1\" \/><a href=\"https:\/\/www.radiopiu.net\/wordpress\/wp-content\/uploads\/2021\/04\/GIANNI-DISALBILI.mp3\">https:\/\/www.radiopiu.net\/wordpress\/wp-content\/uploads\/2021\/04\/GIANNI-DISALBILI.mp3<\/a><\/audio>\n<p>&nbsp;<\/p>\n<hr \/>\n<p>&nbsp;<\/p>\n<blockquote>\n<h3>BOND: TRASPORTI E SCUOLA, ANCORA CAOS<\/h3>\n<\/blockquote>\n<blockquote>\n<div><em>&#8220;Questo \u00e8 il piano Giovannini. Mentre lui continua a dialogare con amministrazioni locali, aziende di trasporto e dirigenti scolastici, la scuola ha gi\u00e0 riaperto le porte, gli studenti viaggiano senza regole nel caos totale. E poi il <img loading=\"lazy\" decoding=\"async\" class=\"alignleft\" src=\"https:\/\/www.radiopiu.net\/wordpress\/wp-content\/uploads\/2021\/04\/crowd-of-people-1209630_960_720.jpg\" width=\"129\" height=\"86\" \/>problema dei contagi lo vogliamo imputare solo ai ristoranti (dove peraltro le regole di distanziamento ci sono, e sono ben chiare)?&#8221;.\u00a0<\/em><\/div>\n<\/blockquote>\n<div><\/div>\n<div>E&#8217; quanto segnala in un post sulla sua pagina facebook il deputato azzurro Dario Bond .\u00a0 Al link il video postato dal deputato<\/div>\n<div><\/div>\n<div><b><a href=\"https:\/\/fb.watch\/4_hknYfXFj\/\">https:\/\/fb.watch\/4_hknYfXFj\/<\/a><\/b><\/div>\n<div><\/div>\n<p>&nbsp;<\/p>\n<hr \/>\n<p>&nbsp;<\/p>\n<blockquote>\n<h3>IL PARERE DEL CONSIGLIERE PROVINCIALE, Dario Scopel sindaco di Seren del Grappa<\/h3>\n<\/blockquote>\n<div style=\"width: 848px;\" class=\"wp-video\"><video class=\"wp-video-shortcode\" id=\"video-204539-1\" width=\"848\" height=\"480\" preload=\"metadata\" controls=\"controls\"><source type=\"video\/mp4\" src=\"https:\/\/www.radiopiu.net\/wordpress\/wp-content\/uploads\/2021\/04\/ritorno-a-scuola-dei-ragazzi.mp4?_=1\" \/><a href=\"https:\/\/www.radiopiu.net\/wordpress\/wp-content\/uploads\/2021\/04\/ritorno-a-scuola-dei-ragazzi.mp4\">https:\/\/www.radiopiu.net\/wordpress\/wp-content\/uploads\/2021\/04\/ritorno-a-scuola-dei-ragazzi.mp4<\/a><\/video><\/div>\n<p>&nbsp;<\/p>\n<p>&nbsp;<\/p>\n<hr \/>\n<p>&nbsp;<\/p>\n<p>&nbsp;<\/p>\n<blockquote>\n<h3>DA LUNEDI CON &#8220;SCUOLA IN PRESENZA&#8221; SARANNO PROBLEMI: SERPENTONI D&#8217;AUTOBUS SEMIVUOTI PER LA CAPIENZA DIMEZZATA<\/h3>\n<\/blockquote>\n<p><span style=\"color: #ff0000;\"><img loading=\"lazy\" decoding=\"async\" class=\"alignleft\" src=\"https:\/\/www.radiopiu.net\/wordpress\/wp-content\/uploads\/2020\/06\/4b299438-d3cd-4953-bb41-b739ff3291f9.jpg\" width=\"254\" height=\"190\" \/>REDAZIONE<\/span> <strong>DAL 26 APRILE AUTOBUS PIENI<\/strong>. Con la didattica in presenza al 100% l&#8217;autobus sar\u00e0 pieno a met\u00e0, quindi per un principio matematico sarebbe da raddoppiare la dotazione, ma non ci sono i mezzi non solo le risorse, non ci sono sul mercato i mezzi. <strong>ESCLUDE TRASPORTI AL 100 PER CENTO?<\/strong> Mi sembra improbabile perch\u00e9 si viene meno alle norme contro gli assembramenti. Tre ipotesi: scaglionamento dei turni con grossi limiti in passato no ci siamo riusciti; rendere facoltativa la scelta della presenza o didattica da casa; ridurre la percentuale in presenza non a 100 ma inferiore. Questo \u00e8 solo un contributo alla problematica. <strong>ORDINANZE PER LA SCUOLE?<\/strong> Nessuna ordinanza sar\u00e0 promulgata, il decreto \u00e8 chiaro non si pu\u00f2 intervenire sulla scuola.<\/p>\n<p><strong>IERI, LUCA ZAIA<\/strong><\/p>\n<audio class=\"wp-audio-shortcode\" id=\"audio-204539-2\" preload=\"none\" style=\"width: 100%;\" controls=\"controls\"><source type=\"audio\/mpeg\" src=\"https:\/\/www.radiopiu.net\/wordpress\/wp-content\/uploads\/2021\/04\/ZAIA-SCUOLA.mp3?_=2\" \/><a href=\"https:\/\/www.radiopiu.net\/wordpress\/wp-content\/uploads\/2021\/04\/ZAIA-SCUOLA.mp3\">https:\/\/www.radiopiu.net\/wordpress\/wp-content\/uploads\/2021\/04\/ZAIA-SCUOLA.mp3<\/a><\/audio>\n<p>&nbsp;<\/p>\n<p>&nbsp;<\/p>\n<hr \/>\n<p>&nbsp;<\/p>\n<blockquote>\n<h3>IL COMUNE DI VALLADA RICORRE AI PRIVATI PER IL SERVIZIO SCUOLABUS<\/h3>\n<\/blockquote>\n<p><strong><a href=\"https:\/\/www.radiopiu.net\/wordpress\/il-comune-di-vallada-ricorre-ai-privati-per-il-servizio-scuolabus\/scuolabus\/\" rel=\"attachment wp-att-204738\"><img loading=\"lazy\" decoding=\"async\" class=\"size-full wp-image-204738 alignleft\" src=\"https:\/\/www.radiopiu.net\/wordpress\/wp-content\/uploads\/2021\/04\/SCUOLABUS.jpg\" alt=\"\" width=\"282\" height=\"178\" \/><\/a>VALLADA<\/strong><\/p>\n<p>di Gianni Santomaso<\/p>\n<audio class=\"wp-audio-shortcode\" id=\"audio-204539-3\" preload=\"none\" style=\"width: 100%;\" controls=\"controls\"><source type=\"audio\/mpeg\" src=\"https:\/\/www.radiopiu.net\/wordpress\/wp-content\/uploads\/2021\/04\/GIANNI-SCUOLABUS-VALLADA.mp3?_=3\" \/><a href=\"https:\/\/www.radiopiu.net\/wordpress\/wp-content\/uploads\/2021\/04\/GIANNI-SCUOLABUS-VALLADA.mp3\">https:\/\/www.radiopiu.net\/wordpress\/wp-content\/uploads\/2021\/04\/GIANNI-SCUOLABUS-VALLADA.mp3<\/a><\/audio>\n<p>&nbsp;<\/p>\n<p>&nbsp;<\/p>\n<p>&nbsp;<\/p>\n<hr \/>\n<blockquote>\n<h3><\/h3>\n<h3>NUOVO BANDO ROTTAMAZIONE CON UNA DOTAZIONE DI 5 MILIONI DI EURO PER LE VECCHIE AUTO.<\/h3>\n<\/blockquote>\n<p><em>\u201cLa nostra battaglia per ridurre le emissioni in atmosfera continua con molteplici azioni&#8221;.<\/em><\/p>\n<p><strong><a href=\"https:\/\/www.radiopiu.net\/wordpress\/giornale-radiopiu-21-aprile-2021-direttore-mirko-mezzacasa\/fiat-4322521_960_720\/\" rel=\"attachment wp-att-204600\"><img loading=\"lazy\" decoding=\"async\" class=\"wp-image-204600 alignleft\" src=\"https:\/\/www.radiopiu.net\/wordpress\/wp-content\/uploads\/2021\/04\/fiat-4322521_960_720-300x241.jpg\" alt=\"\" width=\"184\" height=\"148\" srcset=\"https:\/\/www.radiopiu.net\/wordpress\/wp-content\/uploads\/2021\/04\/fiat-4322521_960_720-300x241.jpg 300w, https:\/\/www.radiopiu.net\/wordpress\/wp-content\/uploads\/2021\/04\/fiat-4322521_960_720-768x617.jpg 768w, https:\/\/www.radiopiu.net\/wordpress\/wp-content\/uploads\/2021\/04\/fiat-4322521_960_720.jpg 896w\" sizes=\"auto, (max-width: 184px) 100vw, 184px\" \/><\/a>VENEZIA<\/strong> Grande opportunit\u00e0 per i cittadini grazie al nuovo bando, approvato dalla Giunta regionale su proposta dell&#8217;assessore all&#8217;Ambiente Gianpaolo Bottacin, con cui si promuovono importanti incentivi per chi vorr\u00e0 rottamare la propria vecchia auto e sostituirla con un veicolo a basso impatto ambientale. Tra i criteri \u00e8 stato previsto un incremento di punteggio per le istanze presentate da residenti nei Comuni nei quali sono state approvate ordinanze conformi alle disposizioni dell\u2019Accordo di Programma del Bacino Padano, cos\u00ec da premiare in quota parte anche il lavoro delle amministrazioni locali. delle disponibilit\u00e0 finanziarie. Le manifestazioni di interesse dovranno essere presentate successivamente alla pubblicazione del bando sul Bollettino Ufficiale della Regione Veneto BURV (prevista nei prossimi giorni) e fino alle\u00a0 12 del 15 giugno. INFO Direzione Ambiente (041.2792143 &#8211; ambiente@regione.veneto.it).<\/p>\n<p><strong>AI MICROFONI DI RADIO PIU&#8217; L&#8217;ASSESSORE GIANPAOLO BOTTACIN\u00a0<\/strong><\/p>\n<div style=\"width: 640px;\" class=\"wp-video\"><video class=\"wp-video-shortcode\" id=\"video-204539-2\" width=\"640\" height=\"352\" preload=\"metadata\" controls=\"controls\"><source type=\"video\/mp4\" src=\"https:\/\/www.radiopiu.net\/wordpress\/wp-content\/uploads\/2021\/04\/WhatsApp-Video-2021-04-20-at-11.29.59.mp4?_=2\" \/><a href=\"https:\/\/www.radiopiu.net\/wordpress\/wp-content\/uploads\/2021\/04\/WhatsApp-Video-2021-04-20-at-11.29.59.mp4\">https:\/\/www.radiopiu.net\/wordpress\/wp-content\/uploads\/2021\/04\/WhatsApp-Video-2021-04-20-at-11.29.59.mp4<\/a><\/video><\/div>\n<p>&nbsp;<\/p>\n<hr \/>\n<p>&nbsp;<\/p>\n<blockquote>\n<h3>ENTI LOCALI. GIUNTA FINANZIA 29 COMUNI IN AREE SVANTAGGIATE DI MONTAGNA. IN AGORDINO 7 I COMUNI COINVOLTI<\/h3>\n<\/blockquote>\n<p><strong><a href=\"https:\/\/www.radiopiu.net\/wordpress\/giornale-radiopiu-18-maggio-2019-direttore-mirko-mezzacasa\/vallada-agordina\/\" rel=\"attachment wp-att-85787\"><img loading=\"lazy\" decoding=\"async\" class=\"size-medium wp-image-85787 alignleft\" src=\"https:\/\/www.radiopiu.net\/wordpress\/wp-content\/uploads\/2019\/05\/vallada-agordina-300x200.jpg\" alt=\"\" width=\"300\" height=\"200\" srcset=\"https:\/\/www.radiopiu.net\/wordpress\/wp-content\/uploads\/2019\/05\/vallada-agordina-300x200.jpg 300w, https:\/\/www.radiopiu.net\/wordpress\/wp-content\/uploads\/2019\/05\/vallada-agordina-768x512.jpg 768w, https:\/\/www.radiopiu.net\/wordpress\/wp-content\/uploads\/2019\/05\/vallada-agordina.jpg 850w\" sizes=\"auto, (max-width: 300px) 100vw, 300px\" \/><\/a>VENEZIA <\/strong>La Giunta regionale ha approvato il provvedimento che definisce i criteri e le modalit\u00e0 di assegnazione di contributi a favore dei comuni ricadenti nelle aree svantaggiate di montagna. \u00a0I comuni Veneti hanno tempo fino al 30 settembre per richiedere il sostegno concesso dalla Regione del Veneto, allegando tutta la documentazione che certifica le spese sostenute per finanziare i servizi e settori indicati nella delibera. In Agordino 7 i comuni coinvolti: Gosaldo, San Tomaso, Voltago, Colle Santa Lucia, Vallada, Cencenighe, Canale D&#8217;Agordo.<\/p>\n<p><strong>LA GRADUATORIA DEI COMUNI MONTANI ASSEGNATARI DEL CONTRIBUTO<\/strong><\/p>\n<a href=\"https:\/\/www.radiopiu.net\/wordpress\/wp-content\/uploads\/2021\/04\/725-2021-AllegatoC.pdf\" class=\"pdfemb-viewer\" style=\"\" data-width=\"max\" data-height=\"max\" data-toolbar=\"top\" data-toolbar-fixed=\"on\">725-2021 AllegatoC<\/a>\n<p>&nbsp;<\/p>\n<p>&nbsp;<\/p>\n<hr \/>\n<p>&nbsp;<\/p>\n<blockquote>\n<h3><a href=\"https:\/\/www.radiopiu.net\/wordpress\/giornale-radio-piu-29-09-direttore-mirko-mezzacasa\/ternapds\/\" rel=\"attachment wp-att-11357\"><img loading=\"lazy\" decoding=\"async\" class=\" wp-image-11357 alignleft\" src=\"https:\/\/www.radiopiu.net\/wordpress\/wp-content\/uploads\/2015\/09\/ternapds-300x199.jpg\" alt=\"\" width=\"126\" height=\"84\" \/><\/a>LA CURIOSITA&#8217;, DA TERNA<\/h3>\n<\/blockquote>\n<p><strong>ROMA<\/strong> A marzo, secondo i dati di Terna, la societ\u00e0 che gestisce la rete elettrica nazionale ad alta e altissima tensione, i consumi elettrici del Veneto sono risultati in crescita del 15% rispetto a marzo 2020 e del 2,5% rispetto al marzo 2019. In Veneto, in particolare, nel mese di marzo i consumi industriali hanno registrato una sostanziale crescita (+59%) rispetto a marzo del 2020, tornando sopra i livelli anche di marzo del 2019 (+7,5%): fortemente positivi i comparti di siderurgia, meccanica e chimica; in recupero anche i settori delle ceramiche e vetrarie e metalli non ferrosi.<\/p>\n<p>&nbsp;<\/p>\n<hr \/>\n<h3><\/h3>\n<h3><span style=\"color: #ff0000;\"><strong>PRIMA IL CAPITALE PRIVATO, POI LO STATO<\/strong><\/span><\/h3>\n<blockquote>\n<h3>I BELLUNESI A ROMA PER DIFENDERE L&#8217;ACC<\/h3>\n<\/blockquote>\n<div class=\"kvgmc6g5 cxmmr5t8 oygrvhab hcukyx3x c1et5uql ii04i59q\">\n<div dir=\"auto\">\n<div dir=\"auto\"><strong>BORGO VALBELLUNA- ROMA <\/strong>\u00a0<em>\u201cil progetto deve ripartire, questa inerzia sta ammazzando due fabbriche, di due diversi territori \u2013 Mel nel bellunese e Riva di Chieri in provincia di Torino \u2013 e con esse i loro 800 lavoratori&#8221;.<\/em><\/div>\n<\/div>\n<div dir=\"auto\"><span style=\"color: #ff0000;\"><strong>IERI A ROMA<\/strong><\/span><\/div>\n<div dir=\"auto\">\n<blockquote>\n<h2 dir=\"auto\">LA CALATA AL MISE PER CHIEDERE DI FAR RIPARTIRE IL PROGETTO ITALCOMP<\/h2>\n<p><strong>\u00a0lavoratrice Daniela Comiotto<\/strong><\/p><\/blockquote>\n<div style=\"width: 640px;\" class=\"wp-video\"><video class=\"wp-video-shortcode\" id=\"video-204539-3\" width=\"640\" height=\"352\" preload=\"metadata\" controls=\"controls\"><source type=\"video\/mp4\" src=\"https:\/\/www.radiopiu.net\/wordpress\/wp-content\/uploads\/2021\/04\/WhatsApp-Video-2021-04-20-at-12.16.17.mp4?_=3\" \/><a href=\"https:\/\/www.radiopiu.net\/wordpress\/wp-content\/uploads\/2021\/04\/WhatsApp-Video-2021-04-20-at-12.16.17.mp4\">https:\/\/www.radiopiu.net\/wordpress\/wp-content\/uploads\/2021\/04\/WhatsApp-Video-2021-04-20-at-12.16.17.mp4<\/a><\/video><\/div>\n<p><strong>Stefano Bona\u00a0<\/strong><\/p>\n<\/div>\n<div dir=\"auto\">\n<div style=\"width: 640px;\" class=\"wp-video\"><video class=\"wp-video-shortcode\" id=\"video-204539-4\" width=\"640\" height=\"352\" preload=\"metadata\" controls=\"controls\"><source type=\"video\/mp4\" src=\"https:\/\/www.radiopiu.net\/wordpress\/wp-content\/uploads\/2021\/04\/stefano-bona.mp4?_=4\" \/><a href=\"https:\/\/www.radiopiu.net\/wordpress\/wp-content\/uploads\/2021\/04\/stefano-bona.mp4\">https:\/\/www.radiopiu.net\/wordpress\/wp-content\/uploads\/2021\/04\/stefano-bona.mp4<\/a><\/video><\/div>\n<\/div>\n<div dir=\"auto\">\n<div dir=\"auto\"><strong>il segretario FIM<\/strong><\/div>\n<\/div>\n<div dir=\"auto\">\n<div style=\"width: 640px;\" class=\"wp-video\"><video class=\"wp-video-shortcode\" id=\"video-204539-5\" width=\"640\" height=\"352\" preload=\"metadata\" controls=\"controls\"><source type=\"video\/mp4\" src=\"https:\/\/www.radiopiu.net\/wordpress\/wp-content\/uploads\/2021\/04\/WhatsApp-Video-2021-04-20-at-12.16.19.mp4?_=5\" \/><a href=\"https:\/\/www.radiopiu.net\/wordpress\/wp-content\/uploads\/2021\/04\/WhatsApp-Video-2021-04-20-at-12.16.19.mp4\">https:\/\/www.radiopiu.net\/wordpress\/wp-content\/uploads\/2021\/04\/WhatsApp-Video-2021-04-20-at-12.16.19.mp4<\/a><\/video><\/div>\n<\/div>\n<\/div>\n<div dir=\"auto\"><\/div>\n<div class=\"kvgmc6g5 cxmmr5t8 oygrvhab hcukyx3x c1et5uql ii04i59q\">\n<div dir=\"auto\"><strong>ROMA<\/strong> Dal Ministero dello Sviluppo Economico <em>&#8220;A seguito dell\u2019assegnazione delle deleghe, ho definito oggi il calendario delle vertenze che saranno convocate nelle prossime due settimane al Ministero dello Sviluppo Economico, convocazione per l&#8217;ACC-EMBRACO \u00a0il 23 aprile<\/em><\/div>\n<\/div>\n<div class=\"o9v6fnle cxmmr5t8 oygrvhab hcukyx3x c1et5uql ii04i59q\">\n<div dir=\"auto\"><\/div>\n<\/div>\n<div dir=\"auto\">\n\n\t\t\t<style type='text\/css'>\n\t\t\t\t#gallery-2 {\n\t\t\t\t\tmargin: auto;\n\t\t\t\t}\n\t\t\t\t#gallery-2 .gallery-item {\n\t\t\t\t\tfloat: left;\n\t\t\t\t\tmargin-top: 10px;\n\t\t\t\t\ttext-align: center;\n\t\t\t\t\twidth: 20%;\n\t\t\t\t}\n\t\t\t\t#gallery-2 img {\n\t\t\t\t\tborder: 2px solid #cfcfcf;\n\t\t\t\t}\n\t\t\t\t#gallery-2 .gallery-caption {\n\t\t\t\t\tmargin-left: 0;\n\t\t\t\t}\n\t\t\t\t\/* see gallery_shortcode() in wp-includes\/media.php *\/\n\t\t\t<\/style>\n\t\t<div id='gallery-2' class='dt-gallery-container gallery galleryid-204539 gallery-columns-5 gallery-size-thumbnail'><dl class='gallery-item'>\n\t\t\t\t<dt class='gallery-icon landscape'>\n\t\t\t\t\t<a class=\"rollover rollover-zoom dt-pswp-item\" title=\"35398d61-b23f-4854-a443-c501590edeea\" data-dt-img-description=\"\" data-large_image_width=\"2000\" data-large_image_height=\"1500\"href='https:\/\/www.radiopiu.net\/wordpress\/wp-content\/uploads\/2021\/04\/35398d61-b23f-4854-a443-c501590edeea.jpg'><img loading=\"lazy\" decoding=\"async\" width=\"150\" height=\"150\" src=\"https:\/\/www.radiopiu.net\/wordpress\/wp-content\/uploads\/2021\/04\/35398d61-b23f-4854-a443-c501590edeea-150x150.jpg\" class=\"attachment-thumbnail size-thumbnail\" alt=\"\" \/><\/a>\n\t\t\t\t<\/dt><\/dl><dl class='gallery-item'>\n\t\t\t\t<dt class='gallery-icon landscape'>\n\t\t\t\t\t<a class=\"rollover rollover-zoom dt-pswp-item\" title=\"d233adc5-c7ab-4243-8b4b-568e4dcaa9c5\" data-dt-img-description=\"\" data-large_image_width=\"2000\" data-large_image_height=\"1500\"href='https:\/\/www.radiopiu.net\/wordpress\/wp-content\/uploads\/2021\/04\/d233adc5-c7ab-4243-8b4b-568e4dcaa9c5.jpg'><img loading=\"lazy\" decoding=\"async\" width=\"150\" height=\"150\" src=\"https:\/\/www.radiopiu.net\/wordpress\/wp-content\/uploads\/2021\/04\/d233adc5-c7ab-4243-8b4b-568e4dcaa9c5-150x150.jpg\" class=\"attachment-thumbnail size-thumbnail\" alt=\"\" \/><\/a>\n\t\t\t\t<\/dt><\/dl><dl class='gallery-item'>\n\t\t\t\t<dt class='gallery-icon landscape'>\n\t\t\t\t\t<a class=\"rollover rollover-zoom dt-pswp-item\" title=\"d86342ed-420c-41b3-9e73-9eb17613480d\" data-dt-img-description=\"\" data-large_image_width=\"2000\" data-large_image_height=\"1500\"href='https:\/\/www.radiopiu.net\/wordpress\/wp-content\/uploads\/2021\/04\/d86342ed-420c-41b3-9e73-9eb17613480d.jpg'><img loading=\"lazy\" decoding=\"async\" width=\"150\" height=\"150\" src=\"https:\/\/www.radiopiu.net\/wordpress\/wp-content\/uploads\/2021\/04\/d86342ed-420c-41b3-9e73-9eb17613480d-150x150.jpg\" class=\"attachment-thumbnail size-thumbnail\" alt=\"\" \/><\/a>\n\t\t\t\t<\/dt><\/dl><dl class='gallery-item'>\n\t\t\t\t<dt class='gallery-icon landscape'>\n\t\t\t\t\t<a class=\"rollover rollover-zoom dt-pswp-item\" title=\"f5dcd381-4535-4bb0-b6fb-0f91ac03d76c\" data-dt-img-description=\"\" data-large_image_width=\"2000\" data-large_image_height=\"1500\"href='https:\/\/www.radiopiu.net\/wordpress\/wp-content\/uploads\/2021\/04\/f5dcd381-4535-4bb0-b6fb-0f91ac03d76c.jpg'><img loading=\"lazy\" decoding=\"async\" width=\"150\" height=\"150\" src=\"https:\/\/www.radiopiu.net\/wordpress\/wp-content\/uploads\/2021\/04\/f5dcd381-4535-4bb0-b6fb-0f91ac03d76c-150x150.jpg\" class=\"attachment-thumbnail size-thumbnail\" alt=\"\" \/><\/a>\n\t\t\t\t<\/dt><\/dl><dl class='gallery-item'>\n\t\t\t\t<dt class='gallery-icon landscape'>\n\t\t\t\t\t<a class=\"rollover rollover-zoom dt-pswp-item\" title=\"cb5cf368-15dc-4a61-9e22-3dcbf8b53361\" data-dt-img-description=\"\" data-large_image_width=\"2000\" data-large_image_height=\"1500\"href='https:\/\/www.radiopiu.net\/wordpress\/wp-content\/uploads\/2021\/04\/cb5cf368-15dc-4a61-9e22-3dcbf8b53361.jpg'><img loading=\"lazy\" decoding=\"async\" width=\"150\" height=\"150\" src=\"https:\/\/www.radiopiu.net\/wordpress\/wp-content\/uploads\/2021\/04\/cb5cf368-15dc-4a61-9e22-3dcbf8b53361-150x150.jpg\" class=\"attachment-thumbnail size-thumbnail\" alt=\"\" \/><\/a>\n\t\t\t\t<\/dt><\/dl><br style=\"clear: both\" \/><dl class='gallery-item'>\n\t\t\t\t<dt class='gallery-icon landscape'>\n\t\t\t\t\t<a class=\"rollover rollover-zoom dt-pswp-item\" title=\"c4385f50-9792-4025-bbab-b0179e5658ed\" data-dt-img-description=\"\" data-large_image_width=\"2000\" data-large_image_height=\"1500\"href='https:\/\/www.radiopiu.net\/wordpress\/wp-content\/uploads\/2021\/04\/c4385f50-9792-4025-bbab-b0179e5658ed.jpg'><img loading=\"lazy\" decoding=\"async\" width=\"150\" height=\"150\" src=\"https:\/\/www.radiopiu.net\/wordpress\/wp-content\/uploads\/2021\/04\/c4385f50-9792-4025-bbab-b0179e5658ed-150x150.jpg\" class=\"attachment-thumbnail size-thumbnail\" alt=\"\" \/><\/a>\n\t\t\t\t<\/dt><\/dl><dl class='gallery-item'>\n\t\t\t\t<dt class='gallery-icon landscape'>\n\t\t\t\t\t<a class=\"rollover rollover-zoom dt-pswp-item\" title=\"7bc996fd-12cc-4cd4-8a77-a9dfdb7ab6a2\" data-dt-img-description=\"\" data-large_image_width=\"2000\" data-large_image_height=\"1500\"href='https:\/\/www.radiopiu.net\/wordpress\/wp-content\/uploads\/2021\/04\/7bc996fd-12cc-4cd4-8a77-a9dfdb7ab6a2.jpg'><img loading=\"lazy\" decoding=\"async\" width=\"150\" height=\"150\" src=\"https:\/\/www.radiopiu.net\/wordpress\/wp-content\/uploads\/2021\/04\/7bc996fd-12cc-4cd4-8a77-a9dfdb7ab6a2-150x150.jpg\" class=\"attachment-thumbnail size-thumbnail\" alt=\"\" \/><\/a>\n\t\t\t\t<\/dt><\/dl><dl class='gallery-item'>\n\t\t\t\t<dt class='gallery-icon portrait'>\n\t\t\t\t\t<a class=\"rollover rollover-zoom dt-pswp-item\" title=\"dab5915c-0e92-41d9-a243-3cb9ab358900\" data-dt-img-description=\"\" data-large_image_width=\"1500\" data-large_image_height=\"2000\"href='https:\/\/www.radiopiu.net\/wordpress\/wp-content\/uploads\/2021\/04\/dab5915c-0e92-41d9-a243-3cb9ab358900.jpg'><img loading=\"lazy\" decoding=\"async\" width=\"150\" height=\"150\" src=\"https:\/\/www.radiopiu.net\/wordpress\/wp-content\/uploads\/2021\/04\/dab5915c-0e92-41d9-a243-3cb9ab358900-150x150.jpg\" class=\"attachment-thumbnail size-thumbnail\" alt=\"\" \/><\/a>\n\t\t\t\t<\/dt><\/dl><dl class='gallery-item'>\n\t\t\t\t<dt class='gallery-icon landscape'>\n\t\t\t\t\t<a class=\"rollover rollover-zoom dt-pswp-item\" title=\"97f2a912-fc15-434e-b6f3-d409206b363f\" data-dt-img-description=\"\" data-large_image_width=\"2000\" data-large_image_height=\"1500\"href='https:\/\/www.radiopiu.net\/wordpress\/wp-content\/uploads\/2021\/04\/97f2a912-fc15-434e-b6f3-d409206b363f.jpg'><img loading=\"lazy\" decoding=\"async\" width=\"150\" height=\"150\" src=\"https:\/\/www.radiopiu.net\/wordpress\/wp-content\/uploads\/2021\/04\/97f2a912-fc15-434e-b6f3-d409206b363f-150x150.jpg\" class=\"attachment-thumbnail size-thumbnail\" alt=\"\" \/><\/a>\n\t\t\t\t<\/dt><\/dl><dl class='gallery-item'>\n\t\t\t\t<dt class='gallery-icon landscape'>\n\t\t\t\t\t<a class=\"rollover rollover-zoom dt-pswp-item\" title=\"1bd6826f-5e17-4204-826c-edb472e4835f\" data-dt-img-description=\"\" data-large_image_width=\"2000\" data-large_image_height=\"1500\"href='https:\/\/www.radiopiu.net\/wordpress\/wp-content\/uploads\/2021\/04\/1bd6826f-5e17-4204-826c-edb472e4835f.jpg'><img loading=\"lazy\" decoding=\"async\" width=\"150\" height=\"150\" src=\"https:\/\/www.radiopiu.net\/wordpress\/wp-content\/uploads\/2021\/04\/1bd6826f-5e17-4204-826c-edb472e4835f-150x150.jpg\" class=\"attachment-thumbnail size-thumbnail\" alt=\"\" \/><\/a>\n\t\t\t\t<\/dt><\/dl><br style=\"clear: both\" \/><dl class='gallery-item'>\n\t\t\t\t<dt class='gallery-icon landscape'>\n\t\t\t\t\t<a class=\"rollover rollover-zoom dt-pswp-item\" title=\"b73e1495-0d07-45e9-9ba4-9df1f209592c\" data-dt-img-description=\"\" data-large_image_width=\"2000\" data-large_image_height=\"1500\"href='https:\/\/www.radiopiu.net\/wordpress\/wp-content\/uploads\/2021\/04\/b73e1495-0d07-45e9-9ba4-9df1f209592c.jpg'><img loading=\"lazy\" decoding=\"async\" width=\"150\" height=\"150\" src=\"https:\/\/www.radiopiu.net\/wordpress\/wp-content\/uploads\/2021\/04\/b73e1495-0d07-45e9-9ba4-9df1f209592c-150x150.jpg\" class=\"attachment-thumbnail size-thumbnail\" alt=\"\" \/><\/a>\n\t\t\t\t<\/dt><\/dl><dl class='gallery-item'>\n\t\t\t\t<dt class='gallery-icon landscape'>\n\t\t\t\t\t<a class=\"rollover rollover-zoom dt-pswp-item\" title=\"e81af5c8-8083-4a52-99f5-3f5b0c3716e3\" data-dt-img-description=\"\" data-large_image_width=\"1600\" data-large_image_height=\"1200\"href='https:\/\/www.radiopiu.net\/wordpress\/wp-content\/uploads\/2021\/04\/e81af5c8-8083-4a52-99f5-3f5b0c3716e3.jpg'><img loading=\"lazy\" decoding=\"async\" width=\"150\" height=\"150\" src=\"https:\/\/www.radiopiu.net\/wordpress\/wp-content\/uploads\/2021\/04\/e81af5c8-8083-4a52-99f5-3f5b0c3716e3-150x150.jpg\" class=\"attachment-thumbnail size-thumbnail\" alt=\"\" \/><\/a>\n\t\t\t\t<\/dt><\/dl><dl class='gallery-item'>\n\t\t\t\t<dt class='gallery-icon landscape'>\n\t\t\t\t\t<a class=\"rollover rollover-zoom dt-pswp-item\" title=\"35e36ad2-f76d-4a1b-9df1-fd89e43cb5f2\" data-dt-img-description=\"\" data-large_image_width=\"2000\" data-large_image_height=\"1500\"href='https:\/\/www.radiopiu.net\/wordpress\/wp-content\/uploads\/2021\/04\/35e36ad2-f76d-4a1b-9df1-fd89e43cb5f2.jpg'><img loading=\"lazy\" decoding=\"async\" width=\"150\" height=\"150\" src=\"https:\/\/www.radiopiu.net\/wordpress\/wp-content\/uploads\/2021\/04\/35e36ad2-f76d-4a1b-9df1-fd89e43cb5f2-150x150.jpg\" class=\"attachment-thumbnail size-thumbnail\" alt=\"\" \/><\/a>\n\t\t\t\t<\/dt><\/dl><dl class='gallery-item'>\n\t\t\t\t<dt class='gallery-icon landscape'>\n\t\t\t\t\t<a class=\"rollover rollover-zoom dt-pswp-item\" title=\"ebc33a84-80f0-44a0-801b-fc160e7884db\" data-dt-img-description=\"\" data-large_image_width=\"2000\" data-large_image_height=\"1500\"href='https:\/\/www.radiopiu.net\/wordpress\/wp-content\/uploads\/2021\/04\/ebc33a84-80f0-44a0-801b-fc160e7884db.jpg'><img loading=\"lazy\" decoding=\"async\" width=\"150\" height=\"150\" src=\"https:\/\/www.radiopiu.net\/wordpress\/wp-content\/uploads\/2021\/04\/ebc33a84-80f0-44a0-801b-fc160e7884db-150x150.jpg\" class=\"attachment-thumbnail size-thumbnail\" alt=\"\" \/><\/a>\n\t\t\t\t<\/dt><\/dl><dl class='gallery-item'>\n\t\t\t\t<dt class='gallery-icon landscape'>\n\t\t\t\t\t<a class=\"rollover rollover-zoom dt-pswp-item\" title=\"d4f5c054-3844-469e-943b-09efafbffe6b\" data-dt-img-description=\"\" data-large_image_width=\"2000\" data-large_image_height=\"1500\"href='https:\/\/www.radiopiu.net\/wordpress\/wp-content\/uploads\/2021\/04\/d4f5c054-3844-469e-943b-09efafbffe6b.jpg'><img loading=\"lazy\" decoding=\"async\" width=\"150\" height=\"150\" src=\"https:\/\/www.radiopiu.net\/wordpress\/wp-content\/uploads\/2021\/04\/d4f5c054-3844-469e-943b-09efafbffe6b-150x150.jpg\" class=\"attachment-thumbnail size-thumbnail\" alt=\"\" \/><\/a>\n\t\t\t\t<\/dt><\/dl><br style=\"clear: both\" \/>\n\t\t\t<\/div>\n\n<\/div>\n<p><strong>IL COMUNICATO UNITARIO DELLE SIGLA SINDACALI AL TERMINE DELLA GIORNATA<\/strong><\/p>\n<p><a href=\"https:\/\/www.radiopiu.net\/wordpress\/giornale-radiopiu-21-aprile-2021-direttore-mirko-mezzacasa\/c6c46a0c-3b75-4cda-bb54-497a493277e5\/\" rel=\"attachment wp-att-204751\"><img loading=\"lazy\" decoding=\"async\" class=\"alignnone wp-image-204751 size-full\" src=\"https:\/\/www.radiopiu.net\/wordpress\/wp-content\/uploads\/2021\/04\/c6c46a0c-3b75-4cda-bb54-497a493277e5.jpg\" alt=\"\" width=\"678\" height=\"960\" srcset=\"https:\/\/www.radiopiu.net\/wordpress\/wp-content\/uploads\/2021\/04\/c6c46a0c-3b75-4cda-bb54-497a493277e5.jpg 678w, https:\/\/www.radiopiu.net\/wordpress\/wp-content\/uploads\/2021\/04\/c6c46a0c-3b75-4cda-bb54-497a493277e5-212x300.jpg 212w\" sizes=\"auto, (max-width: 678px) 100vw, 678px\" \/><\/a><\/p>\n<p>&nbsp;<\/p>\n<hr \/>\n<p>&nbsp;<\/p>\n<p>&nbsp;<\/p>\n<blockquote>\n<h3>ACC, ZAIA &#8220;IL VERO TEMA E&#8217; TROVARE IL PARTNER INDUSTRIALE&#8221;<\/h3>\n<\/blockquote>\n<p>&nbsp;<\/p>\n<p><strong><img loading=\"lazy\" decoding=\"async\" class=\"alignleft\" src=\"https:\/\/www.radiopiu.net\/wordpress\/wp-content\/uploads\/2021\/04\/e81af5c8-8083-4a52-99f5-3f5b0c3716e3.jpg\" width=\"199\" height=\"149\" \/>VENEZIA<\/strong> &#8220;<em>Una presa che non molliamo con facilit\u00e0. Il Veneto c&#8217;\u00e8 sempre stato e oggi siamo qui a parlarne&#8221;. Lo ha detto il presidente Luca Zaia spendendo buone parole per l&#8217;Acc nel giorno in cui \u00e8 in corso la manifestazione a Roma e a pochi giorni dalla convocazione del vice Ministro Todde.<\/em><\/p>\n<p><strong>L&#8217;intervento di Luca Zaia<\/strong><\/p>\n<audio class=\"wp-audio-shortcode\" id=\"audio-204539-4\" preload=\"none\" style=\"width: 100%;\" controls=\"controls\"><source type=\"audio\/mpeg\" src=\"https:\/\/www.radiopiu.net\/wordpress\/wp-content\/uploads\/2021\/04\/zaia-acc.mp3?_=4\" \/><a href=\"https:\/\/www.radiopiu.net\/wordpress\/wp-content\/uploads\/2021\/04\/zaia-acc.mp3\">https:\/\/www.radiopiu.net\/wordpress\/wp-content\/uploads\/2021\/04\/zaia-acc.mp3<\/a><\/audio>\n<p>&nbsp;<\/p>\n<p>&nbsp;<\/p>\n<hr \/>\n<blockquote>\n<h3>LAVORATORI ARTIGIANI E\u00a0 LA CASSA INTEGRAZIONE<\/h3>\n<\/blockquote>\n<div id=\"attachment_175137\" style=\"width: 154px\" class=\"wp-caption alignleft\"><a href=\"https:\/\/www.radiopiu.net\/wordpress\/cisl-belluno-treviso-deleghe-collegate-per-la-nuova-squadra\/rudy-roffare-2020\/\" rel=\"attachment wp-att-175137\"><img loading=\"lazy\" decoding=\"async\" aria-describedby=\"caption-attachment-175137\" class=\" wp-image-175137\" src=\"https:\/\/www.radiopiu.net\/wordpress\/wp-content\/uploads\/2020\/11\/Rudy-Roffare-2020-300x200.jpg\" alt=\"\" width=\"144\" height=\"96\" srcset=\"https:\/\/www.radiopiu.net\/wordpress\/wp-content\/uploads\/2020\/11\/Rudy-Roffare-2020-300x200.jpg 300w, https:\/\/www.radiopiu.net\/wordpress\/wp-content\/uploads\/2020\/11\/Rudy-Roffare-2020-1024x683.jpg 1024w, https:\/\/www.radiopiu.net\/wordpress\/wp-content\/uploads\/2020\/11\/Rudy-Roffare-2020-768x512.jpg 768w, https:\/\/www.radiopiu.net\/wordpress\/wp-content\/uploads\/2020\/11\/Rudy-Roffare-2020-1536x1024.jpg 1536w, https:\/\/www.radiopiu.net\/wordpress\/wp-content\/uploads\/2020\/11\/Rudy-Roffare-2020-2048x1365.jpg 2048w\" sizes=\"auto, (max-width: 144px) 100vw, 144px\" \/><\/a><p id=\"caption-attachment-175137\" class=\"wp-caption-text\">RUDY ROFFARE&#8217;<\/p><\/div>\n<p><strong>BELLUNO<\/strong> &#8220;<em>Cassa integrazione pagata dal Fondo FSBA tramite Ebav, i lavoratori e le lavoratrici si attrezzino per scaricare la Certificazione Unica necessaria per presentare la dichiarazione dei redditi&#8221;.<\/em> \u00c8 l\u2019appello di Valerio Costa (Cgil Belluno), Rudy Roffar\u00e8 (Cisl Belluno Treviso) e Michele Ferraro (Uil Belluno) ai dipendenti delle aziende artigiane della provincia di Belluno che nel 2020 hanno usufruito del sostegno della cassa integrazione. Le indennit\u00e0 percepite durante l\u2019anno vanno infatti dichiarate al fisco tramite la\u00a0 Certificazione Unica. Rimane invece ancora non chiara la questione relativa agli assegni familiari maturati durante il periodo di sospensione da lavoro con FSBA: ad oggi Inps non ha fornito istruzioni per poterli richiedere. Infine il problema della contribuzione pensionistica legata al periodo di cassa per tutti coloro che a breve dovranno andare in pensione: i contributi figurativi non sono visibili in tempo reale nei sistemi informatici dell\u2019Inps.<\/p>\n<p>&nbsp;<\/p>\n<hr \/>\n<p>&nbsp;<\/p>\n<blockquote>\n<h3>UGO SORAGNI IL NUOVO COMMISSARIO PER L&#8217;EMERGENZA VAIA<\/h3>\n<\/blockquote>\n<p><b><img decoding=\"async\" class=\"alignleft\" src=\"https:\/\/www.radiopiu.net\/wordpress\/wp-content\/uploads\/2021\/04\/Ugo-Soragni_Direttore-regionale-per-i-beni-culturali-e-paesaggistici-del-Veneto.jpg\" \/>VENEZIA <\/b>Il Capo della Protezione Civile Nazionale, Fabrizio Curcio, ha nominato Commissario delegato per l\u2019emergenza legata alla tempesta \u201dVaia\u201d,\u00a0 l\u2019architetto Ugo Soragni, gi\u00e0 Direttore Generale Musei del Ministero dei Beni Culturali, che operer\u00e0 gratuitamente. Per l\u2019assolvimento del proprio incarico, gli sar\u00e0 riconosciuta la facolt\u00e0 di accedere agli uffici regionali, di avvalersi del materiale e di tutta la documentazione necessaria, nonch\u00e9 di tutte le strumentazioni e supporto logistico e di personale necessari per il corretto espletamento dell\u2019incarico stesso. Sono stati assegnati e totalmente impegnati circa 682 milioni di euro, con 931 cantieri ultimati o in corso per l\u2019annualit\u00e0 2019, e con altri 480 cantieri per l\u2019annualit\u00e0 2020, pari a 240,5 milioni di importo. Dei 931 cantieri a valere sul 2019, 467 sono gi\u00e0 ultimati e 426 con i lavori in corso. Per l\u2019annualit\u00e0 2020 sono stati stipulati 464 nuovi contratti per un importo di circa 240 milioni e vari cantieri sono gi\u00e0 conclusi. Sul fronte boschi, circa l\u201985% del legname \u00e8 stato venduto, e di questo il 50% portato via fisicamente.\u00a0 Per il resto ci sar\u00e0\u00a0 bisogno di almeno 50 milioni di euro per recuperare il legname che non ha mercato e non \u00e8 vendibile senza costi.<\/p>\n<p>&nbsp;<\/p>\n<hr \/>\n<blockquote>\n<h3 class=\"p1\"><span class=\"s1\">NUOVO COMMISSARIO PER LA GESTIONE POST VAIA, CONFARTIGIANATO: \u00abSORAGNI FIGURA DI RILIEVO, ORA UN RAGIONAMENTO CONDIVISO CON LE IMPRESE\u00bb<\/span><\/h3>\n<\/blockquote>\n<p class=\"p1\"><span class=\"s1\"><strong><a href=\"https:\/\/www.radiopiu.net\/wordpress\/la-presidente-di-confartigianato-claudia-scarzanella-parla-delle-sfide-territoriali-per-lanno-che-verra\/claudia-scarzanella-confartigianato\/\" rel=\"attachment wp-att-182277\"><img loading=\"lazy\" decoding=\"async\" class=\" wp-image-182277 alignleft\" src=\"https:\/\/www.radiopiu.net\/wordpress\/wp-content\/uploads\/2020\/12\/CLAUDIA-SCARZANELLA-CONFARTIGIANATO-300x236.png\" alt=\"\" width=\"96\" height=\"76\" srcset=\"https:\/\/www.radiopiu.net\/wordpress\/wp-content\/uploads\/2020\/12\/CLAUDIA-SCARZANELLA-CONFARTIGIANATO-300x236.png 300w, https:\/\/www.radiopiu.net\/wordpress\/wp-content\/uploads\/2020\/12\/CLAUDIA-SCARZANELLA-CONFARTIGIANATO-1024x804.png 1024w, https:\/\/www.radiopiu.net\/wordpress\/wp-content\/uploads\/2020\/12\/CLAUDIA-SCARZANELLA-CONFARTIGIANATO-768x603.png 768w, https:\/\/www.radiopiu.net\/wordpress\/wp-content\/uploads\/2020\/12\/CLAUDIA-SCARZANELLA-CONFARTIGIANATO.png 1042w\" sizes=\"auto, (max-width: 96px) 100vw, 96px\" \/><\/a>BELLUNO <\/strong><\/span><span class=\"s1\">la presidente di Confartigianato Belluno, Claudia Scarzanella: <em>\u00ab A distanza di due anni e mezzo dal passaggio della tempesta, c\u2019\u00e8 ancora molto lavoro da fare.\u00a0 Riteniamo che la foresta possa essere una risorsa poliedrica per il nostro territorio e sulla base di questo vada studiato nel dettaglio il ruolo e la destinazione d\u2019uso dei terreni che Vaia ha rimodellato&#8221;<\/em><\/span><\/p>\n<p>&nbsp;<\/p>\n<p>&nbsp;<\/p>\n<hr \/>\n<p>&nbsp;<\/p>\n<p><span style=\"color: #ff0000;\"><strong>DOPO LA BOCCIATURA DEL CIO<\/strong><\/span><\/p>\n<blockquote>\n<h3>ZAIA E LA PISTA DA BOB A CORTINA, L&#8217;INTERVENTO IN CONFERENZA STAMPA<\/h3>\n<\/blockquote>\n<blockquote><p><em>.Abbiamo un ottimo rapporto con il Cio, ho fatto molti incontri per parlare di Olimpiadi e anche di questo. Siamo un squadra e abbiamo sempre scelto assieme. Inutile creare problemi laddove non ci sono. La nuova pista di bob non \u00e8 fondamentale, c&#8217;\u00e8 gi\u00e0 quella storica. Gli esperti decidono, ma non faremo cattedrali nel deserto\u00a0<\/em><\/p><\/blockquote>\n<p><strong><img loading=\"lazy\" decoding=\"async\" class=\"alignleft\" src=\"https:\/\/www.radiopiu.net\/wordpress\/wp-content\/uploads\/2021\/04\/cortina_guide_bob.jpg\" width=\"166\" height=\"83\" \/>VENEZIA<\/strong> Non poteva mancare la discussione sulla pista da Bob a Cortina per le Olimpiadi 2026 ma anche per usare sia d&#8217;inverno che d&#8217;estate. Ecco cosa ha detto Zaia <em>&#8220;Che non si facciano cattedrali nel deserto, se c&#8217;\u00e8 la sostenibilit\u00e0 e me lo dicono i tecnici si va avanti, oppure &#8230;&#8221;<\/em><\/p>\n<p>audio Luca Zaia<\/p>\n<audio class=\"wp-audio-shortcode\" id=\"audio-204539-5\" preload=\"none\" style=\"width: 100%;\" controls=\"controls\"><source type=\"audio\/mpeg\" src=\"https:\/\/www.radiopiu.net\/wordpress\/wp-content\/uploads\/2021\/04\/zaia-bob.mp3?_=5\" \/><a href=\"https:\/\/www.radiopiu.net\/wordpress\/wp-content\/uploads\/2021\/04\/zaia-bob.mp3\">https:\/\/www.radiopiu.net\/wordpress\/wp-content\/uploads\/2021\/04\/zaia-bob.mp3<\/a><\/audio>\n<p>&nbsp;<\/p>\n<p>&nbsp;<\/p>\n<hr \/>\n<p>&nbsp;<\/p>\n<blockquote>\n<h3>LA TABELLA DELLA SITUAZIONE ATTUALE IN VENETO<\/h3>\n<\/blockquote>\n<p><strong>Dal canale Telegram <a href=\"https:\/\/t.me\/BollettiniCoronaVirus\">BOLLETTINI CORONAVIRUS<\/a><\/strong><\/p>\n<p><a href=\"https:\/\/www.radiopiu.net\/wordpress\/giornale-radiopiu-21-aprile-2021-direttore-mirko-mezzacasa\/6ef0405a-4a03-4cc9-88a1-6a61b35c6cc3\/\" rel=\"attachment wp-att-204724\"><img loading=\"lazy\" decoding=\"async\" class=\"alignnone wp-image-204724 size-full\" src=\"https:\/\/www.radiopiu.net\/wordpress\/wp-content\/uploads\/2021\/04\/6ef0405a-4a03-4cc9-88a1-6a61b35c6cc3.jpg\" alt=\"\" width=\"1024\" height=\"770\" srcset=\"https:\/\/www.radiopiu.net\/wordpress\/wp-content\/uploads\/2021\/04\/6ef0405a-4a03-4cc9-88a1-6a61b35c6cc3.jpg 1024w, https:\/\/www.radiopiu.net\/wordpress\/wp-content\/uploads\/2021\/04\/6ef0405a-4a03-4cc9-88a1-6a61b35c6cc3-300x226.jpg 300w, https:\/\/www.radiopiu.net\/wordpress\/wp-content\/uploads\/2021\/04\/6ef0405a-4a03-4cc9-88a1-6a61b35c6cc3-768x578.jpg 768w\" sizes=\"auto, (max-width: 1024px) 100vw, 1024px\" \/><\/a><\/p>\n<p>&nbsp;<\/p>\n<p>&nbsp;<\/p>\n<blockquote class=\"wp-embedded-content\" data-secret=\"GIe6khhyIj\"><p><a href=\"https:\/\/www.radiopiu.net\/wordpress\/aggapr20\/\">CORONAVIRUS: AGGIORNAMENTO NAZIONALE 20 APRILE  2021<\/a><\/p><\/blockquote>\n<p><iframe loading=\"lazy\" class=\"wp-embedded-content\" sandbox=\"allow-scripts\" security=\"restricted\" style=\"position: absolute; clip: rect(1px, 1px, 1px, 1px);\" title=\"&#8220;CORONAVIRUS: AGGIORNAMENTO NAZIONALE 20 APRILE  2021&#8221; &#8212; Radio Pi\u00f9\" src=\"https:\/\/www.radiopiu.net\/wordpress\/aggapr20\/embed\/#?secret=GIe6khhyIj\" data-secret=\"GIe6khhyIj\" width=\"600\" height=\"338\" frameborder=\"0\" marginwidth=\"0\" marginheight=\"0\" scrolling=\"no\"><\/iframe><\/p>\n<p>&nbsp;<\/p>\n<p>&nbsp;<\/p>\n<blockquote class=\"wp-embedded-content\" data-secret=\"P6pHTYoZlH\"><p><a href=\"https:\/\/www.radiopiu.net\/wordpress\/i-negativizzati-2145-doppiano-i-nuovi-positivi-1168-nelle-ultime-24-ore-24-decessi-in-veneto-ricoveri-in-calo-a-belluno-26-positivi-in-piu\/\">I NEGATIVIZZATI (2145) DOPPIANO I NUOVI POSITIVI (1168). NELLE ULTIME 24 ORE 24 DECESSI IN VENETO, RICOVERI IN CALO. A BELLUNO 26 POSITIVI IN PIU&#8217;<\/a><\/p><\/blockquote>\n<p><iframe loading=\"lazy\" class=\"wp-embedded-content\" sandbox=\"allow-scripts\" security=\"restricted\" style=\"position: absolute; clip: rect(1px, 1px, 1px, 1px);\" title=\"&#8220;I NEGATIVIZZATI (2145) DOPPIANO I NUOVI POSITIVI (1168). NELLE ULTIME 24 ORE 24 DECESSI IN VENETO, RICOVERI IN CALO. A BELLUNO 26 POSITIVI IN PIU&#8217;&#8221; &#8212; Radio Pi\u00f9\" src=\"https:\/\/www.radiopiu.net\/wordpress\/i-negativizzati-2145-doppiano-i-nuovi-positivi-1168-nelle-ultime-24-ore-24-decessi-in-veneto-ricoveri-in-calo-a-belluno-26-positivi-in-piu\/embed\/#?secret=P6pHTYoZlH\" data-secret=\"P6pHTYoZlH\" width=\"600\" height=\"338\" frameborder=\"0\" marginwidth=\"0\" marginheight=\"0\" scrolling=\"no\"><\/iframe><\/p>\n<p>&nbsp;<\/p>\n<p>&nbsp;<\/p>\n<blockquote>\n<h3>I GRAFICI DI TIZIANO DE COL<\/h3>\n<\/blockquote>\n\n\t\t\t<style type='text\/css'>\n\t\t\t\t#gallery-3 {\n\t\t\t\t\tmargin: auto;\n\t\t\t\t}\n\t\t\t\t#gallery-3 .gallery-item {\n\t\t\t\t\tfloat: left;\n\t\t\t\t\tmargin-top: 10px;\n\t\t\t\t\ttext-align: center;\n\t\t\t\t\twidth: 20%;\n\t\t\t\t}\n\t\t\t\t#gallery-3 img {\n\t\t\t\t\tborder: 2px solid #cfcfcf;\n\t\t\t\t}\n\t\t\t\t#gallery-3 .gallery-caption {\n\t\t\t\t\tmargin-left: 0;\n\t\t\t\t}\n\t\t\t\t\/* see gallery_shortcode() in wp-includes\/media.php *\/\n\t\t\t<\/style>\n\t\t<div id='gallery-3' class='dt-gallery-container gallery galleryid-204539 gallery-columns-5 gallery-size-medium'><dl class='gallery-item'>\n\t\t\t\t<dt class='gallery-icon landscape'>\n\t\t\t\t\t<a class=\"rollover rollover-zoom dt-pswp-item\" title=\"1e75a5d7-25b2-4192-bb7e-8d49fa6a2ff9\" data-dt-img-description=\"\" data-large_image_width=\"606\" data-large_image_height=\"355\"href='https:\/\/www.radiopiu.net\/wordpress\/wp-content\/uploads\/2021\/04\/1e75a5d7-25b2-4192-bb7e-8d49fa6a2ff9.jpg'><img loading=\"lazy\" decoding=\"async\" width=\"300\" height=\"176\" src=\"https:\/\/www.radiopiu.net\/wordpress\/wp-content\/uploads\/2021\/04\/1e75a5d7-25b2-4192-bb7e-8d49fa6a2ff9-300x176.jpg\" class=\"attachment-medium size-medium\" alt=\"\" srcset=\"https:\/\/www.radiopiu.net\/wordpress\/wp-content\/uploads\/2021\/04\/1e75a5d7-25b2-4192-bb7e-8d49fa6a2ff9-300x176.jpg 300w, https:\/\/www.radiopiu.net\/wordpress\/wp-content\/uploads\/2021\/04\/1e75a5d7-25b2-4192-bb7e-8d49fa6a2ff9.jpg 606w\" sizes=\"auto, (max-width: 300px) 100vw, 300px\" \/><\/a>\n\t\t\t\t<\/dt><\/dl><dl class='gallery-item'>\n\t\t\t\t<dt class='gallery-icon landscape'>\n\t\t\t\t\t<a class=\"rollover rollover-zoom dt-pswp-item\" title=\"f20ad3c3-4f55-4eb1-894d-826ec572452c\" data-dt-img-description=\"\" data-large_image_width=\"586\" data-large_image_height=\"350\"href='https:\/\/www.radiopiu.net\/wordpress\/wp-content\/uploads\/2021\/04\/f20ad3c3-4f55-4eb1-894d-826ec572452c.jpg'><img loading=\"lazy\" decoding=\"async\" width=\"300\" height=\"179\" src=\"https:\/\/www.radiopiu.net\/wordpress\/wp-content\/uploads\/2021\/04\/f20ad3c3-4f55-4eb1-894d-826ec572452c-300x179.jpg\" class=\"attachment-medium size-medium\" alt=\"\" srcset=\"https:\/\/www.radiopiu.net\/wordpress\/wp-content\/uploads\/2021\/04\/f20ad3c3-4f55-4eb1-894d-826ec572452c-300x179.jpg 300w, https:\/\/www.radiopiu.net\/wordpress\/wp-content\/uploads\/2021\/04\/f20ad3c3-4f55-4eb1-894d-826ec572452c.jpg 586w\" sizes=\"auto, (max-width: 300px) 100vw, 300px\" \/><\/a>\n\t\t\t\t<\/dt><\/dl><dl class='gallery-item'>\n\t\t\t\t<dt class='gallery-icon landscape'>\n\t\t\t\t\t<a class=\"rollover rollover-zoom dt-pswp-item\" title=\"8bb3a3c5-eb4e-4e59-8aea-28c0b9b5eb09\" data-dt-img-description=\"\" data-large_image_width=\"616\" data-large_image_height=\"352\"href='https:\/\/www.radiopiu.net\/wordpress\/wp-content\/uploads\/2021\/04\/8bb3a3c5-eb4e-4e59-8aea-28c0b9b5eb09.jpg'><img loading=\"lazy\" decoding=\"async\" width=\"300\" height=\"171\" src=\"https:\/\/www.radiopiu.net\/wordpress\/wp-content\/uploads\/2021\/04\/8bb3a3c5-eb4e-4e59-8aea-28c0b9b5eb09-300x171.jpg\" class=\"attachment-medium size-medium\" alt=\"\" srcset=\"https:\/\/www.radiopiu.net\/wordpress\/wp-content\/uploads\/2021\/04\/8bb3a3c5-eb4e-4e59-8aea-28c0b9b5eb09-300x171.jpg 300w, https:\/\/www.radiopiu.net\/wordpress\/wp-content\/uploads\/2021\/04\/8bb3a3c5-eb4e-4e59-8aea-28c0b9b5eb09.jpg 616w\" sizes=\"auto, (max-width: 300px) 100vw, 300px\" \/><\/a>\n\t\t\t\t<\/dt><\/dl><dl class='gallery-item'>\n\t\t\t\t<dt class='gallery-icon landscape'>\n\t\t\t\t\t<a class=\"rollover rollover-zoom dt-pswp-item\" title=\"da7c1824-c022-4220-bf04-55df0e820506\" data-dt-img-description=\"\" data-large_image_width=\"624\" data-large_image_height=\"353\"href='https:\/\/www.radiopiu.net\/wordpress\/wp-content\/uploads\/2021\/04\/da7c1824-c022-4220-bf04-55df0e820506.jpg'><img loading=\"lazy\" decoding=\"async\" width=\"300\" height=\"170\" src=\"https:\/\/www.radiopiu.net\/wordpress\/wp-content\/uploads\/2021\/04\/da7c1824-c022-4220-bf04-55df0e820506-300x170.jpg\" class=\"attachment-medium size-medium\" alt=\"\" srcset=\"https:\/\/www.radiopiu.net\/wordpress\/wp-content\/uploads\/2021\/04\/da7c1824-c022-4220-bf04-55df0e820506-300x170.jpg 300w, https:\/\/www.radiopiu.net\/wordpress\/wp-content\/uploads\/2021\/04\/da7c1824-c022-4220-bf04-55df0e820506.jpg 624w\" sizes=\"auto, (max-width: 300px) 100vw, 300px\" \/><\/a>\n\t\t\t\t<\/dt><\/dl><dl class='gallery-item'>\n\t\t\t\t<dt class='gallery-icon landscape'>\n\t\t\t\t\t<a class=\"rollover rollover-zoom dt-pswp-item\" title=\"d9673c52-2aba-41bf-8a1d-9f4b4c7efec9\" data-dt-img-description=\"\" data-large_image_width=\"600\" data-large_image_height=\"355\"href='https:\/\/www.radiopiu.net\/wordpress\/wp-content\/uploads\/2021\/04\/d9673c52-2aba-41bf-8a1d-9f4b4c7efec9.jpg'><img loading=\"lazy\" decoding=\"async\" width=\"300\" height=\"178\" src=\"https:\/\/www.radiopiu.net\/wordpress\/wp-content\/uploads\/2021\/04\/d9673c52-2aba-41bf-8a1d-9f4b4c7efec9-300x178.jpg\" class=\"attachment-medium size-medium\" alt=\"\" srcset=\"https:\/\/www.radiopiu.net\/wordpress\/wp-content\/uploads\/2021\/04\/d9673c52-2aba-41bf-8a1d-9f4b4c7efec9-300x178.jpg 300w, https:\/\/www.radiopiu.net\/wordpress\/wp-content\/uploads\/2021\/04\/d9673c52-2aba-41bf-8a1d-9f4b4c7efec9.jpg 600w\" sizes=\"auto, (max-width: 300px) 100vw, 300px\" \/><\/a>\n\t\t\t\t<\/dt><\/dl><br style=\"clear: both\" \/>\n\t\t\t<\/div>\n\n<p>&nbsp;<\/p>\n<hr \/>\n<p>&nbsp;<\/p>\n<blockquote>\n<h3>LUNEDI IN GIALLO CON IL PROBLEMA DEI TRASPORTI SCOLASTICI, LA CONFERENZA STAMPA DI ZAIA<\/h3>\n<\/blockquote>\n<p>Dibattito in corso sulle aperture a Roma si prepara il decreto, oggi conferenza con i presidenti della Regioni e poi l&#8217;incontro con il Governo. Uno dei punti nevralgici rimane quello dei trasporti, non pu\u00f2 passare l&#8217;idea che non ci siamo organizzati, \u00e8 impossibile trovare mezzi sul mercato tanto su rotaia che su gomma. Cosa porto in discussione? <strong>SCUOLA\u00a0<\/strong> E&#8217; il punto nevralgico. Siamo per ripartire non si discute ma lo si faccia in sicurezza. Si puo&#8217; chiudere le scuole, lasciare lo status quo, optare per una presenza minore, difficile pensare ad aumentare la capienza degli autobus, oppure rendere facoltativa la partecipazione alla didattica in presenza, decida in autonomia lo studente maggiorenne o il genitore per il minorenne. <strong>RISTORANTI <\/strong>ALL&#8217;APERTO Non tutti hanno i plateatici o il giardinetto.<strong> VACCINAZIONI\u00a0<\/strong> Se saremo bravi in due settimane finiamo con gli over 70, sappiamo usare le siringhe, siamo in primi in Italia tutto sta andando per il meglio<strong> INCIDENZA ALTA PERCHE?<\/strong> Meno tamponi. <strong>L&#8217;<\/strong> <strong>ATTIVITA&#8217; PROGRAMMATA RIPARTE?<\/strong> Assolutamente si, siamo in una fase meno problematica, speriamo di dare l&#8217;Ok in settimana.\u00a0<strong> ACC<\/strong> &#8220;<em>Una presa che non molliamo con facilit\u00e0. Il Veneto c&#8217;\u00e8 sempre stato e oggi siamo qui a parlarne&#8221;. Lo ha detto il presidente Luca Zaia spendendo buone parole per l&#8217;Acc nel giorno in cui \u00e8 in corso la manifestazione a Roma e a pochi giorni dalla convocazione del vice Ministro Todde. <\/em><strong>PASS VACCINALE <\/strong>\u00a0Veneto al primo posto in Italia, ma io sono sempre oggetto di critiche,\u00a0 ho solo detto che la vaccinazione \u00e8 volontaria, il documento o pass \u00e8 certamente\u00a0 discriminatorio, ma se non lo hai non puoi girare: noi li prevediamo in italiano e inglese, ma \u00e8 necessario il coordinamento dell&#8217;OMS.<\/p>\n<blockquote>\n<h3>L&#8217;ASSESSORE MANUELA LANZARIN<\/h3>\n<\/blockquote>\n<p>Ieri abbiamo fatto 23mila dosi\u00a0 di vaccino e siamo al 91,4% degli over 80 vaccinati. I non rintracciabili restano l&#8217;1%. I medici di base che stanno vaccinando nei propri ambulatori sono 1.161, gli altri si stanno organizzando Il dato dei 40mila vaccini al giorno \u00e8 previsto dal 29 aprile secondo il piano del generale Figliuolo con \u00a0mezzo milione di dosi inoculate in Italia ogni giorno\u00bb.<\/p>\n<p><a href=\"https:\/\/www.facebook.com\/zaiaufficiale\/videos\/309533270525876\">https:\/\/www.facebook.com\/zaiaufficiale\/videos\/309533270525876<\/a><\/p>\n<p>&nbsp;<\/p>\n<p>&nbsp;<\/p>\n<p>&nbsp;<\/p>\n<hr \/>\n<p>&nbsp;<\/p>\n<blockquote>\n<h3>\u00a023\u00a0 DOSI\u00a0 MONOCLONALI SOMMINISTRATE NELLA\u00a0 ULSS 1 DOLOMITI<\/h3>\n<\/blockquote>\n<p><strong>BELLUNO <\/strong>Continua la terapia contro il covid attraverso l\u2019uso dei monoclonali. I risultati sono soddisfacenti. Ad oggi sono state somministrate dalla UOC di Malattie Infettive di Belluno 23 dosi. I monoclonali sono anticorpi IgG1 che neutralizzano la proteina spike di SARS-CoV-2, impedendone il legame con il recettore ACE2, prevenendo cos\u00ec il successivo ingresso virale nelle cellule umane e di conseguenza la replicazione virale. Sono indicate per i pazienti positivi da meno 10 giorni, meglio se entro i primi 5gg e che per la loro situazione di base si trovano a rischio di progressione e ricovero (diabetici scompensati, grandi obesi, nefropatici in dialisi, cardiopatici, pneumopatici cronici, neoplastici e pazienti in trattamento immunosopressivo). La somministrazione avviene per via endovenosa della durata di un\u2019ora con una successiva ora di monitoraggio visto che il farmaco ad oggi non ha ancora ricevuto la autorizzazione definitiva da EMA. Il paziente terminata la somministrazione ed il monitoraggio pu\u00f2 ritornare a domicilio per continuare l\u2019isolamento fino alla negativizzazione del tampone ed alla ripresa delle normali attivit\u00e0. \u00ab<em>I pazienti trattati ad oggi sono 7 donne e 16 uomini. La fascia d\u2019et\u00e0 pi\u00f9 rappresentata \u00e8 quella tra i 70 e i 79 anni. Dei 23 pazienti trattati, solo uno ha avuto poi bisogno di ricovero peraltro per sintomatologia lieve. I Mococlonali risultano molto efficaci purch\u00e9\u00a0vengano fatti entro i primi 3-5 giorni<\/em> \u00bb, spiega Renzo Scaggiante direttore delle Malattie Infettive.<\/p>\n<p><a href=\"https:\/\/www.radiopiu.net\/wordpress\/sono-23-le-dosi-di-monoclonali-somministrate-in-ulss-1-dolomiti\/senza-titolo-4\/\" rel=\"attachment wp-att-204708\"><img loading=\"lazy\" decoding=\"async\" class=\"alignnone wp-image-204708 size-full\" src=\"https:\/\/www.radiopiu.net\/wordpress\/wp-content\/uploads\/2021\/04\/Senza-titolo.jpg\" alt=\"\" width=\"748\" height=\"425\" srcset=\"https:\/\/www.radiopiu.net\/wordpress\/wp-content\/uploads\/2021\/04\/Senza-titolo.jpg 748w, https:\/\/www.radiopiu.net\/wordpress\/wp-content\/uploads\/2021\/04\/Senza-titolo-300x170.jpg 300w\" sizes=\"auto, (max-width: 748px) 100vw, 748px\" \/><\/a><\/p>\n<p>&nbsp;<\/p>\n<p>&nbsp;<\/p>\n<hr \/>\n<p>&nbsp;<\/p>\n<blockquote>\n<h3>CORTINA DIGITAL FORUM: SPAZIO UNICO PER RIPENSARE LA MONTAGNA<\/h3>\n<\/blockquote>\n<p><strong><a href=\"https:\/\/www.radiopiu.net\/wordpress\/speciale-feltre-fondi-di-confine-e-biblioteche-dal-gr-pomeriggio-di-radio-piu\/roger_de_menech_daticamera\/\" rel=\"attachment wp-att-49599\"><img loading=\"lazy\" decoding=\"async\" class=\" wp-image-49599 alignleft\" src=\"https:\/\/www.radiopiu.net\/wordpress\/wp-content\/uploads\/2018\/05\/Roger_De_Menech_daticamera.jpg\" alt=\"\" width=\"98\" height=\"135\" \/><\/a>BELLUNO<\/strong> Roger De Menech, deputato e presidente del Fondo<span class=\"Apple-converted-space\">\u00a0 <\/span>Comuni Confinanti, rimarca l\u2019importanza dell\u2019evento ideato e organizzato da un gruppo di esperti internazionali con origini bellunesi, Sandra Alver\u00e0 e Alessandro Da Rold, affiancati da Riccardo Masucci, Nell\u2019ambito del Cortina Digital Forum, Roger De Menech parteciper\u00e0 alla tavola rotonda \u2018Portare le aree remote nel 21esimo secolo\u2019 in programma gioved\u00ec 22 aprile alle ore 10.15. L\u2019evento si svolger\u00e0 online.<span class=\"Apple-converted-space\">\u00a0<\/span><\/p>\n<p><strong>AI MICROFONI DI RADIO PIU&#8217; ROGER DE MENECH<\/strong><\/p>\n<audio class=\"wp-audio-shortcode\" id=\"audio-204539-6\" preload=\"none\" style=\"width: 100%;\" controls=\"controls\"><source type=\"audio\/mpeg\" src=\"https:\/\/www.radiopiu.net\/wordpress\/wp-content\/uploads\/2021\/04\/DE-MENECH-CORTINAINFORMA.mp3?_=6\" \/><a href=\"https:\/\/www.radiopiu.net\/wordpress\/wp-content\/uploads\/2021\/04\/DE-MENECH-CORTINAINFORMA.mp3\">https:\/\/www.radiopiu.net\/wordpress\/wp-content\/uploads\/2021\/04\/DE-MENECH-CORTINAINFORMA.mp3<\/a><\/audio>\n<p>&nbsp;<\/p>\n<p>&nbsp;<\/p>\n<hr \/>\n<p>&nbsp;<\/p>\n<blockquote>\n<h3>BELLUNO LABORATORIO DI INNOVAZIONE ALPINA<\/h3>\n<\/blockquote>\n<p><strong>BELLUNO\u00a0<\/strong> Si terr\u00e0\u00a0 domani\u00a0 il Laboratorio Alpino di Innovazione voluto da Confindustria Belluno Dolomiti con l\u2019Universit\u00e0 di Milano Unimont nell\u2019ambito del progetto A-Ring Interreg Alpine Space. Un evento che ha l\u2019obiettivo di promuovere la cooperazione nel campo della Ricerca e Innovazione tra imprese, universit\u00e0, centri di ricerca, pubbliche amministrazioni e ONG che operano nell\u2019area delle Alpi, gettando le basi per future sinergie nello sviluppo di prodotti e servizi innovativi.\u00a0 L\u2019evento \u00e8 aperto a pmi, universit\u00e0, centri di ricerca, autorit\u00e0 pubbliche e ong.<\/p>\n<p>&nbsp;<\/p>\n<p>&nbsp;<\/p>\n<hr \/>\n<blockquote>\n<h3>UNA POLTRONA PER L&#8217;ONCOLOGIA DI FELTRE CON LE ARANCE DI NATALE.<\/h3>\n<blockquote><p><em><span style=\"color: #000000;\"><span style=\"font-family: Liberation Serif;\"><span style=\"font-size: medium;\">Piccoli gesti che sollevano e rincuorano, in un momento difficile per i pazienti e lo staff ospedaliero.<\/span><\/span><\/span><\/em><\/p><\/blockquote>\n<p align=\"LEFT\"><strong><span style=\"color: #000000;\"><span style=\"font-family: Liberation Serif;\"><span style=\"font-size: medium;\"><a href=\"https:\/\/www.radiopiu.net\/wordpress\/una-poltrona-per-loncologia-di-feltre-con-la-arance-di-natale\/afd46002-d5a8-42ec-97a3-b34ac8aa09a7\/\" rel=\"attachment wp-att-204609\"><img loading=\"lazy\" decoding=\"async\" class=\"wp-image-204609 alignleft\" src=\"https:\/\/www.radiopiu.net\/wordpress\/wp-content\/uploads\/2021\/04\/afd46002-d5a8-42ec-97a3-b34ac8aa09a7-300x169.jpg\" alt=\"\" width=\"208\" height=\"117\" srcset=\"https:\/\/www.radiopiu.net\/wordpress\/wp-content\/uploads\/2021\/04\/afd46002-d5a8-42ec-97a3-b34ac8aa09a7-300x169.jpg 300w, https:\/\/www.radiopiu.net\/wordpress\/wp-content\/uploads\/2021\/04\/afd46002-d5a8-42ec-97a3-b34ac8aa09a7-1024x576.jpg 1024w, https:\/\/www.radiopiu.net\/wordpress\/wp-content\/uploads\/2021\/04\/afd46002-d5a8-42ec-97a3-b34ac8aa09a7-768x432.jpg 768w, https:\/\/www.radiopiu.net\/wordpress\/wp-content\/uploads\/2021\/04\/afd46002-d5a8-42ec-97a3-b34ac8aa09a7-1536x864.jpg 1536w, https:\/\/www.radiopiu.net\/wordpress\/wp-content\/uploads\/2021\/04\/afd46002-d5a8-42ec-97a3-b34ac8aa09a7.jpg 1600w\" sizes=\"auto, (max-width: 208px) 100vw, 208px\" \/><\/a>FELTRE <\/span><\/span><\/span><\/strong><span style=\"color: #000000;\"><span style=\"font-family: Liberation Serif;\"><span style=\"font-size: medium;\">La pandemia non ha fermato la generosit\u00e0. L\u2019Associazione Arance di Natale ha pensato ancora una volta ai pi\u00f9 fragili e ha donato una poltrona per le terapie infusionali all&#8217;Oncologia del Santa Maria del Prato, utilizzata per un miglior comfort del paziente durante le terapie.\u00a0 <\/span><\/span><\/span><span style=\"color: #000000;\"><span style=\"font-family: Liberation Serif;\"><span style=\"font-size: medium;\">L\u2019Ulss Dolomiti ha fatto arrivare all\u2019Associazione l\u2019apprezzamento per il generoso gesto, che consente di migliorare i servizi offerti e la cura dei pazienti.<\/span><\/span><\/span><\/p>\n<\/blockquote>\n<p align=\"LEFT\"><span style=\"color: #000000;\"><span style=\"font-family: Liberation Serif;\"><span style=\"font-size: medium;\"><i><a href=\"https:\/\/www.radiopiu.net\/wordpress\/una-poltrona-per-loncologia-di-feltre-con-la-arance-di-natale\/11d54e04-838b-440b-9c0d-8ed893d1ef3e\/\" rel=\"attachment wp-att-204608\"><img loading=\"lazy\" decoding=\"async\" class=\"size-medium wp-image-204608 alignright\" src=\"https:\/\/www.radiopiu.net\/wordpress\/wp-content\/uploads\/2021\/04\/11d54e04-838b-440b-9c0d-8ed893d1ef3e-300x169.jpg\" alt=\"\" width=\"300\" height=\"169\" srcset=\"https:\/\/www.radiopiu.net\/wordpress\/wp-content\/uploads\/2021\/04\/11d54e04-838b-440b-9c0d-8ed893d1ef3e-300x169.jpg 300w, https:\/\/www.radiopiu.net\/wordpress\/wp-content\/uploads\/2021\/04\/11d54e04-838b-440b-9c0d-8ed893d1ef3e-1024x576.jpg 1024w, https:\/\/www.radiopiu.net\/wordpress\/wp-content\/uploads\/2021\/04\/11d54e04-838b-440b-9c0d-8ed893d1ef3e-768x432.jpg 768w, https:\/\/www.radiopiu.net\/wordpress\/wp-content\/uploads\/2021\/04\/11d54e04-838b-440b-9c0d-8ed893d1ef3e-1536x864.jpg 1536w, https:\/\/www.radiopiu.net\/wordpress\/wp-content\/uploads\/2021\/04\/11d54e04-838b-440b-9c0d-8ed893d1ef3e.jpg 1600w\" sizes=\"auto, (max-width: 300px) 100vw, 300px\" \/><\/a>Arance di Natale ONLUS \u00e8 un iniziativa di solidariet\u00e0 organizzata e gestita da camperisti sparsi in tutta Italia, basata sulla vendita di arance nel periodo natalizio e di marmallate di arance durante tutto l&#8217;anno e i fondi raccolti sono destinati a finalit\u00e0 umanitarie.<\/i><\/span><\/span><\/span><\/p>\n<p>&nbsp;<\/p>\n<p>&nbsp;<\/p>\n<p>&nbsp;<\/p>\n<hr \/>\n<blockquote>\n<h3><\/h3>\n<h3>L&#8217;AMMINISTRAZIONE COMUNALE DI AGORDO TI ASPETTA&#8230;PER AIUTARTI<\/h3>\n<\/blockquote>\n<p align=\"JUSTIFY\"><strong><img loading=\"lazy\" decoding=\"async\" class=\"alignleft\" src=\"https:\/\/www.radiopiu.net\/wordpress\/wp-content\/uploads\/2021\/03\/3e485bfd-5eca-4728-bda3-8ca5d8334d53.jpg\" width=\"233\" height=\"131\" \/>AGORDO<\/strong> Il Comune di Agordo si rende disponibile ad aiutare tutti i cittadini che per qualsiasi motivo non sono in grado di provvedere autonomamente alla prenotazione dei vaccini attraverso il portale informatico della Regione Veneto.<\/p>\n<p align=\"JUSTIFY\"><strong>IL MESSAGGIO ALLA RADIO DELL&#8217;ASSESSORE CLAUDIO SITO<\/strong><\/p>\n<audio class=\"wp-audio-shortcode\" id=\"audio-204539-7\" preload=\"none\" style=\"width: 100%;\" controls=\"controls\"><source type=\"audio\/mpeg\" src=\"https:\/\/www.radiopiu.net\/wordpress\/wp-content\/uploads\/2021\/04\/claudio-sito.mp3?_=7\" \/><a href=\"https:\/\/www.radiopiu.net\/wordpress\/wp-content\/uploads\/2021\/04\/claudio-sito.mp3\">https:\/\/www.radiopiu.net\/wordpress\/wp-content\/uploads\/2021\/04\/claudio-sito.mp3<\/a><\/audio>\n<p>&nbsp;<\/p>\n<hr \/>\n<p>&nbsp;<\/p>\n<blockquote>\n<h3>TAIBON:\u00a0 LA GESTIONE DELLE MALGHE RINNOVATA PER UN ANNO<\/h3>\n<\/blockquote>\n<p><strong><a href=\"https:\/\/www.radiopiu.net\/wordpress\/cristian-grones-latteria-di-livinallongo\/mucca\/\" rel=\"attachment wp-att-127837\"><img loading=\"lazy\" decoding=\"async\" class=\" wp-image-127837 alignleft\" src=\"https:\/\/www.radiopiu.net\/wordpress\/wp-content\/uploads\/2020\/04\/mucca-300x200.jpg\" alt=\"\" width=\"206\" height=\"137\" srcset=\"https:\/\/www.radiopiu.net\/wordpress\/wp-content\/uploads\/2020\/04\/mucca-300x200.jpg 300w, https:\/\/www.radiopiu.net\/wordpress\/wp-content\/uploads\/2020\/04\/mucca-1024x683.jpg 1024w, https:\/\/www.radiopiu.net\/wordpress\/wp-content\/uploads\/2020\/04\/mucca-768x512.jpg 768w, https:\/\/www.radiopiu.net\/wordpress\/wp-content\/uploads\/2020\/04\/mucca-1536x1024.jpg 1536w, https:\/\/www.radiopiu.net\/wordpress\/wp-content\/uploads\/2020\/04\/mucca.jpg 1920w\" sizes=\"auto, (max-width: 206px) 100vw, 206px\" \/><\/a>TAIBON<\/strong><\/p>\n<p>di Gianni Santomaso<\/p>\n<audio class=\"wp-audio-shortcode\" id=\"audio-204539-8\" preload=\"none\" style=\"width: 100%;\" controls=\"controls\"><source type=\"audio\/mpeg\" src=\"https:\/\/www.radiopiu.net\/wordpress\/wp-content\/uploads\/2021\/04\/GIANNI-MALGHE-TAIBON.mp3?_=8\" \/><a href=\"https:\/\/www.radiopiu.net\/wordpress\/wp-content\/uploads\/2021\/04\/GIANNI-MALGHE-TAIBON.mp3\">https:\/\/www.radiopiu.net\/wordpress\/wp-content\/uploads\/2021\/04\/GIANNI-MALGHE-TAIBON.mp3<\/a><\/audio>\n<p>&nbsp;<\/p>\n<hr \/>\n<p>&nbsp;<\/p>\n<blockquote>\n<h3>LEGA GIOVANI DI BELLUNO CAMBIO AL VERTICE DELLA<\/h3>\n<\/blockquote>\n<p><strong><a href=\"https:\/\/www.radiopiu.net\/wordpress\/giornale-radiopiu-21-aprile-2021-direttore-mirko-mezzacasa\/lega-giovani\/\" rel=\"attachment wp-att-204713\"><img loading=\"lazy\" decoding=\"async\" class=\" wp-image-204713 alignleft\" src=\"https:\/\/www.radiopiu.net\/wordpress\/wp-content\/uploads\/2021\/04\/LEGA-GIOVANI-300x239.png\" alt=\"\" width=\"176\" height=\"140\" srcset=\"https:\/\/www.radiopiu.net\/wordpress\/wp-content\/uploads\/2021\/04\/LEGA-GIOVANI-300x239.png 300w, https:\/\/www.radiopiu.net\/wordpress\/wp-content\/uploads\/2021\/04\/LEGA-GIOVANI.png 565w\" sizes=\"auto, (max-width: 176px) 100vw, 176px\" \/><\/a>BELLUNO<\/strong> Cambio al vertice della Lega Giovani della Provincia di Belluno. Il coordinamento provinciale giovanile leghista si aggiorna dopo quattro anni per dare spazio a nuovi giovani all\u2019interno della struttura provinciale del movimento. Era infatti il 2017 quando Paolo Luciani, attuale segretario della sezione del capoluogo, diveniva coordinatore provinciale dei giovani leghisti bellunesi. Lo scorso marzo, in una riunione digitale tra gli iscritti under 30 del movimento, la scelta di indicare in Marco Donno la figura di transizione in vista di un congresso nell\u2019autunno prossimo per ridefinire gli impegni giovanili in vista delle amministrative e del prossimo triennio.<\/p>\n<p>&nbsp;<\/p>\n<p>&nbsp;<\/p>\n<hr \/>\n<p>&nbsp;<\/p>\n<blockquote>\n<h3>VARIANTE DI TAI DI CADORE: CONCLUSASI POSITIVAMENTE LA CONFERENZA DI SERVIZI<\/h3>\n<\/blockquote>\n<p><strong><a href=\"https:\/\/www.radiopiu.net\/wordpress\/opere-anas-per-mondiali-e-olimpiadi-la-provincia-fara-da-collettore-delle-richieste-del-territorio\/presidente-gemme-anas\/\" rel=\"attachment wp-att-152085\"><img loading=\"lazy\" decoding=\"async\" class=\"size-medium wp-image-152085 alignleft\" src=\"https:\/\/www.radiopiu.net\/wordpress\/wp-content\/uploads\/2020\/07\/Presidente-Gemme-anas-300x200.jpeg\" alt=\"\" width=\"300\" height=\"200\" srcset=\"https:\/\/www.radiopiu.net\/wordpress\/wp-content\/uploads\/2020\/07\/Presidente-Gemme-anas-300x200.jpeg 300w, https:\/\/www.radiopiu.net\/wordpress\/wp-content\/uploads\/2020\/07\/Presidente-Gemme-anas-1024x683.jpeg 1024w, https:\/\/www.radiopiu.net\/wordpress\/wp-content\/uploads\/2020\/07\/Presidente-Gemme-anas-768x512.jpeg 768w, https:\/\/www.radiopiu.net\/wordpress\/wp-content\/uploads\/2020\/07\/Presidente-Gemme-anas-1536x1024.jpeg 1536w, https:\/\/www.radiopiu.net\/wordpress\/wp-content\/uploads\/2020\/07\/Presidente-Gemme-anas.jpeg 1920w\" sizes=\"auto, (max-width: 300px) 100vw, 300px\" \/><\/a>VENEZIA <\/strong>Si \u00e8 conclusa ieri la seduta finale della Conferenza di Servizi che ha autorizzato il progetto definitivo della Variante di Tai di Cadore, al km 73,600 della Strada Statale 51 \u201cdi Alemagna\u201d. In questa sede sono stati raccolti i pareri favorevoli degli enti coinvolti, tra i quali la Regione Veneto, la Provincia di Belluno, il Comune di Pieve di Cadore, l\u2019Autorit\u00e0 di Distretto Alpi Orientali, che si uniscono ai pareri raccolti in sede di procedura di Valutazione di Impatto Ambientale presso il Ministero dell\u2019Ambiente. \u201c<em>Con l\u2019approvazione in Conferenza di Servizi del progetto definitivo della Variante di Tai di Cadore \u2013 ha commentato il Commissario per il potenziamento della viabilit\u00e0 per Cortina e Presidente di Anas (Gruppo FS Italiane) Claudio Andrea Gemme \u2013 si avvia alla conclusione un percorso complesso sul quale i poteri commissariali non hanno potuto incidere in termini di riduzione dei tempi. E\u2019 in corso di attivazione la redazione del progetto esecutivo, dopo le verifiche di ottemperanze alle prescrizioni emesse dalla Commissione di Valutazione di Impatto Ambientale, si proceder\u00e0 all\u2019appalto dei lavori tramite gara<\/em>\u201d. La Variante di Tai di Cadore prevede la realizzazione di una galleria della lunghezza di oltre 980 metri con raccordi sulla viabilit\u00e0 esistente tramite rotatorie. La soluzione individuata tiene conto delle indicazioni pervenute dal territorio rispetto agli innesti sulla SS 51 nell\u2019ambito del complesso processo di concertazione della soluzione progettuale. L\u2019investimento complessivo attualmente previsto nel Piano degli interventi di adeguamento della viabilit\u00e0 statale in provincia di Belluno \u00e8 di circa 42 milioni di euro.<\/p>\n<p>&nbsp;<\/p>\n<p>&nbsp;<\/p>\n<hr \/>\n<p>&nbsp;<\/p>\n<blockquote>\n<h3>DANTE E IL CINEMA, DA UN&#8217;IDEA DEL LICEO CLASSICO SCIENTIFICO &#8220;ALVISE LOLLINO&#8221;<\/h3>\n<\/blockquote>\n<p><span style=\"color: #333333; font-family: monospace; font-size: 14.16px; font-style: normal; font-variant-ligatures: normal; font-variant-caps: normal; font-weight: 400; letter-spacing: normal; orphans: 2; text-align: start; text-indent: 0px; text-transform: none; white-space: normal; widows: 2; word-spacing: 0px; -webkit-text-stroke-width: 0px; background-color: #ffffff; text-decoration-thickness: initial; text-decoration-style: initial; text-decoration-color: initial; display: inline !important; float: none;\"><strong>BELLUNO<\/strong> Dante e il cinema: \u00abun aspetto della fortuna di Dante meno noto\u00bb dice Antonio Costa, origini feltrine, docente di cinema e arti visive negli atenei di Padova e Venezia. Secondo rispetto alla fortuna letteraria, il rapporto tra Dante e il cinema non \u00e8 per questo meno incisivo, perch\u00e9, nel Belpaese, il cinema nascente volle da subito confrontarsi con chi era l\u2019emblema della sua terra e della sua lingua: \u00e8 del 1911 \u00abL\u2019Inferno\u00bb diretto da Bertolini, De Liguoro e Padovan. Antonio Costa \u00e8 stato invitato dal liceo classico scientifico \u00abAlvise Lollino\u00bb a tenere un incontro, on line visti i tempi di pandemia, nelle manifestazioni per il centenario dantesco, in cui il liceo collabora con la Biblioteca Gregoriana, con i Comuni di Belluno e di Feltre e altre associazioni e gruppi. \u00abEsistono due copie del lungometraggio del 1911: uno alla cineteca nazionale e uno alla filmoteca vaticana\u00bb, dichiara Costa che per l\u2019incontro \u00abDante e il cinema\u00bb, in programma gioved\u00ec 22<\/span><span style=\"color: #333333; font-family: monospace; font-size: 14.16px; font-style: normal; font-variant-ligatures: normal; font-variant-caps: normal; font-weight: 400; letter-spacing: normal; orphans: 2; text-align: start; text-indent: 0px; text-transform: none; white-space: normal; widows: 2; word-spacing: 0px; -webkit-text-stroke-width: 0px; background-color: #ffffff; text-decoration-thickness: initial; text-decoration-style: initial; text-decoration-color: initial; display: inline !important; float: none;\">\u00a0<\/span><span id=\"OBJ_PREFIX_DWT374_com_zimbra_date\" class=\"Object\" style=\"color: #005a95; text-decoration: none; cursor: pointer; font-family: monospace; font-size: 14.16px; font-style: normal; font-variant-ligatures: normal; font-variant-caps: normal; font-weight: 400; letter-spacing: normal; orphans: 2; text-align: start; text-indent: 0px; text-transform: none; white-space: normal; widows: 2; word-spacing: 0px; -webkit-text-stroke-width: 0px; background-color: #ffffff;\" role=\"link\">aprile\u00a0<\/span><span style=\"color: #333333; font-family: monospace; font-size: 14.16px; font-style: normal; font-variant-ligatures: normal; font-variant-caps: normal; font-weight: 400; letter-spacing: normal; orphans: 2; text-align: start; text-indent: 0px; text-transform: none; white-space: normal; widows: 2; word-spacing: 0px; -webkit-text-stroke-width: 0px; background-color: #ffffff; text-decoration-thickness: initial; text-decoration-style: initial; text-decoration-color: initial; display: inline !important; float: none;\">alle 18.30, annuncia anche un omaggio al dantismo di Fellini, nel centenario della nascita di quest\u2019ultimo. Per partecipare \u00e8 sufficiente connettersi alla pagina Facebook del \u00abLollino\u00bb, su cui l&#8217;incontro sar\u00e0 diffuso in diretta:<\/span><span style=\"color: #333333; font-family: monospace; font-size: 14.16px; font-style: normal; font-variant-ligatures: normal; font-variant-caps: normal; font-weight: 400; letter-spacing: normal; orphans: 2; text-align: start; text-indent: 0px; text-transform: none; white-space: normal; widows: 2; word-spacing: 0px; -webkit-text-stroke-width: 0px; background-color: #ffffff; text-decoration-thickness: initial; text-decoration-style: initial; text-decoration-color: initial; display: inline !important; float: none;\">\u00a0<\/span><span id=\"OBJ_PREFIX_DWT375_com_zimbra_url\" class=\"Object\" style=\"color: #005a95; text-decoration: none; cursor: pointer; font-family: monospace; font-size: 14.16px; font-style: normal; font-variant-ligatures: normal; font-variant-caps: normal; font-weight: 400; letter-spacing: normal; orphans: 2; text-align: start; text-indent: 0px; text-transform: none; white-space: normal; widows: 2; word-spacing: 0px; -webkit-text-stroke-width: 0px; background-color: #ffffff;\" role=\"link\"><span id=\"OBJ_PREFIX_DWT376_com_zimbra_url\" class=\"Object\" style=\"color: #005a95; text-decoration: none; cursor: pointer;\" role=\"link\"><a style=\"color: #005a95; text-decoration: none; cursor: pointer;\" href=\"https:\/\/www.facebook.com\/liceolollino\" target=\"_blank\" rel=\"noopener\">https:\/\/www.facebook.com\/liceolollino<\/a><\/span><\/span><\/p>\n<p>&nbsp;<\/p>\n<hr \/>\n<h3><\/h3>\n<blockquote>\n<h3>LE FACCE SENZA MASCHERINA DI IDALGO DE PRA<\/h3>\n<\/blockquote>\n<p><strong>BELLUNO<\/strong> Da sabato 24 aprile presso i negozi\u00a0 Stimm\u00a0 (ex Banca d&#8217;Italia) esposizione di\u00a0 facce senza mascherina, come prima del Covid. Sono 24\u00a0 disegni di Idalgo De Pra,\u00a0 ritratti, caricature di volti noti e meno noti di Belluno e dintorni. Met\u00e0 di questi sono nuovi , altri invece, gi\u00e0 proposti.<\/p>\n<a href=\"https:\/\/www.radiopiu.net\/wordpress\/wp-content\/uploads\/2021\/04\/0.1-RIVEDIAMO-LE-FACCE-SENZA-MASCHERINA-blue-1.pdf\" class=\"pdfemb-viewer\" style=\"\" data-width=\"max\" data-height=\"max\" data-toolbar=\"top\" data-toolbar-fixed=\"on\">0.1 RIVEDIAMO LE FACCE SENZA MASCHERINA blue-1<\/a>\n<p>&nbsp;<\/p>\n<p>&nbsp;<\/p>\n<hr \/>\n<blockquote>\n<h3><\/h3>\n<h3><strong>Settimana per la Salute della donna 19-25 aprile <\/strong><strong>Le iniziative dell\u2019Ulss Dolomiti\u00a0<\/strong><\/h3>\n<\/blockquote>\n<p><strong><a href=\"https:\/\/www.radiopiu.net\/wordpress\/giornale-radiopiu-20-aprile-2021-direttore-mirko-mezzacasa\/175662121_2985050705085083_3690816474886850025_n\/\" rel=\"attachment wp-att-204500\"><img loading=\"lazy\" decoding=\"async\" class=\"size-medium wp-image-204500 alignleft\" src=\"https:\/\/www.radiopiu.net\/wordpress\/wp-content\/uploads\/2021\/04\/175662121_2985050705085083_3690816474886850025_n-212x300.png\" alt=\"\" width=\"212\" height=\"300\" srcset=\"https:\/\/www.radiopiu.net\/wordpress\/wp-content\/uploads\/2021\/04\/175662121_2985050705085083_3690816474886850025_n-212x300.png 212w, https:\/\/www.radiopiu.net\/wordpress\/wp-content\/uploads\/2021\/04\/175662121_2985050705085083_3690816474886850025_n.png 509w\" sizes=\"auto, (max-width: 212px) 100vw, 212px\" \/><\/a><\/strong> L\u2019Ulss Dolomiti ha aderito alla Settimana per la salute della donna, proposta a livello nazionale dal network Onda &#8211; Osservatorio nazionale sulla salute della donna e di genere, proponendo una serie di iniziative tra il 19 e il 25 aprile in modalit\u00e0 online.\u00a0 Continuano le iniziative per la settimana della donna proposte dall\u2019Ulss Dolomiti. I prossimi appuntamenti sono dedicati ai percorsi nascita<\/p>\n<ul>\n<li><strong>NASCERE A BELLUNO <\/strong><strong>Incontri in Gmeet <\/strong>domani 14.30 Per iscriversi mandare una mail a <a href=\"mailto:elisa.mento@aulss1.veneto.it\">elisa.mento@aulss1.veneto.it<\/a>\u00a0 \u00a0oppure telefonare allo 0437\/516397 dalle ore 10.00 alle ore 12.00<\/li>\n<\/ul>\n<div class=\"o9v6fnle cxmmr5t8 oygrvhab hcukyx3x c1et5uql ii04i59q\">\n<div dir=\"auto\">\n<p>Per saperne di pi\u00f9 sui consigli per mantenersi in salute: <a class=\"oajrlxb2 g5ia77u1 qu0x051f esr5mh6w e9989ue4 r7d6kgcz rq0escxv nhd2j8a9 nc684nl6 p7hjln8o kvgmc6g5 cxmmr5t8 oygrvhab hcukyx3x jb3vyjys rz4wbd8a qt6c0cv9 a8nywdso i1ao9s8h esuyzwwr f1sip0of lzcic4wl py34i1dx gpro0wi8\" tabindex=\"0\" role=\"link\" href=\"https:\/\/l.facebook.com\/l.php?u=https%3A%2F%2Fbit.ly%2F32m9xIq%3Ffbclid%3DIwAR1UhNUaJWIRbBITP9FDN1pofHZwcGZAivsZ_DqQEtKjmvZlcc92-WARL8A&amp;h=AT0E4RVmXI5iI2YF2V7XflasUzk-LqbMKhiu09VOwFqgMBqMvrMZzQQ2iCLZSoV0xiaIXZaCUilcuWySagJ9D0Iq9gUA3DIm0VRncShjQWMim2dzcrcSHCkpR7xh6AoLMm1C&amp;__tn__=-UK-R&amp;c[0]=AT0tuZIxHpXBXBCU0076bLMZl02unpxhF8U17wnx9sIAs0rgrWZ8GyyvxQUkpzXDy_2pWGBSRESGbmH4IReSMs3Hs3DHk_5kkGz2w3WueZgaOGLM_WuKkxwYskqW-TajmxXy7hwPt74CBsMVvi2LNhMuuRd9b7IZgpotF6CW5lYWlsFUe2Xi-SvPWuk\" target=\"_blank\" rel=\"nofollow noopener\">https:\/\/bit.ly\/32m9xIq<\/a><\/p>\n<div>\n<div id=\"0DE9E47C-871A-4F90-8440-B190C216800A_201\" class=\"mcafee_ok\"><\/div>\n<\/div>\n<\/div>\n<\/div>\n<div class=\"o9v6fnle cxmmr5t8 oygrvhab hcukyx3x c1et5uql ii04i59q\">\n<div dir=\"auto\">\n<p>Qui l&#8217;elenco completo delle iniziative in programma: <a class=\"oajrlxb2 g5ia77u1 qu0x051f esr5mh6w e9989ue4 r7d6kgcz rq0escxv nhd2j8a9 nc684nl6 p7hjln8o kvgmc6g5 cxmmr5t8 oygrvhab hcukyx3x jb3vyjys rz4wbd8a qt6c0cv9 a8nywdso i1ao9s8h esuyzwwr f1sip0of lzcic4wl py34i1dx gpro0wi8\" tabindex=\"0\" role=\"link\" href=\"https:\/\/bit.ly\/3eg8U8y?fbclid=IwAR3ii6iV0wnoF0bXVTXuw_JNs6ZAsbiZu-J4lquNoLlss3y32XhHu1PJrPw\" target=\"_blank\" rel=\"nofollow noopener\">https:\/\/bit.ly\/3eg8U8y<\/a><\/p>\n<div><\/div>\n<\/div>\n<\/div>\n<p>&nbsp;<\/p>\n<p>&nbsp;<\/p>\n<hr \/>\n<p>&nbsp;<\/p>\n<p><span style=\"color: #ff0000;\"><strong>IERI ALLA RADIO<\/strong><\/span><\/p>\n<blockquote class=\"wp-embedded-content\" data-secret=\"RoWzjuKjfb\"><p><a href=\"https:\/\/www.radiopiu.net\/wordpress\/il-col-de-la-mola-nellantica-regola-di-taibon\/\">IL &#8220;COL DE LA MOLA&#8221; NELL&#8217;ANTICA REGOLA DI TAIBON<\/a><\/p><\/blockquote>\n<p><iframe loading=\"lazy\" class=\"wp-embedded-content\" sandbox=\"allow-scripts\" security=\"restricted\" style=\"position: absolute; clip: rect(1px, 1px, 1px, 1px);\" title=\"&#8220;IL &#8220;COL DE LA MOLA&#8221; NELL&#8217;ANTICA REGOLA DI TAIBON&#8221; &#8212; Radio Pi\u00f9\" src=\"https:\/\/www.radiopiu.net\/wordpress\/il-col-de-la-mola-nellantica-regola-di-taibon\/embed\/#?secret=RoWzjuKjfb\" data-secret=\"RoWzjuKjfb\" width=\"600\" height=\"338\" frameborder=\"0\" marginwidth=\"0\" marginheight=\"0\" scrolling=\"no\"><\/iframe><\/p>\n<p>&nbsp;<\/p>\n<p>&nbsp;<\/p>\n<hr \/>\n<blockquote>\n<h3>SUSANNA DAN SI DIMETTE DA CONSIGLIERE COMUNALE QUESTA SERA IL CONSIGLIO COMUNALE IN DIRETTA<\/h3>\n<\/blockquote>\n<p><strong>FALCADE<\/strong> Il consigliere comunale Susanna Dan ha rassegnato le dimissioni, al suo posto non entrer\u00e0 nessuno per la maggioranza in consiglio comunale non essendoci altri consigliere &#8220;non eletti&#8221;. Delle dimissioni ne discuter\u00e0\u00a0 questa sera\u00a0 alle 20 il consiglio comunale convocato dal sindaco Michele Costa (diretta facebook, youtube e Telegram sui canali di Radio Pi\u00f9).<\/p>\n<p>&nbsp;<\/p>\n<p>&nbsp;<\/p>\n<hr \/>\n<p>&nbsp;<\/p>\n<blockquote>\n<h3>L&#8217;ULSS 1 DOLOMITI METTE A DISPOSIZIONE UN NUMERO PER COLORO CHE HANNO SMARRITO IL PROMEMORIA DEL RICHIAMO AL VACCINO<\/h3>\n<\/blockquote>\n<p><strong>BELLUNO <\/strong>Per coloro che hanno smarrito il promemoria dell\u2019appuntamento per la somministrazione della seconda dose di vaccino anti covid, \u00e8 possibile contattare il numero 0437 184 99 00 dal luned\u00ec al venerd\u00ec dalle 8.30 alle 16.00 e il sabato dalle 8.30 alle 12.30 per conoscere la data programmata.<\/p>\n<p>&nbsp;<\/p>\n<p>&nbsp;<\/p>\n<hr \/>\n<p>&nbsp;<\/p>\n<h3><span style=\"color: #ff99cc;\"><strong>GIRO D&#8217;ITALIA 2021\u00a0 <\/strong><strong>LA TAPPA NELL&#8217;AGORDINO<\/strong><\/span><\/h3>\n<a href=\"https:\/\/www.radiopiu.net\/wordpress\/wp-content\/uploads\/2021\/04\/giro-italia-sacile-cortina.pdf\" class=\"pdfemb-viewer\" style=\"\" data-width=\"max\" data-height=\"max\" data-toolbar=\"top\" data-toolbar-fixed=\"on\">giro italia sacile cortina<\/a>\n<p>&nbsp;<\/p>\n<p>&nbsp;<\/p>\n<hr \/>\n<p>&nbsp;<\/p>\n<blockquote>\n<h3>QUOTIDIANO FEMMINILE NEL CADORE DI IERI<\/h3>\n<\/blockquote>\n<p><strong>di RENATO BONA<\/strong><\/p>\n<p><span class=\"tojvnm2t a6sixzi8 abs2jz4q a8s20v7p t1p8iaqh k5wvi7nf q3lfd5jv pk4s997a bipmatt0 cebpdrjk qowsmv63 owwhemhu dp1hu0rb dhp61c6y iyyx5f41\">Dopo la presentazione di Franca Bimbi docente di sociologia della famiglia all\u2019Universit\u00e0 di Padova e presidente della Commissione regionale per la realizzazione delle pari opportunit\u00e0 tra la donna e l\u2019uomo, sulla quale ci siamo soffermati nel precedente servizio, torniamo sul libro \u201cdi donna in donna il quotidiano femminile nel Cadore di ieri\u201d realizzato nel luglio 1993 dall\u2019Azienda di promozione turistica Valboite-Cadore (fotocomposizione Aquarello, stampa tipografia Tiziano di Pieve di Cadore). E, grazie ad un pregevolissimo brano tratto da \u201cLa guerra in Valle del Boite\u201d, autore Mario Ferruccio Belli, tipografia Tiziano 1991, cerchiamo di capire come era la situazione del mondo femminile che, fin dall\u2019inizio del contributo di Belli, appare spesso drammatica : \u201cNascere donne in Cadore era una grande jattura\u2026 al momento della nascita di una femminuccia, il padre nascondeva difficilmente la sua amarezza\u2026 se non moriva presto, la piccola trascorreva la sua infanzia come un animaletto domestico\u2026\u201d. Belli scrive: \u201cQuando cominciava ad essere signorina, et\u00e0 a cui giungeva senza nessun trattamento di favore per il suo sesso debole, si ritrovava davanti a una massa, sempre crescente, di incombenze: badare ai fratelli pi\u00f9 piccoli, cucinare, lavare, filare, tessere, rammendare\u201d. E nella campagna \u201cdoveva lavorare come i maschi: falciare, portare fieno, raccogliere le patate, mietere, guidare le vacche all\u2019aratro\u201d e spesso le donne dovevano anche reggere l\u2019aratro, tagliare i tronchi, portarli con la pesante slitta alla segheria perch\u00e9 i fratelli o i mariti erano emigrati. Lo scrittore ricorda quindi che a molte vecchiette orfane \u201ctoccava affrontare lavori veramente pesantissimi. Ma anche quando gli uomini erano in casa la giornata non presentava pause\u201d. Vediamo perch\u00e9: \u201cAl mattino la donna si alzava prima dell\u2019uomo. Levatasi, faceva una sommaria toeletta con l\u2019acqua fredda di un catino o del secchio appeso all\u2019armadio, giacch\u00e9 nessuna casa aveva l\u2019acqua corrente. Se la sera si era scordata di attingere alla fonte o al pozzo, doveva farlo al mattino, anche d\u2019inverno, anche con la temperatura sotto zero. Subito dopo c\u2019era il fuoco da ravvivare, operazione laboriosa, fatta di pazienza e forti polmoni\u2026 Appena il fuoco scoppiettava la donna non poteva arrestarsi perch\u00e9 incombeva la colazione per gli uomini: sfarinati, minestre, polente e patate, tutti cibi che richiedono tempo. E mentre gli uomini facevano colazione, lei doveva correre dai bambini, lavarli vestirli, imboccarli; nel frattempo si presentava anche \u2018la parona de ciasa\u2019, la sposa vedova pi\u00f9 anziana, la sola ad avere le chiavi della dispensa; dove tutto era gelosamente custodito sotto chiave, in particolare lo zucchero, il formaggio, il pane e i condimenti. Ancora Mario Ferruccio Belli: \u201cLa \u2018parona\u2019 tratte di sotto le grandi gonne di mezzalana le chiavi dell\u2019armadio, divideva un pane in parti uguali per gli uomini mentre le porzioni delle donne erano pi\u00f9 piccole. Quella razione doveva servire per tutta la giornata\u201d. Quindi, consumata la colazione, cominciavano i lavori nella stalla: pulire le lettiere, foraggiare le bestie spesso assai numerose, abbeverarle portando loro l\u2019acqua nei secchi di legno pesantissimi\u2026 quindi veniva la mungitura e, dopo, la distribuzione dell\u2019ultima bracciata di foraggio preparato fin dalla sera precedente, tornava a casa. E quando funzionava la latteria occorreva portare il latte per la lavorazione: lunghe camminate con i secchi appesi al giogo, per strade sconnesse, spesso innevate, quasi sempre al buio. E quando la latteria era chiusa occorreva lavorare il latte in casa, sbattendolo a lungo nella zangola di legno per cavarne un po\u2019 di burro e il latticello con cui cuocere la ricotta. D\u2019estate, quando le bestie erano all\u2019alpeggio fervevano i lavori della campagna, il pi\u00f9 noioso dei quali era l\u2019allestimento del foraggio: falciare, sparpagliare, rigirare, seccare, rastrellare, raccogliere, portare a casa nei lenzuoli di tela o sui caratteristici carri legati con le funi\u2026 Sul mezzod\u00ec si doveva allestire la tavola per il cibo, di norma polenta\u2026 Gli uomini, tornati a casa, forse accudivano alla stalla, ma spesso si riposavano in quieti conversari seduti sulla panca davanti alla loro casa. \u201cIntanto le donne si indaffaravano per la cena: nuovamente attingere l\u2019acqua, accendere il fuoco, dar da mangiare ai ragazzi, poi agli uomini, quindi buttar gi\u00e0 un boccone. Subito dopo era necessario mettere a letto i bambini, sparecchiare, fare il secchiaio: l\u2019operazione, senza l\u2019ausilio di alcun detersivo, era assai improba; gli ingredienti? Un pugno di sabbia, qualche scaglia di sapone e molto \u2018olio di gomito\u2019. Gli uomini si ritiravano nella \u2018stua\u2019. Terminate le faccende in cucina, raccolto il fuoco nel focolare e coperto di cenere, ci andava pure la donna. Se era giovane e da marito l\u2019attendeva spesso un pretendente. Ma non poteva dedicargli troppa attenzione, perch\u00e9 quasi sempre la \u2018parona\u2019 aveva pronto per lei qualche altro lavoretto: mucchi di stoppa da filare, lana da scardassare, tele da tessere, piccoli ricami, eccetera. Fino a che, con gli occhi rossi per la stanchezza e per la fioca luce del lune a olio di canapa, la sua resistenza fisica si piegava. Allora, chiesto il permesso alla \u2018parona\u2019, poteva andare a letto, senza aver omesso le rituali orazioni\u201d. In conclusione Belli si chiede se quelle donne di allora &#8211; cui restavano la Chiesa, la religione, le pratiche devote, le processioni, i rosari, la dottrina, i vesperi\u2026 , con le cadorine che trovavano nella fede, e soltanto in quella, il compenso per i sacrifici e le privazioni di cui era intrisa la loro giornata quotidiana, e dai sacerdoti ricevevano consigli di moderazione, parole di conforto e di pazienza, e solo cos\u00ec si pu\u00f2 spiegare la loro meravigliosa e serena sottomissione &#8211; fossero felici e risponde: \u201cProbabilmente s\u00ec, anzitutto per il fatto di essere sopravvissute.. Infatti molte morivano, magari giovani, di parto, di stenti, di privazioni; altre ringraziavano la Provvidenza di aver lasciato loro il marito accanto, fino alla tarda et\u00e0\u201d dato che \u201cla vedovanza era la disgrazia maggiore\u201d. <\/span><\/p>\n\n\t\t\t<style type='text\/css'>\n\t\t\t\t#gallery-4 {\n\t\t\t\t\tmargin: auto;\n\t\t\t\t}\n\t\t\t\t#gallery-4 .gallery-item {\n\t\t\t\t\tfloat: left;\n\t\t\t\t\tmargin-top: 10px;\n\t\t\t\t\ttext-align: center;\n\t\t\t\t\twidth: 25%;\n\t\t\t\t}\n\t\t\t\t#gallery-4 img {\n\t\t\t\t\tborder: 2px solid #cfcfcf;\n\t\t\t\t}\n\t\t\t\t#gallery-4 .gallery-caption {\n\t\t\t\t\tmargin-left: 0;\n\t\t\t\t}\n\t\t\t\t\/* see gallery_shortcode() in wp-includes\/media.php *\/\n\t\t\t<\/style>\n\t\t<div id='gallery-4' class='dt-gallery-container gallery galleryid-204539 gallery-columns-4 gallery-size-thumbnail'><dl class='gallery-item'>\n\t\t\t\t<dt class='gallery-icon portrait'>\n\t\t\t\t\t<a class=\"rollover rollover-zoom dt-pswp-item\" title=\"176024312_1709777979194062_6341177269569676328_n\" data-dt-img-description=\"\" data-large_image_width=\"158\" data-large_image_height=\"240\"href='https:\/\/www.radiopiu.net\/wordpress\/wp-content\/uploads\/2021\/04\/176024312_1709777979194062_6341177269569676328_n.jpg'><img loading=\"lazy\" decoding=\"async\" width=\"150\" height=\"150\" src=\"https:\/\/www.radiopiu.net\/wordpress\/wp-content\/uploads\/2021\/04\/176024312_1709777979194062_6341177269569676328_n-150x150.jpg\" class=\"attachment-thumbnail size-thumbnail\" alt=\"\" \/><\/a>\n\t\t\t\t<\/dt><\/dl><dl class='gallery-item'>\n\t\t\t\t<dt class='gallery-icon landscape'>\n\t\t\t\t\t<a class=\"rollover rollover-zoom dt-pswp-item\" title=\"176302892_213696920126444_3586577010630445146_n\" data-dt-img-description=\"\" data-large_image_width=\"261\" data-large_image_height=\"202\"href='https:\/\/www.radiopiu.net\/wordpress\/wp-content\/uploads\/2021\/04\/176302892_213696920126444_3586577010630445146_n.jpg'><img loading=\"lazy\" decoding=\"async\" width=\"150\" height=\"150\" src=\"https:\/\/www.radiopiu.net\/wordpress\/wp-content\/uploads\/2021\/04\/176302892_213696920126444_3586577010630445146_n-150x150.jpg\" class=\"attachment-thumbnail size-thumbnail\" alt=\"\" \/><\/a>\n\t\t\t\t<\/dt><\/dl><dl class='gallery-item'>\n\t\t\t\t<dt class='gallery-icon portrait'>\n\t\t\t\t\t<a class=\"rollover rollover-zoom dt-pswp-item\" title=\"175819384_2826515364284186_7133921098234595256_n\" data-dt-img-description=\"\" data-large_image_width=\"154\" data-large_image_height=\"225\"href='https:\/\/www.radiopiu.net\/wordpress\/wp-content\/uploads\/2021\/04\/175819384_2826515364284186_7133921098234595256_n.jpg'><img loading=\"lazy\" decoding=\"async\" width=\"150\" height=\"150\" src=\"https:\/\/www.radiopiu.net\/wordpress\/wp-content\/uploads\/2021\/04\/175819384_2826515364284186_7133921098234595256_n-150x150.jpg\" class=\"attachment-thumbnail size-thumbnail\" alt=\"\" \/><\/a>\n\t\t\t\t<\/dt><\/dl><dl class='gallery-item'>\n\t\t\t\t<dt class='gallery-icon landscape'>\n\t\t\t\t\t<a class=\"rollover rollover-zoom dt-pswp-item\" title=\"175665546_2983906451840651_602565886491202494_n\" data-dt-img-description=\"\" data-large_image_width=\"308\" data-large_image_height=\"206\"href='https:\/\/www.radiopiu.net\/wordpress\/wp-content\/uploads\/2021\/04\/175665546_2983906451840651_602565886491202494_n.jpg'><img loading=\"lazy\" decoding=\"async\" width=\"150\" height=\"150\" src=\"https:\/\/www.radiopiu.net\/wordpress\/wp-content\/uploads\/2021\/04\/175665546_2983906451840651_602565886491202494_n-150x150.jpg\" class=\"attachment-thumbnail size-thumbnail\" alt=\"\" \/><\/a>\n\t\t\t\t<\/dt><\/dl><br style=\"clear: both\" \/><dl class='gallery-item'>\n\t\t\t\t<dt class='gallery-icon landscape'>\n\t\t\t\t\t<a class=\"rollover rollover-zoom dt-pswp-item\" title=\"176135678_359285488832196_1705954508586840328_n\" data-dt-img-description=\"\" data-large_image_width=\"280\" data-large_image_height=\"201\"href='https:\/\/www.radiopiu.net\/wordpress\/wp-content\/uploads\/2021\/04\/176135678_359285488832196_1705954508586840328_n.jpg'><img loading=\"lazy\" decoding=\"async\" width=\"150\" height=\"150\" src=\"https:\/\/www.radiopiu.net\/wordpress\/wp-content\/uploads\/2021\/04\/176135678_359285488832196_1705954508586840328_n-150x150.jpg\" class=\"attachment-thumbnail size-thumbnail\" alt=\"\" \/><\/a>\n\t\t\t\t<\/dt><\/dl><dl class='gallery-item'>\n\t\t\t\t<dt class='gallery-icon portrait'>\n\t\t\t\t\t<a class=\"rollover rollover-zoom dt-pswp-item\" title=\"176055202_425442515927288_548336772556162930_n\" data-dt-img-description=\"\" data-large_image_width=\"159\" data-large_image_height=\"225\"href='https:\/\/www.radiopiu.net\/wordpress\/wp-content\/uploads\/2021\/04\/176055202_425442515927288_548336772556162930_n.jpg'><img loading=\"lazy\" decoding=\"async\" width=\"150\" height=\"150\" src=\"https:\/\/www.radiopiu.net\/wordpress\/wp-content\/uploads\/2021\/04\/176055202_425442515927288_548336772556162930_n-150x150.jpg\" class=\"attachment-thumbnail size-thumbnail\" alt=\"\" \/><\/a>\n\t\t\t\t<\/dt><\/dl><dl class='gallery-item'>\n\t\t\t\t<dt class='gallery-icon portrait'>\n\t\t\t\t\t<a class=\"rollover rollover-zoom dt-pswp-item\" title=\"176052691_474805937288049_7764998087738372819_n\" data-dt-img-description=\"\" data-large_image_width=\"152\" data-large_image_height=\"206\"href='https:\/\/www.radiopiu.net\/wordpress\/wp-content\/uploads\/2021\/04\/176052691_474805937288049_7764998087738372819_n.jpg'><img loading=\"lazy\" decoding=\"async\" width=\"150\" height=\"150\" src=\"https:\/\/www.radiopiu.net\/wordpress\/wp-content\/uploads\/2021\/04\/176052691_474805937288049_7764998087738372819_n-150x150.jpg\" class=\"attachment-thumbnail size-thumbnail\" alt=\"\" \/><\/a>\n\t\t\t\t<\/dt><\/dl><dl class='gallery-item'>\n\t\t\t\t<dt class='gallery-icon landscape'>\n\t\t\t\t\t<a class=\"rollover rollover-zoom dt-pswp-item\" title=\"175424369_479464039866198_5513260164654370971_n\" data-dt-img-description=\"\" data-large_image_width=\"313\" data-large_image_height=\"206\"href='https:\/\/www.radiopiu.net\/wordpress\/wp-content\/uploads\/2021\/04\/175424369_479464039866198_5513260164654370971_n.jpg'><img loading=\"lazy\" decoding=\"async\" width=\"150\" height=\"150\" src=\"https:\/\/www.radiopiu.net\/wordpress\/wp-content\/uploads\/2021\/04\/175424369_479464039866198_5513260164654370971_n-150x150.jpg\" class=\"attachment-thumbnail size-thumbnail\" alt=\"\" \/><\/a>\n\t\t\t\t<\/dt><\/dl><br style=\"clear: both\" \/><dl class='gallery-item'>\n\t\t\t\t<dt class='gallery-icon landscape'>\n\t\t\t\t\t<a class=\"rollover rollover-zoom dt-pswp-item\" title=\"175494904_500774650941752_7229305795229793309_n\" data-dt-img-description=\"\" data-large_image_width=\"296\" data-large_image_height=\"206\"href='https:\/\/www.radiopiu.net\/wordpress\/wp-content\/uploads\/2021\/04\/175494904_500774650941752_7229305795229793309_n.jpg'><img loading=\"lazy\" decoding=\"async\" width=\"150\" height=\"150\" src=\"https:\/\/www.radiopiu.net\/wordpress\/wp-content\/uploads\/2021\/04\/175494904_500774650941752_7229305795229793309_n-150x150.jpg\" class=\"attachment-thumbnail size-thumbnail\" alt=\"\" \/><\/a>\n\t\t\t\t<\/dt><\/dl><dl class='gallery-item'>\n\t\t\t\t<dt class='gallery-icon portrait'>\n\t\t\t\t\t<a class=\"rollover rollover-zoom dt-pswp-item\" title=\"176087030_513600153341869_3438199508250254641_n\" data-dt-img-description=\"\" data-large_image_width=\"150\" data-large_image_height=\"240\"href='https:\/\/www.radiopiu.net\/wordpress\/wp-content\/uploads\/2021\/04\/176087030_513600153341869_3438199508250254641_n.jpg'><img loading=\"lazy\" decoding=\"async\" width=\"150\" height=\"150\" src=\"https:\/\/www.radiopiu.net\/wordpress\/wp-content\/uploads\/2021\/04\/176087030_513600153341869_3438199508250254641_n-150x150.jpg\" class=\"attachment-thumbnail size-thumbnail\" alt=\"\" \/><\/a>\n\t\t\t\t<\/dt><\/dl><dl class='gallery-item'>\n\t\t\t\t<dt class='gallery-icon landscape'>\n\t\t\t\t\t<a class=\"rollover rollover-zoom dt-pswp-item\" title=\"176069182_801510047149146_505617963972965857_n\" data-dt-img-description=\"\" data-large_image_width=\"311\" data-large_image_height=\"206\"href='https:\/\/www.radiopiu.net\/wordpress\/wp-content\/uploads\/2021\/04\/176069182_801510047149146_505617963972965857_n.jpg'><img loading=\"lazy\" decoding=\"async\" width=\"150\" height=\"150\" src=\"https:\/\/www.radiopiu.net\/wordpress\/wp-content\/uploads\/2021\/04\/176069182_801510047149146_505617963972965857_n-150x150.jpg\" class=\"attachment-thumbnail size-thumbnail\" alt=\"\" \/><\/a>\n\t\t\t\t<\/dt><\/dl><dl class='gallery-item'>\n\t\t\t\t<dt class='gallery-icon landscape'>\n\t\t\t\t\t<a class=\"rollover rollover-zoom dt-pswp-item\" title=\"176308952_820620071877984_3216591365626951632_n\" data-dt-img-description=\"\" data-large_image_width=\"313\" data-large_image_height=\"206\"href='https:\/\/www.radiopiu.net\/wordpress\/wp-content\/uploads\/2021\/04\/176308952_820620071877984_3216591365626951632_n.jpg'><img loading=\"lazy\" decoding=\"async\" width=\"150\" height=\"150\" src=\"https:\/\/www.radiopiu.net\/wordpress\/wp-content\/uploads\/2021\/04\/176308952_820620071877984_3216591365626951632_n-150x150.jpg\" class=\"attachment-thumbnail size-thumbnail\" alt=\"\" \/><\/a>\n\t\t\t\t<\/dt><\/dl><br style=\"clear: both\" \/><dl class='gallery-item'>\n\t\t\t\t<dt class='gallery-icon portrait'>\n\t\t\t\t\t<a class=\"rollover rollover-zoom dt-pswp-item\" title=\"176291040_891277485053003_3630720676283710031_n\" data-dt-img-description=\"\" data-large_image_width=\"157\" data-large_image_height=\"225\"href='https:\/\/www.radiopiu.net\/wordpress\/wp-content\/uploads\/2021\/04\/176291040_891277485053003_3630720676283710031_n.jpg'><img loading=\"lazy\" decoding=\"async\" width=\"150\" height=\"150\" src=\"https:\/\/www.radiopiu.net\/wordpress\/wp-content\/uploads\/2021\/04\/176291040_891277485053003_3630720676283710031_n-150x150.jpg\" class=\"attachment-thumbnail size-thumbnail\" alt=\"\" \/><\/a>\n\t\t\t\t<\/dt><\/dl><dl class='gallery-item'>\n\t\t\t\t<dt class='gallery-icon landscape'>\n\t\t\t\t\t<a class=\"rollover rollover-zoom dt-pswp-item\" title=\"176249640_931734734242872_9070177394334963981_n\" data-dt-img-description=\"\" data-large_image_width=\"318\" data-large_image_height=\"206\"href='https:\/\/www.radiopiu.net\/wordpress\/wp-content\/uploads\/2021\/04\/176249640_931734734242872_9070177394334963981_n.jpg'><img loading=\"lazy\" decoding=\"async\" width=\"150\" height=\"150\" src=\"https:\/\/www.radiopiu.net\/wordpress\/wp-content\/uploads\/2021\/04\/176249640_931734734242872_9070177394334963981_n-150x150.jpg\" class=\"attachment-thumbnail size-thumbnail\" alt=\"\" \/><\/a>\n\t\t\t\t<\/dt><\/dl><dl class='gallery-item'>\n\t\t\t\t<dt class='gallery-icon landscape'>\n\t\t\t\t\t<a class=\"rollover rollover-zoom dt-pswp-item\" title=\"176168302_963418287395400_8499963816784851103_n\" data-dt-img-description=\"\" data-large_image_width=\"276\" data-large_image_height=\"206\"href='https:\/\/www.radiopiu.net\/wordpress\/wp-content\/uploads\/2021\/04\/176168302_963418287395400_8499963816784851103_n.jpg'><img loading=\"lazy\" decoding=\"async\" width=\"150\" height=\"150\" src=\"https:\/\/www.radiopiu.net\/wordpress\/wp-content\/uploads\/2021\/04\/176168302_963418287395400_8499963816784851103_n-150x150.jpg\" class=\"attachment-thumbnail size-thumbnail\" alt=\"\" \/><\/a>\n\t\t\t\t<\/dt><\/dl>\n\t\t\t\t<br style='clear: both' \/>\n\t\t\t<\/div>\n\n<p><span class=\"tojvnm2t a6sixzi8 abs2jz4q a8s20v7p t1p8iaqh k5wvi7nf q3lfd5jv pk4s997a bipmatt0 cebpdrjk qowsmv63 owwhemhu dp1hu0rb dhp61c6y iyyx5f41\">NELLE FOTO (riproduzioni dal libro \u201cdi donna in donna\u201d dell\u2019Apt Valboite Cadore): cucire, controllare il bimbo, nutrire le galline\u2026; al pascolo col bestiame; il foraggio \u00e8 raccolto!; diretti alla stalla; la sartoria? Non se ne parla\u2026; passeggiata in centro; un bel gruppo di famiglia; fumare? Perch\u00e9 no\u2026; lavori domestici e attenzione ai bimbi; pausa per scambiare due parole; momento di relax; il bimbo si rinfresca e beve; gerle piene di foraggio; eppur si zappa\u2026; tempo per due chiacchiere; gruppo al femminile!<\/span><\/p>\n<p>&nbsp;<\/p>\n<p>&nbsp;<\/p>\n<hr \/>\n<p>&nbsp;<\/p>\n<p>&nbsp;<\/p>\n<div class=\"b654a4as d2edcug0\">\n<h2><span style=\"color: #ff0000;\">ALLA RADIO<\/span><\/h2>\n<h2><span style=\"color: #008000;\">ERBE E PIANTE CURATIVE&#8230;IL\u00a0 PROGRAMMA DI PAOLA LANCIATO<\/span><\/h2>\n<p><strong><a href=\"https:\/\/www.radiopiu.net\/wordpress\/giornale-radiopiu-14-aprile-2021-direttore-mirko-mezzacasa\/pianta-limone\/\" rel=\"attachment wp-att-203125\"><img loading=\"lazy\" decoding=\"async\" class=\" wp-image-203125 alignleft\" src=\"https:\/\/www.radiopiu.net\/wordpress\/wp-content\/uploads\/2021\/04\/PIANTA-LIMONE-300x200.jpg\" alt=\"\" width=\"167\" height=\"111\" srcset=\"https:\/\/www.radiopiu.net\/wordpress\/wp-content\/uploads\/2021\/04\/PIANTA-LIMONE-300x200.jpg 300w, https:\/\/www.radiopiu.net\/wordpress\/wp-content\/uploads\/2021\/04\/PIANTA-LIMONE-1024x683.jpg 1024w, https:\/\/www.radiopiu.net\/wordpress\/wp-content\/uploads\/2021\/04\/PIANTA-LIMONE-768x512.jpg 768w, https:\/\/www.radiopiu.net\/wordpress\/wp-content\/uploads\/2021\/04\/PIANTA-LIMONE-1536x1024.jpg 1536w, https:\/\/www.radiopiu.net\/wordpress\/wp-content\/uploads\/2021\/04\/PIANTA-LIMONE.jpg 1920w\" sizes=\"auto, (max-width: 167px) 100vw, 167px\" \/><\/a>PUNTATA 12, LA MARGHERITA<\/strong><\/p>\n<\/div>\n<p><strong>LA RACCOLTA COMPLETA\u00a0\u00a0<\/strong><\/p>\n<p>&nbsp;<\/p>\n<p>&nbsp;<\/p>\n<audio class=\"wp-audio-shortcode\" id=\"audio-204539-9\" preload=\"none\" style=\"width: 100%;\" controls=\"controls\"><source type=\"audio\/mpeg\" src=\"https:\/\/www.radiopiu.net\/wordpress\/wp-content\/uploads\/2021\/04\/11-La-margherita-M.mp3?_=9\" \/><a href=\"https:\/\/www.radiopiu.net\/wordpress\/wp-content\/uploads\/2021\/04\/11-La-margherita-M.mp3\">https:\/\/www.radiopiu.net\/wordpress\/wp-content\/uploads\/2021\/04\/11-La-margherita-M.mp3<\/a><\/audio>\n<p>&nbsp;<\/p>\n<p>&nbsp;<\/p>\n<p>&nbsp;<\/p>\n<hr \/>\n<div dir=\"auto\">\n<blockquote>\n<h3><\/h3>\n<h3>SALUTE E SOCIETA&#8217; IL LUNEDI ALLE 13.10 E ALLE 20.10, LA DOMENICA ALLE 10.30 A CURA DEL DOTTOR MARCO CARACCIOLO. QUINTA STAGIONE<\/h3>\n<\/blockquote>\n<p><strong>LA PUNTATA DELLA SETTIMANA del 19 aprile <\/strong>in questa edizione: Arriva in Italia la prima terapia genica per le malattie ereditarie della retina, patologie che possono portare chi ne \u00e8 colpito a una perdita quasi totale della vista sin dalla tenera et\u00e0. La maggior parte dei pazienti progredisce fino alla cecit\u00e0 totale. Francesca Simonelli, Ordinario Oftalmologia e Direttrice della Clinica Oculistica dell\u2019Universit\u00e0 della Campania Luigi Vanvitelli<\/p>\n<audio class=\"wp-audio-shortcode\" id=\"audio-204539-10\" preload=\"none\" style=\"width: 100%;\" controls=\"controls\"><source type=\"audio\/mpeg\" src=\"https:\/\/www.radiopiu.net\/wordpress\/wp-content\/uploads\/2021\/04\/SALUTE-2.mp3?_=10\" \/><a href=\"https:\/\/www.radiopiu.net\/wordpress\/wp-content\/uploads\/2021\/04\/SALUTE-2.mp3\">https:\/\/www.radiopiu.net\/wordpress\/wp-content\/uploads\/2021\/04\/SALUTE-2.mp3<\/a><\/audio>\n<h3><strong>LA RACCOLTA COMPLETA\u00a0<\/strong><\/h3>\n<\/div>\n<blockquote class=\"wp-embedded-content\" data-secret=\"mTUlS8hj55\"><p><a href=\"https:\/\/www.radiopiu.net\/wordpress\/saluteesocieta\/\">Salute e Societ\u00e0<\/a><\/p><\/blockquote>\n<p><iframe loading=\"lazy\" class=\"wp-embedded-content\" sandbox=\"allow-scripts\" security=\"restricted\" style=\"position: absolute; clip: rect(1px, 1px, 1px, 1px);\" title=\"&#8220;Salute e Societ\u00e0&#8221; &#8212; Radio Pi\u00f9\" src=\"https:\/\/www.radiopiu.net\/wordpress\/saluteesocieta\/embed\/#?secret=mTUlS8hj55\" data-secret=\"mTUlS8hj55\" width=\"600\" height=\"338\" frameborder=\"0\" marginwidth=\"0\" marginheight=\"0\" scrolling=\"no\"><\/iframe><\/p>\n<p>&nbsp;<\/p>\n<hr \/>\n<p>&nbsp;<\/p>\n<p>&nbsp;<\/p>\n<blockquote>\n<h3>IO NE HO VISTE COSE CHE VOI NON POTRESTE IMMAGINARVI<\/h3>\n<\/blockquote>\n<p>Un programma di Claudio Pra, dal lunedi al venerdi \u00a0alle 8.45 ed in replica alle 19.45.<\/p>\n<p>&nbsp;<\/p>\n<p><strong><a href=\"https:\/\/www.radiopiu.net\/wordpress\/io-ne-ho-viste-cose\/7c1d5dc2-6577-48bd-b6a1-e0133ec3905f-2\/\" rel=\"attachment wp-att-204597\"><img loading=\"lazy\" decoding=\"async\" class=\"wp-image-204597 alignleft\" src=\"https:\/\/www.radiopiu.net\/wordpress\/wp-content\/uploads\/2021\/04\/7c1d5dc2-6577-48bd-b6a1-e0133ec3905f-1-300x168.jpg\" alt=\"\" width=\"114\" height=\"64\" srcset=\"https:\/\/www.radiopiu.net\/wordpress\/wp-content\/uploads\/2021\/04\/7c1d5dc2-6577-48bd-b6a1-e0133ec3905f-1-300x168.jpg 300w, https:\/\/www.radiopiu.net\/wordpress\/wp-content\/uploads\/2021\/04\/7c1d5dc2-6577-48bd-b6a1-e0133ec3905f-1-1024x575.jpg 1024w, https:\/\/www.radiopiu.net\/wordpress\/wp-content\/uploads\/2021\/04\/7c1d5dc2-6577-48bd-b6a1-e0133ec3905f-1-768x431.jpg 768w, https:\/\/www.radiopiu.net\/wordpress\/wp-content\/uploads\/2021\/04\/7c1d5dc2-6577-48bd-b6a1-e0133ec3905f-1.jpg 1500w\" sizes=\"auto, (max-width: 114px) 100vw, 114px\" \/><\/a>PUNTATA 22 <span style=\"font-size: medium; font-family: 'Times New Roman', serif; color: #000000;\">\u00a0Osservazioni indimenticabili<\/span><\/strong><\/p>\n<audio class=\"wp-audio-shortcode\" id=\"audio-204539-11\" preload=\"none\" style=\"width: 100%;\" controls=\"controls\"><source type=\"audio\/mpeg\" src=\"https:\/\/www.radiopiu.net\/wordpress\/wp-content\/uploads\/2021\/04\/22-puntata.mp3?_=11\" \/><a href=\"https:\/\/www.radiopiu.net\/wordpress\/wp-content\/uploads\/2021\/04\/22-puntata.mp3\">https:\/\/www.radiopiu.net\/wordpress\/wp-content\/uploads\/2021\/04\/22-puntata.mp3<\/a><\/audio>\n<h2><\/h2>\n<h2><span style=\"color: #000000;\"><strong>LA RACCOLTA COMPLETA\u00a0<\/strong><\/span><\/h2>\n<blockquote class=\"wp-embedded-content\" data-secret=\"8u5zUi5SOq\"><p><a href=\"https:\/\/www.radiopiu.net\/wordpress\/io-ne-ho-viste-cose\/\">IO NE HO VISTE COSE CHE VOI NON POTRESTE IMMAGINARVI<\/a><\/p><\/blockquote>\n<p><iframe loading=\"lazy\" class=\"wp-embedded-content\" sandbox=\"allow-scripts\" security=\"restricted\" style=\"position: absolute; clip: rect(1px, 1px, 1px, 1px);\" title=\"&#8220;IO NE HO VISTE COSE CHE VOI NON POTRESTE IMMAGINARVI&#8221; &#8212; Radio Pi\u00f9\" src=\"https:\/\/www.radiopiu.net\/wordpress\/io-ne-ho-viste-cose\/embed\/#?secret=8u5zUi5SOq\" data-secret=\"8u5zUi5SOq\" width=\"600\" height=\"338\" frameborder=\"0\" marginwidth=\"0\" marginheight=\"0\" scrolling=\"no\"><\/iframe><\/p>\n<p>&nbsp;<\/p>\n<hr \/>\n<p>&nbsp;<\/p>\n<h2><\/h2>\n<h2><span style=\"color: #808000;\">DUE MINUTI UN LIBRO\u00a0 TUTTI I GIORNI ALLA RADIO ALLE 9.30 E ALLE 18. QUINTA STAGIONE\u00a0 \u00a0<\/span><\/h2>\n<blockquote class=\"wp-embedded-content\" data-secret=\"fPYc6tL9NR\"><p><a href=\"https:\/\/www.radiopiu.net\/wordpress\/ti-lascio-la-luce-accesa\/\">TI LASCIO LA LUCE ACCESA<\/a><\/p><\/blockquote>\n<p><iframe loading=\"lazy\" class=\"wp-embedded-content\" sandbox=\"allow-scripts\" security=\"restricted\" style=\"position: absolute; clip: rect(1px, 1px, 1px, 1px);\" title=\"&#8220;TI LASCIO LA LUCE ACCESA&#8221; &#8212; Radio Pi\u00f9\" src=\"https:\/\/www.radiopiu.net\/wordpress\/ti-lascio-la-luce-accesa\/embed\/#?secret=fPYc6tL9NR\" data-secret=\"fPYc6tL9NR\" width=\"600\" height=\"338\" frameborder=\"0\" marginwidth=\"0\" marginheight=\"0\" scrolling=\"no\"><\/iframe><\/p>\n<h3><span style=\"color: #808000;\">\u00a0<\/span>LA RACCOLTA COMPLETA<\/h3>\n<blockquote class=\"wp-embedded-content\" data-secret=\"ipEx64dnSr\"><p><a href=\"https:\/\/www.radiopiu.net\/wordpress\/due-minuti-un-libro\/\">Due minuti un libro<\/a><\/p><\/blockquote>\n<p><iframe loading=\"lazy\" class=\"wp-embedded-content\" sandbox=\"allow-scripts\" security=\"restricted\" style=\"position: absolute; clip: rect(1px, 1px, 1px, 1px);\" title=\"&#8220;Due minuti un libro&#8221; &#8212; Radio Pi\u00f9\" src=\"https:\/\/www.radiopiu.net\/wordpress\/due-minuti-un-libro\/embed\/#?secret=ipEx64dnSr\" data-secret=\"ipEx64dnSr\" width=\"600\" height=\"338\" frameborder=\"0\" marginwidth=\"0\" marginheight=\"0\" scrolling=\"no\"><\/iframe><\/p>\n<p>&nbsp;<\/p>\n<p>&nbsp;<\/p>\n<p>&nbsp;<\/p>\n<p>&nbsp;<\/p>\n<hr \/>\n<p>&nbsp;<\/p>\n<blockquote>\n<h3 class=\"kvgmc6g5 cxmmr5t8 oygrvhab hcukyx3x c1et5uql\"><span style=\"color: #0000ff;\">INFORMAZIONE il canale su TELEGRAM informazione di prima mano e in tempo reale. iscriviti ed aiutaci a farlo conoscere\u00a0<\/span><\/h3>\n<\/blockquote>\n<h2><img loading=\"lazy\" decoding=\"async\" class=\"alignleft\" src=\"https:\/\/www.radiopiu.net\/wordpress\/wp-content\/uploads\/2021\/03\/narr.jpg\" width=\"158\" height=\"105\" \/>007 IN CONDOTTA CON LA PROF. MARIA ROSA SALMAZO IL LUNEDI ALLE 10,30 E ALLE 19.00 LA DOMENICA ALLE 8 DEL MATTINO. NONA STAGIONE<\/h2>\n<p><span style=\"color: #ff0000;\"><strong>PUNTATA DEL 19 APRILE 2021<\/strong><\/span><\/p>\n<audio class=\"wp-audio-shortcode\" id=\"audio-204539-12\" preload=\"none\" style=\"width: 100%;\" controls=\"controls\"><source type=\"audio\/mpeg\" src=\"https:\/\/www.radiopiu.net\/wordpress\/wp-content\/uploads\/2021\/04\/007-condotta-19-aprile.mp3?_=12\" \/><a href=\"https:\/\/www.radiopiu.net\/wordpress\/wp-content\/uploads\/2021\/04\/007-condotta-19-aprile.mp3\">https:\/\/www.radiopiu.net\/wordpress\/wp-content\/uploads\/2021\/04\/007-condotta-19-aprile.mp3<\/a><\/audio>\n<h2>LA RACCOLTA COMPLETA<\/h2>\n<blockquote class=\"wp-embedded-content\" data-secret=\"mXJZ97LDzQ\"><p><a href=\"https:\/\/www.radiopiu.net\/wordpress\/007incondotta-9\/\">007 in condotta<\/a><\/p><\/blockquote>\n<p><iframe loading=\"lazy\" class=\"wp-embedded-content\" sandbox=\"allow-scripts\" security=\"restricted\" style=\"position: absolute; clip: rect(1px, 1px, 1px, 1px);\" title=\"&#8220;007 in condotta&#8221; &#8212; Radio Pi\u00f9\" src=\"https:\/\/www.radiopiu.net\/wordpress\/007incondotta-9\/embed\/#?secret=mXJZ97LDzQ\" data-secret=\"mXJZ97LDzQ\" width=\"600\" height=\"338\" frameborder=\"0\" marginwidth=\"0\" marginheight=\"0\" scrolling=\"no\"><\/iframe><\/p>\n<blockquote><p>&nbsp;<\/p><\/blockquote>\n<p>&nbsp;<\/p>\n<hr \/>\n<div>\n<p><span style=\"color: #33cccc;\">\u00a0<\/span><\/p>\n<h2><span style=\"color: #33cccc;\">I RACCONTI DI PAOLO SOPPELSA il lunedi alle 9.30 e 18.30<\/span><\/h2>\n<blockquote class=\"wp-embedded-content\" data-secret=\"VQdFgc4ce2\"><p><a href=\"https:\/\/www.radiopiu.net\/wordpress\/i-racconti-di-paolo-soppelsa-settantunesima-puntata\/\">I RACCONTI DI PAOLO SOPPELSA SETTANTUNESIMA PUNTATA<\/a><\/p><\/blockquote>\n<p><iframe loading=\"lazy\" class=\"wp-embedded-content\" sandbox=\"allow-scripts\" security=\"restricted\" style=\"position: absolute; clip: rect(1px, 1px, 1px, 1px);\" title=\"&#8220;I RACCONTI DI PAOLO SOPPELSA SETTANTUNESIMA PUNTATA&#8221; &#8212; Radio Pi\u00f9\" src=\"https:\/\/www.radiopiu.net\/wordpress\/i-racconti-di-paolo-soppelsa-settantunesima-puntata\/embed\/#?secret=VQdFgc4ce2\" data-secret=\"VQdFgc4ce2\" width=\"600\" height=\"338\" frameborder=\"0\" marginwidth=\"0\" marginheight=\"0\" scrolling=\"no\"><\/iframe><\/p>\n<p><span style=\"color: #0000ff;\">INFORMAZIONE il canale su TELEGRAM informazione di prima mano e in tempo reale. iscriviti ed aiutaci a farlo conoscere\u00a0<\/span><\/p>\n<h2><span style=\"color: #33cccc;\"><strong>RACCOLTA COMPLETA<\/strong><\/span><\/h2>\n<blockquote class=\"wp-embedded-content\" data-secret=\"s4prXLCKyX\"><p><a href=\"https:\/\/www.radiopiu.net\/wordpress\/i-racconti-di-paolo-soppelsa\/\">I racconti di Paolo Soppelsa<\/a><\/p><\/blockquote>\n<p><iframe loading=\"lazy\" class=\"wp-embedded-content\" sandbox=\"allow-scripts\" security=\"restricted\" style=\"position: absolute; clip: rect(1px, 1px, 1px, 1px);\" title=\"&#8220;I racconti di Paolo Soppelsa&#8221; &#8212; Radio Pi\u00f9\" src=\"https:\/\/www.radiopiu.net\/wordpress\/i-racconti-di-paolo-soppelsa\/embed\/#?secret=s4prXLCKyX\" data-secret=\"s4prXLCKyX\" width=\"600\" height=\"338\" frameborder=\"0\" marginwidth=\"0\" marginheight=\"0\" scrolling=\"no\"><\/iframe><\/p>\n<\/div>\n<h2><span style=\"color: #ff0000;\">\u00a0 \u00a0<\/span><\/h2>\n<hr \/>\n<p>&nbsp;<\/p>\n<h2><span style=\"color: #800080;\"><strong>LA RASSEGNA STAMPA DA L&#8217;AMICO DEL POPOLO\u00a0<\/strong><\/span><\/h2>\n<h3 class=\"kvgmc6g5 cxmmr5t8 oygrvhab hcukyx3x c1et5uql\"><span style=\"color: #0000ff;\"> INFORMAZIONE il canale su TELEGRAM informazione di prima mano e in tempo reale. iscriviti ed aiutaci a farlo conoscere\u00a0<\/span><\/h3>\n<p><strong><a href=\"https:\/\/www.radiopiu.net\/wordpress\/la-rassegna-stampa-da-lamico-del-popolo-17-aprile-2021\/hard-hat-4274431_1920\/\" rel=\"attachment wp-att-204002\"><img loading=\"lazy\" decoding=\"async\" class=\"size-medium wp-image-204002 alignleft\" src=\"https:\/\/www.radiopiu.net\/wordpress\/wp-content\/uploads\/2021\/04\/hard-hat-4274431_1920-300x169.jpg\" alt=\"\" width=\"300\" height=\"169\" srcset=\"https:\/\/www.radiopiu.net\/wordpress\/wp-content\/uploads\/2021\/04\/hard-hat-4274431_1920-300x169.jpg 300w, https:\/\/www.radiopiu.net\/wordpress\/wp-content\/uploads\/2021\/04\/hard-hat-4274431_1920-1024x576.jpg 1024w, https:\/\/www.radiopiu.net\/wordpress\/wp-content\/uploads\/2021\/04\/hard-hat-4274431_1920-768x432.jpg 768w, https:\/\/www.radiopiu.net\/wordpress\/wp-content\/uploads\/2021\/04\/hard-hat-4274431_1920-1536x864.jpg 1536w, https:\/\/www.radiopiu.net\/wordpress\/wp-content\/uploads\/2021\/04\/hard-hat-4274431_1920.jpg 1920w\" sizes=\"auto, (max-width: 300px) 100vw, 300px\" \/><\/a>di Gianni Santomaso<\/strong><\/p>\n<p>OSPITI: Francesca Case, Silvia Del Din e Alice Ganz<\/p>\n<audio class=\"wp-audio-shortcode\" id=\"audio-204539-13\" preload=\"none\" style=\"width: 100%;\" controls=\"controls\"><source type=\"audio\/mpeg\" src=\"https:\/\/www.radiopiu.net\/wordpress\/wp-content\/uploads\/2021\/04\/RASSEGNA-GIANNI-2.mp3?_=13\" \/><a href=\"https:\/\/www.radiopiu.net\/wordpress\/wp-content\/uploads\/2021\/04\/RASSEGNA-GIANNI-2.mp3\">https:\/\/www.radiopiu.net\/wordpress\/wp-content\/uploads\/2021\/04\/RASSEGNA-GIANNI-2.mp3<\/a><\/audio>\n<p><strong>LA RACCOLTA COMPLETA<\/strong><\/p>\n<blockquote class=\"wp-embedded-content\" data-secret=\"hYG4nFgjhm\"><p><a href=\"https:\/\/www.radiopiu.net\/wordpress\/rassegna-stampa-di-gianni-santomaso\/\">Rassegna stampa da l&#8217;amico del popolo &#8211; di Gianni Santomaso<\/a><\/p><\/blockquote>\n<p><iframe loading=\"lazy\" class=\"wp-embedded-content\" sandbox=\"allow-scripts\" security=\"restricted\" style=\"position: absolute; clip: rect(1px, 1px, 1px, 1px);\" title=\"&#8220;Rassegna stampa da l&#8217;amico del popolo &#8211; di Gianni Santomaso&#8221; &#8212; Radio Pi\u00f9\" src=\"https:\/\/www.radiopiu.net\/wordpress\/rassegna-stampa-di-gianni-santomaso\/embed\/#?secret=hYG4nFgjhm\" data-secret=\"hYG4nFgjhm\" width=\"600\" height=\"338\" frameborder=\"0\" marginwidth=\"0\" marginheight=\"0\" scrolling=\"no\"><\/iframe><\/p>\n<p>&nbsp;<\/p>\n<p>&nbsp;<\/p>\n<p>&nbsp;<\/p>\n<hr \/>\n<blockquote>\n<h3><\/h3>\n<\/blockquote>\n<p>&nbsp;<\/p>\n<p>&nbsp;<\/p>\n<hr \/>\n<p>&nbsp;<\/p>\n<p>&nbsp;<\/p>\n<h1><span style=\"color: #ff0000;\"><strong>IN VIVO VERSO 2020-21<\/strong><\/span><\/h1>\n<blockquote><p><span style=\"color: #ff0000;\"><strong>IN ONDA DAL LUNEDI AL VENERDI ALLE 7.10, 10.10, 18.50\u00a0 \u00a0<\/strong><\/span><\/p><\/blockquote>\n<blockquote class=\"wp-embedded-content\" data-secret=\"rZbYnGEMKL\"><p><a href=\"https:\/\/www.radiopiu.net\/wordpress\/ho-dimenticato-di-myrta-de-riz\/\">HO DIMENTICATO  di MYRTA DE RIZ<\/a><\/p><\/blockquote>\n<p><iframe loading=\"lazy\" class=\"wp-embedded-content\" sandbox=\"allow-scripts\" security=\"restricted\" style=\"position: absolute; clip: rect(1px, 1px, 1px, 1px);\" title=\"&#8220;HO DIMENTICATO  di MYRTA DE RIZ&#8221; &#8212; Radio Pi\u00f9\" src=\"https:\/\/www.radiopiu.net\/wordpress\/ho-dimenticato-di-myrta-de-riz\/embed\/#?secret=rZbYnGEMKL\" data-secret=\"rZbYnGEMKL\" width=\"600\" height=\"338\" frameborder=\"0\" marginwidth=\"0\" marginheight=\"0\" scrolling=\"no\"><\/iframe><\/p>\n<p><strong>LA RACCOLTA COMPLETA<\/strong><\/p>\n<blockquote class=\"wp-embedded-content\" data-secret=\"CfW9sLLLVb\"><p><a href=\"https:\/\/www.radiopiu.net\/wordpress\/in-vivo-verso\/\">In Vivo Verso<\/a><\/p><\/blockquote>\n<p><iframe loading=\"lazy\" class=\"wp-embedded-content\" sandbox=\"allow-scripts\" security=\"restricted\" style=\"position: absolute; clip: rect(1px, 1px, 1px, 1px);\" title=\"&#8220;In Vivo Verso&#8221; &#8212; Radio Pi\u00f9\" src=\"https:\/\/www.radiopiu.net\/wordpress\/in-vivo-verso\/embed\/#?secret=CfW9sLLLVb\" data-secret=\"CfW9sLLLVb\" width=\"600\" height=\"338\" frameborder=\"0\" marginwidth=\"0\" marginheight=\"0\" scrolling=\"no\"><\/iframe><\/p>\n<p>&nbsp;<\/p>\n<hr \/>\n<p>&nbsp;<\/p>\n<p>&nbsp;<\/p>\n<h2><span style=\"color: #ff0000;\"><a href=\"https:\/\/www.radiopiu.net\/wordpress\/giornale-radiopiu-05-gennaio-2021-direttore-mirko-mezzacasa\/133200401_100838761953611_1258544160541445132_o-2\/\" rel=\"attachment wp-att-183078\"><img loading=\"lazy\" decoding=\"async\" class=\" wp-image-183078 alignleft\" src=\"https:\/\/www.radiopiu.net\/wordpress\/wp-content\/uploads\/2021\/01\/133200401_100838761953611_1258544160541445132_o-1-300x157.jpg\" alt=\"\" width=\"192\" height=\"101\" srcset=\"https:\/\/www.radiopiu.net\/wordpress\/wp-content\/uploads\/2021\/01\/133200401_100838761953611_1258544160541445132_o-1-300x157.jpg 300w, https:\/\/www.radiopiu.net\/wordpress\/wp-content\/uploads\/2021\/01\/133200401_100838761953611_1258544160541445132_o-1.jpg 526w\" sizes=\"auto, (max-width: 192px) 100vw, 192px\" \/><\/a>GOCCE DI FILOSOFIA, CON CHIARA CAU, CON LISA DE LUCA. <\/span><\/h2>\n<h2><span style=\"color: #ff0000;\">TUTTI I GIORNI DAL LUNEDI AL VENERDI ALLE 6.55 E ALLE 18.55<\/span><\/h2>\n<p><strong>PUNTATA 77<\/strong><\/p>\n<audio class=\"wp-audio-shortcode\" id=\"audio-204539-14\" preload=\"none\" style=\"width: 100%;\" controls=\"controls\"><source type=\"audio\/mpeg\" src=\"https:\/\/www.radiopiu.net\/wordpress\/wp-content\/uploads\/2021\/04\/FI2-2.mp3?_=14\" \/><a href=\"https:\/\/www.radiopiu.net\/wordpress\/wp-content\/uploads\/2021\/04\/FI2-2.mp3\">https:\/\/www.radiopiu.net\/wordpress\/wp-content\/uploads\/2021\/04\/FI2-2.mp3<\/a><\/audio>\n<h3>LA RACCOLTA COMPLETA<\/h3>\n<blockquote class=\"wp-embedded-content\" data-secret=\"bGHXzg460g\"><p><a href=\"https:\/\/www.radiopiu.net\/wordpress\/gocce-filosofia\/\">Gocce di filosofia<\/a><\/p><\/blockquote>\n<p><iframe loading=\"lazy\" class=\"wp-embedded-content\" sandbox=\"allow-scripts\" security=\"restricted\" style=\"position: absolute; clip: rect(1px, 1px, 1px, 1px);\" title=\"&#8220;Gocce di filosofia&#8221; &#8212; Radio Pi\u00f9\" src=\"https:\/\/www.radiopiu.net\/wordpress\/gocce-filosofia\/embed\/#?secret=bGHXzg460g\" data-secret=\"bGHXzg460g\" width=\"600\" height=\"338\" frameborder=\"0\" marginwidth=\"0\" marginheight=\"0\" scrolling=\"no\"><\/iframe><\/p>\n<p>&nbsp;<\/p>\n<hr \/>\n<p>&nbsp;<\/p>\n<p>&nbsp;<\/p>\n<blockquote>\n<h3><a href=\"https:\/\/www.radiopiu.net\/wordpress\/almanacco-ladino-puntata-5-2020\/sn\/\" rel=\"attachment wp-att-180931\"><img loading=\"lazy\" decoding=\"async\" class=\"wp-image-180931 alignleft\" src=\"https:\/\/www.radiopiu.net\/wordpress\/wp-content\/uploads\/2020\/12\/sn-300x194.jpg\" alt=\"\" width=\"181\" height=\"117\" srcset=\"https:\/\/www.radiopiu.net\/wordpress\/wp-content\/uploads\/2020\/12\/sn-300x194.jpg 300w, https:\/\/www.radiopiu.net\/wordpress\/wp-content\/uploads\/2020\/12\/sn.jpg 626w\" sizes=\"auto, (max-width: 181px) 100vw, 181px\" \/><\/a>L&#8217;ALMANACCO LADINO CON L&#8217;ISTITUT CESA DE JAN QUINDICINALE APPUNTAMENTO. LA DOMENICA ALLE 9 IL LUNEDI ALLE 8.35 IL MARTEDI ALLE 12.35 IL MERCOLEDI ALLE 18.35. SECONDA STAGIONE.<\/h3>\n<\/blockquote>\n<p><strong>RACCOLTA COMPLETA\u00a0<\/strong><\/p>\n<blockquote class=\"wp-embedded-content\" data-secret=\"eHcGLj6McR\"><p><a href=\"https:\/\/www.radiopiu.net\/wordpress\/almanacco-ladino\/\">Almanacco Ladino<\/a><\/p><\/blockquote>\n<p><iframe loading=\"lazy\" class=\"wp-embedded-content\" sandbox=\"allow-scripts\" security=\"restricted\" style=\"position: absolute; clip: rect(1px, 1px, 1px, 1px);\" title=\"&#8220;Almanacco Ladino&#8221; &#8212; Radio Pi\u00f9\" src=\"https:\/\/www.radiopiu.net\/wordpress\/almanacco-ladino\/embed\/#?secret=eHcGLj6McR\" data-secret=\"eHcGLj6McR\" width=\"600\" height=\"338\" frameborder=\"0\" marginwidth=\"0\" marginheight=\"0\" scrolling=\"no\"><\/iframe><\/p>\n<div dir=\"auto\">\n<hr \/>\n<\/div>\n<blockquote><p>&nbsp;<\/p><\/blockquote>\n<h2><span style=\"color: #ff0000;\">dalla nuova generazione&#8230; cultura e tradizione<\/span><\/h2>\n<blockquote>\n<h3><em>PIAZA LADINA ALLA RADIO<\/em><\/h3>\n<\/blockquote>\n<p><strong>LA\u00a0 SETTIMA PUNTATA\u00a0 &#8220;Perche che ne serf scrive co na grafia sola&#8221; (14 Marzo 2021)<\/strong><\/p>\n<audio class=\"wp-audio-shortcode\" id=\"audio-204539-15\" preload=\"none\" style=\"width: 100%;\" controls=\"controls\"><source type=\"audio\/mpeg\" src=\"https:\/\/www.radiopiu.net\/wordpress\/wp-content\/uploads\/2021\/04\/Pontada-7-Perche-che-ne-serf-scrive-co-na-GRAFIA-sola-1.mp3?_=15\" \/><a href=\"https:\/\/www.radiopiu.net\/wordpress\/wp-content\/uploads\/2021\/04\/Pontada-7-Perche-che-ne-serf-scrive-co-na-GRAFIA-sola-1.mp3\">https:\/\/www.radiopiu.net\/wordpress\/wp-content\/uploads\/2021\/04\/Pontada-7-Perche-che-ne-serf-scrive-co-na-GRAFIA-sola-1.mp3<\/a><\/audio>\n<p>&nbsp;<\/p>\n<blockquote>\n<h2>LA RACCOLTA COMPLETA<\/h2>\n<\/blockquote>\n<blockquote class=\"wp-embedded-content\" data-secret=\"65Aosbyzry\"><p><a href=\"https:\/\/www.radiopiu.net\/wordpress\/agora-agordina-la-nosta-piaza\/\">AGORA&#8217; AGORDINA&#8230; LA NOSTA PIAZA LADINA.  pagina in aggiornamento continuo<\/a><\/p><\/blockquote>\n<p><iframe loading=\"lazy\" class=\"wp-embedded-content\" sandbox=\"allow-scripts\" security=\"restricted\" style=\"position: absolute; clip: rect(1px, 1px, 1px, 1px);\" title=\"&#8220;AGORA&#8217; AGORDINA&#8230; LA NOSTA PIAZA LADINA.  pagina in aggiornamento continuo&#8221; &#8212; Radio Pi\u00f9\" src=\"https:\/\/www.radiopiu.net\/wordpress\/agora-agordina-la-nosta-piaza\/embed\/#?secret=65Aosbyzry\" data-secret=\"65Aosbyzry\" width=\"600\" height=\"338\" frameborder=\"0\" marginwidth=\"0\" marginheight=\"0\" scrolling=\"no\"><\/iframe><\/p>\n<p>&nbsp;<\/p>\n<p>&nbsp;<\/p>\n<p>&nbsp;<\/p>\n<hr \/>\n<div class=\"b654a4as d2edcug0\">\n<div class=\"j83agx80 btwxx1t3 lhclo0ds hop8lmos nkwizq5d scwd0bx6 roh60bw9\">\n<div class=\"rq0escxv hkbzh7o3 jwdofwj8 n8tt0mok r8blr3vg hyh9befq\">\n<div class=\"do00u71z l9j0dhe7 k4urcfbm\">\n<div>\n<h2><span style=\"color: #000080;\"><a class=\"dt-pswp-item\" href=\"https:\/\/www.radiopiu.net\/wordpress\/wp-content\/uploads\/2020\/10\/pp.jpg\" data-dt-img-description=\"\" data-large_image_width=\"640\" data-large_image_height=\"640\"><img loading=\"lazy\" decoding=\"async\" class=\"wp-image-163678 alignleft\" src=\"https:\/\/www.radiopiu.net\/wordpress\/wp-content\/uploads\/2020\/10\/pp-300x300.jpg\" alt=\"\" width=\"106\" height=\"106\" srcset=\"https:\/\/www.radiopiu.net\/wordpress\/wp-content\/uploads\/2020\/10\/pp-300x300.jpg 300w, https:\/\/www.radiopiu.net\/wordpress\/wp-content\/uploads\/2020\/10\/pp-150x150.jpg 150w, https:\/\/www.radiopiu.net\/wordpress\/wp-content\/uploads\/2020\/10\/pp-125x125.jpg 125w, https:\/\/www.radiopiu.net\/wordpress\/wp-content\/uploads\/2020\/10\/pp-200x200.jpg 200w, https:\/\/www.radiopiu.net\/wordpress\/wp-content\/uploads\/2020\/10\/pp-80x80.jpg 80w, https:\/\/www.radiopiu.net\/wordpress\/wp-content\/uploads\/2020\/10\/pp-480x480.jpg 480w, https:\/\/www.radiopiu.net\/wordpress\/wp-content\/uploads\/2020\/10\/pp.jpg 640w\" sizes=\"auto, (max-width: 106px) 100vw, 106px\" \/><\/a><\/span><\/h2>\n<h2><span style=\"color: #000080;\">DON CESARE, IL PENSIERO DEL GIORNO. ALLA RADIO ALLE 7 DEL MATTINO E ALLE 19.30 DELLA SERA.\u00a0\u00a0<\/span><\/h2>\n<\/div>\n<\/div>\n<p>&nbsp;<\/p>\n<\/div>\n<\/div>\n<audio class=\"wp-audio-shortcode\" id=\"audio-204539-16\" preload=\"none\" style=\"width: 100%;\" controls=\"controls\"><source type=\"audio\/mpeg\" src=\"https:\/\/www.radiopiu.net\/wordpress\/wp-content\/uploads\/2021\/04\/CESARE-13.mp3?_=16\" \/><a href=\"https:\/\/www.radiopiu.net\/wordpress\/wp-content\/uploads\/2021\/04\/CESARE-13.mp3\">https:\/\/www.radiopiu.net\/wordpress\/wp-content\/uploads\/2021\/04\/CESARE-13.mp3<\/a><\/audio>\n<\/div>\n<p>&nbsp;<\/p>\n<hr \/>\n<p>&nbsp;<\/p>\n<blockquote>\n<h2><a href=\"https:\/\/www.radiopiu.net\/wordpress\/speciale-solidarieta-veneto\/solidarieta-veneto-3\/\" rel=\"attachment wp-att-134366\"><img loading=\"lazy\" decoding=\"async\" class=\"wp-image-134366 alignleft\" src=\"https:\/\/www.radiopiu.net\/wordpress\/wp-content\/uploads\/2020\/05\/solidariet\u00e0-veneto-300x210.jpg\" alt=\"\" width=\"102\" height=\"71\" srcset=\"https:\/\/www.radiopiu.net\/wordpress\/wp-content\/uploads\/2020\/05\/solidariet\u00e0-veneto-300x210.jpg 300w, https:\/\/www.radiopiu.net\/wordpress\/wp-content\/uploads\/2020\/05\/solidariet\u00e0-veneto-1024x717.jpg 1024w, https:\/\/www.radiopiu.net\/wordpress\/wp-content\/uploads\/2020\/05\/solidariet\u00e0-veneto-768x538.jpg 768w, https:\/\/www.radiopiu.net\/wordpress\/wp-content\/uploads\/2020\/05\/solidariet\u00e0-veneto.jpg 1373w\" sizes=\"auto, (max-width: 102px) 100vw, 102px\" \/><\/a>SOLIDARIETA&#8217; VENETO FONDO PENSIONE, IN ONDA IL PRIMO VENERDI DEL MESE ALLE 10.30 E ALLE 19.00 QUINTA STAGIONE<\/h2>\n<\/blockquote>\n<p><strong>AUDIO APRILE 2021<\/strong><\/p>\n<audio class=\"wp-audio-shortcode\" id=\"audio-204539-17\" preload=\"none\" style=\"width: 100%;\" controls=\"controls\"><source type=\"audio\/mpeg\" src=\"https:\/\/www.radiopiu.net\/wordpress\/wp-content\/uploads\/2021\/04\/solidarieta-veneto-aprile-2021.mp3?_=17\" \/><a href=\"https:\/\/www.radiopiu.net\/wordpress\/wp-content\/uploads\/2021\/04\/solidarieta-veneto-aprile-2021.mp3\">https:\/\/www.radiopiu.net\/wordpress\/wp-content\/uploads\/2021\/04\/solidarieta-veneto-aprile-2021.mp3<\/a><\/audio>\n<p>&nbsp;<\/p>\n<blockquote>\n<h2>RACCOLTA COMPLETA<\/h2>\n<\/blockquote>\n<blockquote class=\"wp-embedded-content\" data-secret=\"iba379q4kd\"><p><a href=\"https:\/\/www.radiopiu.net\/wordpress\/solidarieta-veneto\/\">Solidariet\u00e0 Veneto<\/a><\/p><\/blockquote>\n<p><iframe loading=\"lazy\" class=\"wp-embedded-content\" sandbox=\"allow-scripts\" security=\"restricted\" style=\"position: absolute; clip: rect(1px, 1px, 1px, 1px);\" title=\"&#8220;Solidariet\u00e0 Veneto&#8221; &#8212; Radio Pi\u00f9\" src=\"https:\/\/www.radiopiu.net\/wordpress\/solidarieta-veneto\/embed\/#?secret=iba379q4kd\" data-secret=\"iba379q4kd\" width=\"600\" height=\"338\" frameborder=\"0\" marginwidth=\"0\" marginheight=\"0\" scrolling=\"no\"><\/iframe><\/p>\n<p>&nbsp;<\/p>\n<p>&nbsp;<\/p>\n<hr \/>\n<p>&nbsp;<\/p>\n<p>&nbsp;<\/p>\n<blockquote>\n<h2>FANTASTICHE DOLOMITI, NUOVA STAGIONE. APPUNTAMENTO QUINDICINALE IL GIOVEDI ALLE 10.30 E 19.00<\/h2>\n<\/blockquote>\n<h2><span style=\"color: #ff0000;\">PUNTATA NUMERO 12\u00a0 del\u00a0 14 APRILE 2021<\/span><\/h2>\n<p><strong><a href=\"https:\/\/www.radiopiu.net\/wordpress\/raccolta-completa\/121869645_648442942701436_4748562330148520081_n-2\/\" rel=\"attachment wp-att-196402\"><img loading=\"lazy\" decoding=\"async\" class=\"wp-image-196402 alignleft\" src=\"https:\/\/www.radiopiu.net\/wordpress\/wp-content\/uploads\/2021\/02\/121869645_648442942701436_4748562330148520081_n-1-300x169.jpg\" alt=\"\" width=\"160\" height=\"90\" srcset=\"https:\/\/www.radiopiu.net\/wordpress\/wp-content\/uploads\/2021\/02\/121869645_648442942701436_4748562330148520081_n-1-300x169.jpg 300w, https:\/\/www.radiopiu.net\/wordpress\/wp-content\/uploads\/2021\/02\/121869645_648442942701436_4748562330148520081_n-1-1024x576.jpg 1024w, https:\/\/www.radiopiu.net\/wordpress\/wp-content\/uploads\/2021\/02\/121869645_648442942701436_4748562330148520081_n-1-768x432.jpg 768w, https:\/\/www.radiopiu.net\/wordpress\/wp-content\/uploads\/2021\/02\/121869645_648442942701436_4748562330148520081_n-1-1536x864.jpg 1536w, https:\/\/www.radiopiu.net\/wordpress\/wp-content\/uploads\/2021\/02\/121869645_648442942701436_4748562330148520081_n-1.jpg 1707w\" sizes=\"auto, (max-width: 160px) 100vw, 160px\" \/><\/a>OSPITE IL PRESIDENTE CLAUDIO CANOVA<\/strong><\/p>\n<audio class=\"wp-audio-shortcode\" id=\"audio-204539-18\" preload=\"none\" style=\"width: 100%;\" controls=\"controls\"><source type=\"audio\/mpeg\" src=\"https:\/\/www.radiopiu.net\/wordpress\/wp-content\/uploads\/2021\/04\/fantastiche-dolomiti-14-aprile.mp3?_=18\" \/><a href=\"https:\/\/www.radiopiu.net\/wordpress\/wp-content\/uploads\/2021\/04\/fantastiche-dolomiti-14-aprile.mp3\">https:\/\/www.radiopiu.net\/wordpress\/wp-content\/uploads\/2021\/04\/fantastiche-dolomiti-14-aprile.mp3<\/a><\/audio>\n<h3>LA RACCOLTA COMPLETA<\/h3>\n<p>https:\/\/www.radiopiu.net\/wordpress\/raccolta-completa\/<\/p>\n<p>&nbsp;<\/p>\n<p>&nbsp;<\/p>\n<hr \/>\n<p>&nbsp;<\/p>\n<p>&nbsp;<\/p>\n<div>\n<h2><span style=\"color: #ff0000;\">ALLA RADIO<\/span><\/h2>\n<\/div>\n<div>\n<h2><strong>LE\u00a0 PUNTATE di Luisa Alchini di Leggermente Bellunesi, la domenica alle 11, <span style=\"color: #0000ff;\">IL MARTEDI IN PRIMA EDIZIONE\u00a0<\/span> alle 10.30 e alle 19.00<\/strong><\/h2>\n<\/div>\n<p><strong><span style=\"color: #000000;\">RACCOLTA COMPLETA<\/span><\/strong><\/p>\n<div>\n<blockquote class=\"wp-embedded-content\" data-secret=\"iMEfHzjVJW\"><p><a href=\"https:\/\/www.radiopiu.net\/wordpress\/leggermente-20\/\">LEGGERmente&#8230;Bellunesi<\/a><\/p><\/blockquote>\n<p><iframe loading=\"lazy\" class=\"wp-embedded-content\" sandbox=\"allow-scripts\" security=\"restricted\" style=\"position: absolute; clip: rect(1px, 1px, 1px, 1px);\" title=\"&#8220;LEGGERmente&#8230;Bellunesi&#8221; &#8212; Radio Pi\u00f9\" src=\"https:\/\/www.radiopiu.net\/wordpress\/leggermente-20\/embed\/#?secret=iMEfHzjVJW\" data-secret=\"iMEfHzjVJW\" width=\"600\" height=\"338\" frameborder=\"0\" marginwidth=\"0\" marginheight=\"0\" scrolling=\"no\"><\/iframe><\/p>\n<p>&nbsp;<\/p>\n<\/div>\n<div>\n<hr \/>\n<\/div>\n<p>&nbsp;<\/p>\n<h2><strong><span style=\"color: #ff0000;\">\u00a0ALLA RADIO<\/span><\/strong><\/h2>\n<div data-offset-key=\"5n5nl-0-0\">\n<h3>Per ricevere gli aggiornamenti in tempo reale delle notizie pubblicate alla radio e sul sito di radio pi\u00f9 iscriviti al gruppo RADIO PIU INFORMAZIONE su Telegram.\u00a0\u00a0<a href=\"https:\/\/t.me\/radiopiu\">clicca qui<\/a><\/h3>\n<p>&nbsp;<\/p>\n<p><strong><a class=\"dt-pswp-item\" href=\"https:\/\/www.radiopiu.net\/wordpress\/wp-content\/uploads\/2020\/01\/logo-csa.jpg\" data-dt-img-description=\"\" data-large_image_width=\"1167\" data-large_image_height=\"574\"><img loading=\"lazy\" decoding=\"async\" class=\"wp-image-113364 alignleft\" src=\"https:\/\/www.radiopiu.net\/wordpress\/wp-content\/uploads\/2020\/01\/logo-csa-300x148.jpg\" alt=\"\" width=\"182\" height=\"90\" srcset=\"https:\/\/www.radiopiu.net\/wordpress\/wp-content\/uploads\/2020\/01\/logo-csa-300x148.jpg 300w, https:\/\/www.radiopiu.net\/wordpress\/wp-content\/uploads\/2020\/01\/logo-csa-1024x504.jpg 1024w, https:\/\/www.radiopiu.net\/wordpress\/wp-content\/uploads\/2020\/01\/logo-csa-768x378.jpg 768w, https:\/\/www.radiopiu.net\/wordpress\/wp-content\/uploads\/2020\/01\/logo-csa.jpg 1167w\" sizes=\"auto, (max-width: 182px) 100vw, 182px\" \/><\/a>AGORDO<\/strong> Appuntahttps:\/\/www.radiopiu.net\/wordpress\/erbe-e-piante-curative-il-mandorlo\/mento mensile (primo venerdi del mese) con lo speciale condotto da Claudio<\/p>\n<p>Fontanive, in studio Fabrizio Campedel e Paolo Chissal\u00e8.<\/p>\n<\/div>\n<p><strong>PUNTATA DI APRILE<\/strong><\/p>\n<blockquote><audio class=\"wp-audio-shortcode\" id=\"audio-204539-19\" preload=\"none\" style=\"width: 100%;\" controls=\"controls\"><source type=\"audio\/mpeg\" src=\"https:\/\/www.radiopiu.net\/wordpress\/wp-content\/uploads\/2021\/04\/ca-sol-lux-aprile-2021.mp3?_=19\" \/><a href=\"https:\/\/www.radiopiu.net\/wordpress\/wp-content\/uploads\/2021\/04\/ca-sol-lux-aprile-2021.mp3\">https:\/\/www.radiopiu.net\/wordpress\/wp-content\/uploads\/2021\/04\/ca-sol-lux-aprile-2021.mp3<\/a><\/audio>\n<h2>RACCOLTA COMPLETA<\/h2>\n<\/blockquote>\n<blockquote class=\"wp-embedded-content\" data-secret=\"FfaGGE6XJQ\"><p><a href=\"https:\/\/www.radiopiu.net\/wordpress\/cassa-solidarieta-luxottica-puntata-del-16-ottobre-2020\/\">CASSA SOLIDARIET\u00c0 LUXOTTICA &#8211; PUNTATA DEL 20 NOVEMBRE 2020<\/a><\/p><\/blockquote>\n<p><iframe loading=\"lazy\" class=\"wp-embedded-content\" sandbox=\"allow-scripts\" security=\"restricted\" style=\"position: absolute; clip: rect(1px, 1px, 1px, 1px);\" title=\"&#8220;CASSA SOLIDARIET\u00c0 LUXOTTICA &#8211; PUNTATA DEL 20 NOVEMBRE 2020&#8221; &#8212; Radio Pi\u00f9\" src=\"https:\/\/www.radiopiu.net\/wordpress\/cassa-solidarieta-luxottica-puntata-del-16-ottobre-2020\/embed\/#?secret=FfaGGE6XJQ\" data-secret=\"FfaGGE6XJQ\" width=\"600\" height=\"338\" frameborder=\"0\" marginwidth=\"0\" marginheight=\"0\" scrolling=\"no\"><\/iframe><\/p>\n<div><\/div>\n<p>&nbsp;<\/p>\n<p>&nbsp;<\/p>\n<hr \/>\n<blockquote>\n<h3><a style=\"font-size: 14px; font-weight: normal;\" href=\"https:\/\/www.radiopiu.net\/wordpress\/giornale-radiopiu-06-febbraio-2019-direttore-mirko-mezzacasa\/logo_spi-cgil-800x445\/\" rel=\"attachment wp-att-75538\"><img loading=\"lazy\" decoding=\"async\" class=\"wp-image-75538 alignleft\" src=\"https:\/\/www.radiopiu.net\/wordpress\/wp-content\/uploads\/2019\/02\/Logo_Spi-CGIL-800x445-300x167.jpg\" alt=\"\" width=\"210\" height=\"117\" srcset=\"https:\/\/www.radiopiu.net\/wordpress\/wp-content\/uploads\/2019\/02\/Logo_Spi-CGIL-800x445-300x167.jpg 300w, https:\/\/www.radiopiu.net\/wordpress\/wp-content\/uploads\/2019\/02\/Logo_Spi-CGIL-800x445-768x427.jpg 768w, https:\/\/www.radiopiu.net\/wordpress\/wp-content\/uploads\/2019\/02\/Logo_Spi-CGIL-800x445.jpg 800w\" sizes=\"auto, (max-width: 210px) 100vw, 210px\" \/><\/a><\/h3>\n<\/blockquote>\n<blockquote>\n<h3>ALLA RADIO, APPUNTAMENTO QUINDICINALE CON SPI-CGIL BELLUNO, IN STUDIO MARIA RITA GENTILIN<\/h3>\n<\/blockquote>\n<p><strong>di Claudio Fontanive\u00a0<\/strong><\/p>\n<p><span style=\"color: #ff0000;\"><strong>PUNTATA DEL 15 APRILE 2021<\/strong><\/span><\/p>\n<audio class=\"wp-audio-shortcode\" id=\"audio-204539-20\" preload=\"none\" style=\"width: 100%;\" controls=\"controls\"><source type=\"audio\/mpeg\" src=\"https:\/\/www.radiopiu.net\/wordpress\/wp-content\/uploads\/2021\/04\/spi-cgil-15-aprile.mp3?_=20\" \/><a href=\"https:\/\/www.radiopiu.net\/wordpress\/wp-content\/uploads\/2021\/04\/spi-cgil-15-aprile.mp3\">https:\/\/www.radiopiu.net\/wordpress\/wp-content\/uploads\/2021\/04\/spi-cgil-15-aprile.mp3<\/a><\/audio>\n<p>&nbsp;<\/p>\n<hr \/>\n<h2><span style=\"color: #ff0000;\">\u00a0<\/span><\/h2>\n<p>&nbsp;<\/p>\n<h3><\/h3>\n<blockquote class=\"wp-embedded-content\" data-secret=\"UQZThCyFsI\"><p><a href=\"https:\/\/www.radiopiu.net\/wordpress\/ep-center-video-gallery\/\">EP CENTER video gallery<\/a><\/p><\/blockquote>\n<p><iframe loading=\"lazy\" class=\"wp-embedded-content\" sandbox=\"allow-scripts\" security=\"restricted\" style=\"position: absolute; clip: rect(1px, 1px, 1px, 1px);\" title=\"&#8220;EP CENTER video gallery&#8221; &#8212; Radio Pi\u00f9\" src=\"https:\/\/www.radiopiu.net\/wordpress\/ep-center-video-gallery\/embed\/#?secret=UQZThCyFsI\" data-secret=\"UQZThCyFsI\" width=\"600\" height=\"338\" frameborder=\"0\" marginwidth=\"0\" marginheight=\"0\" scrolling=\"no\"><\/iframe><\/p>\n<div>\u200b<\/div>\n<div dir=\"auto\">\n<div>\n<p>&nbsp;<\/p>\n<\/div>\n<\/div>\n<div dir=\"auto\">\n<div>\n<p class=\"photoswipe-wrapper\"><a class=\"dt-pswp-item pspw-wrap-ready\" href=\"https:\/\/i0.wp.com\/www.radiopiu.net\/wordpress\/wp-content\/uploads\/2018\/09\/viabilita.jpeg?ssl=1\" data-dt-img-description=\"\" data-large_image_width=\"800\" data-large_image_height=\"100\"><img loading=\"lazy\" decoding=\"async\" class=\"aligncenter wp-image-61954 size-full\" src=\"https:\/\/i0.wp.com\/www.radiopiu.net\/wordpress\/wp-content\/uploads\/2018\/09\/viabilita.jpeg?resize=800%2C100&amp;ssl=1\" sizes=\"auto, (max-width: 800px) 100vw, 800px\" srcset=\"https:\/\/i0.wp.com\/www.radiopiu.net\/wordpress\/wp-content\/uploads\/2018\/09\/viabilita.jpeg?w=800&amp;ssl=1 800w, https:\/\/i0.wp.com\/www.radiopiu.net\/wordpress\/wp-content\/uploads\/2018\/09\/viabilita.jpeg?resize=300%2C38&amp;ssl=1 300w, https:\/\/i0.wp.com\/www.radiopiu.net\/wordpress\/wp-content\/uploads\/2018\/09\/viabilita.jpeg?resize=768%2C96&amp;ssl=1 768w\" alt=\"\" width=\"800\" height=\"100\" \/><\/a><\/p>\n<\/div>\n<\/div>\n<p><strong>\u00a0\u00a0<\/strong><\/p>\n<p><strong>SP 251 VAL DI ZOLDO E CELLINA<\/strong> dal 19 al 23 aprile, dalle 8 alle 18, tra Soffranco e Mezzocanale senso unico alternato regolato da semaforo o movieri con chiusure al traffico in entrambi i sensi di marcia della durata massima di 20 minuti per messa in sicurezza versante a monte della strada<\/p>\n<p><strong>SP 30 PANORAMICA DEL COMELICO<\/strong> dal 26 al 30 aprile interdizione totale al transito tra Costa e Costalissoi per collegamento acquedotto<\/p>\n<p><strong>SP 347 DEL PASSO CEREDA E DURAN<\/strong> dal 19 aprile al 30 maggio, compresi sabato domenica e festivi, senso unico alternato regolato da impianto semaforico in comune di Voltago Agordino per messa in sicurezza del piano viabile<\/p>\n<p><strong>SR 203 AGORDINA\u00a0<\/strong>dal 19 al 23 aprile senso unico alternato regolato da impianto semaforico in localit\u00e0 Peron di Sedico per scavo e posa tubazioni condotta idrica<\/p>\n<p><strong>SR 203 AGORDINA\u00a0<\/strong>dal 19 aprile al 21 maggio, esclusi sabato domenica e festivi, senso unico alternato regolato da impianto semaforico o movieri in localit\u00e0 Collaz di Livinallongo per realizzazione barriere paravalanghe<\/p>\n<p><strong>SR 48 DELLE DOLOMITI <\/strong>In localit\u00e0 Salesei di Sopra dal 15 al 30 aprile senso unico dalle 8 alle 17.30 per esbosco.<\/p>\n<p><strong>SR 203 AGORDINA<\/strong> tra Colle Santa Lucia e Livinallongo dal 15 al 30 aprile senso unico per messa in sicurezza della strada<\/p>\n<p><strong>SR 48 DELLE DOLOMITI<\/strong>\u00a0 Venerdi a Passo Falzarego, dalle 10 alle 13.30 senso unico regolato da movieri per riprese televisive<\/p>\n<p><strong>SP 346 SAN PELLEGRINO<\/strong> In localit\u00e0 La Mora dal 13 aprile al 28 maggio senso unico alternato<\/p>\n<p><strong>SP 346 PASSO SAN PELLEGRINO<\/strong> fino al 28 maggio, compresi sabato domenica e festivi, senso unico alternato regolato da semaforo in localit\u00e0 La Mora di canale D&#8217;Agordo per messa in sicurezza della strada<\/p>\n<p><strong>SR 203 AGORDINA<\/strong> dal 15 al 30 aprile, sabato e domenica compresi, senso unico alternato regolato da semaforo tra Colle Santa Lucia e Livinallongo per messa in sicurezza della strada<\/p>\n<p><strong>SR 203 AGORDINA<\/strong> LISTOLADE Fino al 23 aprile senso unico semaforico, festivi e pre festivi esclusi<\/p>\n<p><strong>SP 3 VALLE IMPERINA GONA DI CONEDERA<\/strong>\u00a0 fino al 28 aprile Senso unico con semaforo, compresi sabato e domenica<\/p>\n<p><strong>SP 346 SAN PELLEGRINO<\/strong> CANALE D&#8217;AGORDO-VALLADA: senso unico fino al 15 maggio compresi festivi e prefestivi<\/p>\n<p class=\"p1\"><strong>SP 10 DI ALANO<\/strong> LOC. LE SORGENTI interruzione totale alla viabilit\u00e0 fino al 19 maggio, dalle 8 alle 12 e dalle 13 alle 18, esclusi sabato e domenica<\/p>\n<p class=\"p1\"><strong>SR 203 AGORDINA<\/strong> LOCALITA BATTAIA -COLLE SANTA LUCIA fino al 15 maggio (festivi e prefestivi compresi) senso unico alternato<\/p>\n<p><strong>SP 148 CADORNA\u00a0<\/strong>in comune di Fonzaso, Dal 12 al 30 aprile senso unico alternato regolato da impianto semaforico e possibili interruzioni di massimo 30 minuti, compresi sabato, domenica e festivi per messa in sicurezza della strada<\/p>\n<p><strong>SP 473 DI CROCE D&#8217;AUNE<\/strong> fino al 30 aprile in comune di Pedavena, sabato e domenica esclusi, senso unico alternato regolato da semaforo o movieri dalle 8 alle 18 per taglio piante<\/p>\n<p><strong>SP 12 PEDEMONTANA<\/strong> dal 6 aprile al 7 maggio, sabato e domenica compresi, senso unico alternato regolato da semaforo in localit\u00e0 Salgarda in comune di Feltre per posa condotta smaltimento acque meteoriche<\/p>\n<p><strong>SR 203 AGORDINA <\/strong>senso unico alternato regolato da\u00a0 movieri per tratti di 300 metri in localit\u00e0 La Stanga dal 12 al 30 aprile dalle 8 alle 12 e dalle 13 alle 18 per lavori di ripristino del manto d&#8217;usura<\/p>\n<p><strong>SP 473 CROCE<\/strong> <strong>D&#8217;AUNE<\/strong> Dalle 8 alle 18, dal 23 marzo al 30 aprile compresi sabato domenica e festivi, senso unico alternato regolato da impianto semaforico in comune di Sovramonte per sostituzione barriere di sicurezza<\/p>\n<div dir=\"auto\">\n<p><strong>SR 48 DELLE DOLOMITI\u00a0<\/strong>Dal 22 marzo al 30 aprile, dalle 7 alle 18 esclusi sabato domenica e festivi, interruzioni alla viabilit\u00e0 della durata massima di 20 minuti e senso unico alternato regolato da impianto semaforico per messa in sicurezza del versante a monte della strada in comune di Livinallongo<\/p>\n<p><strong>SP 251 DELLA VAL DI ZOLDO E CELLINA<\/strong> Istituzione di senso unico alternato regolato da semaforo nel comune di Val di Zoldo per messa in sicurezza della strada<\/p>\n<p><strong>SP 42 CAVALLERA<\/strong> fino a revoca, chiusura della strada nell&#8217;abitato di Perarolo per attivazione emergenza frana &#8220;Busa del Cristo&#8221;<\/p>\n<p><strong>S.P.2 DELLA VALLE DEL MIS\u00a0<\/strong>Interdizione totale al traffico fino a revoca dal km 14,920 (localit\u00e0 Gona Bassa) al km 20,650 (localit\u00e0 Titele) per cedimento della carreggiata<\/p>\n<p><strong>S.P. 5 DI LAMOSANO<\/strong>\u00a0Interdizione totale fino a revoca per presenza di materiale e alberi in strada.<\/p>\n<p><strong>SP 3 DELLA VAL IMPERINA<\/strong> fino a revoca, senso unico alternato regolato a vista in localit\u00e0 Gona di Conedera di Rivamonte per cedimento della carreggiata stradale<\/p>\n<\/div>\n<p><b>\u00a0<\/b><\/p>\n<p>&nbsp;<\/p>\n<hr \/>\n<p>&nbsp;<\/p>\n<div dir=\"auto\">\n<div>\n<p class=\"photoswipe-wrapper\"><a class=\"dt-pswp-item pspw-wrap-ready\" href=\"https:\/\/i0.wp.com\/www.radiopiu.net\/wordpress\/wp-content\/uploads\/2018\/09\/WhatsApp-Image-2018-09-20-at-16.04.06.jpeg?ssl=1\" data-dt-img-description=\"\" data-large_image_width=\"800\" data-large_image_height=\"100\"><img loading=\"lazy\" decoding=\"async\" class=\"aligncenter wp-image-61378 size-full jetpack-lazy-image jetpack-lazy-image--handled\" src=\"https:\/\/i0.wp.com\/www.radiopiu.net\/wordpress\/wp-content\/uploads\/2018\/09\/WhatsApp-Image-2018-09-20-at-16.04.06.jpeg?resize=800%2C100&amp;ssl=1\" sizes=\"auto, (max-width: 800px) 100vw, 800px\" srcset=\"https:\/\/i0.wp.com\/www.radiopiu.net\/wordpress\/wp-content\/uploads\/2018\/09\/WhatsApp-Image-2018-09-20-at-16.04.06.jpeg?w=800&amp;ssl=1 800w, https:\/\/i0.wp.com\/www.radiopiu.net\/wordpress\/wp-content\/uploads\/2018\/09\/WhatsApp-Image-2018-09-20-at-16.04.06.jpeg?resize=300%2C38&amp;ssl=1 300w, https:\/\/i0.wp.com\/www.radiopiu.net\/wordpress\/wp-content\/uploads\/2018\/09\/WhatsApp-Image-2018-09-20-at-16.04.06.jpeg?resize=768%2C96&amp;ssl=1 768w\" alt=\"\" width=\"800\" height=\"100\" data-lazy-loaded=\"1\" \/><\/a><\/p>\n<\/div>\n<div><\/div>\n<p>&nbsp;<\/p>\n<p><center><b>Mercoledi 21<\/b><\/center><b>Tempo atteso: <\/b>Al mattino in prevalenza soleggiato con cielo sereno. Al pomeriggio forte riduzione del soleggiamento per crescente nuvolosit\u00e0 medio-alta e per addensamenti cumuliformi associati a fenomeni sparsi. Il deficit di sole ridurr\u00e0 il riscaldamento diurno nelle valli.<br \/>\n<b>Precipitazioni: <\/b>Al mattino assenti (0%). Al pomeriggio probabilit\u00e0 pi\u00f9 elevata rispetto a marted\u00ec per precipitazioni sparse a carattere di rovescio (50-70%) sulle Dolomiti e (60\/80%) sulle Prealpi. Il limite della neve si aggirer\u00e0 attorno ai 1600\/1700 m, localmente 1400\/1500 m in caso di rovescio prolungato. I quantitativi saranno molto variabili da 2 a 15 mm, i cumuli pi\u00f9 alti saranno perlopi\u00f9 riscontrabili sulle Prealpi. Altezze di neve fresca corrispondenti ai mm di pioggia solo oltre i 2000 m.<br \/>\n<b>Temperature: <\/b>Minime in lieve aumento a tutte le quote; massime in lieve calo nelle valli e alle quote medie, mentre saranno stazionarie sulle cime pi\u00f9 alte. Sono previste punte di 12\/13\u00b0C nei fondovalle prealpini e di 5\/9\u00b0C a 1000\/1200 m. Su Prealpi a 1500 m min 2\u00b0C max 3\u00b0C, a 2000 m min -2\u00b0C max 0\u00b0C. Su Dolomiti a 2000 m min -2\u00b0C max 0\u00b0C, a 3000 m min -8\u00b0C max -7\u00b0C.<br \/>\n<b>Venti: <\/b>Nelle valli deboli di direzione variabile; in quota deboli\/moderati da sud-ovest, a 5-10 km\/h a 2000 m e 10-15 km\/h a 3000 m.<\/p>\n<hr \/>\n<p><center><b>Giovedi 22<\/b><\/center><b>Tempo atteso: <\/b>Al mattino in parte soleggiato con temporanei annuvolamenti mattutini per stratocumuli e nubi medio-alte, in diradamento. Al pomeriggio riduzione del soleggiamento per annuvolamenti irregolari, anche cumuliformi e associati a qualche precipitazione sotto forma di rovescio. Il contesto termico sar\u00e0 meno fresco al mattino e la mitezza tender\u00e0 ad affermarsi in giornata, specie nei settori pi\u00f9 assolati.<br \/>\n<b>Precipitazioni: <\/b>Al mattino assenti (0%). Al pomeriggio, come nei giorni precedenti, probabilit\u00e0 di qualche piovasco, ma saranno pi\u00f9 sporadici e di minore entit\u00e0 (30\/50%) e su molti settori non piover\u00e0 affatto. Limite neve a 2000\/2100 m.<br \/>\n<b>Temperature: <\/b>In generale aumento a tutte le quote. Su Prealpi a 1500 m min 1\u00b0C max 6\u00b0C, a 2000 m min 0\u00b0C max 3\u00b0C. Su Dolomiti a 2000 m min -1\u00b0C max 4\u00b0C, a 3000 m min -8\u00b0C max -5\u00b0C.<br \/>\n<b>Venti: <\/b>Nelle valli deboli\/moderati a regime di brezza, localmente e a tratti moderati nei settori solitamente pi\u00f9 ventilati; in quota deboli da nord-ovest, in rinforzo in serata sulle cime pi\u00f9 alte, a 5-10 km\/h sia a 2000 m che a 3000 m.<\/p>\n<hr \/>\n<p><center><b>Venerdi 23<\/b><\/center>Tempo ben soleggiato con cielo generalmente sereno, salvo modesti cumuli pomeridiani, specie sulle Prealpi. Alla sera non esclusa la formazione di nubi basse su alcuni settori prealpini. Temperature in aumento, eccetto calo delle minime in alcune valli. Venti deboli per brezze nelle valli, a tratti moderati nei settori solitamente pi\u00f9 ventilati; in quota deboli\/moderati da nord-ovest.<\/p>\n<hr \/>\n<p><center><b>Sabato 24<\/b><\/center>Tempo ben soleggiato con cielo generalmente sereno, salvo presenza di stratocumuli mattutini su alcuni settori prealpini e di modesti cumuli pomeridiani a ridosso delle cime. Temperature in generale ulteriore aumento. Venti deboli per brezze nelle valli, a tratti moderati nei settori solitamente pi\u00f9 ventilati; in quota deboli da nord-ovest. Previsore: R.L.Th.<\/p>\n<p>&nbsp;<\/p>\n<hr \/>\n<p>&nbsp;<\/p>\n<\/div>\n<p><a href=\"https:\/\/www.radiopiu.net\/wordpress\/giornale-radiopiu-15-settembre-2018-direttore-mirko-mezzacasa\/sport-7\/\" rel=\"attachment wp-att-60761\"><img loading=\"lazy\" decoding=\"async\" class=\"wp-image-60761 size-full aligncenter\" src=\"https:\/\/www.radiopiu.net\/wordpress\/wp-content\/uploads\/2018\/09\/sport.jpg\" alt=\"\" width=\"800\" height=\"100\" srcset=\"https:\/\/www.radiopiu.net\/wordpress\/wp-content\/uploads\/2018\/09\/sport.jpg 800w, https:\/\/www.radiopiu.net\/wordpress\/wp-content\/uploads\/2018\/09\/sport-300x38.jpg 300w, https:\/\/www.radiopiu.net\/wordpress\/wp-content\/uploads\/2018\/09\/sport-768x96.jpg 768w\" sizes=\"auto, (max-width: 800px) 100vw, 800px\" \/><\/a><\/p>\n<p>&nbsp;<\/p>\n<p>&nbsp;<\/p>\n<blockquote>\n<h3>INIZIATO IERI IL TRAINING CAMP DELLA NAZIONALE DI HOCKEY<\/h3>\n<\/blockquote>\n<p><strong><a href=\"https:\/\/www.radiopiu.net\/wordpress\/giornale-radiopiu-21-aprile-2021-direttore-mirko-mezzacasa\/599ca907-d5de-4b43-be2e-b818e788e100\/\" rel=\"attachment wp-att-204748\"><img loading=\"lazy\" decoding=\"async\" class=\" wp-image-204748 alignleft\" src=\"https:\/\/www.radiopiu.net\/wordpress\/wp-content\/uploads\/2021\/04\/599ca907-d5de-4b43-be2e-b818e788e100-300x225.jpg\" alt=\"\" width=\"223\" height=\"167\" srcset=\"https:\/\/www.radiopiu.net\/wordpress\/wp-content\/uploads\/2021\/04\/599ca907-d5de-4b43-be2e-b818e788e100-300x225.jpg 300w, https:\/\/www.radiopiu.net\/wordpress\/wp-content\/uploads\/2021\/04\/599ca907-d5de-4b43-be2e-b818e788e100-1024x766.jpg 1024w, https:\/\/www.radiopiu.net\/wordpress\/wp-content\/uploads\/2021\/04\/599ca907-d5de-4b43-be2e-b818e788e100-768x575.jpg 768w, https:\/\/www.radiopiu.net\/wordpress\/wp-content\/uploads\/2021\/04\/599ca907-d5de-4b43-be2e-b818e788e100.jpg 1200w\" sizes=\"auto, (max-width: 223px) 100vw, 223px\" \/><\/a>BOLZANO <\/strong>Ha preso il via ieri pomeriggio dal Palaonda di Bolzano il raduno della nazionale olimpica di hockey su ghiaccio. Il coaching staff azzurro, guidato per il momento dagli assistenti Giorgio De Bettin,\u00a0Riku-Petteri Lehtonen e Diego Scandella, ha svolto poco dopo le 16 il primo allenamento con i 29 atleti presenti alla settimana di training-camp della selezione \u201csperimentale\u201d imbottita di giovani. Il vero e proprio raduno pre-mondiale, nel corso del quale si aggregheranno passo dopo passo tutti i giocatori ancora attivi nei rispettivi campionati, prender\u00e0 il via il 27 aprile. Per quella data sar\u00e0 presente anche l\u2019head coach dell\u2019Italia, Greg Ireland, attualmente impegnato con il Bolzano nella finale per il titolo di ICE Hockey League.<\/p>\n<p>&nbsp;<\/p>\n<hr \/>\n<p>&nbsp;<\/p>\n<blockquote>\n<h3>IERI L&#8217;ANNUNCIO DEL RINVIO DELLA\u00a0 \u00a0 \u00a0 \u00a0 4PAS IN DOI DI AGORDO. PER IL SECONDO ANNO RINVIATA A TEMPI MIGLIORI<\/h3>\n<\/blockquote>\n<blockquote><p><strong><em><img decoding=\"async\" src=\"https:\/\/www.radiopiu.net\/wordpress\/wp-content\/uploads\/2021\/04\/62f75bdf-b7a9-46ac-a80f-2147f2117f76.jpg\" \/>Il messaggio degli organizzatori:<\/em><\/strong><\/p><\/blockquote>\n<p><strong>AGORDO<\/strong>\u00a0 Vista l\u2019attuale situazione e le restrizioni che perdureranno nei prossimi mesi, anche quest\u2019anno dobbiamo rinunciare alla 4 pas in doi. Vogliamo comunque coinvolgervi con delle sorprese sul nostro percorso. Presto tante novit\u00e0! Appuntamento al 2022 con tanta voglia di stare assieme!<\/p>\n<p>&nbsp;<\/p>\n<hr \/>\n<blockquote>\n<h3><\/h3>\n<h3>24 ORE, IL COMITATO RINVIA LA MANIFESTAZIONE AL 2022<\/h3>\n<\/blockquote>\n<p><strong>FELTRE <\/strong>Niente di nuovo, nessuna meraviglia, nulla di strano, solo un altro evento come\u00a0 molti altri cancellato dal calendario 2021, sarebbe stato strano il contrario.\u00a0 Questo il messaggio degli organizzatori \u201c<em>A malincuore e con enorme tristezza ci vediamo costretti a rinunciare anche quest\u2019anno alla 24 ore di Feltre<\/em>\u201d.<\/p>\n","protected":false},"excerpt":{"rendered":"<p>PER RICEVERE QUESTO NOTIZIARIO DIRETTAMENTE SUL TUO CELLULARE ISCRIVITI AL CANALE TELEGRAM \u201cRADIO PIU\u00a0 INFORMAZIONE&#8221;\u00a0 &nbsp; &nbsp; &nbsp; RADIO PIU&#8217;&#8230; SEMPRE PIU&#8217; VOCE DAL TERRITORIO. GIOVEDI E SABATO LE DIRETTE ALLA RADIO\u00a0 SUI CANALI SOCIAL\u00a0 QUESTA SERA ALLE 20 IL CONSIGLIO COMUNALE DI FALCADE CON LE DIMISSIONI DEL CONSIGLIERE SUSANNA DAN DOMANI\u00a0 ALLE 20.30 IL&hellip;<\/p>\n","protected":false},"author":4,"featured_media":204637,"comment_status":"closed","ping_status":"closed","sticky":false,"template":"","format":"standard","meta":{"_monsterinsights_skip_tracking":false,"_monsterinsights_sitenote_active":false,"_monsterinsights_sitenote_note":"","_monsterinsights_sitenote_category":0,"footnotes":""},"categories":[1,51,86,49],"tags":[],"class_list":["post-204539","post","type-post","status-publish","format-standard","has-post-thumbnail","hentry","category-senza-categoria","category-evidenza-top","category-gr","category-news-18","category-1","category-51","category-86","category-49","description-off"],"img_url":"https:\/\/www.radiopiu.net\/wordpress\/wp-content\/uploads\/2021\/04\/ebc33a84-80f0-44a0-801b-fc160e7884db.jpg","_links":{"self":[{"href":"https:\/\/www.radiopiu.net\/wordpress\/wp-json\/wp\/v2\/posts\/204539","targetHints":{"allow":["GET"]}}],"collection":[{"href":"https:\/\/www.radiopiu.net\/wordpress\/wp-json\/wp\/v2\/posts"}],"about":[{"href":"https:\/\/www.radiopiu.net\/wordpress\/wp-json\/wp\/v2\/types\/post"}],"author":[{"embeddable":true,"href":"https:\/\/www.radiopiu.net\/wordpress\/wp-json\/wp\/v2\/users\/4"}],"replies":[{"embeddable":true,"href":"https:\/\/www.radiopiu.net\/wordpress\/wp-json\/wp\/v2\/comments?post=204539"}],"version-history":[{"count":0,"href":"https:\/\/www.radiopiu.net\/wordpress\/wp-json\/wp\/v2\/posts\/204539\/revisions"}],"wp:featuredmedia":[{"embeddable":true,"href":"https:\/\/www.radiopiu.net\/wordpress\/wp-json\/wp\/v2\/media\/204637"}],"wp:attachment":[{"href":"https:\/\/www.radiopiu.net\/wordpress\/wp-json\/wp\/v2\/media?parent=204539"}],"wp:term":[{"taxonomy":"category","embeddable":true,"href":"https:\/\/www.radiopiu.net\/wordpress\/wp-json\/wp\/v2\/categories?post=204539"},{"taxonomy":"post_tag","embeddable":true,"href":"https:\/\/www.radiopiu.net\/wordpress\/wp-json\/wp\/v2\/tags?post=204539"}],"curies":[{"name":"wp","href":"https:\/\/api.w.org\/{rel}","templated":true}]}}