{"id":204613,"date":"2021-04-20T12:25:08","date_gmt":"2021-04-20T10:25:08","guid":{"rendered":"https:\/\/www.radiopiu.net\/wordpress\/?p=204613"},"modified":"2021-04-20T13:40:05","modified_gmt":"2021-04-20T11:40:05","slug":"lunedi-in-giallo-con-il-problema-dei-trasporti-scolastici-la-conferenza-stampa-di-zaia","status":"publish","type":"post","link":"https:\/\/www.radiopiu.net\/wordpress\/lunedi-in-giallo-con-il-problema-dei-trasporti-scolastici-la-conferenza-stampa-di-zaia\/","title":{"rendered":"LUNEDI IN GIALLO CON IL PROBLEMA DEI TRASPORTI SCOLASTICI, LA CONFERENZA STAMPA DI ZAIA"},"content":{"rendered":"<blockquote><p><span style=\"color: #ff0000;\"><strong>RADIO PIU&#8217; UNA CORAZZATA DI DIRETTE&#8230; IMMAGINA NON CI FOSSE<\/strong><\/span><\/p><\/blockquote>\n<p><strong>VENEZIA<\/strong> Il punto stampa di Luca Zaia, diretta da Marghera<\/p>\n<p><strong>I NUMERI <\/strong>\u00a0TAMPONI MOLECOLARI 4859396 TAMPONI RAPIDI 4147704 TAMPONI IERI 17781 POSITIVI IERI +930 INCIDENZA 5,23%\u00a0 POSITIVI DA INIZIO EPIDEMIA 402877\u00a0 POSITIVI ATTUALI\u00a0 25455\u00a0 RICOVERATI 1728 (-31)\u00a0 IN AREA NON CRITICA 1481 (-14)\u00a0 IN TERAPIA INTENSIVA\u00a0 247 (-17) IN TERAPIA INTENSIVA NON COVID\u00a0 DECESSI 11139 +28 DIMESSI\u00a0 19771<\/p>\n<blockquote>\n<h2>LEGGI LA CONFERENZA STAMPA DI LUCA ZAIA testo in tempo reale.<\/h2>\n<p><span style=\"color: #ff0000;\"><strong>fuori sacco<\/strong> <\/span><em>UGO SORAGNI E&#8217; IL NUOVO COMMISSARIO PER VAIA, L&#8217;UOMO DEI BENI CULTURALI CHE CONOSCE LE PROCEDURE<\/em>.<\/p><\/blockquote>\n<p>Dibattito in corso sulle aperture a Roma si prepara il decreto, oggi conferenza con i presidenti della Regioni e poi l&#8217;incontro con il Governo. Uno dei punti nevralgici rimane quello dei trasporti, non pu\u00f2 passare l&#8217;idea che non ci siamo organizzati, \u00e8 impossibile trovare mezzi sul mercato tanto su rotaia che su gomma. Cosa porto in discussione? <strong>SCUOLA\u00a0<\/strong> E&#8217; il punto nevralgico. Siamo per ripartire non si discute ma lo si faccia in sicurezza. Si puo&#8217; chiudere le scuole, lasciare lo status quo, optare per una presenza minore, difficile pensare ad aumentare la capienza degli autobus, oppure rendere facoltativa la partecipazione alla didattica in presenza, decida in autonomia lo studente maggiorenne o il genitore per il minorenne. <strong>RISTORANTI <\/strong>ALL&#8217;APERTO Non tutti hanno i plateatici o il giardinetto.<strong> VACCINAZIONI\u00a0<\/strong> Se saremo bravi in due settimane finiamo con gli over 70, sappiamo usare le siringhe, siamo in primi in Italia tutto sta andando per il meglio<strong> INCIDENZA ALTA PERCHE?<\/strong> Meno tamponi. <strong>L&#8217;<\/strong> <strong>ATTIVITA&#8217; PROGRAMMATA RIPARTE?<\/strong> Assolutamente si, siamo in una fase meno problematica, speriamo di dare l&#8217;Ok in settimana.\u00a0<strong> ACC<\/strong> &#8220;<em>Una presa che non molliamo con facilit\u00e0. Il Veneto c&#8217;\u00e8 sempre stato e oggi siamo qui a parlarne&#8221;. Lo ha detto il presidente Luca Zaia spendendo buone parole per l&#8217;Acc nel giorno in cui \u00e8 in corso la manifestazione a Roma e a pochi giorni dalla convocazione del vice Ministro Todde. <\/em><strong>PASS VACCINALE <\/strong>\u00a0Veneto al primo posto in Italia, ma io sono sempre oggetto di critiche,\u00a0 ho solo detto che la vaccinazione \u00e8 volontaria, il documento o pass \u00e8 certamente\u00a0 discriminatorio, ma se non lo hai non puoi girare: noi li prevediamo in italiano e inglese, ma \u00e8 necessario il coordinamento dell&#8217;OMS.<\/p>\n<p><strong>PISTA DA BOB A CORTINA<\/strong><\/p>\n<blockquote><p><em>Abbiamo un ottimo rapporto con il Cio, ho fatto molti incontri per parlare di Olimpiadi e anche di questo. Siamo un squadra e abbiamo sempre scelto assieme. Inutile creare problemi laddove non ci sono. La nuova pista di bob non \u00e8 fondamentale, c&#8217;\u00e8 gi\u00e0 quella storica. Gli esperti decidono, ma non faremo cattedrali nel deserto\u00a0<\/em><\/p><\/blockquote>\n<p><strong>VENEZIA<\/strong> Non poteva mancare la discussione sulla pista da Bob a Cortina per le Olimpiadi 2026 ma anche per usare sia d&#8217;inverno che d&#8217;estate. Ecco cosa ha detto Zaia <em>&#8220;Che non si facciano cattedrali nel deserto, se c&#8217;\u00e8 la sostenibilit\u00e0 e me lo dicono i tecnici si va avanti, oppure &#8230;&#8221;<\/em><\/p>\n<blockquote>\n<h3>L&#8217;ASSESSORE MANUELA LANZARIN<\/h3>\n<\/blockquote>\n<p>Ieri abbiamo fatto 23mila dosi\u00a0 di vaccino e siamo al 91,4% degli over 80 vaccinati. I non rintracciabili restano l&#8217;1%. I medici di base che stanno vaccinando nei propri ambulatori sono 1.161, gli altri si stanno organizzando Il dato dei 40mila vaccini al giorno \u00e8 previsto dal 29 aprile secondo il piano del generale Figliuolo con \u00a0mezzo milione di dosi inoculate in Italia ogni giorno\u00bb.<\/p>\n<p><a href=\"https:\/\/www.facebook.com\/zaiaufficiale\/videos\/309533270525876\">https:\/\/www.facebook.com\/zaiaufficiale\/videos\/309533270525876<\/a><\/p>\n<p>&nbsp;<\/p>\n","protected":false},"excerpt":{"rendered":"<p>RADIO PIU&#8217; UNA CORAZZATA DI DIRETTE&#8230; IMMAGINA NON CI FOSSE VENEZIA Il punto stampa di Luca Zaia, diretta da Marghera I NUMERI \u00a0TAMPONI MOLECOLARI 4859396 TAMPONI RAPIDI 4147704 TAMPONI IERI 17781 POSITIVI IERI +930 INCIDENZA 5,23%\u00a0 POSITIVI DA INIZIO EPIDEMIA 402877\u00a0 POSITIVI ATTUALI\u00a0 25455\u00a0 RICOVERATI 1728 (-31)\u00a0 IN AREA NON CRITICA 1481 (-14)\u00a0 IN TERAPIA&hellip;<\/p>\n","protected":false},"author":4,"featured_media":163839,"comment_status":"closed","ping_status":"closed","sticky":false,"template":"","format":"standard","meta":{"_monsterinsights_skip_tracking":false,"_monsterinsights_sitenote_active":false,"_monsterinsights_sitenote_note":"","_monsterinsights_sitenote_category":0,"footnotes":""},"categories":[51,49],"tags":[],"class_list":["post-204613","post","type-post","status-publish","format-standard","has-post-thumbnail","hentry","category-evidenza-top","category-news-18","category-51","category-49","description-off"],"img_url":"https:\/\/www.radiopiu.net\/wordpress\/wp-content\/uploads\/2020\/10\/NUOVO-TAMPONE-ZAIA-RIGOLI-2.jpg","_links":{"self":[{"href":"https:\/\/www.radiopiu.net\/wordpress\/wp-json\/wp\/v2\/posts\/204613","targetHints":{"allow":["GET"]}}],"collection":[{"href":"https:\/\/www.radiopiu.net\/wordpress\/wp-json\/wp\/v2\/posts"}],"about":[{"href":"https:\/\/www.radiopiu.net\/wordpress\/wp-json\/wp\/v2\/types\/post"}],"author":[{"embeddable":true,"href":"https:\/\/www.radiopiu.net\/wordpress\/wp-json\/wp\/v2\/users\/4"}],"replies":[{"embeddable":true,"href":"https:\/\/www.radiopiu.net\/wordpress\/wp-json\/wp\/v2\/comments?post=204613"}],"version-history":[{"count":0,"href":"https:\/\/www.radiopiu.net\/wordpress\/wp-json\/wp\/v2\/posts\/204613\/revisions"}],"wp:featuredmedia":[{"embeddable":true,"href":"https:\/\/www.radiopiu.net\/wordpress\/wp-json\/wp\/v2\/media\/163839"}],"wp:attachment":[{"href":"https:\/\/www.radiopiu.net\/wordpress\/wp-json\/wp\/v2\/media?parent=204613"}],"wp:term":[{"taxonomy":"category","embeddable":true,"href":"https:\/\/www.radiopiu.net\/wordpress\/wp-json\/wp\/v2\/categories?post=204613"},{"taxonomy":"post_tag","embeddable":true,"href":"https:\/\/www.radiopiu.net\/wordpress\/wp-json\/wp\/v2\/tags?post=204613"}],"curies":[{"name":"wp","href":"https:\/\/api.w.org\/{rel}","templated":true}]}}