{"id":204664,"date":"2021-04-20T12:55:27","date_gmt":"2021-04-20T10:55:27","guid":{"rendered":"https:\/\/www.radiopiu.net\/wordpress\/?p=204664"},"modified":"2021-04-21T06:02:33","modified_gmt":"2021-04-21T04:02:33","slug":"zaia-e-la-pista-da-bob-a-cortina-lintervento-in-conferenza-stampa","status":"publish","type":"post","link":"https:\/\/www.radiopiu.net\/wordpress\/zaia-e-la-pista-da-bob-a-cortina-lintervento-in-conferenza-stampa\/","title":{"rendered":"ZAIA E LA PISTA DA BOB A CORTINA, L&#8217;INTERVENTO IN CONFERENZA STAMPA"},"content":{"rendered":"<blockquote><p><em>.Abbiamo un ottimo rapporto con il Cio, ho fatto molti incontri per parlare di Olimpiadi e anche di questo. Siamo un squadra e abbiamo sempre scelto assieme. Inutile creare problemi laddove non ci sono. La nuova pista di bob non \u00e8 fondamentale, c&#8217;\u00e8 gi\u00e0 quella storica. Gli esperti decidono, ma non faremo cattedrali nel deserto\u00a0<\/em><\/p><\/blockquote>\n<p><strong><img loading=\"lazy\" decoding=\"async\" class=\"alignleft\" src=\"https:\/\/www.radiopiu.net\/wordpress\/wp-content\/uploads\/2021\/04\/cortina_guide_bob.jpg\" width=\"166\" height=\"83\" \/>VENEZIA<\/strong> Non poteva mancare la discussione sulla pista da Bob a Cortina per le Olimpiadi 2026 ma anche per usare sia d&#8217;inverno che d&#8217;estate. Ecco cosa ha detto Zaia <em>&#8220;Che non si facciano cattedrali nel deserto, se c&#8217;\u00e8 la sostenibilit\u00e0 e me lo dicono i tecnici si va avanti, oppure &#8230;&#8221;<\/em><\/p>\n<p>audio Luca Zaia<\/p>\n<audio class=\"wp-audio-shortcode\" id=\"audio-204664-1\" preload=\"none\" style=\"width: 100%;\" controls=\"controls\"><source type=\"audio\/mpeg\" src=\"https:\/\/www.radiopiu.net\/wordpress\/wp-content\/uploads\/2021\/04\/zaia-bob.mp3?_=1\" \/><a href=\"https:\/\/www.radiopiu.net\/wordpress\/wp-content\/uploads\/2021\/04\/zaia-bob.mp3\">https:\/\/www.radiopiu.net\/wordpress\/wp-content\/uploads\/2021\/04\/zaia-bob.mp3<\/a><\/audio>\n<p>&nbsp;<\/p>\n","protected":false},"excerpt":{"rendered":"<p>.Abbiamo un ottimo rapporto con il Cio, ho fatto molti incontri per parlare di Olimpiadi e anche di questo. Siamo un squadra e abbiamo sempre scelto assieme. Inutile creare problemi laddove non ci sono. La nuova pista di bob non \u00e8 fondamentale, c&#8217;\u00e8 gi\u00e0 quella storica. Gli esperti decidono, ma non faremo cattedrali nel deserto\u00a0&hellip;<\/p>\n","protected":false},"author":4,"featured_media":204666,"comment_status":"closed","ping_status":"closed","sticky":false,"template":"","format":"standard","meta":{"_monsterinsights_skip_tracking":false,"_monsterinsights_sitenote_active":false,"_monsterinsights_sitenote_note":"","_monsterinsights_sitenote_category":0,"footnotes":""},"categories":[51,49],"tags":[],"class_list":["post-204664","post","type-post","status-publish","format-standard","has-post-thumbnail","hentry","category-evidenza-top","category-news-18","category-51","category-49","description-off"],"img_url":"https:\/\/www.radiopiu.net\/wordpress\/wp-content\/uploads\/2021\/04\/cortina_guide_bob.jpg","_links":{"self":[{"href":"https:\/\/www.radiopiu.net\/wordpress\/wp-json\/wp\/v2\/posts\/204664","targetHints":{"allow":["GET"]}}],"collection":[{"href":"https:\/\/www.radiopiu.net\/wordpress\/wp-json\/wp\/v2\/posts"}],"about":[{"href":"https:\/\/www.radiopiu.net\/wordpress\/wp-json\/wp\/v2\/types\/post"}],"author":[{"embeddable":true,"href":"https:\/\/www.radiopiu.net\/wordpress\/wp-json\/wp\/v2\/users\/4"}],"replies":[{"embeddable":true,"href":"https:\/\/www.radiopiu.net\/wordpress\/wp-json\/wp\/v2\/comments?post=204664"}],"version-history":[{"count":0,"href":"https:\/\/www.radiopiu.net\/wordpress\/wp-json\/wp\/v2\/posts\/204664\/revisions"}],"wp:featuredmedia":[{"embeddable":true,"href":"https:\/\/www.radiopiu.net\/wordpress\/wp-json\/wp\/v2\/media\/204666"}],"wp:attachment":[{"href":"https:\/\/www.radiopiu.net\/wordpress\/wp-json\/wp\/v2\/media?parent=204664"}],"wp:term":[{"taxonomy":"category","embeddable":true,"href":"https:\/\/www.radiopiu.net\/wordpress\/wp-json\/wp\/v2\/categories?post=204664"},{"taxonomy":"post_tag","embeddable":true,"href":"https:\/\/www.radiopiu.net\/wordpress\/wp-json\/wp\/v2\/tags?post=204664"}],"curies":[{"name":"wp","href":"https:\/\/api.w.org\/{rel}","templated":true}]}}