{"id":204690,"date":"2021-04-21T05:43:15","date_gmt":"2021-04-21T03:43:15","guid":{"rendered":"https:\/\/www.radiopiu.net\/wordpress\/?p=204690"},"modified":"2021-04-21T06:02:22","modified_gmt":"2021-04-21T04:02:22","slug":"ugo-soragni-il-nuovo-commissario-per-lemergenza-vaia","status":"publish","type":"post","link":"https:\/\/www.radiopiu.net\/wordpress\/ugo-soragni-il-nuovo-commissario-per-lemergenza-vaia\/","title":{"rendered":"UGO SORAGNI IL NUOVO COMMISSARIO PER L&#8217;EMERGENZA VAIA"},"content":{"rendered":"<p><b><img decoding=\"async\" class=\"alignleft\" src=\"https:\/\/www.radiopiu.net\/wordpress\/wp-content\/uploads\/2021\/04\/Ugo-Soragni_Direttore-regionale-per-i-beni-culturali-e-paesaggistici-del-Veneto.jpg\" \/>VENEZIA <\/b>Il Capo della Protezione Civile Nazionale, Fabrizio Curcio, ha nominato Commissario delegato per l\u2019emergenza legata alla tempesta \u201dVaia\u201d,\u00a0 l\u2019architetto Ugo Soragni, gi\u00e0 Direttore Generale Musei del Ministero dei Beni Culturali, che operer\u00e0 gratuitamente. Per l\u2019assolvimento del proprio incarico, gli sar\u00e0 riconosciuta la facolt\u00e0 di accedere agli uffici regionali, di avvalersi del materiale e di tutta la documentazione necessaria, nonch\u00e9 di tutte le strumentazioni e supporto logistico e di personale necessari per il corretto espletamento dell\u2019incarico stesso. Sono stati assegnati e totalmente impegnati circa 682 milioni di euro, con 931 cantieri ultimati o in corso per l\u2019annualit\u00e0 2019, e con altri 480 cantieri per l\u2019annualit\u00e0 2020, pari a 240,5 milioni di importo. Dei 931 cantieri a valere sul 2019, 467 sono gi\u00e0 ultimati e 426 con i lavori in corso. Per l\u2019annualit\u00e0 2020 sono stati stipulati 464 nuovi contratti per un importo di circa 240 milioni e vari cantieri sono gi\u00e0 conclusi. Sul fronte boschi, circa l\u201985% del legname \u00e8 stato venduto, e di questo il 50% portato via fisicamente.\u00a0 Per il resto ci sar\u00e0\u00a0 bisogno di almeno 50 milioni di euro per recuperare il legname che non ha mercato e non \u00e8 vendibile senza costi.<\/p>\n<p>&nbsp;<\/p>\n","protected":false},"excerpt":{"rendered":"<p>VENEZIA Il Capo della Protezione Civile Nazionale, Fabrizio Curcio, ha nominato Commissario delegato per l\u2019emergenza legata alla tempesta \u201dVaia\u201d,\u00a0 l\u2019architetto Ugo Soragni, gi\u00e0 Direttore Generale Musei del Ministero dei Beni Culturali, che operer\u00e0 gratuitamente. Per l\u2019assolvimento del proprio incarico, gli sar\u00e0 riconosciuta la facolt\u00e0 di accedere agli uffici regionali, di avvalersi del materiale e di&hellip;<\/p>\n","protected":false},"author":4,"featured_media":204691,"comment_status":"closed","ping_status":"closed","sticky":false,"template":"","format":"standard","meta":{"_monsterinsights_skip_tracking":false,"_monsterinsights_sitenote_active":false,"_monsterinsights_sitenote_note":"","_monsterinsights_sitenote_category":0,"footnotes":""},"categories":[51,49],"tags":[],"class_list":["post-204690","post","type-post","status-publish","format-standard","has-post-thumbnail","hentry","category-evidenza-top","category-news-18","category-51","category-49","description-off"],"img_url":"https:\/\/www.radiopiu.net\/wordpress\/wp-content\/uploads\/2021\/04\/Ugo-Soragni_Direttore-regionale-per-i-beni-culturali-e-paesaggistici-del-Veneto.jpg","_links":{"self":[{"href":"https:\/\/www.radiopiu.net\/wordpress\/wp-json\/wp\/v2\/posts\/204690","targetHints":{"allow":["GET"]}}],"collection":[{"href":"https:\/\/www.radiopiu.net\/wordpress\/wp-json\/wp\/v2\/posts"}],"about":[{"href":"https:\/\/www.radiopiu.net\/wordpress\/wp-json\/wp\/v2\/types\/post"}],"author":[{"embeddable":true,"href":"https:\/\/www.radiopiu.net\/wordpress\/wp-json\/wp\/v2\/users\/4"}],"replies":[{"embeddable":true,"href":"https:\/\/www.radiopiu.net\/wordpress\/wp-json\/wp\/v2\/comments?post=204690"}],"version-history":[{"count":0,"href":"https:\/\/www.radiopiu.net\/wordpress\/wp-json\/wp\/v2\/posts\/204690\/revisions"}],"wp:featuredmedia":[{"embeddable":true,"href":"https:\/\/www.radiopiu.net\/wordpress\/wp-json\/wp\/v2\/media\/204691"}],"wp:attachment":[{"href":"https:\/\/www.radiopiu.net\/wordpress\/wp-json\/wp\/v2\/media?parent=204690"}],"wp:term":[{"taxonomy":"category","embeddable":true,"href":"https:\/\/www.radiopiu.net\/wordpress\/wp-json\/wp\/v2\/categories?post=204690"},{"taxonomy":"post_tag","embeddable":true,"href":"https:\/\/www.radiopiu.net\/wordpress\/wp-json\/wp\/v2\/tags?post=204690"}],"curies":[{"name":"wp","href":"https:\/\/api.w.org\/{rel}","templated":true}]}}