{"id":204759,"date":"2021-04-22T05:55:25","date_gmt":"2021-04-22T03:55:25","guid":{"rendered":"https:\/\/www.radiopiu.net\/wordpress\/?p=204759"},"modified":"2021-04-22T11:39:31","modified_gmt":"2021-04-22T09:39:31","slug":"giornale-radiopiu-22-aprile-2021-direttore-mirko-mezzacasa","status":"publish","type":"post","link":"https:\/\/www.radiopiu.net\/wordpress\/giornale-radiopiu-22-aprile-2021-direttore-mirko-mezzacasa\/","title":{"rendered":"GIORNALE RADIOPIU 22 APRILE 2021 DIRETTORE MIRKO MEZZACASA"},"content":{"rendered":"<h3>PER<strong> RICEVERE QUESTO NOTIZIARIO DIRETTAMENTE SUL TUO CELLULARE ISCRIVITI AL CANALE TELEGRAM <\/strong><strong>\u201cRADIO PIU\u00a0 INFORMAZIONE&#8221;\u00a0<\/strong><\/h3>\n<p>&nbsp;<\/p>\n<hr \/>\n<p>&nbsp;<\/p>\n<p><strong>La foto dal Rifugio Flora Alpina di Harald De Pellegrini con sua Maest\u00e0 l&#8217;Agner<\/strong><\/p>\n<p><a href=\"https:\/\/www.radiopiu.net\/wordpress\/giornale-radiopiu-22-aprile-2021-direttore-mirko-mezzacasa\/462d6497-aa59-485a-80df-9c9879c65d91-2\/\" rel=\"attachment wp-att-204849\"><img loading=\"lazy\" decoding=\"async\" class=\"alignnone wp-image-204849 size-full\" src=\"https:\/\/www.radiopiu.net\/wordpress\/wp-content\/uploads\/2021\/04\/462d6497-aa59-485a-80df-9c9879c65d91-1.jpg\" alt=\"\" width=\"1200\" height=\"1600\" srcset=\"https:\/\/www.radiopiu.net\/wordpress\/wp-content\/uploads\/2021\/04\/462d6497-aa59-485a-80df-9c9879c65d91-1.jpg 1200w, https:\/\/www.radiopiu.net\/wordpress\/wp-content\/uploads\/2021\/04\/462d6497-aa59-485a-80df-9c9879c65d91-1-225x300.jpg 225w, https:\/\/www.radiopiu.net\/wordpress\/wp-content\/uploads\/2021\/04\/462d6497-aa59-485a-80df-9c9879c65d91-1-768x1024.jpg 768w, https:\/\/www.radiopiu.net\/wordpress\/wp-content\/uploads\/2021\/04\/462d6497-aa59-485a-80df-9c9879c65d91-1-1152x1536.jpg 1152w\" sizes=\"auto, (max-width: 1200px) 100vw, 1200px\" \/><\/a><\/p>\n<p>&nbsp;<\/p>\n<p>&nbsp;<\/p>\n<hr \/>\n<p>&nbsp;<\/p>\n<blockquote>\n<h2><span style=\"color: #ff0000;\">RADIO PIU&#8217;&#8230; SEMPRE PIU&#8217; VOCE DAL TERRITORIO<\/span><\/h2>\n<h2><span style=\"color: #ff0000;\">QUESTA SERA\u00a0 ALLE 20.30 IL TRENO NELL&#8217;AGORDINO. PRESENTAZIONE DEL PROGETTO, MOTIVAZIONI E SPERANZE PER UN FUTURO MIGLIORE.<\/span><\/h2>\n<h2><span style=\"color: #ff0000;\">SABATO ALLE 17.30 DIRETTA RADIO DALLA PISCINA COMPRENSORIALE DI AGORDO CON ATTIVAMENTE AGORDINO CON I PROTAGONISTI DELLA RIPARTENZA<\/span><\/h2>\n<h2><span style=\"color: #ff0000;\">RADIO PIU, UNA CORAZZATA DI NOTIZIE&#8230;. immagina non ci fosse.<\/span><\/h2>\n<\/blockquote>\n<h2><\/h2>\n<hr \/>\n<p>&nbsp;<\/p>\n<h2 dir=\"auto\"><a href=\"https:\/\/www.radiopiu.net\/wordpress\/giornale-radiopiu-07-aprile-2021-direttore-mirko-mezzacasa\/youtube\/\" rel=\"attachment wp-att-201738\"><img loading=\"lazy\" decoding=\"async\" class=\"wp-image-201738 alignleft\" src=\"https:\/\/www.radiopiu.net\/wordpress\/wp-content\/uploads\/2021\/04\/YOUTUBE-300x300.png\" alt=\"\" width=\"143\" height=\"143\" srcset=\"https:\/\/www.radiopiu.net\/wordpress\/wp-content\/uploads\/2021\/04\/YOUTUBE-300x300.png 300w, https:\/\/www.radiopiu.net\/wordpress\/wp-content\/uploads\/2021\/04\/YOUTUBE-1024x1024.png 1024w, https:\/\/www.radiopiu.net\/wordpress\/wp-content\/uploads\/2021\/04\/YOUTUBE-150x150.png 150w, https:\/\/www.radiopiu.net\/wordpress\/wp-content\/uploads\/2021\/04\/YOUTUBE-768x768.png 768w, https:\/\/www.radiopiu.net\/wordpress\/wp-content\/uploads\/2021\/04\/YOUTUBE.png 1200w\" sizes=\"auto, (max-width: 143px) 100vw, 143px\" \/><\/a><\/h2>\n<p>&nbsp;<\/p>\n<h2 dir=\"auto\">RADIO PIU&#8217; ANCHE SU YOUTUBE. ISCRIVITI AL CANALE PER SEGUIRE LE DIRETTE E GUARDARE I VIDEO DI RADIO PIU&#8217;<\/h2>\n<h2 dir=\"auto\"><a href=\"https:\/\/www.youtube.com\/channel\/UC_sv6_pySrogmrRK354wWOw\">CLICCA QUI<\/a> E PREMI SUL PULSANTE &#8220;ISCRIVITI&#8221;<\/h2>\n<p>&nbsp;<\/p>\n<p>&nbsp;<\/p>\n<hr \/>\n<p>&nbsp;<\/p>\n<p><em><a href=\"https:\/\/www.radiopiu.net\/wordpress\/giornale-radiopiu-24-gennaio-2021-direttore-mirko-mezzacasa\/79216601_126817312416448_708980208774483089_n\/\" rel=\"attachment wp-att-186567\"><img loading=\"lazy\" decoding=\"async\" class=\"size-medium wp-image-186567 alignleft\" src=\"https:\/\/www.radiopiu.net\/wordpress\/wp-content\/uploads\/2021\/01\/79216601_126817312416448_708980208774483089_n-300x114.jpg\" alt=\"\" width=\"300\" height=\"114\" srcset=\"https:\/\/www.radiopiu.net\/wordpress\/wp-content\/uploads\/2021\/01\/79216601_126817312416448_708980208774483089_n-300x114.jpg 300w, https:\/\/www.radiopiu.net\/wordpress\/wp-content\/uploads\/2021\/01\/79216601_126817312416448_708980208774483089_n-768x292.jpg 768w, https:\/\/www.radiopiu.net\/wordpress\/wp-content\/uploads\/2021\/01\/79216601_126817312416448_708980208774483089_n.jpg 820w\" sizes=\"auto, (max-width: 300px) 100vw, 300px\" \/><\/a> <\/em><\/p>\n<p><em><span style=\"color: #ff0000;\">\u00a0<\/span><\/em><em><span style=\"color: #ff0000;\">LA NUOVA APP PER IOS-IPHONE di Nicola Vettorello <\/span><\/em><a href=\"https:\/\/apps.apple.com\/it\/app\/radio-pi%C3%B9-emittente-agordina\/id1515939845\">https:\/\/apps.apple.com\/it\/app\/radio-pi%C3%B9-emittente-agordina\/id1515939845<\/a><\/p>\n<p><em style=\"color: #ff0000;\">ATTENZIONE: LA NUOVA APP RADIO\u00a0 PER ANDROID di Nicola Vettorello<\/em><\/p>\n<p><a href=\"https:\/\/play.google.com\/store\/apps\/details?id=net.radiopiu.iniko\" target=\"_blank\" rel=\"noopener noreferrer\">https:\/\/play.google.com\/store\/apps\/details?id=net.radiopiu.iniko<\/a><\/p>\n<p>&nbsp;<\/p>\n<p>&nbsp;<\/p>\n<p>&nbsp;<\/p>\n<hr \/>\n<p>&nbsp;<\/p>\n<blockquote>\n<h3>VENETO IN ARANCIONE<\/h3>\n<\/blockquote>\n<p><strong>VENEZIA<\/strong><em> Il Veneto in zona arancione. Di seguito il vademecum sulla zona arancione.<\/em><\/p>\n<h3><a href=\"https:\/\/www.radiopiu.net\/wordpress\/giornale-radiopiu-03-aprile-2021-direttore-mirko-mezzacasa\/b3f36804-16e9-4406-b10b-f7963a753f82\/\" rel=\"attachment wp-att-201000\"><img loading=\"lazy\" decoding=\"async\" class=\"aligncenter wp-image-201000 size-full\" src=\"https:\/\/www.radiopiu.net\/wordpress\/wp-content\/uploads\/2021\/04\/b3f36804-16e9-4406-b10b-f7963a753f82.jpg\" alt=\"\" width=\"1024\" height=\"616\" srcset=\"https:\/\/www.radiopiu.net\/wordpress\/wp-content\/uploads\/2021\/04\/b3f36804-16e9-4406-b10b-f7963a753f82.jpg 1024w, https:\/\/www.radiopiu.net\/wordpress\/wp-content\/uploads\/2021\/04\/b3f36804-16e9-4406-b10b-f7963a753f82-300x180.jpg 300w, https:\/\/www.radiopiu.net\/wordpress\/wp-content\/uploads\/2021\/04\/b3f36804-16e9-4406-b10b-f7963a753f82-768x462.jpg 768w\" sizes=\"auto, (max-width: 1024px) 100vw, 1024px\" \/><\/a><\/h3>\n<p>&nbsp;<\/p>\n<p><strong>PER GLI SPOSTAMENTI FUORI COMUNE (SOTTO I 5000 ABITANTI) OBBLIGO DI AUTOCERTIFICAZIONE CHE PUOI <a href=\"https:\/\/www.radiopiu.net\/wordpress\/veneto-in-rosso-il-bianco-sardegna-lontano-lo-dice-lincide-rt\/dpcm-autocertificazione-gennaio-2021\/\">SCARICARE QUI<\/a><\/strong><\/p>\n<p>&nbsp;<\/p>\n<p>&nbsp;<\/p>\n<hr \/>\n<p>&nbsp;<\/p>\n<div>\n<blockquote>\n<h3 class=\"page-title-head hgroup\">EX PROVINCIALE TAIBON-AGORDO, STRADA CHIUSA FINO AL 31 MAGGIO<\/h3>\n<\/blockquote>\n<p><strong>TAIBON<\/strong>\u00a0Cantiere aperto tra Taibon, Taier e Brugnach sulla strada di campagna, (ex Sp 34): fino al 31 maggio la strada rester\u00e0 chiusa da\u00a0 via Col di Lana (sabati, domeniche e festivi inclusi).<\/p>\n<p>&nbsp;<\/p>\n<p>&nbsp;<\/p>\n<hr \/>\n<p>&nbsp;<\/p>\n<\/div>\n<div class=\"page-title-head hgroup\"><\/div>\n<p><strong>SP 3 VAL IMPERINA <\/strong>Fino al 30 aprile (sabato e domenica esclusi) interdizione alla viabilit\u00e0 per lavori di esbosco schianti a fasce orari. Chiusure: dalle 8 alle 9.45; dalle 10 alle 12; dalle 13.45 alle 15.50; dalle 16.10 alle 17.30. Nei periodi non interessati dalla chiusura senso unico alternato con movieri.<img loading=\"lazy\" decoding=\"async\" class=\"wp-image-198719 alignleft\" src=\"https:\/\/www.radiopiu.net\/wordpress\/wp-content\/uploads\/2021\/03\/d1cefc45-a8f4-432d-b66b-ba03ea140813-300x142.jpg\" alt=\"\" width=\"188\" height=\"89\" srcset=\"https:\/\/www.radiopiu.net\/wordpress\/wp-content\/uploads\/2021\/03\/d1cefc45-a8f4-432d-b66b-ba03ea140813-300x142.jpg 300w, https:\/\/www.radiopiu.net\/wordpress\/wp-content\/uploads\/2021\/03\/d1cefc45-a8f4-432d-b66b-ba03ea140813-1024x485.jpg 1024w, https:\/\/www.radiopiu.net\/wordpress\/wp-content\/uploads\/2021\/03\/d1cefc45-a8f4-432d-b66b-ba03ea140813-768x364.jpg 768w, https:\/\/www.radiopiu.net\/wordpress\/wp-content\/uploads\/2021\/03\/d1cefc45-a8f4-432d-b66b-ba03ea140813-1536x728.jpg 1536w, https:\/\/www.radiopiu.net\/wordpress\/wp-content\/uploads\/2021\/03\/d1cefc45-a8f4-432d-b66b-ba03ea140813.jpg 1599w\" sizes=\"auto, (max-width: 188px) 100vw, 188px\" \/><\/p>\n<p><b>\u00a0<\/b><strong>PROVINCIALE 10 DI ALANO, LOC. LE SORGENTI<\/strong> interruzione totale alla viabilit\u00e0 fino al 19 maggio, dalle 8 alle 12 e dalle 13 alle 18, esclusi sabato e domenica<\/p>\n<p><strong>PROVINCIALE 347 CEREDA-DURAN, LOCALIT\u00e0 VALLE DI CADORE PONTE SUL BOITE<\/strong> nei giorni 22 e 23 aprile interdizionale totale al traffico dalle 8-945; 10.15-12.15; 14-1545; 1615-1730<\/p>\n<p>&nbsp;<\/p>\n<hr \/>\n<h3><\/h3>\n<h3>CHIUSURA STATALE 50 A GRAVAZZE PER LA REALIZZAZIONE DEL SOTTOPASSO CICLABILE<\/h3>\n<p><strong><a href=\"https:\/\/www.radiopiu.net\/wordpress\/giornale-radio-piu-15-06-direttore-mirko-mezzacasa\/lavori_in_corso_cartelli04111111111111\/\" rel=\"attachment wp-att-20520\"><img loading=\"lazy\" decoding=\"async\" class=\" wp-image-20520 alignleft\" src=\"https:\/\/www.radiopiu.net\/wordpress\/wp-content\/uploads\/2016\/06\/lavori_in_corso_cartelli04111111111111-300x237.jpg\" sizes=\"auto, (max-width: 300px) 100vw, 300px\" srcset=\"https:\/\/www.radiopiu.net\/wordpress\/wp-content\/uploads\/2016\/06\/lavori_in_corso_cartelli04111111111111-300x237.jpg 300w, https:\/\/www.radiopiu.net\/wordpress\/wp-content\/uploads\/2016\/06\/lavori_in_corso_cartelli04111111111111.jpg 425w\" alt=\"\" width=\"152\" height=\"120\" \/><\/a>SANTA GIUSTINA<\/strong> chiusura della Statale 50\u00a0 fino al\u00a0 25 aprile con deviazioni ben segnalate. Per la durata dei lavori in localit\u00e0 Gravazze anche le tratte Dolomitibus da Feltre e S.Giustina verso la Luxottica di Agordo subiranno le necessarie deviazioni, \u00a0sono stati comunicati gli orari in vigore\u00a0 fino al 25 aprile<\/p>\n<p><strong>GLI ORARI<\/strong><\/p>\n\n\t\t\t<style type='text\/css'>\n\t\t\t\t#gallery-1 {\n\t\t\t\t\tmargin: auto;\n\t\t\t\t}\n\t\t\t\t#gallery-1 .gallery-item {\n\t\t\t\t\tfloat: left;\n\t\t\t\t\tmargin-top: 10px;\n\t\t\t\t\ttext-align: center;\n\t\t\t\t\twidth: 33%;\n\t\t\t\t}\n\t\t\t\t#gallery-1 img {\n\t\t\t\t\tborder: 2px solid #cfcfcf;\n\t\t\t\t}\n\t\t\t\t#gallery-1 .gallery-caption {\n\t\t\t\t\tmargin-left: 0;\n\t\t\t\t}\n\t\t\t\t\/* see gallery_shortcode() in wp-includes\/media.php *\/\n\t\t\t<\/style>\n\t\t<div id='gallery-1' class='dt-gallery-container gallery galleryid-204759 gallery-columns-3 gallery-size-medium'><dl class='gallery-item'>\n\t\t\t\t<dt class='gallery-icon portrait'>\n\t\t\t\t\t<a class=\"rollover rollover-zoom dt-pswp-item\" title=\"2a2b5bcd-0c59-443b-baf0-ad95a2976e77\" data-dt-img-description=\"\" data-large_image_width=\"720\" data-large_image_height=\"962\"href='https:\/\/www.radiopiu.net\/wordpress\/wp-content\/uploads\/2021\/04\/2a2b5bcd-0c59-443b-baf0-ad95a2976e77.jpg'><img loading=\"lazy\" decoding=\"async\" width=\"225\" height=\"300\" src=\"https:\/\/www.radiopiu.net\/wordpress\/wp-content\/uploads\/2021\/04\/2a2b5bcd-0c59-443b-baf0-ad95a2976e77-225x300.jpg\" class=\"attachment-medium size-medium\" alt=\"\" srcset=\"https:\/\/www.radiopiu.net\/wordpress\/wp-content\/uploads\/2021\/04\/2a2b5bcd-0c59-443b-baf0-ad95a2976e77-225x300.jpg 225w, https:\/\/www.radiopiu.net\/wordpress\/wp-content\/uploads\/2021\/04\/2a2b5bcd-0c59-443b-baf0-ad95a2976e77.jpg 720w\" sizes=\"auto, (max-width: 225px) 100vw, 225px\" \/><\/a>\n\t\t\t\t<\/dt><\/dl><dl class='gallery-item'>\n\t\t\t\t<dt class='gallery-icon portrait'>\n\t\t\t\t\t<a class=\"rollover rollover-zoom dt-pswp-item\" title=\"3aeb2860-495f-4734-bbdc-5fceffd2378e\" data-dt-img-description=\"\" data-large_image_width=\"720\" data-large_image_height=\"941\"href='https:\/\/www.radiopiu.net\/wordpress\/wp-content\/uploads\/2021\/04\/3aeb2860-495f-4734-bbdc-5fceffd2378e.jpg'><img loading=\"lazy\" decoding=\"async\" width=\"230\" height=\"300\" src=\"https:\/\/www.radiopiu.net\/wordpress\/wp-content\/uploads\/2021\/04\/3aeb2860-495f-4734-bbdc-5fceffd2378e-230x300.jpg\" class=\"attachment-medium size-medium\" alt=\"\" srcset=\"https:\/\/www.radiopiu.net\/wordpress\/wp-content\/uploads\/2021\/04\/3aeb2860-495f-4734-bbdc-5fceffd2378e-230x300.jpg 230w, https:\/\/www.radiopiu.net\/wordpress\/wp-content\/uploads\/2021\/04\/3aeb2860-495f-4734-bbdc-5fceffd2378e.jpg 720w\" sizes=\"auto, (max-width: 230px) 100vw, 230px\" \/><\/a>\n\t\t\t\t<\/dt><\/dl><dl class='gallery-item'>\n\t\t\t\t<dt class='gallery-icon landscape'>\n\t\t\t\t\t<a class=\"rollover rollover-zoom dt-pswp-item\" title=\"8dd796ca-b239-4231-b06d-d2f47036906d\" data-dt-img-description=\"\" data-large_image_width=\"720\" data-large_image_height=\"588\"href='https:\/\/www.radiopiu.net\/wordpress\/wp-content\/uploads\/2021\/04\/8dd796ca-b239-4231-b06d-d2f47036906d.jpg'><img loading=\"lazy\" decoding=\"async\" width=\"300\" height=\"245\" src=\"https:\/\/www.radiopiu.net\/wordpress\/wp-content\/uploads\/2021\/04\/8dd796ca-b239-4231-b06d-d2f47036906d-300x245.jpg\" class=\"attachment-medium size-medium\" alt=\"\" srcset=\"https:\/\/www.radiopiu.net\/wordpress\/wp-content\/uploads\/2021\/04\/8dd796ca-b239-4231-b06d-d2f47036906d-300x245.jpg 300w, https:\/\/www.radiopiu.net\/wordpress\/wp-content\/uploads\/2021\/04\/8dd796ca-b239-4231-b06d-d2f47036906d.jpg 720w\" sizes=\"auto, (max-width: 300px) 100vw, 300px\" \/><\/a>\n\t\t\t\t<\/dt><\/dl><br style=\"clear: both\" \/>\n\t\t\t<\/div>\n\n<p>&nbsp;<\/p>\n<p>&nbsp;<\/p>\n<hr \/>\n<p>&nbsp;<\/p>\n<blockquote>\n<h3>SENSO UNICO ALTERNATO A SOVERZENE PER TRE SETTIMANE<\/h3>\n<\/blockquote>\n<p><strong>SOVERZENE<\/strong> Per tre settimane verr\u00e0 istituito senso unico alternato regolato\u00a0 da\u00a0 impianto\u00a0 semaforico sulla\u00a0 strada\u00a0 Soverzene &#8211; Provagna\u00a0 in\u00a0 Comune\u00a0 di\u00a0 Soverzene,\u00a0 dalla\u00a0 localit\u00e0\u00a0 Cima\u00a0 Campo fino\u00a0 al\u00a0 bivio\u00a0 con\u00a0 gli\u00a0 impianti\u00a0 sportivi,\u00a0 al\u00a0 fine\u00a0 di\u00a0 consentire\u00a0 all\u2019Impresa Tollot di allestire\u00a0 un cantiere stradale per la messa in sicurezza della strada stessa.<\/p>\n<p>&nbsp;<\/p>\n<p>&nbsp;<\/p>\n<hr \/>\n<p>&nbsp;<\/p>\n<p><strong><a href=\"https:\/\/www.radiopiu.net\/wordpress\/acqua-di-nuovo-potabile-a-gosaldo\/bicchiere-acqua\/\" rel=\"attachment wp-att-197762\"><img loading=\"lazy\" decoding=\"async\" class=\" wp-image-197762 alignleft\" src=\"https:\/\/www.radiopiu.net\/wordpress\/wp-content\/uploads\/2021\/03\/BICCHIERE-ACQUA-300x200.jpg\" alt=\"\" width=\"159\" height=\"106\" srcset=\"https:\/\/www.radiopiu.net\/wordpress\/wp-content\/uploads\/2021\/03\/BICCHIERE-ACQUA-300x200.jpg 300w, https:\/\/www.radiopiu.net\/wordpress\/wp-content\/uploads\/2021\/03\/BICCHIERE-ACQUA-1024x683.jpg 1024w, https:\/\/www.radiopiu.net\/wordpress\/wp-content\/uploads\/2021\/03\/BICCHIERE-ACQUA-768x512.jpg 768w, https:\/\/www.radiopiu.net\/wordpress\/wp-content\/uploads\/2021\/03\/BICCHIERE-ACQUA-1536x1024.jpg 1536w, https:\/\/www.radiopiu.net\/wordpress\/wp-content\/uploads\/2021\/03\/BICCHIERE-ACQUA.jpg 1920w\" sizes=\"auto, (max-width: 159px) 100vw, 159px\" \/><\/a><\/strong><strong>ROCCA PIETORE nelle LOCALITA\u2019 VAL, DAGAI, DAVARE, LE COSTE, RONCH\u00a0 l\u2019acqua erogata dall\u2019acquedotto non \u00e8 potabile e pu\u00f2 essere usata per scopi alimentari SOLO PREVIA bollitura.<\/strong><\/p>\n<p>&nbsp;<\/p>\n<p>&nbsp;<\/p>\n<p>&nbsp;<\/p>\n<hr \/>\n<p>&nbsp;<\/p>\n<h3><a href=\"https:\/\/www.radiopiu.net\/wordpress\/giornale-radio-piu-edizione-del-23-dicembre-2017-direttore-mirko-mezzacasa\/enel-tecnici-in-cabina\/\" rel=\"attachment wp-att-40338\"><img loading=\"lazy\" decoding=\"async\" class=\"wp-image-40338 alignleft\" src=\"https:\/\/www.radiopiu.net\/wordpress\/wp-content\/uploads\/2017\/12\/Enel-Tecnici-in-cabina-300x200.jpg\" alt=\"\" width=\"96\" height=\"64\" \/><\/a>INTERRUZIONI ENEL PROGRAMMATE<\/h3>\n<p><strong>RIVAMONTE<\/strong> domani dalle 8 alle 13 in Via Valchesina<\/p>\n<p>&nbsp;<\/p>\n<p>&nbsp;<\/p>\n<hr \/>\n<p>&nbsp;<\/p>\n<p>&nbsp;<\/p>\n<p>&nbsp;<\/p>\n<blockquote>\n<h3>COVID IN PROVINCIA: UN DECESSO E 33 NUOVI POSITIVI NELLE ULTIME 24 ORE<\/h3>\n<\/blockquote>\n<p><strong>BELLUNO <\/strong>Nelle ultime\u00a0 24 ore\u00a0 \u00e8 deceduta una donna covid positiva di anni 72 ricoverata in Rianimazione Covid a Belluno. Sono 33 i nuovi positivi in provincia, gli attualmente positivi 696.<\/p>\n<p><strong>Ricoveri\u00a0<\/strong><\/p>\n<p><em>(dato alle ore 17.00 fonte: Azienda Zero)<\/em><\/p>\n<p>Le persone attualmente POSITIVE ricoverate negli ospedali dell\u2019Ulss Dolomiti sono:<\/p>\n<table>\n<tbody>\n<tr>\n<td width=\"217\"><strong>\u00a0<\/strong><\/td>\n<td width=\"217\"><strong>Area NON CRITICA<\/strong><\/td>\n<td width=\"217\"><strong>Terapia Intensiva<\/strong><\/td>\n<\/tr>\n<tr>\n<td width=\"217\"><strong>Ospedale di Belluno <\/strong><\/td>\n<td width=\"217\">17<\/td>\n<td width=\"217\">5<\/td>\n<\/tr>\n<tr>\n<td width=\"217\"><strong>Ospedale di Feltre<\/strong><\/td>\n<td width=\"217\">15<\/td>\n<td width=\"217\">3<\/td>\n<\/tr>\n<\/tbody>\n<\/table>\n<p>&nbsp;<\/p>\n<p>Le persone attualmente POSITIVE ricoverate in Ospedale di Comunit\u00e0 sono:<\/p>\n<table>\n<tbody>\n<tr>\n<td width=\"326\"><strong>\u00a0<\/strong><\/td>\n<td width=\"326\"><strong>pazienti attualmente positivi<\/strong><\/td>\n<\/tr>\n<tr>\n<td width=\"326\"><strong>Ospedale di Comunit\u00e0 di BELLUNO<\/strong><\/td>\n<td width=\"326\">9<\/td>\n<\/tr>\n<tr>\n<td width=\"326\"><strong>Ospedale di Comunit\u00e0 di FELTRE<\/strong><\/td>\n<td width=\"326\">5<\/td>\n<\/tr>\n<\/tbody>\n<\/table>\n<p>&nbsp;<\/p>\n<p>Ad oggi sono state somministrate in Ulss Dolomiti oltre 69 mila dosi di vaccino anti Covid. Nella giornata odierna sono state eseguite oltre 1500 seconde dosi nei drive in di Belluno, Paludi, Feltre e Agordo. In mattinata sono stati attivati 650 posti prenotabili dal portale per la vaccinazione di persone tra 70 e 79 anni, in aggiunta ai 300 posti attivati ieri sera e subito esauriti. Anche questa ulteriore disponibilit\u00e0 \u00e8 in via di completamento. Alla luce di ci\u00f2, stasera saranno inseriti ulteriori 600 posti per 70-79 anni prenotabili dal sito\u00a0<a href=\"http:\/\/www.aulss1.veneto.it\/\">www.aulss1.veneto.it <\/a>Rimane attiva nel portale la prenotazione per la vaccinazione di: over 80, estremamente vulnerabili (come da tabelle ministeriali), disabili gravi Legge 104 art. 3 comma 3. Ulteriori posti saranno attivati in base alle disponibilit\u00e0 di vaccino nei prossimi giorni.<\/p>\n<p>&nbsp;<\/p>\n<p>&nbsp;<\/p>\n<hr \/>\n<p>&nbsp;<\/p>\n<blockquote>\n<h3>IL CONTAGIO NELL&#8217;AGORDINO, AGGIORNAMENTO 22 APRILE 2021<\/h3>\n<\/blockquote>\n<p><strong>REDAZIONE <\/strong>Cinque Comuni liberi dal virus ( Selva di Cadore, Cencenighe, Vallada, Rivamonte, San Tomaso con zero casi e zero persone in quarantena)\u00a0 a Gosaldo un solo caso\u00a0 di persona in quarantena e pi\u00f9 nessun positivo, in tutti gli altri\u00a0 Comuni\u00a0 contagi in calo, anche Alleghe.<\/p>\n<p><strong>Selva di Cadore<\/strong> 0 positivi 1 isolamento \u00a0<strong>Taibon<\/strong> 11-6, <strong>La Valle<\/strong> 9-5,\u00a0 <strong>Vallada<\/strong> 0\u00a0 <strong>Alleghe<\/strong>\u00a0 12-9 <strong>Gosaldo<\/strong>\u00a0 0-1. <strong>Agordo<\/strong> 4-11 <strong>\u00a0Rocca Pietore <\/strong>3-7 <strong>Falcade<\/strong> 5-1\u00a0 <strong>Canale d\u2019Agordo<\/strong> 2-2\u00a0 <strong>Cencenighe<\/strong> 0 <strong>San Tomaso<\/strong> 0 <strong>Livinallongo<\/strong> 3-1 <strong>Rivamonte<\/strong> 0<\/p>\n\n\t\t\t<style type='text\/css'>\n\t\t\t\t#gallery-2 {\n\t\t\t\t\tmargin: auto;\n\t\t\t\t}\n\t\t\t\t#gallery-2 .gallery-item {\n\t\t\t\t\tfloat: left;\n\t\t\t\t\tmargin-top: 10px;\n\t\t\t\t\ttext-align: center;\n\t\t\t\t\twidth: 50%;\n\t\t\t\t}\n\t\t\t\t#gallery-2 img {\n\t\t\t\t\tborder: 2px solid #cfcfcf;\n\t\t\t\t}\n\t\t\t\t#gallery-2 .gallery-caption {\n\t\t\t\t\tmargin-left: 0;\n\t\t\t\t}\n\t\t\t\t\/* see gallery_shortcode() in wp-includes\/media.php *\/\n\t\t\t<\/style>\n\t\t<div id='gallery-2' class='dt-gallery-container gallery galleryid-204759 gallery-columns-2 gallery-size-full'><dl class='gallery-item'>\n\t\t\t\t<dt class='gallery-icon landscape'>\n\t\t\t\t\t<a class=\"rollover rollover-zoom dt-pswp-item\" title=\"49277272-077c-4e85-87a0-d5bf3c16c993\" data-dt-img-description=\"\" data-large_image_width=\"602\" data-large_image_height=\"347\"href='https:\/\/www.radiopiu.net\/wordpress\/wp-content\/uploads\/2021\/04\/49277272-077c-4e85-87a0-d5bf3c16c993.jpg'><img loading=\"lazy\" decoding=\"async\" width=\"602\" height=\"347\" src=\"https:\/\/www.radiopiu.net\/wordpress\/wp-content\/uploads\/2021\/04\/49277272-077c-4e85-87a0-d5bf3c16c993.jpg\" class=\"attachment-full size-full\" alt=\"\" srcset=\"https:\/\/www.radiopiu.net\/wordpress\/wp-content\/uploads\/2021\/04\/49277272-077c-4e85-87a0-d5bf3c16c993.jpg 602w, https:\/\/www.radiopiu.net\/wordpress\/wp-content\/uploads\/2021\/04\/49277272-077c-4e85-87a0-d5bf3c16c993-300x173.jpg 300w\" sizes=\"auto, (max-width: 602px) 100vw, 602px\" \/><\/a>\n\t\t\t\t<\/dt><\/dl><dl class='gallery-item'>\n\t\t\t\t<dt class='gallery-icon landscape'>\n\t\t\t\t\t<a class=\"rollover rollover-zoom dt-pswp-item\" title=\"b547665f-32f9-4780-8223-554a03a5473c\" data-dt-img-description=\"\" data-large_image_width=\"600\" data-large_image_height=\"358\"href='https:\/\/www.radiopiu.net\/wordpress\/wp-content\/uploads\/2021\/04\/b547665f-32f9-4780-8223-554a03a5473c.jpg'><img loading=\"lazy\" decoding=\"async\" width=\"600\" height=\"358\" src=\"https:\/\/www.radiopiu.net\/wordpress\/wp-content\/uploads\/2021\/04\/b547665f-32f9-4780-8223-554a03a5473c.jpg\" class=\"attachment-full size-full\" alt=\"\" srcset=\"https:\/\/www.radiopiu.net\/wordpress\/wp-content\/uploads\/2021\/04\/b547665f-32f9-4780-8223-554a03a5473c.jpg 600w, https:\/\/www.radiopiu.net\/wordpress\/wp-content\/uploads\/2021\/04\/b547665f-32f9-4780-8223-554a03a5473c-300x179.jpg 300w\" sizes=\"auto, (max-width: 600px) 100vw, 600px\" \/><\/a>\n\t\t\t\t<\/dt><\/dl><br style=\"clear: both\" \/>\n\t\t\t<\/div>\n\n<p>&nbsp;<\/p>\n<p>&nbsp;<\/p>\n<hr \/>\n<p>&nbsp;<\/p>\n<blockquote>\n<h3>DL RIAPERTURE, BOND: PISCINE COPERTE DIMENTICATE DAL GOVERNO<\/h3>\n<\/blockquote>\n<p><strong><img loading=\"lazy\" decoding=\"async\" class=\"alignleft\" src=\"https:\/\/www.radiopiu.net\/wordpress\/wp-content\/uploads\/2020\/05\/PISCINA-AGORDO.jpg\" width=\"317\" height=\"146\" \/>ROMA\u00a0<\/strong> \u201cAbbiamo piscine chiuse da oltre sei mesi. Quelle all\u2019aperto riapriranno, se tutto va bene, a met\u00e0 maggio. E le altre, ovvero quelle coperte e prevalentemente usate per attivit\u00e0 sportiva? Scomparse dalla scena, dimenticate\u201d. E\u2019 quanto dichiara in una nota il deputato azzurro Dario Bond, che aggiunge: \u201cOltre ai danni economici per i gestori e i lavoratori di queste strutture sportive, si stanno generando anche danni in termini di salute per tutti coloro, adulti e bambini, che hanno cessato l\u2019attivit\u00e0 fisica praticata con regolarit\u00e0. Lo sport, infatti, rinforza il sistema immunitario. Tra l\u2019altro, proprio in questi giorni abbiamo appreso dalla stampa la notizia di un nuovo studio, condotto da un team di scienziati dell\u2019Imperial College di Londra, che indica che il cloro contenuto nell\u2019acqua delle piscine potrebbe inattivare il Covid in meno di un minuto. Vorremmo sapere allora se \u00e8 semplice dimenticanza \u2013 comunque grave visti i danni \u2013 oppure, diversamente, se e quale logica ci sia dietro alla scelta da parte del Governo di continuare a tenere chiuse le piscine coperte. Per essere pi\u00f9 chiari, mentre scuole, bar, ristoranti, stabilimenti balneari, alberghi, teatri, cinema, terme, e cos\u00ec via, riaprono anche quando i locali sono al chiuso, solo le piscine coperte dovrebbero rimanere serrate. Incomprensibile\u201d.<\/p>\n<blockquote><p><strong>A proposito di Piscina ad Agordo, oggi alle 10.30 e 19 speciale alla radio e sabato dalle 17.30 la presentazione del nuovo sito internet in diretta radio Fm e canali social<\/strong><\/p><\/blockquote>\n<p>&nbsp;<\/p>\n<p>&nbsp;<\/p>\n<hr \/>\n<p>&nbsp;<\/p>\n<p>&nbsp;<\/p>\n<blockquote>\n<h3>PROROGA DELLA RICHIESTA PER LA REVISIONE DEGLI IMPIANTI A FUNE. DE CARLO: &#8220;FRATELLI D&#8217;ITALIA ANCORA UNA VOLTA A DIFESA DELLA MONTAGNA&#8221;<\/h3>\n<\/blockquote>\n<p><strong><a href=\"https:\/\/www.radiopiu.net\/wordpress\/giornale-radiopiu-19-maggio-2020-direttore-mirko-mezzacasa\/luca-de-carlo-8\/\" rel=\"attachment wp-att-138787\"><img loading=\"lazy\" decoding=\"async\" class=\"wp-image-138787 alignleft\" src=\"https:\/\/www.radiopiu.net\/wordpress\/wp-content\/uploads\/2020\/05\/Luca-De-Carlo.jpg\" alt=\"\" width=\"96\" height=\"132\" \/><\/a>ROMA<\/strong> \u201c<em>Sono felice che la proposta di Fratelli d&#8217;Italia in consiglio regionale del Veneto sia stata di sprone alla maggioranza e a tutti i partiti a riconoscere le evidenti criticit\u00e0 che gli impianti a fune stanno attraversando. La richiesta di proroga delle scadenze delle revisioni di questi impianti in un tale momento di crisi \u00e8 un forte segnale di attenzione alla montagna che Fratelli d&#8217;Italia ha voluto lanciare e che porter\u00f2 al Senato, chiedendo un impegno concreto in questo senso al Governo nei prossimi decreti<\/em>\u201d: cos\u00ec il senatore e coordinatore veneto di Fratelli d&#8217;Italia Luca De Carlo commenta l&#8217;approvazione unanime della mozione sul tema presentata dal consigliere regionale Daniele Polato.<\/p>\n<p>&nbsp;<\/p>\n<p>&nbsp;<\/p>\n<hr \/>\n<p>&nbsp;<\/p>\n<p>&nbsp;<\/p>\n<blockquote>\n<h3>VISITE NELLE RSA, IL PD CHIEDE A ZAIA UN PROTOCOLLO UNICO CON REGOLE CERTE<\/h3>\n<\/blockquote>\n<p><strong><a href=\"https:\/\/www.radiopiu.net\/wordpress\/emergenza-coronavirus-lappello-della-cooperazione-sociale-e-dei-sindacati-veneti-alle-istituzioni\/mani-anziani\/\" rel=\"attachment wp-att-125005\"><img loading=\"lazy\" decoding=\"async\" class=\" wp-image-125005 alignleft\" src=\"https:\/\/www.radiopiu.net\/wordpress\/wp-content\/uploads\/2020\/03\/MANI-ANZIANI-300x200.jpg\" alt=\"\" width=\"266\" height=\"177\" srcset=\"https:\/\/www.radiopiu.net\/wordpress\/wp-content\/uploads\/2020\/03\/MANI-ANZIANI-300x200.jpg 300w, https:\/\/www.radiopiu.net\/wordpress\/wp-content\/uploads\/2020\/03\/MANI-ANZIANI-1024x683.jpg 1024w, https:\/\/www.radiopiu.net\/wordpress\/wp-content\/uploads\/2020\/03\/MANI-ANZIANI-768x512.jpg 768w, https:\/\/www.radiopiu.net\/wordpress\/wp-content\/uploads\/2020\/03\/MANI-ANZIANI-1536x1024.jpg 1536w, https:\/\/www.radiopiu.net\/wordpress\/wp-content\/uploads\/2020\/03\/MANI-ANZIANI.jpg 1920w\" sizes=\"auto, (max-width: 266px) 100vw, 266px\" \/><\/a>VENEZIA<\/strong> \u201cNon basta dire che la chiusura delle case di riposo \u00e8 una tragedia e che devono essere consentite le visite perch\u00e9 ospiti e personale sono in gran parte vaccinati. Zaia \u00e8 stato eletto non per lamentarsi o scaricare le responsabilit\u00e0, ma per trovare soluzioni. Rinnoviamo la richiesta: si faccia un protocollo regionale unico che definisca regole certe per permettere agli anziani di poter ricevere, in condizioni di sicurezza, l\u2019affetto dei propri cari dopo un anno di totale isolamento\u201d. Cos\u00ec Anna Maria Bigon e Francesca Zottis, rappresentanti del PD in commissione Sanit\u00e0 del Consiglio regionale, ribattono alle dichiarazioni del presidente del Veneto sulla necessit\u00e0 di riaprire le Rsa alle visite, rilasciate durante il punto stampa a Marghera.<\/p>\n<p>&nbsp;<\/p>\n<p>&nbsp;<\/p>\n<hr \/>\n<p>&nbsp;<\/p>\n<blockquote>\n<h3>CASE DI RIPOSO IN CRISI, UNCEM: NECESSARIE RISORSE NEL DL &#8216;SOSTEGNI BIS&#8217; PER I COMUNI A VANTAGGIO DELLE STRUTTURE PER ANZIANI, DISABILI E MINORI, COMPROMESSE DALLA PANDEMIA<\/h3>\n<\/blockquote>\n<p><strong>ROMA<\/strong> &#8220;<em>Il Dl Sostegni bis, in fase di discussione in questi giorni a Chigi e nel Governo, dovr\u00e0 contenere una misura specifica per sostenere le RSA, le Case di Riposo per anziani e anche le strutture per disabili, per adulti e minori in difficolt\u00e0. Le risorse potranno passare dai Comuni che andranno a occuparsi, d&#8217;intesa con i Consorzi socio-assistenziali, delle situazioni pi\u00f9 complesse, compromesse dalla pandemia<\/em>. Lo affermano i Presidenti Uncem Piemonte Roberto Colombero e Uncem Nazionale, Marco Bussone, che hanno scritto in queste ore ai Ministri competenti per materia e a tutti i Direttori delle RSA e di analoghe strutture per disabili, adulti e minori in difficolt\u00e0. Molte Regioni stanno intervenendo, ma serve un&#8217;azione statale.<\/p>\n<p>&nbsp;<\/p>\n<p>&nbsp;<\/p>\n<p>&nbsp;<\/p>\n<p>&nbsp;<\/p>\n<hr \/>\n<p>&nbsp;<\/p>\n<blockquote>\n<h3>L&#8217;ENAIP DONA 7 MILA EURO ALLA PROVINCIA DI BELLUNO CON LA RACCOLTA FONDI &#8220;LA MONTAGNA NEL CUORE&#8221;<\/h3>\n<\/blockquote>\n<p><strong><a href=\"https:\/\/www.radiopiu.net\/wordpress\/lenaip-dona-7-mila-euro-alla-provincia-di-belluno-con-la-raccolta-fondi-la-montagna-nel-cuore\/enaip-prov\/\" rel=\"attachment wp-att-204876\"><img loading=\"lazy\" decoding=\"async\" class=\" wp-image-204876 alignleft\" src=\"https:\/\/www.radiopiu.net\/wordpress\/wp-content\/uploads\/2021\/04\/ENAIP-PROV-300x225.jpg\" alt=\"\" width=\"140\" height=\"105\" srcset=\"https:\/\/www.radiopiu.net\/wordpress\/wp-content\/uploads\/2021\/04\/ENAIP-PROV-300x225.jpg 300w, https:\/\/www.radiopiu.net\/wordpress\/wp-content\/uploads\/2021\/04\/ENAIP-PROV-768x576.jpg 768w, https:\/\/www.radiopiu.net\/wordpress\/wp-content\/uploads\/2021\/04\/ENAIP-PROV.jpg 1024w\" sizes=\"auto, (max-width: 140px) 100vw, 140px\" \/><\/a>BELLUNO<\/strong><\/p>\n<p>di Moreno Gioli<\/p>\n<audio class=\"wp-audio-shortcode\" id=\"audio-204759-1\" preload=\"none\" style=\"width: 100%;\" controls=\"controls\"><source type=\"audio\/mpeg\" src=\"https:\/\/www.radiopiu.net\/wordpress\/wp-content\/uploads\/2021\/04\/GIOLI-ENAIP.mp3?_=1\" \/><a href=\"https:\/\/www.radiopiu.net\/wordpress\/wp-content\/uploads\/2021\/04\/GIOLI-ENAIP.mp3\">https:\/\/www.radiopiu.net\/wordpress\/wp-content\/uploads\/2021\/04\/GIOLI-ENAIP.mp3<\/a><\/audio>\n<p>&nbsp;<\/p>\n<hr \/>\n<p>&nbsp;<\/p>\n<blockquote>\n<h3>IL CONSIGLIO COMUNALE DI FALCADE<\/h3>\n<\/blockquote>\n<p>https:\/\/www.facebook.com\/Mirkomezziano\/videos\/2947600915522675<\/p>\n<p>&nbsp;<\/p>\n<hr \/>\n<p>&nbsp;<\/p>\n<p><span style=\"color: #ff0000;\"><strong>OGGI SUL CORRIERE DELLE ALPI\u00a0<\/strong><\/span><\/p>\n<blockquote>\n<h2>Riceve 25 mila euro dallo Stato ma se li gioca quasi tutti online<\/h2>\n<\/blockquote>\n<p><em><a href=\"https:\/\/www.radiopiu.net\/wordpress\/mercatino-e-mercatino-delle-pulci-per-i-vostri-annunci-radiopiuradiopiu-it\/gdf-2\/\" rel=\"attachment wp-att-149906\"><img loading=\"lazy\" decoding=\"async\" class=\"wp-image-149906 alignleft\" src=\"https:\/\/www.radiopiu.net\/wordpress\/wp-content\/uploads\/2020\/07\/gdf-227x300.jpg\" alt=\"\" width=\"90\" height=\"119\" srcset=\"https:\/\/www.radiopiu.net\/wordpress\/wp-content\/uploads\/2020\/07\/gdf-227x300.jpg 227w, https:\/\/www.radiopiu.net\/wordpress\/wp-content\/uploads\/2020\/07\/gdf-775x1024.jpg 775w, https:\/\/www.radiopiu.net\/wordpress\/wp-content\/uploads\/2020\/07\/gdf-768x1015.jpg 768w, https:\/\/www.radiopiu.net\/wordpress\/wp-content\/uploads\/2020\/07\/gdf-1162x1536.jpg 1162w, https:\/\/www.radiopiu.net\/wordpress\/wp-content\/uploads\/2020\/07\/gdf-1550x2048.jpg 1550w, https:\/\/www.radiopiu.net\/wordpress\/wp-content\/uploads\/2020\/07\/gdf-scaled.jpg 1937w\" sizes=\"auto, (max-width: 90px) 100vw, 90px\" \/><\/a>Il ristoratore di 29 anni \u00e8 nato a Feltre e lavora in provincia di Pordenone Avrebbe dovuto usare il finanziamento per gli stipendi dei dipendenti e l&#8217;affitto\u00a0<\/em><\/p>\n<p><strong>FELTRE<\/strong> Aveva ottenuto un finanziamento di 25 mila euro in base al Decreto dell&#8217;8 aprile 2020 &#8211; il cosiddetto decreto liquidit\u00e0 &#8211; per pagare i dipendenti, nonch\u00e9 fronteggiare la crisi economica legata all&#8217;esplosione della pandemia, ma li ha utilizzati quasi tutti per giocare online. Cos\u00ec si \u00e8 messo nei guai un ristoratore, Ferdinando Criscuolo, 29 anni, nativo di Feltre, ma che lavora in provincia di Pordenone ed \u00e8 residente a Fontanafredda.A scoprire il comportamento che ha fatto scattare la denuncia dell&#8217;uomo per malversazione ai danni dello Stato \u00e8 stata la Guardia di finanza di Pordenone<\/p>\n<p>&nbsp;<\/p>\n<p>&nbsp;<\/p>\n<hr \/>\n<blockquote>\n<h2>\u00a0LO SCREENING DELL&#8217;ARIA DA PONTE NELLE ALPI A PEDAVENA, TESTA E CODA DELLA VAL BELLUNA<\/h2>\n<\/blockquote>\n<p><strong><a href=\"https:\/\/www.radiopiu.net\/wordpress\/luglio-2015-caldo-e-dissesti\/logo_arpav\/\" rel=\"attachment wp-att-8797\"><img loading=\"lazy\" decoding=\"async\" class=\"size-medium wp-image-8797 alignleft\" src=\"https:\/\/www.radiopiu.net\/wordpress\/wp-content\/uploads\/2015\/08\/logo_arpav-300x32.gif\" alt=\"\" width=\"300\" height=\"32\" \/><\/a>BELLUNO\u00a0<\/strong><\/p>\n<p><strong>DAMIANO TORMEN<\/strong><\/p>\n<p>&nbsp;<\/p>\n<audio class=\"wp-audio-shortcode\" id=\"audio-204759-2\" preload=\"none\" style=\"width: 100%;\" controls=\"controls\"><source type=\"audio\/mpeg\" src=\"https:\/\/www.radiopiu.net\/wordpress\/wp-content\/uploads\/2021\/04\/damiano-5.mp3?_=2\" \/><a href=\"https:\/\/www.radiopiu.net\/wordpress\/wp-content\/uploads\/2021\/04\/damiano-5.mp3\">https:\/\/www.radiopiu.net\/wordpress\/wp-content\/uploads\/2021\/04\/damiano-5.mp3<\/a><\/audio>\n<p>&nbsp;<\/p>\n<hr \/>\n<blockquote>\n<h2><\/h2>\n<h2><span style=\"color: #ff6600;\">DILLO A RADIO PIU<\/span><\/h2>\n<p><strong>RICEVIAMO E PUBBLICHIAMO: <\/strong><\/p>\n<p><em>Mi chiamo Martina. Da pochi mesi mi sono trasferita a vivere a Colle Santa Lucia. Spesso parto da Caprile e a piedi vado ad Alleghe, faccio il giro del lago e torno indietro. Mi sono accorta che lungo il Cordevole e a bordo lago c&#8217;\u00e8 tantissima plastica, una cosa veramente indecente. Ne raccolgo sempre un sacchetto pieno ogni volta che cammino ma c&#8217;\u00e8 bisogno di un&#8217;azione pi\u00f9 &#8220;organizzata&#8221;. L&#8217;altro giorno per radio ho sentito l&#8217;esperienza di Sedico (se non mi sbaglio), dove un gruppo ha raccolto un sacco di immondizia sparsa. Come si pu\u00f2 fare per organizzare qualcosa del genere anche li? Sarebbe bene farlo adesso che il fiume \u00e8 in secca, altrimenti si porta gi\u00f9 tutto alla prima piena.<\/em><\/p>\n<p>&nbsp;<\/p><\/blockquote>\n<p>martina.smaniotto@gmail.com<\/p>\n<p>&nbsp;<\/p>\n<hr \/>\n<blockquote>\n<h3><\/h3>\n<h3>DAL CONSIGLIO REGIONALE IL MESSAGGIO AL GOVERNO DI SPERANZON DI FRATELLI D&#8217;ITALIA<\/h3>\n<\/blockquote>\n<p><strong><a href=\"https:\/\/www.radiopiu.net\/wordpress\/giornale-radiopiu-22-aprile-2021-direttore-mirko-mezzacasa\/raffaele-speranzon-2\/\" rel=\"attachment wp-att-204844\"><img loading=\"lazy\" decoding=\"async\" class=\" wp-image-204844 alignleft\" src=\"https:\/\/www.radiopiu.net\/wordpress\/wp-content\/uploads\/2021\/04\/Raffaele-Speranzon-2-300x169.jpg\" alt=\"\" width=\"233\" height=\"131\" srcset=\"https:\/\/www.radiopiu.net\/wordpress\/wp-content\/uploads\/2021\/04\/Raffaele-Speranzon-2-300x169.jpg 300w, https:\/\/www.radiopiu.net\/wordpress\/wp-content\/uploads\/2021\/04\/Raffaele-Speranzon-2-768x432.jpg 768w, https:\/\/www.radiopiu.net\/wordpress\/wp-content\/uploads\/2021\/04\/Raffaele-Speranzon-2.jpg 1000w\" sizes=\"auto, (max-width: 233px) 100vw, 233px\" \/><\/a>VENEZIA<\/strong><em>\u201cAl Governo chiediamo pi\u00f9 aperture in sicurezza, meno lungaggini per i vaccini e promozione per il rilancio del turismo Aperture in sicurezza anche per le discoteche e per bar e ristoranti senza disponibilit\u00e0 di spazi esterni; un&#8217;accelerazione nella campagna vaccinale; risorse per la promozione del settore turistico e per il potenziamento del trasporto pubblico<\/em>&#8220;. Questo il tenore della mozione firmata da Raffaele Speranzon consigliere regionale di Fratelli d&#8217;Italia e inviata al Governo. Critica verso il piano di riaperture dal 26 aprile che scorda settori e categorie comunque chiuse per legge da molto. Sulla campagna vaccinale la richiesta di accelerare con \u00a0un comitato di esperti a valutare la qualit\u00e0 dei vaccini, cos\u00ec da superare le lungaggini burocratiche di EMA e AIFA\u00a0conclude da Palazzo Torres Raffaele Speranzon<\/p>\n<p>&nbsp;<\/p>\n<hr \/>\n<blockquote>\n<h3><\/h3>\n<h3>CON LA PRIMAVERA RIPARTONO I CANTIERI, LAVORI PER 40 MILIONI<\/h3>\n<\/blockquote>\n<p><strong><a href=\"https:\/\/www.radiopiu.net\/wordpress\/con-la-primavera-ripartono-i-cantieri-lavori-per-40-milioni\/68a26aa4-efa2-40c0-a36a-5658e1c9ec9b\/\" rel=\"attachment wp-att-204805\"><img loading=\"lazy\" decoding=\"async\" class=\"size-medium wp-image-204805 alignleft\" src=\"https:\/\/www.radiopiu.net\/wordpress\/wp-content\/uploads\/2021\/04\/68a26aa4-efa2-40c0-a36a-5658e1c9ec9b-300x183.jpg\" alt=\"\" width=\"300\" height=\"183\" srcset=\"https:\/\/www.radiopiu.net\/wordpress\/wp-content\/uploads\/2021\/04\/68a26aa4-efa2-40c0-a36a-5658e1c9ec9b-300x183.jpg 300w, https:\/\/www.radiopiu.net\/wordpress\/wp-content\/uploads\/2021\/04\/68a26aa4-efa2-40c0-a36a-5658e1c9ec9b-768x469.jpg 768w, https:\/\/www.radiopiu.net\/wordpress\/wp-content\/uploads\/2021\/04\/68a26aa4-efa2-40c0-a36a-5658e1c9ec9b.jpg 1024w\" sizes=\"auto, (max-width: 300px) 100vw, 300px\" \/><\/a>VENEZIA<\/strong> Dopo la pausa invernale riaprono a pieno regime i cantieri relativi a Vaia. Il programma di lavoro prevede che la conclusione delle opere avvenga entro l\u2019estate in modo da ripartire nel prossimo inverno in piena sicurezza. Ventiquattro cantieri dislocati soprattutto nell\u2019alto agordino e sull\u2019altopiano di Asiago. In queste zone le aree di bosco schiantato e con caratteristiche di pericolo valanghivo sono state identificate e perimetrate da uno studio specifico realizzato da Arpav.<em> \u201cLa pausa invernale ha consentito anche di fare valutazioni ancora pi\u00f9 precise sui lavori da fare \u2013 dice il direttore generale di Veneto Strade, Silvano Vernizzi \u2013 abbiamo speso circa 13 milioni di euro per i primi lavori, gli altri 22 ci serviranno per completare le opere\u201d. Complessivamente sono state impiegate 2218 giornate lavorative sulle 4930 previste dai contratti. \u201cRimangono ancora 10 interventi da affrontare per completare il programma di riduzione del rischio valanghivo generato da Vaia \u2013 aggiunge Vernizzi \u2013 interventi per i quali \u00e8 stato previsto un ulteriore investimento di circa 20 milione nel Programma Commissariale 2021. Ringrazio il Commissario Straordinario per l\u2019Emergenza, Luca Zaia, per la fiducia che ha avuto nei confronti di Veneto Strade. Dovevamo mettere in sicurezza i siti abitativi, quelli produttivi e garantire l\u2019accesso alla viabilit\u00e0\u201d.<\/em><\/p>\n<blockquote><p><strong>LAVORI PROGRAMMATI AD ALLEGHE PER 2,8 MILIONI (RISCHIO VALANGHIVO) PERCENTUALE REALIZZATE 44%, LIVINALLONGO 12,1 MILIONI (49%), ROCCA PIETORE 14 MILIONI (37%) ALTRI C<\/strong><strong>OMUNI 6,3 MILIONI (31%)<\/strong><\/p><\/blockquote>\n<p>&nbsp;<\/p>\n<p>&nbsp;<\/p>\n<hr \/>\n<p>&nbsp;<\/p>\n<blockquote>\n<h3>MALEDUCATI AL VOLANTE, CERCASI IL ROMPI&#8230; SPECCHI, SASSI SULLA 203 E PIANTE IN CADUTA LIBERA A CENCENIGHE<\/h3>\n<\/blockquote>\n<div class=\"pybr56ya dati1w0a hv4rvrfc n851cfcs btwxx1t3 j83agx80 ll8tlv6m\">\n<div class=\"buofh1pr\">\n<div class=\"j83agx80 cbu4d94t ew0dbk1b irj2b8pg\">\n<div class=\"qzhwtbm6 knvmm38d\">\n<div><strong>BELLUNO\u00a0<\/strong><a class=\"oajrlxb2 g5ia77u1 qu0x051f esr5mh6w e9989ue4 r7d6kgcz rq0escxv nhd2j8a9 nc684nl6 p7hjln8o kvgmc6g5 cxmmr5t8 oygrvhab hcukyx3x jb3vyjys rz4wbd8a qt6c0cv9 a8nywdso i1ao9s8h esuyzwwr f1sip0of lzcic4wl oo9gr5id gpro0wi8 lrazzd5p\" tabindex=\"0\" role=\"link\" href=\"https:\/\/www.facebook.com\/groups\/543792999131023\/user\/100007506217355\/?__cft__[0]=AZX-UEEL7G2KWqIZdMJLNYHOzJ_T7EMdHesPpzIQNEQ_OBOb71-KdDr1toH_mc3vJv2yfkexRqsBaeREEu301Ss7U6xJeMD55vQtjKGmRrqLr-TZTVykZZj52m0vHLDKl2qfVzE49VBm-CAXaC9noaA_S52UypXgOxIlK2KnseY2BTEH5Y3GhKrZPlkw3C5y3m43_joN9CtBkMzg50VhNMg8&amp;__tn__=-UC%2CP-R\"><strong>Daniele De Bortoli\u00a0<\/strong><\/a> lancia\u00a0 un appello dalla pagina facebook SEI DI BELLUNO SE&#8230; Cerca l&#8217;automobilista che ieri alle 13.20 al ponte dei Casoni\u00a0 lungo la regionale 204 agordina che dal Mas porta a Belluno,\u00a0 una macchina di colore grigio non meglio identificata\u00a0 ha invaso la corsia opposta ( peraltro con il conducente\u00a0 beatamente al telefono) e ha rotto lo specchietto della\u00a0 mini one. Non si \u00e8 fermato, per questo Daniele esorta chi avesse visto qualche cosa a contattarlo, informata anche la Polizia.<\/div>\n<div>\n\n\t\t\t<style type='text\/css'>\n\t\t\t\t#gallery-3 {\n\t\t\t\t\tmargin: auto;\n\t\t\t\t}\n\t\t\t\t#gallery-3 .gallery-item {\n\t\t\t\t\tfloat: left;\n\t\t\t\t\tmargin-top: 10px;\n\t\t\t\t\ttext-align: center;\n\t\t\t\t\twidth: 50%;\n\t\t\t\t}\n\t\t\t\t#gallery-3 img {\n\t\t\t\t\tborder: 2px solid #cfcfcf;\n\t\t\t\t}\n\t\t\t\t#gallery-3 .gallery-caption {\n\t\t\t\t\tmargin-left: 0;\n\t\t\t\t}\n\t\t\t\t\/* see gallery_shortcode() in wp-includes\/media.php *\/\n\t\t\t<\/style>\n\t\t<div id='gallery-3' class='dt-gallery-container gallery galleryid-204759 gallery-columns-2 gallery-size-medium'><dl class='gallery-item'>\n\t\t\t\t<dt class='gallery-icon portrait'>\n\t\t\t\t\t<a class=\"rollover rollover-zoom dt-pswp-item\" title=\"175909334_2909826055944240_8098029344954213504_n\" data-dt-img-description=\"\" data-large_image_width=\"450\" data-large_image_height=\"600\"href='https:\/\/www.radiopiu.net\/wordpress\/wp-content\/uploads\/2021\/04\/175909334_2909826055944240_8098029344954213504_n.jpg'><img loading=\"lazy\" decoding=\"async\" width=\"225\" height=\"300\" src=\"https:\/\/www.radiopiu.net\/wordpress\/wp-content\/uploads\/2021\/04\/175909334_2909826055944240_8098029344954213504_n-225x300.jpg\" class=\"attachment-medium size-medium\" alt=\"\" srcset=\"https:\/\/www.radiopiu.net\/wordpress\/wp-content\/uploads\/2021\/04\/175909334_2909826055944240_8098029344954213504_n-225x300.jpg 225w, https:\/\/www.radiopiu.net\/wordpress\/wp-content\/uploads\/2021\/04\/175909334_2909826055944240_8098029344954213504_n.jpg 450w\" sizes=\"auto, (max-width: 225px) 100vw, 225px\" \/><\/a>\n\t\t\t\t<\/dt><\/dl><dl class='gallery-item'>\n\t\t\t\t<dt class='gallery-icon portrait'>\n\t\t\t\t\t<a class=\"rollover rollover-zoom dt-pswp-item\" title=\"176371934_2909826059277573_5462054895874886670_n\" data-dt-img-description=\"\" data-large_image_width=\"450\" data-large_image_height=\"600\"href='https:\/\/www.radiopiu.net\/wordpress\/wp-content\/uploads\/2021\/04\/176371934_2909826059277573_5462054895874886670_n.jpg'><img loading=\"lazy\" decoding=\"async\" width=\"225\" height=\"300\" src=\"https:\/\/www.radiopiu.net\/wordpress\/wp-content\/uploads\/2021\/04\/176371934_2909826059277573_5462054895874886670_n-225x300.jpg\" class=\"attachment-medium size-medium\" alt=\"\" srcset=\"https:\/\/www.radiopiu.net\/wordpress\/wp-content\/uploads\/2021\/04\/176371934_2909826059277573_5462054895874886670_n-225x300.jpg 225w, https:\/\/www.radiopiu.net\/wordpress\/wp-content\/uploads\/2021\/04\/176371934_2909826059277573_5462054895874886670_n.jpg 450w\" sizes=\"auto, (max-width: 225px) 100vw, 225px\" \/><\/a>\n\t\t\t\t<\/dt><\/dl><br style=\"clear: both\" \/>\n\t\t\t<\/div>\n\n<\/div>\n<\/div>\n<\/div>\n<\/div>\n<\/div>\n<div><\/div>\n<blockquote>\n<h3><strong>SASSI SULLA 203 AGORDINA\u00a0<\/strong><\/h3>\n<\/blockquote>\n<div><a href=\"https:\/\/www.radiopiu.net\/wordpress\/maleducati-al-volante-cercasi-il-rompi-specchi-e-sassi-sulla-203-e-piante-in-caduta-libera-a-cencenighe\/th-89\/\" rel=\"attachment wp-att-204885\"><img loading=\"lazy\" decoding=\"async\" class=\"alignnone size-medium wp-image-204885\" src=\"https:\/\/www.radiopiu.net\/wordpress\/wp-content\/uploads\/2021\/04\/th-9-300x144.jpg\" alt=\"\" width=\"300\" height=\"144\" srcset=\"https:\/\/www.radiopiu.net\/wordpress\/wp-content\/uploads\/2021\/04\/th-9-300x144.jpg 300w, https:\/\/www.radiopiu.net\/wordpress\/wp-content\/uploads\/2021\/04\/th-9.jpg 341w\" sizes=\"auto, (max-width: 300px) 100vw, 300px\" \/><\/a><\/div>\n<div><strong>SEDICO<\/strong> Nel pomeriggio a La Stanga, o meglio dalla centrale della localit\u00e0 fino al bivio per il Rifugio Bianchet alle porte della Muda gli automobilisti hanno incrociato sassi, ghiaia e altro materiale sparso. Nessuna colata detritica dalle ripe a monte della strada, ma un mezzo che evidentemente ha perso parte o interamente il carico. Raffica di telefonate al centralino della radio, cos\u00ec come ai vigili del fuoco, 113, 112 e Veneto Strade.<\/div>\n<div><\/div>\n<blockquote>\n<h3>PIANTE IN CADUTA LIBERA<\/h3>\n<p><a href=\"https:\/\/www.radiopiu.net\/wordpress\/maleducati-al-volante-cercasi-il-rompi-specchi-e-sassi-sulla-203-e-piante-in-caduta-libera-a-cencenighe\/1a40c204-aea8-4c40-a69b-f644d72d285e\/\" rel=\"attachment wp-att-204881\"><img loading=\"lazy\" decoding=\"async\" class=\"alignnone size-medium wp-image-204881\" src=\"https:\/\/www.radiopiu.net\/wordpress\/wp-content\/uploads\/2021\/04\/1a40c204-aea8-4c40-a69b-f644d72d285e-300x225.jpg\" alt=\"\" width=\"300\" height=\"225\" srcset=\"https:\/\/www.radiopiu.net\/wordpress\/wp-content\/uploads\/2021\/04\/1a40c204-aea8-4c40-a69b-f644d72d285e-300x225.jpg 300w, https:\/\/www.radiopiu.net\/wordpress\/wp-content\/uploads\/2021\/04\/1a40c204-aea8-4c40-a69b-f644d72d285e-1024x768.jpg 1024w, https:\/\/www.radiopiu.net\/wordpress\/wp-content\/uploads\/2021\/04\/1a40c204-aea8-4c40-a69b-f644d72d285e-768x576.jpg 768w, https:\/\/www.radiopiu.net\/wordpress\/wp-content\/uploads\/2021\/04\/1a40c204-aea8-4c40-a69b-f644d72d285e-1536x1152.jpg 1536w, https:\/\/www.radiopiu.net\/wordpress\/wp-content\/uploads\/2021\/04\/1a40c204-aea8-4c40-a69b-f644d72d285e.jpg 1600w\" sizes=\"auto, (max-width: 300px) 100vw, 300px\" \/><\/a><\/p><\/blockquote>\n<div><strong>CENCENIGHE<\/strong>\u00a0 Un albero si \u00e8 schiantato nel piazzale nei pressi del supermercato Kanguro. Nessun ferito e danni alla recinzione. L&#8217;albero pare sia stato tagliato all&#8217;interno di una propriet\u00e0 comunale, ignoti per ora gli improvvisati boscaioli.<\/div>\n<div class=\"pybr56ya dati1w0a hv4rvrfc n851cfcs btwxx1t3 j83agx80 ll8tlv6m\">\n<div><\/div>\n<div><\/div>\n<hr \/>\n<p>&nbsp;<\/p>\n<p><span style=\"color: #ff0000;\"><strong>LA COLLABORAZIONE<\/strong><\/span><\/p>\n<blockquote>\n<h3>\u00a0CORSI, SEMINARI, PUBBLICAZIONI GLI OBIETTIVI DEL CSV NELL&#8217;ACCORDO CON I DOTTORI COMMERCIALISTI<\/h3>\n<\/blockquote>\n<p><strong><a href=\"https:\/\/www.radiopiu.net\/wordpress\/giornale-radiopiu-22-aprile-2021-direttore-mirko-mezzacasa\/39d0d71b-83ae-41b8-95c1-85f0a7bad3c1\/\" rel=\"attachment wp-att-204978\"><img loading=\"lazy\" decoding=\"async\" class=\"wp-image-204978 alignleft\" src=\"https:\/\/www.radiopiu.net\/wordpress\/wp-content\/uploads\/2021\/04\/39d0d71b-83ae-41b8-95c1-85f0a7bad3c1-300x225.jpg\" alt=\"\" width=\"191\" height=\"143\" srcset=\"https:\/\/www.radiopiu.net\/wordpress\/wp-content\/uploads\/2021\/04\/39d0d71b-83ae-41b8-95c1-85f0a7bad3c1-300x225.jpg 300w, https:\/\/www.radiopiu.net\/wordpress\/wp-content\/uploads\/2021\/04\/39d0d71b-83ae-41b8-95c1-85f0a7bad3c1-1024x768.jpg 1024w, https:\/\/www.radiopiu.net\/wordpress\/wp-content\/uploads\/2021\/04\/39d0d71b-83ae-41b8-95c1-85f0a7bad3c1-768x576.jpg 768w, https:\/\/www.radiopiu.net\/wordpress\/wp-content\/uploads\/2021\/04\/39d0d71b-83ae-41b8-95c1-85f0a7bad3c1-1536x1152.jpg 1536w, https:\/\/www.radiopiu.net\/wordpress\/wp-content\/uploads\/2021\/04\/39d0d71b-83ae-41b8-95c1-85f0a7bad3c1.jpg 1600w\" sizes=\"auto, (max-width: 191px) 100vw, 191px\" \/><\/a>BELLUNO\u00a0<\/strong><\/p>\n<p><strong>di Moreno Gioli\u00a0<\/strong><\/p>\n<audio class=\"wp-audio-shortcode\" id=\"audio-204759-3\" preload=\"none\" style=\"width: 100%;\" controls=\"controls\"><source type=\"audio\/mpeg\" src=\"https:\/\/www.radiopiu.net\/wordpress\/wp-content\/uploads\/2021\/04\/GIOLI-CSV.mp3?_=3\" \/><a href=\"https:\/\/www.radiopiu.net\/wordpress\/wp-content\/uploads\/2021\/04\/GIOLI-CSV.mp3\">https:\/\/www.radiopiu.net\/wordpress\/wp-content\/uploads\/2021\/04\/GIOLI-CSV.mp3<\/a><\/audio>\n<p>&nbsp;<\/p>\n<p>&nbsp;<\/p>\n<hr \/>\n<p>&nbsp;<\/p>\n<p>&nbsp;<\/p>\n<blockquote>\n<h3>IERI A MILANO: IDEAL STANDARD IN PROTESTA<\/h3>\n<\/blockquote>\n<p><strong><a href=\"https:\/\/www.radiopiu.net\/wordpress\/giornale-radiopiu-22-aprile-2021-direttore-mirko-mezzacasa\/safe_image-20\/\" rel=\"attachment wp-att-205001\"><img loading=\"lazy\" decoding=\"async\" class=\" wp-image-205001 alignleft\" src=\"https:\/\/www.radiopiu.net\/wordpress\/wp-content\/uploads\/2021\/04\/safe_image-300x157.jpg\" alt=\"\" width=\"168\" height=\"88\" srcset=\"https:\/\/www.radiopiu.net\/wordpress\/wp-content\/uploads\/2021\/04\/safe_image-300x157.jpg 300w, https:\/\/www.radiopiu.net\/wordpress\/wp-content\/uploads\/2021\/04\/safe_image.jpg 500w\" sizes=\"auto, (max-width: 168px) 100vw, 168px\" \/><\/a>MILANO<\/strong> I lavoratori dell\u2019Ideal Standard di Trichiana e le organizzazioni sindacali territoriali Filctem Cgil, Femca Cisl, Uiltec Uil hanno manifestato\u00a0 a Milano in occasione del \u201cTogether World Tour\u201d evento virtuale che la proprietaria multinazionale belga sta promuovendo in Europa. L\u2019evento coinvolge il gotha dei designer e degli architetti ai quali il sindacato chiede un coinvolgimento perch\u00e9 in Italia non ci sia solo ideazione e progettazione, ma sia valorizzata anche la produzione.<\/p>\n<p>articolo su businesswire.com: <a href=\"https:\/\/www.businesswire.com\/news\/home\/20210421005255\/it\/\">https:\/\/www.businesswire.com\/news\/home\/20210421005255\/it\/<\/a><\/p>\n<p>&nbsp;<\/p>\n<p>&nbsp;<\/p>\n<p>&nbsp;<\/p>\n<hr \/>\n<blockquote>\n<h3><\/h3>\n<h3>QUANDO AL PUBBLICO SUBENTRA IL PRIVATO E&#8217; FORSE ORA DI RICORRERE ALL&#8217;AVANZO DI AMMINISTRAZIONE<\/h3>\n<\/blockquote>\n<div dir=\"ltr\" data-setdir=\"false\"><strong>BELLUNO<\/strong>\u00a0 L&#8217; SOS fontane lo documenta la mozione Addamiano (consigliere comunale di Obiettivo Belluno), pi\u00f9 che un grido di allarme \u00e8 un imperativo all&#8217;azione, che l&#8217;amministrazione intervenga per il loro recupero. Per la cronaca Belluno conta 270 fontane, tra le quali pregevoli costruzioni in pietra, scolpite e ricche di fregi, ovvero essenziali vasche in granito e lavatoi tradizionali, che, a vario titolo, hanno avuto un ruolo importante nella vita e nella storia della Citt\u00e0. Molte versano\u00a0 in condizioni precarie secondo Addamiano per la mancanza di\u00a0 un incisivo intervento di recupero estetico e funzionale. Dalle premesse al progetto, corredato di fondo finanziario perch\u00e8 il consigliere suggerisce il ricorso all&#8217;avanzo di amministrazione, quasi 8 milioni di euro di cui la met\u00e0\u00a0 fondi liberi\u00a0 cio\u00e8 disponibili alla spesa &#8220;E&#8217; ora possibile ed assolutamente necessario &#8211; insiste Raffaele Addamiano-\u00a0 intervenire per la salvaguardia, la tutela e la manutenzione sia ordinaria che straordinaria delle fontane cittadine, in special modo di <a href=\"https:\/\/www.radiopiu.net\/wordpress\/quando-al-pubblico-subentra-il-privato-e-forse-ora-di-ricorrere-allavanzo-di-amministrazione\/download-1120\/\" rel=\"attachment wp-att-204935\"><img loading=\"lazy\" decoding=\"async\" class=\" wp-image-204935 alignleft\" src=\"https:\/\/www.radiopiu.net\/wordpress\/wp-content\/uploads\/2021\/04\/download-3.jpg\" alt=\"\" width=\"231\" height=\"154\" \/><\/a>quelle pi\u00f9 rilevanti dal punto di vista storico, culturale e turistico&#8221;<\/div>\n<div dir=\"ltr\" data-setdir=\"false\"><\/div>\n<blockquote>\n<div dir=\"ltr\" data-setdir=\"false\"><span style=\"color: #ff0000;\">L&#8217;OPINIONE<\/span><\/div>\n<div dir=\"ltr\" data-setdir=\"false\">Plauso convinto e ringraziamento sincero a tutti i volontari del Servizio Civile Anziani e della Protezione Civile che, in perfetta coerenza con il principio di sussidiariet\u00e0, hanno \u00a0 contribuito a pulire finalmente 4 storiche fontane di Belluno. Quando, infatti, il pubblico non pu\u00f2 o non ritiene di intervenire a tutela di beni collettivi, per fortuna a esso subentra il privato con una meritoria opera di autentico spirito e servizio civico. E&#8217; un vero peccato che in quasi dieci anni l&#8217;attuale amministrazione comunale non abbia mai realizzato un intervento complessivo di riqualificazione e di valorizzazione di tali artistici beni. Troppo comodo presentarsi a fine dell&#8217;opera di pulizia dei quattro manufatti in questione, facendo in qualche misura credere all&#8217;opinione pubblica che il merito dell&#8217;operazione sia dell&#8217;Amministrazione progressista, quando durante il Consiglio Comunale del 12 aprile 2019, a specifica ed esplicita interrogazione dello scrivente datata 27\/2\/2019, l&#8217;Assessore in questione aveva testualmente risposto che<i><u>\u00a0 &#8220;per le fontane di Belluno non c\u2019\u00e8 solo quella di Borgo Piave o quella di Porta Rugo, Prossimamente penseremo a un progetto complessivo e cercheremo di trovare delle risorse (<b>\u2026)<\/b><\/u><b>\u201d<\/b><\/i><b> <\/b>e poi nel Piano delle Opere Pubbliche 2021-2023 non vi \u00e8 alcuna traccia di interventi di tale tipo. Il degrado colpevole e l&#8217;incuria grave di beni cos\u00ec importanti denota plasticamente, insieme a tante altre gi\u00e0 segnalate situazioni (a esempio, la Via Sottocastello), l&#8217;indifferenza e la negligenza al riguardo di chi governa Belluno da ben 9 lunghi anni.<br \/>\n<strong>Raffaele Addamiano<\/strong><\/div>\n<\/blockquote>\n<div dir=\"ltr\" data-setdir=\"false\">\n<p>&nbsp;<\/p>\n<hr \/>\n<p>&nbsp;<\/p>\n<blockquote>\n<h3>APERTA LA NUOVA CORSIA DI MARCIA DELLA SS 51 \u201cDI ALEMAGNA\u201d NEL TRATTO URBANO DI LONGARONE<\/h3>\n<\/blockquote>\n<p><strong><a href=\"https:\/\/www.radiopiu.net\/wordpress\/giornale-radiopiu-22-aprile-2021-direttore-mirko-mezzacasa\/ss-51-nuova-corsia-longarone-2\/\" rel=\"attachment wp-att-204941\"><img loading=\"lazy\" decoding=\"async\" class=\"size-medium wp-image-204941 alignleft\" src=\"https:\/\/www.radiopiu.net\/wordpress\/wp-content\/uploads\/2021\/04\/SS-51-nuova-corsia-Longarone-2-300x225.jpeg\" alt=\"\" width=\"300\" height=\"225\" srcset=\"https:\/\/www.radiopiu.net\/wordpress\/wp-content\/uploads\/2021\/04\/SS-51-nuova-corsia-Longarone-2-300x225.jpeg 300w, https:\/\/www.radiopiu.net\/wordpress\/wp-content\/uploads\/2021\/04\/SS-51-nuova-corsia-Longarone-2-1024x768.jpeg 1024w, https:\/\/www.radiopiu.net\/wordpress\/wp-content\/uploads\/2021\/04\/SS-51-nuova-corsia-Longarone-2-768x576.jpeg 768w, https:\/\/www.radiopiu.net\/wordpress\/wp-content\/uploads\/2021\/04\/SS-51-nuova-corsia-Longarone-2-1536x1152.jpeg 1536w, https:\/\/www.radiopiu.net\/wordpress\/wp-content\/uploads\/2021\/04\/SS-51-nuova-corsia-Longarone-2.jpeg 2048w\" sizes=\"auto, (max-width: 300px) 100vw, 300px\" \/><\/a>VENEZIA <\/strong>Avanzano i lavori nel tratto urbano di Longarone, in provincia di Belluno. Anas (Gruppo FS Italiane) ha aperto al traffico, in modalit\u00e0 provvisoria, la nuova corsia di marcia realizzata dal km 49 al km 49,500 della strada statale 51 \u201cdi Alemagna\u201d, presso l\u2019intersezione a raso con la strada regionale 251. Si tratta di un intervento incluso nell\u2019ambito del piano straordinario di potenziamento della viabilit\u00e0 di accesso a Cortina. \u201c<em>Prosegue l\u2019impegno della struttura commissariale nel miglioramento prestazionale e funzionale della strada statale 51 di Alemagna\u201d \u2013 ha dichiarato il Commissario per il potenziamento della viabilit\u00e0 per Cortina e Presidente di Anas Claudio Andrea Gemme. \u201cIl nuovo tratto, con un investimento pari a circa 1 milione di euro, si pone l\u2019obiettivo di rendere pi\u00f9 fluido il traffico proveniente dalla SR 251 riducendo i tempi di percorrenza per i viaggiatori che dalla Val di Zoldo e Cortina d\u2019Ampezzo sono diretti verso Belluno<\/em>\u201d.<\/p>\n<p>&nbsp;<\/p>\n<p>&nbsp;<\/p>\n<hr \/>\n<p>&nbsp;<\/p>\n<\/div>\n<\/div>\n<blockquote>\n<h3>APPROVATO UN BANDO PER LA REALIZZAZIONE DI OPERE DI MIGLIORAMENTO PER IMPIANTI SPORTIVI<\/h3>\n<\/blockquote>\n<p>&nbsp;<\/p>\n<p><strong><a href=\"https:\/\/www.radiopiu.net\/wordpress\/giornale-radiopiu-25-ottobre-2020-direttore-mirko-mezzacasa\/agordo-stadio-2\/\" rel=\"attachment wp-att-168341\"><img loading=\"lazy\" decoding=\"async\" class=\"wp-image-168341 alignleft\" src=\"https:\/\/www.radiopiu.net\/wordpress\/wp-content\/uploads\/2020\/10\/agordo-stadio-2-300x225.jpg\" alt=\"\" width=\"209\" height=\"157\" srcset=\"https:\/\/www.radiopiu.net\/wordpress\/wp-content\/uploads\/2020\/10\/agordo-stadio-2-300x225.jpg 300w, https:\/\/www.radiopiu.net\/wordpress\/wp-content\/uploads\/2020\/10\/agordo-stadio-2-768x576.jpg 768w, https:\/\/www.radiopiu.net\/wordpress\/wp-content\/uploads\/2020\/10\/agordo-stadio-2.jpg 1024w\" sizes=\"auto, (max-width: 209px) 100vw, 209px\" \/><\/a>VENEZIA<\/strong>\u00a0 La Giunta regionale ha approvato il bando che dispone risorse finanziarie in conto capitale per la realizzazione di opere di miglioria per impianti sportivi, provvedimento\u00a0 volto a migliorare l&#8217;offerta impiantistica e strutturale nel settore sport. Questo obiettivo \u00e8 promosso da una legge regionale. Il contributo messo a disposizione dal bando \u00e8 di 700mila euro, al quale andranno ad aggiungersi ulteriori risorse che saranno disponibili nel corso del 2021. Sono ammessi a presentare richiesta di contributo enti pubblici territoriali, nonch\u00e9 le loro associazioni, unioni, consorzi: ciascun soggetto potr\u00e0 presentare un\u2019unica istanza. Gli interventi che potranno godere dei contributi regionali dovranno presentare una spesa totale dei lavori non inferiore ai 10mila euro e non superiore ai 50mila euro. Tra gli interventi realizzabili grazie al bando, sono previste opere strutturali per la messa in sicurezza sismica, opere per il superamento delle barriere architettoniche, manutenzione di impianti elettrici ed idrotermosanitari, opere murarie per l\u2019igiene e sicurezza dell\u2019edificio, aree e percorsi attrezzati, anche di nuova costruzione, per sport rivolto alla cittadinanza. Un\u2019importante novit\u00e0 riguarda la particolare incentivazione per opere realizzate sugli impianti natatori per esigenze connesse all\u2019emergenza COVID19: tale iniziativa consentir\u00e0 di dare un notevole supporto a tali impianti, particolarmente colpiti dall\u2019emergenza sanitaria in atto.<\/p>\n<p>&nbsp;<\/p>\n<hr \/>\n<p>&nbsp;<\/p>\n<p>&nbsp;<\/p>\n<blockquote>\n<h3>IL PROTOCOLLO D&#8217;INTESA CONTRO LE DISCRIMINAZIONI DI GENERE<\/h3>\n<\/blockquote>\n<p><span style=\"font-size: 21.3333px;\"><a href=\"https:\/\/www.radiopiu.net\/wordpress\/il-protocollo-dintesa-contro-le-discriminazioni-di-genere\/img_9514\/\" rel=\"attachment wp-att-204828\"><img loading=\"lazy\" decoding=\"async\" class=\"size-medium wp-image-204828 alignleft\" src=\"https:\/\/www.radiopiu.net\/wordpress\/wp-content\/uploads\/2021\/04\/IMG_9514-300x225.jpg\" alt=\"\" width=\"300\" height=\"225\" srcset=\"https:\/\/www.radiopiu.net\/wordpress\/wp-content\/uploads\/2021\/04\/IMG_9514-300x225.jpg 300w, https:\/\/www.radiopiu.net\/wordpress\/wp-content\/uploads\/2021\/04\/IMG_9514-1024x768.jpg 1024w, https:\/\/www.radiopiu.net\/wordpress\/wp-content\/uploads\/2021\/04\/IMG_9514-768x576.jpg 768w, https:\/\/www.radiopiu.net\/wordpress\/wp-content\/uploads\/2021\/04\/IMG_9514-1536x1152.jpg 1536w, https:\/\/www.radiopiu.net\/wordpress\/wp-content\/uploads\/2021\/04\/IMG_9514.jpg 2016w\" sizes=\"auto, (max-width: 300px) 100vw, 300px\" \/><\/a><\/span><span style=\"font-size: 13pt;\"><strong>BELLUNO<\/strong> \u00c8 stato sottoscritto\u00a0 a Palazzo Piloni il nuovo protocollo d\u2019intesa per la collaborazione tra consigliera di parit\u00e0 della Provincia e organizzazioni sindacali territoriali (Cgil, Cisl e Uil). Un documento che ha come obiettivo finale la corretta applicazione della normativa antidiscriminatoria e che punta a promuovere gli strumenti delle pari opportunit\u00e0. In questo senso, fondamentali nel protocollo risultano il gioco di squadra tra sindacati e consigliera di parit\u00e0, e la formazione, che tutti i soggetti firmatari si impegnano a portare avanti. <em>\u00abSolo lavorando insieme per costruire una nuova coscienza e una cultura diversa, potremo considerare normalit\u00e0 i temi delle pari opportunit\u00e0&#8221;<\/em> afferma Flavia Monego, consigliera di parit\u00e0 della Provincia. <\/span><span style=\"font-size: 13pt;\">Il nuovo protocollo d\u2019intesa\u00a0 mette in luce alcune delle principali criticit\u00e0, riscontrabili anche nel Bellunese; in particolare nel mondo del lavoro <\/span><span style=\"font-size: 13pt;\"><em>\u00abCgil, Cisl e Uil &#8211; affermano Massimiliano Paglini (Cisl), Maria Rita Gentilin (Spi Cgil) e Maria Francesca Pol (Uil) &#8211; da tempo cercano, attraverso la contrattazione, di contrastare i fenomeni della precariet\u00e0, della differenza salariale, delle violenze di genere, della mancanza di servizi alla famiglia, condizioni che tutte insieme contribuiscono a generare disparit\u00e0 di genere nei luoghi di lavoro. Ma occorre fare di pi\u00f9, attraverso un coordinamento con istituzioni e associazioni di categoria per cambiare un modello culturale che purtroppo resiste nel tempo&#8221;.<\/em>\u00a0 Per le organizzazioni sindacali territoriali \u00e8 infine fondamentale che tutta la societ\u00e0 stiano dalla parte delle donne, condannando chi usa violenza e rifuggendo il linguaggio sessista.<\/span><\/p>\n<p>&nbsp;<\/p>\n<p>&nbsp;<\/p>\n<hr \/>\n<p>&nbsp;<\/p>\n<p>&nbsp;<\/p>\n<blockquote>\n<h3>CARENZA DI PERSONALE E DI SEGRETARI NEI COMUNI. MISE SBLOCCHI DECRETO PER ASSUNZIONE TECNICI DEDICATI A SUPERBONUS&#8221;<\/h3>\n<\/blockquote>\n<p><strong><a href=\"https:\/\/www.radiopiu.net\/wordpress\/giornale-radiopiu-22-aprile-2021-direttore-mirko-mezzacasa\/th-88\/\" rel=\"attachment wp-att-204845\"><img loading=\"lazy\" decoding=\"async\" class=\" wp-image-204845 alignleft\" src=\"https:\/\/www.radiopiu.net\/wordpress\/wp-content\/uploads\/2021\/04\/th-8-300x136.jpg\" alt=\"\" width=\"229\" height=\"104\" srcset=\"https:\/\/www.radiopiu.net\/wordpress\/wp-content\/uploads\/2021\/04\/th-8-300x136.jpg 300w, https:\/\/www.radiopiu.net\/wordpress\/wp-content\/uploads\/2021\/04\/th-8.jpg 393w\" sizes=\"auto, (max-width: 229px) 100vw, 229px\" \/><\/a>ROMA <\/strong>Uncem ha sollecitato il Ministro Brunetta su due fronti molto caldi per i Comuni, in particolare i pi\u00f9 piccoli e i montani. Mancano Segretari Comunali, con 1800 posti vacanti. E anche dove \u00e8 stato possibile, nell&#8217;ultimo anno, nominare un Vicesegretario, questa opportunit\u00e0 si chiude per legge vigente dopo 12 mesi. &#8220;<em>Servono modifiche che permettano a tutti i Comuni e alle Unioni montane di gestire risorse, progettualit\u00e0, ordinaria amministrazione\u00a0 afferma Marco Bussone\u00a0 Presidente nazionale Uncem &#8211; con Segretari comunali, veri e duraturi, e con nuove assunzioni di giovani, anche in vista del Piano nazionale di Ripresa e Resilienza, che dovr\u00e0 avere proprio nei Comuni uno snodo decisivo&#8221;.\u00a0<\/em>Sui Segretari, tutti i Prefetti italiani sollecitati da Uncem, aprono le braccia. Non sanno dove andare a prendere Segretari. Che effettivamente non ci sono.<em> &#8220;Auspichino una modifica alla normativa &#8211; dice Bussone &#8211;\u00a0 una estensione dell&#8217;Albo a professionisti, una differenziazione per i piccoli Comuni che oggi pagano migliaia di euro l&#8217;anno Segretari a scavalco o in convenzione per poche ore di lavoro al mese&#8221;.\u00a0 <\/em>Altro nodo quello degli uffici tecnici per l&#8217;edilizia privata sono invasi dalle richieste di documentazione per l&#8217;accesso dei cittadini a superbonus 110% e altri analoghi strumenti per il rifacimento degli immobili. L&#8217;ultima legge di bilancio prevede l&#8217;assegnazione ai Comuni di 10 milioni di euro per consentire, nel 2021, assunzioni straordinarie di personale, a tempo determinato, per il potenziamento degli uffici preposti agli adempimenti amministrativi riguardo appunto al 110. <em>&#8220;Al momento non vi sono notizie dal Mise &#8211; conclude Bussone &#8211;\u00a0 manca il decreto attuativo. Uncem lo sollecita con forza questo decreto, affinch\u00e9 in tempi rapidissimi si diano risposte ai Comuni, anche ai pi\u00f9 piccoli che nel recente bando di assunzioni al sud sono stati gravemente tralasciati&#8221;.\u00a0<\/em><\/p>\n<p>&nbsp;<\/p>\n<hr \/>\n<p>&nbsp;<\/p>\n<p><a href=\"https:\/\/www.radiopiu.net\/wordpress\/giornale-radiopiu-22-aprile-2021-direttore-mirko-mezzacasa\/h11_30004128\/\" rel=\"attachment wp-att-204980\"><img loading=\"lazy\" decoding=\"async\" class=\"wp-image-204980 alignleft\" src=\"https:\/\/www.radiopiu.net\/wordpress\/wp-content\/uploads\/2021\/04\/H11_30004128-300x158.jpg\" alt=\"\" width=\"180\" height=\"95\" srcset=\"https:\/\/www.radiopiu.net\/wordpress\/wp-content\/uploads\/2021\/04\/H11_30004128-300x158.jpg 300w, https:\/\/www.radiopiu.net\/wordpress\/wp-content\/uploads\/2021\/04\/H11_30004128.jpg 640w\" sizes=\"auto, (max-width: 180px) 100vw, 180px\" \/><\/a><strong>DE PELLEGRIN GUIDERA&#8217; L&#8217;ASSI PER UN ALTRO QUINQUENNIO<\/strong><\/p>\n<p><strong>BELLUNO<\/strong> Buon lavoro a Oscar De Pellegrin che rimane al timone dell&#8217;associazione sociale sportiva invalidi, ll campione paraolimpico di tiro con l&#8217;arco, e portabandiera a Londra 2012, sar\u00e0 affiancato da: Davide Giozet, Aldo Andriolo, Loris Paoletti, Alessia Corte, Stefano Perale, Renzo Valt, Nicola Pradel,\u00a0 Lorenzo Ortolan, Roberto Raschi, Doriano Pavei e Marianna Wohlgemuth.<\/p>\n<p>&nbsp;<\/p>\n<p>&nbsp;<\/p>\n<hr \/>\n<p>&nbsp;<\/p>\n<h3>L&#8217;USARCI CON COMMOZIONE SALUTA IL SUO AGENTE FRANCESCO DE BIASI<\/h3>\n<h3><a href=\"https:\/\/www.radiopiu.net\/wordpress\/giornale-radiopiu-22-aprile-2021-direttore-mirko-mezzacasa\/2754907_339\/\" rel=\"attachment wp-att-204981\"><img loading=\"lazy\" decoding=\"async\" class=\"wp-image-204981 alignleft\" src=\"https:\/\/www.radiopiu.net\/wordpress\/wp-content\/uploads\/2021\/04\/2754907_339-286x300.jpg\" alt=\"\" width=\"161\" height=\"169\" srcset=\"https:\/\/www.radiopiu.net\/wordpress\/wp-content\/uploads\/2021\/04\/2754907_339-286x300.jpg 286w, https:\/\/www.radiopiu.net\/wordpress\/wp-content\/uploads\/2021\/04\/2754907_339-978x1024.jpg 978w, https:\/\/www.radiopiu.net\/wordpress\/wp-content\/uploads\/2021\/04\/2754907_339-768x804.jpg 768w, https:\/\/www.radiopiu.net\/wordpress\/wp-content\/uploads\/2021\/04\/2754907_339-1466x1536.jpg 1466w, https:\/\/www.radiopiu.net\/wordpress\/wp-content\/uploads\/2021\/04\/2754907_339-1955x2048.jpg 1955w\" sizes=\"auto, (max-width: 161px) 100vw, 161px\" \/><\/a><\/h3>\n<p><strong>BELLUNO<\/strong> E&#8217; mancato\u00a0 Francesco De Biasi, rappresentante di commercio e membro del direttivo Appia. Della morte ne ha dato commossa notizia la moglie Giuseppina, a tumulazione avvenuta<\/p>\n<p>&nbsp;<\/p>\n<blockquote>\n<p align=\"JUSTIFY\">Nei giorni scorsi \u00e8 prematuramente scomparso <b>Francesco De Biasi<\/b>, 78 anni, residente a Belluno e persona notissima nel mondo degli agenti di commercio e nell\u2019imprenditoria locale. Tra i molteplici impegni nell\u2019associazionismo di categoria, dal 1977 al 1982 ha ricoperto per l\u2019Unione Sindacato Agenti e Rappresentanti Italiani (Usarci), il ruolo di Presidente della Federazione di Belluno, succedendo a Mainardi Francesco e rivestendo, successivamente per molti anni, anche il ruolo di vice presidente e di tesoriere. Nel 1998 gli \u00e8 stato conferito il <b>diploma di<\/b> <b>Merito<\/b> per il 50\u00b0 anno di <b>FEDELT\u00c0<\/b> al sindacato e per la sua instancabile opera di convincimento tra gli agenti dell\u2019importanza di avere a fianco un sindacato autonomo che curasse i molteplici interessi della categoria. \u201cFrancesco era una persona solare e sempre disponibile \u2013 afferma il presidente Usarci di Belluno e Segretario Veneto <b>Franco Roccon<\/b>, &#8211; il suo entusiasmo nel coinvolgere e la professionalit\u00e0 lo portava a condividere tutte le iniziative che la nostra Federazione avviava, non ultime, le elezioni svolte recentemente on line per il rinnovo degli organi <b>ENASARCO<\/b>. Alla moglie alla famiglia le sentite condoglianze dell\u2019intero sindacato <b>USARCI<\/b> per quanto ha dato alla nostra categoria e i ringraziamenti da tutti gli Agenti che negli anni hanno avuto modo di conoscerne le qualit\u00e0.<\/p>\n<\/blockquote>\n<p align=\"JUSTIFY\">Il presidente dell&#8217;Appia, Rodolfo Bianchi: <em>\u00abL&#8217;amico Francesco lascia un vuoto incolmabile all&#8217;interno del nostro direttivo, ci stringiamo alla famiglia in questo momento di dolore\u00bb.<\/em>\u00a0 a<\/p>\n<p>&nbsp;<\/p>\n<p>&nbsp;<\/p>\n<hr \/>\n<p>&nbsp;<\/p>\n<blockquote>\n<h3 style=\"text-align: left;\"><a href=\"https:\/\/www.radiopiu.net\/wordpress\/giornale-radiopiu-22-aprile-2021-direttore-mirko-mezzacasa\/172983966_10209040559047145_5666357629200156924_n\/\" rel=\"attachment wp-att-204982\"><img loading=\"lazy\" decoding=\"async\" class=\"size-medium wp-image-204982 alignleft\" src=\"https:\/\/www.radiopiu.net\/wordpress\/wp-content\/uploads\/2021\/04\/172983966_10209040559047145_5666357629200156924_n-300x200.jpg\" alt=\"\" width=\"300\" height=\"200\" srcset=\"https:\/\/www.radiopiu.net\/wordpress\/wp-content\/uploads\/2021\/04\/172983966_10209040559047145_5666357629200156924_n-300x200.jpg 300w, https:\/\/www.radiopiu.net\/wordpress\/wp-content\/uploads\/2021\/04\/172983966_10209040559047145_5666357629200156924_n.jpg 593w\" sizes=\"auto, (max-width: 300px) 100vw, 300px\" \/><\/a>IL NUOVO MEZZO ATTREZZATO DEI POMPIERI DI SELVA DI CADORE<\/h3>\n<\/blockquote>\n<p>I Pompieri Volontari di Selva di Cadore hanno il piacere di presentare il nuovo modulo scarrabile polivalente .Allestito dalla ditta Rosenbauer di Andriano Bolzano, questo modulo in pochissimi minuti viene caricato sul pick up Toyota Hilux . Il proggetto \u00e8 partito nel settembre 2020 ed \u00e8 stato finanziato per met\u00e0 dall&#8217;amministrazione Comunale guidata da Silvia Cestaro, grazie ai contributi Vaia devoluti da privati e destinati al Comune di Selva di Cadore e la rimanente met\u00e0 da fondi propri dei pompieri di Selva. Tale attrezzatura risulta molto utili e versatile per i molteplici interventi di soccorso.<\/p>\n<p>I pompieri, sempre impegnati anche ad aprile, dal recupero mezzi in seguito alle nevicate, pulizia strade, soccorso animali<\/p>\n\n\t\t\t<style type='text\/css'>\n\t\t\t\t#gallery-4 {\n\t\t\t\t\tmargin: auto;\n\t\t\t\t}\n\t\t\t\t#gallery-4 .gallery-item {\n\t\t\t\t\tfloat: left;\n\t\t\t\t\tmargin-top: 10px;\n\t\t\t\t\ttext-align: center;\n\t\t\t\t\twidth: 33%;\n\t\t\t\t}\n\t\t\t\t#gallery-4 img {\n\t\t\t\t\tborder: 2px solid #cfcfcf;\n\t\t\t\t}\n\t\t\t\t#gallery-4 .gallery-caption {\n\t\t\t\t\tmargin-left: 0;\n\t\t\t\t}\n\t\t\t\t\/* see gallery_shortcode() in wp-includes\/media.php *\/\n\t\t\t<\/style>\n\t\t<div id='gallery-4' class='dt-gallery-container gallery galleryid-204759 gallery-columns-3 gallery-size-thumbnail'><dl class='gallery-item'>\n\t\t\t\t<dt class='gallery-icon landscape'>\n\t\t\t\t\t<a class=\"rollover rollover-zoom dt-pswp-item\" title=\"175394044_10209062321631196_6252303301384078560_n\" data-dt-img-description=\"\" data-large_image_width=\"720\" data-large_image_height=\"540\"href='https:\/\/www.radiopiu.net\/wordpress\/wp-content\/uploads\/2021\/04\/175394044_10209062321631196_6252303301384078560_n.jpg'><img loading=\"lazy\" decoding=\"async\" width=\"150\" height=\"150\" src=\"https:\/\/www.radiopiu.net\/wordpress\/wp-content\/uploads\/2021\/04\/175394044_10209062321631196_6252303301384078560_n-150x150.jpg\" class=\"attachment-thumbnail size-thumbnail\" alt=\"\" \/><\/a>\n\t\t\t\t<\/dt><\/dl><dl class='gallery-item'>\n\t\t\t\t<dt class='gallery-icon portrait'>\n\t\t\t\t\t<a class=\"rollover rollover-zoom dt-pswp-item\" title=\"173571122_10209044980877688_6905903716349652430_n\" data-dt-img-description=\"\" data-large_image_width=\"526\" data-large_image_height=\"701\"href='https:\/\/www.radiopiu.net\/wordpress\/wp-content\/uploads\/2021\/04\/173571122_10209044980877688_6905903716349652430_n.jpg'><img loading=\"lazy\" decoding=\"async\" width=\"150\" height=\"150\" src=\"https:\/\/www.radiopiu.net\/wordpress\/wp-content\/uploads\/2021\/04\/173571122_10209044980877688_6905903716349652430_n-150x150.jpg\" class=\"attachment-thumbnail size-thumbnail\" alt=\"\" \/><\/a>\n\t\t\t\t<\/dt><\/dl><dl class='gallery-item'>\n\t\t\t\t<dt class='gallery-icon landscape'>\n\t\t\t\t\t<a class=\"rollover rollover-zoom dt-pswp-item\" title=\"173380475_10209042984587782_6341379948373006735_n\" data-dt-img-description=\"\" data-large_image_width=\"820\" data-large_image_height=\"540\"href='https:\/\/www.radiopiu.net\/wordpress\/wp-content\/uploads\/2021\/04\/173380475_10209042984587782_6341379948373006735_n.jpg'><img loading=\"lazy\" decoding=\"async\" width=\"150\" height=\"150\" src=\"https:\/\/www.radiopiu.net\/wordpress\/wp-content\/uploads\/2021\/04\/173380475_10209042984587782_6341379948373006735_n-150x150.jpg\" class=\"attachment-thumbnail size-thumbnail\" alt=\"\" \/><\/a>\n\t\t\t\t<\/dt><\/dl><br style=\"clear: both\" \/>\n\t\t\t<\/div>\n\n<p>&nbsp;<\/p>\n<hr \/>\n<p>&nbsp;<\/p>\n<blockquote>\n<h3><a href=\"https:\/\/www.radiopiu.net\/wordpress\/stefano-da-zanche-sindaco-di-gosaldo-ha-giurato-inizia-la-legislatura\/79c9f1e1-b965-41be-9cbf-10134d99e6d6\/\" rel=\"attachment wp-att-164723\"><img loading=\"lazy\" decoding=\"async\" class=\"wp-image-164723 alignleft\" src=\"https:\/\/www.radiopiu.net\/wordpress\/wp-content\/uploads\/2020\/10\/79c9f1e1-b965-41be-9cbf-10134d99e6d6-300x150.jpg\" alt=\"\" width=\"180\" height=\"90\" srcset=\"https:\/\/www.radiopiu.net\/wordpress\/wp-content\/uploads\/2020\/10\/79c9f1e1-b965-41be-9cbf-10134d99e6d6-300x150.jpg 300w, https:\/\/www.radiopiu.net\/wordpress\/wp-content\/uploads\/2020\/10\/79c9f1e1-b965-41be-9cbf-10134d99e6d6-1024x512.jpg 1024w, https:\/\/www.radiopiu.net\/wordpress\/wp-content\/uploads\/2020\/10\/79c9f1e1-b965-41be-9cbf-10134d99e6d6-768x384.jpg 768w, https:\/\/www.radiopiu.net\/wordpress\/wp-content\/uploads\/2020\/10\/79c9f1e1-b965-41be-9cbf-10134d99e6d6-1536x768.jpg 1536w, https:\/\/www.radiopiu.net\/wordpress\/wp-content\/uploads\/2020\/10\/79c9f1e1-b965-41be-9cbf-10134d99e6d6.jpg 2048w\" sizes=\"auto, (max-width: 180px) 100vw, 180px\" \/><\/a>I CONSIGLIERI COMUNALI TORNANO IN MUNICIPIO, PROTETTI E DISTANZIATI<\/h3>\n<\/blockquote>\n<p><strong>GOSALDO<\/strong> Lunedi alle 18 consiglio comunale a Gosaldo, all&#8217;ordine del giorno l&#8217;esame ed approvazione del rendiconto finanziario e il conferimento della cittadinanza onoraria al Milite Ignoto, Medaglia d&#8217;oro al Valor Militare.<\/p>\n<p>&nbsp;<\/p>\n<p>&nbsp;<\/p>\n<hr \/>\n<p>&nbsp;<\/p>\n<blockquote>\n<h3>CONTRIBUTO STRAORDINARIO A BELLUNO DONNA: 10MILA EURO<\/h3>\n<\/blockquote>\n<p><a href=\"https:\/\/www.radiopiu.net\/wordpress\/giornale-radio-piu-17-11-2017-direttore-mirko-mezzacasa\/girl-with-a-poster-4\/\" rel=\"attachment wp-att-38673\"><img loading=\"lazy\" decoding=\"async\" class=\" wp-image-38673 alignleft\" src=\"https:\/\/www.radiopiu.net\/wordpress\/wp-content\/uploads\/2017\/11\/giornata-contro-violenza-sulle-donne-orig-3-300x200.jpg\" alt=\"\" width=\"275\" height=\"183\" \/><\/a><\/p>\n<p><strong>BELLUNO<\/strong>\u00a0 La Provincia stanzier\u00e0 un contributo straordinario per l\u2019associazione Belluno Donna. E scriver\u00e0 un ordine del giorno da proporre a tutti i Comuni bellunesi per coinvolgerli nella sensibilizzazione anti-violenza. L\u2019idea \u00e8 emersa nel corso dell\u2019ultima riunione dei consiglieri provinciali, a seguito di un\u2019attenta analisi del report inviato da Belluno Donna relativo alla situazione delle violenze di genere. A farsi carico della proposta, i consiglieri Dario Scopel e Paolo Vendramini.\u00a0 Un contributo di 10mila euro, piccola cifra, forse, ma dal significato profondo. Quello della violenza di genere \u00e8 un problema\u00a0 che non perde mai di attualit\u00e0, il lockdown, spesso, ha trasformato le mura domestiche in una vera e propria gabbia e lo confermano i dati di\u00a0 Belluno Donna: dal 1\u00b0dicembre 2004 al 31 dicembre 2020 il Centro antiviolenza \u00e8 stato contattato da 1.229 donne (per ben 1.188 casi di violenza subita). Confrontando il numero di donne che hanno chiesto aiuto nel 2005 (data di apertura del Centro) con il numero di donne che hanno chiesto aiuto nel 2020 si osserva un incremento del 238%. Gli interventi a sostegno delle donne che si sono rivolte al Centro sono aumentati di quasi 6 volte (+578%).<\/p>\n<p><strong><img loading=\"lazy\" decoding=\"async\" class=\"alignleft\" src=\"https:\/\/www.radiopiu.net\/wordpress\/wp-content\/uploads\/2017\/11\/bellunodonna.jpg\" width=\"238\" height=\"95\" \/>BELLUNO<\/strong> il consigliere provinciale e sindaco di Seren del Grappa Dario Scopel<\/p>\n<audio class=\"wp-audio-shortcode\" id=\"audio-204759-4\" preload=\"none\" style=\"width: 100%;\" controls=\"controls\"><source type=\"audio\/mpeg\" src=\"https:\/\/www.radiopiu.net\/wordpress\/wp-content\/uploads\/2021\/04\/dario.mp3?_=4\" \/><a href=\"https:\/\/www.radiopiu.net\/wordpress\/wp-content\/uploads\/2021\/04\/dario.mp3\">https:\/\/www.radiopiu.net\/wordpress\/wp-content\/uploads\/2021\/04\/dario.mp3<\/a><\/audio>\n<p>&nbsp;<\/p>\n<p>&nbsp;<\/p>\n<hr \/>\n<p>&nbsp;<\/p>\n<p>&nbsp;<\/p>\n<blockquote>\n<h3>NUOVE DEPURATORE DI BORCA DI CADORE, RIPARTITI I LAVORI DA 4 MILIONI D&#8217;EURO<\/h3>\n<\/blockquote>\n<p><strong>BELLUNO<\/strong> Sono ripartiti i lavori di costruzione del nuovo depuratore a servizio dell\u2019intero comune di Borca di Cadore. Bim Gsp, con un investimento da 4 milioni di euro cofinanziato dalla Regione Veneto per 1,1 milioni di euro e dal Consiglio di Bacino Dolomiti Bellunesi per 280 mila euro, ha riavviato il cantiere in localit\u00e0 Salieto, in prossimit\u00e0 del ponte di Villanova. Il nuovo impianto, che andr\u00e0 a sostituire le attuali vasche di <a href=\"https:\/\/www.radiopiu.net\/wordpress\/?attachment_id=204836\" rel=\"attachment wp-att-204836\"><img loading=\"lazy\" decoding=\"async\" class=\" wp-image-204836 alignleft\" src=\"https:\/\/www.radiopiu.net\/wordpress\/wp-content\/uploads\/2021\/04\/posa-della-rete-fognaria-a-Borca_3-300x254.jpg\" alt=\"\" width=\"184\" height=\"156\" srcset=\"https:\/\/www.radiopiu.net\/wordpress\/wp-content\/uploads\/2021\/04\/posa-della-rete-fognaria-a-Borca_3-300x254.jpg 300w, https:\/\/www.radiopiu.net\/wordpress\/wp-content\/uploads\/2021\/04\/posa-della-rete-fognaria-a-Borca_3-768x649.jpg 768w, https:\/\/www.radiopiu.net\/wordpress\/wp-content\/uploads\/2021\/04\/posa-della-rete-fognaria-a-Borca_3.jpg 794w\" sizes=\"auto, (max-width: 184px) 100vw, 184px\" \/><\/a>fitodepurazione, sar\u00e0 di tipo tradizionale biologico a fanghi attivi e sar\u00e0 dimensionato per 4550 Abitanti Equivalenti, potenzialit\u00e0 necessaria per garantire massima funzionalit\u00e0 ed efficienza depurativa anche in alta stagione e nei weekend, quando \u00e8 maggiore la presenza turistica e il carico dei reflui in fognatura.<\/p>\n<blockquote><p><em>\u00abL\u2019opera \u2013 spiega Attilio Sommavilla, presidente di Bim Gsp &#8211; rientra nel Piano d\u2019Ambito da oltre 215 milioni di euro recentemente approvato dall\u2019assemblea dei sindaci. E\u2019 indubbiamente uno degli interventi pi\u00f9 importanti nel periodo 2021\/2023: consentir\u00e0 di centralizzare l\u2019intero sistema depurativo comunale, oggi servito da un sistema di fitodepurazione, non adatto a climi freddi, e da due vasche imhoff, inidonee a sostenere i picchi di presenze stagionali&#8221;.<\/em><\/p><\/blockquote>\n<p>&nbsp;<\/p>\n<hr \/>\n<p>&nbsp;<\/p>\n<p>&nbsp;<\/p>\n<blockquote>\n<h3>covid LA TABELLA DELLA SITUAZIONE ATTUALE IN VENETO<\/h3>\n<\/blockquote>\n<p><strong>Dal canale Telegram <a href=\"https:\/\/t.me\/BollettiniCoronaVirus\">BOLLETTINI CORONAVIRUS<\/a><\/strong><\/p>\n<p><a href=\"https:\/\/www.radiopiu.net\/wordpress\/giornale-radiopiu-22-aprile-2021-direttore-mirko-mezzacasa\/1636fb5f-7b2f-42e1-a87e-5e2b60bd30ba\/\" rel=\"attachment wp-att-204915\"><img loading=\"lazy\" decoding=\"async\" class=\"alignnone wp-image-204915 size-full\" src=\"https:\/\/www.radiopiu.net\/wordpress\/wp-content\/uploads\/2021\/04\/1636fb5f-7b2f-42e1-a87e-5e2b60bd30ba.jpg\" alt=\"\" width=\"1024\" height=\"756\" srcset=\"https:\/\/www.radiopiu.net\/wordpress\/wp-content\/uploads\/2021\/04\/1636fb5f-7b2f-42e1-a87e-5e2b60bd30ba.jpg 1024w, https:\/\/www.radiopiu.net\/wordpress\/wp-content\/uploads\/2021\/04\/1636fb5f-7b2f-42e1-a87e-5e2b60bd30ba-300x221.jpg 300w, https:\/\/www.radiopiu.net\/wordpress\/wp-content\/uploads\/2021\/04\/1636fb5f-7b2f-42e1-a87e-5e2b60bd30ba-768x567.jpg 768w\" sizes=\"auto, (max-width: 1024px) 100vw, 1024px\" \/><\/a><\/p>\n<p>&nbsp;<\/p>\n<blockquote class=\"wp-embedded-content\" data-secret=\"PVc9QfBkYJ\"><p><a href=\"https:\/\/www.radiopiu.net\/wordpress\/aggapr21\/\">CORONAVIRUS: AGGIORNAMENTO NAZIONALE 21 APRILE  2021<\/a><\/p><\/blockquote>\n<p><iframe loading=\"lazy\" class=\"wp-embedded-content\" sandbox=\"allow-scripts\" security=\"restricted\" style=\"position: absolute; clip: rect(1px, 1px, 1px, 1px);\" title=\"&#8220;CORONAVIRUS: AGGIORNAMENTO NAZIONALE 21 APRILE  2021&#8221; &#8212; Radio Pi\u00f9\" src=\"https:\/\/www.radiopiu.net\/wordpress\/aggapr21\/embed\/#?secret=PVc9QfBkYJ\" data-secret=\"PVc9QfBkYJ\" width=\"600\" height=\"338\" frameborder=\"0\" marginwidth=\"0\" marginheight=\"0\" scrolling=\"no\"><\/iframe><\/p>\n<p>&nbsp;<\/p>\n<blockquote class=\"wp-embedded-content\" data-secret=\"5DoEuLoNsm\"><p><a href=\"https:\/\/www.radiopiu.net\/wordpress\/nelle-ultime-24-ore-23-decessi-in-veneto-1113-i-nuovi-positivi-calano-i-ricoveri-a-belluno-33-positivi-in-piu\/\">NELLE ULTIME 24 ORE 23 DECESSI IN VENETO, 1113 I NUOVI POSITIVI, CALANO I RICOVERI. A BELLUNO 33 POSITIVI IN PIU&#8217;<\/a><\/p><\/blockquote>\n<p><iframe loading=\"lazy\" class=\"wp-embedded-content\" sandbox=\"allow-scripts\" security=\"restricted\" style=\"position: absolute; clip: rect(1px, 1px, 1px, 1px);\" title=\"&#8220;NELLE ULTIME 24 ORE 23 DECESSI IN VENETO, 1113 I NUOVI POSITIVI, CALANO I RICOVERI. A BELLUNO 33 POSITIVI IN PIU&#8217;&#8221; &#8212; Radio Pi\u00f9\" src=\"https:\/\/www.radiopiu.net\/wordpress\/nelle-ultime-24-ore-23-decessi-in-veneto-1113-i-nuovi-positivi-calano-i-ricoveri-a-belluno-33-positivi-in-piu\/embed\/#?secret=5DoEuLoNsm\" data-secret=\"5DoEuLoNsm\" width=\"600\" height=\"338\" frameborder=\"0\" marginwidth=\"0\" marginheight=\"0\" scrolling=\"no\"><\/iframe><\/p>\n<p>&nbsp;<\/p>\n<h3>I GRAFICI DI TIZIANO DE COL<\/h3>\n\n\t\t\t<style type='text\/css'>\n\t\t\t\t#gallery-5 {\n\t\t\t\t\tmargin: auto;\n\t\t\t\t}\n\t\t\t\t#gallery-5 .gallery-item {\n\t\t\t\t\tfloat: left;\n\t\t\t\t\tmargin-top: 10px;\n\t\t\t\t\ttext-align: center;\n\t\t\t\t\twidth: 20%;\n\t\t\t\t}\n\t\t\t\t#gallery-5 img {\n\t\t\t\t\tborder: 2px solid #cfcfcf;\n\t\t\t\t}\n\t\t\t\t#gallery-5 .gallery-caption {\n\t\t\t\t\tmargin-left: 0;\n\t\t\t\t}\n\t\t\t\t\/* see gallery_shortcode() in wp-includes\/media.php *\/\n\t\t\t<\/style>\n\t\t<div id='gallery-5' class='dt-gallery-container gallery galleryid-204759 gallery-columns-5 gallery-size-thumbnail'><dl class='gallery-item'>\n\t\t\t\t<dt class='gallery-icon landscape'>\n\t\t\t\t\t<a class=\"rollover rollover-zoom dt-pswp-item\" title=\"9e7dcfed-e31b-45e6-85eb-1882dd179be7\" data-dt-img-description=\"\" data-large_image_width=\"600\" data-large_image_height=\"353\"href='https:\/\/www.radiopiu.net\/wordpress\/wp-content\/uploads\/2021\/04\/9e7dcfed-e31b-45e6-85eb-1882dd179be7.jpg'><img loading=\"lazy\" decoding=\"async\" width=\"150\" height=\"150\" src=\"https:\/\/www.radiopiu.net\/wordpress\/wp-content\/uploads\/2021\/04\/9e7dcfed-e31b-45e6-85eb-1882dd179be7-150x150.jpg\" class=\"attachment-thumbnail size-thumbnail\" alt=\"\" \/><\/a>\n\t\t\t\t<\/dt><\/dl><dl class='gallery-item'>\n\t\t\t\t<dt class='gallery-icon landscape'>\n\t\t\t\t\t<a class=\"rollover rollover-zoom dt-pswp-item\" title=\"babcf647-c3ce-487a-80dd-a63a15ff78a5\" data-dt-img-description=\"\" data-large_image_width=\"606\" data-large_image_height=\"355\"href='https:\/\/www.radiopiu.net\/wordpress\/wp-content\/uploads\/2021\/04\/babcf647-c3ce-487a-80dd-a63a15ff78a5.jpg'><img loading=\"lazy\" decoding=\"async\" width=\"150\" height=\"150\" src=\"https:\/\/www.radiopiu.net\/wordpress\/wp-content\/uploads\/2021\/04\/babcf647-c3ce-487a-80dd-a63a15ff78a5-150x150.jpg\" class=\"attachment-thumbnail size-thumbnail\" alt=\"\" \/><\/a>\n\t\t\t\t<\/dt><\/dl><dl class='gallery-item'>\n\t\t\t\t<dt class='gallery-icon landscape'>\n\t\t\t\t\t<a class=\"rollover rollover-zoom dt-pswp-item\" title=\"80c33a3b-74d7-4838-a411-618c50e0ab17\" data-dt-img-description=\"\" data-large_image_width=\"606\" data-large_image_height=\"357\"href='https:\/\/www.radiopiu.net\/wordpress\/wp-content\/uploads\/2021\/04\/80c33a3b-74d7-4838-a411-618c50e0ab17.jpg'><img loading=\"lazy\" decoding=\"async\" width=\"150\" height=\"150\" src=\"https:\/\/www.radiopiu.net\/wordpress\/wp-content\/uploads\/2021\/04\/80c33a3b-74d7-4838-a411-618c50e0ab17-150x150.jpg\" class=\"attachment-thumbnail size-thumbnail\" alt=\"\" \/><\/a>\n\t\t\t\t<\/dt><\/dl><dl class='gallery-item'>\n\t\t\t\t<dt class='gallery-icon landscape'>\n\t\t\t\t\t<a class=\"rollover rollover-zoom dt-pswp-item\" title=\"5b637416-e4c1-4e19-ae3c-13bc3b3037d0\" data-dt-img-description=\"\" data-large_image_width=\"616\" data-large_image_height=\"354\"href='https:\/\/www.radiopiu.net\/wordpress\/wp-content\/uploads\/2021\/04\/5b637416-e4c1-4e19-ae3c-13bc3b3037d0.jpg'><img loading=\"lazy\" decoding=\"async\" width=\"150\" height=\"150\" src=\"https:\/\/www.radiopiu.net\/wordpress\/wp-content\/uploads\/2021\/04\/5b637416-e4c1-4e19-ae3c-13bc3b3037d0-150x150.jpg\" class=\"attachment-thumbnail size-thumbnail\" alt=\"\" \/><\/a>\n\t\t\t\t<\/dt><\/dl><dl class='gallery-item'>\n\t\t\t\t<dt class='gallery-icon landscape'>\n\t\t\t\t\t<a class=\"rollover rollover-zoom dt-pswp-item\" title=\"f86f6170-76d3-4b5d-8e2e-cbd3656b3b9f\" data-dt-img-description=\"\" data-large_image_width=\"608\" data-large_image_height=\"353\"href='https:\/\/www.radiopiu.net\/wordpress\/wp-content\/uploads\/2021\/04\/f86f6170-76d3-4b5d-8e2e-cbd3656b3b9f.jpg'><img loading=\"lazy\" decoding=\"async\" width=\"150\" height=\"150\" src=\"https:\/\/www.radiopiu.net\/wordpress\/wp-content\/uploads\/2021\/04\/f86f6170-76d3-4b5d-8e2e-cbd3656b3b9f-150x150.jpg\" class=\"attachment-thumbnail size-thumbnail\" alt=\"\" \/><\/a>\n\t\t\t\t<\/dt><\/dl><br style=\"clear: both\" \/>\n\t\t\t<\/div>\n\n<p>&nbsp;<\/p>\n<p>&nbsp;<\/p>\n<hr \/>\n<p>&nbsp;<\/p>\n<blockquote>\n<h3>ZAIA: &#8220;SULLE RIAPERTURE SERVONO CERTEZZA, PERCHE&#8217; IN QUESTA REGIONE DI TURISMO SI VIVE&#8221;<\/h3>\n<\/blockquote>\n<blockquote><p><em>E&#8217; iniziata la fase della convivenza con il virus, stiamo galoppando con i vaccini in un paio di settimane chiudiamo la partita dei settantenni ed aggrediamo quella dei sessanta, e da li sar\u00e0 un&#8217;altra vita. Non nascondo le intenzioni di arrivare anche a vaccianare i 50enni. Turismo: servono garanzie, chi \u00e8 vaccinato non deve fare quarantena. Riaperture? Le regioni hanno fatto le linee guida perch\u00e9 crediamo garantiscano sostenibilit\u00e0 e attenuano il rischio. il Cts che \u00e8 sovrano se esprime soluzioni discordanti smettiamo di crederci, serve uniformit\u00e0<\/em><\/p><\/blockquote>\n<p>Continuano le riunioni in attesa del Decreto, una prima considerazione: non stiamo parlando di riaperture, a maggio dello scorso anno riaprivano tutto con le linee guida, non abbiamo le strade vuote come al 4 maggio di un anno fa. Parliamo della riapertura di alcune attivit\u00e0 rimase chiuse: bar, ristoranti, palestre, piscine, teatri, cinema, spettacoli viaggianti, intrattenimento. Non \u00e8 il contesto della ripartenza non sai cosa accadr\u00e0, oggi rispetto ad un anno fa le strade sono piene e le scuole aperte. Abbiamo pero&#8217; in piu&#8217; le vaccinazione, gli anticorpi monoclonali, le cure. Abbiamo acquisito esperienza. Difficile spiegare che tu apri i ristoranti solo all&#8217;aperto in un contesto nel quale \u00e8 impossibile mangiare fuori, qui fa freddo siamo fuori scala come gran parte dell&#8217;Italia in una fresca primavera. Dal 1 giugno ristoranti aperta in zona gialla fino alle 18&#8230; ma qual&#8217;\u00e8 la ratio epidemiologica se il coprifuoco \u00e8 fissato alle 22? Ho l&#8217;impressione che questa modalit\u00e0 debba seriamente valutare il rischio, ogni volta che si apre qualche cosa ci si assume il rischio ma serve un equilibrio anche come approccio. Che decida la scienza ma alcune sono incongruenti. Il ristoratore con il locale vuoto addita la metropolitana piena. Le Regioni hanno presentato la linee guida fatte con\u00a0 i direttori della Prevenzione che non saranno nel Cts ma sono i responsabili della salute dei cittadini che tutti i giorni lavorano con rischi ed epidemie. le regione chiedono\u00a0 regole ferree anche i test on i fai da te ma con la possibilit\u00e0 di aprire i ristoranti anche in zona rossa con i dovuti 2 metri di distanza.<strong> TURISMO e QUARANTENE\u00a0<\/strong> Bisogna chiarire da subito il tema della quarantena, il turista che arriva vaccinato non deve andare in isolamento. Se iniziamo a saltare un altro anno \u00e8 facile che il turista s&#8217;innamori di qualche isola greca, ma noi siamo pi\u00f9 belli della Grecia, si faccia chiarezza su questo, ma non certo a luglio, su 72 milioni di presenze turistiche 68 sono straniere.\u00a0 Servono garanzie, chi \u00e8 vaccinato non deve fare quarantena. <strong>VALUTAZIONI SUL DECRETO<\/strong> Siamo davanti ad in Governo di unit\u00e0 nazionale con poche divagazioni sul tema, ci sono aspetti da chiarire. Apriamo il cinema e i teatri il 26 e la piscina? Non si sa. Piuttosto che la palestra aperta il 1 giugno quando inizia l&#8217;estate e molte addirittura chiudono. Non sono noti gli elementi del green pas, vanno garantiti i tamponi a tutti non solo a chi po&#8217; pagarselo. Sono ore utili per aggiustare il tiro Draghi sapr\u00e0 ascoltare questa osservazioni <strong>COPRIFUOCO<\/strong> che \u00e8 una brutta parola, sarebbe stato innalzarlo un po&#8217;\u00a0 Spero che il presidente del Consiglio prenda in considerazione questo elemento. Magari nella ristorazione uno pu\u00f2 avere come lasciapassare lo scontrino del ristorante, senza dover uscire di fretta col boccone in gola. <strong>COPRIFUOCO DETERRENTE ANCHE PER IL TURISMO<\/strong> Sicuramente, non voglio dare l&#8217;immagine di chi rinnega quello che \u00e8 accaduto e con l&#8217;infezione in corso. Ma si puo&#8217; portare in pancia questo rischio aiutati dalla bella stagione e dalla vaccinazione. <strong>CASINO&#8217; E POPOLO DELLA NOTTE<\/strong> Punti di comanda inespressi nella bozza del decreto, la piscine coperte nella bozza di decreto non \u00e8 normata. Il mondo dell&#8217;intrattenimento paralizzato ed \u00e8 una delle categorie maggiormente penalizzate dal covid. <strong>SCUOLA<\/strong> C&#8217;\u00e8 l&#8217;ufficio scolastico regionale \u00e8 sua competenza, dovr\u00e0 interfacciarsi con le potenzialit\u00e0 dei rapporti. Fino ad oggi collegamento sublime. Meglio una cosa uniforme ma se poi in base alle attivit\u00e0 provinciali si garantisce qualche cosa in piu&#8217; lo capiremo e decider\u00e0 il tavolo sovrano.<\/p>\n<p><a href=\"https:\/\/www.facebook.com\/zaiaufficiale\/videos\/479631553181160\">https:\/\/www.facebook.com\/zaiaufficiale\/videos\/479631553181160<\/a><\/p>\n<p>&nbsp;<\/p>\n<p>&nbsp;<\/p>\n<p>&nbsp;<\/p>\n<hr \/>\n<p>&nbsp;<\/p>\n<blockquote>\n<h3>PD: ACQUISTO DI VACCINI IN AUTONOMIA, DOCUMENTAZIONE NEGATA<\/h3>\n<\/blockquote>\n<p><strong><a href=\"https:\/\/www.radiopiu.net\/wordpress\/giornale-radiopiu-del-29-novembre-2018-direttore-mirko-mezzacasa\/pd\/\" rel=\"attachment wp-att-67744\"><img loading=\"lazy\" decoding=\"async\" class=\"size-full wp-image-67744 alignleft\" src=\"https:\/\/www.radiopiu.net\/wordpress\/wp-content\/uploads\/2018\/11\/PD.png\" alt=\"\" width=\"226\" height=\"182\" \/><\/a>VENEZIA<\/strong> \u201c<em>Sulle trattative per gli acquisti di vaccini in autonomia a questo punto ci auguriamo che sia la magistratura a fare quella chiarezza che la politica continua a negare. A due mesi di distanza la Regione ci comunica che non \u00e8 possibile ricevere la documentazione sul dialogo con l\u2019ex commissario Arcuri, Aifa e i fantomatici intermediari per comprare dosi al di fuori dei contratti con l\u2019Ue, perch\u00e9 coperta da segreto istruttorio. Non male come tempi di reazione! In ogni caso proprio oggi abbiamo chiesto una copia del provvedimento dell\u2019Autorit\u00e0 giudiziaria in forza del quale viene stabilito il segreto istruttorio sulla documentazione, ci auguriamo di non dover attendere altri 65 giorni!<\/em>\u201d.\u00a0Ad annunciarlo i consiglieri del Partito Democratico Anna Maria Bigon e Andrea Zanoni che, dopo aver incassato il \u2018no\u2019 alla richiesta di accesso agli atti (presentata il 16 febbraio e rinnovata il 15 aprile) sulla corrispondenza riguardante le trattative per l\u2019acquisto di 27 milioni di vaccini, motivato con il fatto di aver consegnato tutto all\u2019autorit\u00e0 giudiziaria, insistono nel voler fare chiarezza.<\/p>\n<p>&nbsp;<\/p>\n<p>&nbsp;<\/p>\n<p>&nbsp;<\/p>\n<hr \/>\n<p>&nbsp;<\/p>\n<blockquote>\n<h3>CON &#8220;IL FONDACO PER FELTRE&#8221; IL RESTAURO DELLA FONTANELLA DI PASCOLET<\/h3>\n<\/blockquote>\n<p><b><a href=\"https:\/\/www.radiopiu.net\/wordpress\/con-il-fondaco-per-feltre-il-restauro-della-fontanella-di-pascolet\/fontanella-del-pascolet\/\" rel=\"attachment wp-att-204793\"><img loading=\"lazy\" decoding=\"async\" class=\" wp-image-204793 alignleft\" src=\"https:\/\/www.radiopiu.net\/wordpress\/wp-content\/uploads\/2021\/04\/Fontanella-del-Pascolet-300x183.jpg\" alt=\"\" width=\"234\" height=\"143\" srcset=\"https:\/\/www.radiopiu.net\/wordpress\/wp-content\/uploads\/2021\/04\/Fontanella-del-Pascolet-300x183.jpg 300w, https:\/\/www.radiopiu.net\/wordpress\/wp-content\/uploads\/2021\/04\/Fontanella-del-Pascolet-1024x624.jpg 1024w, https:\/\/www.radiopiu.net\/wordpress\/wp-content\/uploads\/2021\/04\/Fontanella-del-Pascolet-768x468.jpg 768w, https:\/\/www.radiopiu.net\/wordpress\/wp-content\/uploads\/2021\/04\/Fontanella-del-Pascolet-1536x935.jpg 1536w, https:\/\/www.radiopiu.net\/wordpress\/wp-content\/uploads\/2021\/04\/Fontanella-del-Pascolet.jpg 2048w\" sizes=\"auto, (max-width: 234px) 100vw, 234px\" \/><\/a>FELTRE A breve la firma sulla convenzione tra <\/b>\u00a0Comune di Feltre e l&#8217;associazione culturale \u201cIl Fondaco per Feltre\u201d incaricata del restauro della fontanella del Pascolet di via Paradiso. <em>\u201cL\u2019iniziativa del restauro della \u201cFontana del Pascolet\u201d si inserisce nel quadro delle attivit\u00e0 promosse dalla nostra associazione per la salvaguardia e il recupero del patrimonio cittadino\u201d,<\/em> commenta Stefano Antonetti, presidente dell\u2019associazione. Dopo il restauro dei paramenti sacri del Duomo di Feltre e l\u2019installazione dell\u2019impianto di sorveglianza alla chiesa di San Rocco il restauro della fontana \u00e8 la terza iniziativa finanziata con il due per mille del Fondo per la Cultura. Investimenti per 25 mila euro, 10 mila per la fontana. Dal Comune il grazie all&#8217;associazione per voce dell&#8217;assessore Alessandro Del Bianco.<\/p>\n<audio class=\"wp-audio-shortcode\" id=\"audio-204759-5\" preload=\"none\" style=\"width: 100%;\" controls=\"controls\"><source type=\"audio\/mpeg\" src=\"https:\/\/www.radiopiu.net\/wordpress\/wp-content\/uploads\/2021\/04\/del-biando.mp3?_=5\" \/><a href=\"https:\/\/www.radiopiu.net\/wordpress\/wp-content\/uploads\/2021\/04\/del-biando.mp3\">https:\/\/www.radiopiu.net\/wordpress\/wp-content\/uploads\/2021\/04\/del-biando.mp3<\/a><\/audio>\n<p>&nbsp;<\/p>\n<hr \/>\n<p>&nbsp;<\/p>\n<blockquote>\n<h3>FESTA DELLA LIBERAZIONE IN PIAZZA SOSPIROLO E NEI LUOGHI SIMBOLO DELLA RESISTENZA<\/h3>\n<\/blockquote>\n<p>&nbsp;<\/p>\n<p><strong><img loading=\"lazy\" decoding=\"async\" class=\"alignleft\" src=\"https:\/\/www.radiopiu.net\/wordpress\/wp-content\/uploads\/2018\/07\/SOSPIROLO.jpg\" width=\"160\" height=\"114\" \/>SOSPIROLO<\/strong><\/p>\n<p><strong>di ROBERTO BONA<\/strong><\/p>\n<audio class=\"wp-audio-shortcode\" id=\"audio-204759-6\" preload=\"none\" style=\"width: 100%;\" controls=\"controls\"><source type=\"audio\/mpeg\" src=\"https:\/\/www.radiopiu.net\/wordpress\/wp-content\/uploads\/2021\/04\/bona.mp3?_=6\" \/><a href=\"https:\/\/www.radiopiu.net\/wordpress\/wp-content\/uploads\/2021\/04\/bona.mp3\">https:\/\/www.radiopiu.net\/wordpress\/wp-content\/uploads\/2021\/04\/bona.mp3<\/a><\/audio>\n<p>&nbsp;<\/p>\n<p>&nbsp;<\/p>\n<hr \/>\n<blockquote>\n<h3>L&#8217;AMMINISTRAZIONE COMUNALE DI AGORDO TI ASPETTA&#8230;PER AIUTARTI<\/h3>\n<\/blockquote>\n<p align=\"JUSTIFY\"><strong><img loading=\"lazy\" decoding=\"async\" class=\"alignleft\" src=\"https:\/\/www.radiopiu.net\/wordpress\/wp-content\/uploads\/2021\/03\/3e485bfd-5eca-4728-bda3-8ca5d8334d53.jpg\" width=\"233\" height=\"131\" \/>AGORDO<\/strong> Il Comune di Agordo si rende disponibile ad aiutare tutti i cittadini che per qualsiasi motivo non sono in grado di provvedere autonomamente alla prenotazione dei vaccini attraverso il portale informatico della Regione Veneto.<\/p>\n<p align=\"JUSTIFY\"><strong>IL MESSAGGIO ALLA RADIO DELL&#8217;ASSESSORE CLAUDIO SITO<\/strong><\/p>\n<audio class=\"wp-audio-shortcode\" id=\"audio-204759-7\" preload=\"none\" style=\"width: 100%;\" controls=\"controls\"><source type=\"audio\/mpeg\" src=\"https:\/\/www.radiopiu.net\/wordpress\/wp-content\/uploads\/2021\/04\/claudio-sito.mp3?_=7\" \/><a href=\"https:\/\/www.radiopiu.net\/wordpress\/wp-content\/uploads\/2021\/04\/claudio-sito.mp3\">https:\/\/www.radiopiu.net\/wordpress\/wp-content\/uploads\/2021\/04\/claudio-sito.mp3<\/a><\/audio>\n<p>&nbsp;<\/p>\n<hr \/>\n<p>&nbsp;<\/p>\n<p>&nbsp;<\/p>\n<blockquote>\n<blockquote>\n<h3>LE INIZIATIVE DELLA ULSS DOLOMITI NELLA SETTIMANA DELLA SALUTE<\/h3>\n<p><em> <strong><a href=\"https:\/\/www.radiopiu.net\/wordpress\/giornale-radiopiu-20-aprile-2021-direttore-mirko-mezzacasa\/175662121_2985050705085083_3690816474886850025_n\/\" rel=\"attachment wp-att-204500\"><img loading=\"lazy\" decoding=\"async\" class=\"size-medium wp-image-204500 alignleft\" src=\"https:\/\/www.radiopiu.net\/wordpress\/wp-content\/uploads\/2021\/04\/175662121_2985050705085083_3690816474886850025_n-212x300.png\" alt=\"\" width=\"212\" height=\"300\" srcset=\"https:\/\/www.radiopiu.net\/wordpress\/wp-content\/uploads\/2021\/04\/175662121_2985050705085083_3690816474886850025_n-212x300.png 212w, https:\/\/www.radiopiu.net\/wordpress\/wp-content\/uploads\/2021\/04\/175662121_2985050705085083_3690816474886850025_n.png 509w\" sizes=\"auto, (max-width: 212px) 100vw, 212px\" \/><\/a><\/strong>Onda &#8211; Osservatorio nazionale sulla salute della donna e di genere<\/em><\/p><\/blockquote>\n<p><strong>BELLUNO<\/strong> L\u2019Ulss Dolomiti ha aderito alla Settimana per la salute della donna, proposta a livello nazionale dal network Onda, proponendo una serie di iniziative tra il 19 e il 25 aprile in modalit\u00e0 online. <strong>LA CONTRACCEZIONE<\/strong>&#8211; A cura del Consultorio Familiare di Feltre L&#8217;ostetrica risponder\u00e0 alle domande telefoniche di adolescenti e donne sul tema della contraccezione. Telefonare allo 329\/3194100\u00a0 domani dalle 14 alle 16.\u00a0 <strong>EDUCAZIONE E STILI DI VITA IN GRAVIDANZA <\/strong>\u00a0Incontri in Gmeet a cura dell&#8217;UOC Ostetricia e Ginecologia di Belluno\u00a0 domani alle 14.30 e sabato\u00a0 sempre alle 14.30 Per iscriversi mandare una mail a <a href=\"mailto:elisa.mento@aulss1.veneto.it\">elisa.mento@aulss1.veneto.it<\/a> \u00a0oppure telefonare allo 0437\/516397 dalle ore 10.00 alle ore 12.00 <strong>DONNA E CEFALEA <\/strong>La neurologa Roberta Padoan terr\u00e0 un incontro in Gmeet sul tema donna e cefalea. Domani alle\u00a0 14.30 Per iscriversi mandare una mail a <a href=\"mailto:elda.cengia@aulss1.veneto.it\">elda.cengia@aulss1.veneto.it<\/a> oppure telefonare allo 0439\/883497 dalle ore 10.00 alle ore 12.00 Racconti di vita al femminile. Diventare mamma, scelte difficili, salute fisica e salute psichica&#8230; anche in epoca di pandemia domani alle\u00a0 17.30 collegarsi possibilmente dalle 17.15 a https:\/\/meet.google.com\/mrq-gvcb-xgc<\/p><\/blockquote>\n<div class=\"o9v6fnle cxmmr5t8 oygrvhab hcukyx3x c1et5uql ii04i59q\">\n<div dir=\"auto\">\n<p>Per saperne di pi\u00f9 sui consigli per mantenersi in salute: <a class=\"oajrlxb2 g5ia77u1 qu0x051f esr5mh6w e9989ue4 r7d6kgcz rq0escxv nhd2j8a9 nc684nl6 p7hjln8o kvgmc6g5 cxmmr5t8 oygrvhab hcukyx3x jb3vyjys rz4wbd8a qt6c0cv9 a8nywdso i1ao9s8h esuyzwwr f1sip0of lzcic4wl py34i1dx gpro0wi8\" tabindex=\"0\" role=\"link\" href=\"https:\/\/l.facebook.com\/l.php?u=https%3A%2F%2Fbit.ly%2F32m9xIq%3Ffbclid%3DIwAR1UhNUaJWIRbBITP9FDN1pofHZwcGZAivsZ_DqQEtKjmvZlcc92-WARL8A&amp;h=AT0E4RVmXI5iI2YF2V7XflasUzk-LqbMKhiu09VOwFqgMBqMvrMZzQQ2iCLZSoV0xiaIXZaCUilcuWySagJ9D0Iq9gUA3DIm0VRncShjQWMim2dzcrcSHCkpR7xh6AoLMm1C&amp;__tn__=-UK-R&amp;c[0]=AT0tuZIxHpXBXBCU0076bLMZl02unpxhF8U17wnx9sIAs0rgrWZ8GyyvxQUkpzXDy_2pWGBSRESGbmH4IReSMs3Hs3DHk_5kkGz2w3WueZgaOGLM_WuKkxwYskqW-TajmxXy7hwPt74CBsMVvi2LNhMuuRd9b7IZgpotF6CW5lYWlsFUe2Xi-SvPWuk\" target=\"_blank\" rel=\"nofollow noopener\">https:\/\/bit.ly\/32m9xIq<\/a><\/p>\n<div>\n<div id=\"0DE9E47C-871A-4F90-8440-B190C216800A_201\" class=\"mcafee_ok\">Qui l&#8217;elenco completo delle iniziative in programma: <a class=\"oajrlxb2 g5ia77u1 qu0x051f esr5mh6w e9989ue4 r7d6kgcz rq0escxv nhd2j8a9 nc684nl6 p7hjln8o kvgmc6g5 cxmmr5t8 oygrvhab hcukyx3x jb3vyjys rz4wbd8a qt6c0cv9 a8nywdso i1ao9s8h esuyzwwr f1sip0of lzcic4wl py34i1dx gpro0wi8\" tabindex=\"0\" role=\"link\" href=\"https:\/\/bit.ly\/3eg8U8y?fbclid=IwAR3ii6iV0wnoF0bXVTXuw_JNs6ZAsbiZu-J4lquNoLlss3y32XhHu1PJrPw\" target=\"_blank\" rel=\"nofollow noopener\">https:\/\/bit.ly\/3eg8U8y<\/a><\/div>\n<\/div>\n<\/div>\n<\/div>\n<div class=\"o9v6fnle cxmmr5t8 oygrvhab hcukyx3x c1et5uql ii04i59q\">\n<div dir=\"auto\">\n<div><\/div>\n<\/div>\n<\/div>\n<p>&nbsp;<\/p>\n<p>&nbsp;<\/p>\n<hr \/>\n<blockquote>\n<h3><\/h3>\n<h3>PER COLORO CHE HANNO SMARRITO IL PROMEMORIA DEL RICHIAMO AL VACCINO L&#8217;ULSS 1 DOLOMITI METTE A DISPOSIZIONE UN NUMERO<\/h3>\n<\/blockquote>\n<p><strong>BELLUNO <\/strong>Per coloro che hanno smarrito il promemoria dell\u2019appuntamento per la somministrazione della seconda dose di vaccino anti covid, \u00e8 possibile contattare il numero 0437 184 99 00 dal luned\u00ec al venerd\u00ec dalle 8.30 alle 16.00 e il sabato dalle 8.30 alle 12.30 per conoscere la data programmata.<\/p>\n<p>&nbsp;<\/p>\n<p>&nbsp;<\/p>\n<hr \/>\n<p>&nbsp;<\/p>\n<h3><span style=\"color: #ff99cc;\"><strong>GIRO D&#8217;ITALIA 2021\u00a0 <\/strong><strong>LA TAPPA NELL&#8217;AGORDINO<\/strong><\/span><\/h3>\n<a href=\"https:\/\/www.radiopiu.net\/wordpress\/wp-content\/uploads\/2021\/04\/giro-italia-sacile-cortina.pdf\" class=\"pdfemb-viewer\" style=\"\" data-width=\"max\" data-height=\"max\" data-toolbar=\"top\" data-toolbar-fixed=\"on\">giro italia sacile cortina<\/a>\n<p>&nbsp;<\/p>\n<p>&nbsp;<\/p>\n<hr \/>\n<p>&nbsp;<\/p>\n<blockquote>\n<h3>BELLUNO. IL PONTE DEGLI ALPINI CON DUE MONUMENTI ED IL CAPPELLO<\/h3>\n<\/blockquote>\n<p><strong>di Renato Bona<\/strong><\/p>\n<p>Mezzo secolo! Tanto \u00e8 il tempo trascorso da quell\u2019anno 1971 in cui a Belluno veniva aperto al traffico il ponte che collega le due sponde del torrente Ardo. Il manufatto, come \u00e8 sinteticamente spiegato nel sito belluno-turismo ha reso possibile al traffico di non intasare il centro citt\u00e0. Lungo circa trecento metri ed alto sui 37, \u00e8 stato sottoposto a restauri a quarant\u2019anni dalla inaugurazione delle due statue di Franco Fiabane (purtroppo scomparso), volute dalla civica amministrazione all\u2019epoca guidata dal sindaco dott. Piero Zanchetta, in considerazione del fatto che il ponte era stato dedicato ed intitolato agli Alpini la cui Sezione \u00e8 documentata il 20 giugno 1921, primo presidente il magg. Dazio De Faveri (cos\u00ec battezzato dal padre esattore del dazio appunto) che la condusse sino al 31 dicembre 1936. Il gagliardetto sezionale venne inaugurato l\u2019anno dopo, il 15 ottobre 1922, durante la cerimonia per il 50. anniversario della fondazione del Corpo degli Alpini, alla Caserma Salsa, sede del Settimo. Il gagliardetto fu benedetto dal cappellano degli Alpini del 7\u00b0 don Piero Zangrando, madrina la marchesa Rosalia Pianavia Vivaldi. Ricordiamo, con il sito dell\u2019Ana bellunese, che all\u2019epoca, nella giurisdizione della provincia, risultava iscritta all\u2019Ana, la sola Sezione di Belluno con i due Gruppi di Calalzo di Cadore e di Forno di Canale. Quest\u2019anno 2021 doveva essere quello della celebrazione del centenario della Sezione Ana di Belluno (il 50. fu ricordato al Nevegal con un raduno e una gara di staffetta alpina sul percorso Col Faverghera-Col Visentin denominata \u201cUn fiore al Visentin\u201d. Per l\u2019occasione il consiglio della Sezione si fece anche promotore del dono di una carrozzella elettronica ad un disabile. Proprio a ricordo di quell\u2019importante traguardo il comune di Belluno concesse l\u2019intitolazione del nuovo Ponte sull\u2019Ardo \u201cPonte degli Alpini\u201d e nel 1972 agli ingressi del manufatto furono poste \u2013 e scoperte da Zanchetta &#8211; le due statue di Fiabane, il cui disegno originale \u00e8 riprodotto anche sul grest de\u2019\u2019Ana. Dicevamo del centenario delle penne nere della Citt\u00e0 del Piave: il presidente sezionale, Lino De Pr\u00e0 in una intervista recentemente concessa a Stefano De Barba de Il Corriere delle Alpi, commentando il rinvio dell\u2019assemblea del centenario dei 240 delegati rappresentanti dei 44 Gruppi Ana attivi ( 6 mila 389 iscritti compresi gli oltre 600 volontari della protezione civile che hanno garantito e garantiscono un prezioso, apprezzato apporto nella difficile situazione che si sta vivendo per l\u2019emergenza sanitaria che si protrae da mesi) ha espresso l\u2019auspicio che possa svolgersi &#8211; pandemia da Covid 19 permettendo &#8211; il 5-6 giugno prossimi con la presenza del labaro nazionale data l\u2019importanza dell\u2019evento. Torniamo sulle statue del Ponte degli Alpini per dire che avrebbero bisogno di essere \u201crinfrescate\u201d nel senso che l\u2019usura del tempo le ha vistosamente annerite: lo stesso Cappello alpino che \u00e8 stato collocato accanto alla statua posta sulla destra all\u2019inizio del viadotto, in direzione di Feltre. necessita di qualche intervento manutentivo. E a proposito di Cappello alpino: Alberto Redaelli nella sua \u201cPiccola Enciclopedia storica degli Alpini\u201d edito nel dicembre 1999 per i tipi della Tipolitografia Queriniana di Brescia, col contributo di Cariverona, rammenta che \u201cIl cappello con la penna caratterizza fgli alpini sin quasi dalla nascita del Corpo. Fu nel marzo del 1873, infatti, che i chep\u00ec della truppa e dei sottufficiali e i berretti degli ufficiali degli alpini furono sostituiti dal primo tipo di cappello con la penna. Era un cappello di feltro nero, con la calotta tronco conica terminante a cupola. Aveva una fascia e un sottogola (poi eliminato) di cuoio nero e tese rialzate ai lati con il bordo coperto da una striscia sottile di cuoio nero. Sul davanti aveva un fregio: una stella a cinque punte di metallo bianco con il numero della compagnia. Sul lato sinistro la truppa e i sottufficiali avevano un gallone a V rovesciato di lana rossa con (sotto) gradi a V rovesciata (rossi per i graduati di truppa e d\u00ec\u2019argento per i sottufficiali). Sullo stesso lato gli ufficiali avevano gradi a V rovesciata d\u2019argento. Sempre sul lato sinistro, fissata dietro una coccarda tricolore semicoperta dalla fascia (al centro della quale era un bottoncino metallico con una croce scannellata;la truppa e i sottufficiali avevano una penna di corvo nera, un poco inclinata, mentre gli ufficiali avevano una penna d\u2019aquila, anch\u2019essa un poco inclinata. Durante le attivit\u00e0 operative, il cappello veniva coperto di tela bianca\u2026\u201d.<\/p>\n\n\t\t\t<style type='text\/css'>\n\t\t\t\t#gallery-6 {\n\t\t\t\t\tmargin: auto;\n\t\t\t\t}\n\t\t\t\t#gallery-6 .gallery-item {\n\t\t\t\t\tfloat: left;\n\t\t\t\t\tmargin-top: 10px;\n\t\t\t\t\ttext-align: center;\n\t\t\t\t\twidth: 20%;\n\t\t\t\t}\n\t\t\t\t#gallery-6 img {\n\t\t\t\t\tborder: 2px solid #cfcfcf;\n\t\t\t\t}\n\t\t\t\t#gallery-6 .gallery-caption {\n\t\t\t\t\tmargin-left: 0;\n\t\t\t\t}\n\t\t\t\t\/* see gallery_shortcode() in wp-includes\/media.php *\/\n\t\t\t<\/style>\n\t\t<div id='gallery-6' class='dt-gallery-container gallery galleryid-204759 gallery-columns-5 gallery-size-thumbnail'><dl class='gallery-item'>\n\t\t\t\t<dt class='gallery-icon portrait'>\n\t\t\t\t\t<a class=\"rollover rollover-zoom dt-pswp-item\" title=\"176001815_1102015640290466_6168876856073182204_n\" data-dt-img-description=\"\" data-large_image_width=\"1920\" data-large_image_height=\"2560\"href='https:\/\/www.radiopiu.net\/wordpress\/wp-content\/uploads\/2021\/04\/176001815_1102015640290466_6168876856073182204_n-scaled.jpg'><img loading=\"lazy\" decoding=\"async\" width=\"150\" height=\"150\" src=\"https:\/\/www.radiopiu.net\/wordpress\/wp-content\/uploads\/2021\/04\/176001815_1102015640290466_6168876856073182204_n-150x150.jpg\" class=\"attachment-thumbnail size-thumbnail\" alt=\"\" \/><\/a>\n\t\t\t\t<\/dt><\/dl><dl class='gallery-item'>\n\t\t\t\t<dt class='gallery-icon landscape'>\n\t\t\t\t\t<a class=\"rollover rollover-zoom dt-pswp-item\" title=\"176604864_150697983580260_1031888359293595687_n\" data-dt-img-description=\"\" data-large_image_width=\"2560\" data-large_image_height=\"1734\"href='https:\/\/www.radiopiu.net\/wordpress\/wp-content\/uploads\/2021\/04\/176604864_150697983580260_1031888359293595687_n-scaled.jpg'><img loading=\"lazy\" decoding=\"async\" width=\"150\" height=\"150\" src=\"https:\/\/www.radiopiu.net\/wordpress\/wp-content\/uploads\/2021\/04\/176604864_150697983580260_1031888359293595687_n-150x150.jpg\" class=\"attachment-thumbnail size-thumbnail\" alt=\"\" \/><\/a>\n\t\t\t\t<\/dt><\/dl><dl class='gallery-item'>\n\t\t\t\t<dt class='gallery-icon landscape'>\n\t\t\t\t\t<a class=\"rollover rollover-zoom dt-pswp-item\" title=\"176168477_1602893106573508_8973083868361069374_n\" data-dt-img-description=\"\" data-large_image_width=\"2560\" data-large_image_height=\"1836\"href='https:\/\/www.radiopiu.net\/wordpress\/wp-content\/uploads\/2021\/04\/176168477_1602893106573508_8973083868361069374_n-scaled.jpg'><img loading=\"lazy\" decoding=\"async\" width=\"150\" height=\"150\" src=\"https:\/\/www.radiopiu.net\/wordpress\/wp-content\/uploads\/2021\/04\/176168477_1602893106573508_8973083868361069374_n-150x150.jpg\" class=\"attachment-thumbnail size-thumbnail\" alt=\"\" \/><\/a>\n\t\t\t\t<\/dt><\/dl><dl class='gallery-item'>\n\t\t\t\t<dt class='gallery-icon portrait'>\n\t\t\t\t\t<a class=\"rollover rollover-zoom dt-pswp-item\" title=\"176209748_186266019876647_4741384999295144686_n\" data-dt-img-description=\"\" data-large_image_width=\"1920\" data-large_image_height=\"2560\"href='https:\/\/www.radiopiu.net\/wordpress\/wp-content\/uploads\/2021\/04\/176209748_186266019876647_4741384999295144686_n-scaled.jpg'><img loading=\"lazy\" decoding=\"async\" width=\"150\" height=\"150\" src=\"https:\/\/www.radiopiu.net\/wordpress\/wp-content\/uploads\/2021\/04\/176209748_186266019876647_4741384999295144686_n-150x150.jpg\" class=\"attachment-thumbnail size-thumbnail\" alt=\"\" \/><\/a>\n\t\t\t\t<\/dt><\/dl><dl class='gallery-item'>\n\t\t\t\t<dt class='gallery-icon landscape'>\n\t\t\t\t\t<a class=\"rollover rollover-zoom dt-pswp-item\" title=\"PONTE ALPINI\" data-dt-img-description=\"\" data-large_image_width=\"2560\" data-large_image_height=\"1920\"href='https:\/\/www.radiopiu.net\/wordpress\/wp-content\/uploads\/2021\/04\/176476225_2480094982135769_994034132956061059_n-scaled.jpg'><img loading=\"lazy\" decoding=\"async\" width=\"150\" height=\"150\" src=\"https:\/\/www.radiopiu.net\/wordpress\/wp-content\/uploads\/2021\/04\/176476225_2480094982135769_994034132956061059_n-150x150.jpg\" class=\"attachment-thumbnail size-thumbnail\" alt=\"\" \/><\/a>\n\t\t\t\t<\/dt><\/dl><br style=\"clear: both\" \/><dl class='gallery-item'>\n\t\t\t\t<dt class='gallery-icon portrait'>\n\t\t\t\t\t<a class=\"rollover rollover-zoom dt-pswp-item\" title=\"176180663_3597132643845626_8061156592112817751_n\" data-dt-img-description=\"\" data-large_image_width=\"1854\" data-large_image_height=\"2560\"href='https:\/\/www.radiopiu.net\/wordpress\/wp-content\/uploads\/2021\/04\/176180663_3597132643845626_8061156592112817751_n-scaled.jpg'><img loading=\"lazy\" decoding=\"async\" width=\"150\" height=\"150\" src=\"https:\/\/www.radiopiu.net\/wordpress\/wp-content\/uploads\/2021\/04\/176180663_3597132643845626_8061156592112817751_n-150x150.jpg\" class=\"attachment-thumbnail size-thumbnail\" alt=\"\" \/><\/a>\n\t\t\t\t<\/dt><\/dl><dl class='gallery-item'>\n\t\t\t\t<dt class='gallery-icon landscape'>\n\t\t\t\t\t<a class=\"rollover rollover-zoom dt-pswp-item\" title=\"176524963_368159631169283_815123961667317499_n\" data-dt-img-description=\"\" data-large_image_width=\"2560\" data-large_image_height=\"1920\"href='https:\/\/www.radiopiu.net\/wordpress\/wp-content\/uploads\/2021\/04\/176524963_368159631169283_815123961667317499_n-scaled.jpg'><img loading=\"lazy\" decoding=\"async\" width=\"150\" height=\"150\" src=\"https:\/\/www.radiopiu.net\/wordpress\/wp-content\/uploads\/2021\/04\/176524963_368159631169283_815123961667317499_n-150x150.jpg\" class=\"attachment-thumbnail size-thumbnail\" alt=\"\" \/><\/a>\n\t\t\t\t<\/dt><\/dl><dl class='gallery-item'>\n\t\t\t\t<dt class='gallery-icon portrait'>\n\t\t\t\t\t<a class=\"rollover rollover-zoom dt-pswp-item\" title=\"176413626_3928223343879628_3281303114940114261_n\" data-dt-img-description=\"\" data-large_image_width=\"1920\" data-large_image_height=\"2560\"href='https:\/\/www.radiopiu.net\/wordpress\/wp-content\/uploads\/2021\/04\/176413626_3928223343879628_3281303114940114261_n-scaled.jpg'><img loading=\"lazy\" decoding=\"async\" width=\"150\" height=\"150\" src=\"https:\/\/www.radiopiu.net\/wordpress\/wp-content\/uploads\/2021\/04\/176413626_3928223343879628_3281303114940114261_n-150x150.jpg\" class=\"attachment-thumbnail size-thumbnail\" alt=\"\" \/><\/a>\n\t\t\t\t<\/dt><\/dl><dl class='gallery-item'>\n\t\t\t\t<dt class='gallery-icon landscape'>\n\t\t\t\t\t<a class=\"rollover rollover-zoom dt-pswp-item\" title=\"176159580_414584052917075_775408335527721478_n\" data-dt-img-description=\"\" data-large_image_width=\"2560\" data-large_image_height=\"1665\"href='https:\/\/www.radiopiu.net\/wordpress\/wp-content\/uploads\/2021\/04\/176159580_414584052917075_775408335527721478_n-scaled.jpg'><img loading=\"lazy\" decoding=\"async\" width=\"150\" height=\"150\" src=\"https:\/\/www.radiopiu.net\/wordpress\/wp-content\/uploads\/2021\/04\/176159580_414584052917075_775408335527721478_n-150x150.jpg\" class=\"attachment-thumbnail size-thumbnail\" alt=\"\" \/><\/a>\n\t\t\t\t<\/dt><\/dl><dl class='gallery-item'>\n\t\t\t\t<dt class='gallery-icon landscape'>\n\t\t\t\t\t<a class=\"rollover rollover-zoom dt-pswp-item\" title=\"176269037_449002303066323_8316980489767724460_n\" data-dt-img-description=\"\" data-large_image_width=\"2560\" data-large_image_height=\"1920\"href='https:\/\/www.radiopiu.net\/wordpress\/wp-content\/uploads\/2021\/04\/176269037_449002303066323_8316980489767724460_n-scaled.jpg'><img loading=\"lazy\" decoding=\"async\" width=\"150\" height=\"150\" src=\"https:\/\/www.radiopiu.net\/wordpress\/wp-content\/uploads\/2021\/04\/176269037_449002303066323_8316980489767724460_n-150x150.jpg\" class=\"attachment-thumbnail size-thumbnail\" alt=\"\" \/><\/a>\n\t\t\t\t<\/dt><\/dl><br style=\"clear: both\" \/><dl class='gallery-item'>\n\t\t\t\t<dt class='gallery-icon landscape'>\n\t\t\t\t\t<a class=\"rollover rollover-zoom dt-pswp-item\" title=\"176035799_451966232739747_3683950210905235653_n\" data-dt-img-description=\"\" data-large_image_width=\"2560\" data-large_image_height=\"1598\"href='https:\/\/www.radiopiu.net\/wordpress\/wp-content\/uploads\/2021\/04\/176035799_451966232739747_3683950210905235653_n-scaled.jpg'><img loading=\"lazy\" decoding=\"async\" width=\"150\" height=\"150\" src=\"https:\/\/www.radiopiu.net\/wordpress\/wp-content\/uploads\/2021\/04\/176035799_451966232739747_3683950210905235653_n-150x150.jpg\" class=\"attachment-thumbnail size-thumbnail\" alt=\"\" \/><\/a>\n\t\t\t\t<\/dt><\/dl><dl class='gallery-item'>\n\t\t\t\t<dt class='gallery-icon portrait'>\n\t\t\t\t\t<a class=\"rollover rollover-zoom dt-pswp-item\" title=\"176120327_492316938790509_7749551556996948946_n\" data-dt-img-description=\"\" data-large_image_width=\"1723\" data-large_image_height=\"2560\"href='https:\/\/www.radiopiu.net\/wordpress\/wp-content\/uploads\/2021\/04\/176120327_492316938790509_7749551556996948946_n-scaled.jpg'><img loading=\"lazy\" decoding=\"async\" width=\"150\" height=\"150\" src=\"https:\/\/www.radiopiu.net\/wordpress\/wp-content\/uploads\/2021\/04\/176120327_492316938790509_7749551556996948946_n-150x150.jpg\" class=\"attachment-thumbnail size-thumbnail\" alt=\"\" \/><\/a>\n\t\t\t\t<\/dt><\/dl><dl class='gallery-item'>\n\t\t\t\t<dt class='gallery-icon portrait'>\n\t\t\t\t\t<a class=\"rollover rollover-zoom dt-pswp-item\" title=\"175921946_500858081273694_3174254151267072367_n\" data-dt-img-description=\"\" data-large_image_width=\"1767\" data-large_image_height=\"2560\"href='https:\/\/www.radiopiu.net\/wordpress\/wp-content\/uploads\/2021\/04\/175921946_500858081273694_3174254151267072367_n-scaled.jpg'><img loading=\"lazy\" decoding=\"async\" width=\"150\" height=\"150\" src=\"https:\/\/www.radiopiu.net\/wordpress\/wp-content\/uploads\/2021\/04\/175921946_500858081273694_3174254151267072367_n-150x150.jpg\" class=\"attachment-thumbnail size-thumbnail\" alt=\"\" \/><\/a>\n\t\t\t\t<\/dt><\/dl><dl class='gallery-item'>\n\t\t\t\t<dt class='gallery-icon portrait'>\n\t\t\t\t\t<a class=\"rollover rollover-zoom dt-pswp-item\" title=\"175974171_514666072877982_2322668978172516231_n\" data-dt-img-description=\"\" data-large_image_width=\"1822\" data-large_image_height=\"1901\"href='https:\/\/www.radiopiu.net\/wordpress\/wp-content\/uploads\/2021\/04\/175974171_514666072877982_2322668978172516231_n.jpg'><img loading=\"lazy\" decoding=\"async\" width=\"150\" height=\"150\" src=\"https:\/\/www.radiopiu.net\/wordpress\/wp-content\/uploads\/2021\/04\/175974171_514666072877982_2322668978172516231_n-150x150.jpg\" class=\"attachment-thumbnail size-thumbnail\" alt=\"\" \/><\/a>\n\t\t\t\t<\/dt><\/dl><dl class='gallery-item'>\n\t\t\t\t<dt class='gallery-icon landscape'>\n\t\t\t\t\t<a class=\"rollover rollover-zoom dt-pswp-item\" title=\"176125041_743317556340920_5037637242703129548_n\" data-dt-img-description=\"\" data-large_image_width=\"2560\" data-large_image_height=\"1681\"href='https:\/\/www.radiopiu.net\/wordpress\/wp-content\/uploads\/2021\/04\/176125041_743317556340920_5037637242703129548_n-scaled.jpg'><img loading=\"lazy\" decoding=\"async\" width=\"150\" height=\"150\" src=\"https:\/\/www.radiopiu.net\/wordpress\/wp-content\/uploads\/2021\/04\/176125041_743317556340920_5037637242703129548_n-150x150.jpg\" class=\"attachment-thumbnail size-thumbnail\" alt=\"\" \/><\/a>\n\t\t\t\t<\/dt><\/dl><br style=\"clear: both\" \/>\n\t\t\t<\/div>\n\n<p>NELLE FOTO (Renato Bona, Corriere delle Alpi, riproduzioni dal libro di Alberto Redaelli: \u201cPiccola enciclopedia storica degli Alpini, riproduzione da \u201cBrigata Alpina Cadore\u201d): il Ponte degli Alpini sul torrente Ardo di Belluno; Ponte degli Alpini e Viale Medaglie d\u2019oro; statua di Franco Fiabane prima del Ponte sull\u2019Ardo; il Cappello alpino che affianca una delle statue; la base della statua con la dedica del viadotto; la seconda statua all\u2019altezza della rotonda di La Cerva; la copertina del libro di Redaelli; il presidente della sezione Ana di Belluno, Lino De Pr\u00e0; il comandante col. Gandolfo riceve la bandiera del 7. Alpini; il col. Barberis primo comandante del 6. Artiglieria da montagna, con la bandiera del Reggimento; Alpini sciatori sui monti del Cadore; Alpini sul Gran Paradiso nei primi del Novecento; estate 1942: sorridenti, in partenza per la Russia; ufficiali del battaglione Vicenza, primo a sinistra \u00e8 Cesare Battisti; insostituibile e preziosissima l\u2019attivit\u00e0 delle penne nere dopo la sciagura del Vajont del 9 ottobre 1963.<\/p>\n<p>&nbsp;<\/p>\n<p>&nbsp;<\/p>\n<hr \/>\n<p>&nbsp;<\/p>\n<div class=\"b654a4as d2edcug0\">\n<h1><span style=\"color: #ff0000;\">IERI ALLA RADIO<\/span><\/h1>\n<h2><strong><a href=\"https:\/\/www.radiopiu.net\/wordpress\/la-riapertura-dei-ristoranti-con-martina-zorzi-e-diego-tibolla\/f179c561-1b3e-4fe0-9dbd-53b336ce72a9\/\" rel=\"attachment wp-att-204859\"><img loading=\"lazy\" decoding=\"async\" class=\" wp-image-204859 alignleft\" src=\"https:\/\/www.radiopiu.net\/wordpress\/wp-content\/uploads\/2021\/04\/f179c561-1b3e-4fe0-9dbd-53b336ce72a9-300x300.jpg\" alt=\"\" width=\"135\" height=\"135\" srcset=\"https:\/\/www.radiopiu.net\/wordpress\/wp-content\/uploads\/2021\/04\/f179c561-1b3e-4fe0-9dbd-53b336ce72a9-300x300.jpg 300w, https:\/\/www.radiopiu.net\/wordpress\/wp-content\/uploads\/2021\/04\/f179c561-1b3e-4fe0-9dbd-53b336ce72a9.jpg 1024w, https:\/\/www.radiopiu.net\/wordpress\/wp-content\/uploads\/2021\/04\/f179c561-1b3e-4fe0-9dbd-53b336ce72a9-150x150.jpg 150w, https:\/\/www.radiopiu.net\/wordpress\/wp-content\/uploads\/2021\/04\/f179c561-1b3e-4fe0-9dbd-53b336ce72a9-768x768.jpg 768w\" sizes=\"auto, (max-width: 135px) 100vw, 135px\" \/><\/a><span style=\"color: #008080;\">LA RIAPERTURA DEI RISTORANTI CON MARTINA ZORZI E DIEGO TIBOLLA<\/span><\/strong><\/h2>\n<p><strong>di Claudio Fontanive<\/strong><\/p>\n<p>Ospiti: Martina Zorzi del Park Hotel Villa Imperina di Agordo e Diego Tibolla dell&#8217;Albergo Ristorante alle Codole a Canale D&#8217;Agordo<\/p>\n<audio class=\"wp-audio-shortcode\" id=\"audio-204759-8\" preload=\"none\" style=\"width: 100%;\" controls=\"controls\"><source type=\"audio\/mpeg\" src=\"https:\/\/www.radiopiu.net\/wordpress\/wp-content\/uploads\/2021\/04\/martina-zorzi-diego-tibolla.mp3?_=8\" \/><a href=\"https:\/\/www.radiopiu.net\/wordpress\/wp-content\/uploads\/2021\/04\/martina-zorzi-diego-tibolla.mp3\">https:\/\/www.radiopiu.net\/wordpress\/wp-content\/uploads\/2021\/04\/martina-zorzi-diego-tibolla.mp3<\/a><\/audio>\n<p>&nbsp;<\/p>\n<hr \/>\n<p>&nbsp;<\/p>\n<h2><strong><a href=\"https:\/\/www.radiopiu.net\/wordpress\/cisl-la-voce-dei-lavoratori-21-aprile-2021\/paolo-chissale-e-milena-cesca\/\" rel=\"attachment wp-att-204863\"><img loading=\"lazy\" decoding=\"async\" class=\" wp-image-204863 alignleft\" src=\"https:\/\/www.radiopiu.net\/wordpress\/wp-content\/uploads\/2021\/04\/paolo-chissale\u0300-e-milena-cesca-300x300.jpg\" alt=\"\" width=\"130\" height=\"130\" srcset=\"https:\/\/www.radiopiu.net\/wordpress\/wp-content\/uploads\/2021\/04\/paolo-chissale\u0300-e-milena-cesca-300x300.jpg 300w, https:\/\/www.radiopiu.net\/wordpress\/wp-content\/uploads\/2021\/04\/paolo-chissale\u0300-e-milena-cesca-1024x1024.jpg 1024w, https:\/\/www.radiopiu.net\/wordpress\/wp-content\/uploads\/2021\/04\/paolo-chissale\u0300-e-milena-cesca-150x150.jpg 150w, https:\/\/www.radiopiu.net\/wordpress\/wp-content\/uploads\/2021\/04\/paolo-chissale\u0300-e-milena-cesca-768x768.jpg 768w, https:\/\/www.radiopiu.net\/wordpress\/wp-content\/uploads\/2021\/04\/paolo-chissale\u0300-e-milena-cesca-1536x1536.jpg 1536w, https:\/\/www.radiopiu.net\/wordpress\/wp-content\/uploads\/2021\/04\/paolo-chissale\u0300-e-milena-cesca.jpg 1600w\" sizes=\"auto, (max-width: 130px) 100vw, 130px\" \/><\/a><span style=\"color: #008000;\">CISL, LA VOCE DEI LAVORATORI &#8211; 21 APRILE 2021<\/span><\/strong><\/h2>\n<p><strong>Con Paolo Chissal\u00e8 e Milena Cesca della Femca CISL<\/strong><\/p>\n<audio class=\"wp-audio-shortcode\" id=\"audio-204759-9\" preload=\"none\" style=\"width: 100%;\" controls=\"controls\"><source type=\"audio\/mpeg\" src=\"https:\/\/www.radiopiu.net\/wordpress\/wp-content\/uploads\/2021\/04\/CISL.mp3?_=9\" \/><a href=\"https:\/\/www.radiopiu.net\/wordpress\/wp-content\/uploads\/2021\/04\/CISL.mp3\">https:\/\/www.radiopiu.net\/wordpress\/wp-content\/uploads\/2021\/04\/CISL.mp3<\/a><\/audio>\n<p>&nbsp;<\/p>\n<hr \/>\n<p>&nbsp;<\/p>\n<blockquote><p>&nbsp;<\/p><\/blockquote>\n<h2><span style=\"color: #ff0000;\">dalla nuova generazione&#8230; cultura e tradizione<\/span><\/h2>\n<blockquote>\n<h3><em>PIAZA LADINA ALLA RADIO<\/em><\/h3>\n<\/blockquote>\n<p><strong>LA\u00a0 OTTAVA\u00a0 PUNTATA\u00a0 &#8220;Intervista al Gabriele Riva la so esperienza dal Poi<\/strong><\/p>\n<audio class=\"wp-audio-shortcode\" id=\"audio-204759-10\" preload=\"none\" style=\"width: 100%;\" controls=\"controls\"><source type=\"audio\/mpeg\" src=\"https:\/\/www.radiopiu.net\/wordpress\/wp-content\/uploads\/2021\/04\/Pontada-8-Intervista-al-Gabriele-Riva-la-so-esperienza-dal-Poi.mp3?_=10\" \/><a href=\"https:\/\/www.radiopiu.net\/wordpress\/wp-content\/uploads\/2021\/04\/Pontada-8-Intervista-al-Gabriele-Riva-la-so-esperienza-dal-Poi.mp3\">https:\/\/www.radiopiu.net\/wordpress\/wp-content\/uploads\/2021\/04\/Pontada-8-Intervista-al-Gabriele-Riva-la-so-esperienza-dal-Poi.mp3<\/a><\/audio>\n<p>&nbsp;<\/p>\n<blockquote>\n<h2>LA RACCOLTA COMPLETA<\/h2>\n<\/blockquote>\n<blockquote class=\"wp-embedded-content\" data-secret=\"y3PPh23fCa\"><p><a href=\"https:\/\/www.radiopiu.net\/wordpress\/agora-agordina-la-nosta-piaza\/\">AGORA&#8217; AGORDINA&#8230; LA NOSTA PIAZA LADINA.  pagina in aggiornamento continuo<\/a><\/p><\/blockquote>\n<p><iframe loading=\"lazy\" class=\"wp-embedded-content\" sandbox=\"allow-scripts\" security=\"restricted\" style=\"position: absolute; clip: rect(1px, 1px, 1px, 1px);\" title=\"&#8220;AGORA&#8217; AGORDINA&#8230; LA NOSTA PIAZA LADINA.  pagina in aggiornamento continuo&#8221; &#8212; Radio Pi\u00f9\" src=\"https:\/\/www.radiopiu.net\/wordpress\/agora-agordina-la-nosta-piaza\/embed\/#?secret=y3PPh23fCa\" data-secret=\"y3PPh23fCa\" width=\"600\" height=\"338\" frameborder=\"0\" marginwidth=\"0\" marginheight=\"0\" scrolling=\"no\"><\/iframe><\/p>\n<p>&nbsp;<\/p>\n<p>&nbsp;<\/p>\n<p>&nbsp;<\/p>\n<hr \/>\n<div class=\"b654a4as d2edcug0\">\n<div class=\"j83agx80 btwxx1t3 lhclo0ds hop8lmos nkwizq5d scwd0bx6 roh60bw9\">\n<div class=\"rq0escxv hkbzh7o3 jwdofwj8 n8tt0mok r8blr3vg hyh9befq\">\n<div class=\"do00u71z l9j0dhe7 k4urcfbm\">\n<div>\n<h2><span style=\"color: #000080;\"><a class=\"dt-pswp-item\" href=\"https:\/\/www.radiopiu.net\/wordpress\/wp-content\/uploads\/2020\/10\/pp.jpg\" data-dt-img-description=\"\" data-large_image_width=\"640\" data-large_image_height=\"640\"><img loading=\"lazy\" decoding=\"async\" class=\"wp-image-163678 alignleft\" src=\"https:\/\/www.radiopiu.net\/wordpress\/wp-content\/uploads\/2020\/10\/pp-300x300.jpg\" alt=\"\" width=\"106\" height=\"106\" srcset=\"https:\/\/www.radiopiu.net\/wordpress\/wp-content\/uploads\/2020\/10\/pp-300x300.jpg 300w, https:\/\/www.radiopiu.net\/wordpress\/wp-content\/uploads\/2020\/10\/pp-150x150.jpg 150w, https:\/\/www.radiopiu.net\/wordpress\/wp-content\/uploads\/2020\/10\/pp-125x125.jpg 125w, https:\/\/www.radiopiu.net\/wordpress\/wp-content\/uploads\/2020\/10\/pp-200x200.jpg 200w, https:\/\/www.radiopiu.net\/wordpress\/wp-content\/uploads\/2020\/10\/pp-80x80.jpg 80w, https:\/\/www.radiopiu.net\/wordpress\/wp-content\/uploads\/2020\/10\/pp-480x480.jpg 480w, https:\/\/www.radiopiu.net\/wordpress\/wp-content\/uploads\/2020\/10\/pp.jpg 640w\" sizes=\"auto, (max-width: 106px) 100vw, 106px\" \/><\/a><\/span><\/h2>\n<h2><span style=\"color: #000080;\">DON CESARE, IL PENSIERO DEL GIORNO. ALLA RADIO ALLE 7 DEL MATTINO E ALLE 19.30 DELLA SERA.\u00a0\u00a0<\/span><\/h2>\n<\/div>\n<\/div>\n<p>&nbsp;<\/p>\n<\/div>\n<\/div>\n<p>&nbsp;<\/p>\n<audio class=\"wp-audio-shortcode\" id=\"audio-204759-11\" preload=\"none\" style=\"width: 100%;\" controls=\"controls\"><source type=\"audio\/mpeg\" src=\"https:\/\/www.radiopiu.net\/wordpress\/wp-content\/uploads\/2021\/04\/CESARE-14.mp3?_=11\" \/><a href=\"https:\/\/www.radiopiu.net\/wordpress\/wp-content\/uploads\/2021\/04\/CESARE-14.mp3\">https:\/\/www.radiopiu.net\/wordpress\/wp-content\/uploads\/2021\/04\/CESARE-14.mp3<\/a><\/audio>\n<p>&nbsp;<\/p>\n<\/div>\n<p>&nbsp;<\/p>\n<hr \/>\n<h2><span style=\"color: #008000;\">\u00a0<\/span><\/h2>\n<h2><span style=\"color: #008000;\">ERBE E PIANTE CURATIVE&#8230;IL\u00a0 PROGRAMMA DI PAOLA LANCIATO<\/span><\/h2>\n<p><strong><a href=\"https:\/\/www.radiopiu.net\/wordpress\/giornale-radiopiu-14-aprile-2021-direttore-mirko-mezzacasa\/pianta-limone\/\" rel=\"attachment wp-att-203125\"><img loading=\"lazy\" decoding=\"async\" class=\" wp-image-203125 alignleft\" src=\"https:\/\/www.radiopiu.net\/wordpress\/wp-content\/uploads\/2021\/04\/PIANTA-LIMONE-300x200.jpg\" alt=\"\" width=\"167\" height=\"111\" srcset=\"https:\/\/www.radiopiu.net\/wordpress\/wp-content\/uploads\/2021\/04\/PIANTA-LIMONE-300x200.jpg 300w, https:\/\/www.radiopiu.net\/wordpress\/wp-content\/uploads\/2021\/04\/PIANTA-LIMONE-1024x683.jpg 1024w, https:\/\/www.radiopiu.net\/wordpress\/wp-content\/uploads\/2021\/04\/PIANTA-LIMONE-768x512.jpg 768w, https:\/\/www.radiopiu.net\/wordpress\/wp-content\/uploads\/2021\/04\/PIANTA-LIMONE-1536x1024.jpg 1536w, https:\/\/www.radiopiu.net\/wordpress\/wp-content\/uploads\/2021\/04\/PIANTA-LIMONE.jpg 1920w\" sizes=\"auto, (max-width: 167px) 100vw, 167px\" \/><\/a>PUNTATA 12, LA MARGHERITA<\/strong><\/p>\n<\/div>\n<p>&nbsp;<\/p>\n<p>&nbsp;<\/p>\n<p>&nbsp;<\/p>\n<audio class=\"wp-audio-shortcode\" id=\"audio-204759-12\" preload=\"none\" style=\"width: 100%;\" controls=\"controls\"><source type=\"audio\/mpeg\" src=\"https:\/\/www.radiopiu.net\/wordpress\/wp-content\/uploads\/2021\/04\/11-La-margherita-M.mp3?_=12\" \/><a href=\"https:\/\/www.radiopiu.net\/wordpress\/wp-content\/uploads\/2021\/04\/11-La-margherita-M.mp3\">https:\/\/www.radiopiu.net\/wordpress\/wp-content\/uploads\/2021\/04\/11-La-margherita-M.mp3<\/a><\/audio>\n<h3><strong>LA RACCOLTA COMPLETA\u00a0<\/strong><\/h3>\n<blockquote class=\"wp-embedded-content\" data-secret=\"xOjKP6JWAz\"><p><a href=\"https:\/\/www.radiopiu.net\/wordpress\/erbe-e-piante-curative-il-mandorlo\/\">L\u2019ERBA VOGLIO DEL GIARDINO DEL RE\u2026 ERBE, FIORI E PIANTE DI E CON PAOLA LANCIATO<\/a><\/p><\/blockquote>\n<p><iframe loading=\"lazy\" class=\"wp-embedded-content\" sandbox=\"allow-scripts\" security=\"restricted\" style=\"position: absolute; clip: rect(1px, 1px, 1px, 1px);\" title=\"&#8220;L\u2019ERBA VOGLIO DEL GIARDINO DEL RE\u2026 ERBE, FIORI E PIANTE DI E CON PAOLA LANCIATO&#8221; &#8212; Radio Pi\u00f9\" src=\"https:\/\/www.radiopiu.net\/wordpress\/erbe-e-piante-curative-il-mandorlo\/embed\/#?secret=xOjKP6JWAz\" data-secret=\"xOjKP6JWAz\" width=\"600\" height=\"338\" frameborder=\"0\" marginwidth=\"0\" marginheight=\"0\" scrolling=\"no\"><\/iframe><\/p>\n<h1><\/h1>\n<p>&nbsp;<\/p>\n<p>&nbsp;<\/p>\n<hr \/>\n<div dir=\"auto\">\n<blockquote>\n<h3><\/h3>\n<h3>SALUTE E SOCIETA&#8217; IL LUNEDI ALLE 13.10 E ALLE 20.10, LA DOMENICA ALLE 10.30 A CURA DEL DOTTOR MARCO CARACCIOLO. QUINTA STAGIONE<\/h3>\n<\/blockquote>\n<p><strong>LA PUNTATA DELLA SETTIMANA del 19 aprile <\/strong>in questa edizione: Arriva in Italia la prima terapia genica per le malattie ereditarie della retina, patologie che possono portare chi ne \u00e8 colpito a una perdita quasi totale della vista sin dalla tenera et\u00e0. La maggior parte dei pazienti progredisce fino alla cecit\u00e0 totale. Francesca Simonelli, Ordinario Oftalmologia e Direttrice della Clinica Oculistica dell\u2019Universit\u00e0 della Campania Luigi Vanvitelli<\/p>\n<audio class=\"wp-audio-shortcode\" id=\"audio-204759-13\" preload=\"none\" style=\"width: 100%;\" controls=\"controls\"><source type=\"audio\/mpeg\" src=\"https:\/\/www.radiopiu.net\/wordpress\/wp-content\/uploads\/2021\/04\/SALUTE-2.mp3?_=13\" \/><a href=\"https:\/\/www.radiopiu.net\/wordpress\/wp-content\/uploads\/2021\/04\/SALUTE-2.mp3\">https:\/\/www.radiopiu.net\/wordpress\/wp-content\/uploads\/2021\/04\/SALUTE-2.mp3<\/a><\/audio>\n<h3><strong>LA RACCOLTA COMPLETA\u00a0<\/strong><\/h3>\n<\/div>\n<blockquote class=\"wp-embedded-content\" data-secret=\"wq9J1sFhYS\"><p><a href=\"https:\/\/www.radiopiu.net\/wordpress\/saluteesocieta\/\">Salute e Societ\u00e0<\/a><\/p><\/blockquote>\n<p><iframe loading=\"lazy\" class=\"wp-embedded-content\" sandbox=\"allow-scripts\" security=\"restricted\" style=\"position: absolute; clip: rect(1px, 1px, 1px, 1px);\" title=\"&#8220;Salute e Societ\u00e0&#8221; &#8212; Radio Pi\u00f9\" src=\"https:\/\/www.radiopiu.net\/wordpress\/saluteesocieta\/embed\/#?secret=wq9J1sFhYS\" data-secret=\"wq9J1sFhYS\" width=\"600\" height=\"338\" frameborder=\"0\" marginwidth=\"0\" marginheight=\"0\" scrolling=\"no\"><\/iframe><\/p>\n<p>&nbsp;<\/p>\n<hr \/>\n<p>&nbsp;<\/p>\n<p>&nbsp;<\/p>\n<blockquote>\n<h3>IO NE HO VISTE COSE CHE VOI NON POTRESTE IMMAGINARVI<\/h3>\n<\/blockquote>\n<p>Un programma di Claudio Pra, dal lunedi al venerdi \u00a0alle 8.45 ed in replica alle 19.45.<\/p>\n<p><strong><a href=\"https:\/\/www.radiopiu.net\/wordpress\/giornale-radiopiu-22-aprile-2021-direttore-mirko-mezzacasa\/917e4693-9f9c-43c2-9043-05cf03f0460e\/\" rel=\"attachment wp-att-204840\"><img loading=\"lazy\" decoding=\"async\" class=\"wp-image-204840 alignleft\" src=\"https:\/\/www.radiopiu.net\/wordpress\/wp-content\/uploads\/2021\/04\/917e4693-9f9c-43c2-9043-05cf03f0460e-300x180.jpg\" alt=\"\" width=\"137\" height=\"82\" srcset=\"https:\/\/www.radiopiu.net\/wordpress\/wp-content\/uploads\/2021\/04\/917e4693-9f9c-43c2-9043-05cf03f0460e-300x180.jpg 300w, https:\/\/www.radiopiu.net\/wordpress\/wp-content\/uploads\/2021\/04\/917e4693-9f9c-43c2-9043-05cf03f0460e.jpg 529w\" sizes=\"auto, (max-width: 137px) 100vw, 137px\" \/><\/a>PUNTATA 23 Tenue puntino azzurro<\/strong><\/p>\n<audio class=\"wp-audio-shortcode\" id=\"audio-204759-14\" preload=\"none\" style=\"width: 100%;\" controls=\"controls\"><source type=\"audio\/mpeg\" src=\"https:\/\/www.radiopiu.net\/wordpress\/wp-content\/uploads\/2021\/04\/23-puntata.mp3?_=14\" \/><a href=\"https:\/\/www.radiopiu.net\/wordpress\/wp-content\/uploads\/2021\/04\/23-puntata.mp3\">https:\/\/www.radiopiu.net\/wordpress\/wp-content\/uploads\/2021\/04\/23-puntata.mp3<\/a><\/audio>\n<h2><span style=\"color: #000000;\"><strong>LA RACCOLTA COMPLETA\u00a0<\/strong><\/span><\/h2>\n<blockquote class=\"wp-embedded-content\" data-secret=\"R9kceulsGO\"><p><a href=\"https:\/\/www.radiopiu.net\/wordpress\/io-ne-ho-viste-cose\/\">IO NE HO VISTE COSE CHE VOI NON POTRESTE IMMAGINARVI<\/a><\/p><\/blockquote>\n<p><iframe loading=\"lazy\" class=\"wp-embedded-content\" sandbox=\"allow-scripts\" security=\"restricted\" style=\"position: absolute; clip: rect(1px, 1px, 1px, 1px);\" title=\"&#8220;IO NE HO VISTE COSE CHE VOI NON POTRESTE IMMAGINARVI&#8221; &#8212; Radio Pi\u00f9\" src=\"https:\/\/www.radiopiu.net\/wordpress\/io-ne-ho-viste-cose\/embed\/#?secret=R9kceulsGO\" data-secret=\"R9kceulsGO\" width=\"600\" height=\"338\" frameborder=\"0\" marginwidth=\"0\" marginheight=\"0\" scrolling=\"no\"><\/iframe><\/p>\n<p>&nbsp;<\/p>\n<hr \/>\n<p>&nbsp;<\/p>\n<h2><\/h2>\n<h2><span style=\"color: #808000;\">DUE MINUTI UN LIBRO\u00a0 TUTTI I GIORNI ALLA RADIO ALLE 9.30 E ALLE 18. QUINTA STAGIONE\u00a0 \u00a0<\/span><\/h2>\n<blockquote class=\"wp-embedded-content\" data-secret=\"sjBAbI7hG7\"><p><a href=\"https:\/\/www.radiopiu.net\/wordpress\/sette-piccole-bugie\/\">SETTE PICCOLE BUGIE<\/a><\/p><\/blockquote>\n<p><iframe loading=\"lazy\" class=\"wp-embedded-content\" sandbox=\"allow-scripts\" security=\"restricted\" style=\"position: absolute; clip: rect(1px, 1px, 1px, 1px);\" title=\"&#8220;SETTE PICCOLE BUGIE&#8221; &#8212; Radio Pi\u00f9\" src=\"https:\/\/www.radiopiu.net\/wordpress\/sette-piccole-bugie\/embed\/#?secret=sjBAbI7hG7\" data-secret=\"sjBAbI7hG7\" width=\"600\" height=\"338\" frameborder=\"0\" marginwidth=\"0\" marginheight=\"0\" scrolling=\"no\"><\/iframe><\/p>\n<h3><span style=\"color: #808000;\">\u00a0<\/span>LA RACCOLTA COMPLETA<\/h3>\n<blockquote class=\"wp-embedded-content\" data-secret=\"uCiDLUo4H8\"><p><a href=\"https:\/\/www.radiopiu.net\/wordpress\/due-minuti-un-libro\/\">Due minuti un libro<\/a><\/p><\/blockquote>\n<p><iframe loading=\"lazy\" class=\"wp-embedded-content\" sandbox=\"allow-scripts\" security=\"restricted\" style=\"position: absolute; clip: rect(1px, 1px, 1px, 1px);\" title=\"&#8220;Due minuti un libro&#8221; &#8212; Radio Pi\u00f9\" src=\"https:\/\/www.radiopiu.net\/wordpress\/due-minuti-un-libro\/embed\/#?secret=uCiDLUo4H8\" data-secret=\"uCiDLUo4H8\" width=\"600\" height=\"338\" frameborder=\"0\" marginwidth=\"0\" marginheight=\"0\" scrolling=\"no\"><\/iframe><\/p>\n<p>&nbsp;<\/p>\n<p>&nbsp;<\/p>\n<p>&nbsp;<\/p>\n<hr \/>\n<p>&nbsp;<\/p>\n<blockquote>\n<h3 class=\"kvgmc6g5 cxmmr5t8 oygrvhab hcukyx3x c1et5uql\"><span style=\"color: #0000ff;\">INFORMAZIONE il canale su TELEGRAM informazione di prima mano e in tempo reale. iscriviti ed aiutaci a farlo conoscere\u00a0<\/span><\/h3>\n<\/blockquote>\n<h2><img loading=\"lazy\" decoding=\"async\" class=\"alignleft\" src=\"https:\/\/www.radiopiu.net\/wordpress\/wp-content\/uploads\/2021\/03\/narr.jpg\" width=\"158\" height=\"105\" \/>007 IN CONDOTTA CON LA PROF. MARIA ROSA SALMAZO IL LUNEDI ALLE 10,30 E ALLE 19.00 LA DOMENICA ALLE 8 DEL MATTINO. NONA STAGIONE<\/h2>\n<p><span style=\"color: #ff0000;\"><strong>PUNTATA DEL 19 APRILE 2021<\/strong><\/span><\/p>\n<audio class=\"wp-audio-shortcode\" id=\"audio-204759-15\" preload=\"none\" style=\"width: 100%;\" controls=\"controls\"><source type=\"audio\/mpeg\" src=\"https:\/\/www.radiopiu.net\/wordpress\/wp-content\/uploads\/2021\/04\/007-condotta-19-aprile.mp3?_=15\" \/><a href=\"https:\/\/www.radiopiu.net\/wordpress\/wp-content\/uploads\/2021\/04\/007-condotta-19-aprile.mp3\">https:\/\/www.radiopiu.net\/wordpress\/wp-content\/uploads\/2021\/04\/007-condotta-19-aprile.mp3<\/a><\/audio>\n<h2>LA RACCOLTA COMPLETA<\/h2>\n<blockquote class=\"wp-embedded-content\" data-secret=\"sdWmdmymyG\"><p><a href=\"https:\/\/www.radiopiu.net\/wordpress\/007incondotta-9\/\">007 in condotta<\/a><\/p><\/blockquote>\n<p><iframe loading=\"lazy\" class=\"wp-embedded-content\" sandbox=\"allow-scripts\" security=\"restricted\" style=\"position: absolute; clip: rect(1px, 1px, 1px, 1px);\" title=\"&#8220;007 in condotta&#8221; &#8212; Radio Pi\u00f9\" src=\"https:\/\/www.radiopiu.net\/wordpress\/007incondotta-9\/embed\/#?secret=sdWmdmymyG\" data-secret=\"sdWmdmymyG\" width=\"600\" height=\"338\" frameborder=\"0\" marginwidth=\"0\" marginheight=\"0\" scrolling=\"no\"><\/iframe><\/p>\n<blockquote><p>&nbsp;<\/p><\/blockquote>\n<p>&nbsp;<\/p>\n<hr \/>\n<div>\n<p><span style=\"color: #33cccc;\">\u00a0<\/span><\/p>\n<h2><span style=\"color: #33cccc;\">I RACCONTI DI PAOLO SOPPELSA il lunedi alle 9.30 e 18.30<\/span><\/h2>\n<blockquote class=\"wp-embedded-content\" data-secret=\"hynOQFA6O8\"><p><a href=\"https:\/\/www.radiopiu.net\/wordpress\/i-racconti-di-paolo-soppelsa-settantunesima-puntata\/\">I RACCONTI DI PAOLO SOPPELSA SETTANTUNESIMA PUNTATA<\/a><\/p><\/blockquote>\n<p><iframe loading=\"lazy\" class=\"wp-embedded-content\" sandbox=\"allow-scripts\" security=\"restricted\" style=\"position: absolute; clip: rect(1px, 1px, 1px, 1px);\" title=\"&#8220;I RACCONTI DI PAOLO SOPPELSA SETTANTUNESIMA PUNTATA&#8221; &#8212; Radio Pi\u00f9\" src=\"https:\/\/www.radiopiu.net\/wordpress\/i-racconti-di-paolo-soppelsa-settantunesima-puntata\/embed\/#?secret=hynOQFA6O8\" data-secret=\"hynOQFA6O8\" width=\"600\" height=\"338\" frameborder=\"0\" marginwidth=\"0\" marginheight=\"0\" scrolling=\"no\"><\/iframe><\/p>\n<p><span style=\"color: #0000ff;\">INFORMAZIONE il canale su TELEGRAM informazione di prima mano e in tempo reale. iscriviti ed aiutaci a farlo conoscere\u00a0<\/span><\/p>\n<h2><span style=\"color: #33cccc;\"><strong>RACCOLTA COMPLETA<\/strong><\/span><\/h2>\n<blockquote class=\"wp-embedded-content\" data-secret=\"tDU2kiupY0\"><p><a href=\"https:\/\/www.radiopiu.net\/wordpress\/i-racconti-di-paolo-soppelsa\/\">I racconti di Paolo Soppelsa<\/a><\/p><\/blockquote>\n<p><iframe loading=\"lazy\" class=\"wp-embedded-content\" sandbox=\"allow-scripts\" security=\"restricted\" style=\"position: absolute; clip: rect(1px, 1px, 1px, 1px);\" title=\"&#8220;I racconti di Paolo Soppelsa&#8221; &#8212; Radio Pi\u00f9\" src=\"https:\/\/www.radiopiu.net\/wordpress\/i-racconti-di-paolo-soppelsa\/embed\/#?secret=tDU2kiupY0\" data-secret=\"tDU2kiupY0\" width=\"600\" height=\"338\" frameborder=\"0\" marginwidth=\"0\" marginheight=\"0\" scrolling=\"no\"><\/iframe><\/p>\n<\/div>\n<h2><span style=\"color: #ff0000;\">\u00a0 \u00a0<\/span><\/h2>\n<hr \/>\n<p>&nbsp;<\/p>\n<h2><span style=\"color: #800080;\"><strong>LA RASSEGNA STAMPA DA L&#8217;AMICO DEL POPOLO\u00a0<\/strong><\/span><\/h2>\n<h3 class=\"kvgmc6g5 cxmmr5t8 oygrvhab hcukyx3x c1et5uql\"><span style=\"color: #0000ff;\"> INFORMAZIONE il canale su TELEGRAM informazione di prima mano e in tempo reale. iscriviti ed aiutaci a farlo conoscere\u00a0<\/span><\/h3>\n<p><strong><a href=\"https:\/\/www.radiopiu.net\/wordpress\/la-rassegna-stampa-da-lamico-del-popolo-17-aprile-2021\/hard-hat-4274431_1920\/\" rel=\"attachment wp-att-204002\"><img loading=\"lazy\" decoding=\"async\" class=\"size-medium wp-image-204002 alignleft\" src=\"https:\/\/www.radiopiu.net\/wordpress\/wp-content\/uploads\/2021\/04\/hard-hat-4274431_1920-300x169.jpg\" alt=\"\" width=\"300\" height=\"169\" srcset=\"https:\/\/www.radiopiu.net\/wordpress\/wp-content\/uploads\/2021\/04\/hard-hat-4274431_1920-300x169.jpg 300w, https:\/\/www.radiopiu.net\/wordpress\/wp-content\/uploads\/2021\/04\/hard-hat-4274431_1920-1024x576.jpg 1024w, https:\/\/www.radiopiu.net\/wordpress\/wp-content\/uploads\/2021\/04\/hard-hat-4274431_1920-768x432.jpg 768w, https:\/\/www.radiopiu.net\/wordpress\/wp-content\/uploads\/2021\/04\/hard-hat-4274431_1920-1536x864.jpg 1536w, https:\/\/www.radiopiu.net\/wordpress\/wp-content\/uploads\/2021\/04\/hard-hat-4274431_1920.jpg 1920w\" sizes=\"auto, (max-width: 300px) 100vw, 300px\" \/><\/a>di Gianni Santomaso<\/strong><\/p>\n<p>OSPITI: Francesca Case, Silvia Del Din e Alice Ganz<\/p>\n<audio class=\"wp-audio-shortcode\" id=\"audio-204759-16\" preload=\"none\" style=\"width: 100%;\" controls=\"controls\"><source type=\"audio\/mpeg\" src=\"https:\/\/www.radiopiu.net\/wordpress\/wp-content\/uploads\/2021\/04\/RASSEGNA-GIANNI-2.mp3?_=16\" \/><a href=\"https:\/\/www.radiopiu.net\/wordpress\/wp-content\/uploads\/2021\/04\/RASSEGNA-GIANNI-2.mp3\">https:\/\/www.radiopiu.net\/wordpress\/wp-content\/uploads\/2021\/04\/RASSEGNA-GIANNI-2.mp3<\/a><\/audio>\n<p><strong>LA RACCOLTA COMPLETA<\/strong><\/p>\n<blockquote class=\"wp-embedded-content\" data-secret=\"iHTnEJHaEV\"><p><a href=\"https:\/\/www.radiopiu.net\/wordpress\/rassegna-stampa-di-gianni-santomaso\/\">Rassegna stampa da l&#8217;amico del popolo &#8211; di Gianni Santomaso<\/a><\/p><\/blockquote>\n<p><iframe loading=\"lazy\" class=\"wp-embedded-content\" sandbox=\"allow-scripts\" security=\"restricted\" style=\"position: absolute; clip: rect(1px, 1px, 1px, 1px);\" title=\"&#8220;Rassegna stampa da l&#8217;amico del popolo &#8211; di Gianni Santomaso&#8221; &#8212; Radio Pi\u00f9\" src=\"https:\/\/www.radiopiu.net\/wordpress\/rassegna-stampa-di-gianni-santomaso\/embed\/#?secret=iHTnEJHaEV\" data-secret=\"iHTnEJHaEV\" width=\"600\" height=\"338\" frameborder=\"0\" marginwidth=\"0\" marginheight=\"0\" scrolling=\"no\"><\/iframe><\/p>\n<h3><\/h3>\n<p>&nbsp;<\/p>\n<hr \/>\n<p>&nbsp;<\/p>\n<p>&nbsp;<\/p>\n<h1><span style=\"color: #ff0000;\"><strong>IN VIVO VERSO 2020-21<\/strong><\/span><\/h1>\n<blockquote><p><span style=\"color: #ff0000;\"><strong>IN ONDA DAL LUNEDI AL VENERDI ALLE 7.10, 10.10, 18.50\u00a0 \u00a0<\/strong><\/span><\/p><\/blockquote>\n<blockquote class=\"wp-embedded-content\" data-secret=\"HUtN93MId7\"><p><a href=\"https:\/\/www.radiopiu.net\/wordpress\/il-canto-della-primavera-di-angelo-barilari\/\">IL CANTO DELLA PRIMAVERA di ANGELO BARILARI<\/a><\/p><\/blockquote>\n<p><iframe loading=\"lazy\" class=\"wp-embedded-content\" sandbox=\"allow-scripts\" security=\"restricted\" style=\"position: absolute; clip: rect(1px, 1px, 1px, 1px);\" title=\"&#8220;IL CANTO DELLA PRIMAVERA di ANGELO BARILARI&#8221; &#8212; Radio Pi\u00f9\" src=\"https:\/\/www.radiopiu.net\/wordpress\/il-canto-della-primavera-di-angelo-barilari\/embed\/#?secret=HUtN93MId7\" data-secret=\"HUtN93MId7\" width=\"600\" height=\"338\" frameborder=\"0\" marginwidth=\"0\" marginheight=\"0\" scrolling=\"no\"><\/iframe><\/p>\n<p><strong>LA RACCOLTA COMPLETA<\/strong><\/p>\n<blockquote class=\"wp-embedded-content\" data-secret=\"EpTczIjEhQ\"><p><a href=\"https:\/\/www.radiopiu.net\/wordpress\/in-vivo-verso\/\">In Vivo Verso<\/a><\/p><\/blockquote>\n<p><iframe loading=\"lazy\" class=\"wp-embedded-content\" sandbox=\"allow-scripts\" security=\"restricted\" style=\"position: absolute; clip: rect(1px, 1px, 1px, 1px);\" title=\"&#8220;In Vivo Verso&#8221; &#8212; Radio Pi\u00f9\" src=\"https:\/\/www.radiopiu.net\/wordpress\/in-vivo-verso\/embed\/#?secret=EpTczIjEhQ\" data-secret=\"EpTczIjEhQ\" width=\"600\" height=\"338\" frameborder=\"0\" marginwidth=\"0\" marginheight=\"0\" scrolling=\"no\"><\/iframe><\/p>\n<p>&nbsp;<\/p>\n<hr \/>\n<p>&nbsp;<\/p>\n<p>&nbsp;<\/p>\n<h2><span style=\"color: #ff0000;\"><a href=\"https:\/\/www.radiopiu.net\/wordpress\/giornale-radiopiu-05-gennaio-2021-direttore-mirko-mezzacasa\/133200401_100838761953611_1258544160541445132_o-2\/\" rel=\"attachment wp-att-183078\"><img loading=\"lazy\" decoding=\"async\" class=\" wp-image-183078 alignleft\" src=\"https:\/\/www.radiopiu.net\/wordpress\/wp-content\/uploads\/2021\/01\/133200401_100838761953611_1258544160541445132_o-1-300x157.jpg\" alt=\"\" width=\"192\" height=\"101\" srcset=\"https:\/\/www.radiopiu.net\/wordpress\/wp-content\/uploads\/2021\/01\/133200401_100838761953611_1258544160541445132_o-1-300x157.jpg 300w, https:\/\/www.radiopiu.net\/wordpress\/wp-content\/uploads\/2021\/01\/133200401_100838761953611_1258544160541445132_o-1.jpg 526w\" sizes=\"auto, (max-width: 192px) 100vw, 192px\" \/><\/a>GOCCE DI FILOSOFIA, CON CHIARA CAU, CON LISA DE LUCA. <\/span><\/h2>\n<h2><span style=\"color: #ff0000;\">TUTTI I GIORNI DAL LUNEDI AL VENERDI ALLE 6.55 E ALLE 18.55<\/span><\/h2>\n<p><strong>PUNTATA 78<\/strong><\/p>\n<audio class=\"wp-audio-shortcode\" id=\"audio-204759-17\" preload=\"none\" style=\"width: 100%;\" controls=\"controls\"><source type=\"audio\/mpeg\" src=\"https:\/\/www.radiopiu.net\/wordpress\/wp-content\/uploads\/2021\/04\/FI3-2.mp3?_=17\" \/><a href=\"https:\/\/www.radiopiu.net\/wordpress\/wp-content\/uploads\/2021\/04\/FI3-2.mp3\">https:\/\/www.radiopiu.net\/wordpress\/wp-content\/uploads\/2021\/04\/FI3-2.mp3<\/a><\/audio>\n<h3>LA RACCOLTA COMPLETA<\/h3>\n<blockquote class=\"wp-embedded-content\" data-secret=\"5xKVkEXK7F\"><p><a href=\"https:\/\/www.radiopiu.net\/wordpress\/gocce-filosofia\/\">Gocce di filosofia<\/a><\/p><\/blockquote>\n<p><iframe loading=\"lazy\" class=\"wp-embedded-content\" sandbox=\"allow-scripts\" security=\"restricted\" style=\"position: absolute; clip: rect(1px, 1px, 1px, 1px);\" title=\"&#8220;Gocce di filosofia&#8221; &#8212; Radio Pi\u00f9\" src=\"https:\/\/www.radiopiu.net\/wordpress\/gocce-filosofia\/embed\/#?secret=5xKVkEXK7F\" data-secret=\"5xKVkEXK7F\" width=\"600\" height=\"338\" frameborder=\"0\" marginwidth=\"0\" marginheight=\"0\" scrolling=\"no\"><\/iframe><\/p>\n<p>&nbsp;<\/p>\n<hr \/>\n<p>&nbsp;<\/p>\n<p>&nbsp;<\/p>\n<blockquote>\n<h3><a href=\"https:\/\/www.radiopiu.net\/wordpress\/almanacco-ladino-puntata-5-2020\/sn\/\" rel=\"attachment wp-att-180931\"><img loading=\"lazy\" decoding=\"async\" class=\"wp-image-180931 alignleft\" src=\"https:\/\/www.radiopiu.net\/wordpress\/wp-content\/uploads\/2020\/12\/sn-300x194.jpg\" alt=\"\" width=\"181\" height=\"117\" srcset=\"https:\/\/www.radiopiu.net\/wordpress\/wp-content\/uploads\/2020\/12\/sn-300x194.jpg 300w, https:\/\/www.radiopiu.net\/wordpress\/wp-content\/uploads\/2020\/12\/sn.jpg 626w\" sizes=\"auto, (max-width: 181px) 100vw, 181px\" \/><\/a>L&#8217;ALMANACCO LADINO CON L&#8217;ISTITUT CESA DE JAN QUINDICINALE APPUNTAMENTO. LA DOMENICA ALLE 9 IL LUNEDI ALLE 8.35 IL MARTEDI ALLE 12.35 IL MERCOLEDI ALLE 18.35. SECONDA STAGIONE.<\/h3>\n<\/blockquote>\n<p><strong>RACCOLTA COMPLETA\u00a0<\/strong><\/p>\n<blockquote class=\"wp-embedded-content\" data-secret=\"ZVLyqr9SyL\"><p><a href=\"https:\/\/www.radiopiu.net\/wordpress\/almanacco-ladino\/\">Almanacco Ladino<\/a><\/p><\/blockquote>\n<p><iframe loading=\"lazy\" class=\"wp-embedded-content\" sandbox=\"allow-scripts\" security=\"restricted\" style=\"position: absolute; clip: rect(1px, 1px, 1px, 1px);\" title=\"&#8220;Almanacco Ladino&#8221; &#8212; Radio Pi\u00f9\" src=\"https:\/\/www.radiopiu.net\/wordpress\/almanacco-ladino\/embed\/#?secret=ZVLyqr9SyL\" data-secret=\"ZVLyqr9SyL\" width=\"600\" height=\"338\" frameborder=\"0\" marginwidth=\"0\" marginheight=\"0\" scrolling=\"no\"><\/iframe><\/p>\n<div dir=\"auto\">\n<hr \/>\n<\/div>\n<div class=\"b654a4as d2edcug0\">\n<p>&nbsp;<\/p>\n<\/div>\n<p>&nbsp;<\/p>\n<hr \/>\n<p>&nbsp;<\/p>\n<blockquote>\n<h2><a href=\"https:\/\/www.radiopiu.net\/wordpress\/speciale-solidarieta-veneto\/solidarieta-veneto-3\/\" rel=\"attachment wp-att-134366\"><img loading=\"lazy\" decoding=\"async\" class=\"wp-image-134366 alignleft\" src=\"https:\/\/www.radiopiu.net\/wordpress\/wp-content\/uploads\/2020\/05\/solidariet\u00e0-veneto-300x210.jpg\" alt=\"\" width=\"102\" height=\"71\" srcset=\"https:\/\/www.radiopiu.net\/wordpress\/wp-content\/uploads\/2020\/05\/solidariet\u00e0-veneto-300x210.jpg 300w, https:\/\/www.radiopiu.net\/wordpress\/wp-content\/uploads\/2020\/05\/solidariet\u00e0-veneto-1024x717.jpg 1024w, https:\/\/www.radiopiu.net\/wordpress\/wp-content\/uploads\/2020\/05\/solidariet\u00e0-veneto-768x538.jpg 768w, https:\/\/www.radiopiu.net\/wordpress\/wp-content\/uploads\/2020\/05\/solidariet\u00e0-veneto.jpg 1373w\" sizes=\"auto, (max-width: 102px) 100vw, 102px\" \/><\/a>SOLIDARIETA&#8217; VENETO FONDO PENSIONE, IN ONDA IL PRIMO VENERDI DEL MESE ALLE 10.30 E ALLE 19.00 QUINTA STAGIONE<\/h2>\n<\/blockquote>\n<p><strong>AUDIO APRILE 2021<\/strong><\/p>\n<audio class=\"wp-audio-shortcode\" id=\"audio-204759-18\" preload=\"none\" style=\"width: 100%;\" controls=\"controls\"><source type=\"audio\/mpeg\" src=\"https:\/\/www.radiopiu.net\/wordpress\/wp-content\/uploads\/2021\/04\/solidarieta-veneto-aprile-2021.mp3?_=18\" \/><a href=\"https:\/\/www.radiopiu.net\/wordpress\/wp-content\/uploads\/2021\/04\/solidarieta-veneto-aprile-2021.mp3\">https:\/\/www.radiopiu.net\/wordpress\/wp-content\/uploads\/2021\/04\/solidarieta-veneto-aprile-2021.mp3<\/a><\/audio>\n<p>&nbsp;<\/p>\n<blockquote>\n<h2>RACCOLTA COMPLETA<\/h2>\n<\/blockquote>\n<blockquote class=\"wp-embedded-content\" data-secret=\"8ItGo9rmOY\"><p><a href=\"https:\/\/www.radiopiu.net\/wordpress\/solidarieta-veneto\/\">Solidariet\u00e0 Veneto<\/a><\/p><\/blockquote>\n<p><iframe loading=\"lazy\" class=\"wp-embedded-content\" sandbox=\"allow-scripts\" security=\"restricted\" style=\"position: absolute; clip: rect(1px, 1px, 1px, 1px);\" title=\"&#8220;Solidariet\u00e0 Veneto&#8221; &#8212; Radio Pi\u00f9\" src=\"https:\/\/www.radiopiu.net\/wordpress\/solidarieta-veneto\/embed\/#?secret=8ItGo9rmOY\" data-secret=\"8ItGo9rmOY\" width=\"600\" height=\"338\" frameborder=\"0\" marginwidth=\"0\" marginheight=\"0\" scrolling=\"no\"><\/iframe><\/p>\n<p>&nbsp;<\/p>\n<p>&nbsp;<\/p>\n<hr \/>\n<p>&nbsp;<\/p>\n<p>&nbsp;<\/p>\n<blockquote>\n<h2>FANTASTICHE DOLOMITI, NUOVA STAGIONE. APPUNTAMENTO QUINDICINALE IL GIOVEDI ALLE 10.30 E 19.00<\/h2>\n<\/blockquote>\n<h2><span style=\"color: #ff0000;\">PUNTATA NUMERO 12\u00a0 del\u00a0 14 APRILE 2021<\/span><\/h2>\n<p><strong><a href=\"https:\/\/www.radiopiu.net\/wordpress\/raccolta-completa\/121869645_648442942701436_4748562330148520081_n-2\/\" rel=\"attachment wp-att-196402\"><img loading=\"lazy\" decoding=\"async\" class=\"wp-image-196402 alignleft\" src=\"https:\/\/www.radiopiu.net\/wordpress\/wp-content\/uploads\/2021\/02\/121869645_648442942701436_4748562330148520081_n-1-300x169.jpg\" alt=\"\" width=\"160\" height=\"90\" srcset=\"https:\/\/www.radiopiu.net\/wordpress\/wp-content\/uploads\/2021\/02\/121869645_648442942701436_4748562330148520081_n-1-300x169.jpg 300w, https:\/\/www.radiopiu.net\/wordpress\/wp-content\/uploads\/2021\/02\/121869645_648442942701436_4748562330148520081_n-1-1024x576.jpg 1024w, https:\/\/www.radiopiu.net\/wordpress\/wp-content\/uploads\/2021\/02\/121869645_648442942701436_4748562330148520081_n-1-768x432.jpg 768w, https:\/\/www.radiopiu.net\/wordpress\/wp-content\/uploads\/2021\/02\/121869645_648442942701436_4748562330148520081_n-1-1536x864.jpg 1536w, https:\/\/www.radiopiu.net\/wordpress\/wp-content\/uploads\/2021\/02\/121869645_648442942701436_4748562330148520081_n-1.jpg 1707w\" sizes=\"auto, (max-width: 160px) 100vw, 160px\" \/><\/a>OSPITE IL PRESIDENTE CLAUDIO CANOVA<\/strong><\/p>\n<audio class=\"wp-audio-shortcode\" id=\"audio-204759-19\" preload=\"none\" style=\"width: 100%;\" controls=\"controls\"><source type=\"audio\/mpeg\" src=\"https:\/\/www.radiopiu.net\/wordpress\/wp-content\/uploads\/2021\/04\/fantastiche-dolomiti-14-aprile.mp3?_=19\" \/><a href=\"https:\/\/www.radiopiu.net\/wordpress\/wp-content\/uploads\/2021\/04\/fantastiche-dolomiti-14-aprile.mp3\">https:\/\/www.radiopiu.net\/wordpress\/wp-content\/uploads\/2021\/04\/fantastiche-dolomiti-14-aprile.mp3<\/a><\/audio>\n<h3>LA RACCOLTA COMPLETA<\/h3>\n<p>https:\/\/www.radiopiu.net\/wordpress\/raccolta-completa\/<\/p>\n<p>&nbsp;<\/p>\n<p>&nbsp;<\/p>\n<hr \/>\n<p>&nbsp;<\/p>\n<p>&nbsp;<\/p>\n<div>\n<h2><span style=\"color: #ff0000;\">ALLA RADIO<\/span><\/h2>\n<\/div>\n<div>\n<h2><strong>LE\u00a0 PUNTATE di Luisa Alchini di Leggermente Bellunesi, la domenica alle 11, <span style=\"color: #0000ff;\">IL MARTEDI IN PRIMA EDIZIONE\u00a0<\/span> alle 10.30 e alle 19.00<\/strong><\/h2>\n<\/div>\n<p><strong><span style=\"color: #000000;\">RACCOLTA COMPLETA<\/span><\/strong><\/p>\n<div>\n<blockquote class=\"wp-embedded-content\" data-secret=\"XVD0RAMtcj\"><p><a href=\"https:\/\/www.radiopiu.net\/wordpress\/leggermente-20\/\">LEGGERmente&#8230;Bellunesi<\/a><\/p><\/blockquote>\n<p><iframe loading=\"lazy\" class=\"wp-embedded-content\" sandbox=\"allow-scripts\" security=\"restricted\" style=\"position: absolute; clip: rect(1px, 1px, 1px, 1px);\" title=\"&#8220;LEGGERmente&#8230;Bellunesi&#8221; &#8212; Radio Pi\u00f9\" src=\"https:\/\/www.radiopiu.net\/wordpress\/leggermente-20\/embed\/#?secret=XVD0RAMtcj\" data-secret=\"XVD0RAMtcj\" width=\"600\" height=\"338\" frameborder=\"0\" marginwidth=\"0\" marginheight=\"0\" scrolling=\"no\"><\/iframe><\/p>\n<p>&nbsp;<\/p>\n<\/div>\n<div>\n<hr \/>\n<\/div>\n<p>&nbsp;<\/p>\n<h2><strong><span style=\"color: #ff0000;\">\u00a0ALLA RADIO<\/span><\/strong><\/h2>\n<div data-offset-key=\"5n5nl-0-0\">\n<h3>Per ricevere gli aggiornamenti in tempo reale delle notizie pubblicate alla radio e sul sito di radio pi\u00f9 iscriviti al gruppo RADIO PIU INFORMAZIONE su Telegram.\u00a0\u00a0<a href=\"https:\/\/t.me\/radiopiu\">clicca qui<\/a><\/h3>\n<p>&nbsp;<\/p>\n<p><strong><a class=\"dt-pswp-item\" href=\"https:\/\/www.radiopiu.net\/wordpress\/wp-content\/uploads\/2020\/01\/logo-csa.jpg\" data-dt-img-description=\"\" data-large_image_width=\"1167\" data-large_image_height=\"574\"><img loading=\"lazy\" decoding=\"async\" class=\"wp-image-113364 alignleft\" src=\"https:\/\/www.radiopiu.net\/wordpress\/wp-content\/uploads\/2020\/01\/logo-csa-300x148.jpg\" alt=\"\" width=\"182\" height=\"90\" srcset=\"https:\/\/www.radiopiu.net\/wordpress\/wp-content\/uploads\/2020\/01\/logo-csa-300x148.jpg 300w, https:\/\/www.radiopiu.net\/wordpress\/wp-content\/uploads\/2020\/01\/logo-csa-1024x504.jpg 1024w, https:\/\/www.radiopiu.net\/wordpress\/wp-content\/uploads\/2020\/01\/logo-csa-768x378.jpg 768w, https:\/\/www.radiopiu.net\/wordpress\/wp-content\/uploads\/2020\/01\/logo-csa.jpg 1167w\" sizes=\"auto, (max-width: 182px) 100vw, 182px\" \/><\/a>AGORDO<\/strong> Appuntahttps:\/\/www.radiopiu.net\/wordpress\/erbe-e-piante-curative-il-mandorlo\/mento mensile (primo venerdi del mese) con lo speciale condotto da Claudio<\/p>\n<p>Fontanive, in studio Fabrizio Campedel e Paolo Chissal\u00e8.<\/p>\n<\/div>\n<p><strong>PUNTATA DI APRILE<\/strong><\/p>\n<blockquote><audio class=\"wp-audio-shortcode\" id=\"audio-204759-20\" preload=\"none\" style=\"width: 100%;\" controls=\"controls\"><source type=\"audio\/mpeg\" src=\"https:\/\/www.radiopiu.net\/wordpress\/wp-content\/uploads\/2021\/04\/ca-sol-lux-aprile-2021.mp3?_=20\" \/><a href=\"https:\/\/www.radiopiu.net\/wordpress\/wp-content\/uploads\/2021\/04\/ca-sol-lux-aprile-2021.mp3\">https:\/\/www.radiopiu.net\/wordpress\/wp-content\/uploads\/2021\/04\/ca-sol-lux-aprile-2021.mp3<\/a><\/audio>\n<h2>RACCOLTA COMPLETA<\/h2>\n<\/blockquote>\n<blockquote class=\"wp-embedded-content\" data-secret=\"9rmVkKNfZE\"><p><a href=\"https:\/\/www.radiopiu.net\/wordpress\/cassa-solidarieta-luxottica-puntata-del-16-ottobre-2020\/\">CASSA SOLIDARIET\u00c0 LUXOTTICA &#8211; PUNTATA DEL 20 NOVEMBRE 2020<\/a><\/p><\/blockquote>\n<p><iframe loading=\"lazy\" class=\"wp-embedded-content\" sandbox=\"allow-scripts\" security=\"restricted\" style=\"position: absolute; clip: rect(1px, 1px, 1px, 1px);\" title=\"&#8220;CASSA SOLIDARIET\u00c0 LUXOTTICA &#8211; PUNTATA DEL 20 NOVEMBRE 2020&#8221; &#8212; Radio Pi\u00f9\" src=\"https:\/\/www.radiopiu.net\/wordpress\/cassa-solidarieta-luxottica-puntata-del-16-ottobre-2020\/embed\/#?secret=9rmVkKNfZE\" data-secret=\"9rmVkKNfZE\" width=\"600\" height=\"338\" frameborder=\"0\" marginwidth=\"0\" marginheight=\"0\" scrolling=\"no\"><\/iframe><\/p>\n<div><\/div>\n<p>&nbsp;<\/p>\n<p>&nbsp;<\/p>\n<hr \/>\n<blockquote>\n<h3><a style=\"font-size: 14px; font-weight: normal;\" href=\"https:\/\/www.radiopiu.net\/wordpress\/giornale-radiopiu-06-febbraio-2019-direttore-mirko-mezzacasa\/logo_spi-cgil-800x445\/\" rel=\"attachment wp-att-75538\"><img loading=\"lazy\" decoding=\"async\" class=\"wp-image-75538 alignleft\" src=\"https:\/\/www.radiopiu.net\/wordpress\/wp-content\/uploads\/2019\/02\/Logo_Spi-CGIL-800x445-300x167.jpg\" alt=\"\" width=\"210\" height=\"117\" srcset=\"https:\/\/www.radiopiu.net\/wordpress\/wp-content\/uploads\/2019\/02\/Logo_Spi-CGIL-800x445-300x167.jpg 300w, https:\/\/www.radiopiu.net\/wordpress\/wp-content\/uploads\/2019\/02\/Logo_Spi-CGIL-800x445-768x427.jpg 768w, https:\/\/www.radiopiu.net\/wordpress\/wp-content\/uploads\/2019\/02\/Logo_Spi-CGIL-800x445.jpg 800w\" sizes=\"auto, (max-width: 210px) 100vw, 210px\" \/><\/a><\/h3>\n<\/blockquote>\n<blockquote>\n<h3>ALLA RADIO, APPUNTAMENTO QUINDICINALE CON SPI-CGIL BELLUNO, IN STUDIO MARIA RITA GENTILIN<\/h3>\n<\/blockquote>\n<p><strong>di Claudio Fontanive\u00a0<\/strong><\/p>\n<p><span style=\"color: #ff0000;\"><strong>PUNTATA DEL 15 APRILE 2021<\/strong><\/span><\/p>\n<audio class=\"wp-audio-shortcode\" id=\"audio-204759-21\" preload=\"none\" style=\"width: 100%;\" controls=\"controls\"><source type=\"audio\/mpeg\" src=\"https:\/\/www.radiopiu.net\/wordpress\/wp-content\/uploads\/2021\/04\/spi-cgil-15-aprile.mp3?_=21\" \/><a href=\"https:\/\/www.radiopiu.net\/wordpress\/wp-content\/uploads\/2021\/04\/spi-cgil-15-aprile.mp3\">https:\/\/www.radiopiu.net\/wordpress\/wp-content\/uploads\/2021\/04\/spi-cgil-15-aprile.mp3<\/a><\/audio>\n<p>&nbsp;<\/p>\n<hr \/>\n<h2><span style=\"color: #ff0000;\">\u00a0<\/span><\/h2>\n<h3><\/h3>\n<blockquote class=\"wp-embedded-content\" data-secret=\"sNMBlEaA8B\"><p><a href=\"https:\/\/www.radiopiu.net\/wordpress\/ep-center-video-gallery\/\">EP CENTER video gallery<\/a><\/p><\/blockquote>\n<p><iframe loading=\"lazy\" class=\"wp-embedded-content\" sandbox=\"allow-scripts\" security=\"restricted\" style=\"position: absolute; clip: rect(1px, 1px, 1px, 1px);\" title=\"&#8220;EP CENTER video gallery&#8221; &#8212; Radio Pi\u00f9\" src=\"https:\/\/www.radiopiu.net\/wordpress\/ep-center-video-gallery\/embed\/#?secret=sNMBlEaA8B\" data-secret=\"sNMBlEaA8B\" width=\"600\" height=\"338\" frameborder=\"0\" marginwidth=\"0\" marginheight=\"0\" scrolling=\"no\"><\/iframe><\/p>\n<p>&nbsp;<\/p>\n<p>&nbsp;<\/p>\n<hr \/>\n<p>\u200b<\/p>\n<p>&nbsp;<\/p>\n<p><a href=\"https:\/\/www.radiopiu.net\/wordpress\/giornale-radiopiu-26-settembre-2018-direttore-mirko-mezzacasa\/viabilita-2\/\" rel=\"attachment wp-att-61954\"><img loading=\"lazy\" decoding=\"async\" class=\"wp-image-61954 size-full aligncenter\" src=\"https:\/\/www.radiopiu.net\/wordpress\/wp-content\/uploads\/2018\/09\/viabilita.jpeg\" alt=\"\" width=\"800\" height=\"100\" srcset=\"https:\/\/www.radiopiu.net\/wordpress\/wp-content\/uploads\/2018\/09\/viabilita.jpeg 800w, https:\/\/www.radiopiu.net\/wordpress\/wp-content\/uploads\/2018\/09\/viabilita-300x38.jpeg 300w, https:\/\/www.radiopiu.net\/wordpress\/wp-content\/uploads\/2018\/09\/viabilita-768x96.jpeg 768w\" sizes=\"auto, (max-width: 800px) 100vw, 800px\" \/><\/a><\/p>\n<blockquote><p><a href=\"https:\/\/www.radiopiu.net\/wordpress\/giornale-radiopiu-09-agosto-2018-direttore-mirko-mezzacasa\/viabilia\/\" rel=\"attachment wp-att-57053\"><img loading=\"lazy\" decoding=\"async\" class=\" wp-image-57053 alignleft\" src=\"https:\/\/www.radiopiu.net\/wordpress\/wp-content\/uploads\/2018\/08\/VIABILIA-300x180.jpeg\" alt=\"\" width=\"123\" height=\"74\" srcset=\"https:\/\/www.radiopiu.net\/wordpress\/wp-content\/uploads\/2018\/08\/VIABILIA-300x180.jpeg 300w, https:\/\/www.radiopiu.net\/wordpress\/wp-content\/uploads\/2018\/08\/VIABILIA-768x461.jpeg 768w, https:\/\/www.radiopiu.net\/wordpress\/wp-content\/uploads\/2018\/08\/VIABILIA-1024x614.jpeg 1024w, https:\/\/www.radiopiu.net\/wordpress\/wp-content\/uploads\/2018\/08\/VIABILIA.jpeg 1280w\" sizes=\"auto, (max-width: 123px) 100vw, 123px\" \/><\/a>La viabilit\u00e0 con gli ultimi aggiornamenti da Veneto Strade.<\/p>\n<p><span style=\"color: #ff0000;\"><strong>in onda alla radio: 4.05, 6.18, 14.30, 18.30, 23.2\u00a0<\/strong><\/span><\/p><\/blockquote>\n<blockquote><audio class=\"wp-audio-shortcode\" id=\"audio-204759-22\" preload=\"none\" style=\"width: 100%;\" controls=\"controls\"><source type=\"audio\/mpeg\" src=\"https:\/\/www.radiopiu.net\/wordpress\/wp-content\/uploads\/2021\/04\/VIABILITA-1.mp3?_=22\" \/><a href=\"https:\/\/www.radiopiu.net\/wordpress\/wp-content\/uploads\/2021\/04\/VIABILITA-1.mp3\">https:\/\/www.radiopiu.net\/wordpress\/wp-content\/uploads\/2021\/04\/VIABILITA-1.mp3<\/a><\/audio>\n<p>&nbsp;<\/p>\n<p>&nbsp;<\/p><\/blockquote>\n<hr \/>\n<p>&nbsp;<\/p>\n<div dir=\"auto\">\n<div>\n<p class=\"photoswipe-wrapper\"><a class=\"dt-pswp-item pspw-wrap-ready\" href=\"https:\/\/i0.wp.com\/www.radiopiu.net\/wordpress\/wp-content\/uploads\/2018\/09\/WhatsApp-Image-2018-09-20-at-16.04.06.jpeg?ssl=1\" data-dt-img-description=\"\" data-large_image_width=\"800\" data-large_image_height=\"100\"><img loading=\"lazy\" decoding=\"async\" class=\"aligncenter wp-image-61378 size-full jetpack-lazy-image jetpack-lazy-image--handled\" src=\"https:\/\/i0.wp.com\/www.radiopiu.net\/wordpress\/wp-content\/uploads\/2018\/09\/WhatsApp-Image-2018-09-20-at-16.04.06.jpeg?resize=800%2C100&amp;ssl=1\" sizes=\"auto, (max-width: 800px) 100vw, 800px\" srcset=\"https:\/\/i0.wp.com\/www.radiopiu.net\/wordpress\/wp-content\/uploads\/2018\/09\/WhatsApp-Image-2018-09-20-at-16.04.06.jpeg?w=800&amp;ssl=1 800w, https:\/\/i0.wp.com\/www.radiopiu.net\/wordpress\/wp-content\/uploads\/2018\/09\/WhatsApp-Image-2018-09-20-at-16.04.06.jpeg?resize=300%2C38&amp;ssl=1 300w, https:\/\/i0.wp.com\/www.radiopiu.net\/wordpress\/wp-content\/uploads\/2018\/09\/WhatsApp-Image-2018-09-20-at-16.04.06.jpeg?resize=768%2C96&amp;ssl=1 768w\" alt=\"\" width=\"800\" height=\"100\" data-lazy-loaded=\"1\" \/><\/a><\/p>\n<\/div>\n<div><\/div>\n<p><center><b>Giovedi 22<\/b><\/center><b>Tempo atteso: <\/b>Al mattino, dopo diradamento di temporanei annuvolamenti mattutini per stratocumuli, in prevalenza soleggiato. Al pomeriggio, come nei giorni scorsi, riduzione del soleggiamento per annuvolamenti irregolari, anche cumuliformi e associati a qualche precipitazione convettiva. Il contesto termico sar\u00e0 meno fresco al mattino e si profiler\u00e0 una relativa mitezza in giornata, specie nei settori pi\u00f9 assolati.<br \/>\n<b>Precipitazioni: <\/b>Al mattino assenti (0%). Al pomeriggio, come nei giorni precedenti, probabilit\u00e0 di qualche piovasco, ma saranno pi\u00f9 sporadici e di minore entit\u00e0 (30\/50%) e su molti settori non piover\u00e0 affatto. Limite neve a 2000\/2100 m. Sono previsti apporti di 0-5 mm, con altrettanti cm di neve sopra i 2200 m.<br \/>\n<b>Temperature: <\/b>In generale aumento a tutte le quote. Sono previste punte di 15\/17\u00b0C nei fondovalle prealpini e di 10\/13\u00b0C a 1000\/1200 m. Su Prealpi a 1500 m min 1\u00b0C max 7\u00b0C, a 2000 m min 0\u00b0C max 3\u00b0C. Su Dolomiti a 2000 m min -1\u00b0C max 4\u00b0C, a 3000 m min -8\u00b0C max -5\u00b0C.<br \/>\n<b>Venti: <\/b>Nelle valli deboli\/moderati a regime di brezza, localmente e a tratti moderati nei settori solitamente pi\u00f9 ventilati; in quota deboli da nord-ovest, in rinforzo fino a moderati in serata sulle cime pi\u00f9 alte, a 5-10 km\/h a 2000 m e 5-15 km\/h a 3000 m.<\/p>\n<hr \/>\n<p><center><b>Venerdi 23<\/b><\/center><b>Tempo atteso: <\/b>Tempo ben soleggiato con cielo generalmente sereno, salvo modesti cumuli pomeridiani, specie sulle Prealpi, dove la nuvolosit\u00e0 cumuliforme potr\u00e0 essere moderata e dare luogo a residui fenomeni convettivi. Alla sera non esclusa la formazione di nubi basse su alcuni settori prealpini. Ritorno di condizioni termiche primaverili nei fondovalle durante il giorno.<br \/>\n<b>Precipitazioni: <\/b>Assenti (0%), salvo isolati piovaschi sulle Prealpi occidentali (10\/20).<br \/>\n<b>Temperature: <\/b>In generale ulteriore aumento, eccetto calo delle minime in alcune valli. Su Prealpi a 1500 m min 2\u00b0C max 9\u00b0C, a 2000 m min 1\u00b0C max 5\u00b0C. Su Dolomiti a 2000 m min 0\u00b0C max 5\u00b0C, a 3000 m min -6\u00b0C max -4\u00b0C.<br \/>\n<b>Venti: <\/b>Nelle valli deboli per brezze, a tratti moderati nei settori solitamente pi\u00f9 ventilati; in quota deboli\/moderati da nord-ovest, a 5-10 km\/h a 2000 m e 10-20 km\/h a 3000 m.<\/p>\n<hr \/>\n<p><center><b>Sabato 24<\/b><\/center>Tempo ben soleggiato con cielo generalmente sereno, salvo presenza di stratocumuli mattutini su alcuni settori prealpini, in rapido disssolvimento, e di modesti cumuli pomeridiani a ridosso delle cime, sempre sulle Prealpi. Temperature in generale ulteriore aumento, salvo locali flessioni delle minime nelle valli. Venti deboli per brezze nelle valli, a tratti moderati nei settori solitamente pi\u00f9 ventilati; in quota moderati da nord-ovest.<\/p>\n<hr \/>\n<p><center><b>Domenica 25<\/b><\/center>Tempo da soleggiato a parzialmente soleggiato per il temporaneo transito di sottili nubi alte in grado di velare a tratti il cielo. Nelle ore pi\u00f9 calde probabile presenza di modesti cumuli a ridosso delle cime. Temperature in generale ulteriore aumento. Venti deboli per brezze nelle valli, a tratti moderati nei settori solitamente pi\u00f9 ventilati; in quota perlopi\u00f9 deboli da nord-ovest. Previsore: R.L.Th.<\/p>\n<p>&nbsp;<\/p>\n<p>&nbsp;<\/p>\n<hr \/>\n<p>&nbsp;<\/p>\n<\/div>\n<p><a href=\"https:\/\/www.radiopiu.net\/wordpress\/giornale-radiopiu-15-settembre-2018-direttore-mirko-mezzacasa\/sport-7\/\" rel=\"attachment wp-att-60761\"><img loading=\"lazy\" decoding=\"async\" class=\"wp-image-60761 size-full aligncenter\" src=\"https:\/\/www.radiopiu.net\/wordpress\/wp-content\/uploads\/2018\/09\/sport.jpg\" alt=\"\" width=\"800\" height=\"100\" srcset=\"https:\/\/www.radiopiu.net\/wordpress\/wp-content\/uploads\/2018\/09\/sport.jpg 800w, https:\/\/www.radiopiu.net\/wordpress\/wp-content\/uploads\/2018\/09\/sport-300x38.jpg 300w, https:\/\/www.radiopiu.net\/wordpress\/wp-content\/uploads\/2018\/09\/sport-768x96.jpg 768w\" sizes=\"auto, (max-width: 800px) 100vw, 800px\" \/><\/a><\/p>\n<p>&nbsp;<\/p>\n<blockquote>\n<h3>FULVIO SCOLA E&#8217; IL NUOVO ALLENATORE DELLA NAZIONALE A DI SCI DI FONDO<\/h3>\n<\/blockquote>\n<p><a href=\"https:\/\/www.radiopiu.net\/wordpress\/fulvio-scola-e-il-nuovo-allenatore-della-nazionale-a-di-sci-di-fondo\/fulvio-scola-2\/\" rel=\"attachment wp-att-204917\"><img loading=\"lazy\" decoding=\"async\" class=\"size-medium wp-image-204917 alignleft\" src=\"https:\/\/www.radiopiu.net\/wordpress\/wp-content\/uploads\/2021\/04\/FULVIO-SCOLA-300x199.jpg\" alt=\"\" width=\"300\" height=\"199\" srcset=\"https:\/\/www.radiopiu.net\/wordpress\/wp-content\/uploads\/2021\/04\/FULVIO-SCOLA-300x199.jpg 300w, https:\/\/www.radiopiu.net\/wordpress\/wp-content\/uploads\/2021\/04\/FULVIO-SCOLA-1024x680.jpg 1024w, https:\/\/www.radiopiu.net\/wordpress\/wp-content\/uploads\/2021\/04\/FULVIO-SCOLA-768x510.jpg 768w, https:\/\/www.radiopiu.net\/wordpress\/wp-content\/uploads\/2021\/04\/FULVIO-SCOLA-1536x1020.jpg 1536w, https:\/\/www.radiopiu.net\/wordpress\/wp-content\/uploads\/2021\/04\/FULVIO-SCOLA.jpg 2048w\" sizes=\"auto, (max-width: 300px) 100vw, 300px\" \/><\/a>Il fondo italiano cambia faccia, in vista della stagione olimpica. Alfred Stauder, gi\u00e0 tecnico giovanile nella passata stagione, assume la direzione agonistica delle Nazionali. Capo allenatore della squadra A maschile sar\u00e0 Fulvio Scola, per tanti anni\u00a0 atleta punto di riferimento della squadre del comitato Veneto.<\/p>\n<p><strong>AI MICROFONI DI RADIO PIU&#8217; FULVIO SCOLA<\/strong><\/p>\n<audio class=\"wp-audio-shortcode\" id=\"audio-204759-23\" preload=\"none\" style=\"width: 100%;\" controls=\"controls\"><source type=\"audio\/mpeg\" src=\"https:\/\/www.radiopiu.net\/wordpress\/wp-content\/uploads\/2021\/04\/FULVIO-SCOLA-NAZIONALE.mp3?_=23\" \/><a href=\"https:\/\/www.radiopiu.net\/wordpress\/wp-content\/uploads\/2021\/04\/FULVIO-SCOLA-NAZIONALE.mp3\">https:\/\/www.radiopiu.net\/wordpress\/wp-content\/uploads\/2021\/04\/FULVIO-SCOLA-NAZIONALE.mp3<\/a><\/audio>\n<p><strong>FULVIO SCOLA <\/strong>Nato il 10 dicembre 1982 \u00e8 originario di\u00a0Falcade<sup id=\"cite_ref-fisi_1-0\" class=\"reference\"><\/sup>, ha debuttato in campo internazionale ai\u00a0Mondiali juniores del 2001\u00a0a\u00a0Karpacz\/Szklarska Por\u0119ba, senza ottenere risultati di rilievo. In\u00a0Coppa del Mondo\u00a0ha esordito il 7 dicembre 2003 nella sprint a squadre a\u00a0tecnica libera\u00a0di\u00a0Dobbiaco\u00a0(14\u00b0) e ha ottenuto il primo podio il 4 dicembre 2010 nella sprint a tecnica libera di\u00a0D\u00fcsseldorf (2\u00b0). In carriera ha partecipato a tre edizioni dei\u00a0Campionati mondiali\u00a0(8\u00b0 nella sprint di\u00a0Liberec 2009\u00a0il miglior risultato).<\/p>\n<p>&nbsp;<\/p>\n<p>&nbsp;<\/p>\n<hr \/>\n<p>&nbsp;<\/p>\n<blockquote>\n<h3>SABATO IL VOLLEY CLUB AGORDINO INIZIA LA COPPA ITALIA CON LA PRIMA SQUADRA<\/h3>\n<\/blockquote>\n<p class=\"p1\"><strong><a href=\"https:\/\/www.radiopiu.net\/wordpress\/ancora-una-sconfitta-per-lunder-16-del-volley-agordino\/pallone-volley\/\" rel=\"attachment wp-att-64709\"><img loading=\"lazy\" decoding=\"async\" class=\" wp-image-64709 alignleft\" src=\"https:\/\/www.radiopiu.net\/wordpress\/wp-content\/uploads\/2018\/10\/PALLONE-VOLLEY-300x203.jpg\" alt=\"\" width=\"272\" height=\"184\" srcset=\"https:\/\/www.radiopiu.net\/wordpress\/wp-content\/uploads\/2018\/10\/PALLONE-VOLLEY-300x203.jpg 300w, https:\/\/www.radiopiu.net\/wordpress\/wp-content\/uploads\/2018\/10\/PALLONE-VOLLEY.jpg 696w\" sizes=\"auto, (max-width: 272px) 100vw, 272px\" \/><\/a>AGORDO<\/strong> Oltre alle squadre giovanili, il Volley Club Agordino inizier\u00e0 la stagione anche con la prima squadra. La federazione ha infatti organizzato il Torneo di Coppa Italia di Seconda Divisione e la squadra di Agordo \u00e8 stata inserita nel girone A assieme ad altre 4 formazioni: Santa Giustina, Birreria Pedavena Agordina, Conegliano e Semplifica. Il torneo inizier\u00e0 sabato prossimo con le prime due sfide ma le ragazze agordine scenderanno in campo per l\u2019esordio mercoled\u00ec 27 aprile con la trasferta a Sospirolo contro il Semplifica. Sono 5 le giornate in programma per il primo turno con l\u2019ultima sfida in programma il 19 maggio. Quindi una sola andata per poi decretare quale sar\u00e0 la squadra che acceder\u00e0 al turno successivo.<\/p>\n<p>&nbsp;<\/p>\n<p>&nbsp;<\/p>\n<hr \/>\n<p>&nbsp;<\/p>\n<blockquote>\n<h3>IL GIRO D&#8217;ITALIA UNDER 23 IN PROVINCIA DI BELLUNO. LA NONA TAPPA CON ARRIVO SUL NEVEGAL<\/h3>\n<\/blockquote>\n<p><strong><a href=\"https:\/\/www.radiopiu.net\/wordpress\/il-giro-ditalia-under-23-in-provincia-di-belluno-la-nona-tappa-con-arrivo-sul-nevegal\/giro-italia-under-23\/\" rel=\"attachment wp-att-204904\"><img loading=\"lazy\" decoding=\"async\" class=\" wp-image-204904 alignleft\" src=\"https:\/\/www.radiopiu.net\/wordpress\/wp-content\/uploads\/2021\/04\/giro-italia-under-23-300x300.jpg\" alt=\"\" width=\"145\" height=\"145\" srcset=\"https:\/\/www.radiopiu.net\/wordpress\/wp-content\/uploads\/2021\/04\/giro-italia-under-23-300x300.jpg 300w, https:\/\/www.radiopiu.net\/wordpress\/wp-content\/uploads\/2021\/04\/giro-italia-under-23-1024x1024.jpg 1024w, https:\/\/www.radiopiu.net\/wordpress\/wp-content\/uploads\/2021\/04\/giro-italia-under-23-150x150.jpg 150w, https:\/\/www.radiopiu.net\/wordpress\/wp-content\/uploads\/2021\/04\/giro-italia-under-23-768x768.jpg 768w, https:\/\/www.radiopiu.net\/wordpress\/wp-content\/uploads\/2021\/04\/giro-italia-under-23.jpg 1307w\" sizes=\"auto, (max-width: 145px) 100vw, 145px\" \/><\/a>CESENATICO <\/strong>\u00c8 stata presentata a Cesenatico l&#8217;edizione 2021 del Giro D&#8217;Italia Under 23. Saranno 10 le tappe della manifestazione che toccheranno 5 regioni tra cui anche il Veneto e pi\u00f9 precisamente la provincia di Belluno. Sono 176 gli atleti iscritti e arrivano 14 paesi differenti. In programma dal 3 al 12 giugno, le prime 5 tappe saranno in Emilia Romagna, i ciclisti poi passeranno per Lombardia, Trentino, Friuli Venezia Giulia e Veneto. La data da segnare sul calendario \u00e8 quella di venerd\u00ec 11 giugno, penultima tappa del giro. Gli atleti partiranno da Cavalese per arrivare in provincia di Belluno, pi\u00f9 precisamente a Pian Longhi sul Nevegal dopo 167 km e 3100 metri di dislivello. \u00c8 stata definita la tappa regina di questa edizione 2021.<\/p>\n<p>&nbsp;<\/p>\n<blockquote>\n<h2>AL VIA IL 36esimo RALLY BELLUNESE, TRA UN MESE L&#8217;EVENTO, DOMANI VIA ALLE ISCRIZIONI<\/h2>\n<\/blockquote>\n<p>&nbsp;<\/p>\n<p><strong><img loading=\"lazy\" decoding=\"async\" class=\"alignleft\" src=\"https:\/\/www.radiopiu.net\/wordpress\/wp-content\/uploads\/2021\/04\/Foto-cs7-scaled.jpg\" width=\"215\" height=\"135\" \/>BELLUNO<\/strong><\/p>\n<p><strong>DI ROBERTO BONA<\/strong><\/p>\n<audio class=\"wp-audio-shortcode\" id=\"audio-204759-24\" preload=\"none\" style=\"width: 100%;\" controls=\"controls\"><source type=\"audio\/mpeg\" src=\"https:\/\/www.radiopiu.net\/wordpress\/wp-content\/uploads\/2021\/04\/ROBERTO-BONA.mp3?_=24\" \/><a href=\"https:\/\/www.radiopiu.net\/wordpress\/wp-content\/uploads\/2021\/04\/ROBERTO-BONA.mp3\">https:\/\/www.radiopiu.net\/wordpress\/wp-content\/uploads\/2021\/04\/ROBERTO-BONA.mp3<\/a><\/audio>\n<h2><\/h2>\n<h2>Ed il 2\/3 ottobre il Dolomiti Rally&#8230;<\/h2>\n<p><a class=\"dt-pswp-item\" href=\"https:\/\/www.radiopiu.net\/wordpress\/wp-content\/uploads\/2021\/04\/988c0bc7-c836-4fab-b347-710c747906c0.jpg\" data-dt-img-description=\"\" data-large_image_width=\"589\" data-large_image_height=\"397\"><img loading=\"lazy\" decoding=\"async\" class=\"alignnone size-medium wp-image-205023\" src=\"https:\/\/www.radiopiu.net\/wordpress\/wp-content\/uploads\/2021\/04\/988c0bc7-c836-4fab-b347-710c747906c0-300x202.jpg\" alt=\"\" width=\"300\" height=\"202\" srcset=\"https:\/\/www.radiopiu.net\/wordpress\/wp-content\/uploads\/2021\/04\/988c0bc7-c836-4fab-b347-710c747906c0-300x202.jpg 300w, https:\/\/www.radiopiu.net\/wordpress\/wp-content\/uploads\/2021\/04\/988c0bc7-c836-4fab-b347-710c747906c0.jpg 589w\" sizes=\"auto, (max-width: 300px) 100vw, 300px\" \/><\/a><\/p>\n","protected":false},"excerpt":{"rendered":"<p>PER RICEVERE QUESTO NOTIZIARIO DIRETTAMENTE SUL TUO CELLULARE ISCRIVITI AL CANALE TELEGRAM \u201cRADIO PIU\u00a0 INFORMAZIONE&#8221;\u00a0 &nbsp; &nbsp; La foto dal Rifugio Flora Alpina di Harald De Pellegrini con sua Maest\u00e0 l&#8217;Agner &nbsp; &nbsp; &nbsp; RADIO PIU&#8217;&#8230; SEMPRE PIU&#8217; VOCE DAL TERRITORIO QUESTA SERA\u00a0 ALLE 20.30 IL TRENO NELL&#8217;AGORDINO. PRESENTAZIONE DEL PROGETTO, MOTIVAZIONI E SPERANZE PER&hellip;<\/p>\n","protected":false},"author":4,"featured_media":204881,"comment_status":"closed","ping_status":"closed","sticky":false,"template":"","format":"standard","meta":{"_monsterinsights_skip_tracking":false,"_monsterinsights_sitenote_active":false,"_monsterinsights_sitenote_note":"","_monsterinsights_sitenote_category":0,"footnotes":""},"categories":[1,51,86,49],"tags":[],"class_list":["post-204759","post","type-post","status-publish","format-standard","has-post-thumbnail","hentry","category-senza-categoria","category-evidenza-top","category-gr","category-news-18","category-1","category-51","category-86","category-49","description-off"],"img_url":"https:\/\/www.radiopiu.net\/wordpress\/wp-content\/uploads\/2021\/04\/1a40c204-aea8-4c40-a69b-f644d72d285e.jpg","_links":{"self":[{"href":"https:\/\/www.radiopiu.net\/wordpress\/wp-json\/wp\/v2\/posts\/204759","targetHints":{"allow":["GET"]}}],"collection":[{"href":"https:\/\/www.radiopiu.net\/wordpress\/wp-json\/wp\/v2\/posts"}],"about":[{"href":"https:\/\/www.radiopiu.net\/wordpress\/wp-json\/wp\/v2\/types\/post"}],"author":[{"embeddable":true,"href":"https:\/\/www.radiopiu.net\/wordpress\/wp-json\/wp\/v2\/users\/4"}],"replies":[{"embeddable":true,"href":"https:\/\/www.radiopiu.net\/wordpress\/wp-json\/wp\/v2\/comments?post=204759"}],"version-history":[{"count":0,"href":"https:\/\/www.radiopiu.net\/wordpress\/wp-json\/wp\/v2\/posts\/204759\/revisions"}],"wp:featuredmedia":[{"embeddable":true,"href":"https:\/\/www.radiopiu.net\/wordpress\/wp-json\/wp\/v2\/media\/204881"}],"wp:attachment":[{"href":"https:\/\/www.radiopiu.net\/wordpress\/wp-json\/wp\/v2\/media?parent=204759"}],"wp:term":[{"taxonomy":"category","embeddable":true,"href":"https:\/\/www.radiopiu.net\/wordpress\/wp-json\/wp\/v2\/categories?post=204759"},{"taxonomy":"post_tag","embeddable":true,"href":"https:\/\/www.radiopiu.net\/wordpress\/wp-json\/wp\/v2\/tags?post=204759"}],"curies":[{"name":"wp","href":"https:\/\/api.w.org\/{rel}","templated":true}]}}