{"id":204899,"date":"2021-04-21T17:34:52","date_gmt":"2021-04-21T15:34:52","guid":{"rendered":"https:\/\/www.radiopiu.net\/wordpress\/?p=204899"},"modified":"2021-04-21T17:34:53","modified_gmt":"2021-04-21T15:34:53","slug":"il-giro-ditalia-under-23-in-provincia-di-belluno-la-nona-tappa-con-arrivo-sul-nevegal","status":"publish","type":"post","link":"https:\/\/www.radiopiu.net\/wordpress\/il-giro-ditalia-under-23-in-provincia-di-belluno-la-nona-tappa-con-arrivo-sul-nevegal\/","title":{"rendered":"IL GIRO D&#8217;ITALIA UNDER 23 IN PROVINCIA DI BELLUNO. LA NONA TAPPA CON ARRIVO SUL NEVEGAL"},"content":{"rendered":"<p><strong><a href=\"https:\/\/www.radiopiu.net\/wordpress\/il-giro-ditalia-under-23-in-provincia-di-belluno-la-nona-tappa-con-arrivo-sul-nevegal\/giro-italia-under-23\/\" rel=\"attachment wp-att-204904\"><img loading=\"lazy\" decoding=\"async\" class=\" wp-image-204904 alignleft\" src=\"https:\/\/www.radiopiu.net\/wordpress\/wp-content\/uploads\/2021\/04\/giro-italia-under-23-300x300.jpg\" alt=\"\" width=\"145\" height=\"145\" srcset=\"https:\/\/www.radiopiu.net\/wordpress\/wp-content\/uploads\/2021\/04\/giro-italia-under-23-300x300.jpg 300w, https:\/\/www.radiopiu.net\/wordpress\/wp-content\/uploads\/2021\/04\/giro-italia-under-23-1024x1024.jpg 1024w, https:\/\/www.radiopiu.net\/wordpress\/wp-content\/uploads\/2021\/04\/giro-italia-under-23-150x150.jpg 150w, https:\/\/www.radiopiu.net\/wordpress\/wp-content\/uploads\/2021\/04\/giro-italia-under-23-768x768.jpg 768w, https:\/\/www.radiopiu.net\/wordpress\/wp-content\/uploads\/2021\/04\/giro-italia-under-23.jpg 1307w\" sizes=\"auto, (max-width: 145px) 100vw, 145px\" \/><\/a>CESENATICO <\/strong>\u00c8 stata presentata a Cesenatico l&#8217;edizione 2021 del Giro D&#8217;Italia Under 23. Saranno 10 le tappe della manifestazione che toccheranno 5 regioni tra cui anche il Veneto e pi\u00f9 precisamente la provincia di Belluno. Sono 176 gli atleti iscritti e arrivano 14 paesi differenti. In programma dal 3 al 12 giugno, le prime 5 tappe saranno in Emilia Romagna, i ciclisti poi passeranno per Lombardia, Trentino, Friuli Venezia Giulia e Veneto. La data da segnare sul calendario \u00e8 quella di venerd\u00ec 11 giugno, penultima tappa del giro. Gli atleti partiranno da Cavalese per arrivare in provincia di Belluno, pi\u00f9 precisamente a Pian Longhi sul Nevegal dopo 167 km e 3100 metri di dislivello. \u00c8 stata definita la tappa regina di questa edizione 2021.<\/p>\n","protected":false},"excerpt":{"rendered":"<p>CESENATICO \u00c8 stata presentata a Cesenatico l&#8217;edizione 2021 del Giro D&#8217;Italia Under 23. Saranno 10 le tappe della manifestazione che toccheranno 5 regioni tra cui anche il Veneto e pi\u00f9 precisamente la provincia di Belluno. Sono 176 gli atleti iscritti e arrivano 14 paesi differenti. In programma dal 3 al 12 giugno, le prime 5&hellip;<\/p>\n","protected":false},"author":4,"featured_media":204904,"comment_status":"closed","ping_status":"closed","sticky":false,"template":"","format":"standard","meta":{"_monsterinsights_skip_tracking":false,"_monsterinsights_sitenote_active":false,"_monsterinsights_sitenote_note":"","_monsterinsights_sitenote_category":0,"footnotes":""},"categories":[49,72],"tags":[],"class_list":["post-204899","post","type-post","status-publish","format-standard","has-post-thumbnail","hentry","category-news-18","category-sport","category-49","category-72","description-off"],"img_url":"https:\/\/www.radiopiu.net\/wordpress\/wp-content\/uploads\/2021\/04\/giro-italia-under-23.jpg","_links":{"self":[{"href":"https:\/\/www.radiopiu.net\/wordpress\/wp-json\/wp\/v2\/posts\/204899","targetHints":{"allow":["GET"]}}],"collection":[{"href":"https:\/\/www.radiopiu.net\/wordpress\/wp-json\/wp\/v2\/posts"}],"about":[{"href":"https:\/\/www.radiopiu.net\/wordpress\/wp-json\/wp\/v2\/types\/post"}],"author":[{"embeddable":true,"href":"https:\/\/www.radiopiu.net\/wordpress\/wp-json\/wp\/v2\/users\/4"}],"replies":[{"embeddable":true,"href":"https:\/\/www.radiopiu.net\/wordpress\/wp-json\/wp\/v2\/comments?post=204899"}],"version-history":[{"count":0,"href":"https:\/\/www.radiopiu.net\/wordpress\/wp-json\/wp\/v2\/posts\/204899\/revisions"}],"wp:featuredmedia":[{"embeddable":true,"href":"https:\/\/www.radiopiu.net\/wordpress\/wp-json\/wp\/v2\/media\/204904"}],"wp:attachment":[{"href":"https:\/\/www.radiopiu.net\/wordpress\/wp-json\/wp\/v2\/media?parent=204899"}],"wp:term":[{"taxonomy":"category","embeddable":true,"href":"https:\/\/www.radiopiu.net\/wordpress\/wp-json\/wp\/v2\/categories?post=204899"},{"taxonomy":"post_tag","embeddable":true,"href":"https:\/\/www.radiopiu.net\/wordpress\/wp-json\/wp\/v2\/tags?post=204899"}],"curies":[{"name":"wp","href":"https:\/\/api.w.org\/{rel}","templated":true}]}}