{"id":204924,"date":"2021-04-21T05:53:06","date_gmt":"2021-04-21T03:53:06","guid":{"rendered":"https:\/\/www.radiopiu.net\/wordpress\/?p=204924"},"modified":"2021-04-22T05:56:59","modified_gmt":"2021-04-22T03:56:59","slug":"covid-in-provincia-un-decesso-e-33-nuovi-positivi-nelle-ultime-24-ore","status":"publish","type":"post","link":"https:\/\/www.radiopiu.net\/wordpress\/covid-in-provincia-un-decesso-e-33-nuovi-positivi-nelle-ultime-24-ore\/","title":{"rendered":"COVID IN PROVINCIA: UN DECESSO E 33 NUOVI POSITIVI NELLE ULTIME 24 ORE"},"content":{"rendered":"<p><strong>BELLUNO <\/strong>Nelle ultime\u00a0 24 ore\u00a0 \u00e8 deceduta una donna covid positiva di anni 72 ricoverata in Rianimazione Covid a Belluno. Sono 33 i nuovi positivi in provincia, gli attualmente positivi 696.<\/p>\n<p><strong>Ricoveri\u00a0<\/strong><\/p>\n<p><em>(dato alle ore 17.00 fonte: Azienda Zero)<\/em><\/p>\n<p>Le persone attualmente POSITIVE ricoverate negli ospedali dell\u2019Ulss Dolomiti sono:<\/p>\n<table>\n<tbody>\n<tr>\n<td width=\"217\"><strong>\u00a0<\/strong><\/td>\n<td width=\"217\"><strong>Area NON CRITICA<\/strong><\/td>\n<td width=\"217\"><strong>Terapia Intensiva<\/strong><\/td>\n<\/tr>\n<tr>\n<td width=\"217\"><strong>Ospedale di Belluno <\/strong><\/td>\n<td width=\"217\">17<\/td>\n<td width=\"217\">5<\/td>\n<\/tr>\n<tr>\n<td width=\"217\"><strong>Ospedale di Feltre<\/strong><\/td>\n<td width=\"217\">15<\/td>\n<td width=\"217\">3<\/td>\n<\/tr>\n<\/tbody>\n<\/table>\n<p>&nbsp;<\/p>\n<p>Le persone attualmente POSITIVE ricoverate in Ospedale di Comunit\u00e0 sono:<\/p>\n<table>\n<tbody>\n<tr>\n<td width=\"326\"><strong>\u00a0<\/strong><\/td>\n<td width=\"326\"><strong>pazienti attualmente positivi<\/strong><\/td>\n<\/tr>\n<tr>\n<td width=\"326\"><strong>Ospedale di Comunit\u00e0 di BELLUNO<\/strong><\/td>\n<td width=\"326\">9<\/td>\n<\/tr>\n<tr>\n<td width=\"326\"><strong>Ospedale di Comunit\u00e0 di FELTRE<\/strong><\/td>\n<td width=\"326\">5<\/td>\n<\/tr>\n<\/tbody>\n<\/table>\n<p>&nbsp;<\/p>\n<p>Ad oggi sono state somministrate in Ulss Dolomiti oltre 69 mila dosi di vaccino anti Covid. Nella giornata odierna sono state eseguite oltre 1500 seconde dosi nei drive in di Belluno, Paludi, Feltre e Agordo. In mattinata sono stati attivati 650 posti prenotabili dal portale per la vaccinazione di persone tra 70 e 79 anni, in aggiunta ai 300 posti attivati ieri sera e subito esauriti. Anche questa ulteriore disponibilit\u00e0 \u00e8 in via di completamento. Alla luce di ci\u00f2, stasera saranno inseriti ulteriori 600 posti per 70-79 anni prenotabili dal sito\u00a0<a href=\"http:\/\/www.aulss1.veneto.it\/\">www.aulss1.veneto.it <\/a>Rimane attiva nel portale la prenotazione per la vaccinazione di: over 80, estremamente vulnerabili (come da tabelle ministeriali), disabili gravi Legge 104 art. 3 comma 3. Ulteriori posti saranno attivati in base alle disponibilit\u00e0 di vaccino nei prossimi giorni.<\/p>\n","protected":false},"excerpt":{"rendered":"<p>BELLUNO Nelle ultime\u00a0 24 ore\u00a0 \u00e8 deceduta una donna covid positiva di anni 72 ricoverata in Rianimazione Covid a Belluno. Sono 33 i nuovi positivi in provincia, gli attualmente positivi 696. Ricoveri\u00a0 (dato alle ore 17.00 fonte: Azienda Zero) Le persone attualmente POSITIVE ricoverate negli ospedali dell\u2019Ulss Dolomiti sono: \u00a0 Area NON CRITICA Terapia Intensiva&hellip;<\/p>\n","protected":false},"author":4,"featured_media":121260,"comment_status":"closed","ping_status":"closed","sticky":false,"template":"","format":"standard","meta":{"_monsterinsights_skip_tracking":false,"_monsterinsights_sitenote_active":false,"_monsterinsights_sitenote_note":"","_monsterinsights_sitenote_category":0,"footnotes":""},"categories":[51,49],"tags":[],"class_list":["post-204924","post","type-post","status-publish","format-standard","has-post-thumbnail","hentry","category-evidenza-top","category-news-18","category-51","category-49","description-off"],"img_url":"https:\/\/www.radiopiu.net\/wordpress\/wp-content\/uploads\/2020\/03\/covid-ulss.jpg","_links":{"self":[{"href":"https:\/\/www.radiopiu.net\/wordpress\/wp-json\/wp\/v2\/posts\/204924","targetHints":{"allow":["GET"]}}],"collection":[{"href":"https:\/\/www.radiopiu.net\/wordpress\/wp-json\/wp\/v2\/posts"}],"about":[{"href":"https:\/\/www.radiopiu.net\/wordpress\/wp-json\/wp\/v2\/types\/post"}],"author":[{"embeddable":true,"href":"https:\/\/www.radiopiu.net\/wordpress\/wp-json\/wp\/v2\/users\/4"}],"replies":[{"embeddable":true,"href":"https:\/\/www.radiopiu.net\/wordpress\/wp-json\/wp\/v2\/comments?post=204924"}],"version-history":[{"count":0,"href":"https:\/\/www.radiopiu.net\/wordpress\/wp-json\/wp\/v2\/posts\/204924\/revisions"}],"wp:featuredmedia":[{"embeddable":true,"href":"https:\/\/www.radiopiu.net\/wordpress\/wp-json\/wp\/v2\/media\/121260"}],"wp:attachment":[{"href":"https:\/\/www.radiopiu.net\/wordpress\/wp-json\/wp\/v2\/media?parent=204924"}],"wp:term":[{"taxonomy":"category","embeddable":true,"href":"https:\/\/www.radiopiu.net\/wordpress\/wp-json\/wp\/v2\/categories?post=204924"},{"taxonomy":"post_tag","embeddable":true,"href":"https:\/\/www.radiopiu.net\/wordpress\/wp-json\/wp\/v2\/tags?post=204924"}],"curies":[{"name":"wp","href":"https:\/\/api.w.org\/{rel}","templated":true}]}}