{"id":204933,"date":"2021-04-21T23:59:30","date_gmt":"2021-04-21T21:59:30","guid":{"rendered":"https:\/\/www.radiopiu.net\/wordpress\/?p=204933"},"modified":"2021-04-21T20:39:01","modified_gmt":"2021-04-21T18:39:01","slug":"belluno-il-ponte-degli-alpini-con-due-monumenti-ed-il-cappello","status":"publish","type":"post","link":"https:\/\/www.radiopiu.net\/wordpress\/belluno-il-ponte-degli-alpini-con-due-monumenti-ed-il-cappello\/","title":{"rendered":"BELLUNO. IL PONTE DEGLI ALPINI CON DUE MONUMENTI ED IL CAPPELLO"},"content":{"rendered":"<p><strong>di Renato Bona<\/strong><\/p>\n<p>Mezzo secolo! Tanto \u00e8 il tempo trascorso da quell\u2019anno 1971 in cui a Belluno veniva aperto al traffico il ponte che collega le due sponde del torrente Ardo. Il manufatto, come \u00e8 sinteticamente spiegato nel sito belluno-turismo ha reso possibile al traffico di non intasare il centro citt\u00e0. Lungo circa trecento metri ed alto sui 37, \u00e8 stato sottoposto a restauri a quarant\u2019anni dalla inaugurazione delle due statue di Franco Fiabane (purtroppo scomparso), volute dalla civica amministrazione all\u2019epoca guidata dal sindaco dott. Piero Zanchetta, in considerazione del fatto che il ponte era stato dedicato ed intitolato agli Alpini la cui Sezione \u00e8 documentata il 20 giugno 1921, primo presidente il magg. Dazio De Faveri (cos\u00ec battezzato dal padre esattore del dazio appunto) che la condusse sino al 31 dicembre 1936. Il gagliardetto sezionale venne inaugurato l\u2019anno dopo, il 15 ottobre 1922, durante la cerimonia per il 50. anniversario della fondazione del Corpo degli Alpini, alla Caserma Salsa, sede del Settimo. Il gagliardetto fu benedetto dal cappellano degli Alpini del 7\u00b0 don Piero Zangrando, madrina la marchesa Rosalia Pianavia Vivaldi. Ricordiamo, con il sito dell\u2019Ana bellunese, che all\u2019epoca, nella giurisdizione della provincia, risultava iscritta all\u2019Ana, la sola Sezione di Belluno con i due Gruppi di Calalzo di Cadore e di Forno di Canale. Quest\u2019anno 2021 doveva essere quello della celebrazione del centenario della Sezione Ana di Belluno (il 50. fu ricordato al Nevegal con un raduno e una gara di staffetta alpina sul percorso Col Faverghera-Col Visentin denominata \u201cUn fiore al Visentin\u201d. Per l\u2019occasione il consiglio della Sezione si fece anche promotore del dono di una carrozzella elettronica ad un disabile. Proprio a ricordo di quell\u2019importante traguardo il comune di Belluno concesse l\u2019intitolazione del nuovo Ponte sull\u2019Ardo \u201cPonte degli Alpini\u201d e nel 1972 agli ingressi del manufatto furono poste \u2013 e scoperte da Zanchetta &#8211; le due statue di Fiabane, il cui disegno originale \u00e8 riprodotto anche sul grest de\u2019\u2019Ana. Dicevamo del centenario delle penne nere della Citt\u00e0 del Piave: il presidente sezionale, Lino De Pr\u00e0 in una intervista recentemente concessa a Stefano De Barba de Il Corriere delle Alpi, commentando il rinvio dell\u2019assemblea del centenario dei 240 delegati rappresentanti dei 44 Gruppi Ana attivi ( 6 mila 389 iscritti compresi gli oltre 600 volontari della protezione civile che hanno garantito e garantiscono un prezioso, apprezzato apporto nella difficile situazione che si sta vivendo per l\u2019emergenza sanitaria che si protrae da mesi) ha espresso l\u2019auspicio che possa svolgersi &#8211; pandemia da Covid 19 permettendo &#8211; il 5-6 giugno prossimi con la presenza del labaro nazionale data l\u2019importanza dell\u2019evento. Torniamo sulle statue del Ponte degli Alpini per dire che avrebbero bisogno di essere \u201crinfrescate\u201d nel senso che l\u2019usura del tempo le ha vistosamente annerite: lo stesso Cappello alpino che \u00e8 stato collocato accanto alla statua posta sulla destra all\u2019inizio del viadotto, in direzione di Feltre. necessita di qualche intervento manutentivo. E a proposito di Cappello alpino: Alberto Redaelli nella sua \u201cPiccola Enciclopedia storica degli Alpini\u201d edito nel dicembre 1999 per i tipi della Tipolitografia Queriniana di Brescia, col contributo di Cariverona, rammenta che \u201cIl cappello con la penna caratterizza fgli alpini sin quasi dalla nascita del Corpo. Fu nel marzo del 1873, infatti, che i chep\u00ec della truppa e dei sottufficiali e i berretti degli ufficiali degli alpini furono sostituiti dal primo tipo di cappello con la penna. Era un cappello di feltro nero, con la calotta tronco conica terminante a cupola. Aveva una fascia e un sottogola (poi eliminato) di cuoio nero e tese rialzate ai lati con il bordo coperto da una striscia sottile di cuoio nero. Sul davanti aveva un fregio: una stella a cinque punte di metallo bianco con il numero della compagnia. Sul lato sinistro la truppa e i sottufficiali avevano un gallone a V rovesciato di lana rossa con (sotto) gradi a V rovesciata (rossi per i graduati di truppa e d\u00ec\u2019argento per i sottufficiali). Sullo stesso lato gli ufficiali avevano gradi a V rovesciata d\u2019argento. Sempre sul lato sinistro, fissata dietro una coccarda tricolore semicoperta dalla fascia (al centro della quale era un bottoncino metallico con una croce scannellata;la truppa e i sottufficiali avevano una penna di corvo nera, un poco inclinata, mentre gli ufficiali avevano una penna d\u2019aquila, anch\u2019essa un poco inclinata. Durante le attivit\u00e0 operative, il cappello veniva coperto di tela bianca\u2026\u201d.<\/p>\n\n\t\t\t<style type='text\/css'>\n\t\t\t\t#gallery-1 {\n\t\t\t\t\tmargin: auto;\n\t\t\t\t}\n\t\t\t\t#gallery-1 .gallery-item {\n\t\t\t\t\tfloat: left;\n\t\t\t\t\tmargin-top: 10px;\n\t\t\t\t\ttext-align: center;\n\t\t\t\t\twidth: 20%;\n\t\t\t\t}\n\t\t\t\t#gallery-1 img {\n\t\t\t\t\tborder: 2px solid #cfcfcf;\n\t\t\t\t}\n\t\t\t\t#gallery-1 .gallery-caption {\n\t\t\t\t\tmargin-left: 0;\n\t\t\t\t}\n\t\t\t\t\/* see gallery_shortcode() in wp-includes\/media.php *\/\n\t\t\t<\/style>\n\t\t<div id='gallery-1' class='dt-gallery-container gallery galleryid-204933 gallery-columns-5 gallery-size-thumbnail'><dl class='gallery-item'>\n\t\t\t\t<dt class='gallery-icon portrait'>\n\t\t\t\t\t<a class=\"rollover rollover-zoom dt-pswp-item\" title=\"176001815_1102015640290466_6168876856073182204_n\" data-dt-img-description=\"\" data-large_image_width=\"1920\" data-large_image_height=\"2560\"href='https:\/\/www.radiopiu.net\/wordpress\/wp-content\/uploads\/2021\/04\/176001815_1102015640290466_6168876856073182204_n-scaled.jpg'><img loading=\"lazy\" decoding=\"async\" width=\"150\" height=\"150\" src=\"https:\/\/www.radiopiu.net\/wordpress\/wp-content\/uploads\/2021\/04\/176001815_1102015640290466_6168876856073182204_n-150x150.jpg\" class=\"attachment-thumbnail size-thumbnail\" alt=\"\" \/><\/a>\n\t\t\t\t<\/dt><\/dl><dl class='gallery-item'>\n\t\t\t\t<dt class='gallery-icon landscape'>\n\t\t\t\t\t<a class=\"rollover rollover-zoom dt-pswp-item\" title=\"176604864_150697983580260_1031888359293595687_n\" data-dt-img-description=\"\" data-large_image_width=\"2560\" data-large_image_height=\"1734\"href='https:\/\/www.radiopiu.net\/wordpress\/wp-content\/uploads\/2021\/04\/176604864_150697983580260_1031888359293595687_n-scaled.jpg'><img loading=\"lazy\" decoding=\"async\" width=\"150\" height=\"150\" src=\"https:\/\/www.radiopiu.net\/wordpress\/wp-content\/uploads\/2021\/04\/176604864_150697983580260_1031888359293595687_n-150x150.jpg\" class=\"attachment-thumbnail size-thumbnail\" alt=\"\" \/><\/a>\n\t\t\t\t<\/dt><\/dl><dl class='gallery-item'>\n\t\t\t\t<dt class='gallery-icon landscape'>\n\t\t\t\t\t<a class=\"rollover rollover-zoom dt-pswp-item\" title=\"176168477_1602893106573508_8973083868361069374_n\" data-dt-img-description=\"\" data-large_image_width=\"2560\" data-large_image_height=\"1836\"href='https:\/\/www.radiopiu.net\/wordpress\/wp-content\/uploads\/2021\/04\/176168477_1602893106573508_8973083868361069374_n-scaled.jpg'><img loading=\"lazy\" decoding=\"async\" width=\"150\" height=\"150\" src=\"https:\/\/www.radiopiu.net\/wordpress\/wp-content\/uploads\/2021\/04\/176168477_1602893106573508_8973083868361069374_n-150x150.jpg\" class=\"attachment-thumbnail size-thumbnail\" alt=\"\" \/><\/a>\n\t\t\t\t<\/dt><\/dl><dl class='gallery-item'>\n\t\t\t\t<dt class='gallery-icon portrait'>\n\t\t\t\t\t<a class=\"rollover rollover-zoom dt-pswp-item\" title=\"176209748_186266019876647_4741384999295144686_n\" data-dt-img-description=\"\" data-large_image_width=\"1920\" data-large_image_height=\"2560\"href='https:\/\/www.radiopiu.net\/wordpress\/wp-content\/uploads\/2021\/04\/176209748_186266019876647_4741384999295144686_n-scaled.jpg'><img loading=\"lazy\" decoding=\"async\" width=\"150\" height=\"150\" src=\"https:\/\/www.radiopiu.net\/wordpress\/wp-content\/uploads\/2021\/04\/176209748_186266019876647_4741384999295144686_n-150x150.jpg\" class=\"attachment-thumbnail size-thumbnail\" alt=\"\" \/><\/a>\n\t\t\t\t<\/dt><\/dl><dl class='gallery-item'>\n\t\t\t\t<dt class='gallery-icon landscape'>\n\t\t\t\t\t<a class=\"rollover rollover-zoom dt-pswp-item\" title=\"PONTE ALPINI\" data-dt-img-description=\"\" data-large_image_width=\"2560\" data-large_image_height=\"1920\"href='https:\/\/www.radiopiu.net\/wordpress\/wp-content\/uploads\/2021\/04\/176476225_2480094982135769_994034132956061059_n-scaled.jpg'><img loading=\"lazy\" decoding=\"async\" width=\"150\" height=\"150\" src=\"https:\/\/www.radiopiu.net\/wordpress\/wp-content\/uploads\/2021\/04\/176476225_2480094982135769_994034132956061059_n-150x150.jpg\" class=\"attachment-thumbnail size-thumbnail\" alt=\"\" \/><\/a>\n\t\t\t\t<\/dt><\/dl><br style=\"clear: both\" \/><dl class='gallery-item'>\n\t\t\t\t<dt class='gallery-icon portrait'>\n\t\t\t\t\t<a class=\"rollover rollover-zoom dt-pswp-item\" title=\"176180663_3597132643845626_8061156592112817751_n\" data-dt-img-description=\"\" data-large_image_width=\"1854\" data-large_image_height=\"2560\"href='https:\/\/www.radiopiu.net\/wordpress\/wp-content\/uploads\/2021\/04\/176180663_3597132643845626_8061156592112817751_n-scaled.jpg'><img loading=\"lazy\" decoding=\"async\" width=\"150\" height=\"150\" src=\"https:\/\/www.radiopiu.net\/wordpress\/wp-content\/uploads\/2021\/04\/176180663_3597132643845626_8061156592112817751_n-150x150.jpg\" class=\"attachment-thumbnail size-thumbnail\" alt=\"\" \/><\/a>\n\t\t\t\t<\/dt><\/dl><dl class='gallery-item'>\n\t\t\t\t<dt class='gallery-icon landscape'>\n\t\t\t\t\t<a class=\"rollover rollover-zoom dt-pswp-item\" title=\"176524963_368159631169283_815123961667317499_n\" data-dt-img-description=\"\" data-large_image_width=\"2560\" data-large_image_height=\"1920\"href='https:\/\/www.radiopiu.net\/wordpress\/wp-content\/uploads\/2021\/04\/176524963_368159631169283_815123961667317499_n-scaled.jpg'><img loading=\"lazy\" decoding=\"async\" width=\"150\" height=\"150\" src=\"https:\/\/www.radiopiu.net\/wordpress\/wp-content\/uploads\/2021\/04\/176524963_368159631169283_815123961667317499_n-150x150.jpg\" class=\"attachment-thumbnail size-thumbnail\" alt=\"\" \/><\/a>\n\t\t\t\t<\/dt><\/dl><dl class='gallery-item'>\n\t\t\t\t<dt class='gallery-icon portrait'>\n\t\t\t\t\t<a class=\"rollover rollover-zoom dt-pswp-item\" title=\"176413626_3928223343879628_3281303114940114261_n\" data-dt-img-description=\"\" data-large_image_width=\"1920\" data-large_image_height=\"2560\"href='https:\/\/www.radiopiu.net\/wordpress\/wp-content\/uploads\/2021\/04\/176413626_3928223343879628_3281303114940114261_n-scaled.jpg'><img loading=\"lazy\" decoding=\"async\" width=\"150\" height=\"150\" src=\"https:\/\/www.radiopiu.net\/wordpress\/wp-content\/uploads\/2021\/04\/176413626_3928223343879628_3281303114940114261_n-150x150.jpg\" class=\"attachment-thumbnail size-thumbnail\" alt=\"\" \/><\/a>\n\t\t\t\t<\/dt><\/dl><dl class='gallery-item'>\n\t\t\t\t<dt class='gallery-icon landscape'>\n\t\t\t\t\t<a class=\"rollover rollover-zoom dt-pswp-item\" title=\"176159580_414584052917075_775408335527721478_n\" data-dt-img-description=\"\" data-large_image_width=\"2560\" data-large_image_height=\"1665\"href='https:\/\/www.radiopiu.net\/wordpress\/wp-content\/uploads\/2021\/04\/176159580_414584052917075_775408335527721478_n-scaled.jpg'><img loading=\"lazy\" decoding=\"async\" width=\"150\" height=\"150\" src=\"https:\/\/www.radiopiu.net\/wordpress\/wp-content\/uploads\/2021\/04\/176159580_414584052917075_775408335527721478_n-150x150.jpg\" class=\"attachment-thumbnail size-thumbnail\" alt=\"\" \/><\/a>\n\t\t\t\t<\/dt><\/dl><dl class='gallery-item'>\n\t\t\t\t<dt class='gallery-icon landscape'>\n\t\t\t\t\t<a class=\"rollover rollover-zoom dt-pswp-item\" title=\"176269037_449002303066323_8316980489767724460_n\" data-dt-img-description=\"\" data-large_image_width=\"2560\" data-large_image_height=\"1920\"href='https:\/\/www.radiopiu.net\/wordpress\/wp-content\/uploads\/2021\/04\/176269037_449002303066323_8316980489767724460_n-scaled.jpg'><img loading=\"lazy\" decoding=\"async\" width=\"150\" height=\"150\" src=\"https:\/\/www.radiopiu.net\/wordpress\/wp-content\/uploads\/2021\/04\/176269037_449002303066323_8316980489767724460_n-150x150.jpg\" class=\"attachment-thumbnail size-thumbnail\" alt=\"\" \/><\/a>\n\t\t\t\t<\/dt><\/dl><br style=\"clear: both\" \/><dl class='gallery-item'>\n\t\t\t\t<dt class='gallery-icon landscape'>\n\t\t\t\t\t<a class=\"rollover rollover-zoom dt-pswp-item\" title=\"176035799_451966232739747_3683950210905235653_n\" data-dt-img-description=\"\" data-large_image_width=\"2560\" data-large_image_height=\"1598\"href='https:\/\/www.radiopiu.net\/wordpress\/wp-content\/uploads\/2021\/04\/176035799_451966232739747_3683950210905235653_n-scaled.jpg'><img loading=\"lazy\" decoding=\"async\" width=\"150\" height=\"150\" src=\"https:\/\/www.radiopiu.net\/wordpress\/wp-content\/uploads\/2021\/04\/176035799_451966232739747_3683950210905235653_n-150x150.jpg\" class=\"attachment-thumbnail size-thumbnail\" alt=\"\" \/><\/a>\n\t\t\t\t<\/dt><\/dl><dl class='gallery-item'>\n\t\t\t\t<dt class='gallery-icon portrait'>\n\t\t\t\t\t<a class=\"rollover rollover-zoom dt-pswp-item\" title=\"176120327_492316938790509_7749551556996948946_n\" data-dt-img-description=\"\" data-large_image_width=\"1723\" data-large_image_height=\"2560\"href='https:\/\/www.radiopiu.net\/wordpress\/wp-content\/uploads\/2021\/04\/176120327_492316938790509_7749551556996948946_n-scaled.jpg'><img loading=\"lazy\" decoding=\"async\" width=\"150\" height=\"150\" src=\"https:\/\/www.radiopiu.net\/wordpress\/wp-content\/uploads\/2021\/04\/176120327_492316938790509_7749551556996948946_n-150x150.jpg\" class=\"attachment-thumbnail size-thumbnail\" alt=\"\" \/><\/a>\n\t\t\t\t<\/dt><\/dl><dl class='gallery-item'>\n\t\t\t\t<dt class='gallery-icon portrait'>\n\t\t\t\t\t<a class=\"rollover rollover-zoom dt-pswp-item\" title=\"175921946_500858081273694_3174254151267072367_n\" data-dt-img-description=\"\" data-large_image_width=\"1767\" data-large_image_height=\"2560\"href='https:\/\/www.radiopiu.net\/wordpress\/wp-content\/uploads\/2021\/04\/175921946_500858081273694_3174254151267072367_n-scaled.jpg'><img loading=\"lazy\" decoding=\"async\" width=\"150\" height=\"150\" src=\"https:\/\/www.radiopiu.net\/wordpress\/wp-content\/uploads\/2021\/04\/175921946_500858081273694_3174254151267072367_n-150x150.jpg\" class=\"attachment-thumbnail size-thumbnail\" alt=\"\" \/><\/a>\n\t\t\t\t<\/dt><\/dl><dl class='gallery-item'>\n\t\t\t\t<dt class='gallery-icon portrait'>\n\t\t\t\t\t<a class=\"rollover rollover-zoom dt-pswp-item\" title=\"175974171_514666072877982_2322668978172516231_n\" data-dt-img-description=\"\" data-large_image_width=\"1822\" data-large_image_height=\"1901\"href='https:\/\/www.radiopiu.net\/wordpress\/wp-content\/uploads\/2021\/04\/175974171_514666072877982_2322668978172516231_n.jpg'><img loading=\"lazy\" decoding=\"async\" width=\"150\" height=\"150\" src=\"https:\/\/www.radiopiu.net\/wordpress\/wp-content\/uploads\/2021\/04\/175974171_514666072877982_2322668978172516231_n-150x150.jpg\" class=\"attachment-thumbnail size-thumbnail\" alt=\"\" \/><\/a>\n\t\t\t\t<\/dt><\/dl><dl class='gallery-item'>\n\t\t\t\t<dt class='gallery-icon landscape'>\n\t\t\t\t\t<a class=\"rollover rollover-zoom dt-pswp-item\" title=\"176125041_743317556340920_5037637242703129548_n\" data-dt-img-description=\"\" data-large_image_width=\"2560\" data-large_image_height=\"1681\"href='https:\/\/www.radiopiu.net\/wordpress\/wp-content\/uploads\/2021\/04\/176125041_743317556340920_5037637242703129548_n-scaled.jpg'><img loading=\"lazy\" decoding=\"async\" width=\"150\" height=\"150\" src=\"https:\/\/www.radiopiu.net\/wordpress\/wp-content\/uploads\/2021\/04\/176125041_743317556340920_5037637242703129548_n-150x150.jpg\" class=\"attachment-thumbnail size-thumbnail\" alt=\"\" \/><\/a>\n\t\t\t\t<\/dt><\/dl><br style=\"clear: both\" \/>\n\t\t\t<\/div>\n\n<p>NELLE FOTO (Renato Bona, Corriere delle Alpi, riproduzioni dal libro di Alberto Redaelli: \u201cPiccola enciclopedia storica degli Alpini, riproduzione da \u201cBrigata Alpina Cadore\u201d): il Ponte degli Alpini sul torrente Ardo di Belluno; Ponte degli Alpini e Viale Medaglie d\u2019oro; statua di Franco Fiabane prima del Ponte sull\u2019Ardo; il Cappello alpino che affianca una delle statue; la base della statua con la dedica del viadotto; la seconda statua all\u2019altezza della rotonda di La Cerva; la copertina del libro di Redaelli; il presidente della sezione Ana di Belluno, Lino De Pr\u00e0; il comandante col. Gandolfo riceve la bandiera del 7. Alpini; il col. Barberis primo comandante del 6. Artiglieria da montagna, con la bandiera del Reggimento; Alpini sciatori sui monti del Cadore; Alpini sul Gran Paradiso nei primi del Novecento; estate 1942: sorridenti, in partenza per la Russia; ufficiali del battaglione Vicenza, primo a sinistra \u00e8 Cesare Battisti; insostituibile e preziosissima l\u2019attivit\u00e0 delle penne nere dopo la sciagura del Vajont del 9 ottobre 1963.<\/p>\n","protected":false},"excerpt":{"rendered":"<p>di Renato Bona Mezzo secolo! Tanto \u00e8 il tempo trascorso da quell\u2019anno 1971 in cui a Belluno veniva aperto al traffico il ponte che collega le due sponde del torrente Ardo. Il manufatto, come \u00e8 sinteticamente spiegato nel sito belluno-turismo ha reso possibile al traffico di non intasare il centro citt\u00e0. Lungo circa trecento metri&hellip;<\/p>\n","protected":false},"author":4,"featured_media":204949,"comment_status":"closed","ping_status":"closed","sticky":false,"template":"","format":"standard","meta":{"_monsterinsights_skip_tracking":false,"_monsterinsights_sitenote_active":false,"_monsterinsights_sitenote_note":"","_monsterinsights_sitenote_category":0,"footnotes":""},"categories":[49],"tags":[],"class_list":["post-204933","post","type-post","status-publish","format-standard","has-post-thumbnail","hentry","category-news-18","category-49","description-off"],"img_url":"https:\/\/www.radiopiu.net\/wordpress\/wp-content\/uploads\/2021\/04\/176476225_2480094982135769_994034132956061059_n-scaled.jpg","_links":{"self":[{"href":"https:\/\/www.radiopiu.net\/wordpress\/wp-json\/wp\/v2\/posts\/204933","targetHints":{"allow":["GET"]}}],"collection":[{"href":"https:\/\/www.radiopiu.net\/wordpress\/wp-json\/wp\/v2\/posts"}],"about":[{"href":"https:\/\/www.radiopiu.net\/wordpress\/wp-json\/wp\/v2\/types\/post"}],"author":[{"embeddable":true,"href":"https:\/\/www.radiopiu.net\/wordpress\/wp-json\/wp\/v2\/users\/4"}],"replies":[{"embeddable":true,"href":"https:\/\/www.radiopiu.net\/wordpress\/wp-json\/wp\/v2\/comments?post=204933"}],"version-history":[{"count":0,"href":"https:\/\/www.radiopiu.net\/wordpress\/wp-json\/wp\/v2\/posts\/204933\/revisions"}],"wp:featuredmedia":[{"embeddable":true,"href":"https:\/\/www.radiopiu.net\/wordpress\/wp-json\/wp\/v2\/media\/204949"}],"wp:attachment":[{"href":"https:\/\/www.radiopiu.net\/wordpress\/wp-json\/wp\/v2\/media?parent=204933"}],"wp:term":[{"taxonomy":"category","embeddable":true,"href":"https:\/\/www.radiopiu.net\/wordpress\/wp-json\/wp\/v2\/categories?post=204933"},{"taxonomy":"post_tag","embeddable":true,"href":"https:\/\/www.radiopiu.net\/wordpress\/wp-json\/wp\/v2\/tags?post=204933"}],"curies":[{"name":"wp","href":"https:\/\/api.w.org\/{rel}","templated":true}]}}