{"id":204962,"date":"2021-04-23T06:00:28","date_gmt":"2021-04-23T04:00:28","guid":{"rendered":"https:\/\/www.radiopiu.net\/wordpress\/?p=204962"},"modified":"2021-04-23T08:17:37","modified_gmt":"2021-04-23T06:17:37","slug":"giornale-radiopiu-23-aprile-2021-direttore-mirko-mezzacasa","status":"publish","type":"post","link":"https:\/\/www.radiopiu.net\/wordpress\/giornale-radiopiu-23-aprile-2021-direttore-mirko-mezzacasa\/","title":{"rendered":"GIORNALE RADIOPIU 23 APRILE 2021 DIRETTORE MIRKO MEZZACASA"},"content":{"rendered":"<h3>PER<strong> RICEVERE QUESTO NOTIZIARIO DIRETTAMENTE SUL TUO CELLULARE ISCRIVITI AL CANALE TELEGRAM <\/strong><strong>\u201cRADIO PIU\u00a0 INFORMAZIONE&#8221;\u00a0<\/strong><\/h3>\n<p>&nbsp;<\/p>\n<p>&nbsp;<\/p>\n<hr \/>\n<p>&nbsp;<\/p>\n<blockquote>\n<h2><span style=\"color: #ff0000;\">RADIO PIU&#8217;&#8230; SEMPRE PIU&#8217; VOCE DAL TERRITORIO<\/span><\/h2>\n<h2><span style=\"color: #ff0000;\">DOMANI ALLE 17.30 DIRETTA RADIO DALLA PISCINA COMPRENSORIALE DI AGORDO CON ATTIVAMENTE AGORDINO CON I PROTAGONISTI DELLA RIPARTENZA<\/span><\/h2>\n<h2><span style=\"color: #ff0000;\">RADIO PIU, UNA CORAZZATA DI NOTIZIE&#8230;. immagina non ci fosse.<\/span><\/h2>\n<\/blockquote>\n<h2><\/h2>\n<hr \/>\n<p>&nbsp;<\/p>\n<h2 dir=\"auto\"><a href=\"https:\/\/www.radiopiu.net\/wordpress\/giornale-radiopiu-07-aprile-2021-direttore-mirko-mezzacasa\/youtube\/\" rel=\"attachment wp-att-201738\"><img loading=\"lazy\" decoding=\"async\" class=\"wp-image-201738 alignleft\" src=\"https:\/\/www.radiopiu.net\/wordpress\/wp-content\/uploads\/2021\/04\/YOUTUBE-300x300.png\" alt=\"\" width=\"143\" height=\"143\" srcset=\"https:\/\/www.radiopiu.net\/wordpress\/wp-content\/uploads\/2021\/04\/YOUTUBE-300x300.png 300w, https:\/\/www.radiopiu.net\/wordpress\/wp-content\/uploads\/2021\/04\/YOUTUBE-1024x1024.png 1024w, https:\/\/www.radiopiu.net\/wordpress\/wp-content\/uploads\/2021\/04\/YOUTUBE-150x150.png 150w, https:\/\/www.radiopiu.net\/wordpress\/wp-content\/uploads\/2021\/04\/YOUTUBE-768x768.png 768w, https:\/\/www.radiopiu.net\/wordpress\/wp-content\/uploads\/2021\/04\/YOUTUBE.png 1200w\" sizes=\"auto, (max-width: 143px) 100vw, 143px\" \/><\/a><\/h2>\n<p>&nbsp;<\/p>\n<h2 dir=\"auto\">RADIO PIU&#8217; ANCHE SU YOUTUBE. ISCRIVITI AL CANALE PER SEGUIRE LE DIRETTE E GUARDARE I VIDEO DI RADIO PIU&#8217;<\/h2>\n<h2 dir=\"auto\"><a href=\"https:\/\/www.youtube.com\/channel\/UC_sv6_pySrogmrRK354wWOw\">CLICCA QUI<\/a> E PREMI SUL PULSANTE &#8220;ISCRIVITI&#8221;<\/h2>\n<p>&nbsp;<\/p>\n<p>&nbsp;<\/p>\n<hr \/>\n<p>&nbsp;<\/p>\n<p><em><a href=\"https:\/\/www.radiopiu.net\/wordpress\/giornale-radiopiu-24-gennaio-2021-direttore-mirko-mezzacasa\/79216601_126817312416448_708980208774483089_n\/\" rel=\"attachment wp-att-186567\"><img loading=\"lazy\" decoding=\"async\" class=\"size-medium wp-image-186567 alignleft\" src=\"https:\/\/www.radiopiu.net\/wordpress\/wp-content\/uploads\/2021\/01\/79216601_126817312416448_708980208774483089_n-300x114.jpg\" alt=\"\" width=\"300\" height=\"114\" srcset=\"https:\/\/www.radiopiu.net\/wordpress\/wp-content\/uploads\/2021\/01\/79216601_126817312416448_708980208774483089_n-300x114.jpg 300w, https:\/\/www.radiopiu.net\/wordpress\/wp-content\/uploads\/2021\/01\/79216601_126817312416448_708980208774483089_n-768x292.jpg 768w, https:\/\/www.radiopiu.net\/wordpress\/wp-content\/uploads\/2021\/01\/79216601_126817312416448_708980208774483089_n.jpg 820w\" sizes=\"auto, (max-width: 300px) 100vw, 300px\" \/><\/a> <\/em><\/p>\n<p><em><span style=\"color: #ff0000;\">\u00a0<\/span><\/em><em><span style=\"color: #ff0000;\">LA NUOVA APP PER IOS-IPHONE di Nicola Vettorello <\/span><\/em><a href=\"https:\/\/apps.apple.com\/it\/app\/radio-pi%C3%B9-emittente-agordina\/id1515939845\">https:\/\/apps.apple.com\/it\/app\/radio-pi%C3%B9-emittente-agordina\/id1515939845<\/a><\/p>\n<p><em style=\"color: #ff0000;\">ATTENZIONE: LA NUOVA APP RADIO\u00a0 PER ANDROID di Nicola Vettorello<\/em><\/p>\n<p><a href=\"https:\/\/play.google.com\/store\/apps\/details?id=net.radiopiu.iniko\" target=\"_blank\" rel=\"noopener noreferrer\">https:\/\/play.google.com\/store\/apps\/details?id=net.radiopiu.iniko<\/a><\/p>\n<p>&nbsp;<\/p>\n<p>&nbsp;<\/p>\n<p>&nbsp;<\/p>\n<hr \/>\n<p>&nbsp;<\/p>\n<blockquote>\n<h3>VENETO IN ARANCIONE<\/h3>\n<\/blockquote>\n<p><strong>VENEZIA<\/strong><em> Il Veneto in zona arancione. Di seguito il vademecum sulla zona arancione.<\/em><\/p>\n<h3><a href=\"https:\/\/www.radiopiu.net\/wordpress\/giornale-radiopiu-03-aprile-2021-direttore-mirko-mezzacasa\/b3f36804-16e9-4406-b10b-f7963a753f82\/\" rel=\"attachment wp-att-201000\"><img loading=\"lazy\" decoding=\"async\" class=\"aligncenter wp-image-201000 size-full\" src=\"https:\/\/www.radiopiu.net\/wordpress\/wp-content\/uploads\/2021\/04\/b3f36804-16e9-4406-b10b-f7963a753f82.jpg\" alt=\"\" width=\"1024\" height=\"616\" srcset=\"https:\/\/www.radiopiu.net\/wordpress\/wp-content\/uploads\/2021\/04\/b3f36804-16e9-4406-b10b-f7963a753f82.jpg 1024w, https:\/\/www.radiopiu.net\/wordpress\/wp-content\/uploads\/2021\/04\/b3f36804-16e9-4406-b10b-f7963a753f82-300x180.jpg 300w, https:\/\/www.radiopiu.net\/wordpress\/wp-content\/uploads\/2021\/04\/b3f36804-16e9-4406-b10b-f7963a753f82-768x462.jpg 768w\" sizes=\"auto, (max-width: 1024px) 100vw, 1024px\" \/><\/a><\/h3>\n<p>&nbsp;<\/p>\n<p><strong>PER GLI SPOSTAMENTI FUORI COMUNE (SOTTO I 5000 ABITANTI) OBBLIGO DI AUTOCERTIFICAZIONE CHE PUOI <a href=\"https:\/\/www.radiopiu.net\/wordpress\/veneto-in-rosso-il-bianco-sardegna-lontano-lo-dice-lincide-rt\/dpcm-autocertificazione-gennaio-2021\/\">SCARICARE QUI<\/a><\/strong><\/p>\n<p>&nbsp;<\/p>\n<p>&nbsp;<\/p>\n<hr \/>\n<p>&nbsp;<\/p>\n<div>\n<blockquote>\n<h3 class=\"page-title-head hgroup\">EX PROVINCIALE TAIBON-AGORDO, STRADA CHIUSA FINO AL 31 MAGGIO<\/h3>\n<\/blockquote>\n<p><strong>TAIBON<\/strong>\u00a0Cantiere aperto tra Taibon, Taier e Brugnach sulla strada di campagna, (ex Sp 34): fino al 31 maggio la strada rester\u00e0 chiusa da\u00a0 via Col di Lana (sabati, domeniche e festivi inclusi).<\/p>\n<p>&nbsp;<\/p>\n<p>&nbsp;<\/p>\n<hr \/>\n<\/div>\n<p>&nbsp;<\/p>\n<div class=\"page-title-head hgroup\" style=\"text-align: left;\"><span style=\"color: #ff0000;\">PROVINCIALE 347 DURAN CEREDA, DA IERI ALLE 14 TRANSITO REGOLARE NON PIU&#8217; A FASCE ORARIE\u00a0<\/span><\/div>\n<div><\/div>\n<p><strong>SP 3 VAL IMPERINA <\/strong>Fino al 30 aprile (sabato e domenica esclusi) interdizione alla viabilit\u00e0 per lavori di esbosco schianti a fasce orari. Chiusure: dalle 8 alle 9.45; dalle 10 alle 12; dalle 13.45 alle 15.50; dalle 16.10 alle 17.30. Nei periodi non interessati dalla chiusura senso unico alternato con movieri.<img loading=\"lazy\" decoding=\"async\" class=\"wp-image-198719 alignleft\" src=\"https:\/\/www.radiopiu.net\/wordpress\/wp-content\/uploads\/2021\/03\/d1cefc45-a8f4-432d-b66b-ba03ea140813-300x142.jpg\" alt=\"\" width=\"188\" height=\"89\" srcset=\"https:\/\/www.radiopiu.net\/wordpress\/wp-content\/uploads\/2021\/03\/d1cefc45-a8f4-432d-b66b-ba03ea140813-300x142.jpg 300w, https:\/\/www.radiopiu.net\/wordpress\/wp-content\/uploads\/2021\/03\/d1cefc45-a8f4-432d-b66b-ba03ea140813-1024x485.jpg 1024w, https:\/\/www.radiopiu.net\/wordpress\/wp-content\/uploads\/2021\/03\/d1cefc45-a8f4-432d-b66b-ba03ea140813-768x364.jpg 768w, https:\/\/www.radiopiu.net\/wordpress\/wp-content\/uploads\/2021\/03\/d1cefc45-a8f4-432d-b66b-ba03ea140813-1536x728.jpg 1536w, https:\/\/www.radiopiu.net\/wordpress\/wp-content\/uploads\/2021\/03\/d1cefc45-a8f4-432d-b66b-ba03ea140813.jpg 1599w\" sizes=\"auto, (max-width: 188px) 100vw, 188px\" \/><\/p>\n<p><b>\u00a0<\/b><strong>PROVINCIALE 10 DI ALANO, LOC. LE SORGENTI<\/strong> interruzione totale alla viabilit\u00e0 fino al 19 maggio, dalle 8 alle 12 e dalle 13 alle 18, esclusi sabato e domenica<\/p>\n<p><strong>SP 473 CROCE D&#8217;AUNE<\/strong> localit\u00e0 Pedavena, dalle 9 alle 16 del 27 aprile interdizione totale al traffico, deviazione per via Trento<\/p>\n<p><strong>STATALE 50 CHIUSA PER LAVORI ALLA CICLABILE<\/strong>\u00a0 fino al\u00a0 25 aprile con deviazioni ben segnalate.<\/p>\n<p><strong>SOVERZENE<\/strong> senso unico alternato regolato\u00a0 da\u00a0 impianto\u00a0 semaforico sulla\u00a0 strada\u00a0 Soverzene &#8211; Provagna\u00a0 in\u00a0 Comune\u00a0 di\u00a0 Soverzene,\u00a0 dalla\u00a0 localit\u00e0\u00a0 Cima\u00a0 Campo fino\u00a0 al\u00a0 bivio\u00a0 con\u00a0 gli\u00a0 impianti\u00a0 sportivi<\/p>\n<p><strong>LA VALLE AGORDINA:<\/strong> Prorogata fino al 21 maggio la chiusura di un tratto di viabilit\u00e0 comunale in via Fades, a La Valle, per consentire i lavori di rifacimento dell&#8217;acquedotto e dei collegamenti con le abitazioni. Il divieto di transito riguarda il tratto dal civico 1 al civico 25, compreso il ponte sul torrente Missiaga.<\/p>\n<p>&nbsp;<\/p>\n<hr \/>\n<p>&nbsp;<\/p>\n<p><strong><a href=\"https:\/\/www.radiopiu.net\/wordpress\/acqua-di-nuovo-potabile-a-gosaldo\/bicchiere-acqua\/\" rel=\"attachment wp-att-197762\"><img loading=\"lazy\" decoding=\"async\" class=\" wp-image-197762 alignleft\" src=\"https:\/\/www.radiopiu.net\/wordpress\/wp-content\/uploads\/2021\/03\/BICCHIERE-ACQUA-300x200.jpg\" alt=\"\" width=\"159\" height=\"106\" srcset=\"https:\/\/www.radiopiu.net\/wordpress\/wp-content\/uploads\/2021\/03\/BICCHIERE-ACQUA-300x200.jpg 300w, https:\/\/www.radiopiu.net\/wordpress\/wp-content\/uploads\/2021\/03\/BICCHIERE-ACQUA-1024x683.jpg 1024w, https:\/\/www.radiopiu.net\/wordpress\/wp-content\/uploads\/2021\/03\/BICCHIERE-ACQUA-768x512.jpg 768w, https:\/\/www.radiopiu.net\/wordpress\/wp-content\/uploads\/2021\/03\/BICCHIERE-ACQUA-1536x1024.jpg 1536w, https:\/\/www.radiopiu.net\/wordpress\/wp-content\/uploads\/2021\/03\/BICCHIERE-ACQUA.jpg 1920w\" sizes=\"auto, (max-width: 159px) 100vw, 159px\" \/><\/a><\/strong><strong>ROCCA PIETORE nelle LOCALITA\u2019 VAL, DAGAI, DAVARE, LE COSTE, RONCH\u00a0 l\u2019acqua erogata dall\u2019acquedotto non \u00e8 potabile e pu\u00f2 essere usata per scopi alimentari SOLO PREVIA bollitura.<\/strong><\/p>\n<p>&nbsp;<\/p>\n<p>&nbsp;<\/p>\n<p>&nbsp;<\/p>\n<hr \/>\n<p>&nbsp;<\/p>\n<h3><a href=\"https:\/\/www.radiopiu.net\/wordpress\/giornale-radio-piu-edizione-del-23-dicembre-2017-direttore-mirko-mezzacasa\/enel-tecnici-in-cabina\/\" rel=\"attachment wp-att-40338\"><img loading=\"lazy\" decoding=\"async\" class=\"wp-image-40338 alignleft\" src=\"https:\/\/www.radiopiu.net\/wordpress\/wp-content\/uploads\/2017\/12\/Enel-Tecnici-in-cabina-300x200.jpg\" alt=\"\" width=\"96\" height=\"64\" \/><\/a>INTERRUZIONI ENEL PROGRAMMATE<\/h3>\n<p><strong>RIVAMONTE<\/strong> oggi dalle 8 alle 13 in Via Valchesina<\/p>\n<p>&nbsp;<\/p>\n<p>&nbsp;<\/p>\n<hr \/>\n<blockquote><p>&nbsp;<\/p>\n<p><span style=\"color: #ff0000;\"><strong>IL DECRETO, LE INCONGRUENZE, FORMULE MISTE PER LA SCUOLA<\/strong><\/span><\/p><\/blockquote>\n<p><strong>AVANTI, IN ORDINE SPARSO CON IDEE ANCORA NON MOLTO CHIARE E BEN POCHE CERTEZZE MENTRE IL TESSUTO ECONOMICO REGREDISCE GIORNO DOPO GIORNO. POLITICI INCAPACI DI TROVARE LE INTESE, SALE LA TENSIONE TRA IL GOVERNO CENTRALE E LE REGIONI UNITE<\/strong><\/p>\n<blockquote><p><em><strong>ITALCAOS<\/strong>\u00a0Nelle aule del Veneto ci sono un migliaio di focolai covid attivi, 1409 gli studenti positivi, 141 gli operatori scolastici, in isolamento 18mila persone. Per la riapertura delle scuole in presenza prevista per il 26 aprile la Regione punta al 70% per le scuole superiori con doppi turni, il problema principale rimane quello dei trasporti (capienza 50%) con la chiamata in causa di bus turistici dei privati.<\/em> <em>Per il Veneto si prospetterebbe una soluzione con solo le prime e le quinte in classe, gli altri al 50%<\/em><\/p><\/blockquote>\n<p>Governo e Regioni ai ferri corti, per Zaia serve buon senso e il Decreto va cambiato. Pi\u00f9 duro Fedriga dal Friuli critico nei confronti del Premier Draghi che non rispetta gli accordi. Il Ministro Gelmini prova la via delle aperture promettendo &#8220;tagliandi&#8221; periodici (praticamente quello che succede da un anno e mezzo, quindi quale sia la novit\u00e0 non \u00e8 molto chiaro), 15 maggio prima verifica per spostare il coprifuoco alle 24, quindi ancora una volta il Paese sar\u00e0 la palestra sperimentale delle politica asservita agli scenziati del momento.<\/p>\n<blockquote>\n<h3>RIATTIVATI 14 POSTI COVID FREE IN PNEUMOLOGIA A BELLUNO. NESSUN DECESSO E 26 NUOVE POSITIVITA&#8217; NELLE ULTIME 24 ORE<\/h3>\n<\/blockquote>\n<p><strong>BELLUNO<\/strong> Nelle ultime\u00a0 24 ore\u00a0 non stati registrati decessi di persone covid positive. Le nuove positivit\u00e0 registrate in ULSS 1 Dolomiti sono 26, le persone attualmente positive 662.<\/p>\n<p><strong>Ricoveri \u00a0\u00a0\u00a0\u00a0\u00a0\u00a0\u00a0\u00a0\u00a0\u00a0\u00a0\u00a0\u00a0\u00a0\u00a0\u00a0\u00a0\u00a0\u00a0\u00a0\u00a0\u00a0\u00a0\u00a0\u00a0\u00a0\u00a0\u00a0\u00a0\u00a0\u00a0\u00a0\u00a0 <\/strong><\/p>\n<p><em>(dato alle ore 17.00 fonte: Azienda Zero)<\/em><\/p>\n<p>Le persone attualmente POSITIVE ricoverate negli ospedali dell\u2019Ulss Dolomiti sono:<\/p>\n<table>\n<tbody>\n<tr>\n<td width=\"217\"><strong>\u00a0<\/strong><\/td>\n<td width=\"217\"><strong>Area NON CRITICA<\/strong><\/td>\n<td width=\"217\"><strong>Terapia Intensiva<\/strong><\/td>\n<\/tr>\n<tr>\n<td width=\"217\"><strong>Ospedale di Belluno <\/strong><\/td>\n<td width=\"217\">16<\/td>\n<td width=\"217\">5<\/td>\n<\/tr>\n<tr>\n<td width=\"217\"><strong>Ospedale di Feltre<\/strong><\/td>\n<td width=\"217\">15<\/td>\n<td width=\"217\">3<\/td>\n<\/tr>\n<\/tbody>\n<\/table>\n<p>&nbsp;<\/p>\n<p>Le persone attualmente POSITIVE ricoverate in Ospedale di Comunit\u00e0 sono:<\/p>\n<table>\n<tbody>\n<tr>\n<td width=\"326\"><strong>\u00a0<\/strong><\/td>\n<td width=\"326\"><strong>pazienti attualmente positivi<\/strong><\/td>\n<\/tr>\n<tr>\n<td width=\"326\"><strong>Ospedale di Comunit\u00e0 di BELLUNO<\/strong><\/td>\n<td width=\"326\">7<\/td>\n<\/tr>\n<tr>\n<td width=\"326\"><strong>Ospedale di Comunit\u00e0 di FELTRE<\/strong><\/td>\n<td width=\"326\">4<\/td>\n<\/tr>\n<\/tbody>\n<\/table>\n<p>&nbsp;<\/p>\n<p>Sono stati riattivati 14 posti letto di Pneumologia \u201ccovid free\u201d a Belluno. Ieri si sono registrati numeri significativi di operativit\u00e0 in quattro drive in (Belluno, Paludi, Feltre, Tai di Cadore) e a Santa Giustina (a cura dei locali Medici di Medicina Generale), con particolare riferimento alla somministrazione delle seconde dosi. I Medici di famiglia hanno inoltre proseguito la vaccinazione ambulatoriale e a domicilio delle persone over 80, categoria per la quale rimangono stabilmente disponibili spazi prenotabili a portale. L\u2019Azienda Ulss Dolomiti registra\u00a0 il superamento di 70 mila dosi eseguite complessivamente (poco meno di 40 mila dosi per 100 mila abitanti eleggibili a vaccinazione) con sostanziale completamento dell\u2019offerta vaccinale agli over 80, superamento del 50% di copertura di prima dose dei 70-79enni e significativa copertura vaccinale delle persone estremamente vulnerabili e disabili gravi. Il ricalcolo quotidiano delle dosi disponibili rapportate alle forniture previste (confermate circa 6 mila dosi per mercoled\u00ec 28 aprile) consentir\u00e0\u00a0 l\u2019ulteriore apertura di spazi prenotabili, la conferma di importanti sedute vaccinali da parte degli MMG nel Comelico e ad Auronzo, e la programmazione la settimana entrante di ulteriori sedute vaccinali a Limana, Ponte nelle Alpi e nell\u2019Agordino. Rimane attiva nel portale la prenotazione per la vaccinazione di: over 80, estremamente vulnerabili (come da tabelle ministeriali), disabili gravi Legge 104 art. 3 comma 3. Ulteriori posti saranno attivati in base alle disponibilit\u00e0 di vaccino nei prossimi giorni.<\/p>\n<p>&nbsp;<\/p>\n<p>&nbsp;<\/p>\n<hr \/>\n<p>&nbsp;<\/p>\n<p>&nbsp;<\/p>\n<blockquote>\n<h3>IL CONTAGIO NELL&#8217;AGORDINO, AGGIORNAMENTO 23 APRILE 2021<\/h3>\n<\/blockquote>\n\n\t\t\t<style type='text\/css'>\n\t\t\t\t#gallery-1 {\n\t\t\t\t\tmargin: auto;\n\t\t\t\t}\n\t\t\t\t#gallery-1 .gallery-item {\n\t\t\t\t\tfloat: left;\n\t\t\t\t\tmargin-top: 10px;\n\t\t\t\t\ttext-align: center;\n\t\t\t\t\twidth: 50%;\n\t\t\t\t}\n\t\t\t\t#gallery-1 img {\n\t\t\t\t\tborder: 2px solid #cfcfcf;\n\t\t\t\t}\n\t\t\t\t#gallery-1 .gallery-caption {\n\t\t\t\t\tmargin-left: 0;\n\t\t\t\t}\n\t\t\t\t\/* see gallery_shortcode() in wp-includes\/media.php *\/\n\t\t\t<\/style>\n\t\t<div id='gallery-1' class='dt-gallery-container gallery galleryid-204962 gallery-columns-2 gallery-size-full'><dl class='gallery-item'>\n\t\t\t\t<dt class='gallery-icon landscape'>\n\t\t\t\t\t<a class=\"rollover rollover-zoom dt-pswp-item\" title=\"49277272-077c-4e85-87a0-d5bf3c16c993\" data-dt-img-description=\"\" data-large_image_width=\"602\" data-large_image_height=\"347\"href='https:\/\/www.radiopiu.net\/wordpress\/wp-content\/uploads\/2021\/04\/49277272-077c-4e85-87a0-d5bf3c16c993.jpg'><img loading=\"lazy\" decoding=\"async\" width=\"602\" height=\"347\" src=\"https:\/\/www.radiopiu.net\/wordpress\/wp-content\/uploads\/2021\/04\/49277272-077c-4e85-87a0-d5bf3c16c993.jpg\" class=\"attachment-full size-full\" alt=\"\" srcset=\"https:\/\/www.radiopiu.net\/wordpress\/wp-content\/uploads\/2021\/04\/49277272-077c-4e85-87a0-d5bf3c16c993.jpg 602w, https:\/\/www.radiopiu.net\/wordpress\/wp-content\/uploads\/2021\/04\/49277272-077c-4e85-87a0-d5bf3c16c993-300x173.jpg 300w\" sizes=\"auto, (max-width: 602px) 100vw, 602px\" \/><\/a>\n\t\t\t\t<\/dt><\/dl><dl class='gallery-item'>\n\t\t\t\t<dt class='gallery-icon landscape'>\n\t\t\t\t\t<a class=\"rollover rollover-zoom dt-pswp-item\" title=\"b547665f-32f9-4780-8223-554a03a5473c\" data-dt-img-description=\"\" data-large_image_width=\"600\" data-large_image_height=\"358\"href='https:\/\/www.radiopiu.net\/wordpress\/wp-content\/uploads\/2021\/04\/b547665f-32f9-4780-8223-554a03a5473c.jpg'><img loading=\"lazy\" decoding=\"async\" width=\"600\" height=\"358\" src=\"https:\/\/www.radiopiu.net\/wordpress\/wp-content\/uploads\/2021\/04\/b547665f-32f9-4780-8223-554a03a5473c.jpg\" class=\"attachment-full size-full\" alt=\"\" srcset=\"https:\/\/www.radiopiu.net\/wordpress\/wp-content\/uploads\/2021\/04\/b547665f-32f9-4780-8223-554a03a5473c.jpg 600w, https:\/\/www.radiopiu.net\/wordpress\/wp-content\/uploads\/2021\/04\/b547665f-32f9-4780-8223-554a03a5473c-300x179.jpg 300w\" sizes=\"auto, (max-width: 600px) 100vw, 600px\" \/><\/a>\n\t\t\t\t<\/dt><\/dl><br style=\"clear: both\" \/>\n\t\t\t<\/div>\n\n<p>&nbsp;<\/p>\n<p>&nbsp;<\/p>\n<p>&nbsp;<\/p>\n<hr \/>\n<p>&nbsp;<\/p>\n<p>&nbsp;<\/p>\n<blockquote>\n<h3>&#8220;HAI LOTTATO FINO ALLA FINE COME UN GUERRIERO&#8230; COME SEMPRE&#8221;<\/h3>\n<\/blockquote>\n<p><strong><a class=\"dt-pswp-item\" href=\"https:\/\/www.radiopiu.net\/wordpress\/wp-content\/uploads\/2021\/04\/53167495_2213993408659174_5217881198688206848_n.jpg\" data-dt-img-description=\"\" data-large_image_width=\"206\" data-large_image_height=\"206\"><img loading=\"lazy\" decoding=\"async\" class=\"size-full wp-image-205035 alignleft\" src=\"https:\/\/www.radiopiu.net\/wordpress\/wp-content\/uploads\/2021\/04\/53167495_2213993408659174_5217881198688206848_n.jpg\" alt=\"\" width=\"206\" height=\"206\" srcset=\"https:\/\/www.radiopiu.net\/wordpress\/wp-content\/uploads\/2021\/04\/53167495_2213993408659174_5217881198688206848_n.jpg 206w, https:\/\/www.radiopiu.net\/wordpress\/wp-content\/uploads\/2021\/04\/53167495_2213993408659174_5217881198688206848_n-150x150.jpg 150w\" sizes=\"auto, (max-width: 206px) 100vw, 206px\" \/><\/a>TAIBON<\/strong> Cara Glenda, quando abbiamo letto il tuo pensiero il dolore ci ha trafitto. Un abbraccio a te, alla cara figlia a tutti i parenti di Claudio Fae&#8217;, l&#8217;imprenditore del Zumbrillenbar, il precursore dei tempi con la sua azienda di trasporti, per questo per noi sar\u00e0 sempre un caro &#8220;<em>Trans&#8221;<\/em>&#8230;.La redazione di Radio Pi\u00f9 vi \u00e8 vicina, buon viaggio Claudio che la terra ti sia lieve<\/p>\n<p>Claudio \u00e8 mancato a 50 anni, lascia la moglie Glenda Testor con la figlia Camilla e Elison, la nonna, il pap\u00e0, i fratelli Donatella,\u00a0 Federica, Alessandro e Rosalba. I funerali DOMANI\u00a0 alle 14.30 nella chiesa Arcidiaconale di Agordo. Dalla famiglia un ringraziamento al personale medico, infermieristico del reparto Medicina ed Ematologia dell&#8217;ospedale San Martino di Belluno<\/p>\n<p>&nbsp;<\/p>\n<p><strong>\u00a0DI GIANNI SANTOMASO<\/strong><\/p>\n<audio class=\"wp-audio-shortcode\" id=\"audio-204962-1\" preload=\"none\" style=\"width: 100%;\" controls=\"controls\"><source type=\"audio\/mpeg\" src=\"https:\/\/www.radiopiu.net\/wordpress\/wp-content\/uploads\/2021\/04\/GIANNI-CLAUDIO-FAE.mp3?_=1\" \/><a href=\"https:\/\/www.radiopiu.net\/wordpress\/wp-content\/uploads\/2021\/04\/GIANNI-CLAUDIO-FAE.mp3\">https:\/\/www.radiopiu.net\/wordpress\/wp-content\/uploads\/2021\/04\/GIANNI-CLAUDIO-FAE.mp3<\/a><\/audio>\n<p>&nbsp;<\/p>\n<hr \/>\n<p>&nbsp;<\/p>\n<blockquote>\n<h3>ANZIANO STRONCATO DA\u00a0 MALORE<\/h3>\n<\/blockquote>\n<p><strong><a href=\"https:\/\/www.radiopiu.net\/wordpress\/giornale-radiopiu-23-aprile-2021-direttore-mirko-mezzacasa\/th-90\/\" rel=\"attachment wp-att-205192\"><img loading=\"lazy\" decoding=\"async\" class=\"size-full wp-image-205192 alignleft\" src=\"https:\/\/www.radiopiu.net\/wordpress\/wp-content\/uploads\/2021\/04\/th-10.jpg\" alt=\"\" width=\"219\" height=\"165\" \/><\/a>SOVRAMONTE<\/strong> Bruno Antoniol 83 anni \u00e8 morto colto da malore mentre stava procedendo con dei lavori di pulizia del tombino di scolo di acque reflue. Probabilmente un attacco cardiaco alla base del malore. L&#8217;uomo si \u00e8 accasciato al suolo finendo con il capo all&#8217;interno del chiusino. Sul posto con i sanitari i Carabinieri per i rilievi di legge. Ad accorgersi dell&#8217;incidente i famigliari che non vendendolo sono andati a verificare e hanno immediatamente chiesto aiuto e l&#8217;elicottero del Suem si \u00e8 prontamente levato per portare soccorso nella frazione. L&#8217;abitazione \u00e8 una delle ultime in fondo al paese. Purtroppo i sanitari non hanno potuto fare nulla per evitare il dramma che si era consumato. Bruno Antoniol ha trascorso molta parte della vita professionale a Milano dove ha lavorato nel settore del commercio. Poi, una volta in pensione, era rientrato a Sovramonte dove viveva con la moglie. Lascia anche una figlia e un figlio.<\/p>\n<p>&nbsp;<\/p>\n<hr \/>\n<p>&nbsp;<\/p>\n<blockquote>\n<h3>CADE IN BICICLETTA, RICOVERATO AL SAN MARTINO<\/h3>\n<\/blockquote>\n<p><strong>BELLUNO<\/strong> Ieri sera \u00a0in via Garibaldi un uomo \u00e8\u00a0 caduto riportando alcuni traumi e una ferita alla testa. Non ha mai perso conoscenza,\u00a0 la volante della polizia e l&#8217;ambulanza\u00a0 lo hanno soccorso e trasportato\u00a0 all&#8217;ospedale<\/p>\n<p>&nbsp;<\/p>\n<p>&nbsp;<\/p>\n<hr \/>\n<p>&nbsp;<\/p>\n<blockquote>\n<h3>PRIVATIZZAZIONE DELLA RADIOLOGIA, LE PREOCCUPAZIONI DEL COMITATO SANITA&#8217; DI AGORDO E PIEVE DI CADORE<\/h3>\n<\/blockquote>\n<p><strong><a href=\"https:\/\/www.radiopiu.net\/wordpress\/giornale-radio-piu-14-10-direttore-mirko-mezzacasa\/entrata-agordo-300x225\/\" rel=\"attachment wp-att-11952\"><img loading=\"lazy\" decoding=\"async\" class=\"size-medium wp-image-11952 alignleft\" src=\"https:\/\/www.radiopiu.net\/wordpress\/wp-content\/uploads\/2015\/10\/Entrata-Agordo-300x225-300x225.jpg\" alt=\"\" width=\"300\" height=\"225\" \/><\/a>AGORDO<\/strong><\/p>\n<p>di Gianni Santomaso<\/p>\n<audio class=\"wp-audio-shortcode\" id=\"audio-204962-2\" preload=\"none\" style=\"width: 100%;\" controls=\"controls\"><source type=\"audio\/mpeg\" src=\"https:\/\/www.radiopiu.net\/wordpress\/wp-content\/uploads\/2021\/04\/GIANNI-PREOCCUPAZIONE-COMITATO-SANITA.mp3?_=2\" \/><a href=\"https:\/\/www.radiopiu.net\/wordpress\/wp-content\/uploads\/2021\/04\/GIANNI-PREOCCUPAZIONE-COMITATO-SANITA.mp3\">https:\/\/www.radiopiu.net\/wordpress\/wp-content\/uploads\/2021\/04\/GIANNI-PREOCCUPAZIONE-COMITATO-SANITA.mp3<\/a><\/audio>\n<p>&nbsp;<\/p>\n<hr \/>\n<p>&nbsp;<\/p>\n<blockquote>\n<h2>PROVINCIALE DEL MIS TRA RELITTI, SASSI CICLOPICI, MINACCIA DI EROSIONE<\/h2>\n<\/blockquote>\n<p>&nbsp;<\/p>\n<p><strong>SOSPIROLO-GOSALDO<\/strong>\u00a0 Sono in corso i lavori per il ripristino della provinciale 2 della Valle del Mis, a quattro mesi dagli eventi dello scorso dicembre. Tutto apposto? Macch\u00e8, c&#8217;\u00e8 un altro punto a forte rischio al chilometro 20.700, sicuramente i tecnici della Provincia lo hanno notato e probabilmente anche Veneto Strade (al lavoro sul cantiere aperto) \u00e8 cosciente di un problema evidente. Ovvero, senza interventi sar\u00e0 probabilmente il prossimo punto che porter\u00e0 alla chiusura di un strada fondamentale per chi vive in montagna e per il turismo estivo ormai alle porte. Si notino nelle fotografie quei due\u00a0 ciclopici massi che strozzano il passaggio del torrente costringendo l&#8217;acqua verso la scarpata della strada, ideale per dare corso all&#8217;erosione dei pendii fino al guardrail, fino alle strada provinciale. Il punto esatto all&#8217;inizio del Canale del Mis, all&#8217;altezza del ponte per la localit\u00e0 California. Si noti inoltre quello stomachevole tubo in plastica nero propriet\u00e0 di\u00a0 Valsabbia. Uno dei relitti che dovevano essere rimossi o ripristinati da anni, ma dove tutti fanno a finta di nulla, ma non si pu\u00f2 fare a finta di nulla, si vede, si nota, si giudica. Tornando al problema in caso di piene improvvise o nubifragi non \u00e8 escluso che in queste condizioni\u00a0 scatti la \u00a0chiusura della strada\u00a0 che come ormai da norma di protrarr\u00e0 per mesi.<\/p>\n\n\t\t\t<style type='text\/css'>\n\t\t\t\t#gallery-2 {\n\t\t\t\t\tmargin: auto;\n\t\t\t\t}\n\t\t\t\t#gallery-2 .gallery-item {\n\t\t\t\t\tfloat: left;\n\t\t\t\t\tmargin-top: 10px;\n\t\t\t\t\ttext-align: center;\n\t\t\t\t\twidth: 33%;\n\t\t\t\t}\n\t\t\t\t#gallery-2 img {\n\t\t\t\t\tborder: 2px solid #cfcfcf;\n\t\t\t\t}\n\t\t\t\t#gallery-2 .gallery-caption {\n\t\t\t\t\tmargin-left: 0;\n\t\t\t\t}\n\t\t\t\t\/* see gallery_shortcode() in wp-includes\/media.php *\/\n\t\t\t<\/style>\n\t\t<div id='gallery-2' class='dt-gallery-container gallery galleryid-204962 gallery-columns-3 gallery-size-medium'><dl class='gallery-item'>\n\t\t\t\t<dt class='gallery-icon landscape'>\n\t\t\t\t\t<a class=\"rollover rollover-zoom dt-pswp-item\" title=\"eeee1c11-9f19-47d9-b6f2-3657f51c2685\" data-dt-img-description=\"\" data-large_image_width=\"1600\" data-large_image_height=\"757\"href='https:\/\/www.radiopiu.net\/wordpress\/wp-content\/uploads\/2021\/04\/eeee1c11-9f19-47d9-b6f2-3657f51c2685.jpg'><img loading=\"lazy\" decoding=\"async\" width=\"300\" height=\"142\" src=\"https:\/\/www.radiopiu.net\/wordpress\/wp-content\/uploads\/2021\/04\/eeee1c11-9f19-47d9-b6f2-3657f51c2685-300x142.jpg\" class=\"attachment-medium size-medium\" alt=\"\" srcset=\"https:\/\/www.radiopiu.net\/wordpress\/wp-content\/uploads\/2021\/04\/eeee1c11-9f19-47d9-b6f2-3657f51c2685-300x142.jpg 300w, https:\/\/www.radiopiu.net\/wordpress\/wp-content\/uploads\/2021\/04\/eeee1c11-9f19-47d9-b6f2-3657f51c2685-1024x484.jpg 1024w, https:\/\/www.radiopiu.net\/wordpress\/wp-content\/uploads\/2021\/04\/eeee1c11-9f19-47d9-b6f2-3657f51c2685-768x363.jpg 768w, https:\/\/www.radiopiu.net\/wordpress\/wp-content\/uploads\/2021\/04\/eeee1c11-9f19-47d9-b6f2-3657f51c2685-1536x727.jpg 1536w, https:\/\/www.radiopiu.net\/wordpress\/wp-content\/uploads\/2021\/04\/eeee1c11-9f19-47d9-b6f2-3657f51c2685.jpg 1600w\" sizes=\"auto, (max-width: 300px) 100vw, 300px\" \/><\/a>\n\t\t\t\t<\/dt><\/dl><dl class='gallery-item'>\n\t\t\t\t<dt class='gallery-icon landscape'>\n\t\t\t\t\t<a class=\"rollover rollover-zoom dt-pswp-item\" title=\"6356793e-fb23-48a0-94b4-189b3b2732af\" data-dt-img-description=\"\" data-large_image_width=\"1600\" data-large_image_height=\"757\"href='https:\/\/www.radiopiu.net\/wordpress\/wp-content\/uploads\/2021\/04\/6356793e-fb23-48a0-94b4-189b3b2732af.jpg'><img loading=\"lazy\" decoding=\"async\" width=\"300\" height=\"142\" src=\"https:\/\/www.radiopiu.net\/wordpress\/wp-content\/uploads\/2021\/04\/6356793e-fb23-48a0-94b4-189b3b2732af-300x142.jpg\" class=\"attachment-medium size-medium\" alt=\"\" srcset=\"https:\/\/www.radiopiu.net\/wordpress\/wp-content\/uploads\/2021\/04\/6356793e-fb23-48a0-94b4-189b3b2732af-300x142.jpg 300w, https:\/\/www.radiopiu.net\/wordpress\/wp-content\/uploads\/2021\/04\/6356793e-fb23-48a0-94b4-189b3b2732af-1024x484.jpg 1024w, https:\/\/www.radiopiu.net\/wordpress\/wp-content\/uploads\/2021\/04\/6356793e-fb23-48a0-94b4-189b3b2732af-768x363.jpg 768w, https:\/\/www.radiopiu.net\/wordpress\/wp-content\/uploads\/2021\/04\/6356793e-fb23-48a0-94b4-189b3b2732af-1536x727.jpg 1536w, https:\/\/www.radiopiu.net\/wordpress\/wp-content\/uploads\/2021\/04\/6356793e-fb23-48a0-94b4-189b3b2732af.jpg 1600w\" sizes=\"auto, (max-width: 300px) 100vw, 300px\" \/><\/a>\n\t\t\t\t<\/dt><\/dl><dl class='gallery-item'>\n\t\t\t\t<dt class='gallery-icon landscape'>\n\t\t\t\t\t<a class=\"rollover rollover-zoom dt-pswp-item\" title=\"8be025da-c89c-46c0-b6c6-066b63c0883f\" data-dt-img-description=\"\" data-large_image_width=\"1600\" data-large_image_height=\"757\"href='https:\/\/www.radiopiu.net\/wordpress\/wp-content\/uploads\/2021\/04\/8be025da-c89c-46c0-b6c6-066b63c0883f.jpg'><img loading=\"lazy\" decoding=\"async\" width=\"300\" height=\"142\" src=\"https:\/\/www.radiopiu.net\/wordpress\/wp-content\/uploads\/2021\/04\/8be025da-c89c-46c0-b6c6-066b63c0883f-300x142.jpg\" class=\"attachment-medium size-medium\" alt=\"\" srcset=\"https:\/\/www.radiopiu.net\/wordpress\/wp-content\/uploads\/2021\/04\/8be025da-c89c-46c0-b6c6-066b63c0883f-300x142.jpg 300w, https:\/\/www.radiopiu.net\/wordpress\/wp-content\/uploads\/2021\/04\/8be025da-c89c-46c0-b6c6-066b63c0883f-1024x484.jpg 1024w, https:\/\/www.radiopiu.net\/wordpress\/wp-content\/uploads\/2021\/04\/8be025da-c89c-46c0-b6c6-066b63c0883f-768x363.jpg 768w, https:\/\/www.radiopiu.net\/wordpress\/wp-content\/uploads\/2021\/04\/8be025da-c89c-46c0-b6c6-066b63c0883f-1536x727.jpg 1536w, https:\/\/www.radiopiu.net\/wordpress\/wp-content\/uploads\/2021\/04\/8be025da-c89c-46c0-b6c6-066b63c0883f.jpg 1600w\" sizes=\"auto, (max-width: 300px) 100vw, 300px\" \/><\/a>\n\t\t\t\t<\/dt><\/dl><br style=\"clear: both\" \/><dl class='gallery-item'>\n\t\t\t\t<dt class='gallery-icon landscape'>\n\t\t\t\t\t<a class=\"rollover rollover-zoom dt-pswp-item\" title=\"2c1dc680-ff31-4210-b079-c1934303547a\" data-dt-img-description=\"\" data-large_image_width=\"1600\" data-large_image_height=\"757\"href='https:\/\/www.radiopiu.net\/wordpress\/wp-content\/uploads\/2021\/04\/2c1dc680-ff31-4210-b079-c1934303547a.jpg'><img loading=\"lazy\" decoding=\"async\" width=\"300\" height=\"142\" src=\"https:\/\/www.radiopiu.net\/wordpress\/wp-content\/uploads\/2021\/04\/2c1dc680-ff31-4210-b079-c1934303547a-300x142.jpg\" class=\"attachment-medium size-medium\" alt=\"\" srcset=\"https:\/\/www.radiopiu.net\/wordpress\/wp-content\/uploads\/2021\/04\/2c1dc680-ff31-4210-b079-c1934303547a-300x142.jpg 300w, https:\/\/www.radiopiu.net\/wordpress\/wp-content\/uploads\/2021\/04\/2c1dc680-ff31-4210-b079-c1934303547a-1024x484.jpg 1024w, https:\/\/www.radiopiu.net\/wordpress\/wp-content\/uploads\/2021\/04\/2c1dc680-ff31-4210-b079-c1934303547a-768x363.jpg 768w, https:\/\/www.radiopiu.net\/wordpress\/wp-content\/uploads\/2021\/04\/2c1dc680-ff31-4210-b079-c1934303547a-1536x727.jpg 1536w, https:\/\/www.radiopiu.net\/wordpress\/wp-content\/uploads\/2021\/04\/2c1dc680-ff31-4210-b079-c1934303547a.jpg 1600w\" sizes=\"auto, (max-width: 300px) 100vw, 300px\" \/><\/a>\n\t\t\t\t<\/dt><\/dl><dl class='gallery-item'>\n\t\t\t\t<dt class='gallery-icon landscape'>\n\t\t\t\t\t<a class=\"rollover rollover-zoom dt-pswp-item\" title=\"bccc9904-55a0-4ff1-ad2d-9000f9b7f0b1\" data-dt-img-description=\"\" data-large_image_width=\"1600\" data-large_image_height=\"757\"href='https:\/\/www.radiopiu.net\/wordpress\/wp-content\/uploads\/2021\/04\/bccc9904-55a0-4ff1-ad2d-9000f9b7f0b1.jpg'><img loading=\"lazy\" decoding=\"async\" width=\"300\" height=\"142\" src=\"https:\/\/www.radiopiu.net\/wordpress\/wp-content\/uploads\/2021\/04\/bccc9904-55a0-4ff1-ad2d-9000f9b7f0b1-300x142.jpg\" class=\"attachment-medium size-medium\" alt=\"\" srcset=\"https:\/\/www.radiopiu.net\/wordpress\/wp-content\/uploads\/2021\/04\/bccc9904-55a0-4ff1-ad2d-9000f9b7f0b1-300x142.jpg 300w, https:\/\/www.radiopiu.net\/wordpress\/wp-content\/uploads\/2021\/04\/bccc9904-55a0-4ff1-ad2d-9000f9b7f0b1-1024x484.jpg 1024w, https:\/\/www.radiopiu.net\/wordpress\/wp-content\/uploads\/2021\/04\/bccc9904-55a0-4ff1-ad2d-9000f9b7f0b1-768x363.jpg 768w, https:\/\/www.radiopiu.net\/wordpress\/wp-content\/uploads\/2021\/04\/bccc9904-55a0-4ff1-ad2d-9000f9b7f0b1-1536x727.jpg 1536w, https:\/\/www.radiopiu.net\/wordpress\/wp-content\/uploads\/2021\/04\/bccc9904-55a0-4ff1-ad2d-9000f9b7f0b1.jpg 1600w\" sizes=\"auto, (max-width: 300px) 100vw, 300px\" \/><\/a>\n\t\t\t\t<\/dt><\/dl><dl class='gallery-item'>\n\t\t\t\t<dt class='gallery-icon landscape'>\n\t\t\t\t\t<a class=\"rollover rollover-zoom dt-pswp-item\" title=\"52b4c401-0496-4a43-87c7-9a361cf8cee0\" data-dt-img-description=\"\" data-large_image_width=\"1600\" data-large_image_height=\"757\"href='https:\/\/www.radiopiu.net\/wordpress\/wp-content\/uploads\/2021\/04\/52b4c401-0496-4a43-87c7-9a361cf8cee0.jpg'><img loading=\"lazy\" decoding=\"async\" width=\"300\" height=\"142\" src=\"https:\/\/www.radiopiu.net\/wordpress\/wp-content\/uploads\/2021\/04\/52b4c401-0496-4a43-87c7-9a361cf8cee0-300x142.jpg\" class=\"attachment-medium size-medium\" alt=\"\" srcset=\"https:\/\/www.radiopiu.net\/wordpress\/wp-content\/uploads\/2021\/04\/52b4c401-0496-4a43-87c7-9a361cf8cee0-300x142.jpg 300w, https:\/\/www.radiopiu.net\/wordpress\/wp-content\/uploads\/2021\/04\/52b4c401-0496-4a43-87c7-9a361cf8cee0-1024x484.jpg 1024w, https:\/\/www.radiopiu.net\/wordpress\/wp-content\/uploads\/2021\/04\/52b4c401-0496-4a43-87c7-9a361cf8cee0-768x363.jpg 768w, https:\/\/www.radiopiu.net\/wordpress\/wp-content\/uploads\/2021\/04\/52b4c401-0496-4a43-87c7-9a361cf8cee0-1536x727.jpg 1536w, https:\/\/www.radiopiu.net\/wordpress\/wp-content\/uploads\/2021\/04\/52b4c401-0496-4a43-87c7-9a361cf8cee0.jpg 1600w\" sizes=\"auto, (max-width: 300px) 100vw, 300px\" \/><\/a>\n\t\t\t\t<\/dt><\/dl><br style=\"clear: both\" \/>\n\t\t\t<\/div>\n\n<p>&nbsp;<\/p>\n<blockquote>\n<h2>SP2 LA PROVINCIA C&#8217;E&#8217; E LO HA DIMOSTRATO CHE I SINDACI ATTIVINO ALTRI CANALI<\/h2>\n<\/blockquote>\n<p><strong>BELLUNO<\/strong> Il consigliere provinciale Fabio Luchetta e sindaco di Vallada Agordina interviene in merito ai problemi segnalati lungo la strada provinciale 2 &#8220;strada del Mis&#8221; in prossimit\u00e0 del bivio per California.<em> &#8220;Siamo consapevoli delle problematiche della Sp2 del Mis, ma siamo altrettanto consapevoli degli sforzi fatti finora dalla Provincia per reperire fondi importanti &#8211; spiega il consigliere provinciale &#8211;\u00a0 negli ultimi mesi, tra Sp2 e Sp3 &#8211; nel tratto Rivamonte-Gosaldo &#8211; abbiamo investito circa 2,5 milioni di euro, risorse importantissime per due strade provinciali storiche agordine che da tempo registravano alcune criticit\u00e0&#8221;.<\/em> I finanziamenti non sono sufficienti per una viabilit\u00e0 ottimale? &#8220;<em>Probabilmente \u00e8 cos\u00ec, ma Provincia e Veneto Strade hanno sempre assicurato percorribilit\u00e0 e sicurezza sulle strade di competenza. La disponibilit\u00e0 economica della Provincia questa \u00e8, e ci sono oltre 300 chilometri di viabilit\u00e0 da garantire. Se i sindaci ritengono che la Sp2 \u00e8 meritevole di altri finanziamenti, si possono attivare altri canali, finora non utilizzati, come il Fondo Comuni confinanti. \u00c8 una scelta che spetta ai sindaci. Da parte della Provincia \u00e8 stato fatto tutto quello che era possibile per garantire una viabilit\u00e0 sicura e cos\u00ec continueremo a fare anche in futuro&#8221;.\u00a0<\/em><\/p>\n<p>&nbsp;<\/p>\n<blockquote>\n<h3><em>A proposito di cantieri Provincia-Veneto Strade lungo la provinciale 2, ecco come si presenta il cantiere poco oltre il lago del Mis (verso Gosaldo) dove la strada \u00e8 franata con le intemperie dello scorso dicembre.<\/em><\/h3>\n<\/blockquote>\n\n\t\t\t<style type='text\/css'>\n\t\t\t\t#gallery-3 {\n\t\t\t\t\tmargin: auto;\n\t\t\t\t}\n\t\t\t\t#gallery-3 .gallery-item {\n\t\t\t\t\tfloat: left;\n\t\t\t\t\tmargin-top: 10px;\n\t\t\t\t\ttext-align: center;\n\t\t\t\t\twidth: 33%;\n\t\t\t\t}\n\t\t\t\t#gallery-3 img {\n\t\t\t\t\tborder: 2px solid #cfcfcf;\n\t\t\t\t}\n\t\t\t\t#gallery-3 .gallery-caption {\n\t\t\t\t\tmargin-left: 0;\n\t\t\t\t}\n\t\t\t\t\/* see gallery_shortcode() in wp-includes\/media.php *\/\n\t\t\t<\/style>\n\t\t<div id='gallery-3' class='dt-gallery-container gallery galleryid-204962 gallery-columns-3 gallery-size-medium'><dl class='gallery-item'>\n\t\t\t\t<dt class='gallery-icon landscape'>\n\t\t\t\t\t<a class=\"rollover rollover-zoom dt-pswp-item\" title=\"d646cf20-c5a5-4dd6-8a14-97c2d4f0ddb4\" data-dt-img-description=\"\" data-large_image_width=\"1600\" data-large_image_height=\"1200\"href='https:\/\/www.radiopiu.net\/wordpress\/wp-content\/uploads\/2021\/04\/d646cf20-c5a5-4dd6-8a14-97c2d4f0ddb4.jpg'><img loading=\"lazy\" decoding=\"async\" width=\"300\" height=\"225\" src=\"https:\/\/www.radiopiu.net\/wordpress\/wp-content\/uploads\/2021\/04\/d646cf20-c5a5-4dd6-8a14-97c2d4f0ddb4-300x225.jpg\" class=\"attachment-medium size-medium\" alt=\"\" srcset=\"https:\/\/www.radiopiu.net\/wordpress\/wp-content\/uploads\/2021\/04\/d646cf20-c5a5-4dd6-8a14-97c2d4f0ddb4-300x225.jpg 300w, https:\/\/www.radiopiu.net\/wordpress\/wp-content\/uploads\/2021\/04\/d646cf20-c5a5-4dd6-8a14-97c2d4f0ddb4-1024x768.jpg 1024w, https:\/\/www.radiopiu.net\/wordpress\/wp-content\/uploads\/2021\/04\/d646cf20-c5a5-4dd6-8a14-97c2d4f0ddb4-768x576.jpg 768w, https:\/\/www.radiopiu.net\/wordpress\/wp-content\/uploads\/2021\/04\/d646cf20-c5a5-4dd6-8a14-97c2d4f0ddb4-1536x1152.jpg 1536w, https:\/\/www.radiopiu.net\/wordpress\/wp-content\/uploads\/2021\/04\/d646cf20-c5a5-4dd6-8a14-97c2d4f0ddb4.jpg 1600w\" sizes=\"auto, (max-width: 300px) 100vw, 300px\" \/><\/a>\n\t\t\t\t<\/dt><\/dl><dl class='gallery-item'>\n\t\t\t\t<dt class='gallery-icon landscape'>\n\t\t\t\t\t<a class=\"rollover rollover-zoom dt-pswp-item\" title=\"a9e5099b-5c8e-4d09-a80f-37a444b46fca\" data-dt-img-description=\"\" data-large_image_width=\"1600\" data-large_image_height=\"1200\"href='https:\/\/www.radiopiu.net\/wordpress\/wp-content\/uploads\/2021\/04\/a9e5099b-5c8e-4d09-a80f-37a444b46fca.jpg'><img loading=\"lazy\" decoding=\"async\" width=\"300\" height=\"225\" src=\"https:\/\/www.radiopiu.net\/wordpress\/wp-content\/uploads\/2021\/04\/a9e5099b-5c8e-4d09-a80f-37a444b46fca-300x225.jpg\" class=\"attachment-medium size-medium\" alt=\"\" srcset=\"https:\/\/www.radiopiu.net\/wordpress\/wp-content\/uploads\/2021\/04\/a9e5099b-5c8e-4d09-a80f-37a444b46fca-300x225.jpg 300w, https:\/\/www.radiopiu.net\/wordpress\/wp-content\/uploads\/2021\/04\/a9e5099b-5c8e-4d09-a80f-37a444b46fca-1024x768.jpg 1024w, https:\/\/www.radiopiu.net\/wordpress\/wp-content\/uploads\/2021\/04\/a9e5099b-5c8e-4d09-a80f-37a444b46fca-768x576.jpg 768w, https:\/\/www.radiopiu.net\/wordpress\/wp-content\/uploads\/2021\/04\/a9e5099b-5c8e-4d09-a80f-37a444b46fca-1536x1152.jpg 1536w, https:\/\/www.radiopiu.net\/wordpress\/wp-content\/uploads\/2021\/04\/a9e5099b-5c8e-4d09-a80f-37a444b46fca.jpg 1600w\" sizes=\"auto, (max-width: 300px) 100vw, 300px\" \/><\/a>\n\t\t\t\t<\/dt><\/dl><dl class='gallery-item'>\n\t\t\t\t<dt class='gallery-icon landscape'>\n\t\t\t\t\t<a class=\"rollover rollover-zoom dt-pswp-item\" title=\"aaf650a5-82b5-45e1-ad04-a28755572168\" data-dt-img-description=\"\" data-large_image_width=\"1600\" data-large_image_height=\"1200\"href='https:\/\/www.radiopiu.net\/wordpress\/wp-content\/uploads\/2021\/04\/aaf650a5-82b5-45e1-ad04-a28755572168.jpg'><img loading=\"lazy\" decoding=\"async\" width=\"300\" height=\"225\" src=\"https:\/\/www.radiopiu.net\/wordpress\/wp-content\/uploads\/2021\/04\/aaf650a5-82b5-45e1-ad04-a28755572168-300x225.jpg\" class=\"attachment-medium size-medium\" alt=\"\" srcset=\"https:\/\/www.radiopiu.net\/wordpress\/wp-content\/uploads\/2021\/04\/aaf650a5-82b5-45e1-ad04-a28755572168-300x225.jpg 300w, https:\/\/www.radiopiu.net\/wordpress\/wp-content\/uploads\/2021\/04\/aaf650a5-82b5-45e1-ad04-a28755572168-1024x768.jpg 1024w, https:\/\/www.radiopiu.net\/wordpress\/wp-content\/uploads\/2021\/04\/aaf650a5-82b5-45e1-ad04-a28755572168-768x576.jpg 768w, https:\/\/www.radiopiu.net\/wordpress\/wp-content\/uploads\/2021\/04\/aaf650a5-82b5-45e1-ad04-a28755572168-1536x1152.jpg 1536w, https:\/\/www.radiopiu.net\/wordpress\/wp-content\/uploads\/2021\/04\/aaf650a5-82b5-45e1-ad04-a28755572168.jpg 1600w\" sizes=\"auto, (max-width: 300px) 100vw, 300px\" \/><\/a>\n\t\t\t\t<\/dt><\/dl><br style=\"clear: both\" \/><dl class='gallery-item'>\n\t\t\t\t<dt class='gallery-icon landscape'>\n\t\t\t\t\t<a class=\"rollover rollover-zoom dt-pswp-item\" title=\"77d5c751-cb46-478b-8a66-aeb55eccb8ba\" data-dt-img-description=\"\" data-large_image_width=\"1600\" data-large_image_height=\"1200\"href='https:\/\/www.radiopiu.net\/wordpress\/wp-content\/uploads\/2021\/04\/77d5c751-cb46-478b-8a66-aeb55eccb8ba.jpg'><img loading=\"lazy\" decoding=\"async\" width=\"300\" height=\"225\" src=\"https:\/\/www.radiopiu.net\/wordpress\/wp-content\/uploads\/2021\/04\/77d5c751-cb46-478b-8a66-aeb55eccb8ba-300x225.jpg\" class=\"attachment-medium size-medium\" alt=\"\" srcset=\"https:\/\/www.radiopiu.net\/wordpress\/wp-content\/uploads\/2021\/04\/77d5c751-cb46-478b-8a66-aeb55eccb8ba-300x225.jpg 300w, https:\/\/www.radiopiu.net\/wordpress\/wp-content\/uploads\/2021\/04\/77d5c751-cb46-478b-8a66-aeb55eccb8ba-1024x768.jpg 1024w, https:\/\/www.radiopiu.net\/wordpress\/wp-content\/uploads\/2021\/04\/77d5c751-cb46-478b-8a66-aeb55eccb8ba-768x576.jpg 768w, https:\/\/www.radiopiu.net\/wordpress\/wp-content\/uploads\/2021\/04\/77d5c751-cb46-478b-8a66-aeb55eccb8ba-1536x1152.jpg 1536w, https:\/\/www.radiopiu.net\/wordpress\/wp-content\/uploads\/2021\/04\/77d5c751-cb46-478b-8a66-aeb55eccb8ba.jpg 1600w\" sizes=\"auto, (max-width: 300px) 100vw, 300px\" \/><\/a>\n\t\t\t\t<\/dt><\/dl><dl class='gallery-item'>\n\t\t\t\t<dt class='gallery-icon portrait'>\n\t\t\t\t\t<a class=\"rollover rollover-zoom dt-pswp-item\" title=\"a51fec47-c42a-49a6-8670-e8347db38bd1\" data-dt-img-description=\"\" data-large_image_width=\"1200\" data-large_image_height=\"1600\"href='https:\/\/www.radiopiu.net\/wordpress\/wp-content\/uploads\/2021\/04\/a51fec47-c42a-49a6-8670-e8347db38bd1.jpg'><img loading=\"lazy\" decoding=\"async\" width=\"225\" height=\"300\" src=\"https:\/\/www.radiopiu.net\/wordpress\/wp-content\/uploads\/2021\/04\/a51fec47-c42a-49a6-8670-e8347db38bd1-225x300.jpg\" class=\"attachment-medium size-medium\" alt=\"\" srcset=\"https:\/\/www.radiopiu.net\/wordpress\/wp-content\/uploads\/2021\/04\/a51fec47-c42a-49a6-8670-e8347db38bd1-225x300.jpg 225w, https:\/\/www.radiopiu.net\/wordpress\/wp-content\/uploads\/2021\/04\/a51fec47-c42a-49a6-8670-e8347db38bd1-768x1024.jpg 768w, https:\/\/www.radiopiu.net\/wordpress\/wp-content\/uploads\/2021\/04\/a51fec47-c42a-49a6-8670-e8347db38bd1-1152x1536.jpg 1152w, https:\/\/www.radiopiu.net\/wordpress\/wp-content\/uploads\/2021\/04\/a51fec47-c42a-49a6-8670-e8347db38bd1.jpg 1200w\" sizes=\"auto, (max-width: 225px) 100vw, 225px\" \/><\/a>\n\t\t\t\t<\/dt><\/dl><dl class='gallery-item'>\n\t\t\t\t<dt class='gallery-icon portrait'>\n\t\t\t\t\t<a class=\"rollover rollover-zoom dt-pswp-item\" title=\"39205300-6ff9-4daf-b2a3-53ffda5d934a\" data-dt-img-description=\"\" data-large_image_width=\"1200\" data-large_image_height=\"1600\"href='https:\/\/www.radiopiu.net\/wordpress\/wp-content\/uploads\/2021\/04\/39205300-6ff9-4daf-b2a3-53ffda5d934a.jpg'><img loading=\"lazy\" decoding=\"async\" width=\"225\" height=\"300\" src=\"https:\/\/www.radiopiu.net\/wordpress\/wp-content\/uploads\/2021\/04\/39205300-6ff9-4daf-b2a3-53ffda5d934a-225x300.jpg\" class=\"attachment-medium size-medium\" alt=\"\" srcset=\"https:\/\/www.radiopiu.net\/wordpress\/wp-content\/uploads\/2021\/04\/39205300-6ff9-4daf-b2a3-53ffda5d934a-225x300.jpg 225w, https:\/\/www.radiopiu.net\/wordpress\/wp-content\/uploads\/2021\/04\/39205300-6ff9-4daf-b2a3-53ffda5d934a-768x1024.jpg 768w, https:\/\/www.radiopiu.net\/wordpress\/wp-content\/uploads\/2021\/04\/39205300-6ff9-4daf-b2a3-53ffda5d934a-1152x1536.jpg 1152w, https:\/\/www.radiopiu.net\/wordpress\/wp-content\/uploads\/2021\/04\/39205300-6ff9-4daf-b2a3-53ffda5d934a.jpg 1200w\" sizes=\"auto, (max-width: 225px) 100vw, 225px\" \/><\/a>\n\t\t\t\t<\/dt><\/dl><br style=\"clear: both\" \/>\n\t\t\t<\/div>\n\n<p>&nbsp;<\/p>\n<hr \/>\n<p>&nbsp;<\/p>\n<blockquote>\n<h3>PROGETTO &#8220;TRENO DELLE DOLOMITI&#8221;. LA DIRETTA DI RADIO PIU&#8217;<\/h3>\n<\/blockquote>\n<p><strong>REDAZIONE<\/strong> E&#8217; stato presentato negli studi di Radio Pi\u00f9 il progetto &#8220;Treno Delle Dolomiti&#8221;.<\/p>\n<p><strong>LA DIRETTA FACEBOOK DI RADIO PIU&#8217;<\/strong><\/p>\n<p><strong>AUDIO DALLA TRASMISSIONE RADIO FM<\/strong><\/p>\n<p><strong>PARTE 1<\/strong><\/p>\n<audio class=\"wp-audio-shortcode\" id=\"audio-204962-3\" preload=\"none\" style=\"width: 100%;\" controls=\"controls\"><source type=\"audio\/mpeg\" src=\"https:\/\/www.radiopiu.net\/wordpress\/wp-content\/uploads\/2021\/04\/treno1.mp3?_=3\" \/><a href=\"https:\/\/www.radiopiu.net\/wordpress\/wp-content\/uploads\/2021\/04\/treno1.mp3\">https:\/\/www.radiopiu.net\/wordpress\/wp-content\/uploads\/2021\/04\/treno1.mp3<\/a><\/audio>\n<p><strong>PARTE 2<\/strong><\/p>\n<audio class=\"wp-audio-shortcode\" id=\"audio-204962-4\" preload=\"none\" style=\"width: 100%;\" controls=\"controls\"><source type=\"audio\/mpeg\" src=\"https:\/\/www.radiopiu.net\/wordpress\/wp-content\/uploads\/2021\/04\/treno2.mp3?_=4\" \/><a href=\"https:\/\/www.radiopiu.net\/wordpress\/wp-content\/uploads\/2021\/04\/treno2.mp3\">https:\/\/www.radiopiu.net\/wordpress\/wp-content\/uploads\/2021\/04\/treno2.mp3<\/a><\/audio>\n<p><strong>PARTE 3<\/strong><\/p>\n<audio class=\"wp-audio-shortcode\" id=\"audio-204962-5\" preload=\"none\" style=\"width: 100%;\" controls=\"controls\"><source type=\"audio\/mpeg\" src=\"https:\/\/www.radiopiu.net\/wordpress\/wp-content\/uploads\/2021\/04\/treno3.mp3?_=5\" \/><a href=\"https:\/\/www.radiopiu.net\/wordpress\/wp-content\/uploads\/2021\/04\/treno3.mp3\">https:\/\/www.radiopiu.net\/wordpress\/wp-content\/uploads\/2021\/04\/treno3.mp3<\/a><\/audio>\n<p><strong>PARTE 4<\/strong><\/p>\n<audio class=\"wp-audio-shortcode\" id=\"audio-204962-6\" preload=\"none\" style=\"width: 100%;\" controls=\"controls\"><source type=\"audio\/mpeg\" src=\"https:\/\/www.radiopiu.net\/wordpress\/wp-content\/uploads\/2021\/04\/treno4.mp3?_=6\" \/><a href=\"https:\/\/www.radiopiu.net\/wordpress\/wp-content\/uploads\/2021\/04\/treno4.mp3\">https:\/\/www.radiopiu.net\/wordpress\/wp-content\/uploads\/2021\/04\/treno4.mp3<\/a><\/audio>\n<p>&nbsp;<\/p>\n<p><strong>LA DIRETTA FACEBOOK DI RADIO PIU&#8217;<\/strong><\/p>\n<p><iframe loading=\"lazy\" title=\"IL TRENO DELLE DOLOMITI - LA PRESENTAZIONE A RADIO PIU&#039;\" width=\"1200\" height=\"675\" src=\"https:\/\/www.youtube.com\/embed\/gkLmZwi_tnY?feature=oembed\" frameborder=\"0\" allow=\"accelerometer; autoplay; clipboard-write; encrypted-media; gyroscope; picture-in-picture\" allowfullscreen><\/iframe><\/p>\n<p>&nbsp;<\/p>\n<hr \/>\n<p>&nbsp;<\/p>\n<p>&nbsp;<\/p>\n<blockquote>\n<h3>IL CONSIGLIO COMUNALE DI FALCADE APPROVA LA VARIAZIONE AL BILANCIO<\/h3>\n<\/blockquote>\n<p><strong><a href=\"https:\/\/www.radiopiu.net\/wordpress\/consiglio-comunale-di-falcade-registrazione-integrale-durata-1h33m\/falcade-3-2\/\" rel=\"attachment wp-att-163179\"><img loading=\"lazy\" decoding=\"async\" class=\"size-medium wp-image-163179 alignleft\" src=\"https:\/\/www.radiopiu.net\/wordpress\/wp-content\/uploads\/2020\/09\/FALCADE-3-300x225.jpg\" alt=\"\" width=\"300\" height=\"225\" srcset=\"https:\/\/www.radiopiu.net\/wordpress\/wp-content\/uploads\/2020\/09\/FALCADE-3-300x225.jpg 300w, https:\/\/www.radiopiu.net\/wordpress\/wp-content\/uploads\/2020\/09\/FALCADE-3-768x576.jpg 768w, https:\/\/www.radiopiu.net\/wordpress\/wp-content\/uploads\/2020\/09\/FALCADE-3-640x480.jpg 640w, https:\/\/www.radiopiu.net\/wordpress\/wp-content\/uploads\/2020\/09\/FALCADE-3.jpg 960w\" sizes=\"auto, (max-width: 300px) 100vw, 300px\" \/><\/a>FALCADE<\/strong><\/p>\n<p>di Gianni Santomaso<\/p>\n<audio class=\"wp-audio-shortcode\" id=\"audio-204962-7\" preload=\"none\" style=\"width: 100%;\" controls=\"controls\"><source type=\"audio\/mpeg\" src=\"https:\/\/www.radiopiu.net\/wordpress\/wp-content\/uploads\/2021\/04\/GIANNI-CONSIGLIO-COMUNALE-FALCADE.mp3?_=7\" \/><a href=\"https:\/\/www.radiopiu.net\/wordpress\/wp-content\/uploads\/2021\/04\/GIANNI-CONSIGLIO-COMUNALE-FALCADE.mp3\">https:\/\/www.radiopiu.net\/wordpress\/wp-content\/uploads\/2021\/04\/GIANNI-CONSIGLIO-COMUNALE-FALCADE.mp3<\/a><\/audio>\n<p>&nbsp;<\/p>\n<blockquote>\n<h3>IL CONSIGLIO COMUNALE DI FALCADE, LA DIRETTA DI RADIO PIU<\/h3>\n<\/blockquote>\n<blockquote class=\"wp-embedded-content\" data-secret=\"fENsSD09uj\"><p><a href=\"https:\/\/www.radiopiu.net\/wordpress\/diretta-consiglio-comunale-di-falcade\/\">DIRETTA, CONSIGLIO COMUNALE DI FALCADE<\/a><\/p><\/blockquote>\n<p><iframe loading=\"lazy\" class=\"wp-embedded-content\" sandbox=\"allow-scripts\" security=\"restricted\" style=\"position: absolute; clip: rect(1px, 1px, 1px, 1px);\" title=\"&#8220;DIRETTA, CONSIGLIO COMUNALE DI FALCADE&#8221; &#8212; Radio Pi\u00f9\" src=\"https:\/\/www.radiopiu.net\/wordpress\/diretta-consiglio-comunale-di-falcade\/embed\/#?secret=fENsSD09uj\" data-secret=\"fENsSD09uj\" width=\"600\" height=\"338\" frameborder=\"0\" marginwidth=\"0\" marginheight=\"0\" scrolling=\"no\"><\/iframe><\/p>\n<p>&nbsp;<\/p>\n<p>&nbsp;<\/p>\n<p>&nbsp;<\/p>\n<hr \/>\n<p>&nbsp;<\/p>\n<blockquote>\n<h3>covid LA TABELLA DELLA SITUAZIONE ATTUALE IN VENETO<\/h3>\n<\/blockquote>\n<p><strong>Dal canale Telegram <a href=\"https:\/\/t.me\/BollettiniCoronaVirus\">BOLLETTINI CORONAVIRUS<\/a><\/strong><\/p>\n<p><a href=\"https:\/\/www.radiopiu.net\/wordpress\/giornale-radiopiu-23-aprile-2021-direttore-mirko-mezzacasa\/fe083dd7-fa6e-48a8-a5c6-a150564ab758\/\" rel=\"attachment wp-att-205159\"><img loading=\"lazy\" decoding=\"async\" class=\"alignnone wp-image-205159 size-full\" src=\"https:\/\/www.radiopiu.net\/wordpress\/wp-content\/uploads\/2021\/04\/fe083dd7-fa6e-48a8-a5c6-a150564ab758.jpg\" alt=\"\" width=\"1024\" height=\"761\" srcset=\"https:\/\/www.radiopiu.net\/wordpress\/wp-content\/uploads\/2021\/04\/fe083dd7-fa6e-48a8-a5c6-a150564ab758.jpg 1024w, https:\/\/www.radiopiu.net\/wordpress\/wp-content\/uploads\/2021\/04\/fe083dd7-fa6e-48a8-a5c6-a150564ab758-300x223.jpg 300w, https:\/\/www.radiopiu.net\/wordpress\/wp-content\/uploads\/2021\/04\/fe083dd7-fa6e-48a8-a5c6-a150564ab758-768x571.jpg 768w\" sizes=\"auto, (max-width: 1024px) 100vw, 1024px\" \/><\/a><\/p>\n<p>&nbsp;<\/p>\n<blockquote class=\"wp-embedded-content\" data-secret=\"05goejRdY2\"><p><a href=\"https:\/\/www.radiopiu.net\/wordpress\/aggapr22\/\">CORONAVIRUS: AGGIORNAMENTO NAZIONALE 22 APRILE  2021<\/a><\/p><\/blockquote>\n<p><iframe loading=\"lazy\" class=\"wp-embedded-content\" sandbox=\"allow-scripts\" security=\"restricted\" style=\"position: absolute; clip: rect(1px, 1px, 1px, 1px);\" title=\"&#8220;CORONAVIRUS: AGGIORNAMENTO NAZIONALE 22 APRILE  2021&#8221; &#8212; Radio Pi\u00f9\" src=\"https:\/\/www.radiopiu.net\/wordpress\/aggapr22\/embed\/#?secret=05goejRdY2\" data-secret=\"05goejRdY2\" width=\"600\" height=\"338\" frameborder=\"0\" marginwidth=\"0\" marginheight=\"0\" scrolling=\"no\"><\/iframe><\/p>\n<p>&nbsp;<\/p>\n<blockquote class=\"wp-embedded-content\" data-secret=\"wMPI9ykwEz\"><p><a href=\"https:\/\/www.radiopiu.net\/wordpress\/ricoveri-in-calo-in-veneto-anche-nelle-ultime-24-ore-922-nuove-positivita-e-21-decessi-a-belluno-21-nuovi-positivi\/\">ANCHE NELLE ULTIME 24 ORE RICOVERI IN CALO IN VENETO, 922 NUOVE POSITIVITA&#8217; E 21 DECESSI. A BELLUNO 21 NUOVI POSITIVI<\/a><\/p><\/blockquote>\n<p><iframe loading=\"lazy\" class=\"wp-embedded-content\" sandbox=\"allow-scripts\" security=\"restricted\" style=\"position: absolute; clip: rect(1px, 1px, 1px, 1px);\" title=\"&#8220;ANCHE NELLE ULTIME 24 ORE RICOVERI IN CALO IN VENETO, 922 NUOVE POSITIVITA&#8217; E 21 DECESSI. A BELLUNO 21 NUOVI POSITIVI&#8221; &#8212; Radio Pi\u00f9\" src=\"https:\/\/www.radiopiu.net\/wordpress\/ricoveri-in-calo-in-veneto-anche-nelle-ultime-24-ore-922-nuove-positivita-e-21-decessi-a-belluno-21-nuovi-positivi\/embed\/#?secret=wMPI9ykwEz\" data-secret=\"wMPI9ykwEz\" width=\"600\" height=\"338\" frameborder=\"0\" marginwidth=\"0\" marginheight=\"0\" scrolling=\"no\"><\/iframe><\/p>\n<p>&nbsp;<\/p>\n<blockquote>\n<h3>I GRAFICI DI TIZIANO DE COL<\/h3>\n<\/blockquote>\n\n\t\t\t<style type='text\/css'>\n\t\t\t\t#gallery-4 {\n\t\t\t\t\tmargin: auto;\n\t\t\t\t}\n\t\t\t\t#gallery-4 .gallery-item {\n\t\t\t\t\tfloat: left;\n\t\t\t\t\tmargin-top: 10px;\n\t\t\t\t\ttext-align: center;\n\t\t\t\t\twidth: 20%;\n\t\t\t\t}\n\t\t\t\t#gallery-4 img {\n\t\t\t\t\tborder: 2px solid #cfcfcf;\n\t\t\t\t}\n\t\t\t\t#gallery-4 .gallery-caption {\n\t\t\t\t\tmargin-left: 0;\n\t\t\t\t}\n\t\t\t\t\/* see gallery_shortcode() in wp-includes\/media.php *\/\n\t\t\t<\/style>\n\t\t<div id='gallery-4' class='dt-gallery-container gallery galleryid-204962 gallery-columns-5 gallery-size-medium'><dl class='gallery-item'>\n\t\t\t\t<dt class='gallery-icon landscape'>\n\t\t\t\t\t<a class=\"rollover rollover-zoom dt-pswp-item\" title=\"be1e827b-da99-48cd-8740-0e9309990f5e\" data-dt-img-description=\"\" data-large_image_width=\"597\" data-large_image_height=\"351\"href='https:\/\/www.radiopiu.net\/wordpress\/wp-content\/uploads\/2021\/04\/be1e827b-da99-48cd-8740-0e9309990f5e.jpg'><img loading=\"lazy\" decoding=\"async\" width=\"300\" height=\"176\" src=\"https:\/\/www.radiopiu.net\/wordpress\/wp-content\/uploads\/2021\/04\/be1e827b-da99-48cd-8740-0e9309990f5e-300x176.jpg\" class=\"attachment-medium size-medium\" alt=\"\" srcset=\"https:\/\/www.radiopiu.net\/wordpress\/wp-content\/uploads\/2021\/04\/be1e827b-da99-48cd-8740-0e9309990f5e-300x176.jpg 300w, https:\/\/www.radiopiu.net\/wordpress\/wp-content\/uploads\/2021\/04\/be1e827b-da99-48cd-8740-0e9309990f5e.jpg 597w\" sizes=\"auto, (max-width: 300px) 100vw, 300px\" \/><\/a>\n\t\t\t\t<\/dt><\/dl><dl class='gallery-item'>\n\t\t\t\t<dt class='gallery-icon landscape'>\n\t\t\t\t\t<a class=\"rollover rollover-zoom dt-pswp-item\" title=\"07e4e0a7-8be7-4177-ae02-38c1c1185cd2\" data-dt-img-description=\"\" data-large_image_width=\"606\" data-large_image_height=\"353\"href='https:\/\/www.radiopiu.net\/wordpress\/wp-content\/uploads\/2021\/04\/07e4e0a7-8be7-4177-ae02-38c1c1185cd2.jpg'><img loading=\"lazy\" decoding=\"async\" width=\"300\" height=\"175\" src=\"https:\/\/www.radiopiu.net\/wordpress\/wp-content\/uploads\/2021\/04\/07e4e0a7-8be7-4177-ae02-38c1c1185cd2-300x175.jpg\" class=\"attachment-medium size-medium\" alt=\"\" srcset=\"https:\/\/www.radiopiu.net\/wordpress\/wp-content\/uploads\/2021\/04\/07e4e0a7-8be7-4177-ae02-38c1c1185cd2-300x175.jpg 300w, https:\/\/www.radiopiu.net\/wordpress\/wp-content\/uploads\/2021\/04\/07e4e0a7-8be7-4177-ae02-38c1c1185cd2.jpg 606w\" sizes=\"auto, (max-width: 300px) 100vw, 300px\" \/><\/a>\n\t\t\t\t<\/dt><\/dl><dl class='gallery-item'>\n\t\t\t\t<dt class='gallery-icon landscape'>\n\t\t\t\t\t<a class=\"rollover rollover-zoom dt-pswp-item\" title=\"ceba5be7-a5eb-4105-b5f9-9604faf71ebe\" data-dt-img-description=\"\" data-large_image_width=\"608\" data-large_image_height=\"351\"href='https:\/\/www.radiopiu.net\/wordpress\/wp-content\/uploads\/2021\/04\/ceba5be7-a5eb-4105-b5f9-9604faf71ebe.jpg'><img loading=\"lazy\" decoding=\"async\" width=\"300\" height=\"173\" src=\"https:\/\/www.radiopiu.net\/wordpress\/wp-content\/uploads\/2021\/04\/ceba5be7-a5eb-4105-b5f9-9604faf71ebe-300x173.jpg\" class=\"attachment-medium size-medium\" alt=\"\" srcset=\"https:\/\/www.radiopiu.net\/wordpress\/wp-content\/uploads\/2021\/04\/ceba5be7-a5eb-4105-b5f9-9604faf71ebe-300x173.jpg 300w, https:\/\/www.radiopiu.net\/wordpress\/wp-content\/uploads\/2021\/04\/ceba5be7-a5eb-4105-b5f9-9604faf71ebe.jpg 608w\" sizes=\"auto, (max-width: 300px) 100vw, 300px\" \/><\/a>\n\t\t\t\t<\/dt><\/dl><dl class='gallery-item'>\n\t\t\t\t<dt class='gallery-icon landscape'>\n\t\t\t\t\t<a class=\"rollover rollover-zoom dt-pswp-item\" title=\"bad35411-b846-4649-a1d9-15cfd543f274\" data-dt-img-description=\"\" data-large_image_width=\"600\" data-large_image_height=\"355\"href='https:\/\/www.radiopiu.net\/wordpress\/wp-content\/uploads\/2021\/04\/bad35411-b846-4649-a1d9-15cfd543f274.jpg'><img loading=\"lazy\" decoding=\"async\" width=\"300\" height=\"178\" src=\"https:\/\/www.radiopiu.net\/wordpress\/wp-content\/uploads\/2021\/04\/bad35411-b846-4649-a1d9-15cfd543f274-300x178.jpg\" class=\"attachment-medium size-medium\" alt=\"\" srcset=\"https:\/\/www.radiopiu.net\/wordpress\/wp-content\/uploads\/2021\/04\/bad35411-b846-4649-a1d9-15cfd543f274-300x178.jpg 300w, https:\/\/www.radiopiu.net\/wordpress\/wp-content\/uploads\/2021\/04\/bad35411-b846-4649-a1d9-15cfd543f274.jpg 600w\" sizes=\"auto, (max-width: 300px) 100vw, 300px\" \/><\/a>\n\t\t\t\t<\/dt><\/dl><dl class='gallery-item'>\n\t\t\t\t<dt class='gallery-icon landscape'>\n\t\t\t\t\t<a class=\"rollover rollover-zoom dt-pswp-item\" title=\"fdcca9cc-00c0-48b6-b760-1de730261aa9\" data-dt-img-description=\"\" data-large_image_width=\"592\" data-large_image_height=\"352\"href='https:\/\/www.radiopiu.net\/wordpress\/wp-content\/uploads\/2021\/04\/fdcca9cc-00c0-48b6-b760-1de730261aa9.jpg'><img loading=\"lazy\" decoding=\"async\" width=\"300\" height=\"178\" src=\"https:\/\/www.radiopiu.net\/wordpress\/wp-content\/uploads\/2021\/04\/fdcca9cc-00c0-48b6-b760-1de730261aa9-300x178.jpg\" class=\"attachment-medium size-medium\" alt=\"\" srcset=\"https:\/\/www.radiopiu.net\/wordpress\/wp-content\/uploads\/2021\/04\/fdcca9cc-00c0-48b6-b760-1de730261aa9-300x178.jpg 300w, https:\/\/www.radiopiu.net\/wordpress\/wp-content\/uploads\/2021\/04\/fdcca9cc-00c0-48b6-b760-1de730261aa9.jpg 592w\" sizes=\"auto, (max-width: 300px) 100vw, 300px\" \/><\/a>\n\t\t\t\t<\/dt><\/dl><br style=\"clear: both\" \/>\n\t\t\t<\/div>\n\n<p>&nbsp;<\/p>\n<hr \/>\n<p>&nbsp;<\/p>\n<blockquote>\n<h3>QUANDO LA POLITICA INDICA LE VIE D&#8217;USCITA&#8230; DA VENEZIA LUCA ZAIA IN UN VENETO SEMPRE PIU&#8217; GIALLO<\/h3>\n<\/blockquote>\n<blockquote><p><em>Non ci sono gli autobus aggiuntivi,\u00a0 \u00a0ci eravamo accordati al 60%, se poi si cambia e diventa il 70%, le scuole vanno aperte, ma noi chiediamo che si torni al 60%Gli istituti bancari avvisano che sono aumentati i risparmi. C&#8217;\u00e8 quindi liquidit\u00e0.\u00a0<\/em><\/p>\n<p><span class=\"im_message_author_wrap\"><a class=\"im_message_author\">&#x1f9a0; CORONAVIRUS NEWS || ITA<\/a><span class=\"copyonly\">: <\/span><\/span>Decreto riaperture, ira delle Regioni su coprifuoco e scuola. Fedriga: \u00abGrave cambiare in cdm accordo gi\u00e0 siglato\u00bb<\/p><\/blockquote>\n<p><strong>SITUAZIONE<\/strong> Indice Rt 0,71 incidenza 126,8 tasso occupazione terapie intensive 22%\u00a0 (soglia 30) area non critica 20% (soglia 40) a parte non cada un meteorite come la settimana scorsa siamo da zona gialla<strong>. NUOVO DECRETO<\/strong>\u00a0 Abbiamo qualche perplessit\u00e0. Portiamo avanti l&#8217;istanza delle Regioni ma anche dei Comuni. Ci vuole una ratio per leggere un decreto, tutto deve avere un senso. Il sindaco di Verona mi dice che si aprono cinema e teatri ma se resta il coprifuoco alle 22? Se possono giocare scapoli e ammogliati perch\u00e9 la palestra rimane chiusa fino al 1 giugno? Abbiamo fatto linee guida con i direttori del servizio di prevenzione non con la politica. Hanno trovato anche delle soluzioni, per i ristoranti ad esempio apertura pranzo e cena con linee guida e distanziamento anche in zona rossa fino a 2 metri da un tavolo all&#8217;altro. Che Draghi prenda in mano il dossier motivo di dibattivo, lo faremo oggi in video conferenza alle 15.30. C&#8217;\u00e8 il modo per fare un tagliando, affrontare una revisione, una situazione di buon senso e tutti possono cambiare idea che \u00e8 caratteristica dell&#8217;essere umano. <strong>IL COPRIFUOCO SCACCIA I TURISTI<\/strong> Andreste voi in vacanza in un luogo che vi costringe e rientrare in albergo o sotto la tenda del campeggio alle 10 di sera? O vi guardereste intorno per capire chi offre di meglio? La prima industria in Veneto \u00e8 il turismo con gran parte di presenze straniere. A maggio non avevamo i vaccini, gli anticorpi monoclonali, la diagnostica di oggi eppure abbiamo aperto e non mi pare ci sia stata un&#8217;estate di devastazione. Non esiste mettere a rischio la stagione turistica, si sta un attimo a perdere i clienti conquistati con il tempo.\u00a0<strong> FEDRIGA INFEROCITO PER UN TESTO DI DECRETO CONCORDATO E POI MODIFICATO<\/strong> Noi abbiamo presentato le linee guida anche in maniera tecnica con tutte le nostre istanza. Poi c&#8217;\u00e8 stata un&#8217;intesa per valutarle ma cos\u00ec non \u00e8 avvenuto. <strong>NON C&#8217;E&#8217; CONTRAPPOSIZIONE POLITICA?<\/strong> Non \u00e8 un gioco al rialzo, il nostro riferimento \u00e8 il Presidente Draghi, il segretario Salvini lo sostiene per evitare l&#8217;oblio del Paese, \u00e8 una forza politica che porta le istanze del popolo e non certo in maniera demagogica.<strong> RISTORAZIONE SERVIZIO MENSA ALL&#8217;INTERNO VANNO MESSI FUORI?<\/strong> Non \u00e8 chiaro abbiamo dato mandato all&#8217;ufficio legale di chiarire. Vogliamo fare un quesito che poi qualcuno lo metta a verbale. Come per le palestre al coperto questo \u00e8 un vulnus o come gli alberghi che la sera hanno la ristorazione. Buon senso vuole che chi ha i contratti all&#8217;interno domani li manda a casa perch\u00e9 piove all&#8217;esterno. <strong>DOVE SI FARANNO LE BATTAGLIE?<\/strong> Sulle linee guida che noi abbiamo elaborato <strong>PUNTI DI MEDIAZIONE?<\/strong> Il buon senso in alcuni aspetti non c&#8217;\u00e8. <strong>CONTRADDIAZIONI E RAPPORTI CON LE REGIONI<\/strong> Le contraddizioni ci sono ma non abbiamo mai operato contro il Governo. <strong>VISIONE POLITICHE?<\/strong> No ci sono le possibilit\u00e0 di far rispettare le istanze delle regioni con la tutela della salute, serve il confronto per risolvere i problemi.\u00a0<strong> VACCINI<\/strong> 14650 j&amp;j in arrivo per gli over60<\/p>\n<blockquote>\n<h3>L&#8217;ASSESSORE MANUELA LANZARIN<\/h3>\n<\/blockquote>\n<p><strong>SCUOLE<\/strong> Dal 7 gennaio al 22 aprile: 4723 eventi con un caso positivo che hanno portato 6281 studenti positivi, 76905 in quarantena, docenti positivi 752 in quarantena 5968. Il dato di quelli attivi al 22 aprile: attuali positivi 999 casi, 1409 studenti e 16800 in quarantena. Docenti positivi 141, in quarantena 1255 persone. Va avanti il progetto sentinella alle superiori. Partito anche il progetto per le terze medie in auto somministrazione. Ci risulta che progetti di screening di questo tipo lo faccia oltre al Veneto la Toscana. Altro dato che mette in evidenza la differenza nelle case di riposo rispetto ad inizio gennaio (inizio vaccinazione) ed ora con le vaccinazioni concluse. Ospiti positivi a gennaio 3580, ospiti positivi nella case di riposo al 31 marzo 48. I decessi, ospiti delle RSA a gennaio 892, a marzo 38. Il discorso vaccinazione in casa di riposo ha dato questi risultati.<strong> VISITE NELLE CASE DI RIPOSO\u00a0<\/strong> Previste nuove linee guida nel rispetto di numerose limitazioni ma che consentano\u00a0 ai familiari di rivedere i propri cari, linee guida che favoriscano incontri in presenza con contatto<\/p>\n<p>&nbsp;<\/p>\n<p><a href=\"https:\/\/www.facebook.com\/zaiaufficiale\/videos\/4093725367326804\">https:\/\/www.facebook.com\/zaiaufficiale\/videos\/4093725367326804<\/a><\/p>\n<p>\u200b<\/p>\n<p>\u200b<\/p>\n<hr \/>\n<p>&nbsp;<\/p>\n<blockquote>\n<h3>SERVONO NORME E GARANZIE PER I PRANZI ALL&#8217;APERTO NEI RISTORANTI DI MONTAGNA<\/h3>\n<\/blockquote>\n<p><strong><a href=\"https:\/\/www.radiopiu.net\/wordpress\/servono-norme-e-garanzie-per-i-pranzi-allaperto-nei-ristoranti-di-montagna\/ristorante-allaperto\/\" rel=\"attachment wp-att-205116\"><img loading=\"lazy\" decoding=\"async\" class=\"size-medium wp-image-205116 alignleft\" src=\"https:\/\/www.radiopiu.net\/wordpress\/wp-content\/uploads\/2021\/04\/RISTORANTE-ALLAPERTO-300x191.jpg\" alt=\"\" width=\"300\" height=\"191\" srcset=\"https:\/\/www.radiopiu.net\/wordpress\/wp-content\/uploads\/2021\/04\/RISTORANTE-ALLAPERTO-300x191.jpg 300w, https:\/\/www.radiopiu.net\/wordpress\/wp-content\/uploads\/2021\/04\/RISTORANTE-ALLAPERTO-1024x653.jpg 1024w, https:\/\/www.radiopiu.net\/wordpress\/wp-content\/uploads\/2021\/04\/RISTORANTE-ALLAPERTO-768x490.jpg 768w, https:\/\/www.radiopiu.net\/wordpress\/wp-content\/uploads\/2021\/04\/RISTORANTE-ALLAPERTO-1536x979.jpg 1536w, https:\/\/www.radiopiu.net\/wordpress\/wp-content\/uploads\/2021\/04\/RISTORANTE-ALLAPERTO.jpg 1920w\" sizes=\"auto, (max-width: 300px) 100vw, 300px\" \/><\/a>ROMA<\/strong> Marco Bussone, Presidente nazionale Uncem, entra in merito alla questione dei pranzi all&#8217;aperto nei ristoranti di montagna. Chiede norme e garanzie, in particolare per chi lavora. &#8220;<em>Alcuni Sindaci di Comuni montani hanno gi\u00e0 invitato il Comitato tecnico-scientifico a pranzo nel dehor, da lunedi &#8211; dice Bussone &#8211; Al netto degli inviti, nelle zone montane, occorre un chiarimento per ristoranti e bar, che ho sollecitato al Ministro Speranza. Nei Comuni alpini e appenninici, almeno per due mesi, mangiare all&#8217;esterno a pranzo come a cena non \u00e8 possibile. Se \u00e8 vero che ci stiamo preparando, Enti locali e imprese, per l&#8217;estate e per un turismo che potr\u00e0 avere buoni flussi, \u00e8 ancor pi\u00f9 vero che per la prossima settimana e fino a fine maggio, occorre riconoscere la specificit\u00e0 delle aree montane. La ristorazione e la somministrazione all&#8217;aperto non si pu\u00f2 fare. Non perch\u00e9 manchino gli spazi, anzi, ma perch\u00e9 le temperature non lo permettono. Anche quando questa coda di inverno lascer\u00e0 spazio alla vera primavera, \u00e8 impossibile per chi lavora mangiare all&#8217;esterno. Fino a domani, gli operai di ditte, in particolare di edilizia, che lavorano sui territori, potevano pranzare all&#8217;interno dei locali, quasi una mensa. Da lunedi questa ipotesi non \u00e8 chiara e i ristoratori, oltre che le imprese chiedono un chiarimento, che Uncem ha trasmesso in queste ore al Ministro Speranza e tramite lui al Comitato tecnico-scientifico. Anche chi ha delle verande completamente aperte, chiede un chiarimento. Mangiare all&#8217;esterno in montagna non si pu\u00f2 e la soluzione va trovata<\/em>&#8220;.<\/p>\n<p>&nbsp;<\/p>\n<p>&nbsp;<\/p>\n<hr \/>\n<p>&nbsp;<\/p>\n<blockquote>\n<h3>BOND (FI): LA MONTAGNA ANCORA UNA VOLTA E&#8217; PENALIZZATA<\/h3>\n<\/blockquote>\n<p><strong><a href=\"https:\/\/www.radiopiu.net\/wordpress\/dario-bond-e-il-bando-sul-direttore-della-fondazione-unesco\/dario-bond-12\/\" rel=\"attachment wp-att-191054\"><img loading=\"lazy\" decoding=\"async\" class=\"size-medium wp-image-191054 alignleft\" src=\"https:\/\/www.radiopiu.net\/wordpress\/wp-content\/uploads\/2021\/02\/DARIO-BOND-300x138.jpg\" alt=\"\" width=\"300\" height=\"138\" srcset=\"https:\/\/www.radiopiu.net\/wordpress\/wp-content\/uploads\/2021\/02\/DARIO-BOND-300x138.jpg 300w, https:\/\/www.radiopiu.net\/wordpress\/wp-content\/uploads\/2021\/02\/DARIO-BOND-1024x472.jpg 1024w, https:\/\/www.radiopiu.net\/wordpress\/wp-content\/uploads\/2021\/02\/DARIO-BOND-768x354.jpg 768w, https:\/\/www.radiopiu.net\/wordpress\/wp-content\/uploads\/2021\/02\/DARIO-BOND-1536x708.jpg 1536w, https:\/\/www.radiopiu.net\/wordpress\/wp-content\/uploads\/2021\/02\/DARIO-BOND.jpg 1600w\" sizes=\"auto, (max-width: 300px) 100vw, 300px\" \/><\/a>ROMA <\/strong><span class=\"s1\">\u00ab<em>Ristoranti solo all\u2019aperto e quarantena per i turisti che arrivano dall\u2019estero sono un problema di discriminazione prima ancora che economico<\/em>. Cos\u00ec in una nota il deputato di Forza Italia Dario Bond, che \u00e8 intervenuto anche alla Camera stamattina relativamente alle ultime misure anti-Covid e al Def.<\/span><span class=\"s1\">\u00bb.<\/span><\/p>\n<p>\u200b<strong>IL DEPUTATO DI FORZA ITALIA DARIO BOND<\/strong><\/p>\n<audio class=\"wp-audio-shortcode\" id=\"audio-204962-8\" preload=\"none\" style=\"width: 100%;\" controls=\"controls\"><source type=\"audio\/mpeg\" src=\"https:\/\/www.radiopiu.net\/wordpress\/wp-content\/uploads\/2021\/04\/BOND-RISTORAZIONE.mp3?_=8\" \/><a href=\"https:\/\/www.radiopiu.net\/wordpress\/wp-content\/uploads\/2021\/04\/BOND-RISTORAZIONE.mp3\">https:\/\/www.radiopiu.net\/wordpress\/wp-content\/uploads\/2021\/04\/BOND-RISTORAZIONE.mp3<\/a><\/audio>\n<p>&nbsp;<\/p>\n<p>&nbsp;<\/p>\n<hr \/>\n<p>&nbsp;<\/p>\n<blockquote>\n<h3>RISTORAZIONE ALL&#8217;APERTO. PER DARIO SCOPEL (FI) E&#8217; UN PROVVEDIMENTO &#8220;ROMANOCENTRICO&#8221;<\/h3>\n<\/blockquote>\n<p><strong><a href=\"https:\/\/www.radiopiu.net\/wordpress\/giornale-radiopiu-05-gennaio-2019-direttore-mirko-mezzacasa\/download-479\/\" rel=\"attachment wp-att-71362\"><img loading=\"lazy\" decoding=\"async\" class=\"size-full wp-image-71362 alignleft\" src=\"https:\/\/www.radiopiu.net\/wordpress\/wp-content\/uploads\/2019\/01\/download-2.jpg\" alt=\"\" width=\"183\" height=\"276\" \/><\/a>BELLUNO<\/strong> Stagione della ristorazione all&#8217;aperto: per la \u201cmezza montagna\u201d bellunese una ripartenza ad handicap che rischia di affossare il settore. Il settore della ristorazione bellunese \u00e8 in subbuglio, e con molte buone ragioni. Le nuove disposizioni del governo sulla \u201cripartenza\u201d prevedono infatti dal 26 aprile la possibilit\u00e0 di riaprire i locali di ristorazione a pranzo e cena solamente all&#8217;aperto. \u201c<em>E&#8217; un provvedimento dal sapore fortemente \u201cromanocentrico\u201d &#8211; commenta non senza una punta di ironia il coordinatore provinciale di Forza Italia Dario Scopel -, basato sul presupposto, evidentemente errato, che il territorio nazionale sia gi\u00e0 pervaso, da Vipiteno alla spiaggia di Mondello, da un tiepido clima primaverile. A qualcuno, aggiunge Scopel, sembra sfuggire che le temperature e il clima della fascia alpina e prealpina risentano, a volte anche in piena estate, di sbalzi e fenomeni che non consentono certo di pianificare una stagione interamente all&#8217;aperto!<\/em>\u201d. Una norma, quelle delle aperture di bar e ristoranti solo all&#8217;aperto che, se penalizza tutta la provincia di Belluno, si annuncia addirittura come l&#8217;anticamera di un vero e proprio flop per i territori di valle e della cosiddetta \u201cmezza montagna\u201d. \u201c<em>Se i locali dei centri cittadini, soprattutto quelli pi\u00f9 grandi, possono comunque puntare sulla presenza dei residenti e su strutture pi\u00f9 agili e modulari per rispondere alle esigenze della clientela e, d&#8217;altro canto, le strutture ricettive di alta montagna sono inserite in circuiti conosciuti e praticati dagli appassionati del settore \u2013 incalza Scopel \u2013 a pagare il prezzo pi\u00f9 altro di questo provvedimento saranno proprio le zone della \u201cmontagna di mezzo<\/em>\u201d. E non si tratta certo di una questione secondaria. Dall&#8217;Alpago al Feltrino, dal comprensorio del Grappa a quello della dorsale a cavallo tra la Valbelluna e il Trevigiano (solo per fare qualche esempio) sono molte le aree che vivono di un turismo spesso giornaliero, fatto per lo pi\u00f9 da nuclei familiari che si spostano dalle province limitrofe per trovare ambienti incontaminati e poco frequentati dove passare una giornata di relax. Zone dove, anche in piena estate, temporali e sbalzi di temperatura sono all&#8217;ordine del giorno e dove, soprattutto alla sera, \u00e8 pressoch\u00e9 impossibile pensare ad una ristorazione all&#8217;aperto. \u201c<em>Stiamo parlando di centinaia di imprese, spesso a conduzione familiare, a cui sono in molti casi collegate attivit\u00e0 altrettanto importanti di cura e tutela del territorio (malghe, agriturismi, imprese agricole), che hanno gi\u00e0 sofferto pesantemente nell&#8217;ultimo anno e mezzo gli effetti della pandemia e che attendevano questa estate 2021 come una sorta di ultima spiaggia per poter tornare a lavorare\u201d, aggiunge il coordinatore azzurro. \u201cChe sar\u00e0 di questo comparto, cos\u00ec prezioso per tutto il territorio bellunese? Come possono pianificare questi operatori spese e investimenti alla vigilia di una stagione in cui non sanno se e quando potranno accogliere i loro clienti? L&#8217;impressione di essere difronte ad un flop annunciato, con tutte le conseguenze del caso, \u00e8 purtroppo sotto gli occhi di tutti. Mi auguro che chi pu\u00f2 farlo intervenga quanto rima per rimediare a questa stortura che ha il sapore amaro dell&#8217;ingiustizia<\/em>\u201d, conclude Scopel.<\/p>\n<p>&nbsp;<\/p>\n<p>&nbsp;<\/p>\n<hr \/>\n<p>&nbsp;<\/p>\n<blockquote>\n<h3 class=\"p1\"><span class=\"s1\">DEROGHE PER LE ZONE MONTANE DOVE LE TEMPERATURE NON PERMETTONO PRANZI E CENE ALL&#8217;APERTO E RISTORI A CHI NON POTR\u00c0 APRIRE<\/span><\/h3>\n<\/blockquote>\n<p class=\"p1\"><span class=\"s1\"><strong><a href=\"https:\/\/www.radiopiu.net\/wordpress\/giornale-radiopiu-21-marzo-2021-direttore-mirko-mezzacasa\/lega-salvini\/\" rel=\"attachment wp-att-198269\"><img loading=\"lazy\" decoding=\"async\" class=\"size-full wp-image-198269 alignleft\" src=\"https:\/\/www.radiopiu.net\/wordpress\/wp-content\/uploads\/2021\/03\/LEGA-SALVINI.png\" alt=\"\" width=\"262\" height=\"262\" srcset=\"https:\/\/www.radiopiu.net\/wordpress\/wp-content\/uploads\/2021\/03\/LEGA-SALVINI.png 262w, https:\/\/www.radiopiu.net\/wordpress\/wp-content\/uploads\/2021\/03\/LEGA-SALVINI-150x150.png 150w\" sizes=\"auto, (max-width: 262px) 100vw, 262px\" \/><\/a>BELLUNO<\/strong> La Lega di Belluno ribadisce la posizione netta assunta mercoled\u00ec dal leader Salvini in Consiglio dei Ministri e poi in Parlamento e propone una misura che permetta di tamponare, in qualche modo, il danno. \u201cAncora una volta la montagna \u00e8 stata snobbata\u201d, \u00e8 il commento amareggiato del senatore Paolo Saviane. \u201c<em>Il Bellunese ha 4 milioni di presenze turistiche l&#8217;anno \u2013 dichiara il sindaco di Rocca Pietore, Andrea De Bernardin -, di cui 900 mila le fa Cortina, circa 300 mila Auronzo, 200 mila il mio comune, 280 mila Falcade, 350 mila Livinallongo e 200 mila Zoldo. Insomma, questo per dire che la gran parte del turismo si concentra nella parte alta del territorio ma qui si rischia d&#8217;ora in avanti che chi arriva non trovi dove mangiare. I ristoratori del mio territorio li sento rassegnati<\/em>\u201d. Ieri alle 14 a Rocca Pietore c&#8217;erano 10 gradi, naturalmente troppo pochi per pensare di imbandire tavolate all&#8217;aperto ed \u00e8 per questo che la Lega \u00e8 preoccupata e chiede maggior attenzione per le terre alte. \u201c<em>Noi siamo per la riapertura graduale in sicurezza, ma il Governo deve dimostrare maggior coraggio e dare risposto a chi chiede di poter lavorare \u2013 commenta Saviane -. Siamo dalla parte delle richieste, legittime, del nostro territorio<\/em>\u201d. <\/span><span class=\"s1\">Silvia Cestaro, consigliere regionale, propone deroghe per i territori in quota e, comunque, per tutte le localit\u00e0 soggette fortemente ad un andamento climatico ballerino. \u201c<em>Io temo che pi\u00f9 del 50% non apriranno da luned\u00ec \u2013 dichiara -. Trovo tutto questo una follia del tutto scollata dalla realt\u00e0. Se la gente sta mangiando e inizia a piovere, come sappiamo succede spesso in montagna, allora cosa si fa? I clienti sono costretti ad andarsene e perdono i soldi del pranzo o li perde il ristoratore? L&#8217;apertura a queste condizioni \u00e8 del tutto inaccettabile. Io credo si debba considerare la possibilit\u00e0 di una deroga in caso di brutto tempo, almeno per le localit\u00e0 dove il meteo \u00e8 difficile e capriccioso come nel Bellunese<\/em>\u201d.\u00a0\u00a0<\/span><\/p>\n<p>&nbsp;<\/p>\n<p>&nbsp;<\/p>\n<hr \/>\n<p>&nbsp;<\/p>\n<blockquote>\n<h3>RIPRESA DELL&#8217;ATTIVITA&#8217; IN PRESENZA A SCUOLA. PRIORITA&#8217; ALLA SCUOLA SCRIVE A PREFETTO, PROVINCIA, COMUNE E UST<\/h3>\n<\/blockquote>\n<p><strong><a href=\"https:\/\/www.radiopiu.net\/wordpress\/fine-anno-eccezionale\/primo-piano-gli-studenti-che-scrivono-e-leggono-gli-fogli-di-risposta-degli-esami-di-esercitazione-in-aula-della-scuola-con-lo-stress_73622-858\/\" rel=\"attachment wp-att-143128\"><img loading=\"lazy\" decoding=\"async\" class=\"size-medium wp-image-143128 alignleft\" src=\"https:\/\/www.radiopiu.net\/wordpress\/wp-content\/uploads\/2020\/06\/primo-piano-gli-studenti-che-scrivono-e-leggono-gli-fogli-di-risposta-degli-esami-di-esercitazione-in-aula-della-scuola-con-lo-stress_73622-858-300x200.jpg\" alt=\"\" width=\"300\" height=\"200\" srcset=\"https:\/\/www.radiopiu.net\/wordpress\/wp-content\/uploads\/2020\/06\/primo-piano-gli-studenti-che-scrivono-e-leggono-gli-fogli-di-risposta-degli-esami-di-esercitazione-in-aula-della-scuola-con-lo-stress_73622-858-300x200.jpg 300w, https:\/\/www.radiopiu.net\/wordpress\/wp-content\/uploads\/2020\/06\/primo-piano-gli-studenti-che-scrivono-e-leggono-gli-fogli-di-risposta-degli-esami-di-esercitazione-in-aula-della-scuola-con-lo-stress_73622-858.jpg 626w\" sizes=\"auto, (max-width: 300px) 100vw, 300px\" \/><\/a>BELLUNO <\/strong>Alla luce del dibattito e delle disposizioni in merito al ritorno in presenza di studenti e studentesse della scuola secondaria di secondo grado, nonch\u00e9 delle problematiche che su questo stanno emergendo, questa mattina, Gioved\u00ec 22 aprile 2021, il comitato Priorit\u00e0 alla Scuola di Belluno ha scritto a Prefetto, Ufficio Scolastico Territoriale, Provincia e Comune di Belluno una lettera chiedendo: Di essere messi a conoscenza dell&#8217;esistenza di un piano trasporti per il rientro al 75% come annunciato a inizio 2021 e delle effettive criticit\u00e0 del trasporto pubblico locale per consentire il rientro al 100% in presenza, Di essere messi a conoscenza delle effettive criticit\u00e0 rispetto alla capienza delle scuole (con particolare riferimento alla riduzione del numero di studenti per classe). Che tutti gli attori coinvolti si attivino per quanto di propria competenza per il raggiungimento del 100% in presenza il prima possibile e finalmente si affrontino queste problematiche in maniera strutturale e si trovino soluzioni oltre l&#8217;emergenza, per un prossimo anno scolastico in presenza, sicurezza e continuit\u00e0. Di essere messi a conoscenza dei provvedimenti che si intendono attuare per risolvere la situazione esplicitando le concrete linee di intervento previste. Dopo 14 mesi dall&#8217;inizio della pandemia non sono in alcun modo accettabili ulteriori ritardi e rinvii causati dalla totale mancanza di intervento e di programmazione nonch\u00e9 dalla mancanza di una visione complessiva del sistema scuola. A questo proposito chiediamo inoltre che fin da ora si faccia non solo il possibile, ma anche l&#8217;impossibile, per garantire il prossimo anno scolastico in presenza, sicurezza e continuit\u00e0.<\/p>\n<p>&nbsp;<\/p>\n<p>&nbsp;<\/p>\n<hr \/>\n<p>&nbsp;<\/p>\n<blockquote>\n<blockquote>\n<h3><a href=\"https:\/\/www.radiopiu.net\/wordpress\/stefano-da-zanche-sindaco-di-gosaldo-ha-giurato-inizia-la-legislatura\/79c9f1e1-b965-41be-9cbf-10134d99e6d6\/\" rel=\"attachment wp-att-164723\"><img loading=\"lazy\" decoding=\"async\" class=\"wp-image-164723 alignleft\" src=\"https:\/\/www.radiopiu.net\/wordpress\/wp-content\/uploads\/2020\/10\/79c9f1e1-b965-41be-9cbf-10134d99e6d6-300x150.jpg\" alt=\"\" width=\"180\" height=\"90\" srcset=\"https:\/\/www.radiopiu.net\/wordpress\/wp-content\/uploads\/2020\/10\/79c9f1e1-b965-41be-9cbf-10134d99e6d6-300x150.jpg 300w, https:\/\/www.radiopiu.net\/wordpress\/wp-content\/uploads\/2020\/10\/79c9f1e1-b965-41be-9cbf-10134d99e6d6-1024x512.jpg 1024w, https:\/\/www.radiopiu.net\/wordpress\/wp-content\/uploads\/2020\/10\/79c9f1e1-b965-41be-9cbf-10134d99e6d6-768x384.jpg 768w, https:\/\/www.radiopiu.net\/wordpress\/wp-content\/uploads\/2020\/10\/79c9f1e1-b965-41be-9cbf-10134d99e6d6-1536x768.jpg 1536w, https:\/\/www.radiopiu.net\/wordpress\/wp-content\/uploads\/2020\/10\/79c9f1e1-b965-41be-9cbf-10134d99e6d6.jpg 2048w\" sizes=\"auto, (max-width: 180px) 100vw, 180px\" \/><\/a>I CONSIGLIERI COMUNALI TORNANO IN MUNICIPIO, PROTETTI E DISTANZIATI<\/h3>\n<\/blockquote>\n<p><strong>GOSALDO<\/strong> Lunedi alle 18 consiglio comunale a Gosaldo, all&#8217;ordine del giorno l&#8217;esame ed approvazione del rendiconto finanziario e il conferimento della cittadinanza onoraria al Milite Ignoto, Medaglia d&#8217;oro al Valor Militare.<\/p><\/blockquote>\n<p>&nbsp;<\/p>\n<p>&nbsp;<\/p>\n<hr \/>\n<p>&nbsp;<\/p>\n<p>&nbsp;<\/p>\n<blockquote>\n<h3><a href=\"https:\/\/www.radiopiu.net\/wordpress\/elezioni-comunali-2019-alleghe\/alleghe-danilo-de-toni\/\" rel=\"attachment wp-att-86463\"><img loading=\"lazy\" decoding=\"async\" class=\"wp-image-86463 alignleft\" src=\"https:\/\/www.radiopiu.net\/wordpress\/wp-content\/uploads\/2019\/05\/ALLEGHE-DANILO-DE-TONI-257x300.jpeg\" alt=\"\" width=\"88\" height=\"103\" srcset=\"https:\/\/www.radiopiu.net\/wordpress\/wp-content\/uploads\/2019\/05\/ALLEGHE-DANILO-DE-TONI-257x300.jpeg 257w, https:\/\/www.radiopiu.net\/wordpress\/wp-content\/uploads\/2019\/05\/ALLEGHE-DANILO-DE-TONI-768x895.jpeg 768w, https:\/\/www.radiopiu.net\/wordpress\/wp-content\/uploads\/2019\/05\/ALLEGHE-DANILO-DE-TONI-879x1024.jpeg 879w, https:\/\/www.radiopiu.net\/wordpress\/wp-content\/uploads\/2019\/05\/ALLEGHE-DANILO-DE-TONI.jpeg 1373w\" sizes=\"auto, (max-width: 88px) 100vw, 88px\" \/><\/a>DANILO DE TONI CONVOCA I CONSIGLIERI IN MUNICIPIO<\/h3>\n<\/blockquote>\n<p><strong>ALLEGHE<\/strong> Mercoledi alle 18.30 consiglio comunale in riva al lago, in Municipio oppure in video conferenza. All&#8217;ordine del giorno regolamenti, convenzioni, variazioni al bilancio.<\/p>\n<p>&nbsp;<\/p>\n<p>&nbsp;<\/p>\n<p>&nbsp;<\/p>\n<p>&nbsp;<\/p>\n<hr \/>\n<p>&nbsp;<\/p>\n<p>&nbsp;<\/p>\n<blockquote>\n<h3><a href=\"https:\/\/www.radiopiu.net\/wordpress\/giornale-radiopiu-23-aprile-2021-direttore-mirko-mezzacasa\/pexels-kampus-production-5940831-2\/\" rel=\"attachment wp-att-205098\"><img loading=\"lazy\" decoding=\"async\" class=\"wp-image-205098 alignleft\" src=\"https:\/\/www.radiopiu.net\/wordpress\/wp-content\/uploads\/2021\/04\/pexels-kampus-production-5940831-1-300x200.jpg\" alt=\"\" width=\"207\" height=\"138\" srcset=\"https:\/\/www.radiopiu.net\/wordpress\/wp-content\/uploads\/2021\/04\/pexels-kampus-production-5940831-1-300x200.jpg 300w, https:\/\/www.radiopiu.net\/wordpress\/wp-content\/uploads\/2021\/04\/pexels-kampus-production-5940831-1-1024x683.jpg 1024w, https:\/\/www.radiopiu.net\/wordpress\/wp-content\/uploads\/2021\/04\/pexels-kampus-production-5940831-1-768x512.jpg 768w, https:\/\/www.radiopiu.net\/wordpress\/wp-content\/uploads\/2021\/04\/pexels-kampus-production-5940831-1-1536x1024.jpg 1536w, https:\/\/www.radiopiu.net\/wordpress\/wp-content\/uploads\/2021\/04\/pexels-kampus-production-5940831-1-2048x1365.jpg 2048w\" sizes=\"auto, (max-width: 207px) 100vw, 207px\" \/><\/a>BUONE PRATICHE PER LE POLITICHE GIOVANILI, INCONTRO CON LA MINISTRA E GLI ASSESSORI<\/h3>\n<\/blockquote>\n<p><strong>BELLUNO<\/strong>\u00a0 Incontro in remoto tra la Ministra per le politiche giovanili Fabiana Dadone e gli assessori dei comuni capoluogo, l&#8217;assessora Yuki d&#8217;Emilia per Belluno, che ha anche avuto l&#8217;opportunit\u00e0 di intervenire per portare l&#8217;esperienza delle politiche giovanili sostenute dall\u2019amministrazione Massaro nel capoluogo dolomitico ed ha sottolineato l&#8217;importanza della collaborazione con il mondo della scuola Soddisfatta per l&#8217;esito del confronto anche la rappresentante del Governo, la dichiarazione della Ministra Dadone e dei rappresentanti di ANCI <span style=\"color: #0000ff;\"><strong><a style=\"color: #0000ff;\" href=\"http:\/\/www.anci.it\/dadone-secondo-appuntamento-con-anci-per-le-buone-pratiche-da-mettere-in-rete\/\">CLICCA QUI<\/a><\/strong><\/span><\/p>\n<p>\u200b<\/p>\n<p>&nbsp;<\/p>\n<hr \/>\n<p>&nbsp;<\/p>\n<blockquote>\n<h3>BANDO HABITAT DI FONDAZIONE CARIVERONA. IL COMUNE DI BELLUNO CERCA ASSOCIAZIONI PARTNER<\/h3>\n<\/blockquote>\n<p><strong><a href=\"https:\/\/www.radiopiu.net\/wordpress\/belluno_feltre_b_panoramica-sulla-citta\/\"><img loading=\"lazy\" decoding=\"async\" class=\" wp-image-190211 alignleft\" src=\"https:\/\/www.radiopiu.net\/wordpress\/wp-content\/uploads\/2021\/02\/Belluno_Feltre_b_Panoramica-sulla-citta-300x190.jpg\" alt=\"\" width=\"145\" height=\"92\" srcset=\"https:\/\/www.radiopiu.net\/wordpress\/wp-content\/uploads\/2021\/02\/Belluno_Feltre_b_Panoramica-sulla-citta-300x190.jpg 300w, https:\/\/www.radiopiu.net\/wordpress\/wp-content\/uploads\/2021\/02\/Belluno_Feltre_b_Panoramica-sulla-citta-768x487.jpg 768w, https:\/\/www.radiopiu.net\/wordpress\/wp-content\/uploads\/2021\/02\/Belluno_Feltre_b_Panoramica-sulla-citta.jpg 1024w\" sizes=\"auto, (max-width: 145px) 100vw, 145px\" \/><\/a>BELLUNO <\/strong>In occasione della Giornata mondiale della terra, il Comune di Belluno pubblica l&#8217;avviso pubblico per ricercare nuove associazioni che affianchino le realt\u00e0 gi\u00e0 impegnate nel Bando Habitat promosso da Fondazione Cariverona. Le montagne di Buzzati: tutelare e valorizzare la media-montagna bellunese\u201d: questo il nome del progetto proposto e che ha visto nella prima fase partecipare uniti i Comuni di Belluno, Limana, Ponte nelle Alpi, le Unioni Montane Valbelluna e Belluno-Ponte nelle Alpi, l&#8217;Associazione Villa Buzzati San Pellegrino<\/p>\n<p>&nbsp;<\/p>\n<p>&nbsp;<\/p>\n<hr \/>\n<p>&nbsp;<\/p>\n<blockquote>\n<h2>LA BELLA NOVITA&#8217; PER UN TERRITORIO DA GIRO SCOPRIRE<\/h2>\n<p><em>&#8220;Benvenuti in questo gruppo dove cercheremo di postare le foto pi\u00f9 belle dei nostri giri, facendovi scoprire gli angoli pi\u00f9 belli delle nostre amate montagne e magari anche posti che neanche conoscevate&#8230;&#8221;<\/em><\/p>\n<p><a href=\"https:\/\/www.radiopiu.net\/wordpress\/giornale-radiopiu-23-aprile-2021-direttore-mirko-mezzacasa\/175719585_10221753028888286_4493050957849567432_n\/\" rel=\"attachment wp-att-205054\"><img loading=\"lazy\" decoding=\"async\" class=\"alignnone size-medium wp-image-205054\" src=\"https:\/\/www.radiopiu.net\/wordpress\/wp-content\/uploads\/2021\/04\/175719585_10221753028888286_4493050957849567432_n-300x115.jpg\" alt=\"\" width=\"300\" height=\"115\" srcset=\"https:\/\/www.radiopiu.net\/wordpress\/wp-content\/uploads\/2021\/04\/175719585_10221753028888286_4493050957849567432_n-300x115.jpg 300w, https:\/\/www.radiopiu.net\/wordpress\/wp-content\/uploads\/2021\/04\/175719585_10221753028888286_4493050957849567432_n-768x295.jpg 768w, https:\/\/www.radiopiu.net\/wordpress\/wp-content\/uploads\/2021\/04\/175719585_10221753028888286_4493050957849567432_n.jpg 820w\" sizes=\"auto, (max-width: 300px) 100vw, 300px\" \/><\/a><\/p><\/blockquote>\n<p><strong>Ecco un nuovo gruppo facebook per promuovere la vallata, far conoscere sentieri anche per le biciclette. Tanti bei luoghi\u00a0 da visitare e che molti non sanno nemmeno esistano. <\/strong><\/p>\n<p>PER SAPERNE DI PIU&#8217; <span style=\"color: #0000ff;\"><strong><a style=\"color: #0000ff;\" href=\"https:\/\/www.facebook.com\/groups\/942664679826112\/\">CLICCA QUI\u00a0<\/a><\/strong><\/span><\/p>\n<p>&nbsp;<\/p>\n<p>&nbsp;<\/p>\n<hr \/>\n<p>&nbsp;<\/p>\n<p><strong><span style=\"color: #ff0000;\">dai NOTIZIARI DEL 7 APRILE 2021<\/span><\/strong><\/p>\n<blockquote>\n<h3>LA BELLEZZA DEI GIOVANI PER IL BELLO DEL LORO TERRITORIO<\/h3>\n<\/blockquote>\n<div class=\"j83agx80\">\n<div>\n<div class=\"dwo3fsh8 g5ia77u1 rt8b4zig n8ej3o3l agehan2d sk4xxmp2 rq0escxv q9uorilb kvgmc6g5 cxmmr5t8 oygrvhab hcukyx3x jb3vyjys rz4wbd8a qt6c0cv9 a8nywdso l9j0dhe7 i1ao9s8h k4urcfbm\">\n<div class=\"j83agx80 cbu4d94t sj5x9vvc cxgpxx05\">\n<div class=\"rq0escxv l9j0dhe7 du4w35lb j83agx80 pfnyh3mw jifvfom9 ll8tlv6m owycx6da btwxx1t3 hv4rvrfc dati1w0a jb3vyjys b5q2rw42 lq239pai mysgfdmx hddg9phg\">\n<div class=\"rq0escxv l9j0dhe7 du4w35lb j83agx80 cbu4d94t g5gj957u d2edcug0 hpfvmrgz rj1gh0hx buofh1pr o8rfisnq p8fzw8mz pcp91wgn iuny7tx3 ipjc6fyt\">\n<div class=\"j83agx80 cbu4d94t ew0dbk1b irj2b8pg\">\n<div class=\"qzhwtbm6 knvmm38d\">\n<div class=\"j83agx80 cbu4d94t ew0dbk1b irj2b8pg\">\n<div class=\"qzhwtbm6 knvmm38d\">\n<div class=\"kvgmc6g5 cxmmr5t8 oygrvhab hcukyx3x c1et5uql\">\n<div dir=\"auto\"><strong><img loading=\"lazy\" decoding=\"async\" class=\"alignleft\" src=\"https:\/\/www.radiopiu.net\/wordpress\/wp-content\/uploads\/2021\/04\/162104147_118417700299839_8512856983421165924_n.png\" width=\"238\" height=\"124\" \/>AGORDO<\/strong> E&#8217; con piacere che presentiamo il progetto di un gruppo di giovani Agordini che sentono la necessit\u00e0 di mettere in risalto la vallata. Un piacere perch\u00e9 le iniziative che prendono le mosse dalla nuova generazione vanno sostenute e incentivate.\u00a0 Parliamo del progetto\u00a0 V.A.R.D.A CHE BEL, il cui acronimo significa Valorizzazione Agordino Risorse Dell\u2019Ambiente ed \u00e8 considerato una lente di ingrandimento per le attivit\u00e0 come quelle sportive, culturali,le tradizioni, attivit\u00e0 di svago, in sostanza tutto ci\u00f2 che questo posto, poco conosciuto, pu\u00f2 offrire. Il progetto consiste nella creazione di piccoli video promo sulle varie attivit\u00e0 e sulle location da visitare. V.A.R.D.A CHE BEL \u00e8 sempre in evoluzione, ben si presta a nuove idee e collaborazione. Se interessati scrivere a vardachebel2021@gmail.com<\/div>\n<\/div>\n<\/div>\n<\/div>\n<\/div>\n<\/div>\n<\/div>\n<\/div>\n<\/div>\n<\/div>\n<\/div>\n<\/div>\n<div class=\"j83agx80\">\n<div>\n<div class=\"dwo3fsh8 g5ia77u1 rt8b4zig n8ej3o3l agehan2d sk4xxmp2 rq0escxv q9uorilb kvgmc6g5 cxmmr5t8 oygrvhab hcukyx3x jb3vyjys rz4wbd8a qt6c0cv9 a8nywdso l9j0dhe7 i1ao9s8h k4urcfbm\">\n<div class=\"j83agx80 cbu4d94t sj5x9vvc cxgpxx05\">\n<div class=\"rq0escxv l9j0dhe7 du4w35lb j83agx80 pfnyh3mw jifvfom9 ll8tlv6m owycx6da btwxx1t3 hv4rvrfc dati1w0a jb3vyjys b5q2rw42 lq239pai mysgfdmx hddg9phg\">\n<div class=\"rq0escxv l9j0dhe7 du4w35lb j83agx80 cbu4d94t g5gj957u d2edcug0 hpfvmrgz rj1gh0hx buofh1pr o8rfisnq p8fzw8mz pcp91wgn iuny7tx3 ipjc6fyt\">\n<div class=\"j83agx80 cbu4d94t ew0dbk1b irj2b8pg\">\n<div class=\"qzhwtbm6 knvmm38d\">\n<div class=\"j83agx80 cbu4d94t ew0dbk1b irj2b8pg\">\n<div class=\"qzhwtbm6 knvmm38d\">\n<div class=\"kvgmc6g5 cxmmr5t8 oygrvhab hcukyx3x c1et5uql\">\n<div dir=\"auto\"><\/div>\n<\/div>\n<\/div>\n<\/div>\n<\/div>\n<\/div>\n<\/div>\n<\/div>\n<\/div>\n<\/div>\n<\/div>\n<\/div>\n<div class=\"taijpn5t cbu4d94t j83agx80\">\n<div class=\"dwo3fsh8 g5ia77u1 rt8b4zig n8ej3o3l agehan2d sk4xxmp2 rq0escxv q9uorilb kvgmc6g5 cxmmr5t8 oygrvhab hcukyx3x jb3vyjys rz4wbd8a qt6c0cv9 a8nywdso l9j0dhe7 i1ao9s8h k4urcfbm\">\n<div class=\"j83agx80 cbu4d94t sj5x9vvc cxgpxx05\">\n<div class=\"rq0escxv l9j0dhe7 du4w35lb j83agx80 pfnyh3mw jifvfom9 ll8tlv6m owycx6da btwxx1t3 hv4rvrfc dati1w0a jb3vyjys b5q2rw42 lq239pai mysgfdmx hddg9phg\">\n<div class=\"rq0escxv l9j0dhe7 du4w35lb j83agx80 cbu4d94t g5gj957u d2edcug0 hpfvmrgz rj1gh0hx buofh1pr o8rfisnq p8fzw8mz pcp91wgn iuny7tx3 ipjc6fyt\">\n<div class=\"qzhwtbm6 knvmm38d\">Per accedere al nuovo progetto \u00e8 sufficiente cliccare la pagina facebook: <span style=\"color: #0000ff;\"><a style=\"color: #0000ff;\" href=\"https:\/\/www.facebook.com\/vardachebel\">CLICCA QUI<\/a><\/span><\/div>\n<\/div>\n<\/div>\n<\/div>\n<\/div>\n<\/div>\n<p>&nbsp;<\/p>\n<p>&nbsp;<\/p>\n<hr \/>\n<blockquote>\n<blockquote>\n<h3>LE INIZIATIVE DELLA ULSS DOLOMITI NELLA SETTIMANA DELLA SALUTE<\/h3>\n<p><em> <strong><a href=\"https:\/\/www.radiopiu.net\/wordpress\/giornale-radiopiu-20-aprile-2021-direttore-mirko-mezzacasa\/175662121_2985050705085083_3690816474886850025_n\/\" rel=\"attachment wp-att-204500\"><img loading=\"lazy\" decoding=\"async\" class=\" wp-image-204500 alignleft\" src=\"https:\/\/www.radiopiu.net\/wordpress\/wp-content\/uploads\/2021\/04\/175662121_2985050705085083_3690816474886850025_n-212x300.png\" alt=\"\" width=\"161\" height=\"228\" srcset=\"https:\/\/www.radiopiu.net\/wordpress\/wp-content\/uploads\/2021\/04\/175662121_2985050705085083_3690816474886850025_n-212x300.png 212w, https:\/\/www.radiopiu.net\/wordpress\/wp-content\/uploads\/2021\/04\/175662121_2985050705085083_3690816474886850025_n.png 509w\" sizes=\"auto, (max-width: 161px) 100vw, 161px\" \/><\/a><\/strong>Onda &#8211; Osservatorio nazionale sulla salute della donna e di genere<\/em><\/p><\/blockquote>\n<p><strong>BELLUNO<\/strong> L\u2019Ulss Dolomiti ha aderito alla Settimana per la salute della donna, proposta a livello nazionale dal network Onda, proponendo una serie di iniziative tra il 19 e il 25 aprile in modalit\u00e0 online. <strong>\u00a0<\/strong><\/p><\/blockquote>\n<div class=\"o9v6fnle cxmmr5t8 oygrvhab hcukyx3x c1et5uql ii04i59q\">\n<div dir=\"auto\">\n<p>Per saperne di pi\u00f9 sui consigli per mantenersi in salute: <a class=\"oajrlxb2 g5ia77u1 qu0x051f esr5mh6w e9989ue4 r7d6kgcz rq0escxv nhd2j8a9 nc684nl6 p7hjln8o kvgmc6g5 cxmmr5t8 oygrvhab hcukyx3x jb3vyjys rz4wbd8a qt6c0cv9 a8nywdso i1ao9s8h esuyzwwr f1sip0of lzcic4wl py34i1dx gpro0wi8\" tabindex=\"0\" role=\"link\" href=\"https:\/\/l.facebook.com\/l.php?u=https%3A%2F%2Fbit.ly%2F32m9xIq%3Ffbclid%3DIwAR1UhNUaJWIRbBITP9FDN1pofHZwcGZAivsZ_DqQEtKjmvZlcc92-WARL8A&amp;h=AT0E4RVmXI5iI2YF2V7XflasUzk-LqbMKhiu09VOwFqgMBqMvrMZzQQ2iCLZSoV0xiaIXZaCUilcuWySagJ9D0Iq9gUA3DIm0VRncShjQWMim2dzcrcSHCkpR7xh6AoLMm1C&amp;__tn__=-UK-R&amp;c[0]=AT0tuZIxHpXBXBCU0076bLMZl02unpxhF8U17wnx9sIAs0rgrWZ8GyyvxQUkpzXDy_2pWGBSRESGbmH4IReSMs3Hs3DHk_5kkGz2w3WueZgaOGLM_WuKkxwYskqW-TajmxXy7hwPt74CBsMVvi2LNhMuuRd9b7IZgpotF6CW5lYWlsFUe2Xi-SvPWuk\" target=\"_blank\" rel=\"nofollow noopener\">https:\/\/bit.ly\/32m9xIq<\/a><\/p>\n<div>\n<div id=\"0DE9E47C-871A-4F90-8440-B190C216800A_201\" class=\"mcafee_ok\">Qui l&#8217;elenco completo delle iniziative in programma: <a class=\"oajrlxb2 g5ia77u1 qu0x051f esr5mh6w e9989ue4 r7d6kgcz rq0escxv nhd2j8a9 nc684nl6 p7hjln8o kvgmc6g5 cxmmr5t8 oygrvhab hcukyx3x jb3vyjys rz4wbd8a qt6c0cv9 a8nywdso i1ao9s8h esuyzwwr f1sip0of lzcic4wl py34i1dx gpro0wi8\" tabindex=\"0\" role=\"link\" href=\"https:\/\/bit.ly\/3eg8U8y?fbclid=IwAR3ii6iV0wnoF0bXVTXuw_JNs6ZAsbiZu-J4lquNoLlss3y32XhHu1PJrPw\" target=\"_blank\" rel=\"nofollow noopener\">https:\/\/bit.ly\/3eg8U8y<\/a><\/div>\n<\/div>\n<\/div>\n<\/div>\n<div class=\"o9v6fnle cxmmr5t8 oygrvhab hcukyx3x c1et5uql ii04i59q\">\n<div dir=\"auto\">\n<div><\/div>\n<\/div>\n<\/div>\n<p>In occasione della settimana della donna, \u00e8 stato pubblicato sulla pagina facebook dell&#8217;Ulss Dolomiti \u00e8 stato pubblicato un video informativo sulla rete anti violenza<\/p>\n<p><strong>IL VIDEO<\/strong><\/p>\n<p>https:\/\/www.facebook.com\/Ulss1Dolomiti\/videos\/481823629817350<\/p>\n<p>&nbsp;<\/p>\n<p>&nbsp;<\/p>\n<hr \/>\n<blockquote>\n<h3><\/h3>\n<h3>PER COLORO CHE HANNO SMARRITO IL PROMEMORIA DEL RICHIAMO AL VACCINO L&#8217;ULSS 1 DOLOMITI METTE A DISPOSIZIONE UN NUMERO<\/h3>\n<\/blockquote>\n<p><strong>BELLUNO <\/strong>Per coloro che hanno smarrito il promemoria dell\u2019appuntamento per la somministrazione della seconda dose di vaccino anti covid, \u00e8 possibile contattare il numero 0437 184 99 00 dal luned\u00ec al venerd\u00ec dalle 8.30 alle 16.00 e il sabato dalle 8.30 alle 12.30 per conoscere la data programmata.<\/p>\n<p>&nbsp;<\/p>\n<p>&nbsp;<\/p>\n<p>&nbsp;<\/p>\n<hr \/>\n<h3><span style=\"color: #ff99cc;\"><strong>\u00a0<\/strong><\/span><\/h3>\n<h3><span style=\"color: #ff99cc;\"><strong>GIRO D&#8217;ITALIA 2021\u00a0 <\/strong><strong>LA TAPPA NELL&#8217;AGORDINO<\/strong><\/span><\/h3>\n<a href=\"https:\/\/www.radiopiu.net\/wordpress\/wp-content\/uploads\/2021\/04\/giro-italia-sacile-cortina.pdf\" class=\"pdfemb-viewer\" style=\"\" data-width=\"max\" data-height=\"max\" data-toolbar=\"top\" data-toolbar-fixed=\"on\">giro italia sacile cortina<\/a>\n<p>&nbsp;<\/p>\n<hr \/>\n<p>&nbsp;<\/p>\n<blockquote>\n<h3>AL MUSEO BUREL DI BELLUNO &#8220;MANTRA FOR CITY&#8221;<\/h3>\n<\/blockquote>\n<p><strong><a href=\"https:\/\/www.radiopiu.net\/wordpress\/giornale-radiopiu-23-aprile-2021-direttore-mirko-mezzacasa\/invitation_mantra-for-a-city\/\" rel=\"attachment wp-att-205131\"><img loading=\"lazy\" decoding=\"async\" class=\"size-medium wp-image-205131 alignleft\" src=\"https:\/\/www.radiopiu.net\/wordpress\/wp-content\/uploads\/2021\/04\/Invitation_MANTRA-FOR-A-CITY-214x300.jpg\" alt=\"\" width=\"214\" height=\"300\" srcset=\"https:\/\/www.radiopiu.net\/wordpress\/wp-content\/uploads\/2021\/04\/Invitation_MANTRA-FOR-A-CITY-214x300.jpg 214w, https:\/\/www.radiopiu.net\/wordpress\/wp-content\/uploads\/2021\/04\/Invitation_MANTRA-FOR-A-CITY-731x1024.jpg 731w, https:\/\/www.radiopiu.net\/wordpress\/wp-content\/uploads\/2021\/04\/Invitation_MANTRA-FOR-A-CITY-768x1075.jpg 768w, https:\/\/www.radiopiu.net\/wordpress\/wp-content\/uploads\/2021\/04\/Invitation_MANTRA-FOR-A-CITY-1097x1536.jpg 1097w, https:\/\/www.radiopiu.net\/wordpress\/wp-content\/uploads\/2021\/04\/Invitation_MANTRA-FOR-A-CITY.jpg 1250w\" sizes=\"auto, (max-width: 214px) 100vw, 214px\" \/><\/a>BELLUNO<\/strong>\u00a0 Mantra for a City e\u0300 un progetto speciale del Museo Burel di Belluno. Una dedica per la citta\u0300 e i suoi abitanti che fa dell\u2019energia il proprio centro. Daniela Zangrando, direttrice del Museo e curatrice del progetto, ha chiesto ad una serie di figure che hanno un particolare rapporto con la presa dell\u2019arte sui contesti e le comunita\u0300, di regalare a Belluno delle formule. Non delle frasi qualsiasi, ma dei mantra. <em>\u00abPenso che il concetto di Mantra sia qualcosa che ha a che fare con i nostri rituali. Che segna l\u2019umano bisogno di coraggio, di forza, convertendolo in un motto, in un suono. Ha tantissimi livelli, e consolida il proprio potere oltre la narrativa che mostra<\/em>\u00bb. Il progetto e\u0300 semplicissimo nella presentazione: dal 24 aprile al 12 giugno, ogni settimana, sulla vetrata del Museo Burel comparira\u0300 un mantra. Per i passanti, per i cittadini, per le persone che lavorano lungo la via. Sono pensieri da guardare, da fotografare, da portare a casa salvati nella galleria di foto dello smartphone. A cui buttare un\u2019occhiata prima di dormire. Da inviare ad un amico. Da immaginare. Da far propri, soprattutto.<\/p>\n<p>&nbsp;<\/p>\n<p>&nbsp;<\/p>\n<hr \/>\n<p>&nbsp;<\/p>\n<blockquote>\n<h3>UN OCCHIO ALLE MERIDIANE DI AURONZO DOMEGGE, LORENZAGO E LOZZO DI CADORE<\/h3>\n<\/blockquote>\n<p><strong>di Renato Bona<\/strong><\/p>\n<p>Nel nostro \u201cviaggio\u201d attraverso \u201cLe meridiane bellunesi\u201d (che \u00e8 il titolo del libro dell\u2019esperto Gabriele Vanin, che Grafiche Antiga di Cornuda ha finito di stampare nel 1991 per la Comunit\u00e0 montana Feltrina ed il Centro per la documentazione della cultura popolare) facciamo tappa ad Auronzo, Domegge, Lorenzago e Lozzo di Cadore) per proporre dati essenziali ed una serie di immagini che, salvo diversa indicazione, sono da considerarsi dell\u2019autore della pubblicazione che, edita dalla feltrina Libreria Pilotto Editrice, \u00e8 frutto di un lavoro intrapreso nel 1984. Dobbiamo innanzi tutto ricordare che nel capitolo \u201cStoria locale dei quadranti solari\u201d Vanin scrive fra l\u2019altro che \u201cVi sono in provincia almeno altri due riferimenti (dopo quello che richiama il ritrovamento, nel 1978, durante lavori di ristrutturazione di Palazzo Bilesimo in via Cornarotta a Feltre di quattro piccoli quadranti solari emisferici, concavi, 9 centimetri di diametro &#8211; ndr.) alla presenza di meridiane in epoca romana: nel 1986 venne infatti ritrovata a Valle di Cadore una lapide databile al primo secolo d.C. (ora nel Museo della Magnifica Comunit\u00e0 Cadorina a Pieve di Cadore) che riporta un\u2019iscrizione nella quale si parla di una \u2018schola\u2019 e di un \u2018solarium\u2019 donati da L. Saufeio e, purtroppo, dello strumento non si \u00e8 trovata traccia; l\u2019altro riferimento \u00e8 in una lapide (ora nel municipio di Castellavazzo) la cui iscrizione ricorda la donazione ai Pagani Laebactes, in onore di Nerone, di un orologio con sedili da parte della famiglia romana dei Petici. Vanin annota: \u201cE\u2019 stata fatta l\u2019ipotesi che il solarium di Valle possa essere simile all\u2019\u2018horologium\u2019 di Castellavazzo e i sedili di questo corrispondere alla \u2018schola\u2019 di quello. Il riferimento a Nerone colloca anche l\u2019et\u00e0 di questo reperto al primo secolo d. C.\u201d. AURONZO. Casa privata in via Aiarnola 43, 1827 (data riportata sul quadrante assieme al nome dell\u2019autore: Tommaso Bombassei Vittor) verticale rettangolare 170&#215;120 con le scritte: \u201cL.D.S. (1827 89 giugno) Tommaso Bombassei Vittor &#8211; IBV 20.9.1898. Giovanni 2 agosto 1938 XVI E. Fascista\u201d; si tratta secondo Vanin, con ogni probabilit\u00e0, delle date e degli autori dello strumento e dei ripassi; in discrete condizioni; Casa privata del 1769 in via Cella 40, probabilmente del XVIII secolo: coppie di verticali rettangolari 250&#215;170; quello di sinistra \u00e8 a ore italiche quello a destra a ore francesi (o tedesche come dice l\u2019iscrizione). A sinistra un motto solo in parte decifrabile a differenza dell\u2019altro. Hotel L Sole di via Ligonto 61, 1988, autore Leonardo Manaigo, verticale semicircolare 170&#215;70, in ottime condizioni; Casa privata nella localit\u00e0 Foletto, 1987, autore ancora Manaigo, verticale circolare 150 centimetri, privo di stilo, reca il motto: \u201cNil difficile volenti\u201d, in ottime condizioni; Casa privata in via Antonio Berti 5, 1988, Manaigo, verticale semicircolazione 125&#215;78, pure in ottimo stato; Casa privata in via Tarin 37, 1987, dello stesso autore, verticale circolare circa 100 centimetri, in ottime condizioni; Casa privata in Borgo Rio Muri 2, recente, verticale quadrato 40 centimetri; si tratta di uno strumento acquistato e montato in sito, orientato in meridiano, in ottime condizioni; infine: Casa privata a Somprade 7, verticale semicircolare 105&#215;58, linee orarie francesi, in discrete condizioni. DOMEGGE. Casa privata in via Garibaldi, 1874, autori: Antonio e Giovanni Valmassoi, nonno e prozio del proprietario della casa; verticale rettangolare 180&#215;40; reca due motti parzialmente illeggibili, uno in italiano e l\u2019altro in latino; in discrete condizioni. LIORENZAGO. Casa privata in via Roma 292, 1926, verticale rettangolare 200&#215;130; reca il motto: \u201cDona a noi l\u2019ora del giorno\u201d: in buone condizioni; Casa privata in via Gartaros 328 (come l\u2019altro in zona chiamata un tempo \u201ccontrada delle meridiane\u201d dato che quasi tutte le case ne avevano una): verticale rettangolare 165&#215;150; \u00e8 in pessime condizioni; Casa privata del 1810 nella via Pecol 209: verticale rettangolare 155&#215;130, in pessime condizioni. LOZZO. Casa privata sulla statale, a destra, prima del paese: verticale quadrato 210 centimetri, in cattive condizioni; Villa del 1875 in via Da Rin, XIX secolo, verticale rettangolare 205&#215;150, in buone condizioni; Casa privata nella stessa via e identico periodo, verticale rettangolare 190&#215;110, in cattive condizioni.<\/p>\n\n\t\t\t<style type='text\/css'>\n\t\t\t\t#gallery-5 {\n\t\t\t\t\tmargin: auto;\n\t\t\t\t}\n\t\t\t\t#gallery-5 .gallery-item {\n\t\t\t\t\tfloat: left;\n\t\t\t\t\tmargin-top: 10px;\n\t\t\t\t\ttext-align: center;\n\t\t\t\t\twidth: 14%;\n\t\t\t\t}\n\t\t\t\t#gallery-5 img {\n\t\t\t\t\tborder: 2px solid #cfcfcf;\n\t\t\t\t}\n\t\t\t\t#gallery-5 .gallery-caption {\n\t\t\t\t\tmargin-left: 0;\n\t\t\t\t}\n\t\t\t\t\/* see gallery_shortcode() in wp-includes\/media.php *\/\n\t\t\t<\/style>\n\t\t<div id='gallery-5' class='dt-gallery-container gallery galleryid-204962 gallery-columns-7 gallery-size-thumbnail'><dl class='gallery-item'>\n\t\t\t\t<dt class='gallery-icon landscape'>\n\t\t\t\t\t<a class=\"rollover rollover-zoom dt-pswp-item\" title=\"176159572_154823383233681_6038545093113155486_n\" data-dt-img-description=\"\" data-large_image_width=\"1797\" data-large_image_height=\"1176\"href='https:\/\/www.radiopiu.net\/wordpress\/wp-content\/uploads\/2021\/04\/176159572_154823383233681_6038545093113155486_n.jpg'><img loading=\"lazy\" decoding=\"async\" width=\"150\" height=\"150\" src=\"https:\/\/www.radiopiu.net\/wordpress\/wp-content\/uploads\/2021\/04\/176159572_154823383233681_6038545093113155486_n-150x150.jpg\" class=\"attachment-thumbnail size-thumbnail\" alt=\"\" \/><\/a>\n\t\t\t\t<\/dt><\/dl><dl class='gallery-item'>\n\t\t\t\t<dt class='gallery-icon landscape'>\n\t\t\t\t\t<a class=\"rollover rollover-zoom dt-pswp-item\" title=\"176632966_187105943229007_1648334896823546325_n\" data-dt-img-description=\"\" data-large_image_width=\"2560\" data-large_image_height=\"1667\"href='https:\/\/www.radiopiu.net\/wordpress\/wp-content\/uploads\/2021\/04\/176632966_187105943229007_1648334896823546325_n-scaled.jpg'><img loading=\"lazy\" decoding=\"async\" width=\"150\" height=\"150\" src=\"https:\/\/www.radiopiu.net\/wordpress\/wp-content\/uploads\/2021\/04\/176632966_187105943229007_1648334896823546325_n-150x150.jpg\" class=\"attachment-thumbnail size-thumbnail\" alt=\"\" \/><\/a>\n\t\t\t\t<\/dt><\/dl><dl class='gallery-item'>\n\t\t\t\t<dt class='gallery-icon landscape'>\n\t\t\t\t\t<a class=\"rollover rollover-zoom dt-pswp-item\" title=\"176207309_191140446157131_7912030283821899287_n\" data-dt-img-description=\"\" data-large_image_width=\"1259\" data-large_image_height=\"907\"href='https:\/\/www.radiopiu.net\/wordpress\/wp-content\/uploads\/2021\/04\/176207309_191140446157131_7912030283821899287_n.jpg'><img loading=\"lazy\" decoding=\"async\" width=\"150\" height=\"150\" src=\"https:\/\/www.radiopiu.net\/wordpress\/wp-content\/uploads\/2021\/04\/176207309_191140446157131_7912030283821899287_n-150x150.jpg\" class=\"attachment-thumbnail size-thumbnail\" alt=\"\" \/><\/a>\n\t\t\t\t<\/dt><\/dl><dl class='gallery-item'>\n\t\t\t\t<dt class='gallery-icon landscape'>\n\t\t\t\t\t<a class=\"rollover rollover-zoom dt-pswp-item\" title=\"176159580_274184374402011_5735130829755905741_n\" data-dt-img-description=\"\" data-large_image_width=\"2139\" data-large_image_height=\"1414\"href='https:\/\/www.radiopiu.net\/wordpress\/wp-content\/uploads\/2021\/04\/176159580_274184374402011_5735130829755905741_n.jpg'><img loading=\"lazy\" decoding=\"async\" width=\"150\" height=\"150\" src=\"https:\/\/www.radiopiu.net\/wordpress\/wp-content\/uploads\/2021\/04\/176159580_274184374402011_5735130829755905741_n-150x150.jpg\" class=\"attachment-thumbnail size-thumbnail\" alt=\"\" \/><\/a>\n\t\t\t\t<\/dt><\/dl><dl class='gallery-item'>\n\t\t\t\t<dt class='gallery-icon landscape'>\n\t\t\t\t\t<a class=\"rollover rollover-zoom dt-pswp-item\" title=\"177452123_296931472078126_551183551100318931_n\" data-dt-img-description=\"\" data-large_image_width=\"2560\" data-large_image_height=\"1651\"href='https:\/\/www.radiopiu.net\/wordpress\/wp-content\/uploads\/2021\/04\/177452123_296931472078126_551183551100318931_n-scaled.jpg'><img loading=\"lazy\" decoding=\"async\" width=\"150\" height=\"150\" src=\"https:\/\/www.radiopiu.net\/wordpress\/wp-content\/uploads\/2021\/04\/177452123_296931472078126_551183551100318931_n-150x150.jpg\" class=\"attachment-thumbnail size-thumbnail\" alt=\"\" \/><\/a>\n\t\t\t\t<\/dt><\/dl><dl class='gallery-item'>\n\t\t\t\t<dt class='gallery-icon landscape'>\n\t\t\t\t\t<a class=\"rollover rollover-zoom dt-pswp-item\" title=\"176221115_812496122707649_8418943174698692194_n\" data-dt-img-description=\"\" data-large_image_width=\"2166\" data-large_image_height=\"1505\"href='https:\/\/www.radiopiu.net\/wordpress\/wp-content\/uploads\/2021\/04\/176221115_812496122707649_8418943174698692194_n.jpg'><img loading=\"lazy\" decoding=\"async\" width=\"150\" height=\"150\" src=\"https:\/\/www.radiopiu.net\/wordpress\/wp-content\/uploads\/2021\/04\/176221115_812496122707649_8418943174698692194_n-150x150.jpg\" class=\"attachment-thumbnail size-thumbnail\" alt=\"\" \/><\/a>\n\t\t\t\t<\/dt><\/dl><dl class='gallery-item'>\n\t\t\t\t<dt class='gallery-icon landscape'>\n\t\t\t\t\t<a class=\"rollover rollover-zoom dt-pswp-item\" title=\"175575582_983657945503223_7048230235855679580_n\" data-dt-img-description=\"\" data-large_image_width=\"1668\" data-large_image_height=\"1061\"href='https:\/\/www.radiopiu.net\/wordpress\/wp-content\/uploads\/2021\/04\/175575582_983657945503223_7048230235855679580_n.jpg'><img loading=\"lazy\" decoding=\"async\" width=\"150\" height=\"150\" src=\"https:\/\/www.radiopiu.net\/wordpress\/wp-content\/uploads\/2021\/04\/175575582_983657945503223_7048230235855679580_n-150x150.jpg\" class=\"attachment-thumbnail size-thumbnail\" alt=\"\" \/><\/a>\n\t\t\t\t<\/dt><\/dl><br style=\"clear: both\" \/>\n\t\t\t<\/div>\n\n<p>NELLE FOTO (riproduzioni dal libro di Gabriele Vanin \u201cLe meridiane bellunesi): casa di Auronzo, probabilmente del XVIII secolo, meridiana ad \u201core italiche\u201d; altro edificio auronzano, con ogni probabilit\u00e0 anche questo del XVII secolo, \u201core francesi\u201d; ancora Auronzo, anno1827; una casa del 1874 a Domegge; cos\u00ec sulla casa nella localit\u00e0 Somprade; anno 1926: casa di Lorenzago; villa di Lozzo di Cadore del diciannovesimo secolo.<\/p>\n<p>&nbsp;<\/p>\n<p>&nbsp;<\/p>\n<hr \/>\n<p>&nbsp;<\/p>\n<div class=\"b654a4as d2edcug0\">\n<h1><span style=\"color: #ff0000;\">IERI ALLA RADIO<\/span><\/h1>\n<h2><strong><a href=\"https:\/\/www.radiopiu.net\/wordpress\/fulvio-scola-e-il-nuovo-allenatore-della-nazionale-a-di-sci-di-fondo\/fulvio-scola-2\/\" rel=\"attachment wp-att-204917\"><img loading=\"lazy\" decoding=\"async\" class=\"size-medium wp-image-204917 alignleft\" src=\"https:\/\/www.radiopiu.net\/wordpress\/wp-content\/uploads\/2021\/04\/FULVIO-SCOLA-300x199.jpg\" alt=\"\" width=\"300\" height=\"199\" srcset=\"https:\/\/www.radiopiu.net\/wordpress\/wp-content\/uploads\/2021\/04\/FULVIO-SCOLA-300x199.jpg 300w, https:\/\/www.radiopiu.net\/wordpress\/wp-content\/uploads\/2021\/04\/FULVIO-SCOLA-1024x680.jpg 1024w, https:\/\/www.radiopiu.net\/wordpress\/wp-content\/uploads\/2021\/04\/FULVIO-SCOLA-768x510.jpg 768w, https:\/\/www.radiopiu.net\/wordpress\/wp-content\/uploads\/2021\/04\/FULVIO-SCOLA-1536x1020.jpg 1536w, https:\/\/www.radiopiu.net\/wordpress\/wp-content\/uploads\/2021\/04\/FULVIO-SCOLA.jpg 2048w\" sizes=\"auto, (max-width: 300px) 100vw, 300px\" \/><\/a><span style=\"color: #0000ff;\">FULVIO SCOLA, IL NUOVO ALLENATORE DELLA NAZIONALE A DI SCI DI FONDO<\/span><\/strong><\/h2>\n<p><strong>di Claudio Fontanive<\/strong><\/p>\n<audio class=\"wp-audio-shortcode\" id=\"audio-204962-9\" preload=\"none\" style=\"width: 100%;\" controls=\"controls\"><source type=\"audio\/mpeg\" src=\"https:\/\/www.radiopiu.net\/wordpress\/wp-content\/uploads\/2021\/04\/fulvio-scola.mp3?_=9\" \/><a href=\"https:\/\/www.radiopiu.net\/wordpress\/wp-content\/uploads\/2021\/04\/fulvio-scola.mp3\">https:\/\/www.radiopiu.net\/wordpress\/wp-content\/uploads\/2021\/04\/fulvio-scola.mp3<\/a><\/audio>\n<p>&nbsp;<\/p>\n<hr \/>\n<p>&nbsp;<\/p>\n<h2><strong><a href=\"https:\/\/www.radiopiu.net\/wordpress\/appuntamento-mensile-con-la-piscina-di-agordo\/piscina-agordo-2\/\" rel=\"attachment wp-att-205123\"><img loading=\"lazy\" decoding=\"async\" class=\"size-medium wp-image-205123 alignleft\" src=\"https:\/\/www.radiopiu.net\/wordpress\/wp-content\/uploads\/2021\/04\/PISCINA-AGORDO-300x225.jpg\" alt=\"\" width=\"300\" height=\"225\" srcset=\"https:\/\/www.radiopiu.net\/wordpress\/wp-content\/uploads\/2021\/04\/PISCINA-AGORDO-300x225.jpg 300w, https:\/\/www.radiopiu.net\/wordpress\/wp-content\/uploads\/2021\/04\/PISCINA-AGORDO-1024x768.jpg 1024w, https:\/\/www.radiopiu.net\/wordpress\/wp-content\/uploads\/2021\/04\/PISCINA-AGORDO-768x576.jpg 768w, https:\/\/www.radiopiu.net\/wordpress\/wp-content\/uploads\/2021\/04\/PISCINA-AGORDO-1536x1152.jpg 1536w, https:\/\/www.radiopiu.net\/wordpress\/wp-content\/uploads\/2021\/04\/PISCINA-AGORDO.jpg 1600w\" sizes=\"auto, (max-width: 300px) 100vw, 300px\" \/><\/a><span style=\"color: #33cccc;\">APPUNTAMENTO MENSILE CON LA PISCINA DI AGORDO<\/span><\/strong><\/h2>\n<p><strong>di Claudio Fontanive<\/strong><\/p>\n<p>OSPITI: Roberto Broglio e Giorgio De Nardin<\/p>\n<audio class=\"wp-audio-shortcode\" id=\"audio-204962-10\" preload=\"none\" style=\"width: 100%;\" controls=\"controls\"><source type=\"audio\/mpeg\" src=\"https:\/\/www.radiopiu.net\/wordpress\/wp-content\/uploads\/2021\/04\/de-nardin-broglio.mp3?_=10\" \/><a href=\"https:\/\/www.radiopiu.net\/wordpress\/wp-content\/uploads\/2021\/04\/de-nardin-broglio.mp3\">https:\/\/www.radiopiu.net\/wordpress\/wp-content\/uploads\/2021\/04\/de-nardin-broglio.mp3<\/a><\/audio>\n<p>&nbsp;<\/p>\n<hr \/>\n<p>&nbsp;<\/p>\n<blockquote><p>&nbsp;<\/p><\/blockquote>\n<h2><span style=\"color: #ff0000;\">dalla nuova generazione&#8230; cultura e tradizione<\/span><\/h2>\n<blockquote>\n<h3><em>PIAZA LADINA ALLA RADIO<\/em><\/h3>\n<\/blockquote>\n<p><strong>LA\u00a0 OTTAVA\u00a0 PUNTATA\u00a0 &#8220;Intervista al Gabriele Riva la so esperienza dal Poi<\/strong><\/p>\n<audio class=\"wp-audio-shortcode\" id=\"audio-204962-11\" preload=\"none\" style=\"width: 100%;\" controls=\"controls\"><source type=\"audio\/mpeg\" src=\"https:\/\/www.radiopiu.net\/wordpress\/wp-content\/uploads\/2021\/04\/Pontada-8-Intervista-al-Gabriele-Riva-la-so-esperienza-dal-Poi.mp3?_=11\" \/><a href=\"https:\/\/www.radiopiu.net\/wordpress\/wp-content\/uploads\/2021\/04\/Pontada-8-Intervista-al-Gabriele-Riva-la-so-esperienza-dal-Poi.mp3\">https:\/\/www.radiopiu.net\/wordpress\/wp-content\/uploads\/2021\/04\/Pontada-8-Intervista-al-Gabriele-Riva-la-so-esperienza-dal-Poi.mp3<\/a><\/audio>\n<p>&nbsp;<\/p>\n<blockquote>\n<h2>LA RACCOLTA COMPLETA<\/h2>\n<\/blockquote>\n<blockquote class=\"wp-embedded-content\" data-secret=\"ykXAyGuFZ8\"><p><a href=\"https:\/\/www.radiopiu.net\/wordpress\/agora-agordina-la-nosta-piaza\/\">AGORA&#8217; AGORDINA&#8230; LA NOSTA PIAZA LADINA.  pagina in aggiornamento continuo<\/a><\/p><\/blockquote>\n<p><iframe loading=\"lazy\" class=\"wp-embedded-content\" sandbox=\"allow-scripts\" security=\"restricted\" style=\"position: absolute; clip: rect(1px, 1px, 1px, 1px);\" title=\"&#8220;AGORA&#8217; AGORDINA&#8230; LA NOSTA PIAZA LADINA.  pagina in aggiornamento continuo&#8221; &#8212; Radio Pi\u00f9\" src=\"https:\/\/www.radiopiu.net\/wordpress\/agora-agordina-la-nosta-piaza\/embed\/#?secret=ykXAyGuFZ8\" data-secret=\"ykXAyGuFZ8\" width=\"600\" height=\"338\" frameborder=\"0\" marginwidth=\"0\" marginheight=\"0\" scrolling=\"no\"><\/iframe><\/p>\n<p>&nbsp;<\/p>\n<p>&nbsp;<\/p>\n<p>&nbsp;<\/p>\n<hr \/>\n<div class=\"b654a4as d2edcug0\">\n<div class=\"j83agx80 btwxx1t3 lhclo0ds hop8lmos nkwizq5d scwd0bx6 roh60bw9\">\n<div class=\"rq0escxv hkbzh7o3 jwdofwj8 n8tt0mok r8blr3vg hyh9befq\">\n<div class=\"do00u71z l9j0dhe7 k4urcfbm\">\n<div>\n<h2><span style=\"color: #000080;\"><a class=\"dt-pswp-item\" href=\"https:\/\/www.radiopiu.net\/wordpress\/wp-content\/uploads\/2020\/10\/pp.jpg\" data-dt-img-description=\"\" data-large_image_width=\"640\" data-large_image_height=\"640\"><img loading=\"lazy\" decoding=\"async\" class=\"wp-image-163678 alignleft\" src=\"https:\/\/www.radiopiu.net\/wordpress\/wp-content\/uploads\/2020\/10\/pp-300x300.jpg\" alt=\"\" width=\"106\" height=\"106\" srcset=\"https:\/\/www.radiopiu.net\/wordpress\/wp-content\/uploads\/2020\/10\/pp-300x300.jpg 300w, https:\/\/www.radiopiu.net\/wordpress\/wp-content\/uploads\/2020\/10\/pp-150x150.jpg 150w, https:\/\/www.radiopiu.net\/wordpress\/wp-content\/uploads\/2020\/10\/pp-125x125.jpg 125w, https:\/\/www.radiopiu.net\/wordpress\/wp-content\/uploads\/2020\/10\/pp-200x200.jpg 200w, https:\/\/www.radiopiu.net\/wordpress\/wp-content\/uploads\/2020\/10\/pp-80x80.jpg 80w, https:\/\/www.radiopiu.net\/wordpress\/wp-content\/uploads\/2020\/10\/pp-480x480.jpg 480w, https:\/\/www.radiopiu.net\/wordpress\/wp-content\/uploads\/2020\/10\/pp.jpg 640w\" sizes=\"auto, (max-width: 106px) 100vw, 106px\" \/><\/a><\/span><\/h2>\n<h2><span style=\"color: #000080;\">DON CESARE, IL PENSIERO DEL GIORNO. ALLA RADIO ALLE 7 DEL MATTINO E ALLE 19.30 DELLA SERA.\u00a0\u00a0<\/span><\/h2>\n<\/div>\n<\/div>\n<p>&nbsp;<\/p>\n<p>&nbsp;<\/p>\n<\/div>\n<\/div>\n<\/div>\n<audio class=\"wp-audio-shortcode\" id=\"audio-204962-12\" preload=\"none\" style=\"width: 100%;\" controls=\"controls\"><source type=\"audio\/mpeg\" src=\"https:\/\/www.radiopiu.net\/wordpress\/wp-content\/uploads\/2021\/04\/CESARE-15.mp3?_=12\" \/><a href=\"https:\/\/www.radiopiu.net\/wordpress\/wp-content\/uploads\/2021\/04\/CESARE-15.mp3\">https:\/\/www.radiopiu.net\/wordpress\/wp-content\/uploads\/2021\/04\/CESARE-15.mp3<\/a><\/audio>\n<p>&nbsp;<\/p>\n<hr \/>\n<h2><span style=\"color: #008000;\">\u00a0<\/span><\/h2>\n<h2><span style=\"color: #008000;\">ERBE E PIANTE CURATIVE&#8230;IL\u00a0 PROGRAMMA DI PAOLA LANCIATO<\/span><\/h2>\n<p><strong><a href=\"https:\/\/www.radiopiu.net\/wordpress\/giornale-radiopiu-14-aprile-2021-direttore-mirko-mezzacasa\/pianta-limone\/\" rel=\"attachment wp-att-203125\"><img loading=\"lazy\" decoding=\"async\" class=\" wp-image-203125 alignleft\" src=\"https:\/\/www.radiopiu.net\/wordpress\/wp-content\/uploads\/2021\/04\/PIANTA-LIMONE-300x200.jpg\" alt=\"\" width=\"167\" height=\"111\" srcset=\"https:\/\/www.radiopiu.net\/wordpress\/wp-content\/uploads\/2021\/04\/PIANTA-LIMONE-300x200.jpg 300w, https:\/\/www.radiopiu.net\/wordpress\/wp-content\/uploads\/2021\/04\/PIANTA-LIMONE-1024x683.jpg 1024w, https:\/\/www.radiopiu.net\/wordpress\/wp-content\/uploads\/2021\/04\/PIANTA-LIMONE-768x512.jpg 768w, https:\/\/www.radiopiu.net\/wordpress\/wp-content\/uploads\/2021\/04\/PIANTA-LIMONE-1536x1024.jpg 1536w, https:\/\/www.radiopiu.net\/wordpress\/wp-content\/uploads\/2021\/04\/PIANTA-LIMONE.jpg 1920w\" sizes=\"auto, (max-width: 167px) 100vw, 167px\" \/><\/a>PUNTATA 12, LA MARGHERITA<\/strong><\/p>\n<\/div>\n<p>&nbsp;<\/p>\n<p>&nbsp;<\/p>\n<p>&nbsp;<\/p>\n<audio class=\"wp-audio-shortcode\" id=\"audio-204962-13\" preload=\"none\" style=\"width: 100%;\" controls=\"controls\"><source type=\"audio\/mpeg\" src=\"https:\/\/www.radiopiu.net\/wordpress\/wp-content\/uploads\/2021\/04\/11-La-margherita-M.mp3?_=13\" \/><a href=\"https:\/\/www.radiopiu.net\/wordpress\/wp-content\/uploads\/2021\/04\/11-La-margherita-M.mp3\">https:\/\/www.radiopiu.net\/wordpress\/wp-content\/uploads\/2021\/04\/11-La-margherita-M.mp3<\/a><\/audio>\n<h3><strong>LA RACCOLTA COMPLETA\u00a0<\/strong><\/h3>\n<blockquote class=\"wp-embedded-content\" data-secret=\"yqEIpahUVD\"><p><a href=\"https:\/\/www.radiopiu.net\/wordpress\/erbe-e-piante-curative-il-mandorlo\/\">L\u2019ERBA VOGLIO DEL GIARDINO DEL RE\u2026 ERBE, FIORI E PIANTE DI E CON PAOLA LANCIATO<\/a><\/p><\/blockquote>\n<p><iframe loading=\"lazy\" class=\"wp-embedded-content\" sandbox=\"allow-scripts\" security=\"restricted\" style=\"position: absolute; clip: rect(1px, 1px, 1px, 1px);\" title=\"&#8220;L\u2019ERBA VOGLIO DEL GIARDINO DEL RE\u2026 ERBE, FIORI E PIANTE DI E CON PAOLA LANCIATO&#8221; &#8212; Radio Pi\u00f9\" src=\"https:\/\/www.radiopiu.net\/wordpress\/erbe-e-piante-curative-il-mandorlo\/embed\/#?secret=yqEIpahUVD\" data-secret=\"yqEIpahUVD\" width=\"600\" height=\"338\" frameborder=\"0\" marginwidth=\"0\" marginheight=\"0\" scrolling=\"no\"><\/iframe><\/p>\n<h1><\/h1>\n<p>&nbsp;<\/p>\n<p>&nbsp;<\/p>\n<hr \/>\n<div dir=\"auto\">\n<blockquote>\n<h3><\/h3>\n<h3>SALUTE E SOCIETA&#8217; IL LUNEDI ALLE 13.10 E ALLE 20.10, LA DOMENICA ALLE 10.30 A CURA DEL DOTTOR MARCO CARACCIOLO. QUINTA STAGIONE<\/h3>\n<\/blockquote>\n<p><strong>LA PUNTATA DELLA SETTIMANA del 19 aprile <\/strong>in questa edizione: Arriva in Italia la prima terapia genica per le malattie ereditarie della retina, patologie che possono portare chi ne \u00e8 colpito a una perdita quasi totale della vista sin dalla tenera et\u00e0. La maggior parte dei pazienti progredisce fino alla cecit\u00e0 totale. Francesca Simonelli, Ordinario Oftalmologia e Direttrice della Clinica Oculistica dell\u2019Universit\u00e0 della Campania Luigi Vanvitelli<\/p>\n<audio class=\"wp-audio-shortcode\" id=\"audio-204962-14\" preload=\"none\" style=\"width: 100%;\" controls=\"controls\"><source type=\"audio\/mpeg\" src=\"https:\/\/www.radiopiu.net\/wordpress\/wp-content\/uploads\/2021\/04\/SALUTE-2.mp3?_=14\" \/><a href=\"https:\/\/www.radiopiu.net\/wordpress\/wp-content\/uploads\/2021\/04\/SALUTE-2.mp3\">https:\/\/www.radiopiu.net\/wordpress\/wp-content\/uploads\/2021\/04\/SALUTE-2.mp3<\/a><\/audio>\n<h3><strong>LA RACCOLTA COMPLETA\u00a0<\/strong><\/h3>\n<\/div>\n<blockquote class=\"wp-embedded-content\" data-secret=\"45qPkyUBpa\"><p><a href=\"https:\/\/www.radiopiu.net\/wordpress\/saluteesocieta\/\">Salute e Societ\u00e0<\/a><\/p><\/blockquote>\n<p><iframe loading=\"lazy\" class=\"wp-embedded-content\" sandbox=\"allow-scripts\" security=\"restricted\" style=\"position: absolute; clip: rect(1px, 1px, 1px, 1px);\" title=\"&#8220;Salute e Societ\u00e0&#8221; &#8212; Radio Pi\u00f9\" src=\"https:\/\/www.radiopiu.net\/wordpress\/saluteesocieta\/embed\/#?secret=45qPkyUBpa\" data-secret=\"45qPkyUBpa\" width=\"600\" height=\"338\" frameborder=\"0\" marginwidth=\"0\" marginheight=\"0\" scrolling=\"no\"><\/iframe><\/p>\n<p>&nbsp;<\/p>\n<hr \/>\n<p>&nbsp;<\/p>\n<blockquote>\n<h3><\/h3>\n<\/blockquote>\n<h2><\/h2>\n<blockquote class=\"wp-embedded-content\" data-secret=\"DVIKSlNu87\"><p><a href=\"https:\/\/www.radiopiu.net\/wordpress\/io-ne-ho-viste-cose\/\">IO NE HO VISTE COSE CHE VOI NON POTRESTE IMMAGINARVI<\/a><\/p><\/blockquote>\n<p><iframe loading=\"lazy\" class=\"wp-embedded-content\" sandbox=\"allow-scripts\" security=\"restricted\" style=\"position: absolute; clip: rect(1px, 1px, 1px, 1px);\" title=\"&#8220;IO NE HO VISTE COSE CHE VOI NON POTRESTE IMMAGINARVI&#8221; &#8212; Radio Pi\u00f9\" src=\"https:\/\/www.radiopiu.net\/wordpress\/io-ne-ho-viste-cose\/embed\/#?secret=DVIKSlNu87\" data-secret=\"DVIKSlNu87\" width=\"600\" height=\"338\" frameborder=\"0\" marginwidth=\"0\" marginheight=\"0\" scrolling=\"no\"><\/iframe><\/p>\n<p>&nbsp;<\/p>\n<hr \/>\n<h1><span style=\"color: #ff0000;\"><strong>\u00a0<\/strong><\/span><\/h1>\n<h1><span style=\"color: #ff0000;\"><strong>IN VIVO VERSO 2020-21<\/strong><\/span><\/h1>\n<blockquote><p><span style=\"color: #ff0000;\"><strong>IN ONDA DAL LUNEDI AL VENERDI ALLE 7.10, 10.10, 18.50\u00a0 \u00a0<\/strong><\/span><\/p><\/blockquote>\n<blockquote class=\"wp-embedded-content\" data-secret=\"b8CmKKRHlc\"><p><a href=\"https:\/\/www.radiopiu.net\/wordpress\/vita-e-rinascina-di-antonietta-crepaz\/\">VITA E RINASCITA di ANTONIETTA CREPAZ<\/a><\/p><\/blockquote>\n<p><iframe loading=\"lazy\" class=\"wp-embedded-content\" sandbox=\"allow-scripts\" security=\"restricted\" style=\"position: absolute; clip: rect(1px, 1px, 1px, 1px);\" title=\"&#8220;VITA E RINASCITA di ANTONIETTA CREPAZ&#8221; &#8212; Radio Pi\u00f9\" src=\"https:\/\/www.radiopiu.net\/wordpress\/vita-e-rinascina-di-antonietta-crepaz\/embed\/#?secret=b8CmKKRHlc\" data-secret=\"b8CmKKRHlc\" width=\"600\" height=\"338\" frameborder=\"0\" marginwidth=\"0\" marginheight=\"0\" scrolling=\"no\"><\/iframe><\/p>\n<p><strong>LA RACCOLTA COMPLETA<\/strong><\/p>\n<blockquote class=\"wp-embedded-content\" data-secret=\"KL8KbInAoz\"><p><a href=\"https:\/\/www.radiopiu.net\/wordpress\/in-vivo-verso\/\">In Vivo Verso<\/a><\/p><\/blockquote>\n<p><iframe loading=\"lazy\" class=\"wp-embedded-content\" sandbox=\"allow-scripts\" security=\"restricted\" style=\"position: absolute; clip: rect(1px, 1px, 1px, 1px);\" title=\"&#8220;In Vivo Verso&#8221; &#8212; Radio Pi\u00f9\" src=\"https:\/\/www.radiopiu.net\/wordpress\/in-vivo-verso\/embed\/#?secret=KL8KbInAoz\" data-secret=\"KL8KbInAoz\" width=\"600\" height=\"338\" frameborder=\"0\" marginwidth=\"0\" marginheight=\"0\" scrolling=\"no\"><\/iframe><\/p>\n<p>&nbsp;<\/p>\n<hr \/>\n<p>&nbsp;<\/p>\n<p>&nbsp;<\/p>\n<h2><span style=\"color: #ff0000;\"><a href=\"https:\/\/www.radiopiu.net\/wordpress\/giornale-radiopiu-05-gennaio-2021-direttore-mirko-mezzacasa\/133200401_100838761953611_1258544160541445132_o-2\/\" rel=\"attachment wp-att-183078\"><img loading=\"lazy\" decoding=\"async\" class=\" wp-image-183078 alignleft\" src=\"https:\/\/www.radiopiu.net\/wordpress\/wp-content\/uploads\/2021\/01\/133200401_100838761953611_1258544160541445132_o-1-300x157.jpg\" alt=\"\" width=\"192\" height=\"101\" srcset=\"https:\/\/www.radiopiu.net\/wordpress\/wp-content\/uploads\/2021\/01\/133200401_100838761953611_1258544160541445132_o-1-300x157.jpg 300w, https:\/\/www.radiopiu.net\/wordpress\/wp-content\/uploads\/2021\/01\/133200401_100838761953611_1258544160541445132_o-1.jpg 526w\" sizes=\"auto, (max-width: 192px) 100vw, 192px\" \/><\/a>GOCCE DI FILOSOFIA, CON CHIARA CAU, CON LISA DE LUCA. <\/span><\/h2>\n<h2><span style=\"color: #ff0000;\">TUTTI I GIORNI DAL LUNEDI AL VENERDI ALLE 6.55 E ALLE 18.55<\/span><\/h2>\n<p><strong>PUNTATA 79<\/strong><\/p>\n<audio class=\"wp-audio-shortcode\" id=\"audio-204962-15\" preload=\"none\" style=\"width: 100%;\" controls=\"controls\"><source type=\"audio\/mpeg\" src=\"https:\/\/www.radiopiu.net\/wordpress\/wp-content\/uploads\/2021\/04\/FI4-2.mp3?_=15\" \/><a href=\"https:\/\/www.radiopiu.net\/wordpress\/wp-content\/uploads\/2021\/04\/FI4-2.mp3\">https:\/\/www.radiopiu.net\/wordpress\/wp-content\/uploads\/2021\/04\/FI4-2.mp3<\/a><\/audio>\n<p>&nbsp;<\/p>\n<h3>LA RACCOLTA COMPLETA<\/h3>\n<blockquote class=\"wp-embedded-content\" data-secret=\"4OCB5jz4em\"><p><a href=\"https:\/\/www.radiopiu.net\/wordpress\/gocce-filosofia\/\">Gocce di filosofia<\/a><\/p><\/blockquote>\n<p><iframe loading=\"lazy\" class=\"wp-embedded-content\" sandbox=\"allow-scripts\" security=\"restricted\" style=\"position: absolute; clip: rect(1px, 1px, 1px, 1px);\" title=\"&#8220;Gocce di filosofia&#8221; &#8212; Radio Pi\u00f9\" src=\"https:\/\/www.radiopiu.net\/wordpress\/gocce-filosofia\/embed\/#?secret=4OCB5jz4em\" data-secret=\"4OCB5jz4em\" width=\"600\" height=\"338\" frameborder=\"0\" marginwidth=\"0\" marginheight=\"0\" scrolling=\"no\"><\/iframe><\/p>\n<p>&nbsp;<\/p>\n<hr \/>\n<p>&nbsp;<\/p>\n<h2><\/h2>\n<h2><span style=\"color: #808000;\">DUE MINUTI UN LIBRO\u00a0 TUTTI I GIORNI ALLA RADIO ALLE 9.30 E ALLE 18. QUINTA STAGIONE\u00a0 \u00a0\u00a0<\/span><\/h2>\n<blockquote class=\"wp-embedded-content\" data-secret=\"9Ter9VDsO0\"><p><a href=\"https:\/\/www.radiopiu.net\/wordpress\/coraggiosa-come-una-ragazza\/\">CORAGGIOSA COME UNA RAGAZZA<\/a><\/p><\/blockquote>\n<p><iframe loading=\"lazy\" class=\"wp-embedded-content\" sandbox=\"allow-scripts\" security=\"restricted\" style=\"position: absolute; clip: rect(1px, 1px, 1px, 1px);\" title=\"&#8220;CORAGGIOSA COME UNA RAGAZZA&#8221; &#8212; Radio Pi\u00f9\" src=\"https:\/\/www.radiopiu.net\/wordpress\/coraggiosa-come-una-ragazza\/embed\/#?secret=9Ter9VDsO0\" data-secret=\"9Ter9VDsO0\" width=\"600\" height=\"338\" frameborder=\"0\" marginwidth=\"0\" marginheight=\"0\" scrolling=\"no\"><\/iframe><\/p>\n<h3><span style=\"color: #808000;\">\u00a0<\/span>LA RACCOLTA COMPLETA<\/h3>\n<blockquote class=\"wp-embedded-content\" data-secret=\"DF5LaiN3qs\"><p><a href=\"https:\/\/www.radiopiu.net\/wordpress\/due-minuti-un-libro\/\">Due minuti un libro<\/a><\/p><\/blockquote>\n<p><iframe loading=\"lazy\" class=\"wp-embedded-content\" sandbox=\"allow-scripts\" security=\"restricted\" style=\"position: absolute; clip: rect(1px, 1px, 1px, 1px);\" title=\"&#8220;Due minuti un libro&#8221; &#8212; Radio Pi\u00f9\" src=\"https:\/\/www.radiopiu.net\/wordpress\/due-minuti-un-libro\/embed\/#?secret=DF5LaiN3qs\" data-secret=\"DF5LaiN3qs\" width=\"600\" height=\"338\" frameborder=\"0\" marginwidth=\"0\" marginheight=\"0\" scrolling=\"no\"><\/iframe><\/p>\n<p>&nbsp;<\/p>\n<p>&nbsp;<\/p>\n<p>&nbsp;<\/p>\n<hr \/>\n<p>&nbsp;<\/p>\n<blockquote>\n<h3 class=\"kvgmc6g5 cxmmr5t8 oygrvhab hcukyx3x c1et5uql\"><span style=\"color: #0000ff;\">INFORMAZIONE il canale su TELEGRAM informazione di prima mano e in tempo reale. iscriviti ed aiutaci a farlo conoscere\u00a0<\/span><\/h3>\n<\/blockquote>\n<h2><img loading=\"lazy\" decoding=\"async\" class=\"alignleft\" src=\"https:\/\/www.radiopiu.net\/wordpress\/wp-content\/uploads\/2021\/03\/narr.jpg\" width=\"158\" height=\"105\" \/>007 IN CONDOTTA CON LA PROF. MARIA ROSA SALMAZO IL LUNEDI ALLE 10,30 E ALLE 19.00 LA DOMENICA ALLE 8 DEL MATTINO. NONA STAGIONE<\/h2>\n<p><span style=\"color: #ff0000;\"><strong>PUNTATA DEL 19 APRILE 2021<\/strong><\/span><\/p>\n<audio class=\"wp-audio-shortcode\" id=\"audio-204962-16\" preload=\"none\" style=\"width: 100%;\" controls=\"controls\"><source type=\"audio\/mpeg\" src=\"https:\/\/www.radiopiu.net\/wordpress\/wp-content\/uploads\/2021\/04\/007-condotta-19-aprile.mp3?_=16\" \/><a href=\"https:\/\/www.radiopiu.net\/wordpress\/wp-content\/uploads\/2021\/04\/007-condotta-19-aprile.mp3\">https:\/\/www.radiopiu.net\/wordpress\/wp-content\/uploads\/2021\/04\/007-condotta-19-aprile.mp3<\/a><\/audio>\n<h2>LA RACCOLTA COMPLETA<\/h2>\n<blockquote class=\"wp-embedded-content\" data-secret=\"offybqAn7H\"><p><a href=\"https:\/\/www.radiopiu.net\/wordpress\/007incondotta-9\/\">007 in condotta<\/a><\/p><\/blockquote>\n<p><iframe loading=\"lazy\" class=\"wp-embedded-content\" sandbox=\"allow-scripts\" security=\"restricted\" style=\"position: absolute; clip: rect(1px, 1px, 1px, 1px);\" title=\"&#8220;007 in condotta&#8221; &#8212; Radio Pi\u00f9\" src=\"https:\/\/www.radiopiu.net\/wordpress\/007incondotta-9\/embed\/#?secret=offybqAn7H\" data-secret=\"offybqAn7H\" width=\"600\" height=\"338\" frameborder=\"0\" marginwidth=\"0\" marginheight=\"0\" scrolling=\"no\"><\/iframe><\/p>\n<blockquote><p>&nbsp;<\/p><\/blockquote>\n<p>&nbsp;<\/p>\n<hr \/>\n<div>\n<p><span style=\"color: #33cccc;\">\u00a0<\/span><\/p>\n<h2><span style=\"color: #33cccc;\">I RACCONTI DI PAOLO SOPPELSA il lunedi alle 9.30 e 18.30<\/span><\/h2>\n<blockquote class=\"wp-embedded-content\" data-secret=\"9Pl2xHxJYi\"><p><a href=\"https:\/\/www.radiopiu.net\/wordpress\/i-racconti-di-paolo-soppelsa-settantunesima-puntata\/\">I RACCONTI DI PAOLO SOPPELSA SETTANTUNESIMA PUNTATA<\/a><\/p><\/blockquote>\n<p><iframe loading=\"lazy\" class=\"wp-embedded-content\" sandbox=\"allow-scripts\" security=\"restricted\" style=\"position: absolute; clip: rect(1px, 1px, 1px, 1px);\" title=\"&#8220;I RACCONTI DI PAOLO SOPPELSA SETTANTUNESIMA PUNTATA&#8221; &#8212; Radio Pi\u00f9\" src=\"https:\/\/www.radiopiu.net\/wordpress\/i-racconti-di-paolo-soppelsa-settantunesima-puntata\/embed\/#?secret=9Pl2xHxJYi\" data-secret=\"9Pl2xHxJYi\" width=\"600\" height=\"338\" frameborder=\"0\" marginwidth=\"0\" marginheight=\"0\" scrolling=\"no\"><\/iframe><\/p>\n<p><span style=\"color: #0000ff;\">INFORMAZIONE il canale su TELEGRAM informazione di prima mano e in tempo reale. iscriviti ed aiutaci a farlo conoscere\u00a0<\/span><\/p>\n<h2><span style=\"color: #33cccc;\"><strong>RACCOLTA COMPLETA<\/strong><\/span><\/h2>\n<blockquote class=\"wp-embedded-content\" data-secret=\"fV5HrPnsCK\"><p><a href=\"https:\/\/www.radiopiu.net\/wordpress\/i-racconti-di-paolo-soppelsa\/\">I racconti di Paolo Soppelsa<\/a><\/p><\/blockquote>\n<p><iframe loading=\"lazy\" class=\"wp-embedded-content\" sandbox=\"allow-scripts\" security=\"restricted\" style=\"position: absolute; clip: rect(1px, 1px, 1px, 1px);\" title=\"&#8220;I racconti di Paolo Soppelsa&#8221; &#8212; Radio Pi\u00f9\" src=\"https:\/\/www.radiopiu.net\/wordpress\/i-racconti-di-paolo-soppelsa\/embed\/#?secret=fV5HrPnsCK\" data-secret=\"fV5HrPnsCK\" width=\"600\" height=\"338\" frameborder=\"0\" marginwidth=\"0\" marginheight=\"0\" scrolling=\"no\"><\/iframe><\/p>\n<\/div>\n<h2><span style=\"color: #ff0000;\">\u00a0 \u00a0<\/span><\/h2>\n<hr \/>\n<p>&nbsp;<\/p>\n<h2><span style=\"color: #800080;\"><strong>LA RASSEGNA STAMPA DA L&#8217;AMICO DEL POPOLO\u00a0<\/strong><\/span><\/h2>\n<h3 class=\"kvgmc6g5 cxmmr5t8 oygrvhab hcukyx3x c1et5uql\"><span style=\"color: #0000ff;\"> INFORMAZIONE il canale su TELEGRAM informazione di prima mano e in tempo reale. iscriviti ed aiutaci a farlo conoscere\u00a0<\/span><\/h3>\n<p><strong><a href=\"https:\/\/www.radiopiu.net\/wordpress\/la-rassegna-stampa-da-lamico-del-popolo-17-aprile-2021\/hard-hat-4274431_1920\/\" rel=\"attachment wp-att-204002\"><img loading=\"lazy\" decoding=\"async\" class=\"size-medium wp-image-204002 alignleft\" src=\"https:\/\/www.radiopiu.net\/wordpress\/wp-content\/uploads\/2021\/04\/hard-hat-4274431_1920-300x169.jpg\" alt=\"\" width=\"300\" height=\"169\" srcset=\"https:\/\/www.radiopiu.net\/wordpress\/wp-content\/uploads\/2021\/04\/hard-hat-4274431_1920-300x169.jpg 300w, https:\/\/www.radiopiu.net\/wordpress\/wp-content\/uploads\/2021\/04\/hard-hat-4274431_1920-1024x576.jpg 1024w, https:\/\/www.radiopiu.net\/wordpress\/wp-content\/uploads\/2021\/04\/hard-hat-4274431_1920-768x432.jpg 768w, https:\/\/www.radiopiu.net\/wordpress\/wp-content\/uploads\/2021\/04\/hard-hat-4274431_1920-1536x864.jpg 1536w, https:\/\/www.radiopiu.net\/wordpress\/wp-content\/uploads\/2021\/04\/hard-hat-4274431_1920.jpg 1920w\" sizes=\"auto, (max-width: 300px) 100vw, 300px\" \/><\/a>di Gianni Santomaso<\/strong><\/p>\n<p>OSPITI: Francesca Case, Silvia Del Din e Alice Ganz<\/p>\n<audio class=\"wp-audio-shortcode\" id=\"audio-204962-17\" preload=\"none\" style=\"width: 100%;\" controls=\"controls\"><source type=\"audio\/mpeg\" src=\"https:\/\/www.radiopiu.net\/wordpress\/wp-content\/uploads\/2021\/04\/RASSEGNA-GIANNI-2.mp3?_=17\" \/><a href=\"https:\/\/www.radiopiu.net\/wordpress\/wp-content\/uploads\/2021\/04\/RASSEGNA-GIANNI-2.mp3\">https:\/\/www.radiopiu.net\/wordpress\/wp-content\/uploads\/2021\/04\/RASSEGNA-GIANNI-2.mp3<\/a><\/audio>\n<p><strong>LA RACCOLTA COMPLETA<\/strong><\/p>\n<blockquote class=\"wp-embedded-content\" data-secret=\"xASGWGTvZr\"><p><a href=\"https:\/\/www.radiopiu.net\/wordpress\/rassegna-stampa-di-gianni-santomaso\/\">Rassegna stampa da l&#8217;amico del popolo &#8211; di Gianni Santomaso<\/a><\/p><\/blockquote>\n<p><iframe loading=\"lazy\" class=\"wp-embedded-content\" sandbox=\"allow-scripts\" security=\"restricted\" style=\"position: absolute; clip: rect(1px, 1px, 1px, 1px);\" title=\"&#8220;Rassegna stampa da l&#8217;amico del popolo &#8211; di Gianni Santomaso&#8221; &#8212; Radio Pi\u00f9\" src=\"https:\/\/www.radiopiu.net\/wordpress\/rassegna-stampa-di-gianni-santomaso\/embed\/#?secret=xASGWGTvZr\" data-secret=\"xASGWGTvZr\" width=\"600\" height=\"338\" frameborder=\"0\" marginwidth=\"0\" marginheight=\"0\" scrolling=\"no\"><\/iframe><\/p>\n<h3><\/h3>\n<p>&nbsp;<\/p>\n<p>&nbsp;<\/p>\n<hr \/>\n<p>&nbsp;<\/p>\n<p>&nbsp;<\/p>\n<blockquote>\n<h3><a href=\"https:\/\/www.radiopiu.net\/wordpress\/almanacco-ladino-puntata-5-2020\/sn\/\" rel=\"attachment wp-att-180931\"><img loading=\"lazy\" decoding=\"async\" class=\"wp-image-180931 alignleft\" src=\"https:\/\/www.radiopiu.net\/wordpress\/wp-content\/uploads\/2020\/12\/sn-300x194.jpg\" alt=\"\" width=\"181\" height=\"117\" srcset=\"https:\/\/www.radiopiu.net\/wordpress\/wp-content\/uploads\/2020\/12\/sn-300x194.jpg 300w, https:\/\/www.radiopiu.net\/wordpress\/wp-content\/uploads\/2020\/12\/sn.jpg 626w\" sizes=\"auto, (max-width: 181px) 100vw, 181px\" \/><\/a>L&#8217;ALMANACCO LADINO CON L&#8217;ISTITUT CESA DE JAN QUINDICINALE APPUNTAMENTO. LA DOMENICA ALLE 9 IL LUNEDI ALLE 8.35 IL MARTEDI ALLE 12.35 IL MERCOLEDI ALLE 18.35. SECONDA STAGIONE.<\/h3>\n<\/blockquote>\n<p><strong>RACCOLTA COMPLETA\u00a0<\/strong><\/p>\n<blockquote class=\"wp-embedded-content\" data-secret=\"0V0Z0tUBCC\"><p><a href=\"https:\/\/www.radiopiu.net\/wordpress\/almanacco-ladino\/\">Almanacco Ladino<\/a><\/p><\/blockquote>\n<p><iframe loading=\"lazy\" class=\"wp-embedded-content\" sandbox=\"allow-scripts\" security=\"restricted\" style=\"position: absolute; clip: rect(1px, 1px, 1px, 1px);\" title=\"&#8220;Almanacco Ladino&#8221; &#8212; Radio Pi\u00f9\" src=\"https:\/\/www.radiopiu.net\/wordpress\/almanacco-ladino\/embed\/#?secret=0V0Z0tUBCC\" data-secret=\"0V0Z0tUBCC\" width=\"600\" height=\"338\" frameborder=\"0\" marginwidth=\"0\" marginheight=\"0\" scrolling=\"no\"><\/iframe><\/p>\n<div dir=\"auto\"><\/div>\n<div class=\"b654a4as d2edcug0\"><\/div>\n<p>&nbsp;<\/p>\n<hr \/>\n<p>&nbsp;<\/p>\n<blockquote>\n<h2><a href=\"https:\/\/www.radiopiu.net\/wordpress\/speciale-solidarieta-veneto\/solidarieta-veneto-3\/\" rel=\"attachment wp-att-134366\"><img loading=\"lazy\" decoding=\"async\" class=\"wp-image-134366 alignleft\" src=\"https:\/\/www.radiopiu.net\/wordpress\/wp-content\/uploads\/2020\/05\/solidariet\u00e0-veneto-300x210.jpg\" alt=\"\" width=\"102\" height=\"71\" srcset=\"https:\/\/www.radiopiu.net\/wordpress\/wp-content\/uploads\/2020\/05\/solidariet\u00e0-veneto-300x210.jpg 300w, https:\/\/www.radiopiu.net\/wordpress\/wp-content\/uploads\/2020\/05\/solidariet\u00e0-veneto-1024x717.jpg 1024w, https:\/\/www.radiopiu.net\/wordpress\/wp-content\/uploads\/2020\/05\/solidariet\u00e0-veneto-768x538.jpg 768w, https:\/\/www.radiopiu.net\/wordpress\/wp-content\/uploads\/2020\/05\/solidariet\u00e0-veneto.jpg 1373w\" sizes=\"auto, (max-width: 102px) 100vw, 102px\" \/><\/a>SOLIDARIETA&#8217; VENETO FONDO PENSIONE, IN ONDA IL PRIMO VENERDI DEL MESE ALLE 10.30 E ALLE 19.00 QUINTA STAGIONE<\/h2>\n<\/blockquote>\n<p><strong>AUDIO APRILE 2021<\/strong><\/p>\n<audio class=\"wp-audio-shortcode\" id=\"audio-204962-18\" preload=\"none\" style=\"width: 100%;\" controls=\"controls\"><source type=\"audio\/mpeg\" src=\"https:\/\/www.radiopiu.net\/wordpress\/wp-content\/uploads\/2021\/04\/solidarieta-veneto-aprile-2021.mp3?_=18\" \/><a href=\"https:\/\/www.radiopiu.net\/wordpress\/wp-content\/uploads\/2021\/04\/solidarieta-veneto-aprile-2021.mp3\">https:\/\/www.radiopiu.net\/wordpress\/wp-content\/uploads\/2021\/04\/solidarieta-veneto-aprile-2021.mp3<\/a><\/audio>\n<p>&nbsp;<\/p>\n<blockquote>\n<h2>RACCOLTA COMPLETA<\/h2>\n<\/blockquote>\n<blockquote class=\"wp-embedded-content\" data-secret=\"U7j9ImLc0E\"><p><a href=\"https:\/\/www.radiopiu.net\/wordpress\/solidarieta-veneto\/\">Solidariet\u00e0 Veneto<\/a><\/p><\/blockquote>\n<p><iframe loading=\"lazy\" class=\"wp-embedded-content\" sandbox=\"allow-scripts\" security=\"restricted\" style=\"position: absolute; clip: rect(1px, 1px, 1px, 1px);\" title=\"&#8220;Solidariet\u00e0 Veneto&#8221; &#8212; Radio Pi\u00f9\" src=\"https:\/\/www.radiopiu.net\/wordpress\/solidarieta-veneto\/embed\/#?secret=U7j9ImLc0E\" data-secret=\"U7j9ImLc0E\" width=\"600\" height=\"338\" frameborder=\"0\" marginwidth=\"0\" marginheight=\"0\" scrolling=\"no\"><\/iframe><\/p>\n<p>&nbsp;<\/p>\n<p>&nbsp;<\/p>\n<hr \/>\n<p>&nbsp;<\/p>\n<p>&nbsp;<\/p>\n<blockquote>\n<h2>FANTASTICHE DOLOMITI, NUOVA STAGIONE. APPUNTAMENTO QUINDICINALE IL GIOVEDI ALLE 10.30 E 19.00<\/h2>\n<\/blockquote>\n<h2><span style=\"color: #ff0000;\">PUNTATA NUMERO 12\u00a0 del\u00a0 14 APRILE 2021<\/span><\/h2>\n<p><strong><a href=\"https:\/\/www.radiopiu.net\/wordpress\/raccolta-completa\/121869645_648442942701436_4748562330148520081_n-2\/\" rel=\"attachment wp-att-196402\"><img loading=\"lazy\" decoding=\"async\" class=\"wp-image-196402 alignleft\" src=\"https:\/\/www.radiopiu.net\/wordpress\/wp-content\/uploads\/2021\/02\/121869645_648442942701436_4748562330148520081_n-1-300x169.jpg\" alt=\"\" width=\"160\" height=\"90\" srcset=\"https:\/\/www.radiopiu.net\/wordpress\/wp-content\/uploads\/2021\/02\/121869645_648442942701436_4748562330148520081_n-1-300x169.jpg 300w, https:\/\/www.radiopiu.net\/wordpress\/wp-content\/uploads\/2021\/02\/121869645_648442942701436_4748562330148520081_n-1-1024x576.jpg 1024w, https:\/\/www.radiopiu.net\/wordpress\/wp-content\/uploads\/2021\/02\/121869645_648442942701436_4748562330148520081_n-1-768x432.jpg 768w, https:\/\/www.radiopiu.net\/wordpress\/wp-content\/uploads\/2021\/02\/121869645_648442942701436_4748562330148520081_n-1-1536x864.jpg 1536w, https:\/\/www.radiopiu.net\/wordpress\/wp-content\/uploads\/2021\/02\/121869645_648442942701436_4748562330148520081_n-1.jpg 1707w\" sizes=\"auto, (max-width: 160px) 100vw, 160px\" \/><\/a>OSPITE IL PRESIDENTE CLAUDIO CANOVA<\/strong><\/p>\n<audio class=\"wp-audio-shortcode\" id=\"audio-204962-19\" preload=\"none\" style=\"width: 100%;\" controls=\"controls\"><source type=\"audio\/mpeg\" src=\"https:\/\/www.radiopiu.net\/wordpress\/wp-content\/uploads\/2021\/04\/fantastiche-dolomiti-14-aprile.mp3?_=19\" \/><a href=\"https:\/\/www.radiopiu.net\/wordpress\/wp-content\/uploads\/2021\/04\/fantastiche-dolomiti-14-aprile.mp3\">https:\/\/www.radiopiu.net\/wordpress\/wp-content\/uploads\/2021\/04\/fantastiche-dolomiti-14-aprile.mp3<\/a><\/audio>\n<h3>LA RACCOLTA COMPLETA<\/h3>\n<p>https:\/\/www.radiopiu.net\/wordpress\/raccolta-completa\/<\/p>\n<p>&nbsp;<\/p>\n<p>&nbsp;<\/p>\n<hr \/>\n<p>&nbsp;<\/p>\n<p>&nbsp;<\/p>\n<div>\n<h2><span style=\"color: #ff0000;\">ALLA RADIO<\/span><\/h2>\n<\/div>\n<div>\n<h2><strong>LE\u00a0 PUNTATE di Luisa Alchini di Leggermente Bellunesi, la domenica alle 11, <span style=\"color: #0000ff;\">IL MARTEDI IN PRIMA EDIZIONE\u00a0<\/span> alle 10.30 e alle 19.00<\/strong><\/h2>\n<\/div>\n<p><strong><span style=\"color: #000000;\">RACCOLTA COMPLETA<\/span><\/strong><\/p>\n<div>\n<blockquote class=\"wp-embedded-content\" data-secret=\"KIV3iYrCl9\"><p><a href=\"https:\/\/www.radiopiu.net\/wordpress\/leggermente-20\/\">LEGGERmente&#8230;Bellunesi<\/a><\/p><\/blockquote>\n<p><iframe loading=\"lazy\" class=\"wp-embedded-content\" sandbox=\"allow-scripts\" security=\"restricted\" style=\"position: absolute; clip: rect(1px, 1px, 1px, 1px);\" title=\"&#8220;LEGGERmente&#8230;Bellunesi&#8221; &#8212; Radio Pi\u00f9\" src=\"https:\/\/www.radiopiu.net\/wordpress\/leggermente-20\/embed\/#?secret=KIV3iYrCl9\" data-secret=\"KIV3iYrCl9\" width=\"600\" height=\"338\" frameborder=\"0\" marginwidth=\"0\" marginheight=\"0\" scrolling=\"no\"><\/iframe><\/p>\n<p>&nbsp;<\/p>\n<\/div>\n<div>\n<hr \/>\n<\/div>\n<p>&nbsp;<\/p>\n<h2><strong><span style=\"color: #ff0000;\">\u00a0ALLA RADIO<\/span><\/strong><\/h2>\n<div data-offset-key=\"5n5nl-0-0\">\n<h3>Per ricevere gli aggiornamenti in tempo reale delle notizie pubblicate alla radio e sul sito di radio pi\u00f9 iscriviti al gruppo RADIO PIU INFORMAZIONE su Telegram.\u00a0\u00a0<a href=\"https:\/\/t.me\/radiopiu\">clicca qui<\/a><\/h3>\n<p>&nbsp;<\/p>\n<p><strong><a class=\"dt-pswp-item\" href=\"https:\/\/www.radiopiu.net\/wordpress\/wp-content\/uploads\/2020\/01\/logo-csa.jpg\" data-dt-img-description=\"\" data-large_image_width=\"1167\" data-large_image_height=\"574\"><img loading=\"lazy\" decoding=\"async\" class=\"wp-image-113364 alignleft\" src=\"https:\/\/www.radiopiu.net\/wordpress\/wp-content\/uploads\/2020\/01\/logo-csa-300x148.jpg\" alt=\"\" width=\"182\" height=\"90\" srcset=\"https:\/\/www.radiopiu.net\/wordpress\/wp-content\/uploads\/2020\/01\/logo-csa-300x148.jpg 300w, https:\/\/www.radiopiu.net\/wordpress\/wp-content\/uploads\/2020\/01\/logo-csa-1024x504.jpg 1024w, https:\/\/www.radiopiu.net\/wordpress\/wp-content\/uploads\/2020\/01\/logo-csa-768x378.jpg 768w, https:\/\/www.radiopiu.net\/wordpress\/wp-content\/uploads\/2020\/01\/logo-csa.jpg 1167w\" sizes=\"auto, (max-width: 182px) 100vw, 182px\" \/><\/a>AGORDO<\/strong> Appuntahttps:\/\/www.radiopiu.net\/wordpress\/erbe-e-piante-curative-il-mandorlo\/mento mensile (primo venerdi del mese) con lo speciale condotto da Claudio<\/p>\n<p>Fontanive, in studio Fabrizio Campedel e Paolo Chissal\u00e8.<\/p>\n<\/div>\n<p><strong>PUNTATA DI APRILE<\/strong><\/p>\n<blockquote><audio class=\"wp-audio-shortcode\" id=\"audio-204962-20\" preload=\"none\" style=\"width: 100%;\" controls=\"controls\"><source type=\"audio\/mpeg\" src=\"https:\/\/www.radiopiu.net\/wordpress\/wp-content\/uploads\/2021\/04\/ca-sol-lux-aprile-2021.mp3?_=20\" \/><a href=\"https:\/\/www.radiopiu.net\/wordpress\/wp-content\/uploads\/2021\/04\/ca-sol-lux-aprile-2021.mp3\">https:\/\/www.radiopiu.net\/wordpress\/wp-content\/uploads\/2021\/04\/ca-sol-lux-aprile-2021.mp3<\/a><\/audio>\n<h2>RACCOLTA COMPLETA<\/h2>\n<\/blockquote>\n<blockquote class=\"wp-embedded-content\" data-secret=\"O6vG9FIEbS\"><p><a href=\"https:\/\/www.radiopiu.net\/wordpress\/cassa-solidarieta-luxottica-puntata-del-16-ottobre-2020\/\">CASSA SOLIDARIET\u00c0 LUXOTTICA &#8211; PUNTATA DEL 20 NOVEMBRE 2020<\/a><\/p><\/blockquote>\n<p><iframe loading=\"lazy\" class=\"wp-embedded-content\" sandbox=\"allow-scripts\" security=\"restricted\" style=\"position: absolute; clip: rect(1px, 1px, 1px, 1px);\" title=\"&#8220;CASSA SOLIDARIET\u00c0 LUXOTTICA &#8211; PUNTATA DEL 20 NOVEMBRE 2020&#8221; &#8212; Radio Pi\u00f9\" src=\"https:\/\/www.radiopiu.net\/wordpress\/cassa-solidarieta-luxottica-puntata-del-16-ottobre-2020\/embed\/#?secret=O6vG9FIEbS\" data-secret=\"O6vG9FIEbS\" width=\"600\" height=\"338\" frameborder=\"0\" marginwidth=\"0\" marginheight=\"0\" scrolling=\"no\"><\/iframe><\/p>\n<div><\/div>\n<p>&nbsp;<\/p>\n<p>&nbsp;<\/p>\n<hr \/>\n<blockquote>\n<h3><a style=\"font-size: 14px; font-weight: normal;\" href=\"https:\/\/www.radiopiu.net\/wordpress\/giornale-radiopiu-06-febbraio-2019-direttore-mirko-mezzacasa\/logo_spi-cgil-800x445\/\" rel=\"attachment wp-att-75538\"><img loading=\"lazy\" decoding=\"async\" class=\"wp-image-75538 alignleft\" src=\"https:\/\/www.radiopiu.net\/wordpress\/wp-content\/uploads\/2019\/02\/Logo_Spi-CGIL-800x445-300x167.jpg\" alt=\"\" width=\"210\" height=\"117\" srcset=\"https:\/\/www.radiopiu.net\/wordpress\/wp-content\/uploads\/2019\/02\/Logo_Spi-CGIL-800x445-300x167.jpg 300w, https:\/\/www.radiopiu.net\/wordpress\/wp-content\/uploads\/2019\/02\/Logo_Spi-CGIL-800x445-768x427.jpg 768w, https:\/\/www.radiopiu.net\/wordpress\/wp-content\/uploads\/2019\/02\/Logo_Spi-CGIL-800x445.jpg 800w\" sizes=\"auto, (max-width: 210px) 100vw, 210px\" \/><\/a><\/h3>\n<\/blockquote>\n<blockquote>\n<h3>ALLA RADIO, APPUNTAMENTO QUINDICINALE CON SPI-CGIL BELLUNO, IN STUDIO MARIA RITA GENTILIN<\/h3>\n<\/blockquote>\n<p><strong>di Claudio Fontanive\u00a0<\/strong><\/p>\n<p><span style=\"color: #ff0000;\"><strong>PUNTATA DEL 15 APRILE 2021<\/strong><\/span><\/p>\n<audio class=\"wp-audio-shortcode\" id=\"audio-204962-21\" preload=\"none\" style=\"width: 100%;\" controls=\"controls\"><source type=\"audio\/mpeg\" src=\"https:\/\/www.radiopiu.net\/wordpress\/wp-content\/uploads\/2021\/04\/spi-cgil-15-aprile.mp3?_=21\" \/><a href=\"https:\/\/www.radiopiu.net\/wordpress\/wp-content\/uploads\/2021\/04\/spi-cgil-15-aprile.mp3\">https:\/\/www.radiopiu.net\/wordpress\/wp-content\/uploads\/2021\/04\/spi-cgil-15-aprile.mp3<\/a><\/audio>\n<p>&nbsp;<\/p>\n<hr \/>\n<h2><span style=\"color: #ff0000;\">\u00a0<\/span><\/h2>\n<h3><\/h3>\n<blockquote class=\"wp-embedded-content\" data-secret=\"liusMzFKBR\"><p><a href=\"https:\/\/www.radiopiu.net\/wordpress\/ep-center-video-gallery\/\">EP CENTER video gallery<\/a><\/p><\/blockquote>\n<p><iframe loading=\"lazy\" class=\"wp-embedded-content\" sandbox=\"allow-scripts\" security=\"restricted\" style=\"position: absolute; clip: rect(1px, 1px, 1px, 1px);\" title=\"&#8220;EP CENTER video gallery&#8221; &#8212; Radio Pi\u00f9\" src=\"https:\/\/www.radiopiu.net\/wordpress\/ep-center-video-gallery\/embed\/#?secret=liusMzFKBR\" data-secret=\"liusMzFKBR\" width=\"600\" height=\"338\" frameborder=\"0\" marginwidth=\"0\" marginheight=\"0\" scrolling=\"no\"><\/iframe><\/p>\n<p>&nbsp;<\/p>\n<p>&nbsp;<\/p>\n<hr \/>\n<p>\u200b<\/p>\n<p>&nbsp;<\/p>\n<p><a href=\"https:\/\/www.radiopiu.net\/wordpress\/giornale-radiopiu-26-settembre-2018-direttore-mirko-mezzacasa\/viabilita-2\/\" rel=\"attachment wp-att-61954\"><img loading=\"lazy\" decoding=\"async\" class=\"wp-image-61954 size-full aligncenter\" src=\"https:\/\/www.radiopiu.net\/wordpress\/wp-content\/uploads\/2018\/09\/viabilita.jpeg\" alt=\"\" width=\"800\" height=\"100\" srcset=\"https:\/\/www.radiopiu.net\/wordpress\/wp-content\/uploads\/2018\/09\/viabilita.jpeg 800w, https:\/\/www.radiopiu.net\/wordpress\/wp-content\/uploads\/2018\/09\/viabilita-300x38.jpeg 300w, https:\/\/www.radiopiu.net\/wordpress\/wp-content\/uploads\/2018\/09\/viabilita-768x96.jpeg 768w\" sizes=\"auto, (max-width: 800px) 100vw, 800px\" \/><\/a><\/p>\n<blockquote><p><a href=\"https:\/\/www.radiopiu.net\/wordpress\/giornale-radiopiu-09-agosto-2018-direttore-mirko-mezzacasa\/viabilia\/\" rel=\"attachment wp-att-57053\"><img loading=\"lazy\" decoding=\"async\" class=\" wp-image-57053 alignleft\" src=\"https:\/\/www.radiopiu.net\/wordpress\/wp-content\/uploads\/2018\/08\/VIABILIA-300x180.jpeg\" alt=\"\" width=\"220\" height=\"132\" srcset=\"https:\/\/www.radiopiu.net\/wordpress\/wp-content\/uploads\/2018\/08\/VIABILIA-300x180.jpeg 300w, https:\/\/www.radiopiu.net\/wordpress\/wp-content\/uploads\/2018\/08\/VIABILIA-768x461.jpeg 768w, https:\/\/www.radiopiu.net\/wordpress\/wp-content\/uploads\/2018\/08\/VIABILIA-1024x614.jpeg 1024w, https:\/\/www.radiopiu.net\/wordpress\/wp-content\/uploads\/2018\/08\/VIABILIA.jpeg 1280w\" sizes=\"auto, (max-width: 220px) 100vw, 220px\" \/><\/a>La viabilit\u00e0 con gli ultimi aggiornamenti da Veneto Strade.<\/p>\n<p><span style=\"color: #ff0000;\"><strong>in onda alla radio: 4.05, 6.18, 1430,\u00a0 18.30, 23.25\u00a0<\/strong><\/span><\/p>\n<p>&nbsp;<\/p>\n<p>&nbsp;<\/p>\n<p>&nbsp;<\/p>\n<audio class=\"wp-audio-shortcode\" id=\"audio-204962-22\" preload=\"none\" style=\"width: 100%;\" controls=\"controls\"><source type=\"audio\/mpeg\" src=\"https:\/\/www.radiopiu.net\/wordpress\/wp-content\/uploads\/2021\/04\/VIABILITA-2.mp3?_=22\" \/><a href=\"https:\/\/www.radiopiu.net\/wordpress\/wp-content\/uploads\/2021\/04\/VIABILITA-2.mp3\">https:\/\/www.radiopiu.net\/wordpress\/wp-content\/uploads\/2021\/04\/VIABILITA-2.mp3<\/a><\/audio><\/blockquote>\n<hr \/>\n<p>&nbsp;<\/p>\n<div dir=\"auto\">\n<div>\n<p class=\"photoswipe-wrapper\"><a class=\"dt-pswp-item pspw-wrap-ready\" href=\"https:\/\/i0.wp.com\/www.radiopiu.net\/wordpress\/wp-content\/uploads\/2018\/09\/WhatsApp-Image-2018-09-20-at-16.04.06.jpeg?ssl=1\" data-dt-img-description=\"\" data-large_image_width=\"800\" data-large_image_height=\"100\"><img loading=\"lazy\" decoding=\"async\" class=\"aligncenter wp-image-61378 size-full jetpack-lazy-image jetpack-lazy-image--handled\" src=\"https:\/\/i0.wp.com\/www.radiopiu.net\/wordpress\/wp-content\/uploads\/2018\/09\/WhatsApp-Image-2018-09-20-at-16.04.06.jpeg?resize=800%2C100&amp;ssl=1\" sizes=\"auto, (max-width: 800px) 100vw, 800px\" srcset=\"https:\/\/i0.wp.com\/www.radiopiu.net\/wordpress\/wp-content\/uploads\/2018\/09\/WhatsApp-Image-2018-09-20-at-16.04.06.jpeg?w=800&amp;ssl=1 800w, https:\/\/i0.wp.com\/www.radiopiu.net\/wordpress\/wp-content\/uploads\/2018\/09\/WhatsApp-Image-2018-09-20-at-16.04.06.jpeg?resize=300%2C38&amp;ssl=1 300w, https:\/\/i0.wp.com\/www.radiopiu.net\/wordpress\/wp-content\/uploads\/2018\/09\/WhatsApp-Image-2018-09-20-at-16.04.06.jpeg?resize=768%2C96&amp;ssl=1 768w\" alt=\"\" width=\"800\" height=\"100\" data-lazy-loaded=\"1\" \/><\/a><\/p>\n<\/div>\n<div><\/div>\n<p>&nbsp;<\/p>\n<p><center><b>Venerdi 23<\/b><\/center><b>Tempo atteso: <\/b>Tempo ben soleggiato con cielo generalmente sereno, salvo modesti cumuli pomeridiani, specie sulle Prealpi, dove la nuvolosit\u00e0 cumuliforme potr\u00e0 essere localmente moderata e dare luogo a qualche isolato e residuo fenomeno convettivo. Alla sera non esclusa la formazione di nubi basse su alcuni settori prealpini. Ritorno di condizioni termiche primaverili nei fondovalle durante il giorno.<br \/>\n<b>Precipitazioni: <\/b>Assenti (0%), salvo isolati piovaschi sulle Prealpi occidentali (10\/20%).<br \/>\n<b>Temperature: <\/b>In generale ulteriore aumento, eccetto calo delle minime in alcune valli interessate da forte irraggiamento notturno. Sono previste punte di 18\/19\u00b0C nei fondovalle prealpini e di 11\/15\u00b0C a 1000\/1200 m. Su Prealpi a 1500 m min 2\u00b0C max 8\u00b0C, a 2000 m min 1\u00b0C max 5\u00b0C. Su Dolomiti a 2000 m min 0\u00b0C max 5\u00b0C, a 3000 m min -6\u00b0C max -4\u00b0C.<br \/>\n<b>Venti: <\/b>Nelle valli deboli per brezze, a tratti moderati nei settori solitamente pi\u00f9 ventilati; in quota deboli\/moderati da nord-ovest, a 5-10 km\/h a 2000 m e 10-20 km\/h a 3000 m.<\/p>\n<hr \/>\n<p><center><b>Sabato 24<\/b><\/center><b>Tempo atteso: <\/b>Tempo ben soleggiato con cielo generalmente sereno, salvo presenza di stratocumuli mattutini su alcuni settori delle Prealpi e delle valli dolomitiche solitamente pi\u00f9 umide, in rapido dissolvimento, e comparsa di modesti cumuli pomeridiani a ridosso delle cime, pi\u00f9 probabili sulle Prealpi. Conferma ed accentuazione del contesto termico diurno primaverile nei fondovalle.<br \/>\n<b>Precipitazioni: <\/b>Assenti (0%).<br \/>\n<b>Temperature: <\/b>In generale ulteriore aumento, salvo stazionariet\u00e0 delle minime in alcune valli. Dopo molti giorni con valori termici inferiori alla medie del periodo, saranno di nuovo toccati o superati i 20\u00b0C nei fondovalle Prealpini e i 16\/17\u00b0C a 1000\/1200 m. Su Prealpi a 1500 m min 4\u00b0C max 10\u00b0C, a 2000 m min 2\u00b0C max 6\u00b0C. Su Dolomiti a 2000 m min 2\u00b0C max 7\u00b0C, a 3000 m min -3\u00b0C max -2\u00b0C.<br \/>\n<b>Venti: <\/b>Nelle valli deboli per brezze, localmente e a tratti moderati nei settori solitamente pi\u00f9 ventilati; in quota perlopi\u00f9 deboli da nord-ovest, a tratti moderati sulle cime pi\u00f9 alte, a 5-10 km\/h a 2000 m e 10-20 km\/h a 3000 m.<\/p>\n<hr \/>\n<p><center><b>Domenica 25<\/b><\/center>Tempo da soleggiato a parzialmente soleggiato per il temporaneo transito di sottili nubi alte in grado di velare a tratti il cielo. Nelle ore pi\u00f9 calde probabile presenza di modesti cumuli a ridosso delle cime. Alla sera il cielo si coprir\u00e0 del tutto. Temperature in generale ulteriore aumento (anche 21\/22\u00b0C nei fondovalle Prealpini). Venti deboli per brezze nelle valli, a tratti moderati nei settori solitamente pi\u00f9 ventilati; in quota perlopi\u00f9 deboli da nord-ovest.<\/p>\n<hr \/>\n<p><center><b>Lunedi 26<\/b><\/center>Molte nubi stratiformi da medie ad alte al mattino, poi la nuvolosit\u00e0 s&#8217;intensificher\u00e0 e sar\u00e0 associata a deboli piogge sparse sulle Prealpi, pi\u00f9 estese sulle Dolomiti, specie a fine giornata. Il limite neve sar\u00e0 inizialmente sopra i 1900\/2000 m e scender\u00e0 fino sui 1500\/1600 m in serata. Temperature in calo, eccetto rialzo delle minime nelle valli. Venti deboli dai quadranti occidentali in quota (sud-ovest al mattino e nord-ovest al pomeriggio\/sera), deboli di direzione variabile nelle valli. Previsore: R.L.Th.<\/p>\n<p>&nbsp;<\/p>\n<hr \/>\n<p>&nbsp;<\/p>\n<\/div>\n<p><a href=\"https:\/\/www.radiopiu.net\/wordpress\/giornale-radiopiu-15-settembre-2018-direttore-mirko-mezzacasa\/sport-7\/\" rel=\"attachment wp-att-60761\"><img loading=\"lazy\" decoding=\"async\" class=\"wp-image-60761 size-full aligncenter\" src=\"https:\/\/www.radiopiu.net\/wordpress\/wp-content\/uploads\/2018\/09\/sport.jpg\" alt=\"\" width=\"800\" height=\"100\" srcset=\"https:\/\/www.radiopiu.net\/wordpress\/wp-content\/uploads\/2018\/09\/sport.jpg 800w, https:\/\/www.radiopiu.net\/wordpress\/wp-content\/uploads\/2018\/09\/sport-300x38.jpg 300w, https:\/\/www.radiopiu.net\/wordpress\/wp-content\/uploads\/2018\/09\/sport-768x96.jpg 768w\" sizes=\"auto, (max-width: 800px) 100vw, 800px\" \/><\/a><\/p>\n<p>&nbsp;<\/p>\n<p>&nbsp;<\/p>\n<blockquote>\n<h2>AL VIA IL 36esimo RALLY BELLUNESE, TRA UN MESE L&#8217;EVENTO,\u00a0 VIA ALLE ISCRIZIONI<\/h2>\n<\/blockquote>\n<p><strong><img loading=\"lazy\" decoding=\"async\" class=\"alignleft\" src=\"https:\/\/www.radiopiu.net\/wordpress\/wp-content\/uploads\/2021\/04\/Foto-cs7-scaled.jpg\" width=\"215\" height=\"135\" \/>BELLUNO<\/strong><\/p>\n<p><strong>DI ROBERTO BONA<\/strong><\/p>\n<h2><\/h2>\n<p>&nbsp;<\/p>\n<p>&nbsp;<\/p>\n<audio class=\"wp-audio-shortcode\" id=\"audio-204962-23\" preload=\"none\" style=\"width: 100%;\" controls=\"controls\"><source type=\"audio\/mpeg\" src=\"https:\/\/www.radiopiu.net\/wordpress\/wp-content\/uploads\/2021\/04\/BONA1.mp3?_=23\" \/><a href=\"https:\/\/www.radiopiu.net\/wordpress\/wp-content\/uploads\/2021\/04\/BONA1.mp3\">https:\/\/www.radiopiu.net\/wordpress\/wp-content\/uploads\/2021\/04\/BONA1.mp3<\/a><\/audio>\n<blockquote>\n<h2><a class=\"dt-pswp-item\" href=\"https:\/\/www.radiopiu.net\/wordpress\/wp-content\/uploads\/2021\/04\/988c0bc7-c836-4fab-b347-710c747906c0.jpg\" data-dt-img-description=\"\" data-large_image_width=\"589\" data-large_image_height=\"397\"><img loading=\"lazy\" decoding=\"async\" class=\"size-medium wp-image-205023 alignleft\" src=\"https:\/\/www.radiopiu.net\/wordpress\/wp-content\/uploads\/2021\/04\/988c0bc7-c836-4fab-b347-710c747906c0-300x202.jpg\" alt=\"\" width=\"300\" height=\"202\" srcset=\"https:\/\/www.radiopiu.net\/wordpress\/wp-content\/uploads\/2021\/04\/988c0bc7-c836-4fab-b347-710c747906c0-300x202.jpg 300w, https:\/\/www.radiopiu.net\/wordpress\/wp-content\/uploads\/2021\/04\/988c0bc7-c836-4fab-b347-710c747906c0.jpg 589w\" sizes=\"auto, (max-width: 300px) 100vw, 300px\" \/><\/a>Ed il 2\/3 ottobre il Dolomiti Rally&#8230;<\/h2>\n<\/blockquote>\n<p>&nbsp;<\/p>\n<p>&nbsp;<\/p>\n<p>&nbsp;<\/p>\n<p>&nbsp;<\/p>\n<p>&nbsp;<\/p>\n<p>&nbsp;<\/p>\n<hr \/>\n<blockquote>\n<h1><\/h1>\n<h1>UNA FORATURA PRIVA FONTANA DEL PODIO AL DEBUTTO NELL&#8217;ELMS<\/h1>\n<\/blockquote>\n<table class=\"mcnCodeBlock\" border=\"0\" width=\"100%\" cellspacing=\"0\" cellpadding=\"0\">\n<tbody class=\"mcnTextBlockOuter\">\n<tr class=\"\">\n<td class=\"mcnTextContent\" valign=\"top\">\n<div class=\"\"><b class=\"\">BARCELLONA (SPAGNA) <\/b>Debutto positivo ma sfortunato per Andrea Fontana ed il team JMW Motorsports nell\u2019European Le Mans Series. Il giovane pilota bellunese, assieme ai compagni Fannin e Sales, vede sfumare il podioin seguito ad una micro-foratura prima ed alla mancanza di carburante poi, \u00e8 cos\u00ec costretto a chiudere la prima gara stagionale sul circuito di Barcellona in settima posizione nella categoria GTE, massima espressione del Gran Turismo.\u00a0 Buona comunque la prova individuale di Fontana, che era riuscito a rimontare fino alla terza posizione, prima di subire una foratura, che l&#8217;ha costretto al rientro anticipato di alcuni giri ai box.\u00a0 Una gara veramente dura la 4 ore del Montmel\u00f2 che in un circuito tecnico che vede ogni anno un appuntamento fisso del mondiale Formula 1, ha visto continui sorpassi e contatti tra le diverse categorie LMP2, LMP3 e LMGTE.\u00a0 La prima fase di gara ha visto scattare dalla sesta posizione il gentleman Sales, che \u00e8 rimasto rallentato nel traffico nelle prime fasi, costringendo cos\u00ec\u00a0il team a cambiare strategia per tentare l&#8217;under-cut e metterlo in condizioni\u00a0 di pista libera per poter recuperare sugli avversari ma poi, a causa di un contatto con un prototipo \u00e8 andato in testacoda perdendo pi\u00f9 di 20\u2019\u2019. Nel secondo stint di gara Fontana ha subito imposto un ottimo ritmo riuscendo a rimontare fino alla terza posizione ma poi una micro-foratura lo ha costretto a rallentare il passo e successivamente ad una sosta anticipata ai box per sostituire il pneumatico danneggiato.\u00a0 Nella fase finale Fannin ha dovuto correre in difensiva l&#8217;ultima fase di gara per risparmiare la benzina necessaria a terminare la gara ed evitare una sosta supplementare, ma proprio a poche curve dal traguardo la Ferrari n\u00b066 rallenta bruscosamente per la mancanza di carburante, chiudendo a rilento sotto la bandiera a scacchi e dovendo cedere ben due posizioni proprio sulla linea del traguardo, terminando cos\u00ec in settima posizione.<\/div>\n<\/td>\n<\/tr>\n<\/tbody>\n<\/table>\n<table class=\"mcnImageBlock\" border=\"0\" width=\"100%\" cellspacing=\"0\" cellpadding=\"0\">\n<tbody class=\"mcnImageBlockOuter\">\n<tr class=\"\">\n<td class=\"mcnImageBlockInner\" valign=\"top\">\n<table class=\"mcnImageContentContainer\" border=\"0\" width=\"100%\" cellspacing=\"0\" cellpadding=\"0\" align=\"left\">\n<tbody class=\"\">\n<tr class=\"\">\n<td class=\"mcnImageContent\" valign=\"top\"><img decoding=\"async\" class=\"mcnImage\" src=\"https:\/\/mcusercontent.com\/0d3a50951ab94033b52804bdf\/images\/16cb24a3-d741-419d-b3ca-7d0fd412bdba.jpg\" alt=\"\" width=\"600\" align=\"middle\" \/><\/td>\n<\/tr>\n<\/tbody>\n<\/table>\n<\/td>\n<\/tr>\n<\/tbody>\n<\/table>\n<table class=\"mcnTextBlock\" border=\"0\" width=\"100%\" cellspacing=\"0\" cellpadding=\"0\">\n<tbody class=\"mcnTextBlockOuter\">\n<tr class=\"\">\n<td class=\"mcnTextBlockInner\" valign=\"top\">\n<table class=\"mcnTextContentContainer\" border=\"0\" width=\"100%\" cellspacing=\"0\" cellpadding=\"0\" align=\"left\">\n<tbody class=\"\">\n<tr class=\"\">\n<td class=\"mcnTextContent\" valign=\"top\">\n<div class=\"\"><em class=\"\"><span class=\"\">\u00abSono comunque soddisfatto della mia performance, nonostante un setup non ottimale, che ci ha visto soffrire di sottosterzo soprattutto nelle parti veloci, ho rimontato fino al terzo posto quando poi una foratura mi ha costretto a rallentare e rientrare tre giri prima ai box per il cambio pilota.\u00a0 L&#8217;ultima fase di gara per noi era sulla difensiva per risparmiare la benzina di quei due o tre giri che non ho potuto fare\u00bb \u00abPotevamo chiudere al quinto posto ma nell\u2019ultimo giro, a circa 200 metri dal traguardo, siamo rimasti senza carburante e la macchina ha rallentato costringendoci a terminare la gara in settima posizione&#8230; Siamo consapevoli di aver dimostrato un ottima performance durante tutto il weekend, la fortuna non ci ha aiutato a concretizzare quello che meritavamo ma torneremo al Red Bull Ring con ancora pi\u00f9 fame per le posizioni che contano!\u00bb.<\/span><\/em>\u200b<\/div>\n<\/td>\n<\/tr>\n<\/tbody>\n<\/table>\n<\/td>\n<\/tr>\n<\/tbody>\n<\/table>\n<h1 class=\"null\"><span class=\"\" style=\"color: #ffffff; font-family: lato, helvetica neue, helvetica, arial, sans-serif;\">UNA FORATURA PRIVA FONTANA DI UN PODIO\u00a0 AL DEBUTTO\u00a0 NELL&#8217; ELMS\u00a0<\/span><\/h1>\n","protected":false},"excerpt":{"rendered":"<p>PER RICEVERE QUESTO NOTIZIARIO DIRETTAMENTE SUL TUO CELLULARE ISCRIVITI AL CANALE TELEGRAM \u201cRADIO PIU\u00a0 INFORMAZIONE&#8221;\u00a0 &nbsp; &nbsp; &nbsp; RADIO PIU&#8217;&#8230; SEMPRE PIU&#8217; VOCE DAL TERRITORIO DOMANI ALLE 17.30 DIRETTA RADIO DALLA PISCINA COMPRENSORIALE DI AGORDO CON ATTIVAMENTE AGORDINO CON I PROTAGONISTI DELLA RIPARTENZA RADIO PIU, UNA CORAZZATA DI NOTIZIE&#8230;. immagina non ci fosse. &nbsp; &nbsp;&hellip;<\/p>\n","protected":false},"author":4,"featured_media":205057,"comment_status":"closed","ping_status":"closed","sticky":false,"template":"","format":"standard","meta":{"_monsterinsights_skip_tracking":false,"_monsterinsights_sitenote_active":false,"_monsterinsights_sitenote_note":"","_monsterinsights_sitenote_category":0,"footnotes":""},"categories":[1,51,86,49],"tags":[],"class_list":["post-204962","post","type-post","status-publish","format-standard","has-post-thumbnail","hentry","category-senza-categoria","category-evidenza-top","category-gr","category-news-18","category-1","category-51","category-86","category-49","description-off"],"img_url":"https:\/\/www.radiopiu.net\/wordpress\/wp-content\/uploads\/2021\/04\/6356793e-fb23-48a0-94b4-189b3b2732af.jpg","_links":{"self":[{"href":"https:\/\/www.radiopiu.net\/wordpress\/wp-json\/wp\/v2\/posts\/204962","targetHints":{"allow":["GET"]}}],"collection":[{"href":"https:\/\/www.radiopiu.net\/wordpress\/wp-json\/wp\/v2\/posts"}],"about":[{"href":"https:\/\/www.radiopiu.net\/wordpress\/wp-json\/wp\/v2\/types\/post"}],"author":[{"embeddable":true,"href":"https:\/\/www.radiopiu.net\/wordpress\/wp-json\/wp\/v2\/users\/4"}],"replies":[{"embeddable":true,"href":"https:\/\/www.radiopiu.net\/wordpress\/wp-json\/wp\/v2\/comments?post=204962"}],"version-history":[{"count":0,"href":"https:\/\/www.radiopiu.net\/wordpress\/wp-json\/wp\/v2\/posts\/204962\/revisions"}],"wp:featuredmedia":[{"embeddable":true,"href":"https:\/\/www.radiopiu.net\/wordpress\/wp-json\/wp\/v2\/media\/205057"}],"wp:attachment":[{"href":"https:\/\/www.radiopiu.net\/wordpress\/wp-json\/wp\/v2\/media?parent=204962"}],"wp:term":[{"taxonomy":"category","embeddable":true,"href":"https:\/\/www.radiopiu.net\/wordpress\/wp-json\/wp\/v2\/categories?post=204962"},{"taxonomy":"post_tag","embeddable":true,"href":"https:\/\/www.radiopiu.net\/wordpress\/wp-json\/wp\/v2\/tags?post=204962"}],"curies":[{"name":"wp","href":"https:\/\/api.w.org\/{rel}","templated":true}]}}