{"id":204986,"date":"2021-04-22T05:30:00","date_gmt":"2021-04-22T03:30:00","guid":{"rendered":"https:\/\/www.radiopiu.net\/wordpress\/?p=204986"},"modified":"2021-04-22T10:10:39","modified_gmt":"2021-04-22T08:10:39","slug":"il-nuovo-mezzo-attrezzato-dei-pompieri-di-selva-di-cadore","status":"publish","type":"post","link":"https:\/\/www.radiopiu.net\/wordpress\/il-nuovo-mezzo-attrezzato-dei-pompieri-di-selva-di-cadore\/","title":{"rendered":"IL NUOVO MEZZO ATTREZZATO DEI POMPIERI DI SELVA DI CADORE"},"content":{"rendered":"<blockquote>\n<h3 style=\"text-align: left;\"><a href=\"https:\/\/www.radiopiu.net\/wordpress\/giornale-radiopiu-22-aprile-2021-direttore-mirko-mezzacasa\/172983966_10209040559047145_5666357629200156924_n\/\" rel=\"attachment wp-att-204982\"><img loading=\"lazy\" decoding=\"async\" class=\"size-medium wp-image-204982 alignleft\" src=\"https:\/\/www.radiopiu.net\/wordpress\/wp-content\/uploads\/2021\/04\/172983966_10209040559047145_5666357629200156924_n-300x200.jpg\" alt=\"\" width=\"300\" height=\"200\" srcset=\"https:\/\/www.radiopiu.net\/wordpress\/wp-content\/uploads\/2021\/04\/172983966_10209040559047145_5666357629200156924_n-300x200.jpg 300w, https:\/\/www.radiopiu.net\/wordpress\/wp-content\/uploads\/2021\/04\/172983966_10209040559047145_5666357629200156924_n.jpg 593w\" sizes=\"auto, (max-width: 300px) 100vw, 300px\" \/><\/a><\/h3>\n<\/blockquote>\n<p><strong>SELVA DI CADORE<\/strong> I Pompieri Volontari di Selva di Cadore hanno il piacere di presentare il nuovo modulo scarrabile polivalente .Allestito dalla ditta Rosenbauer di Andriano Bolzano, questo modulo in pochissimi minuti viene caricato sul pick up Toyota Hilux . Il progetto \u00e8 partito nel settembre 2020 ed \u00e8 stato finanziato per met\u00e0 dall&#8217;amministrazione Comunale guidata da Silvia Cestaro, grazie ai contributi Vaia devoluti da privati e destinati al Comune di Selva di Cadore e la rimanente met\u00e0 da fondi propri dei pompieri di Selva. Tale attrezzatura risulta molto utili e versatile per i molteplici interventi di soccorso.<\/p>\n<p>I pompieri, sempre impegnati anche ad aprile, dal recupero mezzi in seguito alle nevicate, pulizia strade, soccorso animali<\/p>\n\n\t\t\t<style type='text\/css'>\n\t\t\t\t#gallery-1 {\n\t\t\t\t\tmargin: auto;\n\t\t\t\t}\n\t\t\t\t#gallery-1 .gallery-item {\n\t\t\t\t\tfloat: left;\n\t\t\t\t\tmargin-top: 10px;\n\t\t\t\t\ttext-align: center;\n\t\t\t\t\twidth: 33%;\n\t\t\t\t}\n\t\t\t\t#gallery-1 img {\n\t\t\t\t\tborder: 2px solid #cfcfcf;\n\t\t\t\t}\n\t\t\t\t#gallery-1 .gallery-caption {\n\t\t\t\t\tmargin-left: 0;\n\t\t\t\t}\n\t\t\t\t\/* see gallery_shortcode() in wp-includes\/media.php *\/\n\t\t\t<\/style>\n\t\t<div id='gallery-1' class='dt-gallery-container gallery galleryid-204986 gallery-columns-3 gallery-size-thumbnail'><dl class='gallery-item'>\n\t\t\t\t<dt class='gallery-icon landscape'>\n\t\t\t\t\t<a class=\"rollover rollover-zoom dt-pswp-item\" title=\"175394044_10209062321631196_6252303301384078560_n\" data-dt-img-description=\"\" data-large_image_width=\"720\" data-large_image_height=\"540\"href='https:\/\/www.radiopiu.net\/wordpress\/wp-content\/uploads\/2021\/04\/175394044_10209062321631196_6252303301384078560_n.jpg'><img loading=\"lazy\" decoding=\"async\" width=\"150\" height=\"150\" src=\"https:\/\/www.radiopiu.net\/wordpress\/wp-content\/uploads\/2021\/04\/175394044_10209062321631196_6252303301384078560_n-150x150.jpg\" class=\"attachment-thumbnail size-thumbnail\" alt=\"\" \/><\/a>\n\t\t\t\t<\/dt><\/dl><dl class='gallery-item'>\n\t\t\t\t<dt class='gallery-icon portrait'>\n\t\t\t\t\t<a class=\"rollover rollover-zoom dt-pswp-item\" title=\"173571122_10209044980877688_6905903716349652430_n\" data-dt-img-description=\"\" data-large_image_width=\"526\" data-large_image_height=\"701\"href='https:\/\/www.radiopiu.net\/wordpress\/wp-content\/uploads\/2021\/04\/173571122_10209044980877688_6905903716349652430_n.jpg'><img loading=\"lazy\" decoding=\"async\" width=\"150\" height=\"150\" src=\"https:\/\/www.radiopiu.net\/wordpress\/wp-content\/uploads\/2021\/04\/173571122_10209044980877688_6905903716349652430_n-150x150.jpg\" class=\"attachment-thumbnail size-thumbnail\" alt=\"\" \/><\/a>\n\t\t\t\t<\/dt><\/dl><dl class='gallery-item'>\n\t\t\t\t<dt class='gallery-icon landscape'>\n\t\t\t\t\t<a class=\"rollover rollover-zoom dt-pswp-item\" title=\"173380475_10209042984587782_6341379948373006735_n\" data-dt-img-description=\"\" data-large_image_width=\"820\" data-large_image_height=\"540\"href='https:\/\/www.radiopiu.net\/wordpress\/wp-content\/uploads\/2021\/04\/173380475_10209042984587782_6341379948373006735_n.jpg'><img loading=\"lazy\" decoding=\"async\" width=\"150\" height=\"150\" src=\"https:\/\/www.radiopiu.net\/wordpress\/wp-content\/uploads\/2021\/04\/173380475_10209042984587782_6341379948373006735_n-150x150.jpg\" class=\"attachment-thumbnail size-thumbnail\" alt=\"\" \/><\/a>\n\t\t\t\t<\/dt><\/dl><br style=\"clear: both\" \/>\n\t\t\t<\/div>\n\n<p>&nbsp;<\/p>\n<p>&nbsp;<\/p>\n","protected":false},"excerpt":{"rendered":"<p>SELVA DI CADORE I Pompieri Volontari di Selva di Cadore hanno il piacere di presentare il nuovo modulo scarrabile polivalente .Allestito dalla ditta Rosenbauer di Andriano Bolzano, questo modulo in pochissimi minuti viene caricato sul pick up Toyota Hilux . Il progetto \u00e8 partito nel settembre 2020 ed \u00e8 stato finanziato per met\u00e0 dall&#8217;amministrazione Comunale&hellip;<\/p>\n","protected":false},"author":4,"featured_media":204982,"comment_status":"closed","ping_status":"closed","sticky":false,"template":"","format":"standard","meta":{"_monsterinsights_skip_tracking":false,"_monsterinsights_sitenote_active":false,"_monsterinsights_sitenote_note":"","_monsterinsights_sitenote_category":0,"footnotes":""},"categories":[104,49],"tags":[],"class_list":["post-204986","post","type-post","status-publish","format-standard","has-post-thumbnail","hentry","category-evidenza_3","category-news-18","category-104","category-49","description-off"],"img_url":"https:\/\/www.radiopiu.net\/wordpress\/wp-content\/uploads\/2021\/04\/172983966_10209040559047145_5666357629200156924_n.jpg","_links":{"self":[{"href":"https:\/\/www.radiopiu.net\/wordpress\/wp-json\/wp\/v2\/posts\/204986","targetHints":{"allow":["GET"]}}],"collection":[{"href":"https:\/\/www.radiopiu.net\/wordpress\/wp-json\/wp\/v2\/posts"}],"about":[{"href":"https:\/\/www.radiopiu.net\/wordpress\/wp-json\/wp\/v2\/types\/post"}],"author":[{"embeddable":true,"href":"https:\/\/www.radiopiu.net\/wordpress\/wp-json\/wp\/v2\/users\/4"}],"replies":[{"embeddable":true,"href":"https:\/\/www.radiopiu.net\/wordpress\/wp-json\/wp\/v2\/comments?post=204986"}],"version-history":[{"count":0,"href":"https:\/\/www.radiopiu.net\/wordpress\/wp-json\/wp\/v2\/posts\/204986\/revisions"}],"wp:featuredmedia":[{"embeddable":true,"href":"https:\/\/www.radiopiu.net\/wordpress\/wp-json\/wp\/v2\/media\/204982"}],"wp:attachment":[{"href":"https:\/\/www.radiopiu.net\/wordpress\/wp-json\/wp\/v2\/media?parent=204986"}],"wp:term":[{"taxonomy":"category","embeddable":true,"href":"https:\/\/www.radiopiu.net\/wordpress\/wp-json\/wp\/v2\/categories?post=204986"},{"taxonomy":"post_tag","embeddable":true,"href":"https:\/\/www.radiopiu.net\/wordpress\/wp-json\/wp\/v2\/tags?post=204986"}],"curies":[{"name":"wp","href":"https:\/\/api.w.org\/{rel}","templated":true}]}}