{"id":205115,"date":"2021-04-22T15:16:58","date_gmt":"2021-04-22T13:16:58","guid":{"rendered":"https:\/\/www.radiopiu.net\/wordpress\/?p=205115"},"modified":"2021-04-22T15:16:59","modified_gmt":"2021-04-22T13:16:59","slug":"servono-norme-e-garanzie-per-i-pranzi-allaperto-nei-ristoranti-di-montagna","status":"publish","type":"post","link":"https:\/\/www.radiopiu.net\/wordpress\/servono-norme-e-garanzie-per-i-pranzi-allaperto-nei-ristoranti-di-montagna\/","title":{"rendered":"SERVONO NORME E GARANZIE PER I PRANZI ALL&#8217;APERTO NEI RISTORANTI DI MONTAGNA"},"content":{"rendered":"<p><strong><a href=\"https:\/\/www.radiopiu.net\/wordpress\/servono-norme-e-garanzie-per-i-pranzi-allaperto-nei-ristoranti-di-montagna\/ristorante-allaperto\/\" rel=\"attachment wp-att-205116\"><img loading=\"lazy\" decoding=\"async\" class=\"size-medium wp-image-205116 alignleft\" src=\"https:\/\/www.radiopiu.net\/wordpress\/wp-content\/uploads\/2021\/04\/RISTORANTE-ALLAPERTO-300x191.jpg\" alt=\"\" width=\"300\" height=\"191\" srcset=\"https:\/\/www.radiopiu.net\/wordpress\/wp-content\/uploads\/2021\/04\/RISTORANTE-ALLAPERTO-300x191.jpg 300w, https:\/\/www.radiopiu.net\/wordpress\/wp-content\/uploads\/2021\/04\/RISTORANTE-ALLAPERTO-1024x653.jpg 1024w, https:\/\/www.radiopiu.net\/wordpress\/wp-content\/uploads\/2021\/04\/RISTORANTE-ALLAPERTO-768x490.jpg 768w, https:\/\/www.radiopiu.net\/wordpress\/wp-content\/uploads\/2021\/04\/RISTORANTE-ALLAPERTO-1536x979.jpg 1536w, https:\/\/www.radiopiu.net\/wordpress\/wp-content\/uploads\/2021\/04\/RISTORANTE-ALLAPERTO.jpg 1920w\" sizes=\"auto, (max-width: 300px) 100vw, 300px\" \/><\/a>ROMA<\/strong> Marco Bussone, Presidente nazionale Uncem, entra in merito alla questione dei pranzi all&#8217;aperto nei ristoranti di montagna. Chiede norme e garanzie, in particolare per chi lavora. &#8220;<em>Alcuni Sindaci di Comuni montani hanno gi\u00e0 invitato il Comitato tecnico-scientifico a pranzo nel dehor, da lunedi &#8211; dice Bussone &#8211; Al netto degli inviti, nelle zone montane, occorre un chiarimento per ristoranti e bar, che ho sollecitato al Ministro Speranza. Nei Comuni alpini e appenninici, almeno per due mesi, mangiare all&#8217;esterno a pranzo come a cena non \u00e8 possibile. Se \u00e8 vero che ci stiamo preparando, Enti locali e imprese, per l&#8217;estate e per un turismo che potr\u00e0 avere buoni flussi, \u00e8 ancor pi\u00f9 vero che per la prossima settimana e fino a fine maggio, occorre riconoscere la specificit\u00e0 delle aree montane. La ristorazione e la somministrazione all&#8217;aperto non si pu\u00f2 fare. Non perch\u00e9 manchino gli spazi, anzi, ma perch\u00e9 le temperature non lo permettono. Anche quando questa coda di inverno lascer\u00e0 spazio alla vera primavera, \u00e8 impossibile per chi lavora mangiare all&#8217;esterno. Fino a domani, gli operai di ditte, in particolare di edilizia, che lavorano sui territori, potevano pranzare all&#8217;interno dei locali, quasi una mensa. Da lunedi questa ipotesi non \u00e8 chiara e i ristoratori, oltre che le imprese chiedono un chiarimento, che Uncem ha trasmesso in queste ore al Ministro Speranza e tramite lui al Comitato tecnico-scientifico. Anche chi ha delle verande completamente aperte, chiede un chiarimento. Mangiare all&#8217;esterno in montagna non si pu\u00f2 e la soluzione va trovata<\/em>&#8220;.<\/p>\n","protected":false},"excerpt":{"rendered":"<p>ROMA Marco Bussone, Presidente nazionale Uncem, entra in merito alla questione dei pranzi all&#8217;aperto nei ristoranti di montagna. Chiede norme e garanzie, in particolare per chi lavora. &#8220;Alcuni Sindaci di Comuni montani hanno gi\u00e0 invitato il Comitato tecnico-scientifico a pranzo nel dehor, da lunedi &#8211; dice Bussone &#8211; Al netto degli inviti, nelle zone montane,&hellip;<\/p>\n","protected":false},"author":4,"featured_media":205116,"comment_status":"closed","ping_status":"closed","sticky":false,"template":"","format":"standard","meta":{"_monsterinsights_skip_tracking":false,"_monsterinsights_sitenote_active":false,"_monsterinsights_sitenote_note":"","_monsterinsights_sitenote_category":0,"footnotes":""},"categories":[49],"tags":[],"class_list":["post-205115","post","type-post","status-publish","format-standard","has-post-thumbnail","hentry","category-news-18","category-49","description-off"],"img_url":"https:\/\/www.radiopiu.net\/wordpress\/wp-content\/uploads\/2021\/04\/RISTORANTE-ALLAPERTO.jpg","_links":{"self":[{"href":"https:\/\/www.radiopiu.net\/wordpress\/wp-json\/wp\/v2\/posts\/205115","targetHints":{"allow":["GET"]}}],"collection":[{"href":"https:\/\/www.radiopiu.net\/wordpress\/wp-json\/wp\/v2\/posts"}],"about":[{"href":"https:\/\/www.radiopiu.net\/wordpress\/wp-json\/wp\/v2\/types\/post"}],"author":[{"embeddable":true,"href":"https:\/\/www.radiopiu.net\/wordpress\/wp-json\/wp\/v2\/users\/4"}],"replies":[{"embeddable":true,"href":"https:\/\/www.radiopiu.net\/wordpress\/wp-json\/wp\/v2\/comments?post=205115"}],"version-history":[{"count":0,"href":"https:\/\/www.radiopiu.net\/wordpress\/wp-json\/wp\/v2\/posts\/205115\/revisions"}],"wp:featuredmedia":[{"embeddable":true,"href":"https:\/\/www.radiopiu.net\/wordpress\/wp-json\/wp\/v2\/media\/205116"}],"wp:attachment":[{"href":"https:\/\/www.radiopiu.net\/wordpress\/wp-json\/wp\/v2\/media?parent=205115"}],"wp:term":[{"taxonomy":"category","embeddable":true,"href":"https:\/\/www.radiopiu.net\/wordpress\/wp-json\/wp\/v2\/categories?post=205115"},{"taxonomy":"post_tag","embeddable":true,"href":"https:\/\/www.radiopiu.net\/wordpress\/wp-json\/wp\/v2\/tags?post=205115"}],"curies":[{"name":"wp","href":"https:\/\/api.w.org\/{rel}","templated":true}]}}