{"id":205232,"date":"2021-04-23T11:20:02","date_gmt":"2021-04-23T09:20:02","guid":{"rendered":"https:\/\/www.radiopiu.net\/wordpress\/?p=205232"},"modified":"2021-04-23T11:54:17","modified_gmt":"2021-04-23T09:54:17","slug":"unione-montana-e-valpe-supportano-le-aziende-in-difficolta","status":"publish","type":"post","link":"https:\/\/www.radiopiu.net\/wordpress\/unione-montana-e-valpe-supportano-le-aziende-in-difficolta\/","title":{"rendered":"UNIONE MONTANA E VALPE SUPPORTANO LE AZIENDE IN DIFFICOLTA&#8217;"},"content":{"rendered":"<p><strong><a href=\"https:\/\/www.radiopiu.net\/wordpress\/a-disposizione-dei-comuni-agordini-170-mila-euro-per-opere-e-cultura-dai-sovracanoni-idrici\/union-emontana\/\" rel=\"attachment wp-att-150281\"><img loading=\"lazy\" decoding=\"async\" class=\"wp-image-150281 alignleft\" src=\"https:\/\/www.radiopiu.net\/wordpress\/wp-content\/uploads\/2020\/07\/Union-emontana-300x235.jpg\" alt=\"\" width=\"184\" height=\"144\" srcset=\"https:\/\/www.radiopiu.net\/wordpress\/wp-content\/uploads\/2020\/07\/Union-emontana-300x235.jpg 300w, https:\/\/www.radiopiu.net\/wordpress\/wp-content\/uploads\/2020\/07\/Union-emontana-768x602.jpg 768w, https:\/\/www.radiopiu.net\/wordpress\/wp-content\/uploads\/2020\/07\/Union-emontana.jpg 995w\" sizes=\"auto, (max-width: 184px) 100vw, 184px\" \/><\/a>AGORDO<\/strong> A fronte delle difficolt\u00e0 che le aziende del territorio stanno attraversando per il permanere dell\u2019emergenza sanitaria l\u2019Unione Montana Agordina ha deciso di dare un supporto immediato alle aziende in difficolt\u00e0, offrendo la possibilit\u00e0 di concordare piani di rientro senza interessi e spese. Inoltre, ai pagamenti delle fatture emesse nel 2021, in scadenza il 26 aprile, effettuati entro il 26 maggio, non verranno imputati n\u00e9 interessi n\u00e9 more. Per concordare un piano di rientro personalizzato, \u00e8 necessario rivolgersi a Valpe <a href=\"https:\/\/www.radiopiu.net\/wordpress\/giornale-radiopiu-20-gennaio-2021-direttore-mirko-mezzacasa\/th-21\/\" rel=\"attachment wp-att-185704\"><img loading=\"lazy\" decoding=\"async\" class=\"size-full wp-image-185704 alignright\" src=\"https:\/\/www.radiopiu.net\/wordpress\/wp-content\/uploads\/2021\/01\/th-2.jpg\" alt=\"\" width=\"234\" height=\"176\" \/><\/a>Ambiente ed essere in regola con i pagamenti almeno fino alla fattura contenente il primo acconto per l\u2019anno 2020 e il conguaglio dell\u2019anno 2019 compresa.<\/p>\n<blockquote><p><em>\u201cVogliamo tranquillizzare le aziende del territorio in merito all\u2019imminente scadenza della fattura contenente il conguaglio per l\u2019anno 2020 e il primo acconto per l\u2019anno 2021, poich\u00e9 le aziende in difficolt\u00e0 possono concordare piani di rientro e il pagamento della fattura potr\u00e0 essere effettuato senza interessi e more anche entro i 30 giorni successivi all\u2019attuale scadenza del 26 aprile \u2013 ha dichiarato Michele Costa, Presidente dell\u2019Unione Montana Agordina \u2013. In questi giorni stiamo comunque valutando anche la possibilit\u00e0 di introdurre ulteriori agevolazioni, compresa la possibilit\u00e0 di ulteriori proroghe al pagamento degli importi dovuti per l\u2019anno 2021, a favore delle attivit\u00e0 che <a href=\"https:\/\/www.radiopiu.net\/wordpress\/maltempo-possibili-problemi-alla-raccolta-dei-rifiuti-e-chiusura-di-sportelli-ed-ecocentri-al-pomeriggio\/logo-valpe-verticale\/\" rel=\"attachment wp-att-65542\"><img loading=\"lazy\" decoding=\"async\" class=\"wp-image-65542 alignleft\" src=\"https:\/\/www.radiopiu.net\/wordpress\/wp-content\/uploads\/2018\/10\/logo-valpe-verticale-300x298.jpg\" alt=\"\" width=\"126\" height=\"125\" srcset=\"https:\/\/www.radiopiu.net\/wordpress\/wp-content\/uploads\/2018\/10\/logo-valpe-verticale-300x298.jpg 300w, https:\/\/www.radiopiu.net\/wordpress\/wp-content\/uploads\/2018\/10\/logo-valpe-verticale-150x150.jpg 150w, https:\/\/www.radiopiu.net\/wordpress\/wp-content\/uploads\/2018\/10\/logo-valpe-verticale.jpg 370w\" sizes=\"auto, (max-width: 126px) 100vw, 126px\" \/><\/a>sono rimaste chiuse e non hanno lavorato da inizio anno. L\u2019obiettivo \u00e8 di dare un aiuto concreto alle utenze pi\u00f9 colpite dall\u2019emergenza sanitaria.\u201d<\/em><\/p><\/blockquote>\n<p>Michele Rasera, direttore di Valpe Ambiente ribadisce la massima disponibilit\u00e0 dell&#8217;azienda nei confronti degli imprenditori in difficolt\u00e0. Per consentire di dare un supporto tempestivo alle attivit\u00e0 che effettivamente ne hanno necessit\u00e0, l&#8217;invito a contattare Valpe &#8220;<em>Valuteremo insieme modalit\u00e0 e soluzioni pi\u00f9 adeguate a ciascuna situazione.\u201d<\/em> assicura il direttore.<\/p>\n<p><strong>Per ulteriori informazioni in merito alle misure che verranno messe a disposizione delle aziende, \u00e8 possibile contattare i numeri 0437 640462 oppure 0437 643621, consultare il sito www.valpeambiente.it oppure scrivere una mail a info@valpeambiente.it<\/strong><\/p>\n","protected":false},"excerpt":{"rendered":"<p>AGORDO A fronte delle difficolt\u00e0 che le aziende del territorio stanno attraversando per il permanere dell\u2019emergenza sanitaria l\u2019Unione Montana Agordina ha deciso di dare un supporto immediato alle aziende in difficolt\u00e0, offrendo la possibilit\u00e0 di concordare piani di rientro senza interessi e spese. Inoltre, ai pagamenti delle fatture emesse nel 2021, in scadenza il 26&hellip;<\/p>\n","protected":false},"author":4,"featured_media":0,"comment_status":"closed","ping_status":"closed","sticky":false,"template":"","format":"standard","meta":{"_monsterinsights_skip_tracking":false,"_monsterinsights_sitenote_active":false,"_monsterinsights_sitenote_note":"","_monsterinsights_sitenote_category":0,"footnotes":""},"categories":[51,49],"tags":[],"class_list":["post-205232","post","type-post","status-publish","format-standard","hentry","category-evidenza-top","category-news-18","category-51","category-49","description-off"],"img_url":false,"_links":{"self":[{"href":"https:\/\/www.radiopiu.net\/wordpress\/wp-json\/wp\/v2\/posts\/205232","targetHints":{"allow":["GET"]}}],"collection":[{"href":"https:\/\/www.radiopiu.net\/wordpress\/wp-json\/wp\/v2\/posts"}],"about":[{"href":"https:\/\/www.radiopiu.net\/wordpress\/wp-json\/wp\/v2\/types\/post"}],"author":[{"embeddable":true,"href":"https:\/\/www.radiopiu.net\/wordpress\/wp-json\/wp\/v2\/users\/4"}],"replies":[{"embeddable":true,"href":"https:\/\/www.radiopiu.net\/wordpress\/wp-json\/wp\/v2\/comments?post=205232"}],"version-history":[{"count":0,"href":"https:\/\/www.radiopiu.net\/wordpress\/wp-json\/wp\/v2\/posts\/205232\/revisions"}],"wp:attachment":[{"href":"https:\/\/www.radiopiu.net\/wordpress\/wp-json\/wp\/v2\/media?parent=205232"}],"wp:term":[{"taxonomy":"category","embeddable":true,"href":"https:\/\/www.radiopiu.net\/wordpress\/wp-json\/wp\/v2\/categories?post=205232"},{"taxonomy":"post_tag","embeddable":true,"href":"https:\/\/www.radiopiu.net\/wordpress\/wp-json\/wp\/v2\/tags?post=205232"}],"curies":[{"name":"wp","href":"https:\/\/api.w.org\/{rel}","templated":true}]}}