{"id":205237,"date":"2021-04-23T11:36:25","date_gmt":"2021-04-23T09:36:25","guid":{"rendered":"https:\/\/www.radiopiu.net\/wordpress\/?p=205237"},"modified":"2021-04-23T11:57:55","modified_gmt":"2021-04-23T09:57:55","slug":"i-politici-non-usano-il-costume-la-politica-dimentica-le-piscine-coperte","status":"publish","type":"post","link":"https:\/\/www.radiopiu.net\/wordpress\/i-politici-non-usano-il-costume-la-politica-dimentica-le-piscine-coperte\/","title":{"rendered":"I POLITICI NON USANO IL COSTUME, LA POLITICA DIMENTICA LE PISCINE COPERTE"},"content":{"rendered":"<p><strong>BELLUNO<\/strong> E con le piscine come la mettiamo dopo la grave e assurda dimenticanza romana? Nella bozza del decreto manco una riga per le piscine coperte. I sindaci di Belluno, Jacopo Massaro;\u00a0 Longarone Roberto Padrin; Pedavena, Nicola Castellaz, Santa Giustina, Ivan Minella e il presidente dell&#8217;Unione Montana Michele Costa hanno esternato le loro perplessit\u00e0 ai Ministri bellunesi D&#8217;Inc\u00e0 e Franco, ai Senatore e Deputati <img decoding=\"async\" class=\"alignleft\" src=\"https:\/\/www.radiopiu.net\/wordpress\/wp-content\/uploads\/2015\/12\/InternoPiscina.jpg\" \/>bellunesi e al presidente Zaia.<\/p>\n<blockquote>\n<p align=\"JUSTIFY\"><em>nel leggere il testo della bozza del decreto \u201cripresa\u201d, come Sindaci dei Comuni della provincia di Belluno in cui si trovano gli impianti natatori a servizio delle comunit\u00e0 bellunesi, siamo molto preoccupati per il mondo dello sport e in particolare delle piscine non preso nella giusta considerazione. Si parla delle piscine solo per le aperture all\u2019esterno (non certo una priorit\u00e0 in una provincia montana) dal 15 maggio, mentre non si parla di quelle coperte. Tutto ci\u00f2 dopo che sono state rispettate le rigide linee guida adottate lo scorso anno, dimostrando l\u2019assoluta sicurezza ed importante azione preventiva svolta dalle nostre strutture per il contrasto alla diffusione del virus. Oltre all\u2019aspetto sportivo, sottolineiamo la fondamentale importanza sociale di queste strutture per il benessere e la salute dei cittadini di ogni fascia d\u2019et\u00e0, inclusi i soggetti fragili: terza et\u00e0, soggetti con disabilit\u00e0 e difficolt\u00e0 motorie conseguenti a traumi o patologie. Rimaniamo dunque esclusi dalle aperture quando ormai riaprono tutti: pare che questa sia una delle attivit\u00e0 pi\u00f9 pericolose per la diffusione del virus, ma non \u00e8 cos\u00ec. C\u2019\u00e8 poi l\u2019aspetto economico: i gestori chiedono aiuto, ma i nostri Comuni, per lo pi\u00f9 di piccole dimensioni, non sono nelle condizioni di sopperire al mancato aiuto dello Stato nei confronti di tale attivit\u00e0. E\u2019 necessario un intervento tempestivo e importante, altrimenti non solo molti bambini e ragazzi e appassionati non potranno svolgere le loro attivit\u00e0 agonistiche e non, ma verr\u00e0 meno un fondamentale servizio per la salute e salteranno posti di lavoro, con costi sociali notevoli. Vi invitiamo dunque a farVi portavoce, come rappresentanti delle Istituzioni e a sostegno delle nostre comunit\u00e0, di queste istanze che non possono pi\u00f9 aspettare.<\/em><\/p>\n<\/blockquote>\n<p align=\"JUSTIFY\">\n<p align=\"JUSTIFY\">\n<blockquote>\n<h3 align=\"JUSTIFY\">LA PRIMA RISPOSTA DAL SENATORE LUCA DE CARLO DI FRATELLI D&#8217;ITALIA<\/h3>\n<\/blockquote>\n<div><em>\u201cSiamo felici che anche i sindaci chiedano ora una riapertura in sicurezza degli impianti sportivi al coperto come le piscine; \u00e8 una battaglia che come Fratelli d&#8217;Italia stiamo portando avanti da mesi e che ora pu\u00f2 contare anche su un forte appoggio degli amministratori locali. \u00c8 un appello trasversale, dalle liste civiche ai rappresentanti del centro sinistra: vuol dire che il problema \u00e8 oggettivo, e per i comuni di montagna si tratta di una questione economica, certo, ma anche lavorativa e sociale. Speriamo che anche i nostri colleghi di maggioranza, che per\u00f2 dovrebbero sapere che le piscine all&#8217;aperto sono una rarit\u00e0 nel Bellunese o che cenare all&#8217;aperto a fine aprile ad esempio in Agordino o in Cadore non \u00e8 sempre fattibile, si rendano conto dei drammi che questi criteri illogici di riaperture e chiusure hanno provocato e provocheranno ancora nel medio periodo\u201d.<\/em><\/div>\n","protected":false},"excerpt":{"rendered":"<p>BELLUNO E con le piscine come la mettiamo dopo la grave e assurda dimenticanza romana? Nella bozza del decreto manco una riga per le piscine coperte. I sindaci di Belluno, Jacopo Massaro;\u00a0 Longarone Roberto Padrin; Pedavena, Nicola Castellaz, Santa Giustina, Ivan Minella e il presidente dell&#8217;Unione Montana Michele Costa hanno esternato le loro perplessit\u00e0 ai&hellip;<\/p>\n","protected":false},"author":4,"featured_media":0,"comment_status":"closed","ping_status":"closed","sticky":false,"template":"","format":"standard","meta":{"_monsterinsights_skip_tracking":false,"_monsterinsights_sitenote_active":false,"_monsterinsights_sitenote_note":"","_monsterinsights_sitenote_category":0,"footnotes":""},"categories":[49],"tags":[],"class_list":["post-205237","post","type-post","status-publish","format-standard","hentry","category-news-18","category-49","description-off"],"img_url":false,"_links":{"self":[{"href":"https:\/\/www.radiopiu.net\/wordpress\/wp-json\/wp\/v2\/posts\/205237","targetHints":{"allow":["GET"]}}],"collection":[{"href":"https:\/\/www.radiopiu.net\/wordpress\/wp-json\/wp\/v2\/posts"}],"about":[{"href":"https:\/\/www.radiopiu.net\/wordpress\/wp-json\/wp\/v2\/types\/post"}],"author":[{"embeddable":true,"href":"https:\/\/www.radiopiu.net\/wordpress\/wp-json\/wp\/v2\/users\/4"}],"replies":[{"embeddable":true,"href":"https:\/\/www.radiopiu.net\/wordpress\/wp-json\/wp\/v2\/comments?post=205237"}],"version-history":[{"count":0,"href":"https:\/\/www.radiopiu.net\/wordpress\/wp-json\/wp\/v2\/posts\/205237\/revisions"}],"wp:attachment":[{"href":"https:\/\/www.radiopiu.net\/wordpress\/wp-json\/wp\/v2\/media?parent=205237"}],"wp:term":[{"taxonomy":"category","embeddable":true,"href":"https:\/\/www.radiopiu.net\/wordpress\/wp-json\/wp\/v2\/categories?post=205237"},{"taxonomy":"post_tag","embeddable":true,"href":"https:\/\/www.radiopiu.net\/wordpress\/wp-json\/wp\/v2\/tags?post=205237"}],"curies":[{"name":"wp","href":"https:\/\/api.w.org\/{rel}","templated":true}]}}