{"id":205247,"date":"2021-04-23T12:13:45","date_gmt":"2021-04-23T10:13:45","guid":{"rendered":"https:\/\/www.radiopiu.net\/wordpress\/?p=205247"},"modified":"2021-04-23T12:13:45","modified_gmt":"2021-04-23T10:13:45","slug":"a-pieno-ritmo-i-lavori-sul-torrente-in-val-cantuna","status":"publish","type":"post","link":"https:\/\/www.radiopiu.net\/wordpress\/a-pieno-ritmo-i-lavori-sul-torrente-in-val-cantuna\/","title":{"rendered":"A PIENO RITMO I LAVORI SUL TORRENTE IN VAL CANTUNA"},"content":{"rendered":"<p><strong>ALPAGO\u00a0<\/strong> \u00a0E&#8217; gi\u00e0 a buon punto la sistemazione del manufatto di attraversamento del torrente Val Cantuna in corrispondenza della zona industriale di Paludi con cui vengono aumentate le dimensioni di quello attuale<br \/>\n<em>&#8220;Un intervento prezioso per la sicurezza dell&#8217;area a cura dei nostri Servizi Forestali regionali &#8211; spiega l&#8217;assessore al Dissesto Idrogeologico Gianpaolo Bottacin -, che abbiamo avviato immediatamente dopo il taglio della vegetazione e la messa in sicurezza della parte bassa della valle a monte della piana di Paludi dove, in particolare, era stato rialzato l\u2019argine sinistro per evitare l\u2019esondazione dopo che, lo scorso dicembre, il livello dell\u2019acqua era arrivato a pochi centimetri dalla sommit\u00e0&#8221;. <\/em>Pen intervento la Regione ha messo sul piatto\u00a0 700mila euro, in queste giorni sono stati posati gli ultimi conci in calcestruzzo del nuovo manufatto e sono in corso di chiusura gli scavi. <em>&#8220;Lungo la Valcantuna i lavori peraltro non si fermano qui &#8211; dettaglia Bottacin -. Abbiamo in progettazione anche una nuova opera di trattenuta e, oltre al taglio della vegetazione, nella parte alta la risistemazione di tre opere gi\u00e0 presenti ma gravemente danneggiate. Per questa seconda parte di lavori, per cui abbiamo gi\u00e0 impegnato ulteriori 600mila euro, si sta procedendo in rapidit\u00e0 con l\u2019obiettivo di appaltare le opere entro fine anno. Nel frattempo abbiamo acquisito un dettagliato studio geomorfologico della valle su cui individuare gli interventi da eseguire prioritariamente&#8221;<\/em><\/p>\n\n\t\t\t<style type='text\/css'>\n\t\t\t\t#gallery-1 {\n\t\t\t\t\tmargin: auto;\n\t\t\t\t}\n\t\t\t\t#gallery-1 .gallery-item {\n\t\t\t\t\tfloat: left;\n\t\t\t\t\tmargin-top: 10px;\n\t\t\t\t\ttext-align: center;\n\t\t\t\t\twidth: 33%;\n\t\t\t\t}\n\t\t\t\t#gallery-1 img {\n\t\t\t\t\tborder: 2px solid #cfcfcf;\n\t\t\t\t}\n\t\t\t\t#gallery-1 .gallery-caption {\n\t\t\t\t\tmargin-left: 0;\n\t\t\t\t}\n\t\t\t\t\/* see gallery_shortcode() in wp-includes\/media.php *\/\n\t\t\t<\/style>\n\t\t<div id='gallery-1' class='dt-gallery-container gallery galleryid-205247 gallery-columns-3 gallery-size-thumbnail'><dl class='gallery-item'>\n\t\t\t\t<dt class='gallery-icon portrait'>\n\t\t\t\t\t<a class=\"rollover rollover-zoom dt-pswp-item\" title=\"0ddcf882-2804-4f90-8365-4958e62c653e\" data-dt-img-description=\"\" data-large_image_width=\"1536\" data-large_image_height=\"2048\"href='https:\/\/www.radiopiu.net\/wordpress\/wp-content\/uploads\/2021\/04\/0ddcf882-2804-4f90-8365-4958e62c653e.jpg'><img loading=\"lazy\" decoding=\"async\" width=\"150\" height=\"150\" src=\"https:\/\/www.radiopiu.net\/wordpress\/wp-content\/uploads\/2021\/04\/0ddcf882-2804-4f90-8365-4958e62c653e-150x150.jpg\" class=\"attachment-thumbnail size-thumbnail\" alt=\"\" \/><\/a>\n\t\t\t\t<\/dt><\/dl><dl class='gallery-item'>\n\t\t\t\t<dt class='gallery-icon landscape'>\n\t\t\t\t\t<a class=\"rollover rollover-zoom dt-pswp-item\" title=\"e20fa8e2-7f07-464b-aee1-6cfeb1d00d45\" data-dt-img-description=\"\" data-large_image_width=\"2048\" data-large_image_height=\"1536\"href='https:\/\/www.radiopiu.net\/wordpress\/wp-content\/uploads\/2021\/04\/e20fa8e2-7f07-464b-aee1-6cfeb1d00d45.jpg'><img loading=\"lazy\" decoding=\"async\" width=\"150\" height=\"150\" src=\"https:\/\/www.radiopiu.net\/wordpress\/wp-content\/uploads\/2021\/04\/e20fa8e2-7f07-464b-aee1-6cfeb1d00d45-150x150.jpg\" class=\"attachment-thumbnail size-thumbnail\" alt=\"\" \/><\/a>\n\t\t\t\t<\/dt><\/dl><dl class='gallery-item'>\n\t\t\t\t<dt class='gallery-icon landscape'>\n\t\t\t\t\t<a class=\"rollover rollover-zoom dt-pswp-item\" title=\"cfaa1ae7-8b11-4ea5-8455-2620024f0ba1\" data-dt-img-description=\"\" data-large_image_width=\"1024\" data-large_image_height=\"768\"href='https:\/\/www.radiopiu.net\/wordpress\/wp-content\/uploads\/2021\/04\/cfaa1ae7-8b11-4ea5-8455-2620024f0ba1.jpg'><img loading=\"lazy\" decoding=\"async\" width=\"150\" height=\"150\" src=\"https:\/\/www.radiopiu.net\/wordpress\/wp-content\/uploads\/2021\/04\/cfaa1ae7-8b11-4ea5-8455-2620024f0ba1-150x150.jpg\" class=\"attachment-thumbnail size-thumbnail\" alt=\"\" \/><\/a>\n\t\t\t\t<\/dt><\/dl><br style=\"clear: both\" \/>\n\t\t\t<\/div>\n\n","protected":false},"excerpt":{"rendered":"<p>ALPAGO\u00a0 \u00a0E&#8217; gi\u00e0 a buon punto la sistemazione del manufatto di attraversamento del torrente Val Cantuna in corrispondenza della zona industriale di Paludi con cui vengono aumentate le dimensioni di quello attuale &#8220;Un intervento prezioso per la sicurezza dell&#8217;area a cura dei nostri Servizi Forestali regionali &#8211; spiega l&#8217;assessore al Dissesto Idrogeologico Gianpaolo Bottacin -,&hellip;<\/p>\n","protected":false},"author":4,"featured_media":205250,"comment_status":"closed","ping_status":"closed","sticky":false,"template":"","format":"standard","meta":{"_monsterinsights_skip_tracking":false,"_monsterinsights_sitenote_active":false,"_monsterinsights_sitenote_note":"","_monsterinsights_sitenote_category":0,"footnotes":""},"categories":[49],"tags":[],"class_list":["post-205247","post","type-post","status-publish","format-standard","has-post-thumbnail","hentry","category-news-18","category-49","description-off"],"img_url":"https:\/\/www.radiopiu.net\/wordpress\/wp-content\/uploads\/2021\/04\/bdcbe366-9d3c-4116-b6aa-1f06b3a95463.jpg","_links":{"self":[{"href":"https:\/\/www.radiopiu.net\/wordpress\/wp-json\/wp\/v2\/posts\/205247","targetHints":{"allow":["GET"]}}],"collection":[{"href":"https:\/\/www.radiopiu.net\/wordpress\/wp-json\/wp\/v2\/posts"}],"about":[{"href":"https:\/\/www.radiopiu.net\/wordpress\/wp-json\/wp\/v2\/types\/post"}],"author":[{"embeddable":true,"href":"https:\/\/www.radiopiu.net\/wordpress\/wp-json\/wp\/v2\/users\/4"}],"replies":[{"embeddable":true,"href":"https:\/\/www.radiopiu.net\/wordpress\/wp-json\/wp\/v2\/comments?post=205247"}],"version-history":[{"count":0,"href":"https:\/\/www.radiopiu.net\/wordpress\/wp-json\/wp\/v2\/posts\/205247\/revisions"}],"wp:featuredmedia":[{"embeddable":true,"href":"https:\/\/www.radiopiu.net\/wordpress\/wp-json\/wp\/v2\/media\/205250"}],"wp:attachment":[{"href":"https:\/\/www.radiopiu.net\/wordpress\/wp-json\/wp\/v2\/media?parent=205247"}],"wp:term":[{"taxonomy":"category","embeddable":true,"href":"https:\/\/www.radiopiu.net\/wordpress\/wp-json\/wp\/v2\/categories?post=205247"},{"taxonomy":"post_tag","embeddable":true,"href":"https:\/\/www.radiopiu.net\/wordpress\/wp-json\/wp\/v2\/tags?post=205247"}],"curies":[{"name":"wp","href":"https:\/\/api.w.org\/{rel}","templated":true}]}}