{"id":205253,"date":"2021-04-23T12:25:47","date_gmt":"2021-04-23T10:25:47","guid":{"rendered":"https:\/\/www.radiopiu.net\/wordpress\/?p=205253"},"modified":"2021-04-23T13:33:46","modified_gmt":"2021-04-23T11:33:46","slug":"205253-2","status":"publish","type":"post","link":"https:\/\/www.radiopiu.net\/wordpress\/205253-2\/","title":{"rendered":"NON ACCETTIAMO IL COPRIFUOCO ALLE 22, COSI&#8217; MUORE IL TURISMO  &#8211; ZAIA DA VENEZIA"},"content":{"rendered":"<p><strong>VENEZIA<\/strong> la conferenza stampa di Zaia<\/p>\n<p><span style=\"color: #ff0000;\"><strong>I NUMERI <\/strong><\/span>\u00a0TAMPONI MOLECOLARI 4903637\u00a0 TAMPONI RAPIDI 4224709 TAMPONI IERI 38282\u00a0 POSITIVI IERI + 1035\u00a0 INCIDENZA\u00a0 2,70% POSITIVI DA INIZIO EPIDEMIA 406066 POSITIVI ATTUALI 23307 RICOVERATI 1615 (-39) IN AREA NON CRITICA\u00a0 1338 (-37 ) IN TERAPIA INTENSIVA 227 (-2) IN TERAPIA INTENSIVA NON COVID 265 DECESSI 11203 (+20) DIMESSI 20035<\/p>\n<p><span style=\"color: #0000ff;\"><strong>DA LUNEDI RIPRENDONO TUTTE LE ATTIVITA&#8217; AMUBULATORIALI CHE ERANO STATE SOSPESE, IN TUTTE LE ULSS\u00a0<\/strong><\/span><\/p>\n<blockquote>\n<h2>LEGGI LA CONFERENZA STAMPA DI LUCA ZAIA<\/h2>\n<p><em>Abbiamo fatto la lista delle incongruenze del Decreto e al Governo suggeriamo le nostre linee guida. I numeri sono tutti da giallo. Dobbiamo arrivare fino a met\u00e0-fine maggio. Per giugno dovremmo aver vaccinato tutte le categorie fragili<\/em><\/p><\/blockquote>\n<p><strong>Il decreto<\/strong> \u00e8 stato approvato e spero ci siano gli spazi per un &#8220;tagliando&#8221; e pensare che con maggio s&#8217;apra un nuovo scenario, che le incongruenze vengano risolte. L&#8217;apertura dei<strong> ristoranti<\/strong> dal 1 di giugno fino alle 18 di sera significa non avere troppe ore a disposizione dell&#8217;apertura. La misura dei ristoranti dal 1 giugno dal punto di vista sanitario non ha alcun senso, a qualsiasi ora. Si autorizza lo <strong>sport<\/strong> di squadra amatoriale dal 26 aprile (scapoli &#8211; ammogliati) e <strong>palestre<\/strong> chiuse fino al 1 giugno dove ci sono controlli e sanificazione degli ambienti. Sull&#8217;Arena di Verona cercheremo di capire come dare una mano sul fronte delle presenze. Sembra di capire che dovremo rivolgerci alla conferenza delle Regioni, non ci sono problemi ma la vicenda \u00e8 sempre pi\u00f9 farragionosa. Il <strong>Coprifuoco<\/strong> non \u00e8 un problema sanitario, ma politico quindi non \u00e8 un problema, se non c&#8217;\u00e8 emergenza sanitaria non si chiudono le persone in casa. Poi ci sono le necessit\u00e0 di natura turistica e la comunicazione nelle prossime settimane non puo&#8217; essere di questo livello, nessuno va in vacanza dove c&#8217;\u00e8 un coprifuco alle 22. Nessuna contrapposizione col Governo ma la volont\u00e0 di portare avanti le nostre istanze. <strong>LE REGIONI HANNO MARGINE DI INTERVENTO SUL DECRETO?<\/strong> No non siamo nelle condizioni del maggio scorso quando era gi\u00e0 difficile vendere un cono gelato. Non abbiamo possibilit\u00e0 di allentamenti, Draghi \u00e8 persona per bene e di buon senso e sapr\u00e0 affrontare questa fase. Voglio considerare questo decreto come una fase di assestamento ma non assestamento avvenuto. Non ci sono pi\u00f9 DPCM che potevano essere impugnati. <strong>LA MIA POSIZIONE?<\/strong> Che ci sia un decreto correttivo, dal primo maggio la situazione va ripresa in mano e ricalibrata. <strong>INCONTRO CON IL GOVERNO?<\/strong> Al momento no, ma ci sar\u00e0. <strong>DECRETO CORRETTIVO?<\/strong> Non \u00e8 un ammissione di colpa ma di vedere che dopo 10 giorni la situazione epidemiologica \u00e8 cambiata e si puo&#8217; cambiare il tiro. Manca la possibilit\u00e0 di fare il tagliando come aveva l&#8217;altro decreto, per aggiustare il tiro sulle aperture e perequazione sociale.<strong> SCUOLE\u00a0<\/strong> Valorizziamo l&#8217;autonomia della Regione lavorando con i tavoli provinciali della scuola e Prefetture. La riunione sulle scuole era chiara con percentuale chiara (60%) poi il decreto \u00e8 stato firmato a 70% <strong>RISCHIO CALCOLATO O AZZARDO?<\/strong> Ormai la misura \u00e8 colma dal punto di vista economico e psicologico. Ci sono scienziati che dicono che \u00e8 esagerato quanto deciso di fare e poi ci sono coloro che invitano a rimanere in casa. Chi governa trovi una soluzione di equilibrio <strong>LA PROMESSA<\/strong>\u00a0 Viste le difformit\u00e0 nel modo di procedere tra Uls la Regione si \u00e8 impegnata a fornire un quadro aggiornato dei criteri di priorit\u00e0 delle vaccinazioni, in particolare con riferimento alle categorie delle persone fragili e degli accompagnatori. <strong>SPIAGGE<\/strong> Restano confermate quelle dello scorso anno.<\/p>\n<h3><\/h3>\n<h3>INGEGNER\u00a0 PAOLO FATTORI<\/h3>\n<p><em>promesse e consegne da segno negativo: Pfizer: -7%, Moderna -31%, Astrazeneca -44%, J&amp;J, Curevac non pervenuto.<\/em><\/p>\n<p>Il piano di vaccinazione si basa sulle forniture e si basa sul piano di previsione nazionale del 3 marzo, ma non abbiamo avuto aggiornamenti ufficiali. Viene prevista la fornitura dei vaccini per ogni trimestre, nel primo 15milioni per l&#8217;italia, poi 52 nel secondo, 84 nel terzo. Il piano \u00e8 declinato per il Veneto (8,14%). La differenza tra il previsto e consegnato prevede il primo trimestre -10,62% ad aprile calo significativo -51% ipotetico perch\u00e9 nel piano sono previste due tipologie di vaccini e consegne trimestrali (compreso un nuovo vaccino curevac non ancora autorizzato). Per il momento noi registriamo un -51% ad aprile\u00a0 complessivamente -32%. Pfizer -7% (molto affidabile), Astrazeneca -44% era pi\u00f9 affidabile nel primo trimestre, Moderna -31%, J&amp;J non ci sono state consegne 14mila sbloccate su 192mila previste. Il piano vaccinazioni si basa sulle previsioni di fornitura escluso J&amp;J che servir\u00e0 per compensare eventuali carenze contrattuali degli altri contratti. Secondo e terzo trimestre prevediamo solo Pfizer e Moderna, Curevac non lo consideriamo per ora.<\/p>\n<p><strong>POPOLAZIONE E TARGET<\/strong> 239mila consegne e settimana nel secondo trimestre, 200 mila nel terzo trimestre.<strong> La corte degli ottantenni<\/strong> la consideriamo chiusa (comunque aperta ad alcuni soggetti che prima non potevano essere vaccinati) ora le attenzioni sui fragili e over 70. Per i fragili andr\u00e0 per le lunghe prevedendo anche la vaccinazione a domicilio. Poi si passa ai\u00a0 <strong>70-79<\/strong> entro il 9 maggio. Quindi<strong> 60-69<\/strong> dal 3 maggio al 6 giugno. <strong>50-59<\/strong> dal 31 maggio all&#8217;11 luglio<strong> 40-49<\/strong> 8 agosto-5 settembre. <strong>30-39<\/strong> 2 agosto 5 settembre&#8230;. l&#8217;ultimo il 19enne a settembre.\u00a0 &#8220;<em>Un piano che spero di accorciare&#8221;<\/em> ha concluso Fattori<\/p>\n<p>&nbsp;<\/p>\n<p><a href=\"https:\/\/www.facebook.com\/zaiaufficiale\/videos\/480326833312405\">https:\/\/www.facebook.com\/zaiaufficiale\/videos\/480326833312405<\/a><\/p>\n<p>&nbsp;<\/p>\n","protected":false},"excerpt":{"rendered":"<p>VENEZIA la conferenza stampa di Zaia I NUMERI \u00a0TAMPONI MOLECOLARI 4903637\u00a0 TAMPONI RAPIDI 4224709 TAMPONI IERI 38282\u00a0 POSITIVI IERI + 1035\u00a0 INCIDENZA\u00a0 2,70% POSITIVI DA INIZIO EPIDEMIA 406066 POSITIVI ATTUALI 23307 RICOVERATI 1615 (-39) IN AREA NON CRITICA\u00a0 1338 (-37 ) IN TERAPIA INTENSIVA 227 (-2) IN TERAPIA INTENSIVA NON COVID 265 DECESSI 11203 (+20)&hellip;<\/p>\n","protected":false},"author":4,"featured_media":167459,"comment_status":"closed","ping_status":"closed","sticky":false,"template":"","format":"standard","meta":{"_monsterinsights_skip_tracking":false,"_monsterinsights_sitenote_active":false,"_monsterinsights_sitenote_note":"","_monsterinsights_sitenote_category":0,"footnotes":""},"categories":[51,49],"tags":[],"class_list":["post-205253","post","type-post","status-publish","format-standard","has-post-thumbnail","hentry","category-evidenza-top","category-news-18","category-51","category-49","description-off"],"img_url":"https:\/\/www.radiopiu.net\/wordpress\/wp-content\/uploads\/2020\/10\/ZAIA-CON-FATTORI-E-ROSI.jpg","_links":{"self":[{"href":"https:\/\/www.radiopiu.net\/wordpress\/wp-json\/wp\/v2\/posts\/205253","targetHints":{"allow":["GET"]}}],"collection":[{"href":"https:\/\/www.radiopiu.net\/wordpress\/wp-json\/wp\/v2\/posts"}],"about":[{"href":"https:\/\/www.radiopiu.net\/wordpress\/wp-json\/wp\/v2\/types\/post"}],"author":[{"embeddable":true,"href":"https:\/\/www.radiopiu.net\/wordpress\/wp-json\/wp\/v2\/users\/4"}],"replies":[{"embeddable":true,"href":"https:\/\/www.radiopiu.net\/wordpress\/wp-json\/wp\/v2\/comments?post=205253"}],"version-history":[{"count":0,"href":"https:\/\/www.radiopiu.net\/wordpress\/wp-json\/wp\/v2\/posts\/205253\/revisions"}],"wp:featuredmedia":[{"embeddable":true,"href":"https:\/\/www.radiopiu.net\/wordpress\/wp-json\/wp\/v2\/media\/167459"}],"wp:attachment":[{"href":"https:\/\/www.radiopiu.net\/wordpress\/wp-json\/wp\/v2\/media?parent=205253"}],"wp:term":[{"taxonomy":"category","embeddable":true,"href":"https:\/\/www.radiopiu.net\/wordpress\/wp-json\/wp\/v2\/categories?post=205253"},{"taxonomy":"post_tag","embeddable":true,"href":"https:\/\/www.radiopiu.net\/wordpress\/wp-json\/wp\/v2\/tags?post=205253"}],"curies":[{"name":"wp","href":"https:\/\/api.w.org\/{rel}","templated":true}]}}