{"id":205320,"date":"2021-04-23T23:59:51","date_gmt":"2021-04-23T21:59:51","guid":{"rendered":"https:\/\/www.radiopiu.net\/wordpress\/?p=205320"},"modified":"2021-04-24T06:16:20","modified_gmt":"2021-04-24T04:16:20","slug":"un-fine-settimana-impegnativo-per-latletica-agordina-che-organizza-i-campionati-regionali-di-prove-multiple","status":"publish","type":"post","link":"https:\/\/www.radiopiu.net\/wordpress\/un-fine-settimana-impegnativo-per-latletica-agordina-che-organizza-i-campionati-regionali-di-prove-multiple\/","title":{"rendered":"UN FINE SETTIMANA IMPEGNATIVO PER L&#8217;ATLETICA AGORDINA CHE ORGANIZZA I CAMPIONATI REGIONALI DI PROVE MULTIPLE"},"content":{"rendered":"<p><strong><a href=\"https:\/\/www.radiopiu.net\/wordpress\/tutto-lo-sport-si-ferma-o-quasi\/ivano-dorigo-agordo\/\" rel=\"attachment wp-att-169847\"><img loading=\"lazy\" decoding=\"async\" class=\"size-medium wp-image-169847 alignleft\" src=\"https:\/\/www.radiopiu.net\/wordpress\/wp-content\/uploads\/2020\/11\/IVANO-DORIGO-AGORDO-300x225.jpg\" alt=\"\" width=\"300\" height=\"225\" srcset=\"https:\/\/www.radiopiu.net\/wordpress\/wp-content\/uploads\/2020\/11\/IVANO-DORIGO-AGORDO-300x225.jpg 300w, https:\/\/www.radiopiu.net\/wordpress\/wp-content\/uploads\/2020\/11\/IVANO-DORIGO-AGORDO-768x576.jpg 768w, https:\/\/www.radiopiu.net\/wordpress\/wp-content\/uploads\/2020\/11\/IVANO-DORIGO-AGORDO.jpg 1024w\" sizes=\"auto, (max-width: 300px) 100vw, 300px\" \/><\/a>AGORDO<\/strong> Un fine settimana impegnativo per l&#8217;Atletica Agordina che organizza ad Agordo, all&#8217;Ivano Dorigo, i Campionati Regionali di Prove Multiple per Veneto, Friuli Venezia Giulia e Trentino. Le prove Multiple \u00e8 quella competizione dell&#8217;atletica in cui un atleta gareggia in pi\u00f9 discipline: In questo caso eptathlon per le donne (7) e dechatlon per gli uomini (10) che vanno dalle corse, lancio del disco e peso, salto in lungo, salto in alto e salto con l&#8217;asta. Purtroppo la manifestazione \u00e8 soggetta a rigidi protocolli per il covid e sar\u00e0 a porte chiuse e l&#8217;ingresso al&#8217;impianto sar\u00e0 consentito solo ad atleti, tecnici, dirigenti e ausiliari regolarmente autorizzati, previa consegna dell&#8217;autocertificazione e misurazione della temperatura. All&#8217;interno della stessa manifestazione ci sar\u00e0 domenica mattina il 1\u00b0 Meeting di preparazione ad eventi di interesse nazionale Cadetti\/e riservato alla provincia di Belluno (ex Trofeo Giovanile)<\/p>\n","protected":false},"excerpt":{"rendered":"<p>AGORDO Un fine settimana impegnativo per l&#8217;Atletica Agordina che organizza ad Agordo, all&#8217;Ivano Dorigo, i Campionati Regionali di Prove Multiple per Veneto, Friuli Venezia Giulia e Trentino. Le prove Multiple \u00e8 quella competizione dell&#8217;atletica in cui un atleta gareggia in pi\u00f9 discipline: In questo caso eptathlon per le donne (7) e dechatlon per gli uomini&hellip;<\/p>\n","protected":false},"author":4,"featured_media":169847,"comment_status":"closed","ping_status":"closed","sticky":false,"template":"","format":"standard","meta":{"_monsterinsights_skip_tracking":false,"_monsterinsights_sitenote_active":false,"_monsterinsights_sitenote_note":"","_monsterinsights_sitenote_category":0,"footnotes":""},"categories":[104,49,72],"tags":[],"class_list":["post-205320","post","type-post","status-publish","format-standard","has-post-thumbnail","hentry","category-evidenza_3","category-news-18","category-sport","category-104","category-49","category-72","description-off"],"img_url":"https:\/\/www.radiopiu.net\/wordpress\/wp-content\/uploads\/2020\/11\/IVANO-DORIGO-AGORDO.jpg","_links":{"self":[{"href":"https:\/\/www.radiopiu.net\/wordpress\/wp-json\/wp\/v2\/posts\/205320","targetHints":{"allow":["GET"]}}],"collection":[{"href":"https:\/\/www.radiopiu.net\/wordpress\/wp-json\/wp\/v2\/posts"}],"about":[{"href":"https:\/\/www.radiopiu.net\/wordpress\/wp-json\/wp\/v2\/types\/post"}],"author":[{"embeddable":true,"href":"https:\/\/www.radiopiu.net\/wordpress\/wp-json\/wp\/v2\/users\/4"}],"replies":[{"embeddable":true,"href":"https:\/\/www.radiopiu.net\/wordpress\/wp-json\/wp\/v2\/comments?post=205320"}],"version-history":[{"count":0,"href":"https:\/\/www.radiopiu.net\/wordpress\/wp-json\/wp\/v2\/posts\/205320\/revisions"}],"wp:featuredmedia":[{"embeddable":true,"href":"https:\/\/www.radiopiu.net\/wordpress\/wp-json\/wp\/v2\/media\/169847"}],"wp:attachment":[{"href":"https:\/\/www.radiopiu.net\/wordpress\/wp-json\/wp\/v2\/media?parent=205320"}],"wp:term":[{"taxonomy":"category","embeddable":true,"href":"https:\/\/www.radiopiu.net\/wordpress\/wp-json\/wp\/v2\/categories?post=205320"},{"taxonomy":"post_tag","embeddable":true,"href":"https:\/\/www.radiopiu.net\/wordpress\/wp-json\/wp\/v2\/tags?post=205320"}],"curies":[{"name":"wp","href":"https:\/\/api.w.org\/{rel}","templated":true}]}}