{"id":205323,"date":"2021-04-23T16:13:37","date_gmt":"2021-04-23T14:13:37","guid":{"rendered":"https:\/\/www.radiopiu.net\/wordpress\/?p=205323"},"modified":"2021-04-24T06:17:19","modified_gmt":"2021-04-24T04:17:19","slug":"ripresa-dellattivita-in-presenza-a-scuola-priorita-alla-scuola-scrive-a-prefetto-provincia-comune-e-ust","status":"publish","type":"post","link":"https:\/\/www.radiopiu.net\/wordpress\/ripresa-dellattivita-in-presenza-a-scuola-priorita-alla-scuola-scrive-a-prefetto-provincia-comune-e-ust\/","title":{"rendered":"RIPRESA DELL&#8217;ATTIVITA&#8217; IN PRESENZA A SCUOLA. PRIORITA&#8217; ALLA SCUOLA SCRIVE A PREFETTO, PROVINCIA, COMUNE E UST"},"content":{"rendered":"<p><strong><a href=\"https:\/\/www.radiopiu.net\/wordpress\/fine-anno-eccezionale\/primo-piano-gli-studenti-che-scrivono-e-leggono-gli-fogli-di-risposta-degli-esami-di-esercitazione-in-aula-della-scuola-con-lo-stress_73622-858\/\" rel=\"attachment wp-att-143128\"><img loading=\"lazy\" decoding=\"async\" class=\"size-medium wp-image-143128 alignleft\" src=\"https:\/\/www.radiopiu.net\/wordpress\/wp-content\/uploads\/2020\/06\/primo-piano-gli-studenti-che-scrivono-e-leggono-gli-fogli-di-risposta-degli-esami-di-esercitazione-in-aula-della-scuola-con-lo-stress_73622-858-300x200.jpg\" alt=\"\" width=\"300\" height=\"200\" srcset=\"https:\/\/www.radiopiu.net\/wordpress\/wp-content\/uploads\/2020\/06\/primo-piano-gli-studenti-che-scrivono-e-leggono-gli-fogli-di-risposta-degli-esami-di-esercitazione-in-aula-della-scuola-con-lo-stress_73622-858-300x200.jpg 300w, https:\/\/www.radiopiu.net\/wordpress\/wp-content\/uploads\/2020\/06\/primo-piano-gli-studenti-che-scrivono-e-leggono-gli-fogli-di-risposta-degli-esami-di-esercitazione-in-aula-della-scuola-con-lo-stress_73622-858.jpg 626w\" sizes=\"auto, (max-width: 300px) 100vw, 300px\" \/><\/a>BELLUNO <\/strong>Alla luce del dibattito e delle disposizioni in merito al ritorno in presenza di studenti e studentesse della scuola secondaria di secondo grado, nonch\u00e9 delle problematiche che su questo stanno emergendo, questa mattina, Gioved\u00ec 22 aprile 2021, il comitato Priorit\u00e0 alla Scuola di Belluno ha scritto a Prefetto, Ufficio Scolastico Territoriale, Provincia e Comune di Belluno una lettera chiedendo: Di essere messi a conoscenza dell&#8217;esistenza di un piano trasporti per il rientro al 75% come annunciato a inizio 2021 e delle effettive criticit\u00e0 del trasporto pubblico locale per consentire il rientro al 100% in presenza, Di essere messi a conoscenza delle effettive criticit\u00e0 rispetto alla capienza delle scuole (con particolare riferimento alla riduzione del numero di studenti per classe). Che tutti gli attori coinvolti si attivino per quanto di propria competenza per il raggiungimento del 100% in presenza il prima possibile e finalmente si affrontino queste problematiche in maniera strutturale e si trovino soluzioni oltre l&#8217;emergenza, per un prossimo anno scolastico in presenza, sicurezza e continuit\u00e0. Di essere messi a conoscenza dei provvedimenti che si intendono attuare per risolvere la situazione esplicitando le concrete linee di intervento previste. Dopo 14 mesi dall&#8217;inizio della pandemia non sono in alcun modo accettabili ulteriori ritardi e rinvii causati dalla totale mancanza di intervento e di programmazione nonch\u00e9 dalla mancanza di una visione complessiva del sistema scuola. A questo proposito chiediamo inoltre che fin da ora si faccia non solo il possibile, ma anche l&#8217;impossibile, per garantire il prossimo anno scolastico in presenza, sicurezza e continuit\u00e0.<\/p>\n","protected":false},"excerpt":{"rendered":"<p>BELLUNO Alla luce del dibattito e delle disposizioni in merito al ritorno in presenza di studenti e studentesse della scuola secondaria di secondo grado, nonch\u00e9 delle problematiche che su questo stanno emergendo, questa mattina, Gioved\u00ec 22 aprile 2021, il comitato Priorit\u00e0 alla Scuola di Belluno ha scritto a Prefetto, Ufficio Scolastico Territoriale, Provincia e Comune&hellip;<\/p>\n","protected":false},"author":4,"featured_media":143128,"comment_status":"closed","ping_status":"closed","sticky":false,"template":"","format":"standard","meta":{"_monsterinsights_skip_tracking":false,"_monsterinsights_sitenote_active":false,"_monsterinsights_sitenote_note":"","_monsterinsights_sitenote_category":0,"footnotes":""},"categories":[51,49],"tags":[],"class_list":["post-205323","post","type-post","status-publish","format-standard","has-post-thumbnail","hentry","category-evidenza-top","category-news-18","category-51","category-49","description-off"],"img_url":"https:\/\/www.radiopiu.net\/wordpress\/wp-content\/uploads\/2020\/06\/primo-piano-gli-studenti-che-scrivono-e-leggono-gli-fogli-di-risposta-degli-esami-di-esercitazione-in-aula-della-scuola-con-lo-stress_73622-858.jpg","_links":{"self":[{"href":"https:\/\/www.radiopiu.net\/wordpress\/wp-json\/wp\/v2\/posts\/205323","targetHints":{"allow":["GET"]}}],"collection":[{"href":"https:\/\/www.radiopiu.net\/wordpress\/wp-json\/wp\/v2\/posts"}],"about":[{"href":"https:\/\/www.radiopiu.net\/wordpress\/wp-json\/wp\/v2\/types\/post"}],"author":[{"embeddable":true,"href":"https:\/\/www.radiopiu.net\/wordpress\/wp-json\/wp\/v2\/users\/4"}],"replies":[{"embeddable":true,"href":"https:\/\/www.radiopiu.net\/wordpress\/wp-json\/wp\/v2\/comments?post=205323"}],"version-history":[{"count":0,"href":"https:\/\/www.radiopiu.net\/wordpress\/wp-json\/wp\/v2\/posts\/205323\/revisions"}],"wp:featuredmedia":[{"embeddable":true,"href":"https:\/\/www.radiopiu.net\/wordpress\/wp-json\/wp\/v2\/media\/143128"}],"wp:attachment":[{"href":"https:\/\/www.radiopiu.net\/wordpress\/wp-json\/wp\/v2\/media?parent=205323"}],"wp:term":[{"taxonomy":"category","embeddable":true,"href":"https:\/\/www.radiopiu.net\/wordpress\/wp-json\/wp\/v2\/categories?post=205323"},{"taxonomy":"post_tag","embeddable":true,"href":"https:\/\/www.radiopiu.net\/wordpress\/wp-json\/wp\/v2\/tags?post=205323"}],"curies":[{"name":"wp","href":"https:\/\/api.w.org\/{rel}","templated":true}]}}