{"id":205388,"date":"2021-04-23T20:25:22","date_gmt":"2021-04-23T18:25:22","guid":{"rendered":"https:\/\/www.radiopiu.net\/wordpress\/?p=205388"},"modified":"2021-04-26T06:16:08","modified_gmt":"2021-04-26T04:16:08","slug":"luxottica-vince-la-scelta-delle-ferie-scaglionate-due-in-agosto-e-una-a-scelta","status":"publish","type":"post","link":"https:\/\/www.radiopiu.net\/wordpress\/luxottica-vince-la-scelta-delle-ferie-scaglionate-due-in-agosto-e-una-a-scelta\/","title":{"rendered":"LUXOTTICA: FERIE SCAGLIONATE. DUE IN AGOSTO E UNA A SCELTA"},"content":{"rendered":"<h3><\/h3>\n<blockquote>\n<h3><em>Un modello di gestione delle ferie innovativo in tempi di pandemia, partito dall\u2019ascolto delle persone, che hanno espresso la preferenza, e passato per l\u2019accordo con i sindacati<\/em><\/h3>\n<\/blockquote>\n<p><strong>AGORDO<\/strong> Dopo il sondaggio ecco la novit\u00e0: lo stabilimento produttivo di Agordo chiuder\u00e0 per ferie nelle due settimane centrali del mese di agosto, la terza settimana su scelta del dipendente, potr\u00e0 essere goduta a inizio del mese di agosto in modo da ottenere tre settimane di ferie consecutive oppure in altro periodo da maggio a dicembre ma con esclusione delle tre settimane successive alla chiusura collettiva. \u00c8 prevista anche la possibilit\u00e0 di optare per la fruizione a singole giornate della terza settimana. A breve l&#8217;azienda metter\u00e0 a disposizione un modulo sul portale aziendale per la scelta del periodo, i dipendenti dovranno in seguito attendere la conferma da parte dell&#8217;azienda della scelta effettuata. Due dei punti principali nel confronto tra RSU e azienda sono stati innanzitutto la possibilit\u00e0, per coloro che ne faranno richiesta, di ottenere le tre settimane di ferie consecutive e su questo tema vi \u00e8 nell&#8217;accordo un richiamo diretto al contratto nazionale; &#8220;Inoltre &#8211; sottolineano i delegati Uiltec-Uil di Agordo &#8211; visto quanto era successo l&#8217;anno scorso con la fruizione di permessi o altri istituti personali divenuta assai difficoltosa per la saturazione in vari reparti della quota di assenza massima prevista, la RSU ha concordato con l&#8217;azienda che verr\u00e0 salvaguardata la normale quota prevista dal contratto integrativo per l&#8217;utilizzo di permessi e altri istituti personali&#8221;. Qualora dalla prenotazione delle ferie dovessero emergere eventuali problematiche, vi \u00e8 l&#8217;impegno a ritrovarsi tra azienda e RSU per discuterne e valutare possibili soluzioni. Per quanto riguarda la rimanente parte dello stabilimento (uffici, officina, manutenzione,<a href=\"https:\/\/www.radiopiu.net\/wordpress\/giornale-radiopiu-24-aprile-2021-direttore-mirko-mezzacasa\/218639_208158679213845_8212155_o-2\/\" rel=\"attachment wp-att-205435\"><img loading=\"lazy\" decoding=\"async\" class=\"wp-image-205435 alignleft\" src=\"https:\/\/www.radiopiu.net\/wordpress\/wp-content\/uploads\/2021\/04\/218639_208158679213845_8212155_o-300x225.jpg\" alt=\"\" width=\"143\" height=\"107\" srcset=\"https:\/\/www.radiopiu.net\/wordpress\/wp-content\/uploads\/2021\/04\/218639_208158679213845_8212155_o-300x225.jpg 300w, https:\/\/www.radiopiu.net\/wordpress\/wp-content\/uploads\/2021\/04\/218639_208158679213845_8212155_o-768x576.jpg 768w, https:\/\/www.radiopiu.net\/wordpress\/wp-content\/uploads\/2021\/04\/218639_208158679213845_8212155_o.jpg 1024w\" sizes=\"auto, (max-width: 143px) 100vw, 143px\" \/><\/a>ecc) il calendario ferie verr\u00e0 discusso a breve.<\/p>\n<p>&nbsp;<\/p>\n<p><strong>AI MICROFONI DI RADIO PIU&#8217; FABIO GEREMETTA, FEMCA CISL LUXOTTICA AGORDO\u00a0<\/strong><\/p>\n<audio class=\"wp-audio-shortcode\" id=\"audio-205388-1\" preload=\"none\" style=\"width: 100%;\" controls=\"controls\"><source type=\"audio\/mpeg\" src=\"https:\/\/www.radiopiu.net\/wordpress\/wp-content\/uploads\/2021\/04\/FABIO-GEREMETTA-CISL-FERIE-LUXOTTICA.mp3?_=1\" \/><a href=\"https:\/\/www.radiopiu.net\/wordpress\/wp-content\/uploads\/2021\/04\/FABIO-GEREMETTA-CISL-FERIE-LUXOTTICA.mp3\">https:\/\/www.radiopiu.net\/wordpress\/wp-content\/uploads\/2021\/04\/FABIO-GEREMETTA-CISL-FERIE-LUXOTTICA.mp3<\/a><\/audio>\n<p>&nbsp;<\/p>\n<p>&nbsp;<\/p>\n<p>&nbsp;<\/p>\n","protected":false},"excerpt":{"rendered":"<p>Un modello di gestione delle ferie innovativo in tempi di pandemia, partito dall\u2019ascolto delle persone, che hanno espresso la preferenza, e passato per l\u2019accordo con i sindacati AGORDO Dopo il sondaggio ecco la novit\u00e0: lo stabilimento produttivo di Agordo chiuder\u00e0 per ferie nelle due settimane centrali del mese di agosto, la terza settimana su scelta&hellip;<\/p>\n","protected":false},"author":4,"featured_media":117391,"comment_status":"closed","ping_status":"closed","sticky":false,"template":"","format":"standard","meta":{"_monsterinsights_skip_tracking":false,"_monsterinsights_sitenote_active":false,"_monsterinsights_sitenote_note":"","_monsterinsights_sitenote_category":0,"footnotes":""},"categories":[51,49],"tags":[],"class_list":["post-205388","post","type-post","status-publish","format-standard","has-post-thumbnail","hentry","category-evidenza-top","category-news-18","category-51","category-49","description-off"],"img_url":"https:\/\/www.radiopiu.net\/wordpress\/wp-content\/uploads\/2020\/02\/LUXOTTICA-NOTTE-scaled.jpg","_links":{"self":[{"href":"https:\/\/www.radiopiu.net\/wordpress\/wp-json\/wp\/v2\/posts\/205388","targetHints":{"allow":["GET"]}}],"collection":[{"href":"https:\/\/www.radiopiu.net\/wordpress\/wp-json\/wp\/v2\/posts"}],"about":[{"href":"https:\/\/www.radiopiu.net\/wordpress\/wp-json\/wp\/v2\/types\/post"}],"author":[{"embeddable":true,"href":"https:\/\/www.radiopiu.net\/wordpress\/wp-json\/wp\/v2\/users\/4"}],"replies":[{"embeddable":true,"href":"https:\/\/www.radiopiu.net\/wordpress\/wp-json\/wp\/v2\/comments?post=205388"}],"version-history":[{"count":0,"href":"https:\/\/www.radiopiu.net\/wordpress\/wp-json\/wp\/v2\/posts\/205388\/revisions"}],"wp:featuredmedia":[{"embeddable":true,"href":"https:\/\/www.radiopiu.net\/wordpress\/wp-json\/wp\/v2\/media\/117391"}],"wp:attachment":[{"href":"https:\/\/www.radiopiu.net\/wordpress\/wp-json\/wp\/v2\/media?parent=205388"}],"wp:term":[{"taxonomy":"category","embeddable":true,"href":"https:\/\/www.radiopiu.net\/wordpress\/wp-json\/wp\/v2\/categories?post=205388"},{"taxonomy":"post_tag","embeddable":true,"href":"https:\/\/www.radiopiu.net\/wordpress\/wp-json\/wp\/v2\/tags?post=205388"}],"curies":[{"name":"wp","href":"https:\/\/api.w.org\/{rel}","templated":true}]}}