{"id":205447,"date":"2021-04-24T05:30:43","date_gmt":"2021-04-24T03:30:43","guid":{"rendered":"https:\/\/www.radiopiu.net\/wordpress\/?p=205447"},"modified":"2021-04-24T05:30:43","modified_gmt":"2021-04-24T03:30:43","slug":"lamico-e-scomparso-allertati-i-soccorsi","status":"publish","type":"post","link":"https:\/\/www.radiopiu.net\/wordpress\/lamico-e-scomparso-allertati-i-soccorsi\/","title":{"rendered":"L&#8217;AMICO E&#8217; SCOMPARSO, ALLERTATI I SOCCORSI"},"content":{"rendered":"<p><span style=\"color: #ff0000;\">A LIETO FINE<\/span><\/p>\n<p><strong><a href=\"https:\/\/www.radiopiu.net\/wordpress\/93727-2\/rivamonte-6\/\" rel=\"attachment wp-att-93746\"><img loading=\"lazy\" decoding=\"async\" class=\"wp-image-93746 alignleft\" src=\"https:\/\/www.radiopiu.net\/wordpress\/wp-content\/uploads\/2019\/07\/rivamonte-300x225.jpg\" alt=\"\" width=\"170\" height=\"128\" srcset=\"https:\/\/www.radiopiu.net\/wordpress\/wp-content\/uploads\/2019\/07\/rivamonte-300x225.jpg 300w, https:\/\/www.radiopiu.net\/wordpress\/wp-content\/uploads\/2019\/07\/rivamonte-768x576.jpg 768w, https:\/\/www.radiopiu.net\/wordpress\/wp-content\/uploads\/2019\/07\/rivamonte-1024x768.jpg 1024w, https:\/\/www.radiopiu.net\/wordpress\/wp-content\/uploads\/2019\/07\/rivamonte.jpg 1599w\" sizes=\"auto, (max-width: 170px) 100vw, 170px\" \/><\/a>RIVAMONTE<\/strong> Per fortuna tutto si \u00e8 concluso con un abbraccio e il sorriso, il 77enne \u00e8 stato infatti ritrovato in perfetta salute, ma l&#8217;amico ha temuto il peggio quando ha allertato i soccorsi. Erano\u00a0 usciti in \u00a0passeggiata e\u00a0 si sono persi di vista. In realt\u00e0 non si era perso nessuno, i due anziani escursionisti\u00a0 non si sono capiti al momento di separarsi: uno dei due ha detto che andava nel bosco invece era in paese, l&#8217;amico che lo attendeva si \u00e8 preoccupoato. L&#8217;allarme \u00e8 cos\u00ec scattato intorno alle 16.30 nella localit\u00e0 Ai Tos, dove i due anziani si sono ritrovati a fare una escursione.\u00a0 \u00c8 scattata cos\u00ec la ricerca del 77enne di Agordo che ha mobilitato le squadre di soccorso del Cnsas, quattro dei vigili del fuoco che hanno anche inviato una unit\u00e0 cinofila, le ricerche si sono protratte per oltre un&#8217;ora prima del lieto fine.<\/p>\n","protected":false},"excerpt":{"rendered":"<p>A LIETO FINE RIVAMONTE Per fortuna tutto si \u00e8 concluso con un abbraccio e il sorriso, il 77enne \u00e8 stato infatti ritrovato in perfetta salute, ma l&#8217;amico ha temuto il peggio quando ha allertato i soccorsi. Erano\u00a0 usciti in \u00a0passeggiata e\u00a0 si sono persi di vista. In realt\u00e0 non si era perso nessuno, i due&hellip;<\/p>\n","protected":false},"author":4,"featured_media":93742,"comment_status":"closed","ping_status":"closed","sticky":false,"template":"","format":"standard","meta":{"_monsterinsights_skip_tracking":false,"_monsterinsights_sitenote_active":false,"_monsterinsights_sitenote_note":"","_monsterinsights_sitenote_category":0,"footnotes":""},"categories":[51,49],"tags":[],"class_list":["post-205447","post","type-post","status-publish","format-standard","has-post-thumbnail","hentry","category-evidenza-top","category-news-18","category-51","category-49","description-off"],"img_url":"https:\/\/www.radiopiu.net\/wordpress\/wp-content\/uploads\/2019\/07\/rivamonte-2.jpg","_links":{"self":[{"href":"https:\/\/www.radiopiu.net\/wordpress\/wp-json\/wp\/v2\/posts\/205447","targetHints":{"allow":["GET"]}}],"collection":[{"href":"https:\/\/www.radiopiu.net\/wordpress\/wp-json\/wp\/v2\/posts"}],"about":[{"href":"https:\/\/www.radiopiu.net\/wordpress\/wp-json\/wp\/v2\/types\/post"}],"author":[{"embeddable":true,"href":"https:\/\/www.radiopiu.net\/wordpress\/wp-json\/wp\/v2\/users\/4"}],"replies":[{"embeddable":true,"href":"https:\/\/www.radiopiu.net\/wordpress\/wp-json\/wp\/v2\/comments?post=205447"}],"version-history":[{"count":0,"href":"https:\/\/www.radiopiu.net\/wordpress\/wp-json\/wp\/v2\/posts\/205447\/revisions"}],"wp:featuredmedia":[{"embeddable":true,"href":"https:\/\/www.radiopiu.net\/wordpress\/wp-json\/wp\/v2\/media\/93742"}],"wp:attachment":[{"href":"https:\/\/www.radiopiu.net\/wordpress\/wp-json\/wp\/v2\/media?parent=205447"}],"wp:term":[{"taxonomy":"category","embeddable":true,"href":"https:\/\/www.radiopiu.net\/wordpress\/wp-json\/wp\/v2\/categories?post=205447"},{"taxonomy":"post_tag","embeddable":true,"href":"https:\/\/www.radiopiu.net\/wordpress\/wp-json\/wp\/v2\/tags?post=205447"}],"curies":[{"name":"wp","href":"https:\/\/api.w.org\/{rel}","templated":true}]}}