{"id":205506,"date":"2021-04-26T05:35:40","date_gmt":"2021-04-26T03:35:40","guid":{"rendered":"https:\/\/www.radiopiu.net\/wordpress\/?p=205506"},"modified":"2021-04-26T05:58:03","modified_gmt":"2021-04-26T03:58:03","slug":"da-lunedi-riprende-lattivita-ambulatoriale-in-ulss-1-dolomiti","status":"publish","type":"post","link":"https:\/\/www.radiopiu.net\/wordpress\/da-lunedi-riprende-lattivita-ambulatoriale-in-ulss-1-dolomiti\/","title":{"rendered":"DA OGGI RIPRENDE L&#8217;ATTIVITA&#8217; AMBULATORIALE"},"content":{"rendered":"<p><strong><a href=\"https:\/\/www.radiopiu.net\/wordpress\/monoclonali-pronti-per-la-somministrazione-in-ulss-1-dolomiti\/ulss-1-2\/\" rel=\"attachment wp-att-198838\"><img loading=\"lazy\" decoding=\"async\" class=\"size-medium wp-image-198838 alignleft\" src=\"https:\/\/www.radiopiu.net\/wordpress\/wp-content\/uploads\/2021\/03\/ULSS-1-300x158.jpg\" alt=\"\" width=\"300\" height=\"158\" srcset=\"https:\/\/www.radiopiu.net\/wordpress\/wp-content\/uploads\/2021\/03\/ULSS-1-300x158.jpg 300w, https:\/\/www.radiopiu.net\/wordpress\/wp-content\/uploads\/2021\/03\/ULSS-1-768x404.jpg 768w, https:\/\/www.radiopiu.net\/wordpress\/wp-content\/uploads\/2021\/03\/ULSS-1.jpg 776w\" sizes=\"auto, (max-width: 300px) 100vw, 300px\" \/><\/a>BELLUNO <\/strong>Da luned\u00ec si torna in fascia gialla e in concomitanza sar\u00e0 riaperta progressivamente anche\u00a0 l\u2019attivit\u00e0 ambulatoriale in tutte le specialit\u00e0 e in tutte le sedi, anche per le prestazioni con classe di priorit\u00e0 D e P (quelle con attesa rispettivamente a 30 e 60\/90 giorni) che erano state temporaneamente sospese dal 29 marzo, quando la pandemia aveva iniziato a peggiorare.\u00a0 Ci sar\u00e0 anche una ripartenza\u00a0 dei ricoveri per tutte quelle prestazioni che erano state considerate differibili e quindi sospese sempre dal mese di marzo. Una lenta ripresa che verr\u00e0 intensificata con il progressivo regredire della pandemia grazie ai vaccini e comportamenti corretti. In Ulss Dolomiti le prestazioni da recuperare sono circa 2.700. Sar\u00e0 il CUP a ricontattare i cittadini per il nuovo appuntamento.<\/p>\n","protected":false},"excerpt":{"rendered":"<p>BELLUNO Da luned\u00ec si torna in fascia gialla e in concomitanza sar\u00e0 riaperta progressivamente anche\u00a0 l\u2019attivit\u00e0 ambulatoriale in tutte le specialit\u00e0 e in tutte le sedi, anche per le prestazioni con classe di priorit\u00e0 D e P (quelle con attesa rispettivamente a 30 e 60\/90 giorni) che erano state temporaneamente sospese dal 29 marzo, quando&hellip;<\/p>\n","protected":false},"author":4,"featured_media":198838,"comment_status":"closed","ping_status":"closed","sticky":false,"template":"","format":"standard","meta":{"_monsterinsights_skip_tracking":false,"_monsterinsights_sitenote_active":false,"_monsterinsights_sitenote_note":"","_monsterinsights_sitenote_category":0,"footnotes":""},"categories":[51,49],"tags":[],"class_list":["post-205506","post","type-post","status-publish","format-standard","has-post-thumbnail","hentry","category-evidenza-top","category-news-18","category-51","category-49","description-off"],"img_url":"https:\/\/www.radiopiu.net\/wordpress\/wp-content\/uploads\/2021\/03\/ULSS-1.jpg","_links":{"self":[{"href":"https:\/\/www.radiopiu.net\/wordpress\/wp-json\/wp\/v2\/posts\/205506","targetHints":{"allow":["GET"]}}],"collection":[{"href":"https:\/\/www.radiopiu.net\/wordpress\/wp-json\/wp\/v2\/posts"}],"about":[{"href":"https:\/\/www.radiopiu.net\/wordpress\/wp-json\/wp\/v2\/types\/post"}],"author":[{"embeddable":true,"href":"https:\/\/www.radiopiu.net\/wordpress\/wp-json\/wp\/v2\/users\/4"}],"replies":[{"embeddable":true,"href":"https:\/\/www.radiopiu.net\/wordpress\/wp-json\/wp\/v2\/comments?post=205506"}],"version-history":[{"count":0,"href":"https:\/\/www.radiopiu.net\/wordpress\/wp-json\/wp\/v2\/posts\/205506\/revisions"}],"wp:featuredmedia":[{"embeddable":true,"href":"https:\/\/www.radiopiu.net\/wordpress\/wp-json\/wp\/v2\/media\/198838"}],"wp:attachment":[{"href":"https:\/\/www.radiopiu.net\/wordpress\/wp-json\/wp\/v2\/media?parent=205506"}],"wp:term":[{"taxonomy":"category","embeddable":true,"href":"https:\/\/www.radiopiu.net\/wordpress\/wp-json\/wp\/v2\/categories?post=205506"},{"taxonomy":"post_tag","embeddable":true,"href":"https:\/\/www.radiopiu.net\/wordpress\/wp-json\/wp\/v2\/tags?post=205506"}],"curies":[{"name":"wp","href":"https:\/\/api.w.org\/{rel}","templated":true}]}}