{"id":205539,"date":"2021-04-26T05:51:52","date_gmt":"2021-04-26T03:51:52","guid":{"rendered":"https:\/\/www.radiopiu.net\/wordpress\/?p=205539"},"modified":"2021-04-26T09:41:33","modified_gmt":"2021-04-26T07:41:33","slug":"giornale-radiopiu-26-aprile-2021-direttore-mirko-mezzacasa","status":"publish","type":"post","link":"https:\/\/www.radiopiu.net\/wordpress\/giornale-radiopiu-26-aprile-2021-direttore-mirko-mezzacasa\/","title":{"rendered":"GIORNALE RADIOPIU 26 APRILE 2021 DIRETTORE MIRKO MEZZACASA"},"content":{"rendered":"<h3>PER<strong>\u00a0RICEVERE QUESTO NOTIZIARIO DIRETTAMENTE SUL TUO CELLULARE ISCRIVITI AL CANALE TELEGRAM\u00a0<\/strong><strong>\u201cRADIO PIU\u00a0 INFORMAZIONE\u201d\u00a0<\/strong><\/h3>\n<h2><\/h2>\n<p>&nbsp;<\/p>\n<hr \/>\n<p>&nbsp;<\/p>\n<blockquote>\n<h3>L&#8217;ARTICOLO PIU&#8217; CLICCATO NELLE ULTIME 48 ORE, PUBBLICATO SABATO MATTINA<\/h3>\n<\/blockquote>\n<blockquote class=\"wp-embedded-content\" data-secret=\"DmI105PEEm\"><p><a href=\"https:\/\/www.radiopiu.net\/wordpress\/luxottica-vince-la-scelta-delle-ferie-scaglionate-due-in-agosto-e-una-a-scelta\/\">LUXOTTICA: VINCE LA SCELTA DELLE FERIE SCAGLIONATE. DUE IN AGOSTO E UNA A SCELTA<\/a><\/p><\/blockquote>\n<p><iframe loading=\"lazy\" class=\"wp-embedded-content\" sandbox=\"allow-scripts\" security=\"restricted\" style=\"position: absolute; clip: rect(1px, 1px, 1px, 1px);\" title=\"&#8220;LUXOTTICA: VINCE LA SCELTA DELLE FERIE SCAGLIONATE. DUE IN AGOSTO E UNA A SCELTA&#8221; &#8212; Radio Pi\u00f9\" src=\"https:\/\/www.radiopiu.net\/wordpress\/luxottica-vince-la-scelta-delle-ferie-scaglionate-due-in-agosto-e-una-a-scelta\/embed\/#?secret=DmI105PEEm\" data-secret=\"DmI105PEEm\" width=\"600\" height=\"338\" frameborder=\"0\" marginwidth=\"0\" marginheight=\"0\" scrolling=\"no\"><\/iframe><\/p>\n<p>&nbsp;<\/p>\n<hr \/>\n<h2 dir=\"auto\"><a href=\"https:\/\/www.radiopiu.net\/wordpress\/giornale-radiopiu-07-aprile-2021-direttore-mirko-mezzacasa\/youtube\/\" rel=\"attachment wp-att-201738\"><img loading=\"lazy\" decoding=\"async\" class=\"wp-image-201738 alignleft\" src=\"https:\/\/www.radiopiu.net\/wordpress\/wp-content\/uploads\/2021\/04\/YOUTUBE-300x300.png\" sizes=\"auto, (max-width: 143px) 100vw, 143px\" srcset=\"https:\/\/www.radiopiu.net\/wordpress\/wp-content\/uploads\/2021\/04\/YOUTUBE-300x300.png 300w, https:\/\/www.radiopiu.net\/wordpress\/wp-content\/uploads\/2021\/04\/YOUTUBE-1024x1024.png 1024w, https:\/\/www.radiopiu.net\/wordpress\/wp-content\/uploads\/2021\/04\/YOUTUBE-150x150.png 150w, https:\/\/www.radiopiu.net\/wordpress\/wp-content\/uploads\/2021\/04\/YOUTUBE-768x768.png 768w, https:\/\/www.radiopiu.net\/wordpress\/wp-content\/uploads\/2021\/04\/YOUTUBE.png 1200w\" alt=\"\" width=\"143\" height=\"143\" \/><\/a><\/h2>\n<p>&nbsp;<\/p>\n<h2 dir=\"auto\">RADIO PIU\u2019 ANCHE SU YOUTUBE. ISCRIVITI AL CANALE PER SEGUIRE LE DIRETTE E GUARDARE I VIDEO DI RADIO PIU\u2019<\/h2>\n<h2 dir=\"auto\"><a href=\"https:\/\/www.youtube.com\/channel\/UC_sv6_pySrogmrRK354wWOw\">CLICCA QUI<\/a>\u00a0E PREMI SUL PULSANTE \u201cISCRIVITI\u201d<\/h2>\n<p>&nbsp;<\/p>\n<p>&nbsp;<\/p>\n<hr \/>\n<p>&nbsp;<\/p>\n<p><em><a href=\"https:\/\/www.radiopiu.net\/wordpress\/giornale-radiopiu-24-gennaio-2021-direttore-mirko-mezzacasa\/79216601_126817312416448_708980208774483089_n\/\" rel=\"attachment wp-att-186567\"><img loading=\"lazy\" decoding=\"async\" class=\"size-medium wp-image-186567 alignleft\" src=\"https:\/\/www.radiopiu.net\/wordpress\/wp-content\/uploads\/2021\/01\/79216601_126817312416448_708980208774483089_n-300x114.jpg\" sizes=\"auto, (max-width: 300px) 100vw, 300px\" srcset=\"https:\/\/www.radiopiu.net\/wordpress\/wp-content\/uploads\/2021\/01\/79216601_126817312416448_708980208774483089_n-300x114.jpg 300w, https:\/\/www.radiopiu.net\/wordpress\/wp-content\/uploads\/2021\/01\/79216601_126817312416448_708980208774483089_n-768x292.jpg 768w, https:\/\/www.radiopiu.net\/wordpress\/wp-content\/uploads\/2021\/01\/79216601_126817312416448_708980208774483089_n.jpg 820w\" alt=\"\" width=\"300\" height=\"114\" \/><\/a><\/em><\/p>\n<p><em>\u00a0<\/em><em>LA NUOVA APP PER IOS-IPHONE di Nicola Vettorello\u00a0<\/em><a href=\"https:\/\/apps.apple.com\/it\/app\/radio-pi%C3%B9-emittente-agordina\/id1515939845\">https:\/\/apps.apple.com\/it\/app\/radio-pi%C3%B9-emittente-agordina\/id1515939845<\/a><\/p>\n<p><em>ATTENZIONE: LA NUOVA APP RADIO\u00a0 PER ANDROID di Nicola Vettorello<\/em><\/p>\n<p><a href=\"https:\/\/play.google.com\/store\/apps\/details?id=net.radiopiu.iniko\" target=\"_blank\" rel=\"noopener noreferrer\">https:\/\/play.google.com\/store\/apps\/details?id=net.radiopiu.iniko<\/a><\/p>\n<p>&nbsp;<\/p>\n<p>&nbsp;<\/p>\n<p>&nbsp;<\/p>\n<hr \/>\n<p>&nbsp;<\/p>\n<blockquote>\n<h2>UN ABBRACCIO A LUISA PER LA SCOMPARSA DELLA MAMMA<\/h2>\n<\/blockquote>\n<p><strong><img loading=\"lazy\" decoding=\"async\" class=\"alignleft\" src=\"https:\/\/www.radiopiu.net\/wordpress\/wp-content\/uploads\/2021\/04\/Schermata-2021-04-25-alle-16.55.46.png\" width=\"228\" height=\"267\" \/>CENCENIGHE <\/strong>A pochi mesi dalla scomparsa del pap\u00e0 Arvedo, un altro lutto nella famiglia Alchini. La redazione giornalistica di Radio Pi\u00f9 partecipa al dolore\u00a0 per la scomparsa di Margherita Soppelsa, mamma della nostra collaboratrice Luisa Alchini. Un messaggio di solidariet\u00e0 da tutti noi di Radio Pi\u00f9 e un abbraccio alla nostra Luisa.<\/p>\n<blockquote>\n<p class=\"p1\"><em>\u00c8 morta Margherita Soppelsa, ne danno il triste annuncio i figli Ivo con Diana, Luisa con Daniele, i nipoti Angelica, Alessio Marco e Denise con Alessandro, il fratello, i consuoceri e i parenti tutti. I funerali si svolgeranno marted\u00ec alle 14:30 nella chiesa di Cencenighe.<\/em><\/p>\n<\/blockquote>\n<p>&nbsp;<\/p>\n<p>&nbsp;<\/p>\n<hr \/>\n<p>&nbsp;<\/p>\n<blockquote>\n<h3>VENETO IN GIALLO<\/h3>\n<\/blockquote>\n<p><strong><a href=\"https:\/\/www.radiopiu.net\/wordpress\/il-veneto-rimane-in-zona-gialla-la-provincia-di-trento-passa-in-arancione\/giallo\/\" rel=\"attachment wp-att-190818\"><img loading=\"lazy\" decoding=\"async\" class=\" wp-image-190818 alignleft\" src=\"https:\/\/www.radiopiu.net\/wordpress\/wp-content\/uploads\/2021\/02\/Giallo-300x200.png\" alt=\"\" width=\"185\" height=\"123\" srcset=\"https:\/\/www.radiopiu.net\/wordpress\/wp-content\/uploads\/2021\/02\/Giallo-300x200.png 300w, https:\/\/www.radiopiu.net\/wordpress\/wp-content\/uploads\/2021\/02\/Giallo-1024x682.png 1024w, https:\/\/www.radiopiu.net\/wordpress\/wp-content\/uploads\/2021\/02\/Giallo-768x512.png 768w, https:\/\/www.radiopiu.net\/wordpress\/wp-content\/uploads\/2021\/02\/Giallo.png 1250w\" sizes=\"auto, (max-width: 185px) 100vw, 185px\" \/><\/a><\/strong><em>Il Veneto \u00e8 in zona GIALLA. Aperti bar e ristoranti ma solo con consumazione all&#8217;aperto, coprifuoco dalle 22 alle 5, scuola in presenza dal 70 al 100%, consentiti gli spostamenti tra regioni gialle ma non tra regione di colore diverso (in questo caso serve un pass per poter accedere alla regione di colore diverso), riaprono cinema, teatri, sale da ballo ma con capienza limitata e solo su prenotazione, ritornano gli sport di squadra e di contatto ma solo all&#8217;aperto e sar\u00e0 vietato l&#8217;uso degli spogliatoi. Sono consentite visite a parenti ed amici per un massimo di 4 persone una volta al giorno.<\/em><\/p>\n<p>&nbsp;<\/p>\n<blockquote class=\"wp-embedded-content\" data-secret=\"DWYfh0W9EE\"><p><a href=\"https:\/\/www.radiopiu.net\/wordpress\/lettera-ai-veneti-del-presidente-zaia-in-vista-dellapplicazione-delle-nuove-regole\/\">LETTERA AI VENETI DEL PRESIDENTE ZAIA IN VISTA DELL\u2019APPLICAZIONE DELLE NUOVE REGOLE RISPETTO AL COVID-19<\/a><\/p><\/blockquote>\n<p><iframe loading=\"lazy\" class=\"wp-embedded-content\" sandbox=\"allow-scripts\" security=\"restricted\" style=\"position: absolute; clip: rect(1px, 1px, 1px, 1px);\" title=\"&#8220;LETTERA AI VENETI DEL PRESIDENTE ZAIA IN VISTA DELL\u2019APPLICAZIONE DELLE NUOVE REGOLE RISPETTO AL COVID-19&#8221; &#8212; Radio Pi\u00f9\" src=\"https:\/\/www.radiopiu.net\/wordpress\/lettera-ai-veneti-del-presidente-zaia-in-vista-dellapplicazione-delle-nuove-regole\/embed\/#?secret=DWYfh0W9EE\" data-secret=\"DWYfh0W9EE\" width=\"600\" height=\"338\" frameborder=\"0\" marginwidth=\"0\" marginheight=\"0\" scrolling=\"no\"><\/iframe><\/p>\n<p>&nbsp;<\/p>\n<hr \/>\n<p>&nbsp;<\/p>\n<blockquote>\n<h3>LE STORIE BELLUNESI RACCONTATE DAL CORRIERE DELLE ALPI, OGGI MILVA E IL CONCERTO DEL &#8217;77 A FELTRE QUANDO STACCO&#8217; UN ASSEGNO PER AIUTARE GLI ORGANIZZATORI SOTTO CON GLI INCASSI.<\/h3>\n<\/blockquote>\n<p><strong><a href=\"https:\/\/www.radiopiu.net\/wordpress\/giornale-radiopiu-25-aprile-2021-direttore-mirko-mezzacasa\/download-1121\/\" rel=\"attachment wp-att-205618\"><img loading=\"lazy\" decoding=\"async\" class=\"size-full wp-image-205618 alignleft\" src=\"https:\/\/www.radiopiu.net\/wordpress\/wp-content\/uploads\/2021\/04\/download-4.jpg\" alt=\"\" width=\"299\" height=\"168\" \/><\/a>di Stefano De Barba<\/strong><\/p>\n<p><em>A Feltre nel 1977 per cantare alla festa dell&#8217;Unit\u00e0, Milva fin\u00ec per finanziare il suo stesso concerto staccando un assegno ai giovani militanti che, tra ingenuit\u00e0 e conti sbagliati, erano andati in rosso. A raccontare l&#8217;episodio, rendendo omaggio alla figura di Milva e alla sua sensibilit\u00e0, \u00e8 uno dei protagonisti: l&#8217;ex assessore provinciale Ezio Lise.All&#8217;epoca Lise aveva vent&#8217;anni, al bosco Drio le Rive non c&#8217;era ancora il palaghiaccio ma l\u00ec si teneva la festa dell&#8217;Unit\u00e0. Quel luglio il programma musicale aveva due pezzi forti: l&#8217;Equipe &#8217;84 e Milva.\u00abFu un grande successo, una serata memorabile\u00bb, dice Lise, ricordando la moltitudine di persone radunate lungo la salita e nel bosco. Di fronte a quella folla, a met\u00e0 concerto venne presa la decisione di far entrare tutti, anche senza biglietto&#8230;<\/em><\/p>\n<p>&nbsp;<\/p>\n<hr \/>\n<h3><\/h3>\n<p>&nbsp;<\/p>\n<p>&nbsp;<\/p>\n<p>&nbsp;<\/p>\n<blockquote>\n<h3>COLLE SANTA LUCIA PIU&#8217; &#8220;BASTONATRICE&#8221; D&#8217;ITALIA<\/h3>\n<\/blockquote>\n<p><strong>COLLE SANTA LUCIA:\u00a0<\/strong> 1.500 euro pro capite di multe e sanzioni, pi\u00f9 multe che abitanti.\u00a0 Lo dice la piattaforma\u00a0 OpenPolis. Colle Santa Lucia, il Comune con la proporzione pi\u00f9 alta di tutta Italia tra multe e residenti, un&#8217;amministrazione che ha saputo investire, sull&#8217;autovelox <em>&#8220;per la sicurezza&#8221; <\/em>lo ricordano sempre i sindaci ribadendo come le sanzioni finiscano nel capitolo sicurezza stradale. A Colle Santa Lucia \u00a0 529.340,96 euro nel 2019 cio\u00e8\u00a0 1.516,74 euro pro capite.<\/p>\n<p>A livello provinciale 1 Agordino con\u00a0 Colle\u00a0 2 Cencenighe (285.919,37 euro)\u00a0 3 Alleghe (123.065 euro 4 San Tomaso (81.725,90), 5 Selva (62.994) ) a seguire\u00a0 Cortina, Livinallongo,\u00a0 Sedico, Agordo\u00a0 e Longarone . Distanziate Belluno\u00a0 e Feltre (14 euro).<\/p>\n<div class=\"elementor-element elementor-element-86cd1a5 jedv-enabled--yes elementor-widget elementor-widget-heading\" data-id=\"86cd1a5\" data-element_type=\"widget\" data-widget_type=\"heading.default\"><\/div>\n<p>&nbsp;<\/p>\n<div class=\"elementor-widget-container\"><\/div>\n<div><\/div>\n<div><\/div>\n<div>\n<hr \/>\n<\/div>\n<div>\n<blockquote>\n<h3 class=\"page-title-head hgroup\">EX PROVINCIALE TAIBON-AGORDO, STRADA CHIUSA FINO AL 31 MAGGIO<\/h3>\n<\/blockquote>\n<p><strong>TAIBON<\/strong>\u00a0Cantiere aperto tra Taibon, Taier e Brugnach sulla strada di campagna, (ex Sp 34): fino al 31 maggio la strada rester\u00e0 chiusa da\u00a0 via Col di Lana (sabati, domeniche e festivi inclusi).<\/p>\n<p>&nbsp;<\/p>\n<p>&nbsp;<\/p>\n<hr \/>\n<\/div>\n<p>&nbsp;<\/p>\n<div class=\"page-title-head hgroup\"><strong>PROVINCIALE 347 DURAN CEREDA, TRANSITO REGOLARE NON PIU\u2019 A FASCE ORARIE<\/strong><\/div>\n<div><\/div>\n<p><strong>SP 3 VAL IMPERINA\u00a0<\/strong>Fino al 30 aprile (sabato e domenica esclusi) interdizione alla viabilit\u00e0 per lavori di esbosco schianti a fasce orari. Chiusure: dalle 8 alle 9.45; dalle 10 alle 12; dalle 13.45 alle 15.50; dalle 16.10 alle 17.30. Nei periodi non interessati dalla chiusura senso unico alternato con movieri.<img loading=\"lazy\" decoding=\"async\" class=\"wp-image-198719 alignleft\" src=\"https:\/\/www.radiopiu.net\/wordpress\/wp-content\/uploads\/2021\/03\/d1cefc45-a8f4-432d-b66b-ba03ea140813-300x142.jpg\" sizes=\"auto, (max-width: 188px) 100vw, 188px\" srcset=\"https:\/\/www.radiopiu.net\/wordpress\/wp-content\/uploads\/2021\/03\/d1cefc45-a8f4-432d-b66b-ba03ea140813-300x142.jpg 300w, https:\/\/www.radiopiu.net\/wordpress\/wp-content\/uploads\/2021\/03\/d1cefc45-a8f4-432d-b66b-ba03ea140813-1024x485.jpg 1024w, https:\/\/www.radiopiu.net\/wordpress\/wp-content\/uploads\/2021\/03\/d1cefc45-a8f4-432d-b66b-ba03ea140813-768x364.jpg 768w, https:\/\/www.radiopiu.net\/wordpress\/wp-content\/uploads\/2021\/03\/d1cefc45-a8f4-432d-b66b-ba03ea140813-1536x728.jpg 1536w, https:\/\/www.radiopiu.net\/wordpress\/wp-content\/uploads\/2021\/03\/d1cefc45-a8f4-432d-b66b-ba03ea140813.jpg 1599w\" alt=\"\" width=\"188\" height=\"89\" \/><\/p>\n<p><b>\u00a0<\/b><strong>PROVINCIALE 10 DI ALANO, LOC. LE SORGENTI<\/strong>\u00a0interruzione totale alla viabilit\u00e0 fino al 19 maggio, dalle 8 alle 12 e dalle 13 alle 18, esclusi sabato e domenica<\/p>\n<p><strong>SP 473 CROCE D\u2019AUNE<\/strong>\u00a0localit\u00e0 Pedavena, dalle 9 alle 16 del 27 aprile interdizione<\/p>\n<p><strong>SOVERZENE<\/strong>\u00a0senso unico alternato regolato\u00a0 da\u00a0 impianto\u00a0 semaforico sulla\u00a0 strada\u00a0 Soverzene \u2013 Provagna\u00a0 in\u00a0 Comune\u00a0 di\u00a0 Soverzene,\u00a0 dalla\u00a0 localit\u00e0\u00a0 Cima\u00a0 Campo fino\u00a0 al\u00a0 bivio\u00a0 con\u00a0 gli\u00a0 impianti\u00a0 sportivi<\/p>\n<p>&nbsp;<\/p>\n<p>&nbsp;<\/p>\n<hr \/>\n<p>&nbsp;<\/p>\n<p><strong><a href=\"https:\/\/www.radiopiu.net\/wordpress\/acqua-di-nuovo-potabile-a-gosaldo\/bicchiere-acqua\/\" rel=\"attachment wp-att-197762\"><img loading=\"lazy\" decoding=\"async\" class=\" wp-image-197762 alignleft\" src=\"https:\/\/www.radiopiu.net\/wordpress\/wp-content\/uploads\/2021\/03\/BICCHIERE-ACQUA-300x200.jpg\" sizes=\"auto, (max-width: 159px) 100vw, 159px\" srcset=\"https:\/\/www.radiopiu.net\/wordpress\/wp-content\/uploads\/2021\/03\/BICCHIERE-ACQUA-300x200.jpg 300w, https:\/\/www.radiopiu.net\/wordpress\/wp-content\/uploads\/2021\/03\/BICCHIERE-ACQUA-1024x683.jpg 1024w, https:\/\/www.radiopiu.net\/wordpress\/wp-content\/uploads\/2021\/03\/BICCHIERE-ACQUA-768x512.jpg 768w, https:\/\/www.radiopiu.net\/wordpress\/wp-content\/uploads\/2021\/03\/BICCHIERE-ACQUA-1536x1024.jpg 1536w, https:\/\/www.radiopiu.net\/wordpress\/wp-content\/uploads\/2021\/03\/BICCHIERE-ACQUA.jpg 1920w\" alt=\"\" width=\"159\" height=\"106\" \/><\/a><\/strong><strong>ROCCA PIETORE\u00a0 acqua di nuovo potabile su tutto il territorio.<\/strong><\/p>\n<p><strong>COLLE SANTA LUCIA<\/strong> per lavori alla rete idrica comunale, domani\u00a0 dalle 8 fino al termine dei lavori potrebbe mancare l\u2019acqua a in tutto il Comune eccetto le localit\u00e0 Posalz, Frena, Colcuc e Rucav\u00e0.<\/p>\n<p>&nbsp;<\/p>\n<p>&nbsp;<\/p>\n<hr \/>\n<p>&nbsp;<\/p>\n<p>Nel Veneto ieri il numero dei positivi \u00e8 salito a 407.988 rispetto a sabato +633, attualmente positivi +173 per un totale di 23.351;\u00a0 guariti +454 .\u00a0 E&#8217; salito a 11.235 il numero delle vittime\u00a0 (+6). In leggero calo il numero dei ricoverati: 1.345 nei reparti ordinari (-2) e 214 nelle rianimazioni Covid (-1).\u00a0 Sabato sono state somministrate 25.342 dosi, novemila delle quali di richiamo. &#8212;<\/p>\n<blockquote>\n<h3>COVID IN PROVINCIA: UN DECESSO E 14 NUOVI POSITIVI<\/h3>\n<\/blockquote>\n<p><strong>BELLUNO <\/strong>Nelle ultime 24 ore \u00e8 deceduta una donna di 88 anni ricoverata in Pneumologia a Feltre. Si sono registrate 14 nuove positivit\u00e0 in ULSS 1 Dolomiti, le persone attualmente positive sono 547.<\/p>\n<p><strong>Ricoveri<\/strong><\/p>\n<p><em>(dato alle ore 17.00 fonte: Azienda Zero)<\/em><\/p>\n<p>Le persone attualmente POSITIVE ricoverate negli ospedali dell\u2019Ulss Dolomiti sono:<\/p>\n<table>\n<tbody>\n<tr>\n<td width=\"217\"><strong>\u00a0<\/strong><\/td>\n<td width=\"217\"><strong>Area NON CRITICA<\/strong><\/td>\n<td width=\"217\"><strong>Terapia Intensiva<\/strong><\/td>\n<\/tr>\n<tr>\n<td width=\"217\"><strong>Ospedale di Belluno <\/strong><\/td>\n<td width=\"217\">16<\/td>\n<td width=\"217\">4<\/td>\n<\/tr>\n<tr>\n<td width=\"217\"><strong>Ospedale di Feltre<\/strong><\/td>\n<td width=\"217\">11<\/td>\n<td width=\"217\">4<\/td>\n<\/tr>\n<\/tbody>\n<\/table>\n<p>&nbsp;<\/p>\n<p>Le persone attualmente POSITIVE ricoverate in Ospedale di Comunit\u00e0 sono:<\/p>\n<table>\n<tbody>\n<tr>\n<td width=\"326\"><strong>\u00a0<\/strong><\/td>\n<td width=\"326\"><strong>pazienti attualmente positivi<\/strong><\/td>\n<\/tr>\n<tr>\n<td width=\"326\"><strong>Ospedale di Comunit\u00e0 di BELLUNO<\/strong><\/td>\n<td width=\"326\">7<\/td>\n<\/tr>\n<tr>\n<td width=\"326\"><strong>Ospedale di Comunit\u00e0 di FELTRE<\/strong><\/td>\n<td width=\"326\">4<\/td>\n<\/tr>\n<\/tbody>\n<\/table>\n<p>&nbsp;<\/p>\n<p>&nbsp;<\/p>\n<hr \/>\n<p>&nbsp;<\/p>\n<blockquote>\n<h3>25 APRILE NELLA CONCA AGORDINA, PENSIERO RICONOSCENTE AI CADUTI DI TUTTE LE GUERRE<\/h3>\n<\/blockquote>\n<p>&nbsp;<\/p>\n<p><strong>AGORDO<\/strong>\u00a0 Ha 57 anni il sindaco di Agordo Roberto Chissal\u00e8 come il consigliere comunale porta gagliardetto Livio De Nardin,\u00a0 nel 1970 erano in prima elementare probabilmente\u00a0 tra i bambini a sventolare il tricolore, e Claudio Sito poco lontano. Non c&#8217;\u00e8 anno da allora che non sia stato presente il 25 aprile, il giorno della Liberazione, il ricordo dell&#8217;uccisione di giovani ragazzi con la bandiera nel cuore , i Caduti di tutte le Guerre e tutto quello che la storia ha insegnato a Roberto Chissal\u00e8. Oggi l&#8217;allora bambino\u00a0 il tricolore lo veste e rappresenta sia ii pensiero di Claudio e Livio che di Alessandra Conedera\u00a0 e Gilberto Fossen, gli agenti di Polizia Locale, presenza importante in questa data.\u00a0 Certo che la Conca Agordina porta i segni della Guerra, lo confermano fiori e corone negli angoli della vallata da Pragrande a Voltago e fino a Taibon paese rappresentato dal sindaco Silvia Tormen.<\/p>\n<p>&nbsp;<\/p>\n<p><strong>IL SINDACO DI AGORDO ROBERTO CHISSALE&#8217;<\/strong><\/p>\n<audio class=\"wp-audio-shortcode\" id=\"audio-205539-1\" preload=\"none\" style=\"width: 100%;\" controls=\"controls\"><source type=\"audio\/mpeg\" src=\"https:\/\/www.radiopiu.net\/wordpress\/wp-content\/uploads\/2021\/04\/CHISSALE-25-APRILE.mp3?_=1\" \/><a href=\"https:\/\/www.radiopiu.net\/wordpress\/wp-content\/uploads\/2021\/04\/CHISSALE-25-APRILE.mp3\">https:\/\/www.radiopiu.net\/wordpress\/wp-content\/uploads\/2021\/04\/CHISSALE-25-APRILE.mp3<\/a><\/audio>\n<p>&nbsp;<\/p>\n<p><strong>L&#8217;ASSESSORE DEL COMUNE DI AGORDO CLAUDIO SITO<\/strong><\/p>\n<audio class=\"wp-audio-shortcode\" id=\"audio-205539-2\" preload=\"none\" style=\"width: 100%;\" controls=\"controls\"><source type=\"audio\/mpeg\" src=\"https:\/\/www.radiopiu.net\/wordpress\/wp-content\/uploads\/2021\/04\/SITO-25-APRILE.mp3?_=2\" \/><a href=\"https:\/\/www.radiopiu.net\/wordpress\/wp-content\/uploads\/2021\/04\/SITO-25-APRILE.mp3\">https:\/\/www.radiopiu.net\/wordpress\/wp-content\/uploads\/2021\/04\/SITO-25-APRILE.mp3<\/a><\/audio>\n<p>&nbsp;<\/p>\n<p><strong>LE FOTO<\/strong><\/p>\n\n\t\t\t<style type='text\/css'>\n\t\t\t\t#gallery-1 {\n\t\t\t\t\tmargin: auto;\n\t\t\t\t}\n\t\t\t\t#gallery-1 .gallery-item {\n\t\t\t\t\tfloat: left;\n\t\t\t\t\tmargin-top: 10px;\n\t\t\t\t\ttext-align: center;\n\t\t\t\t\twidth: 33%;\n\t\t\t\t}\n\t\t\t\t#gallery-1 img {\n\t\t\t\t\tborder: 2px solid #cfcfcf;\n\t\t\t\t}\n\t\t\t\t#gallery-1 .gallery-caption {\n\t\t\t\t\tmargin-left: 0;\n\t\t\t\t}\n\t\t\t\t\/* see gallery_shortcode() in wp-includes\/media.php *\/\n\t\t\t<\/style>\n\t\t<div id='gallery-1' class='dt-gallery-container gallery galleryid-205539 gallery-columns-3 gallery-size-medium'><dl class='gallery-item'>\n\t\t\t\t<dt class='gallery-icon portrait'>\n\t\t\t\t\t<a class=\"rollover rollover-zoom dt-pswp-item\" title=\"25 aprile\" data-dt-img-description=\"\" data-large_image_width=\"590\" data-large_image_height=\"656\"href='https:\/\/www.radiopiu.net\/wordpress\/wp-content\/uploads\/2021\/04\/25-aprile-1.jpg'><img loading=\"lazy\" decoding=\"async\" width=\"270\" height=\"300\" src=\"https:\/\/www.radiopiu.net\/wordpress\/wp-content\/uploads\/2021\/04\/25-aprile-1-270x300.jpg\" class=\"attachment-medium size-medium\" alt=\"\" aria-describedby=\"gallery-1-205786\" srcset=\"https:\/\/www.radiopiu.net\/wordpress\/wp-content\/uploads\/2021\/04\/25-aprile-1-270x300.jpg 270w, https:\/\/www.radiopiu.net\/wordpress\/wp-content\/uploads\/2021\/04\/25-aprile-1.jpg 590w\" sizes=\"auto, (max-width: 270px) 100vw, 270px\" \/><\/a>\n\t\t\t\t<\/dt>\n\t\t\t\t\t<dd class='wp-caption-text gallery-caption' id='gallery-1-205786'>\n\t\t\t\t\t25aprile  davanti al Monumento ai Caduti di Taibon Agordino.  La Sindaco Silvia Tormen e l\u2019Agente di polizia Locale Gilberto Fossen  sono  con Emanuele Del Din che, con  il cappello d\u2019Alpino e la sua bandiera , \u00e8 orgoglioso di trovarsi l\u00ec a ricordare il lontano 25 aprile di 76 anni fa quando l\u2019Italia fu liberata dal Nazifascismo.\n\t\t\t\t\t<\/dd><\/dl><dl class='gallery-item'>\n\t\t\t\t<dt class='gallery-icon portrait'>\n\t\t\t\t\t<a class=\"rollover rollover-zoom dt-pswp-item\" title=\"203a8a47-e002-4975-8bc0-18b41a6c9dbb\" data-dt-img-description=\"\" data-large_image_width=\"1200\" data-large_image_height=\"1600\"href='https:\/\/www.radiopiu.net\/wordpress\/wp-content\/uploads\/2021\/04\/203a8a47-e002-4975-8bc0-18b41a6c9dbb.jpg'><img loading=\"lazy\" decoding=\"async\" width=\"225\" height=\"300\" src=\"https:\/\/www.radiopiu.net\/wordpress\/wp-content\/uploads\/2021\/04\/203a8a47-e002-4975-8bc0-18b41a6c9dbb-225x300.jpg\" class=\"attachment-medium size-medium\" alt=\"\" aria-describedby=\"gallery-1-205747\" srcset=\"https:\/\/www.radiopiu.net\/wordpress\/wp-content\/uploads\/2021\/04\/203a8a47-e002-4975-8bc0-18b41a6c9dbb-225x300.jpg 225w, https:\/\/www.radiopiu.net\/wordpress\/wp-content\/uploads\/2021\/04\/203a8a47-e002-4975-8bc0-18b41a6c9dbb-768x1024.jpg 768w, https:\/\/www.radiopiu.net\/wordpress\/wp-content\/uploads\/2021\/04\/203a8a47-e002-4975-8bc0-18b41a6c9dbb-1152x1536.jpg 1152w, https:\/\/www.radiopiu.net\/wordpress\/wp-content\/uploads\/2021\/04\/203a8a47-e002-4975-8bc0-18b41a6c9dbb.jpg 1200w\" sizes=\"auto, (max-width: 225px) 100vw, 225px\" \/><\/a>\n\t\t\t\t<\/dt>\n\t\t\t\t\t<dd class='wp-caption-text gallery-caption' id='gallery-1-205747'>\n\t\t\t\t\tAGORDO\n\t\t\t\t\t<\/dd><\/dl><dl class='gallery-item'>\n\t\t\t\t<dt class='gallery-icon landscape'>\n\t\t\t\t\t<a class=\"rollover rollover-zoom dt-pswp-item\" title=\"82c7d9a8-1129-4f2d-98a3-a76124f4f0d2\" data-dt-img-description=\"\" data-large_image_width=\"1600\" data-large_image_height=\"1200\"href='https:\/\/www.radiopiu.net\/wordpress\/wp-content\/uploads\/2021\/04\/82c7d9a8-1129-4f2d-98a3-a76124f4f0d2.jpg'><img loading=\"lazy\" decoding=\"async\" width=\"300\" height=\"225\" src=\"https:\/\/www.radiopiu.net\/wordpress\/wp-content\/uploads\/2021\/04\/82c7d9a8-1129-4f2d-98a3-a76124f4f0d2-300x225.jpg\" class=\"attachment-medium size-medium\" alt=\"\" aria-describedby=\"gallery-1-205746\" srcset=\"https:\/\/www.radiopiu.net\/wordpress\/wp-content\/uploads\/2021\/04\/82c7d9a8-1129-4f2d-98a3-a76124f4f0d2-300x225.jpg 300w, https:\/\/www.radiopiu.net\/wordpress\/wp-content\/uploads\/2021\/04\/82c7d9a8-1129-4f2d-98a3-a76124f4f0d2-1024x768.jpg 1024w, https:\/\/www.radiopiu.net\/wordpress\/wp-content\/uploads\/2021\/04\/82c7d9a8-1129-4f2d-98a3-a76124f4f0d2-768x576.jpg 768w, https:\/\/www.radiopiu.net\/wordpress\/wp-content\/uploads\/2021\/04\/82c7d9a8-1129-4f2d-98a3-a76124f4f0d2-1536x1152.jpg 1536w, https:\/\/www.radiopiu.net\/wordpress\/wp-content\/uploads\/2021\/04\/82c7d9a8-1129-4f2d-98a3-a76124f4f0d2.jpg 1600w\" sizes=\"auto, (max-width: 300px) 100vw, 300px\" \/><\/a>\n\t\t\t\t<\/dt>\n\t\t\t\t\t<dd class='wp-caption-text gallery-caption' id='gallery-1-205746'>\n\t\t\t\t\tAGORDO\n\t\t\t\t\t<\/dd><\/dl><br style=\"clear: both\" \/><dl class='gallery-item'>\n\t\t\t\t<dt class='gallery-icon landscape'>\n\t\t\t\t\t<a class=\"rollover rollover-zoom dt-pswp-item\" title=\"db84c7df-6d13-45a6-85c5-8cee3b3c6bc5\" data-dt-img-description=\"\" data-large_image_width=\"1600\" data-large_image_height=\"1200\"href='https:\/\/www.radiopiu.net\/wordpress\/wp-content\/uploads\/2021\/04\/db84c7df-6d13-45a6-85c5-8cee3b3c6bc5.jpg'><img loading=\"lazy\" decoding=\"async\" width=\"300\" height=\"225\" src=\"https:\/\/www.radiopiu.net\/wordpress\/wp-content\/uploads\/2021\/04\/db84c7df-6d13-45a6-85c5-8cee3b3c6bc5-300x225.jpg\" class=\"attachment-medium size-medium\" alt=\"\" aria-describedby=\"gallery-1-205748\" srcset=\"https:\/\/www.radiopiu.net\/wordpress\/wp-content\/uploads\/2021\/04\/db84c7df-6d13-45a6-85c5-8cee3b3c6bc5-300x225.jpg 300w, https:\/\/www.radiopiu.net\/wordpress\/wp-content\/uploads\/2021\/04\/db84c7df-6d13-45a6-85c5-8cee3b3c6bc5-1024x768.jpg 1024w, https:\/\/www.radiopiu.net\/wordpress\/wp-content\/uploads\/2021\/04\/db84c7df-6d13-45a6-85c5-8cee3b3c6bc5-768x576.jpg 768w, https:\/\/www.radiopiu.net\/wordpress\/wp-content\/uploads\/2021\/04\/db84c7df-6d13-45a6-85c5-8cee3b3c6bc5-1536x1152.jpg 1536w, https:\/\/www.radiopiu.net\/wordpress\/wp-content\/uploads\/2021\/04\/db84c7df-6d13-45a6-85c5-8cee3b3c6bc5.jpg 1600w\" sizes=\"auto, (max-width: 300px) 100vw, 300px\" \/><\/a>\n\t\t\t\t<\/dt>\n\t\t\t\t\t<dd class='wp-caption-text gallery-caption' id='gallery-1-205748'>\n\t\t\t\t\tAGORDO\n\t\t\t\t\t<\/dd><\/dl><dl class='gallery-item'>\n\t\t\t\t<dt class='gallery-icon landscape'>\n\t\t\t\t\t<a class=\"rollover rollover-zoom dt-pswp-item\" title=\"ad06ad7f-fe6b-4b3d-9b2d-21dffeb3f3b5\" data-dt-img-description=\"\" data-large_image_width=\"1600\" data-large_image_height=\"1200\"href='https:\/\/www.radiopiu.net\/wordpress\/wp-content\/uploads\/2021\/04\/ad06ad7f-fe6b-4b3d-9b2d-21dffeb3f3b5.jpg'><img loading=\"lazy\" decoding=\"async\" width=\"300\" height=\"225\" src=\"https:\/\/www.radiopiu.net\/wordpress\/wp-content\/uploads\/2021\/04\/ad06ad7f-fe6b-4b3d-9b2d-21dffeb3f3b5-300x225.jpg\" class=\"attachment-medium size-medium\" alt=\"\" aria-describedby=\"gallery-1-205750\" srcset=\"https:\/\/www.radiopiu.net\/wordpress\/wp-content\/uploads\/2021\/04\/ad06ad7f-fe6b-4b3d-9b2d-21dffeb3f3b5-300x225.jpg 300w, https:\/\/www.radiopiu.net\/wordpress\/wp-content\/uploads\/2021\/04\/ad06ad7f-fe6b-4b3d-9b2d-21dffeb3f3b5-1024x768.jpg 1024w, https:\/\/www.radiopiu.net\/wordpress\/wp-content\/uploads\/2021\/04\/ad06ad7f-fe6b-4b3d-9b2d-21dffeb3f3b5-768x576.jpg 768w, https:\/\/www.radiopiu.net\/wordpress\/wp-content\/uploads\/2021\/04\/ad06ad7f-fe6b-4b3d-9b2d-21dffeb3f3b5-1536x1152.jpg 1536w, https:\/\/www.radiopiu.net\/wordpress\/wp-content\/uploads\/2021\/04\/ad06ad7f-fe6b-4b3d-9b2d-21dffeb3f3b5.jpg 1600w\" sizes=\"auto, (max-width: 300px) 100vw, 300px\" \/><\/a>\n\t\t\t\t<\/dt>\n\t\t\t\t\t<dd class='wp-caption-text gallery-caption' id='gallery-1-205750'>\n\t\t\t\t\tAGORDO\n\t\t\t\t\t<\/dd><\/dl><dl class='gallery-item'>\n\t\t\t\t<dt class='gallery-icon landscape'>\n\t\t\t\t\t<a class=\"rollover rollover-zoom dt-pswp-item\" title=\"495141de-5e5a-41d9-8f74-26060b731a0b\" data-dt-img-description=\"\" data-large_image_width=\"1600\" data-large_image_height=\"1200\"href='https:\/\/www.radiopiu.net\/wordpress\/wp-content\/uploads\/2021\/04\/495141de-5e5a-41d9-8f74-26060b731a0b.jpg'><img loading=\"lazy\" decoding=\"async\" width=\"300\" height=\"225\" src=\"https:\/\/www.radiopiu.net\/wordpress\/wp-content\/uploads\/2021\/04\/495141de-5e5a-41d9-8f74-26060b731a0b-300x225.jpg\" class=\"attachment-medium size-medium\" alt=\"\" aria-describedby=\"gallery-1-205749\" srcset=\"https:\/\/www.radiopiu.net\/wordpress\/wp-content\/uploads\/2021\/04\/495141de-5e5a-41d9-8f74-26060b731a0b-300x225.jpg 300w, https:\/\/www.radiopiu.net\/wordpress\/wp-content\/uploads\/2021\/04\/495141de-5e5a-41d9-8f74-26060b731a0b-1024x768.jpg 1024w, https:\/\/www.radiopiu.net\/wordpress\/wp-content\/uploads\/2021\/04\/495141de-5e5a-41d9-8f74-26060b731a0b-768x576.jpg 768w, https:\/\/www.radiopiu.net\/wordpress\/wp-content\/uploads\/2021\/04\/495141de-5e5a-41d9-8f74-26060b731a0b-1536x1152.jpg 1536w, https:\/\/www.radiopiu.net\/wordpress\/wp-content\/uploads\/2021\/04\/495141de-5e5a-41d9-8f74-26060b731a0b.jpg 1600w\" sizes=\"auto, (max-width: 300px) 100vw, 300px\" \/><\/a>\n\t\t\t\t<\/dt>\n\t\t\t\t\t<dd class='wp-caption-text gallery-caption' id='gallery-1-205749'>\n\t\t\t\t\tTAIBON CON IL SINDACO SILVIA TORMEN\n\t\t\t\t\t<\/dd><\/dl><br style=\"clear: both\" \/><dl class='gallery-item'>\n\t\t\t\t<dt class='gallery-icon landscape'>\n\t\t\t\t\t<a class=\"rollover rollover-zoom dt-pswp-item\" title=\"a1fdee47-0dc5-4146-8767-8ff0ea71aa65\" data-dt-img-description=\"\" data-large_image_width=\"1600\" data-large_image_height=\"1200\"href='https:\/\/www.radiopiu.net\/wordpress\/wp-content\/uploads\/2021\/04\/a1fdee47-0dc5-4146-8767-8ff0ea71aa65.jpg'><img loading=\"lazy\" decoding=\"async\" width=\"300\" height=\"225\" src=\"https:\/\/www.radiopiu.net\/wordpress\/wp-content\/uploads\/2021\/04\/a1fdee47-0dc5-4146-8767-8ff0ea71aa65-300x225.jpg\" class=\"attachment-medium size-medium\" alt=\"\" aria-describedby=\"gallery-1-205751\" srcset=\"https:\/\/www.radiopiu.net\/wordpress\/wp-content\/uploads\/2021\/04\/a1fdee47-0dc5-4146-8767-8ff0ea71aa65-300x225.jpg 300w, https:\/\/www.radiopiu.net\/wordpress\/wp-content\/uploads\/2021\/04\/a1fdee47-0dc5-4146-8767-8ff0ea71aa65-1024x768.jpg 1024w, https:\/\/www.radiopiu.net\/wordpress\/wp-content\/uploads\/2021\/04\/a1fdee47-0dc5-4146-8767-8ff0ea71aa65-768x576.jpg 768w, https:\/\/www.radiopiu.net\/wordpress\/wp-content\/uploads\/2021\/04\/a1fdee47-0dc5-4146-8767-8ff0ea71aa65-1536x1152.jpg 1536w, https:\/\/www.radiopiu.net\/wordpress\/wp-content\/uploads\/2021\/04\/a1fdee47-0dc5-4146-8767-8ff0ea71aa65.jpg 1600w\" sizes=\"auto, (max-width: 300px) 100vw, 300px\" \/><\/a>\n\t\t\t\t<\/dt>\n\t\t\t\t\t<dd class='wp-caption-text gallery-caption' id='gallery-1-205751'>\n\t\t\t\t\tVOLTAGO\n\t\t\t\t\t<\/dd><\/dl>\n\t\t\t\t<br style='clear: both' \/>\n\t\t\t<\/div>\n\n<p>&nbsp;<\/p>\n<p>&nbsp;<\/p>\n<hr \/>\n<p>&nbsp;<\/p>\n<blockquote>\n<h3>IL 25 APRILE A TAIBON CON IL GIOVANE EMANUELE<\/h3>\n<\/blockquote>\n<p><strong>TAIBON\u00a0 <\/strong>25 aprile davanti al Monumento ai Caduti di Taibon Agordino.\u00a0 Il Sindaco Silvia Tormen e l\u2019Agente di Polizia Locale Gilberto Fossen sono con Emanuele Del Din che, con il cappello d\u2019Alpino e la sua bandiera, \u00e8 orgoglioso di trovarsi l\u00ec a ricordare il lontano 25 aprile di 76 anni fa quando l\u2019Italia fu liberata dal Nazifascismo.<\/p>\n\n\t\t\t<style type='text\/css'>\n\t\t\t\t#gallery-2 {\n\t\t\t\t\tmargin: auto;\n\t\t\t\t}\n\t\t\t\t#gallery-2 .gallery-item {\n\t\t\t\t\tfloat: left;\n\t\t\t\t\tmargin-top: 10px;\n\t\t\t\t\ttext-align: center;\n\t\t\t\t\twidth: 100%;\n\t\t\t\t}\n\t\t\t\t#gallery-2 img {\n\t\t\t\t\tborder: 2px solid #cfcfcf;\n\t\t\t\t}\n\t\t\t\t#gallery-2 .gallery-caption {\n\t\t\t\t\tmargin-left: 0;\n\t\t\t\t}\n\t\t\t\t\/* see gallery_shortcode() in wp-includes\/media.php *\/\n\t\t\t<\/style>\n\t\t<div id='gallery-2' class='dt-gallery-container gallery galleryid-205539 gallery-columns-1 gallery-size-medium'><dl class='gallery-item'>\n\t\t\t\t<dt class='gallery-icon portrait'>\n\t\t\t\t\t<a class=\"rollover rollover-zoom dt-pswp-item\" title=\"25 aprile\" data-dt-img-description=\"\" data-large_image_width=\"590\" data-large_image_height=\"656\"href='https:\/\/www.radiopiu.net\/wordpress\/wp-content\/uploads\/2021\/04\/25-aprile.jpg'><img loading=\"lazy\" decoding=\"async\" width=\"270\" height=\"300\" src=\"https:\/\/www.radiopiu.net\/wordpress\/wp-content\/uploads\/2021\/04\/25-aprile-270x300.jpg\" class=\"attachment-medium size-medium\" alt=\"\" srcset=\"https:\/\/www.radiopiu.net\/wordpress\/wp-content\/uploads\/2021\/04\/25-aprile-270x300.jpg 270w, https:\/\/www.radiopiu.net\/wordpress\/wp-content\/uploads\/2021\/04\/25-aprile.jpg 590w\" sizes=\"auto, (max-width: 270px) 100vw, 270px\" \/><\/a>\n\t\t\t\t<\/dt><\/dl><br style=\"clear: both\" \/>\n\t\t\t<\/div>\n\n<p>&nbsp;<\/p>\n<hr \/>\n<p>&nbsp;<\/p>\n<blockquote>\n<h3>IERI MATTINA A FALCADE, I NERVI SALDI DEL PRESIDENTE DELLA CROCE VERDE STEFANO MURER<\/h3>\n<\/blockquote>\n<p><strong>FALCADE<\/strong> Ieri mattina, alle 8:45, incidente a Falcade. Una Panda e una Seicento si sono scontrate all&#8217;altezza del Cinema Dolomiti. La Panda, con alla guida una sessantasettenne di Falcade, stava salendo da una strada comunale che da accesso alle abitazioni private per immettersi nella regionale 346 del Passo San Pellegrino mentre la Seicento, con a bordo una donna di 88 anni e un uomo di 90, stava procedendo verso Caviola dal centro del paese. Da qui l&#8217;impatto tra le due vetture dopo la mancata precedenza della Panda. Attimi di paura per il presidente della Croce Verde Val Biois Stefano Murer &#8220;<em>In effetti\u00a0 &#8211; racconta &#8211; siamo stati allertati per un codice rosso, cio\u00e8 per un incidente con conseguenze gravi,\u00a0 e quando con l&#8217;ambulanza siamo arrivati in prossimit\u00e0 del sinistro mi sono reso conto che era l&#8217;auto dei miei genitori. Si pu\u00f2 solo immaginare quanto sia stato difficile tenere i nervi saldi. Fortunatamente dagli accertamenti in ospedale non \u00e8 emerso nulla di grave se non lo strappo dovuto alle cinture di sicurezza. La donna a bordo della Panda ha preferito non ricorrere alle cure ospedaliere ma la paura \u00e8 stata tanta<\/em>&#8220;. Sul posto anche Vigili del Fuoco e i Carabinieri di Falcade\u00a0 per i rilievi di legge. Per i due anziani la prognosi \u00e8 di 30 giorni, per la donna la frattura di una mano e delle costole, per il novantenne la rottura dello sterno. Qualche specchio parabolico in pi\u00f9 all&#8217;uscita dalle strade comunali nell&#8217;intersezione con la strada regionale potrebbe aiutare anche in circostanze come questa.<\/p>\n\n\t\t\t<style type='text\/css'>\n\t\t\t\t#gallery-3 {\n\t\t\t\t\tmargin: auto;\n\t\t\t\t}\n\t\t\t\t#gallery-3 .gallery-item {\n\t\t\t\t\tfloat: left;\n\t\t\t\t\tmargin-top: 10px;\n\t\t\t\t\ttext-align: center;\n\t\t\t\t\twidth: 33%;\n\t\t\t\t}\n\t\t\t\t#gallery-3 img {\n\t\t\t\t\tborder: 2px solid #cfcfcf;\n\t\t\t\t}\n\t\t\t\t#gallery-3 .gallery-caption {\n\t\t\t\t\tmargin-left: 0;\n\t\t\t\t}\n\t\t\t\t\/* see gallery_shortcode() in wp-includes\/media.php *\/\n\t\t\t<\/style>\n\t\t<div id='gallery-3' class='dt-gallery-container gallery galleryid-205539 gallery-columns-3 gallery-size-large'><dl class='gallery-item'>\n\t\t\t\t<dt class='gallery-icon landscape'>\n\t\t\t\t\t<a class=\"rollover rollover-zoom dt-pswp-item\" title=\"Schermata 2021-04-25 alle 11.13.40\" data-dt-img-description=\"\" data-large_image_width=\"2786\" data-large_image_height=\"1352\"href='https:\/\/www.radiopiu.net\/wordpress\/wp-content\/uploads\/2021\/04\/Schermata-2021-04-25-alle-11.13.40.png'><img loading=\"lazy\" decoding=\"async\" width=\"1024\" height=\"497\" src=\"https:\/\/www.radiopiu.net\/wordpress\/wp-content\/uploads\/2021\/04\/Schermata-2021-04-25-alle-11.13.40-1024x497.png\" class=\"attachment-large size-large\" alt=\"\" srcset=\"https:\/\/www.radiopiu.net\/wordpress\/wp-content\/uploads\/2021\/04\/Schermata-2021-04-25-alle-11.13.40-1024x497.png 1024w, https:\/\/www.radiopiu.net\/wordpress\/wp-content\/uploads\/2021\/04\/Schermata-2021-04-25-alle-11.13.40-300x146.png 300w, https:\/\/www.radiopiu.net\/wordpress\/wp-content\/uploads\/2021\/04\/Schermata-2021-04-25-alle-11.13.40-768x373.png 768w, https:\/\/www.radiopiu.net\/wordpress\/wp-content\/uploads\/2021\/04\/Schermata-2021-04-25-alle-11.13.40-1536x745.png 1536w, https:\/\/www.radiopiu.net\/wordpress\/wp-content\/uploads\/2021\/04\/Schermata-2021-04-25-alle-11.13.40-2048x994.png 2048w\" sizes=\"auto, (max-width: 1024px) 100vw, 1024px\" \/><\/a>\n\t\t\t\t<\/dt><\/dl><dl class='gallery-item'>\n\t\t\t\t<dt class='gallery-icon landscape'>\n\t\t\t\t\t<a class=\"rollover rollover-zoom dt-pswp-item\" title=\"Schermata 2021-04-25 alle 11.14.05\" data-dt-img-description=\"\" data-large_image_width=\"2784\" data-large_image_height=\"1348\"href='https:\/\/www.radiopiu.net\/wordpress\/wp-content\/uploads\/2021\/04\/Schermata-2021-04-25-alle-11.14.05.png'><img loading=\"lazy\" decoding=\"async\" width=\"1024\" height=\"496\" src=\"https:\/\/www.radiopiu.net\/wordpress\/wp-content\/uploads\/2021\/04\/Schermata-2021-04-25-alle-11.14.05-1024x496.png\" class=\"attachment-large size-large\" alt=\"\" srcset=\"https:\/\/www.radiopiu.net\/wordpress\/wp-content\/uploads\/2021\/04\/Schermata-2021-04-25-alle-11.14.05-1024x496.png 1024w, https:\/\/www.radiopiu.net\/wordpress\/wp-content\/uploads\/2021\/04\/Schermata-2021-04-25-alle-11.14.05-300x145.png 300w, https:\/\/www.radiopiu.net\/wordpress\/wp-content\/uploads\/2021\/04\/Schermata-2021-04-25-alle-11.14.05-768x372.png 768w, https:\/\/www.radiopiu.net\/wordpress\/wp-content\/uploads\/2021\/04\/Schermata-2021-04-25-alle-11.14.05-1536x744.png 1536w, https:\/\/www.radiopiu.net\/wordpress\/wp-content\/uploads\/2021\/04\/Schermata-2021-04-25-alle-11.14.05-2048x992.png 2048w\" sizes=\"auto, (max-width: 1024px) 100vw, 1024px\" \/><\/a>\n\t\t\t\t<\/dt><\/dl><dl class='gallery-item'>\n\t\t\t\t<dt class='gallery-icon landscape'>\n\t\t\t\t\t<a class=\"rollover rollover-zoom dt-pswp-item\" title=\"Schermata 2021-04-25 alle 11.14.40\" data-dt-img-description=\"\" data-large_image_width=\"2784\" data-large_image_height=\"1348\"href='https:\/\/www.radiopiu.net\/wordpress\/wp-content\/uploads\/2021\/04\/Schermata-2021-04-25-alle-11.14.40.png'><img loading=\"lazy\" decoding=\"async\" width=\"1024\" height=\"496\" src=\"https:\/\/www.radiopiu.net\/wordpress\/wp-content\/uploads\/2021\/04\/Schermata-2021-04-25-alle-11.14.40-1024x496.png\" class=\"attachment-large size-large\" alt=\"\" srcset=\"https:\/\/www.radiopiu.net\/wordpress\/wp-content\/uploads\/2021\/04\/Schermata-2021-04-25-alle-11.14.40-1024x496.png 1024w, https:\/\/www.radiopiu.net\/wordpress\/wp-content\/uploads\/2021\/04\/Schermata-2021-04-25-alle-11.14.40-300x145.png 300w, https:\/\/www.radiopiu.net\/wordpress\/wp-content\/uploads\/2021\/04\/Schermata-2021-04-25-alle-11.14.40-768x372.png 768w, https:\/\/www.radiopiu.net\/wordpress\/wp-content\/uploads\/2021\/04\/Schermata-2021-04-25-alle-11.14.40-1536x744.png 1536w, https:\/\/www.radiopiu.net\/wordpress\/wp-content\/uploads\/2021\/04\/Schermata-2021-04-25-alle-11.14.40-2048x992.png 2048w\" sizes=\"auto, (max-width: 1024px) 100vw, 1024px\" \/><\/a>\n\t\t\t\t<\/dt><\/dl><br style=\"clear: both\" \/>\n\t\t\t<\/div>\n\n<p>&nbsp;<\/p>\n<hr \/>\n<p>&nbsp;<\/p>\n<blockquote>\n<h3>SCIVOLA SUL SENTIERO TRA VIGNUI E PIAN DEI VIOLINI, INTERVIENE IL SOCCORSO ALPINO<\/h3>\n<\/blockquote>\n<p><strong><a href=\"https:\/\/www.radiopiu.net\/wordpress\/escursionista-dellalpago-scivola-in-un-dirupo-durante-una-passeggiata\/salt_20210306_130706_844\/\" rel=\"attachment wp-att-195494\"><img loading=\"lazy\" decoding=\"async\" class=\" wp-image-195494 alignleft\" src=\"https:\/\/www.radiopiu.net\/wordpress\/wp-content\/uploads\/2021\/03\/salt_20210306_130706_844-300x225.jpg\" alt=\"\" width=\"243\" height=\"182\" srcset=\"https:\/\/www.radiopiu.net\/wordpress\/wp-content\/uploads\/2021\/03\/salt_20210306_130706_844-300x225.jpg 300w, https:\/\/www.radiopiu.net\/wordpress\/wp-content\/uploads\/2021\/03\/salt_20210306_130706_844-1024x768.jpg 1024w, https:\/\/www.radiopiu.net\/wordpress\/wp-content\/uploads\/2021\/03\/salt_20210306_130706_844-768x576.jpg 768w, https:\/\/www.radiopiu.net\/wordpress\/wp-content\/uploads\/2021\/03\/salt_20210306_130706_844-1536x1152.jpg 1536w, https:\/\/www.radiopiu.net\/wordpress\/wp-content\/uploads\/2021\/03\/salt_20210306_130706_844-2048x1536.jpg 2048w\" sizes=\"auto, (max-width: 243px) 100vw, 243px\" \/><\/a>FELTRE<\/strong> Attorno alle 10.45 il Soccorso alpino di Feltre \u00e8 stato allertato dalla Centrale del Suem, per un&#8217;escursionista scivolata mentre in compagnia stava seguendo la traccia di un sentiero tra Vignui e Pian dei Violini. Poich\u00e9 la localizzazione era resa difficile dall&#8217;assenza di copertura telefonica, sul posto \u00e8 stata inviata una squadra, mentre decollava l&#8217;elicottero del Suem di Pieve di Cadore. Grazie al contatto con un passante che \u00e8 riuscito a prendere la linea, l&#8217;eliambulanza \u00e8 stata indirizzata sul luogo dell&#8217;incidente. L.A., 57 anni, di Feltre (BL), \u00e8 stata individuata e raggiunta dall&#8217;equipaggio che le ha prestato le prime cure, per dolori a collo e polso da lei lamentati. Imbarellata e recuperata con un verricello di 60 metri, l&#8217;infortunata \u00e8 stata trasportata all&#8217;ospedale di Feltre<\/p>\n<p>&nbsp;<\/p>\n<p>&nbsp;<\/p>\n<hr \/>\n<p>&nbsp;<\/p>\n<blockquote>\n<h3>STAGIONE INVERNALE ANDATA MALE, NON MEGLIO CON GSP E VALPE<\/h3>\n<\/blockquote>\n<p><strong><a href=\"https:\/\/www.radiopiu.net\/wordpress\/ancora-ricordi-di-don-gabriele\/chiesa-arabba\/\" rel=\"attachment wp-att-141837\"><img loading=\"lazy\" decoding=\"async\" class=\"size-medium wp-image-141837 alignleft\" src=\"https:\/\/www.radiopiu.net\/wordpress\/wp-content\/uploads\/2020\/06\/CHIESA-ARABBA-300x225.jpg\" alt=\"\" width=\"300\" height=\"225\" srcset=\"https:\/\/www.radiopiu.net\/wordpress\/wp-content\/uploads\/2020\/06\/CHIESA-ARABBA-300x225.jpg 300w, https:\/\/www.radiopiu.net\/wordpress\/wp-content\/uploads\/2020\/06\/CHIESA-ARABBA-1024x768.jpg 1024w, https:\/\/www.radiopiu.net\/wordpress\/wp-content\/uploads\/2020\/06\/CHIESA-ARABBA-768x576.jpg 768w, https:\/\/www.radiopiu.net\/wordpress\/wp-content\/uploads\/2020\/06\/CHIESA-ARABBA-1536x1152.jpg 1536w, https:\/\/www.radiopiu.net\/wordpress\/wp-content\/uploads\/2020\/06\/CHIESA-ARABBA-2048x1536.jpg 2048w\" sizes=\"auto, (max-width: 300px) 100vw, 300px\" \/><\/a>LIVINALLONGO <\/strong>Michela Lezuo, presidente di Arabba Fodom Turismo, con una lettera aperta reclama le richieste di pagamento di acqua e rifiuti per quanto concerne la stagione invernale, stagione che \u00e8 stata completamente persa a causa del Covid-19<\/p>\n<p><strong>di Michela Lezuo, Presidente Arabba Fodom Turismo<\/strong><\/p>\n<blockquote><p><em>Un proverbio della tradizione linguistica italiana cita: &#8220;a caval donato non si guarda in\u00a0 bocca\u201d, questo diviene difficile purtroppo oggi applicarlo. Negli ultimi giorni si sono susseguiti articoli che parlano di grande sensibilit\u00e0 e disponibilit\u00e0 verso le partite iva del comparto turistico, che con la perdita della stagione invernale faticano a far fronte ai costi fissi, nello specifico alle utenze di Valpe per i rifiuti e di Gsp per l\u2019acqua. Il nostro consorzio turistico, gi\u00e0 nel mese di marzo, quando definitivamente era per noi chiaro che la stagione sarebbe stata completamente persa, si \u00e8 confrontato con gli enti in questione affinch\u00e9 questi costi venissero rivisti e ricalibrati. Un triste risultato, le nostre aziende hanno ricevuto una comunicazione da GSP la quale menzionava che in seguito alle limitazioni dovute alla pandemia, il loro collaboratore era impossibilitato alla consueta lettura del contatore e pertanto il conteggio si basa su dati storici puntuali. Che dire, per fortuna la sede si trova a Belluno, si trovasse a Canicatt\u00ec? Chiaramente nessuna struttura ha avuto tali consumi e quindi ci siamo attivati singolarmente inviando la lettura del contatore e richiedendo il ricalcolo sul consumo avuto. Valpe, dal canto suo dimostra attenzione con una dilazione dei pagamenti, questo pu\u00f2 unicamente dare un sollievo momentaneo alla cassa, purtroppo rimane sempre un costo a cui prima o poi dobbiamo far fronte. Pi\u00f9 importante e grave \u00e8 che tale costo non \u00e8 congruo o pertinente al servizio effettivamente ricevuto. Dobbiamo precisare che, Valpe ha s\u00ec effettuato e garantito il servizio di raccolta settimanale e noi ne abbiamo usufruito ma con le strutture chiuse, lo scarico \u00e8 a tutti gli effetti una utenza domestica e come tale utenza riteniamo corretto un eventuale calcolo, il cosiddetto &#8220;conto \u201c. Non risulta n\u00e9 etico n\u00e9 corretto pagare per un potenziale servizio, di cui nessuno ha usufruito, solamente per la motivazione che le nostre aziende hanno in giacenza in magazzino un numero di contenitori calibrati sulla produzione stagionale, ahim\u00e8, mai svuotati. Confidiamo in una vera revisione del criterio di calcolo, contrariamente, sar\u00e0 palese dedurre che siamo considerati come utenti che devono semplicemente contribuire in maniera maggiore a far quadrare i conti di enti e societ\u00e0 pubbliche, che cercano di minimizzare gli effetti del Covid. Ahim\u00e8 questa pandemia sta delineando due mondi, quello delle imprese fatto di divieti, regole e rischi di impresa, e quello delle aziende pubbliche, che presentano comunque il conto cercando di fare finta che nulla sia cambiato.\u00a0 <\/em><\/p><\/blockquote>\n<p>&nbsp;<\/p>\n<p>&nbsp;<\/p>\n<hr \/>\n<p>&nbsp;<\/p>\n<blockquote>\n<h3>SCARICA DI SASSI SULLA STRADA DI SAVINER DI CALLONEGHE<\/h3>\n<\/blockquote>\n<p><strong>ROCCA PIETORE<\/strong> Ieri mattina piccolo distacco di materiale sulla strada di Saviner di Calloneghe. Vaia purtroppo ha lasciato strascichi su tutto il territorio e il copioso inverno con le successive gelate non hanno aiutato.<\/p>\n<p><strong>IL SINDACO DI ROCCA PIETORE ANDREA DE BERNARDIN<\/strong><\/p>\n<audio class=\"wp-audio-shortcode\" id=\"audio-205539-3\" preload=\"none\" style=\"width: 100%;\" controls=\"controls\"><source type=\"audio\/mpeg\" src=\"https:\/\/www.radiopiu.net\/wordpress\/wp-content\/uploads\/2021\/04\/DE-BERNARDIN-SCARICA-DI-SASSI.mp3?_=3\" \/><a href=\"https:\/\/www.radiopiu.net\/wordpress\/wp-content\/uploads\/2021\/04\/DE-BERNARDIN-SCARICA-DI-SASSI.mp3\">https:\/\/www.radiopiu.net\/wordpress\/wp-content\/uploads\/2021\/04\/DE-BERNARDIN-SCARICA-DI-SASSI.mp3<\/a><\/audio>\n<p>&nbsp;<\/p>\n<p><strong>IL VIDEO<\/strong><\/p>\n<div style=\"width: 1200px;\" class=\"wp-video\"><video class=\"wp-video-shortcode\" id=\"video-205539-1\" width=\"1200\" height=\"675\" preload=\"metadata\" controls=\"controls\"><source type=\"video\/mp4\" src=\"https:\/\/www.radiopiu.net\/wordpress\/wp-content\/uploads\/2021\/04\/WhatsApp-Video-2021-04-25-at-12.38.45.mp4?_=1\" \/><a href=\"https:\/\/www.radiopiu.net\/wordpress\/wp-content\/uploads\/2021\/04\/WhatsApp-Video-2021-04-25-at-12.38.45.mp4\">https:\/\/www.radiopiu.net\/wordpress\/wp-content\/uploads\/2021\/04\/WhatsApp-Video-2021-04-25-at-12.38.45.mp4<\/a><\/video><\/div>\n<p>&nbsp;<\/p>\n<hr \/>\n<p>&nbsp;<\/p>\n<blockquote>\n<h3>\u00a0GIORNATA ECOLOGICA SUL LAGO DI ALLEGHE<\/h3>\n<\/blockquote>\n<p><strong>ROCCA PIETORE<\/strong> Ieri giornata ecologica anche sulla sponda di Rocca del Lago di Alleghe, Saviner, Santa Maria e anche a Sottoguda. &#8220;<em>Grazie a tutti i volontari che si mettono a disposizione per il territorio. \u00c8 un grande aiuto per il nostro Comune Bandiera Arancione del Touring<\/em>&#8221; afferma il sindaco di Rocca Pietore Andrea De Bernardin. Intanto per sabato 8 maggio \u00e8 in programma un&#8217;altra giornata ecologica organizzata dal Gruppo Alpini Monte Civetta e i comuni di Rocca Pietore ed Alleghe<\/p>\n<audio class=\"wp-audio-shortcode\" id=\"audio-205539-4\" preload=\"none\" style=\"width: 100%;\" controls=\"controls\"><source type=\"audio\/mpeg\" src=\"https:\/\/www.radiopiu.net\/wordpress\/wp-content\/uploads\/2021\/04\/DE-BERNARDIN-GIORNATA-ECOLOGICA.mp3?_=4\" \/><a href=\"https:\/\/www.radiopiu.net\/wordpress\/wp-content\/uploads\/2021\/04\/DE-BERNARDIN-GIORNATA-ECOLOGICA.mp3\">https:\/\/www.radiopiu.net\/wordpress\/wp-content\/uploads\/2021\/04\/DE-BERNARDIN-GIORNATA-ECOLOGICA.mp3<\/a><\/audio>\n<p>&nbsp;<\/p>\n<p>&nbsp;<\/p>\n\n\t\t\t<style type='text\/css'>\n\t\t\t\t#gallery-4 {\n\t\t\t\t\tmargin: auto;\n\t\t\t\t}\n\t\t\t\t#gallery-4 .gallery-item {\n\t\t\t\t\tfloat: left;\n\t\t\t\t\tmargin-top: 10px;\n\t\t\t\t\ttext-align: center;\n\t\t\t\t\twidth: 20%;\n\t\t\t\t}\n\t\t\t\t#gallery-4 img {\n\t\t\t\t\tborder: 2px solid #cfcfcf;\n\t\t\t\t}\n\t\t\t\t#gallery-4 .gallery-caption {\n\t\t\t\t\tmargin-left: 0;\n\t\t\t\t}\n\t\t\t\t\/* see gallery_shortcode() in wp-includes\/media.php *\/\n\t\t\t<\/style>\n\t\t<div id='gallery-4' class='dt-gallery-container gallery galleryid-205539 gallery-columns-5 gallery-size-thumbnail'><dl class='gallery-item'>\n\t\t\t\t<dt class='gallery-icon landscape'>\n\t\t\t\t\t<a class=\"rollover rollover-zoom dt-pswp-item\" title=\"537065e5-95cc-45e7-a658-82deacea37cf\" data-dt-img-description=\"\" data-large_image_width=\"2048\" data-large_image_height=\"1536\"href='https:\/\/www.radiopiu.net\/wordpress\/wp-content\/uploads\/2021\/04\/537065e5-95cc-45e7-a658-82deacea37cf.jpg'><img loading=\"lazy\" decoding=\"async\" width=\"150\" height=\"150\" src=\"https:\/\/www.radiopiu.net\/wordpress\/wp-content\/uploads\/2021\/04\/537065e5-95cc-45e7-a658-82deacea37cf-150x150.jpg\" class=\"attachment-thumbnail size-thumbnail\" alt=\"\" \/><\/a>\n\t\t\t\t<\/dt><\/dl><dl class='gallery-item'>\n\t\t\t\t<dt class='gallery-icon portrait'>\n\t\t\t\t\t<a class=\"rollover rollover-zoom dt-pswp-item\" title=\"bc3bdac5-0df3-4ab2-bf45-72d88e9b15a7\" data-dt-img-description=\"\" data-large_image_width=\"1536\" data-large_image_height=\"2048\"href='https:\/\/www.radiopiu.net\/wordpress\/wp-content\/uploads\/2021\/04\/bc3bdac5-0df3-4ab2-bf45-72d88e9b15a7.jpg'><img loading=\"lazy\" decoding=\"async\" width=\"150\" height=\"150\" src=\"https:\/\/www.radiopiu.net\/wordpress\/wp-content\/uploads\/2021\/04\/bc3bdac5-0df3-4ab2-bf45-72d88e9b15a7-150x150.jpg\" class=\"attachment-thumbnail size-thumbnail\" alt=\"\" \/><\/a>\n\t\t\t\t<\/dt><\/dl><dl class='gallery-item'>\n\t\t\t\t<dt class='gallery-icon portrait'>\n\t\t\t\t\t<a class=\"rollover rollover-zoom dt-pswp-item\" title=\"84233313-55d6-41e7-9f3a-65171d5b0539\" data-dt-img-description=\"\" data-large_image_width=\"954\" data-large_image_height=\"2016\"href='https:\/\/www.radiopiu.net\/wordpress\/wp-content\/uploads\/2021\/04\/84233313-55d6-41e7-9f3a-65171d5b0539.jpg'><img loading=\"lazy\" decoding=\"async\" width=\"150\" height=\"150\" src=\"https:\/\/www.radiopiu.net\/wordpress\/wp-content\/uploads\/2021\/04\/84233313-55d6-41e7-9f3a-65171d5b0539-150x150.jpg\" class=\"attachment-thumbnail size-thumbnail\" alt=\"\" \/><\/a>\n\t\t\t\t<\/dt><\/dl><dl class='gallery-item'>\n\t\t\t\t<dt class='gallery-icon portrait'>\n\t\t\t\t\t<a class=\"rollover rollover-zoom dt-pswp-item\" title=\"b4e736f0-d787-4785-b4db-b157babd4894\" data-dt-img-description=\"\" data-large_image_width=\"1904\" data-large_image_height=\"1906\"href='https:\/\/www.radiopiu.net\/wordpress\/wp-content\/uploads\/2021\/04\/b4e736f0-d787-4785-b4db-b157babd4894.jpg'><img loading=\"lazy\" decoding=\"async\" width=\"150\" height=\"150\" src=\"https:\/\/www.radiopiu.net\/wordpress\/wp-content\/uploads\/2021\/04\/b4e736f0-d787-4785-b4db-b157babd4894-150x150.jpg\" class=\"attachment-thumbnail size-thumbnail\" alt=\"\" srcset=\"https:\/\/www.radiopiu.net\/wordpress\/wp-content\/uploads\/2021\/04\/b4e736f0-d787-4785-b4db-b157babd4894-150x150.jpg 150w, https:\/\/www.radiopiu.net\/wordpress\/wp-content\/uploads\/2021\/04\/b4e736f0-d787-4785-b4db-b157babd4894-300x300.jpg 300w, https:\/\/www.radiopiu.net\/wordpress\/wp-content\/uploads\/2021\/04\/b4e736f0-d787-4785-b4db-b157babd4894-1024x1024.jpg 1024w, https:\/\/www.radiopiu.net\/wordpress\/wp-content\/uploads\/2021\/04\/b4e736f0-d787-4785-b4db-b157babd4894-768x769.jpg 768w, https:\/\/www.radiopiu.net\/wordpress\/wp-content\/uploads\/2021\/04\/b4e736f0-d787-4785-b4db-b157babd4894-1534x1536.jpg 1534w, https:\/\/www.radiopiu.net\/wordpress\/wp-content\/uploads\/2021\/04\/b4e736f0-d787-4785-b4db-b157babd4894.jpg 1904w\" sizes=\"auto, (max-width: 150px) 100vw, 150px\" \/><\/a>\n\t\t\t\t<\/dt><\/dl><dl class='gallery-item'>\n\t\t\t\t<dt class='gallery-icon landscape'>\n\t\t\t\t\t<a class=\"rollover rollover-zoom dt-pswp-item\" title=\"4ac00837-b33b-480e-ba51-5e2bef080d0f\" data-dt-img-description=\"\" data-large_image_width=\"1600\" data-large_image_height=\"792\"href='https:\/\/www.radiopiu.net\/wordpress\/wp-content\/uploads\/2021\/04\/4ac00837-b33b-480e-ba51-5e2bef080d0f.jpg'><img loading=\"lazy\" decoding=\"async\" width=\"150\" height=\"150\" src=\"https:\/\/www.radiopiu.net\/wordpress\/wp-content\/uploads\/2021\/04\/4ac00837-b33b-480e-ba51-5e2bef080d0f-150x150.jpg\" class=\"attachment-thumbnail size-thumbnail\" alt=\"\" \/><\/a>\n\t\t\t\t<\/dt><\/dl><br style=\"clear: both\" \/><dl class='gallery-item'>\n\t\t\t\t<dt class='gallery-icon landscape'>\n\t\t\t\t\t<a class=\"rollover rollover-zoom dt-pswp-item\" title=\"20e6ac2a-2978-46cb-b025-477d45b8d53c\" data-dt-img-description=\"\" data-large_image_width=\"1920\" data-large_image_height=\"1920\"href='https:\/\/www.radiopiu.net\/wordpress\/wp-content\/uploads\/2021\/04\/20e6ac2a-2978-46cb-b025-477d45b8d53c.jpg'><img loading=\"lazy\" decoding=\"async\" width=\"150\" height=\"150\" src=\"https:\/\/www.radiopiu.net\/wordpress\/wp-content\/uploads\/2021\/04\/20e6ac2a-2978-46cb-b025-477d45b8d53c-150x150.jpg\" class=\"attachment-thumbnail size-thumbnail\" alt=\"\" srcset=\"https:\/\/www.radiopiu.net\/wordpress\/wp-content\/uploads\/2021\/04\/20e6ac2a-2978-46cb-b025-477d45b8d53c-150x150.jpg 150w, https:\/\/www.radiopiu.net\/wordpress\/wp-content\/uploads\/2021\/04\/20e6ac2a-2978-46cb-b025-477d45b8d53c-300x300.jpg 300w, https:\/\/www.radiopiu.net\/wordpress\/wp-content\/uploads\/2021\/04\/20e6ac2a-2978-46cb-b025-477d45b8d53c-1024x1024.jpg 1024w, https:\/\/www.radiopiu.net\/wordpress\/wp-content\/uploads\/2021\/04\/20e6ac2a-2978-46cb-b025-477d45b8d53c-768x768.jpg 768w, https:\/\/www.radiopiu.net\/wordpress\/wp-content\/uploads\/2021\/04\/20e6ac2a-2978-46cb-b025-477d45b8d53c-1536x1536.jpg 1536w, https:\/\/www.radiopiu.net\/wordpress\/wp-content\/uploads\/2021\/04\/20e6ac2a-2978-46cb-b025-477d45b8d53c.jpg 1920w\" sizes=\"auto, (max-width: 150px) 100vw, 150px\" \/><\/a>\n\t\t\t\t<\/dt><\/dl><dl class='gallery-item'>\n\t\t\t\t<dt class='gallery-icon landscape'>\n\t\t\t\t\t<a class=\"rollover rollover-zoom dt-pswp-item\" title=\"286c7c89-8d71-4a5c-853d-aa78e914da50\" data-dt-img-description=\"\" data-large_image_width=\"2048\" data-large_image_height=\"970\"href='https:\/\/www.radiopiu.net\/wordpress\/wp-content\/uploads\/2021\/04\/286c7c89-8d71-4a5c-853d-aa78e914da50.jpg'><img loading=\"lazy\" decoding=\"async\" width=\"150\" height=\"150\" src=\"https:\/\/www.radiopiu.net\/wordpress\/wp-content\/uploads\/2021\/04\/286c7c89-8d71-4a5c-853d-aa78e914da50-150x150.jpg\" class=\"attachment-thumbnail size-thumbnail\" alt=\"\" \/><\/a>\n\t\t\t\t<\/dt><\/dl><dl class='gallery-item'>\n\t\t\t\t<dt class='gallery-icon landscape'>\n\t\t\t\t\t<a class=\"rollover rollover-zoom dt-pswp-item\" title=\"ad8f5010-8989-4be2-82c7-090fd3811e66\" data-dt-img-description=\"\" data-large_image_width=\"1920\" data-large_image_height=\"1920\"href='https:\/\/www.radiopiu.net\/wordpress\/wp-content\/uploads\/2021\/04\/ad8f5010-8989-4be2-82c7-090fd3811e66.jpg'><img loading=\"lazy\" decoding=\"async\" width=\"150\" height=\"150\" src=\"https:\/\/www.radiopiu.net\/wordpress\/wp-content\/uploads\/2021\/04\/ad8f5010-8989-4be2-82c7-090fd3811e66-150x150.jpg\" class=\"attachment-thumbnail size-thumbnail\" alt=\"\" srcset=\"https:\/\/www.radiopiu.net\/wordpress\/wp-content\/uploads\/2021\/04\/ad8f5010-8989-4be2-82c7-090fd3811e66-150x150.jpg 150w, https:\/\/www.radiopiu.net\/wordpress\/wp-content\/uploads\/2021\/04\/ad8f5010-8989-4be2-82c7-090fd3811e66-300x300.jpg 300w, https:\/\/www.radiopiu.net\/wordpress\/wp-content\/uploads\/2021\/04\/ad8f5010-8989-4be2-82c7-090fd3811e66-1024x1024.jpg 1024w, https:\/\/www.radiopiu.net\/wordpress\/wp-content\/uploads\/2021\/04\/ad8f5010-8989-4be2-82c7-090fd3811e66-768x768.jpg 768w, https:\/\/www.radiopiu.net\/wordpress\/wp-content\/uploads\/2021\/04\/ad8f5010-8989-4be2-82c7-090fd3811e66-1536x1536.jpg 1536w, https:\/\/www.radiopiu.net\/wordpress\/wp-content\/uploads\/2021\/04\/ad8f5010-8989-4be2-82c7-090fd3811e66.jpg 1920w\" sizes=\"auto, (max-width: 150px) 100vw, 150px\" \/><\/a>\n\t\t\t\t<\/dt><\/dl><dl class='gallery-item'>\n\t\t\t\t<dt class='gallery-icon portrait'>\n\t\t\t\t\t<a class=\"rollover rollover-zoom dt-pswp-item\" title=\"79973C23-3DC7-48A0-B9CC-B9753AA82F69\" data-dt-img-description=\"\" data-large_image_width=\"1200\" data-large_image_height=\"1600\"href='https:\/\/www.radiopiu.net\/wordpress\/wp-content\/uploads\/2021\/04\/79973C23-3DC7-48A0-B9CC-B9753AA82F69.jpeg'><img loading=\"lazy\" decoding=\"async\" width=\"150\" height=\"150\" src=\"https:\/\/www.radiopiu.net\/wordpress\/wp-content\/uploads\/2021\/04\/79973C23-3DC7-48A0-B9CC-B9753AA82F69-150x150.jpeg\" class=\"attachment-thumbnail size-thumbnail\" alt=\"\" \/><\/a>\n\t\t\t\t<\/dt><\/dl><dl class='gallery-item'>\n\t\t\t\t<dt class='gallery-icon landscape'>\n\t\t\t\t\t<a class=\"rollover rollover-zoom dt-pswp-item\" title=\"1428D0A8-BFF7-48A6-9773-F0C3BBF22C8C\" data-dt-img-description=\"\" data-large_image_width=\"1600\" data-large_image_height=\"1200\"href='https:\/\/www.radiopiu.net\/wordpress\/wp-content\/uploads\/2021\/04\/1428D0A8-BFF7-48A6-9773-F0C3BBF22C8C.jpeg'><img loading=\"lazy\" decoding=\"async\" width=\"150\" height=\"150\" src=\"https:\/\/www.radiopiu.net\/wordpress\/wp-content\/uploads\/2021\/04\/1428D0A8-BFF7-48A6-9773-F0C3BBF22C8C-150x150.jpeg\" class=\"attachment-thumbnail size-thumbnail\" alt=\"\" \/><\/a>\n\t\t\t\t<\/dt><\/dl><br style=\"clear: both\" \/><dl class='gallery-item'>\n\t\t\t\t<dt class='gallery-icon landscape'>\n\t\t\t\t\t<a class=\"rollover rollover-zoom dt-pswp-item\" title=\"33c43f33-2171-4fd0-8525-7c1e892f2e87\" data-dt-img-description=\"\" data-large_image_width=\"1599\" data-large_image_height=\"1200\"href='https:\/\/www.radiopiu.net\/wordpress\/wp-content\/uploads\/2021\/04\/33c43f33-2171-4fd0-8525-7c1e892f2e87.jpg'><img loading=\"lazy\" decoding=\"async\" width=\"150\" height=\"150\" src=\"https:\/\/www.radiopiu.net\/wordpress\/wp-content\/uploads\/2021\/04\/33c43f33-2171-4fd0-8525-7c1e892f2e87-150x150.jpg\" class=\"attachment-thumbnail size-thumbnail\" alt=\"\" \/><\/a>\n\t\t\t\t<\/dt><\/dl><dl class='gallery-item'>\n\t\t\t\t<dt class='gallery-icon landscape'>\n\t\t\t\t\t<a class=\"rollover rollover-zoom dt-pswp-item\" title=\"35cfa746-85e9-4f87-93f7-f8cf85da057c\" data-dt-img-description=\"\" data-large_image_width=\"1599\" data-large_image_height=\"1200\"href='https:\/\/www.radiopiu.net\/wordpress\/wp-content\/uploads\/2021\/04\/35cfa746-85e9-4f87-93f7-f8cf85da057c.jpg'><img loading=\"lazy\" decoding=\"async\" width=\"150\" height=\"150\" src=\"https:\/\/www.radiopiu.net\/wordpress\/wp-content\/uploads\/2021\/04\/35cfa746-85e9-4f87-93f7-f8cf85da057c-150x150.jpg\" class=\"attachment-thumbnail size-thumbnail\" alt=\"\" \/><\/a>\n\t\t\t\t<\/dt><\/dl><dl class='gallery-item'>\n\t\t\t\t<dt class='gallery-icon portrait'>\n\t\t\t\t\t<a class=\"rollover rollover-zoom dt-pswp-item\" title=\"68a23978-630b-4f10-84da-443b4feef0f6\" data-dt-img-description=\"\" data-large_image_width=\"1142\" data-large_image_height=\"1600\"href='https:\/\/www.radiopiu.net\/wordpress\/wp-content\/uploads\/2021\/04\/68a23978-630b-4f10-84da-443b4feef0f6.jpg'><img loading=\"lazy\" decoding=\"async\" width=\"150\" height=\"150\" src=\"https:\/\/www.radiopiu.net\/wordpress\/wp-content\/uploads\/2021\/04\/68a23978-630b-4f10-84da-443b4feef0f6-150x150.jpg\" class=\"attachment-thumbnail size-thumbnail\" alt=\"\" \/><\/a>\n\t\t\t\t<\/dt><\/dl>\n\t\t\t\t<br style='clear: both' \/>\n\t\t\t<\/div>\n\n<p>&nbsp;<\/p>\n<hr \/>\n<p>&nbsp;<\/p>\n<blockquote>\n<h3>ELICOTTERO DELLA PROTEZIONE CIVILE: TRIPLICE ADDESTRAMENTO SULLE MONTAGNE BELLUNESI<\/h3>\n<\/blockquote>\n<div dir=\"auto\"><strong>BELLUNO\u00a0<\/strong> Triplice addestramento in poche ore con l&#8217;elicottero della Protezione civile della Regione Veneto, convenzionato con il Soccorso alpino e speleologico Veneto per intervenire in specifiche attivit\u00e0 in ambiente ostile. L&#8217;elicottero dell&#8217;Antincendio boschivo regionale, di stanza a Oregne di Sospirolo, si \u00e8 adoperato per effettuare imbarchi e sbarchi in tre luoghi diversi della provincia con tre Stazioni differenti. Dopo un briefing introduttivo con l&#8217;equipaggio in ciascun punto di partenza e una ricognizione iniziale: con il Soccorso alpino di Belluno ha trasportato le squadre da Bolzano Bellunese in cima al Monte Terne; in Alpago ha imbarcato i soccorritori a Malga Pian Formosa per sbarcarli sul Monte Cornor; con il Soccorso alpino di Agordo \u00e8 partito dal Rifugio Capanna Trieste per portare in quota le squadre al Bivacco Ghedini, sul Van delle Nevere in Moiazza, dove passa la Ferrata Costantini. Nei tre luoghi \u00e8 stato poi simulato l&#8217;infortunio di una persona, con il conseguente recupero mettendo in atto tutte le manovre di ambito invernale &#8211; ancoraggi, riprese di calata, imbarellamento, trasporto con toboga, spostamento con sci &#8211; fino alla discesa a valle. Ringraziamo il dipartimento della Regione Veneto per la collaborazione nell&#8217;esercitazione.<\/div>\n<div dir=\"auto\">\n\n\t\t\t<style type='text\/css'>\n\t\t\t\t#gallery-5 {\n\t\t\t\t\tmargin: auto;\n\t\t\t\t}\n\t\t\t\t#gallery-5 .gallery-item {\n\t\t\t\t\tfloat: left;\n\t\t\t\t\tmargin-top: 10px;\n\t\t\t\t\ttext-align: center;\n\t\t\t\t\twidth: 33%;\n\t\t\t\t}\n\t\t\t\t#gallery-5 img {\n\t\t\t\t\tborder: 2px solid #cfcfcf;\n\t\t\t\t}\n\t\t\t\t#gallery-5 .gallery-caption {\n\t\t\t\t\tmargin-left: 0;\n\t\t\t\t}\n\t\t\t\t\/* see gallery_shortcode() in wp-includes\/media.php *\/\n\t\t\t<\/style>\n\t\t<div id='gallery-5' class='dt-gallery-container gallery galleryid-205539 gallery-columns-3 gallery-size-thumbnail'><dl class='gallery-item'>\n\t\t\t\t<dt class='gallery-icon landscape'>\n\t\t\t\t\t<a class=\"rollover rollover-zoom dt-pswp-item\" title=\"SALT\" data-dt-img-description=\"\" data-large_image_width=\"1600\" data-large_image_height=\"1200\"href='https:\/\/www.radiopiu.net\/wordpress\/wp-content\/uploads\/2021\/04\/IMG-20210424-WA0017.jpg'><img loading=\"lazy\" decoding=\"async\" width=\"150\" height=\"150\" src=\"https:\/\/www.radiopiu.net\/wordpress\/wp-content\/uploads\/2021\/04\/IMG-20210424-WA0017-150x150.jpg\" class=\"attachment-thumbnail size-thumbnail\" alt=\"\" \/><\/a>\n\t\t\t\t<\/dt><\/dl><dl class='gallery-item'>\n\t\t\t\t<dt class='gallery-icon landscape'>\n\t\t\t\t\t<a class=\"rollover rollover-zoom dt-pswp-item\" title=\"IMG-20210424-WA0019\" data-dt-img-description=\"\" data-large_image_width=\"1600\" data-large_image_height=\"1200\"href='https:\/\/www.radiopiu.net\/wordpress\/wp-content\/uploads\/2021\/04\/IMG-20210424-WA0019.jpg'><img loading=\"lazy\" decoding=\"async\" width=\"150\" height=\"150\" src=\"https:\/\/www.radiopiu.net\/wordpress\/wp-content\/uploads\/2021\/04\/IMG-20210424-WA0019-150x150.jpg\" class=\"attachment-thumbnail size-thumbnail\" alt=\"\" \/><\/a>\n\t\t\t\t<\/dt><\/dl><dl class='gallery-item'>\n\t\t\t\t<dt class='gallery-icon landscape'>\n\t\t\t\t\t<a class=\"rollover rollover-zoom dt-pswp-item\" title=\"IMG-20210424-WA0018\" data-dt-img-description=\"\" data-large_image_width=\"1600\" data-large_image_height=\"1200\"href='https:\/\/www.radiopiu.net\/wordpress\/wp-content\/uploads\/2021\/04\/IMG-20210424-WA0018.jpg'><img loading=\"lazy\" decoding=\"async\" width=\"150\" height=\"150\" src=\"https:\/\/www.radiopiu.net\/wordpress\/wp-content\/uploads\/2021\/04\/IMG-20210424-WA0018-150x150.jpg\" class=\"attachment-thumbnail size-thumbnail\" alt=\"\" \/><\/a>\n\t\t\t\t<\/dt><\/dl><br style=\"clear: both\" \/>\n\t\t\t<\/div>\n\n<p>&nbsp;<\/p>\n<hr \/>\n<p>&nbsp;<\/p>\n<blockquote>\n<h3>FEDERICA ZASSO SI ATTIVERA&#8217; PER AIUTARE LE FAMIGLIE DEI DISABILI<\/h3>\n<\/blockquote>\n<p><a href=\"https:\/\/www.radiopiu.net\/wordpress\/il-comune-si-organizza-per-distribuire-i-buoni-spesa-ok\/federica-zasso\/\" rel=\"attachment wp-att-127029\"><img loading=\"lazy\" decoding=\"async\" class=\"wp-image-127029 alignleft\" src=\"https:\/\/www.radiopiu.net\/wordpress\/wp-content\/uploads\/2020\/04\/FEDERICA-ZASSO-222x300.jpg\" alt=\"\" width=\"79\" height=\"107\" srcset=\"https:\/\/www.radiopiu.net\/wordpress\/wp-content\/uploads\/2020\/04\/FEDERICA-ZASSO-222x300.jpg 222w, https:\/\/www.radiopiu.net\/wordpress\/wp-content\/uploads\/2020\/04\/FEDERICA-ZASSO.jpg 235w\" sizes=\"auto, (max-width: 79px) 100vw, 79px\" \/><\/a><strong>AGORDO<\/strong><\/p>\n<p>di Gianni Santomaso<\/p>\n<audio class=\"wp-audio-shortcode\" id=\"audio-205539-5\" preload=\"none\" style=\"width: 100%;\" controls=\"controls\"><source type=\"audio\/mpeg\" src=\"https:\/\/www.radiopiu.net\/wordpress\/wp-content\/uploads\/2021\/04\/GIANNI-FEDERICA-ZASSO-DISABILI.mp3?_=5\" \/><a href=\"https:\/\/www.radiopiu.net\/wordpress\/wp-content\/uploads\/2021\/04\/GIANNI-FEDERICA-ZASSO-DISABILI.mp3\">https:\/\/www.radiopiu.net\/wordpress\/wp-content\/uploads\/2021\/04\/GIANNI-FEDERICA-ZASSO-DISABILI.mp3<\/a><\/audio>\n<p>&nbsp;<\/p>\n<hr \/>\n<p>&nbsp;<\/p>\n<p><span style=\"color: #ff0000;\">ARTE FUORI DAL COMUNE<\/span><\/p>\n<blockquote>\n<h3><a href=\"https:\/\/www.radiopiu.net\/wordpress\/giornale-radiopiu-26-aprile-2021-direttore-mirko-mezzacasa\/477afe4a-b55d-4a60-ae59-0e6849124c4f\/\" rel=\"attachment wp-att-205819\"><img loading=\"lazy\" decoding=\"async\" class=\"size-medium wp-image-205819 alignleft\" src=\"https:\/\/www.radiopiu.net\/wordpress\/wp-content\/uploads\/2021\/04\/477afe4a-b55d-4a60-ae59-0e6849124c4f-300x138.jpg\" alt=\"\" width=\"300\" height=\"138\" srcset=\"https:\/\/www.radiopiu.net\/wordpress\/wp-content\/uploads\/2021\/04\/477afe4a-b55d-4a60-ae59-0e6849124c4f-300x138.jpg 300w, https:\/\/www.radiopiu.net\/wordpress\/wp-content\/uploads\/2021\/04\/477afe4a-b55d-4a60-ae59-0e6849124c4f-1024x472.jpg 1024w, https:\/\/www.radiopiu.net\/wordpress\/wp-content\/uploads\/2021\/04\/477afe4a-b55d-4a60-ae59-0e6849124c4f-768x354.jpg 768w, https:\/\/www.radiopiu.net\/wordpress\/wp-content\/uploads\/2021\/04\/477afe4a-b55d-4a60-ae59-0e6849124c4f-1536x708.jpg 1536w, https:\/\/www.radiopiu.net\/wordpress\/wp-content\/uploads\/2021\/04\/477afe4a-b55d-4a60-ae59-0e6849124c4f.jpg 1600w\" sizes=\"auto, (max-width: 300px) 100vw, 300px\" \/><\/a>PER TUTTA LA PRIMAVERA-ESTATE CHIOCCIOLE FUCSIA OVUNQUE A MEL<\/h3>\n<\/blockquote>\n<p><strong>di MORENO GIOLI\u00a0\u00a0<\/strong><\/p>\n<audio class=\"wp-audio-shortcode\" id=\"audio-205539-6\" preload=\"none\" style=\"width: 100%;\" controls=\"controls\"><source type=\"audio\/mpeg\" src=\"https:\/\/www.radiopiu.net\/wordpress\/wp-content\/uploads\/2021\/04\/moreno.mp3?_=6\" \/><a href=\"https:\/\/www.radiopiu.net\/wordpress\/wp-content\/uploads\/2021\/04\/moreno.mp3\">https:\/\/www.radiopiu.net\/wordpress\/wp-content\/uploads\/2021\/04\/moreno.mp3<\/a><\/audio>\n<p><strong>\u00a0\u00a0IL VICESINDACO SIMONE DEOLA\u00a0<\/strong><\/p>\n<audio class=\"wp-audio-shortcode\" id=\"audio-205539-7\" preload=\"none\" style=\"width: 100%;\" controls=\"controls\"><source type=\"audio\/mpeg\" src=\"https:\/\/www.radiopiu.net\/wordpress\/wp-content\/uploads\/2021\/04\/deola.mp3?_=7\" \/><a href=\"https:\/\/www.radiopiu.net\/wordpress\/wp-content\/uploads\/2021\/04\/deola.mp3\">https:\/\/www.radiopiu.net\/wordpress\/wp-content\/uploads\/2021\/04\/deola.mp3<\/a><\/audio>\n<p><strong>\u00a0IL PRESIDENTE ANDREA ROBASSA\u00a0<\/strong><\/p>\n<audio class=\"wp-audio-shortcode\" id=\"audio-205539-8\" preload=\"none\" style=\"width: 100%;\" controls=\"controls\"><source type=\"audio\/mpeg\" src=\"https:\/\/www.radiopiu.net\/wordpress\/wp-content\/uploads\/2021\/04\/robassa.mp3?_=8\" \/><a href=\"https:\/\/www.radiopiu.net\/wordpress\/wp-content\/uploads\/2021\/04\/robassa.mp3\">https:\/\/www.radiopiu.net\/wordpress\/wp-content\/uploads\/2021\/04\/robassa.mp3<\/a><\/audio>\n<p>&nbsp;<\/p>\n<hr \/>\n<p>&nbsp;<\/p>\n<blockquote>\n<h3>DILLO A RADIO PIU&#8217;&#8230;IL TRAFFICO PARALIZZATO A MAS DI SEDICO<\/h3>\n<\/blockquote>\n<p>&nbsp;<\/p>\n<p><strong><a href=\"https:\/\/www.radiopiu.net\/wordpress\/dillo-a-radio-piu-il-traffico-paralizzato-a-mas-di-sedico\/schermata-2021-04-24-alle-10-22-25\/\" rel=\"attachment wp-att-205486\"><img loading=\"lazy\" decoding=\"async\" class=\"size-medium wp-image-205486 alignleft\" src=\"https:\/\/www.radiopiu.net\/wordpress\/wp-content\/uploads\/2021\/04\/Schermata-2021-04-24-alle-10.22.25-300x300.png\" alt=\"\" width=\"300\" height=\"300\" srcset=\"https:\/\/www.radiopiu.net\/wordpress\/wp-content\/uploads\/2021\/04\/Schermata-2021-04-24-alle-10.22.25-300x300.png 300w, https:\/\/www.radiopiu.net\/wordpress\/wp-content\/uploads\/2021\/04\/Schermata-2021-04-24-alle-10.22.25-1024x1021.png 1024w, https:\/\/www.radiopiu.net\/wordpress\/wp-content\/uploads\/2021\/04\/Schermata-2021-04-24-alle-10.22.25-150x150.png 150w, https:\/\/www.radiopiu.net\/wordpress\/wp-content\/uploads\/2021\/04\/Schermata-2021-04-24-alle-10.22.25-768x766.png 768w, https:\/\/www.radiopiu.net\/wordpress\/wp-content\/uploads\/2021\/04\/Schermata-2021-04-24-alle-10.22.25.png 1510w\" sizes=\"auto, (max-width: 300px) 100vw, 300px\" \/><\/a>REDAZIONE<\/strong> Riceviamo e pubblichiamo delle considerazioni arrivate in redazione da un pendolare che ogni giorno percorre la 203 Agordina per recarsi al lavoro.<\/p>\n<blockquote><p><em>C&#8217;\u00e8 un detto popolare, tra gli abitanti di Mas-Peron:&#8221;Ma Speron che alla Stanga non piove&#8221;. Trasportando il detto a quel che \u00e8 successo oggi 23 Aprile, traffico paralizzato all&#8217;altezza del bivio del Ponte Mas, per i noti lavori di asfaltatura lungo la regionale Agordina. Per un attimo ho pensato:&#8221;Ma Speron che a Gron (Sp12) non ghe sie n&#8217;altro cantier&#8221;&#8230; Non si poteva prevedere con anticipo, la\u00a0 non concomitanza di due cantieri che hanno gravato nell&#8217;arco della stessa settimana, su due nodi viari principali ss50 e 203 Agordina. Vuoi vedere che tra enti diversi, Anas Vs Veneto Strade, non si riesce a comunicare a vicenda, in questo mondo iper connesso. Insomma, per lo meno si poteva prevedere di posticipare in orari meno congestionati, i lavori di rifacimento del manto stradale. Mentre attendiamo i soldi del recovery plan dall&#8217;Europa, le nostre strade e non solo viaggiano ancora con il modem 56k. <\/em><\/p>\n<p><em>Elia Ongaro, pendolare Luxottica\u00a0<\/em><\/p><\/blockquote>\n<p>&nbsp;<\/p>\n<hr \/>\n<\/div>\n<blockquote>\n<h3><\/h3>\n<h3>covid LA TABELLA DELLA SITUAZIONE ATTUALE IN VENETO<\/h3>\n<\/blockquote>\n<p><strong>Dal canale Telegram <a href=\"https:\/\/t.me\/BollettiniCoronaVirus\">BOLLETTINI CORONAVIRUS<\/a><\/strong><\/p>\n<p><a href=\"https:\/\/www.radiopiu.net\/wordpress\/giornale-radiopiu-26-aprile-2021-direttore-mirko-mezzacasa\/73fd5e96-a83b-42f2-9d60-c36c43db53ee\/\" rel=\"attachment wp-att-205807\"><img loading=\"lazy\" decoding=\"async\" class=\"alignnone wp-image-205807 size-full\" src=\"https:\/\/www.radiopiu.net\/wordpress\/wp-content\/uploads\/2021\/04\/73fd5e96-a83b-42f2-9d60-c36c43db53ee.jpg\" alt=\"\" width=\"1024\" height=\"780\" srcset=\"https:\/\/www.radiopiu.net\/wordpress\/wp-content\/uploads\/2021\/04\/73fd5e96-a83b-42f2-9d60-c36c43db53ee.jpg 1024w, https:\/\/www.radiopiu.net\/wordpress\/wp-content\/uploads\/2021\/04\/73fd5e96-a83b-42f2-9d60-c36c43db53ee-300x229.jpg 300w, https:\/\/www.radiopiu.net\/wordpress\/wp-content\/uploads\/2021\/04\/73fd5e96-a83b-42f2-9d60-c36c43db53ee-768x585.jpg 768w\" sizes=\"auto, (max-width: 1024px) 100vw, 1024px\" \/><\/a><\/p>\n<blockquote class=\"wp-embedded-content\" data-secret=\"M0rOaHKQ5N\"><p><a href=\"https:\/\/www.radiopiu.net\/wordpress\/aggapr25\/\">CORONAVIRUS: AGGIORNAMENTO NAZIONALE 25 APRILE  2021<\/a><\/p><\/blockquote>\n<p><iframe loading=\"lazy\" class=\"wp-embedded-content\" sandbox=\"allow-scripts\" security=\"restricted\" style=\"position: absolute; clip: rect(1px, 1px, 1px, 1px);\" title=\"&#8220;CORONAVIRUS: AGGIORNAMENTO NAZIONALE 25 APRILE  2021&#8221; &#8212; Radio Pi\u00f9\" src=\"https:\/\/www.radiopiu.net\/wordpress\/aggapr25\/embed\/#?secret=M0rOaHKQ5N\" data-secret=\"M0rOaHKQ5N\" width=\"600\" height=\"338\" frameborder=\"0\" marginwidth=\"0\" marginheight=\"0\" scrolling=\"no\"><\/iframe><\/p>\n<p>&nbsp;<\/p>\n<blockquote class=\"wp-embedded-content\" data-secret=\"QCXBaprTFX\"><p><a href=\"https:\/\/www.radiopiu.net\/wordpress\/in-24-ore-si-registrano-633-nuovi-positivi-in-veneto-ricoveri-in-lieve-calo-e-6-decessi-a-belluno-14-positivi-in-piu\/\">IN 24 ORE SI REGISTRANO 633 NUOVI POSITIVI IN VENETO. RICOVERI IN LIEVE CALO E 6 DECESSI. A BELLUNO 14 POSITIVI IN PIU&#8217;<\/a><\/p><\/blockquote>\n<p><iframe loading=\"lazy\" class=\"wp-embedded-content\" sandbox=\"allow-scripts\" security=\"restricted\" style=\"position: absolute; clip: rect(1px, 1px, 1px, 1px);\" title=\"&#8220;IN 24 ORE SI REGISTRANO 633 NUOVI POSITIVI IN VENETO. RICOVERI IN LIEVE CALO E 6 DECESSI. A BELLUNO 14 POSITIVI IN PIU&#8217;&#8221; &#8212; Radio Pi\u00f9\" src=\"https:\/\/www.radiopiu.net\/wordpress\/in-24-ore-si-registrano-633-nuovi-positivi-in-veneto-ricoveri-in-lieve-calo-e-6-decessi-a-belluno-14-positivi-in-piu\/embed\/#?secret=QCXBaprTFX\" data-secret=\"QCXBaprTFX\" width=\"600\" height=\"338\" frameborder=\"0\" marginwidth=\"0\" marginheight=\"0\" scrolling=\"no\"><\/iframe><\/p>\n<p>&nbsp;<\/p>\n<p>&nbsp;<\/p>\n<blockquote>\n<h3>I GRAFICI DI TIZIANO DE COL<\/h3>\n<\/blockquote>\n\n\t\t\t<style type='text\/css'>\n\t\t\t\t#gallery-6 {\n\t\t\t\t\tmargin: auto;\n\t\t\t\t}\n\t\t\t\t#gallery-6 .gallery-item {\n\t\t\t\t\tfloat: left;\n\t\t\t\t\tmargin-top: 10px;\n\t\t\t\t\ttext-align: center;\n\t\t\t\t\twidth: 20%;\n\t\t\t\t}\n\t\t\t\t#gallery-6 img {\n\t\t\t\t\tborder: 2px solid #cfcfcf;\n\t\t\t\t}\n\t\t\t\t#gallery-6 .gallery-caption {\n\t\t\t\t\tmargin-left: 0;\n\t\t\t\t}\n\t\t\t\t\/* see gallery_shortcode() in wp-includes\/media.php *\/\n\t\t\t<\/style>\n\t\t<div id='gallery-6' class='dt-gallery-container gallery galleryid-205539 gallery-columns-5 gallery-size-medium'><dl class='gallery-item'>\n\t\t\t\t<dt class='gallery-icon landscape'>\n\t\t\t\t\t<a class=\"rollover rollover-zoom dt-pswp-item\" title=\"e59b3680-8c15-4e28-abcb-40bea30b435d\" data-dt-img-description=\"\" data-large_image_width=\"596\" data-large_image_height=\"352\"href='https:\/\/www.radiopiu.net\/wordpress\/wp-content\/uploads\/2021\/04\/e59b3680-8c15-4e28-abcb-40bea30b435d.jpg'><img loading=\"lazy\" decoding=\"async\" width=\"300\" height=\"177\" src=\"https:\/\/www.radiopiu.net\/wordpress\/wp-content\/uploads\/2021\/04\/e59b3680-8c15-4e28-abcb-40bea30b435d-300x177.jpg\" class=\"attachment-medium size-medium\" alt=\"\" srcset=\"https:\/\/www.radiopiu.net\/wordpress\/wp-content\/uploads\/2021\/04\/e59b3680-8c15-4e28-abcb-40bea30b435d-300x177.jpg 300w, https:\/\/www.radiopiu.net\/wordpress\/wp-content\/uploads\/2021\/04\/e59b3680-8c15-4e28-abcb-40bea30b435d.jpg 596w\" sizes=\"auto, (max-width: 300px) 100vw, 300px\" \/><\/a>\n\t\t\t\t<\/dt><\/dl><dl class='gallery-item'>\n\t\t\t\t<dt class='gallery-icon landscape'>\n\t\t\t\t\t<a class=\"rollover rollover-zoom dt-pswp-item\" title=\"c93204c1-cc21-455c-9dd8-82abf45a1d44\" data-dt-img-description=\"\" data-large_image_width=\"620\" data-large_image_height=\"352\"href='https:\/\/www.radiopiu.net\/wordpress\/wp-content\/uploads\/2021\/04\/c93204c1-cc21-455c-9dd8-82abf45a1d44.jpg'><img loading=\"lazy\" decoding=\"async\" width=\"300\" height=\"170\" src=\"https:\/\/www.radiopiu.net\/wordpress\/wp-content\/uploads\/2021\/04\/c93204c1-cc21-455c-9dd8-82abf45a1d44-300x170.jpg\" class=\"attachment-medium size-medium\" alt=\"\" srcset=\"https:\/\/www.radiopiu.net\/wordpress\/wp-content\/uploads\/2021\/04\/c93204c1-cc21-455c-9dd8-82abf45a1d44-300x170.jpg 300w, https:\/\/www.radiopiu.net\/wordpress\/wp-content\/uploads\/2021\/04\/c93204c1-cc21-455c-9dd8-82abf45a1d44.jpg 620w\" sizes=\"auto, (max-width: 300px) 100vw, 300px\" \/><\/a>\n\t\t\t\t<\/dt><\/dl><dl class='gallery-item'>\n\t\t\t\t<dt class='gallery-icon landscape'>\n\t\t\t\t\t<a class=\"rollover rollover-zoom dt-pswp-item\" title=\"3eda369c-6696-4d18-b413-9ea10983f2db\" data-dt-img-description=\"\" data-large_image_width=\"622\" data-large_image_height=\"354\"href='https:\/\/www.radiopiu.net\/wordpress\/wp-content\/uploads\/2021\/04\/3eda369c-6696-4d18-b413-9ea10983f2db.jpg'><img loading=\"lazy\" decoding=\"async\" width=\"300\" height=\"171\" src=\"https:\/\/www.radiopiu.net\/wordpress\/wp-content\/uploads\/2021\/04\/3eda369c-6696-4d18-b413-9ea10983f2db-300x171.jpg\" class=\"attachment-medium size-medium\" alt=\"\" srcset=\"https:\/\/www.radiopiu.net\/wordpress\/wp-content\/uploads\/2021\/04\/3eda369c-6696-4d18-b413-9ea10983f2db-300x171.jpg 300w, https:\/\/www.radiopiu.net\/wordpress\/wp-content\/uploads\/2021\/04\/3eda369c-6696-4d18-b413-9ea10983f2db.jpg 622w\" sizes=\"auto, (max-width: 300px) 100vw, 300px\" \/><\/a>\n\t\t\t\t<\/dt><\/dl><dl class='gallery-item'>\n\t\t\t\t<dt class='gallery-icon landscape'>\n\t\t\t\t\t<a class=\"rollover rollover-zoom dt-pswp-item\" title=\"0b97bfbd-3fb0-42d2-8648-1df8f1d9a5eb\" data-dt-img-description=\"\" data-large_image_width=\"600\" data-large_image_height=\"355\"href='https:\/\/www.radiopiu.net\/wordpress\/wp-content\/uploads\/2021\/04\/0b97bfbd-3fb0-42d2-8648-1df8f1d9a5eb.jpg'><img loading=\"lazy\" decoding=\"async\" width=\"300\" height=\"178\" src=\"https:\/\/www.radiopiu.net\/wordpress\/wp-content\/uploads\/2021\/04\/0b97bfbd-3fb0-42d2-8648-1df8f1d9a5eb-300x178.jpg\" class=\"attachment-medium size-medium\" alt=\"\" srcset=\"https:\/\/www.radiopiu.net\/wordpress\/wp-content\/uploads\/2021\/04\/0b97bfbd-3fb0-42d2-8648-1df8f1d9a5eb-300x178.jpg 300w, https:\/\/www.radiopiu.net\/wordpress\/wp-content\/uploads\/2021\/04\/0b97bfbd-3fb0-42d2-8648-1df8f1d9a5eb.jpg 600w\" sizes=\"auto, (max-width: 300px) 100vw, 300px\" \/><\/a>\n\t\t\t\t<\/dt><\/dl><dl class='gallery-item'>\n\t\t\t\t<dt class='gallery-icon landscape'>\n\t\t\t\t\t<a class=\"rollover rollover-zoom dt-pswp-item\" title=\"b3379761-5e88-4747-9637-034708bac501\" data-dt-img-description=\"\" data-large_image_width=\"606\" data-large_image_height=\"355\"href='https:\/\/www.radiopiu.net\/wordpress\/wp-content\/uploads\/2021\/04\/b3379761-5e88-4747-9637-034708bac501.jpg'><img loading=\"lazy\" decoding=\"async\" width=\"300\" height=\"176\" src=\"https:\/\/www.radiopiu.net\/wordpress\/wp-content\/uploads\/2021\/04\/b3379761-5e88-4747-9637-034708bac501-300x176.jpg\" class=\"attachment-medium size-medium\" alt=\"\" srcset=\"https:\/\/www.radiopiu.net\/wordpress\/wp-content\/uploads\/2021\/04\/b3379761-5e88-4747-9637-034708bac501-300x176.jpg 300w, https:\/\/www.radiopiu.net\/wordpress\/wp-content\/uploads\/2021\/04\/b3379761-5e88-4747-9637-034708bac501.jpg 606w\" sizes=\"auto, (max-width: 300px) 100vw, 300px\" \/><\/a>\n\t\t\t\t<\/dt><\/dl><br style=\"clear: both\" \/>\n\t\t\t<\/div>\n\n<p>&nbsp;<\/p>\n<p>&nbsp;<\/p>\n<hr \/>\n<p>&nbsp;<\/p>\n<blockquote>\n<h3>DA OGGI RIPRENDE L&#8217;ATTIVITA&#8217; AMBULATORIALE<\/h3>\n<\/blockquote>\n<p><strong><a href=\"https:\/\/www.radiopiu.net\/wordpress\/monoclonali-pronti-per-la-somministrazione-in-ulss-1-dolomiti\/ulss-1-2\/\" rel=\"attachment wp-att-198838\"><img loading=\"lazy\" decoding=\"async\" class=\"size-medium wp-image-198838 alignleft\" src=\"https:\/\/www.radiopiu.net\/wordpress\/wp-content\/uploads\/2021\/03\/ULSS-1-300x158.jpg\" alt=\"\" width=\"300\" height=\"158\" srcset=\"https:\/\/www.radiopiu.net\/wordpress\/wp-content\/uploads\/2021\/03\/ULSS-1-300x158.jpg 300w, https:\/\/www.radiopiu.net\/wordpress\/wp-content\/uploads\/2021\/03\/ULSS-1-768x404.jpg 768w, https:\/\/www.radiopiu.net\/wordpress\/wp-content\/uploads\/2021\/03\/ULSS-1.jpg 776w\" sizes=\"auto, (max-width: 300px) 100vw, 300px\" \/><\/a>BELLUNO <\/strong>Da oggi si torna in fascia gialla e in concomitanza sar\u00e0 riaperta progressivamente anche\u00a0 l\u2019attivit\u00e0 ambulatoriale in tutte le specialit\u00e0 e in tutte le sedi, anche per le prestazioni con classe di priorit\u00e0 D e P (quelle con attesa rispettivamente a 30 e 60\/90 giorni) che erano state temporaneamente sospese dal 29 marzo, quando la pandemia aveva iniziato a peggiorare.\u00a0 Ci sar\u00e0 anche una ripartenza\u00a0 dei ricoveri per tutte quelle prestazioni che erano state considerate differibili e quindi sospese sempre dal mese di marzo. Una lenta ripresa che verr\u00e0 intensificata con il progressivo regredire della pandemia grazie ai vaccini e comportamenti corretti. In Ulss Dolomiti le prestazioni da recuperare sono circa 2.700. Sar\u00e0 il CUP a ricontattare i cittadini per il nuovo appuntamento.<\/p>\n<p>&nbsp;<\/p>\n<p>&nbsp;<\/p>\n<hr \/>\n<p>&nbsp;<\/p>\n<blockquote>\n<h3>UN CLICK DI SOLIDARIETA&#8217; CON I CARABINIERI ALL&#8217;USCIO DI CASA<\/h3>\n<\/blockquote>\n<p><strong><img loading=\"lazy\" decoding=\"async\" class=\"alignleft\" src=\"https:\/\/www.radiopiu.net\/wordpress\/wp-content\/uploads\/2020\/11\/ff410afc-8b0c-46c0-a4de-45a8768c3343.jpg\" width=\"379\" height=\"243\" \/>BELLUNO<\/strong> A tre settimane dall&#8217;inizio del progetto vaccinazione a domicilio con gli uomini dell&#8217;Arma, i Carabinieri tracciano un bilancio decisamente soddisfacente. Ben 24 le richieste pervenute alle varie stazioni, 4 nel Feltrino, 8 nell&#8217;Agordino, 11 nel Cadore, Comelico, Auronzo e zone limitrofe. Delle 24 richieste, 3 sono state soddisfatte direttamente presso le abitazioni dei richiedenti( mediante l&#8217;utilizzo di sistemi informatici portatili e le altre presso i comandi stazione, previo appuntamento. I richiedenti, giovanotti e giovanotte sugli ottanta d&#8217;et\u00e0 e anche oltre. In due casi non \u00e8 stato possibile esaudire la richiesta nell&#8217; immediatezza a causa del blocco del portale,\u00a0 ma il comandante della stazione\u00a0 si \u00e8 fatto carico di monitorare la situazione, completando la prenotazione il giorno successivo, accertandosi altres\u00ec con le varie organizzazioni del territorio che l&#8217;anziano fosse accompagnato nelle sedi vaccinali prenotate<\/p>\n<p>&nbsp;<\/p>\n<div dir=\"auto\"><\/div>\n<div dir=\"auto\">\n<p>&nbsp;<\/p>\n<hr \/>\n<p>&nbsp;<\/p>\n<\/div>\n<blockquote>\n<h3>ECOVOLONTARI FELTRINI SUL CAMPO<\/h3>\n<\/blockquote>\n<div class=\"im_message_body\">\n<div dir=\"auto\"><strong>FELTRE<\/strong> Un altro fine settimana impegnativo ma che ripaga quando i sacchi sono\u00a0 impilati, traboccanti di quei rifiuti gettati dal finestrino, abbandonati tra fiori e piante <em>&#8220;tanto non \u00e8 mica mio&#8221;<\/em>. Erano in venti, tra Feltre e Cesiomaggiore. Ripulita la rotonda di Foen e da l\u00ec fino a Villabruna, i 15\u00a0 volontari hanno riempito: 21 sacchi\u00a0 pieni di rifiuti, decine di\u00a0 bottiglie vetro plastica e lattine conferite nella\u00a0 raccolta differenziata. Susan, Isabella, Rosanna, Patrizia e Maria hanno ripulito la strada da Cesiomaggiore a Soranzen. E il cumulo di ore aumenta e gi\u00e0 \u00e8 alto, solo negli ultimi due mesi: oltre 300 ore\/lavoro con 95 sacchi di rifiuti raccolti e molto altro materiale &#8211; tra bottiglie di plastica, lattine e vetro. Il gruppo \u00e8 coordinato dall&#8217;Unione Montana Feltrina e guidato da Ermes Zanella<\/div>\n<div dir=\"auto\"><\/div>\n<div dir=\"auto\"><\/div>\n<\/div>\n<div dir=\"auto\">\n<p>GALLERIA FOTOGRAFICA<\/p>\n\n\t\t\t<style type='text\/css'>\n\t\t\t\t#gallery-7 {\n\t\t\t\t\tmargin: auto;\n\t\t\t\t}\n\t\t\t\t#gallery-7 .gallery-item {\n\t\t\t\t\tfloat: left;\n\t\t\t\t\tmargin-top: 10px;\n\t\t\t\t\ttext-align: center;\n\t\t\t\t\twidth: 20%;\n\t\t\t\t}\n\t\t\t\t#gallery-7 img {\n\t\t\t\t\tborder: 2px solid #cfcfcf;\n\t\t\t\t}\n\t\t\t\t#gallery-7 .gallery-caption {\n\t\t\t\t\tmargin-left: 0;\n\t\t\t\t}\n\t\t\t\t\/* see gallery_shortcode() in wp-includes\/media.php *\/\n\t\t\t<\/style>\n\t\t<div id='gallery-7' class='dt-gallery-container gallery galleryid-205539 gallery-columns-5 gallery-size-thumbnail'><dl class='gallery-item'>\n\t\t\t\t<dt class='gallery-icon portrait'>\n\t\t\t\t\t<a class=\"rollover rollover-zoom dt-pswp-item\" title=\"2a683ab1-c7d9-4179-ac24-8018716dc272\" data-dt-img-description=\"\" data-large_image_width=\"240\" data-large_image_height=\"320\"href='https:\/\/www.radiopiu.net\/wordpress\/wp-content\/uploads\/2021\/04\/2a683ab1-c7d9-4179-ac24-8018716dc272.jpg'><img loading=\"lazy\" decoding=\"async\" width=\"150\" height=\"150\" src=\"https:\/\/www.radiopiu.net\/wordpress\/wp-content\/uploads\/2021\/04\/2a683ab1-c7d9-4179-ac24-8018716dc272-150x150.jpg\" class=\"attachment-thumbnail size-thumbnail\" alt=\"\" \/><\/a>\n\t\t\t\t<\/dt><\/dl><dl class='gallery-item'>\n\t\t\t\t<dt class='gallery-icon portrait'>\n\t\t\t\t\t<a class=\"rollover rollover-zoom dt-pswp-item\" title=\"449d4e99-03f7-4304-98b2-22cd5454c233\" data-dt-img-description=\"\" data-large_image_width=\"240\" data-large_image_height=\"320\"href='https:\/\/www.radiopiu.net\/wordpress\/wp-content\/uploads\/2021\/04\/449d4e99-03f7-4304-98b2-22cd5454c233.jpg'><img loading=\"lazy\" decoding=\"async\" width=\"150\" height=\"150\" src=\"https:\/\/www.radiopiu.net\/wordpress\/wp-content\/uploads\/2021\/04\/449d4e99-03f7-4304-98b2-22cd5454c233-150x150.jpg\" class=\"attachment-thumbnail size-thumbnail\" alt=\"\" \/><\/a>\n\t\t\t\t<\/dt><\/dl><dl class='gallery-item'>\n\t\t\t\t<dt class='gallery-icon portrait'>\n\t\t\t\t\t<a class=\"rollover rollover-zoom dt-pswp-item\" title=\"b9e3c1fb-6862-463a-b939-c5046f588a6e\" data-dt-img-description=\"\" data-large_image_width=\"160\" data-large_image_height=\"320\"href='https:\/\/www.radiopiu.net\/wordpress\/wp-content\/uploads\/2021\/04\/b9e3c1fb-6862-463a-b939-c5046f588a6e.jpg'><img loading=\"lazy\" decoding=\"async\" width=\"150\" height=\"150\" src=\"https:\/\/www.radiopiu.net\/wordpress\/wp-content\/uploads\/2021\/04\/b9e3c1fb-6862-463a-b939-c5046f588a6e-150x150.jpg\" class=\"attachment-thumbnail size-thumbnail\" alt=\"\" \/><\/a>\n\t\t\t\t<\/dt><\/dl><dl class='gallery-item'>\n\t\t\t\t<dt class='gallery-icon portrait'>\n\t\t\t\t\t<a class=\"rollover rollover-zoom dt-pswp-item\" title=\"851f1be0-f9e7-4c96-bb89-b57f6dbea4f8\" data-dt-img-description=\"\" data-large_image_width=\"160\" data-large_image_height=\"320\"href='https:\/\/www.radiopiu.net\/wordpress\/wp-content\/uploads\/2021\/04\/851f1be0-f9e7-4c96-bb89-b57f6dbea4f8.jpg'><img loading=\"lazy\" decoding=\"async\" width=\"150\" height=\"150\" src=\"https:\/\/www.radiopiu.net\/wordpress\/wp-content\/uploads\/2021\/04\/851f1be0-f9e7-4c96-bb89-b57f6dbea4f8-150x150.jpg\" class=\"attachment-thumbnail size-thumbnail\" alt=\"\" \/><\/a>\n\t\t\t\t<\/dt><\/dl><dl class='gallery-item'>\n\t\t\t\t<dt class='gallery-icon portrait'>\n\t\t\t\t\t<a class=\"rollover rollover-zoom dt-pswp-item\" title=\"fb82ffc3-cb6e-43b7-9905-e5d0c8e6440c\" data-dt-img-description=\"\" data-large_image_width=\"160\" data-large_image_height=\"320\"href='https:\/\/www.radiopiu.net\/wordpress\/wp-content\/uploads\/2021\/04\/fb82ffc3-cb6e-43b7-9905-e5d0c8e6440c.jpg'><img loading=\"lazy\" decoding=\"async\" width=\"150\" height=\"150\" src=\"https:\/\/www.radiopiu.net\/wordpress\/wp-content\/uploads\/2021\/04\/fb82ffc3-cb6e-43b7-9905-e5d0c8e6440c-150x150.jpg\" class=\"attachment-thumbnail size-thumbnail\" alt=\"\" \/><\/a>\n\t\t\t\t<\/dt><\/dl><br style=\"clear: both\" \/><dl class='gallery-item'>\n\t\t\t\t<dt class='gallery-icon portrait'>\n\t\t\t\t\t<a class=\"rollover rollover-zoom dt-pswp-item\" title=\"ade53022-ec6c-429e-b46a-54e15f6d1ce6\" data-dt-img-description=\"\" data-large_image_width=\"240\" data-large_image_height=\"320\"href='https:\/\/www.radiopiu.net\/wordpress\/wp-content\/uploads\/2021\/04\/ade53022-ec6c-429e-b46a-54e15f6d1ce6.jpg'><img loading=\"lazy\" decoding=\"async\" width=\"150\" height=\"150\" src=\"https:\/\/www.radiopiu.net\/wordpress\/wp-content\/uploads\/2021\/04\/ade53022-ec6c-429e-b46a-54e15f6d1ce6-150x150.jpg\" class=\"attachment-thumbnail size-thumbnail\" alt=\"\" \/><\/a>\n\t\t\t\t<\/dt><\/dl><dl class='gallery-item'>\n\t\t\t\t<dt class='gallery-icon portrait'>\n\t\t\t\t\t<a class=\"rollover rollover-zoom dt-pswp-item\" title=\"7942d2c9-cbad-4824-8cf9-2eedf568b5e3\" data-dt-img-description=\"\" data-large_image_width=\"240\" data-large_image_height=\"320\"href='https:\/\/www.radiopiu.net\/wordpress\/wp-content\/uploads\/2021\/04\/7942d2c9-cbad-4824-8cf9-2eedf568b5e3.jpg'><img loading=\"lazy\" decoding=\"async\" width=\"150\" height=\"150\" src=\"https:\/\/www.radiopiu.net\/wordpress\/wp-content\/uploads\/2021\/04\/7942d2c9-cbad-4824-8cf9-2eedf568b5e3-150x150.jpg\" class=\"attachment-thumbnail size-thumbnail\" alt=\"\" \/><\/a>\n\t\t\t\t<\/dt><\/dl><dl class='gallery-item'>\n\t\t\t\t<dt class='gallery-icon portrait'>\n\t\t\t\t\t<a class=\"rollover rollover-zoom dt-pswp-item\" title=\"5fb5f00d-f245-41b6-8970-9c8cd3234a0b\" data-dt-img-description=\"\" data-large_image_width=\"240\" data-large_image_height=\"320\"href='https:\/\/www.radiopiu.net\/wordpress\/wp-content\/uploads\/2021\/04\/5fb5f00d-f245-41b6-8970-9c8cd3234a0b.jpg'><img loading=\"lazy\" decoding=\"async\" width=\"150\" height=\"150\" src=\"https:\/\/www.radiopiu.net\/wordpress\/wp-content\/uploads\/2021\/04\/5fb5f00d-f245-41b6-8970-9c8cd3234a0b-150x150.jpg\" class=\"attachment-thumbnail size-thumbnail\" alt=\"\" \/><\/a>\n\t\t\t\t<\/dt><\/dl><dl class='gallery-item'>\n\t\t\t\t<dt class='gallery-icon portrait'>\n\t\t\t\t\t<a class=\"rollover rollover-zoom dt-pswp-item\" title=\"836d95e5-90a6-488b-81ec-a9e8393bf6ad\" data-dt-img-description=\"\" data-large_image_width=\"160\" data-large_image_height=\"320\"href='https:\/\/www.radiopiu.net\/wordpress\/wp-content\/uploads\/2021\/04\/836d95e5-90a6-488b-81ec-a9e8393bf6ad.jpg'><img loading=\"lazy\" decoding=\"async\" width=\"150\" height=\"150\" src=\"https:\/\/www.radiopiu.net\/wordpress\/wp-content\/uploads\/2021\/04\/836d95e5-90a6-488b-81ec-a9e8393bf6ad-150x150.jpg\" class=\"attachment-thumbnail size-thumbnail\" alt=\"\" \/><\/a>\n\t\t\t\t<\/dt><\/dl><dl class='gallery-item'>\n\t\t\t\t<dt class='gallery-icon portrait'>\n\t\t\t\t\t<a class=\"rollover rollover-zoom dt-pswp-item\" title=\"7942d2c9-cbad-4824-8cf9-2eedf568b5e3\" data-dt-img-description=\"\" data-large_image_width=\"240\" data-large_image_height=\"320\"href='https:\/\/www.radiopiu.net\/wordpress\/wp-content\/uploads\/2021\/04\/7942d2c9-cbad-4824-8cf9-2eedf568b5e3-1.jpg'><img loading=\"lazy\" decoding=\"async\" width=\"150\" height=\"150\" src=\"https:\/\/www.radiopiu.net\/wordpress\/wp-content\/uploads\/2021\/04\/7942d2c9-cbad-4824-8cf9-2eedf568b5e3-1-150x150.jpg\" class=\"attachment-thumbnail size-thumbnail\" alt=\"\" \/><\/a>\n\t\t\t\t<\/dt><\/dl><br style=\"clear: both\" \/>\n\t\t\t<\/div>\n\n<p>&nbsp;<\/p>\n<hr \/>\n<p>&nbsp;<\/p>\n<blockquote>\n<h3>I NOVANTANNI DI VITTORIO FERRACIN<\/h3>\n<\/blockquote>\n<p><strong><a href=\"https:\/\/www.radiopiu.net\/wordpress\/giornale-radiopiu-26-aprile-2021-direttore-mirko-mezzacasa\/vittorio-ferracin-gruppo-alpini-farra-di-feltre\/\" rel=\"attachment wp-att-205739\"><img loading=\"lazy\" decoding=\"async\" class=\" wp-image-205739 alignleft\" src=\"https:\/\/www.radiopiu.net\/wordpress\/wp-content\/uploads\/2021\/04\/vittorio-ferracin-gruppo-alpini-farra-di-feltre-278x300.jpg\" alt=\"\" width=\"202\" height=\"218\" srcset=\"https:\/\/www.radiopiu.net\/wordpress\/wp-content\/uploads\/2021\/04\/vittorio-ferracin-gruppo-alpini-farra-di-feltre-278x300.jpg 278w, https:\/\/www.radiopiu.net\/wordpress\/wp-content\/uploads\/2021\/04\/vittorio-ferracin-gruppo-alpini-farra-di-feltre-948x1024.jpg 948w, https:\/\/www.radiopiu.net\/wordpress\/wp-content\/uploads\/2021\/04\/vittorio-ferracin-gruppo-alpini-farra-di-feltre-768x830.jpg 768w, https:\/\/www.radiopiu.net\/wordpress\/wp-content\/uploads\/2021\/04\/vittorio-ferracin-gruppo-alpini-farra-di-feltre-1422x1536.jpg 1422w, https:\/\/www.radiopiu.net\/wordpress\/wp-content\/uploads\/2021\/04\/vittorio-ferracin-gruppo-alpini-farra-di-feltre.jpg 1890w\" sizes=\"auto, (max-width: 202px) 100vw, 202px\" \/><\/a>FELTRE <\/strong>Alpino&#8230; sempre! Gli Alpini di Farra prendono in prestito il titolo del trimestrale della Sezione Ana di Feltre per fare gli auguri a Vittorio Ferracin, socio anziano del gruppo, per i suoi primi novant\u201fanni. A Ferracin, classe 1931, e\u0300 stato dedicato un piccolo omaggio nella caserma Zannettelli di Feltre luogo in cui ha svolto servizio di leva negli anni \u201e50 nel Gruppo artiglieria da montagna \u201cAgordo\u201d. Agli auguri del Gruppo di Farra con capogruppo Fabio Canal, si aggiungono quelli di Stefano Mariech, presidente della Sezione Ana Feltre. Vittorio e\u0300 sposato con Nadia e ha due figli, Eliana e Loris.<\/p>\n<p>&nbsp;<\/p>\n<p>&nbsp;<\/p>\n<hr \/>\n<p>&nbsp;<\/p>\n<blockquote>\n<h3>6,3 MILIARDI PER LE RETI BANDA LARGA E 5G<\/h3>\n<\/blockquote>\n<p><strong><a href=\"https:\/\/www.radiopiu.net\/wordpress\/giornale-radiopiu-06-novembre-2020-direttore-mirko-mezzacasa\/logouncem_no_scritta-wdtr\/\" rel=\"attachment wp-att-170846\"><img loading=\"lazy\" decoding=\"async\" class=\"wp-image-170846 alignleft\" src=\"https:\/\/www.radiopiu.net\/wordpress\/wp-content\/uploads\/2020\/11\/logoUNCEM_no_scritta-wdtr-300x300.jpg\" alt=\"\" width=\"128\" height=\"128\" srcset=\"https:\/\/www.radiopiu.net\/wordpress\/wp-content\/uploads\/2020\/11\/logoUNCEM_no_scritta-wdtr-300x300.jpg 300w, https:\/\/www.radiopiu.net\/wordpress\/wp-content\/uploads\/2020\/11\/logoUNCEM_no_scritta-wdtr-150x150.jpg 150w, https:\/\/www.radiopiu.net\/wordpress\/wp-content\/uploads\/2020\/11\/logoUNCEM_no_scritta-wdtr.jpg 640w\" sizes=\"auto, (max-width: 128px) 100vw, 128px\" \/><\/a>ROMA<\/strong> Colloquio telefonico tra il presidente Uncem Marco Bussone e il Ministro Vittorio Colao su banda larga e 5G. &#8220;In un colloquio telefonico, il Ministro Vittorio Colao mi ha confermato come nella versione definitiva del Piano nazionale di Ripresa e Resilienza vi siano 6,3 miliardi di euro per l&#8217;Investimento 3: Reti ultraveloci, banda larga e 5G. Una risposta &#8211; dice Bussone &#8211; alle nostre istanze e al nostro lavoro per superare i divari digitali. Mi ha confermato il lavoro da fare insieme a Uncem e il suo legame con le aree montane, insieme con l&#8217;impegno che tutto il Governo sta mettendo per i territori&#8221;.<\/p>\n<p>&nbsp;<\/p>\n<p>&nbsp;<\/p>\n<hr \/>\n<p>&nbsp;<\/p>\n<blockquote>\n<h3>CHIUSURE NOTTURNE A FELTRE TRA VIA FOLLI, VIALE MONTEGRAPPA E VIALE DEL PIAVE<\/h3>\n<\/blockquote>\n<p><strong><a href=\"https:\/\/www.radiopiu.net\/wordpress\/giornale-radiopiu-25-aprile-2021-direttore-mirko-mezzacasa\/lavori-asfalto\/\" rel=\"attachment wp-att-205540\"><img loading=\"lazy\" decoding=\"async\" class=\"wp-image-205540 alignleft\" src=\"https:\/\/www.radiopiu.net\/wordpress\/wp-content\/uploads\/2021\/04\/lavori-asfalto-300x225.jpg\" alt=\"\" width=\"163\" height=\"122\" srcset=\"https:\/\/www.radiopiu.net\/wordpress\/wp-content\/uploads\/2021\/04\/lavori-asfalto-300x225.jpg 300w, https:\/\/www.radiopiu.net\/wordpress\/wp-content\/uploads\/2021\/04\/lavori-asfalto-1024x768.jpg 1024w, https:\/\/www.radiopiu.net\/wordpress\/wp-content\/uploads\/2021\/04\/lavori-asfalto-768x576.jpg 768w, https:\/\/www.radiopiu.net\/wordpress\/wp-content\/uploads\/2021\/04\/lavori-asfalto-1536x1152.jpg 1536w, https:\/\/www.radiopiu.net\/wordpress\/wp-content\/uploads\/2021\/04\/lavori-asfalto.jpg 1920w\" sizes=\"auto, (max-width: 163px) 100vw, 163px\" \/><\/a><\/strong><\/p>\n<p><strong>FELTRE<\/strong> Lavori notturni di asfaltatura a Feltre nelle serate del 28, 29 e 30 aprile. L&#8217;ordinanza arriva dal sindaco Paolo Perenzin che vieta il transito in orario notturno, dalle 20 e le 7, in via Folli, Viale Monte Grappa e Viale del Piave dove l&#8217;azienda Mu.Bre Costruzioni sar\u00e0 al lavoro per la fresatura e la realizzazione del tappeto d&#8217;usura. Il divieto di transito riguarda tutti i veicoli, cicli e motocicli, esclusi gli autobus.<\/p>\n<p>&nbsp;<\/p>\n<p>&nbsp;<\/p>\n<hr \/>\n<\/div>\n<p>&nbsp;<\/p>\n<div dir=\"auto\">\n<h3>I CONSIGLIERI COMUNALI TORNANO IN MUNICIPIO, PROTETTI E DISTANZIATI<\/h3>\n<p><strong>GOSALDO<\/strong>\u00a0Lunedi alle 18 consiglio comunale a Gosaldo, all\u2019ordine del giorno l\u2019esame ed approvazione del rendiconto finanziario e il conferimento della cittadinanza onoraria al Milite Ignoto, Medaglia d\u2019oro al Valor Militare.<\/p>\n<p>&nbsp;<\/p>\n<p>&nbsp;<\/p>\n<hr \/>\n<p>&nbsp;<\/p>\n<p>&nbsp;<\/p>\n<h3>DANILO DE TONI CONVOCA I CONSIGLIERI IN MUNICIPIO<\/h3>\n<p><strong>ALLEGHE<\/strong>\u00a0Mercoledi alle 18.30 consiglio comunale in riva al lago, in Municipio oppure in video conferenza. All\u2019ordine del giorno regolamenti, convenzioni, variazioni al bilancio.<\/p>\n<p>&nbsp;<\/p>\n<p>&nbsp;<\/p>\n<hr \/>\n<p>&nbsp;<\/p>\n<blockquote>\n<h3>VENERDI&#8217;\u00a0 CONSIGLIO COMUNALE A COLLE SANTA LUCIA<\/h3>\n<\/blockquote>\n<p><strong>COLLE SANTA LUCIA<\/strong> Si svolger\u00e0 a porte chiuse venerd\u00ec alle 19 presso la sala consigliare del municipio di Colle Santa Lucia il consiglio comunale convocato dal sindaco Paolo Frena. Cinque i punti da discutere tra cui la prima variazione al bilancio 2021-2023, l&#8217;accordo di collaborazione con l&#8217;istitut cultural ladin Cesa de Jan e la riclassificazione delle aree verdi.<\/p>\n<p>&nbsp;<\/p>\n<p>&nbsp;<\/p>\n<hr \/>\n<p>&nbsp;<\/p>\n<blockquote>\n<h2>LA BELLA NOVITA\u2019 PER UN TERRITORIO DA GIRO SCOPRIRE<\/h2>\n<p><em>\u201cBenvenuti in questo gruppo dove cercheremo di postare le foto pi\u00f9 belle dei nostri giri, facendovi scoprire gli angoli pi\u00f9 belli delle nostre amate montagne e magari anche posti che neanche conoscevate\u2026\u201d<\/em><\/p>\n<p><a href=\"https:\/\/www.radiopiu.net\/wordpress\/giornale-radiopiu-23-aprile-2021-direttore-mirko-mezzacasa\/175719585_10221753028888286_4493050957849567432_n\/\" rel=\"attachment wp-att-205054\"><img loading=\"lazy\" decoding=\"async\" class=\"alignnone size-medium wp-image-205054\" src=\"https:\/\/www.radiopiu.net\/wordpress\/wp-content\/uploads\/2021\/04\/175719585_10221753028888286_4493050957849567432_n-300x115.jpg\" sizes=\"auto, (max-width: 300px) 100vw, 300px\" srcset=\"https:\/\/www.radiopiu.net\/wordpress\/wp-content\/uploads\/2021\/04\/175719585_10221753028888286_4493050957849567432_n-300x115.jpg 300w, https:\/\/www.radiopiu.net\/wordpress\/wp-content\/uploads\/2021\/04\/175719585_10221753028888286_4493050957849567432_n-768x295.jpg 768w, https:\/\/www.radiopiu.net\/wordpress\/wp-content\/uploads\/2021\/04\/175719585_10221753028888286_4493050957849567432_n.jpg 820w\" alt=\"\" width=\"300\" height=\"115\" \/><\/a><\/p><\/blockquote>\n<p><strong>Ecco un nuovo gruppo facebook per promuovere la vallata, far conoscere sentieri anche per le biciclette. Tanti bei luoghi\u00a0 da visitare e che molti non sanno nemmeno esistano.<\/strong><\/p>\n<p>PER SAPERNE DI PIU\u2019\u00a0<strong><a href=\"https:\/\/www.facebook.com\/groups\/942664679826112\/\">CLICCA QUI\u00a0<\/a><\/strong><\/p>\n<p>&nbsp;<\/p>\n<p>&nbsp;<\/p>\n<hr \/>\n<p>&nbsp;<\/p>\n<h3><span style=\"color: #ff99cc;\"><strong>GIRO D&#8217;ITALIA 2021\u00a0 <\/strong><strong>LA TAPPA NELL&#8217;AGORDINO<\/strong><\/span><\/h3>\n<a href=\"https:\/\/www.radiopiu.net\/wordpress\/wp-content\/uploads\/2021\/04\/giro-italia-sacile-cortina.pdf\" class=\"pdfemb-viewer\" style=\"\" data-width=\"max\" data-height=\"max\" data-toolbar=\"top\" data-toolbar-fixed=\"on\">giro italia sacile cortina<\/a>\n<p>&nbsp;<\/p>\n<hr \/>\n<p>&nbsp;<\/p>\n<blockquote>\n<h3>PMI: POCO MENO DEL 50% DEGLI AIUTI ANTICOVID NON SONO STATI ANCORA ACCREDITATI<\/h3>\n<\/blockquote>\n<p><a class=\"dt-pswp-item\" href=\"https:\/\/www.radiopiu.net\/wordpress\/wp-content\/uploads\/2021\/04\/Schermata-2021-04-24-alle-15.45.25.png\" data-dt-img-description=\"\" data-large_image_width=\"966\" data-large_image_height=\"1058\"><img loading=\"lazy\" decoding=\"async\" class=\"alignleft size-medium wp-image-205533\" src=\"https:\/\/www.radiopiu.net\/wordpress\/wp-content\/uploads\/2021\/04\/Schermata-2021-04-24-alle-15.45.25-274x300.png\" alt=\"\" width=\"274\" height=\"300\" srcset=\"https:\/\/www.radiopiu.net\/wordpress\/wp-content\/uploads\/2021\/04\/Schermata-2021-04-24-alle-15.45.25-274x300.png 274w, https:\/\/www.radiopiu.net\/wordpress\/wp-content\/uploads\/2021\/04\/Schermata-2021-04-24-alle-15.45.25-935x1024.png 935w, https:\/\/www.radiopiu.net\/wordpress\/wp-content\/uploads\/2021\/04\/Schermata-2021-04-24-alle-15.45.25-768x841.png 768w, https:\/\/www.radiopiu.net\/wordpress\/wp-content\/uploads\/2021\/04\/Schermata-2021-04-24-alle-15.45.25.png 966w\" sizes=\"auto, (max-width: 274px) 100vw, 274px\" \/><\/a>Anche per l\u2019anno in corso, in piccola parte sono arrivati e continueranno ad arrivare direttamente sul conto corrente delle imprese. Una parte consistente, invece, verr\u00e0 stanziata nel momento in cui le aziende attiveranno alcune specifiche operazioni.<\/p>\n<p>Tuttavia, dei 64,7 miliardi di euro di aiuti diretti1 messi a disposizione dai governi Conte e Draghi alle attivit\u00e0 economiche per fronteggiare l\u2019emergenza Covid, l\u2019Ufficio studi della CGIA stima che poco meno del 50 per cento non sia ancora stato accreditato, poich\u00e9 sono risorse in gran parte previste con la legge di Bilancio 2021.<\/p>\n<p>Ancorch\u00e9 questi 64,7 miliardi di euro costituiscono un importo molto rilevante, solo 22,8 miliardi sono le risorse erogate a fondo perduto (pari al 35,2 per cento del totale)2 . Altres\u00ec, se rapportati ai circa 350 miliardi di euro di contrazione del fatturato registrata dalle aziende italiane nel 2020, questi 64,7 miliardi \u201ccoprono\u201d solo il 18,5 per cento dei mancati incassi totali.<\/p>\n<p>E\u2019 evidente che il Governo Draghi deve accelerare non solo sul fronte della vaccinazioni, ma anche sulla velocit\u00e0 di erogazione delle misure a sostegno delle micro imprese e dei lavoratori autonomi. Il prossimo decreto sostegni, infatti, sar\u00e0 un banco di prova importante. Non solo perch\u00e9 la dimensione economica dovr\u00e0 essere decisamente pi\u00f9 consistente delle misure approvate precedentemente, ma anche perch\u00e9 dovranno arrivare nel conto corrente degli imprenditori in tempi rapidissimi.<\/p>\n<p>Ricordiamo che dei 35,5 miliardi di euro di aiuti fino ad ora previsti per l\u2019anno in corso, 6,5 consentiranno la decontribuzione Inps per le nuove assunzioni e altri 6,3 verranno erogati come credito di imposta per gli investimenti. Se aggiungiamo i 2,5 miliardi di decontribuzione Inps in capo alle partite Iva che l\u2019anno scorso hanno perso oltre un terzo di fatturato, questi 15,3 miliardi di euro (pari al 43 per cento del totale aiuti riferiti al 2021), difficilmente potranno essere ad appannaggio delle micro imprese e dei lavoratori autonomi che sono state le realt\u00e0 pi\u00f9 colpite dalla crisi.<\/p>\n<p>In primo luogo, perch\u00e9 in questo momento non hanno certo la necessit\u00e0 di assumere; in secondo luogo perch\u00e9 non hanno sicuramente la liquidit\u00e0 per attivare nuovi investimenti; in terzo luogo, a causa dell\u2019assenza del decreto del ministero del Lavoro che doveva essere approvato entro i primi giorni dello scorso mese di marzo, non possono ancora beneficiare dello sconto contributivo Inps.<\/p>\n<p>In altre parole, sottolinea la CGIA, il nostro principale problema non sono le chiusure imposte per decreto dal nostro Governo, visto che attualmente in tutti gli altri principali paesi europei le misure di confinamento sono pi\u00f9 stringenti delle nostre, ma gli aiuti economici, che da noi sono arrivati in misura insufficiente e con grave ritardo. Altrove, invece, sono stati erogati tempestivamente e con dimensioni molto importanti.<\/p>\n<p>Mettere in salvo le micro e piccole imprese italiane vuol dire salvaguardare una fetta importante dell\u2019economia del nostro paese. I numeri sono eloquenti. Al netto dei dipendenti del pubblico impiego, le attivit\u00e0 con meno di 20 addetti costituiscono il 98 per cento delle imprese presenti nel Paese e danno lavoro alla maggioranza degli italiani, vale a dire al 54,6 per cento degli occupati. Inoltre, queste micro realt\u00e0 producono il 37 per cento del valore aggiunto nazionale annuo, score non riscontrabile in nessun altro grande Paese dell\u2019Unione europea.<\/p>\n<p>Con un\u2019economia che si regge su imprese di piccolissima dimensione, ma con performance economiche\/occupazionali da giganti, la competitivit\u00e0 del nostro Paese risente soprattutto dell\u2019assenza delle grandi imprese. Da molti decenni, infatti, queste ultime sono scomparse, non certo per l\u2019eccessiva numerosit\u00e0 delle piccole realt\u00e0 produttive presenti in Italia, ma a causa dell\u2019incapacit\u00e0 dei grandi player, prevalentemente di natura pubblica, di reggere la sfida lanciata dalla globalizzazione.<\/p>\n<p>Sino al 1985, infatti, l\u2019Italia era tra i leader mondiali nella chimica, nella plastica, nella gomma, nella siderurgia, nell\u2019alluminio, nell\u2019informatica e nella farmaceutica. Grazie al ruolo e al peso di molte grandi imprese pubbliche e private (Montedison, Montefibre, Pirelli, Italsider, Alumix, Olivetti, Angelini, etc.), l\u2019economia del Paese ruotava attorno a questi comparti. A distanza di oltre 35 anni, invece, abbiamo perso terreno e leadership in quasi tutti questi settori. E ci\u00f2 \u00e8 avvenuto non a causa di un destino cinico e baro, ma a seguito di una selezione che le ha relegate fuori mercato.<\/p>\n<p>Alla luce di queste specificit\u00e0, l\u2019ufficio studi della CGIA chiede con forza che si torni a guardare con maggiore attenzione al mondo delle imprese, in particolar modo alle piccole e alle micro, visto che, ad esempio, gli effetti della pandemia si stanno abbattendo con violenza inaudita soprattutto su quelle del terziario e dei servizi che se non aiutate adeguatamente rischiano di chiudere definitivamente.<\/p>\n<p>&nbsp;<\/p>\n<p>&nbsp;<\/p>\n<hr \/>\n<p>&nbsp;<\/p>\n<blockquote>\n<h3>PALAZZO SECCO DI BORGO PIAVE CON AFFRESCHI DI IGNOTO (PER ORA) \u201cMAESTRO DELLA MANDOLA&#8221;<\/h3>\n<\/blockquote>\n<p><strong>di Renato Bona<\/strong><\/p>\n<p>Una targhetta, la numero 20, apposta con benemerita iniziativa del Rotary club Belluno nel 2015 per concorrere a far conoscere sia pure sinteticamente, persone e-o cose di quella che nel tempo \u00e8 divenuta \u201cBelluno citt\u00e0 splendente\u201d, era ed \u00e8 riservata a Palazzo Secco, con questa illustrazione dell\u2019edificio: \u201cEdificio di impianto quattrocentesco, che si rif\u00e0 ai modelli nobiliari maggiori, ancora caratterizzato da ampi frammenti dell\u2019originaria decorazione a fresco della facciata, del primo \u2018500. Preziosa testimonianza del ruolo sociale ed economico della comunit\u00e0 di Borgo Piave, dove aveva sede il porto fluviale cittadino\u201d. Pi\u00f9 diffusamente \u00e8 scritto in \u201cBelluno storia architettura arte\u201d libro edito &#8211; nel giugno del 1984 per i tipi della bellunese Tipografia Piave &#8211; dall\u2019Istituto bellunese di ricerche sociali e culturali presieduto dal prof. don Sergio Sacco, ed opera di don Gigetto De Bortoli (licenziato in storis ecclesiastica nel 1970 all\u2019Universit\u00e0 Gregoriana di Roma), Andrea Moro (architetto dal 1975 con studio a Belluno) e Flavio Vizzutti (laurea in storia dell\u2019arte medioevale a Padova nel 1978 con successivo diploma di perfezionamento, insegnante e storico): \u201cLa costruzione dai lineamenti quattrocenteschi, si palesa dal punto di vista architettonico come una copia mediata da pi\u00f9 insigni modelli ai quali si atteggia con una certa pretenziosit\u00e0. E proprio da prototipi pi\u00f9 illustri sono presi alcuni accenti stilistici che innegabilmente appaiono adoperati con armonia: le monofore con arco a tutto sesto, l\u2019elegante terrazzo al piano nobile, i vani sotto-tetto che si ritrovano cos\u00ec ampi solo nelle dimore notabili dell\u2019epoca\u201d. Ma &#8211; viene sottolineato &#8211; l\u2019accordo pi\u00f9 melodioso si riscontra nel parametro policromo che decora la facciata\u201d anche se \u201cPurtroppo, il continuo dilavo delle acque, unitamente all\u2019inevitabile usura del tempo, ha talmente consunto il manto pittorico tanto che ora si discernono con chiarezza soltanto alcuni brani, Le raffigurazioni sono disposte su tre registri divisi da una fascia con elementi decorativi simili a grottesche\u201d. Ricordato che, stando alla leggenda, in questa abitazione sostava il podest\u00e0 quando giungeva a Belluno per prendere possesso dell\u2019alto incarico (Fontana-Vizzutti), il libro-guida di De Bortoli-Moro-Vizzutti propone una dettagliata descrizione delle opere pittoriche che erano inquadrate in una sorta di cornici specificando che \u201cAllo stato attuale sono comprensibili solo la figura di donna vestita con un lungo abito di vago color rosso vinato, mentre suona la mandola, e una virile, sempre con medesimo strumento. La coppia \u00e8 paludata con gli abiti in dotazione presso il ceto abbiente della societ\u00e0 quattrocentesca; peraltro questo esempio \u00e8 da reputarsi come una nota di non poco valore per lo studio dell\u2019antico costume bellunese\u201d. Ancora: \u201cE\u2019 integra, quindi di attendibile lettura, anche una figurina, sempre in affresco, raffigurante la Vergine assisa in trono con il Bimbo (stilisticamente non scevra di alcuni ricordi di matrice vivarinesca) abbastanza ben conservata perch\u00e9 dipinta sopra l\u2019architrave dell\u2019entrata centrale e protetta dal ripiano del terrazzino. Il piccolo brano \u00e8 probabile opera &#8211; come peraltro tutta la decorazione &#8211; di un solo pittore con educazione artigianale, come si nota appunto nella figurina della Vergine\u201d. Viene poi spiegato che le immagini \u201ccostruite con decisa forza volumetrica, tinteggiate con colori vivi, fanno presupporre una collocazione cronologica dell\u2019affresco attorno ai primi decenni del \u2018400. E\u2019 l\u2019opera di un aedo paesano che pensiamo &#8211; vista la totale mancanza della documentazione &#8211; si possa ben qualificare con il provvisorio appellativo di \u2018Maestro della mandola\u2019, nell\u2019attesa di qualche pi\u00f9 approfondito ragguaglio\u201d. Infine: \u201cLo stato attuale della costruzione invoca un oculato restauro atto a rafforzare le strutture e ripristinare la primitiva &#8211; rustica &#8211; bellezza di almeno alcuni degli affreschi, proponendone anche qualche misura protettiva\u201d. Concludiamo questa \u201crivisitazione\u201d di Casa Secco di Borgo Piave con una notizia riportata da Vizzuti nel libro prodotto con Antonio \u201cToni\u201d Fontana nel settembre 1980, sempre con la \u201cPiave\u201d (dove Fontana, un caro amico, lavorava &#8211; ndr.): \u201cAttualmente il palazzo \u00e8 propriet\u00e0 del cav. Secco, discendente da una operosa famiglia di abili battirame, gi\u00e0 provenienti da Sacile (Secco Gio. Batta fu Antonio nacque infatti a Sacile l\u20198 aprile 1779, si trasfer\u00ec in Belluno in data da precisare ove spos\u00f2 Somali Anna fu Felice; ebbero due figli: Pietro, 9 ottobre 1905, e Antonio, 26 febbraio 1811; Pietro continu\u00f2 l\u2019esercizio della professione paterna. Registro Parrocchiale, Cattedrale di Belluno\u201d.<\/p>\n\n\t\t\t<style type='text\/css'>\n\t\t\t\t#gallery-8 {\n\t\t\t\t\tmargin: auto;\n\t\t\t\t}\n\t\t\t\t#gallery-8 .gallery-item {\n\t\t\t\t\tfloat: left;\n\t\t\t\t\tmargin-top: 10px;\n\t\t\t\t\ttext-align: center;\n\t\t\t\t\twidth: 20%;\n\t\t\t\t}\n\t\t\t\t#gallery-8 img {\n\t\t\t\t\tborder: 2px solid #cfcfcf;\n\t\t\t\t}\n\t\t\t\t#gallery-8 .gallery-caption {\n\t\t\t\t\tmargin-left: 0;\n\t\t\t\t}\n\t\t\t\t\/* see gallery_shortcode() in wp-includes\/media.php *\/\n\t\t\t<\/style>\n\t\t<div id='gallery-8' class='dt-gallery-container gallery galleryid-205539 gallery-columns-5 gallery-size-thumbnail'><dl class='gallery-item'>\n\t\t\t\t<dt class='gallery-icon portrait'>\n\t\t\t\t\t<a class=\"rollover rollover-zoom dt-pswp-item\" title=\"175704596_199230885345125_4507988515223638289_n\" data-dt-img-description=\"\" data-large_image_width=\"1262\" data-large_image_height=\"2271\"href='https:\/\/www.radiopiu.net\/wordpress\/wp-content\/uploads\/2021\/04\/175704596_199230885345125_4507988515223638289_n.jpg'><img loading=\"lazy\" decoding=\"async\" width=\"150\" height=\"150\" src=\"https:\/\/www.radiopiu.net\/wordpress\/wp-content\/uploads\/2021\/04\/175704596_199230885345125_4507988515223638289_n-150x150.jpg\" class=\"attachment-thumbnail size-thumbnail\" alt=\"\" \/><\/a>\n\t\t\t\t<\/dt><\/dl><dl class='gallery-item'>\n\t\t\t\t<dt class='gallery-icon landscape'>\n\t\t\t\t\t<a class=\"rollover rollover-zoom dt-pswp-item\" title=\"178412140_265741121915861_876185606405613614_n\" data-dt-img-description=\"\" data-large_image_width=\"2042\" data-large_image_height=\"1338\"href='https:\/\/www.radiopiu.net\/wordpress\/wp-content\/uploads\/2021\/04\/178412140_265741121915861_876185606405613614_n.jpg'><img loading=\"lazy\" decoding=\"async\" width=\"150\" height=\"150\" src=\"https:\/\/www.radiopiu.net\/wordpress\/wp-content\/uploads\/2021\/04\/178412140_265741121915861_876185606405613614_n-150x150.jpg\" class=\"attachment-thumbnail size-thumbnail\" alt=\"\" \/><\/a>\n\t\t\t\t<\/dt><\/dl><dl class='gallery-item'>\n\t\t\t\t<dt class='gallery-icon landscape'>\n\t\t\t\t\t<a class=\"rollover rollover-zoom dt-pswp-item\" title=\"178372488_283161970089938_6233474418248344930_n\" data-dt-img-description=\"\" data-large_image_width=\"1857\" data-large_image_height=\"1448\"href='https:\/\/www.radiopiu.net\/wordpress\/wp-content\/uploads\/2021\/04\/178372488_283161970089938_6233474418248344930_n.jpg'><img loading=\"lazy\" decoding=\"async\" width=\"150\" height=\"150\" src=\"https:\/\/www.radiopiu.net\/wordpress\/wp-content\/uploads\/2021\/04\/178372488_283161970089938_6233474418248344930_n-150x150.jpg\" class=\"attachment-thumbnail size-thumbnail\" alt=\"\" \/><\/a>\n\t\t\t\t<\/dt><\/dl><dl class='gallery-item'>\n\t\t\t\t<dt class='gallery-icon landscape'>\n\t\t\t\t\t<a class=\"rollover rollover-zoom dt-pswp-item\" title=\"178114790_2837352186595651_893517452796353432_n\" data-dt-img-description=\"\" data-large_image_width=\"2560\" data-large_image_height=\"1920\"href='https:\/\/www.radiopiu.net\/wordpress\/wp-content\/uploads\/2021\/04\/178114790_2837352186595651_893517452796353432_n-scaled.jpg'><img loading=\"lazy\" decoding=\"async\" width=\"150\" height=\"150\" src=\"https:\/\/www.radiopiu.net\/wordpress\/wp-content\/uploads\/2021\/04\/178114790_2837352186595651_893517452796353432_n-150x150.jpg\" class=\"attachment-thumbnail size-thumbnail\" alt=\"\" \/><\/a>\n\t\t\t\t<\/dt><\/dl><dl class='gallery-item'>\n\t\t\t\t<dt class='gallery-icon portrait'>\n\t\t\t\t\t<a class=\"rollover rollover-zoom dt-pswp-item\" title=\"178761843_298331955160408_2427683146053891610_n\" data-dt-img-description=\"\" data-large_image_width=\"1792\" data-large_image_height=\"1830\"href='https:\/\/www.radiopiu.net\/wordpress\/wp-content\/uploads\/2021\/04\/178761843_298331955160408_2427683146053891610_n.jpg'><img loading=\"lazy\" decoding=\"async\" width=\"150\" height=\"150\" src=\"https:\/\/www.radiopiu.net\/wordpress\/wp-content\/uploads\/2021\/04\/178761843_298331955160408_2427683146053891610_n-150x150.jpg\" class=\"attachment-thumbnail size-thumbnail\" alt=\"\" \/><\/a>\n\t\t\t\t<\/dt><\/dl><br style=\"clear: both\" \/><dl class='gallery-item'>\n\t\t\t\t<dt class='gallery-icon portrait'>\n\t\t\t\t\t<a class=\"rollover rollover-zoom dt-pswp-item\" title=\"176720245_509899363360841_483159660446955407_n\" data-dt-img-description=\"\" data-large_image_width=\"1761\" data-large_image_height=\"2324\"href='https:\/\/www.radiopiu.net\/wordpress\/wp-content\/uploads\/2021\/04\/176720245_509899363360841_483159660446955407_n.jpg'><img loading=\"lazy\" decoding=\"async\" width=\"150\" height=\"150\" src=\"https:\/\/www.radiopiu.net\/wordpress\/wp-content\/uploads\/2021\/04\/176720245_509899363360841_483159660446955407_n-150x150.jpg\" class=\"attachment-thumbnail size-thumbnail\" alt=\"\" \/><\/a>\n\t\t\t\t<\/dt><\/dl><dl class='gallery-item'>\n\t\t\t\t<dt class='gallery-icon landscape'>\n\t\t\t\t\t<a class=\"rollover rollover-zoom dt-pswp-item\" title=\"178450911_763462917685527_5595172668941261037_n\" data-dt-img-description=\"\" data-large_image_width=\"2560\" data-large_image_height=\"1263\"href='https:\/\/www.radiopiu.net\/wordpress\/wp-content\/uploads\/2021\/04\/178450911_763462917685527_5595172668941261037_n-scaled.jpg'><img loading=\"lazy\" decoding=\"async\" width=\"150\" height=\"150\" src=\"https:\/\/www.radiopiu.net\/wordpress\/wp-content\/uploads\/2021\/04\/178450911_763462917685527_5595172668941261037_n-150x150.jpg\" class=\"attachment-thumbnail size-thumbnail\" alt=\"\" \/><\/a>\n\t\t\t\t<\/dt><\/dl><dl class='gallery-item'>\n\t\t\t\t<dt class='gallery-icon portrait'>\n\t\t\t\t\t<a class=\"rollover rollover-zoom dt-pswp-item\" title=\"178386919_786684335316996_4041399325023724982_n\" data-dt-img-description=\"\" data-large_image_width=\"1669\" data-large_image_height=\"2560\"href='https:\/\/www.radiopiu.net\/wordpress\/wp-content\/uploads\/2021\/04\/178386919_786684335316996_4041399325023724982_n-scaled.jpg'><img loading=\"lazy\" decoding=\"async\" width=\"150\" height=\"150\" src=\"https:\/\/www.radiopiu.net\/wordpress\/wp-content\/uploads\/2021\/04\/178386919_786684335316996_4041399325023724982_n-150x150.jpg\" class=\"attachment-thumbnail size-thumbnail\" alt=\"\" \/><\/a>\n\t\t\t\t<\/dt><\/dl><dl class='gallery-item'>\n\t\t\t\t<dt class='gallery-icon landscape'>\n\t\t\t\t\t<a class=\"rollover rollover-zoom dt-pswp-item\" title=\"178584233_817698912429104_7716617053379004143_n\" data-dt-img-description=\"\" data-large_image_width=\"2560\" data-large_image_height=\"1920\"href='https:\/\/www.radiopiu.net\/wordpress\/wp-content\/uploads\/2021\/04\/178584233_817698912429104_7716617053379004143_n-scaled.jpg'><img loading=\"lazy\" decoding=\"async\" width=\"150\" height=\"150\" src=\"https:\/\/www.radiopiu.net\/wordpress\/wp-content\/uploads\/2021\/04\/178584233_817698912429104_7716617053379004143_n-150x150.jpg\" class=\"attachment-thumbnail size-thumbnail\" alt=\"\" \/><\/a>\n\t\t\t\t<\/dt><\/dl><dl class='gallery-item'>\n\t\t\t\t<dt class='gallery-icon landscape'>\n\t\t\t\t\t<a class=\"rollover rollover-zoom dt-pswp-item\" title=\"178509116_323434525790687_2168866081560975209_n\" data-dt-img-description=\"\" data-large_image_width=\"2560\" data-large_image_height=\"1920\"href='https:\/\/www.radiopiu.net\/wordpress\/wp-content\/uploads\/2021\/04\/178509116_323434525790687_2168866081560975209_n-scaled.jpg'><img loading=\"lazy\" decoding=\"async\" width=\"150\" height=\"150\" src=\"https:\/\/www.radiopiu.net\/wordpress\/wp-content\/uploads\/2021\/04\/178509116_323434525790687_2168866081560975209_n-150x150.jpg\" class=\"attachment-thumbnail size-thumbnail\" alt=\"\" \/><\/a>\n\t\t\t\t<\/dt><\/dl><br style=\"clear: both\" \/>\n\t\t\t<\/div>\n\n<p>NELLE FOTO (Renato Bona e riproduzioni dal libro \u201c1. Borgo Piave\u201d. dello scomparso Antonio Fontana e di Flavio Vizzutti): vedute attuali della facciata di Casa Secco di Borgo Piave; la targhetta del Rotary club bellunese che sinteticamente illustra l\u2019edificio; la foto di copertina: Girolamo Moech: \u201cVeduta di Borgo Piave\u201d, olio su tela 90&#215;66; \u201cMadonna e Bimbo in trono\u201d affresco del secolo XV posto sotto il poggiolo; comignoli; facciata e particolari in bianconero; suonatrice e suonatore di \u201cmandola\u201d.<\/p>\n<p>&nbsp;<\/p>\n<p>&nbsp;<\/p>\n<hr \/>\n<p>&nbsp;<\/p>\n<div class=\"b654a4as d2edcug0\">\n<h2><span style=\"color: #ff0000;\">dalla nuova generazione&#8230; cultura e tradizione<\/span><\/h2>\n<blockquote>\n<h3><em>PIAZA LADINA ALLA RADIO<\/em><\/h3>\n<\/blockquote>\n<p><strong>LA\u00a0 OTTAVA\u00a0 PUNTATA\u00a0 &#8220;Intervista al Gabriele Riva la so esperienza dal Poi<\/strong><\/p>\n<audio class=\"wp-audio-shortcode\" id=\"audio-205539-9\" preload=\"none\" style=\"width: 100%;\" controls=\"controls\"><source type=\"audio\/mpeg\" src=\"https:\/\/www.radiopiu.net\/wordpress\/wp-content\/uploads\/2021\/04\/Pontada-8-Intervista-al-Gabriele-Riva-la-so-esperienza-dal-Poi.mp3?_=9\" \/><a href=\"https:\/\/www.radiopiu.net\/wordpress\/wp-content\/uploads\/2021\/04\/Pontada-8-Intervista-al-Gabriele-Riva-la-so-esperienza-dal-Poi.mp3\">https:\/\/www.radiopiu.net\/wordpress\/wp-content\/uploads\/2021\/04\/Pontada-8-Intervista-al-Gabriele-Riva-la-so-esperienza-dal-Poi.mp3<\/a><\/audio>\n<p>&nbsp;<\/p>\n<blockquote>\n<h2>LA RACCOLTA COMPLETA<\/h2>\n<\/blockquote>\n<blockquote class=\"wp-embedded-content\" data-secret=\"6WrMvZSOvy\"><p><a href=\"https:\/\/www.radiopiu.net\/wordpress\/agora-agordina-la-nosta-piaza\/\">AGORA&#8217; AGORDINA&#8230; LA NOSTA PIAZA LADINA.  pagina in aggiornamento continuo<\/a><\/p><\/blockquote>\n<p><iframe loading=\"lazy\" class=\"wp-embedded-content\" sandbox=\"allow-scripts\" security=\"restricted\" style=\"position: absolute; clip: rect(1px, 1px, 1px, 1px);\" title=\"&#8220;AGORA&#8217; AGORDINA&#8230; LA NOSTA PIAZA LADINA.  pagina in aggiornamento continuo&#8221; &#8212; Radio Pi\u00f9\" src=\"https:\/\/www.radiopiu.net\/wordpress\/agora-agordina-la-nosta-piaza\/embed\/#?secret=6WrMvZSOvy\" data-secret=\"6WrMvZSOvy\" width=\"600\" height=\"338\" frameborder=\"0\" marginwidth=\"0\" marginheight=\"0\" scrolling=\"no\"><\/iframe><\/p>\n<p>&nbsp;<\/p>\n<p>&nbsp;<\/p>\n<hr \/>\n<div class=\"b654a4as d2edcug0\">\n<div class=\"j83agx80 btwxx1t3 lhclo0ds hop8lmos nkwizq5d scwd0bx6 roh60bw9\">\n<div class=\"rq0escxv hkbzh7o3 jwdofwj8 n8tt0mok r8blr3vg hyh9befq\">\n<div class=\"do00u71z l9j0dhe7 k4urcfbm\">\n<div>\n<h2><span style=\"color: #000080;\"><a class=\"dt-pswp-item\" href=\"https:\/\/www.radiopiu.net\/wordpress\/wp-content\/uploads\/2020\/10\/pp.jpg\" data-dt-img-description=\"\" data-large_image_width=\"640\" data-large_image_height=\"640\"><img loading=\"lazy\" decoding=\"async\" class=\"wp-image-163678 alignleft\" src=\"https:\/\/www.radiopiu.net\/wordpress\/wp-content\/uploads\/2020\/10\/pp-300x300.jpg\" alt=\"\" width=\"106\" height=\"106\" srcset=\"https:\/\/www.radiopiu.net\/wordpress\/wp-content\/uploads\/2020\/10\/pp-300x300.jpg 300w, https:\/\/www.radiopiu.net\/wordpress\/wp-content\/uploads\/2020\/10\/pp-150x150.jpg 150w, https:\/\/www.radiopiu.net\/wordpress\/wp-content\/uploads\/2020\/10\/pp-125x125.jpg 125w, https:\/\/www.radiopiu.net\/wordpress\/wp-content\/uploads\/2020\/10\/pp-200x200.jpg 200w, https:\/\/www.radiopiu.net\/wordpress\/wp-content\/uploads\/2020\/10\/pp-80x80.jpg 80w, https:\/\/www.radiopiu.net\/wordpress\/wp-content\/uploads\/2020\/10\/pp-480x480.jpg 480w, https:\/\/www.radiopiu.net\/wordpress\/wp-content\/uploads\/2020\/10\/pp.jpg 640w\" sizes=\"auto, (max-width: 106px) 100vw, 106px\" \/><\/a><\/span><\/h2>\n<h2><span style=\"color: #000080;\">DON CESARE, IL PENSIERO DEL GIORNO. ALLA RADIO ALLE 7 DEL MATTINO E ALLE 19.30 DELLA SERA.\u00a0\u00a0<\/span><\/h2>\n<\/div>\n<\/div>\n<p>&nbsp;<\/p>\n<p>&nbsp;<\/p>\n<\/div>\n<\/div>\n<\/div>\n<audio class=\"wp-audio-shortcode\" id=\"audio-205539-10\" preload=\"none\" style=\"width: 100%;\" controls=\"controls\"><source type=\"audio\/mpeg\" src=\"https:\/\/www.radiopiu.net\/wordpress\/wp-content\/uploads\/2021\/04\/cesare-7.mp3?_=10\" \/><a href=\"https:\/\/www.radiopiu.net\/wordpress\/wp-content\/uploads\/2021\/04\/cesare-7.mp3\">https:\/\/www.radiopiu.net\/wordpress\/wp-content\/uploads\/2021\/04\/cesare-7.mp3<\/a><\/audio>\n<hr \/>\n<p>&nbsp;<\/p>\n<div class=\"b654a4as d2edcug0\">\n<h2><span style=\"color: #008000;\">ERBE E PIANTE CURATIVE&#8230;IL\u00a0 PROGRAMMA DI PAOLA LANCIATO<\/span><\/h2>\n<p><strong><a href=\"https:\/\/www.radiopiu.net\/wordpress\/giornale-radiopiu-14-aprile-2021-direttore-mirko-mezzacasa\/pianta-limone\/\" rel=\"attachment wp-att-203125\"><img loading=\"lazy\" decoding=\"async\" class=\" wp-image-203125 alignleft\" src=\"https:\/\/www.radiopiu.net\/wordpress\/wp-content\/uploads\/2021\/04\/PIANTA-LIMONE-300x200.jpg\" alt=\"\" width=\"167\" height=\"111\" srcset=\"https:\/\/www.radiopiu.net\/wordpress\/wp-content\/uploads\/2021\/04\/PIANTA-LIMONE-300x200.jpg 300w, https:\/\/www.radiopiu.net\/wordpress\/wp-content\/uploads\/2021\/04\/PIANTA-LIMONE-1024x683.jpg 1024w, https:\/\/www.radiopiu.net\/wordpress\/wp-content\/uploads\/2021\/04\/PIANTA-LIMONE-768x512.jpg 768w, https:\/\/www.radiopiu.net\/wordpress\/wp-content\/uploads\/2021\/04\/PIANTA-LIMONE-1536x1024.jpg 1536w, https:\/\/www.radiopiu.net\/wordpress\/wp-content\/uploads\/2021\/04\/PIANTA-LIMONE.jpg 1920w\" sizes=\"auto, (max-width: 167px) 100vw, 167px\" \/><\/a>PUNTATA 12, LA MARGHERITA<\/strong><\/p>\n<\/div>\n<p>&nbsp;<\/p>\n<p>&nbsp;<\/p>\n<p>&nbsp;<\/p>\n<audio class=\"wp-audio-shortcode\" id=\"audio-205539-11\" preload=\"none\" style=\"width: 100%;\" controls=\"controls\"><source type=\"audio\/mpeg\" src=\"https:\/\/www.radiopiu.net\/wordpress\/wp-content\/uploads\/2021\/04\/11-La-margherita-M.mp3?_=11\" \/><a href=\"https:\/\/www.radiopiu.net\/wordpress\/wp-content\/uploads\/2021\/04\/11-La-margherita-M.mp3\">https:\/\/www.radiopiu.net\/wordpress\/wp-content\/uploads\/2021\/04\/11-La-margherita-M.mp3<\/a><\/audio>\n<h3><strong>LA RACCOLTA COMPLETA\u00a0<\/strong><\/h3>\n<\/div>\n<h1><\/h1>\n<blockquote class=\"wp-embedded-content\" data-secret=\"Qj3BZhG4Dz\"><p><a href=\"https:\/\/www.radiopiu.net\/wordpress\/erbe-e-piante-curative-il-mandorlo\/\">L\u2019ERBA VOGLIO DEL GIARDINO DEL RE\u2026 ERBE, FIORI E PIANTE DI E CON PAOLA LANCIATO<\/a><\/p><\/blockquote>\n<p><iframe loading=\"lazy\" class=\"wp-embedded-content\" sandbox=\"allow-scripts\" security=\"restricted\" style=\"position: absolute; clip: rect(1px, 1px, 1px, 1px);\" title=\"&#8220;L\u2019ERBA VOGLIO DEL GIARDINO DEL RE\u2026 ERBE, FIORI E PIANTE DI E CON PAOLA LANCIATO&#8221; &#8212; Radio Pi\u00f9\" src=\"https:\/\/www.radiopiu.net\/wordpress\/erbe-e-piante-curative-il-mandorlo\/embed\/#?secret=Qj3BZhG4Dz\" data-secret=\"Qj3BZhG4Dz\" width=\"600\" height=\"338\" frameborder=\"0\" marginwidth=\"0\" marginheight=\"0\" scrolling=\"no\"><\/iframe><\/p>\n<p>&nbsp;<\/p>\n<hr \/>\n<div dir=\"auto\">\n<blockquote>\n<h3><\/h3>\n<h3>SALUTE E SOCIETA&#8217; IL LUNEDI ALLE 13.10 E ALLE 20.10, LA DOMENICA ALLE 10.30 A CURA DEL DOTTOR MARCO CARACCIOLO. QUINTA STAGIONE<\/h3>\n<\/blockquote>\n<p><strong>LA PUNTATA DELLA SETTIMANA del 19 aprile <\/strong>in questa edizione: Arriva in Italia la prima terapia genica per le malattie ereditarie della retina, patologie che possono portare chi ne \u00e8 colpito a una perdita quasi totale della vista sin dalla tenera et\u00e0. La maggior parte dei pazienti progredisce fino alla cecit\u00e0 totale. Francesca Simonelli, Ordinario Oftalmologia e Direttrice della Clinica Oculistica dell\u2019Universit\u00e0 della Campania Luigi Vanvitelli<\/p>\n<h3><strong>LA RACCOLTA COMPLETA\u00a0<\/strong><\/h3>\n<\/div>\n<blockquote class=\"wp-embedded-content\" data-secret=\"CXHMtIKMmA\"><p><a href=\"https:\/\/www.radiopiu.net\/wordpress\/saluteesocieta\/\">Salute e Societ\u00e0<\/a><\/p><\/blockquote>\n<p><iframe loading=\"lazy\" class=\"wp-embedded-content\" sandbox=\"allow-scripts\" security=\"restricted\" style=\"position: absolute; clip: rect(1px, 1px, 1px, 1px);\" title=\"&#8220;Salute e Societ\u00e0&#8221; &#8212; Radio Pi\u00f9\" src=\"https:\/\/www.radiopiu.net\/wordpress\/saluteesocieta\/embed\/#?secret=CXHMtIKMmA\" data-secret=\"CXHMtIKMmA\" width=\"600\" height=\"338\" frameborder=\"0\" marginwidth=\"0\" marginheight=\"0\" scrolling=\"no\"><\/iframe><\/p>\n<p>&nbsp;<\/p>\n<p>&nbsp;<\/p>\n<hr \/>\n<h1><\/h1>\n<h1><span style=\"color: #ff0000;\"><strong>IN VIVO VERSO 2020-21<\/strong><\/span><\/h1>\n<blockquote><p><span style=\"color: #ff0000;\"><strong>IN ONDA DAL LUNEDI AL VENERDI ALLE 7.10, 10.10, 18.50\u00a0 \u00a0<\/strong><\/span><\/p><\/blockquote>\n<p><strong>LA RACCOLTA COMPLETA<\/strong><\/p>\n<blockquote class=\"wp-embedded-content\" data-secret=\"DyA8Zhuagn\"><p><a href=\"https:\/\/www.radiopiu.net\/wordpress\/in-vivo-verso\/\">In Vivo Verso<\/a><\/p><\/blockquote>\n<p><iframe loading=\"lazy\" class=\"wp-embedded-content\" sandbox=\"allow-scripts\" security=\"restricted\" style=\"position: absolute; clip: rect(1px, 1px, 1px, 1px);\" title=\"&#8220;In Vivo Verso&#8221; &#8212; Radio Pi\u00f9\" src=\"https:\/\/www.radiopiu.net\/wordpress\/in-vivo-verso\/embed\/#?secret=DyA8Zhuagn\" data-secret=\"DyA8Zhuagn\" width=\"600\" height=\"338\" frameborder=\"0\" marginwidth=\"0\" marginheight=\"0\" scrolling=\"no\"><\/iframe><\/p>\n<p>&nbsp;<\/p>\n<p>&nbsp;<\/p>\n<p>&nbsp;<\/p>\n<hr \/>\n<p>&nbsp;<\/p>\n<p>&nbsp;<\/p>\n<h2><span style=\"color: #ff0000;\"><a href=\"https:\/\/www.radiopiu.net\/wordpress\/giornale-radiopiu-05-gennaio-2021-direttore-mirko-mezzacasa\/133200401_100838761953611_1258544160541445132_o-2\/\" rel=\"attachment wp-att-183078\"><img loading=\"lazy\" decoding=\"async\" class=\" wp-image-183078 alignleft\" src=\"https:\/\/www.radiopiu.net\/wordpress\/wp-content\/uploads\/2021\/01\/133200401_100838761953611_1258544160541445132_o-1-300x157.jpg\" alt=\"\" width=\"192\" height=\"101\" srcset=\"https:\/\/www.radiopiu.net\/wordpress\/wp-content\/uploads\/2021\/01\/133200401_100838761953611_1258544160541445132_o-1-300x157.jpg 300w, https:\/\/www.radiopiu.net\/wordpress\/wp-content\/uploads\/2021\/01\/133200401_100838761953611_1258544160541445132_o-1.jpg 526w\" sizes=\"auto, (max-width: 192px) 100vw, 192px\" \/><\/a>GOCCE DI FILOSOFIA, CON CHIARA CAU, CON LISA DE LUCA. <\/span><\/h2>\n<h2><span style=\"color: #ff0000;\">TUTTI I GIORNI DAL LUNEDI AL VENERDI ALLE 6.55 E ALLE 18.55<\/span><\/h2>\n<h3>LA RACCOLTA COMPLETA<\/h3>\n<blockquote class=\"wp-embedded-content\" data-secret=\"5mzps1ukUT\"><p><a href=\"https:\/\/www.radiopiu.net\/wordpress\/gocce-filosofia\/\">Gocce di filosofia<\/a><\/p><\/blockquote>\n<p><iframe loading=\"lazy\" class=\"wp-embedded-content\" sandbox=\"allow-scripts\" security=\"restricted\" style=\"position: absolute; clip: rect(1px, 1px, 1px, 1px);\" title=\"&#8220;Gocce di filosofia&#8221; &#8212; Radio Pi\u00f9\" src=\"https:\/\/www.radiopiu.net\/wordpress\/gocce-filosofia\/embed\/#?secret=5mzps1ukUT\" data-secret=\"5mzps1ukUT\" width=\"600\" height=\"338\" frameborder=\"0\" marginwidth=\"0\" marginheight=\"0\" scrolling=\"no\"><\/iframe><\/p>\n<hr \/>\n<p>&nbsp;<\/p>\n<h2><\/h2>\n<h2><span style=\"color: #808000;\">DUE MINUTI UN LIBRO\u00a0 TUTTI I GIORNI ALLA RADIO ALLE 9.30 E ALLE 18. QUINTA STAGIONE\u00a0 \u00a0\u00a0<\/span><\/h2>\n<h3>LA RACCOLTA COMPLETA<\/h3>\n<p>&nbsp;<\/p>\n<blockquote class=\"wp-embedded-content\" data-secret=\"HNf1tYZKwF\"><p><a href=\"https:\/\/www.radiopiu.net\/wordpress\/due-minuti-un-libro\/\">Due minuti un libro<\/a><\/p><\/blockquote>\n<p><iframe loading=\"lazy\" class=\"wp-embedded-content\" sandbox=\"allow-scripts\" security=\"restricted\" style=\"position: absolute; clip: rect(1px, 1px, 1px, 1px);\" title=\"&#8220;Due minuti un libro&#8221; &#8212; Radio Pi\u00f9\" src=\"https:\/\/www.radiopiu.net\/wordpress\/due-minuti-un-libro\/embed\/#?secret=HNf1tYZKwF\" data-secret=\"HNf1tYZKwF\" width=\"600\" height=\"338\" frameborder=\"0\" marginwidth=\"0\" marginheight=\"0\" scrolling=\"no\"><\/iframe><\/p>\n<p>&nbsp;<\/p>\n<hr \/>\n<p>&nbsp;<\/p>\n<blockquote>\n<blockquote>\n<h3 class=\"kvgmc6g5 cxmmr5t8 oygrvhab hcukyx3x c1et5uql\"><span style=\"color: #0000ff;\">INFORMAZIONE il canale su TELEGRAM informazione di prima mano e in tempo reale. iscriviti ed aiutaci a farlo conoscere\u00a0<\/span><\/h3>\n<\/blockquote>\n<h2><img loading=\"lazy\" decoding=\"async\" class=\"alignleft\" src=\"https:\/\/www.radiopiu.net\/wordpress\/wp-content\/uploads\/2021\/03\/narr.jpg\" width=\"158\" height=\"105\" \/>007 IN CONDOTTA CON LA PROF. MARIA ROSA SALMAZO IL LUNEDI ALLE 10,30 E ALLE 19.00 LA DOMENICA ALLE 8 DEL MATTINO. NONA STAGIONE<\/h2>\n<p><span style=\"color: #ff0000;\"><strong>PUNTATA DEL 19 APRILE 2021<\/strong><\/span><\/p>\n<audio class=\"wp-audio-shortcode\" id=\"audio-205539-12\" preload=\"none\" style=\"width: 100%;\" controls=\"controls\"><source type=\"audio\/mpeg\" src=\"https:\/\/www.radiopiu.net\/wordpress\/wp-content\/uploads\/2021\/04\/007-condotta-19-aprile.mp3?_=12\" \/><a href=\"https:\/\/www.radiopiu.net\/wordpress\/wp-content\/uploads\/2021\/04\/007-condotta-19-aprile.mp3\">https:\/\/www.radiopiu.net\/wordpress\/wp-content\/uploads\/2021\/04\/007-condotta-19-aprile.mp3<\/a><\/audio>\n<h2>LA RACCOLTA COMPLETA<\/h2>\n<\/blockquote>\n<p>&nbsp;<\/p>\n<blockquote><p>https:\/\/www.radiopiu.net\/wordpress\/007incondotta-9\/<\/p><\/blockquote>\n<p>&nbsp;<\/p>\n<hr \/>\n<div>\n<h2><span style=\"color: #33cccc;\">I RACCONTI DI PAOLO SOPPELSA il lunedi alle 9.30 e 18.30<\/span><\/h2>\n<p><span style=\"color: #0000ff;\">INFORMAZIONE il canale su TELEGRAM informazione di prima mano e in tempo reale. iscriviti ed aiutaci a farlo conoscere\u00a0<\/span><\/p>\n<h2><span style=\"color: #33cccc;\"><strong>RACCOLTA COMPLETA<\/strong><\/span><\/h2>\n<blockquote class=\"wp-embedded-content\" data-secret=\"VRG0Qgdcp4\"><p><a href=\"https:\/\/www.radiopiu.net\/wordpress\/i-racconti-di-paolo-soppelsa\/\">I racconti di Paolo Soppelsa<\/a><\/p><\/blockquote>\n<p><iframe loading=\"lazy\" class=\"wp-embedded-content\" sandbox=\"allow-scripts\" security=\"restricted\" style=\"position: absolute; clip: rect(1px, 1px, 1px, 1px);\" title=\"&#8220;I racconti di Paolo Soppelsa&#8221; &#8212; Radio Pi\u00f9\" src=\"https:\/\/www.radiopiu.net\/wordpress\/i-racconti-di-paolo-soppelsa\/embed\/#?secret=VRG0Qgdcp4\" data-secret=\"VRG0Qgdcp4\" width=\"600\" height=\"338\" frameborder=\"0\" marginwidth=\"0\" marginheight=\"0\" scrolling=\"no\"><\/iframe><\/p>\n<p>&nbsp;<\/p>\n<\/div>\n<hr \/>\n<p>&nbsp;<\/p>\n<h2><span style=\"color: #800080;\"><strong>LA RASSEGNA STAMPA DA L&#8217;AMICO DEL POPOLO\u00a0<\/strong><\/span><\/h2>\n<h3 class=\"kvgmc6g5 cxmmr5t8 oygrvhab hcukyx3x c1et5uql\"><span style=\"color: #0000ff;\"> INFORMAZIONE il canale su TELEGRAM informazione di prima mano e in tempo reale. iscriviti ed aiutaci a farlo conoscere\u00a0<\/span><\/h3>\n<p><strong><a href=\"https:\/\/www.radiopiu.net\/wordpress\/elezioni-comunali-2019-vallada-agordina\/vallada-fabio-lucchetta\/\" rel=\"attachment wp-att-86485\"><img loading=\"lazy\" decoding=\"async\" class=\" wp-image-86485 alignleft\" src=\"https:\/\/www.radiopiu.net\/wordpress\/wp-content\/uploads\/2019\/05\/VALLADA-FABIO-LUCCHETTA-262x300.jpeg\" alt=\"\" width=\"114\" height=\"131\" srcset=\"https:\/\/www.radiopiu.net\/wordpress\/wp-content\/uploads\/2019\/05\/VALLADA-FABIO-LUCCHETTA-262x300.jpeg 262w, https:\/\/www.radiopiu.net\/wordpress\/wp-content\/uploads\/2019\/05\/VALLADA-FABIO-LUCCHETTA-768x880.jpeg 768w, https:\/\/www.radiopiu.net\/wordpress\/wp-content\/uploads\/2019\/05\/VALLADA-FABIO-LUCCHETTA-893x1024.jpeg 893w, https:\/\/www.radiopiu.net\/wordpress\/wp-content\/uploads\/2019\/05\/VALLADA-FABIO-LUCCHETTA.jpeg 1396w\" sizes=\"auto, (max-width: 114px) 100vw, 114px\" \/><\/a>di Gianni Santomaso<\/strong><\/p>\n<p>OSPITE: Fabio Lucchetta Consigliere Provinciale alle infrastrutture<\/p>\n<p>&nbsp;<\/p>\n<p><strong>\u00a0<\/strong><\/p>\n<p><strong>\u00a0\u00a0<\/strong><\/p>\n<audio class=\"wp-audio-shortcode\" id=\"audio-205539-13\" preload=\"none\" style=\"width: 100%;\" controls=\"controls\"><source type=\"audio\/mpeg\" src=\"https:\/\/www.radiopiu.net\/wordpress\/wp-content\/uploads\/2021\/04\/RASSEGNA-GIANNI-3.mp3?_=13\" \/><a href=\"https:\/\/www.radiopiu.net\/wordpress\/wp-content\/uploads\/2021\/04\/RASSEGNA-GIANNI-3.mp3\">https:\/\/www.radiopiu.net\/wordpress\/wp-content\/uploads\/2021\/04\/RASSEGNA-GIANNI-3.mp3<\/a><\/audio>\n<p><strong>LA RACCOLTA COMPLETA<\/strong><\/p>\n<blockquote class=\"wp-embedded-content\" data-secret=\"OWp2dQii42\"><p><a href=\"https:\/\/www.radiopiu.net\/wordpress\/rassegna-stampa-di-gianni-santomaso\/\">Rassegna stampa da l&#8217;amico del popolo &#8211; di Gianni Santomaso<\/a><\/p><\/blockquote>\n<p><iframe loading=\"lazy\" class=\"wp-embedded-content\" sandbox=\"allow-scripts\" security=\"restricted\" style=\"position: absolute; clip: rect(1px, 1px, 1px, 1px);\" title=\"&#8220;Rassegna stampa da l&#8217;amico del popolo &#8211; di Gianni Santomaso&#8221; &#8212; Radio Pi\u00f9\" src=\"https:\/\/www.radiopiu.net\/wordpress\/rassegna-stampa-di-gianni-santomaso\/embed\/#?secret=OWp2dQii42\" data-secret=\"OWp2dQii42\" width=\"600\" height=\"338\" frameborder=\"0\" marginwidth=\"0\" marginheight=\"0\" scrolling=\"no\"><\/iframe><\/p>\n<h3><\/h3>\n<p>&nbsp;<\/p>\n<p>&nbsp;<\/p>\n<hr \/>\n<p>&nbsp;<\/p>\n<p>&nbsp;<\/p>\n<blockquote>\n<h3><a href=\"https:\/\/www.radiopiu.net\/wordpress\/almanacco-ladino-puntata-5-2020\/sn\/\" rel=\"attachment wp-att-180931\"><img loading=\"lazy\" decoding=\"async\" class=\"wp-image-180931 alignleft\" src=\"https:\/\/www.radiopiu.net\/wordpress\/wp-content\/uploads\/2020\/12\/sn-300x194.jpg\" alt=\"\" width=\"181\" height=\"117\" srcset=\"https:\/\/www.radiopiu.net\/wordpress\/wp-content\/uploads\/2020\/12\/sn-300x194.jpg 300w, https:\/\/www.radiopiu.net\/wordpress\/wp-content\/uploads\/2020\/12\/sn.jpg 626w\" sizes=\"auto, (max-width: 181px) 100vw, 181px\" \/><\/a>L&#8217;ALMANACCO LADINO CON L&#8217;ISTITUT CESA DE JAN QUINDICINALE APPUNTAMENTO. LA DOMENICA ALLE 9 IL LUNEDI ALLE 8.35 IL MARTEDI ALLE 12.35 IL MERCOLEDI ALLE 18.35. SECONDA STAGIONE.<\/h3>\n<\/blockquote>\n<p><strong>RACCOLTA COMPLETA\u00a0<\/strong><\/p>\n<div dir=\"auto\"><\/div>\n<div dir=\"auto\">https:\/\/www.radiopiu.net\/wordpress\/almanacco-ladino\/<\/div>\n<div class=\"b654a4as d2edcug0\"><\/div>\n<p>&nbsp;<\/p>\n<hr \/>\n<p>&nbsp;<\/p>\n<blockquote>\n<h2><a href=\"https:\/\/www.radiopiu.net\/wordpress\/speciale-solidarieta-veneto\/solidarieta-veneto-3\/\" rel=\"attachment wp-att-134366\"><img loading=\"lazy\" decoding=\"async\" class=\"wp-image-134366 alignleft\" src=\"https:\/\/www.radiopiu.net\/wordpress\/wp-content\/uploads\/2020\/05\/solidariet\u00e0-veneto-300x210.jpg\" alt=\"\" width=\"102\" height=\"71\" srcset=\"https:\/\/www.radiopiu.net\/wordpress\/wp-content\/uploads\/2020\/05\/solidariet\u00e0-veneto-300x210.jpg 300w, https:\/\/www.radiopiu.net\/wordpress\/wp-content\/uploads\/2020\/05\/solidariet\u00e0-veneto-1024x717.jpg 1024w, https:\/\/www.radiopiu.net\/wordpress\/wp-content\/uploads\/2020\/05\/solidariet\u00e0-veneto-768x538.jpg 768w, https:\/\/www.radiopiu.net\/wordpress\/wp-content\/uploads\/2020\/05\/solidariet\u00e0-veneto.jpg 1373w\" sizes=\"auto, (max-width: 102px) 100vw, 102px\" \/><\/a>SOLIDARIETA&#8217; VENETO FONDO PENSIONE, IN ONDA IL PRIMO VENERDI DEL MESE ALLE 10.30 E ALLE 19.00 QUINTA STAGIONE<\/h2>\n<\/blockquote>\n<p><strong>AUDIO APRILE 2021<\/strong><\/p>\n<p>&nbsp;<\/p>\n<blockquote>\n<h2>RACCOLTA COMPLETA<\/h2>\n<\/blockquote>\n<blockquote class=\"wp-embedded-content\" data-secret=\"HGg3ltbYDt\"><p><a href=\"https:\/\/www.radiopiu.net\/wordpress\/solidarieta-veneto\/\">Solidariet\u00e0 Veneto<\/a><\/p><\/blockquote>\n<p><iframe loading=\"lazy\" class=\"wp-embedded-content\" sandbox=\"allow-scripts\" security=\"restricted\" style=\"position: absolute; clip: rect(1px, 1px, 1px, 1px);\" title=\"&#8220;Solidariet\u00e0 Veneto&#8221; &#8212; Radio Pi\u00f9\" src=\"https:\/\/www.radiopiu.net\/wordpress\/solidarieta-veneto\/embed\/#?secret=HGg3ltbYDt\" data-secret=\"HGg3ltbYDt\" width=\"600\" height=\"338\" frameborder=\"0\" marginwidth=\"0\" marginheight=\"0\" scrolling=\"no\"><\/iframe><\/p>\n<p>&nbsp;<\/p>\n<p>&nbsp;<\/p>\n<hr \/>\n<p>&nbsp;<\/p>\n<p>&nbsp;<\/p>\n<blockquote>\n<h2>FANTASTICHE DOLOMITI, NUOVA STAGIONE. APPUNTAMENTO QUINDICINALE IL GIOVEDI ALLE 10.30 E 19.00<\/h2>\n<\/blockquote>\n<h2><span style=\"color: #ff0000;\">PUNTATA NUMERO 12\u00a0 del\u00a0 14 APRILE 2021<\/span><\/h2>\n<p><strong><a href=\"https:\/\/www.radiopiu.net\/wordpress\/raccolta-completa\/121869645_648442942701436_4748562330148520081_n-2\/\" rel=\"attachment wp-att-196402\"><img loading=\"lazy\" decoding=\"async\" class=\"wp-image-196402 alignleft\" src=\"https:\/\/www.radiopiu.net\/wordpress\/wp-content\/uploads\/2021\/02\/121869645_648442942701436_4748562330148520081_n-1-300x169.jpg\" alt=\"\" width=\"160\" height=\"90\" srcset=\"https:\/\/www.radiopiu.net\/wordpress\/wp-content\/uploads\/2021\/02\/121869645_648442942701436_4748562330148520081_n-1-300x169.jpg 300w, https:\/\/www.radiopiu.net\/wordpress\/wp-content\/uploads\/2021\/02\/121869645_648442942701436_4748562330148520081_n-1-1024x576.jpg 1024w, https:\/\/www.radiopiu.net\/wordpress\/wp-content\/uploads\/2021\/02\/121869645_648442942701436_4748562330148520081_n-1-768x432.jpg 768w, https:\/\/www.radiopiu.net\/wordpress\/wp-content\/uploads\/2021\/02\/121869645_648442942701436_4748562330148520081_n-1-1536x864.jpg 1536w, https:\/\/www.radiopiu.net\/wordpress\/wp-content\/uploads\/2021\/02\/121869645_648442942701436_4748562330148520081_n-1.jpg 1707w\" sizes=\"auto, (max-width: 160px) 100vw, 160px\" \/><\/a>OSPITE IL PRESIDENTE CLAUDIO CANOVA<\/strong><\/p>\n<h3><\/h3>\n<h3><\/h3>\n<audio class=\"wp-audio-shortcode\" id=\"audio-205539-14\" preload=\"none\" style=\"width: 100%;\" controls=\"controls\"><source type=\"audio\/mpeg\" src=\"https:\/\/www.radiopiu.net\/wordpress\/wp-content\/uploads\/2021\/04\/fantastiche-dolomiti-14-aprile.mp3?_=14\" \/><a href=\"https:\/\/www.radiopiu.net\/wordpress\/wp-content\/uploads\/2021\/04\/fantastiche-dolomiti-14-aprile.mp3\">https:\/\/www.radiopiu.net\/wordpress\/wp-content\/uploads\/2021\/04\/fantastiche-dolomiti-14-aprile.mp3<\/a><\/audio>\n<h3>LA RACCOLTA COMPLETA<\/h3>\n<p>https:\/\/www.radiopiu.net\/wordpress\/raccolta-completa\/<\/p>\n<p>&nbsp;<\/p>\n<p>&nbsp;<\/p>\n<hr \/>\n<p>&nbsp;<\/p>\n<p>&nbsp;<\/p>\n<div>\n<h2>LEGGERMENTE BELLUNESI<\/h2>\n<\/div>\n<div>\n<h2><strong>LE\u00a0 PUNTATE di Luisa Alchini di Leggermente Bellunesi, la domenica alle 11, <span style=\"color: #0000ff;\">IL MARTEDI IN PRIMA EDIZIONE\u00a0<\/span> alle 10.30 e alle 19.00<\/strong><\/h2>\n<\/div>\n<p><strong><span style=\"color: #000000;\">RACCOLTA COMPLETA<\/span><\/strong><\/p>\n<div>\n<blockquote class=\"wp-embedded-content\" data-secret=\"EA2cn5mgF9\"><p><a href=\"https:\/\/www.radiopiu.net\/wordpress\/leggermente-20\/\">LEGGERmente&#8230;Bellunesi<\/a><\/p><\/blockquote>\n<p><iframe loading=\"lazy\" class=\"wp-embedded-content\" sandbox=\"allow-scripts\" security=\"restricted\" style=\"position: absolute; clip: rect(1px, 1px, 1px, 1px);\" title=\"&#8220;LEGGERmente&#8230;Bellunesi&#8221; &#8212; Radio Pi\u00f9\" src=\"https:\/\/www.radiopiu.net\/wordpress\/leggermente-20\/embed\/#?secret=EA2cn5mgF9\" data-secret=\"EA2cn5mgF9\" width=\"600\" height=\"338\" frameborder=\"0\" marginwidth=\"0\" marginheight=\"0\" scrolling=\"no\"><\/iframe><\/p>\n<p>&nbsp;<\/p>\n<\/div>\n<div>\n<hr \/>\n<\/div>\n<p>&nbsp;<\/p>\n<h2><strong><span style=\"color: #ff0000;\">\u00a0ALLA RADIO<\/span><\/strong><\/h2>\n<div data-offset-key=\"5n5nl-0-0\">\n<h3>Per ricevere gli aggiornamenti in tempo reale delle notizie pubblicate alla radio e sul sito di radio pi\u00f9 iscriviti al gruppo RADIO PIU INFORMAZIONE su Telegram.\u00a0\u00a0<a href=\"https:\/\/t.me\/radiopiu\">clicca qui<\/a><\/h3>\n<p>&nbsp;<\/p>\n<p><strong><a class=\"dt-pswp-item\" href=\"https:\/\/www.radiopiu.net\/wordpress\/wp-content\/uploads\/2020\/01\/logo-csa.jpg\" data-dt-img-description=\"\" data-large_image_width=\"1167\" data-large_image_height=\"574\"><img loading=\"lazy\" decoding=\"async\" class=\"wp-image-113364 alignleft\" src=\"https:\/\/www.radiopiu.net\/wordpress\/wp-content\/uploads\/2020\/01\/logo-csa-300x148.jpg\" alt=\"\" width=\"182\" height=\"90\" srcset=\"https:\/\/www.radiopiu.net\/wordpress\/wp-content\/uploads\/2020\/01\/logo-csa-300x148.jpg 300w, https:\/\/www.radiopiu.net\/wordpress\/wp-content\/uploads\/2020\/01\/logo-csa-1024x504.jpg 1024w, https:\/\/www.radiopiu.net\/wordpress\/wp-content\/uploads\/2020\/01\/logo-csa-768x378.jpg 768w, https:\/\/www.radiopiu.net\/wordpress\/wp-content\/uploads\/2020\/01\/logo-csa.jpg 1167w\" sizes=\"auto, (max-width: 182px) 100vw, 182px\" \/><\/a>AGORDO<\/strong> Appuntahttps:\/\/www.radiopiu.net\/wordpress\/erbe-e-piante-curative-il-mandorlo\/mento mensile (primo venerdi del mese) con lo speciale condotto da Claudio<\/p>\n<p>Fontanive, in studio Fabrizio Campedel e Paolo Chissal\u00e8.<\/p>\n<\/div>\n<p><strong>PUNTATA DI APRILE<\/strong><\/p>\n<blockquote><audio class=\"wp-audio-shortcode\" id=\"audio-205539-15\" preload=\"none\" style=\"width: 100%;\" controls=\"controls\"><source type=\"audio\/mpeg\" src=\"https:\/\/www.radiopiu.net\/wordpress\/wp-content\/uploads\/2021\/04\/ca-sol-lux-aprile-2021.mp3?_=15\" \/><a href=\"https:\/\/www.radiopiu.net\/wordpress\/wp-content\/uploads\/2021\/04\/ca-sol-lux-aprile-2021.mp3\">https:\/\/www.radiopiu.net\/wordpress\/wp-content\/uploads\/2021\/04\/ca-sol-lux-aprile-2021.mp3<\/a><\/audio>\n<h2>RACCOLTA COMPLETA<\/h2>\n<\/blockquote>\n<blockquote class=\"wp-embedded-content\" data-secret=\"Kf1eGbxmZ4\"><p><a href=\"https:\/\/www.radiopiu.net\/wordpress\/cassa-solidarieta-luxottica-puntata-del-16-ottobre-2020\/\">CASSA SOLIDARIET\u00c0 LUXOTTICA &#8211; PUNTATA DEL 20 NOVEMBRE 2020<\/a><\/p><\/blockquote>\n<p><iframe loading=\"lazy\" class=\"wp-embedded-content\" sandbox=\"allow-scripts\" security=\"restricted\" style=\"position: absolute; clip: rect(1px, 1px, 1px, 1px);\" title=\"&#8220;CASSA SOLIDARIET\u00c0 LUXOTTICA &#8211; PUNTATA DEL 20 NOVEMBRE 2020&#8221; &#8212; Radio Pi\u00f9\" src=\"https:\/\/www.radiopiu.net\/wordpress\/cassa-solidarieta-luxottica-puntata-del-16-ottobre-2020\/embed\/#?secret=Kf1eGbxmZ4\" data-secret=\"Kf1eGbxmZ4\" width=\"600\" height=\"338\" frameborder=\"0\" marginwidth=\"0\" marginheight=\"0\" scrolling=\"no\"><\/iframe><\/p>\n<div><\/div>\n<p>&nbsp;<\/p>\n<p>&nbsp;<\/p>\n<hr \/>\n<blockquote>\n<h3><a style=\"font-size: 14px; font-weight: normal;\" href=\"https:\/\/www.radiopiu.net\/wordpress\/giornale-radiopiu-06-febbraio-2019-direttore-mirko-mezzacasa\/logo_spi-cgil-800x445\/\" rel=\"attachment wp-att-75538\"><img loading=\"lazy\" decoding=\"async\" class=\"wp-image-75538 alignleft\" src=\"https:\/\/www.radiopiu.net\/wordpress\/wp-content\/uploads\/2019\/02\/Logo_Spi-CGIL-800x445-300x167.jpg\" alt=\"\" width=\"210\" height=\"117\" srcset=\"https:\/\/www.radiopiu.net\/wordpress\/wp-content\/uploads\/2019\/02\/Logo_Spi-CGIL-800x445-300x167.jpg 300w, https:\/\/www.radiopiu.net\/wordpress\/wp-content\/uploads\/2019\/02\/Logo_Spi-CGIL-800x445-768x427.jpg 768w, https:\/\/www.radiopiu.net\/wordpress\/wp-content\/uploads\/2019\/02\/Logo_Spi-CGIL-800x445.jpg 800w\" sizes=\"auto, (max-width: 210px) 100vw, 210px\" \/><\/a><\/h3>\n<\/blockquote>\n<blockquote>\n<h3>ALLA RADIO, APPUNTAMENTO QUINDICINALE CON SPI-CGIL BELLUNO, IN STUDIO MARIA RITA GENTILIN<\/h3>\n<\/blockquote>\n<p><strong>di Claudio Fontanive\u00a0<\/strong><\/p>\n<p><span style=\"color: #ff0000;\"><strong>PUNTATA DEL 15 APRILE 2021<\/strong><\/span><\/p>\n<audio class=\"wp-audio-shortcode\" id=\"audio-205539-16\" preload=\"none\" style=\"width: 100%;\" controls=\"controls\"><source type=\"audio\/mpeg\" src=\"https:\/\/www.radiopiu.net\/wordpress\/wp-content\/uploads\/2021\/04\/spi-cgil-15-aprile.mp3?_=16\" \/><a href=\"https:\/\/www.radiopiu.net\/wordpress\/wp-content\/uploads\/2021\/04\/spi-cgil-15-aprile.mp3\">https:\/\/www.radiopiu.net\/wordpress\/wp-content\/uploads\/2021\/04\/spi-cgil-15-aprile.mp3<\/a><\/audio>\n<p>&nbsp;<\/p>\n<hr \/>\n<h2><span style=\"color: #ff0000;\">\u00a0<\/span><\/h2>\n<h3><\/h3>\n<blockquote class=\"wp-embedded-content\" data-secret=\"ND5kvxXcci\"><p><a href=\"https:\/\/www.radiopiu.net\/wordpress\/ep-center-video-gallery\/\">EP CENTER video gallery<\/a><\/p><\/blockquote>\n<p><iframe loading=\"lazy\" class=\"wp-embedded-content\" sandbox=\"allow-scripts\" security=\"restricted\" style=\"position: absolute; clip: rect(1px, 1px, 1px, 1px);\" title=\"&#8220;EP CENTER video gallery&#8221; &#8212; Radio Pi\u00f9\" src=\"https:\/\/www.radiopiu.net\/wordpress\/ep-center-video-gallery\/embed\/#?secret=ND5kvxXcci\" data-secret=\"ND5kvxXcci\" width=\"600\" height=\"338\" frameborder=\"0\" marginwidth=\"0\" marginheight=\"0\" scrolling=\"no\"><\/iframe><\/p>\n<p>&nbsp;<\/p>\n<p>&nbsp;<\/p>\n<p>&nbsp;<\/p>\n<p><a href=\"https:\/\/www.radiopiu.net\/wordpress\/giornale-radiopiu-26-settembre-2018-direttore-mirko-mezzacasa\/viabilita-2\/\" rel=\"attachment wp-att-61954\"><img loading=\"lazy\" decoding=\"async\" class=\"wp-image-61954 size-full aligncenter\" src=\"https:\/\/www.radiopiu.net\/wordpress\/wp-content\/uploads\/2018\/09\/viabilita.jpeg\" alt=\"\" width=\"800\" height=\"100\" srcset=\"https:\/\/www.radiopiu.net\/wordpress\/wp-content\/uploads\/2018\/09\/viabilita.jpeg 800w, https:\/\/www.radiopiu.net\/wordpress\/wp-content\/uploads\/2018\/09\/viabilita-300x38.jpeg 300w, https:\/\/www.radiopiu.net\/wordpress\/wp-content\/uploads\/2018\/09\/viabilita-768x96.jpeg 768w\" sizes=\"auto, (max-width: 800px) 100vw, 800px\" \/><\/a><\/p>\n<blockquote><p>&nbsp;<\/p>\n<p><a href=\"https:\/\/www.radiopiu.net\/wordpress\/giornale-radiopiu-09-agosto-2018-direttore-mirko-mezzacasa\/viabilia\/\" rel=\"attachment wp-att-57053\"><img loading=\"lazy\" decoding=\"async\" class=\" wp-image-57053 alignleft\" src=\"https:\/\/www.radiopiu.net\/wordpress\/wp-content\/uploads\/2018\/08\/VIABILIA-300x180.jpeg\" alt=\"\" width=\"220\" height=\"132\" srcset=\"https:\/\/www.radiopiu.net\/wordpress\/wp-content\/uploads\/2018\/08\/VIABILIA-300x180.jpeg 300w, https:\/\/www.radiopiu.net\/wordpress\/wp-content\/uploads\/2018\/08\/VIABILIA-768x461.jpeg 768w, https:\/\/www.radiopiu.net\/wordpress\/wp-content\/uploads\/2018\/08\/VIABILIA-1024x614.jpeg 1024w, https:\/\/www.radiopiu.net\/wordpress\/wp-content\/uploads\/2018\/08\/VIABILIA.jpeg 1280w\" sizes=\"auto, (max-width: 220px) 100vw, 220px\" \/><\/a>La viabilit\u00e0 con gli ultimi aggiornamenti da Veneto Strade.<\/p>\n<p><span style=\"color: #ff0000;\"><strong>in onda alla radio: 4.05, 6.18, 14 30 , 18.30, 23.25\u00a0<\/strong><\/span><\/p>\n<p>&nbsp;<\/p>\n<p>&nbsp;<\/p>\n<p>&nbsp;<\/p>\n<audio class=\"wp-audio-shortcode\" id=\"audio-205539-17\" preload=\"none\" style=\"width: 100%;\" controls=\"controls\"><source type=\"audio\/mpeg\" src=\"https:\/\/www.radiopiu.net\/wordpress\/wp-content\/uploads\/2021\/04\/VIABILITA-3.mp3?_=17\" \/><a href=\"https:\/\/www.radiopiu.net\/wordpress\/wp-content\/uploads\/2021\/04\/VIABILITA-3.mp3\">https:\/\/www.radiopiu.net\/wordpress\/wp-content\/uploads\/2021\/04\/VIABILITA-3.mp3<\/a><\/audio>\n<p>&nbsp;<\/p><\/blockquote>\n<hr \/>\n<p>&nbsp;<\/p>\n<div dir=\"auto\">\n<div>\n<p class=\"photoswipe-wrapper\"><a class=\"dt-pswp-item pspw-wrap-ready\" href=\"https:\/\/i0.wp.com\/www.radiopiu.net\/wordpress\/wp-content\/uploads\/2018\/09\/WhatsApp-Image-2018-09-20-at-16.04.06.jpeg?ssl=1\" data-dt-img-description=\"\" data-large_image_width=\"800\" data-large_image_height=\"100\"><img loading=\"lazy\" decoding=\"async\" class=\"aligncenter wp-image-61378 size-full jetpack-lazy-image jetpack-lazy-image--handled\" src=\"https:\/\/i0.wp.com\/www.radiopiu.net\/wordpress\/wp-content\/uploads\/2018\/09\/WhatsApp-Image-2018-09-20-at-16.04.06.jpeg?resize=800%2C100&amp;ssl=1\" sizes=\"auto, (max-width: 800px) 100vw, 800px\" srcset=\"https:\/\/i0.wp.com\/www.radiopiu.net\/wordpress\/wp-content\/uploads\/2018\/09\/WhatsApp-Image-2018-09-20-at-16.04.06.jpeg?w=800&amp;ssl=1 800w, https:\/\/i0.wp.com\/www.radiopiu.net\/wordpress\/wp-content\/uploads\/2018\/09\/WhatsApp-Image-2018-09-20-at-16.04.06.jpeg?resize=300%2C38&amp;ssl=1 300w, https:\/\/i0.wp.com\/www.radiopiu.net\/wordpress\/wp-content\/uploads\/2018\/09\/WhatsApp-Image-2018-09-20-at-16.04.06.jpeg?resize=768%2C96&amp;ssl=1 768w\" alt=\"\" width=\"800\" height=\"100\" data-lazy-loaded=\"1\" \/><\/a><\/p>\n<\/div>\n<div><\/div>\n<p><center><b>Lunedi 26<\/b><\/center><b>Tempo atteso:\u00a0<\/b>Cielo da nuvoloso per nubi basse e stratiformi al mattino, a molto nuvoloso o coperto al pomeriggio ed in serata; rischio di fenomeni deboli e sparsi. Contesto termico diurno decisamente pi\u00f9 fresco dei giorni precedenti soprattutto nelle valli.<br \/>\n<b>Precipitazioni:\u00a0<\/b>Nella notte e al mattino possibili piovaschi sparsi, perlopi\u00f9 deboli (40\/60%); dopo una possibile pausa pomeridiana, verso sera estensione dei fenomeni che diverranno anche diffusi nella notte, sempre deboli (70\/80%). Il limite neve sar\u00e0 inizialmente sopra i 1800\/2000 m e scender\u00e0 fino sui 1600\/1900 m in tarda serata.<br \/>\n<b>Temperature:\u00a0<\/b>In calo, eccetto le minime nelle valli, che risulteranno in aumento; il calo sar\u00e0 marcato nei valori massimi. Su Prealpi a 1500 m min 3\u00b0C max 5\u00b0C, a 2000 m min 0\u00b0C max 2\u00b0C. Su Dolomiti a 2000 m min 0\u00b0C max 3\u00b0C, a 3000 m min -5\u00b0C max -4\u00b0C.<br \/>\n<b>Venti:\u00a0<\/b>Nelle valli deboli di direzione variabile; in quota deboli o a tratti moderati da ovest, a 5-15 km\/h a 2000 m e 10-30 km\/h a 3000 m.<\/p>\n<hr \/>\n<p><center><b>Martedi 27<\/b><\/center><b>Tempo atteso:\u00a0<\/b>Nella notte e al mattino debole maltempo, con cielo molto nuvoloso o coperto e deboli fenomeni, un po&#8217; pi\u00f9 diffusi sulle Prealpi. Al pomeriggio ed in serata attenuazione dei fenomeni e parziale diradamento della nuvolosit\u00e0. Contesto termico decisamente fresco per il periodo.<br \/>\n<b>Precipitazioni:\u00a0<\/b>Nella notte e al mattino deboli ma diffuse (70\/80%), specie su Prealpi; al pomeriggio e soprattutto in serata residue a carattere sparso (30\/50%), in esaurimento; limite delle nevicate in abbassamento fino sui 1400\/1600 m, specie nella notte, anche pi\u00f9 basso in qualche valle dolomitica in caso di rovesci, in rialzo di giorno fino sui 1600\/1800 m.<br \/>\n<b>Temperature:\u00a0<\/b>In ulteriore calo in entrambi i valori. Su Prealpi a 1500 m min 0\u00b0C max 4\u00b0C, a 2000 m min -2\u00b0C max 0\u00b0C. Su Dolomiti a 2000 m min -2\u00b0C max 0\u00b0C, a 3000 m min -6\u00b0C max -4\u00b0C.<br \/>\n<b>Venti:\u00a0<\/b>Nelle valli deboli di direzione variabile; in quota deboli o a tratti moderati da sud-ovest, a 5-15 km\/h a 2000 m e 15-25 km\/h a 3000 m.<\/p>\n<hr \/>\n<p><center><b>Mercoledi 28<\/b><\/center>Giornata perlopi\u00f9 nuvolosa, con cielo a tratti del tutto coperto, ma con pochi o assenti fenomeni associati, eventualmente nevosi a 2000\/2200 m, ma senza accumuli apprezzabili. Tempo sempre piuttosto fresco di giorno per la stagione, anche se con lieve rialzo termico rispetto a marted\u00ec. Venti deboli occidentali in quota, deboli nelle valli.<\/p>\n<hr \/>\n<p><center><b>Giovedi 29<\/b><\/center>Probabile peggioramento del tempo fino a instabile\/perturbato, con cielo da nuvoloso a coperto e fenomeni via via pi\u00f9 diffusi anche a carattere di rovescio, specie dal pomeriggio ed in serata e sulle Prealpi, nevosi attorno ai 2000\/2200 m, con limite in lieve calo. Tempo fresco ed uggioso. Venti deboli\/moderati sud-occidentali in quota. Previsore: G.M.<\/p>\n<p>&nbsp;<\/p>\n<hr \/>\n<p>&nbsp;<\/p>\n<\/div>\n<p><a href=\"https:\/\/www.radiopiu.net\/wordpress\/giornale-radiopiu-15-settembre-2018-direttore-mirko-mezzacasa\/sport-7\/\" rel=\"attachment wp-att-60761\"><img loading=\"lazy\" decoding=\"async\" class=\"wp-image-60761 size-full aligncenter\" src=\"https:\/\/www.radiopiu.net\/wordpress\/wp-content\/uploads\/2018\/09\/sport.jpg\" alt=\"\" width=\"800\" height=\"100\" srcset=\"https:\/\/www.radiopiu.net\/wordpress\/wp-content\/uploads\/2018\/09\/sport.jpg 800w, https:\/\/www.radiopiu.net\/wordpress\/wp-content\/uploads\/2018\/09\/sport-300x38.jpg 300w, https:\/\/www.radiopiu.net\/wordpress\/wp-content\/uploads\/2018\/09\/sport-768x96.jpg 768w\" sizes=\"auto, (max-width: 800px) 100vw, 800px\" \/><\/a><\/p>\n<p>&nbsp;<\/p>\n<blockquote>\n<h3>DUE SCONFITTE PER LE GIOVANILI DEL VOLLEY CLUB AGORDINO<\/h3>\n<\/blockquote>\n<p><strong><a href=\"https:\/\/www.radiopiu.net\/wordpress\/giornale-radiopiu-15-marzo-2021-direttore-mirko-mezzacasa\/volley-4\/\" rel=\"attachment wp-att-196965\"><img loading=\"lazy\" decoding=\"async\" class=\"size-medium wp-image-196965 alignleft\" src=\"https:\/\/www.radiopiu.net\/wordpress\/wp-content\/uploads\/2021\/03\/VOLLEY-300x200.jpg\" alt=\"\" width=\"300\" height=\"200\" srcset=\"https:\/\/www.radiopiu.net\/wordpress\/wp-content\/uploads\/2021\/03\/VOLLEY-300x200.jpg 300w, https:\/\/www.radiopiu.net\/wordpress\/wp-content\/uploads\/2021\/03\/VOLLEY-1024x682.jpg 1024w, https:\/\/www.radiopiu.net\/wordpress\/wp-content\/uploads\/2021\/03\/VOLLEY-768x512.jpg 768w, https:\/\/www.radiopiu.net\/wordpress\/wp-content\/uploads\/2021\/03\/VOLLEY.jpg 1280w\" sizes=\"auto, (max-width: 300px) 100vw, 300px\" \/><\/a>AGORDO<\/strong> Altre due sconfitte per le squadre giovanili del Volley Club Agordino impegnate nel fine settimana con le squadre Under 15 e 17. Nel pomeriggio di sabato il Feltre vince 2 a 1 nel campionato Under 17. Le ragazze di Agordo perdono il primo set 25-20 poi rispondono nella frazione centrale pareggiando i conti con un 25-21. Nel set decisivo le feltrine hanno la meglio conquistando il secondo punto con il punteggio di 25-18. Ieri mattina in campo la squadra Under 15 del Volley Club Agordino che ha perso nettamente contro la Spes Belluno. 3 a 0 il risultato finale con i parziali di 25-8, 25-3, 25-7<\/p>\n<p><strong>I RISULTATI<\/strong><\/p>\n<p>UNDER 17 Feltre &#8211; Volley Club Agordino 2-1 (25-20,21-25, 25-18)<\/p>\n<p>UNDER 15 Spes Belluno &#8211; Volley Club Agordino 3-0 (25-8, 25-3, 25-7)<\/p>\n<p>&nbsp;<\/p>\n<p>&nbsp;<\/p>\n<hr \/>\n<p>&nbsp;<\/p>\n<blockquote>\n<h3>AL VIA LE FINALI DEL CAMPIONATO NAZIONALE HOCKEY GHIACCIO LIBERTAS (CNHL)<\/h3>\n<\/blockquote>\n<p><strong><a href=\"https:\/\/www.radiopiu.net\/wordpress\/giornale-radiopiu-26-aprile-2021-direttore-mirko-mezzacasa\/aviano_2018\/\" rel=\"attachment wp-att-205689\"><img loading=\"lazy\" decoding=\"async\" class=\"size-medium wp-image-205689 alignleft\" src=\"https:\/\/www.radiopiu.net\/wordpress\/wp-content\/uploads\/2021\/04\/Aviano_2018-300x182.jpg\" alt=\"\" width=\"300\" height=\"182\" srcset=\"https:\/\/www.radiopiu.net\/wordpress\/wp-content\/uploads\/2021\/04\/Aviano_2018-300x182.jpg 300w, https:\/\/www.radiopiu.net\/wordpress\/wp-content\/uploads\/2021\/04\/Aviano_2018-1024x620.jpg 1024w, https:\/\/www.radiopiu.net\/wordpress\/wp-content\/uploads\/2021\/04\/Aviano_2018-768x465.jpg 768w, https:\/\/www.radiopiu.net\/wordpress\/wp-content\/uploads\/2021\/04\/Aviano_2018-1536x930.jpg 1536w, https:\/\/www.radiopiu.net\/wordpress\/wp-content\/uploads\/2021\/04\/Aviano_2018.jpg 1600w\" sizes=\"auto, (max-width: 300px) 100vw, 300px\" \/><\/a>AVIANO (PN) <\/strong>Nonostante la pandemia imperversante, un piccolo miracolo \u00e8 accaduto in campo hockeystico con la nascita del Campionato Nazionale Hockey Libertas (CNHL), torneo suddiviso a sua volta in due gironi, Nord Est e Nord Ovest. Di carattere nazionale, il campionato ha visto concludersi nei giorni scorsi il raggruppamento Nord Est con la finale vinta dai friulani dell\u2019Aviano contro i bellunesi del Canale d\u2019Agordo. Aviano che si qualifica quindi alla finale nazionale in programma a Milano nel mese di maggio. Questa prima edizione ha visto la partecipazione, per il Nord Est, di tre squadre contrariamente alle 8 inizialmente previste in quanto molte non hanno dato il via alla loro stagione agonistica causa pandemia. Domenica 18 aprile si \u00e8 tenuta quindi, al palaghiaccio di Claut (PN) (stadio di casa della formazione di Aviano), la finale del girone Nord EST. Ad incrociare le stecche sono state le squadre del Canale D\u2019Agordo, dello Zoldo e, per l\u2019appunto, di Aviano. Compagini che, seguendo i pi\u00f9 rigidi protocolli per il contenimento della pandemia previsti dal CONI e LIBERTAS, si sono allenate tutto l\u2019inverno. Ad avere la meglio sulle rappresentati Bellunesi \u00e8 stato proprio l\u2019Aviano, unica squadra Friulana, impostosi nello scontro diretto contro il Canale d\u2019Agordo per il passaggio del turno. Per la cronaca, tre le partite giocate domenica si sono concluse con i seguenti risultati: Aviano-Zoldo 7-7 \/ Zoldo-Canale 0-0 \/ Aviano- Canale 8-5. Un campionato dilettantistico quindi, dove possono trovare spazio ex giocatori ma anche semplici amatori dai 14 anni in su. La nuova lega ha quindi carattere nazionale ed \u00e8 divisa in due gironi (Nord Ovest e Nord Est) ed \u00e8 stata strutturata seguendo tutti i crismi di sicurezza disponendo di un regolamento ufficiale sotto l\u2019 egida di LIBERTAS, ente di promozione sportiva riconosciuta dal CONI. Le squadre sono composte da atleti e appassionati che per vari motivi non possono svolgere la propria attivit\u00e0 agonistica in squadre regolarmente iscritte alla Federazione Italiana Sport Ghiaccio (FISG). Atleti che quindi smetterebbero comunque di giocare, disperdendo spesso quel preziosissimo patrimonio di passione e cultura hockeystica tanto importanti per il futuro di questa disciplina nel nostro paese.<\/p>\n<p>&nbsp;<\/p>\n<p>&nbsp;<\/p>\n<hr \/>\n<p>&nbsp;<\/p>\n<blockquote>\n<h3>RIPARTE IL CAMMINO DELL&#8217;ITALIA VERSO IL MONDIALE DI RIGA<\/h3>\n<\/blockquote>\n<p><strong><a href=\"https:\/\/www.radiopiu.net\/wordpress\/giornale-radiopiu-26-aprile-2021-direttore-mirko-mezzacasa\/dbe45d5a-e4d5-4dcd-90c9-9310282c30a1\/\" rel=\"attachment wp-att-205776\"><img loading=\"lazy\" decoding=\"async\" class=\" wp-image-205776 alignleft\" src=\"https:\/\/www.radiopiu.net\/wordpress\/wp-content\/uploads\/2021\/04\/dbe45d5a-e4d5-4dcd-90c9-9310282c30a1-300x235.jpg\" alt=\"\" width=\"165\" height=\"129\" srcset=\"https:\/\/www.radiopiu.net\/wordpress\/wp-content\/uploads\/2021\/04\/dbe45d5a-e4d5-4dcd-90c9-9310282c30a1-300x235.jpg 300w, https:\/\/www.radiopiu.net\/wordpress\/wp-content\/uploads\/2021\/04\/dbe45d5a-e4d5-4dcd-90c9-9310282c30a1-1024x804.jpg 1024w, https:\/\/www.radiopiu.net\/wordpress\/wp-content\/uploads\/2021\/04\/dbe45d5a-e4d5-4dcd-90c9-9310282c30a1-768x603.jpg 768w, https:\/\/www.radiopiu.net\/wordpress\/wp-content\/uploads\/2021\/04\/dbe45d5a-e4d5-4dcd-90c9-9310282c30a1.jpg 1199w\" sizes=\"auto, (max-width: 165px) 100vw, 165px\" \/><\/a>BOLZANO <\/strong>Terminata la prima fase del training-camp, dove \u00e8 stato dato ampio spazio ad una serie di giovani e giovanissimi prospetti, \u00e8 ora di fare sul serio. Inizia marted\u00ec 27 aprile, dal Palaonda di Bolzano, il raduno della nazionale italiana di hockey su ghiaccio in vista dei Mondiali Top Division di Riga in programma dal 21 maggio al 6 giugno. Il coaching staff guidato da Greg Ireland ha convocato 4 portieri, 11 difensori e 17 attaccanti per un totale di 32 giocatori che nei primi giorni di raduno scenderanno in pista due volte al giorno. Il tutto in attesa degli atleti ancora impegnati nei rispettivi campionati oppure, come quelli dell\u2019Asiago, freschi reduci dai play-off.<\/p>\n<\/div>\n","protected":false},"excerpt":{"rendered":"<p>PER\u00a0RICEVERE QUESTO NOTIZIARIO DIRETTAMENTE SUL TUO CELLULARE ISCRIVITI AL CANALE TELEGRAM\u00a0\u201cRADIO PIU\u00a0 INFORMAZIONE\u201d\u00a0 &nbsp; &nbsp; L&#8217;ARTICOLO PIU&#8217; CLICCATO NELLE ULTIME 48 ORE, PUBBLICATO SABATO MATTINA LUXOTTICA: VINCE LA SCELTA DELLE FERIE SCAGLIONATE. DUE IN AGOSTO E UNA A SCELTA &nbsp; &nbsp; RADIO PIU\u2019 ANCHE SU YOUTUBE. ISCRIVITI AL CANALE PER SEGUIRE LE DIRETTE E GUARDARE&hellip;<\/p>\n","protected":false},"author":4,"featured_media":205751,"comment_status":"closed","ping_status":"closed","sticky":false,"template":"","format":"standard","meta":{"_monsterinsights_skip_tracking":false,"_monsterinsights_sitenote_active":false,"_monsterinsights_sitenote_note":"","_monsterinsights_sitenote_category":0,"footnotes":""},"categories":[1,51,86,49],"tags":[],"class_list":["post-205539","post","type-post","status-publish","format-standard","has-post-thumbnail","hentry","category-senza-categoria","category-evidenza-top","category-gr","category-news-18","category-1","category-51","category-86","category-49","description-off"],"img_url":"https:\/\/www.radiopiu.net\/wordpress\/wp-content\/uploads\/2021\/04\/a1fdee47-0dc5-4146-8767-8ff0ea71aa65.jpg","_links":{"self":[{"href":"https:\/\/www.radiopiu.net\/wordpress\/wp-json\/wp\/v2\/posts\/205539","targetHints":{"allow":["GET"]}}],"collection":[{"href":"https:\/\/www.radiopiu.net\/wordpress\/wp-json\/wp\/v2\/posts"}],"about":[{"href":"https:\/\/www.radiopiu.net\/wordpress\/wp-json\/wp\/v2\/types\/post"}],"author":[{"embeddable":true,"href":"https:\/\/www.radiopiu.net\/wordpress\/wp-json\/wp\/v2\/users\/4"}],"replies":[{"embeddable":true,"href":"https:\/\/www.radiopiu.net\/wordpress\/wp-json\/wp\/v2\/comments?post=205539"}],"version-history":[{"count":0,"href":"https:\/\/www.radiopiu.net\/wordpress\/wp-json\/wp\/v2\/posts\/205539\/revisions"}],"wp:featuredmedia":[{"embeddable":true,"href":"https:\/\/www.radiopiu.net\/wordpress\/wp-json\/wp\/v2\/media\/205751"}],"wp:attachment":[{"href":"https:\/\/www.radiopiu.net\/wordpress\/wp-json\/wp\/v2\/media?parent=205539"}],"wp:term":[{"taxonomy":"category","embeddable":true,"href":"https:\/\/www.radiopiu.net\/wordpress\/wp-json\/wp\/v2\/categories?post=205539"},{"taxonomy":"post_tag","embeddable":true,"href":"https:\/\/www.radiopiu.net\/wordpress\/wp-json\/wp\/v2\/tags?post=205539"}],"curies":[{"name":"wp","href":"https:\/\/api.w.org\/{rel}","templated":true}]}}