{"id":205699,"date":"2021-04-26T13:30:51","date_gmt":"2021-04-26T11:30:51","guid":{"rendered":"https:\/\/www.radiopiu.net\/wordpress\/?p=205699"},"modified":"2021-04-25T14:39:36","modified_gmt":"2021-04-25T12:39:36","slug":"i-racconti-di-paolo-soppelsa-settantaduesima-puntata","status":"publish","type":"post","link":"https:\/\/www.radiopiu.net\/wordpress\/i-racconti-di-paolo-soppelsa-settantaduesima-puntata\/","title":{"rendered":"I RACCONTI DI PAOLO SOPPELSA SETTANTADUESIMA PUNTATA"},"content":{"rendered":"<p><strong>IL GUARDIANO DEL MONTE<\/strong><\/p>\n<p><em><strong>AUDIO<\/strong><\/em><\/p>\n<audio class=\"wp-audio-shortcode\" id=\"audio-205699-1\" preload=\"none\" style=\"width: 100%;\" controls=\"controls\"><source type=\"audio\/mpeg\" src=\"https:\/\/www.radiopiu.net\/wordpress\/wp-content\/uploads\/2021\/04\/PAOLO-SOPPELSA-IL-GUARDIANO-DEL-MONTE.mp3?_=1\" \/><a href=\"https:\/\/www.radiopiu.net\/wordpress\/wp-content\/uploads\/2021\/04\/PAOLO-SOPPELSA-IL-GUARDIANO-DEL-MONTE.mp3\">https:\/\/www.radiopiu.net\/wordpress\/wp-content\/uploads\/2021\/04\/PAOLO-SOPPELSA-IL-GUARDIANO-DEL-MONTE.mp3<\/a><\/audio>\n<p>&nbsp;<\/p>\n<p><a href=\"https:\/\/www.radiopiu.net\/wordpress\/?attachment_id=205701\" rel=\"attachment wp-att-205701\"><img loading=\"lazy\" decoding=\"async\" class=\"size-medium wp-image-205701 alignleft\" src=\"https:\/\/www.radiopiu.net\/wordpress\/wp-content\/uploads\/2021\/04\/fe39cb88-bffd-4e70-9f7c-70a24c76bd1b-300x225.jpg\" alt=\"\" width=\"300\" height=\"225\" srcset=\"https:\/\/www.radiopiu.net\/wordpress\/wp-content\/uploads\/2021\/04\/fe39cb88-bffd-4e70-9f7c-70a24c76bd1b-300x225.jpg 300w, https:\/\/www.radiopiu.net\/wordpress\/wp-content\/uploads\/2021\/04\/fe39cb88-bffd-4e70-9f7c-70a24c76bd1b-1024x768.jpg 1024w, https:\/\/www.radiopiu.net\/wordpress\/wp-content\/uploads\/2021\/04\/fe39cb88-bffd-4e70-9f7c-70a24c76bd1b-768x576.jpg 768w, https:\/\/www.radiopiu.net\/wordpress\/wp-content\/uploads\/2021\/04\/fe39cb88-bffd-4e70-9f7c-70a24c76bd1b-1536x1152.jpg 1536w, https:\/\/www.radiopiu.net\/wordpress\/wp-content\/uploads\/2021\/04\/fe39cb88-bffd-4e70-9f7c-70a24c76bd1b.jpg 2048w\" sizes=\"auto, (max-width: 300px) 100vw, 300px\" \/><\/a>Era un sabato di met\u00e0 febbraio. Un giorno freddo, di quelli in cui la neve brilla come il cristallo ed \u00e8 dura sotto gli scarponi. Arriv\u00f2 sul monte al mattino presto, con il sole ancora nascosto dietro il Pelsa e la vallata in ombra. Apr\u00ec la porta della baita, pos\u00f2 lo zaino su di una sedia e subito si mise all&#8217;opera per accendere il fuoco. Era uso lasciare legna asciutta nella panca, cos\u00ec, dopo pochi minuti, la vecchia &#8220;Centa&#8221; soffiava chiedendo di essere alimentata a dovere. Chiuse il registro, prese il &#8220;manarin&#8221; e usc\u00ec a spaccare un p\u00f2 di legna &#8220;de fagher&#8221; accatastata durante le ferie d&#8217;agosto. Ricordava bene quel giorno d&#8217;estate in cui aveva lavorato un per preparare la &#8220;pila&#8221; per l&#8217;inverno e, lavorando in solitudine, si era sentito un p\u00f2 il &#8220;guardiano del monte&#8221;: c&#8217;era molto caldo, allora, e c&#8217;era un bel sole. Pensava che anche ora stava nascendo il sole sopra il Pelsa, ma questa volta, mentre stava spaccando quella stessa legna, il fiato ghiacciava sui baffi. Erano quattro, cinque gradi sotto lo zero; che sarebbero diventati dieci o forse pi\u00f9 quando le stelle avrebbero fatto la loro comparsa in quel cielo d&#8217;inverno. And\u00f2 via cos\u00ec la mattina, con il sole che faceva scintillare i candelotti ghiacciati che pendevano dalle Grondaie e i colpi decisi del &#8220;manarin&#8221; che rompeva quel silenzio di neve. Quando ud\u00ec i rintocchi della campana grande che suonava il mezzogiorno interruppe il lavoro, entr\u00f2 nella baita e si sistem\u00f2 accanto alla cucina economica. Mise a riscaldare i panini nel forno e apr\u00ec una lattina di birra. Mangi\u00f2 con gusto pensando che in pochi metri quadri aveva tutto ci\u00f2 che gli serviva in quel momento per essere felice. C&#8217;erano il tavolo di quercia, la &#8220;cosina economica&#8221; con il tubo decorato a fiori e la credenza dei suoi di quando si erano sposati. E nella credenza una lampada, le birre, l&#8217;olio il sale il caff\u00e8 e la grappa. Finito di mangiare caric\u00f2 al massimo la &#8220;fornela&#8221; e si coric\u00f2 sulla sdraio da spiaggia, quella che usava d&#8217;estate quando dormiva all&#8217;ombra degli alberi. E che ora stava nell&#8217;angolo di fronte alla stufa. Arrivarono sul monte a pomeriggio inoltrato, quando il sole stava per andare a morire dietro alla cima di Pape. Erano saliti velocemente lungo la traccia che correva sotto la linea elettrica; quel tratto era perennemente in ombra e la neve era dura come il marmo. Non erano nemmeno necessarie le ciaspe nonostante il buon metro di spessore. Caric\u00f2 un&#8217;altra volta la stufa e and\u00f2 loro incontro. Li vide spuntare nella radura al termine del tratto pi\u00f9 ripido. Loro lo scorsero fra gli alberi spogli; i capelli lunghi che uscivano dal berretto nero, la barba bianca e un piumino leggero, che lui il freddo non lo sentiva. Si salutarono come si fossero visti il giorno prima. Lei aveva gli occhi colorati di cielo, lui il passo sicuro di chi era nato sotto alle montagne che potevano ammirare da lass\u00f9. Il camino fumava regolare e nella baita c&#8217;era un caldo di legna buona. Un bel &#8220;mocol de fagher&#8221; e il fuoco riprese a riscaldare i &#8220;zercoi&#8221; e a far bollire l&#8217;acqua del caff\u00e8. Parlarono di montagne, del passato e del presente di quelle valli. Tentavano di immaginare il futuro di chi avrebbe vissuto un domani fra le loro montagne. Ora il caff\u00e8 fatto con l&#8217;acqua della fontana fumava nei bicchieri, la stanza era sempre pi\u00f9 in ombra ed il pomeriggio si stava lentamente tramutando in sera. Uscirono per vivere quel limpido tramonto d&#8217;inverno. Pochi passi e giunsero sull&#8217;orlo dello strapiombo nel momento in cui suonarono le campane a fondovalle. Poi i rintocchi si fecero sempre pi\u00f9 distanti fino a svanire e cal\u00f2 il grande silenzio delle montagne d&#8217;inverno. Parlarono ancora di monti e paesi mentre la neve scricchiolava sotto i loro passi. Quando le ombre del pomeriggio avvolsero il monte si prepararono a scendere. Il fuoco mor\u00ec lentamente, il freddo inizi\u00f2 ad aumentare e con gli zaini in spalla si avviarono lungo il bosco ormai in penombra. Scesero velocemente fino alla provinciale, poi lui li condusse in un breve giro nei suoi ricordi pi\u00f9 cari. Si salutarono nell&#8217;attimo in cui la luce del sole aveva terminato la sua scalata lungo l&#8217;alta parete del Pelsa. Ora era quasi sera; il termometro dell&#8217;auto segnava nove gradi sotto lo zero, l&#8217;asfalto iniziava a brillare di ghiaccio e &#8220;&#8230;l&#8217;era beleche ora de tirase &#8216;ndu n&#8217; altra ota\u2026&#8221;&#8230;Magiche Dolomiti!!<\/p>\n","protected":false},"excerpt":{"rendered":"<p>IL GUARDIANO DEL MONTE AUDIO &nbsp; Era un sabato di met\u00e0 febbraio. Un giorno freddo, di quelli in cui la neve brilla come il cristallo ed \u00e8 dura sotto gli scarponi. Arriv\u00f2 sul monte al mattino presto, con il sole ancora nascosto dietro il Pelsa e la vallata in ombra. Apr\u00ec la porta della baita,&hellip;<\/p>\n","protected":false},"author":4,"featured_media":205701,"comment_status":"closed","ping_status":"closed","sticky":false,"template":"","format":"standard","meta":{"_monsterinsights_skip_tracking":false,"_monsterinsights_sitenote_active":false,"_monsterinsights_sitenote_note":"","_monsterinsights_sitenote_category":0,"footnotes":""},"categories":[49,112],"tags":[],"class_list":["post-205699","post","type-post","status-publish","format-standard","has-post-thumbnail","hentry","category-news-18","category-racconti-soppelsa","category-49","category-112","description-off"],"img_url":"https:\/\/www.radiopiu.net\/wordpress\/wp-content\/uploads\/2021\/04\/fe39cb88-bffd-4e70-9f7c-70a24c76bd1b.jpg","_links":{"self":[{"href":"https:\/\/www.radiopiu.net\/wordpress\/wp-json\/wp\/v2\/posts\/205699","targetHints":{"allow":["GET"]}}],"collection":[{"href":"https:\/\/www.radiopiu.net\/wordpress\/wp-json\/wp\/v2\/posts"}],"about":[{"href":"https:\/\/www.radiopiu.net\/wordpress\/wp-json\/wp\/v2\/types\/post"}],"author":[{"embeddable":true,"href":"https:\/\/www.radiopiu.net\/wordpress\/wp-json\/wp\/v2\/users\/4"}],"replies":[{"embeddable":true,"href":"https:\/\/www.radiopiu.net\/wordpress\/wp-json\/wp\/v2\/comments?post=205699"}],"version-history":[{"count":0,"href":"https:\/\/www.radiopiu.net\/wordpress\/wp-json\/wp\/v2\/posts\/205699\/revisions"}],"wp:featuredmedia":[{"embeddable":true,"href":"https:\/\/www.radiopiu.net\/wordpress\/wp-json\/wp\/v2\/media\/205701"}],"wp:attachment":[{"href":"https:\/\/www.radiopiu.net\/wordpress\/wp-json\/wp\/v2\/media?parent=205699"}],"wp:term":[{"taxonomy":"category","embeddable":true,"href":"https:\/\/www.radiopiu.net\/wordpress\/wp-json\/wp\/v2\/categories?post=205699"},{"taxonomy":"post_tag","embeddable":true,"href":"https:\/\/www.radiopiu.net\/wordpress\/wp-json\/wp\/v2\/tags?post=205699"}],"curies":[{"name":"wp","href":"https:\/\/api.w.org\/{rel}","templated":true}]}}