{"id":205710,"date":"2021-04-26T05:40:54","date_gmt":"2021-04-26T03:40:54","guid":{"rendered":"https:\/\/www.radiopiu.net\/wordpress\/?p=205710"},"modified":"2021-04-26T05:58:32","modified_gmt":"2021-04-26T03:58:32","slug":"scivola-sul-sentiero-tra-vignui-e-pian-dei-violini-interviene-il-soccorso-alpino","status":"publish","type":"post","link":"https:\/\/www.radiopiu.net\/wordpress\/scivola-sul-sentiero-tra-vignui-e-pian-dei-violini-interviene-il-soccorso-alpino\/","title":{"rendered":"SCIVOLA SUL SENTIERO TRA VIGNUI E PIAN DEI VIOLINI, INTERVIENE IL SOCCORSO ALPINO"},"content":{"rendered":"<p><strong><a href=\"https:\/\/www.radiopiu.net\/wordpress\/escursionista-dellalpago-scivola-in-un-dirupo-durante-una-passeggiata\/salt_20210306_130706_844\/\" rel=\"attachment wp-att-195494\"><img loading=\"lazy\" decoding=\"async\" class=\" wp-image-195494 alignleft\" src=\"https:\/\/www.radiopiu.net\/wordpress\/wp-content\/uploads\/2021\/03\/salt_20210306_130706_844-300x225.jpg\" alt=\"\" width=\"243\" height=\"182\" srcset=\"https:\/\/www.radiopiu.net\/wordpress\/wp-content\/uploads\/2021\/03\/salt_20210306_130706_844-300x225.jpg 300w, https:\/\/www.radiopiu.net\/wordpress\/wp-content\/uploads\/2021\/03\/salt_20210306_130706_844-1024x768.jpg 1024w, https:\/\/www.radiopiu.net\/wordpress\/wp-content\/uploads\/2021\/03\/salt_20210306_130706_844-768x576.jpg 768w, https:\/\/www.radiopiu.net\/wordpress\/wp-content\/uploads\/2021\/03\/salt_20210306_130706_844-1536x1152.jpg 1536w, https:\/\/www.radiopiu.net\/wordpress\/wp-content\/uploads\/2021\/03\/salt_20210306_130706_844-2048x1536.jpg 2048w\" sizes=\"auto, (max-width: 243px) 100vw, 243px\" \/><\/a>FELTRE<\/strong> Attorno alle 10.45 il Soccorso alpino di Feltre \u00e8 stato allertato dalla Centrale del Suem, per un&#8217;escursionista scivolata mentre in compagnia stava seguendo la traccia di un sentiero tra Vignui e Pian dei Violini. Poich\u00e9 la localizzazione era resa difficile dall&#8217;assenza di copertura telefonica, sul posto \u00e8 stata inviata una squadra, mentre decollava l&#8217;elicottero del Suem di Pieve di Cadore. Grazie al contatto con un passante che \u00e8 riuscito a prendere la linea, l&#8217;eliambulanza \u00e8 stata indirizzata sul luogo dell&#8217;incidente. L.A., 57 anni, di Feltre (BL), \u00e8 stata individuata e raggiunta dall&#8217;equipaggio che le ha prestato le prime cure, per dolori a collo e polso da lei lamentati. Imbarellata e recuperata con un verricello di 60 metri, l&#8217;infortunata \u00e8 stata trasportata all&#8217;ospedale di Feltre<\/p>\n","protected":false},"excerpt":{"rendered":"<p>FELTRE Attorno alle 10.45 il Soccorso alpino di Feltre \u00e8 stato allertato dalla Centrale del Suem, per un&#8217;escursionista scivolata mentre in compagnia stava seguendo la traccia di un sentiero tra Vignui e Pian dei Violini. Poich\u00e9 la localizzazione era resa difficile dall&#8217;assenza di copertura telefonica, sul posto \u00e8 stata inviata una squadra, mentre decollava l&#8217;elicottero&hellip;<\/p>\n","protected":false},"author":4,"featured_media":195494,"comment_status":"closed","ping_status":"closed","sticky":false,"template":"","format":"standard","meta":{"_monsterinsights_skip_tracking":false,"_monsterinsights_sitenote_active":false,"_monsterinsights_sitenote_note":"","_monsterinsights_sitenote_category":0,"footnotes":""},"categories":[51,49],"tags":[],"class_list":["post-205710","post","type-post","status-publish","format-standard","has-post-thumbnail","hentry","category-evidenza-top","category-news-18","category-51","category-49","description-off"],"img_url":"https:\/\/www.radiopiu.net\/wordpress\/wp-content\/uploads\/2021\/03\/salt_20210306_130706_844.jpg","_links":{"self":[{"href":"https:\/\/www.radiopiu.net\/wordpress\/wp-json\/wp\/v2\/posts\/205710","targetHints":{"allow":["GET"]}}],"collection":[{"href":"https:\/\/www.radiopiu.net\/wordpress\/wp-json\/wp\/v2\/posts"}],"about":[{"href":"https:\/\/www.radiopiu.net\/wordpress\/wp-json\/wp\/v2\/types\/post"}],"author":[{"embeddable":true,"href":"https:\/\/www.radiopiu.net\/wordpress\/wp-json\/wp\/v2\/users\/4"}],"replies":[{"embeddable":true,"href":"https:\/\/www.radiopiu.net\/wordpress\/wp-json\/wp\/v2\/comments?post=205710"}],"version-history":[{"count":0,"href":"https:\/\/www.radiopiu.net\/wordpress\/wp-json\/wp\/v2\/posts\/205710\/revisions"}],"wp:featuredmedia":[{"embeddable":true,"href":"https:\/\/www.radiopiu.net\/wordpress\/wp-json\/wp\/v2\/media\/195494"}],"wp:attachment":[{"href":"https:\/\/www.radiopiu.net\/wordpress\/wp-json\/wp\/v2\/media?parent=205710"}],"wp:term":[{"taxonomy":"category","embeddable":true,"href":"https:\/\/www.radiopiu.net\/wordpress\/wp-json\/wp\/v2\/categories?post=205710"},{"taxonomy":"post_tag","embeddable":true,"href":"https:\/\/www.radiopiu.net\/wordpress\/wp-json\/wp\/v2\/tags?post=205710"}],"curies":[{"name":"wp","href":"https:\/\/api.w.org\/{rel}","templated":true}]}}