{"id":205770,"date":"2021-04-30T18:09:12","date_gmt":"2021-04-30T16:09:12","guid":{"rendered":"https:\/\/www.radiopiu.net\/wordpress\/?p=205770"},"modified":"2021-04-30T18:34:45","modified_gmt":"2021-04-30T16:34:45","slug":"ulss130","status":"publish","type":"post","link":"https:\/\/www.radiopiu.net\/wordpress\/ulss130\/","title":{"rendered":"NESSUN DECESSO NEGLI OSPEDALI DI BELLUNO, DISATTIVATO QUELLO DI COMUNITA&#8217;"},"content":{"rendered":"<p><strong>BELLUNO <\/strong>Nelle ultime 24 ore non sono stati registrati decessi di pazienti covid positivi. Nuovi positivi nelle ultime 24 ore: 27, attualmente positivi 486.<\/p>\n<p><strong>Ricoveri \u00a0\u00a0\u00a0\u00a0\u00a0\u00a0\u00a0\u00a0\u00a0\u00a0\u00a0\u00a0\u00a0\u00a0\u00a0\u00a0\u00a0\u00a0\u00a0\u00a0\u00a0\u00a0\u00a0\u00a0\u00a0\u00a0\u00a0\u00a0\u00a0\u00a0\u00a0\u00a0 <\/strong><\/p>\n<p><em>(dato alle ore 17.00 fonte: Azienda Zero)<\/em><\/p>\n<p>Le persone attualmente POSITIVE ricoverate negli ospedali dell\u2019Ulss Dolomiti sono:<\/p>\n<table>\n<tbody>\n<tr>\n<td width=\"217\"><strong>\u00a0<\/strong><\/td>\n<td width=\"217\"><strong>Area NON CRITICA<\/strong><\/td>\n<td width=\"217\"><strong>Terapia Intensiva<\/strong><\/td>\n<\/tr>\n<tr>\n<td width=\"217\"><strong>Ospedale di Belluno <\/strong><\/td>\n<td width=\"217\">16<\/td>\n<td width=\"217\">2<\/td>\n<\/tr>\n<tr>\n<td width=\"217\"><strong>Ospedale di Feltre<\/strong><\/td>\n<td width=\"217\">8<\/td>\n<td width=\"217\">2<\/td>\n<\/tr>\n<\/tbody>\n<\/table>\n<p>&nbsp;<\/p>\n<p>Le persone attualmente POSITIVE ricoverate in Ospedale di Comunit\u00e0 sono:<\/p>\n<table>\n<tbody>\n<tr>\n<td width=\"326\"><strong>\u00a0<\/strong><\/td>\n<td width=\"326\"><strong>pazienti attualmente positivi<\/strong><\/td>\n<\/tr>\n<tr>\n<td width=\"326\"><strong>Ospedale di Comunit\u00e0 di BELLUNO<\/strong><\/td>\n<td width=\"326\">0<\/td>\n<\/tr>\n<tr>\n<td width=\"326\"><strong>Ospedale di Comunit\u00e0 di FELTRE<\/strong><\/td>\n<td width=\"326\">5<\/td>\n<\/tr>\n<\/tbody>\n<\/table>\n<p><em>\u00a0<\/em><\/p>\n<p><strong>AGGIRONAMENTO ORGANIZZATIVO <\/strong>\u00e8 stato disattivato l\u2019ospedale di comunit\u00e0 covid di Belluno.<\/p>\n<p><strong>\u00a0<\/strong><strong>CAMPAGNA VACCINALE <\/strong>Ad oggi sono state somministrate in Ulss Dolomiti poco meno di 80 mila dosi. Nel weekend sono in programma numerose sedute vaccinali per prime e seconde dosi, sia presso i drive-in sia organizzate dai Medici di Medicina Generale. Pi\u00f9 in dettaglio: sabato <strong>1 maggio<\/strong> saranno attivi i seguenti drive in Paludi dalle 14.00 alle 21.00 &#8211; prime dosi Belluno Ospedale dalle 9.00 alle 13.00\u00a0 prime dosi Feltre ex Marangoni dalle 9.00 alle 21.00 prime dosi sedute organizzate da MMG a Cesiomaggiore (palestra) e Limana (pala Limana) \u00a0\u00a0\u00a0\u00a0\u00a0\u00a0\u00a0\u00a0\u00a0\u00a0\u00a0\u00a0\u00a0 per un totale di circa 1.800 vaccinazioni domenica<strong> 2 maggio <\/strong>saranno attivi i seguenti drive in Belluno ospedale dalle 9.00 alle 12.30 seconde dosi dalle 15.00 alle 19.00 prime dosi Paludi dalle 14,30 alle 18,30 seconde dosi Feltre dalle 9.00 alle 18.00 prime dosi Agordo dalle 10.30 alle 18.00 prime e seconde seduta organizzata da MMG ad Agordo (Nof filo) per un totale di circa 2.300 vaccinazioni Il portale aziendale rimane accessibile per prenotazioni di prima vaccinazione a favore delle persone di et\u00e0 superiore a 60 anni, estremamente vulnerabili o disabili gravi.<\/p>\n<p><strong>DRIVE IN TAMPONI <\/strong>Dal 3 maggio, i Punti tamponi dell\u2019Ulss Dolomiti con accesso libero seguiranno i seguenti orari: <strong>Drive-in Paludi: <\/strong>dal luned\u00ec al sabato (festivi esclusi), dalle 8.30 alle 12.30; <strong>Drive-in Feltre \u2013 loc. Anz\u00f9: <\/strong>dal luned\u00ec al sabato (festivi esclusi), dalle 8.30 alle 12.30; <strong>Drive-in Tai di Cadore: <\/strong>marted\u00ec, gioved\u00ec e sabato (festivi esclusi), dalle 15.00 alle 17.00;\u00a0 \u00a0<strong>Drive-in Agordo: <\/strong>luned\u00ec, mercoled\u00ec e venerd\u00ec (festivi esclusi), dalle 16.00 alle 17.00. <strong>Drive in Belluno (area ospedale San Martino \u2013 vicino ad asilo aziendale) <\/strong>domenica e festivi dalle 8.30 alle 10.30<\/p>\n<p>&nbsp;<\/p>\n","protected":false},"excerpt":{"rendered":"<p>BELLUNO Nelle ultime 24 ore non sono stati registrati decessi di pazienti covid positivi. Nuovi positivi nelle ultime 24 ore: 27, attualmente positivi 486. Ricoveri \u00a0\u00a0\u00a0\u00a0\u00a0\u00a0\u00a0\u00a0\u00a0\u00a0\u00a0\u00a0\u00a0\u00a0\u00a0\u00a0\u00a0\u00a0\u00a0\u00a0\u00a0\u00a0\u00a0\u00a0\u00a0\u00a0\u00a0\u00a0\u00a0\u00a0\u00a0\u00a0 (dato alle ore 17.00 fonte: Azienda Zero) Le persone attualmente POSITIVE ricoverate negli ospedali dell\u2019Ulss Dolomiti sono: \u00a0 Area NON CRITICA Terapia Intensiva Ospedale di Belluno 16 2 Ospedale&hellip;<\/p>\n","protected":false},"author":4,"featured_media":121260,"comment_status":"closed","ping_status":"closed","sticky":false,"template":"","format":"standard","meta":{"_monsterinsights_skip_tracking":false,"_monsterinsights_sitenote_active":false,"_monsterinsights_sitenote_note":"","_monsterinsights_sitenote_category":0,"footnotes":""},"categories":[51,49],"tags":[],"class_list":["post-205770","post","type-post","status-publish","format-standard","has-post-thumbnail","hentry","category-evidenza-top","category-news-18","category-51","category-49","description-off"],"img_url":"https:\/\/www.radiopiu.net\/wordpress\/wp-content\/uploads\/2020\/03\/covid-ulss.jpg","_links":{"self":[{"href":"https:\/\/www.radiopiu.net\/wordpress\/wp-json\/wp\/v2\/posts\/205770","targetHints":{"allow":["GET"]}}],"collection":[{"href":"https:\/\/www.radiopiu.net\/wordpress\/wp-json\/wp\/v2\/posts"}],"about":[{"href":"https:\/\/www.radiopiu.net\/wordpress\/wp-json\/wp\/v2\/types\/post"}],"author":[{"embeddable":true,"href":"https:\/\/www.radiopiu.net\/wordpress\/wp-json\/wp\/v2\/users\/4"}],"replies":[{"embeddable":true,"href":"https:\/\/www.radiopiu.net\/wordpress\/wp-json\/wp\/v2\/comments?post=205770"}],"version-history":[{"count":0,"href":"https:\/\/www.radiopiu.net\/wordpress\/wp-json\/wp\/v2\/posts\/205770\/revisions"}],"wp:featuredmedia":[{"embeddable":true,"href":"https:\/\/www.radiopiu.net\/wordpress\/wp-json\/wp\/v2\/media\/121260"}],"wp:attachment":[{"href":"https:\/\/www.radiopiu.net\/wordpress\/wp-json\/wp\/v2\/media?parent=205770"}],"wp:term":[{"taxonomy":"category","embeddable":true,"href":"https:\/\/www.radiopiu.net\/wordpress\/wp-json\/wp\/v2\/categories?post=205770"},{"taxonomy":"post_tag","embeddable":true,"href":"https:\/\/www.radiopiu.net\/wordpress\/wp-json\/wp\/v2\/tags?post=205770"}],"curies":[{"name":"wp","href":"https:\/\/api.w.org\/{rel}","templated":true}]}}