{"id":205790,"date":"2021-04-27T05:57:04","date_gmt":"2021-04-27T03:57:04","guid":{"rendered":"https:\/\/www.radiopiu.net\/wordpress\/?p=205790"},"modified":"2021-04-27T09:27:00","modified_gmt":"2021-04-27T07:27:00","slug":"giornale-radiopiu-27-aprile-2021-direttore-mirko-mezzacasa","status":"publish","type":"post","link":"https:\/\/www.radiopiu.net\/wordpress\/giornale-radiopiu-27-aprile-2021-direttore-mirko-mezzacasa\/","title":{"rendered":"GIORNALE RADIOPIU 27 APRILE 2021 DIRETTORE MIRKO MEZZACASA"},"content":{"rendered":"<h3>PER<strong>\u00a0RICEVERE QUESTO NOTIZIARIO DIRETTAMENTE SUL TUO CELLULARE ISCRIVITI AL CANALE TELEGRAM\u00a0<\/strong><strong>\u201cRADIO PIU\u00a0 INFORMAZIONE\u201d\u00a0<\/strong><\/h3>\n<h2><\/h2>\n<hr \/>\n<p>&nbsp;<\/p>\n<h2 dir=\"auto\"><a href=\"https:\/\/www.radiopiu.net\/wordpress\/giornale-radiopiu-07-aprile-2021-direttore-mirko-mezzacasa\/youtube\/\" rel=\"attachment wp-att-201738\"><img loading=\"lazy\" decoding=\"async\" class=\"wp-image-201738 alignleft\" src=\"https:\/\/www.radiopiu.net\/wordpress\/wp-content\/uploads\/2021\/04\/YOUTUBE-300x300.png\" sizes=\"auto, (max-width: 143px) 100vw, 143px\" srcset=\"https:\/\/www.radiopiu.net\/wordpress\/wp-content\/uploads\/2021\/04\/YOUTUBE-300x300.png 300w, https:\/\/www.radiopiu.net\/wordpress\/wp-content\/uploads\/2021\/04\/YOUTUBE-1024x1024.png 1024w, https:\/\/www.radiopiu.net\/wordpress\/wp-content\/uploads\/2021\/04\/YOUTUBE-150x150.png 150w, https:\/\/www.radiopiu.net\/wordpress\/wp-content\/uploads\/2021\/04\/YOUTUBE-768x768.png 768w, https:\/\/www.radiopiu.net\/wordpress\/wp-content\/uploads\/2021\/04\/YOUTUBE.png 1200w\" alt=\"\" width=\"143\" height=\"143\" \/><\/a><\/h2>\n<p>&nbsp;<\/p>\n<h2 dir=\"auto\">RADIO PIU\u2019 ANCHE SU YOUTUBE. ISCRIVITI AL CANALE PER SEGUIRE LE DIRETTE E GUARDARE I VIDEO DI RADIO PIU\u2019<\/h2>\n<h2 dir=\"auto\"><a href=\"https:\/\/www.youtube.com\/channel\/UC_sv6_pySrogmrRK354wWOw\">CLICCA QUI<\/a>\u00a0E PREMI SUL PULSANTE \u201cISCRIVITI\u201d<\/h2>\n<p>&nbsp;<\/p>\n<p>&nbsp;<\/p>\n<hr \/>\n<p>&nbsp;<\/p>\n<blockquote>\n<h3>FOTO E COMPLIMENTI DEL GIORNO PER ALEX MARTINI SCUOLA SCI DI ARABBA<\/h3>\n<p><strong>LIVINALLONGO\u00a0<\/strong> Alex Martini \u00e8 istruttore nazionale di sci alpino <em>&#8220;Il desiderio di raggiungere questo traguardo \u00e8 stato la chiave della mia motivazione &#8211; racconta &#8211;\u00a0 della perseveranza e dell\u2019impegno che ci ho messo, lavorando intensamente alla ricerca della perfezione del gesto tecnico&#8230;..un viaggio unico&#8221;<\/em><\/p><\/blockquote>\n\n\t\t\t<style type='text\/css'>\n\t\t\t\t#gallery-1 {\n\t\t\t\t\tmargin: auto;\n\t\t\t\t}\n\t\t\t\t#gallery-1 .gallery-item {\n\t\t\t\t\tfloat: left;\n\t\t\t\t\tmargin-top: 10px;\n\t\t\t\t\ttext-align: center;\n\t\t\t\t\twidth: 33%;\n\t\t\t\t}\n\t\t\t\t#gallery-1 img {\n\t\t\t\t\tborder: 2px solid #cfcfcf;\n\t\t\t\t}\n\t\t\t\t#gallery-1 .gallery-caption {\n\t\t\t\t\tmargin-left: 0;\n\t\t\t\t}\n\t\t\t\t\/* see gallery_shortcode() in wp-includes\/media.php *\/\n\t\t\t<\/style>\n\t\t<div id='gallery-1' class='dt-gallery-container gallery galleryid-205790 gallery-columns-3 gallery-size-thumbnail'><dl class='gallery-item'>\n\t\t\t\t<dt class='gallery-icon landscape'>\n\t\t\t\t\t<a class=\"rollover rollover-zoom dt-pswp-item\" title=\"a0dedeae-d1be-43a3-9ecf-a7cc99ffdddb\" data-dt-img-description=\"\" data-large_image_width=\"960\" data-large_image_height=\"940\"href='https:\/\/www.radiopiu.net\/wordpress\/wp-content\/uploads\/2021\/04\/a0dedeae-d1be-43a3-9ecf-a7cc99ffdddb.jpg'><img loading=\"lazy\" decoding=\"async\" width=\"150\" height=\"150\" src=\"https:\/\/www.radiopiu.net\/wordpress\/wp-content\/uploads\/2021\/04\/a0dedeae-d1be-43a3-9ecf-a7cc99ffdddb-150x150.jpg\" class=\"attachment-thumbnail size-thumbnail\" alt=\"\" \/><\/a>\n\t\t\t\t<\/dt><\/dl><dl class='gallery-item'>\n\t\t\t\t<dt class='gallery-icon landscape'>\n\t\t\t\t\t<a class=\"rollover rollover-zoom dt-pswp-item\" title=\"2d7b4323-ac39-46bd-9d20-a5292517527d\" data-dt-img-description=\"\" data-large_image_width=\"750\" data-large_image_height=\"688\"href='https:\/\/www.radiopiu.net\/wordpress\/wp-content\/uploads\/2021\/04\/2d7b4323-ac39-46bd-9d20-a5292517527d.jpg'><img loading=\"lazy\" decoding=\"async\" width=\"150\" height=\"150\" src=\"https:\/\/www.radiopiu.net\/wordpress\/wp-content\/uploads\/2021\/04\/2d7b4323-ac39-46bd-9d20-a5292517527d-150x150.jpg\" class=\"attachment-thumbnail size-thumbnail\" alt=\"\" \/><\/a>\n\t\t\t\t<\/dt><\/dl><dl class='gallery-item'>\n\t\t\t\t<dt class='gallery-icon landscape'>\n\t\t\t\t\t<a class=\"rollover rollover-zoom dt-pswp-item\" title=\"be94dbce-67e1-41ba-a25c-0dae81018061\" data-dt-img-description=\"\" data-large_image_width=\"960\" data-large_image_height=\"720\"href='https:\/\/www.radiopiu.net\/wordpress\/wp-content\/uploads\/2021\/04\/be94dbce-67e1-41ba-a25c-0dae81018061.jpg'><img loading=\"lazy\" decoding=\"async\" width=\"150\" height=\"150\" src=\"https:\/\/www.radiopiu.net\/wordpress\/wp-content\/uploads\/2021\/04\/be94dbce-67e1-41ba-a25c-0dae81018061-150x150.jpg\" class=\"attachment-thumbnail size-thumbnail\" alt=\"\" \/><\/a>\n\t\t\t\t<\/dt><\/dl><br style=\"clear: both\" \/>\n\t\t\t<\/div>\n\n<p>&nbsp;<\/p>\n<hr \/>\n<p>&nbsp;<\/p>\n<blockquote>\n<h3 style=\"text-align: left;\">LA RISPOSTA DI PLASTIC FREE ALL&#8217;APPELLO SU RADIO PIU, CONSIGLI BEN ACCETTI MA DA ANNI I VOLONTARI PULISCONO LE SPONDE DEL LAGO E SENZA FARE TANTO CLAMORE MEDIATICO.<\/h3>\n<\/blockquote>\n<p>Organizziamoci per un Agordino pi\u00f9 pulito titolava pochi giorni fa RADIO PIU pubblicando la lettera di\u00a0 Martina (che riproponiamo qui sotto). Tra i primi a rispondere all&#8217;appello radiofonico Plastic Free che ai cittadini dice di riunirsi per pulire le sponde del lago (tra l&#8217;altro domenica c&#8217;\u00e8 stata la giornata ecologica sulla sponde del Comune di Rocca Pietore e in altre parti del Comune).\u00a0 Plastic free ora propone agli abitanti di Alleghe\u00a0 di\u00a0 organizzare\u00a0 iniziative volte alla pulizia del territorio. Benvengano i consigli dalla citt\u00e0 ma ricordiamo ad Andrea Genova di Plastic Freee che da anni i volontari ad ogni inizio di stagione raccolgono montagne di rifiuti, solo il covid ha rallentato queste operazioni. Sempre a Rocca Pietore il Gruppo alpini con l&#8217;Ufficio turistico Alleghe e il Comune di Rocca Pietore hanno messo in calendario per sabato 8 maggio una giornata di pulizia attorno al lago<\/p>\n<p>&nbsp;<\/p>\n<p><span style=\"color: #ff0000;\">DAL GRUPPO &#8220;RADIO PIU EMITTENTE AGORDINA&#8221;<\/span><\/p>\n<div class=\"_6cuy\">\n<div class=\"b3i9ofy5 e72ty7fz qlfml3jp inkptoze qmr60zad rq0escxv oo9gr5id q9uorilb kvgmc6g5 cxmmr5t8 oygrvhab hcukyx3x d2edcug0 jm1wdb64 l9j0dhe7 l3itjdph qv66sw1b\">\n<div class=\"tw6a2znq sj5x9vvc d1544ag0 cxgpxx05\">\n<blockquote>\n<div class=\"nc684nl6\"><a href=\"https:\/\/www.radiopiu.net\/wordpress\/giornale-radiopiu-27-aprile-2021-direttore-mirko-mezzacasa\/th-92\/\" rel=\"attachment wp-att-206152\"><img loading=\"lazy\" decoding=\"async\" class=\" wp-image-206152 alignleft\" src=\"https:\/\/www.radiopiu.net\/wordpress\/wp-content\/uploads\/2021\/04\/th-12.jpg\" alt=\"\" width=\"196\" height=\"131\" \/><\/a>Francesco Pistollato\u00a0 Plastic Free Odv Onlus \u00e8 nata 2 anni fa con la missione di sensibilizzare alla gigantesca emergenza della plastica. Innanzitutto prevenzione, diffondendo buone abitudini per cercare di far adottare stili di vita pi\u00f9 sostenibili (altrimenti non se ne esce), conferenze a tema ambientale, attivit\u00e0 nelle scuole per sensibilizzare le nuove generazioni. Si nominano referenti per ciascun comune che si impegnino a cercare volontari locali per formare gruppi di raccolta e a stipulare accordi con l&#8217;amministrazione e relativa azienda di smaltimento. Fondamentale l&#8217;azione sinergica di tutti, presidiando e pulendo costantemente il territori soprattutto nelle zone a pi\u00f9 alta incidenza di rifiuti come torrenti, laghi, parcheggi, aree di sosta, aree industriali, parco giochi&#8230;In alcuni comuni sono cos\u00ec tanti che praticamente ogni giorno c&#8217;\u00e8 qualcuno che raccoglie e facendolo assieme ci si motiva a vicenda e ci si diverte pure<\/div>\n<\/blockquote>\n<div class=\"ecm0bbzt e5nlhep0 a8c37x1j\">\n<div class=\"kvgmc6g5 cxmmr5t8 oygrvhab hcukyx3x c1et5uql\">\n<div dir=\"auto\"><\/div>\n<\/div>\n<\/div>\n<\/div>\n<\/div>\n<\/div>\n<p><strong>DOMENICA SULLE SPONDE DEL LAGO DI ALLEGHE, COMUNE DI ROCCA PIETORE<\/strong><\/p>\n\n\t\t\t<style type='text\/css'>\n\t\t\t\t#gallery-2 {\n\t\t\t\t\tmargin: auto;\n\t\t\t\t}\n\t\t\t\t#gallery-2 .gallery-item {\n\t\t\t\t\tfloat: left;\n\t\t\t\t\tmargin-top: 10px;\n\t\t\t\t\ttext-align: center;\n\t\t\t\t\twidth: 20%;\n\t\t\t\t}\n\t\t\t\t#gallery-2 img {\n\t\t\t\t\tborder: 2px solid #cfcfcf;\n\t\t\t\t}\n\t\t\t\t#gallery-2 .gallery-caption {\n\t\t\t\t\tmargin-left: 0;\n\t\t\t\t}\n\t\t\t\t\/* see gallery_shortcode() in wp-includes\/media.php *\/\n\t\t\t<\/style>\n\t\t<div id='gallery-2' class='dt-gallery-container gallery galleryid-205790 gallery-columns-5 gallery-size-thumbnail'><dl class='gallery-item'>\n\t\t\t\t<dt class='gallery-icon landscape'>\n\t\t\t\t\t<a class=\"rollover rollover-zoom dt-pswp-item\" title=\"4ac00837-b33b-480e-ba51-5e2bef080d0f\" data-dt-img-description=\"\" data-large_image_width=\"1600\" data-large_image_height=\"792\"href='https:\/\/www.radiopiu.net\/wordpress\/wp-content\/uploads\/2021\/04\/4ac00837-b33b-480e-ba51-5e2bef080d0f.jpg'><img loading=\"lazy\" decoding=\"async\" width=\"150\" height=\"150\" src=\"https:\/\/www.radiopiu.net\/wordpress\/wp-content\/uploads\/2021\/04\/4ac00837-b33b-480e-ba51-5e2bef080d0f-150x150.jpg\" class=\"attachment-thumbnail size-thumbnail\" alt=\"\" \/><\/a>\n\t\t\t\t<\/dt><\/dl><dl class='gallery-item'>\n\t\t\t\t<dt class='gallery-icon portrait'>\n\t\t\t\t\t<a class=\"rollover rollover-zoom dt-pswp-item\" title=\"b4e736f0-d787-4785-b4db-b157babd4894\" data-dt-img-description=\"\" data-large_image_width=\"1904\" data-large_image_height=\"1906\"href='https:\/\/www.radiopiu.net\/wordpress\/wp-content\/uploads\/2021\/04\/b4e736f0-d787-4785-b4db-b157babd4894.jpg'><img loading=\"lazy\" decoding=\"async\" width=\"150\" height=\"150\" src=\"https:\/\/www.radiopiu.net\/wordpress\/wp-content\/uploads\/2021\/04\/b4e736f0-d787-4785-b4db-b157babd4894-150x150.jpg\" class=\"attachment-thumbnail size-thumbnail\" alt=\"\" srcset=\"https:\/\/www.radiopiu.net\/wordpress\/wp-content\/uploads\/2021\/04\/b4e736f0-d787-4785-b4db-b157babd4894-150x150.jpg 150w, https:\/\/www.radiopiu.net\/wordpress\/wp-content\/uploads\/2021\/04\/b4e736f0-d787-4785-b4db-b157babd4894-300x300.jpg 300w, https:\/\/www.radiopiu.net\/wordpress\/wp-content\/uploads\/2021\/04\/b4e736f0-d787-4785-b4db-b157babd4894-1024x1024.jpg 1024w, https:\/\/www.radiopiu.net\/wordpress\/wp-content\/uploads\/2021\/04\/b4e736f0-d787-4785-b4db-b157babd4894-768x769.jpg 768w, https:\/\/www.radiopiu.net\/wordpress\/wp-content\/uploads\/2021\/04\/b4e736f0-d787-4785-b4db-b157babd4894-1534x1536.jpg 1534w, https:\/\/www.radiopiu.net\/wordpress\/wp-content\/uploads\/2021\/04\/b4e736f0-d787-4785-b4db-b157babd4894.jpg 1904w\" sizes=\"auto, (max-width: 150px) 100vw, 150px\" \/><\/a>\n\t\t\t\t<\/dt><\/dl><dl class='gallery-item'>\n\t\t\t\t<dt class='gallery-icon portrait'>\n\t\t\t\t\t<a class=\"rollover rollover-zoom dt-pswp-item\" title=\"84233313-55d6-41e7-9f3a-65171d5b0539\" data-dt-img-description=\"\" data-large_image_width=\"954\" data-large_image_height=\"2016\"href='https:\/\/www.radiopiu.net\/wordpress\/wp-content\/uploads\/2021\/04\/84233313-55d6-41e7-9f3a-65171d5b0539.jpg'><img loading=\"lazy\" decoding=\"async\" width=\"150\" height=\"150\" src=\"https:\/\/www.radiopiu.net\/wordpress\/wp-content\/uploads\/2021\/04\/84233313-55d6-41e7-9f3a-65171d5b0539-150x150.jpg\" class=\"attachment-thumbnail size-thumbnail\" alt=\"\" \/><\/a>\n\t\t\t\t<\/dt><\/dl><dl class='gallery-item'>\n\t\t\t\t<dt class='gallery-icon portrait'>\n\t\t\t\t\t<a class=\"rollover rollover-zoom dt-pswp-item\" title=\"bc3bdac5-0df3-4ab2-bf45-72d88e9b15a7\" data-dt-img-description=\"\" data-large_image_width=\"1536\" data-large_image_height=\"2048\"href='https:\/\/www.radiopiu.net\/wordpress\/wp-content\/uploads\/2021\/04\/bc3bdac5-0df3-4ab2-bf45-72d88e9b15a7.jpg'><img loading=\"lazy\" decoding=\"async\" width=\"150\" height=\"150\" src=\"https:\/\/www.radiopiu.net\/wordpress\/wp-content\/uploads\/2021\/04\/bc3bdac5-0df3-4ab2-bf45-72d88e9b15a7-150x150.jpg\" class=\"attachment-thumbnail size-thumbnail\" alt=\"\" \/><\/a>\n\t\t\t\t<\/dt><\/dl><dl class='gallery-item'>\n\t\t\t\t<dt class='gallery-icon landscape'>\n\t\t\t\t\t<a class=\"rollover rollover-zoom dt-pswp-item\" title=\"537065e5-95cc-45e7-a658-82deacea37cf\" data-dt-img-description=\"\" data-large_image_width=\"2048\" data-large_image_height=\"1536\"href='https:\/\/www.radiopiu.net\/wordpress\/wp-content\/uploads\/2021\/04\/537065e5-95cc-45e7-a658-82deacea37cf.jpg'><img loading=\"lazy\" decoding=\"async\" width=\"150\" height=\"150\" src=\"https:\/\/www.radiopiu.net\/wordpress\/wp-content\/uploads\/2021\/04\/537065e5-95cc-45e7-a658-82deacea37cf-150x150.jpg\" class=\"attachment-thumbnail size-thumbnail\" alt=\"\" \/><\/a>\n\t\t\t\t<\/dt><\/dl><br style=\"clear: both\" \/>\n\t\t\t<\/div>\n\n<h2><span style=\"color: #ff6600;\">DILLO A RADIO PIU<\/span><\/h2>\n<blockquote><p><strong>RICEVIAMO E PUBBLICHIAMO: <\/strong>Mi chiamo Martina. Da pochi mesi mi sono trasferita a vivere a Colle Santa Lucia. Spesso parto da Caprile e a piedi vado ad Alleghe, faccio il giro del lago e torno indietro. Mi sono accorta che lungo il Cordevole e a bordo lago c&#8217;\u00e8 tantissima plastica, una cosa veramente indecente. Ne raccolgo sempre un sacchetto pieno ogni volta che cammino ma c&#8217;\u00e8 bisogno di un&#8217;azione pi\u00f9 &#8220;organizzata&#8221;. L&#8217;altro giorno per radio ho sentito l&#8217;esperienza di Sedico (se non mi sbaglio), dove un gruppo ha raccolto un sacco di immondizia sparsa. Come si pu\u00f2 fare per organizzare qualcosa del genere anche li? Sarebbe bene farlo adesso che il fiume \u00e8 in secca, altrimenti si porta gi\u00f9 tutto alla prima piena.<\/p><\/blockquote>\n<p>martina.smaniotto@gmail.com<\/p>\n<p>&nbsp;<\/p>\n<p>&nbsp;<\/p>\n<p>&nbsp;<\/p>\n<hr \/>\n<p>&nbsp;<\/p>\n<p><em><a href=\"https:\/\/www.radiopiu.net\/wordpress\/giornale-radiopiu-24-gennaio-2021-direttore-mirko-mezzacasa\/79216601_126817312416448_708980208774483089_n\/\" rel=\"attachment wp-att-186567\"><img loading=\"lazy\" decoding=\"async\" class=\"size-medium wp-image-186567 alignleft\" src=\"https:\/\/www.radiopiu.net\/wordpress\/wp-content\/uploads\/2021\/01\/79216601_126817312416448_708980208774483089_n-300x114.jpg\" sizes=\"auto, (max-width: 300px) 100vw, 300px\" srcset=\"https:\/\/www.radiopiu.net\/wordpress\/wp-content\/uploads\/2021\/01\/79216601_126817312416448_708980208774483089_n-300x114.jpg 300w, https:\/\/www.radiopiu.net\/wordpress\/wp-content\/uploads\/2021\/01\/79216601_126817312416448_708980208774483089_n-768x292.jpg 768w, https:\/\/www.radiopiu.net\/wordpress\/wp-content\/uploads\/2021\/01\/79216601_126817312416448_708980208774483089_n.jpg 820w\" alt=\"\" width=\"300\" height=\"114\" \/><\/a><\/em><\/p>\n<p><em>\u00a0<\/em><em>LA NUOVA APP PER IOS-IPHONE di Nicola Vettorello\u00a0<\/em><a href=\"https:\/\/apps.apple.com\/it\/app\/radio-pi%C3%B9-emittente-agordina\/id1515939845\">https:\/\/apps.apple.com\/it\/app\/radio-pi%C3%B9-emittente-agordina\/id1515939845<\/a><\/p>\n<p><em>ATTENZIONE: LA NUOVA APP RADIO\u00a0 PER ANDROID di Nicola Vettorello<\/em><\/p>\n<p><a href=\"https:\/\/play.google.com\/store\/apps\/details?id=net.radiopiu.iniko\" target=\"_blank\" rel=\"noopener noreferrer\">https:\/\/play.google.com\/store\/apps\/details?id=net.radiopiu.iniko<\/a><\/p>\n<p>&nbsp;<\/p>\n<p>&nbsp;<\/p>\n<hr \/>\n<p>&nbsp;<\/p>\n<blockquote>\n<h3>VENETO IN GIALLO<\/h3>\n<\/blockquote>\n<p><strong><a href=\"https:\/\/www.radiopiu.net\/wordpress\/il-veneto-rimane-in-zona-gialla-la-provincia-di-trento-passa-in-arancione\/giallo\/\" rel=\"attachment wp-att-190818\"><img loading=\"lazy\" decoding=\"async\" class=\" wp-image-190818 alignleft\" src=\"https:\/\/www.radiopiu.net\/wordpress\/wp-content\/uploads\/2021\/02\/Giallo-300x200.png\" alt=\"\" width=\"185\" height=\"123\" srcset=\"https:\/\/www.radiopiu.net\/wordpress\/wp-content\/uploads\/2021\/02\/Giallo-300x200.png 300w, https:\/\/www.radiopiu.net\/wordpress\/wp-content\/uploads\/2021\/02\/Giallo-1024x682.png 1024w, https:\/\/www.radiopiu.net\/wordpress\/wp-content\/uploads\/2021\/02\/Giallo-768x512.png 768w, https:\/\/www.radiopiu.net\/wordpress\/wp-content\/uploads\/2021\/02\/Giallo.png 1250w\" sizes=\"auto, (max-width: 185px) 100vw, 185px\" \/><\/a><\/strong><em>Il Veneto \u00e8 in zona GIALLA. Aperti bar e ristoranti ma solo con consumazione all&#8217;aperto, coprifuoco dalle 22 alle 5, scuola in presenza dal 70 al 100%, consentiti gli spostamenti tra regioni gialle ma non tra regione di colore diverso (in questo caso serve un pass per poter accedere alla regione di colore diverso), riaprono cinema, teatri, sale da ballo ma con capienza limitata e solo su prenotazione, ritornano gli sport di squadra e di contatto ma solo all&#8217;aperto e sar\u00e0 vietato l&#8217;uso degli spogliatoi. Sono consentite visite a parenti ed amici per un massimo di 4 persone una volta al giorno.<\/em><\/p>\n<p>&nbsp;<\/p>\n<p>&nbsp;<\/p>\n<hr \/>\n<p>&nbsp;<\/p>\n<div>\n<blockquote>\n<h3 class=\"page-title-head hgroup\">EX PROVINCIALE TAIBON-AGORDO, STRADA CHIUSA FINO AL 31 MAGGIO<\/h3>\n<\/blockquote>\n<p><strong>TAIBON<\/strong>\u00a0Cantiere aperto tra Taibon, Taier e Brugnach sulla strada di campagna, (ex Sp 34): fino al 31 maggio la strada rester\u00e0 chiusa da\u00a0 via Col di Lana (sabati, domeniche e festivi inclusi).<\/p>\n<p>&nbsp;<\/p>\n<p>&nbsp;<\/p>\n<hr \/>\n<\/div>\n<p>&nbsp;<\/p>\n<p><strong>SP 3 VAL IMPERINA\u00a0<\/strong>Fino al 30 aprile (sabato e domenica esclusi) interdizione alla viabilit\u00e0 per lavori di esbosco schianti a fasce orari. Chiusure: dalle 8 alle 9.45; dalle 10 alle 12; dalle 13.45 alle 15.50; dalle 16.10 alle 17.30. Nei periodi non interessati dalla chiusura senso unico alternato con movieri.<img loading=\"lazy\" decoding=\"async\" class=\"wp-image-198719 alignleft\" src=\"https:\/\/www.radiopiu.net\/wordpress\/wp-content\/uploads\/2021\/03\/d1cefc45-a8f4-432d-b66b-ba03ea140813-300x142.jpg\" sizes=\"auto, (max-width: 188px) 100vw, 188px\" srcset=\"https:\/\/www.radiopiu.net\/wordpress\/wp-content\/uploads\/2021\/03\/d1cefc45-a8f4-432d-b66b-ba03ea140813-300x142.jpg 300w, https:\/\/www.radiopiu.net\/wordpress\/wp-content\/uploads\/2021\/03\/d1cefc45-a8f4-432d-b66b-ba03ea140813-1024x485.jpg 1024w, https:\/\/www.radiopiu.net\/wordpress\/wp-content\/uploads\/2021\/03\/d1cefc45-a8f4-432d-b66b-ba03ea140813-768x364.jpg 768w, https:\/\/www.radiopiu.net\/wordpress\/wp-content\/uploads\/2021\/03\/d1cefc45-a8f4-432d-b66b-ba03ea140813-1536x728.jpg 1536w, https:\/\/www.radiopiu.net\/wordpress\/wp-content\/uploads\/2021\/03\/d1cefc45-a8f4-432d-b66b-ba03ea140813.jpg 1599w\" alt=\"\" width=\"188\" height=\"89\" \/><\/p>\n<p><b>\u00a0<\/b><strong>PROVINCIALE 10 DI ALANO, LOC. LE SORGENTI<\/strong>\u00a0interruzione totale alla viabilit\u00e0 fino al 19 maggio, dalle 8 alle 12 e dalle 13 alle 18, esclusi sabato e domenica<\/p>\n<p><strong>SP 473 CROCE D\u2019AUNE<\/strong>\u00a0localit\u00e0 Pedavena, dalle 9 alle 16 del 27 aprile interdizione<\/p>\n<p><strong>SOVERZENE<\/strong>\u00a0senso unico alternato regolato\u00a0 da\u00a0 impianto\u00a0 semaforico sulla\u00a0 strada\u00a0 Soverzene \u2013 Provagna\u00a0 in\u00a0 Comune\u00a0 di\u00a0 Soverzene,\u00a0 dalla\u00a0 localit\u00e0\u00a0 Cima\u00a0 Campo fino\u00a0 al\u00a0 bivio\u00a0 con\u00a0 gli\u00a0 impianti\u00a0 sportivi<\/p>\n<p>&nbsp;<\/p>\n<p>&nbsp;<\/p>\n<hr \/>\n<p>&nbsp;<\/p>\n<p><strong><a href=\"https:\/\/www.radiopiu.net\/wordpress\/acqua-di-nuovo-potabile-a-gosaldo\/bicchiere-acqua\/\" rel=\"attachment wp-att-197762\"><img loading=\"lazy\" decoding=\"async\" class=\" wp-image-197762 alignleft\" src=\"https:\/\/www.radiopiu.net\/wordpress\/wp-content\/uploads\/2021\/03\/BICCHIERE-ACQUA-300x200.jpg\" sizes=\"auto, (max-width: 159px) 100vw, 159px\" srcset=\"https:\/\/www.radiopiu.net\/wordpress\/wp-content\/uploads\/2021\/03\/BICCHIERE-ACQUA-300x200.jpg 300w, https:\/\/www.radiopiu.net\/wordpress\/wp-content\/uploads\/2021\/03\/BICCHIERE-ACQUA-1024x683.jpg 1024w, https:\/\/www.radiopiu.net\/wordpress\/wp-content\/uploads\/2021\/03\/BICCHIERE-ACQUA-768x512.jpg 768w, https:\/\/www.radiopiu.net\/wordpress\/wp-content\/uploads\/2021\/03\/BICCHIERE-ACQUA-1536x1024.jpg 1536w, https:\/\/www.radiopiu.net\/wordpress\/wp-content\/uploads\/2021\/03\/BICCHIERE-ACQUA.jpg 1920w\" alt=\"\" width=\"159\" height=\"106\" \/><\/a><\/strong><strong>ROCCA PIETORE nelle LOCALITA\u2019 VAL, DAGAI, DAVARE, LE COSTE, RONCH l&#8217;acqua erogata dall&#8217;acquedotto \u00e8 di nuovo potabile e pu\u00f2 essere usata, quindi, per scopi alimentari.<\/strong><\/p>\n<p><strong>COLLE SANTA LUCIA<\/strong> per lavori alla rete idrica comunale, oggi dalle 8 fino al termine dei lavori potrebbe mancare l\u2019acqua a in tutto il Comune eccetto le localit\u00e0 Posalz, Frena, Colcuc e Rucav\u00e0.<\/p>\n<p>&nbsp;<\/p>\n<blockquote>\n<h3>MEZZO CENTRO DI PUOS DOMANI SENZ&#8217;ACQUA PER TUTTA LA MATTINA<\/h3>\n<p>di Damiano Tormen<\/p><\/blockquote>\n<audio class=\"wp-audio-shortcode\" id=\"audio-205790-1\" preload=\"none\" style=\"width: 100%;\" controls=\"controls\"><source type=\"audio\/mpeg\" src=\"https:\/\/www.radiopiu.net\/wordpress\/wp-content\/uploads\/2021\/04\/DAMIANO-ALPAGO.mp3?_=1\" \/><a href=\"https:\/\/www.radiopiu.net\/wordpress\/wp-content\/uploads\/2021\/04\/DAMIANO-ALPAGO.mp3\">https:\/\/www.radiopiu.net\/wordpress\/wp-content\/uploads\/2021\/04\/DAMIANO-ALPAGO.mp3<\/a><\/audio>\n<p>&nbsp;<\/p>\n<hr \/>\n<p>&nbsp;<\/p>\n<blockquote>\n<h3>VENETO GIALLO, MA A REPORT RIESPLODE IL CASO DEI TAMPONI RAPIDI<br \/>\nIN VENETO LA PRIMA VARIANTE INDIANA, DUE CASI (PADRE E FIGLIA) POSITIVI AL RIENTRO DAL LORO PAESE, IN ISOLAMENTO ALL&#8217;OSPEDALE DI BASSANO<\/h3>\n<\/blockquote>\n<p><em>Un nuovo focolaio di covid al Serd di Auronzo immediatamente chiuso: 7 pazienti positivi su 12. Mentre la gente continua a morire negli ospedali e i positivi ad aumentare c&#8217;\u00e8 chi in barba al rispetto organizza addii al celibato ad alta quota, i Carabinieri Forestali vi partecipano ma non per portare il regalo agli sposi, piuttosto per sanzionarli a dovere per rispetto di intere comunit\u00e0<\/em><\/p>\n<p><a href=\"https:\/\/www.radiopiu.net\/wordpress\/giornale-radiopiu-27-aprile-2021-direttore-mirko-mezzacasa\/report-135\/\" rel=\"attachment wp-att-206145\"><img loading=\"lazy\" decoding=\"async\" class=\"size-medium wp-image-206145 alignleft\" src=\"https:\/\/www.radiopiu.net\/wordpress\/wp-content\/uploads\/2021\/04\/Report--300x200.jpg\" alt=\"\" width=\"300\" height=\"200\" srcset=\"https:\/\/www.radiopiu.net\/wordpress\/wp-content\/uploads\/2021\/04\/Report--300x200.jpg 300w, https:\/\/www.radiopiu.net\/wordpress\/wp-content\/uploads\/2021\/04\/Report-.jpg 612w\" sizes=\"auto, (max-width: 300px) 100vw, 300px\" \/><\/a>E&#8217; arrivato il giorno dei sessantennni, da ieri via alla vaccinazione, in un paio di mezz&#8217;ore bruciate 1500 prenotazioni.\u00a0 \u00a0Appuntamento ai drive in da giovedi. Ad oggi il 30% dei settantenni ha invece detto un chiaro no alla vaccinazione. Intanto in televisione a Report di nuovo il caso dei test rapidi, le dure critiche di Andrea Crisanti, le risposte di Luciano Flor direttore della sanit\u00e0 veneta che fuori onda si lascia sfuggire tra un paio di\u00a0 velati <em>cazz&#8230; &#8220;<\/em>Perch\u00e9 pensa che mi sia affrettato a dire che lo studio non c&#8217;\u00e8. La ditta ci fa causa e ci chiede i danni, quindi meglio dire che lo studio non c&#8217;\u00e8&#8221;.\u00a0 Lo studio \u00e8 L&#8217;approfondimento diagnostico condotto dal professor Andrea Crisanti che bocciava l&#8217;attendibilit\u00e0 dei tamponi rapidi di prima e seconda generazione.\u00a0 Vito Cianci\u00a0 primario del Pronto soccorso di Padova\u00a0 ha confessato di aver avuto pressioni per disconoscere lo studio,\u00a0 una testimonianza anonima di una dipendente del dipartimento Prevenzione rivela come a novembre scorso molti positivi, prima ancora di essere contattati, risultassero a prescindere asintomatici.<\/p>\n<blockquote>\n<h2>IL COVID UCCIDE UNA DONNA DI 68 ANNI, +13 POSITIVI DA IERI<\/h2>\n<\/blockquote>\n<p><strong>BELLUNO <\/strong>Nelle ultime 24 ore \u00e8 deceduta una donna di 68 anni ricoverata in Terapia Intensiva a Belluno. \u00a0Si sono registrate 13 nuove positivit\u00e0 in ULSS 1 Dolomiti, le persone attualmente positive sono 526 (-21 rispetto a ieri)<\/p>\n<p><strong>Ricoveri<\/strong><\/p>\n<p><em>(dato alle ore 17.00 fonte: Azienda Zero)<\/em><\/p>\n<p>Le persone attualmente POSITIVE ricoverate negli ospedali dell\u2019Ulss Dolomiti sono:<\/p>\n<table>\n<tbody>\n<tr>\n<td width=\"217\"><strong>\u00a0<\/strong><\/td>\n<td width=\"217\"><strong>Area NON CRITICA<\/strong><\/td>\n<td width=\"217\"><strong>Terapia Intensiva<\/strong><\/td>\n<\/tr>\n<tr>\n<td width=\"217\"><strong>Ospedale di Belluno <\/strong><\/td>\n<td width=\"217\">18 +2<\/td>\n<td width=\"217\">\u00a01 (-3)<\/td>\n<\/tr>\n<tr>\n<td width=\"217\"><strong>Ospedale di Feltre<\/strong><\/td>\n<td width=\"217\">11<\/td>\n<td width=\"217\">4<\/td>\n<\/tr>\n<\/tbody>\n<\/table>\n<p>&nbsp;<\/p>\n<p>Le persone attualmente POSITIVE ricoverate in Ospedale di Comunit\u00e0 sono:<\/p>\n<table>\n<tbody>\n<tr>\n<td width=\"326\"><strong>\u00a0<\/strong><\/td>\n<td width=\"326\"><strong>pazienti attualmente positivi<\/strong><\/td>\n<\/tr>\n<tr>\n<td width=\"326\"><strong>Ospedale di Comunit\u00e0 di BELLUNO<\/strong><\/td>\n<td width=\"326\">7<\/td>\n<\/tr>\n<tr>\n<td width=\"326\"><strong>Ospedale di Comunit\u00e0 di FELTRE<\/strong><\/td>\n<td width=\"326\">3 (-1)<\/td>\n<\/tr>\n<\/tbody>\n<\/table>\n<p>&nbsp;<\/p>\n<p>\u00c8 stata attivata ieri\u00a0 la possibilit\u00e0 di prenotare online dal portale regionale la vaccinazione anti covid nei drive in dell\u2019Ulss Dolomiti (Belluno San Gervasio, Paludi, Feltre, Tai e Agordo) anche per le <strong>persone tra 60 e 69 anni. <\/strong>I posti disponibili erano oltre 1.500. Tale possibilit\u00e0, favorita dalla conferma di forniture consistenti di vaccino, \u00e8 stata immediatamente raccolta dalla popolazione interessata (circa 26 mila persone, di cui oltre 7 mila gi\u00e0 immunizzati per appartenenza a categorie varie \u2013 sanitari, servizi pubblici essenziali etc) con esaurimento dei posti disponibili in serata. Ulteriori 300 posti sono stati aperti in serata.\u00a0 Ulteriori aperture per gli over 60 saranno definite alla luce dei nuovi approvvigionamenti vaccinali. Per la fascia d\u2019et\u00e0 70-79, over 80, estremamente vulnerabili e disabili rimangono disponibili e sono stati ulteriormente potenziati vari spazi di prenotazione.<\/p>\n<blockquote>\n<h3><span style=\"color: #ff0000;\">BRUCIATI 1500 POSTI E POI ALTRI 300<\/span><\/h3>\n<h3><a href=\"https:\/\/www.radiopiu.net\/wordpress\/vaccinazioni-per-i-sessantenni\/e9e508d9-2aab-4fee-bf48-08401434a406\/\" rel=\"attachment wp-att-206058\"><img loading=\"lazy\" decoding=\"async\" class=\"wp-image-206058 alignleft\" src=\"https:\/\/www.radiopiu.net\/wordpress\/wp-content\/uploads\/2021\/04\/e9e508d9-2aab-4fee-bf48-08401434a406-139x300.jpg\" alt=\"\" width=\"106\" height=\"229\" srcset=\"https:\/\/www.radiopiu.net\/wordpress\/wp-content\/uploads\/2021\/04\/e9e508d9-2aab-4fee-bf48-08401434a406-139x300.jpg 139w, https:\/\/www.radiopiu.net\/wordpress\/wp-content\/uploads\/2021\/04\/e9e508d9-2aab-4fee-bf48-08401434a406.jpg 473w\" sizes=\"auto, (max-width: 106px) 100vw, 106px\" \/><\/a>VACCINAZIONI PER I SESSANTENNI, PRENOTAZIONI\u00a0 APERTE e CHIUSE IN UN&#8217;ORA<\/h3>\n<\/blockquote>\n<p><strong>BELLUNO<\/strong> Ieri era stata attivata la possibilit\u00e0 di prenotare online dal sito <a class=\"gmail-oajrlxb2 gmail-g5ia77u1 gmail-qu0x051f esr5mh6w e9989ue4 gmail-r7d6kgcz gmail-rq0escxv gmail-nhd2j8a9 gmail-nc684nl6 gmail-p7hjln8o gmail-kvgmc6g5 gmail-cxmmr5t8 gmail-oygrvhab gmail-hcukyx3x gmail-jb3vyjys gmail-rz4wbd8a gmail-qt6c0cv9 gmail-a8nywdso gmail-i1ao9s8h esuyzwwr gmail-f1sip0of gmail-lzcic4wl gmail-py34i1dx gmail-gpro0wi8\" tabindex=\"0\" href=\"http:\/\/www.aulss1.veneto.it\/?fbclid=IwAR3fAamgkmcRhWBt0BrinvYSVhUn7T-TMqG7ct3M4xxXLRKURnrvF0GkTHs\" target=\"_blank\" rel=\"nofollow noopener\">www.aulss1.veneto.it<\/a> la vaccinazione anti covid nei drive in dell\u2019Ulss Dolomiti anche per le persone tra 60 e 69 anni,\u00a0 prima data disponibile\u00a0 29 aprile. Un&#8217;ora dopo gi\u00e0 tutto esaurito, la Ulss1 in serata ha poi aperto ad altre 300 prenotazioni.<\/p>\n<hr \/>\n<blockquote>\n<h3><span style=\"color: #ff0000;\">IL CONTAGIO NELL&#8217;AGORDINO<\/span>:\u00a0 Agordo 1 positivo 5 isolamento, Canale d&#8217;Agordo 0 positivi 2 isolamento Taibon 5 positivi 1 isolamento, Falcade 6 positivi 4 isolamento Rocca Pietore 3 positivi 2 isolamento Colle Santa Lucia 1 positio.<\/h3>\n<h3>SCENDE A 80 L&#8217;INCIDENZA PER 100 MILA ABITANTI, LA NUOVA MAPPA DEL CONTAGIO COMUNE PER COMUNE<\/h3>\n<p><em>Ulss1 Belluno, tamponi da inizio epidemia:\u00a0 251 mila tamponi molecolari, 180 mila tamponi antigenici.<\/em><\/p><\/blockquote>\n<p><strong>BELLUNO<\/strong> Nella Ulss1 Dolomiti tra il 19 e il 25 aprile l&#8217;incidenza \u00e8 scesa a 80 su 100 mila abitanti (soglia d&#8217;allarme 250).\u00a0 La curva epidemica relativa alla seconda e terza fase dello sviluppo pandemico nel nostro territorio mette in evidenza\u00a0 la continuazione dell\u2019andamento discendente della curva stessa. Nei grafici in rapporto all\u2019andamento epidemico dei contagi, le curve relative ai ricoveri ospedalieri per grado di intensit\u00e0 assistenziale, oltre alla curva dei decessi.<\/p>\n<p>Sono\u00a0 29 i Comuni\u00a0 che in una settimana non hanno registrato nuovi casi di persone covid positive: Lamon, Sovramonte, Santa Giustina, San Gregorio nelle Alpi, Gosaldo, Rivamonte, Agordo, Taibon, Canale d\u2019Agordo, Cencenighe, Vallada, San Tomaso, Colle Santa Lucia, Selva di Cadore, Livinallongo, Alleghe, Zopp\u00e8, Val di Zoldo, Cibiana, Ospitale, Perarolo, Lozzo, Auronzo, Danta, San Vito Comelico Superiore, San Nicol\u00f2 Comelico, Santo Stefano di Cadore, Tambre.<\/p>\n<p>In 3 Comuni bellunesi, due in pi\u00f9 rispetto a sette giorni fa\u00a0 l\u2019incidenza settimanale \u00e8 stata superiore a 500 casi ogni 100 mila abitanti:\u00a0 Vigo, Borca e Soverzene. L\u2019incidenza \u00e8 tra 251 e 500 a Cortina d\u2019Ampezzo, Vodo, Lorenzago, La Valle Agordina, Voltago, Alano di Piave.<\/p>\n\n\t\t\t<style type='text\/css'>\n\t\t\t\t#gallery-3 {\n\t\t\t\t\tmargin: auto;\n\t\t\t\t}\n\t\t\t\t#gallery-3 .gallery-item {\n\t\t\t\t\tfloat: left;\n\t\t\t\t\tmargin-top: 10px;\n\t\t\t\t\ttext-align: center;\n\t\t\t\t\twidth: 33%;\n\t\t\t\t}\n\t\t\t\t#gallery-3 img {\n\t\t\t\t\tborder: 2px solid #cfcfcf;\n\t\t\t\t}\n\t\t\t\t#gallery-3 .gallery-caption {\n\t\t\t\t\tmargin-left: 0;\n\t\t\t\t}\n\t\t\t\t\/* see gallery_shortcode() in wp-includes\/media.php *\/\n\t\t\t<\/style>\n\t\t<div id='gallery-3' class='dt-gallery-container gallery galleryid-205790 gallery-columns-3 gallery-size-medium'><dl class='gallery-item'>\n\t\t\t\t<dt class='gallery-icon landscape'>\n\t\t\t\t\t<a class=\"rollover rollover-zoom dt-pswp-item\" title=\"asdasdasdasdasd\" data-dt-img-description=\"\" data-large_image_width=\"1329\" data-large_image_height=\"577\"href='https:\/\/www.radiopiu.net\/wordpress\/wp-content\/uploads\/2021\/04\/asdasdasdasdasd.jpg'><img loading=\"lazy\" decoding=\"async\" width=\"300\" height=\"130\" src=\"https:\/\/www.radiopiu.net\/wordpress\/wp-content\/uploads\/2021\/04\/asdasdasdasdasd-300x130.jpg\" class=\"attachment-medium size-medium\" alt=\"\" srcset=\"https:\/\/www.radiopiu.net\/wordpress\/wp-content\/uploads\/2021\/04\/asdasdasdasdasd-300x130.jpg 300w, https:\/\/www.radiopiu.net\/wordpress\/wp-content\/uploads\/2021\/04\/asdasdasdasdasd-1024x445.jpg 1024w, https:\/\/www.radiopiu.net\/wordpress\/wp-content\/uploads\/2021\/04\/asdasdasdasdasd-768x333.jpg 768w, https:\/\/www.radiopiu.net\/wordpress\/wp-content\/uploads\/2021\/04\/asdasdasdasdasd.jpg 1329w\" sizes=\"auto, (max-width: 300px) 100vw, 300px\" \/><\/a>\n\t\t\t\t<\/dt><\/dl><dl class='gallery-item'>\n\t\t\t\t<dt class='gallery-icon portrait'>\n\t\t\t\t\t<a class=\"rollover rollover-zoom dt-pswp-item\" title=\"asdasdasdasdasdasdasdasd\" data-dt-img-description=\"\" data-large_image_width=\"1548\" data-large_image_height=\"1600\"href='https:\/\/www.radiopiu.net\/wordpress\/wp-content\/uploads\/2021\/04\/asdasdasdasdasdasdasdasd.jpg'><img loading=\"lazy\" decoding=\"async\" width=\"290\" height=\"300\" src=\"https:\/\/www.radiopiu.net\/wordpress\/wp-content\/uploads\/2021\/04\/asdasdasdasdasdasdasdasd-290x300.jpg\" class=\"attachment-medium size-medium\" alt=\"\" srcset=\"https:\/\/www.radiopiu.net\/wordpress\/wp-content\/uploads\/2021\/04\/asdasdasdasdasdasdasdasd-290x300.jpg 290w, https:\/\/www.radiopiu.net\/wordpress\/wp-content\/uploads\/2021\/04\/asdasdasdasdasdasdasdasd-991x1024.jpg 991w, https:\/\/www.radiopiu.net\/wordpress\/wp-content\/uploads\/2021\/04\/asdasdasdasdasdasdasdasd-768x794.jpg 768w, https:\/\/www.radiopiu.net\/wordpress\/wp-content\/uploads\/2021\/04\/asdasdasdasdasdasdasdasd-1486x1536.jpg 1486w, https:\/\/www.radiopiu.net\/wordpress\/wp-content\/uploads\/2021\/04\/asdasdasdasdasdasdasdasd.jpg 1548w\" sizes=\"auto, (max-width: 290px) 100vw, 290px\" \/><\/a>\n\t\t\t\t<\/dt><\/dl><dl class='gallery-item'>\n\t\t\t\t<dt class='gallery-icon portrait'>\n\t\t\t\t\t<a class=\"rollover rollover-zoom dt-pswp-item\" title=\"asdasdq2qq\" data-dt-img-description=\"\" data-large_image_width=\"623\" data-large_image_height=\"707\"href='https:\/\/www.radiopiu.net\/wordpress\/wp-content\/uploads\/2021\/04\/asdasdq2qq.png'><img loading=\"lazy\" decoding=\"async\" width=\"264\" height=\"300\" src=\"https:\/\/www.radiopiu.net\/wordpress\/wp-content\/uploads\/2021\/04\/asdasdq2qq-264x300.png\" class=\"attachment-medium size-medium\" alt=\"\" srcset=\"https:\/\/www.radiopiu.net\/wordpress\/wp-content\/uploads\/2021\/04\/asdasdq2qq-264x300.png 264w, https:\/\/www.radiopiu.net\/wordpress\/wp-content\/uploads\/2021\/04\/asdasdq2qq.png 623w\" sizes=\"auto, (max-width: 264px) 100vw, 264px\" \/><\/a>\n\t\t\t\t<\/dt><\/dl><br style=\"clear: both\" \/>\n\t\t\t<\/div>\n\n<p>&nbsp;<\/p>\n<hr \/>\n<div class=\"page-title-head hgroup\">\n<blockquote>\n<h3 class=\"entry-title\">I CARABINIERI FORESTALI INTERROMPONO LA FESTA VIETATA DI ADDIO AL CELIBATO<\/h3>\n<\/blockquote>\n<p><a href=\"https:\/\/www.radiopiu.net\/wordpress\/i-carabinieri-forestali-interrompono-la-festa-vietata\/img-20210426-wa0007\/\" rel=\"attachment wp-att-206003\"><img loading=\"lazy\" decoding=\"async\" class=\"size-medium wp-image-206003 alignleft\" src=\"https:\/\/www.radiopiu.net\/wordpress\/wp-content\/uploads\/2021\/04\/IMG-20210426-WA0007-300x225.jpg\" alt=\"\" width=\"300\" height=\"225\" srcset=\"https:\/\/www.radiopiu.net\/wordpress\/wp-content\/uploads\/2021\/04\/IMG-20210426-WA0007-300x225.jpg 300w, https:\/\/www.radiopiu.net\/wordpress\/wp-content\/uploads\/2021\/04\/IMG-20210426-WA0007-1024x768.jpg 1024w, https:\/\/www.radiopiu.net\/wordpress\/wp-content\/uploads\/2021\/04\/IMG-20210426-WA0007-768x576.jpg 768w, https:\/\/www.radiopiu.net\/wordpress\/wp-content\/uploads\/2021\/04\/IMG-20210426-WA0007-1536x1153.jpg 1536w, https:\/\/www.radiopiu.net\/wordpress\/wp-content\/uploads\/2021\/04\/IMG-20210426-WA0007.jpg 1599w\" sizes=\"auto, (max-width: 300px) 100vw, 300px\" \/><\/a><strong>BORGO VALBELLUNA<\/strong> Quelle auto parcheggiate a Zelant e Cozzolin\u00a0 non sono passate inosservate all&#8217;occhio dei Carabinieri Forestali impegnati nel normale e quotidiano servizio. All&#8217;approfondimento la sorpresa: a quota 1200 metri era in corso la festa in Casera di propriet\u00e0 comunale, sempre aperta a tutti come bivacco per gli escursionisti. Era la festa di addio al celibato, con assembramento di 19 persone, residenti nelle province di Belluno, Treviso e Vicenza. Tutti i presenti sono stati identificati e sanzionati<\/p>\n<\/div>\n<div class=\"page-title-breadcrumbs\"><\/div>\n<p>&nbsp;<\/p>\n<p>&nbsp;<\/p>\n<hr \/>\n<blockquote>\n<h3><\/h3>\n<h3><a href=\"https:\/\/www.radiopiu.net\/wordpress\/tamponamento-a-tre-una-donna-leggermente-ferita\/321ddeef-92b2-4e05-b3fc-ac278edf0cd7\/\" rel=\"attachment wp-att-206095\"><img loading=\"lazy\" decoding=\"async\" class=\"wp-image-206095 alignleft\" src=\"https:\/\/www.radiopiu.net\/wordpress\/wp-content\/uploads\/2021\/04\/321ddeef-92b2-4e05-b3fc-ac278edf0cd7-169x300.jpg\" alt=\"\" width=\"110\" height=\"195\" srcset=\"https:\/\/www.radiopiu.net\/wordpress\/wp-content\/uploads\/2021\/04\/321ddeef-92b2-4e05-b3fc-ac278edf0cd7-169x300.jpg 169w, https:\/\/www.radiopiu.net\/wordpress\/wp-content\/uploads\/2021\/04\/321ddeef-92b2-4e05-b3fc-ac278edf0cd7-576x1024.jpg 576w, https:\/\/www.radiopiu.net\/wordpress\/wp-content\/uploads\/2021\/04\/321ddeef-92b2-4e05-b3fc-ac278edf0cd7-768x1366.jpg 768w, https:\/\/www.radiopiu.net\/wordpress\/wp-content\/uploads\/2021\/04\/321ddeef-92b2-4e05-b3fc-ac278edf0cd7-864x1536.jpg 864w, https:\/\/www.radiopiu.net\/wordpress\/wp-content\/uploads\/2021\/04\/321ddeef-92b2-4e05-b3fc-ac278edf0cd7.jpg 899w\" sizes=\"auto, (max-width: 110px) 100vw, 110px\" \/><\/a><\/h3>\n<h3><\/h3>\n<h3>TAMPONAMENTO A TRE, UNA DONNA LEGGERMENTE FERITA<\/h3>\n<\/blockquote>\n<div>\n<div dir=\"auto\"><strong>FELTRE<\/strong> Un&#8217;Opel Corsa condotta ad una cittadina Ucraina, 67 anni residente a Feltre (portata in ospedale per accertamenti dai sanitari del Pronto Soccorso di Feltre ), una\u00a0 Toyota condotta da cittadina italiana di Santa Giustina di\u00a0 72 anni e un Fiat Talento condotta da una bellunese\u00a0 di 66 anni.\u00a0 Per i rilievi sono intervenuti i Carabinieri di Feltre e i vigili del fuoco<\/div>\n<div dir=\"auto\">\n\n\t\t\t<style type='text\/css'>\n\t\t\t\t#gallery-4 {\n\t\t\t\t\tmargin: auto;\n\t\t\t\t}\n\t\t\t\t#gallery-4 .gallery-item {\n\t\t\t\t\tfloat: left;\n\t\t\t\t\tmargin-top: 10px;\n\t\t\t\t\ttext-align: center;\n\t\t\t\t\twidth: 50%;\n\t\t\t\t}\n\t\t\t\t#gallery-4 img {\n\t\t\t\t\tborder: 2px solid #cfcfcf;\n\t\t\t\t}\n\t\t\t\t#gallery-4 .gallery-caption {\n\t\t\t\t\tmargin-left: 0;\n\t\t\t\t}\n\t\t\t\t\/* see gallery_shortcode() in wp-includes\/media.php *\/\n\t\t\t<\/style>\n\t\t<div id='gallery-4' class='dt-gallery-container gallery galleryid-205790 gallery-columns-2 gallery-size-thumbnail'><dl class='gallery-item'>\n\t\t\t\t<dt class='gallery-icon landscape'>\n\t\t\t\t\t<a class=\"rollover rollover-zoom dt-pswp-item\" title=\"ee46fc60-becc-44cb-ab7f-5a0e19b7cc14\" data-dt-img-description=\"\" data-large_image_width=\"320\" data-large_image_height=\"240\"href='https:\/\/www.radiopiu.net\/wordpress\/wp-content\/uploads\/2021\/04\/ee46fc60-becc-44cb-ab7f-5a0e19b7cc14.jpg'><img loading=\"lazy\" decoding=\"async\" width=\"150\" height=\"150\" src=\"https:\/\/www.radiopiu.net\/wordpress\/wp-content\/uploads\/2021\/04\/ee46fc60-becc-44cb-ab7f-5a0e19b7cc14-150x150.jpg\" class=\"attachment-thumbnail size-thumbnail\" alt=\"\" \/><\/a>\n\t\t\t\t<\/dt><\/dl><dl class='gallery-item'>\n\t\t\t\t<dt class='gallery-icon landscape'>\n\t\t\t\t\t<a class=\"rollover rollover-zoom dt-pswp-item\" title=\"78380b48-665e-469e-ad85-179bb301fa9e\" data-dt-img-description=\"\" data-large_image_width=\"320\" data-large_image_height=\"240\"href='https:\/\/www.radiopiu.net\/wordpress\/wp-content\/uploads\/2021\/04\/78380b48-665e-469e-ad85-179bb301fa9e.jpg'><img loading=\"lazy\" decoding=\"async\" width=\"150\" height=\"150\" src=\"https:\/\/www.radiopiu.net\/wordpress\/wp-content\/uploads\/2021\/04\/78380b48-665e-469e-ad85-179bb301fa9e-150x150.jpg\" class=\"attachment-thumbnail size-thumbnail\" alt=\"\" \/><\/a>\n\t\t\t\t<\/dt><\/dl><br style=\"clear: both\" \/>\n\t\t\t<\/div>\n\n<\/div>\n<\/div>\n<p>&nbsp;<\/p>\n<p>&nbsp;<\/p>\n<hr \/>\n<blockquote>\n<h3><\/h3>\n<\/blockquote>\n<p><span style=\"color: #ff0000;\">OGGI SUL CORRIERE DELLE ALPI, L&#8217;APPROFONDIMENTO<\/span><\/p>\n<blockquote>\n<h3><a href=\"https:\/\/www.radiopiu.net\/wordpress\/ai-confini-della-truffa-on-line-arrivano-carabinieri\/come-denunciare-una-truffa-online_08e06d6afa3d19b8f75a75a210cdb7d2\/\" rel=\"attachment wp-att-15419\"><img loading=\"lazy\" decoding=\"async\" class=\"wp-image-15419 alignleft\" src=\"https:\/\/www.radiopiu.net\/wordpress\/wp-content\/uploads\/2016\/01\/come-denunciare-una-truffa-online_08e06d6afa3d19b8f75a75a210cdb7d2-300x199.jpg\" alt=\"\" width=\"196\" height=\"130\" \/><\/a>HACKER IN AGGUATO CON LO SMART\u00a0 WORKING, LE AZIENDE BELLUNESI BLINDANO ACCESSI E DATA BASE<\/h3>\n<\/blockquote>\n<p>Allarme smartworking: rischia di facilitare gli attacchi informatici, sia alle aziende, soprattutto le pi\u00f9 piccole, che ai privati. L&#8217;emergenza \u00abinvisibile ma diffusa\u00bb , come conferma la presidente Lorraine Berton, ha spinto Confindustria Belluno Dolomiti con il braccio operativo Reviviscar a rinsaldare la collaborazione con Aon, primo gruppo in Italia e nel mondo nella consulenza dei rischi e delle risorse umane.Vittime degli hacker aziende come Luxottica, Hydro, Epta Costan, Unifarco, ma anche tante attivit\u00e0 minori che non hanno denunciato il crimine digitale, come pure tanti privati. Con danni per decine se non per centinaia di migliaia di euro&#8230;<\/p>\n<p>&nbsp;<\/p>\n<p>&nbsp;<\/p>\n<p>&nbsp;<\/p>\n<hr \/>\n<blockquote>\n<h3><a href=\"https:\/\/www.radiopiu.net\/wordpress\/dalla-lastia-di-framont-verso-taibon-e-la-valle-di-san-lucano\/8e3c1c08-cde6-44f5-8bbb-c64c1136c6a4\/\" rel=\"attachment wp-att-157546\"><img loading=\"lazy\" decoding=\"async\" class=\" wp-image-157546 alignleft\" src=\"https:\/\/www.radiopiu.net\/wordpress\/wp-content\/uploads\/2020\/08\/8e3c1c08-cde6-44f5-8bbb-c64c1136c6a4-146x300.jpg\" alt=\"\" width=\"76\" height=\"156\" srcset=\"https:\/\/www.radiopiu.net\/wordpress\/wp-content\/uploads\/2020\/08\/8e3c1c08-cde6-44f5-8bbb-c64c1136c6a4-146x300.jpg 146w, https:\/\/www.radiopiu.net\/wordpress\/wp-content\/uploads\/2020\/08\/8e3c1c08-cde6-44f5-8bbb-c64c1136c6a4-498x1024.jpg 498w, https:\/\/www.radiopiu.net\/wordpress\/wp-content\/uploads\/2020\/08\/8e3c1c08-cde6-44f5-8bbb-c64c1136c6a4-768x1580.jpg 768w, https:\/\/www.radiopiu.net\/wordpress\/wp-content\/uploads\/2020\/08\/8e3c1c08-cde6-44f5-8bbb-c64c1136c6a4-747x1536.jpg 747w, https:\/\/www.radiopiu.net\/wordpress\/wp-content\/uploads\/2020\/08\/8e3c1c08-cde6-44f5-8bbb-c64c1136c6a4-233x480.jpg 233w, https:\/\/www.radiopiu.net\/wordpress\/wp-content\/uploads\/2020\/08\/8e3c1c08-cde6-44f5-8bbb-c64c1136c6a4.jpg 980w\" sizes=\"auto, (max-width: 76px) 100vw, 76px\" \/><\/a>UNA CENTRALINA IN VALLE DI SAN LUCANO? CHE GLI SPECULATORI DELL&#8217;ACQUA DELL&#8217;ALTO ADIGE SE LO SCORDINO.<\/h3>\n<\/blockquote>\n<p><strong>TAIBON<\/strong><\/p>\n<p><strong>DI GIANNI SANTOMASO\u00a0<\/strong><\/p>\n<audio class=\"wp-audio-shortcode\" id=\"audio-205790-2\" preload=\"none\" style=\"width: 100%;\" controls=\"controls\"><source type=\"audio\/mpeg\" src=\"https:\/\/www.radiopiu.net\/wordpress\/wp-content\/uploads\/2021\/04\/GIANNI-SAN-LUCANO.mp3?_=2\" \/><a href=\"https:\/\/www.radiopiu.net\/wordpress\/wp-content\/uploads\/2021\/04\/GIANNI-SAN-LUCANO.mp3\">https:\/\/www.radiopiu.net\/wordpress\/wp-content\/uploads\/2021\/04\/GIANNI-SAN-LUCANO.mp3<\/a><\/audio>\n<p>&nbsp;<\/p>\n<p>&nbsp;<\/p>\n<p>&nbsp;<\/p>\n<p>&nbsp;<\/p>\n<hr \/>\n<blockquote>\n<h3>I NOSTRI FIGLI NON SONO PACCHI POSTALI, LA MAMMA S&#8217;APPELLA A ZAIA<\/h3>\n<\/blockquote>\n<p><strong><a href=\"https:\/\/www.radiopiu.net\/wordpress\/giornale-radiopiu-16-02-2017\/olympus-digital-camera-143\/\" rel=\"attachment wp-att-28569\"><img loading=\"lazy\" decoding=\"async\" class=\"size-medium wp-image-28569 alignleft\" src=\"https:\/\/www.radiopiu.net\/wordpress\/wp-content\/uploads\/2017\/02\/ceod-300x225.jpg\" alt=\"\" width=\"300\" height=\"225\" \/><\/a>CENCENIGHE<\/strong>\u00a0 Da Cencenighe la lettera ha preso il via per Venezia, diretta all&#8217;ufficio del Governatore Luca Zaia. La firma\u00a0 la mamma-tutrice, perch\u00e9 la situazione che perdura da qualche anno secondo la stessa ha raggiunto il livello di guardia in merito\u00a0 all\u2019accoglienza dei ragazzi \u201cmeno fortunati\u201d dell\u2019Agordino.<em> &#8220;Vorrei pregarla\u00a0 &#8211; attacca la mamma agordina -di cercare, in Regione, il documento con le firme di noi genitori dei disabili per la richiesta di un finanziamento per realizzare il Polo funzionale di Agordo, tramite il compianto Floriano Pr\u00e0, allora assessore regionale, che ci invit\u00f2 presso la Sala Convegni della CMA, visto che correva \u201cL\u2019anno europeo della disabilit\u00e0\u201d gli\u00a0 fu pi\u00f9 facile ottenere il finanziamento, assicurandoci, a chiare lettere, che i locali di met\u00e0 del piano terra sarebbero stati adibiti ai nostri ragazzi perennemente. <\/em><em>Ora li vogliono spostare senza un motivo ben preciso in un luogo non adatto al loro stato di salute e per le loro esigenze motorie. <\/em><em>La residenza fu anche realizzata per ospitarli nei fine settimana, dove noi ora non possiamo permetterci perch\u00e9 \u00e8 diventata sempre pi\u00f9 costosa&#8221;.\u00a0<\/em>L&#8217;intento della mamma: appellarsi al suo buon senso del Presidente come persona obiettiva e umana affinch\u00e9\u00a0 faccia il possibile, anzi affinch\u00e9 venga a constatare di persona dove sono sempre stati fino ad ora i ragazzi , grazie a Floriano Pr\u00e0 che li aveva tolti da un ambiente umido e malsano presso i locali dell&#8217;allora Bar La Pace (isola pedonale di Agordo) prima della ristrutturazione attuale. <em>&#8220;E\u2019 ora di finirla di usare i nostri figli e ora li vogliono spostare, non sappiamo ancora a chi dire grazie di questo cambiamento, io personalmente non ho mai creduto in questo progetto. L\u00ec dove sono, vivono felice e contenti, si conoscono da anni, \u00e8 tutto il loro mondo essendo figli \u201cmeno fortunati\u201d, chi non conosce il dramma di noi genitori non pu\u00f2 capire. Mi associo a quella mamma che ha avuto il coraggio di protestare e di ragione ne ha anche troppa. Essendo di Cencenighe, io l\u2019ho vista nascere ed in seguito anche suo figlio. Vado spesso a trovarli e quando li vedo mi si stringe il cuore perch\u00e9 mio figlio a confronto \u00e8 un fiore all\u2019occhiello&#8221;.\u00a0\u00a0<\/em>In sintesi cosa chiede la mamma: che i figli rimangano dove sono con operatori e assistenti meravigliosi e riguardo al \u201cdopo di noi\u201d\u00a0 perch\u00e9 non potrebbe essere la Residenza Agordina? FOTO ARCHIVIO RADIO PIU<\/p>\n<p>&nbsp;<\/p>\n<hr \/>\n<blockquote>\n<h3><\/h3>\n<h3><\/h3>\n<h3>FIOM CGIL: SARANNO GIORNI DECISIVI PER IL PROGETTO ITALCOMP, IL GOVERNO RISPONDA<\/h3>\n<\/blockquote>\n<p><strong><a href=\"https:\/\/www.radiopiu.net\/wordpress\/fiom-cgil-saranno-giorni-decisivi-per-il-progetto-italcomp-il-governo-risponda\/schermata-2021-04-26-alle-10-27-59\/\" rel=\"attachment wp-att-205925\"><img loading=\"lazy\" decoding=\"async\" class=\"size-medium wp-image-205925 alignleft\" src=\"https:\/\/www.radiopiu.net\/wordpress\/wp-content\/uploads\/2021\/04\/Schermata-2021-04-26-alle-10.27.59-300x124.png\" alt=\"\" width=\"300\" height=\"124\" srcset=\"https:\/\/www.radiopiu.net\/wordpress\/wp-content\/uploads\/2021\/04\/Schermata-2021-04-26-alle-10.27.59-300x124.png 300w, https:\/\/www.radiopiu.net\/wordpress\/wp-content\/uploads\/2021\/04\/Schermata-2021-04-26-alle-10.27.59-768x318.png 768w, https:\/\/www.radiopiu.net\/wordpress\/wp-content\/uploads\/2021\/04\/Schermata-2021-04-26-alle-10.27.59.png 806w\" sizes=\"auto, (max-width: 300px) 100vw, 300px\" \/><\/a>BORGO VALBELLUNA<\/strong> La FIOM CGIL ricorda che saranno giorni decisivi per il futuro dell&#8217;ACC di Mel in vista del progetto Italcomp. Con un comunicato i sindacati chiedono risposte al Governo. Dal Piemonte la doccia fredda: licenziamento per i 400 dipendenti dell&#8217;ex Embraco di Torino che partir\u00e0 dal 22 luglio al termine degli ammortizzatori sociali,\u00a0 il curatore fallimentare dell&#8217;ex Embraco\u00a0 non ha seguito le parole del governo, decidendo invece di licenziare. <em>. \u00abSiamo a dir poco preoccupati per i finanziamenti che dovrebbero arrivarci e che ci garantirebbero di sopravvivere fino all&#8217;avvio del polo del compressore. Se non arriveranno entro qualche giorno, lo stabilimento zumellese dovr\u00e0 chiudere e allora non ci sar\u00e0 pi\u00f9 alcun futuro per i lavoratori\u00bb <\/em>\u00a0\u00e8 quanto dichiarano i sindacati in un&#8217;intervista al Corriere delle Alpi\u00a0 e aggiungono: <em>\u00abNelle prossime ore dovremo capire se quanto accaduto a Torino \u00e8 un altro incidente tecnico del governo o se c&#8217;\u00e8 qualcosa di pi\u00f9 sotto. Se il governo non ha avuto la forza politica di chiudere e nemmeno tenere aperto l&#8217;ex Embraco, cosa succeder\u00e0 ad Acc?<\/em><\/p>\n<blockquote><p><strong>LA FIOM CGIL<\/strong><\/p>\n<blockquote><p><em>Giorni decisivi per Acc e il progetto Italcomp, il governo e il viceministro Todde, come da impegni presi, devono inviare &#8220;ad horas&#8221; alle organizzazioni sindacali il verbale dell&#8217;incontro del 23 scorso e il testo dell&#8217;emendamento art. 37 DL sostegni che il governo presenter\u00e0 in conversione. La cosa tuttavia pi\u00f9 importante \u00e8 che il governo italiano deve rispondere una volta per tutte alla domanda fondamentale, \u00e8 interessato, ritenendola strategica( come Ilva e Alitalia con finanza pubblica) a rafforzare la filiera della componentistica eldom? Deve rispondere! altrimenti \u00e8 il caos di questi giorni tra polo Nazionale o svendita estera, s\u00ec o no, ma si decida per chi attende da troppo tempo le loro scelte! <\/em><\/p>\n<p><em>Fiom CGIL Belluno<\/em><\/p><\/blockquote>\n<\/blockquote>\n<p><strong>DIRETTA LA 7<\/strong><\/p>\n<div style=\"width: 426px;\" class=\"wp-video\"><video class=\"wp-video-shortcode\" id=\"video-205790-1\" width=\"426\" height=\"192\" preload=\"metadata\" controls=\"controls\"><source type=\"video\/mp4\" src=\"https:\/\/www.radiopiu.net\/wordpress\/wp-content\/uploads\/2021\/04\/WhatsApp-Video-2021-04-26-at-10.24.24.mp4?_=1\" \/><a href=\"https:\/\/www.radiopiu.net\/wordpress\/wp-content\/uploads\/2021\/04\/WhatsApp-Video-2021-04-26-at-10.24.24.mp4\">https:\/\/www.radiopiu.net\/wordpress\/wp-content\/uploads\/2021\/04\/WhatsApp-Video-2021-04-26-at-10.24.24.mp4<\/a><\/video><\/div>\n<p>&nbsp;<\/p>\n<hr \/>\n<p>&nbsp;<\/p>\n<blockquote>\n<h3>STRAGE DI UNGULATI SULLE STRADE DELLA PROVINCIA, RITROVATE LE PECORE SCOMPARSE, INDAGANO I CARABINIERI<\/h3>\n<\/blockquote>\n<p dir=\"auto\"><strong><a href=\"https:\/\/www.radiopiu.net\/wordpress\/strage-di-ungulati-sulle-strade\/deer-1082318_960_720\/\" rel=\"attachment wp-att-205969\"><img loading=\"lazy\" decoding=\"async\" class=\"size-medium wp-image-205969 alignleft\" src=\"https:\/\/www.radiopiu.net\/wordpress\/wp-content\/uploads\/2021\/04\/deer-1082318_960_720-300x200.jpg\" alt=\"\" width=\"300\" height=\"200\" srcset=\"https:\/\/www.radiopiu.net\/wordpress\/wp-content\/uploads\/2021\/04\/deer-1082318_960_720-300x200.jpg 300w, https:\/\/www.radiopiu.net\/wordpress\/wp-content\/uploads\/2021\/04\/deer-1082318_960_720-768x512.jpg 768w, https:\/\/www.radiopiu.net\/wordpress\/wp-content\/uploads\/2021\/04\/deer-1082318_960_720.jpg 960w\" sizes=\"auto, (max-width: 300px) 100vw, 300px\" \/><\/a>BELLUNO<\/strong> Se c&#8217;entra l&#8217;allentamento delle restrizioni con maggiore traffico \u00e8 solo un&#8217;ipotesi. Piuttosto il centra ci sta se difronte al&#8217;ungulato in passeggiata su strade asfaltate ci si mette l&#8217;automobilista che inizia la settimana imprecando al cielo, niente di peggio che iniziare un giornata a contare danni e vedere comunque i poveri animali finire sotto le ruote. I Carabinieri sono stati testimoni della strage mattutina, intervendo in diverse zone della provincia, nelle ultime 24 ore, dalle 7.30 di domenica a ieri mattina: un capriolo e un cervo a\u00a0 Santa Giustina,\u00a0 un cervo in Val di Zoldo, un capriolo a Fortogna\u00a0 un cervo a Belluno\u00a0 zona Veneggia, 2 due cervi in mezz&#8217;ora a Feltre. Nessun incidente segnalato lungo la regionale 203 agordina, ovvero la principale viabilit\u00e0 per l&#8217;Agordino che comprende anche il tratto Candaten-Le Campe, soprattutto Candaten dove la sera pascolano gli animali e ogni tanto decidono di scendere verso il Cordevole per abbeverarsi. In queste settimane sono stati piantati alberi, forse siepi ma la sensazione raccolta tra gli automobilisti \u00e8 che siano ancora pi\u00f9 pericolosi non vedendo gli animali scendere dai boschi. Sensazioni si diceva,\u00a0 con spesso accanto commenti riferiti ad altre zone dell&#8217;alta Italia dove nel tempo sono stati realizzati sovra passi sulle strade, ma \u00e8 solo un esempio. I vigili del fuoco di Belluno sono stati impegnati nel recupero di pecore a\u00a0 Borgo Valbelluna. Indagano i carabinieri: un giallo la loro sparizione e il loro ritrovamento, un&#8217;indicazione ha dato la possibilit\u00e0 di concentrare l&#8217;attenzione su un&#8217;area\u00a0 nella quale\u00a0 sono state rinvenute<\/p>\n<hr \/>\n<blockquote>\n<h3><\/h3>\n<\/blockquote>\n<p><span style=\"color: #ff0000;\">UNIONE MONTANA<\/span><\/p>\n<blockquote>\n<h3><a href=\"https:\/\/www.radiopiu.net\/wordpress\/mezzo-secolo-di-storia-colorato-di-bianco-e-azzurro\/treno-vapore\/\" rel=\"attachment wp-att-75399\"><img loading=\"lazy\" decoding=\"async\" class=\" wp-image-75399 alignleft\" src=\"https:\/\/www.radiopiu.net\/wordpress\/wp-content\/uploads\/2019\/02\/treno-vapore-300x250.jpg\" alt=\"\" width=\"154\" height=\"128\" srcset=\"https:\/\/www.radiopiu.net\/wordpress\/wp-content\/uploads\/2019\/02\/treno-vapore-300x250.jpg 300w, https:\/\/www.radiopiu.net\/wordpress\/wp-content\/uploads\/2019\/02\/treno-vapore-768x640.jpg 768w, https:\/\/www.radiopiu.net\/wordpress\/wp-content\/uploads\/2019\/02\/treno-vapore.jpg 787w\" sizes=\"auto, (max-width: 154px) 100vw, 154px\" \/><\/a>IL COMITATO DEL TRENO PER LE DOLOMITI LUNGO LA VALLE DEL CORDEVOLE PRONTO A PRESENTARE IL PROGETTO DI STEFANO DELL&#8217;OSBEL AI SINDACI AGORDINI<\/h3>\n<\/blockquote>\n<p><strong>AGORDO<\/strong><\/p>\n<blockquote><p><strong>di GIANNI SANTOMASO\u00a0<\/strong><\/p><\/blockquote>\n<audio class=\"wp-audio-shortcode\" id=\"audio-205790-3\" preload=\"none\" style=\"width: 100%;\" controls=\"controls\"><source type=\"audio\/mpeg\" src=\"https:\/\/www.radiopiu.net\/wordpress\/wp-content\/uploads\/2021\/04\/GIANNI-COMUNITA.mp3?_=3\" \/><a href=\"https:\/\/www.radiopiu.net\/wordpress\/wp-content\/uploads\/2021\/04\/GIANNI-COMUNITA.mp3\">https:\/\/www.radiopiu.net\/wordpress\/wp-content\/uploads\/2021\/04\/GIANNI-COMUNITA.mp3<\/a><\/audio>\n<blockquote><p>&nbsp;<\/p><\/blockquote>\n<hr \/>\n<blockquote>\n<h3>L&#8217;INDECENZA FA DA CONTRALTARE ALLO SFORZO DEGLI ECOVOLONTARI<\/h3>\n<\/blockquote>\n<p><strong>REDAZIONE<\/strong> Riceviamo e pubblichiamo una segnalazione da Rocca Pietore.<\/p>\n<blockquote><p><em>Questo \u00e8 il piazzale in fondo al paese Digonera. Ci ritroviamo con un&#8217;indecenza. Si fermano i corrieri e fanno i loro bisogni. Siamo stufi, ma ci hanno preso per un &#8220;cesso&#8221; a cielo aperto? Io capisco i bar chiusi ma almeno la facessero un po&#8217; pi\u00f9 gi\u00f9 tra gli alberi. Quando noi\u00a0 ci dobbiamo girare con le macchine rischiamo di centrale in pieno. E noi poi facciamo la giornata ecologica per avere il paese pulito.<br \/>\nClaudia.\u00a0<\/em><\/p><\/blockquote>\n\n\t\t\t<style type='text\/css'>\n\t\t\t\t#gallery-5 {\n\t\t\t\t\tmargin: auto;\n\t\t\t\t}\n\t\t\t\t#gallery-5 .gallery-item {\n\t\t\t\t\tfloat: left;\n\t\t\t\t\tmargin-top: 10px;\n\t\t\t\t\ttext-align: center;\n\t\t\t\t\twidth: 20%;\n\t\t\t\t}\n\t\t\t\t#gallery-5 img {\n\t\t\t\t\tborder: 2px solid #cfcfcf;\n\t\t\t\t}\n\t\t\t\t#gallery-5 .gallery-caption {\n\t\t\t\t\tmargin-left: 0;\n\t\t\t\t}\n\t\t\t\t\/* see gallery_shortcode() in wp-includes\/media.php *\/\n\t\t\t<\/style>\n\t\t<div id='gallery-5' class='dt-gallery-container gallery galleryid-205790 gallery-columns-5 gallery-size-medium'><dl class='gallery-item'>\n\t\t\t\t<dt class='gallery-icon portrait'>\n\t\t\t\t\t<a class=\"rollover rollover-zoom dt-pswp-item\" title=\"51c10a7c-dffd-429d-a73a-3614ebec2e88\" data-dt-img-description=\"\" data-large_image_width=\"1200\" data-large_image_height=\"1600\"href='https:\/\/www.radiopiu.net\/wordpress\/wp-content\/uploads\/2021\/04\/51c10a7c-dffd-429d-a73a-3614ebec2e88.jpg'><img loading=\"lazy\" decoding=\"async\" width=\"225\" height=\"300\" src=\"https:\/\/www.radiopiu.net\/wordpress\/wp-content\/uploads\/2021\/04\/51c10a7c-dffd-429d-a73a-3614ebec2e88-225x300.jpg\" class=\"attachment-medium size-medium\" alt=\"\" srcset=\"https:\/\/www.radiopiu.net\/wordpress\/wp-content\/uploads\/2021\/04\/51c10a7c-dffd-429d-a73a-3614ebec2e88-225x300.jpg 225w, https:\/\/www.radiopiu.net\/wordpress\/wp-content\/uploads\/2021\/04\/51c10a7c-dffd-429d-a73a-3614ebec2e88-768x1024.jpg 768w, https:\/\/www.radiopiu.net\/wordpress\/wp-content\/uploads\/2021\/04\/51c10a7c-dffd-429d-a73a-3614ebec2e88-1152x1536.jpg 1152w, https:\/\/www.radiopiu.net\/wordpress\/wp-content\/uploads\/2021\/04\/51c10a7c-dffd-429d-a73a-3614ebec2e88.jpg 1200w\" sizes=\"auto, (max-width: 225px) 100vw, 225px\" \/><\/a>\n\t\t\t\t<\/dt><\/dl><dl class='gallery-item'>\n\t\t\t\t<dt class='gallery-icon portrait'>\n\t\t\t\t\t<a class=\"rollover rollover-zoom dt-pswp-item\" title=\"f9c3af65-c112-4e36-9a85-066edc2c3a07\" data-dt-img-description=\"\" data-large_image_width=\"1200\" data-large_image_height=\"1600\"href='https:\/\/www.radiopiu.net\/wordpress\/wp-content\/uploads\/2021\/04\/f9c3af65-c112-4e36-9a85-066edc2c3a07.jpg'><img loading=\"lazy\" decoding=\"async\" width=\"225\" height=\"300\" src=\"https:\/\/www.radiopiu.net\/wordpress\/wp-content\/uploads\/2021\/04\/f9c3af65-c112-4e36-9a85-066edc2c3a07-225x300.jpg\" class=\"attachment-medium size-medium\" alt=\"\" srcset=\"https:\/\/www.radiopiu.net\/wordpress\/wp-content\/uploads\/2021\/04\/f9c3af65-c112-4e36-9a85-066edc2c3a07-225x300.jpg 225w, https:\/\/www.radiopiu.net\/wordpress\/wp-content\/uploads\/2021\/04\/f9c3af65-c112-4e36-9a85-066edc2c3a07-768x1024.jpg 768w, https:\/\/www.radiopiu.net\/wordpress\/wp-content\/uploads\/2021\/04\/f9c3af65-c112-4e36-9a85-066edc2c3a07-1152x1536.jpg 1152w, https:\/\/www.radiopiu.net\/wordpress\/wp-content\/uploads\/2021\/04\/f9c3af65-c112-4e36-9a85-066edc2c3a07.jpg 1200w\" sizes=\"auto, (max-width: 225px) 100vw, 225px\" \/><\/a>\n\t\t\t\t<\/dt><\/dl><dl class='gallery-item'>\n\t\t\t\t<dt class='gallery-icon portrait'>\n\t\t\t\t\t<a class=\"rollover rollover-zoom dt-pswp-item\" title=\"5a166331-8e74-4403-8b46-7406adec6eb9\" data-dt-img-description=\"\" data-large_image_width=\"1200\" data-large_image_height=\"1600\"href='https:\/\/www.radiopiu.net\/wordpress\/wp-content\/uploads\/2021\/04\/5a166331-8e74-4403-8b46-7406adec6eb9.jpg'><img loading=\"lazy\" decoding=\"async\" width=\"225\" height=\"300\" src=\"https:\/\/www.radiopiu.net\/wordpress\/wp-content\/uploads\/2021\/04\/5a166331-8e74-4403-8b46-7406adec6eb9-225x300.jpg\" class=\"attachment-medium size-medium\" alt=\"\" srcset=\"https:\/\/www.radiopiu.net\/wordpress\/wp-content\/uploads\/2021\/04\/5a166331-8e74-4403-8b46-7406adec6eb9-225x300.jpg 225w, https:\/\/www.radiopiu.net\/wordpress\/wp-content\/uploads\/2021\/04\/5a166331-8e74-4403-8b46-7406adec6eb9-768x1024.jpg 768w, https:\/\/www.radiopiu.net\/wordpress\/wp-content\/uploads\/2021\/04\/5a166331-8e74-4403-8b46-7406adec6eb9-1152x1536.jpg 1152w, https:\/\/www.radiopiu.net\/wordpress\/wp-content\/uploads\/2021\/04\/5a166331-8e74-4403-8b46-7406adec6eb9.jpg 1200w\" sizes=\"auto, (max-width: 225px) 100vw, 225px\" \/><\/a>\n\t\t\t\t<\/dt><\/dl><dl class='gallery-item'>\n\t\t\t\t<dt class='gallery-icon portrait'>\n\t\t\t\t\t<a class=\"rollover rollover-zoom dt-pswp-item\" title=\"1a4c2f4a-a8fe-4614-ade6-e609b28574ef\" data-dt-img-description=\"\" data-large_image_width=\"1200\" data-large_image_height=\"1600\"href='https:\/\/www.radiopiu.net\/wordpress\/wp-content\/uploads\/2021\/04\/1a4c2f4a-a8fe-4614-ade6-e609b28574ef.jpg'><img loading=\"lazy\" decoding=\"async\" width=\"225\" height=\"300\" src=\"https:\/\/www.radiopiu.net\/wordpress\/wp-content\/uploads\/2021\/04\/1a4c2f4a-a8fe-4614-ade6-e609b28574ef-225x300.jpg\" class=\"attachment-medium size-medium\" alt=\"\" srcset=\"https:\/\/www.radiopiu.net\/wordpress\/wp-content\/uploads\/2021\/04\/1a4c2f4a-a8fe-4614-ade6-e609b28574ef-225x300.jpg 225w, https:\/\/www.radiopiu.net\/wordpress\/wp-content\/uploads\/2021\/04\/1a4c2f4a-a8fe-4614-ade6-e609b28574ef-768x1024.jpg 768w, https:\/\/www.radiopiu.net\/wordpress\/wp-content\/uploads\/2021\/04\/1a4c2f4a-a8fe-4614-ade6-e609b28574ef-1152x1536.jpg 1152w, https:\/\/www.radiopiu.net\/wordpress\/wp-content\/uploads\/2021\/04\/1a4c2f4a-a8fe-4614-ade6-e609b28574ef.jpg 1200w\" sizes=\"auto, (max-width: 225px) 100vw, 225px\" \/><\/a>\n\t\t\t\t<\/dt><\/dl><dl class='gallery-item'>\n\t\t\t\t<dt class='gallery-icon portrait'>\n\t\t\t\t\t<a class=\"rollover rollover-zoom dt-pswp-item\" title=\"e79e230d-d4bf-4574-9601-7d34e0ae857f\" data-dt-img-description=\"\" data-large_image_width=\"1200\" data-large_image_height=\"1600\"href='https:\/\/www.radiopiu.net\/wordpress\/wp-content\/uploads\/2021\/04\/e79e230d-d4bf-4574-9601-7d34e0ae857f.jpg'><img loading=\"lazy\" decoding=\"async\" width=\"225\" height=\"300\" src=\"https:\/\/www.radiopiu.net\/wordpress\/wp-content\/uploads\/2021\/04\/e79e230d-d4bf-4574-9601-7d34e0ae857f-225x300.jpg\" class=\"attachment-medium size-medium\" alt=\"\" srcset=\"https:\/\/www.radiopiu.net\/wordpress\/wp-content\/uploads\/2021\/04\/e79e230d-d4bf-4574-9601-7d34e0ae857f-225x300.jpg 225w, https:\/\/www.radiopiu.net\/wordpress\/wp-content\/uploads\/2021\/04\/e79e230d-d4bf-4574-9601-7d34e0ae857f-768x1024.jpg 768w, https:\/\/www.radiopiu.net\/wordpress\/wp-content\/uploads\/2021\/04\/e79e230d-d4bf-4574-9601-7d34e0ae857f-1152x1536.jpg 1152w, https:\/\/www.radiopiu.net\/wordpress\/wp-content\/uploads\/2021\/04\/e79e230d-d4bf-4574-9601-7d34e0ae857f.jpg 1200w\" sizes=\"auto, (max-width: 225px) 100vw, 225px\" \/><\/a>\n\t\t\t\t<\/dt><\/dl><br style=\"clear: both\" \/>\n\t\t\t<\/div>\n\n<p>&nbsp;<\/p>\n<hr \/>\n<p>&nbsp;<\/p>\n<blockquote>\n<h3>IL NUOVO PREFETTO DAL SINDACO E DAL PRESIDENTE DELLA PROVINCIA<\/h3>\n<\/blockquote>\n<p><strong><img loading=\"lazy\" decoding=\"async\" class=\"alignleft\" src=\"https:\/\/www.radiopiu.net\/wordpress\/wp-content\/uploads\/2021\/04\/Incontro-Massaro-Prefetto-Savastano-2-scaled.jpg\" width=\"215\" height=\"143\" \/>BELLUNO <\/strong>Il Sindaco di Belluno, Jacopo Massaro, ha ricevuto\u00a0 nel suo ufficio di Palazzo Rosso il nuovo Prefetto di Belluno, Mariano Savastano. <em>\u00abHo subito apprezzato il senso delle istituzioni del nuovo Prefetto e la sua intenzione, ribadita pi\u00f9 volte nel corso dell&#8217;incontro, di fare squadra con i sindaci e con le realt\u00e0 della nostra provincia. &#8211; commenta Massaro \u2013 Abbiamo avuto modo di <a href=\"https:\/\/www.radiopiu.net\/wordpress\/il-nuovo-prefetto-a-palazzo-rosso-nellufficio-del-sindaco\/img_9563\/\" rel=\"attachment wp-att-206028\"><img loading=\"lazy\" decoding=\"async\" class=\"size-medium wp-image-206028 alignright\" src=\"https:\/\/www.radiopiu.net\/wordpress\/wp-content\/uploads\/2021\/04\/IMG_9563-300x225.jpg\" alt=\"\" width=\"300\" height=\"225\" srcset=\"https:\/\/www.radiopiu.net\/wordpress\/wp-content\/uploads\/2021\/04\/IMG_9563-300x225.jpg 300w, https:\/\/www.radiopiu.net\/wordpress\/wp-content\/uploads\/2021\/04\/IMG_9563-1024x768.jpg 1024w, https:\/\/www.radiopiu.net\/wordpress\/wp-content\/uploads\/2021\/04\/IMG_9563-768x576.jpg 768w, https:\/\/www.radiopiu.net\/wordpress\/wp-content\/uploads\/2021\/04\/IMG_9563-1536x1152.jpg 1536w, https:\/\/www.radiopiu.net\/wordpress\/wp-content\/uploads\/2021\/04\/IMG_9563.jpg 2016w\" sizes=\"auto, (max-width: 300px) 100vw, 300px\" \/><\/a>condividere una visione sulle peculiarit\u00e0 del nostro territorio e anche la necessit\u00e0 di una stretta collaborazione tra tutti i livelli istituzionali sui grandi temi che dovremo affrontare nei prossimi anni\u00bb.\u00a0<\/em>Poche decine di metri pi\u00f9 avanti il Prefetto ha poi varcato le porte della Provincia per incontrare il Presidente Padrin e il consigliere Massimo Bortoluzzi <em>&#8220;<\/em><em>Ho trovato una persona disponibile al dialogo e pronta a lavorare insieme a tutti i soggetti istituzionali del territorio, per il bene comune &#8211; spiega il presidente Padrin -. \u00c8 importante questo gioco di squadra, perch\u00e9 abbiamo davanti alcuni nodi critici. Con il prefetto Savastano ci siamo augurati vicendevolmente buon lavoro<\/em>.<\/p>\n<p><strong>\u00a0<\/strong>Sempre ieri\u00a0 il Prefetto a Palazzo dei Rettori ha incontrato\u00a0 i vertici delle Forze di Polizia. Domani\u00a0alle 10.30, il Prefetto render\u00e0 omaggio ai Caduti deponendo due corone d\u2019alloro presso il monumento ai Caduti della resistenza in Piazza dei Martiri e, a seguire, presso la Stele commemorativa dei Caduti delle due Guerre mondiali in Viale Fantuzzi. Successivamente, si recher\u00e0 a Longarone dove, alle ore 11.30, dopo aver incontrato il Sindaco, render\u00e0 omaggio alle vittime del Vajont deponendo una corona presso il Cimitero Monumentale di Fortogna.<\/p>\n<p>&nbsp;<\/p>\n<hr \/>\n<p>&nbsp;<\/p>\n<blockquote>\n<h3>NUOVO LOOK\u00a0 ALLA ROTONDA DEL NEVEGAL<\/h3>\n<\/blockquote>\n<p><strong><a href=\"https:\/\/www.radiopiu.net\/wordpress\/giornale-radiopiu-27-aprile-2021-direttore-mirko-mezzacasa\/4-41\/\" rel=\"attachment wp-att-205986\"><img loading=\"lazy\" decoding=\"async\" class=\"size-medium wp-image-205986 alignleft\" src=\"https:\/\/www.radiopiu.net\/wordpress\/wp-content\/uploads\/2021\/04\/4-225x300.jpeg\" alt=\"\" width=\"225\" height=\"300\" srcset=\"https:\/\/www.radiopiu.net\/wordpress\/wp-content\/uploads\/2021\/04\/4-225x300.jpeg 225w, https:\/\/www.radiopiu.net\/wordpress\/wp-content\/uploads\/2021\/04\/4-768x1024.jpeg 768w, https:\/\/www.radiopiu.net\/wordpress\/wp-content\/uploads\/2021\/04\/4-1152x1536.jpeg 1152w, https:\/\/www.radiopiu.net\/wordpress\/wp-content\/uploads\/2021\/04\/4.jpeg 1200w\" sizes=\"auto, (max-width: 225px) 100vw, 225px\" \/><\/a>BELLUNO<\/strong>\u00a0 Al via da ieri\u00a0 il cantiere di riqualificazione della rotonda di accesso al Nevegal. L&#8217;opera non sar\u00e0 solo un abbellimento della zona, ma metter\u00e0 in sicurezza illuminazione, passaggi pedonali e la segnaletica grazie ad\u00a0 un accordo pubblico-privato fra l\u2019associazione Vivaio Dolomiti e la Provincia di Belluno. L\u2019associazione ha donato il progetto all\u2019ente pubblico, partecipa economicamente e si occuper\u00e0 della manutenzione straordinaria del verde della rotatoria per i prossimi cinque anni.<em> &#8220;Speriamo sia un porta fortuna per il colle bellunese &#8211; dice Vivaio Dolomiti &#8211; dopo anni di abbandono speriamo possa partire una riqualificazione concreta dell\u2019intera zona per il suo rilancio turistico<\/em>.\u00a0 Piccolo segnale di un territorio che si \u00e8 mosso compatto, grazie anche ai fondi raccolti dagli amici di Conegliano, per solidariet\u00e0 dopo l&#8217;emergenza Vaia e consegnati all&#8217;associazione Vivaio Dolomiti. Protagonisti, oltre all&#8217;architetto Willi Guidolin, il dottore forestale Claudio Frescura, il dottore forestale Davide Pasut, il dottore geologo Massimo Di Giusto, l\u2019ingegner Valentino Lunardi e il fotografo Cristian Timpone: tutti hanno collaborato con le loro competenze a titolo gratuito.<\/p>\n<p>&nbsp;<\/p>\n<hr \/>\n<blockquote>\n<h3><\/h3>\n<h3>SCUOLA E TRASPORTI, VIA LIBERA AI PRIVATI<\/h3>\n<\/blockquote>\n<p><strong><a href=\"https:\/\/www.radiopiu.net\/wordpress\/giornale-radiopiu-05-gennaio-2019-direttore-mirko-mezzacasa\/download-479\/\" rel=\"attachment wp-att-71362\"><img loading=\"lazy\" decoding=\"async\" class=\"wp-image-71362 alignleft\" src=\"https:\/\/www.radiopiu.net\/wordpress\/wp-content\/uploads\/2019\/01\/download-2.jpg\" alt=\"\" width=\"99\" height=\"149\" \/><\/a>BELLUNO<\/strong> <em>&#8220;Il ritorno alla didattica in presenza al 70% nelle scuole superiori ha confermato il servizio e non abbiamo registrato nessun tipo di problema\u00bb.<\/em> \u00c8 quanto afferma il consigliere provinciale delegato ai trasporti, Dario Scopel (foto), nel primo giorno di scuole superiori di nuovo alla didattica in presenza, dopo qualche mese di restrizioni. <em>\u00abDolomitibus ha assicurato una portata massima dei mezzi al 50% e non abbiamo avuto nessuna segnalazione di disservizio. In questi primi giorni inoltre verranno monitorate le linee pi\u00f9 frequentate dagli studenti. Abbiamo dato il via libera\u00a0 all\u2019affiancamento da parte di alcuni mezzi privati\u00bb. <\/em>La Provincia infatti ha disposto una determina che consente a due ditte private bellunesi di affiancare Dolomitibus, due operatori privati per assicurare un trasporto pubblico efficiente, e anche per dare lavoro a imprese che da oltre un anno sono ferme per le restrizioni.<\/p>\n<p>&nbsp;<\/p>\n<hr \/>\n<blockquote>\n<h3><\/h3>\n<h3>DOTTOR PAOLO ROSI, RESPONSABILE-COORDINATORE TERAPIA INTENSIVE<\/h3>\n<p><em><img loading=\"lazy\" decoding=\"async\" class=\"alignleft\" src=\"https:\/\/www.radiopiu.net\/wordpress\/wp-content\/uploads\/2021\/04\/c2094b46-c0c8-4b6b-a09c-a05c82903f99.jpg\" width=\"279\" height=\"157\" \/>I dati vengono dal monitoraggio in tempo reale dall&#8217;occupazione di posti letto, non c&#8217;\u00e8 mediazione sui dati, cos\u00ec arrivano da chi gestisce i pazienti, nessuno li corregge e nessuno mi ha mai chiesto di modificare i dati reali \u00e8 tutto trasparente. Non diamo dati n\u00e8 alterati n\u00e8 modificati non darei dati falsi neanche me li chiedessero cosa che non capiter\u00e0.<\/em><\/p><\/blockquote>\n<p><strong>I NUMERI E LE CONSIDERAZIONI<\/strong> 187 positivi in terapia intensiva, 100 in meno rispetto ad aprile, rapido calo con un terzo dei ricoverati. 470 posti complessivi, quasi vicini a una condizione ordinaria ma non va letto cos\u00ec perch\u00e9 non siamo ripartiti con le attivit\u00e0 ordinarie. Il carico si lavoro si \u00e8 ridotto ma sempre di grande impegno e c&#8217;\u00e8 la sfida di recuperare i tempi persi. Confronto con precedente riapertura a gennaio uguale. Situazione pesante ma tranquilla.\u00a0 Quando parliamo di letti occupati che calano non significa che non ci sono ingressi, mediamente sono 10 i pazienti al giorno che entrano in ospedale. Non mi aspetto vada a finire a zero. Come a febbraio andremo ai 4-5 ingressi al giorno. I numeri sono in calo perch\u00e9 le uscite prevalgono sulle entrate, ma non stiamo smobilitando. Numero di pazienti positivi ricoverati intorno al 4,5% in discesa rispetto a marzo.\u00a0 <strong>OVER 80<\/strong> Solo il 2.5% di pazienti over 80 entrati in terapia intensiva ad aprile,\u00a0 contro il 10% delle fasce precedenti<\/p>\n<p>&nbsp;<\/p>\n<p>&nbsp;<\/p>\n<hr \/>\n<h3><\/h3>\n<h3>\u00a0 covid LA TABELLA DELLA SITUAZIONE ATTUALE IN VENETO<\/h3>\n<blockquote>\n<h3>Dal canale Telegram\u00a0BOLLETTINI CORONAVIRUS<\/h3>\n<\/blockquote>\n<p><a href=\"https:\/\/www.radiopiu.net\/wordpress\/giornale-radiopiu-27-aprile-2021-direttore-mirko-mezzacasa\/6ff226a3-3710-4d7c-96c2-a195ad43087d\/\" rel=\"attachment wp-att-206071\"><img loading=\"lazy\" decoding=\"async\" class=\"alignnone wp-image-206071 size-full\" src=\"https:\/\/www.radiopiu.net\/wordpress\/wp-content\/uploads\/2021\/04\/6ff226a3-3710-4d7c-96c2-a195ad43087d.jpg\" alt=\"\" width=\"1024\" height=\"780\" srcset=\"https:\/\/www.radiopiu.net\/wordpress\/wp-content\/uploads\/2021\/04\/6ff226a3-3710-4d7c-96c2-a195ad43087d.jpg 1024w, https:\/\/www.radiopiu.net\/wordpress\/wp-content\/uploads\/2021\/04\/6ff226a3-3710-4d7c-96c2-a195ad43087d-300x229.jpg 300w, https:\/\/www.radiopiu.net\/wordpress\/wp-content\/uploads\/2021\/04\/6ff226a3-3710-4d7c-96c2-a195ad43087d-768x585.jpg 768w\" sizes=\"auto, (max-width: 1024px) 100vw, 1024px\" \/><\/a><\/p>\n<p>&nbsp;<\/p>\n<p>https:\/\/www.radiopiu.net\/wordpress\/in-24-ore-report\/<\/p>\n<p>&nbsp;<\/p>\n<p>&nbsp;<\/p>\n<blockquote class=\"wp-embedded-content\" data-secret=\"V7lZzeTwYB\"><p><a href=\"https:\/\/www.radiopiu.net\/wordpress\/aggapr26\/\">CORONAVIRUS: AGGIORNAMENTO NAZIONALE 26 APRILE  2021<\/a><\/p><\/blockquote>\n<p><iframe loading=\"lazy\" class=\"wp-embedded-content\" sandbox=\"allow-scripts\" security=\"restricted\" style=\"position: absolute; clip: rect(1px, 1px, 1px, 1px);\" title=\"&#8220;CORONAVIRUS: AGGIORNAMENTO NAZIONALE 26 APRILE  2021&#8221; &#8212; Radio Pi\u00f9\" src=\"https:\/\/www.radiopiu.net\/wordpress\/aggapr26\/embed\/#?secret=V7lZzeTwYB\" data-secret=\"V7lZzeTwYB\" width=\"600\" height=\"338\" frameborder=\"0\" marginwidth=\"0\" marginheight=\"0\" scrolling=\"no\"><\/iframe><\/p>\n<blockquote><p><strong>I GRAFICI DI TIZIANO DE COL\u00a0<\/strong><\/p><\/blockquote>\n\n\t\t\t<style type='text\/css'>\n\t\t\t\t#gallery-6 {\n\t\t\t\t\tmargin: auto;\n\t\t\t\t}\n\t\t\t\t#gallery-6 .gallery-item {\n\t\t\t\t\tfloat: left;\n\t\t\t\t\tmargin-top: 10px;\n\t\t\t\t\ttext-align: center;\n\t\t\t\t\twidth: 33%;\n\t\t\t\t}\n\t\t\t\t#gallery-6 img {\n\t\t\t\t\tborder: 2px solid #cfcfcf;\n\t\t\t\t}\n\t\t\t\t#gallery-6 .gallery-caption {\n\t\t\t\t\tmargin-left: 0;\n\t\t\t\t}\n\t\t\t\t\/* see gallery_shortcode() in wp-includes\/media.php *\/\n\t\t\t<\/style>\n\t\t<div id='gallery-6' class='dt-gallery-container gallery galleryid-205790 gallery-columns-3 gallery-size-thumbnail'><dl class='gallery-item'>\n\t\t\t\t<dt class='gallery-icon landscape'>\n\t\t\t\t\t<a class=\"rollover\" href='https:\/\/www.radiopiu.net\/wordpress\/giornale-radiopiu-28-aprile-2021-direttore-mirko-mezzacasa\/392ec3f3-ee89-4243-97b3-e382e90eccdd\/'><img loading=\"lazy\" decoding=\"async\" width=\"150\" height=\"150\" src=\"https:\/\/www.radiopiu.net\/wordpress\/wp-content\/uploads\/2021\/04\/392ec3f3-ee89-4243-97b3-e382e90eccdd-150x150.jpg\" class=\"attachment-thumbnail size-thumbnail\" alt=\"\" \/><\/a>\n\t\t\t\t<\/dt><\/dl><dl class='gallery-item'>\n\t\t\t\t<dt class='gallery-icon landscape'>\n\t\t\t\t\t<a class=\"rollover\" href='https:\/\/www.radiopiu.net\/wordpress\/giornale-radiopiu-28-aprile-2021-direttore-mirko-mezzacasa\/774320e5-8489-43ea-a640-0a01c82c435b\/'><img loading=\"lazy\" decoding=\"async\" width=\"150\" height=\"150\" src=\"https:\/\/www.radiopiu.net\/wordpress\/wp-content\/uploads\/2021\/04\/774320e5-8489-43ea-a640-0a01c82c435b-150x150.jpg\" class=\"attachment-thumbnail size-thumbnail\" alt=\"\" \/><\/a>\n\t\t\t\t<\/dt><\/dl><dl class='gallery-item'>\n\t\t\t\t<dt class='gallery-icon landscape'>\n\t\t\t\t\t<a class=\"rollover\" href='https:\/\/www.radiopiu.net\/wordpress\/giornale-radiopiu-28-aprile-2021-direttore-mirko-mezzacasa\/bba400c3-23e9-445f-944c-24510374ce63\/'><img loading=\"lazy\" decoding=\"async\" width=\"150\" height=\"150\" src=\"https:\/\/www.radiopiu.net\/wordpress\/wp-content\/uploads\/2021\/04\/bba400c3-23e9-445f-944c-24510374ce63-150x150.jpg\" class=\"attachment-thumbnail size-thumbnail\" alt=\"\" \/><\/a>\n\t\t\t\t<\/dt><\/dl><br style=\"clear: both\" \/><dl class='gallery-item'>\n\t\t\t\t<dt class='gallery-icon landscape'>\n\t\t\t\t\t<a class=\"rollover\" href='https:\/\/www.radiopiu.net\/wordpress\/giornale-radiopiu-28-aprile-2021-direttore-mirko-mezzacasa\/225edbe5-f946-4a42-b909-4adf41489da7\/'><img loading=\"lazy\" decoding=\"async\" width=\"150\" height=\"150\" src=\"https:\/\/www.radiopiu.net\/wordpress\/wp-content\/uploads\/2021\/04\/225edbe5-f946-4a42-b909-4adf41489da7-150x150.jpg\" class=\"attachment-thumbnail size-thumbnail\" alt=\"\" \/><\/a>\n\t\t\t\t<\/dt><\/dl><dl class='gallery-item'>\n\t\t\t\t<dt class='gallery-icon landscape'>\n\t\t\t\t\t<a class=\"rollover\" href='https:\/\/www.radiopiu.net\/wordpress\/giornale-radiopiu-28-aprile-2021-direttore-mirko-mezzacasa\/ee381f0b-02ea-4745-84a9-0df7cef36813\/'><img loading=\"lazy\" decoding=\"async\" width=\"150\" height=\"150\" src=\"https:\/\/www.radiopiu.net\/wordpress\/wp-content\/uploads\/2021\/04\/ee381f0b-02ea-4745-84a9-0df7cef36813-150x150.jpg\" class=\"attachment-thumbnail size-thumbnail\" alt=\"\" \/><\/a>\n\t\t\t\t<\/dt><\/dl>\n\t\t\t\t<br style='clear: both' \/>\n\t\t\t<\/div>\n\n<hr \/>\n<blockquote>\n<h3>IL VENETO E&#8217; GIALLO, A BASSANO PRIMI 2 CASI DI VARIANTE INDIANA. IL PUNTO STAMPA DI LUCA ZAIA DA GIOVEDI VACCINI PER GLI OVER SESSANTA<\/h3>\n<\/blockquote>\n<p><strong>GIALLO VENETO<\/strong> Iniziamo un nuovo percorso con la zona gialla come ho scritto nella lettera ai veneti. Da oggi si passa alla responsabilit\u00e0 individuale con accanto il plotone delle vaccinazione, almeno un terzo dei veneti \u00e8 gi\u00e0 stato vaccinato con la prima dose. Speriamo di uscirne agevolmente senza sorprese che non si ricada nell&#8217;incubo, per questo bisogna mettersi tutti d&#8217;impegno. <strong>LA VACCINAZIONE CONTA<\/strong> Nelle terapie intensive ci sono &#8220;solo&#8221; 8 ultra ottantenni entrati ad aprile, questa \u00e8 la differenza che arriva dalla vaccinazione. <strong>VARIANTE INDIANA A BASSANO<\/strong> Unico punto di domanda e spero non sia un problema quello delle varianti. Oggi abbiamo 2 indiani a Bassano con la variante indiana, si tratta di cittadini indiani (padre e figlia) rientrati dell&#8217;india. La variante \u00e8 stata confermata dalla dottoressa Ricci <strong>VACCINI PER OVER 60<\/strong> Da giovedi vacciniamo gli over 60 anticipando i tempi.\u00a0 Dalle 14 di oggi se tutto funziona presso qualsiasi Ulss gli over 60 possono prenotarsi, primo appuntamento utile in agenda da giovedi <strong>SETTANTENNI\u00a0<\/strong> Appello a vaccinarsi, la Serenissima arriver\u00e0 oltre il 60% (\u00e8 un esempio) ci si puo&#8217; prenotare da casa, in farmacia,\u00a0 dai carabinieri.<strong> IN CASO DI MALTEMPO COSA FANNO I RISTORATORI CON I TAVOLI ALL&#8217;APERTO?\u00a0 DISDETTE PER IL COPRIFUOCO<\/strong> Noi applichiamo la nuova legge, sulla quale i Governatori hanno fatto le loro osservazioni non accolte. Non so se ci sar\u00e0 un tagliando al decreto o si scolliner\u00e0 il 1 giugno. Per i ristoratori la legge \u00e8 chiara, dice all&#8217;aperto, sotto l&#8217;ombrellone o un riparo. Sar\u00e0 difficile gi\u00e0 questa settimana con queste temperature e questo meteo. Coprifuoco: il Governo non approva lo sforamento per raggiungere casa, per essere a casa alle 22 bisogna calcolare i tempi.<strong> QUESTA SERA SANITA&#8217; A REPORT CON CRITICA CHE A NOVEMBRE I POSITIVI SIANO STATI CONSIDERATI ASINTOMATICI.<\/strong> Non \u00e8 il mio mestiere non sono in grado di rispondere. Report fa approfondimenti \u00e8 venuta anche da noi come succede spesso, non so quale sar\u00e0 la trasmissione mi sembra che la situazione di quei mesi si cristalizzata. L&#8217;adagio di far pensare ai cittadini che io e Lanzarin magari suggeriamo anche i farmaci, chi lo dice \u00e8 un lazzarone, ma non mi riferisco a Reporte ovviamente. A me arriva il bollettino e lo leggo non so nemmeno chi lo scrive. <strong>DE LUCA CHIEDE LA LINEA DURA<\/strong> Non condivido la linea del governatore. Non servono pi\u00f9 forze dell&#8217;ordine per controllare i veneti. Non ho mai creduto nello stato di polizia e del manganello.<strong>LA GENTE NON SI VACCINA PERCHE&#8217; SIETE MORBIDI?<\/strong> Ma se siamo quelli che vaccinano di pi\u00f9, che hanno utilizzato pi\u00f9 magazzino in Italia. Sono stati scomodati premi nobel per questo argomento. Chi vaccino se non ho vaccini che li abbiamo usati tutti? Se c&#8217;erano i vaccini avevamo anche chiuso le vaccinazione dei veneti. Stiamo facendo un gran lavoro coi vaccini e lo dice anche Figliuolo.<\/p>\n<p>&nbsp;<\/p>\n<p><a href=\"https:\/\/www.facebook.com\/zaiaufficiale\/videos\/1131601284012555\">https:\/\/www.facebook.com\/zaiaufficiale\/videos\/1131601284012555<\/a><\/p>\n<p>&nbsp;<\/p>\n<p>&nbsp;<\/p>\n<p>&nbsp;<\/p>\n<hr \/>\n<blockquote>\n<h3>NO VAX DA ZAIA, PER IL PD RISPOSTE INACCETTABILI SULLA LIBERA SCELTA E SOMMINISTRAZIONI OVER 70<\/h3>\n<\/blockquote>\n<p><strong>VENEZIA<\/strong> \u201c<em>Se il 30% degli over 70 rifiuter\u00e0 il vaccino non \u00e8 \u2018fisiologico\u2019 ma un bel problema. E Zaia non pu\u00f2 insistere con messaggi ambigui e inaccettabili sulla libera scelta. Servono campagne di sensibilizzazioni capillari e mirate: questo deve fare la Regione, ed \u00e8 in ritardo, non tenere i piedi su due staffe\u201d<\/em>.\u00a0Cos\u00ec il gruppo consiliare del Partito Democratico Veneto replica a quanto affermato dal presidente della Giunta nel punto stampa a Marghera sulla somministrazione dei vaccini.<em> \u201cDovrebbe preoccuparsi dell\u2019alto numero di rinunce anzich\u00e9 ironizzare su chi glielo fa presente: se migliaia di anziani non si vaccinano \u00e8 un guaio, considerato che sono la fascia pi\u00f9 fragile della popolazione. E non c\u2019entra la scarsit\u00e0 di vaccini, \u00e8 un problema ben distinto: altrimenti come mai, nonostante manchino le dosi come ripete ogni giorno, apre alle prenotazioni per gli over 60&#8243;.<\/em><\/p>\n<p>&nbsp;<\/p>\n<p>&nbsp;<\/p>\n<blockquote>\n<h3><\/h3>\n<\/blockquote>\n<hr \/>\n<p>&nbsp;<\/p>\n<p>&nbsp;<\/p>\n<blockquote class=\"wp-embedded-content\" data-secret=\"NEOqGk5Tmz\"><p><a href=\"https:\/\/www.radiopiu.net\/wordpress\/pmi-poco-meno-del-50-degli-aiuti-anticovid-non-sono-stati-ancora-accreditati\/\">PMI: POCO MENO DEL 50% DEGLI AIUTI ANTICOVID NON SONO STATI ANCORA ACCREDITATI<\/a><\/p><\/blockquote>\n<p><iframe loading=\"lazy\" class=\"wp-embedded-content\" sandbox=\"allow-scripts\" security=\"restricted\" style=\"position: absolute; clip: rect(1px, 1px, 1px, 1px);\" title=\"&#8220;PMI: POCO MENO DEL 50% DEGLI AIUTI ANTICOVID NON SONO STATI ANCORA ACCREDITATI&#8221; &#8212; Radio Pi\u00f9\" src=\"https:\/\/www.radiopiu.net\/wordpress\/pmi-poco-meno-del-50-degli-aiuti-anticovid-non-sono-stati-ancora-accreditati\/embed\/#?secret=NEOqGk5Tmz\" data-secret=\"NEOqGk5Tmz\" width=\"600\" height=\"338\" frameborder=\"0\" marginwidth=\"0\" marginheight=\"0\" scrolling=\"no\"><\/iframe><\/p>\n<p>&nbsp;<\/p>\n<hr \/>\n<p>&nbsp;<\/p>\n<blockquote>\n<h3>LA RIPARTENZA TURISTICA DI FELTRE<\/h3>\n<\/blockquote>\n<p><strong><img loading=\"lazy\" decoding=\"async\" class=\"alignleft\" src=\"https:\/\/www.radiopiu.net\/wordpress\/wp-content\/uploads\/2021\/04\/998195f7-aa09-41c0-bc4d-7ac7a2647da1.jpg\" width=\"254\" height=\"117\" \/><\/strong><\/p>\n<p>&nbsp;<\/p>\n<p><strong>FELTRE<\/strong><\/p>\n<p><strong>MORENO GIOLI<\/strong><\/p>\n<audio class=\"wp-audio-shortcode\" id=\"audio-205790-4\" preload=\"none\" style=\"width: 100%;\" controls=\"controls\"><source type=\"audio\/mpeg\" src=\"https:\/\/www.radiopiu.net\/wordpress\/wp-content\/uploads\/2021\/04\/moreno-gioli.mp3?_=4\" \/><a href=\"https:\/\/www.radiopiu.net\/wordpress\/wp-content\/uploads\/2021\/04\/moreno-gioli.mp3\">https:\/\/www.radiopiu.net\/wordpress\/wp-content\/uploads\/2021\/04\/moreno-gioli.mp3<\/a><\/audio>\n<p>&nbsp;<\/p>\n<p><strong>L&#8217;ASSESSORE ALESSANDRO DEL BIANCO<\/strong><\/p>\n<audio class=\"wp-audio-shortcode\" id=\"audio-205790-5\" preload=\"none\" style=\"width: 100%;\" controls=\"controls\"><source type=\"audio\/mpeg\" src=\"https:\/\/www.radiopiu.net\/wordpress\/wp-content\/uploads\/2021\/04\/delbianco.mp3?_=5\" \/><a href=\"https:\/\/www.radiopiu.net\/wordpress\/wp-content\/uploads\/2021\/04\/delbianco.mp3\">https:\/\/www.radiopiu.net\/wordpress\/wp-content\/uploads\/2021\/04\/delbianco.mp3<\/a><\/audio>\n<p>&nbsp;<\/p>\n<p><strong>STEFANO CASELLATO &#8220;AQUA&#8221; SRL VINCITRICE DEL BANDO<\/strong><\/p>\n<audio class=\"wp-audio-shortcode\" id=\"audio-205790-6\" preload=\"none\" style=\"width: 100%;\" controls=\"controls\"><source type=\"audio\/mpeg\" src=\"https:\/\/www.radiopiu.net\/wordpress\/wp-content\/uploads\/2021\/04\/Questo-e-Stefano-casellato-di-aqua-srl-societa-che-ha-vinto-il-bando.mp3?_=6\" \/><a href=\"https:\/\/www.radiopiu.net\/wordpress\/wp-content\/uploads\/2021\/04\/Questo-e-Stefano-casellato-di-aqua-srl-societa-che-ha-vinto-il-bando.mp3\">https:\/\/www.radiopiu.net\/wordpress\/wp-content\/uploads\/2021\/04\/Questo-e-Stefano-casellato-di-aqua-srl-societa-che-ha-vinto-il-bando.mp3<\/a><\/audio>\n<p>&nbsp;<\/p>\n<p>&nbsp;<\/p>\n<p>&nbsp;<\/p>\n<p>&nbsp;<\/p>\n<hr \/>\n<p>&nbsp;<\/p>\n<blockquote>\n<h3>2000: L&#8217;INCONTRO A BELLUNO CON IL CAVALIER LEONARDO DEL VECCHIO<\/h3>\n<\/blockquote>\n<p><strong><img loading=\"lazy\" decoding=\"async\" class=\"alignleft\" src=\"https:\/\/www.radiopiu.net\/wordpress\/wp-content\/uploads\/2015\/09\/Leonardo-Del-Vecchio-con-Cav.-Luigi-Francavilla.jpg\" width=\"209\" height=\"139\" \/><\/strong><\/p>\n<p>&nbsp;<\/p>\n<p>&nbsp;<\/p>\n<p><strong>ARCHIVIO RADIO PIU, SERVIZIO REALIZZATO NEL 2000, RI TRASMESSO SEI ANNI FA.<\/strong><\/p>\n<p>&nbsp;<\/p>\n<p><strong>PARTE 1<\/strong><\/p>\n<audio class=\"wp-audio-shortcode\" id=\"audio-205790-7\" preload=\"none\" style=\"width: 100%;\" controls=\"controls\"><source type=\"audio\/mpeg\" src=\"https:\/\/www.radiopiu.net\/wordpress\/wp-content\/uploads\/2021\/04\/DEL-VECCHIO-1999-UNO.mp3?_=7\" \/><a href=\"https:\/\/www.radiopiu.net\/wordpress\/wp-content\/uploads\/2021\/04\/DEL-VECCHIO-1999-UNO.mp3\">https:\/\/www.radiopiu.net\/wordpress\/wp-content\/uploads\/2021\/04\/DEL-VECCHIO-1999-UNO.mp3<\/a><\/audio>\n<p><strong>PARTE 2<\/strong><\/p>\n<audio class=\"wp-audio-shortcode\" id=\"audio-205790-8\" preload=\"none\" style=\"width: 100%;\" controls=\"controls\"><source type=\"audio\/mpeg\" src=\"https:\/\/www.radiopiu.net\/wordpress\/wp-content\/uploads\/2021\/04\/DEL-VECCHIO-1999-DUE.mp3?_=8\" \/><a href=\"https:\/\/www.radiopiu.net\/wordpress\/wp-content\/uploads\/2021\/04\/DEL-VECCHIO-1999-DUE.mp3\">https:\/\/www.radiopiu.net\/wordpress\/wp-content\/uploads\/2021\/04\/DEL-VECCHIO-1999-DUE.mp3<\/a><\/audio>\n<p>&nbsp;<\/p>\n<p><strong>PARTE 3<\/strong><\/p>\n<audio class=\"wp-audio-shortcode\" id=\"audio-205790-9\" preload=\"none\" style=\"width: 100%;\" controls=\"controls\"><source type=\"audio\/mpeg\" src=\"https:\/\/www.radiopiu.net\/wordpress\/wp-content\/uploads\/2021\/04\/DEL-VECCHIO-1999-TRE.mp3?_=9\" \/><a href=\"https:\/\/www.radiopiu.net\/wordpress\/wp-content\/uploads\/2021\/04\/DEL-VECCHIO-1999-TRE.mp3\">https:\/\/www.radiopiu.net\/wordpress\/wp-content\/uploads\/2021\/04\/DEL-VECCHIO-1999-TRE.mp3<\/a><\/audio>\n<p>&nbsp;<\/p>\n<p>&nbsp;<\/p>\n<p>&nbsp;<\/p>\n<hr \/>\n<p>&nbsp;<\/p>\n<p>&nbsp;<\/p>\n<blockquote>\n<h3>AVVIATO UN NUOVO SERVIZIO A FAVORE DELLE IMPRESE DEL TERRITORIO<\/h3>\n<\/blockquote>\n<p><strong><a href=\"https:\/\/www.radiopiu.net\/wordpress\/giornale-radio-piu-25-09-direttore-mirko-mezzacasa\/confindustria-500\/\" rel=\"attachment wp-att-10966\"><img loading=\"lazy\" decoding=\"async\" class=\" wp-image-10966 alignleft\" src=\"https:\/\/www.radiopiu.net\/wordpress\/wp-content\/uploads\/2015\/09\/confindustria-500-300x216.jpg\" alt=\"\" width=\"106\" height=\"76\" \/><\/a>BELLUNO <\/strong>Confindustria Belluno Dolomiti con il braccio operativo Reviviscar\u00a0 ha messo a disposizione delle aziende un nuovo servizio. Si tratta nello specifico da un lato dell\u2019analisi del profilo di rischio cyber dell\u2019azienda. Questo strumento consente all\u2019impresa, nell\u2019arco di un paio d\u2019ore, di avere un quadro del proprio profilo di cyber security su tutte le dimensioni rilevanti di questo rischio e ricevere dei consigli sulle strategie di mitigazione chiare e praticabili da mettere in atto per migliorare la resilienza dell\u2019azienda ed approfondire eventuali altre analisi in modo mirato.<\/p>\n<p>&nbsp;<\/p>\n<hr \/>\n<p>&nbsp;<\/p>\n<blockquote>\n<h3>AL VIA LA SUMMER SCHOOL 2021<\/h3>\n<\/blockquote>\n<p><strong>BELLUNO\u00a0<\/strong> La Summer School\u00a0 \u00e8 dedicata alla gestione e alla formazione del volontariato. Tra maggio e settembre sono previsti quattro workshop e un convegno in modalit\u00e0 online o, se possibile, in luglio ad Appiano e in agosto a Cortina d&#8217;Ampezzo in presenza. Il primo workshop online \u201cTrain the Trainer\u201d, introduttivo alla \u201cformazione per formatori\u201d si terr\u00e0 gioved\u00ec 6 maggio.\u00a0 Per iscriversi c&#8217;\u00e8 tempo fino a luned\u00ec 3 maggio. Si richiede un contributo di 50 euro comprendente i materiali. Per informazioni 0471 1886236, volontari@fss.bz.it<\/p>\n<p>&nbsp;<\/p>\n<hr \/>\n<p>&nbsp;<\/p>\n<blockquote>\n<h3>RIAPRE LA BIBLIOTECA DI LIMANA<\/h3>\n<\/blockquote>\n<p><a href=\"https:\/\/www.radiopiu.net\/wordpress\/giornale-radiopiu-27-aprile-2021-direttore-mirko-mezzacasa\/hjfoopoeicdkklmd-2\/\" rel=\"attachment wp-att-206062\"><img loading=\"lazy\" decoding=\"async\" class=\"size-medium wp-image-206062 alignleft\" src=\"https:\/\/www.radiopiu.net\/wordpress\/wp-content\/uploads\/2021\/04\/hjfoopoeicdkklmd-300x183.jpg\" alt=\"\" width=\"300\" height=\"183\" srcset=\"https:\/\/www.radiopiu.net\/wordpress\/wp-content\/uploads\/2021\/04\/hjfoopoeicdkklmd-300x183.jpg 300w, https:\/\/www.radiopiu.net\/wordpress\/wp-content\/uploads\/2021\/04\/hjfoopoeicdkklmd.jpg 327w\" sizes=\"auto, (max-width: 300px) 100vw, 300px\" \/><\/a><strong>BORGO VALBELLUNA<\/strong> Finalmente \u00e8 di nuovo possibile accedere alla Biblioteca senza nessuna prenotazione e altres\u00ec alle zone a scaffale aperto, per poter cercare in autonomia i materiali desiderati. Potranno accedere agli scaffali 5 persone contemporaneamente nella sezione adulti; 3 persone contemporaneamente nella sezione bambini\/ragazzi. Le postazioni per lo studio individuale sono 8,\u00a0 saranno sanificate prima e dopo ogni utilizzo. Per accedervi basta prenotare telefonando al 0437970868 o invire una mail al seguente indirizzo biblioteca.limana@valbelluna.bl.it. Viene riprestinata anche la zona ristoro, nel rispetto sempre delle distanze di sicurezza.Anche l&#8217;orario viene ampliato e dal mese di maggio sar\u00e0 il seguente: luned\u00ec 14.30\/18.30 marted\u00ec 14.30\/18.30 mercoled\u00ec 8.30\/12.30 gioved\u00ec 14.30\/18.30 venerd\u00ec 14.30\/18.30 Rimane attiva la quarantena di 7 giorni per tutto il materiale rientrato dai prestiti esterni. Dal 3 al 15 maggio in Biblioteca a Limana ci sar\u00e0 la bancarella del libro, curata dalla libreria Agor\u00e0 di Feltre, con l&#8217;esposizione di migliaia di nuovi titoli di libri per bambini e ragazzi, tutti in vendita, che si potranno acquistare direttamente qui.<\/p>\n<p>&nbsp;<\/p>\n<p>&nbsp;<\/p>\n<hr \/>\n<p>&nbsp;<\/p>\n<p>&nbsp;<\/p>\n<blockquote>\n<h3>CHIUSURE NOTTURNE A FELTRE TRA VIA FOLLI, VIALE MONTEGRAPPA E VIALE DEL PIAVE<\/h3>\n<\/blockquote>\n<p><strong><a href=\"https:\/\/www.radiopiu.net\/wordpress\/giornale-radiopiu-25-aprile-2021-direttore-mirko-mezzacasa\/lavori-asfalto\/\" rel=\"attachment wp-att-205540\"><img loading=\"lazy\" decoding=\"async\" class=\"wp-image-205540 alignleft\" src=\"https:\/\/www.radiopiu.net\/wordpress\/wp-content\/uploads\/2021\/04\/lavori-asfalto-300x225.jpg\" alt=\"\" width=\"163\" height=\"122\" srcset=\"https:\/\/www.radiopiu.net\/wordpress\/wp-content\/uploads\/2021\/04\/lavori-asfalto-300x225.jpg 300w, https:\/\/www.radiopiu.net\/wordpress\/wp-content\/uploads\/2021\/04\/lavori-asfalto-1024x768.jpg 1024w, https:\/\/www.radiopiu.net\/wordpress\/wp-content\/uploads\/2021\/04\/lavori-asfalto-768x576.jpg 768w, https:\/\/www.radiopiu.net\/wordpress\/wp-content\/uploads\/2021\/04\/lavori-asfalto-1536x1152.jpg 1536w, https:\/\/www.radiopiu.net\/wordpress\/wp-content\/uploads\/2021\/04\/lavori-asfalto.jpg 1920w\" sizes=\"auto, (max-width: 163px) 100vw, 163px\" \/><\/a> <\/strong><\/p>\n<p><strong>\u00a0<\/strong><\/p>\n<p><strong>FELTRE<\/strong> Lavori notturni di asfaltatura a Feltre nelle serate del 28, 29 e 30 aprile. L&#8217;ordinanza arriva dal sindaco Paolo Perenzin che vieta il transito in orario notturno, dalle 20 e le 7, in via Folli, Viale Monte Grappa e Viale del Piave dove l&#8217;azienda Mu.Bre Costruzioni sar\u00e0 al lavoro per la fresatura e la realizzazione del tappeto d&#8217;usura. Il divieto di transito riguarda tutti i veicoli, cicli e motocicli, esclusi gli autobus.<\/p>\n<p>&nbsp;<\/p>\n<p>&nbsp;<\/p>\n<p>&nbsp;<\/p>\n<hr \/>\n<p>&nbsp;<\/p>\n<p>&nbsp;<\/p>\n<blockquote>\n<h3>DANILO DE TONI CONVOCA I CONSIGLIERI IN MUNICIPIO<\/h3>\n<\/blockquote>\n<p><strong>ALLEGHE<\/strong> Domani alle 18.30 consiglio comunale in riva al lago, in Municipio oppure in video conferenza. All\u2019ordine del giorno regolamenti, convenzioni, variazioni al bilancio.<\/p>\n<p>&nbsp;<\/p>\n<p>&nbsp;<\/p>\n<hr \/>\n<p>&nbsp;<\/p>\n<blockquote>\n<h3>LA CHIAMATA DEL CAPO COMUN FODOM<\/h3>\n<\/blockquote>\n<p><strong>LIVINALLONGO<\/strong> Giovedi alle 20.30 consiglio comunale convocato dal sindaco Leandro Grones. Tra l&#8217;altro all&#8217;ordine del giorno convenzione per il servizio associato dei tributi; approvazione regolamento per l&#8217;applicazione del canone di concessione; norme in materia di unioni montane ed elezione nuove rappresentante a seguito delle dimissioni.<\/p>\n<p>&nbsp;<\/p>\n<p>&nbsp;<\/p>\n<hr \/>\n<p>&nbsp;<\/p>\n<p>&nbsp;<\/p>\n<h3>A SAN TOMASO CONSIGLIO ALLE 17.30, RIENTRO PRIMA DEL COPRIFUOCO GARANTITO<\/h3>\n<p><strong>SAN TOMASO<\/strong> Due i punti in discussione nel consiglio di giovedi alle 17.30 convocato dal sindaco Moreno De Val, servizio associato dei tributi e approvazione del regolamento per l&#8217;applicazione del canone patrimoniale di concessione.<\/p>\n<p>&nbsp;<\/p>\n<p>&nbsp;<\/p>\n<hr \/>\n<blockquote>\n<h3>VENERDI&#8217; IL CONSIGLIO COMUNALE A COLLE SANTA LUCIA<strong style=\"font-size: 14px;\">\u00a0<\/strong><\/h3>\n<\/blockquote>\n<p><strong>COLLE SANTA LUCIA<\/strong> Si svolger\u00e0 a porte chiuse venerd\u00ec alle 19 presso la sala consigliare del municipio di Colle Santa Lucia il consiglio comunale convocato dal sindaco Paolo Frena. Cinque i punti da discutere tra cui la prima variazione al bilancio 2021-2023, l&#8217;accordo di collaborazione con l&#8217;istitut cultural ladin Cesa de Jan e la riclassificazione delle aree verdi.<\/p>\n<p>&nbsp;<\/p>\n<hr \/>\n<p>&nbsp;<\/p>\n<p><strong><span style=\"color: #ff0000;\">IERI ALLA RADIO\u00a0<\/span><\/strong><\/p>\n<blockquote>\n<h2>TENNIS AGORDO, TUTTE LE PREMESSE PER UNA STAGIONE IMPORTANTE<\/h2>\n<p><img loading=\"lazy\" decoding=\"async\" class=\"alignleft\" src=\"https:\/\/www.radiopiu.net\/wordpress\/wp-content\/uploads\/2019\/07\/CAMPO-TENNIS-AGORDO-1.jpeg\" width=\"179\" height=\"134\" \/><strong>AGORDO<\/strong> Al tennis Club Agordo tutto \u00e8 pronto per una fantastica stagione, ai microfoni di Radio Pi\u00f9 Matteo Reolon, Flavio Colleselli e Loris Delle Vedove. Di tutto un po&#8217; dalla splendida terrazza dell&#8217;impianto di via Rova.<\/p>\n<p>&nbsp;<\/p>\n<audio class=\"wp-audio-shortcode\" id=\"audio-205790-10\" preload=\"none\" style=\"width: 100%;\" controls=\"controls\"><source type=\"audio\/mpeg\" src=\"https:\/\/www.radiopiu.net\/wordpress\/wp-content\/uploads\/2021\/04\/TENNISLUNEDI.mp3?_=10\" \/><a href=\"https:\/\/www.radiopiu.net\/wordpress\/wp-content\/uploads\/2021\/04\/TENNISLUNEDI.mp3\">https:\/\/www.radiopiu.net\/wordpress\/wp-content\/uploads\/2021\/04\/TENNISLUNEDI.mp3<\/a><\/audio>\n<p>&nbsp;<\/p><\/blockquote>\n<p>&nbsp;<\/p>\n<hr \/>\n<p>&nbsp;<\/p>\n<blockquote>\n<h2>COMELICO. LA VOGLIA DI RESTARE! DI RENATO BONA<\/h2>\n<\/blockquote>\n<p><span class=\"tojvnm2t a6sixzi8 abs2jz4q a8s20v7p t1p8iaqh k5wvi7nf q3lfd5jv pk4s997a bipmatt0 cebpdrjk qowsmv63 owwhemhu dp1hu0rb dhp61c6y iyyx5f41\">\u00a0E\u2019 stato curato da Lucio Eicher Clere (operatore e animatore culturale, un caro amico e, in passato, collaboratore prezioso, di chi stende queste note &#8211; ndr.) il capitolo \u201cComelico voglia di restare\u201d, componente importante del libro \u201cBelluno. Viaggio intorno a una provincia\u201d edito nel 1989 per l\u2019Amministrazione provinciale di Belluno da Libreria Pilotto editrice di Feltre, stampato da Grapich group, pure di Feltre, fotolito Eurocrom 4 di Villorba, composizione della tipografia Piave di Belluno, fotografie di Cadorin, Dalla Giustina, De Vido, Riva, Sovilla, piano dell\u2019opera, progetto e coordinamento editoriale a cura di Maurizio Busatta. In apertura il \u201ccontributo\u201d di Eicher Clere cita la strada che da Cima Gogna raggiungeva Santo Stefano: \u201cincavata nella roccia che strapiomba sul Piave, quasi un sentiero del purgatorio dantesco, era la pena di dieci chilometri che doveva scontare chiunque volesse raggiungere il \u2018paradiso\u2019 del Comelico: curve a ridosso delle rocce, strettoie, gallerie paraneve, pietre precipitanti senza avviso, valanghe ad ogni nevicata\u201d. Prima di dire che la \u201cstrada dla Val\u201d , definita un incubo per i \u2018comeliane\u2019 (\u201cannosa e mai risolta la disputa sulla forma italiana del termine ladino, con il quale sono definiti gli abitanti del Comelico: comelicani, comelicensi, comelicesi, comeliani?), fu iniziata nel 1839 ed aperta nel 1840, l\u2019autore sostiene che l\u2019incubo fu definitivamente risolto con l\u2019inaugurazione della grande galleria, il 31 luglio 1986, definita \u201copera di portata storica per il Comelico: una finestra per guardare oltre\u201d i paesi di Casada, Campitello, Costalissoio, Costa, San Nicol\u00f2, Gera, Candide, Casamazzagno, Dosoledo, Padola, Danta della valle verso nord-ovest e: Santo Stefano, Campolongo, Mare, San Pietro, Costalta, Valle, Presenaio e Sappada da quella di nord-est. Procedendo nell\u2019illustrazione del \u201csuo\u201d Comelico, Lucio Eicher Clere scrive: \u201c\u2026Per chi apprezza le bellezze paesaggistiche l\u2019integrit\u00e0 del patrimonio boschivo, i prati falciati anche ad alta quota, il non eccessivo guasto edilizio sono testimonianze di cura e rispetto del proprio ambiente e cos\u00ec \u201cper amore o per necessit\u00e0, gli abitanti del Comelico si sono costruiti quest\u2019angolo di vita con progressivi disboscamenti per creare spazio per l\u2019agricoltura ed all\u2019allevamento, e lo hanno poi conservato in condizioni di obiettiva difficolt\u00e0: un\u2019altezza media sul livello del mare di 1200 metri, dai 900 di Santo Stefano ai 1400 di Danta, un territorio disposto per gran parte in pendio, condizioni climatiche rigide, che consentono la coltivazione di pochissime specie di prodotti agricoli\u201d. Tuttavia &#8211; sottolinea \u2013 \u201cda questa terra non c\u2019\u00e8 stato l\u2019esodo: nei \u2018comeliane\u2019 \u00e8 prevalsa la voglia di restare\u201d. Lo conferma il fatto che dopo l\u2019emigrazione degli anni 50-60, che vide la partenza di circa duemila persone, nell\u2019ultimo decennio la popolazione del Comelico si \u00e8 stabilizzata sulle diecimila unit\u00e0 con fenomeni migratori solo marginali. Nemmeno nei paesi pi\u00f9 piccoli ed isolati si \u00e8 registrati spopolamento. Anzi, proprio in questi si assiste ad un fiorire di iniziative, che testimoniano la caparbia volont\u00e0 di ricercare soluzioni per rimanere\u201d. Ed eccoci alle Regole. L\u2019autore ricorda che nel 1957 nasceva l\u2019idea di una societ\u00e0 \u201cper l\u2019incremento zootecnico di Costa\u201d con lo scopo di ridare vita all\u2019economia rurale. Si tent\u00f2 con successo il superamento della frammentazione fondiaria, con la riunificazione dei tanti piccoli apprezzamenti; si progettarono nuovi indirizzi produttivi per il bestiame da allevamento. Si costruirono una stalla sociale, un impianto di fertirrigazione, una centralina elettrica e strade di miglioramento fondiario, per\u00f2 la societ\u00e0 non riusc\u00ec a decollare. Ma alla crisi degli anni Sessanta, alle speranze ed ai progetti forse troppo ambiziosi subentra il realismo. A farsene interprete \u00e8 la Regola come risposta alla necessit\u00e0\u201d. Proprio quelle realt\u00e0 che per un millennio avevano guidato la vita comunitaria dei \u2018comeliane\u2019 e nel 1806 erano state esautorare con il trasferimento dell\u2019amministrazione dei beni al nuovo Comune. Tuttavia \u201cla tradizione resistette e, dopo 150 anni, con la legge 1104 del 1948 poterono riprendere vita autonoma anche se poi \u201cil loro ruolo si riduceva a quello di enti di beneficenza\u2026\u201d. Significativa dunque la scelta operata dalla regola di Costa che nel 1977, con deliberazione dell\u2019assemblea generale dei regolieri decise di acquisire le strutture dell\u2019agonizzante Societ\u00e0 per l\u2019incremento zootecnico di Costa, e di impostare un programma che vede la Regola impegnarsi come ente nella gestione dell\u2019attivit\u00e0 agricola. Cos\u00ec \u201cridando interesse all\u2019impiego di giovani, donne ed anche anziani in agricoltura, la Regola ha riscoperto il suo vero ruolo sociale, compiendo un\u2019operazione valida anche dal punto di vista culturale\u201d imprimendo un decisivo impulso alla cultura e puntando su un turismo a misura di paese, guardando, fra l\u2019altro, al \u2018parco\u2019 del Comelico. Qui Lucio Eicher Clere evidenzia come \u201cLa teoria da molti sostenuta che l\u2019uomo pu\u00f2 continuare a vivere in montagna solo se sfrutta al massimo le risorse ambientali, si \u00e8 rivelata, alla verifica dei fatti, negativa. In Comelico, al contrario si dimostra che il montanaro pu\u00f2 trovare motivazioni per viverci rispettando il suo ambiente\u2026\u201d. In proposito cita la Val Visdende dove \u201cda secoli la permanenza estiva degli agricoltori nelle casere, esempio attualizzato di come ebbe inizio l\u2019insediamento umano in Comelico un millennio fa; gli spazi creati dall\u2019uomo per i prati ed i pascoli sono rimasti invariati; i boschi, pur sottoposti annualmente a tagli, coprono omogeneamente i pendii che, dal fondovalle salgono verso i monti, cornice e protezione di questo gioiello paesaggistico. Ora la Val Visdende \u00e8 invasa da migliaia di persone in estate, alla ricerca di verde e d\u2019aria pura; ma in modo disordinato e con conseguenti dissesti. Qui la Regione del Veneto ha previsto, nel suo piano territoriale, l\u2019istituzione di un parco naturale. Ma prima dei legislatori regionali, gli abitanti del Comelico hanno tutelato la Val Visdende come parco. Le Regole, proprietarie della quasi totalit\u00e0 del territorio, hanno sempre gelosamente difeso i loro boschi, le loro rocce, i loro prati, opponendosi ai ripetuti tentativi di sfruttamento della valle a scopi idroelettrici prima e turistici poi. Alle abitudini locali quindi, pi\u00f9 che altrove, possono trovare ispirazione quanti vogliono regolamentare il territorio\u201d. <\/span><\/p>\n\n\t\t\t<style type='text\/css'>\n\t\t\t\t#gallery-7 {\n\t\t\t\t\tmargin: auto;\n\t\t\t\t}\n\t\t\t\t#gallery-7 .gallery-item {\n\t\t\t\t\tfloat: left;\n\t\t\t\t\tmargin-top: 10px;\n\t\t\t\t\ttext-align: center;\n\t\t\t\t\twidth: 20%;\n\t\t\t\t}\n\t\t\t\t#gallery-7 img {\n\t\t\t\t\tborder: 2px solid #cfcfcf;\n\t\t\t\t}\n\t\t\t\t#gallery-7 .gallery-caption {\n\t\t\t\t\tmargin-left: 0;\n\t\t\t\t}\n\t\t\t\t\/* see gallery_shortcode() in wp-includes\/media.php *\/\n\t\t\t<\/style>\n\t\t<div id='gallery-7' class='dt-gallery-container gallery galleryid-205790 gallery-columns-5 gallery-size-thumbnail'><dl class='gallery-item'>\n\t\t\t\t<dt class='gallery-icon portrait'>\n\t\t\t\t\t<a class=\"rollover rollover-zoom dt-pswp-item\" title=\"178687226_1178339905970523_5103206600553260118_n\" data-dt-img-description=\"\" data-large_image_width=\"159\" data-large_image_height=\"225\"href='https:\/\/www.radiopiu.net\/wordpress\/wp-content\/uploads\/2021\/04\/178687226_1178339905970523_5103206600553260118_n.jpg'><img loading=\"lazy\" decoding=\"async\" width=\"150\" height=\"150\" src=\"https:\/\/www.radiopiu.net\/wordpress\/wp-content\/uploads\/2021\/04\/178687226_1178339905970523_5103206600553260118_n-150x150.jpg\" class=\"attachment-thumbnail size-thumbnail\" alt=\"\" \/><\/a>\n\t\t\t\t<\/dt><\/dl><dl class='gallery-item'>\n\t\t\t\t<dt class='gallery-icon portrait'>\n\t\t\t\t\t<a class=\"rollover rollover-zoom dt-pswp-item\" title=\"179007348_284601033159905_7252890650903243433_n\" data-dt-img-description=\"\" data-large_image_width=\"150\" data-large_image_height=\"167\"href='https:\/\/www.radiopiu.net\/wordpress\/wp-content\/uploads\/2021\/04\/179007348_284601033159905_7252890650903243433_n.jpg'><img loading=\"lazy\" decoding=\"async\" width=\"150\" height=\"150\" src=\"https:\/\/www.radiopiu.net\/wordpress\/wp-content\/uploads\/2021\/04\/179007348_284601033159905_7252890650903243433_n-150x150.jpg\" class=\"attachment-thumbnail size-thumbnail\" alt=\"\" \/><\/a>\n\t\t\t\t<\/dt><\/dl><dl class='gallery-item'>\n\t\t\t\t<dt class='gallery-icon landscape'>\n\t\t\t\t\t<a class=\"rollover rollover-zoom dt-pswp-item\" title=\"COMELICO\" data-dt-img-description=\"\" data-large_image_width=\"281\" data-large_image_height=\"206\"href='https:\/\/www.radiopiu.net\/wordpress\/wp-content\/uploads\/2021\/04\/178536890_302777041216853_5028324474789386710_n.jpg'><img loading=\"lazy\" decoding=\"async\" width=\"150\" height=\"150\" src=\"https:\/\/www.radiopiu.net\/wordpress\/wp-content\/uploads\/2021\/04\/178536890_302777041216853_5028324474789386710_n-150x150.jpg\" class=\"attachment-thumbnail size-thumbnail\" alt=\"\" \/><\/a>\n\t\t\t\t<\/dt><\/dl><dl class='gallery-item'>\n\t\t\t\t<dt class='gallery-icon landscape'>\n\t\t\t\t\t<a class=\"rollover rollover-zoom dt-pswp-item\" title=\"COMELICO\" data-dt-img-description=\"\" data-large_image_width=\"235\" data-large_image_height=\"203\"href='https:\/\/www.radiopiu.net\/wordpress\/wp-content\/uploads\/2021\/04\/178662637_741491253087838_2117566915194729110_n.jpg'><img loading=\"lazy\" decoding=\"async\" width=\"150\" height=\"150\" src=\"https:\/\/www.radiopiu.net\/wordpress\/wp-content\/uploads\/2021\/04\/178662637_741491253087838_2117566915194729110_n-150x150.jpg\" class=\"attachment-thumbnail size-thumbnail\" alt=\"\" \/><\/a>\n\t\t\t\t<\/dt><\/dl><dl class='gallery-item'>\n\t\t\t\t<dt class='gallery-icon landscape'>\n\t\t\t\t\t<a class=\"rollover rollover-zoom dt-pswp-item\" title=\"COMELICO\" data-dt-img-description=\"\" data-large_image_width=\"320\" data-large_image_height=\"199\"href='https:\/\/www.radiopiu.net\/wordpress\/wp-content\/uploads\/2021\/04\/178432458_900515280739406_7793407707780061242_n.jpg'><img loading=\"lazy\" decoding=\"async\" width=\"150\" height=\"150\" src=\"https:\/\/www.radiopiu.net\/wordpress\/wp-content\/uploads\/2021\/04\/178432458_900515280739406_7793407707780061242_n-150x150.jpg\" class=\"attachment-thumbnail size-thumbnail\" alt=\"\" \/><\/a>\n\t\t\t\t<\/dt><\/dl><br style=\"clear: both\" \/><dl class='gallery-item'>\n\t\t\t\t<dt class='gallery-icon portrait'>\n\t\t\t\t\t<a class=\"rollover rollover-zoom dt-pswp-item\" title=\"COMELICO\" data-dt-img-description=\"\" data-large_image_width=\"160\" data-large_image_height=\"223\"href='https:\/\/www.radiopiu.net\/wordpress\/wp-content\/uploads\/2021\/04\/178701520_993664777838830_4094042388599319374_n.jpg'><img loading=\"lazy\" decoding=\"async\" width=\"150\" height=\"150\" src=\"https:\/\/www.radiopiu.net\/wordpress\/wp-content\/uploads\/2021\/04\/178701520_993664777838830_4094042388599319374_n-150x150.jpg\" class=\"attachment-thumbnail size-thumbnail\" alt=\"\" \/><\/a>\n\t\t\t\t<\/dt><\/dl><dl class='gallery-item'>\n\t\t\t\t<dt class='gallery-icon landscape'>\n\t\t\t\t\t<a class=\"rollover rollover-zoom dt-pswp-item\" title=\"178642627_454027329215334_4331744201729568914_n\" data-dt-img-description=\"\" data-large_image_width=\"296\" data-large_image_height=\"202\"href='https:\/\/www.radiopiu.net\/wordpress\/wp-content\/uploads\/2021\/04\/178642627_454027329215334_4331744201729568914_n.jpg'><img loading=\"lazy\" decoding=\"async\" width=\"150\" height=\"150\" src=\"https:\/\/www.radiopiu.net\/wordpress\/wp-content\/uploads\/2021\/04\/178642627_454027329215334_4331744201729568914_n-150x150.jpg\" class=\"attachment-thumbnail size-thumbnail\" alt=\"\" \/><\/a>\n\t\t\t\t<\/dt><\/dl><dl class='gallery-item'>\n\t\t\t\t<dt class='gallery-icon landscape'>\n\t\t\t\t\t<a class=\"rollover rollover-zoom dt-pswp-item\" title=\"178437015_498669144503228_224044474731663361_n\" data-dt-img-description=\"\" data-large_image_width=\"217\" data-large_image_height=\"206\"href='https:\/\/www.radiopiu.net\/wordpress\/wp-content\/uploads\/2021\/04\/178437015_498669144503228_224044474731663361_n.jpg'><img loading=\"lazy\" decoding=\"async\" width=\"150\" height=\"150\" src=\"https:\/\/www.radiopiu.net\/wordpress\/wp-content\/uploads\/2021\/04\/178437015_498669144503228_224044474731663361_n-150x150.jpg\" class=\"attachment-thumbnail size-thumbnail\" alt=\"\" \/><\/a>\n\t\t\t\t<\/dt><\/dl><dl class='gallery-item'>\n\t\t\t\t<dt class='gallery-icon landscape'>\n\t\t\t\t\t<a class=\"rollover rollover-zoom dt-pswp-item\" title=\"173126308_884523532390520_6414787764888241421_n\" data-dt-img-description=\"\" data-large_image_width=\"280\" data-large_image_height=\"204\"href='https:\/\/www.radiopiu.net\/wordpress\/wp-content\/uploads\/2021\/04\/173126308_884523532390520_6414787764888241421_n.jpg'><img loading=\"lazy\" decoding=\"async\" width=\"150\" height=\"150\" src=\"https:\/\/www.radiopiu.net\/wordpress\/wp-content\/uploads\/2021\/04\/173126308_884523532390520_6414787764888241421_n-150x150.jpg\" class=\"attachment-thumbnail size-thumbnail\" alt=\"\" \/><\/a>\n\t\t\t\t<\/dt><\/dl><dl class='gallery-item'>\n\t\t\t\t<dt class='gallery-icon portrait'>\n\t\t\t\t\t<a class=\"rollover rollover-zoom dt-pswp-item\" title=\"178877778_895373777694149_3101162212223941829_n\" data-dt-img-description=\"\" data-large_image_width=\"156\" data-large_image_height=\"240\"href='https:\/\/www.radiopiu.net\/wordpress\/wp-content\/uploads\/2021\/04\/178877778_895373777694149_3101162212223941829_n.jpg'><img loading=\"lazy\" decoding=\"async\" width=\"150\" height=\"150\" src=\"https:\/\/www.radiopiu.net\/wordpress\/wp-content\/uploads\/2021\/04\/178877778_895373777694149_3101162212223941829_n-150x150.jpg\" class=\"attachment-thumbnail size-thumbnail\" alt=\"\" \/><\/a>\n\t\t\t\t<\/dt><\/dl><br style=\"clear: both\" \/><dl class='gallery-item'>\n\t\t\t\t<dt class='gallery-icon landscape'>\n\t\t\t\t\t<a class=\"rollover rollover-zoom dt-pswp-item\" title=\"COMELICO\" data-dt-img-description=\"\" data-large_image_width=\"291\" data-large_image_height=\"206\"href='https:\/\/www.radiopiu.net\/wordpress\/wp-content\/uploads\/2021\/04\/178477966_3072650349671171_5629125206795375382_n.jpg'><img loading=\"lazy\" decoding=\"async\" width=\"150\" height=\"150\" src=\"https:\/\/www.radiopiu.net\/wordpress\/wp-content\/uploads\/2021\/04\/178477966_3072650349671171_5629125206795375382_n-150x150.jpg\" class=\"attachment-thumbnail size-thumbnail\" alt=\"\" \/><\/a>\n\t\t\t\t<\/dt><\/dl><dl class='gallery-item'>\n\t\t\t\t<dt class='gallery-icon landscape'>\n\t\t\t\t\t<a class=\"rollover rollover-zoom dt-pswp-item\" title=\"178017855_309580054028658_8194990610390456706_n\" data-dt-img-description=\"\" data-large_image_width=\"294\" data-large_image_height=\"206\"href='https:\/\/www.radiopiu.net\/wordpress\/wp-content\/uploads\/2021\/04\/178017855_309580054028658_8194990610390456706_n.jpg'><img loading=\"lazy\" decoding=\"async\" width=\"150\" height=\"150\" src=\"https:\/\/www.radiopiu.net\/wordpress\/wp-content\/uploads\/2021\/04\/178017855_309580054028658_8194990610390456706_n-150x150.jpg\" class=\"attachment-thumbnail size-thumbnail\" alt=\"\" \/><\/a>\n\t\t\t\t<\/dt><\/dl><dl class='gallery-item'>\n\t\t\t\t<dt class='gallery-icon portrait'>\n\t\t\t\t\t<a class=\"rollover rollover-zoom dt-pswp-item\" title=\"COMELICO\" data-dt-img-description=\"\" data-large_image_width=\"160\" data-large_image_height=\"204\"href='https:\/\/www.radiopiu.net\/wordpress\/wp-content\/uploads\/2021\/04\/178038285_509681003524989_7726312730684166613_n.jpg'><img loading=\"lazy\" decoding=\"async\" width=\"150\" height=\"150\" src=\"https:\/\/www.radiopiu.net\/wordpress\/wp-content\/uploads\/2021\/04\/178038285_509681003524989_7726312730684166613_n-150x150.jpg\" class=\"attachment-thumbnail size-thumbnail\" alt=\"\" \/><\/a>\n\t\t\t\t<\/dt><\/dl>\n\t\t\t\t<br style='clear: both' \/>\n\t\t\t<\/div>\n\n<p><span class=\"tojvnm2t a6sixzi8 abs2jz4q a8s20v7p t1p8iaqh k5wvi7nf q3lfd5jv pk4s997a bipmatt0 cebpdrjk qowsmv63 owwhemhu dp1hu0rb dhp61c6y iyyx5f41\">NELLE FOTO (riproduzioni dal libro \u201cBelluno. Viaggio intorno a una Provincia\u201d): Palazzo Poli De Pol a San Pietro di Cadore (XVII secolo) eretto utilizzando disegni di Baldassarre Longhena e affrescato da Girolamo Pellegrini; Lucio Eicher Clere, autore del capitolo sul Comelico nel libro coordinato da Maurizio Busatta; un occhio sui 4 comuni del Comelico, lambiti dal torrente Padola prima di confluire nel Piave a Santo Stefano che vediamo investito da giochi di luce; Danta, appollaiata in cima al colle tenta una sintesi di stili antichi e moderni; palazzo patrizio di Candide di Comelico Superiore; il campanile di San Nicol\u00f2; Dosoledo, nel Comelico di Sopra: in primo piano fienili in legno disposti verso valle davanti alle case in muratura; covoni di fieno a San Pietro di Cadore; in Comelico la macchina del tempo ruota attorno a un microcosmo peculiare che attinge al codice genetico di timbro ladino; scorcio di Sappada con le originali architetture del paese; dimensione invernale nello scenario della Terza Grande; boschi di abete; paesaggio con la magia verde della Val Visdende.<\/span><\/p>\n<p>&nbsp;<\/p>\n<hr \/>\n<h3><span style=\"color: #ff99cc;\"><strong>\u00a0<\/strong><\/span><\/h3>\n<h3><span style=\"color: #ff99cc;\"><strong>GIRO D&#8217;ITALIA 2021\u00a0 <\/strong><strong>LA TAPPA NELL&#8217;AGORDINO<\/strong><\/span><\/h3>\n<a href=\"https:\/\/www.radiopiu.net\/wordpress\/wp-content\/uploads\/2021\/04\/giro-italia-sacile-cortina.pdf\" class=\"pdfemb-viewer\" style=\"\" data-width=\"max\" data-height=\"max\" data-toolbar=\"top\" data-toolbar-fixed=\"on\">giro italia sacile cortina<\/a>\n<p>&nbsp;<\/p>\n<hr \/>\n<p>&nbsp;<\/p>\n<p>&nbsp;<\/p>\n<p>&nbsp;<\/p>\n<blockquote>\n<h3><a href=\"https:\/\/www.radiopiu.net\/wordpress\/almanacco-ladino-puntata-5-2020\/sn\/\" rel=\"attachment wp-att-180931\"><img loading=\"lazy\" decoding=\"async\" class=\"wp-image-180931 alignleft\" src=\"https:\/\/www.radiopiu.net\/wordpress\/wp-content\/uploads\/2020\/12\/sn-300x194.jpg\" alt=\"\" width=\"181\" height=\"117\" srcset=\"https:\/\/www.radiopiu.net\/wordpress\/wp-content\/uploads\/2020\/12\/sn-300x194.jpg 300w, https:\/\/www.radiopiu.net\/wordpress\/wp-content\/uploads\/2020\/12\/sn.jpg 626w\" sizes=\"auto, (max-width: 181px) 100vw, 181px\" \/><\/a>L&#8217;ALMANACCO LADINO CON L&#8217;ISTITUT CESA DE JAN QUINDICINALE APPUNTAMENTO. LA DOMENICA ALLE 9 IL LUNEDI ALLE 8.35 IL MARTEDI ALLE 12.35 IL MERCOLEDI ALLE 18.35. SECONDA STAGIONE.<\/h3>\n<p><strong>PUNTATA DEL 26 APRILE 2021<\/strong><\/p><\/blockquote>\n<audio class=\"wp-audio-shortcode\" id=\"audio-205790-11\" preload=\"none\" style=\"width: 100%;\" controls=\"controls\"><source type=\"audio\/mpeg\" src=\"https:\/\/www.radiopiu.net\/wordpress\/wp-content\/uploads\/2021\/04\/LADINO.mp3?_=11\" \/><a href=\"https:\/\/www.radiopiu.net\/wordpress\/wp-content\/uploads\/2021\/04\/LADINO.mp3\">https:\/\/www.radiopiu.net\/wordpress\/wp-content\/uploads\/2021\/04\/LADINO.mp3<\/a><\/audio>\n<p>&nbsp;<\/p>\n<p><strong>RACCOLTA COMPLETA\u00a0<\/strong><\/p>\n<blockquote class=\"wp-embedded-content\" data-secret=\"ghdd9v7psR\"><p><a href=\"https:\/\/www.radiopiu.net\/wordpress\/almanacco-ladino\/\">Almanacco Ladino<\/a><\/p><\/blockquote>\n<p><iframe loading=\"lazy\" class=\"wp-embedded-content\" sandbox=\"allow-scripts\" security=\"restricted\" style=\"position: absolute; clip: rect(1px, 1px, 1px, 1px);\" title=\"&#8220;Almanacco Ladino&#8221; &#8212; Radio Pi\u00f9\" src=\"https:\/\/www.radiopiu.net\/wordpress\/almanacco-ladino\/embed\/#?secret=ghdd9v7psR\" data-secret=\"ghdd9v7psR\" width=\"600\" height=\"338\" frameborder=\"0\" marginwidth=\"0\" marginheight=\"0\" scrolling=\"no\"><\/iframe><\/p>\n<div dir=\"auto\"><\/div>\n<p>&nbsp;<\/p>\n<hr \/>\n<p>&nbsp;<\/p>\n<blockquote>\n<h3 class=\"kvgmc6g5 cxmmr5t8 oygrvhab hcukyx3x c1et5uql\"><span style=\"color: #0000ff;\">INFORMAZIONE il canale su TELEGRAM informazione di prima mano e in tempo reale. iscriviti ed aiutaci a farlo conoscere\u00a0<\/span><\/h3>\n<\/blockquote>\n<h2><img loading=\"lazy\" decoding=\"async\" class=\"alignleft\" src=\"https:\/\/www.radiopiu.net\/wordpress\/wp-content\/uploads\/2021\/03\/narr.jpg\" width=\"158\" height=\"105\" \/>007 IN CONDOTTA CON LA PROF. MARIA ROSA SALMAZO IL LUNEDI ALLE 10,30 E ALLE 19.00 LA DOMENICA ALLE 8 DEL MATTINO. NONA STAGIONE<\/h2>\n<p><span style=\"color: #ff0000;\"><strong>PUNTATA DEL 26 APRILE 2021<\/strong><\/span><\/p>\n<audio class=\"wp-audio-shortcode\" id=\"audio-205790-12\" preload=\"none\" style=\"width: 100%;\" controls=\"controls\"><source type=\"audio\/mpeg\" src=\"https:\/\/www.radiopiu.net\/wordpress\/wp-content\/uploads\/2021\/04\/007-26-aprile.mp3?_=12\" \/><a href=\"https:\/\/www.radiopiu.net\/wordpress\/wp-content\/uploads\/2021\/04\/007-26-aprile.mp3\">https:\/\/www.radiopiu.net\/wordpress\/wp-content\/uploads\/2021\/04\/007-26-aprile.mp3<\/a><\/audio>\n<p>&nbsp;<\/p>\n<h2>LA RACCOLTA COMPLETA<\/h2>\n<blockquote class=\"wp-embedded-content\" data-secret=\"lYQDGBizZx\"><p><a href=\"https:\/\/www.radiopiu.net\/wordpress\/007incondotta-9\/\">007 in condotta<\/a><\/p><\/blockquote>\n<p><iframe loading=\"lazy\" class=\"wp-embedded-content\" sandbox=\"allow-scripts\" security=\"restricted\" style=\"position: absolute; clip: rect(1px, 1px, 1px, 1px);\" title=\"&#8220;007 in condotta&#8221; &#8212; Radio Pi\u00f9\" src=\"https:\/\/www.radiopiu.net\/wordpress\/007incondotta-9\/embed\/#?secret=lYQDGBizZx\" data-secret=\"lYQDGBizZx\" width=\"600\" height=\"338\" frameborder=\"0\" marginwidth=\"0\" marginheight=\"0\" scrolling=\"no\"><\/iframe><\/p>\n<blockquote><p>&nbsp;<\/p>\n<p>&nbsp;<\/p>\n<p>&nbsp;<\/p><\/blockquote>\n<hr \/>\n<p>&nbsp;<\/p>\n<div dir=\"auto\">\n<blockquote>\n<h3><\/h3>\n<h3>SALUTE E SOCIETA&#8217; IL LUNEDI ALLE 13.10 E ALLE 20.10, LA DOMENICA ALLE 10.30 A CURA DEL DOTTOR MARCO CARACCIOLO. QUINTA STAGIONE<\/h3>\n<\/blockquote>\n<p><strong>LA PUNTATA DELLA SETTIMANA del 26 APRILE<\/strong><\/p>\n<p><a href=\"https:\/\/www.radiopiu.net\/wordpress\/giornale-radiopiu-27-aprile-2021-direttore-mirko-mezzacasa\/6966aa7e-239d-4475-97f4-870ce0d5c15d\/\" rel=\"attachment wp-att-205899\"><img loading=\"lazy\" decoding=\"async\" class=\"size-medium wp-image-205899 alignleft\" src=\"https:\/\/www.radiopiu.net\/wordpress\/wp-content\/uploads\/2021\/04\/6966aa7e-239d-4475-97f4-870ce0d5c15d-300x169.png\" alt=\"\" width=\"300\" height=\"169\" srcset=\"https:\/\/www.radiopiu.net\/wordpress\/wp-content\/uploads\/2021\/04\/6966aa7e-239d-4475-97f4-870ce0d5c15d-300x169.png 300w, https:\/\/www.radiopiu.net\/wordpress\/wp-content\/uploads\/2021\/04\/6966aa7e-239d-4475-97f4-870ce0d5c15d-1024x576.png 1024w, https:\/\/www.radiopiu.net\/wordpress\/wp-content\/uploads\/2021\/04\/6966aa7e-239d-4475-97f4-870ce0d5c15d-768x432.png 768w, https:\/\/www.radiopiu.net\/wordpress\/wp-content\/uploads\/2021\/04\/6966aa7e-239d-4475-97f4-870ce0d5c15d.png 1280w\" sizes=\"auto, (max-width: 300px) 100vw, 300px\" \/><\/a>Qual \u00e8 il ruolo della radioterapia nelle varie fasi del tumore della prostata?<br \/>\nIn occasione della presentazione della campagna QUI PRO QUO per sensibilizzare su questa malattia, Elisa Spelta ne ha parlato con la Prof.ssa Barbara Alicja Jereczek, Professore Associato di Radioterapia Universit\u00e0 degli Studi di Milano, Direttore Divisione di Radioterapia Istituto Europeo Oncologico (IEO)<\/p>\n<audio class=\"wp-audio-shortcode\" id=\"audio-205790-13\" preload=\"none\" style=\"width: 100%;\" controls=\"controls\"><source type=\"audio\/mpeg\" src=\"https:\/\/www.radiopiu.net\/wordpress\/wp-content\/uploads\/2021\/04\/SALUTE-3.mp3?_=13\" \/><a href=\"https:\/\/www.radiopiu.net\/wordpress\/wp-content\/uploads\/2021\/04\/SALUTE-3.mp3\">https:\/\/www.radiopiu.net\/wordpress\/wp-content\/uploads\/2021\/04\/SALUTE-3.mp3<\/a><\/audio>\n<p>&nbsp;<\/p>\n<h3><strong>LA RACCOLTA COMPLETA\u00a0<\/strong><\/h3>\n<\/div>\n<blockquote class=\"wp-embedded-content\" data-secret=\"qwzpN3WKlj\"><p><a href=\"https:\/\/www.radiopiu.net\/wordpress\/saluteesocieta\/\">Salute e Societ\u00e0<\/a><\/p><\/blockquote>\n<p><iframe loading=\"lazy\" class=\"wp-embedded-content\" sandbox=\"allow-scripts\" security=\"restricted\" style=\"position: absolute; clip: rect(1px, 1px, 1px, 1px);\" title=\"&#8220;Salute e Societ\u00e0&#8221; &#8212; Radio Pi\u00f9\" src=\"https:\/\/www.radiopiu.net\/wordpress\/saluteesocieta\/embed\/#?secret=qwzpN3WKlj\" data-secret=\"qwzpN3WKlj\" width=\"600\" height=\"338\" frameborder=\"0\" marginwidth=\"0\" marginheight=\"0\" scrolling=\"no\"><\/iframe><\/p>\n<p>&nbsp;<\/p>\n<hr \/>\n<p>&nbsp;<\/p>\n<p>&nbsp;<\/p>\n<div>\n<h2><span style=\"color: #33cccc;\">I RACCONTI DI PAOLO SOPPELSA il lunedi alle 9.30 e 18.30<\/span><\/h2>\n<p><strong>IL GUARDIANO DEL MONTE<\/strong><\/p>\n<p><em><strong>AUDIO<\/strong><\/em><\/p>\n<audio class=\"wp-audio-shortcode\" id=\"audio-205790-14\" preload=\"none\" style=\"width: 100%;\" controls=\"controls\"><source type=\"audio\/mpeg\" src=\"https:\/\/www.radiopiu.net\/wordpress\/wp-content\/uploads\/2021\/04\/PAOLO-SOPPELSA-IL-GUARDIANO-DEL-MONTE.mp3?_=14\" \/><a href=\"https:\/\/www.radiopiu.net\/wordpress\/wp-content\/uploads\/2021\/04\/PAOLO-SOPPELSA-IL-GUARDIANO-DEL-MONTE.mp3\">https:\/\/www.radiopiu.net\/wordpress\/wp-content\/uploads\/2021\/04\/PAOLO-SOPPELSA-IL-GUARDIANO-DEL-MONTE.mp3<\/a><\/audio>\n<p>&nbsp;<\/p>\n<p><a href=\"https:\/\/www.radiopiu.net\/wordpress\/i-racconti-di-paolo-soppelsa-settantaduesima-puntata\/fe39cb88-bffd-4e70-9f7c-70a24c76bd1b\/\" rel=\"attachment wp-att-205701\"><img loading=\"lazy\" decoding=\"async\" class=\"size-medium wp-image-205701 alignleft\" src=\"https:\/\/www.radiopiu.net\/wordpress\/wp-content\/uploads\/2021\/04\/fe39cb88-bffd-4e70-9f7c-70a24c76bd1b-300x225.jpg\" alt=\"\" width=\"300\" height=\"225\" srcset=\"https:\/\/www.radiopiu.net\/wordpress\/wp-content\/uploads\/2021\/04\/fe39cb88-bffd-4e70-9f7c-70a24c76bd1b-300x225.jpg 300w, https:\/\/www.radiopiu.net\/wordpress\/wp-content\/uploads\/2021\/04\/fe39cb88-bffd-4e70-9f7c-70a24c76bd1b-1024x768.jpg 1024w, https:\/\/www.radiopiu.net\/wordpress\/wp-content\/uploads\/2021\/04\/fe39cb88-bffd-4e70-9f7c-70a24c76bd1b-768x576.jpg 768w, https:\/\/www.radiopiu.net\/wordpress\/wp-content\/uploads\/2021\/04\/fe39cb88-bffd-4e70-9f7c-70a24c76bd1b-1536x1152.jpg 1536w, https:\/\/www.radiopiu.net\/wordpress\/wp-content\/uploads\/2021\/04\/fe39cb88-bffd-4e70-9f7c-70a24c76bd1b.jpg 2048w\" sizes=\"auto, (max-width: 300px) 100vw, 300px\" \/><\/a>Era un sabato di met\u00e0 febbraio. Un giorno freddo, di quelli in cui la neve brilla come il cristallo ed \u00e8 dura sotto gli scarponi. Arriv\u00f2 sul monte al mattino presto, con il sole ancora nascosto dietro il Pelsa e la vallata in ombra. Apr\u00ec la porta della baita, pos\u00f2 lo zaino su di una sedia e subito si mise all&#8217;opera per accendere il fuoco. Era uso lasciare legna asciutta nella panca, cos\u00ec, dopo pochi minuti, la vecchia &#8220;Centa&#8221; soffiava chiedendo di essere alimentata a dovere. Chiuse il registro, prese il &#8220;manarin&#8221; e usc\u00ec a spaccare un p\u00f2 di legna &#8220;de fagher&#8221; accatastata durante le ferie d&#8217;agosto. Ricordava bene quel giorno d&#8217;estate in cui aveva lavorato un per preparare la &#8220;pila&#8221; per l&#8217;inverno e, lavorando in solitudine, si era sentito un p\u00f2 il &#8220;guardiano del monte&#8221;: c&#8217;era molto caldo, allora, e c&#8217;era un bel sole. Pensava che anche ora stava nascendo il sole sopra il Pelsa, ma questa volta, mentre stava spaccando quella stessa legna, il fiato ghiacciava sui baffi. Erano quattro, cinque gradi sotto lo zero; che sarebbero diventati dieci o forse pi\u00f9 quando le stelle avrebbero fatto la loro comparsa in quel cielo d&#8217;inverno. And\u00f2 via cos\u00ec la mattina, con il sole che faceva scintillare i candelotti ghiacciati che pendevano dalle Grondaie e i colpi decisi del &#8220;manarin&#8221; che rompeva quel silenzio di neve. Quando ud\u00ec i rintocchi della campana grande che suonava il mezzogiorno interruppe il lavoro, entr\u00f2 nella baita e si sistem\u00f2 accanto alla cucina economica. Mise a riscaldare i panini nel forno e apr\u00ec una lattina di birra. Mangi\u00f2 con gusto pensando che in pochi metri quadri aveva tutto ci\u00f2 che gli serviva in quel momento per essere felice. C&#8217;erano il tavolo di quercia, la &#8220;cosina economica&#8221; con il tubo decorato a fiori e la credenza dei suoi di quando si erano sposati. E nella credenza una lampada, le birre, l&#8217;olio il sale il caff\u00e8 e la grappa. Finito di mangiare caric\u00f2 al massimo la &#8220;fornela&#8221; e si coric\u00f2 sulla sdraio da spiaggia, quella che usava d&#8217;estate quando dormiva all&#8217;ombra degli alberi. E che ora stava nell&#8217;angolo di fronte alla stufa. Arrivarono sul monte a pomeriggio inoltrato, quando il sole stava per andare a morire dietro alla cima di Pape. Erano saliti velocemente lungo la traccia che correva sotto la linea elettrica; quel tratto era perennemente in ombra e la neve era dura come il marmo. Non erano nemmeno necessarie le ciaspe nonostante il buon metro di spessore. Caric\u00f2 un&#8217;altra volta la stufa e and\u00f2 loro incontro. Li vide spuntare nella radura al termine del tratto pi\u00f9 ripido. Loro lo scorsero fra gli alberi spogli; i capelli lunghi che uscivano dal berretto nero, la barba bianca e un piumino leggero, che lui il freddo non lo sentiva. Si salutarono come si fossero visti il giorno prima. Lei aveva gli occhi colorati di cielo, lui il passo sicuro di chi era nato sotto alle montagne che potevano ammirare da lass\u00f9. Il camino fumava regolare e nella baita c&#8217;era un caldo di legna buona. Un bel &#8220;mocol de fagher&#8221; e il fuoco riprese a riscaldare i &#8220;zercoi&#8221; e a far bollire l&#8217;acqua del caff\u00e8. Parlarono di montagne, del passato e del presente di quelle valli. Tentavano di immaginare il futuro di chi avrebbe vissuto un domani fra le loro montagne. Ora il caff\u00e8 fatto con l&#8217;acqua della fontana fumava nei bicchieri, la stanza era sempre pi\u00f9 in ombra ed il pomeriggio si stava lentamente tramutando in sera. Uscirono per vivere quel limpido tramonto d&#8217;inverno. Pochi passi e giunsero sull&#8217;orlo dello strapiombo nel momento in cui suonarono le campane a fondovalle. Poi i rintocchi si fecero sempre pi\u00f9 distanti fino a svanire e cal\u00f2 il grande silenzio delle montagne d&#8217;inverno. Parlarono ancora di monti e paesi mentre la neve scricchiolava sotto i loro passi. Quando le ombre del pomeriggio avvolsero il monte si prepararono a scendere. Il fuoco mor\u00ec lentamente, il freddo inizi\u00f2 ad aumentare e con gli zaini in spalla si avviarono lungo il bosco ormai in penombra. Scesero velocemente fino alla provinciale, poi lui li condusse in un breve giro nei suoi ricordi pi\u00f9 cari. Si salutarono nell&#8217;attimo in cui la luce del sole aveva terminato la sua scalata lungo l&#8217;alta parete del Pelsa. Ora era quasi sera; il termometro dell&#8217;auto segnava nove gradi sotto lo zero, l&#8217;asfalto iniziava a brillare di ghiaccio e &#8220;&#8230;l&#8217;era beleche ora de tirase &#8216;ndu n&#8217; altra ota\u2026&#8221;&#8230;Magiche Dolomiti!!<\/p>\n<p>&nbsp;<\/p>\n<p><span style=\"color: #0000ff;\">INFORMAZIONE il canale su TELEGRAM informazione di prima mano e in tempo reale. iscriviti ed aiutaci a farlo conoscere\u00a0<\/span><\/p>\n<h2><span style=\"color: #33cccc;\"><strong>RACCOLTA COMPLETA<\/strong><\/span><\/h2>\n<blockquote class=\"wp-embedded-content\" data-secret=\"zHZv9Wt3BI\"><p><a href=\"https:\/\/www.radiopiu.net\/wordpress\/i-racconti-di-paolo-soppelsa\/\">I racconti di Paolo Soppelsa<\/a><\/p><\/blockquote>\n<p><iframe loading=\"lazy\" class=\"wp-embedded-content\" sandbox=\"allow-scripts\" security=\"restricted\" style=\"position: absolute; clip: rect(1px, 1px, 1px, 1px);\" title=\"&#8220;I racconti di Paolo Soppelsa&#8221; &#8212; Radio Pi\u00f9\" src=\"https:\/\/www.radiopiu.net\/wordpress\/i-racconti-di-paolo-soppelsa\/embed\/#?secret=zHZv9Wt3BI\" data-secret=\"zHZv9Wt3BI\" width=\"600\" height=\"338\" frameborder=\"0\" marginwidth=\"0\" marginheight=\"0\" scrolling=\"no\"><\/iframe><\/p>\n<\/div>\n<h2><span style=\"color: #ff0000;\">\u00a0 \u00a0<\/span><\/h2>\n<p>&nbsp;<\/p>\n<p>&nbsp;<\/p>\n<hr \/>\n<div class=\"b654a4as d2edcug0\">\n<h2><span style=\"color: #ff0000;\">\u00a0<\/span><\/h2>\n<h2><span style=\"color: #ff0000;\">\u00a0<\/span><\/h2>\n<h2><span style=\"color: #ff0000;\">dalla nuova generazione&#8230; cultura e tradizione<\/span><\/h2>\n<blockquote>\n<h3><em>PIAZA LADINA ALLA RADIO<\/em><\/h3>\n<\/blockquote>\n<p><strong>LA\u00a0 OTTAVA\u00a0 PUNTATA\u00a0 &#8220;Intervista al Gabriele Riva la so esperienza dal Poi<\/strong><\/p>\n<audio class=\"wp-audio-shortcode\" id=\"audio-205790-15\" preload=\"none\" style=\"width: 100%;\" controls=\"controls\"><source type=\"audio\/mpeg\" src=\"https:\/\/www.radiopiu.net\/wordpress\/wp-content\/uploads\/2021\/04\/Pontada-8-Intervista-al-Gabriele-Riva-la-so-esperienza-dal-Poi.mp3?_=15\" \/><a href=\"https:\/\/www.radiopiu.net\/wordpress\/wp-content\/uploads\/2021\/04\/Pontada-8-Intervista-al-Gabriele-Riva-la-so-esperienza-dal-Poi.mp3\">https:\/\/www.radiopiu.net\/wordpress\/wp-content\/uploads\/2021\/04\/Pontada-8-Intervista-al-Gabriele-Riva-la-so-esperienza-dal-Poi.mp3<\/a><\/audio>\n<p>&nbsp;<\/p>\n<blockquote>\n<h2>LA RACCOLTA COMPLETA<\/h2>\n<\/blockquote>\n<blockquote class=\"wp-embedded-content\" data-secret=\"NaG6BHZk8H\"><p><a href=\"https:\/\/www.radiopiu.net\/wordpress\/agora-agordina-la-nosta-piaza\/\">AGORA&#8217; AGORDINA&#8230; LA NOSTA PIAZA LADINA.  pagina in aggiornamento continuo<\/a><\/p><\/blockquote>\n<p><iframe loading=\"lazy\" class=\"wp-embedded-content\" sandbox=\"allow-scripts\" security=\"restricted\" style=\"position: absolute; clip: rect(1px, 1px, 1px, 1px);\" title=\"&#8220;AGORA&#8217; AGORDINA&#8230; LA NOSTA PIAZA LADINA.  pagina in aggiornamento continuo&#8221; &#8212; Radio Pi\u00f9\" src=\"https:\/\/www.radiopiu.net\/wordpress\/agora-agordina-la-nosta-piaza\/embed\/#?secret=NaG6BHZk8H\" data-secret=\"NaG6BHZk8H\" width=\"600\" height=\"338\" frameborder=\"0\" marginwidth=\"0\" marginheight=\"0\" scrolling=\"no\"><\/iframe><\/p>\n<p>&nbsp;<\/p>\n<p>&nbsp;<\/p>\n<p>&nbsp;<\/p>\n<hr \/>\n<div class=\"b654a4as d2edcug0\">\n<div class=\"j83agx80 btwxx1t3 lhclo0ds hop8lmos nkwizq5d scwd0bx6 roh60bw9\">\n<div class=\"rq0escxv hkbzh7o3 jwdofwj8 n8tt0mok r8blr3vg hyh9befq\">\n<div class=\"do00u71z l9j0dhe7 k4urcfbm\">\n<div>\n<h2><span style=\"color: #000080;\"><a class=\"dt-pswp-item\" href=\"https:\/\/www.radiopiu.net\/wordpress\/wp-content\/uploads\/2020\/10\/pp.jpg\" data-dt-img-description=\"\" data-large_image_width=\"640\" data-large_image_height=\"640\"><img loading=\"lazy\" decoding=\"async\" class=\"wp-image-163678 alignleft\" src=\"https:\/\/www.radiopiu.net\/wordpress\/wp-content\/uploads\/2020\/10\/pp-300x300.jpg\" alt=\"\" width=\"106\" height=\"106\" srcset=\"https:\/\/www.radiopiu.net\/wordpress\/wp-content\/uploads\/2020\/10\/pp-300x300.jpg 300w, https:\/\/www.radiopiu.net\/wordpress\/wp-content\/uploads\/2020\/10\/pp-150x150.jpg 150w, https:\/\/www.radiopiu.net\/wordpress\/wp-content\/uploads\/2020\/10\/pp-125x125.jpg 125w, https:\/\/www.radiopiu.net\/wordpress\/wp-content\/uploads\/2020\/10\/pp-200x200.jpg 200w, https:\/\/www.radiopiu.net\/wordpress\/wp-content\/uploads\/2020\/10\/pp-80x80.jpg 80w, https:\/\/www.radiopiu.net\/wordpress\/wp-content\/uploads\/2020\/10\/pp-480x480.jpg 480w, https:\/\/www.radiopiu.net\/wordpress\/wp-content\/uploads\/2020\/10\/pp.jpg 640w\" sizes=\"auto, (max-width: 106px) 100vw, 106px\" \/><\/a><\/span><\/h2>\n<h2><span style=\"color: #000080;\">DON CESARE, IL PENSIERO DEL GIORNO. ALLA RADIO ALLE 7 DEL MATTINO E ALLE 19.30 DELLA SERA.\u00a0\u00a0<\/span><\/h2>\n<\/div>\n<\/div>\n<p>&nbsp;<\/p>\n<\/div>\n<\/div>\n<\/div>\n<p>&nbsp;<\/p>\n<audio class=\"wp-audio-shortcode\" id=\"audio-205790-16\" preload=\"none\" style=\"width: 100%;\" controls=\"controls\"><source type=\"audio\/mpeg\" src=\"https:\/\/www.radiopiu.net\/wordpress\/wp-content\/uploads\/2021\/04\/CESARE-16.mp3?_=16\" \/><a href=\"https:\/\/www.radiopiu.net\/wordpress\/wp-content\/uploads\/2021\/04\/CESARE-16.mp3\">https:\/\/www.radiopiu.net\/wordpress\/wp-content\/uploads\/2021\/04\/CESARE-16.mp3<\/a><\/audio>\n<hr \/>\n<p>&nbsp;<\/p>\n<h2><span style=\"color: #008000;\">ERBE E PIANTE CURATIVE&#8230;IL\u00a0 PROGRAMMA DI PAOLA LANCIATO<\/span><\/h2>\n<p><strong><a href=\"https:\/\/www.radiopiu.net\/wordpress\/giornale-radiopiu-14-aprile-2021-direttore-mirko-mezzacasa\/pianta-limone\/\" rel=\"attachment wp-att-203125\"><img loading=\"lazy\" decoding=\"async\" class=\" wp-image-203125 alignleft\" src=\"https:\/\/www.radiopiu.net\/wordpress\/wp-content\/uploads\/2021\/04\/PIANTA-LIMONE-300x200.jpg\" alt=\"\" width=\"167\" height=\"111\" srcset=\"https:\/\/www.radiopiu.net\/wordpress\/wp-content\/uploads\/2021\/04\/PIANTA-LIMONE-300x200.jpg 300w, https:\/\/www.radiopiu.net\/wordpress\/wp-content\/uploads\/2021\/04\/PIANTA-LIMONE-1024x683.jpg 1024w, https:\/\/www.radiopiu.net\/wordpress\/wp-content\/uploads\/2021\/04\/PIANTA-LIMONE-768x512.jpg 768w, https:\/\/www.radiopiu.net\/wordpress\/wp-content\/uploads\/2021\/04\/PIANTA-LIMONE-1536x1024.jpg 1536w, https:\/\/www.radiopiu.net\/wordpress\/wp-content\/uploads\/2021\/04\/PIANTA-LIMONE.jpg 1920w\" sizes=\"auto, (max-width: 167px) 100vw, 167px\" \/><\/a>PUNTATA 12, LA MARGHERITA<\/strong><\/p>\n<\/div>\n<p>&nbsp;<\/p>\n<p>&nbsp;<\/p>\n<p>&nbsp;<\/p>\n<audio class=\"wp-audio-shortcode\" id=\"audio-205790-17\" preload=\"none\" style=\"width: 100%;\" controls=\"controls\"><source type=\"audio\/mpeg\" src=\"https:\/\/www.radiopiu.net\/wordpress\/wp-content\/uploads\/2021\/04\/11-La-margherita-M.mp3?_=17\" \/><a href=\"https:\/\/www.radiopiu.net\/wordpress\/wp-content\/uploads\/2021\/04\/11-La-margherita-M.mp3\">https:\/\/www.radiopiu.net\/wordpress\/wp-content\/uploads\/2021\/04\/11-La-margherita-M.mp3<\/a><\/audio>\n<h3><strong>LA RACCOLTA COMPLETA\u00a0<\/strong><\/h3>\n<blockquote class=\"wp-embedded-content\" data-secret=\"olnJItp1Y8\"><p><a href=\"https:\/\/www.radiopiu.net\/wordpress\/erbe-e-piante-curative-il-mandorlo\/\">L\u2019ERBA VOGLIO DEL GIARDINO DEL RE\u2026 ERBE, FIORI E PIANTE DI E CON PAOLA LANCIATO<\/a><\/p><\/blockquote>\n<p><iframe loading=\"lazy\" class=\"wp-embedded-content\" sandbox=\"allow-scripts\" security=\"restricted\" style=\"position: absolute; clip: rect(1px, 1px, 1px, 1px);\" title=\"&#8220;L\u2019ERBA VOGLIO DEL GIARDINO DEL RE\u2026 ERBE, FIORI E PIANTE DI E CON PAOLA LANCIATO&#8221; &#8212; Radio Pi\u00f9\" src=\"https:\/\/www.radiopiu.net\/wordpress\/erbe-e-piante-curative-il-mandorlo\/embed\/#?secret=olnJItp1Y8\" data-secret=\"olnJItp1Y8\" width=\"600\" height=\"338\" frameborder=\"0\" marginwidth=\"0\" marginheight=\"0\" scrolling=\"no\"><\/iframe><\/p>\n<h1><\/h1>\n<p>&nbsp;<\/p>\n<p>&nbsp;<\/p>\n<hr \/>\n<p>&nbsp;<\/p>\n<blockquote>\n<h3><\/h3>\n<\/blockquote>\n<h2><\/h2>\n<blockquote class=\"wp-embedded-content\" data-secret=\"Xws1NL0DcB\"><p><a href=\"https:\/\/www.radiopiu.net\/wordpress\/io-ne-ho-viste-cose\/\">IO NE HO VISTE COSE CHE VOI NON POTRESTE IMMAGINARVI<\/a><\/p><\/blockquote>\n<p><iframe loading=\"lazy\" class=\"wp-embedded-content\" sandbox=\"allow-scripts\" security=\"restricted\" style=\"position: absolute; clip: rect(1px, 1px, 1px, 1px);\" title=\"&#8220;IO NE HO VISTE COSE CHE VOI NON POTRESTE IMMAGINARVI&#8221; &#8212; Radio Pi\u00f9\" src=\"https:\/\/www.radiopiu.net\/wordpress\/io-ne-ho-viste-cose\/embed\/#?secret=Xws1NL0DcB\" data-secret=\"Xws1NL0DcB\" width=\"600\" height=\"338\" frameborder=\"0\" marginwidth=\"0\" marginheight=\"0\" scrolling=\"no\"><\/iframe><\/p>\n<p>&nbsp;<\/p>\n<hr \/>\n<h1><span style=\"color: #ff0000;\"><strong>\u00a0<\/strong><\/span><\/h1>\n<h1><span style=\"color: #ff0000;\"><strong>IN VIVO VERSO 2020-21<\/strong><\/span><\/h1>\n<blockquote><p><span style=\"color: #ff0000;\"><strong>IN ONDA DAL LUNEDI AL VENERDI ALLE 7.10, 10.10, 18.50\u00a0 \u00a0<\/strong><\/span><\/p><\/blockquote>\n<blockquote class=\"wp-embedded-content\" data-secret=\"f4sVdCS2ej\"><p><a href=\"https:\/\/www.radiopiu.net\/wordpress\/ora-di-jessica-cremonesi\/\">ORA di JESSICA CREMONESI<\/a><\/p><\/blockquote>\n<p><iframe loading=\"lazy\" class=\"wp-embedded-content\" sandbox=\"allow-scripts\" security=\"restricted\" style=\"position: absolute; clip: rect(1px, 1px, 1px, 1px);\" title=\"&#8220;ORA di JESSICA CREMONESI&#8221; &#8212; Radio Pi\u00f9\" src=\"https:\/\/www.radiopiu.net\/wordpress\/ora-di-jessica-cremonesi\/embed\/#?secret=f4sVdCS2ej\" data-secret=\"f4sVdCS2ej\" width=\"600\" height=\"338\" frameborder=\"0\" marginwidth=\"0\" marginheight=\"0\" scrolling=\"no\"><\/iframe><\/p>\n<p>&nbsp;<\/p>\n<p><strong>LA RACCOLTA COMPLETA<\/strong><\/p>\n<blockquote class=\"wp-embedded-content\" data-secret=\"OyUHGhxyrk\"><p><a href=\"https:\/\/www.radiopiu.net\/wordpress\/in-vivo-verso\/\">In Vivo Verso<\/a><\/p><\/blockquote>\n<p><iframe loading=\"lazy\" class=\"wp-embedded-content\" sandbox=\"allow-scripts\" security=\"restricted\" style=\"position: absolute; clip: rect(1px, 1px, 1px, 1px);\" title=\"&#8220;In Vivo Verso&#8221; &#8212; Radio Pi\u00f9\" src=\"https:\/\/www.radiopiu.net\/wordpress\/in-vivo-verso\/embed\/#?secret=OyUHGhxyrk\" data-secret=\"OyUHGhxyrk\" width=\"600\" height=\"338\" frameborder=\"0\" marginwidth=\"0\" marginheight=\"0\" scrolling=\"no\"><\/iframe><\/p>\n<p>&nbsp;<\/p>\n<hr \/>\n<p>&nbsp;<\/p>\n<p>&nbsp;<\/p>\n<h2><span style=\"color: #ff0000;\"><a href=\"https:\/\/www.radiopiu.net\/wordpress\/giornale-radiopiu-05-gennaio-2021-direttore-mirko-mezzacasa\/133200401_100838761953611_1258544160541445132_o-2\/\" rel=\"attachment wp-att-183078\"><img loading=\"lazy\" decoding=\"async\" class=\" wp-image-183078 alignleft\" src=\"https:\/\/www.radiopiu.net\/wordpress\/wp-content\/uploads\/2021\/01\/133200401_100838761953611_1258544160541445132_o-1-300x157.jpg\" alt=\"\" width=\"192\" height=\"101\" srcset=\"https:\/\/www.radiopiu.net\/wordpress\/wp-content\/uploads\/2021\/01\/133200401_100838761953611_1258544160541445132_o-1-300x157.jpg 300w, https:\/\/www.radiopiu.net\/wordpress\/wp-content\/uploads\/2021\/01\/133200401_100838761953611_1258544160541445132_o-1.jpg 526w\" sizes=\"auto, (max-width: 192px) 100vw, 192px\" \/><\/a>GOCCE DI FILOSOFIA, CON CHIARA CAU, CON LISA DE LUCA. <\/span><\/h2>\n<h2><span style=\"color: #ff0000;\">TUTTI I GIORNI DAL LUNEDI AL VENERDI ALLE 6.55 E ALLE 18.55<\/span><\/h2>\n<p><strong>PUNTATA 81<\/strong><\/p>\n<audio class=\"wp-audio-shortcode\" id=\"audio-205790-18\" preload=\"none\" style=\"width: 100%;\" controls=\"controls\"><source type=\"audio\/mpeg\" src=\"https:\/\/www.radiopiu.net\/wordpress\/wp-content\/uploads\/2021\/04\/FI1-3.mp3?_=18\" \/><a href=\"https:\/\/www.radiopiu.net\/wordpress\/wp-content\/uploads\/2021\/04\/FI1-3.mp3\">https:\/\/www.radiopiu.net\/wordpress\/wp-content\/uploads\/2021\/04\/FI1-3.mp3<\/a><\/audio>\n<p>&nbsp;<\/p>\n<h3>LA RACCOLTA COMPLETA<\/h3>\n<blockquote class=\"wp-embedded-content\" data-secret=\"9dYl2Yzi8t\"><p><a href=\"https:\/\/www.radiopiu.net\/wordpress\/gocce-filosofia\/\">Gocce di filosofia<\/a><\/p><\/blockquote>\n<p><iframe loading=\"lazy\" class=\"wp-embedded-content\" sandbox=\"allow-scripts\" security=\"restricted\" style=\"position: absolute; clip: rect(1px, 1px, 1px, 1px);\" title=\"&#8220;Gocce di filosofia&#8221; &#8212; Radio Pi\u00f9\" src=\"https:\/\/www.radiopiu.net\/wordpress\/gocce-filosofia\/embed\/#?secret=9dYl2Yzi8t\" data-secret=\"9dYl2Yzi8t\" width=\"600\" height=\"338\" frameborder=\"0\" marginwidth=\"0\" marginheight=\"0\" scrolling=\"no\"><\/iframe><\/p>\n<p>&nbsp;<\/p>\n<hr \/>\n<p>&nbsp;<\/p>\n<h2><\/h2>\n<h2><span style=\"color: #808000;\">DUE MINUTI UN LIBRO\u00a0 TUTTI I GIORNI ALLA RADIO ALLE 9.30 E ALLE 18. QUINTA STAGIONE\u00a0 \u00a0\u00a0<\/span><\/h2>\n<blockquote class=\"wp-embedded-content\" data-secret=\"S0FgW1Brjv\"><p><a href=\"https:\/\/www.radiopiu.net\/wordpress\/della-gentilezza-e-del-coraggio\/\">DELLA GENTILEZZA E DEL CORAGGIO<\/a><\/p><\/blockquote>\n<p><iframe loading=\"lazy\" class=\"wp-embedded-content\" sandbox=\"allow-scripts\" security=\"restricted\" style=\"position: absolute; clip: rect(1px, 1px, 1px, 1px);\" title=\"&#8220;DELLA GENTILEZZA E DEL CORAGGIO&#8221; &#8212; Radio Pi\u00f9\" src=\"https:\/\/www.radiopiu.net\/wordpress\/della-gentilezza-e-del-coraggio\/embed\/#?secret=S0FgW1Brjv\" data-secret=\"S0FgW1Brjv\" width=\"600\" height=\"338\" frameborder=\"0\" marginwidth=\"0\" marginheight=\"0\" scrolling=\"no\"><\/iframe><\/p>\n<h3><span style=\"color: #808000;\">\u00a0<\/span>LA RACCOLTA COMPLETA<\/h3>\n<blockquote class=\"wp-embedded-content\" data-secret=\"UYR9sJy6QM\"><p><a href=\"https:\/\/www.radiopiu.net\/wordpress\/due-minuti-un-libro\/\">Due minuti un libro<\/a><\/p><\/blockquote>\n<p><iframe loading=\"lazy\" class=\"wp-embedded-content\" sandbox=\"allow-scripts\" security=\"restricted\" style=\"position: absolute; clip: rect(1px, 1px, 1px, 1px);\" title=\"&#8220;Due minuti un libro&#8221; &#8212; Radio Pi\u00f9\" src=\"https:\/\/www.radiopiu.net\/wordpress\/due-minuti-un-libro\/embed\/#?secret=UYR9sJy6QM\" data-secret=\"UYR9sJy6QM\" width=\"600\" height=\"338\" frameborder=\"0\" marginwidth=\"0\" marginheight=\"0\" scrolling=\"no\"><\/iframe><\/p>\n<p>&nbsp;<\/p>\n<p>&nbsp;<\/p>\n<hr \/>\n<div>\n<p><span style=\"color: #33cccc;\">\u00a0<\/span><\/p>\n<\/div>\n<h2><\/h2>\n<hr \/>\n<p>&nbsp;<\/p>\n<h2><span style=\"color: #800080;\"><strong>LA RASSEGNA STAMPA DA L&#8217;AMICO DEL POPOLO\u00a0<\/strong><\/span><\/h2>\n<h3 class=\"kvgmc6g5 cxmmr5t8 oygrvhab hcukyx3x c1et5uql\"><span style=\"color: #0000ff;\"> INFORMAZIONE il canale su TELEGRAM informazione di prima mano e in tempo reale. iscriviti ed aiutaci a farlo conoscere\u00a0<\/span><\/h3>\n<p><strong><a href=\"https:\/\/www.radiopiu.net\/wordpress\/elezioni-comunali-2019-vallada-agordina\/vallada-fabio-lucchetta\/\" rel=\"attachment wp-att-86485\"><img loading=\"lazy\" decoding=\"async\" class=\" wp-image-86485 alignleft\" src=\"https:\/\/www.radiopiu.net\/wordpress\/wp-content\/uploads\/2019\/05\/VALLADA-FABIO-LUCCHETTA-262x300.jpeg\" alt=\"\" width=\"114\" height=\"131\" srcset=\"https:\/\/www.radiopiu.net\/wordpress\/wp-content\/uploads\/2019\/05\/VALLADA-FABIO-LUCCHETTA-262x300.jpeg 262w, https:\/\/www.radiopiu.net\/wordpress\/wp-content\/uploads\/2019\/05\/VALLADA-FABIO-LUCCHETTA-768x880.jpeg 768w, https:\/\/www.radiopiu.net\/wordpress\/wp-content\/uploads\/2019\/05\/VALLADA-FABIO-LUCCHETTA-893x1024.jpeg 893w, https:\/\/www.radiopiu.net\/wordpress\/wp-content\/uploads\/2019\/05\/VALLADA-FABIO-LUCCHETTA.jpeg 1396w\" sizes=\"auto, (max-width: 114px) 100vw, 114px\" \/><\/a>di Gianni Santomaso<\/strong><\/p>\n<p>OSPITE: Fabio Lucchetta Consigliere Provinciale alle infrastrutture<\/p>\n<audio class=\"wp-audio-shortcode\" id=\"audio-205790-19\" preload=\"none\" style=\"width: 100%;\" controls=\"controls\"><source type=\"audio\/mpeg\" src=\"https:\/\/www.radiopiu.net\/wordpress\/wp-content\/uploads\/2021\/04\/RASSEGNA-GIANNI-3.mp3?_=19\" \/><a href=\"https:\/\/www.radiopiu.net\/wordpress\/wp-content\/uploads\/2021\/04\/RASSEGNA-GIANNI-3.mp3\">https:\/\/www.radiopiu.net\/wordpress\/wp-content\/uploads\/2021\/04\/RASSEGNA-GIANNI-3.mp3<\/a><\/audio>\n<p>&nbsp;<\/p>\n<p><strong>LA RACCOLTA COMPLETA<\/strong><\/p>\n<blockquote class=\"wp-embedded-content\" data-secret=\"nVzxzN38Cy\"><p><a href=\"https:\/\/www.radiopiu.net\/wordpress\/rassegna-stampa-di-gianni-santomaso\/\">Rassegna stampa da l&#8217;amico del popolo &#8211; di Gianni Santomaso<\/a><\/p><\/blockquote>\n<p><iframe loading=\"lazy\" class=\"wp-embedded-content\" sandbox=\"allow-scripts\" security=\"restricted\" style=\"position: absolute; clip: rect(1px, 1px, 1px, 1px);\" title=\"&#8220;Rassegna stampa da l&#8217;amico del popolo &#8211; di Gianni Santomaso&#8221; &#8212; Radio Pi\u00f9\" src=\"https:\/\/www.radiopiu.net\/wordpress\/rassegna-stampa-di-gianni-santomaso\/embed\/#?secret=nVzxzN38Cy\" data-secret=\"nVzxzN38Cy\" width=\"600\" height=\"338\" frameborder=\"0\" marginwidth=\"0\" marginheight=\"0\" scrolling=\"no\"><\/iframe><\/p>\n<h3><\/h3>\n<p>&nbsp;<\/p>\n<div dir=\"auto\"><\/div>\n<div class=\"b654a4as d2edcug0\"><\/div>\n<p>&nbsp;<\/p>\n<hr \/>\n<p>&nbsp;<\/p>\n<blockquote>\n<h2><a href=\"https:\/\/www.radiopiu.net\/wordpress\/speciale-solidarieta-veneto\/solidarieta-veneto-3\/\" rel=\"attachment wp-att-134366\"><img loading=\"lazy\" decoding=\"async\" class=\"wp-image-134366 alignleft\" src=\"https:\/\/www.radiopiu.net\/wordpress\/wp-content\/uploads\/2020\/05\/solidariet\u00e0-veneto-300x210.jpg\" alt=\"\" width=\"102\" height=\"71\" srcset=\"https:\/\/www.radiopiu.net\/wordpress\/wp-content\/uploads\/2020\/05\/solidariet\u00e0-veneto-300x210.jpg 300w, https:\/\/www.radiopiu.net\/wordpress\/wp-content\/uploads\/2020\/05\/solidariet\u00e0-veneto-1024x717.jpg 1024w, https:\/\/www.radiopiu.net\/wordpress\/wp-content\/uploads\/2020\/05\/solidariet\u00e0-veneto-768x538.jpg 768w, https:\/\/www.radiopiu.net\/wordpress\/wp-content\/uploads\/2020\/05\/solidariet\u00e0-veneto.jpg 1373w\" sizes=\"auto, (max-width: 102px) 100vw, 102px\" \/><\/a>SOLIDARIETA&#8217; VENETO FONDO PENSIONE, IN ONDA IL PRIMO VENERDI DEL MESE ALLE 10.30 E ALLE 19.00 QUINTA STAGIONE<\/h2>\n<\/blockquote>\n<p><strong>AUDIO APRILE 2021<\/strong><\/p>\n<audio class=\"wp-audio-shortcode\" id=\"audio-205790-20\" preload=\"none\" style=\"width: 100%;\" controls=\"controls\"><source type=\"audio\/mpeg\" src=\"https:\/\/www.radiopiu.net\/wordpress\/wp-content\/uploads\/2021\/04\/solidarieta-veneto-aprile-2021.mp3?_=20\" \/><a href=\"https:\/\/www.radiopiu.net\/wordpress\/wp-content\/uploads\/2021\/04\/solidarieta-veneto-aprile-2021.mp3\">https:\/\/www.radiopiu.net\/wordpress\/wp-content\/uploads\/2021\/04\/solidarieta-veneto-aprile-2021.mp3<\/a><\/audio>\n<p>&nbsp;<\/p>\n<blockquote>\n<h2>RACCOLTA COMPLETA<\/h2>\n<\/blockquote>\n<blockquote class=\"wp-embedded-content\" data-secret=\"cYwPvQ6jmW\"><p><a href=\"https:\/\/www.radiopiu.net\/wordpress\/solidarieta-veneto\/\">Solidariet\u00e0 Veneto<\/a><\/p><\/blockquote>\n<p><iframe loading=\"lazy\" class=\"wp-embedded-content\" sandbox=\"allow-scripts\" security=\"restricted\" style=\"position: absolute; clip: rect(1px, 1px, 1px, 1px);\" title=\"&#8220;Solidariet\u00e0 Veneto&#8221; &#8212; Radio Pi\u00f9\" src=\"https:\/\/www.radiopiu.net\/wordpress\/solidarieta-veneto\/embed\/#?secret=cYwPvQ6jmW\" data-secret=\"cYwPvQ6jmW\" width=\"600\" height=\"338\" frameborder=\"0\" marginwidth=\"0\" marginheight=\"0\" scrolling=\"no\"><\/iframe><\/p>\n<p>&nbsp;<\/p>\n<p>&nbsp;<\/p>\n<hr \/>\n<p>&nbsp;<\/p>\n<p>&nbsp;<\/p>\n<blockquote>\n<h2>FANTASTICHE DOLOMITI, NUOVA STAGIONE. APPUNTAMENTO QUINDICINALE IL GIOVEDI ALLE 10.30 E 19.00<\/h2>\n<\/blockquote>\n<h2><span style=\"color: #ff0000;\">PUNTATA NUMERO 12\u00a0 del\u00a0 14 APRILE 2021<\/span><\/h2>\n<p><strong><a href=\"https:\/\/www.radiopiu.net\/wordpress\/raccolta-completa\/121869645_648442942701436_4748562330148520081_n-2\/\" rel=\"attachment wp-att-196402\"><img loading=\"lazy\" decoding=\"async\" class=\"wp-image-196402 alignleft\" src=\"https:\/\/www.radiopiu.net\/wordpress\/wp-content\/uploads\/2021\/02\/121869645_648442942701436_4748562330148520081_n-1-300x169.jpg\" alt=\"\" width=\"160\" height=\"90\" srcset=\"https:\/\/www.radiopiu.net\/wordpress\/wp-content\/uploads\/2021\/02\/121869645_648442942701436_4748562330148520081_n-1-300x169.jpg 300w, https:\/\/www.radiopiu.net\/wordpress\/wp-content\/uploads\/2021\/02\/121869645_648442942701436_4748562330148520081_n-1-1024x576.jpg 1024w, https:\/\/www.radiopiu.net\/wordpress\/wp-content\/uploads\/2021\/02\/121869645_648442942701436_4748562330148520081_n-1-768x432.jpg 768w, https:\/\/www.radiopiu.net\/wordpress\/wp-content\/uploads\/2021\/02\/121869645_648442942701436_4748562330148520081_n-1-1536x864.jpg 1536w, https:\/\/www.radiopiu.net\/wordpress\/wp-content\/uploads\/2021\/02\/121869645_648442942701436_4748562330148520081_n-1.jpg 1707w\" sizes=\"auto, (max-width: 160px) 100vw, 160px\" \/><\/a>OSPITE IL PRESIDENTE CLAUDIO CANOVA<\/strong><\/p>\n<audio class=\"wp-audio-shortcode\" id=\"audio-205790-21\" preload=\"none\" style=\"width: 100%;\" controls=\"controls\"><source type=\"audio\/mpeg\" src=\"https:\/\/www.radiopiu.net\/wordpress\/wp-content\/uploads\/2021\/04\/fantastiche-dolomiti-14-aprile.mp3?_=21\" \/><a href=\"https:\/\/www.radiopiu.net\/wordpress\/wp-content\/uploads\/2021\/04\/fantastiche-dolomiti-14-aprile.mp3\">https:\/\/www.radiopiu.net\/wordpress\/wp-content\/uploads\/2021\/04\/fantastiche-dolomiti-14-aprile.mp3<\/a><\/audio>\n<h3>LA RACCOLTA COMPLETA<\/h3>\n<p>https:\/\/www.radiopiu.net\/wordpress\/raccolta-completa\/<\/p>\n<p>&nbsp;<\/p>\n<p>&nbsp;<\/p>\n<hr \/>\n<p>&nbsp;<\/p>\n<p>&nbsp;<\/p>\n<div>\n<h2><span style=\"color: #ff0000;\">ALLA RADIO<\/span><\/h2>\n<\/div>\n<div>\n<h2><strong>LE\u00a0 PUNTATE di Luisa Alchini di Leggermente Bellunesi, la domenica alle 11, <span style=\"color: #0000ff;\">IL MARTEDI IN PRIMA EDIZIONE\u00a0<\/span> alle 10.30 e alle 19.00<\/strong><\/h2>\n<\/div>\n<p><strong><span style=\"color: #000000;\">RACCOLTA COMPLETA<\/span><\/strong><\/p>\n<div>\n<blockquote class=\"wp-embedded-content\" data-secret=\"HVhUhT9c2Q\"><p><a href=\"https:\/\/www.radiopiu.net\/wordpress\/leggermente-20\/\">LEGGERmente&#8230;Bellunesi<\/a><\/p><\/blockquote>\n<p><iframe loading=\"lazy\" class=\"wp-embedded-content\" sandbox=\"allow-scripts\" security=\"restricted\" style=\"position: absolute; clip: rect(1px, 1px, 1px, 1px);\" title=\"&#8220;LEGGERmente&#8230;Bellunesi&#8221; &#8212; Radio Pi\u00f9\" src=\"https:\/\/www.radiopiu.net\/wordpress\/leggermente-20\/embed\/#?secret=HVhUhT9c2Q\" data-secret=\"HVhUhT9c2Q\" width=\"600\" height=\"338\" frameborder=\"0\" marginwidth=\"0\" marginheight=\"0\" scrolling=\"no\"><\/iframe><\/p>\n<p>&nbsp;<\/p>\n<\/div>\n<div>\n<hr \/>\n<\/div>\n<p>&nbsp;<\/p>\n<h2><strong><span style=\"color: #ff0000;\">\u00a0ALLA RADIO<\/span><\/strong><\/h2>\n<div data-offset-key=\"5n5nl-0-0\">\n<h3>Per ricevere gli aggiornamenti in tempo reale delle notizie pubblicate alla radio e sul sito di radio pi\u00f9 iscriviti al gruppo RADIO PIU INFORMAZIONE su Telegram.\u00a0\u00a0<a href=\"https:\/\/t.me\/radiopiu\">clicca qui<\/a><\/h3>\n<p>&nbsp;<\/p>\n<p><strong><a class=\"dt-pswp-item\" href=\"https:\/\/www.radiopiu.net\/wordpress\/wp-content\/uploads\/2020\/01\/logo-csa.jpg\" data-dt-img-description=\"\" data-large_image_width=\"1167\" data-large_image_height=\"574\"><img loading=\"lazy\" decoding=\"async\" class=\"wp-image-113364 alignleft\" src=\"https:\/\/www.radiopiu.net\/wordpress\/wp-content\/uploads\/2020\/01\/logo-csa-300x148.jpg\" alt=\"\" width=\"182\" height=\"90\" srcset=\"https:\/\/www.radiopiu.net\/wordpress\/wp-content\/uploads\/2020\/01\/logo-csa-300x148.jpg 300w, https:\/\/www.radiopiu.net\/wordpress\/wp-content\/uploads\/2020\/01\/logo-csa-1024x504.jpg 1024w, https:\/\/www.radiopiu.net\/wordpress\/wp-content\/uploads\/2020\/01\/logo-csa-768x378.jpg 768w, https:\/\/www.radiopiu.net\/wordpress\/wp-content\/uploads\/2020\/01\/logo-csa.jpg 1167w\" sizes=\"auto, (max-width: 182px) 100vw, 182px\" \/><\/a>AGORDO<\/strong> Appuntahttps:\/\/www.radiopiu.net\/wordpress\/erbe-e-piante-curative-il-mandorlo\/mento mensile (primo venerdi del mese) con lo speciale condotto da Claudio<\/p>\n<p>Fontanive, in studio Fabrizio Campedel e Paolo Chissal\u00e8.<\/p>\n<\/div>\n<p><strong>PUNTATA DI APRILE<\/strong><\/p>\n<blockquote><audio class=\"wp-audio-shortcode\" id=\"audio-205790-22\" preload=\"none\" style=\"width: 100%;\" controls=\"controls\"><source type=\"audio\/mpeg\" src=\"https:\/\/www.radiopiu.net\/wordpress\/wp-content\/uploads\/2021\/04\/ca-sol-lux-aprile-2021.mp3?_=22\" \/><a href=\"https:\/\/www.radiopiu.net\/wordpress\/wp-content\/uploads\/2021\/04\/ca-sol-lux-aprile-2021.mp3\">https:\/\/www.radiopiu.net\/wordpress\/wp-content\/uploads\/2021\/04\/ca-sol-lux-aprile-2021.mp3<\/a><\/audio>\n<h2>RACCOLTA COMPLETA<\/h2>\n<\/blockquote>\n<blockquote class=\"wp-embedded-content\" data-secret=\"DgjX1ZvvqN\"><p><a href=\"https:\/\/www.radiopiu.net\/wordpress\/cassa-solidarieta-luxottica-puntata-del-16-ottobre-2020\/\">CASSA SOLIDARIET\u00c0 LUXOTTICA &#8211; PUNTATA DEL 20 NOVEMBRE 2020<\/a><\/p><\/blockquote>\n<p><iframe loading=\"lazy\" class=\"wp-embedded-content\" sandbox=\"allow-scripts\" security=\"restricted\" style=\"position: absolute; clip: rect(1px, 1px, 1px, 1px);\" title=\"&#8220;CASSA SOLIDARIET\u00c0 LUXOTTICA &#8211; PUNTATA DEL 20 NOVEMBRE 2020&#8221; &#8212; Radio Pi\u00f9\" src=\"https:\/\/www.radiopiu.net\/wordpress\/cassa-solidarieta-luxottica-puntata-del-16-ottobre-2020\/embed\/#?secret=DgjX1ZvvqN\" data-secret=\"DgjX1ZvvqN\" width=\"600\" height=\"338\" frameborder=\"0\" marginwidth=\"0\" marginheight=\"0\" scrolling=\"no\"><\/iframe><\/p>\n<div><\/div>\n<p>&nbsp;<\/p>\n<p>&nbsp;<\/p>\n<hr \/>\n<blockquote>\n<h3><a style=\"font-size: 14px; font-weight: normal;\" href=\"https:\/\/www.radiopiu.net\/wordpress\/giornale-radiopiu-06-febbraio-2019-direttore-mirko-mezzacasa\/logo_spi-cgil-800x445\/\" rel=\"attachment wp-att-75538\"><img loading=\"lazy\" decoding=\"async\" class=\"wp-image-75538 alignleft\" src=\"https:\/\/www.radiopiu.net\/wordpress\/wp-content\/uploads\/2019\/02\/Logo_Spi-CGIL-800x445-300x167.jpg\" alt=\"\" width=\"210\" height=\"117\" srcset=\"https:\/\/www.radiopiu.net\/wordpress\/wp-content\/uploads\/2019\/02\/Logo_Spi-CGIL-800x445-300x167.jpg 300w, https:\/\/www.radiopiu.net\/wordpress\/wp-content\/uploads\/2019\/02\/Logo_Spi-CGIL-800x445-768x427.jpg 768w, https:\/\/www.radiopiu.net\/wordpress\/wp-content\/uploads\/2019\/02\/Logo_Spi-CGIL-800x445.jpg 800w\" sizes=\"auto, (max-width: 210px) 100vw, 210px\" \/><\/a><\/h3>\n<\/blockquote>\n<blockquote>\n<h3>ALLA RADIO, APPUNTAMENTO QUINDICINALE CON SPI-CGIL BELLUNO, IN STUDIO MARIA RITA GENTILIN<\/h3>\n<\/blockquote>\n<p><strong>di Claudio Fontanive\u00a0<\/strong><\/p>\n<p><span style=\"color: #ff0000;\"><strong>PUNTATA DEL 15 APRILE 2021<\/strong><\/span><\/p>\n<audio class=\"wp-audio-shortcode\" id=\"audio-205790-23\" preload=\"none\" style=\"width: 100%;\" controls=\"controls\"><source type=\"audio\/mpeg\" src=\"https:\/\/www.radiopiu.net\/wordpress\/wp-content\/uploads\/2021\/04\/spi-cgil-15-aprile.mp3?_=23\" \/><a href=\"https:\/\/www.radiopiu.net\/wordpress\/wp-content\/uploads\/2021\/04\/spi-cgil-15-aprile.mp3\">https:\/\/www.radiopiu.net\/wordpress\/wp-content\/uploads\/2021\/04\/spi-cgil-15-aprile.mp3<\/a><\/audio>\n<p>&nbsp;<\/p>\n<hr \/>\n<h2><span style=\"color: #ff0000;\">\u00a0<\/span><\/h2>\n<h3><\/h3>\n<blockquote class=\"wp-embedded-content\" data-secret=\"Qx6cNku1cy\"><p><a href=\"https:\/\/www.radiopiu.net\/wordpress\/ep-center-video-gallery\/\">EP CENTER video gallery<\/a><\/p><\/blockquote>\n<p><iframe loading=\"lazy\" class=\"wp-embedded-content\" sandbox=\"allow-scripts\" security=\"restricted\" style=\"position: absolute; clip: rect(1px, 1px, 1px, 1px);\" title=\"&#8220;EP CENTER video gallery&#8221; &#8212; Radio Pi\u00f9\" src=\"https:\/\/www.radiopiu.net\/wordpress\/ep-center-video-gallery\/embed\/#?secret=Qx6cNku1cy\" data-secret=\"Qx6cNku1cy\" width=\"600\" height=\"338\" frameborder=\"0\" marginwidth=\"0\" marginheight=\"0\" scrolling=\"no\"><\/iframe><\/p>\n<p>&nbsp;<\/p>\n<p>&nbsp;<\/p>\n<hr \/>\n<p>\u200b<\/p>\n<p>&nbsp;<\/p>\n<p><a href=\"https:\/\/www.radiopiu.net\/wordpress\/giornale-radiopiu-26-settembre-2018-direttore-mirko-mezzacasa\/viabilita-2\/\" rel=\"attachment wp-att-61954\"><img loading=\"lazy\" decoding=\"async\" class=\"wp-image-61954 size-full aligncenter\" src=\"https:\/\/www.radiopiu.net\/wordpress\/wp-content\/uploads\/2018\/09\/viabilita.jpeg\" alt=\"\" width=\"800\" height=\"100\" srcset=\"https:\/\/www.radiopiu.net\/wordpress\/wp-content\/uploads\/2018\/09\/viabilita.jpeg 800w, https:\/\/www.radiopiu.net\/wordpress\/wp-content\/uploads\/2018\/09\/viabilita-300x38.jpeg 300w, https:\/\/www.radiopiu.net\/wordpress\/wp-content\/uploads\/2018\/09\/viabilita-768x96.jpeg 768w\" sizes=\"auto, (max-width: 800px) 100vw, 800px\" \/><\/a><\/p>\n<blockquote><p><a href=\"https:\/\/www.radiopiu.net\/wordpress\/giornale-radiopiu-09-agosto-2018-direttore-mirko-mezzacasa\/viabilia\/\" rel=\"attachment wp-att-57053\"><img loading=\"lazy\" decoding=\"async\" class=\" wp-image-57053 alignleft\" src=\"https:\/\/www.radiopiu.net\/wordpress\/wp-content\/uploads\/2018\/08\/VIABILIA-300x180.jpeg\" alt=\"\" width=\"220\" height=\"132\" srcset=\"https:\/\/www.radiopiu.net\/wordpress\/wp-content\/uploads\/2018\/08\/VIABILIA-300x180.jpeg 300w, https:\/\/www.radiopiu.net\/wordpress\/wp-content\/uploads\/2018\/08\/VIABILIA-768x461.jpeg 768w, https:\/\/www.radiopiu.net\/wordpress\/wp-content\/uploads\/2018\/08\/VIABILIA-1024x614.jpeg 1024w, https:\/\/www.radiopiu.net\/wordpress\/wp-content\/uploads\/2018\/08\/VIABILIA.jpeg 1280w\" sizes=\"auto, (max-width: 220px) 100vw, 220px\" \/><\/a>La viabilit\u00e0 con gli ultimi aggiornamenti da Veneto Strade.<\/p>\n<p><span style=\"color: #ff0000;\"><strong>in onda alla radio: 4.05, 6.18, 14 30 , 18.30, 23.25\u00a0<\/strong><\/span><\/p>\n<p>&nbsp;<\/p>\n<p>&nbsp;<\/p>\n<p>&nbsp;<\/p>\n<audio class=\"wp-audio-shortcode\" id=\"audio-205790-24\" preload=\"none\" style=\"width: 100%;\" controls=\"controls\"><source type=\"audio\/mpeg\" src=\"https:\/\/www.radiopiu.net\/wordpress\/wp-content\/uploads\/2021\/04\/VIABILITA-3.mp3?_=24\" \/><a href=\"https:\/\/www.radiopiu.net\/wordpress\/wp-content\/uploads\/2021\/04\/VIABILITA-3.mp3\">https:\/\/www.radiopiu.net\/wordpress\/wp-content\/uploads\/2021\/04\/VIABILITA-3.mp3<\/a><\/audio>\n<p>&nbsp;<\/p><\/blockquote>\n<hr \/>\n<p>&nbsp;<\/p>\n<div dir=\"auto\">\n<div>\n<p class=\"photoswipe-wrapper\"><a class=\"dt-pswp-item pspw-wrap-ready\" href=\"https:\/\/i0.wp.com\/www.radiopiu.net\/wordpress\/wp-content\/uploads\/2018\/09\/WhatsApp-Image-2018-09-20-at-16.04.06.jpeg?ssl=1\" data-dt-img-description=\"\" data-large_image_width=\"800\" data-large_image_height=\"100\"><img loading=\"lazy\" decoding=\"async\" class=\"aligncenter wp-image-61378 size-full jetpack-lazy-image jetpack-lazy-image--handled\" src=\"https:\/\/i0.wp.com\/www.radiopiu.net\/wordpress\/wp-content\/uploads\/2018\/09\/WhatsApp-Image-2018-09-20-at-16.04.06.jpeg?resize=800%2C100&amp;ssl=1\" sizes=\"auto, (max-width: 800px) 100vw, 800px\" srcset=\"https:\/\/i0.wp.com\/www.radiopiu.net\/wordpress\/wp-content\/uploads\/2018\/09\/WhatsApp-Image-2018-09-20-at-16.04.06.jpeg?w=800&amp;ssl=1 800w, https:\/\/i0.wp.com\/www.radiopiu.net\/wordpress\/wp-content\/uploads\/2018\/09\/WhatsApp-Image-2018-09-20-at-16.04.06.jpeg?resize=300%2C38&amp;ssl=1 300w, https:\/\/i0.wp.com\/www.radiopiu.net\/wordpress\/wp-content\/uploads\/2018\/09\/WhatsApp-Image-2018-09-20-at-16.04.06.jpeg?resize=768%2C96&amp;ssl=1 768w\" alt=\"\" width=\"800\" height=\"100\" data-lazy-loaded=\"1\" \/><\/a><\/p>\n<\/div>\n<div><\/div>\n<p><center><\/center><center><b>Martedi 27<\/b><\/center><b>Tempo atteso: <\/b>Nottetempo e parte del mattino debole maltempo tra pedemontana e Prealpi, mentre la situazione maltempo sar\u00e0 pi\u00f9 incerta sulle Dolomiti, nonostante l&#8217;estesa copertura nuvolosa. Con il passere delle ore attenuazione della nuvolosit\u00e0 ed esaurimento dei fenomeni, anche se le nubi continueranno a prevalere fino alla sera. Contesto termico abbastanza fresco con debole escursione termica.<br \/>\n<b>Precipitazioni: <\/b>Nottetempo e al mattino deboli e diffuse sulle Prealpi (70\/80%) e meno probabili sulle Dolomiti (40\/50%), dove saranno di minore entit\u00e0 e pi\u00f9 sparse. Un po&#8217; di neve cadr\u00e0 sopra i 1400\/1600 m. Con il passare delle ore esaurimento dei fenomeni, anche se qualche goccia non sar\u00e0 da escludere qua e l\u00e0 al pomeriggio (20\/30%), assieme a qualche fiocco di neve oltre i 1700\/1800 m.<br \/>\n<b>Temperature: <\/b>In lieve calo in entrambi i valori rispetto a luned\u00ec sono previste punte di 11\/12\u00b0C nei fondovalle prealpini e di 5\/8\u00b0C a 1000\/1200 m. Su Prealpi a 1500 m min 1\u00b0C max 3\u00b0C, a 2000 m min 0\u00b0C max 1\u00b0C. Su Dolomiti a 2000 m min -1\u00b0C max 1\u00b0C, a 3000 m min -6\u00b0C max -5\u00b0C.<br \/>\n<b>Venti: <\/b>Nelle valli deboli di direzione variabile; in quota deboli o molto deboli da sud-ovest, in rotazione da nord-ovest alla sera, a 5-10 km\/h a 2000 m e 5-15 km\/h a 3000 m.<\/p>\n<hr \/>\n<p><center><b>Mercoledi 28<\/b><\/center><b>Tempo atteso: <\/b>Al mattino tratti di sereno, anche ampi sulle Dolomiti, e presenza di banchi di stratocumuli, pi\u00f9 probabili sulle Prealpi, ma il sole sar\u00e0 presente anche su queste ultime. Con il passare dello ore crescente nuvolosit\u00e0 fino a cielo smpre pi\u00f9 nuvoloso ovunque, anche coperto nel tardo pomeriggio\/sera. Il contesto termico sar\u00e0 piuttosto mite sia per l&#8217;iniziale presenza del sole che per l&#8217;avvezione d&#8217;aria di nuovo meno fresca.<br \/>\n<b>Precipitazioni: <\/b>Generalmente assenti sulla maggiore parte dei settori (0%), anche se non escluse del tutto (10%) per qualche goccia senza apporti rilevabili e qualche fiocco di neve sopra i 2100\/2200 m.<br \/>\n<b>Temperature: <\/b>In generale ripresa, salvo calo delle minime in alcune valli in caso di schiarite notturne. Su Prealpi a 1500 m min 3\u00b0C max 7\u00b0C, a 2000 m min 1\u00b0C max 4\u00b0C. Su Dolomiti a 2000 m min 0\u00b0C max 3\u00b0C, a 3000 m min -4\u00b0C max -3\u00b0C.<br \/>\n<b>Venti: <\/b>Nelle valli deboli di direzione variabile; in quota deboli da sud-ovest al mattino, in rinforzo fino a moderati al pomeriggio, a 5-15 km\/h a 2000 m e 1o-25 km\/h a 3000 m.<\/p>\n<hr \/>\n<p><center><b>Giovedi 29<\/b><\/center>Cielo molto nuvoloso o coperto con graduale peggioramento fino a risultare moderatamente perturbato sulle Prealpi dalla tarda mattinata in poi. Il peggioramento si estender\u00e0 alle Dolomiti tra il pomeriggio e la sera, anche se in maniera assai pi\u00f9 lieve rispetto alle Prealpi. La neve cadr\u00e0 sopra i 2100\/2200 m. Temperature senza notevoli variazioni, eccetto leggero calo delle massime nelle valli. Rinforzo dei venti sud-occidentali in quota, deboli di direzione variabile nelle valli.<\/p>\n<hr \/>\n<p><center><b>Venerdi 30<\/b><\/center>Tempo debolmente perturbato o a tratti instabile con cielo molto nuvoloso\/coperto, associato a precipitazioni sparse a carattere di rovescio, pi\u00f9 probabili al pomeriggio e in serata. Il limite neve si rialzer\u00e0 fino sui 2400\/2500 m. Temperature in generale ripresa. Venti deboli di direzione variabile nelle valli, moderati\/tesi da sud sud-ovest in quota. Previsore: R.L.Th.<\/p>\n<p>&nbsp;<\/p>\n<hr \/>\n<p>&nbsp;<\/p>\n<\/div>\n<p><a href=\"https:\/\/www.radiopiu.net\/wordpress\/giornale-radiopiu-15-settembre-2018-direttore-mirko-mezzacasa\/sport-7\/\" rel=\"attachment wp-att-60761\"><img loading=\"lazy\" decoding=\"async\" class=\"wp-image-60761 size-full aligncenter\" src=\"https:\/\/www.radiopiu.net\/wordpress\/wp-content\/uploads\/2018\/09\/sport.jpg\" alt=\"\" width=\"800\" height=\"100\" srcset=\"https:\/\/www.radiopiu.net\/wordpress\/wp-content\/uploads\/2018\/09\/sport.jpg 800w, https:\/\/www.radiopiu.net\/wordpress\/wp-content\/uploads\/2018\/09\/sport-300x38.jpg 300w, https:\/\/www.radiopiu.net\/wordpress\/wp-content\/uploads\/2018\/09\/sport-768x96.jpg 768w\" sizes=\"auto, (max-width: 800px) 100vw, 800px\" \/><\/a><\/p>\n<p>&nbsp;<\/p>\n<p>&nbsp;<\/p>\n<blockquote>\n<h3>FILIPPO MONESTIER AL CAMPIONATO REGIONALE RAGAZZI<\/h3>\n<p><em><a href=\"https:\/\/www.radiopiu.net\/wordpress\/filippo-monestier-al-campionato-regionale-ragazzi\/filippo-monestier\/\" rel=\"attachment wp-att-206039\"><img loading=\"lazy\" decoding=\"async\" class=\"size-medium wp-image-206039 alignleft\" src=\"https:\/\/www.radiopiu.net\/wordpress\/wp-content\/uploads\/2021\/04\/Filippo-Monestier-133x300.jpg\" alt=\"\" width=\"133\" height=\"300\" srcset=\"https:\/\/www.radiopiu.net\/wordpress\/wp-content\/uploads\/2021\/04\/Filippo-Monestier-133x300.jpg 133w, https:\/\/www.radiopiu.net\/wordpress\/wp-content\/uploads\/2021\/04\/Filippo-Monestier.jpg 321w\" sizes=\"auto, (max-width: 133px) 100vw, 133px\" \/><\/a>Ottimo risultato per la SSD Attivamente Agordino<\/em><\/p><\/blockquote>\n<p><strong>AGORDO<\/strong> Filippo Monestier, 14 anni, della Societ\u00e0 Attivamente Agordino, allenato dal tecnico Stefano Tiozzi , \u00e8 stato l\u2019unico agonista bellunese nei 50 stile libero ad essere ammesso al Campionato Regionale Categoria Ragazzi, disputato sabato 24 aprile 2021 presso il centro federale \u201cAlberto Castagnetti\u201d di Verona. Filippo si \u00e8 classificato 6\u00b0 tra gli atleti del 2007 con un tempo di 25\u2019\u201978.<\/p>\n<p>&nbsp;<\/p>\n<p>&nbsp;<\/p>\n<p>&nbsp;<\/p>\n<p>&nbsp;<\/p>\n<p>&nbsp;<\/p>\n<p>&nbsp;<\/p>\n<p>&nbsp;<\/p>\n<hr \/>\n<blockquote>\n<h3>ATLETICA AD AGORDO. FERRIGHETTO SI LAUREA CAMPIONE REGIONALE NEL DECATHLON<\/h3>\n<\/blockquote>\n<p><strong><a href=\"https:\/\/www.radiopiu.net\/wordpress\/giornale-radiopiu-25-ottobre-2020-direttore-mirko-mezzacasa\/agordo-campo-polane-dorigo\/\" rel=\"attachment wp-att-168345\"><img loading=\"lazy\" decoding=\"async\" class=\"size-medium wp-image-168345 alignleft\" src=\"https:\/\/www.radiopiu.net\/wordpress\/wp-content\/uploads\/2020\/10\/AGORDO-CAMPO-POLANE-DORIGO-300x225.jpg\" alt=\"\" width=\"300\" height=\"225\" srcset=\"https:\/\/www.radiopiu.net\/wordpress\/wp-content\/uploads\/2020\/10\/AGORDO-CAMPO-POLANE-DORIGO-300x225.jpg 300w, https:\/\/www.radiopiu.net\/wordpress\/wp-content\/uploads\/2020\/10\/AGORDO-CAMPO-POLANE-DORIGO-768x576.jpg 768w, https:\/\/www.radiopiu.net\/wordpress\/wp-content\/uploads\/2020\/10\/AGORDO-CAMPO-POLANE-DORIGO.jpg 960w\" sizes=\"auto, (max-width: 300px) 100vw, 300px\" \/><\/a>AGORDO<\/strong> Sono stati circa 60 gli atleti che hanno parteciapto ai Campionati Regionali Individuali di Prove Multiple allo Stadio Ivano Dorigo di Agordo. La manifestazione organizzata dall&#8217;Atletica Agordina si \u00e8 sviluppata in due giorni, sabato e domenica. Il portacolori del GS La Piave 2002, Tino Ferrighetto, si laurea Campione Regionale nel Decathlon Juniores con 6505 punti (miglior punteggio nei 100mt con 11\u203316 800 pt), davanti a Federico Bovo (Atl. Vis Abano, 6067pt) e ad un altro bellunese, Edoardo Dal Magro dell\u2019Athletic Club Firex Belluno che con 5674 punti, (miglior punteggio nei 110hs con 16\u203320 [710pt]), si porta a casa la medaglia di bronzo. Altre due medaglie di Bronzo arrivano dal Decathlon Uomini grazie a Lorenzo Corona del GS La Piave 2000 che porta termine le dieci prove con il punteggio di 5230 (miglio punteggio nei 100mt con 11\u203332 791pt) e dal Decathlon Allievi con Simone Corona, ora tesserato per l\u2019Atletica San Vendemmiano, che conclude le dieci \u2018fatiche\u2019 con 5391 punti (miglior punteggio nei 110hs con 15\u203389 745pt). Nella mattinata di domenica spazio al 1\u00b0 Meeting di preparazione ad eventi di interesse nazionale della provincia di Belluno per cadetti e cadette. Da segnalare in particolare Francesca Triches che con il salto di 1.40 che \u00e8 anche il suo personale conquista una grandissima medaglia d&#8217;argento.<\/p>\n<p><strong>DI SEGUITO I MIGLIORI RISULTATI DEGLI ATLETI CADETTI AGORDINI\u00a0<\/strong><\/p>\n<a href=\"https:\/\/www.radiopiu.net\/wordpress\/wp-content\/uploads\/2021\/04\/Risultati-cadette-Atletica-Agoridna.pdf\" class=\"pdfemb-viewer\" style=\"\" data-width=\"max\" data-height=\"max\" data-toolbar=\"top\" data-toolbar-fixed=\"on\">Risultati cadette Atletica Agoridna<\/a>\n<p>&nbsp;<\/p>\n<hr \/>\n<p>&nbsp;<\/p>\n<p>&nbsp;<\/p>\n<blockquote>\n<h3>ELISA DA UNA &#8220;PETTINATA&#8221; A TUTTE LE NUOTATRICI AI REGIONALI DI VERONA<\/h3>\n<\/blockquote>\n<p><strong><a href=\"https:\/\/www.radiopiu.net\/wordpress\/elena-da-una-pettinata-a-tutte-le-nuotatrici-ai-regionali-di-verona\/elisa_petteno_1\/\" rel=\"attachment wp-att-206098\"><img loading=\"lazy\" decoding=\"async\" class=\"size-medium wp-image-206098 alignleft\" src=\"https:\/\/www.radiopiu.net\/wordpress\/wp-content\/uploads\/2021\/04\/Elisa_Petteno_1-225x300.jpg\" alt=\"\" width=\"225\" height=\"300\" srcset=\"https:\/\/www.radiopiu.net\/wordpress\/wp-content\/uploads\/2021\/04\/Elisa_Petteno_1-225x300.jpg 225w, https:\/\/www.radiopiu.net\/wordpress\/wp-content\/uploads\/2021\/04\/Elisa_Petteno_1.jpg 480w\" sizes=\"auto, (max-width: 225px) 100vw, 225px\" \/><\/a>BELLUNO\u00a0 <\/strong>Elisa Petteno&#8217;, 13 anni della \u00a0Sportivamente Belluno\u00a0 protagonista ai Campionati regionali di categoria (Ragazzi).\u00a0 La giovane nuotatrice \u00e8 riuscita a ritagliarsi un ruolo di assoluto rilievo al Centro federale \u201cAlberto Castagnetti\u201d.\u00a0 La portacolori Sportivamente ha gestito al meglio le emozioni e si \u00e8 riconfermata nei 50 stile, chiusi con il tempo di 28\u201d82. Dopo aver rotto il ghiaccio, ha affrontato i 100 dorso con grinta e concentrazione, siglando il suo nuovo personale: 1\u201909\u201d84 (2 secondi in meno del precedente), per un brillante ottavo posto tra le atlete dell\u2019anno 2008.<\/p>\n<blockquote><p><em>Grande la soddisfazione di Elisa e dei tecnici Alberto Cassol e Giulia Bortot. E ora? Si apre la seconda parte della stagione con le gare in vasca lunga: \u00abIn bocca al lupo a tutti gli atleti\u00bb.<\/em><\/p><\/blockquote>\n<p>&nbsp;<\/p>\n<p>&nbsp;<\/p>\n<p>&nbsp;<\/p>\n<p>&nbsp;<\/p>\n<hr \/>\n<h2 class=\"null\">HOCKEY<\/h2>\n<h1 class=\"null\">Nazionale, convocazioni definitive per il raduno di Bolzano<\/h1>\n<p><a href=\"https:\/\/www.radiopiu.net\/wordpress\/giornale-radiopiu-27-aprile-2021-direttore-mirko-mezzacasa\/a3484306-def7-451f-882d-dc2a62a7b2ac\/\" rel=\"attachment wp-att-206048\"><img loading=\"lazy\" decoding=\"async\" class=\"wp-image-206048 alignleft\" src=\"https:\/\/www.radiopiu.net\/wordpress\/wp-content\/uploads\/2021\/04\/a3484306-def7-451f-882d-dc2a62a7b2ac-300x238.jpg\" alt=\"\" width=\"192\" height=\"152\" srcset=\"https:\/\/www.radiopiu.net\/wordpress\/wp-content\/uploads\/2021\/04\/a3484306-def7-451f-882d-dc2a62a7b2ac-300x238.jpg 300w, https:\/\/www.radiopiu.net\/wordpress\/wp-content\/uploads\/2021\/04\/a3484306-def7-451f-882d-dc2a62a7b2ac-1024x811.jpg 1024w, https:\/\/www.radiopiu.net\/wordpress\/wp-content\/uploads\/2021\/04\/a3484306-def7-451f-882d-dc2a62a7b2ac-768x608.jpg 768w, https:\/\/www.radiopiu.net\/wordpress\/wp-content\/uploads\/2021\/04\/a3484306-def7-451f-882d-dc2a62a7b2ac.jpg 1200w\" sizes=\"auto, (max-width: 192px) 100vw, 192px\" \/><\/a>Sono 36 i giocatori convocati da coach Greg Ireland (foto) per il\u00a0 raduno pre-mondiale al via oggi dal Palaonda. Rispetto all\u2019ultima comunicazione, da segnalare i forfait del portiere Jake Smith, del difensore Ivan Althuber e degli attaccanti Domenic Alberga (infortunato) e Simon Berger. Si aggiungono invece i giovani attaccanti Thomas Galimberti e Diego Gl\u00fcck, e rimane a far parte del gruppo anche il portiere Damian Clara. In attesa dei difensori Thomas Larkin, Jan Pavlu e Peter Spornberger, impegnati nei play-off in Germania, e che rappresenterebbero gli ultimi possibili tasselli del roster azzurro, si aggiungono al \u201clistone\u201d i giocatori dell\u2019Asiago, che arriveranno a Bolzano nel tardo pomeriggio di mercoled\u00ec 28 aprile. Si tratta del portiere Gianluca Vallini, dei difensori Lorenzo Casetti ed Enrico Miglioranzi e degli attaccanti Marco Magnabosco e Michele Marchetti. Il tour delle amichevoli inizier\u00e0 con il trasferimento ad Aosta del 29 aprile, la squadra far\u00e0 rientro il 5 maggio a Bolzano per l\u2019ultima parte del raduno il 5 maggio.\u00a0Per la Lettonia partiranno 28 giocatori, i quali si trasferiranno a Riga il 16 maggio.<\/p>\n<p>&nbsp;<\/p>\n<p>&nbsp;<\/p>\n<hr \/>\n<p>&nbsp;<\/p>\n<blockquote>\n<h3>LA NAZIONALE FEMMINILE DI HOCKEY IN RADUNO DAL 29 APRILE A BOLZANO<\/h3>\n<\/blockquote>\n<p><strong><a href=\"https:\/\/www.radiopiu.net\/wordpress\/giornale-radiopiu-27-aprile-2021-direttore-mirko-mezzacasa\/08a4c8d1-3bd8-451e-a5f1-6b2d73b59966\/\" rel=\"attachment wp-att-205871\"><img loading=\"lazy\" decoding=\"async\" class=\"size-medium wp-image-205871 alignleft\" src=\"https:\/\/www.radiopiu.net\/wordpress\/wp-content\/uploads\/2021\/04\/08a4c8d1-3bd8-451e-a5f1-6b2d73b59966-300x200.jpg\" alt=\"\" width=\"300\" height=\"200\" srcset=\"https:\/\/www.radiopiu.net\/wordpress\/wp-content\/uploads\/2021\/04\/08a4c8d1-3bd8-451e-a5f1-6b2d73b59966-300x200.jpg 300w, https:\/\/www.radiopiu.net\/wordpress\/wp-content\/uploads\/2021\/04\/08a4c8d1-3bd8-451e-a5f1-6b2d73b59966-1024x683.jpg 1024w, https:\/\/www.radiopiu.net\/wordpress\/wp-content\/uploads\/2021\/04\/08a4c8d1-3bd8-451e-a5f1-6b2d73b59966-768x512.jpg 768w, https:\/\/www.radiopiu.net\/wordpress\/wp-content\/uploads\/2021\/04\/08a4c8d1-3bd8-451e-a5f1-6b2d73b59966.jpg 1200w\" sizes=\"auto, (max-width: 300px) 100vw, 300px\" \/><\/a>BOLZANO <\/strong>Dopo essere rimasta a lungo bloccata dalla pandemia, torna ad allacciarsi i pattini la nazionale femminile di hockey su ghiaccio. A differenza dei maschi, alle prese con il Mondiale Top Division, l\u2019hockey rosa a livello internazionale ha spento completamente i motori (annullato di recente anche il Mondiale in Canada), e per l\u2019Italia l\u2019obiettivo pi\u00f9 ravvicinato si chiama torneo di pre-qualificazione olimpica. Per iniziare il percorso di avvicinamento al quadrangolare in programma dal 7 al 10 ottobre a Torre Pellice contro Kazakhstan, Spagna e Taipei, le azzurre si ritroveranno dal 29 aprile al 2 maggio a Bolzano per un training-camp. Il secondo della stagione dopo quello svoltosi ad agosto ad Aosta. Coach Max Fedrizzi, che sar\u00e0 affiancato dagli assistenti Stefano Dapr\u00e0 e Martin Pavlu e dall\u2019allenatore dei portieri Denis Bruera, ha convocato 28 giocatrici: 3 portiere, 10 difensore e 15 attaccanti.<\/p>\n","protected":false},"excerpt":{"rendered":"<p>PER\u00a0RICEVERE QUESTO NOTIZIARIO DIRETTAMENTE SUL TUO CELLULARE ISCRIVITI AL CANALE TELEGRAM\u00a0\u201cRADIO PIU\u00a0 INFORMAZIONE\u201d\u00a0 &nbsp; &nbsp; RADIO PIU\u2019 ANCHE SU YOUTUBE. ISCRIVITI AL CANALE PER SEGUIRE LE DIRETTE E GUARDARE I VIDEO DI RADIO PIU\u2019 CLICCA QUI\u00a0E PREMI SUL PULSANTE \u201cISCRIVITI\u201d &nbsp; &nbsp; &nbsp; FOTO E COMPLIMENTI DEL GIORNO PER ALEX MARTINI SCUOLA SCI DI ARABBA&hellip;<\/p>\n","protected":false},"author":4,"featured_media":206003,"comment_status":"closed","ping_status":"closed","sticky":false,"template":"","format":"standard","meta":{"_monsterinsights_skip_tracking":false,"_monsterinsights_sitenote_active":false,"_monsterinsights_sitenote_note":"","_monsterinsights_sitenote_category":0,"footnotes":""},"categories":[1,51,86,49],"tags":[],"class_list":["post-205790","post","type-post","status-publish","format-standard","has-post-thumbnail","hentry","category-senza-categoria","category-evidenza-top","category-gr","category-news-18","category-1","category-51","category-86","category-49","description-off"],"img_url":"https:\/\/www.radiopiu.net\/wordpress\/wp-content\/uploads\/2021\/04\/IMG-20210426-WA0007.jpg","_links":{"self":[{"href":"https:\/\/www.radiopiu.net\/wordpress\/wp-json\/wp\/v2\/posts\/205790","targetHints":{"allow":["GET"]}}],"collection":[{"href":"https:\/\/www.radiopiu.net\/wordpress\/wp-json\/wp\/v2\/posts"}],"about":[{"href":"https:\/\/www.radiopiu.net\/wordpress\/wp-json\/wp\/v2\/types\/post"}],"author":[{"embeddable":true,"href":"https:\/\/www.radiopiu.net\/wordpress\/wp-json\/wp\/v2\/users\/4"}],"replies":[{"embeddable":true,"href":"https:\/\/www.radiopiu.net\/wordpress\/wp-json\/wp\/v2\/comments?post=205790"}],"version-history":[{"count":0,"href":"https:\/\/www.radiopiu.net\/wordpress\/wp-json\/wp\/v2\/posts\/205790\/revisions"}],"wp:featuredmedia":[{"embeddable":true,"href":"https:\/\/www.radiopiu.net\/wordpress\/wp-json\/wp\/v2\/media\/206003"}],"wp:attachment":[{"href":"https:\/\/www.radiopiu.net\/wordpress\/wp-json\/wp\/v2\/media?parent=205790"}],"wp:term":[{"taxonomy":"category","embeddable":true,"href":"https:\/\/www.radiopiu.net\/wordpress\/wp-json\/wp\/v2\/categories?post=205790"},{"taxonomy":"post_tag","embeddable":true,"href":"https:\/\/www.radiopiu.net\/wordpress\/wp-json\/wp\/v2\/tags?post=205790"}],"curies":[{"name":"wp","href":"https:\/\/api.w.org\/{rel}","templated":true}]}}