{"id":206034,"date":"2021-04-26T15:26:46","date_gmt":"2021-04-26T13:26:46","guid":{"rendered":"https:\/\/www.radiopiu.net\/wordpress\/?p=206034"},"modified":"2021-04-26T15:28:48","modified_gmt":"2021-04-26T13:28:48","slug":"situazione-negli-ospedali-veneti-e-terapia-intensive-la-relazione-di-rosi","status":"publish","type":"post","link":"https:\/\/www.radiopiu.net\/wordpress\/situazione-negli-ospedali-veneti-e-terapia-intensive-la-relazione-di-rosi\/","title":{"rendered":"SITUAZIONE NEGLI OSPEDALI VENETI E TERAPIA INTENSIVE, LA RELAZIONE DI ROSI"},"content":{"rendered":"<blockquote>\n<h3>DOTTOR PAOLO ROSI, RESPONSABILE-COORDINATORE TERAPIA INTENSIVE<\/h3>\n<p><em><img loading=\"lazy\" decoding=\"async\" class=\"alignleft\" src=\"https:\/\/www.radiopiu.net\/wordpress\/wp-content\/uploads\/2021\/04\/c2094b46-c0c8-4b6b-a09c-a05c82903f99.jpg\" width=\"256\" height=\"144\" \/>I dati vengono dal monitoraggio in tempo reale dall&#8217;occupazione di posti letto, non c&#8217;\u00e8 mediazione sui dati, cos\u00ec arrivano da chi gestisce i pazienti, nessuno li corregge e nessuno mi ha mai chiesto di modificare i dati reali \u00e8 tutto trasparente. Non diamo dati n\u00e8 alterati n\u00e8 modificati non darei dati falsi neanche me li chiedessero cosa che non capiter\u00e0.<\/em><\/p><\/blockquote>\n<p><strong>I NUMERI E LE CONSIDERAZIONI<\/strong> 187 positivi in terapia intensiva, 100 in meno rispetto ad aprile, rapido calo con un terzo dei ricoverati. 470 posti complessivi, quasi vicini a una condizione ordinaria ma non va letto cos\u00ec perch\u00e9 non siamo ripartiti con le attivit\u00e0 ordinarie. Il carico si lavoro si \u00e8 ridotto ma sempre di grande impegno e c&#8217;\u00e8 la sfida di recuperare i tempi persi. Confronto con precedente riapertura a gennaio uguale. Situazione pesante ma tranquilla.\u00a0 Quando parliamo di letti occupati che calano non significa che non ci sono ingressi, mediamente sono 10 i pazienti al giorno che entrano in ospedale. Non mi aspetto vada a finire a zero. Come a febbraio andremo ai 4-5 ingressi al giorno. I numeri sono in calo perch\u00e9 le uscite prevalgono sulle entrate, ma non stiamo smobilitando. Numero di pazienti positivi ricoverati intorno al 4,5% in discesa rispetto a marzo.\u00a0 <strong>OVER 80<\/strong> Solo il 2.5% di pazienti over 80 entrati in terapia intensiva ad aprile,\u00a0 contro il 10% delle fasce precedenti<\/p>\n<p><strong>5 PAGINE<\/strong><\/p>\n<a href=\"https:\/\/www.radiopiu.net\/wordpress\/wp-content\/uploads\/2021\/04\/situazione-26-aprile.pdf\" class=\"pdfemb-viewer\" style=\"\" data-width=\"max\" data-height=\"max\" data-toolbar=\"top\" data-toolbar-fixed=\"on\">situazione 26 aprile<\/a>\n","protected":false},"excerpt":{"rendered":"<p>DOTTOR PAOLO ROSI, RESPONSABILE-COORDINATORE TERAPIA INTENSIVE I dati vengono dal monitoraggio in tempo reale dall&#8217;occupazione di posti letto, non c&#8217;\u00e8 mediazione sui dati, cos\u00ec arrivano da chi gestisce i pazienti, nessuno li corregge e nessuno mi ha mai chiesto di modificare i dati reali \u00e8 tutto trasparente. Non diamo dati n\u00e8 alterati n\u00e8 modificati non&hellip;<\/p>\n","protected":false},"author":4,"featured_media":206035,"comment_status":"closed","ping_status":"closed","sticky":false,"template":"","format":"standard","meta":{"_monsterinsights_skip_tracking":false,"_monsterinsights_sitenote_active":false,"_monsterinsights_sitenote_note":"","_monsterinsights_sitenote_category":0,"footnotes":""},"categories":[49],"tags":[],"class_list":["post-206034","post","type-post","status-publish","format-standard","has-post-thumbnail","hentry","category-news-18","category-49","description-off"],"img_url":"https:\/\/www.radiopiu.net\/wordpress\/wp-content\/uploads\/2021\/04\/c2094b46-c0c8-4b6b-a09c-a05c82903f99.jpg","_links":{"self":[{"href":"https:\/\/www.radiopiu.net\/wordpress\/wp-json\/wp\/v2\/posts\/206034","targetHints":{"allow":["GET"]}}],"collection":[{"href":"https:\/\/www.radiopiu.net\/wordpress\/wp-json\/wp\/v2\/posts"}],"about":[{"href":"https:\/\/www.radiopiu.net\/wordpress\/wp-json\/wp\/v2\/types\/post"}],"author":[{"embeddable":true,"href":"https:\/\/www.radiopiu.net\/wordpress\/wp-json\/wp\/v2\/users\/4"}],"replies":[{"embeddable":true,"href":"https:\/\/www.radiopiu.net\/wordpress\/wp-json\/wp\/v2\/comments?post=206034"}],"version-history":[{"count":0,"href":"https:\/\/www.radiopiu.net\/wordpress\/wp-json\/wp\/v2\/posts\/206034\/revisions"}],"wp:featuredmedia":[{"embeddable":true,"href":"https:\/\/www.radiopiu.net\/wordpress\/wp-json\/wp\/v2\/media\/206035"}],"wp:attachment":[{"href":"https:\/\/www.radiopiu.net\/wordpress\/wp-json\/wp\/v2\/media?parent=206034"}],"wp:term":[{"taxonomy":"category","embeddable":true,"href":"https:\/\/www.radiopiu.net\/wordpress\/wp-json\/wp\/v2\/categories?post=206034"},{"taxonomy":"post_tag","embeddable":true,"href":"https:\/\/www.radiopiu.net\/wordpress\/wp-json\/wp\/v2\/tags?post=206034"}],"curies":[{"name":"wp","href":"https:\/\/api.w.org\/{rel}","templated":true}]}}