{"id":206043,"date":"2021-04-26T15:51:16","date_gmt":"2021-04-26T13:51:16","guid":{"rendered":"https:\/\/www.radiopiu.net\/wordpress\/?p=206043"},"modified":"2021-04-26T15:55:11","modified_gmt":"2021-04-26T13:55:11","slug":"i-nostri-figli-non-sono-pacchi-postali-la-mamma-sappella-a-zaia","status":"publish","type":"post","link":"https:\/\/www.radiopiu.net\/wordpress\/i-nostri-figli-non-sono-pacchi-postali-la-mamma-sappella-a-zaia\/","title":{"rendered":"I NOSTRI FIGLI NON SONO PACCHI POSTALI, LA MAMMA S&#8217;APPELLA A ZAIA"},"content":{"rendered":"<blockquote><p><em>Chi non conosce il dramma di noi genitori, tutti abbiamo il pensiero del \u201ddopo di noi\u201d.<\/em><\/p><\/blockquote>\n<p><strong><a href=\"https:\/\/www.radiopiu.net\/wordpress\/giornale-radiopiu-16-02-2017\/olympus-digital-camera-143\/\" rel=\"attachment wp-att-28569\"><img loading=\"lazy\" decoding=\"async\" class=\"size-medium wp-image-28569 alignleft\" src=\"https:\/\/www.radiopiu.net\/wordpress\/wp-content\/uploads\/2017\/02\/ceod-300x225.jpg\" alt=\"\" width=\"300\" height=\"225\" \/><\/a>CENCENIGHE<\/strong>\u00a0 Da Cencenighe la lettera ha preso il via per Venezia, diretta all&#8217;ufficio del Governatore Luca Zaia. La firma\u00a0 la mamma-tutrice, perch\u00e9 la situazione che perdura da qualche anno secondo la stessa ha raggiunto il livello di guardia in merito\u00a0 all\u2019accoglienza dei ragazzi \u201cmeno fortunati\u201d dell\u2019Agordino.<em> &#8220;Vorrei pregarla\u00a0 &#8211; attacca la mamma agordina -di cercare, in Regione, il documento con le firme di noi genitori dei disabili per la richiesta di un finanziamento per realizzare il Polo funzionale di Agordo, tramite il compianto Floriano Pr\u00e0, allora assessore regionale, che ci invit\u00f2 presso la Sala Convegni della CMA, visto che correva \u201cL\u2019anno europeo della disabilit\u00e0\u201d gli\u00a0 fu pi\u00f9 facile ottenere il finanziamento, assicurandoci, a chiare lettere, che i locali di met\u00e0 del piano terra sarebbero stati adibiti ai nostri ragazzi perennemente. <\/em><em>Ora li vogliono spostare senza un motivo ben preciso in un luogo non adatto al loro stato di salute e per le loro esigenze motorie. <\/em><em>La residenza fu anche realizzata per ospitarli nei fine settimana, dove noi ora non possiamo permetterci perch\u00e9 \u00e8 diventata sempre pi\u00f9 costosa&#8221;.\u00a0<\/em>L&#8217;intento della mamma: appellarsi al suo buon senso del Presidente come persona obiettiva e umana affinch\u00e9\u00a0 faccia il possibile, anzi affinch\u00e9 venga a constatare di persona dove sono sempre stati fino ad ora i ragazzi , grazie a Floriano Pr\u00e0 che li aveva tolti da un ambiente umido e malsano presso i locali dell&#8217;allora Bar La Pace (isola pedonale di Agordo) prima della ristrutturazione attuale. <em>&#8220;E\u2019 ora di finirla di usare i nostri figli e ora li vogliono spostare, non sappiamo ancora a chi dire grazie di questo cambiamento, io personalmente non ho mai creduto in questo progetto. L\u00ec dove sono, vivono felice e contenti, si conoscono da anni, \u00e8 tutto il loro mondo essendo figli \u201cmeno fortunati\u201d, chi non conosce il dramma di noi genitori non pu\u00f2 capire. Mi associo a quella mamma che ha avuto il coraggio di protestare e di ragione ne ha anche troppa. Essendo di Cencenighe, io l\u2019ho vista nascere ed in seguito anche suo figlio. Vado spesso a trovarli e quando li vedo mi si stringe il cuore perch\u00e9 mio figlio a confronto \u00e8 un fiore all\u2019occhiello&#8221;.\u00a0\u00a0<\/em>In sintesi cosa chiede la mamma: che i figli rimangano dove sono con operatori e assistenti meravigliosi e riguardo al \u201cdopo di noi\u201d\u00a0 perch\u00e9 non potrebbe essere la Residenza Agordina? FOTO ARCHIVIO RADIO PIU<\/p>\n","protected":false},"excerpt":{"rendered":"<p>Chi non conosce il dramma di noi genitori, tutti abbiamo il pensiero del \u201ddopo di noi\u201d. CENCENIGHE\u00a0 Da Cencenighe la lettera ha preso il via per Venezia, diretta all&#8217;ufficio del Governatore Luca Zaia. La firma\u00a0 la mamma-tutrice, perch\u00e9 la situazione che perdura da qualche anno secondo la stessa ha raggiunto il livello di guardia in&hellip;<\/p>\n","protected":false},"author":4,"featured_media":206044,"comment_status":"closed","ping_status":"closed","sticky":false,"template":"","format":"standard","meta":{"_monsterinsights_skip_tracking":false,"_monsterinsights_sitenote_active":false,"_monsterinsights_sitenote_note":"","_monsterinsights_sitenote_category":0,"footnotes":""},"categories":[51,49],"tags":[],"class_list":["post-206043","post","type-post","status-publish","format-standard","has-post-thumbnail","hentry","category-evidenza-top","category-news-18","category-51","category-49","description-off"],"img_url":"https:\/\/www.radiopiu.net\/wordpress\/wp-content\/uploads\/2021\/04\/24761e02-3871-4988-a1b5-6b645e791e3d-1536x1153-1.jpg","_links":{"self":[{"href":"https:\/\/www.radiopiu.net\/wordpress\/wp-json\/wp\/v2\/posts\/206043","targetHints":{"allow":["GET"]}}],"collection":[{"href":"https:\/\/www.radiopiu.net\/wordpress\/wp-json\/wp\/v2\/posts"}],"about":[{"href":"https:\/\/www.radiopiu.net\/wordpress\/wp-json\/wp\/v2\/types\/post"}],"author":[{"embeddable":true,"href":"https:\/\/www.radiopiu.net\/wordpress\/wp-json\/wp\/v2\/users\/4"}],"replies":[{"embeddable":true,"href":"https:\/\/www.radiopiu.net\/wordpress\/wp-json\/wp\/v2\/comments?post=206043"}],"version-history":[{"count":0,"href":"https:\/\/www.radiopiu.net\/wordpress\/wp-json\/wp\/v2\/posts\/206043\/revisions"}],"wp:featuredmedia":[{"embeddable":true,"href":"https:\/\/www.radiopiu.net\/wordpress\/wp-json\/wp\/v2\/media\/206044"}],"wp:attachment":[{"href":"https:\/\/www.radiopiu.net\/wordpress\/wp-json\/wp\/v2\/media?parent=206043"}],"wp:term":[{"taxonomy":"category","embeddable":true,"href":"https:\/\/www.radiopiu.net\/wordpress\/wp-json\/wp\/v2\/categories?post=206043"},{"taxonomy":"post_tag","embeddable":true,"href":"https:\/\/www.radiopiu.net\/wordpress\/wp-json\/wp\/v2\/tags?post=206043"}],"curies":[{"name":"wp","href":"https:\/\/api.w.org\/{rel}","templated":true}]}}