{"id":206130,"date":"2021-04-27T05:26:34","date_gmt":"2021-04-27T03:26:34","guid":{"rendered":"https:\/\/www.radiopiu.net\/wordpress\/?p=206130"},"modified":"2021-04-27T05:26:34","modified_gmt":"2021-04-27T03:26:34","slug":"comelico-la-voglia-di-restare-di-renato-bona","status":"publish","type":"post","link":"https:\/\/www.radiopiu.net\/wordpress\/comelico-la-voglia-di-restare-di-renato-bona\/","title":{"rendered":"COMELICO. LA VOGLIA DI RESTARE! DI  RENATO BONA"},"content":{"rendered":"<p><span class=\"tojvnm2t a6sixzi8 abs2jz4q a8s20v7p t1p8iaqh k5wvi7nf q3lfd5jv pk4s997a bipmatt0 cebpdrjk qowsmv63 owwhemhu dp1hu0rb dhp61c6y iyyx5f41\">\u00a0E\u2019 stato curato da Lucio Eicher Clere (operatore e animatore culturale, un caro amico e, in passato, collaboratore prezioso, di chi stende queste note &#8211; ndr.) il capitolo \u201cComelico voglia di restare\u201d, componente importante del libro \u201cBelluno. Viaggio intorno a una provincia\u201d edito nel 1989 per l\u2019Amministrazione provinciale di Belluno da Libreria Pilotto editrice di Feltre, stampato da Grapich group, pure di Feltre, fotolito Eurocrom 4 di Villorba, composizione della tipografia Piave di Belluno, fotografie di Cadorin, Dalla Giustina, De Vido, Riva, Sovilla, piano dell\u2019opera, progetto e coordinamento editoriale a cura di Maurizio Busatta. In apertura il \u201ccontributo\u201d di Eicher Clere cita la strada che da Cima Gogna raggiungeva Santo Stefano: \u201cincavata nella roccia che strapiomba sul Piave, quasi un sentiero del purgatorio dantesco, era la pena di dieci chilometri che doveva scontare chiunque volesse raggiungere il \u2018paradiso\u2019 del Comelico: curve a ridosso delle rocce, strettoie, gallerie paraneve, pietre precipitanti senza avviso, valanghe ad ogni nevicata\u201d. Prima di dire che la \u201cstrada dla Val\u201d , definita un incubo per i \u2018comeliane\u2019 (\u201cannosa e mai risolta la disputa sulla forma italiana del termine ladino, con il quale sono definiti gli abitanti del Comelico: comelicani, comelicensi, comelicesi, comeliani?), fu iniziata nel 1839 ed aperta nel 1840, l\u2019autore sostiene che l\u2019incubo fu definitivamente risolto con l\u2019inaugurazione della grande galleria, il 31 luglio 1986, definita \u201copera di portata storica per il Comelico: una finestra per guardare oltre\u201d i paesi di Casada, Campitello, Costalissoio, Costa, San Nicol\u00f2, Gera, Candide, Casamazzagno, Dosoledo, Padola, Danta della valle verso nord-ovest e: Santo Stefano, Campolongo, Mare, San Pietro, Costalta, Valle, Presenaio e Sappada da quella di nord-est. Procedendo nell\u2019illustrazione del \u201csuo\u201d Comelico, Lucio Eicher Clere scrive: \u201c\u2026Per chi apprezza le bellezze paesaggistiche l\u2019integrit\u00e0 del patrimonio boschivo, i prati falciati anche ad alta quota, il non eccessivo guasto edilizio sono testimonianze di cura e rispetto del proprio ambiente e cos\u00ec \u201cper amore o per necessit\u00e0, gli abitanti del Comelico si sono costruiti quest\u2019angolo di vita con progressivi disboscamenti per creare spazio per l\u2019agricoltura ed all\u2019allevamento, e lo hanno poi conservato in condizioni di obiettiva difficolt\u00e0: un\u2019altezza media sul livello del mare di 1200 metri, dai 900 di Santo Stefano ai 1400 di Danta, un territorio disposto per gran parte in pendio, condizioni climatiche rigide, che consentono la coltivazione di pochissime specie di prodotti agricoli\u201d. Tuttavia &#8211; sottolinea \u2013 \u201cda questa terra non c\u2019\u00e8 stato l\u2019esodo: nei \u2018comeliane\u2019 \u00e8 prevalsa la voglia di restare\u201d. Lo conferma il fatto che dopo l\u2019emigrazione degli anni 50-60, che vide la partenza di circa duemila persone, nell\u2019ultimo decennio la popolazione del Comelico si \u00e8 stabilizzata sulle diecimila unit\u00e0 con fenomeni migratori solo marginali. Nemmeno nei paesi pi\u00f9 piccoli ed isolati si \u00e8 registrati spopolamento. Anzi, proprio in questi si assiste ad un fiorire di iniziative, che testimoniano la caparbia volont\u00e0 di ricercare soluzioni per rimanere\u201d. Ed eccoci alle Regole. L\u2019autore ricorda che nel 1957 nasceva l\u2019idea di una societ\u00e0 \u201cper l\u2019incremento zootecnico di Costa\u201d con lo scopo di ridare vita all\u2019economia rurale. Si tent\u00f2 con successo il superamento della frammentazione fondiaria, con la riunificazione dei tanti piccoli apprezzamenti; si progettarono nuovi indirizzi produttivi per il bestiame da allevamento. Si costruirono una stalla sociale, un impianto di fertirrigazione, una centralina elettrica e strade di miglioramento fondiario, per\u00f2 la societ\u00e0 non riusc\u00ec a decollare. Ma alla crisi degli anni Sessanta, alle speranze ed ai progetti forse troppo ambiziosi subentra il realismo. A farsene interprete \u00e8 la Regola come risposta alla necessit\u00e0\u201d. Proprio quelle realt\u00e0 che per un millennio avevano guidato la vita comunitaria dei \u2018comeliane\u2019 e nel 1806 erano state esautorare con il trasferimento dell\u2019amministrazione dei beni al nuovo Comune. Tuttavia \u201cla tradizione resistette e, dopo 150 anni, con la legge 1104 del 1948 poterono riprendere vita autonoma anche se poi \u201cil loro ruolo si riduceva a quello di enti di beneficenza\u2026\u201d. Significativa dunque la scelta operata dalla regola di Costa che nel 1977, con deliberazione dell\u2019assemblea generale dei regolieri decise di acquisire le strutture dell\u2019agonizzante Societ\u00e0 per l\u2019incremento zootecnico di Costa, e di impostare un programma che vede la Regola impegnarsi come ente nella gestione dell\u2019attivit\u00e0 agricola. Cos\u00ec \u201cridando interesse all\u2019impiego di giovani, donne ed anche anziani in agricoltura, la Regola ha riscoperto il suo vero ruolo sociale, compiendo un\u2019operazione valida anche dal punto di vista culturale\u201d imprimendo un decisivo impulso alla cultura e puntando su un turismo a misura di paese, guardando, fra l\u2019altro, al \u2018parco\u2019 del Comelico. Qui Lucio Eicher Clere evidenzia come \u201cLa teoria da molti sostenuta che l\u2019uomo pu\u00f2 continuare a vivere in montagna solo se sfrutta al massimo le risorse ambientali, si \u00e8 rivelata, alla verifica dei fatti, negativa. In Comelico, al contrario si dimostra che il montanaro pu\u00f2 trovare motivazioni per viverci rispettando il suo ambiente\u2026\u201d. In proposito cita la Val Visdende dove \u201cda secoli la permanenza estiva degli agricoltori nelle casere, esempio attualizzato di come ebbe inizio l\u2019insediamento umano in Comelico un millennio fa; gli spazi creati dall\u2019uomo per i prati ed i pascoli sono rimasti invariati; i boschi, pur sottoposti annualmente a tagli, coprono omogeneamente i pendii che, dal fondovalle salgono verso i monti, cornice e protezione di questo gioiello paesaggistico. Ora la Val Visdende \u00e8 invasa da migliaia di persone in estate, alla ricerca di verde e d\u2019aria pura; ma in modo disordinato e con conseguenti dissesti. Qui la Regione del Veneto ha previsto, nel suo piano territoriale, l\u2019istituzione di un parco naturale. Ma prima dei legislatori regionali, gli abitanti del Comelico hanno tutelato la Val Visdende come parco. Le Regole, proprietarie della quasi totalit\u00e0 del territorio, hanno sempre gelosamente difeso i loro boschi, le loro rocce, i loro prati, opponendosi ai ripetuti tentativi di sfruttamento della valle a scopi idroelettrici prima e turistici poi. Alle abitudini locali quindi, pi\u00f9 che altrove, possono trovare ispirazione quanti vogliono regolamentare il territorio\u201d. <\/span><\/p>\n\n\t\t\t<style type='text\/css'>\n\t\t\t\t#gallery-1 {\n\t\t\t\t\tmargin: auto;\n\t\t\t\t}\n\t\t\t\t#gallery-1 .gallery-item {\n\t\t\t\t\tfloat: left;\n\t\t\t\t\tmargin-top: 10px;\n\t\t\t\t\ttext-align: center;\n\t\t\t\t\twidth: 20%;\n\t\t\t\t}\n\t\t\t\t#gallery-1 img {\n\t\t\t\t\tborder: 2px solid #cfcfcf;\n\t\t\t\t}\n\t\t\t\t#gallery-1 .gallery-caption {\n\t\t\t\t\tmargin-left: 0;\n\t\t\t\t}\n\t\t\t\t\/* see gallery_shortcode() in wp-includes\/media.php *\/\n\t\t\t<\/style>\n\t\t<div id='gallery-1' class='dt-gallery-container gallery galleryid-206130 gallery-columns-5 gallery-size-thumbnail'><dl class='gallery-item'>\n\t\t\t\t<dt class='gallery-icon portrait'>\n\t\t\t\t\t<a class=\"rollover rollover-zoom dt-pswp-item\" title=\"178687226_1178339905970523_5103206600553260118_n\" data-dt-img-description=\"\" data-large_image_width=\"159\" data-large_image_height=\"225\"href='https:\/\/www.radiopiu.net\/wordpress\/wp-content\/uploads\/2021\/04\/178687226_1178339905970523_5103206600553260118_n.jpg'><img loading=\"lazy\" decoding=\"async\" width=\"150\" height=\"150\" src=\"https:\/\/www.radiopiu.net\/wordpress\/wp-content\/uploads\/2021\/04\/178687226_1178339905970523_5103206600553260118_n-150x150.jpg\" class=\"attachment-thumbnail size-thumbnail\" alt=\"\" \/><\/a>\n\t\t\t\t<\/dt><\/dl><dl class='gallery-item'>\n\t\t\t\t<dt class='gallery-icon portrait'>\n\t\t\t\t\t<a class=\"rollover rollover-zoom dt-pswp-item\" title=\"179007348_284601033159905_7252890650903243433_n\" data-dt-img-description=\"\" data-large_image_width=\"150\" data-large_image_height=\"167\"href='https:\/\/www.radiopiu.net\/wordpress\/wp-content\/uploads\/2021\/04\/179007348_284601033159905_7252890650903243433_n.jpg'><img loading=\"lazy\" decoding=\"async\" width=\"150\" height=\"150\" src=\"https:\/\/www.radiopiu.net\/wordpress\/wp-content\/uploads\/2021\/04\/179007348_284601033159905_7252890650903243433_n-150x150.jpg\" class=\"attachment-thumbnail size-thumbnail\" alt=\"\" \/><\/a>\n\t\t\t\t<\/dt><\/dl><dl class='gallery-item'>\n\t\t\t\t<dt class='gallery-icon landscape'>\n\t\t\t\t\t<a class=\"rollover rollover-zoom dt-pswp-item\" title=\"COMELICO\" data-dt-img-description=\"\" data-large_image_width=\"281\" data-large_image_height=\"206\"href='https:\/\/www.radiopiu.net\/wordpress\/wp-content\/uploads\/2021\/04\/178536890_302777041216853_5028324474789386710_n.jpg'><img loading=\"lazy\" decoding=\"async\" width=\"150\" height=\"150\" src=\"https:\/\/www.radiopiu.net\/wordpress\/wp-content\/uploads\/2021\/04\/178536890_302777041216853_5028324474789386710_n-150x150.jpg\" class=\"attachment-thumbnail size-thumbnail\" alt=\"\" \/><\/a>\n\t\t\t\t<\/dt><\/dl><dl class='gallery-item'>\n\t\t\t\t<dt class='gallery-icon landscape'>\n\t\t\t\t\t<a class=\"rollover rollover-zoom dt-pswp-item\" title=\"COMELICO\" data-dt-img-description=\"\" data-large_image_width=\"235\" data-large_image_height=\"203\"href='https:\/\/www.radiopiu.net\/wordpress\/wp-content\/uploads\/2021\/04\/178662637_741491253087838_2117566915194729110_n.jpg'><img loading=\"lazy\" decoding=\"async\" width=\"150\" height=\"150\" src=\"https:\/\/www.radiopiu.net\/wordpress\/wp-content\/uploads\/2021\/04\/178662637_741491253087838_2117566915194729110_n-150x150.jpg\" class=\"attachment-thumbnail size-thumbnail\" alt=\"\" \/><\/a>\n\t\t\t\t<\/dt><\/dl><dl class='gallery-item'>\n\t\t\t\t<dt class='gallery-icon landscape'>\n\t\t\t\t\t<a class=\"rollover rollover-zoom dt-pswp-item\" title=\"COMELICO\" data-dt-img-description=\"\" data-large_image_width=\"320\" data-large_image_height=\"199\"href='https:\/\/www.radiopiu.net\/wordpress\/wp-content\/uploads\/2021\/04\/178432458_900515280739406_7793407707780061242_n.jpg'><img loading=\"lazy\" decoding=\"async\" width=\"150\" height=\"150\" src=\"https:\/\/www.radiopiu.net\/wordpress\/wp-content\/uploads\/2021\/04\/178432458_900515280739406_7793407707780061242_n-150x150.jpg\" class=\"attachment-thumbnail size-thumbnail\" alt=\"\" \/><\/a>\n\t\t\t\t<\/dt><\/dl><br style=\"clear: both\" \/><dl class='gallery-item'>\n\t\t\t\t<dt class='gallery-icon portrait'>\n\t\t\t\t\t<a class=\"rollover rollover-zoom dt-pswp-item\" title=\"COMELICO\" data-dt-img-description=\"\" data-large_image_width=\"160\" data-large_image_height=\"223\"href='https:\/\/www.radiopiu.net\/wordpress\/wp-content\/uploads\/2021\/04\/178701520_993664777838830_4094042388599319374_n.jpg'><img loading=\"lazy\" decoding=\"async\" width=\"150\" height=\"150\" src=\"https:\/\/www.radiopiu.net\/wordpress\/wp-content\/uploads\/2021\/04\/178701520_993664777838830_4094042388599319374_n-150x150.jpg\" class=\"attachment-thumbnail size-thumbnail\" alt=\"\" \/><\/a>\n\t\t\t\t<\/dt><\/dl><dl class='gallery-item'>\n\t\t\t\t<dt class='gallery-icon landscape'>\n\t\t\t\t\t<a class=\"rollover rollover-zoom dt-pswp-item\" title=\"178642627_454027329215334_4331744201729568914_n\" data-dt-img-description=\"\" data-large_image_width=\"296\" data-large_image_height=\"202\"href='https:\/\/www.radiopiu.net\/wordpress\/wp-content\/uploads\/2021\/04\/178642627_454027329215334_4331744201729568914_n.jpg'><img loading=\"lazy\" decoding=\"async\" width=\"150\" height=\"150\" src=\"https:\/\/www.radiopiu.net\/wordpress\/wp-content\/uploads\/2021\/04\/178642627_454027329215334_4331744201729568914_n-150x150.jpg\" class=\"attachment-thumbnail size-thumbnail\" alt=\"\" \/><\/a>\n\t\t\t\t<\/dt><\/dl><dl class='gallery-item'>\n\t\t\t\t<dt class='gallery-icon landscape'>\n\t\t\t\t\t<a class=\"rollover rollover-zoom dt-pswp-item\" title=\"178437015_498669144503228_224044474731663361_n\" data-dt-img-description=\"\" data-large_image_width=\"217\" data-large_image_height=\"206\"href='https:\/\/www.radiopiu.net\/wordpress\/wp-content\/uploads\/2021\/04\/178437015_498669144503228_224044474731663361_n.jpg'><img loading=\"lazy\" decoding=\"async\" width=\"150\" height=\"150\" src=\"https:\/\/www.radiopiu.net\/wordpress\/wp-content\/uploads\/2021\/04\/178437015_498669144503228_224044474731663361_n-150x150.jpg\" class=\"attachment-thumbnail size-thumbnail\" alt=\"\" \/><\/a>\n\t\t\t\t<\/dt><\/dl><dl class='gallery-item'>\n\t\t\t\t<dt class='gallery-icon landscape'>\n\t\t\t\t\t<a class=\"rollover rollover-zoom dt-pswp-item\" title=\"173126308_884523532390520_6414787764888241421_n\" data-dt-img-description=\"\" data-large_image_width=\"280\" data-large_image_height=\"204\"href='https:\/\/www.radiopiu.net\/wordpress\/wp-content\/uploads\/2021\/04\/173126308_884523532390520_6414787764888241421_n.jpg'><img loading=\"lazy\" decoding=\"async\" width=\"150\" height=\"150\" src=\"https:\/\/www.radiopiu.net\/wordpress\/wp-content\/uploads\/2021\/04\/173126308_884523532390520_6414787764888241421_n-150x150.jpg\" class=\"attachment-thumbnail size-thumbnail\" alt=\"\" \/><\/a>\n\t\t\t\t<\/dt><\/dl><dl class='gallery-item'>\n\t\t\t\t<dt class='gallery-icon portrait'>\n\t\t\t\t\t<a class=\"rollover rollover-zoom dt-pswp-item\" title=\"178877778_895373777694149_3101162212223941829_n\" data-dt-img-description=\"\" data-large_image_width=\"156\" data-large_image_height=\"240\"href='https:\/\/www.radiopiu.net\/wordpress\/wp-content\/uploads\/2021\/04\/178877778_895373777694149_3101162212223941829_n.jpg'><img loading=\"lazy\" decoding=\"async\" width=\"150\" height=\"150\" src=\"https:\/\/www.radiopiu.net\/wordpress\/wp-content\/uploads\/2021\/04\/178877778_895373777694149_3101162212223941829_n-150x150.jpg\" class=\"attachment-thumbnail size-thumbnail\" alt=\"\" \/><\/a>\n\t\t\t\t<\/dt><\/dl><br style=\"clear: both\" \/><dl class='gallery-item'>\n\t\t\t\t<dt class='gallery-icon landscape'>\n\t\t\t\t\t<a class=\"rollover rollover-zoom dt-pswp-item\" title=\"COMELICO\" data-dt-img-description=\"\" data-large_image_width=\"291\" data-large_image_height=\"206\"href='https:\/\/www.radiopiu.net\/wordpress\/wp-content\/uploads\/2021\/04\/178477966_3072650349671171_5629125206795375382_n.jpg'><img loading=\"lazy\" decoding=\"async\" width=\"150\" height=\"150\" src=\"https:\/\/www.radiopiu.net\/wordpress\/wp-content\/uploads\/2021\/04\/178477966_3072650349671171_5629125206795375382_n-150x150.jpg\" class=\"attachment-thumbnail size-thumbnail\" alt=\"\" \/><\/a>\n\t\t\t\t<\/dt><\/dl><dl class='gallery-item'>\n\t\t\t\t<dt class='gallery-icon landscape'>\n\t\t\t\t\t<a class=\"rollover rollover-zoom dt-pswp-item\" title=\"178017855_309580054028658_8194990610390456706_n\" data-dt-img-description=\"\" data-large_image_width=\"294\" data-large_image_height=\"206\"href='https:\/\/www.radiopiu.net\/wordpress\/wp-content\/uploads\/2021\/04\/178017855_309580054028658_8194990610390456706_n.jpg'><img loading=\"lazy\" decoding=\"async\" width=\"150\" height=\"150\" src=\"https:\/\/www.radiopiu.net\/wordpress\/wp-content\/uploads\/2021\/04\/178017855_309580054028658_8194990610390456706_n-150x150.jpg\" class=\"attachment-thumbnail size-thumbnail\" alt=\"\" \/><\/a>\n\t\t\t\t<\/dt><\/dl><dl class='gallery-item'>\n\t\t\t\t<dt class='gallery-icon portrait'>\n\t\t\t\t\t<a class=\"rollover rollover-zoom dt-pswp-item\" title=\"COMELICO\" data-dt-img-description=\"\" data-large_image_width=\"160\" data-large_image_height=\"204\"href='https:\/\/www.radiopiu.net\/wordpress\/wp-content\/uploads\/2021\/04\/178038285_509681003524989_7726312730684166613_n.jpg'><img loading=\"lazy\" decoding=\"async\" width=\"150\" height=\"150\" src=\"https:\/\/www.radiopiu.net\/wordpress\/wp-content\/uploads\/2021\/04\/178038285_509681003524989_7726312730684166613_n-150x150.jpg\" class=\"attachment-thumbnail size-thumbnail\" alt=\"\" \/><\/a>\n\t\t\t\t<\/dt><\/dl>\n\t\t\t\t<br style='clear: both' \/>\n\t\t\t<\/div>\n\n<p><span class=\"tojvnm2t a6sixzi8 abs2jz4q a8s20v7p t1p8iaqh k5wvi7nf q3lfd5jv pk4s997a bipmatt0 cebpdrjk qowsmv63 owwhemhu dp1hu0rb dhp61c6y iyyx5f41\">NELLE FOTO (riproduzioni dal libro \u201cBelluno. Viaggio intorno a una Provincia\u201d): Palazzo Poli De Pol a San Pietro di Cadore (XVII secolo) eretto utilizzando disegni di Baldassarre Longhena e affrescato da Girolamo Pellegrini; Lucio Eicher Clere, autore del capitolo sul Comelico nel libro coordinato da Maurizio Busatta; un occhio sui 4 comuni del Comelico, lambiti dal torrente Padola prima di confluire nel Piave a Santo Stefano che vediamo investito da giochi di luce; Danta, appollaiata in cima al colle tenta una sintesi di stili antichi e moderni; palazzo patrizio di Candide di Comelico Superiore; il campanile di San Nicol\u00f2; Dosoledo, nel Comelico di Sopra: in primo piano fienili in legno disposti verso valle davanti alle case in muratura; covoni di fieno a San Pietro di Cadore; in Comelico la macchina del tempo ruota attorno a un microcosmo peculiare che attinge al codice genetico di timbro ladino; scorcio di Sappada con le originali architetture del paese; dimensione invernale nello scenario della Terza Grande; boschi di abete; paesaggio con la magia verde della Val Visdende.<\/span><\/p>\n","protected":false},"excerpt":{"rendered":"<p>\u00a0E\u2019 stato curato da Lucio Eicher Clere (operatore e animatore culturale, un caro amico e, in passato, collaboratore prezioso, di chi stende queste note &#8211; ndr.) il capitolo \u201cComelico voglia di restare\u201d, componente importante del libro \u201cBelluno. Viaggio intorno a una provincia\u201d edito nel 1989 per l\u2019Amministrazione provinciale di Belluno da Libreria Pilotto editrice di&hellip;<\/p>\n","protected":false},"author":4,"featured_media":206139,"comment_status":"closed","ping_status":"closed","sticky":false,"template":"","format":"standard","meta":{"_monsterinsights_skip_tracking":false,"_monsterinsights_sitenote_active":false,"_monsterinsights_sitenote_note":"","_monsterinsights_sitenote_category":0,"footnotes":""},"categories":[49],"tags":[],"class_list":["post-206130","post","type-post","status-publish","format-standard","has-post-thumbnail","hentry","category-news-18","category-49","description-off"],"img_url":"https:\/\/www.radiopiu.net\/wordpress\/wp-content\/uploads\/2021\/04\/178038285_509681003524989_7726312730684166613_n.jpg","_links":{"self":[{"href":"https:\/\/www.radiopiu.net\/wordpress\/wp-json\/wp\/v2\/posts\/206130","targetHints":{"allow":["GET"]}}],"collection":[{"href":"https:\/\/www.radiopiu.net\/wordpress\/wp-json\/wp\/v2\/posts"}],"about":[{"href":"https:\/\/www.radiopiu.net\/wordpress\/wp-json\/wp\/v2\/types\/post"}],"author":[{"embeddable":true,"href":"https:\/\/www.radiopiu.net\/wordpress\/wp-json\/wp\/v2\/users\/4"}],"replies":[{"embeddable":true,"href":"https:\/\/www.radiopiu.net\/wordpress\/wp-json\/wp\/v2\/comments?post=206130"}],"version-history":[{"count":0,"href":"https:\/\/www.radiopiu.net\/wordpress\/wp-json\/wp\/v2\/posts\/206130\/revisions"}],"wp:featuredmedia":[{"embeddable":true,"href":"https:\/\/www.radiopiu.net\/wordpress\/wp-json\/wp\/v2\/media\/206139"}],"wp:attachment":[{"href":"https:\/\/www.radiopiu.net\/wordpress\/wp-json\/wp\/v2\/media?parent=206130"}],"wp:term":[{"taxonomy":"category","embeddable":true,"href":"https:\/\/www.radiopiu.net\/wordpress\/wp-json\/wp\/v2\/categories?post=206130"},{"taxonomy":"post_tag","embeddable":true,"href":"https:\/\/www.radiopiu.net\/wordpress\/wp-json\/wp\/v2\/tags?post=206130"}],"curies":[{"name":"wp","href":"https:\/\/api.w.org\/{rel}","templated":true}]}}