{"id":206203,"date":"2021-04-27T12:25:00","date_gmt":"2021-04-27T10:25:00","guid":{"rendered":"https:\/\/www.radiopiu.net\/wordpress\/?p=206203"},"modified":"2021-04-27T13:23:31","modified_gmt":"2021-04-27T11:23:31","slug":"la-conferenza-stampa-di-luca-zaia-in-diretta-da-marghera-2","status":"publish","type":"post","link":"https:\/\/www.radiopiu.net\/wordpress\/la-conferenza-stampa-di-luca-zaia-in-diretta-da-marghera-2\/","title":{"rendered":"PARLA LUCA ZAIA A POCHE ORE DALLA TRASMISSIONE REPORT &#8220;CRISANTI CONTRO ZAIA SULLA GESTIONE DELLA PANDEMIA IN REGIONE&#8221;"},"content":{"rendered":"<p><strong>VENEZIA<\/strong>\u00a0Consueto appuntamento con la conferenza stampa di Luca Zaia dalla sede della Protezione Civile a Marghera.<\/p>\n<p><strong>I NUMERI\u00a0<\/strong><\/p>\n<p>TAMPONI MOLECOLARI 4953650 TAMPONI\u00a0 RAPIDI 4277214 POSITIVI IERI\u00a0 + 848 TAMPONI IERI 34910 INCIDENZA POSITIVI TAMPONI 2,42 % POSITIVI DA INIZIO EPIDEMIA\u00a0 409213 POSITIVI ATTUALI 22844\u00a0 RICOVERI 1546 (+6) IN AREA NON CRITICA 1328\u00a0 \u00a0 (+3) IN TERAPIA INTENSIVA\u00a0 218\u00a0 (+3) ALTRI PAZIENTI NON COVID in terapia intensiva 263 DECESSI 11281\u00a0 (+36) DIMESSI 20255<\/p>\n<blockquote>\n<h2>LEGGI LA CONFERENZA STAMPA DI LUCA ZAIA, aggiornamento in tempo reale<\/h2>\n<p><em>Siamo ritenuti tra i pi\u00f9 bravi d&#8217;Italia non voglio nemmeno immaginare quali trasmissioni faranno da altre parti del paese. Non ho visto la trasmissione Report ma\u00a0 ci sono delle responsabilit\u00e0 individuali, devono rispondere i diretti interessati.\u00a0<\/em><\/p>\n<p>&nbsp;<\/p><\/blockquote>\n<p><strong>HA VISTO REPORT?<\/strong> No. <strong>SI ADOMBRA CHE SIA STATO OCCULTATO LO STUDIO DI CRISANTI SUI TEST RAPIDI IN UN FUORI ONDA DICE &#8220;MEGLIO DIRE CHE NON C&#8217;E&#8217; O I PRODUTTORI DEI TEST CI FANNO CAUSA&#8221;. ALCUNI PRIMARI HANNO DICHIARATO DI ESSERE STATI COSTRETTI A DISSOCIARSI. ANCORA FLOR &#8220;SE SONO STATI PRESI PER IL COLLO DA ME, MI DENUNCINO&#8221;.<\/strong> <span style=\"color: #ff0000;\">FARA&#8217; UN&#8217;INDAGINE<\/span> Da come mi \u00e8 stata raccontata ci sono responsabilit\u00e0 personali. Sono attivit\u00e0 che non mi competono. Quindi \u00e8 giusto che rispondano gli interlocutori, non ho altro da aggiungere. Quando volevamo chiarezza abbiamo sempre scritto e notificato. Ho avuto pressioni non ho avuto pressioni? Mi pare un elastico. Prendo atto. Per quanto riguarda i tamponi posso solo dire che con 70mila al giorno quando di norma se ne fanno 22mila si sa che tre quarti dei positivi si trovano con i rapidi, non con i molecoari perch\u00e9 la macchia \u00e8 gi\u00e0 stressata. I rapidi non funzionano? Sono il male? Sentiremo la dottoressa Ricci oggi in conferenza stampa. Report ha dimostrato un&#8217;amministrazione trasparente, nessuno si \u00e8 negato ed ha messo a diposizione quanto chiesto. E&#8217; stata espressa una teoria come altre. <strong>NON SENTE LA NECESSITA&#8217; DI UN CHIARIMENTO CON FLOR?<\/strong> Lo far\u00e0 l&#8217;assessore lo incontra sempre. <strong>FUORI ONDA FLOR CLAMOROSO &#8220;DETTO INTERNOS ERA MEGLIO DIRE CHE LO STUDIO NON ESISTEVA PER NON RISCHIARE LA CAUSA&#8221;<\/strong> Non ho ancora visto la trasmissione <strong>MA E&#8217; UNA FRASE CHE C&#8217;\u00e8 OVUNQUE<\/strong> Chiederemo cosa intendeva dire, c&#8217;\u00e8 lo studio? E che studio \u00e8?<\/p>\n<blockquote>\n<h3>DOTTORESSA FRANCESCA RUSSO<\/h3>\n<p><em>Ci si basa sulle idee o sulle note?\u00a0<\/em><\/p><\/blockquote>\n<p>Uno studio che fa un qualunque ricercatore dell&#8217;Universit\u00e0 o delle nostre aziende ospedaliere. Se ha il sifgnificato e l&#8217;obiettivo di fornire orientamenti per la strategia lo invia alla Regione. A me non \u00e8 mai arrivato nulla di ufficiale da nessuno e da nessuna parte. Il piano sanit\u00e0 pubblica con i tamponi rapidi ha avuto un parere positivo con parere di Giunta, poi \u00e8 stato chiesto un chiarimento, qualcuno non c&#8217;era all&#8217;incontro era per capire dai colleghi se era il caso di cambiare strategia, era presente anche il dottor Rigoli e abbiamo chiarito che il compito e la responsabilit\u00e0 di esprimere il proprio parere, hanno detto aspettiamo la circolare del Ministero e poi e&#8217; cambiato il piano di sanit\u00e0 pubblica. <strong>SI E&#8217; INSINUATO IL DUBBIO DEGLI ASINTOMATICI<\/strong> Quando sono aumentati i casi, superiore ai 3000 al giorno (era arrivato anche oltre 5000), l&#8217;aumento di questi casi nella seconda ondata porta ad una sovra lavoro da parte dei colleghi.<\/p>\n<p>&nbsp;<\/p>\n<blockquote>\n<h3>DOTTORESSA RICCI<\/h3>\n<p><em>Da met\u00e0 dicembre in piena ondata la percentuale della variante \u00e8 crollata, le conclusioni di Crisanti non sono supportate dall&#8217;evidenza. Su 1.400 tamponi\u00a0 28 sono risultati negaviti al test radpido e positivi del tampone molecolare 8 casi con la\u00a0 proteina N che impediva agli antigenici di cogliere la positivit\u00e0.\u00a0 Lo studio concludeva che questa variante era la causa del diffondersi dei contagi in Veneto,\u00a0 secondo noi conclusioni\u00a0 non evidenti. Variante indiana: \u00a0due casi sospetti anche nel Veneziano, ma si attendono approfondimenti prima della conferma.\u00a0 Questa variante ci preoccupa moderatamente\u00a0 ma non \u00e8 ancora confermato che gli anticorpi non sono efficienti.<\/em><\/p><\/blockquote>\n<p><strong>TEST ANTIGENICI CHE NON INTERCETTANO LE VARIANTI SECONDO CRISANTI PER QUESTO L&#8217;ALTO TASSO DI MORTALITA&#8217; NELLA SECONDA ONDATA?\u00a0\u00a0<\/strong>Ho letto lo studio credo quello presentato a Report, pubblicato ma non ancora sottoposto a revisione scientiva (PRW) ma \u00e8 disponibile nella banche pubbliche, basta scrivere Del Vecchio in google. Lo abbiamo guardato e valutato. Confronta i risultati dei tamponi rapidi e molecolari su 1441 pazienti, in questa casistica riscontrati 18 casi incongruenti (molecoare positivo e rapido negativo), di questi solo 12 vengono studiati uteriormente perch\u00e9 solo su 12 il molecolare ha dato esito di un &#8220;vero&#8221; positivo. Di questi 12\u00a0 otto sono stati oggetto di sequenzionamento completo e su 3 campioni trovata doppia mutazione della proteina N che potrebbe essere la causa del fatto che il tampone rapido non \u00e8 in grado di diagnosticare, qualcuno infatti ha come target questa proteina. Considerazione: sequenziati anche dei virus con risultato concordante, positivit\u00e0 del molecolare e rapido. Non \u00e8 certo che le mutazioni siano la causa nella negativit\u00e0 del rapido. Soprattutto lo studio conclude dicendo che l&#8217;utilizzo dei test rapidi possono non indentificare la variante sarebbe la causa dell&#8217;enorme numero dei casi. Da met\u00e0 dicembre in piena ondata la percentuale della variante \u00e8 crollata, le conclusioni non sono supportate dall&#8217;evidenza. Oggi questa specifica variante non \u00e8 pi\u00f9 aumentata ed \u00e8 una piccola porzione del virus in Veneto. <strong>VARIANTE INDIANA<\/strong> due cittadini di ritorno dall&#8217;India. E&#8217; un&#8217;infezione arrivata da chi rientra non che circola sul territorio. Identificata subito, in Veneto siamo partiti subito con i sequenziamenti nel resto d&#8217;Italia un po&#8217; dopo, oggi siamo uno dei paesi che sequenzia di pi\u00f9 al mondo. Prima gli Stati Uniti, poi l&#8217;Inghilterra, noi siamo i decimi. Negli ultimi tre mesi siamo al quinto posto con 15mila sequenze, negli ultimi mesi siamo andati a regime salendo in classifica ed \u00e8 un&#8217;ottima notizia: il sistema di sorveglianza funziona e puo&#8217; identificare le varianti. Le due persone sono state identificate e messe in quarantena come dice la legge, non hanno trasmesso l&#8217;infezione al di fuori della oro famiglia, forse c&#8217;e&#8217; un altro parente positivo. Una variante che ci preoccupa relativamente, non ci sono certezze sulla sua contagiosit\u00e0 o di sfuggire al vaccino, ha mutazioni che ci fanno sospettare che gli anticorpi possano essere meno efficaci, come la variante brasiliana, ma \u00e8 caratteristica da confermare. Se confermato sar\u00e0 considerata variante proccupante la cui diffusione \u00e8 da contenere, niente di diverso rispetto a fenomeni precedenti. Situazione in India drammatica ma non c&#8217;\u00e8 nessuna prova che sia legata al tipo di virus, li circola anche la variante inglese e poi ci sono le condizioni socio economiche del sistema sanitario indiano che creano difficolt\u00e0. I vaccini hanno un&#8217;efficacia importante per controllare l&#8217;epidemia, con la varianti hanno un&#8217;efficacia ridotta ma non vuol dire che non funzionano.<strong> INDAGINI PER LA COMUNITA&#8217; INDIANA?\u00a0<\/strong>Abbiamo una circolare ad hoc che prevede il sequenziamento quando i soggetti rientrano da un viaggio. L&#8217;indagine \u00e8 molto approfondita per le varianti perch\u00e9 va alla ricerca non solo dei contatti stretti familiari e lavorativi. Inoltre la durata della quarantena di 14 giorni non 10\u00a0 per i soggetti confermati. Test per i contatti stretti, per gli altri viene valutato caso per caso, preferiamo estendere non ridurre.<\/p>\n<p><strong>VACCINAZIONI<\/strong> Andiamo avanti con la vaccinazione passato un milione e mezzo, un terzo di veneti ha gi\u00e0 avuto la prima inoculazione. Stiamo galoppando con la macchina vaccinale, 22mila vaccini nelle ultime 24 ore, ma i target per i prossimi giorni sono elevate perch\u00e9 stanno arrivando le consegne. L&#8217;apertura degli slot di ieri ha prodotto bene, serve un po&#8217; di pazienza per le prenotazioni online, in una farmacia, o dai Carabinieri, o dai servizi sociali o anche nei Comuni. I direttori continuano ad aprire agende vaccinali e non serve chiamare il numero verde. Prenotazioni fino al 19 maggio, poi non abbiamo certezza dell&#8217;arrivo del vaccino quindi attendiamo. Ieri sera alle 21 c&#8217;erano oltre 80mila prenotati, ieri sera il sistema \u00e8 andato in difficolt\u00e0, invevitabile con 80 mila persone che si sono riversate sulla rete.<\/p>\n<p>&nbsp;<\/p>\n<p><a href=\"https:\/\/www.facebook.com\/zaiaufficiale\/videos\/945199816298150\">https:\/\/www.facebook.com\/zaiaufficiale\/videos\/945199816298150<\/a><\/p>\n<p>&nbsp;<\/p>\n","protected":false},"excerpt":{"rendered":"<p>VENEZIA\u00a0Consueto appuntamento con la conferenza stampa di Luca Zaia dalla sede della Protezione Civile a Marghera. I NUMERI\u00a0 TAMPONI MOLECOLARI 4953650 TAMPONI\u00a0 RAPIDI 4277214 POSITIVI IERI\u00a0 + 848 TAMPONI IERI 34910 INCIDENZA POSITIVI TAMPONI 2,42 % POSITIVI DA INIZIO EPIDEMIA\u00a0 409213 POSITIVI ATTUALI 22844\u00a0 RICOVERI 1546 (+6) IN AREA NON CRITICA 1328\u00a0 \u00a0 (+3) IN&hellip;<\/p>\n","protected":false},"author":4,"featured_media":178309,"comment_status":"closed","ping_status":"closed","sticky":false,"template":"","format":"standard","meta":{"_monsterinsights_skip_tracking":false,"_monsterinsights_sitenote_active":false,"_monsterinsights_sitenote_note":"","_monsterinsights_sitenote_category":0,"footnotes":""},"categories":[51,49],"tags":[],"class_list":["post-206203","post","type-post","status-publish","format-standard","has-post-thumbnail","hentry","category-evidenza-top","category-news-18","category-51","category-49","description-off"],"img_url":"https:\/\/www.radiopiu.net\/wordpress\/wp-content\/uploads\/2020\/12\/ZAIA-CONF-STAMPA.png","_links":{"self":[{"href":"https:\/\/www.radiopiu.net\/wordpress\/wp-json\/wp\/v2\/posts\/206203","targetHints":{"allow":["GET"]}}],"collection":[{"href":"https:\/\/www.radiopiu.net\/wordpress\/wp-json\/wp\/v2\/posts"}],"about":[{"href":"https:\/\/www.radiopiu.net\/wordpress\/wp-json\/wp\/v2\/types\/post"}],"author":[{"embeddable":true,"href":"https:\/\/www.radiopiu.net\/wordpress\/wp-json\/wp\/v2\/users\/4"}],"replies":[{"embeddable":true,"href":"https:\/\/www.radiopiu.net\/wordpress\/wp-json\/wp\/v2\/comments?post=206203"}],"version-history":[{"count":0,"href":"https:\/\/www.radiopiu.net\/wordpress\/wp-json\/wp\/v2\/posts\/206203\/revisions"}],"wp:featuredmedia":[{"embeddable":true,"href":"https:\/\/www.radiopiu.net\/wordpress\/wp-json\/wp\/v2\/media\/178309"}],"wp:attachment":[{"href":"https:\/\/www.radiopiu.net\/wordpress\/wp-json\/wp\/v2\/media?parent=206203"}],"wp:term":[{"taxonomy":"category","embeddable":true,"href":"https:\/\/www.radiopiu.net\/wordpress\/wp-json\/wp\/v2\/categories?post=206203"},{"taxonomy":"post_tag","embeddable":true,"href":"https:\/\/www.radiopiu.net\/wordpress\/wp-json\/wp\/v2\/tags?post=206203"}],"curies":[{"name":"wp","href":"https:\/\/api.w.org\/{rel}","templated":true}]}}