{"id":206217,"date":"2021-04-27T12:36:55","date_gmt":"2021-04-27T10:36:55","guid":{"rendered":"https:\/\/www.radiopiu.net\/wordpress\/?p=206217"},"modified":"2021-04-27T12:36:55","modified_gmt":"2021-04-27T10:36:55","slug":"dal-3-maggio-i-nuovi-orari-per-i-drive-in-tamponi","status":"publish","type":"post","link":"https:\/\/www.radiopiu.net\/wordpress\/dal-3-maggio-i-nuovi-orari-per-i-drive-in-tamponi\/","title":{"rendered":"DAL 3 MAGGIO I NUOVI ORARI PER I DRIVE IN TAMPONI"},"content":{"rendered":"<p><strong><a href=\"https:\/\/www.radiopiu.net\/wordpress\/ulteriore-potenziamento-dei-drive-in-tamponi-in-provincia\/sagrogna-tamponi\/\" rel=\"attachment wp-att-170874\"><img loading=\"lazy\" decoding=\"async\" class=\"size-medium wp-image-170874 alignleft\" src=\"https:\/\/www.radiopiu.net\/wordpress\/wp-content\/uploads\/2020\/11\/sagrogna-tamponi-300x225.jpg\" alt=\"\" width=\"300\" height=\"225\" srcset=\"https:\/\/www.radiopiu.net\/wordpress\/wp-content\/uploads\/2020\/11\/sagrogna-tamponi-300x225.jpg 300w, https:\/\/www.radiopiu.net\/wordpress\/wp-content\/uploads\/2020\/11\/sagrogna-tamponi-1024x768.jpg 1024w, https:\/\/www.radiopiu.net\/wordpress\/wp-content\/uploads\/2020\/11\/sagrogna-tamponi-768x576.jpg 768w, https:\/\/www.radiopiu.net\/wordpress\/wp-content\/uploads\/2020\/11\/sagrogna-tamponi-1536x1152.jpg 1536w, https:\/\/www.radiopiu.net\/wordpress\/wp-content\/uploads\/2020\/11\/sagrogna-tamponi.jpg 1600w\" sizes=\"auto, (max-width: 300px) 100vw, 300px\" \/><\/a>BELLUNO <\/strong>La forte riduzione della richiesta di tamponi, legata alla flessione della curva epidemica, consente di riorganizzare nei termini seguenti l&#8217;offerta di tale servizio sul territorio, anche al fine di liberare risorse e spazi per l\u2019attivit\u00e0 vaccinale. Dal 3 maggio, i Punti tamponi dell\u2019Ulss Dolomiti con accesso libero seguiranno i seguenti orari: <strong>Drive-in Paludi:\u00a0 <\/strong>dal luned\u00ec al sabato (festivi esclusi), dalle 8.30 alle 12.30; <strong>Drive-in Feltre \u2013 loc. Anz\u00f9:\u00a0 <\/strong>dal luned\u00ec al sabato (festivi esclusi), dalle 8.30 alle 12.30; <strong>Drive-in Tai di Cadore:\u00a0 <\/strong>marted\u00ec, gioved\u00ec e sabato (festivi esclusi), dalle 15.00 alle 17.00; <strong>Drive-in Agordo:\u00a0 <\/strong>luned\u00ec, mercoled\u00ec e venerd\u00ec (festivi esclusi), dalle 16.00 alle 17.00. <strong>Drive in Belluno (area ospedale San Martino \u2013 vicino ad asilo aziendale) <\/strong>domenica e festivi dalle 8.30 alle 10.30. Si ricorda che possono accedere ai punti tamponi: persone con prescrizione di tampone(antigenico rapido o molecolare) del Medico di Medicina Generale o Pediatra di Libera Scelta \u2013 SENZA APPUNTAMENTO, esibendo all\u2019ingresso impegnativa cartacea o dematerializzata anche in formato elettronico; i soggetti inviati dall\u2019unit\u00e0 di Crisi del Dipartimento di Prevenzione \u2013 SU INDICAZIONE DEL DIPARTIMENTO DI PREVENZIONE; soggetti in rientro dall\u2019estero secondo normativa.<\/p>\n","protected":false},"excerpt":{"rendered":"<p>BELLUNO La forte riduzione della richiesta di tamponi, legata alla flessione della curva epidemica, consente di riorganizzare nei termini seguenti l&#8217;offerta di tale servizio sul territorio, anche al fine di liberare risorse e spazi per l\u2019attivit\u00e0 vaccinale. Dal 3 maggio, i Punti tamponi dell\u2019Ulss Dolomiti con accesso libero seguiranno i seguenti orari: Drive-in Paludi:\u00a0 dal&hellip;<\/p>\n","protected":false},"author":4,"featured_media":170874,"comment_status":"closed","ping_status":"closed","sticky":false,"template":"","format":"standard","meta":{"_monsterinsights_skip_tracking":false,"_monsterinsights_sitenote_active":false,"_monsterinsights_sitenote_note":"","_monsterinsights_sitenote_category":0,"footnotes":""},"categories":[51,49],"tags":[],"class_list":["post-206217","post","type-post","status-publish","format-standard","has-post-thumbnail","hentry","category-evidenza-top","category-news-18","category-51","category-49","description-off"],"img_url":"https:\/\/www.radiopiu.net\/wordpress\/wp-content\/uploads\/2020\/11\/sagrogna-tamponi.jpg","_links":{"self":[{"href":"https:\/\/www.radiopiu.net\/wordpress\/wp-json\/wp\/v2\/posts\/206217","targetHints":{"allow":["GET"]}}],"collection":[{"href":"https:\/\/www.radiopiu.net\/wordpress\/wp-json\/wp\/v2\/posts"}],"about":[{"href":"https:\/\/www.radiopiu.net\/wordpress\/wp-json\/wp\/v2\/types\/post"}],"author":[{"embeddable":true,"href":"https:\/\/www.radiopiu.net\/wordpress\/wp-json\/wp\/v2\/users\/4"}],"replies":[{"embeddable":true,"href":"https:\/\/www.radiopiu.net\/wordpress\/wp-json\/wp\/v2\/comments?post=206217"}],"version-history":[{"count":0,"href":"https:\/\/www.radiopiu.net\/wordpress\/wp-json\/wp\/v2\/posts\/206217\/revisions"}],"wp:featuredmedia":[{"embeddable":true,"href":"https:\/\/www.radiopiu.net\/wordpress\/wp-json\/wp\/v2\/media\/170874"}],"wp:attachment":[{"href":"https:\/\/www.radiopiu.net\/wordpress\/wp-json\/wp\/v2\/media?parent=206217"}],"wp:term":[{"taxonomy":"category","embeddable":true,"href":"https:\/\/www.radiopiu.net\/wordpress\/wp-json\/wp\/v2\/categories?post=206217"},{"taxonomy":"post_tag","embeddable":true,"href":"https:\/\/www.radiopiu.net\/wordpress\/wp-json\/wp\/v2\/tags?post=206217"}],"curies":[{"name":"wp","href":"https:\/\/api.w.org\/{rel}","templated":true}]}}