{"id":206321,"date":"2021-04-28T05:59:52","date_gmt":"2021-04-28T03:59:52","guid":{"rendered":"https:\/\/www.radiopiu.net\/wordpress\/?p=206321"},"modified":"2021-04-28T06:22:59","modified_gmt":"2021-04-28T04:22:59","slug":"ascoltateci-siate-prudenti-lordine-dei-medici-sappella-al-senso-civico","status":"publish","type":"post","link":"https:\/\/www.radiopiu.net\/wordpress\/ascoltateci-siate-prudenti-lordine-dei-medici-sappella-al-senso-civico\/","title":{"rendered":"ASCOLTATECI! SIATE PRUDENTI. L&#8217;ORDINE DEI MEDICI S&#8217;APPELLA AL  SENSO CIVICO"},"content":{"rendered":"<blockquote>\n<h3><img loading=\"lazy\" decoding=\"async\" class=\"alignleft\" src=\"https:\/\/www.radiopiu.net\/wordpress\/wp-content\/uploads\/2021\/03\/Giovanni-Magra-e-Manlio-Sito_medici-di-base-agordini.jpg\" width=\"442\" height=\"249\" \/><\/h3>\n<\/blockquote>\n<p style=\"text-align: left;\"><strong>REDAZIONE<\/strong> Quando si sale sull&#8217;aereo e il comandante dice &#8220;pregasi allacciare le cinture di sicurezza&#8221;, non c&#8217;\u00e8 uno che si gira dall&#8217;altra parte o decide di obiettare. E quando la hostess chiama l&#8217;attenzione gli occhi non vanno sulle lunghe gambe ma su quelle mani che si muovo dettando i consigli per la sopravvivenza in caso di emergenza. I Medici impatriscono consigli salva vita, solo un imbecille potrebbe decidere di iniziare ad obiettare, non si diventa medici per estrazione dal cilindro, dietro ci sono storie di studi ed aggiornamenti\u00a0 ma non tra la tastiera, il video, il motore di ricerca o l&#8217;improvvisato blogger dal sorriso &#8220;durbans&#8221; sembra impossibile doverlo sempre ripetere, ma forse \u00e8 utile. (mm) .<\/p>\n<blockquote>\n<h4>L&#8217;ordine dei Medici, Chirurhi ed Odontoiatri della Provincia di Belluno\u00a0 ribadisce che \u00e8 necessario il senso civico da parte di tutti i cittadini<\/h4>\n<p>&nbsp;<\/p>\n<p><strong><a href=\"https:\/\/www.radiopiu.net\/wordpress\/ascoltateci-siate-prudenti-lordine-dei-medici-sappella-al-senso-civico\/download-1122\/\" rel=\"attachment wp-att-206322\"><img loading=\"lazy\" decoding=\"async\" class=\" wp-image-206322 alignleft\" src=\"https:\/\/www.radiopiu.net\/wordpress\/wp-content\/uploads\/2021\/04\/download-5.jpg\" alt=\"\" width=\"228\" height=\"131\" \/><\/a>BELLUNO <\/strong>L&#8217;Ordine dei Medici e degli Odontoiatri della Provincia di Belluno desidera rivolgersi direttamente ai cittadini della nostra provincia in occasione del passaggio della nostra Regione dalla zona &#8220;arancione &#8221; alla zona &#8220;gialla&#8221;, affinch\u00e9 le aperture, rese possibili da una minore pressione esercitata dalla pandemia sugli ospedali e opportune per dare ripresa a settori economici messi a durissima prova, non si traducano in una ripartenza dei contagi e della pandemia stessa. Il nostro sistema sanitario con i suoi operatori sotto pressione ininterrottamente da un anno, ma soprattutto la societ\u00e0 civile, i rapporti sociali fra gli individui e quelli di prossimit\u00e0 fra i familiari, nonch\u00e9 il sistema economico e produttivo, rischierebbero di non essere in grado di risollevarsi da un&#8217;altra ondata del flagello Coronavirus. Un anno di lotta contro questo flagello ci ha insegnato che quanto pi\u00f9 si accentua il &#8220;lockdown&#8221;, tanto pi\u00f9 si riducono la circolazione del virus, il contagio, i ricoveri negli ospedali ed i decessi. Al contrario, un alleggerimento del &#8220;lockdown&#8221;, quale quello in atto dal 26\/4, porta con s\u00e9 i rischi di una ripresa della pandemia, come gi\u00e0 accaduto da met\u00e0 ottobre sino a gennaio, con un tributo di malati, di morti e di sofferenze ben maggiore di quanto accaduto con la prima ondata all&#8217;inizio del 2020. Che questo non accada dal 26\/ aprile dipende da una parte dalla progressione della campagna di vaccinazione, che non deve essere ostacolata da futili argomenti a sfavore dei vaccini, dall&#8217;altra dalla responsabilit\u00e0 di tutti nell&#8217;applicare e fare applicare i comportamenti che ci preservano dalla diffusione del contagio, quali il distanziamento, il lavaggio frequente delle mani e l&#8217;uso costante della mascherina, soprattutto nei nostri incontri ravvicinati, ai tavoli dei bar e dei ristoranti ove \u00e8 adesso possibile concedersi un p\u00f2 di svago con parenti ed amici. Ci sentiamo in obbligo di concludere questo intervento con un appello accorato affinch\u00e9 questi momenti siano vissuti nel pieno della responsabilit\u00e0, che il momento storico ci impone, considerando che essi possono rappresentare l&#8217;inizio di una ripartenza solo se anche ai bar, nei ristoranti, nelle piazze non abbassiamo la guardia come invece purtroppo spesso accade. Ricordiamo quanto assai opportunamente riportato nella Ordinanza del Presidente della Giunta Regionale del 9\/2\/2021 &#8220;La mascherina va costantemente utilizzata a copertura di naso e bocca, sia in piedi che seduti, nonch\u00e9 negli spostamenti nel locale e nello spazio esterno, salvo che per il tempo necessario per la consumazione di cibo e bevande&#8221;. Tra un sorso e l&#8217;altro, tra una portata e l&#8217;altra, reindossare correttamente la mascherina \u00e8 necessario per alimentare la speranza di lasciarci dietro le spalle la pi\u00f9 dura prova che la nostra societ\u00e0 ed il nostro sistema sanitario hanno affrontato dal dopoguerra.<\/p><\/blockquote>\n","protected":false},"excerpt":{"rendered":"<p>REDAZIONE Quando si sale sull&#8217;aereo e il comandante dice &#8220;pregasi allacciare le cinture di sicurezza&#8221;, non c&#8217;\u00e8 uno che si gira dall&#8217;altra parte o decide di obiettare. E quando la hostess chiama l&#8217;attenzione gli occhi non vanno sulle lunghe gambe ma su quelle mani che si muovo dettando i consigli per la sopravvivenza in caso&hellip;<\/p>\n","protected":false},"author":4,"featured_media":198338,"comment_status":"closed","ping_status":"closed","sticky":false,"template":"","format":"standard","meta":{"_monsterinsights_skip_tracking":false,"_monsterinsights_sitenote_active":false,"_monsterinsights_sitenote_note":"","_monsterinsights_sitenote_category":0,"footnotes":""},"categories":[1,51,49],"tags":[],"class_list":["post-206321","post","type-post","status-publish","format-standard","has-post-thumbnail","hentry","category-senza-categoria","category-evidenza-top","category-news-18","category-1","category-51","category-49","description-off"],"img_url":"https:\/\/www.radiopiu.net\/wordpress\/wp-content\/uploads\/2021\/03\/Giovanni-Magra-e-Manlio-Sito_medici-di-base-agordini.jpg","_links":{"self":[{"href":"https:\/\/www.radiopiu.net\/wordpress\/wp-json\/wp\/v2\/posts\/206321","targetHints":{"allow":["GET"]}}],"collection":[{"href":"https:\/\/www.radiopiu.net\/wordpress\/wp-json\/wp\/v2\/posts"}],"about":[{"href":"https:\/\/www.radiopiu.net\/wordpress\/wp-json\/wp\/v2\/types\/post"}],"author":[{"embeddable":true,"href":"https:\/\/www.radiopiu.net\/wordpress\/wp-json\/wp\/v2\/users\/4"}],"replies":[{"embeddable":true,"href":"https:\/\/www.radiopiu.net\/wordpress\/wp-json\/wp\/v2\/comments?post=206321"}],"version-history":[{"count":0,"href":"https:\/\/www.radiopiu.net\/wordpress\/wp-json\/wp\/v2\/posts\/206321\/revisions"}],"wp:featuredmedia":[{"embeddable":true,"href":"https:\/\/www.radiopiu.net\/wordpress\/wp-json\/wp\/v2\/media\/198338"}],"wp:attachment":[{"href":"https:\/\/www.radiopiu.net\/wordpress\/wp-json\/wp\/v2\/media?parent=206321"}],"wp:term":[{"taxonomy":"category","embeddable":true,"href":"https:\/\/www.radiopiu.net\/wordpress\/wp-json\/wp\/v2\/categories?post=206321"},{"taxonomy":"post_tag","embeddable":true,"href":"https:\/\/www.radiopiu.net\/wordpress\/wp-json\/wp\/v2\/tags?post=206321"}],"curies":[{"name":"wp","href":"https:\/\/api.w.org\/{rel}","templated":true}]}}