{"id":206392,"date":"2021-04-28T11:26:01","date_gmt":"2021-04-28T09:26:01","guid":{"rendered":"https:\/\/www.radiopiu.net\/wordpress\/?p=206392"},"modified":"2021-04-28T16:23:14","modified_gmt":"2021-04-28T14:23:14","slug":"montagna-mutilata-presto-lintervento-di-riqualificazione-anche-in-riva-al-lago-la-diretta-di-radio-piu","status":"publish","type":"post","link":"https:\/\/www.radiopiu.net\/wordpress\/montagna-mutilata-presto-lintervento-di-riqualificazione-anche-in-riva-al-lago-la-diretta-di-radio-piu\/","title":{"rendered":"SCARPA FA RIVIVERE LA MONTAGNA MUTILATA"},"content":{"rendered":"<p>&nbsp;<\/p>\n<p style=\"text-align: left;\" align=\"CENTER\"><strong>ALLEGHE<\/strong> <span style=\"font-family: Candara, serif;\"><span style=\"font-size: medium;\">Dare nuova vita al bosco mutilato da VAIA: questo \u00e8 l\u2019obiettivo principale del progetto presentato oggi ad Alleghe, che vede protagonista SCARPA azienda di Asolo (TV) leader nella produzione di calzature da montagna e per le attivit\u00e0 outdoor, da sempre sensibile alle tematiche legate alla sostenibilit\u00e0 e al rispetto dell\u2019ambiente. <\/span><\/span><span style=\"font-family: Candara, serif;\"><span style=\"font-size: medium;\">Promotore dell\u2019iniziativa, l\u2019Istituto di Certificazione e Ricerca, Dolomiticert, in passato a capo anche del Distretto delle Energie Rinnovabili, che curer\u00e0 i rapporti tra gli enti pubblici e i soggetti privati coinvolti. <\/span><\/span><span style=\"font-family: Candara, serif;\"><span style=\"font-size: medium;\">La zona individuata per il ripristino \u2013 che si affaccia sul lago di Alleghe ed \u00e8 in prossimit\u00e0 del centro del paese &#8211; sintetizza la devastazione della tempesta Vaia<\/span><\/span><\/p>\n<p align=\"CENTER\">\n<p style=\"text-align: left;\" align=\"CENTER\"><strong>MORENO GIOLI<\/strong><\/p>\n<audio class=\"wp-audio-shortcode\" id=\"audio-206392-1\" preload=\"none\" style=\"width: 100%;\" controls=\"controls\"><source type=\"audio\/mpeg\" src=\"https:\/\/www.radiopiu.net\/wordpress\/wp-content\/uploads\/2021\/04\/MORENO-GIOLI.mp3?_=1\" \/><a href=\"https:\/\/www.radiopiu.net\/wordpress\/wp-content\/uploads\/2021\/04\/MORENO-GIOLI.mp3\">https:\/\/www.radiopiu.net\/wordpress\/wp-content\/uploads\/2021\/04\/MORENO-GIOLI.mp3<\/a><\/audio>\n<p align=\"CENTER\">\n<blockquote>\n<h3 align=\"JUSTIFY\"><span style=\"font-family: Candara, serif;\"><span style=\"font-size: medium;\">L\u2019auspicio dei partner coinvolti \u00e8 che altre realt\u00e0 seguano l\u2019esempio di SCARPA per ripristinare una montagna che, gi\u00e0 in difficolt\u00e0, \u00e8 stata sfregiata da Vaia.<\/span><\/span><\/h3>\n<\/blockquote>\n<p><strong>LE FOTO<\/strong><\/p>\n\n\t\t\t<style type='text\/css'>\n\t\t\t\t#gallery-1 {\n\t\t\t\t\tmargin: auto;\n\t\t\t\t}\n\t\t\t\t#gallery-1 .gallery-item {\n\t\t\t\t\tfloat: left;\n\t\t\t\t\tmargin-top: 10px;\n\t\t\t\t\ttext-align: center;\n\t\t\t\t\twidth: 33%;\n\t\t\t\t}\n\t\t\t\t#gallery-1 img {\n\t\t\t\t\tborder: 2px solid #cfcfcf;\n\t\t\t\t}\n\t\t\t\t#gallery-1 .gallery-caption {\n\t\t\t\t\tmargin-left: 0;\n\t\t\t\t}\n\t\t\t\t\/* see gallery_shortcode() in wp-includes\/media.php *\/\n\t\t\t<\/style>\n\t\t<div id='gallery-1' class='dt-gallery-container gallery galleryid-206392 gallery-columns-3 gallery-size-medium'><dl class='gallery-item'>\n\t\t\t\t<dt class='gallery-icon landscape'>\n\t\t\t\t\t<a class=\"rollover rollover-zoom dt-pswp-item\" title=\"d502c3de-dcb1-4c61-9c9b-49e48a5c5c77\" data-dt-img-description=\"\" data-large_image_width=\"960\" data-large_image_height=\"720\"href='https:\/\/www.radiopiu.net\/wordpress\/wp-content\/uploads\/2021\/04\/d502c3de-dcb1-4c61-9c9b-49e48a5c5c77.jpg'><img loading=\"lazy\" decoding=\"async\" width=\"300\" height=\"225\" src=\"https:\/\/www.radiopiu.net\/wordpress\/wp-content\/uploads\/2021\/04\/d502c3de-dcb1-4c61-9c9b-49e48a5c5c77-300x225.jpg\" class=\"attachment-medium size-medium\" alt=\"\" srcset=\"https:\/\/www.radiopiu.net\/wordpress\/wp-content\/uploads\/2021\/04\/d502c3de-dcb1-4c61-9c9b-49e48a5c5c77-300x225.jpg 300w, https:\/\/www.radiopiu.net\/wordpress\/wp-content\/uploads\/2021\/04\/d502c3de-dcb1-4c61-9c9b-49e48a5c5c77-768x576.jpg 768w, https:\/\/www.radiopiu.net\/wordpress\/wp-content\/uploads\/2021\/04\/d502c3de-dcb1-4c61-9c9b-49e48a5c5c77.jpg 960w\" sizes=\"auto, (max-width: 300px) 100vw, 300px\" \/><\/a>\n\t\t\t\t<\/dt><\/dl><dl class='gallery-item'>\n\t\t\t\t<dt class='gallery-icon landscape'>\n\t\t\t\t\t<a class=\"rollover rollover-zoom dt-pswp-item\" title=\"b5c5703e-7880-4a68-8895-157d9c787ac5\" data-dt-img-description=\"\" data-large_image_width=\"960\" data-large_image_height=\"720\"href='https:\/\/www.radiopiu.net\/wordpress\/wp-content\/uploads\/2021\/04\/b5c5703e-7880-4a68-8895-157d9c787ac5.jpg'><img loading=\"lazy\" decoding=\"async\" width=\"300\" height=\"225\" src=\"https:\/\/www.radiopiu.net\/wordpress\/wp-content\/uploads\/2021\/04\/b5c5703e-7880-4a68-8895-157d9c787ac5-300x225.jpg\" class=\"attachment-medium size-medium\" alt=\"\" srcset=\"https:\/\/www.radiopiu.net\/wordpress\/wp-content\/uploads\/2021\/04\/b5c5703e-7880-4a68-8895-157d9c787ac5-300x225.jpg 300w, https:\/\/www.radiopiu.net\/wordpress\/wp-content\/uploads\/2021\/04\/b5c5703e-7880-4a68-8895-157d9c787ac5-768x576.jpg 768w, https:\/\/www.radiopiu.net\/wordpress\/wp-content\/uploads\/2021\/04\/b5c5703e-7880-4a68-8895-157d9c787ac5.jpg 960w\" sizes=\"auto, (max-width: 300px) 100vw, 300px\" \/><\/a>\n\t\t\t\t<\/dt><\/dl><dl class='gallery-item'>\n\t\t\t\t<dt class='gallery-icon landscape'>\n\t\t\t\t\t<a class=\"rollover rollover-zoom dt-pswp-item\" title=\"1c0d44d2-36be-404a-817c-3345fcbc8a04\" data-dt-img-description=\"\" data-large_image_width=\"960\" data-large_image_height=\"720\"href='https:\/\/www.radiopiu.net\/wordpress\/wp-content\/uploads\/2021\/04\/1c0d44d2-36be-404a-817c-3345fcbc8a04.jpg'><img loading=\"lazy\" decoding=\"async\" width=\"300\" height=\"225\" src=\"https:\/\/www.radiopiu.net\/wordpress\/wp-content\/uploads\/2021\/04\/1c0d44d2-36be-404a-817c-3345fcbc8a04-300x225.jpg\" class=\"attachment-medium size-medium\" alt=\"\" srcset=\"https:\/\/www.radiopiu.net\/wordpress\/wp-content\/uploads\/2021\/04\/1c0d44d2-36be-404a-817c-3345fcbc8a04-300x225.jpg 300w, https:\/\/www.radiopiu.net\/wordpress\/wp-content\/uploads\/2021\/04\/1c0d44d2-36be-404a-817c-3345fcbc8a04-768x576.jpg 768w, https:\/\/www.radiopiu.net\/wordpress\/wp-content\/uploads\/2021\/04\/1c0d44d2-36be-404a-817c-3345fcbc8a04.jpg 960w\" sizes=\"auto, (max-width: 300px) 100vw, 300px\" \/><\/a>\n\t\t\t\t<\/dt><\/dl><br style=\"clear: both\" \/>\n\t\t\t<\/div>\n\n<p>&nbsp;<\/p>\n<p><strong>IL VIDEO DALL&#8217;ALTO<\/strong><\/p>\n<div style=\"width: 1200px;\" class=\"wp-video\"><video class=\"wp-video-shortcode\" id=\"video-206392-1\" width=\"1200\" height=\"675\" preload=\"metadata\" controls=\"controls\"><source type=\"video\/mp4\" src=\"https:\/\/www.radiopiu.net\/wordpress\/wp-content\/uploads\/2021\/04\/WhatsApp-Video-2021-04-28-at-10.55.02.mp4?_=1\" \/><a href=\"https:\/\/www.radiopiu.net\/wordpress\/wp-content\/uploads\/2021\/04\/WhatsApp-Video-2021-04-28-at-10.55.02.mp4\">https:\/\/www.radiopiu.net\/wordpress\/wp-content\/uploads\/2021\/04\/WhatsApp-Video-2021-04-28-at-10.55.02.mp4<\/a><\/video><\/div>\n<p>&nbsp;<\/p>\n<p><strong>INTERVISTE<\/strong><\/p>\n<p><strong>Danilo De Toni<\/strong> \u2013 Sindaco di Alleghe<\/p>\n<audio class=\"wp-audio-shortcode\" id=\"audio-206392-2\" preload=\"none\" style=\"width: 100%;\" controls=\"controls\"><source type=\"audio\/mpeg\" src=\"https:\/\/www.radiopiu.net\/wordpress\/wp-content\/uploads\/2021\/04\/DANILO-DE-TONI.mp3?_=2\" \/><a href=\"https:\/\/www.radiopiu.net\/wordpress\/wp-content\/uploads\/2021\/04\/DANILO-DE-TONI.mp3\">https:\/\/www.radiopiu.net\/wordpress\/wp-content\/uploads\/2021\/04\/DANILO-DE-TONI.mp3<\/a><\/audio>\n<p><strong>Luigino Boito<\/strong> \u2013 Amministratore Unico Dolomiticert<\/p>\n<audio class=\"wp-audio-shortcode\" id=\"audio-206392-3\" preload=\"none\" style=\"width: 100%;\" controls=\"controls\"><source type=\"audio\/mpeg\" src=\"https:\/\/www.radiopiu.net\/wordpress\/wp-content\/uploads\/2021\/04\/LUIGINO.mp3?_=3\" \/><a href=\"https:\/\/www.radiopiu.net\/wordpress\/wp-content\/uploads\/2021\/04\/LUIGINO.mp3\">https:\/\/www.radiopiu.net\/wordpress\/wp-content\/uploads\/2021\/04\/LUIGINO.mp3<\/a><\/audio>\n<p><strong>Diego Bolzonello<\/strong> \u2013 Amministratore Delegato SCARPA SpA<\/p>\n<audio class=\"wp-audio-shortcode\" id=\"audio-206392-4\" preload=\"none\" style=\"width: 100%;\" controls=\"controls\"><source type=\"audio\/mpeg\" src=\"https:\/\/www.radiopiu.net\/wordpress\/wp-content\/uploads\/2021\/04\/BOLZANELLO.mp3?_=4\" \/><a href=\"https:\/\/www.radiopiu.net\/wordpress\/wp-content\/uploads\/2021\/04\/BOLZANELLO.mp3\">https:\/\/www.radiopiu.net\/wordpress\/wp-content\/uploads\/2021\/04\/BOLZANELLO.mp3<\/a><\/audio>\n<p><strong>Gianmaria Sommavilla<\/strong> \u2013 Direttore dell\u2019Unit\u00e0 organizzativa Forestale della Regione del Veneto<\/p>\n<audio class=\"wp-audio-shortcode\" id=\"audio-206392-5\" preload=\"none\" style=\"width: 100%;\" controls=\"controls\"><source type=\"audio\/mpeg\" src=\"https:\/\/www.radiopiu.net\/wordpress\/wp-content\/uploads\/2021\/04\/SOMMARIVA-2.mp3?_=5\" \/><a href=\"https:\/\/www.radiopiu.net\/wordpress\/wp-content\/uploads\/2021\/04\/SOMMARIVA-2.mp3\">https:\/\/www.radiopiu.net\/wordpress\/wp-content\/uploads\/2021\/04\/SOMMARIVA-2.mp3<\/a><\/audio>\n<p>&nbsp;<\/p>\n<p><strong>LA DIRETTA DI RADIO PIU&#8217;<\/strong><\/p>\n<p>https:\/\/www.facebook.com\/Mirkomezziano\/videos\/2952394751709958<\/p>\n<p>&nbsp;<\/p>\n<div style=\"width: 720px;\" class=\"wp-video\"><video class=\"wp-video-shortcode\" id=\"video-206392-2\" width=\"720\" height=\"480\" preload=\"metadata\" controls=\"controls\"><source type=\"video\/mp4\" src=\"https:\/\/www.radiopiu.net\/wordpress\/wp-content\/uploads\/2021\/04\/DIRETTA-2-ALLEGHE-OK.mp4?_=2\" \/><a href=\"https:\/\/www.radiopiu.net\/wordpress\/wp-content\/uploads\/2021\/04\/DIRETTA-2-ALLEGHE-OK.mp4\">https:\/\/www.radiopiu.net\/wordpress\/wp-content\/uploads\/2021\/04\/DIRETTA-2-ALLEGHE-OK.mp4<\/a><\/video><\/div>\n<p>&nbsp;<\/p>\n<p><strong>LE INTERVISTE<\/strong><\/p>\n<p>https:\/\/www.facebook.com\/Mirkomezziano\/videos\/2952431638372936<\/p>\n","protected":false},"excerpt":{"rendered":"<p>&nbsp; ALLEGHE Dare nuova vita al bosco mutilato da VAIA: questo \u00e8 l\u2019obiettivo principale del progetto presentato oggi ad Alleghe, che vede protagonista SCARPA azienda di Asolo (TV) leader nella produzione di calzature da montagna e per le attivit\u00e0 outdoor, da sempre sensibile alle tematiche legate alla sostenibilit\u00e0 e al rispetto dell\u2019ambiente. Promotore dell\u2019iniziativa, l\u2019Istituto&hellip;<\/p>\n","protected":false},"author":4,"featured_media":206398,"comment_status":"closed","ping_status":"closed","sticky":false,"template":"","format":"standard","meta":{"_monsterinsights_skip_tracking":false,"_monsterinsights_sitenote_active":false,"_monsterinsights_sitenote_note":"","_monsterinsights_sitenote_category":0,"footnotes":""},"categories":[51,49],"tags":[],"class_list":["post-206392","post","type-post","status-publish","format-standard","has-post-thumbnail","hentry","category-evidenza-top","category-news-18","category-51","category-49","description-off"],"img_url":"https:\/\/www.radiopiu.net\/wordpress\/wp-content\/uploads\/2021\/04\/b5c5703e-7880-4a68-8895-157d9c787ac5.jpg","_links":{"self":[{"href":"https:\/\/www.radiopiu.net\/wordpress\/wp-json\/wp\/v2\/posts\/206392","targetHints":{"allow":["GET"]}}],"collection":[{"href":"https:\/\/www.radiopiu.net\/wordpress\/wp-json\/wp\/v2\/posts"}],"about":[{"href":"https:\/\/www.radiopiu.net\/wordpress\/wp-json\/wp\/v2\/types\/post"}],"author":[{"embeddable":true,"href":"https:\/\/www.radiopiu.net\/wordpress\/wp-json\/wp\/v2\/users\/4"}],"replies":[{"embeddable":true,"href":"https:\/\/www.radiopiu.net\/wordpress\/wp-json\/wp\/v2\/comments?post=206392"}],"version-history":[{"count":0,"href":"https:\/\/www.radiopiu.net\/wordpress\/wp-json\/wp\/v2\/posts\/206392\/revisions"}],"wp:featuredmedia":[{"embeddable":true,"href":"https:\/\/www.radiopiu.net\/wordpress\/wp-json\/wp\/v2\/media\/206398"}],"wp:attachment":[{"href":"https:\/\/www.radiopiu.net\/wordpress\/wp-json\/wp\/v2\/media?parent=206392"}],"wp:term":[{"taxonomy":"category","embeddable":true,"href":"https:\/\/www.radiopiu.net\/wordpress\/wp-json\/wp\/v2\/categories?post=206392"},{"taxonomy":"post_tag","embeddable":true,"href":"https:\/\/www.radiopiu.net\/wordpress\/wp-json\/wp\/v2\/tags?post=206392"}],"curies":[{"name":"wp","href":"https:\/\/api.w.org\/{rel}","templated":true}]}}