{"id":206461,"date":"2021-04-28T13:37:35","date_gmt":"2021-04-28T11:37:35","guid":{"rendered":"https:\/\/www.radiopiu.net\/wordpress\/?p=206461"},"modified":"2021-04-28T13:40:39","modified_gmt":"2021-04-28T11:40:39","slug":"acc-padrin-vietato-abbassare-la-guardia","status":"publish","type":"post","link":"https:\/\/www.radiopiu.net\/wordpress\/acc-padrin-vietato-abbassare-la-guardia\/","title":{"rendered":"ACC, PADRIN &#8220;VIETATO ABBASSARE LA GUARDIA&#8221;"},"content":{"rendered":"<p><strong><a href=\"https:\/\/www.radiopiu.net\/wordpress\/onore-alpino-a-longarone\/roberto-padrin-2\/\" rel=\"attachment wp-att-11554\"><img loading=\"lazy\" decoding=\"async\" class=\"size-full wp-image-11554 alignleft\" src=\"https:\/\/www.radiopiu.net\/wordpress\/wp-content\/uploads\/2015\/10\/roberto-padrin-2.jpg\" alt=\"\" width=\"201\" height=\"237\" \/><\/a>BELLUNO<\/strong>\u00a0 \u00abLe dichiarazioni di intenti sono positive, ma in questo momento serve concretezza. E serve subito. Non dimentichiamo che Acc ha bisogno immediato di liquidit\u00e0, altrimenti non arriver\u00e0 al piano ItalComp\u00bb. \u00c8 quanto afferma il presidente della Provincia di Belluno Roberto Padrin, il giorno dopo il vertice tra Mise, sindacati, Acc ed ex Embraco. \u00abUn incontro che ha confermato la volont\u00e0 della viceministra Todde a portare avanti il progetto del polo italiano del compressore, ma che non pu\u00f2 pi\u00f9 attendere i tempi che la politica ha mostrato fino a oggi. Stiamo parlando di uno stabilimento, quello di Acc, dove quasi 300 persone lavorano quotidianamente senza sapere se continueranno a ricevere lo stipendio. E questo per far fronte alle commesse e agli ordini che non mancano; significa che il mercato c\u2019\u00e8 e pu\u00f2 continuare a esserci. Proprio per questo \u00e8 necessario che arrivi la liquidit\u00e0 necessaria a far transitare Acc nella futura ItalComp, se questa sar\u00e0 la strada, mentre credo che un eventuale messa sul mercato della fabbrica rischierebbe di essere un errore, come gi\u00e0 visto con la propriet\u00e0 cinese. Da parte della Provincia, attenzione massima alla situazione, complessa anche per un\u2019altra realt\u00e0 produttiva di Borgo Valbelluna, vale a dire Ideal Standard. Disponibili a fare tutto quello che \u00e8 nelle nostre possibilit\u00e0 per salvaguardare due siti produttivi importanti e i relativi posti di lavoro. Ecco perch\u00e9 il 1\u00b0 maggio parteciperemo alla manifestazione di sindacati e lavoratori, organizzata proprio per tenere alta l\u2019attenzione sul tema\u00bb. \u00abL\u2019idea del polo italiano del compressore \u00e8 corretta e va nella direzione giusta di dare linfa vitale a un settore, quello del freddo e degli elettrodomestici, forte nel nostro Paese\u00bb aggiunge il sindaco di Borgo Valbelluna, Stefano Cesa, con cui il presidente della Provincia \u00e8 in costante contatto. \u00abL\u2019attenzione rimane alta: in questo momento serve un\u2019accelerazione sul fronte della liquidit\u00e0, senza la quale nel giro di poche settimane si rischia di chiudere\u00bb.<\/p>\n","protected":false},"excerpt":{"rendered":"<p>BELLUNO\u00a0 \u00abLe dichiarazioni di intenti sono positive, ma in questo momento serve concretezza. E serve subito. Non dimentichiamo che Acc ha bisogno immediato di liquidit\u00e0, altrimenti non arriver\u00e0 al piano ItalComp\u00bb. \u00c8 quanto afferma il presidente della Provincia di Belluno Roberto Padrin, il giorno dopo il vertice tra Mise, sindacati, Acc ed ex Embraco. \u00abUn&hellip;<\/p>\n","protected":false},"author":4,"featured_media":197660,"comment_status":"closed","ping_status":"closed","sticky":false,"template":"","format":"standard","meta":{"_monsterinsights_skip_tracking":false,"_monsterinsights_sitenote_active":false,"_monsterinsights_sitenote_note":"","_monsterinsights_sitenote_category":0,"footnotes":""},"categories":[49],"tags":[],"class_list":["post-206461","post","type-post","status-publish","format-standard","has-post-thumbnail","hentry","category-news-18","category-49","description-off"],"img_url":"https:\/\/www.radiopiu.net\/wordpress\/wp-content\/uploads\/2021\/03\/78ebdc32-6394-49a6-8282-40a4a229b080.jpg","_links":{"self":[{"href":"https:\/\/www.radiopiu.net\/wordpress\/wp-json\/wp\/v2\/posts\/206461","targetHints":{"allow":["GET"]}}],"collection":[{"href":"https:\/\/www.radiopiu.net\/wordpress\/wp-json\/wp\/v2\/posts"}],"about":[{"href":"https:\/\/www.radiopiu.net\/wordpress\/wp-json\/wp\/v2\/types\/post"}],"author":[{"embeddable":true,"href":"https:\/\/www.radiopiu.net\/wordpress\/wp-json\/wp\/v2\/users\/4"}],"replies":[{"embeddable":true,"href":"https:\/\/www.radiopiu.net\/wordpress\/wp-json\/wp\/v2\/comments?post=206461"}],"version-history":[{"count":0,"href":"https:\/\/www.radiopiu.net\/wordpress\/wp-json\/wp\/v2\/posts\/206461\/revisions"}],"wp:featuredmedia":[{"embeddable":true,"href":"https:\/\/www.radiopiu.net\/wordpress\/wp-json\/wp\/v2\/media\/197660"}],"wp:attachment":[{"href":"https:\/\/www.radiopiu.net\/wordpress\/wp-json\/wp\/v2\/media?parent=206461"}],"wp:term":[{"taxonomy":"category","embeddable":true,"href":"https:\/\/www.radiopiu.net\/wordpress\/wp-json\/wp\/v2\/categories?post=206461"},{"taxonomy":"post_tag","embeddable":true,"href":"https:\/\/www.radiopiu.net\/wordpress\/wp-json\/wp\/v2\/tags?post=206461"}],"curies":[{"name":"wp","href":"https:\/\/api.w.org\/{rel}","templated":true}]}}