{"id":206471,"date":"2021-04-28T15:50:25","date_gmt":"2021-04-28T13:50:25","guid":{"rendered":"https:\/\/www.radiopiu.net\/wordpress\/?p=206471"},"modified":"2021-04-29T06:14:41","modified_gmt":"2021-04-29T04:14:41","slug":"nuovi-rinforzi-per-i-vigili-del-fuoco-82-in-veneto-8-a-belluno","status":"publish","type":"post","link":"https:\/\/www.radiopiu.net\/wordpress\/nuovi-rinforzi-per-i-vigili-del-fuoco-82-in-veneto-8-a-belluno\/","title":{"rendered":"NUOVI RINFORZI PER I VIGILI DEL FUOCO, 82 IN VENETO, 8 A BELLUNO"},"content":{"rendered":"<p><strong><img loading=\"lazy\" decoding=\"async\" class=\"alignleft\" src=\"https:\/\/www.radiopiu.net\/wordpress\/wp-content\/uploads\/2021\/03\/th-22.jpg\" width=\"303\" height=\"152\" \/>VENEZIA<\/strong> Sono 82 i Vigili del Fuoco che andranno a rinforzare le strutture del Veneto: una risposta di grande attenzione nei confronti della sicurezza dei cittadini e del territorio per garantire, come ha sottolineato il Sottosegretario agli Interni Carlo Sibilia, un soccorso pubblico sempre migliore. A breve, il nuovo personale raggiunger\u00e0 le sette province venete: 8 Vigili del Fuoco nella provincia di Belluno; 6 in quella di Padova; 5 in quella di Rovigo; 12 in quella di Treviso; 27 in quella di Venezia; 14 in quella di Verona e 10 nella provincia di Vicenza. <em>&#8220;Il lavoro dei Vigili del Fuoco &#8211; dice il Ministro Federico D&#8217;Inc\u00e0 &#8211;\u00a0 \u00e8 sempre stato determinante nell\u2019affrontare le emergenze, specialmente in un territorio come il nostro che spesso \u00e8 colpito da eventi meteorologici avversi: in tutti i momenti di difficolt\u00e0, si sono sempre fatti trovare in prima linea, al servizio delle comunit\u00e0. Per questo motivo l\u2019attenzione del Governo per il comparto rimane elevata, in particolare in un momento delicato per il nostro Paese. Continueremo a dare le dovute risposte per la sicurezza dei cittadini, valorizzando il lavoro di chi si impegna per la loro tutela\u201d.<\/em><\/p>\n<p>&nbsp;<\/p>\n","protected":false},"excerpt":{"rendered":"<p>VENEZIA Sono 82 i Vigili del Fuoco che andranno a rinforzare le strutture del Veneto: una risposta di grande attenzione nei confronti della sicurezza dei cittadini e del territorio per garantire, come ha sottolineato il Sottosegretario agli Interni Carlo Sibilia, un soccorso pubblico sempre migliore. A breve, il nuovo personale raggiunger\u00e0 le sette province venete:&hellip;<\/p>\n","protected":false},"author":4,"featured_media":200354,"comment_status":"closed","ping_status":"closed","sticky":false,"template":"","format":"standard","meta":{"_monsterinsights_skip_tracking":false,"_monsterinsights_sitenote_active":false,"_monsterinsights_sitenote_note":"","_monsterinsights_sitenote_category":0,"footnotes":""},"categories":[1,51,49],"tags":[],"class_list":["post-206471","post","type-post","status-publish","format-standard","has-post-thumbnail","hentry","category-senza-categoria","category-evidenza-top","category-news-18","category-1","category-51","category-49","description-off"],"img_url":"https:\/\/www.radiopiu.net\/wordpress\/wp-content\/uploads\/2021\/03\/th-22.jpg","_links":{"self":[{"href":"https:\/\/www.radiopiu.net\/wordpress\/wp-json\/wp\/v2\/posts\/206471","targetHints":{"allow":["GET"]}}],"collection":[{"href":"https:\/\/www.radiopiu.net\/wordpress\/wp-json\/wp\/v2\/posts"}],"about":[{"href":"https:\/\/www.radiopiu.net\/wordpress\/wp-json\/wp\/v2\/types\/post"}],"author":[{"embeddable":true,"href":"https:\/\/www.radiopiu.net\/wordpress\/wp-json\/wp\/v2\/users\/4"}],"replies":[{"embeddable":true,"href":"https:\/\/www.radiopiu.net\/wordpress\/wp-json\/wp\/v2\/comments?post=206471"}],"version-history":[{"count":0,"href":"https:\/\/www.radiopiu.net\/wordpress\/wp-json\/wp\/v2\/posts\/206471\/revisions"}],"wp:featuredmedia":[{"embeddable":true,"href":"https:\/\/www.radiopiu.net\/wordpress\/wp-json\/wp\/v2\/media\/200354"}],"wp:attachment":[{"href":"https:\/\/www.radiopiu.net\/wordpress\/wp-json\/wp\/v2\/media?parent=206471"}],"wp:term":[{"taxonomy":"category","embeddable":true,"href":"https:\/\/www.radiopiu.net\/wordpress\/wp-json\/wp\/v2\/categories?post=206471"},{"taxonomy":"post_tag","embeddable":true,"href":"https:\/\/www.radiopiu.net\/wordpress\/wp-json\/wp\/v2\/tags?post=206471"}],"curies":[{"name":"wp","href":"https:\/\/api.w.org\/{rel}","templated":true}]}}