{"id":206523,"date":"2021-04-30T05:38:28","date_gmt":"2021-04-30T03:38:28","guid":{"rendered":"https:\/\/www.radiopiu.net\/wordpress\/?p=206523"},"modified":"2021-04-30T12:17:01","modified_gmt":"2021-04-30T10:17:01","slug":"giornale-radiopiu-30-aprile-2021-direttore-mirko-mezzacasa","status":"publish","type":"post","link":"https:\/\/www.radiopiu.net\/wordpress\/giornale-radiopiu-30-aprile-2021-direttore-mirko-mezzacasa\/","title":{"rendered":"GIORNALE RADIOPIU 30 APRILE 2021 DIRETTORE MIRKO MEZZACASA"},"content":{"rendered":"<h3>PER<strong>\u00a0RICEVERE QUESTO NOTIZIARIO DIRETTAMENTE SUL TUO CELLULARE ISCRIVITI AL CANALE TELEGRAM\u00a0<\/strong><strong>\u201cRADIO PIU\u00a0 INFORMAZIONE\u201d\u00a0\u00a0<\/strong><\/h3>\n<hr \/>\n<h2><\/h2>\n<blockquote>\n<h2>QUANDO LE TASSE SI FERMANO DOMANI<\/h2>\n<\/blockquote>\n<p><strong>ROCCA PIETORE\u00a0<\/strong> Il delegato Ascom per il Comune di Rocca Pietore Mario de Cassan e la presidente del Consorzio Turistico Marmolada,\u00a0 Lucia Farenzena hanno preso ferrea posizione in merito all&#8217;ultima imposizione dei Comuni arrivata ieri attraverso il <img loading=\"lazy\" decoding=\"async\" class=\"alignleft\" src=\"https:\/\/www.radiopiu.net\/wordpress\/wp-content\/uploads\/2021\/04\/481599f8-9aa8-4ff8-b173-6acab0004585.jpg\" width=\"262\" height=\"147\" \/>servizio postale agli imprenditori che da un anno e mezzo non aprono le porte della loro attivit\u00e0 (eccetto la breve parentesi estiva), si tratta della tassa sulla pubblicit\u00e0. Ecco la loro perplessa e amareggiata riflessione che anche oggi le tasse di fermano domani.<\/p>\n<p>&nbsp;<\/p>\n<blockquote><p><em>&#8220;Ieri ad alcune attivit\u00e0 \u00e8 arrivata anche la tassa sulla pubblicit\u00e0 da pagare. Cosa inaccettabile viste le chiusure e viste le condizioni con le quali si \u00e8 fatto riaprire che \u00e8 praticamente come essere chiusi. La velocit\u00e0 con la quale mandano i pagamenti \u00e8 completamente inversa a quella con la quale arrivano gli adeguati indennizzi che come sempre sono inesistenti perch\u00e9 non si ha cognizione di come funzioni la montagna. La pazienza e la fiducia delle persone \u00e8 al limite&#8221;.<\/em><\/p><\/blockquote>\n<p>&nbsp;<\/p>\n<p>&nbsp;<\/p>\n<p>&nbsp;<\/p>\n<hr \/>\n<blockquote>\n<h2><\/h2>\n<h3>VACCINAZIONI AI CITTADINI DI CENCENIGHE, SAN TOMASO, VALLADA, CANALE E FALCADE<\/h3>\n<\/blockquote>\n<p><strong>CENCENIGHE <\/strong>I medici di medicina generale operanti nel territorio comunale in collaborazione con l\u2019ULSS 1 Dolomiti ed i comuni di Cencenighe, San Tomaso, Vallada, Canale d&#8217;Agordo e Falcade, organizzano una seduta vaccinale per il vaccino anti-covid per i nati tra il 1942 e il 1951. La seduta vaccinale \u00e8 stata organizzata: DOMENICA 2 MAGGIO Presso il NOF FILO\u2019 DI CENCENIGHE dalle ore 9:30 alle 15:30<\/p>\n<table>\n<tbody>\n<tr>\n<td width=\"217\">ANNO DI NASCITA<\/td>\n<td width=\"217\">ORARIO<\/td>\n<\/tr>\n<tr>\n<td width=\"217\">1942-1943<\/td>\n<td width=\"217\">\u00a0Dalle 9:30 \u00a0\u00a0alle 10:30<\/td>\n<\/tr>\n<tr>\n<td width=\"217\">1944-1945<\/td>\n<td width=\"217\">Dalle 10:30 alle 11:30<\/td>\n<\/tr>\n<tr>\n<td width=\"217\">1946-1947<\/td>\n<td width=\"217\">Dalle11:30 \u00a0alle 12:45<\/td>\n<\/tr>\n<tr>\n<td width=\"217\">1948-1949<\/td>\n<td width=\"217\">Dalle 13:30 alle 14:30<\/td>\n<\/tr>\n<tr>\n<td width=\"217\">1950-1951<\/td>\n<td width=\"217\">Dalle 14:30 alle 15:30<\/td>\n<\/tr>\n<\/tbody>\n<\/table>\n<p>&nbsp;<\/p>\n<p>Presentarsi muniti di documento di riconoscimento, tessera sanitaria e foglio di anamnesi compilato<\/p>\n<hr \/>\n<p>&nbsp;<\/p>\n<p><em><a href=\"https:\/\/www.radiopiu.net\/wordpress\/giornale-radiopiu-24-gennaio-2021-direttore-mirko-mezzacasa\/79216601_126817312416448_708980208774483089_n\/\" rel=\"attachment wp-att-186567\"><img loading=\"lazy\" decoding=\"async\" class=\"size-medium wp-image-186567 alignleft\" src=\"https:\/\/www.radiopiu.net\/wordpress\/wp-content\/uploads\/2021\/01\/79216601_126817312416448_708980208774483089_n-300x114.jpg\" sizes=\"auto, (max-width: 300px) 100vw, 300px\" srcset=\"https:\/\/www.radiopiu.net\/wordpress\/wp-content\/uploads\/2021\/01\/79216601_126817312416448_708980208774483089_n-300x114.jpg 300w, https:\/\/www.radiopiu.net\/wordpress\/wp-content\/uploads\/2021\/01\/79216601_126817312416448_708980208774483089_n-768x292.jpg 768w, https:\/\/www.radiopiu.net\/wordpress\/wp-content\/uploads\/2021\/01\/79216601_126817312416448_708980208774483089_n.jpg 820w\" alt=\"\" width=\"300\" height=\"114\" \/><\/a><\/em><\/p>\n<p><em>\u00a0<\/em><em>LA NUOVA APP PER IOS-IPHONE di Nicola Vettorello\u00a0<\/em><a href=\"https:\/\/apps.apple.com\/it\/app\/radio-pi%C3%B9-emittente-agordina\/id1515939845\">https:\/\/apps.apple.com\/it\/app\/radio-pi%C3%B9-emittente-agordina\/id1515939845<\/a><\/p>\n<p><em>ATTENZIONE: LA NUOVA APP RADIO\u00a0 PER ANDROID di Nicola Vettorello<\/em><\/p>\n<p><a href=\"https:\/\/play.google.com\/store\/apps\/details?id=net.radiopiu.iniko\" target=\"_blank\" rel=\"noopener noreferrer\">https:\/\/play.google.com\/store\/apps\/details?id=net.radiopiu.iniko<\/a><\/p>\n<p>&nbsp;<\/p>\n<p>&nbsp;<\/p>\n<hr \/>\n<p>&nbsp;<\/p>\n<p>&nbsp;<\/p>\n<blockquote>\n<h3><img loading=\"lazy\" decoding=\"async\" class=\"alignleft\" src=\"https:\/\/www.radiopiu.net\/wordpress\/wp-content\/uploads\/2018\/08\/ACQUA.jpeg\" width=\"168\" height=\"101\" \/>ACQUA INQUINATA A CENCENIGHE ZONA LUXOTTICA<\/h3>\n<\/blockquote>\n<p><span style=\"color: #000000;\">Gestione Servizi Pubblici informa che a CENCENIGHE AGORDINO nelle LOCALITA&#8217; FAE&#8217;, VARE BASSE, LUXOTTICA, FOCH E PRA&#8217; DI MEZZO l&#8217;acqua erogata dall&#8217;acquedotto non \u00e8 potabile e pu\u00f2 essere usata per scopi alimentari SOLO PREVIA bollitura.\u00a0<\/span><\/p>\n<p>&nbsp;<\/p>\n<p>&nbsp;<\/p>\n<hr \/>\n<blockquote>\n<h3><\/h3>\n<h3>VENETO IN GIALLO<\/h3>\n<\/blockquote>\n<p><strong><a href=\"https:\/\/www.radiopiu.net\/wordpress\/il-veneto-rimane-in-zona-gialla-la-provincia-di-trento-passa-in-arancione\/giallo\/\" rel=\"attachment wp-att-190818\"><img loading=\"lazy\" decoding=\"async\" class=\" wp-image-190818 alignleft\" src=\"https:\/\/www.radiopiu.net\/wordpress\/wp-content\/uploads\/2021\/02\/Giallo-300x200.png\" alt=\"\" width=\"185\" height=\"123\" srcset=\"https:\/\/www.radiopiu.net\/wordpress\/wp-content\/uploads\/2021\/02\/Giallo-300x200.png 300w, https:\/\/www.radiopiu.net\/wordpress\/wp-content\/uploads\/2021\/02\/Giallo-1024x682.png 1024w, https:\/\/www.radiopiu.net\/wordpress\/wp-content\/uploads\/2021\/02\/Giallo-768x512.png 768w, https:\/\/www.radiopiu.net\/wordpress\/wp-content\/uploads\/2021\/02\/Giallo.png 1250w\" sizes=\"auto, (max-width: 185px) 100vw, 185px\" \/><\/a><\/strong><em>Il Veneto \u00e8 in zona GIALLA. Aperti bar e ristoranti ma solo con consumazione all&#8217;aperto, coprifuoco dalle 22 alle 5, scuola in presenza dal 70 al 100%, consentiti gli spostamenti tra regioni gialle ma non tra regione di colore diverso (in questo caso serve un pass per poter accedere alla regione di colore diverso), riaprono cinema, teatri, sale da ballo ma con capienza limitata e solo su prenotazione, ritornano gli sport di squadra e di contatto ma solo all&#8217;aperto e sar\u00e0 vietato l&#8217;uso degli spogliatoi. Sono consentite visite a parenti ed amici per un massimo di 4 persone una volta al giorno.<\/em><\/p>\n<p>&nbsp;<\/p>\n<p>&nbsp;<\/p>\n<hr \/>\n<p>&nbsp;<\/p>\n<div>\n<blockquote>\n<h3 class=\"page-title-head hgroup\">EX PROVINCIALE TAIBON-AGORDO, STRADA CHIUSA FINO AL 31 MAGGIO<\/h3>\n<\/blockquote>\n<p><strong>TAIBON<\/strong>\u00a0Cantiere aperto tra Taibon, Taier e Brugnach sulla strada di campagna, (ex Sp 34): fino al 31 maggio la strada rester\u00e0 chiusa da\u00a0 via Col di Lana (sabati, domeniche e festivi inclusi).<\/p>\n<p>&nbsp;<\/p>\n<p>&nbsp;<\/p>\n<hr \/>\n<\/div>\n<p>&nbsp;<\/p>\n<p><strong>SP 3 VAL IMPERINA\u00a0<\/strong>Fino al 30 aprile (sabato e domenica esclusi) interdizione alla viabilit\u00e0 per lavori di esbosco schianti a fasce orari. Chiusure: dalle 8 alle 9.45; dalle 10 alle 12; dalle 13.45 alle 15.50; dalle 16.10 alle 17.30. Nei periodi non interessati dalla chiusura senso unico alternato con movieri.<img loading=\"lazy\" decoding=\"async\" class=\"wp-image-198719 alignleft\" src=\"https:\/\/www.radiopiu.net\/wordpress\/wp-content\/uploads\/2021\/03\/d1cefc45-a8f4-432d-b66b-ba03ea140813-300x142.jpg\" sizes=\"auto, (max-width: 188px) 100vw, 188px\" srcset=\"https:\/\/www.radiopiu.net\/wordpress\/wp-content\/uploads\/2021\/03\/d1cefc45-a8f4-432d-b66b-ba03ea140813-300x142.jpg 300w, https:\/\/www.radiopiu.net\/wordpress\/wp-content\/uploads\/2021\/03\/d1cefc45-a8f4-432d-b66b-ba03ea140813-1024x485.jpg 1024w, https:\/\/www.radiopiu.net\/wordpress\/wp-content\/uploads\/2021\/03\/d1cefc45-a8f4-432d-b66b-ba03ea140813-768x364.jpg 768w, https:\/\/www.radiopiu.net\/wordpress\/wp-content\/uploads\/2021\/03\/d1cefc45-a8f4-432d-b66b-ba03ea140813-1536x728.jpg 1536w, https:\/\/www.radiopiu.net\/wordpress\/wp-content\/uploads\/2021\/03\/d1cefc45-a8f4-432d-b66b-ba03ea140813.jpg 1599w\" alt=\"\" width=\"188\" height=\"89\" \/><\/p>\n<p><b>\u00a0<\/b><strong>PROVINCIALE 10 DI ALANO, LOC. LE SORGENTI<\/strong>\u00a0interruzione totale alla viabilit\u00e0 fino al 19 maggio, dalle 8 alle 12 e dalle 13 alle 18, esclusi sabato e domenica<\/p>\n<p><strong>SOVERZENE<\/strong>\u00a0senso unico alternato regolato\u00a0 da\u00a0 impianto\u00a0 semaforico sulla\u00a0 strada\u00a0 Soverzene \u2013 Provagna\u00a0 in\u00a0 Comune\u00a0 di\u00a0 Soverzene,\u00a0 dalla\u00a0 localit\u00e0\u00a0 Cima\u00a0 Campo fino\u00a0 al\u00a0 bivio\u00a0 con\u00a0 gli\u00a0 impianti\u00a0 sportivi<\/p>\n<p>&nbsp;<\/p>\n<p>&nbsp;<\/p>\n<hr \/>\n<p>&nbsp;<\/p>\n<blockquote>\n<h3>INTERRUZIONI ENEL PROGRAMMATE<\/h3>\n<\/blockquote>\n<p><strong><a href=\"https:\/\/www.radiopiu.net\/wordpress\/giornale-radio-piu-edizione-del-23-dicembre-2017-direttore-mirko-mezzacasa\/enel-tecnico-in-stazione-elettrica\/\" rel=\"attachment wp-att-40340\"><img loading=\"lazy\" decoding=\"async\" class=\"wp-image-40340 alignleft\" src=\"https:\/\/www.radiopiu.net\/wordpress\/wp-content\/uploads\/2017\/12\/Enel-Tecnico-in-stazione-elettrica-300x201.jpg\" alt=\"\" width=\"151\" height=\"101\" \/><\/a> <\/strong><\/p>\n<p><strong>\u00a0<\/strong><\/p>\n<p><strong>RIVAMONTE <\/strong>mercoled\u00ec dalle 8 alle 9 in via Zenich, Mottes, Roma e Montas<\/p>\n<p><strong>LA VALLE<\/strong> gioved\u00ec dalle 8 alle 12 nelle frazioni Gaidon e Torsas<\/p>\n<p>&nbsp;<\/p>\n<p>&nbsp;<\/p>\n<hr \/>\n<p>&nbsp;<\/p>\n<blockquote>\n<h3>SOPRAVVISSUTA AL COVID E ALLE SUE COMPLICANZE. IL GRAZIE ALLO STAFF DELL&#8217;OSPEDALE DI BELLUNO<\/h3>\n<\/blockquote>\n<p><strong><a href=\"https:\/\/www.radiopiu.net\/wordpress\/incendio-allalba-allospedale-san-martino-danni-in-corso-di-valutazione\/ospedale_san_martino_belluno_2014-2\/\" rel=\"attachment wp-att-15416\"><img loading=\"lazy\" decoding=\"async\" class=\"size-medium wp-image-15416 alignleft\" src=\"https:\/\/www.radiopiu.net\/wordpress\/wp-content\/uploads\/2016\/01\/Ospedale_San_Martino_Belluno_2014-300x161.jpg\" alt=\"\" width=\"300\" height=\"161\" \/><\/a>REDAZIONE<\/strong> Riceviamo e pubblichiamo una lettera arrivata in redazione con i ringraziamenti all&#8217;Ospedale di Belluno e allo staff.<\/p>\n<p><strong>LA LETTERA<\/strong><\/p>\n<blockquote><p><em>Non avrei mai immaginato che durante le festivit\u00e0 di Natale e di fine anno tra il 2020 e il 2021 io e la mia famiglia ci trovassimo costretti a combattere contro la infezione da COVID, segregati in casa e fortunatamente assistiti da mia figlia, anche lei malata e Infermiera presso l&#8217;Ospedale di Belluno che, affiancata dai consigli del dr. Muzzolon e del dr. Boaretto, ha aiutato me e mio marito a superare una prova inimmaginabile, fra bombole di Ossigeno, iniezioni e fleboclisi che hanno trasformato la nostra casa in una stanza di ospedale. Ma una volta usciti, come molti nostri concittadini, da questo incubo, una volta ripresa la vita che questo flagello ci consente, fatta di auspici per lo scampato pericolo e poche distrazioni, \u00e8 arrivato il peggio. Mi sono trovata improvvisamente a cadere in uno stato di incoscienza, e subito dopo a risvegliarmi completamente paralizzata alla parte destra del corpo, impossibilitata a parlare e con un profondo senso di angoscia. Probabilmente una conseguenza dell&#8217;infezione da Coronavirus. La corsa in ambulanza verso l&#8217;Ospedale di Belluno, la diagnosi immediata ed una possibile condanna ad una menomazione gravissima: ictus cerebrale sin con emiplegia destra ed afasia. Immediatamente presa in carico dalla equipe della Neurologia di Belluno, diretta dal dr. Ferracci, e sottoposta ad un trattamento detto &#8220;trombolisi&#8221;, che pur gravato da rischi di seri effetti collaterali, \u00e8 stato gestito in modo tale da portarmi in brevissimo tempo ad un totale recupero. Pur essendo profondamente credente, sono convinta che in casi come il mio, solo la competenza dei medici che mi hanno curato e non una entit\u00e0 soprannaturale abbiano fatto il &#8220;miracolo&#8221; di restituirmi alla mia famiglia nelle stesse condizioni precedenti all&#8217;ictus che ha messo in pericolo la mia vita. A loro e a tutti gli &#8220;angeli&#8221; che vegliano sulla incolumit\u00e0 di persone fragili, anziane e angosciate per la paura che da un anno ci attanaglia, vanno i miei pi\u00f9 sinceri e devoti ringraziamenti.<\/em><\/p>\n<p><em>Sara Carlin<\/em><\/p><\/blockquote>\n<p>&nbsp;<\/p>\n<p>&nbsp;<\/p>\n<hr \/>\n<p>&nbsp;<\/p>\n<h4>La Ulss1 Dolomiti ha deciso: infermieri e medici hanno 5 giorni per mettersi in regola con il vaccino, poi scatta la procedura di sospensione. Inizialmente al vaccino hanno detto NO in 150, numero sceso di parecchio negli ultimi mesi. Il dottor Sandro Cinquetti lancia l&#8217;allarme <em>&#8220;Ci sono i furbi che rifiutano di dare il nome dei contatti stretti per il timore della quarantena&#8221;<\/em><\/h4>\n<blockquote><p>La media di oltre 350 morti al giorno, \u00e8 ancora alta, molto alta. E intanto il professor Andrea Crisanti da tre mesi non manca di andare sui media e criticare muovendo redazioni giornalistiche, Procure costringendo\u00a0 chi \u00e8 impegnato nella battaglia a trovare prove, giustificazioni e indire conferenze stampa. <em>&#8220;Senza i test rapidi due terzi dei positivi sarebbero oggi a piede libero&#8221; t<\/em>aglia corto il Presidente Luca Zaia.<\/p>\n<h3>A FELTRE MUORE UNA DONNA DI 67 ANNI, IL 633\u00b0 DECESSO DA INIZIO PANDEMIA<\/h3>\n<\/blockquote>\n<p><span style=\"color: #202124;\">Nelle ultime 24 ore <span style=\"font-family: Calibri, sans-serif;\"><span lang=\"it-IT\">\u00e8 stato registrato il decesso di una paziente covid di 67 anni positiva ricoverata in ospedale di Comunit\u00e0 a Feltre.<\/span><\/span><\/span><\/p>\n<p><strong>I NUMERI DI AZIENDA ZERO\u00a0<\/strong><\/p>\n<p><strong>IN PROVINCIA<\/strong> POSITIVI DAL 21 FEBBRAIO 21077\u00a0 \u00a0<span style=\"color: #0000ff;\">(+23)<\/span>\u00a0 \u00a0ATTUALMENTE POSITIVI 485\u00a0 <span style=\"color: #0000ff;\">(-6)<\/span> DECEDUTI DAL 21 FEBBRAIO 633 <span style=\"color: #0000ff;\">(+1)<\/span>\u00a0 \u00a0NEGATIVIZZATI\u00a0 19959\u00a0 <span style=\"color: #0000ff;\">(+28)\u00a0 <span style=\"color: #000000;\">RICOVERATI AL SAN MARTINO DI BELLUNO 15<\/span> (<\/span><span style=\"color: #0000ff;\">)<span style=\"color: #000000;\"> TERAPIA INTENSIVA\u00a0 2 <\/span><span style=\"color: #000000;\"><span style=\"color: #ff0000;\">()<\/span> RICOVERATI A FELTRE 6 <span style=\"color: #ff0000;\">()<\/span> TERAPIA INTENSIVA 4 <span style=\"color: #ff0000;\">() <\/span><\/span><span style=\"color: #000000;\"><span style=\"color: #ff0000;\">\u00a0<\/span>OSPEDALE DI COMUNITA&#8217; BELLUNO 1 () FELTRE 6 ()<\/span><\/span><\/p>\n<p>&nbsp;<\/p>\n<p class=\"gmail-western\"><span style=\"color: #ff0066;\"><b>CAMPAGNA VACCINALE <\/b><\/span><span style=\"color: #222222;\"><span style=\"font-family: Arial, Helvetica, sans-serif;\">Partita a pieno ritmo la campagna vaccinale per la fascia d\u2019et\u00e0 60-69 anni che si aggiunge agli ottimi risultati a favore delle <\/span><\/span><span style=\"color: #222222;\">&#x2705;<span style=\"font-family: Arial, Helvetica, sans-serif;\">persone over 80 (95% coperti con prima dose, 68% completamente immunizzati)\u00a0 <\/span><\/span><span style=\"color: #222222;\">&#x2705;<span style=\"font-family: Arial, Helvetica, sans-serif;\">al percorso ormai avanzato dei 70-79 <\/span><span style=\"font-family: Arial, Helvetica, sans-serif;\">(67% coperti con prima dose, 12% completamente immunizzati) <\/span><\/span><span style=\"color: #222222;\">&#x2705;<span style=\"font-family: Arial, Helvetica, sans-serif;\">all\u2019ampia copertura vaccinale dei estremamente vulnerabili e disabili- <\/span><\/span><span style=\"color: #222222;\"><span style=\"font-family: Arial, Helvetica, sans-serif;\">Le prenotazioni per la classe d\u2019et\u00e0 60-69, che comprende oltre 26 mila persone, si susseguono a ritmo intenso con risposta da parte dell\u2019Azienda Dolomiti mediante nuove aperture, in base ai vaccini disponibili.<\/span><\/span><\/p>\n<p>&nbsp;<\/p>\n<hr \/>\n<p>&nbsp;<\/p>\n<blockquote>\n<h3>C&#8217;E&#8217; CHI NON COMUNICA I CONTATTI POST CONTAGIO PER IL TIMORE DELLA QUARANTENA<\/h3>\n<\/blockquote>\n<p><strong><a href=\"https:\/\/www.radiopiu.net\/wordpress\/sandro-cinquetti-e-il-nuovo-direttore-del-servizio-igiene-e-sanita-pubblica-dellulss-dolomiti\/cinquetti\/\" rel=\"attachment wp-att-132744\"><img loading=\"lazy\" decoding=\"async\" class=\"wp-image-132744 alignleft\" src=\"https:\/\/www.radiopiu.net\/wordpress\/wp-content\/uploads\/2020\/04\/cinquetti-225x300.jpg\" alt=\"\" width=\"82\" height=\"109\" srcset=\"https:\/\/www.radiopiu.net\/wordpress\/wp-content\/uploads\/2020\/04\/cinquetti-225x300.jpg 225w, https:\/\/www.radiopiu.net\/wordpress\/wp-content\/uploads\/2020\/04\/cinquetti-768x1024.jpg 768w, https:\/\/www.radiopiu.net\/wordpress\/wp-content\/uploads\/2020\/04\/cinquetti-1152x1536.jpg 1152w, https:\/\/www.radiopiu.net\/wordpress\/wp-content\/uploads\/2020\/04\/cinquetti.jpg 1536w\" sizes=\"auto, (max-width: 82px) 100vw, 82px\" \/><\/a>BELLUNO<\/strong> Il Dipartimento di Prevenzione riporta alcune difficolt\u00e0 nello svolgere pienamente le attivit\u00e0 di contact tracing in seguito ad evidenza di positivit\u00e0 Covid. In particolare, alcuni soggetti positivi non comunicano accuratamente i loro contatti stretti per il timore che questi vengano sottoposti a quarantena. Eppure i pilastri dell&#8217;epidemia sono chiari:\u00a0 diagnosi tempestiva di positivit\u00e0 covid nelle persone con sintomatologia respiratoria anche lieve,\u00a0 l\u2019isolamento rigoroso delle persone positive al covid fino a negativizzazione la quarantena dei contatti stretti fino a tampone di \u201cuscita\u201d negativo e il rispetto delle norme igienico sanitarie<\/p>\n<p><strong>IL DOTTOR SANDRO CINQUETTI RESPONSABILE DELLA PREVENZIONE<\/strong><\/p>\n<audio class=\"wp-audio-shortcode\" id=\"audio-206523-1\" preload=\"none\" style=\"width: 100%;\" controls=\"controls\"><source type=\"audio\/mpeg\" src=\"https:\/\/www.radiopiu.net\/wordpress\/wp-content\/uploads\/2021\/04\/cinquetti-1.mp3?_=1\" \/><a href=\"https:\/\/www.radiopiu.net\/wordpress\/wp-content\/uploads\/2021\/04\/cinquetti-1.mp3\">https:\/\/www.radiopiu.net\/wordpress\/wp-content\/uploads\/2021\/04\/cinquetti-1.mp3<\/a><\/audio>\n<p>&nbsp;<\/p>\n<p>&nbsp;<\/p>\n<hr \/>\n<p>&nbsp;<\/p>\n<blockquote>\n<h3>IL VESCOVO RENATO BENEDICE VACCINATORI E VACCINATI<\/h3>\n<\/blockquote>\n<p><img loading=\"lazy\" decoding=\"async\" class=\"alignleft\" src=\"https:\/\/www.radiopiu.net\/wordpress\/wp-content\/uploads\/2021\/04\/1619711513815-scaled.jpg\" width=\"173\" height=\"175\" \/><\/p>\n<p><strong>BELLUNO<\/strong> In occasione dell\u2019avvio della vaccinazione\u00a0 60-69 il vescovo Renato Marangoni, che a tale classe di nascita appartiene si \u00e8 recato al drive in vaccinale di feltre portando il sostegno della diocesi agli operatori e ai vaccinandi con una benedizione.<\/p>\n<p>&nbsp;<\/p>\n<p>&nbsp;<\/p>\n<p>&nbsp;<\/p>\n<p>&nbsp;<\/p>\n<hr \/>\n<p>&nbsp;<\/p>\n<blockquote>\n<h3>USCITA AUTONOMA IN CURVA PRIMA DELLA ROTONDA<\/h3>\n<\/blockquote>\n<p><strong>BELLUNO<\/strong> Fortunatamente nessun ferito grave, ma un grande spavento e gli inevitabili disagi da 203 agordina, anzi da 204 perch\u00e9\u00a0 teatro dell&#8217;incidente \u00e8 la curva poco prima della rotonda del Mas (svincolo per Sedico) salendo da Belluno. Un&#8217;uscita di strada autonoma. Sul posto i sanitari del\u00a0 pronto soccorso dell&#8217;ospedale di Belluno, Polizia Stradale e\u00a0 Vigili del Fuoco. <span style=\"color: #0000ff;\">FOTO TELEGRAM VIABILITA&#8217; PROVINCIA BELLUNO<\/span><\/p>\n<p><a href=\"https:\/\/www.radiopiu.net\/wordpress\/giornale-radiopiu-30-aprile-2021-direttore-mirko-mezzacasa\/b172c710-7180-445c-9975-f7d66040c930\/\" rel=\"attachment wp-att-206763\"><img loading=\"lazy\" decoding=\"async\" class=\"alignnone size-medium wp-image-206763\" src=\"https:\/\/www.radiopiu.net\/wordpress\/wp-content\/uploads\/2021\/04\/b172c710-7180-445c-9975-f7d66040c930-300x225.jpg\" alt=\"\" width=\"300\" height=\"225\" srcset=\"https:\/\/www.radiopiu.net\/wordpress\/wp-content\/uploads\/2021\/04\/b172c710-7180-445c-9975-f7d66040c930-300x225.jpg 300w, https:\/\/www.radiopiu.net\/wordpress\/wp-content\/uploads\/2021\/04\/b172c710-7180-445c-9975-f7d66040c930-768x576.jpg 768w, https:\/\/www.radiopiu.net\/wordpress\/wp-content\/uploads\/2021\/04\/b172c710-7180-445c-9975-f7d66040c930.jpg 800w\" sizes=\"auto, (max-width: 300px) 100vw, 300px\" \/><\/a><\/p>\n<p>&nbsp;<\/p>\n<hr \/>\n<p>&nbsp;<\/p>\n<blockquote>\n<h3>FERITO DALLA MOTOZAPPA, 68ENNE IN OSPEDALE<\/h3>\n<\/blockquote>\n<p><strong>ALANO DI PIAVE<\/strong> P.S. 68 anni \u00e8 rimasto ferito in un incidente domestico,\u00a0 intrappolato con la gamba sotto la moto-zappa. All&#8217;ospedale San Martino \u00e8 stato sottoposto ad intervento chirurgico, non \u00e8 in pericolo di vita<\/p>\n<p>&nbsp;<\/p>\n<hr \/>\n<p>&nbsp;<\/p>\n<blockquote>\n<h2>LE LINEE GUIDA DELLE REGIONI, SEMPRE AMMESSO CHE IL GOVERNO DECIDA DI PRENDERLE IN CONSIDERAZIONE.<\/h2>\n<\/blockquote>\n<p>In spiaggia dieci metri quadrati per ogni ombrellone, per tende e roulotte 3 metri di distanza. In montagna in funivia capienza massima al 50%: Al ristorante anche all&#8217;interno con porte e finestre aperte, vige il metro di distanza ma nessun limite di persone allo stesso tavolo, meglio la prenotazione, obbligo di scrivere l&#8217;elenco dei clienti. Al cinema massimo distanziamento con la mascherina indossata se non ci sono i pannelli separatori, ai concerti musicisti senza mascherina ma a distanza uno dall&#8217;altro, regole rigidissime per i &#8220;fiati&#8221;. Musei e parchi solo su prenotazione. In sauna almeno 4 metri quadrati a persona, si alla sauna vietato il bagno turco. Acconciatori, estetisti, tatuatori solo su prenotazione con postazioni distanti 1 metro una dall&#8217;altra. Mercati con distanziamento e ri organizzazione degli spazi<\/p>\n<p>&nbsp;<\/p>\n<blockquote class=\"wp-embedded-content\" data-secret=\"mpbv0SViYF\"><p><a href=\"https:\/\/www.radiopiu.net\/wordpress\/la-conferenza-delle-regioni-propone-le-linee-guida-per-la-ripresa-delle-attivita-economiche-e-sociali\/\">LA CONFERENZA DELLE REGIONI PROPONE LE LINEE GUIDA PER LA RIPRESA DELLE ATTIVITA&#8217; ECONOMICHE E SOCIALI<\/a><\/p><\/blockquote>\n<p><iframe loading=\"lazy\" class=\"wp-embedded-content\" sandbox=\"allow-scripts\" security=\"restricted\" style=\"position: absolute; clip: rect(1px, 1px, 1px, 1px);\" title=\"&#8220;LA CONFERENZA DELLE REGIONI PROPONE LE LINEE GUIDA PER LA RIPRESA DELLE ATTIVITA&#8217; ECONOMICHE E SOCIALI&#8221; &#8212; Radio Pi\u00f9\" src=\"https:\/\/www.radiopiu.net\/wordpress\/la-conferenza-delle-regioni-propone-le-linee-guida-per-la-ripresa-delle-attivita-economiche-e-sociali\/embed\/#?secret=mpbv0SViYF\" data-secret=\"mpbv0SViYF\" width=\"600\" height=\"338\" frameborder=\"0\" marginwidth=\"0\" marginheight=\"0\" scrolling=\"no\"><\/iframe><\/p>\n<p>&nbsp;<\/p>\n<hr \/>\n<blockquote>\n<h3><\/h3>\n<h3>ACC: PIENO SOSTEGNO AL PROGETTO ITALCOMP (VETTORE) DAL CONSIGLIO DI SORVEGLIANZA<\/h3>\n<\/blockquote>\n<p>&nbsp;<\/p>\n<p><strong>BORGO VALBELLUNA<\/strong> Il sindaco di Borgo Valbelluna Stefano Cesa ha coordinato il consiglio di sorveglianza socio istituzionale di Acc (istituito del 2014), vi hanno partecipato rappresentanti della Regione, Provincia, amministratori locali, l&#8217;amministrazione straordinaria di Acc nella persona del Commissario Maurizio Castro, consiglieri regionali,\u00a0 Senatori e Deputati Bellunesi (De Menech, Badole, Puppato, Cestaro). Ovviamente immancabile la presenza della rappresentanza sindacale e Confindustria Belluno con Andrea Ferrazzi.<\/p>\n<p><strong><img loading=\"lazy\" decoding=\"async\" class=\"alignleft\" src=\"https:\/\/www.radiopiu.net\/wordpress\/wp-content\/uploads\/2019\/09\/Wanbao_Mise.jpg\" width=\"244\" height=\"183\" \/>LE CONCLUSIONI<\/strong>: il Consiglio \u00e8 impegnato in tutte le sedi a sostenere l\u2019approvazione dell\u2019emendamento governativo al Decreto Legge Sostegni, attualmente in fase di conversione in legge, che consenta l\u2019erogazione accelerata ad ACC dei finanziamenti indispensabili a evitare il suo fermo produttivo; il Consiglio invita gli istituti di credito attivi nel territorio, nell\u2019ottica di una compiuta responsabilit\u00e0 sociale, a supportare il processo di finanziamento ad ACC; il Consiglio \u00e8 in ogni caso mobilitato affinch\u00e9 venga individuata la modalit\u00e0 pi\u00f9 idonea per far pervenire nelle casse di ACC gli importi previsti nel Piano Industriale approvato dal MISE, e cio\u00e8 almeno 8 milioni di euro entro il 31 maggio 2021 e ulteriori 7 milioni di euro entro il 31 agosto 2021, condizioni essenziali per il superamento dell\u2019insolvenza e per la positiva risoluzione dell\u2019amministrazione straordinaria nella confluenza, a seguito di procedura a evidenza pubblica e a condizioni di mercato, di ACC in un nuovo soggetto imprenditoriale affidabile e propulsivo; il Consiglio sostiene convintamente, in tale direzione, il Progetto ItalComp, soprattutto per il ruolo di vettore di una stagione di forte re-industrializzazione sostenibile che esso pu\u00f2 assumere nel territorio bellunese il Consiglio ritiene che il Progetto ItalComp, con i suoi chiari contenuti in tema di missione strategica, di investimenti in prodotto e in processo, di articolazione territoriale, di valorizzazione delle competenze, di governance trasparente e responsabile e di modello partecipativo di R.I., possa essere declinato in modalit\u00e0 diverse e con una diversa mappatura dell\u2019azionariato pubblico e privato, e in questo senso dichiara la propria disponibilit\u00e0 a essere interlocutore attivo nei confronti del Governo nella prospettiva dell\u2019adozione delle scelte pi\u00f9 appropriate per lo sviluppo territoriale; il Consiglio ammonisce tuttavia affinch\u00e9, laddove si coinvolgano in misura significativa soggetti privati per far assumere ruoli di riferimento nella governance, ci\u00f2 avvenga dopo una selezione rigorosa funzionale ad evitare drammatiche, e gi\u00e0 subite, esperienze negative (i cc.dd. \u201cfondi locusta\u201d, societ\u00e0 straniere fraudolente, propriet\u00e0 contaminate, ecc.), alla quale il Consiglio stesso chiede di essere partecipe; il Consiglio in ogni caso ritiene significativa per il successo di ItalComp, la presenza nella sua compagine azionaria di aziende fornitrici del territorio, anche piccole e medie; il Consiglio auspica che, accanto a Invitalia e alle Regioni Veneto e Piemonte, nonch\u00e9 ai privati, trovino spazio nell\u2019azionariato di ItalComp enti, organizzazioni e istituzioni a matrice bellunese, espressione della cultura e dei valori del territorio; il Consiglio propone di promuovere la partecipazione a ItalComp, oltre a quelle fornitrici, di altre aziende locali, operanti anch\u2019esse nella componentistica ovvero nella refrigerazione commerciale; il Consiglio propone la costituzione di un tavolo con il principale cliente di ACC, il Gruppo Electrolux, per individuare e attivare forme di cooperazione industriale rafforzate e strutturali<\/p>\n<p>FOTO ARCHIVIO, QUANDO GLI INCONTRI ERANO IN PRESENZA<\/p>\n<p>&nbsp;<\/p>\n<hr \/>\n<blockquote>\n<h3><\/h3>\n<h3>LUXOTTICA: DA LUNEDI&#8217; PARTE IL PART-TIME INCENTIVATO. I TRASPORTI PER LO STABILIMENTO DI AGORDO<\/h3>\n<\/blockquote>\n<p><strong><a href=\"https:\/\/www.radiopiu.net\/wordpress\/luxottica-a-settembre-parte-la-flessibilita-allo-stabilimento-di-agordo\/luxottica-2020\/\" rel=\"attachment wp-att-157799\"><img loading=\"lazy\" decoding=\"async\" class=\" wp-image-157799 alignleft\" src=\"https:\/\/www.radiopiu.net\/wordpress\/wp-content\/uploads\/2020\/08\/LUXOTTICA-2020-300x225.jpg\" alt=\"\" width=\"221\" height=\"166\" srcset=\"https:\/\/www.radiopiu.net\/wordpress\/wp-content\/uploads\/2020\/08\/LUXOTTICA-2020-300x225.jpg 300w, https:\/\/www.radiopiu.net\/wordpress\/wp-content\/uploads\/2020\/08\/LUXOTTICA-2020-1024x768.jpg 1024w, https:\/\/www.radiopiu.net\/wordpress\/wp-content\/uploads\/2020\/08\/LUXOTTICA-2020-768x576.jpg 768w, https:\/\/www.radiopiu.net\/wordpress\/wp-content\/uploads\/2020\/08\/LUXOTTICA-2020-1536x1152.jpg 1536w, https:\/\/www.radiopiu.net\/wordpress\/wp-content\/uploads\/2020\/08\/LUXOTTICA-2020-640x480.jpg 640w, https:\/\/www.radiopiu.net\/wordpress\/wp-content\/uploads\/2020\/08\/LUXOTTICA-2020.jpg 2048w\" sizes=\"auto, (max-width: 221px) 100vw, 221px\" \/><\/a>AGORDO<\/strong> A partire dal 3 maggio iniziano i part-time incentivati presso lo stabilimento Luxottica ad Agordo e riguarder\u00e0 solo la filiera del metallo. Nelle ultime ore azienda e RSU hanno avuto un incontro per parlare dei trasporti pubblici in occasione del cambio di orario. Infatti alcune maestranze non lavoreranno pi\u00f9 8 ore al giorno ma 6 e di conseguenza gli orari di ingresso e uscita dallo stabilimento cambieranno. Dolomitibus adeguer\u00e0 gli orari per venire in contro alle esigenze di questi lavoratori e nei prossimi giorni verranno resi noti anche i nuovi orari dedicati a coloro che inizieranno con l&#8217;orario ridotto.&#8221;<em>Ricordiamo &#8211; dice la commissione trasporti dello stabilimento di Agordo &#8211; che i Part-time incentivati hanno diritto ad un abbonamento part-time. Dolomitibus dovrebbe gi\u00e0 essere in possesso dei nominativi che possono aderire a questo abbonamento. Nel caso in cui il nominativo non risultasse in elenco basta rivolgersi all&#8217;ufficio personale<\/em>&#8221;<\/p>\n<p>&nbsp;<\/p>\n<p>&nbsp;<\/p>\n<p>&nbsp;<\/p>\n<hr \/>\n<p>&nbsp;<\/p>\n<blockquote>\n<h3>PRIMO MAGGIO: SABATO ALLE 10:15 MANIFESTAZIONE CONTINGENTATA DAVANTI ALLA CASA DI RIPOSO GAGGIA LANTE DI BELLUNO<\/h3>\n<\/blockquote>\n<p><strong><a href=\"https:\/\/www.radiopiu.net\/wordpress\/primo-maggio-sabato-alle-1015-manifestazione-contingentata-davanti-alla-casa-di-riposo-gaggia-lante-di-belluno\/locandina-1-maggio-bl\/\" rel=\"attachment wp-att-206608\"><img loading=\"lazy\" decoding=\"async\" class=\" wp-image-206608 alignleft\" src=\"https:\/\/www.radiopiu.net\/wordpress\/wp-content\/uploads\/2021\/04\/locandina-1-Maggio-BL-213x300.jpeg\" alt=\"\" width=\"158\" height=\"223\" srcset=\"https:\/\/www.radiopiu.net\/wordpress\/wp-content\/uploads\/2021\/04\/locandina-1-Maggio-BL-213x300.jpeg 213w, https:\/\/www.radiopiu.net\/wordpress\/wp-content\/uploads\/2021\/04\/locandina-1-Maggio-BL.jpeg 720w\" sizes=\"auto, (max-width: 158px) 100vw, 158px\" \/><\/a>BELLUNO <\/strong>Sabato, in occasione della festa dei lavoratori, le sigle sindacali hanno organizzato una manifestazione contingentata davanti alla casa di riposo Gaggia Lante di Belluno.<\/p>\n<p><strong>IL COMUNICATO UNITARIO<\/strong><\/p>\n<blockquote><p>CGIL CISL UIL hanno sempre festeggiato il Primo Maggio, Festa dei Lavoratori, con una iniziativa tematica con un forte valore d\u2019attualit\u00e0; nel corso del 2020 questo non \u00e8 avvenuto, a causa delle restrizioni del lockdown e solo adesso, seppur in forma ridotta, sar\u00e0 possibile riprendere questa tradizione. Sabato Primo Maggio CGIL CISL UIL saranno unitariamente davanti all\u2019ingresso storico della Casa di Riposo- RSA SER.SA. \u201cGAGGIA LANTE\u201d di Cavarzano a Belluno, a partire dalle ore 10.15, per una manifestazione \u201ccontingentata\u201d a discutere sui temi del lavoro nell\u2019epoca del Covid, alla presenza dei rappresentanti dei luoghi di lavoro, delle autorit\u00e0 locali e dei lavoratori, in particolare quelli che provengono dal settore del socio-sanitario<em>. <\/em>\u00c8 appunto questo il tema scelto dalle Organizzazioni Sindacali bellunesi, quello di rendere omaggio e ringraziare coloro che in questi due anni, dal 23 febbraio 2020, sono stati catapultati nel centro della pandemia e hanno dovuto e saputo fronteggiarla, per poter dare a tutto il sistema-Paese le cure e la sicurezza nella salute e, allo stesso tempo, far capire alla cittadinanza come il sistema sanitario fosse in grado di reggere, mentre quello economico s\u2019interrogava su come poter ripartire. La giornata verr\u00e0 conclusa dall\u2019intervento del Segretario generale UIL del Veneto Roberto Toigo<\/p><\/blockquote>\n<blockquote class=\"wp-embedded-content\" data-secret=\"BBOWMZsujj\"><p><a href=\"https:\/\/www.radiopiu.net\/wordpress\/primo-maggio-sabato-alle-1015-manifestazione-contingentata-davanti-alla-casa-di-riposo-gaggia-lante-di-belluno\/\">PRIMO MAGGIO: SABATO ALLE 10:15 MANIFESTAZIONE CONTINGENTATA DAVANTI ALLA CASA DI RIPOSO GAGGIA LANTE DI BELLUNO<\/a><\/p><\/blockquote>\n<p><iframe loading=\"lazy\" class=\"wp-embedded-content\" sandbox=\"allow-scripts\" security=\"restricted\" style=\"position: absolute; clip: rect(1px, 1px, 1px, 1px);\" title=\"&#8220;PRIMO MAGGIO: SABATO ALLE 10:15 MANIFESTAZIONE CONTINGENTATA DAVANTI ALLA CASA DI RIPOSO GAGGIA LANTE DI BELLUNO&#8221; &#8212; Radio Pi\u00f9\" src=\"https:\/\/www.radiopiu.net\/wordpress\/primo-maggio-sabato-alle-1015-manifestazione-contingentata-davanti-alla-casa-di-riposo-gaggia-lante-di-belluno\/embed\/#?secret=BBOWMZsujj\" data-secret=\"BBOWMZsujj\" width=\"600\" height=\"338\" frameborder=\"0\" marginwidth=\"0\" marginheight=\"0\" scrolling=\"no\"><\/iframe><\/p>\n<p>&nbsp;<\/p>\n<hr \/>\n<p>&nbsp;<\/p>\n<blockquote>\n<h3>MONOROTAIA: BELLUNO-BOLZANO-EUROPA, IL QUINTO PROGETTO PER LA PROVINCIA<\/h3>\n<\/blockquote>\n<p><em>&#8220;Il presidente Padrin sta analizzando anche il nostro progetto. Mi sembra che esso ,oltre ad i costi di gran lunga inferiori, sia l\u2019unico a garantire la consegna di tutta la linea prima delle Olimpiadi del 2026, ad autofinanziarsi utilizzando il Project Financing,ed a collegare anche Belluno con Bolzano. Prima della decisione finale,spero che venga organizzato un confronto pubblico,con gli autori di tutti i progetti&#8221;.<\/em><\/p>\n<p><strong>Dichiarazione a Radio Pi\u00f9 dell&#8217;architetto Fernando De Simone<\/strong><\/p>\n<p>&nbsp;<\/p>\n<p><em><strong>REDAZIONE<\/strong> Ai quattro progetti pre il treno delle Dolomiti va aggiunto anche il quinto, quello dell&#8217;architetto De Simone che da alcuni mesi abbiamo presentato alla radio. E&#8217; la proposta di un gruppo svizzero gi\u00e0 sul tavolo della Provincia<\/em><\/p>\n<p><strong>di Mirko Mezzacasa<\/strong><\/p>\n<p><em>Ai quattro progetti pre il treno delle Dolomiti va aggiunto anche il quinto, quello dell&#8217;architetto De Simone che da alcuni mesi abbiamo presentato alla radio nello scorso mese di giugno e settembre. E&#8217; la proposta di un gruppo svizzero gi\u00e0 sul tavolo della Provincia<\/em><\/p>\n<p>&nbsp;<\/p>\n<p><strong><a class=\"dt-pswp-item\" href=\"https:\/\/www.radiopiu.net\/wordpress\/wp-content\/uploads\/2020\/06\/^^^-Intamin-Transportation-arch.Fernando-De-Simone-Monorotaia-sopraelevata.jpg\" data-dt-img-description=\"\" data-large_image_width=\"1474\" data-large_image_height=\"926\"><img loading=\"lazy\" decoding=\"async\" class=\"alignleft size-medium wp-image-146387\" src=\"https:\/\/www.radiopiu.net\/wordpress\/wp-content\/uploads\/2020\/06\/^^^-Intamin-Transportation-arch.Fernando-De-Simone-Monorotaia-sopraelevata-300x188.jpg\" alt=\"\" width=\"300\" height=\"188\" srcset=\"https:\/\/www.radiopiu.net\/wordpress\/wp-content\/uploads\/2020\/06\/^^^-Intamin-Transportation-arch.Fernando-De-Simone-Monorotaia-sopraelevata-300x188.jpg 300w, https:\/\/www.radiopiu.net\/wordpress\/wp-content\/uploads\/2020\/06\/^^^-Intamin-Transportation-arch.Fernando-De-Simone-Monorotaia-sopraelevata-1024x643.jpg 1024w, https:\/\/www.radiopiu.net\/wordpress\/wp-content\/uploads\/2020\/06\/^^^-Intamin-Transportation-arch.Fernando-De-Simone-Monorotaia-sopraelevata-768x482.jpg 768w, https:\/\/www.radiopiu.net\/wordpress\/wp-content\/uploads\/2020\/06\/^^^-Intamin-Transportation-arch.Fernando-De-Simone-Monorotaia-sopraelevata.jpg 1474w\" sizes=\"auto, (max-width: 300px) 100vw, 300px\" \/><\/a>AGORDO<\/strong> <em>&#8220;Desidero evidenziare che la nostra proposta non \u00e8 in alternativa alle altre e tutte possono tranquillamente convivere, saranno i viaggiatori a scegliere il mezzo pi\u00f9 idoneo con riferimento ad orari, stazione di partenza, tempi impiegati&#8221;. <\/em>Inizia da qui la lunga chiacchierata con Fernando De Simone, l&#8217;architetto specializzato in trasporti, tunnel, costruzioni sotterranee e sottomarine, ingegneria sismica con un curriculum interessante ed esponenziale. Il tema della chiacchierata non \u00e8 un tunnel, perch\u00e9 il progetto della monorotaia Belluno-Agordo (per iniziare) non prevede attraversamenti di montagne, quelle si sorvolano. <strong>Dunque architetto veniamo al sodo, qual&#8217;\u00e8 l&#8217;obiettivo che cullate? <\/strong><em>&#8220;Collegare Belluno con Agordo, per poi estendere la rete fino ad Alleghe ed alla stazione di Bolzano in fasi successive&#8221;<\/em>. <strong>Senza considerare Cortina sede Olimpica 2026? <\/strong><em>&#8220;Se la Regione si render\u00e0 conto che sar\u00e0 difficile ultimare la soluzione che sceglier\u00e0 (treno ndr.) per il 2026 noi siamo disponibili a collaborare ed estendere la rete fino all&#8217;Ampezzano&#8221;.<\/em> <strong>Concretamente una monorotaia che numeri colleziona? <\/strong><em>&#8220;Quanto serve. Visti gli effetti del covid19 puntiamo ad avere vetture piccole anche da 30 posti anti assembramento, ma si pu\u00f2 disporre di mezzi anche da 200-300 persone. Si pu\u00f2 arrivare a 2500 persone ma anche a 5000 all&#8217;ora coprendo le necessit\u00e0 di chi si sposta per lavoro tra Belluno ed Agordo-Luxottica. Le nostre vetture con sistema di controllo antivirus ,singolarmente dotate di un motore elettrico e governate da computer, a seconda dei viaggiatori che attendono nelle stazioni, possono essere aumentate o ridotte automaticamente dal deposito&#8221;.<\/em> <strong>Quindi un&#8217;offerta modulare? <\/strong><em><a class=\"dt-pswp-item\" href=\"https:\/\/www.radiopiu.net\/wordpress\/wp-content\/uploads\/2020\/06\/^^^Intamin-Transportation-arch.Fernando-De-Simone-2.jpg\" data-dt-img-description=\"\" data-large_image_width=\"2226\" data-large_image_height=\"1238\"><img loading=\"lazy\" decoding=\"async\" class=\"size-medium wp-image-146386 alignright\" src=\"https:\/\/www.radiopiu.net\/wordpress\/wp-content\/uploads\/2020\/06\/^^^Intamin-Transportation-arch.Fernando-De-Simone-2-300x167.jpg\" alt=\"\" width=\"300\" height=\"167\" srcset=\"https:\/\/www.radiopiu.net\/wordpress\/wp-content\/uploads\/2020\/06\/^^^Intamin-Transportation-arch.Fernando-De-Simone-2-300x167.jpg 300w, https:\/\/www.radiopiu.net\/wordpress\/wp-content\/uploads\/2020\/06\/^^^Intamin-Transportation-arch.Fernando-De-Simone-2-1024x570.jpg 1024w, https:\/\/www.radiopiu.net\/wordpress\/wp-content\/uploads\/2020\/06\/^^^Intamin-Transportation-arch.Fernando-De-Simone-2-768x427.jpg 768w, https:\/\/www.radiopiu.net\/wordpress\/wp-content\/uploads\/2020\/06\/^^^Intamin-Transportation-arch.Fernando-De-Simone-2-1536x854.jpg 1536w, https:\/\/www.radiopiu.net\/wordpress\/wp-content\/uploads\/2020\/06\/^^^Intamin-Transportation-arch.Fernando-De-Simone-2-2048x1139.jpg 2048w\" sizes=\"auto, (max-width: 300px) 100vw, 300px\" \/><\/a>&#8220;Certo perch\u00e8 nelle diverse ore ci sono diversi flussi di traffico e quindi di richiesta. Con economie di scala si mettono a disposizione i mezzi a seconda delle esigenze. L&#8217;investimento \u00e8 graduale pi\u00f9 aumenta la richiesta e pi\u00f9 aumentano le vetture&#8221;.<\/em> <strong>Si parte a Belluno stazione? <\/strong><em>&#8220;Dall&#8217;ultimo binario della stazione, sopra c&#8217;\u00e8 gi\u00e0 la strada dove inizia il cammino della monorotaia. Sono previsti pali accanto alla rotabile. Sono pali del diametro di un metro collocati ogni 30-40 metri&#8221;<\/em> <strong>Senza previsione di scavare montagne? <\/strong><em>&#8220;Nessuna galleria la monorotaia non \u00e8 un treno, non \u00e8 limitata dalle pendenze, le gallerie le sorvola, viaggia ad una velocit\u00e0 di 80 chilometri orari. Di giorno trasporta le persone, di notte su apposite vetture sempre dotate di pneumatici,\u00e8 previsto il trasporto merci&#8221;<\/em> <strong>Ci vorranno parecchi pali da Agordo a Belluno <\/strong><em>&#8220;Come ci vorranno molte imprese locali, 20-30 presumo, ognuna incaricata di coprire un determinato numero di chilometri&#8221;<\/em> <strong>La monorotaia abbatte i costi di personale? <\/strong><em>&#8220;Eccome, la guida un sistema computerizzato, nelle stazioni vengono previsti degli scambi e il sistema informatico regola le velocit\u00e0 automaticamente perch\u00e9 ovviamente non si incontrano mai&#8221;.<\/em> <strong>La politica locale vede di buon&#8217;occhio queste prime ipotesi? <\/strong><em>&#8220;Mi sembra di si, tanto il sindaco di Agordo Roberto Chissal\u00e8 che il presidente dell&#8217;Unione Montana Michele Costa, ma anche il presidente della Provincia Roberto Padrin. In Luxottica abbiamo gi\u00e0 inviato la documentazione che \u00e8 sul tavolo del Cavaliere Luigi Francavilla che incontreremo a breve&#8221;.<\/em> <strong>Parliamo di costi? <\/strong><em>&#8220;Dai 10 ai 15 milioni di euro al chilometro per trasportare circa 1100 persone, si arriva come dicevo fino a 5000 all&#8217;ora. Il progetto prevede di iniziare con qualche centinaio di persone e poi si valutano le richieste&#8221;<\/em>.<strong><a class=\"dt-pswp-item\" href=\"https:\/\/www.radiopiu.net\/wordpress\/wp-content\/uploads\/2020\/06\/Intamin-Transportation-40\u00b0C_-40\u00b0C-arch.-Fernando-De-Simone.jpg\" data-dt-img-description=\"\" data-large_image_width=\"951\" data-large_image_height=\"361\"><img loading=\"lazy\" decoding=\"async\" class=\"alignleft size-medium wp-image-146385\" src=\"https:\/\/www.radiopiu.net\/wordpress\/wp-content\/uploads\/2020\/06\/Intamin-Transportation-40\u00b0C_-40\u00b0C-arch.-Fernando-De-Simone-300x114.jpg\" alt=\"\" width=\"300\" height=\"114\" srcset=\"https:\/\/www.radiopiu.net\/wordpress\/wp-content\/uploads\/2020\/06\/Intamin-Transportation-40\u00b0C_-40\u00b0C-arch.-Fernando-De-Simone-300x114.jpg 300w, https:\/\/www.radiopiu.net\/wordpress\/wp-content\/uploads\/2020\/06\/Intamin-Transportation-40\u00b0C_-40\u00b0C-arch.-Fernando-De-Simone-768x292.jpg 768w, https:\/\/www.radiopiu.net\/wordpress\/wp-content\/uploads\/2020\/06\/Intamin-Transportation-40\u00b0C_-40\u00b0C-arch.-Fernando-De-Simone.jpg 951w\" sizes=\"auto, (max-width: 300px) 100vw, 300px\" \/><\/a>E dove pensa si possano reperire i finanziamenti? <\/strong><em>&#8220;Ogni anno sia in Italia si perdono miliardi di contributi europei che finiscono altrove, spesso all&#8217;Est,\u00a0 per progetti non presentati o presentati male. Ci sono i contributi per il risparmio energetico e per la riduzione dell&#8217;inquinamento e la monorotaia centra entrambi gli obiettivi&#8221;<\/em><strong>Oltre ai possibili finanziamenti?<\/strong><em>&#8220;Con il \u00a0<a title=\"Project management\" href=\"https:\/\/it.wikipedia.org\/wiki\/Project_management\">project management<\/a>\u00a0la\u00a0<b>finanza di progetto, <\/b>operazione di tecnica di\u00a0<a class=\"mw-redirect\" title=\"Finanziamento\" href=\"https:\/\/it.wikipedia.org\/wiki\/Finanziamento\">finanziamento<\/a>\u00a0a lungo termine di un\u00a0<a title=\"Progetto\" href=\"https:\/\/it.wikipedia.org\/wiki\/Progetto\">progetto<\/a>\u00a0in cui il ristoro del finanziamento stesso \u00e8 garantito dai\u00a0<a class=\"mw-redirect\" title=\"Flussi di cassa\" href=\"https:\/\/it.wikipedia.org\/wiki\/Flussi_di_cassa\">flussi di cassa<\/a> previsti dall&#8217;attivit\u00e0 di gestione o esercizio dell&#8217;opera stessa tenendo conto anche dei gestori dei parcheggi scambiatori che potranno avere in gestione gli appalti per 40 anni diventano loro stessi finanziatori&#8221;.<\/em> <strong>Se oggi la monorotaia fosse in attivit\u00e0 quanto costerebbe il biglietto Belluno-Agordo <\/strong><em>&#8220;Costerebbe 3,50 euro, tra l&#8217;altro la monorotaia non conosce la parola &#8220;ritardi&#8221; e da Belluno sale ad Agordo in 25 minuti. Non sussistono problemi invernali n\u00e8 di neve n\u00e8 di ghiaccio, abbiamo costruito anche una linea a Mosca, che resiste a temperatura da -40 a +40 gradi, giusto per fare un esempio&#8221;<\/em>. <strong>Tra le vostre opere ricordiamo il Marconi Express di Bologna e le successive vicende giudiziarie. <\/strong><em>&#8220;E che vuole dire? Noi progettiamo e costruiamo. Se la Fiat mette sul mercato la nuova 500 non \u00e8 certo responsabile se chi la guida va a schiantarsi contro un muro&#8221;.<\/em> <strong>Allora appuntamento ad Agordo in monorotaia?<\/strong><em>&#8220;E perch\u00e9 non a Bolzano vicino all&#8217;Europa?&#8221;<\/em><\/p>\n<p>&nbsp;<\/p>\n<h3><span style=\"color: #ff0000;\">ARTICOLO PRECEDENTE<\/span><br \/>\nIL PROGETTO DELLA MONOROTAIA BELLUNO-AGORDO VERSO BRUXELLES<\/h3>\n<p><strong><a class=\"dt-pswp-item\" href=\"https:\/\/www.radiopiu.net\/wordpress\/wp-content\/uploads\/2020\/08\/Intamin-Transportation-arch.F.De-Simone-neve3A_page-0001.jpg\" data-dt-img-description=\"\" data-large_image_width=\"1240\" data-large_image_height=\"1754\"><img loading=\"lazy\" decoding=\"async\" class=\"size-medium wp-image-155982 alignleft\" src=\"https:\/\/www.radiopiu.net\/wordpress\/wp-content\/uploads\/2020\/08\/Intamin-Transportation-arch.F.De-Simone-neve3A_page-0001-212x300.jpg\" alt=\"\" width=\"212\" height=\"300\" srcset=\"https:\/\/www.radiopiu.net\/wordpress\/wp-content\/uploads\/2020\/08\/Intamin-Transportation-arch.F.De-Simone-neve3A_page-0001-212x300.jpg 212w, https:\/\/www.radiopiu.net\/wordpress\/wp-content\/uploads\/2020\/08\/Intamin-Transportation-arch.F.De-Simone-neve3A_page-0001-724x1024.jpg 724w, https:\/\/www.radiopiu.net\/wordpress\/wp-content\/uploads\/2020\/08\/Intamin-Transportation-arch.F.De-Simone-neve3A_page-0001-768x1086.jpg 768w, https:\/\/www.radiopiu.net\/wordpress\/wp-content\/uploads\/2020\/08\/Intamin-Transportation-arch.F.De-Simone-neve3A_page-0001-1086x1536.jpg 1086w, https:\/\/www.radiopiu.net\/wordpress\/wp-content\/uploads\/2020\/08\/Intamin-Transportation-arch.F.De-Simone-neve3A_page-0001.jpg 1240w\" sizes=\"auto, (max-width: 212px) 100vw, 212px\" \/><\/a>AGORDO\u00a0<\/strong> L&#8217;Architetto Fernando De Simone non demorde, ci crede nel progetto da 1,5 miliardi di euro per collegare la stazione di Belluno con la piazza di Agordo e poi proseguire verso Bolzano e il Brennero. Una monorotaia sopraelevata con un secondo obiettivo, se appoggiato dalla Regione, il collegamento Alleghe-Cortina.<br \/>\n<em>&#8220;Non \u00e8 un sogno &#8211; dice l&#8217;architetto &#8211; in realt\u00e0 si traduce con 3 anni di lavoro per 25 imprese selezionate per l&#8217;installazione dei pali di sostegno lungo tutto il tracciato&#8221;<\/em> Un progetto gi\u00e0 presentato al Presidente della Provincia Roberto Padrin e al sindaco di Agordo Roberto Chissal\u00e8 e che ora prende la strada per l&#8217;Europa &#8220;<em>Sto preparando un progetto da proporre a Bruxelles &#8211; dice l&#8217;architetto &#8211;\u00a0 inerente il collegamento su monorotaia sopraelevata : Belluno-Agordo-Bolzano&#8221;. <\/em>Nell&#8217;occasione De Simone ricorda che nel periodo 2014-2020 l&#8217;Italia ha utilizzato solo il 23% dei 75 miliardi di fondi strutturali europei per lo sviluppo regionale a cui ha diritto. In Europa l&#8217;Italia \u00e8 quartultima. Solo Croazia,Slovacchia e Spagna hanno fatto peggio. La monorotaia ha una capacit\u00e0 di trasporto, su vetture elettriche completamente automatizzate e governate da computer, da 100 a 5000 persone l&#8217;ora per direzione. Tempo di percorrenza: dalla Stazione FS Belluno ad Agordo Centro\u00a0 25 minuti, dalla Stazione FS Belluno alla Stazione FS di Bolzano\u00a0 90 minuti. Durante la notte su apposite vetture sempre dotate di pneumatici, \u00e8 previsto il trasporto delle merci. <em>&#8220;Nel 2026 &#8211; conclude Fernando De Simone &#8211;\u00a0 si inaugurer\u00e0 il tunnel ferroviario del Brennero,e se contemporaneamente verr\u00e0 ultimata la nostra struttura, tutta la provincia di Belluno,con le sue imprese industriali,turistiche e commerciali ne trarr\u00e0 dei notevoli vantaggi&#8221;.<\/em><\/p>\n<p>&nbsp;<\/p>\n<hr \/>\n<blockquote>\n<h2><\/h2>\n<h2>IN TRE ANNI INVESTIMENTI IMPORTANTI, ANCHE IL NUOVO TERMINAL DEGLI AUTOBUS IN STAZIONE<\/h2>\n<\/blockquote>\n<p><strong><img loading=\"lazy\" decoding=\"async\" class=\"alignleft\" src=\"https:\/\/www.radiopiu.net\/wordpress\/wp-content\/uploads\/2021\/04\/WhatsApp-Image-2021-04-29-at-15.33.44.jpeg\" width=\"416\" height=\"234\" \/>FELTRE<\/strong><\/p>\n<p><strong>di MORENO GIOLI<\/strong><\/p>\n<p>&nbsp;<\/p>\n<audio class=\"wp-audio-shortcode\" id=\"audio-206523-2\" preload=\"none\" style=\"width: 100%;\" controls=\"controls\"><source type=\"audio\/mpeg\" src=\"https:\/\/www.radiopiu.net\/wordpress\/wp-content\/uploads\/2021\/04\/morenooooo-gioli.mp3?_=2\" \/><a href=\"https:\/\/www.radiopiu.net\/wordpress\/wp-content\/uploads\/2021\/04\/morenooooo-gioli.mp3\">https:\/\/www.radiopiu.net\/wordpress\/wp-content\/uploads\/2021\/04\/morenooooo-gioli.mp3<\/a><\/audio>\n<p>&nbsp;<\/p>\n<p><strong>L&#8217;ASSESSORE ADIS ZATTA<\/strong><\/p>\n<audio class=\"wp-audio-shortcode\" id=\"audio-206523-3\" preload=\"none\" style=\"width: 100%;\" controls=\"controls\"><source type=\"audio\/mpeg\" src=\"https:\/\/www.radiopiu.net\/wordpress\/wp-content\/uploads\/2021\/04\/zattaAA.mp3?_=3\" \/><a href=\"https:\/\/www.radiopiu.net\/wordpress\/wp-content\/uploads\/2021\/04\/zattaAA.mp3\">https:\/\/www.radiopiu.net\/wordpress\/wp-content\/uploads\/2021\/04\/zattaAA.mp3<\/a><\/audio>\n<p>&nbsp;<\/p>\n<p>&nbsp;<\/p>\n<p>&nbsp;<\/p>\n<hr \/>\n<p>&nbsp;<\/p>\n<blockquote>\n<h3><span style=\"color: #ff0000;\">IL 13 MAGGIO IL GENERALE FIGLIUOLO VERRA&#8217; IN VENETO CHE RIMANE IN ZONA GIALLA &#8211;\u00a0<\/span><\/h3>\n<\/blockquote>\n<p>&nbsp;<\/p>\n<p><a href=\"https:\/\/www.radiopiu.net\/wordpress\/giornale-radiopiu-30-aprile-2021-direttore-mirko-mezzacasa\/32d115fe-d112-4ebe-ad3d-4222c58c6a37\/\" rel=\"attachment wp-att-206773\"><img loading=\"lazy\" decoding=\"async\" class=\"alignnone wp-image-206773 size-full\" src=\"https:\/\/www.radiopiu.net\/wordpress\/wp-content\/uploads\/2021\/04\/32d115fe-d112-4ebe-ad3d-4222c58c6a37.jpg\" alt=\"\" width=\"1024\" height=\"780\" srcset=\"https:\/\/www.radiopiu.net\/wordpress\/wp-content\/uploads\/2021\/04\/32d115fe-d112-4ebe-ad3d-4222c58c6a37.jpg 1024w, https:\/\/www.radiopiu.net\/wordpress\/wp-content\/uploads\/2021\/04\/32d115fe-d112-4ebe-ad3d-4222c58c6a37-300x229.jpg 300w, https:\/\/www.radiopiu.net\/wordpress\/wp-content\/uploads\/2021\/04\/32d115fe-d112-4ebe-ad3d-4222c58c6a37-768x585.jpg 768w\" sizes=\"auto, (max-width: 1024px) 100vw, 1024px\" \/><\/a><\/p>\n<blockquote>\n<h2><\/h2>\n<h2><\/h2>\n<\/blockquote>\n<hr \/>\n<h2><\/h2>\n<blockquote>\n<h2><\/h2>\n<p>&nbsp;<\/p><\/blockquote>\n<blockquote class=\"wp-embedded-content\" data-secret=\"7VdkAl6qdg\"><p><a href=\"https:\/\/www.radiopiu.net\/wordpress\/aggapr29\/\">CORONAVIRUS: AGGIORNAMENTO NAZIONALE 29 APRILE  2021<\/a><\/p><\/blockquote>\n<p><iframe loading=\"lazy\" class=\"wp-embedded-content\" sandbox=\"allow-scripts\" security=\"restricted\" style=\"position: absolute; clip: rect(1px, 1px, 1px, 1px);\" title=\"&#8220;CORONAVIRUS: AGGIORNAMENTO NAZIONALE 29 APRILE  2021&#8221; &#8212; Radio Pi\u00f9\" src=\"https:\/\/www.radiopiu.net\/wordpress\/aggapr29\/embed\/#?secret=7VdkAl6qdg\" data-secret=\"7VdkAl6qdg\" width=\"600\" height=\"338\" frameborder=\"0\" marginwidth=\"0\" marginheight=\"0\" scrolling=\"no\"><\/iframe><\/p>\n<blockquote>\n<h2><\/h2>\n<\/blockquote>\n<blockquote class=\"wp-embedded-content\" data-secret=\"qEFpGXy2Bc\"><p><a href=\"https:\/\/www.radiopiu.net\/wordpress\/azzero29\/\">CONTINUA IL TREND, CALO MENO MARCATO DEI GIORNI PRECEDENTI, 13 DECEDUTI NELLE 24 ORE<\/a><\/p><\/blockquote>\n<p><iframe loading=\"lazy\" class=\"wp-embedded-content\" sandbox=\"allow-scripts\" security=\"restricted\" style=\"position: absolute; clip: rect(1px, 1px, 1px, 1px);\" title=\"&#8220;CONTINUA IL TREND, CALO MENO MARCATO DEI GIORNI PRECEDENTI, 13 DECEDUTI NELLE 24 ORE&#8221; &#8212; Radio Pi\u00f9\" src=\"https:\/\/www.radiopiu.net\/wordpress\/azzero29\/embed\/#?secret=qEFpGXy2Bc\" data-secret=\"qEFpGXy2Bc\" width=\"600\" height=\"338\" frameborder=\"0\" marginwidth=\"0\" marginheight=\"0\" scrolling=\"no\"><\/iframe><\/p>\n<p>&nbsp;<\/p>\n<p>&nbsp;<\/p>\n<h3><strong>I GRAFICI DI TIZIANO DE COL\u00a0<\/strong><\/h3>\n\n\t\t\t<style type='text\/css'>\n\t\t\t\t#gallery-1 {\n\t\t\t\t\tmargin: auto;\n\t\t\t\t}\n\t\t\t\t#gallery-1 .gallery-item {\n\t\t\t\t\tfloat: left;\n\t\t\t\t\tmargin-top: 10px;\n\t\t\t\t\ttext-align: center;\n\t\t\t\t\twidth: 33%;\n\t\t\t\t}\n\t\t\t\t#gallery-1 img {\n\t\t\t\t\tborder: 2px solid #cfcfcf;\n\t\t\t\t}\n\t\t\t\t#gallery-1 .gallery-caption {\n\t\t\t\t\tmargin-left: 0;\n\t\t\t\t}\n\t\t\t\t\/* see gallery_shortcode() in wp-includes\/media.php *\/\n\t\t\t<\/style>\n\t\t<div id='gallery-1' class='dt-gallery-container gallery galleryid-206523 gallery-columns-3 gallery-size-thumbnail'><dl class='gallery-item'>\n\t\t\t\t<dt class='gallery-icon landscape'>\n\t\t\t\t\t<a class=\"rollover\" href='https:\/\/www.radiopiu.net\/wordpress\/giornale-radiopiu-01-maggio-2021-direttore-mirko-mezzacasa\/89760542-6ab6-44fa-955e-e3cce48b1ede\/'><img loading=\"lazy\" decoding=\"async\" width=\"150\" height=\"150\" src=\"https:\/\/www.radiopiu.net\/wordpress\/wp-content\/uploads\/2021\/04\/89760542-6ab6-44fa-955e-e3cce48b1ede-150x150.jpg\" class=\"attachment-thumbnail size-thumbnail\" alt=\"\" \/><\/a>\n\t\t\t\t<\/dt><\/dl><dl class='gallery-item'>\n\t\t\t\t<dt class='gallery-icon landscape'>\n\t\t\t\t\t<a class=\"rollover\" href='https:\/\/www.radiopiu.net\/wordpress\/giornale-radiopiu-01-maggio-2021-direttore-mirko-mezzacasa\/15fef65c-07c7-4ffe-9aea-3753e70de828\/'><img loading=\"lazy\" decoding=\"async\" width=\"150\" height=\"150\" src=\"https:\/\/www.radiopiu.net\/wordpress\/wp-content\/uploads\/2021\/04\/15fef65c-07c7-4ffe-9aea-3753e70de828-150x150.jpg\" class=\"attachment-thumbnail size-thumbnail\" alt=\"\" \/><\/a>\n\t\t\t\t<\/dt><\/dl><dl class='gallery-item'>\n\t\t\t\t<dt class='gallery-icon landscape'>\n\t\t\t\t\t<a class=\"rollover\" href='https:\/\/www.radiopiu.net\/wordpress\/giornale-radiopiu-01-maggio-2021-direttore-mirko-mezzacasa\/be9e5a33-d78d-4a92-92c9-397b82aad1f5\/'><img loading=\"lazy\" decoding=\"async\" width=\"150\" height=\"150\" src=\"https:\/\/www.radiopiu.net\/wordpress\/wp-content\/uploads\/2021\/04\/be9e5a33-d78d-4a92-92c9-397b82aad1f5-150x150.jpg\" class=\"attachment-thumbnail size-thumbnail\" alt=\"\" \/><\/a>\n\t\t\t\t<\/dt><\/dl><br style=\"clear: both\" \/><dl class='gallery-item'>\n\t\t\t\t<dt class='gallery-icon landscape'>\n\t\t\t\t\t<a class=\"rollover\" href='https:\/\/www.radiopiu.net\/wordpress\/giornale-radiopiu-01-maggio-2021-direttore-mirko-mezzacasa\/ed79dd00-7579-48fe-9d57-acfe278b1bf3\/'><img loading=\"lazy\" decoding=\"async\" width=\"150\" height=\"150\" src=\"https:\/\/www.radiopiu.net\/wordpress\/wp-content\/uploads\/2021\/04\/ed79dd00-7579-48fe-9d57-acfe278b1bf3-150x150.jpg\" class=\"attachment-thumbnail size-thumbnail\" alt=\"\" \/><\/a>\n\t\t\t\t<\/dt><\/dl><dl class='gallery-item'>\n\t\t\t\t<dt class='gallery-icon landscape'>\n\t\t\t\t\t<a class=\"rollover\" href='https:\/\/www.radiopiu.net\/wordpress\/giornale-radiopiu-01-maggio-2021-direttore-mirko-mezzacasa\/1079dacc-d70e-4317-a63a-d0e1ed5f168d\/'><img loading=\"lazy\" decoding=\"async\" width=\"150\" height=\"150\" src=\"https:\/\/www.radiopiu.net\/wordpress\/wp-content\/uploads\/2021\/04\/1079dacc-d70e-4317-a63a-d0e1ed5f168d-150x150.jpg\" class=\"attachment-thumbnail size-thumbnail\" alt=\"\" \/><\/a>\n\t\t\t\t<\/dt><\/dl>\n\t\t\t\t<br style='clear: both' \/>\n\t\t\t<\/div>\n\n<blockquote>\n<h2><\/h2>\n<\/blockquote>\n<hr \/>\n<h2><\/h2>\n<h2><\/h2>\n<blockquote>\n<h2>LEGGI LA CONFERENZA STAMPA DI LUCA ZAIA, aggiornamento in tempo reale<\/h2>\n<p><em>Il Generale Francesco Figliuolo sar\u00e0 in Veneto gioved\u00ec 13 maggio &#8220;gli faremo vedere l&#8217;efficienza del Veneto, visiter\u00e0 i nostri centri, incontrer\u00e0 i Prefetti&#8221;.\u00a0<\/em><\/p><\/blockquote>\n<p>Continua il trend in calo, in un mese dimessi oltre 1000 pazienti, ma non si abbassi la guardia, abbiamo iniziato a vedere gli assembramenti da spritz foriero del rischio. Grazie alla stampa ieri abbiamo fatto 100mila prenotazioni. Abbiamo il 25% dei vaccinabili gi\u00e0 vaccinati con una dose. Abbiamo inoculato pi\u00f9 di un milione e mezzo di dosi. Siamo felici per come va la vaccinazione, giovedi 13 maggio verr\u00e0 il generale Figliuolo in visita in Veneto. <strong>VACCINI<\/strong> 31123 dosi nelle ultime 24 ore. Domani\u00a0 43mila vaccini. Oggi sono arrivate 150mila dosi. Faccio appello a chi ha pi\u00f9 di 60 anni affinch\u00e9 sappiano che ci sono ancora 64mila posti liberi. Nella categoria over 60\u00a0 ci sono 558464 cittadini, 100mila sono gi\u00e0 stati fatti, di prenotati ce ne sono 242mila.\u00a0 saranno vaccinazioni\u00a0 con Pfizer, Moderna, Astrazeneca. <strong>\u00a0INCHIESTE E DENUNCE<\/strong> Abbiamo aderito alle indicazioni dei tecnici deve essere chiaro, rispetto ad una diagnostica per lo screening utilizzata in tutto il mondo, se qualcuno dimostrer\u00e0 che ha performance diverse da quelle reali c&#8217;\u00e8 un problema rispetto ai produttori. Che facciamo ce la prendiamo con i medici che hanno utilizzato i tamponi rapidi? Lo scorso anno a marzo facevano 2000 tamponi molecolari al giorno con esiti di gran lunga inferiori rispetto ai 70mila di dicembre di cui 25mila molecolari. Lasciando perdere i rapidi di molecolari nella seconda ondata ne facevamo 10 volte di pi\u00f9. Se avessimo immaginato di fare solo i molecolari avremo fatto 22-23mila molecolari al giorno lasciando a piede libero 2\/3 di positivi trovati coi rapidi. Come l&#8217;uomo nella giara di Pirandello, rompiamo la giara o salviamo l&#8217;uomo? Il tampone rapido ritrova 2\/3 di postivi ogni giorno che il molecolare non trova. E&#8217; comunque un tema da scienziati da chiarire. <strong>HA DECISO SE MARTEDI ANDRA &#8216;IN AULA\u00a0<\/strong> Ancora? Sono tre giorni che andate avanti con questa cosa. Andiamo in commissione, in aula andavamo volentieri se facevano parlare i tecnici. Non sono due persone (Zaia-Lanzarin) che decidono, ma i tecnici. Che ne sappiamo noi delle schermate con scritto astintomatico o lo studio dei tamponi. I tecnici ci sono se l&#8217;obiettivo si vuole fare chiarezza e non si vuole fare confusione. Andremo in commissione. Se vuoi chiarezza ma poi non si vogliono i tecnici che chiarezza si fa? Non dobbiamo mica registrare Report ma raccontare quello che dicono i tecnici. La commissione sar\u00e0 pure a porte aperte come noto e chiunque pu\u00f2 collegarsi. Fare gli arrabbiati perch\u00e9 non si vuole i tecnici mi sembra strano. Assessore Presidente non sanno nulla tecnicamente.<\/p>\n<blockquote>\n<h3>L&#8217;ASSESSORE MANUELA LANZARIN<\/h3>\n<\/blockquote>\n<p><strong>RIAPERTURE<\/strong> Sono pronte le linee guida per cerimonie e cerimonie religiose, i settori possono riaprire con le linee guida, la conferenza le ha approvate e saranno trasmesse al Ministero per le riaperture chiedendo anche un anticipo rispetto ad alcune scadenze: centri commerciali sabato e la domenica, parchi tematici anticipati al 1 giugno e non al 1 luglio. Ora attendiamo l&#8217;interlocuzione con il Governo e Ministero della Sanit\u00e0.\u00a0 <strong>CASE DI RIPOSO<\/strong> Lavoriamo per la riapertura e nuovi ingressi. C&#8217;\u00e8 una richiesta anche della Lombardia e che ci siano provvedimenti comuni per tutti <strong>FARMACIE Per l<\/strong>a vaccinazione in Farmacia abbiamo chiuso la parte burocratica, chi vuole potr\u00e0 fare il corso di tutoraggio nei centri di vaccinazione delle Ulss che \u00e8 propedeutico, poi decideremo quando partiranno e in quali fasce di et\u00e0 che apriremo noi e tutto \u00e8 legato all&#8217;arrivo dei vaccini. Scendendo di et\u00e0 servir\u00e0 Pfizer e Moderna.<\/p>\n<p>&nbsp;<\/p>\n<p><a href=\"https:\/\/www.facebook.com\/zaiaufficiale\/videos\/1185078571963739\">https:\/\/www.facebook.com\/zaiaufficiale\/videos\/1185078571963739<\/a><\/p>\n<p>&nbsp;<\/p>\n<p>&nbsp;<\/p>\n<hr \/>\n<blockquote>\n<h3><\/h3>\n<h3>IN DIRITTURA D\u2019ARRIVO I LAVORI DI RESTYLING ALLE SORGENTI PORCILLA<\/h3>\n<\/blockquote>\n<p><strong>BELLUNO <\/strong>Si concluderanno in questi giorni i lavori di rifacimento delle opere di presa a servizio dell\u2019acquedotto Porcilla in comune di Pedavena. Bim Gsp, grazie a un intervento di manutenzione straordinaria avviato a met\u00e0 marzo, ha ristrutturato completamente i cinque manufatti che alimentano i comuni di Feltre, Pedavena e la Birreria Castello. I lavori, progettati dai servizi di ingegneria interni a Bim Gsp, hanno interessato sia la parte di muratura sia di copertura, demoliti e ricostruiti integralmente: ciascun manufatto, inoltre, \u00e8 stato dotato di guaina ardesiata per l\u2019impermeabilizzazione e la protezione da infiltrazioni meteoriche. Si \u00e8 provveduto anche a predisporre quanto necessario per assicurare il deflusso minimo vitale, per il rilascio in ambiente della quantit\u00e0 d\u2019acqua indispensabile a mantenere in equilibrio e preservare l\u2019ecosistema naturale. Le opere, eseguite dall\u2019impresa Zanella Oriano di Feltre, sono state anche dotate di appositi parapetti e camminamenti per l\u2019accesso in sicurezza. Sempre a Pedavena, in questi giorni, sono partiti i lavori di messa in sicurezza del serbatoio Tornaol, situato a Murle in prossimit\u00e0 del torrente Colmeda. Il cantiere, che durer\u00e0 indicativamente fino a fine luglio, prevede l\u2019impermeabilizzazione interna delle vasche mediante posa di materiali specifici, l\u2019installazione di una scala esterna per l\u2019accesso in sicurezza all\u2019opera e la posa di scale interne, soppalchi e altre dotazioni per un\u2019ottimale attivit\u00e0 di intervento anche negli spazi pi\u00f9 ristretti o esposti. Anche in questo caso i lavori sono stati affidati alle ditte Triches Enrico di Belluno per le opere metalliche e Polentes di Vittorio Veneto per le impermeabilizzazioni.<\/p>\n\n\t\t\t<style type='text\/css'>\n\t\t\t\t#gallery-2 {\n\t\t\t\t\tmargin: auto;\n\t\t\t\t}\n\t\t\t\t#gallery-2 .gallery-item {\n\t\t\t\t\tfloat: left;\n\t\t\t\t\tmargin-top: 10px;\n\t\t\t\t\ttext-align: center;\n\t\t\t\t\twidth: 33%;\n\t\t\t\t}\n\t\t\t\t#gallery-2 img {\n\t\t\t\t\tborder: 2px solid #cfcfcf;\n\t\t\t\t}\n\t\t\t\t#gallery-2 .gallery-caption {\n\t\t\t\t\tmargin-left: 0;\n\t\t\t\t}\n\t\t\t\t\/* see gallery_shortcode() in wp-includes\/media.php *\/\n\t\t\t<\/style>\n\t\t<div id='gallery-2' class='dt-gallery-container gallery galleryid-206523 gallery-columns-3 gallery-size-medium'><dl class='gallery-item'>\n\t\t\t\t<dt class='gallery-icon landscape'>\n\t\t\t\t\t<a class=\"rollover rollover-zoom dt-pswp-item\" title=\"lavori alle opere di presa Porcilla_2\" data-dt-img-description=\"\" data-large_image_width=\"1134\" data-large_image_height=\"850\"href='https:\/\/www.radiopiu.net\/wordpress\/wp-content\/uploads\/2021\/04\/lavori-alle-opere-di-presa-Porcilla_2.jpg'><img loading=\"lazy\" decoding=\"async\" width=\"300\" height=\"225\" src=\"https:\/\/www.radiopiu.net\/wordpress\/wp-content\/uploads\/2021\/04\/lavori-alle-opere-di-presa-Porcilla_2-300x225.jpg\" class=\"attachment-medium size-medium\" alt=\"\" srcset=\"https:\/\/www.radiopiu.net\/wordpress\/wp-content\/uploads\/2021\/04\/lavori-alle-opere-di-presa-Porcilla_2-300x225.jpg 300w, https:\/\/www.radiopiu.net\/wordpress\/wp-content\/uploads\/2021\/04\/lavori-alle-opere-di-presa-Porcilla_2-1024x768.jpg 1024w, https:\/\/www.radiopiu.net\/wordpress\/wp-content\/uploads\/2021\/04\/lavori-alle-opere-di-presa-Porcilla_2-768x576.jpg 768w, https:\/\/www.radiopiu.net\/wordpress\/wp-content\/uploads\/2021\/04\/lavori-alle-opere-di-presa-Porcilla_2.jpg 1134w\" sizes=\"auto, (max-width: 300px) 100vw, 300px\" \/><\/a>\n\t\t\t\t<\/dt><\/dl><dl class='gallery-item'>\n\t\t\t\t<dt class='gallery-icon landscape'>\n\t\t\t\t\t<a class=\"rollover rollover-zoom dt-pswp-item\" title=\"lavori alle opere di presa Porcilla_3\" data-dt-img-description=\"\" data-large_image_width=\"850\" data-large_image_height=\"638\"href='https:\/\/www.radiopiu.net\/wordpress\/wp-content\/uploads\/2021\/04\/lavori-alle-opere-di-presa-Porcilla_3.jpg'><img loading=\"lazy\" decoding=\"async\" width=\"300\" height=\"225\" src=\"https:\/\/www.radiopiu.net\/wordpress\/wp-content\/uploads\/2021\/04\/lavori-alle-opere-di-presa-Porcilla_3-300x225.jpg\" class=\"attachment-medium size-medium\" alt=\"\" srcset=\"https:\/\/www.radiopiu.net\/wordpress\/wp-content\/uploads\/2021\/04\/lavori-alle-opere-di-presa-Porcilla_3-300x225.jpg 300w, https:\/\/www.radiopiu.net\/wordpress\/wp-content\/uploads\/2021\/04\/lavori-alle-opere-di-presa-Porcilla_3-768x576.jpg 768w, https:\/\/www.radiopiu.net\/wordpress\/wp-content\/uploads\/2021\/04\/lavori-alle-opere-di-presa-Porcilla_3.jpg 850w\" sizes=\"auto, (max-width: 300px) 100vw, 300px\" \/><\/a>\n\t\t\t\t<\/dt><\/dl><dl class='gallery-item'>\n\t\t\t\t<dt class='gallery-icon landscape'>\n\t\t\t\t\t<a class=\"rollover rollover-zoom dt-pswp-item\" title=\"lavori alle opere di presa Porcilla\" data-dt-img-description=\"\" data-large_image_width=\"850\" data-large_image_height=\"638\"href='https:\/\/www.radiopiu.net\/wordpress\/wp-content\/uploads\/2021\/04\/lavori-alle-opere-di-presa-Porcilla.jpg'><img loading=\"lazy\" decoding=\"async\" width=\"300\" height=\"225\" src=\"https:\/\/www.radiopiu.net\/wordpress\/wp-content\/uploads\/2021\/04\/lavori-alle-opere-di-presa-Porcilla-300x225.jpg\" class=\"attachment-medium size-medium\" alt=\"\" srcset=\"https:\/\/www.radiopiu.net\/wordpress\/wp-content\/uploads\/2021\/04\/lavori-alle-opere-di-presa-Porcilla-300x225.jpg 300w, https:\/\/www.radiopiu.net\/wordpress\/wp-content\/uploads\/2021\/04\/lavori-alle-opere-di-presa-Porcilla-768x576.jpg 768w, https:\/\/www.radiopiu.net\/wordpress\/wp-content\/uploads\/2021\/04\/lavori-alle-opere-di-presa-Porcilla.jpg 850w\" sizes=\"auto, (max-width: 300px) 100vw, 300px\" \/><\/a>\n\t\t\t\t<\/dt><\/dl><br style=\"clear: both\" \/>\n\t\t\t<\/div>\n\n<p>&nbsp;<\/p>\n<hr \/>\n<p>&nbsp;<\/p>\n<blockquote>\n<h3>LAVORI ALL&#8217;ASILO NIDO PICCOLO GIRASOLE. LE NOVIT\u00c0 PER \u201cVECCHI\u201d E NUOVI OSPITI<\/h3>\n<\/blockquote>\n<p><strong><a href=\"https:\/\/www.radiopiu.net\/wordpress\/governo-blocca-6-milioni-per-ladeguamento-delle-scuole-bellunesi\/scuola2\/\" rel=\"attachment wp-att-56109\"><img loading=\"lazy\" decoding=\"async\" class=\" wp-image-56109 alignleft\" src=\"https:\/\/www.radiopiu.net\/wordpress\/wp-content\/uploads\/2018\/08\/scuola2-300x200.jpg\" alt=\"\" width=\"191\" height=\"127\" srcset=\"https:\/\/www.radiopiu.net\/wordpress\/wp-content\/uploads\/2018\/08\/scuola2-300x200.jpg 300w, https:\/\/www.radiopiu.net\/wordpress\/wp-content\/uploads\/2018\/08\/scuola2-768x512.jpg 768w, https:\/\/www.radiopiu.net\/wordpress\/wp-content\/uploads\/2018\/08\/scuola2-1024x682.jpg 1024w, https:\/\/www.radiopiu.net\/wordpress\/wp-content\/uploads\/2018\/08\/scuola2.jpg 1280w\" sizes=\"auto, (max-width: 191px) 100vw, 191px\" \/><\/a>BELLUNO <\/strong>Prenderanno il via ad agosto i lavori di miglioramento sismico all&#8217;Asilo nido comunale \u201cPiccolo Girasole\u201d di Via Mondin e, con il cantiere aperto, ci saranno importanti novit\u00e0 sia per i bambini che frequentano attualmente la struttura che per quelli che vi entreranno nel prossimo anno scolastico. In queste settimane, il Sindaco di Belluno Jacopo Massaro ha inviato una lettera alle famiglie dei bimbi gi\u00e0 frequentanti, spiegando quali saranno i prossimi passi.<\/p>\n<p><strong>IL SINDACO DI BELLUNO JACOPO MASSARO<\/strong><\/p>\n<audio class=\"wp-audio-shortcode\" id=\"audio-206523-4\" preload=\"none\" style=\"width: 100%;\" controls=\"controls\"><source type=\"audio\/mpeg\" src=\"https:\/\/www.radiopiu.net\/wordpress\/wp-content\/uploads\/2021\/04\/Massaro-Lavori-asilo-nido-Piccolo-Girasole.mp3?_=4\" \/><a href=\"https:\/\/www.radiopiu.net\/wordpress\/wp-content\/uploads\/2021\/04\/Massaro-Lavori-asilo-nido-Piccolo-Girasole.mp3\">https:\/\/www.radiopiu.net\/wordpress\/wp-content\/uploads\/2021\/04\/Massaro-Lavori-asilo-nido-Piccolo-Girasole.mp3<\/a><\/audio>\n<p>&nbsp;<\/p>\n<p>&nbsp;<\/p>\n<hr \/>\n<p>&nbsp;<\/p>\n<p style=\"text-align: left;\" align=\"CENTER\"><span style=\"color: #202124;\"><span style=\"font-family: Helvetica, serif;\"><span style=\"font-size: large;\"><b>Open Day Reumatologia: il mal di schiena non ti d\u00e0 tregua? <\/b><\/span><\/span><\/span><span style=\"color: #202124;\"><span style=\"font-family: Helvetica, serif;\"><span style=\"font-size: large;\"><b>Consulenze telefoniche il 3 maggio dalle 15.30 alle 16.30<\/b><\/span><\/span><\/span><\/p>\n<p align=\"CENTER\"><em><a href=\"https:\/\/www.radiopiu.net\/wordpress\/giornale-radiopiu-30-aprile-2021-direttore-mirko-mezzacasa\/reuma\/\" rel=\"attachment wp-att-206726\"><img loading=\"lazy\" decoding=\"async\" class=\" wp-image-206726 alignleft\" src=\"https:\/\/www.radiopiu.net\/wordpress\/wp-content\/uploads\/2021\/04\/reuma-300x251.png\" alt=\"\" width=\"208\" height=\"174\" srcset=\"https:\/\/www.radiopiu.net\/wordpress\/wp-content\/uploads\/2021\/04\/reuma-300x251.png 300w, https:\/\/www.radiopiu.net\/wordpress\/wp-content\/uploads\/2021\/04\/reuma-768x644.png 768w, https:\/\/www.radiopiu.net\/wordpress\/wp-content\/uploads\/2021\/04\/reuma.png 940w\" sizes=\"auto, (max-width: 208px) 100vw, 208px\" \/><\/a>Il \u201cmal di schiena\u201d \u00e8 un sintomo cos\u00ec diffuso e noto da essere spesso sottovalutato e non correttamente diagnosticato.<\/em><\/p>\n<p align=\"JUSTIFY\"><span style=\"font-family: Calibri Light, serif;\">L\u2019Ulss Dolomiti ha aderito all\u2019open day proposto dalla Fondazione ONDA sulla reumatologia in programma il 3 maggio 2021. I <\/span><span style=\"font-family: Calibri Light, serif;\"><b>medici reumatologi Chiara Grava e Manuela Ciprian saranno a disposizione dei cittadini per 20 consulenze telefoniche sul tema del mal di schiena. <\/b><\/span><span style=\"font-family: Calibri Light, serif;\">Gli interessati possono inviare una mail, entro le ore 12.00, del 3 maggio 2021, a: <\/span><u style=\"color: #000080;\"><a href=\"mailto:urp.bl@aulss1.veneto.it\"><span style=\"font-family: Calibri Light, serif;\">urp.bl@aulss1.veneto.it <\/span><\/a><\/u><span style=\"font-family: Calibri Light, serif;\">I primi 20 saranno richiamati dalle <\/span><span style=\"font-family: Calibri Light, serif;\"><span style=\"font-size: medium;\">reumatologhe<\/span><\/span><span style=\"font-family: Calibri Light, serif;\"> il<\/span><span style=\"font-family: Calibri Light, serif;\"><b> 3 maggio tra le 15.30 e le 16.30<\/b><\/span><span style=\"font-family: Calibri Light, serif;\"> per una consulenza telefonica personale.<\/span><\/p>\n<blockquote>\n<p align=\"JUSTIFY\">Il mal di schiena p<span style=\"font-family: Times New Roman, serif;\"><span style=\"font-family: Calibri Light, serif;\">u\u00f2 essere espressione di uno stato infiammatorio cronico che necessita di una tempestiva valutazione specialistica reumatologica per un adeguato trattamento. Presenza di dolori lombosacrali per oltre 3 mesi, tipicamente notturni, presenti a riposo o al risveglio e che si attenuano con il movimento: sono questi i campanelli di allarme che devono indirizzare al reumatologo per una diagnosi precoce, cruciale per impedire l\u2019instaurarsi di gravi danni articolari ad alto impatto invalidante.<\/span><\/span><\/p>\n<\/blockquote>\n<p>&nbsp;<\/p>\n<hr \/>\n<p>&nbsp;<\/p>\n<p>&nbsp;<\/p>\n<p><span style=\"color: #ff0000;\"><img loading=\"lazy\" decoding=\"async\" class=\"alignleft\" src=\"https:\/\/www.radiopiu.net\/wordpress\/wp-content\/uploads\/2017\/11\/umana.jpg\" width=\"142\" height=\"50\" \/><strong>IERI ALLA RADIO\u00a0<\/strong><\/span><\/p>\n<p><strong>Ospite, dott.a Maria Raffaella Caprioglio Presidente UMANA<\/strong><\/p>\n<blockquote><p><a href=\"https:\/\/www.radiopiu.net\/wordpress\/in-24-ore-reporstrrr\/th-96\/\" rel=\"attachment wp-att-206738\"><img loading=\"lazy\" decoding=\"async\" class=\"wp-image-206738 alignleft\" src=\"https:\/\/www.radiopiu.net\/wordpress\/wp-content\/uploads\/2021\/04\/th-16-300x169.jpg\" alt=\"\" width=\"170\" height=\"96\" srcset=\"https:\/\/www.radiopiu.net\/wordpress\/wp-content\/uploads\/2021\/04\/th-16-300x169.jpg 300w, https:\/\/www.radiopiu.net\/wordpress\/wp-content\/uploads\/2021\/04\/th-16.jpg 313w\" sizes=\"auto, (max-width: 170px) 100vw, 170px\" \/><\/a>Maria Raffaella Caprioglio, dal 2007 vicepresidente della Societ\u00e0, \u00e8 stata tra i protagonisti della sua crescita.\u00a0 Entrata a far parte dell\u2019azienda nel 1998, Maria Raffaella Caprioglio ha alle spalle una lunga storia anche nell\u2019associazionismo industriale: \u00e8 stata infatti la prima donna funzionario di Confindustria Venezia, dove ha operato per 17 anni. Tra le altre cariche, \u00e8 membro di Giunta di Assolombarda e di Confindustria Venezia. Membro della Giunta della Camera di Commercio di Venezia, ne presiede l\u2019azienda speciale Venezi@Opportunit\u00e0.<\/p><\/blockquote>\n<p>di Claudio Fontanive<\/p>\n<audio class=\"wp-audio-shortcode\" id=\"audio-206523-5\" preload=\"none\" style=\"width: 100%;\" controls=\"controls\"><source type=\"audio\/mpeg\" src=\"https:\/\/www.radiopiu.net\/wordpress\/wp-content\/uploads\/2021\/04\/capriolglio.mp3?_=5\" \/><a href=\"https:\/\/www.radiopiu.net\/wordpress\/wp-content\/uploads\/2021\/04\/capriolglio.mp3\">https:\/\/www.radiopiu.net\/wordpress\/wp-content\/uploads\/2021\/04\/capriolglio.mp3<\/a><\/audio>\n<p>&nbsp;<\/p>\n<p>&nbsp;<\/p>\n<hr \/>\n<p>&nbsp;<\/p>\n<blockquote>\n<h3>UTILIZZO GRATUITO DELLE AREE ESTERNE: I GESTORI DEI LOCALI POSSONO PRESENTARE LA RICHIESTA<\/h3>\n<\/blockquote>\n<p><strong><a href=\"https:\/\/www.radiopiu.net\/wordpress\/giornale-radiopiu-30-aprile-2021-direttore-mirko-mezzacasa\/plateatico_ponte_nelle_alpi\/\" rel=\"attachment wp-att-206621\"><img loading=\"lazy\" decoding=\"async\" class=\"size-medium wp-image-206621 alignleft\" src=\"https:\/\/www.radiopiu.net\/wordpress\/wp-content\/uploads\/2021\/04\/Plateatico_Ponte_nelle_Alpi-300x191.jpg\" alt=\"\" width=\"300\" height=\"191\" srcset=\"https:\/\/www.radiopiu.net\/wordpress\/wp-content\/uploads\/2021\/04\/Plateatico_Ponte_nelle_Alpi-300x191.jpg 300w, https:\/\/www.radiopiu.net\/wordpress\/wp-content\/uploads\/2021\/04\/Plateatico_Ponte_nelle_Alpi-1024x651.jpg 1024w, https:\/\/www.radiopiu.net\/wordpress\/wp-content\/uploads\/2021\/04\/Plateatico_Ponte_nelle_Alpi-768x488.jpg 768w, https:\/\/www.radiopiu.net\/wordpress\/wp-content\/uploads\/2021\/04\/Plateatico_Ponte_nelle_Alpi.jpg 1251w\" sizes=\"auto, (max-width: 300px) 100vw, 300px\" \/><\/a>PONTE NELLE ALPI\u00a0 <\/strong><span style=\"color: #000000; font-family: Helvetica;\">Dopo il ritorno in \u201czona gialla\u201d, anche il Comune di Ponte nelle Alpi si adopera per incentivare la ripresa delle attivit\u00e0 economiche, cos\u00ec pesantemente danneggiate dalla pandemia e dalle conseguenti misure restrittive.\u00a0 <\/span><span style=\"color: #000000; font-family: Helvetica;\">Ora gli esercizi di somministrazione di alimenti e bevande possono ripartire: sia a pranzo, sia a cena. Ma solo negli spazi all\u2019aperto. Ecco perch\u00e9 i vertici amministrativi hanno deciso di intervenire e di concedere ai gestori porzioni di suolo, aperto al pubblico transito: in queste aree sar\u00e0 possibile allestire i plateatici e ampliare quindi il numero di sedie e tavolini, in seguito alla presentazione di una specifica richiesta. <\/span><span style=\"color: #000000; font-family: Helvetica;\">Gli interessati possono inviare la loro domanda entro luned\u00ec 3 maggio, all\u2019indirizzo mail <a href=\"mailto:comune@pec.pna.bl.it\">comune@pec.pna.bl.it<\/a>.\u00a0<\/span><span style=\"color: #000000; font-family: Helvetica;\">Le aree in questione, \u00e8 bene specificarlo, saranno concesse gratuitamente. E possono comprendere le zone davanti al locale, o prospicienti, dall\u2019altra parte della strada o sul marciapiede e, nell\u2019eventualit\u00e0, anche le immediate vicinanze, le aree verdi o gli stalli di sosta.\u00a0<\/span><span style=\"color: #000000; font-family: Helvetica;\">\u00ab<em>Grazie al provvedimento adottato dalla giunta &#8211; spiega il sindaco Paolo Vendramini &#8211; diamo immediata possibilit\u00e0 a bar e ristoranti del territorio di utilizzare gli spazi esterni, senza alcun costo. In questo modo, riusciamo a offrire un sostegno concreto ai nostri operatori del settore: dopo il contributo relativo alla Tari, siamo pronti a garantire tutte le agevolazioni necessarie per svolgere il servizio. A tale proposito, \u00e8 a disposizione l\u2019ufficio commercio con la responsabile Eddy De Bona e l\u2019operatrice Paola Cerentin, alle quali va un ringraziamento per la collaborazione<\/em>\u00bb.\u00a0<\/span><\/p>\n<p>&nbsp;<\/p>\n<hr \/>\n<p>&nbsp;<\/p>\n<blockquote>\n<h3>CSV BELLUNO-TREVISO, IL BANDO PER LA CO-PROGETTAZIONE SOCIALE<\/h3>\n<\/blockquote>\n<p><strong><a href=\"https:\/\/www.radiopiu.net\/wordpress\/giornale-radiopiu-10-agosto-2018-direttore-mirko-mezzacasa\/csv\/\" rel=\"attachment wp-att-57221\"><img loading=\"lazy\" decoding=\"async\" class=\" wp-image-57221 alignleft\" src=\"https:\/\/www.radiopiu.net\/wordpress\/wp-content\/uploads\/2018\/08\/CSV.png\" alt=\"\" width=\"242\" height=\"139\" \/><\/a>BELLUNO\u00a0<\/strong> Al via il bando del Csv Belluno Treviso per la co-progettazione sociale. Esso, riferito al territorio bellunese, ha come obiettivo quello di stimolare la pratica di azioni solidali di comunit\u00e0 in provincia, in grado di produrre effetti generativi nella societ\u00e0. Ci\u00f2 attraverso la sperimentazione di nuove modalit\u00e0 di risposta a problematiche sociali che purtroppo registrano una tendenza all&#8217;aumento, anche a causa dell&#8217;emergenza Covid-19, a fronte di risorse economiche decrescenti. Il budget complessivo del bando \u00e8 di 238mila euro. Il contributo che il Csv potr\u00e0 mettere a disposizione per coprire i costi di ciascun progetto non pu\u00f2 superare l&#8217;80 per cento dell&#8217;ammontare complessivo delle spese. Il co-finanziamento potr\u00e0 essere determinato per il 50 per cento dalla valorizzazione del lavoro volontario. Le candidature delle idee devono essere presentate entro e non oltre il 15 giugno 2021 alle ore 17 compilando il form Survio raggiungibile a partire dalla home page del sito www.csvbelluno.it. Per informazioni: 0437 950374, cendoc@csvbelluno.it<\/p>\n<p>&nbsp;<\/p>\n<p>&nbsp;<\/p>\n<hr \/>\n<p>&nbsp;<\/p>\n<p>&nbsp;<\/p>\n<h2><span style=\"color: #ff0000;\">IERI ALLA RADIO<\/span><\/h2>\n<p>Ospite Manuela Selvestrel, presidente Associazione &#8220;Gocce di Sole&#8221;<\/p>\n<p><strong>AUDIO DALLA RADIO\u00a0<\/strong><\/p>\n<audio class=\"wp-audio-shortcode\" id=\"audio-206523-6\" preload=\"none\" style=\"width: 100%;\" controls=\"controls\"><source type=\"audio\/mpeg\" src=\"https:\/\/www.radiopiu.net\/wordpress\/wp-content\/uploads\/2021\/04\/MANUELA-SELVESTREL-1.mp3?_=6\" \/><a href=\"https:\/\/www.radiopiu.net\/wordpress\/wp-content\/uploads\/2021\/04\/MANUELA-SELVESTREL-1.mp3\">https:\/\/www.radiopiu.net\/wordpress\/wp-content\/uploads\/2021\/04\/MANUELA-SELVESTREL-1.mp3<\/a><\/audio>\n<p>&nbsp;<\/p>\n<p><strong>VIDEO ALLA RADIO\u00a0<\/strong><\/p>\n<p>https:\/\/www.facebook.com\/Mirkomezziano\/videos\/2951817785100988<\/p>\n<p>&nbsp;<\/p>\n<p><strong>DAL NOTIZIARIO DI RADIO PIU<\/strong><\/p>\n<p>CLICCA ED ENTRA NELLA NOTIZIA<\/p>\n<p>&nbsp;<\/p>\n<blockquote class=\"wp-embedded-content\" data-secret=\"hXuDSm4oyb\"><p><a href=\"https:\/\/www.radiopiu.net\/wordpress\/due-concorsi-musicali-a-belluno-il-concorso-nazionale-musicale-citta-di-belluno-e-il-concorso-internazionale-di-canto-lirico\/\">DUE CONCORSI MUSICALI A BELLUNO. IL CONCORSO NAZIONALE MUSICALE CITTA&#8217; DI BELLUNO E IL CONCORSO INTERNAZIONALE DI CANTO LIRICO<\/a><\/p><\/blockquote>\n<p><iframe loading=\"lazy\" class=\"wp-embedded-content\" sandbox=\"allow-scripts\" security=\"restricted\" style=\"position: absolute; clip: rect(1px, 1px, 1px, 1px);\" title=\"&#8220;DUE CONCORSI MUSICALI A BELLUNO. IL CONCORSO NAZIONALE MUSICALE CITTA&#8217; DI BELLUNO E IL CONCORSO INTERNAZIONALE DI CANTO LIRICO&#8221; &#8212; Radio Pi\u00f9\" src=\"https:\/\/www.radiopiu.net\/wordpress\/due-concorsi-musicali-a-belluno-il-concorso-nazionale-musicale-citta-di-belluno-e-il-concorso-internazionale-di-canto-lirico\/embed\/#?secret=hXuDSm4oyb\" data-secret=\"hXuDSm4oyb\" width=\"600\" height=\"338\" frameborder=\"0\" marginwidth=\"0\" marginheight=\"0\" scrolling=\"no\"><\/iframe><\/p>\n<p>&nbsp;<\/p>\n<p>&nbsp;<\/p>\n<p>&nbsp;<\/p>\n<hr \/>\n<p>&nbsp;<\/p>\n<blockquote>\n<h3>CHIUSURE NOTTURNE A FELTRE TRA VIA FOLLI, VIALE MONTEGRAPPA E VIALE DEL PIAVE<\/h3>\n<\/blockquote>\n<p><strong><a href=\"https:\/\/www.radiopiu.net\/wordpress\/giornale-radiopiu-25-aprile-2021-direttore-mirko-mezzacasa\/lavori-asfalto\/\" rel=\"attachment wp-att-205540\"><img loading=\"lazy\" decoding=\"async\" class=\"wp-image-205540 alignleft\" src=\"https:\/\/www.radiopiu.net\/wordpress\/wp-content\/uploads\/2021\/04\/lavori-asfalto-300x225.jpg\" alt=\"\" width=\"163\" height=\"122\" srcset=\"https:\/\/www.radiopiu.net\/wordpress\/wp-content\/uploads\/2021\/04\/lavori-asfalto-300x225.jpg 300w, https:\/\/www.radiopiu.net\/wordpress\/wp-content\/uploads\/2021\/04\/lavori-asfalto-1024x768.jpg 1024w, https:\/\/www.radiopiu.net\/wordpress\/wp-content\/uploads\/2021\/04\/lavori-asfalto-768x576.jpg 768w, https:\/\/www.radiopiu.net\/wordpress\/wp-content\/uploads\/2021\/04\/lavori-asfalto-1536x1152.jpg 1536w, https:\/\/www.radiopiu.net\/wordpress\/wp-content\/uploads\/2021\/04\/lavori-asfalto.jpg 1920w\" sizes=\"auto, (max-width: 163px) 100vw, 163px\" \/><\/a> <\/strong><\/p>\n<p><strong>\u00a0<\/strong><\/p>\n<p><strong>FELTRE<\/strong> Lavori notturni di asfaltatura a Feltre nelle serate del 28, 29 e 30 aprile. L&#8217;ordinanza arriva dal sindaco Paolo Perenzin che vieta il transito in orario notturno, dalle 20 e le 7, in via Folli, Viale Monte Grappa e Viale del Piave dove l&#8217;azienda Mu.Bre Costruzioni sar\u00e0 al lavoro per la fresatura e la realizzazione del tappeto d&#8217;usura. Il divieto di transito riguarda tutti i veicoli, cicli e motocicli, esclusi gli autobus.<\/p>\n<p>&nbsp;<\/p>\n<p>&nbsp;<\/p>\n<hr \/>\n<p>&nbsp;<\/p>\n<blockquote>\n<h3>OGGI IL CONSIGLIO COMUNALE A COLLE SANTA LUCIA<strong style=\"font-size: 14px;\">\u00a0<\/strong><\/h3>\n<\/blockquote>\n<p><strong>COLLE SANTA LUCIA<\/strong> Si svolger\u00e0 a porte chiuse oggi alle 19 presso la sala consigliare del municipio di Colle Santa Lucia il consiglio comunale convocato dal sindaco Paolo Frena. Cinque i punti da discutere tra cui la prima variazione al bilancio 2021-2023, l&#8217;accordo di collaborazione con l&#8217;istitut cultural ladin Cesa de Jan e la riclassificazione delle aree verdi.<\/p>\n<p>&nbsp;<\/p>\n<p>&nbsp;<\/p>\n<hr \/>\n<p>&nbsp;<\/p>\n<blockquote>\n<h3>OGGI SERA IN PROGRAMMA IL CONSIGLIO COMUNALE DI CENCENIGHE<\/h3>\n<\/blockquote>\n<p><strong>CENCENIGHE<\/strong> Il sindaco di Cencenighe Mauro Soppelsa ha convocato il consiglio comunale per oggi alle 21. Saranno 3 i punti da discutere: la lettura e approvazione della seduta precedente, il regolamento e la disciplina del canone patrimoniale di occupazione del suolo pubblico e di esposizione pubblicitaria e l&#8217;approvazione della convenzione con l&#8217;Unione Montana Agordina per la gestione associata del servizio tributi e la riscossione delle entrate comunali.<\/p>\n<p>&nbsp;<\/p>\n<p>&nbsp;<\/p>\n<hr \/>\n<p>&nbsp;<\/p>\n<blockquote>\n<h3>ESPERIENZE DI RECUPERO E RILANCIO DELLA BIODIVERSIT\u00c0 NELLE COLTIVAZIONI ALPINE: IL PROGETTO BIO COL ALP AL FORUM DELL\u2019AGRICOLTURA DI MONTAGNA<\/h3>\n<\/blockquote>\n<p><strong><a href=\"https:\/\/www.radiopiu.net\/wordpress\/esperienze-di-recupero-e-rilancio-della-biodiversita-nelle-coltivazioni-alpine-il-progetto-bio-col-alp-al-forum-dellagricoltura-di-montagna\/bio-col-alp-progetto\/\" rel=\"attachment wp-att-206603\"><img loading=\"lazy\" decoding=\"async\" class=\"size-medium wp-image-206603 alignleft\" src=\"https:\/\/www.radiopiu.net\/wordpress\/wp-content\/uploads\/2021\/04\/Bio-Col-Alp-progetto-300x200.jpg\" alt=\"\" width=\"300\" height=\"200\" srcset=\"https:\/\/www.radiopiu.net\/wordpress\/wp-content\/uploads\/2021\/04\/Bio-Col-Alp-progetto-300x200.jpg 300w, https:\/\/www.radiopiu.net\/wordpress\/wp-content\/uploads\/2021\/04\/Bio-Col-Alp-progetto-1024x684.jpg 1024w, https:\/\/www.radiopiu.net\/wordpress\/wp-content\/uploads\/2021\/04\/Bio-Col-Alp-progetto-768x513.jpg 768w, https:\/\/www.radiopiu.net\/wordpress\/wp-content\/uploads\/2021\/04\/Bio-Col-Alp-progetto-1536x1025.jpg 1536w, https:\/\/www.radiopiu.net\/wordpress\/wp-content\/uploads\/2021\/04\/Bio-Col-Alp-progetto.jpg 2000w\" sizes=\"auto, (max-width: 300px) 100vw, 300px\" \/><\/a>LONGARONE <\/strong>Nell\u2019ambito del Forum dell\u2019Agricoltura di Montagna, organizzato da Longarone Fiere Dolomiti, e su proposta dell\u2019Ordine dei Dottori Agronomi e Dottori Forestali della Provincia di Belluno, il pomeriggio di oggi \u00e8 dedicato al tema della biodiversit\u00e0 coltivata. In questa occasione verranno evidenziati i primi risultati del progetto di recupero e rilancio della biodiversit\u00e0 nelle coltivazioni alpine \u2013 una gestione sostenibile negli orti e nei campi dell\u2019Alto Agordino (ITA) e di Assling (AUT), identificato anche con il pi\u00f9 sintetico acronimo di Bio Col Alp. Tale iniziativa vede la partecipazione congiunta, nell\u2019ambito del programma INTERREG V Italia-Austria, di quattro Comuni compresi nel GAL Alto Bellunese (San Tomaso Agordino; Rocca Pietore; Livinallongo del Col di Lana; Vallada Agordina) e del Comune austriaco di Assling (partner transfrontaliero). Questi cinque territori di montagna sono uniti dall\u2019intento di valorizzare l\u2019importante patrimonio di conoscenze legato alle coltivazioni locali, praticate in famiglia e su piccola scala: con esse sono giunte fino a noi variet\u00e0 adattate al territorio, usanze, pratiche di indubbio interesse. IL PROGETTO BIO COL ALP\u201d, si terr\u00e0, all\u2019interno del programma del Forum dell\u2019Agricoltura di Montagna, oggi dalle 17 alle 19, e trasmesso in diretta streaming in home page <a href=\"https:\/\/forum.agrimont.it\">forum.agrimont.it<\/a>.<\/p>\n<p>&nbsp;<\/p>\n<p>&nbsp;<\/p>\n<hr \/>\n<p>&nbsp;<\/p>\n<blockquote>\n<h3>&#8220;EMIGRAZIONE DALLE DOLOMITI NEL CORSO DEL NOVECENTO&#8221;, LA PRESENTAZIONE DEL LIBRO ONLINE<\/h3>\n<\/blockquote>\n<p><strong><a href=\"https:\/\/www.radiopiu.net\/wordpress\/giornale-radiopiu-28-aprile-2021-direttore-mirko-mezzacasa\/libro_palla_dolomiti\/\" rel=\"attachment wp-att-206191\"><img loading=\"lazy\" decoding=\"async\" class=\" wp-image-206191 alignleft\" src=\"https:\/\/www.radiopiu.net\/wordpress\/wp-content\/uploads\/2021\/04\/libro_palla_dolomiti-212x300.jpg\" alt=\"\" width=\"156\" height=\"221\" srcset=\"https:\/\/www.radiopiu.net\/wordpress\/wp-content\/uploads\/2021\/04\/libro_palla_dolomiti-212x300.jpg 212w, https:\/\/www.radiopiu.net\/wordpress\/wp-content\/uploads\/2021\/04\/libro_palla_dolomiti-724x1024.jpg 724w, https:\/\/www.radiopiu.net\/wordpress\/wp-content\/uploads\/2021\/04\/libro_palla_dolomiti-768x1086.jpg 768w, https:\/\/www.radiopiu.net\/wordpress\/wp-content\/uploads\/2021\/04\/libro_palla_dolomiti-1086x1536.jpg 1086w, https:\/\/www.radiopiu.net\/wordpress\/wp-content\/uploads\/2021\/04\/libro_palla_dolomiti.jpg 1240w\" sizes=\"auto, (max-width: 156px) 100vw, 156px\" \/><\/a> <\/strong><\/p>\n<p><strong>\u00a0<\/strong><\/p>\n<p><strong>BELLUNO<\/strong> L\u2019Associazione Bellunesi nel Mondo e l\u2019Istitut Cultural Ladin \u201cCesa de Jan\u201d, in collaborazione con la Biblioteca delle migrazioni \u201cDino Buzzati\u201d, il Centro studi sulle migrazioni \u201cAletheia\u201d, il MiM Belluno e Radio ABM, organizzano la presentazione on line della nuova pubblicazione della storica Luciana Palla \u201cEmigrazione dalle Dolomiti nel corso del Novecento. Storie di esodo da Colle Santa Lucia, Livinallongo e Rocca Pietore\u201d. L\u2019evento sar\u00e0 trasmesso, in diretta, dalle pagine Facebook dell\u2019Associazione Bellunesi nel Mondo e dell\u2019Istituto Cultural Ladin &#8211; oltre che dal canale YouTube dell\u2019Abm &#8211; domani con inizio alle 18.00. Interverranno Oscar De Bona, presidente Abm, Denni Dorigo, direttore dell\u2019Istitut Cultural Ladin \u201cCesa de Jan\u201d, lo storico Paolo Conte e l\u2019autrice Luciana Palla. A moderare l\u2019evento Dino Bridda, direttore responsabile della rivista \u201cBellunesi nel mondo\u201d.<\/p>\n<p>&nbsp;<\/p>\n<p>&nbsp;<\/p>\n<p>&nbsp;<\/p>\n<hr \/>\n<p>&nbsp;<\/p>\n<blockquote>\n<h3>DOMENICA LA PREMIAZIONE DEL CONCORSO &#8220;SOSPIROLO TRA LEGGENDE E MISTERI&#8221;<\/h3>\n<\/blockquote>\n<p><strong><a href=\"https:\/\/www.radiopiu.net\/wordpress\/giornale-radiopiu-28-aprile-2021-direttore-mirko-mezzacasa\/misteri20_def_completo_page-0001\/\" rel=\"attachment wp-att-206178\"><img loading=\"lazy\" decoding=\"async\" class=\"size-medium wp-image-206178 alignleft\" src=\"https:\/\/www.radiopiu.net\/wordpress\/wp-content\/uploads\/2021\/04\/Misteri20_DEF_COMPLETO_page-0001-300x215.jpg\" alt=\"\" width=\"300\" height=\"215\" srcset=\"https:\/\/www.radiopiu.net\/wordpress\/wp-content\/uploads\/2021\/04\/Misteri20_DEF_COMPLETO_page-0001-300x215.jpg 300w, https:\/\/www.radiopiu.net\/wordpress\/wp-content\/uploads\/2021\/04\/Misteri20_DEF_COMPLETO_page-0001-1024x735.jpg 1024w, https:\/\/www.radiopiu.net\/wordpress\/wp-content\/uploads\/2021\/04\/Misteri20_DEF_COMPLETO_page-0001-768x552.jpg 768w, https:\/\/www.radiopiu.net\/wordpress\/wp-content\/uploads\/2021\/04\/Misteri20_DEF_COMPLETO_page-0001-1536x1103.jpg 1536w, https:\/\/www.radiopiu.net\/wordpress\/wp-content\/uploads\/2021\/04\/Misteri20_DEF_COMPLETO_page-0001.jpg 1760w\" sizes=\"auto, (max-width: 300px) 100vw, 300px\" \/><\/a>SOSPIROLO <\/strong>Si terr\u00e0 domenica 2 maggio alle 10.30 la cerimonia di premiazione del Concorso letterario &#8220;Sospirolo tra leggende e misteri&#8221; 2020 (undicesima edizione).\u00a0 Per il pubblico sar\u00e0 possibile seguirla online sulla pagina Facebook &#8220;Pro Loco Monti del Sole di Sospirolo\u201d visibile anche a chi non \u00e8 iscritto al social network (link raggiungibile anche dal sito <a href=\"http:\/\/www.sospirolo.net\/\">www.sospirolo.net<\/a>).\u00a0 L\u2019organizzazione \u00e8 curata dalla Pro loco al fianco della biblioteca civica comunale con molti partner; a presiedere la giuria \u00e8 la scrittrice Antonia Arslan, cittadina onoraria di Sospirolo, che ha lavorato al fianco di Alba Barattin, Rosetta Girotto Cannarella, Gianluca Da Poian e Pierluigi Svaluto Moreolo. \u00c8 dedicata al ricordo di Gianluigi Secco, ricercatore ed etnomusicologo, mancato l\u2019anno scorso, che ha contribuito alla stesura del bando proprio di quest\u2019edizione.<\/p>\n<p>&nbsp;<\/p>\n<p>&nbsp;<\/p>\n<p>&nbsp;<\/p>\n<p>&nbsp;<\/p>\n<hr \/>\n<p>&nbsp;<\/p>\n<blockquote>\n<h2>30 MAGGIO, PALAFELTRE NOMADI IN CONCERTO &#8211; DATA ZERO<\/h2>\n<\/blockquote>\n<div dir=\"auto\"><span style=\"color: #ff0000;\"><strong>DALLA PAGINA UFFICIALE DEI NOMADI<\/strong><\/span><\/div>\n<div dir=\"auto\"><\/div>\n<div dir=\"auto\"><strong>FELTRE<\/strong> Con grande gioia annunciamo l\u2019inizio del nostro tour 2021. Domenica 30 MAGGIO ore 16.30 FELTRE (BL) &#8211; PalaFeltre.\u00a0 A brevissimo sar\u00e0 attivata la prevendita <a class=\"oajrlxb2 g5ia77u1 qu0x051f esr5mh6w e9989ue4 r7d6kgcz rq0escxv nhd2j8a9 nc684nl6 p7hjln8o kvgmc6g5 cxmmr5t8 oygrvhab hcukyx3x jb3vyjys rz4wbd8a qt6c0cv9 a8nywdso i1ao9s8h esuyzwwr f1sip0of lzcic4wl q66pz984 gpro0wi8 b1v8xokw\" tabindex=\"0\" role=\"link\" href=\"https:\/\/www.facebook.com\/hashtag\/lamusicanonsiferma?__eep__=6&amp;__cft__[0]=AZXF0ytamgTRYZvXX4jy3QrGzUJpoW1-vPmFpJxejb4ugjlqH6xqgb-BqSnbxCUNb7Ip8Q2ceL-pu9rLtKCD96z1LcW0ieLQFNZK3nNtmcdIhIGMFGhsvWoXQmEJSTUvaHaUy15OANH42KG1U4sngwPH&amp;__tn__=*NK-R\">#lamusicanonsiferma<\/a> <a class=\"oajrlxb2 g5ia77u1 qu0x051f esr5mh6w e9989ue4 r7d6kgcz rq0escxv nhd2j8a9 nc684nl6 p7hjln8o kvgmc6g5 cxmmr5t8 oygrvhab hcukyx3x jb3vyjys rz4wbd8a qt6c0cv9 a8nywdso i1ao9s8h esuyzwwr f1sip0of lzcic4wl q66pz984 gpro0wi8 b1v8xokw\" tabindex=\"0\" role=\"link\" href=\"https:\/\/www.facebook.com\/hashtag\/nomadi?__eep__=6&amp;__cft__[0]=AZXF0ytamgTRYZvXX4jy3QrGzUJpoW1-vPmFpJxejb4ugjlqH6xqgb-BqSnbxCUNb7Ip8Q2ceL-pu9rLtKCD96z1LcW0ieLQFNZK3nNtmcdIhIGMFGhsvWoXQmEJSTUvaHaUy15OANH42KG1U4sngwPH&amp;__tn__=*NK-R\">#nomadi.<\/a><\/div>\n<div dir=\"auto\"><img loading=\"lazy\" decoding=\"async\" class=\"\" src=\"https:\/\/www.radiopiu.net\/wordpress\/wp-content\/uploads\/2021\/04\/180539277_349238196573423_8469987877907970181_n-300x300.jpg\" width=\"409\" height=\"409\" \/><\/div>\n<hr \/>\n<h3><\/h3>\n<h3><span style=\"color: #ff99cc;\"><strong>GIRO D&#8217;ITALIA 2021\u00a0 <\/strong><strong>LA TAPPA NELL&#8217;AGORDINO<\/strong><\/span><\/h3>\n<a href=\"https:\/\/www.radiopiu.net\/wordpress\/wp-content\/uploads\/2021\/04\/giro-italia-sacile-cortina.pdf\" class=\"pdfemb-viewer\" style=\"\" data-width=\"max\" data-height=\"max\" data-toolbar=\"top\" data-toolbar-fixed=\"on\">giro italia sacile cortina<\/a>\n<p>&nbsp;<\/p>\n<p>&nbsp;<\/p>\n<hr \/>\n<p>&nbsp;<\/p>\n<blockquote>\n<h3><span class=\"tojvnm2t a6sixzi8 abs2jz4q a8s20v7p t1p8iaqh k5wvi7nf q3lfd5jv pk4s997a bipmatt0 cebpdrjk qowsmv63 owwhemhu dp1hu0rb dhp61c6y iyyx5f41\">PIETRO STILETTTO (SORTE) TAMBRESE \u201cSCALPELLINO DALLE MANINE D\u2019ORO\u201d ED I TRE \u201cSARTI DELLE CATTEDRALI\u201d<\/span><\/h3>\n<\/blockquote>\n<p><strong>di RENATO BONA<\/strong><\/p>\n<p><span class=\"tojvnm2t a6sixzi8 abs2jz4q a8s20v7p t1p8iaqh k5wvi7nf q3lfd5jv pk4s997a bipmatt0 cebpdrjk qowsmv63 owwhemhu dp1hu0rb dhp61c6y iyyx5f41\"><strong>ALPAGO<\/strong> Era giunto in Germania come esperto muratore e scalpellino (era proprietario di una cava) e, munito di eccezionale ed acuto ingegno, di intelligenza aperta e sottile e di buon occhio, divenne prima caposquadra, poi capomastro e assistente e quindi direttore generale dei lavori dell\u2019impresa da cui dipendeva, qualifica che spettava solo ad un architetto o ingegnere\u201d. Cos\u00ec il maestro Mario De Nale nel suo libro dell\u2019agosto 1978 \u201cPersonaggi illustri dell\u2019Alpago e Ponte nelle Alpi\u201d introduceva la figura di Pietro Stiletto (Sorte), nato a Tambre il 14 aprile 1867 e mortovi il 28 marzo 1937. Un personaggio \u201cche si era fatto un buon nome nell\u2019ultimo decennio dello scorso secolo e primo di questo, nel ramo dei lavori pubblici e segnatamente in quello della costruzione di ponti nella Vestfalia (Germania)\u201d. L\u2019autore ricordava quindi che molti ponti come l\u2019\u201cAdolfo\u201d di Lussemburgo e quelli di W\u00fchdingghausen e Audun le Tiche sono noti anche come \u201cponti di Stiletto\u201d. Grazie all\u2019interessamento del nostro, furono numerosi i muratori e scalpellini di Tambre che lavorarono in Germania e non pochi quelli che divennero capisquadra scalpellini e maestri di ornato. E citava in proposito: Andrea Bortoluzzi (Isela), nato a Tambre il 25 giugno 1868 e mancato a Metz in Francia il 16 gennaio1 943, Vincenzo Bona (Bensa), pure di Tambre dove era nato il 7 aprile 1881 e morto a Belluno il 6 ottobre 1961; Giovanni Lavina (Masina) nato a Tambre l\u201911 maggio 1880 e morto a Belluno l\u201911 settembre 1865. Costoro avrebbero costituito una specie di societ\u00e0 specializzata soprattutto in lavori di restauro di cattedrali e monumenti, con una sessantina di scalpellini nella maggior parte tambresi e coetanei, squadra che a mano a mano si rafforzava con nuove leve come: Marco De March (Prussia), 1885-1951 con i figli Ernesto, Oreste e Eugenio; i fratelli Bortoluzzi Gino, Giacomo, Celeste (Chinet) e Antonio (Toti) nato a Tambre il 5 settembre 1887 e morto a Tambre il 22 gennaio 1971; Bortoluzzi Giuseppe (Baco), 1885; i fratelli Lavina Augusto Fiorello e Stanislao; Bortoluzzi Lorenzo (Isela), 1855-1899, autore delle statue delle sante Lucia e Apollonia che figurano ai lati dell\u2019altare della Madonna, nella chiesa di Tambre; ancora: Bona Antonio (Pistor), autore del Monumento ai Caduti di Betemburg (Lussemburgo) e decoratore del castello di Longwy Bas (Francia); Bona Domenico (Sindachet), 1883; Fiori Angelo (Barnaba), 1890-1955, Miotti Lorenzo (1901). De Nale aggiungeva: \u201cPer meglio distribuirsi il lavoro in modo da poter operare in tutta l\u2019Alsazia e Lorena, si sarebbero distribuiti pure il territorio: Andrea Bortoluzzi con i figli Guido, Domenico e Enrico aveva le basi a Verdun, Toul e Nancy; Vincenzo Bona col fratello Ulisse, a Longwy; Lavina Giovanni col fratello Giuseppe (1886) a Metz. Ovviamente, a seconda delle esigenze, si scambiavano anche gli scalpellini; e il buon nome si diffuse presto in tutto il dipartimento, cos\u00ec le richieste erano sempre superiori alle possibilit\u00e0\u201d. In cosa consisteva l\u2019impegno lavorativo di questi italiani all\u2019estero? \u201cIl loro lavoro specifico era di preparare pietre ornamentali per nuove costruzioni col sistema di ornato e \u2018ravalement\u2019; di restaurare statue sgretolate e di togliere le pietre corrose dal tempo e che formavano i rosoni e i cornicioni delle cattedrali e dei monumenti per sostituirle con altre di nuovo scolpite nei laboratori o nelle cave, per cui una buona parte delle cattedrali dell\u2019Alsazia e Lorena cambiarono la loro veste originaria per indossarne una di nuova, quella uscita dalle preziose punte dei bravi scalpellini emigranti tambresi, alcuni dei quali emersero diventando anche scultori apprezzati che lasciarono molte tracce della loro bravura come Domenico Bortoluzzi (Isela), Angelo Fiori (Barnaba) e Augusto Fiorello Lavina (Masina). Il primo, figlio di Andrea, nacque a Langenbrand in Germania l\u20198 gennaio 1908 e morto a Vandeuvre in Francia, il 15 dicembre 1977, abitava a Toul dirimpetto alla cattedrale della citt\u00e0, in una casupola cui era annesso un laboratorio per la lavorazione della pietra. Il suo lavoro di circa 40 anni fu dedicato esclusivamente alla cattedrale: una dopo l\u2019altra le secolari pietre dei cornicioni, dei rosoni ed altri rivestimenti furono abilmente tolte per dar posto a quelle nuove uscite dal suo laboratorio: \u201crecavano sempre impressa la personalit\u00e0 dell\u2019artista, il suo palpito spirituale trasmesso dal martello, l\u2019originalit\u00e0 della sua idea artistica; per cui i rosoni e i cornicioni, anche con l\u2019aggiunta di alcune sue statue a quelle restaurate, formano il nuovo vestito fatto indossare alla cattedrale, e costituiscono il suo capolavoro, come se la medesima fosse una sua opera. E il riconoscimento di queste affermazioni doveva essere confermato dal discorso del sindaco della citt\u00e0, pronunciato davanti alle autorit\u00e0 nel giorno del collaudo dei lavori, e della medaglia d\u2019oro consegnatagli dal ministro della cultura Duhamel, giunto appositamente dalla capitale\u201d. Angelo Fiori (Barnaba), nato a Tambre il 29 settembre1890 e morto a Belluno il 30 agosto 1955 era cos\u00ec raccontato dal figlio Sergio: \u201cQuando giunsi a Metz, alcuni conoscenti mi fecero fare un giro nella citt\u00e0 e dintorni per mostrarmi le opere che aveva realizzato mio padre. Di tutto ci\u00f2 che mi fu mostrato, ricordo di aver ammirato le teste di leone del palazzo Rodeghiero di Audun le Tiche: una enorme statua recante tra le braccia un caduto nell\u2019atteggiamento di offrirlo all\u2019arco dei trionfi che stava davanti, in una piazza di Metz; una bella statua della Madonna nella chiesa di Sainte Marie aux Chenes; le pietre ornamentali dei grandi \u2018bureaux di Hayange\u2019 e quelle di un ponte della citt\u00e0 di Lussemburgo; le decorazioni del castello dei De Wandel, ad Hayange\u201d. Infine Augusto Fiorello Lavina (Masina), nato a Tambre il 18 agosto 1907; come scalpellino, assieme al fratello Stanislao e ad amici, prepar\u00f2 le pietre ornamentali del ponte Druso di Bolzano, poi distrutto. Come decoratore fu scelto per il restauro di tutte le statue sgretolate della chiesa situata in Rue de ma Mere, sulla strada di Lussemburgo. Come scultore, nella chiesa di Erzen presso La Rochelle, in Lussemburgo, scolp\u00ec la statua della Madonna di Fatima e i due angioletti dell\u2019altare del Sacro Sepolcro, uno con una colomba in mano e l\u2019altro con un giglio. Nel cimitero di Borsoi d\u2019Alpago si possono ammirare due suoi bassorilievi raffiguranti un Cristo e l\u2019Addolorata col Cristo in braccio. <\/span><\/p>\n<p>&nbsp;<\/p>\n\n\t\t\t<style type='text\/css'>\n\t\t\t\t#gallery-3 {\n\t\t\t\t\tmargin: auto;\n\t\t\t\t}\n\t\t\t\t#gallery-3 .gallery-item {\n\t\t\t\t\tfloat: left;\n\t\t\t\t\tmargin-top: 10px;\n\t\t\t\t\ttext-align: center;\n\t\t\t\t\twidth: 33%;\n\t\t\t\t}\n\t\t\t\t#gallery-3 img {\n\t\t\t\t\tborder: 2px solid #cfcfcf;\n\t\t\t\t}\n\t\t\t\t#gallery-3 .gallery-caption {\n\t\t\t\t\tmargin-left: 0;\n\t\t\t\t}\n\t\t\t\t\/* see gallery_shortcode() in wp-includes\/media.php *\/\n\t\t\t<\/style>\n\t\t<div id='gallery-3' class='dt-gallery-container gallery galleryid-206523 gallery-columns-3 gallery-size-thumbnail'><dl class='gallery-item'>\n\t\t\t\t<dt class='gallery-icon landscape'>\n\t\t\t\t\t<a class=\"rollover rollover-zoom dt-pswp-item\" title=\"180417168_770432177169766_4582120245034487962_n\" data-dt-img-description=\"\" data-large_image_width=\"310\" data-large_image_height=\"206\"href='https:\/\/www.radiopiu.net\/wordpress\/wp-content\/uploads\/2021\/04\/180417168_770432177169766_4582120245034487962_n.jpg'><img loading=\"lazy\" decoding=\"async\" width=\"150\" height=\"150\" src=\"https:\/\/www.radiopiu.net\/wordpress\/wp-content\/uploads\/2021\/04\/180417168_770432177169766_4582120245034487962_n-150x150.jpg\" class=\"attachment-thumbnail size-thumbnail\" alt=\"\" \/><\/a>\n\t\t\t\t<\/dt><\/dl><dl class='gallery-item'>\n\t\t\t\t<dt class='gallery-icon landscape'>\n\t\t\t\t\t<a class=\"rollover rollover-zoom dt-pswp-item\" title=\"180033718_787429732167128_4028673640903773071_n\" data-dt-img-description=\"\" data-large_image_width=\"352\" data-large_image_height=\"206\"href='https:\/\/www.radiopiu.net\/wordpress\/wp-content\/uploads\/2021\/04\/180033718_787429732167128_4028673640903773071_n.jpg'><img loading=\"lazy\" decoding=\"async\" width=\"150\" height=\"150\" src=\"https:\/\/www.radiopiu.net\/wordpress\/wp-content\/uploads\/2021\/04\/180033718_787429732167128_4028673640903773071_n-150x150.jpg\" class=\"attachment-thumbnail size-thumbnail\" alt=\"\" \/><\/a>\n\t\t\t\t<\/dt><\/dl><dl class='gallery-item'>\n\t\t\t\t<dt class='gallery-icon portrait'>\n\t\t\t\t\t<a class=\"rollover rollover-zoom dt-pswp-item\" title=\"180446424_254494459697792_1861469979016762137_n\" data-dt-img-description=\"\" data-large_image_width=\"153\" data-large_image_height=\"225\"href='https:\/\/www.radiopiu.net\/wordpress\/wp-content\/uploads\/2021\/04\/180446424_254494459697792_1861469979016762137_n.jpg'><img loading=\"lazy\" decoding=\"async\" width=\"150\" height=\"150\" src=\"https:\/\/www.radiopiu.net\/wordpress\/wp-content\/uploads\/2021\/04\/180446424_254494459697792_1861469979016762137_n-150x150.jpg\" class=\"attachment-thumbnail size-thumbnail\" alt=\"\" \/><\/a>\n\t\t\t\t<\/dt><\/dl><br style=\"clear: both\" \/><dl class='gallery-item'>\n\t\t\t\t<dt class='gallery-icon landscape'>\n\t\t\t\t\t<a class=\"rollover rollover-zoom dt-pswp-item\" title=\"179513720_1182711768847012_5107697381462778105_n\" data-dt-img-description=\"\" data-large_image_width=\"280\" data-large_image_height=\"199\"href='https:\/\/www.radiopiu.net\/wordpress\/wp-content\/uploads\/2021\/04\/179513720_1182711768847012_5107697381462778105_n.jpg'><img loading=\"lazy\" decoding=\"async\" width=\"150\" height=\"150\" src=\"https:\/\/www.radiopiu.net\/wordpress\/wp-content\/uploads\/2021\/04\/179513720_1182711768847012_5107697381462778105_n-150x150.jpg\" class=\"attachment-thumbnail size-thumbnail\" alt=\"\" \/><\/a>\n\t\t\t\t<\/dt><\/dl><dl class='gallery-item'>\n\t\t\t\t<dt class='gallery-icon landscape'>\n\t\t\t\t\t<a class=\"rollover rollover-zoom dt-pswp-item\" title=\"179758724_2870304106631292_7561116711637349834_n\" data-dt-img-description=\"\" data-large_image_width=\"280\" data-large_image_height=\"199\"href='https:\/\/www.radiopiu.net\/wordpress\/wp-content\/uploads\/2021\/04\/179758724_2870304106631292_7561116711637349834_n.jpg'><img loading=\"lazy\" decoding=\"async\" width=\"150\" height=\"150\" src=\"https:\/\/www.radiopiu.net\/wordpress\/wp-content\/uploads\/2021\/04\/179758724_2870304106631292_7561116711637349834_n-150x150.jpg\" class=\"attachment-thumbnail size-thumbnail\" alt=\"\" \/><\/a>\n\t\t\t\t<\/dt><\/dl><dl class='gallery-item'>\n\t\t\t\t<dt class='gallery-icon portrait'>\n\t\t\t\t\t<a class=\"rollover rollover-zoom dt-pswp-item\" title=\"179230744_750896355587036_6456533414935974411_n\" data-dt-img-description=\"\" data-large_image_width=\"157\" data-large_image_height=\"225\"href='https:\/\/www.radiopiu.net\/wordpress\/wp-content\/uploads\/2021\/04\/179230744_750896355587036_6456533414935974411_n.jpg'><img loading=\"lazy\" decoding=\"async\" width=\"150\" height=\"150\" src=\"https:\/\/www.radiopiu.net\/wordpress\/wp-content\/uploads\/2021\/04\/179230744_750896355587036_6456533414935974411_n-150x150.jpg\" class=\"attachment-thumbnail size-thumbnail\" alt=\"\" \/><\/a>\n\t\t\t\t<\/dt><\/dl><br style=\"clear: both\" \/>\n\t\t\t<\/div>\n\n<p><span class=\"tojvnm2t a6sixzi8 abs2jz4q a8s20v7p t1p8iaqh k5wvi7nf q3lfd5jv pk4s997a bipmatt0 cebpdrjk qowsmv63 owwhemhu dp1hu0rb dhp61c6y iyyx5f41\">NELLE FOTO (riproduzioni dal libro di Mario De Nale): panoramica di Tambre, il paese dell\u2019Alpago che ha dato i natali a diversi \u201cpersonaggi illustri\u201d; secondo da destra, Pietro Stiletto (Sorte), direttore dei lavori davanti ad un ponte in costruzione nella Vestfalia, con i dipendenti; noti scalpellini nella cava; da destra: Celeste Bona, Stiletto, Angelo Fiori, Giuseppe Bortoluzzi (Baco), Antonio Bona (Toti); Domenico Bortoluzzi (Isela) nel suo laboratorio a Toul in Francia; l\u2019artista tambrese mentre ammira un suo lavoro nella cattedrale francese; il rosone nella nuova veste realizzata da Bortoluzzi per la cattedrale di Toul.<\/span><\/p>\n<p>&nbsp;<\/p>\n<hr \/>\n<blockquote>\n<h3><\/h3>\n<h3>LE PART A FEDER di JOHN FRANCIS DELLA PIETRA<\/h3>\n<\/blockquote>\n<p>audio<\/p>\n<audio class=\"wp-audio-shortcode\" id=\"audio-206523-7\" preload=\"none\" style=\"width: 100%;\" controls=\"controls\"><source type=\"audio\/mpeg\" src=\"https:\/\/www.radiopiu.net\/wordpress\/wp-content\/uploads\/2021\/04\/john-feder.mp3?_=7\" \/><a href=\"https:\/\/www.radiopiu.net\/wordpress\/wp-content\/uploads\/2021\/04\/john-feder.mp3\">https:\/\/www.radiopiu.net\/wordpress\/wp-content\/uploads\/2021\/04\/john-feder.mp3<\/a><\/audio>\n<p>&nbsp;<\/p>\n<blockquote><p>Fra la dent\u00a0 Chi da Feder i \u00e8 tra i p\u00ec valent A fa la part de le legne\u00a0 Veramente persone degne Con en sin de fortuna I sta tuti a una No i fa tanta confusion Co se trata de cjole la porzion Da spes anca se al mondo i someja devent\u00e0 mati Lori i se met d accordo e i le vol a pati Chi una doi o trei Ogni fameja la versa i soi schei Par sto tant i ha devozion Na scjona longa da fa emozion Pasada de generazion en generazion Tramandada con passion Come tradizion D intorn casa le arte filade pareciade in mostra Na festa come da piccioi d\u00ec en giostra Tra de lori i se d\u00e0 na man Parch\u00e8 da soli col temp no se va lontan Na bela storia Che resta nte la memoria A contala i ocj luster i \u00e8 devent\u00e0 Segn che valch da inte ll \u00e8 rest\u00e0 Sto an i ha martel\u00e0 de la nef i schianti Tuti i ghe na avest cotanti Valgugn anca rimpianti Par no esse p\u00ec l\u00e0 La mesa a mesed\u00e0 Nte chel bosc che l avea cur\u00e0 Par ani en salvaguardia En vecjo rogna guardia Ma l ha fat la so ora E un doven p\u00ec prestante l \u00e8 ven\u00f9 alora Nte sta bela de Canal frazion Feder sta operazion L \u00e8 na sodisfazion Sul zuita e le aute scor albe e tramonti Veli veli encora na botha i \u00e8 tuti beleche pronti E co na feta de salam e n ombra la storia La storia la finis come semper p\u00f2 en gloria El temp galantom senza sosta el pasa Ma par che l\u00e0 sia restada na traza&#8230;<\/p><\/blockquote>\n<p>&nbsp;<\/p>\n<blockquote>\n<h2>LA PART DI FEDER, COLMEAN E DINTORNI<\/h2>\n<\/blockquote>\n\n\t\t\t<style type='text\/css'>\n\t\t\t\t#gallery-4 {\n\t\t\t\t\tmargin: auto;\n\t\t\t\t}\n\t\t\t\t#gallery-4 .gallery-item {\n\t\t\t\t\tfloat: left;\n\t\t\t\t\tmargin-top: 10px;\n\t\t\t\t\ttext-align: center;\n\t\t\t\t\twidth: 16%;\n\t\t\t\t}\n\t\t\t\t#gallery-4 img {\n\t\t\t\t\tborder: 2px solid #cfcfcf;\n\t\t\t\t}\n\t\t\t\t#gallery-4 .gallery-caption {\n\t\t\t\t\tmargin-left: 0;\n\t\t\t\t}\n\t\t\t\t\/* see gallery_shortcode() in wp-includes\/media.php *\/\n\t\t\t<\/style>\n\t\t<div id='gallery-4' class='dt-gallery-container gallery galleryid-206523 gallery-columns-6 gallery-size-thumbnail'><dl class='gallery-item'>\n\t\t\t\t<dt class='gallery-icon portrait'>\n\t\t\t\t\t<a class=\"rollover rollover-zoom dt-pswp-item\" title=\"86905449-11ca-4b38-8d49-1aa5b827f610\" data-dt-img-description=\"\" data-large_image_width=\"899\" data-large_image_height=\"1599\"href='https:\/\/www.radiopiu.net\/wordpress\/wp-content\/uploads\/2021\/04\/86905449-11ca-4b38-8d49-1aa5b827f610.jpg'><img loading=\"lazy\" decoding=\"async\" width=\"150\" height=\"150\" src=\"https:\/\/www.radiopiu.net\/wordpress\/wp-content\/uploads\/2021\/04\/86905449-11ca-4b38-8d49-1aa5b827f610-150x150.jpg\" class=\"attachment-thumbnail size-thumbnail\" alt=\"\" \/><\/a>\n\t\t\t\t<\/dt><\/dl><dl class='gallery-item'>\n\t\t\t\t<dt class='gallery-icon landscape'>\n\t\t\t\t\t<a class=\"rollover rollover-zoom dt-pswp-item\" title=\"5ff4935f-e4e8-4c0a-89e1-cdf1a75cf256\" data-dt-img-description=\"\" data-large_image_width=\"1599\" data-large_image_height=\"899\"href='https:\/\/www.radiopiu.net\/wordpress\/wp-content\/uploads\/2021\/04\/5ff4935f-e4e8-4c0a-89e1-cdf1a75cf256.jpg'><img loading=\"lazy\" decoding=\"async\" width=\"150\" height=\"150\" src=\"https:\/\/www.radiopiu.net\/wordpress\/wp-content\/uploads\/2021\/04\/5ff4935f-e4e8-4c0a-89e1-cdf1a75cf256-150x150.jpg\" class=\"attachment-thumbnail size-thumbnail\" alt=\"\" \/><\/a>\n\t\t\t\t<\/dt><\/dl><dl class='gallery-item'>\n\t\t\t\t<dt class='gallery-icon portrait'>\n\t\t\t\t\t<a class=\"rollover rollover-zoom dt-pswp-item\" title=\"1f3d7388-8407-43a0-ae93-d58b069823b7\" data-dt-img-description=\"\" data-large_image_width=\"899\" data-large_image_height=\"1599\"href='https:\/\/www.radiopiu.net\/wordpress\/wp-content\/uploads\/2021\/04\/1f3d7388-8407-43a0-ae93-d58b069823b7.jpg'><img loading=\"lazy\" decoding=\"async\" width=\"150\" height=\"150\" src=\"https:\/\/www.radiopiu.net\/wordpress\/wp-content\/uploads\/2021\/04\/1f3d7388-8407-43a0-ae93-d58b069823b7-150x150.jpg\" class=\"attachment-thumbnail size-thumbnail\" alt=\"\" \/><\/a>\n\t\t\t\t<\/dt><\/dl><dl class='gallery-item'>\n\t\t\t\t<dt class='gallery-icon landscape'>\n\t\t\t\t\t<a class=\"rollover rollover-zoom dt-pswp-item\" title=\"a4eadcfd-538c-41db-923f-fb68abad03fe\" data-dt-img-description=\"\" data-large_image_width=\"1599\" data-large_image_height=\"899\"href='https:\/\/www.radiopiu.net\/wordpress\/wp-content\/uploads\/2021\/04\/a4eadcfd-538c-41db-923f-fb68abad03fe.jpg'><img loading=\"lazy\" decoding=\"async\" width=\"150\" height=\"150\" src=\"https:\/\/www.radiopiu.net\/wordpress\/wp-content\/uploads\/2021\/04\/a4eadcfd-538c-41db-923f-fb68abad03fe-150x150.jpg\" class=\"attachment-thumbnail size-thumbnail\" alt=\"\" \/><\/a>\n\t\t\t\t<\/dt><\/dl><dl class='gallery-item'>\n\t\t\t\t<dt class='gallery-icon portrait'>\n\t\t\t\t\t<a class=\"rollover rollover-zoom dt-pswp-item\" title=\"1f4e267a-2009-47b8-9ab2-6b6052c0c35c\" data-dt-img-description=\"\" data-large_image_width=\"899\" data-large_image_height=\"1599\"href='https:\/\/www.radiopiu.net\/wordpress\/wp-content\/uploads\/2021\/04\/1f4e267a-2009-47b8-9ab2-6b6052c0c35c.jpg'><img loading=\"lazy\" decoding=\"async\" width=\"150\" height=\"150\" src=\"https:\/\/www.radiopiu.net\/wordpress\/wp-content\/uploads\/2021\/04\/1f4e267a-2009-47b8-9ab2-6b6052c0c35c-150x150.jpg\" class=\"attachment-thumbnail size-thumbnail\" alt=\"\" \/><\/a>\n\t\t\t\t<\/dt><\/dl><dl class='gallery-item'>\n\t\t\t\t<dt class='gallery-icon portrait'>\n\t\t\t\t\t<a class=\"rollover rollover-zoom dt-pswp-item\" title=\"0892368c-22ce-4cbd-b547-bf06263875a4\" data-dt-img-description=\"\" data-large_image_width=\"899\" data-large_image_height=\"1599\"href='https:\/\/www.radiopiu.net\/wordpress\/wp-content\/uploads\/2021\/04\/0892368c-22ce-4cbd-b547-bf06263875a4.jpg'><img loading=\"lazy\" decoding=\"async\" width=\"150\" height=\"150\" src=\"https:\/\/www.radiopiu.net\/wordpress\/wp-content\/uploads\/2021\/04\/0892368c-22ce-4cbd-b547-bf06263875a4-150x150.jpg\" class=\"attachment-thumbnail size-thumbnail\" alt=\"\" \/><\/a>\n\t\t\t\t<\/dt><\/dl><br style=\"clear: both\" \/><dl class='gallery-item'>\n\t\t\t\t<dt class='gallery-icon portrait'>\n\t\t\t\t\t<a class=\"rollover rollover-zoom dt-pswp-item\" title=\"9dad9da4-b4fb-44a6-b509-6dfe9335a157\" data-dt-img-description=\"\" data-large_image_width=\"899\" data-large_image_height=\"1599\"href='https:\/\/www.radiopiu.net\/wordpress\/wp-content\/uploads\/2021\/04\/9dad9da4-b4fb-44a6-b509-6dfe9335a157.jpg'><img loading=\"lazy\" decoding=\"async\" width=\"150\" height=\"150\" src=\"https:\/\/www.radiopiu.net\/wordpress\/wp-content\/uploads\/2021\/04\/9dad9da4-b4fb-44a6-b509-6dfe9335a157-150x150.jpg\" class=\"attachment-thumbnail size-thumbnail\" alt=\"\" \/><\/a>\n\t\t\t\t<\/dt><\/dl><dl class='gallery-item'>\n\t\t\t\t<dt class='gallery-icon landscape'>\n\t\t\t\t\t<a class=\"rollover rollover-zoom dt-pswp-item\" title=\"96c0e3be-077b-4f0f-b1b2-3cdcf9ea87de\" data-dt-img-description=\"\" data-large_image_width=\"1599\" data-large_image_height=\"899\"href='https:\/\/www.radiopiu.net\/wordpress\/wp-content\/uploads\/2021\/04\/96c0e3be-077b-4f0f-b1b2-3cdcf9ea87de.jpg'><img loading=\"lazy\" decoding=\"async\" width=\"150\" height=\"150\" src=\"https:\/\/www.radiopiu.net\/wordpress\/wp-content\/uploads\/2021\/04\/96c0e3be-077b-4f0f-b1b2-3cdcf9ea87de-150x150.jpg\" class=\"attachment-thumbnail size-thumbnail\" alt=\"\" \/><\/a>\n\t\t\t\t<\/dt><\/dl><dl class='gallery-item'>\n\t\t\t\t<dt class='gallery-icon portrait'>\n\t\t\t\t\t<a class=\"rollover rollover-zoom dt-pswp-item\" title=\"4ed30248-55e6-40fc-a6a9-7e73d70934c4\" data-dt-img-description=\"\" data-large_image_width=\"899\" data-large_image_height=\"1599\"href='https:\/\/www.radiopiu.net\/wordpress\/wp-content\/uploads\/2021\/04\/4ed30248-55e6-40fc-a6a9-7e73d70934c4.jpg'><img loading=\"lazy\" decoding=\"async\" width=\"150\" height=\"150\" src=\"https:\/\/www.radiopiu.net\/wordpress\/wp-content\/uploads\/2021\/04\/4ed30248-55e6-40fc-a6a9-7e73d70934c4-150x150.jpg\" class=\"attachment-thumbnail size-thumbnail\" alt=\"\" \/><\/a>\n\t\t\t\t<\/dt><\/dl><dl class='gallery-item'>\n\t\t\t\t<dt class='gallery-icon portrait'>\n\t\t\t\t\t<a class=\"rollover rollover-zoom dt-pswp-item\" title=\"1ac81863-8f7d-48ac-9f77-a7e545ef6aa5\" data-dt-img-description=\"\" data-large_image_width=\"899\" data-large_image_height=\"1599\"href='https:\/\/www.radiopiu.net\/wordpress\/wp-content\/uploads\/2021\/04\/1ac81863-8f7d-48ac-9f77-a7e545ef6aa5.jpg'><img loading=\"lazy\" decoding=\"async\" width=\"150\" height=\"150\" src=\"https:\/\/www.radiopiu.net\/wordpress\/wp-content\/uploads\/2021\/04\/1ac81863-8f7d-48ac-9f77-a7e545ef6aa5-150x150.jpg\" class=\"attachment-thumbnail size-thumbnail\" alt=\"\" \/><\/a>\n\t\t\t\t<\/dt><\/dl><dl class='gallery-item'>\n\t\t\t\t<dt class='gallery-icon landscape'>\n\t\t\t\t\t<a class=\"rollover rollover-zoom dt-pswp-item\" title=\"619dbbc9-63b1-429c-a705-4708e9a95d59\" data-dt-img-description=\"\" data-large_image_width=\"1599\" data-large_image_height=\"899\"href='https:\/\/www.radiopiu.net\/wordpress\/wp-content\/uploads\/2021\/04\/619dbbc9-63b1-429c-a705-4708e9a95d59.jpg'><img loading=\"lazy\" decoding=\"async\" width=\"150\" height=\"150\" src=\"https:\/\/www.radiopiu.net\/wordpress\/wp-content\/uploads\/2021\/04\/619dbbc9-63b1-429c-a705-4708e9a95d59-150x150.jpg\" class=\"attachment-thumbnail size-thumbnail\" alt=\"\" \/><\/a>\n\t\t\t\t<\/dt><\/dl><dl class='gallery-item'>\n\t\t\t\t<dt class='gallery-icon landscape'>\n\t\t\t\t\t<a class=\"rollover rollover-zoom dt-pswp-item\" title=\"c64e0380-23ab-4c5e-81bd-9c532e75ecdf\" data-dt-img-description=\"\" data-large_image_width=\"1599\" data-large_image_height=\"899\"href='https:\/\/www.radiopiu.net\/wordpress\/wp-content\/uploads\/2021\/04\/c64e0380-23ab-4c5e-81bd-9c532e75ecdf.jpg'><img loading=\"lazy\" decoding=\"async\" width=\"150\" height=\"150\" src=\"https:\/\/www.radiopiu.net\/wordpress\/wp-content\/uploads\/2021\/04\/c64e0380-23ab-4c5e-81bd-9c532e75ecdf-150x150.jpg\" class=\"attachment-thumbnail size-thumbnail\" alt=\"\" \/><\/a>\n\t\t\t\t<\/dt><\/dl><br style=\"clear: both\" \/><dl class='gallery-item'>\n\t\t\t\t<dt class='gallery-icon portrait'>\n\t\t\t\t\t<a class=\"rollover rollover-zoom dt-pswp-item\" title=\"4cf88e48-9963-4bdf-992b-a760d989b530\" data-dt-img-description=\"\" data-large_image_width=\"899\" data-large_image_height=\"1599\"href='https:\/\/www.radiopiu.net\/wordpress\/wp-content\/uploads\/2021\/04\/4cf88e48-9963-4bdf-992b-a760d989b530.jpg'><img loading=\"lazy\" decoding=\"async\" width=\"150\" height=\"150\" src=\"https:\/\/www.radiopiu.net\/wordpress\/wp-content\/uploads\/2021\/04\/4cf88e48-9963-4bdf-992b-a760d989b530-150x150.jpg\" class=\"attachment-thumbnail size-thumbnail\" alt=\"\" \/><\/a>\n\t\t\t\t<\/dt><\/dl><dl class='gallery-item'>\n\t\t\t\t<dt class='gallery-icon landscape'>\n\t\t\t\t\t<a class=\"rollover rollover-zoom dt-pswp-item\" title=\"d6a043a4-bd65-4330-94a5-a3cbb6f7058e\" data-dt-img-description=\"\" data-large_image_width=\"1599\" data-large_image_height=\"899\"href='https:\/\/www.radiopiu.net\/wordpress\/wp-content\/uploads\/2021\/04\/d6a043a4-bd65-4330-94a5-a3cbb6f7058e.jpg'><img loading=\"lazy\" decoding=\"async\" width=\"150\" height=\"150\" src=\"https:\/\/www.radiopiu.net\/wordpress\/wp-content\/uploads\/2021\/04\/d6a043a4-bd65-4330-94a5-a3cbb6f7058e-150x150.jpg\" class=\"attachment-thumbnail size-thumbnail\" alt=\"\" \/><\/a>\n\t\t\t\t<\/dt><\/dl><dl class='gallery-item'>\n\t\t\t\t<dt class='gallery-icon portrait'>\n\t\t\t\t\t<a class=\"rollover rollover-zoom dt-pswp-item\" title=\"f94022b1-6556-435c-87a6-f7d1c57031a9\" data-dt-img-description=\"\" data-large_image_width=\"899\" data-large_image_height=\"1599\"href='https:\/\/www.radiopiu.net\/wordpress\/wp-content\/uploads\/2021\/04\/f94022b1-6556-435c-87a6-f7d1c57031a9.jpg'><img loading=\"lazy\" decoding=\"async\" width=\"150\" height=\"150\" src=\"https:\/\/www.radiopiu.net\/wordpress\/wp-content\/uploads\/2021\/04\/f94022b1-6556-435c-87a6-f7d1c57031a9-150x150.jpg\" class=\"attachment-thumbnail size-thumbnail\" alt=\"\" \/><\/a>\n\t\t\t\t<\/dt><\/dl><dl class='gallery-item'>\n\t\t\t\t<dt class='gallery-icon portrait'>\n\t\t\t\t\t<a class=\"rollover rollover-zoom dt-pswp-item\" title=\"15ad3b67-d4a9-4c5e-965e-07cf05e15f87\" data-dt-img-description=\"\" data-large_image_width=\"899\" data-large_image_height=\"1599\"href='https:\/\/www.radiopiu.net\/wordpress\/wp-content\/uploads\/2021\/04\/15ad3b67-d4a9-4c5e-965e-07cf05e15f87.jpg'><img loading=\"lazy\" decoding=\"async\" width=\"150\" height=\"150\" src=\"https:\/\/www.radiopiu.net\/wordpress\/wp-content\/uploads\/2021\/04\/15ad3b67-d4a9-4c5e-965e-07cf05e15f87-150x150.jpg\" class=\"attachment-thumbnail size-thumbnail\" alt=\"\" \/><\/a>\n\t\t\t\t<\/dt><\/dl><dl class='gallery-item'>\n\t\t\t\t<dt class='gallery-icon landscape'>\n\t\t\t\t\t<a class=\"rollover rollover-zoom dt-pswp-item\" title=\"9226c480-3fad-4fab-a3d0-6471d9a54af0\" data-dt-img-description=\"\" data-large_image_width=\"1599\" data-large_image_height=\"899\"href='https:\/\/www.radiopiu.net\/wordpress\/wp-content\/uploads\/2021\/04\/9226c480-3fad-4fab-a3d0-6471d9a54af0.jpg'><img loading=\"lazy\" decoding=\"async\" width=\"150\" height=\"150\" src=\"https:\/\/www.radiopiu.net\/wordpress\/wp-content\/uploads\/2021\/04\/9226c480-3fad-4fab-a3d0-6471d9a54af0-150x150.jpg\" class=\"attachment-thumbnail size-thumbnail\" alt=\"\" \/><\/a>\n\t\t\t\t<\/dt><\/dl><dl class='gallery-item'>\n\t\t\t\t<dt class='gallery-icon portrait'>\n\t\t\t\t\t<a class=\"rollover rollover-zoom dt-pswp-item\" title=\"702dc1fc-e888-4ce2-b55c-99b17d7f5a31\" data-dt-img-description=\"\" data-large_image_width=\"899\" data-large_image_height=\"1599\"href='https:\/\/www.radiopiu.net\/wordpress\/wp-content\/uploads\/2021\/04\/702dc1fc-e888-4ce2-b55c-99b17d7f5a31.jpg'><img loading=\"lazy\" decoding=\"async\" width=\"150\" height=\"150\" src=\"https:\/\/www.radiopiu.net\/wordpress\/wp-content\/uploads\/2021\/04\/702dc1fc-e888-4ce2-b55c-99b17d7f5a31-150x150.jpg\" class=\"attachment-thumbnail size-thumbnail\" alt=\"\" \/><\/a>\n\t\t\t\t<\/dt><\/dl><br style=\"clear: both\" \/><dl class='gallery-item'>\n\t\t\t\t<dt class='gallery-icon landscape'>\n\t\t\t\t\t<a class=\"rollover rollover-zoom dt-pswp-item\" title=\"568e4f84-3df8-42fb-b56c-7cc9f71377b7\" data-dt-img-description=\"\" data-large_image_width=\"1599\" data-large_image_height=\"899\"href='https:\/\/www.radiopiu.net\/wordpress\/wp-content\/uploads\/2021\/04\/568e4f84-3df8-42fb-b56c-7cc9f71377b7.jpg'><img loading=\"lazy\" decoding=\"async\" width=\"150\" height=\"150\" src=\"https:\/\/www.radiopiu.net\/wordpress\/wp-content\/uploads\/2021\/04\/568e4f84-3df8-42fb-b56c-7cc9f71377b7-150x150.jpg\" class=\"attachment-thumbnail size-thumbnail\" alt=\"\" \/><\/a>\n\t\t\t\t<\/dt><\/dl><dl class='gallery-item'>\n\t\t\t\t<dt class='gallery-icon portrait'>\n\t\t\t\t\t<a class=\"rollover rollover-zoom dt-pswp-item\" title=\"e8decbe3-cf25-4723-8388-6e302977d6b1\" data-dt-img-description=\"\" data-large_image_width=\"899\" data-large_image_height=\"1599\"href='https:\/\/www.radiopiu.net\/wordpress\/wp-content\/uploads\/2021\/04\/e8decbe3-cf25-4723-8388-6e302977d6b1.jpg'><img loading=\"lazy\" decoding=\"async\" width=\"150\" height=\"150\" src=\"https:\/\/www.radiopiu.net\/wordpress\/wp-content\/uploads\/2021\/04\/e8decbe3-cf25-4723-8388-6e302977d6b1-150x150.jpg\" class=\"attachment-thumbnail size-thumbnail\" alt=\"\" \/><\/a>\n\t\t\t\t<\/dt><\/dl><dl class='gallery-item'>\n\t\t\t\t<dt class='gallery-icon portrait'>\n\t\t\t\t\t<a class=\"rollover rollover-zoom dt-pswp-item\" title=\"55e6d795-cbe7-4c56-bfbf-1be43f3d4fa6\" data-dt-img-description=\"\" data-large_image_width=\"899\" data-large_image_height=\"1599\"href='https:\/\/www.radiopiu.net\/wordpress\/wp-content\/uploads\/2021\/04\/55e6d795-cbe7-4c56-bfbf-1be43f3d4fa6.jpg'><img loading=\"lazy\" decoding=\"async\" width=\"150\" height=\"150\" src=\"https:\/\/www.radiopiu.net\/wordpress\/wp-content\/uploads\/2021\/04\/55e6d795-cbe7-4c56-bfbf-1be43f3d4fa6-150x150.jpg\" class=\"attachment-thumbnail size-thumbnail\" alt=\"\" \/><\/a>\n\t\t\t\t<\/dt><\/dl><dl class='gallery-item'>\n\t\t\t\t<dt class='gallery-icon landscape'>\n\t\t\t\t\t<a class=\"rollover rollover-zoom dt-pswp-item\" title=\"2dceffbd-21a0-4819-9afb-91b807a93071\" data-dt-img-description=\"\" data-large_image_width=\"1599\" data-large_image_height=\"899\"href='https:\/\/www.radiopiu.net\/wordpress\/wp-content\/uploads\/2021\/04\/2dceffbd-21a0-4819-9afb-91b807a93071.jpg'><img loading=\"lazy\" decoding=\"async\" width=\"150\" height=\"150\" src=\"https:\/\/www.radiopiu.net\/wordpress\/wp-content\/uploads\/2021\/04\/2dceffbd-21a0-4819-9afb-91b807a93071-150x150.jpg\" class=\"attachment-thumbnail size-thumbnail\" alt=\"\" \/><\/a>\n\t\t\t\t<\/dt><\/dl><dl class='gallery-item'>\n\t\t\t\t<dt class='gallery-icon portrait'>\n\t\t\t\t\t<a class=\"rollover rollover-zoom dt-pswp-item\" title=\"c4b9437f-16b2-4e30-b932-b0653d4dc49a\" data-dt-img-description=\"\" data-large_image_width=\"899\" data-large_image_height=\"1599\"href='https:\/\/www.radiopiu.net\/wordpress\/wp-content\/uploads\/2021\/04\/c4b9437f-16b2-4e30-b932-b0653d4dc49a.jpg'><img loading=\"lazy\" decoding=\"async\" width=\"150\" height=\"150\" src=\"https:\/\/www.radiopiu.net\/wordpress\/wp-content\/uploads\/2021\/04\/c4b9437f-16b2-4e30-b932-b0653d4dc49a-150x150.jpg\" class=\"attachment-thumbnail size-thumbnail\" alt=\"\" \/><\/a>\n\t\t\t\t<\/dt><\/dl>\n\t\t\t\t<br style='clear: both' \/>\n\t\t\t<\/div>\n\n<p>&nbsp;<\/p>\n<p>&nbsp;<\/p>\n<hr \/>\n<p>&nbsp;<\/p>\n<blockquote>\n<h3>NELL&#8217;ALBUM DEI RICORDI L&#8217;AMICO LUCIANO DAL PONT, IN PROVINCIA L&#8217;UOMO DELLA RENAULT<\/h3>\n<\/blockquote>\n<p><strong><a href=\"https:\/\/www.radiopiu.net\/wordpress\/nellalbum-dei-ricordi-lamico-luciano-dal-ponto-in-provincia-luomo-della-renault\/download-9-3\/\" rel=\"attachment wp-att-206707\"><img loading=\"lazy\" decoding=\"async\" class=\" wp-image-206707 alignleft\" src=\"https:\/\/www.radiopiu.net\/wordpress\/wp-content\/uploads\/2021\/04\/download-9.jpg\" alt=\"\" width=\"234\" height=\"156\" \/><\/a>BELLUNO<\/strong> Da quell&#8217;ottobre del 2016 ci manca una presenza importante, &#8220;Lucianone&#8221; io e Claudio lo chiamavamo amichevolmente cos\u00ec alla radio, perch\u00e9 la Radio Pi\u00f9 \u00e8 legata al marchio Renault da decenni, ma Luciano non era un cliente, era un&#8217;amico, il confidente dei motori, lo scrigno di ricordi legati ai alle due e quattro ruote, a pedali o propulsione, dalle biciclette alle moto ai pi\u00f9 potenti rombi Renault. E poi mi ha venduto la prima macchina, prima di me a mio padre, dopo di me a mia madre. Sono legami importanti che si creano che vanno al di l\u00e0 della firma sul contratto d&#8217;acquisto. Imprenditore di prima generazione dal seminterrato della casa di famiglia a Salce, dove produceva biciclette, cucine economiche e motocicli.\u00a0 A\u00a0 17 anni era gi\u00e0 noto per la\u00a0 produzione e la commercializzazione di copertoni per biciclette. Una lunga storia quella di Luciano raccontata ai microfoni di Radio Pi\u00f9 l&#8217;8 maggio del 2014. (mm)<\/p>\n<p><span style=\"color: #ff0000;\">di Claudio Fontanive<\/span><\/p>\n<p><strong>parte 1<\/strong><\/p>\n<audio class=\"wp-audio-shortcode\" id=\"audio-206523-8\" preload=\"none\" style=\"width: 100%;\" controls=\"controls\"><source type=\"audio\/mpeg\" src=\"https:\/\/www.radiopiu.net\/wordpress\/wp-content\/uploads\/2021\/04\/Dp1.mp3?_=8\" \/><a href=\"https:\/\/www.radiopiu.net\/wordpress\/wp-content\/uploads\/2021\/04\/Dp1.mp3\">https:\/\/www.radiopiu.net\/wordpress\/wp-content\/uploads\/2021\/04\/Dp1.mp3<\/a><\/audio>\n<p><strong>parte 2<\/strong><\/p>\n<audio class=\"wp-audio-shortcode\" id=\"audio-206523-9\" preload=\"none\" style=\"width: 100%;\" controls=\"controls\"><source type=\"audio\/mpeg\" src=\"https:\/\/www.radiopiu.net\/wordpress\/wp-content\/uploads\/2021\/04\/Dp2.mp3?_=9\" \/><a href=\"https:\/\/www.radiopiu.net\/wordpress\/wp-content\/uploads\/2021\/04\/Dp2.mp3\">https:\/\/www.radiopiu.net\/wordpress\/wp-content\/uploads\/2021\/04\/Dp2.mp3<\/a><\/audio>\n<p>&nbsp;<\/p>\n<p><em>FOTO copertina\u00a0 BELLUNOPRESS, <strong>ROBERTO DE NART<\/strong> CHE IL 12 OTTOBRE 2016 SCRISSE:<\/em> <span style=\"color: #0000ff;\"><strong><a style=\"color: #0000ff;\" href=\"https:\/\/www.bellunopress.it\/2016\/10\/11\/e-morto-luciano-dal-pont-fondatore-della-concessionaria-renault-di-salce\/\">CLICCA QUI\u00a0<\/a><\/strong><\/span><\/p>\n<p>FOTO\u00a0 gruppo Dal Pont Radio Club 103<\/p>\n<p>&nbsp;<\/p>\n<p>&nbsp;<\/p>\n<hr \/>\n<blockquote>\n<h3><a style=\"font-size: 14px; font-weight: normal;\" href=\"https:\/\/www.radiopiu.net\/wordpress\/giornale-radiopiu-06-febbraio-2019-direttore-mirko-mezzacasa\/logo_spi-cgil-800x445\/\" rel=\"attachment wp-att-75538\"><img loading=\"lazy\" decoding=\"async\" class=\"wp-image-75538 alignleft\" src=\"https:\/\/www.radiopiu.net\/wordpress\/wp-content\/uploads\/2019\/02\/Logo_Spi-CGIL-800x445-300x167.jpg\" alt=\"\" width=\"210\" height=\"117\" srcset=\"https:\/\/www.radiopiu.net\/wordpress\/wp-content\/uploads\/2019\/02\/Logo_Spi-CGIL-800x445-300x167.jpg 300w, https:\/\/www.radiopiu.net\/wordpress\/wp-content\/uploads\/2019\/02\/Logo_Spi-CGIL-800x445-768x427.jpg 768w, https:\/\/www.radiopiu.net\/wordpress\/wp-content\/uploads\/2019\/02\/Logo_Spi-CGIL-800x445.jpg 800w\" sizes=\"auto, (max-width: 210px) 100vw, 210px\" \/><\/a><\/h3>\n<\/blockquote>\n<blockquote>\n<h3>ALLA RADIO, APPUNTAMENTO QUINDICINALE CON SPI-CGIL BELLUNO, IN STUDIO MARIA RITA GENTILIN<\/h3>\n<\/blockquote>\n<p><strong>di Claudio Fontanive\u00a0<\/strong><\/p>\n<p><span style=\"color: #ff0000;\"><strong>PUNTATA DEL 29 APRILE 2021<br \/>\n<\/strong><\/span><\/p>\n<audio class=\"wp-audio-shortcode\" id=\"audio-206523-10\" preload=\"none\" style=\"width: 100%;\" controls=\"controls\"><source type=\"audio\/mpeg\" src=\"https:\/\/www.radiopiu.net\/wordpress\/wp-content\/uploads\/2021\/04\/spi-cgil-28-aprile.mp3?_=10\" \/><a href=\"https:\/\/www.radiopiu.net\/wordpress\/wp-content\/uploads\/2021\/04\/spi-cgil-28-aprile.mp3\">https:\/\/www.radiopiu.net\/wordpress\/wp-content\/uploads\/2021\/04\/spi-cgil-28-aprile.mp3<\/a><\/audio>\n<p>&nbsp;<\/p>\n<p>&nbsp;<\/p>\n<hr \/>\n<h2><span style=\"color: #ff0000;\">\u00a0<\/span><\/h2>\n<h2><span style=\"color: #ff0000;\">dalla nuova generazione&#8230; cultura e tradizione<\/span><\/h2>\n<blockquote>\n<h3><em>PIAZA LADINA ALLA RADIO<\/em><\/h3>\n<\/blockquote>\n<p><strong>LA\u00a0 NONA\u00a0 PUNTATA\u00a0 &#8220;Intervista a Davide Cassisi&#8221;<\/strong><\/p>\n<audio class=\"wp-audio-shortcode\" id=\"audio-206523-11\" preload=\"none\" style=\"width: 100%;\" controls=\"controls\"><source type=\"audio\/mpeg\" src=\"https:\/\/www.radiopiu.net\/wordpress\/wp-content\/uploads\/2021\/04\/Pontada-9-Intervista-al-Davide-Cassisi-Lenga-Basca-podon-empara-valch.mp3?_=11\" \/><a href=\"https:\/\/www.radiopiu.net\/wordpress\/wp-content\/uploads\/2021\/04\/Pontada-9-Intervista-al-Davide-Cassisi-Lenga-Basca-podon-empara-valch.mp3\">https:\/\/www.radiopiu.net\/wordpress\/wp-content\/uploads\/2021\/04\/Pontada-9-Intervista-al-Davide-Cassisi-Lenga-Basca-podon-empara-valch.mp3<\/a><\/audio>\n<p>&nbsp;<\/p>\n<blockquote>\n<h2>LA RACCOLTA COMPLETA<\/h2>\n<\/blockquote>\n<blockquote class=\"wp-embedded-content\" data-secret=\"YTaHvqagBz\"><p><a href=\"https:\/\/www.radiopiu.net\/wordpress\/agora-agordina-la-nosta-piaza\/\">AGORA&#8217; AGORDINA&#8230; LA NOSTA PIAZA LADINA.  pagina in aggiornamento continuo<\/a><\/p><\/blockquote>\n<p><iframe loading=\"lazy\" class=\"wp-embedded-content\" sandbox=\"allow-scripts\" security=\"restricted\" style=\"position: absolute; clip: rect(1px, 1px, 1px, 1px);\" title=\"&#8220;AGORA&#8217; AGORDINA&#8230; LA NOSTA PIAZA LADINA.  pagina in aggiornamento continuo&#8221; &#8212; Radio Pi\u00f9\" src=\"https:\/\/www.radiopiu.net\/wordpress\/agora-agordina-la-nosta-piaza\/embed\/#?secret=YTaHvqagBz\" data-secret=\"YTaHvqagBz\" width=\"600\" height=\"338\" frameborder=\"0\" marginwidth=\"0\" marginheight=\"0\" scrolling=\"no\"><\/iframe><\/p>\n<p>&nbsp;<\/p>\n<p>&nbsp;<\/p>\n<p>&nbsp;<\/p>\n<hr \/>\n<div class=\"b654a4as d2edcug0\">\n<div class=\"j83agx80 btwxx1t3 lhclo0ds hop8lmos nkwizq5d scwd0bx6 roh60bw9\">\n<div class=\"rq0escxv hkbzh7o3 jwdofwj8 n8tt0mok r8blr3vg hyh9befq\">\n<div class=\"do00u71z l9j0dhe7 k4urcfbm\">\n<div>\n<h2><span style=\"color: #000080;\"><a class=\"dt-pswp-item\" href=\"https:\/\/www.radiopiu.net\/wordpress\/wp-content\/uploads\/2020\/10\/pp.jpg\" data-dt-img-description=\"\" data-large_image_width=\"640\" data-large_image_height=\"640\"><img loading=\"lazy\" decoding=\"async\" class=\"wp-image-163678 alignleft\" src=\"https:\/\/www.radiopiu.net\/wordpress\/wp-content\/uploads\/2020\/10\/pp-300x300.jpg\" alt=\"\" width=\"106\" height=\"106\" srcset=\"https:\/\/www.radiopiu.net\/wordpress\/wp-content\/uploads\/2020\/10\/pp-300x300.jpg 300w, https:\/\/www.radiopiu.net\/wordpress\/wp-content\/uploads\/2020\/10\/pp-150x150.jpg 150w, https:\/\/www.radiopiu.net\/wordpress\/wp-content\/uploads\/2020\/10\/pp-125x125.jpg 125w, https:\/\/www.radiopiu.net\/wordpress\/wp-content\/uploads\/2020\/10\/pp-200x200.jpg 200w, https:\/\/www.radiopiu.net\/wordpress\/wp-content\/uploads\/2020\/10\/pp-80x80.jpg 80w, https:\/\/www.radiopiu.net\/wordpress\/wp-content\/uploads\/2020\/10\/pp-480x480.jpg 480w, https:\/\/www.radiopiu.net\/wordpress\/wp-content\/uploads\/2020\/10\/pp.jpg 640w\" sizes=\"auto, (max-width: 106px) 100vw, 106px\" \/><\/a><\/span><\/h2>\n<h2><span style=\"color: #000080;\">DON CESARE, IL PENSIERO DEL GIORNO. ALLA RADIO ALLE 7 DEL MATTINO E ALLE 19.30 DELLA SERA.\u00a0\u00a0<\/span><\/h2>\n<\/div>\n<\/div>\n<p>&nbsp;<\/p>\n<\/div>\n<\/div>\n<\/div>\n<p>&nbsp;<\/p>\n<audio class=\"wp-audio-shortcode\" id=\"audio-206523-12\" preload=\"none\" style=\"width: 100%;\" controls=\"controls\"><source type=\"audio\/mpeg\" src=\"https:\/\/www.radiopiu.net\/wordpress\/wp-content\/uploads\/2021\/04\/CESARE-19.mp3?_=12\" \/><a href=\"https:\/\/www.radiopiu.net\/wordpress\/wp-content\/uploads\/2021\/04\/CESARE-19.mp3\">https:\/\/www.radiopiu.net\/wordpress\/wp-content\/uploads\/2021\/04\/CESARE-19.mp3<\/a><\/audio>\n<p>&nbsp;<\/p>\n<p>&nbsp;<\/p>\n<p>&nbsp;<\/p>\n<hr \/>\n<blockquote>\n<h3><a href=\"https:\/\/www.radiopiu.net\/wordpress\/almanacco-ladino-puntata-5-2020\/sn\/\" rel=\"attachment wp-att-180931\"><img loading=\"lazy\" decoding=\"async\" class=\"wp-image-180931 alignleft\" src=\"https:\/\/www.radiopiu.net\/wordpress\/wp-content\/uploads\/2020\/12\/sn-300x194.jpg\" alt=\"\" width=\"181\" height=\"117\" srcset=\"https:\/\/www.radiopiu.net\/wordpress\/wp-content\/uploads\/2020\/12\/sn-300x194.jpg 300w, https:\/\/www.radiopiu.net\/wordpress\/wp-content\/uploads\/2020\/12\/sn.jpg 626w\" sizes=\"auto, (max-width: 181px) 100vw, 181px\" \/><\/a>L&#8217;ALMANACCO LADINO CON L&#8217;ISTITUT CESA DE JAN QUINDICINALE APPUNTAMENTO. LA DOMENICA ALLE 9 IL LUNEDI ALLE 8.35 IL MARTEDI ALLE 12.35 IL MERCOLEDI ALLE 18.35. SECONDA STAGIONE.<\/h3>\n<p><strong>PUNTATA DEL 26 APRILE 2021<\/strong><\/p><\/blockquote>\n<audio class=\"wp-audio-shortcode\" id=\"audio-206523-13\" preload=\"none\" style=\"width: 100%;\" controls=\"controls\"><source type=\"audio\/mpeg\" src=\"https:\/\/www.radiopiu.net\/wordpress\/wp-content\/uploads\/2021\/04\/LADINO.mp3?_=13\" \/><a href=\"https:\/\/www.radiopiu.net\/wordpress\/wp-content\/uploads\/2021\/04\/LADINO.mp3\">https:\/\/www.radiopiu.net\/wordpress\/wp-content\/uploads\/2021\/04\/LADINO.mp3<\/a><\/audio>\n<p>&nbsp;<\/p>\n<p><strong>RACCOLTA COMPLETA\u00a0<\/strong><\/p>\n<blockquote class=\"wp-embedded-content\" data-secret=\"r9byoKmxCz\"><p><a href=\"https:\/\/www.radiopiu.net\/wordpress\/almanacco-ladino\/\">Almanacco Ladino<\/a><\/p><\/blockquote>\n<p><iframe loading=\"lazy\" class=\"wp-embedded-content\" sandbox=\"allow-scripts\" security=\"restricted\" style=\"position: absolute; clip: rect(1px, 1px, 1px, 1px);\" title=\"&#8220;Almanacco Ladino&#8221; &#8212; Radio Pi\u00f9\" src=\"https:\/\/www.radiopiu.net\/wordpress\/almanacco-ladino\/embed\/#?secret=r9byoKmxCz\" data-secret=\"r9byoKmxCz\" width=\"600\" height=\"338\" frameborder=\"0\" marginwidth=\"0\" marginheight=\"0\" scrolling=\"no\"><\/iframe><\/p>\n<div dir=\"auto\"><\/div>\n<p>&nbsp;<\/p>\n<hr \/>\n<p>&nbsp;<\/p>\n<blockquote>\n<h3 class=\"kvgmc6g5 cxmmr5t8 oygrvhab hcukyx3x c1et5uql\"><span style=\"color: #0000ff;\">INFORMAZIONE il canale su TELEGRAM informazione di prima mano e in tempo reale. iscriviti ed aiutaci a farlo conoscere\u00a0<\/span><\/h3>\n<\/blockquote>\n<h2><img loading=\"lazy\" decoding=\"async\" class=\"alignleft\" src=\"https:\/\/www.radiopiu.net\/wordpress\/wp-content\/uploads\/2021\/03\/narr.jpg\" width=\"158\" height=\"105\" \/>007 IN CONDOTTA CON LA PROF. MARIA ROSA SALMAZO IL LUNEDI ALLE 10,30 E ALLE 19.00 LA DOMENICA ALLE 8 DEL MATTINO. NONA STAGIONE<\/h2>\n<p><span style=\"color: #ff0000;\"><strong>PUNTATA DEL 26 APRILE 2021<\/strong><\/span><\/p>\n<audio class=\"wp-audio-shortcode\" id=\"audio-206523-14\" preload=\"none\" style=\"width: 100%;\" controls=\"controls\"><source type=\"audio\/mpeg\" src=\"https:\/\/www.radiopiu.net\/wordpress\/wp-content\/uploads\/2021\/04\/007-26-aprile.mp3?_=14\" \/><a href=\"https:\/\/www.radiopiu.net\/wordpress\/wp-content\/uploads\/2021\/04\/007-26-aprile.mp3\">https:\/\/www.radiopiu.net\/wordpress\/wp-content\/uploads\/2021\/04\/007-26-aprile.mp3<\/a><\/audio>\n<p>&nbsp;<\/p>\n<h2>LA RACCOLTA COMPLETA<\/h2>\n<blockquote class=\"wp-embedded-content\" data-secret=\"6r7VSPpQ8P\"><p><a href=\"https:\/\/www.radiopiu.net\/wordpress\/007incondotta-9\/\">007 in condotta<\/a><\/p><\/blockquote>\n<p><iframe loading=\"lazy\" class=\"wp-embedded-content\" sandbox=\"allow-scripts\" security=\"restricted\" style=\"position: absolute; clip: rect(1px, 1px, 1px, 1px);\" title=\"&#8220;007 in condotta&#8221; &#8212; Radio Pi\u00f9\" src=\"https:\/\/www.radiopiu.net\/wordpress\/007incondotta-9\/embed\/#?secret=6r7VSPpQ8P\" data-secret=\"6r7VSPpQ8P\" width=\"600\" height=\"338\" frameborder=\"0\" marginwidth=\"0\" marginheight=\"0\" scrolling=\"no\"><\/iframe><\/p>\n<blockquote><p>&nbsp;<\/p>\n<p>&nbsp;<\/p>\n<p>&nbsp;<\/p><\/blockquote>\n<hr \/>\n<p>&nbsp;<\/p>\n<div dir=\"auto\">\n<blockquote>\n<h3><\/h3>\n<h3>SALUTE E SOCIETA&#8217; IL LUNEDI ALLE 13.10 E ALLE 20.10, LA DOMENICA ALLE 10.30 A CURA DEL DOTTOR MARCO CARACCIOLO. QUINTA STAGIONE<\/h3>\n<\/blockquote>\n<p><strong>LA PUNTATA DELLA SETTIMANA del 26 APRILE<\/strong><\/p>\n<p><a href=\"https:\/\/www.radiopiu.net\/wordpress\/giornale-radiopiu-27-aprile-2021-direttore-mirko-mezzacasa\/6966aa7e-239d-4475-97f4-870ce0d5c15d\/\" rel=\"attachment wp-att-205899\"><img loading=\"lazy\" decoding=\"async\" class=\"size-medium wp-image-205899 alignleft\" src=\"https:\/\/www.radiopiu.net\/wordpress\/wp-content\/uploads\/2021\/04\/6966aa7e-239d-4475-97f4-870ce0d5c15d-300x169.png\" alt=\"\" width=\"300\" height=\"169\" srcset=\"https:\/\/www.radiopiu.net\/wordpress\/wp-content\/uploads\/2021\/04\/6966aa7e-239d-4475-97f4-870ce0d5c15d-300x169.png 300w, https:\/\/www.radiopiu.net\/wordpress\/wp-content\/uploads\/2021\/04\/6966aa7e-239d-4475-97f4-870ce0d5c15d-1024x576.png 1024w, https:\/\/www.radiopiu.net\/wordpress\/wp-content\/uploads\/2021\/04\/6966aa7e-239d-4475-97f4-870ce0d5c15d-768x432.png 768w, https:\/\/www.radiopiu.net\/wordpress\/wp-content\/uploads\/2021\/04\/6966aa7e-239d-4475-97f4-870ce0d5c15d.png 1280w\" sizes=\"auto, (max-width: 300px) 100vw, 300px\" \/><\/a>Qual \u00e8 il ruolo della radioterapia nelle varie fasi del tumore della prostata?<br \/>\nIn occasione della presentazione della campagna QUI PRO QUO per sensibilizzare su questa malattia, Elisa Spelta ne ha parlato con la Prof.ssa Barbara Alicja Jereczek, Professore Associato di Radioterapia Universit\u00e0 degli Studi di Milano, Direttore Divisione di Radioterapia Istituto Europeo Oncologico (IEO)<\/p>\n<audio class=\"wp-audio-shortcode\" id=\"audio-206523-15\" preload=\"none\" style=\"width: 100%;\" controls=\"controls\"><source type=\"audio\/mpeg\" src=\"https:\/\/www.radiopiu.net\/wordpress\/wp-content\/uploads\/2021\/04\/SALUTE-3.mp3?_=15\" \/><a href=\"https:\/\/www.radiopiu.net\/wordpress\/wp-content\/uploads\/2021\/04\/SALUTE-3.mp3\">https:\/\/www.radiopiu.net\/wordpress\/wp-content\/uploads\/2021\/04\/SALUTE-3.mp3<\/a><\/audio>\n<p>&nbsp;<\/p>\n<h3><strong>LA RACCOLTA COMPLETA\u00a0<\/strong><\/h3>\n<\/div>\n<blockquote class=\"wp-embedded-content\" data-secret=\"ETMRFLoMqU\"><p><a href=\"https:\/\/www.radiopiu.net\/wordpress\/saluteesocieta\/\">Salute e Societ\u00e0<\/a><\/p><\/blockquote>\n<p><iframe loading=\"lazy\" class=\"wp-embedded-content\" sandbox=\"allow-scripts\" security=\"restricted\" style=\"position: absolute; clip: rect(1px, 1px, 1px, 1px);\" title=\"&#8220;Salute e Societ\u00e0&#8221; &#8212; Radio Pi\u00f9\" src=\"https:\/\/www.radiopiu.net\/wordpress\/saluteesocieta\/embed\/#?secret=ETMRFLoMqU\" data-secret=\"ETMRFLoMqU\" width=\"600\" height=\"338\" frameborder=\"0\" marginwidth=\"0\" marginheight=\"0\" scrolling=\"no\"><\/iframe><\/p>\n<p>&nbsp;<\/p>\n<hr \/>\n<p>&nbsp;<\/p>\n<div class=\"b654a4as d2edcug0\">\n<p>&nbsp;<\/p>\n<h2><span style=\"color: #008000;\">ERBE E PIANTE CURATIVE&#8230;IL\u00a0 PROGRAMMA DI PAOLA LANCIATO<\/span><\/h2>\n<p><strong><a href=\"https:\/\/www.radiopiu.net\/wordpress\/erbe-e-piante-curative-puntata-13\/fragola\/\" rel=\"attachment wp-att-206166\"><img loading=\"lazy\" decoding=\"async\" class=\"size-medium wp-image-206166 alignleft\" src=\"https:\/\/www.radiopiu.net\/wordpress\/wp-content\/uploads\/2021\/04\/FRAGOLA-300x200.jpg\" alt=\"\" width=\"300\" height=\"200\" srcset=\"https:\/\/www.radiopiu.net\/wordpress\/wp-content\/uploads\/2021\/04\/FRAGOLA-300x200.jpg 300w, https:\/\/www.radiopiu.net\/wordpress\/wp-content\/uploads\/2021\/04\/FRAGOLA-1024x683.jpg 1024w, https:\/\/www.radiopiu.net\/wordpress\/wp-content\/uploads\/2021\/04\/FRAGOLA-768x512.jpg 768w, https:\/\/www.radiopiu.net\/wordpress\/wp-content\/uploads\/2021\/04\/FRAGOLA-1536x1025.jpg 1536w, https:\/\/www.radiopiu.net\/wordpress\/wp-content\/uploads\/2021\/04\/FRAGOLA.jpg 1920w\" sizes=\"auto, (max-width: 300px) 100vw, 300px\" \/><\/a>PUNTATA 13, LA FRAGOLA<\/strong><\/p>\n<\/div>\n<audio class=\"wp-audio-shortcode\" id=\"audio-206523-16\" preload=\"none\" style=\"width: 100%;\" controls=\"controls\"><source type=\"audio\/mpeg\" src=\"https:\/\/www.radiopiu.net\/wordpress\/wp-content\/uploads\/2021\/04\/12-La-fragola-M-1.mp3?_=16\" \/><a href=\"https:\/\/www.radiopiu.net\/wordpress\/wp-content\/uploads\/2021\/04\/12-La-fragola-M-1.mp3\">https:\/\/www.radiopiu.net\/wordpress\/wp-content\/uploads\/2021\/04\/12-La-fragola-M-1.mp3<\/a><\/audio>\n<h3><strong>LA RACCOLTA COMPLETA\u00a0<\/strong><\/h3>\n<blockquote class=\"wp-embedded-content\" data-secret=\"yG6wZ9cJCv\"><p><a href=\"https:\/\/www.radiopiu.net\/wordpress\/erbe-e-piante-curative-il-mandorlo\/\">L\u2019ERBA VOGLIO DEL GIARDINO DEL RE\u2026 ERBE, FIORI E PIANTE DI E CON PAOLA LANCIATO<\/a><\/p><\/blockquote>\n<p><iframe loading=\"lazy\" class=\"wp-embedded-content\" sandbox=\"allow-scripts\" security=\"restricted\" style=\"position: absolute; clip: rect(1px, 1px, 1px, 1px);\" title=\"&#8220;L\u2019ERBA VOGLIO DEL GIARDINO DEL RE\u2026 ERBE, FIORI E PIANTE DI E CON PAOLA LANCIATO&#8221; &#8212; Radio Pi\u00f9\" src=\"https:\/\/www.radiopiu.net\/wordpress\/erbe-e-piante-curative-il-mandorlo\/embed\/#?secret=yG6wZ9cJCv\" data-secret=\"yG6wZ9cJCv\" width=\"600\" height=\"338\" frameborder=\"0\" marginwidth=\"0\" marginheight=\"0\" scrolling=\"no\"><\/iframe><\/p>\n<h1><\/h1>\n<p>&nbsp;<\/p>\n<p>&nbsp;<\/p>\n<hr \/>\n<p>&nbsp;<\/p>\n<blockquote>\n<h3><\/h3>\n<\/blockquote>\n<h2><\/h2>\n<blockquote class=\"wp-embedded-content\" data-secret=\"FK2llpvHUh\"><p><a href=\"https:\/\/www.radiopiu.net\/wordpress\/io-ne-ho-viste-cose\/\">IO NE HO VISTE COSE CHE VOI NON POTRESTE IMMAGINARVI<\/a><\/p><\/blockquote>\n<p><iframe loading=\"lazy\" class=\"wp-embedded-content\" sandbox=\"allow-scripts\" security=\"restricted\" style=\"position: absolute; clip: rect(1px, 1px, 1px, 1px);\" title=\"&#8220;IO NE HO VISTE COSE CHE VOI NON POTRESTE IMMAGINARVI&#8221; &#8212; Radio Pi\u00f9\" src=\"https:\/\/www.radiopiu.net\/wordpress\/io-ne-ho-viste-cose\/embed\/#?secret=FK2llpvHUh\" data-secret=\"FK2llpvHUh\" width=\"600\" height=\"338\" frameborder=\"0\" marginwidth=\"0\" marginheight=\"0\" scrolling=\"no\"><\/iframe><\/p>\n<p>&nbsp;<\/p>\n<hr \/>\n<h1><span style=\"color: #ff0000;\"><strong>\u00a0<\/strong><\/span><\/h1>\n<h1><span style=\"color: #ff0000;\"><strong>IN VIVO VERSO 2020-21<\/strong><\/span><\/h1>\n<blockquote><p><span style=\"color: #ff0000;\"><strong>IN ONDA DAL LUNEDI AL VENERDI ALLE 7.10, 10.10, 18.50\u00a0 \u00a0<\/strong><\/span><\/p><\/blockquote>\n<blockquote class=\"wp-embedded-content\" data-secret=\"RVT2sev8Pp\"><p><a href=\"https:\/\/www.radiopiu.net\/wordpress\/luce-e-buio-di-silvia-da-rold\/\">LUCE E BUIO di SILVIA DA ROLD<\/a><\/p><\/blockquote>\n<p><iframe loading=\"lazy\" class=\"wp-embedded-content\" sandbox=\"allow-scripts\" security=\"restricted\" style=\"position: absolute; clip: rect(1px, 1px, 1px, 1px);\" title=\"&#8220;LUCE E BUIO di SILVIA DA ROLD&#8221; &#8212; Radio Pi\u00f9\" src=\"https:\/\/www.radiopiu.net\/wordpress\/luce-e-buio-di-silvia-da-rold\/embed\/#?secret=RVT2sev8Pp\" data-secret=\"RVT2sev8Pp\" width=\"600\" height=\"338\" frameborder=\"0\" marginwidth=\"0\" marginheight=\"0\" scrolling=\"no\"><\/iframe><\/p>\n<p><strong>LA RACCOLTA COMPLETA<\/strong><\/p>\n<blockquote class=\"wp-embedded-content\" data-secret=\"KcUV0ch8Xb\"><p><a href=\"https:\/\/www.radiopiu.net\/wordpress\/in-vivo-verso\/\">In Vivo Verso<\/a><\/p><\/blockquote>\n<p><iframe loading=\"lazy\" class=\"wp-embedded-content\" sandbox=\"allow-scripts\" security=\"restricted\" style=\"position: absolute; clip: rect(1px, 1px, 1px, 1px);\" title=\"&#8220;In Vivo Verso&#8221; &#8212; Radio Pi\u00f9\" src=\"https:\/\/www.radiopiu.net\/wordpress\/in-vivo-verso\/embed\/#?secret=KcUV0ch8Xb\" data-secret=\"KcUV0ch8Xb\" width=\"600\" height=\"338\" frameborder=\"0\" marginwidth=\"0\" marginheight=\"0\" scrolling=\"no\"><\/iframe><\/p>\n<p>&nbsp;<\/p>\n<hr \/>\n<p>&nbsp;<\/p>\n<p>&nbsp;<\/p>\n<h2><span style=\"color: #ff0000;\"><a href=\"https:\/\/www.radiopiu.net\/wordpress\/giornale-radiopiu-05-gennaio-2021-direttore-mirko-mezzacasa\/133200401_100838761953611_1258544160541445132_o-2\/\" rel=\"attachment wp-att-183078\"><img loading=\"lazy\" decoding=\"async\" class=\" wp-image-183078 alignleft\" src=\"https:\/\/www.radiopiu.net\/wordpress\/wp-content\/uploads\/2021\/01\/133200401_100838761953611_1258544160541445132_o-1-300x157.jpg\" alt=\"\" width=\"192\" height=\"101\" srcset=\"https:\/\/www.radiopiu.net\/wordpress\/wp-content\/uploads\/2021\/01\/133200401_100838761953611_1258544160541445132_o-1-300x157.jpg 300w, https:\/\/www.radiopiu.net\/wordpress\/wp-content\/uploads\/2021\/01\/133200401_100838761953611_1258544160541445132_o-1.jpg 526w\" sizes=\"auto, (max-width: 192px) 100vw, 192px\" \/><\/a>GOCCE DI FILOSOFIA, CON CHIARA CAU, CON LISA DE LUCA. <\/span><\/h2>\n<h2><span style=\"color: #ff0000;\">TUTTI I GIORNI DAL LUNEDI AL VENERDI ALLE 6.55 E ALLE 18.55<\/span><\/h2>\n<p><strong>PUNTATA 84<\/strong><\/p>\n<audio class=\"wp-audio-shortcode\" id=\"audio-206523-17\" preload=\"none\" style=\"width: 100%;\" controls=\"controls\"><source type=\"audio\/mpeg\" src=\"https:\/\/www.radiopiu.net\/wordpress\/wp-content\/uploads\/2021\/04\/FI4-3.mp3?_=17\" \/><a href=\"https:\/\/www.radiopiu.net\/wordpress\/wp-content\/uploads\/2021\/04\/FI4-3.mp3\">https:\/\/www.radiopiu.net\/wordpress\/wp-content\/uploads\/2021\/04\/FI4-3.mp3<\/a><\/audio>\n<h3>LA RACCOLTA COMPLETA<\/h3>\n<blockquote class=\"wp-embedded-content\" data-secret=\"P6GTXLuoT6\"><p><a href=\"https:\/\/www.radiopiu.net\/wordpress\/gocce-filosofia\/\">Gocce di filosofia<\/a><\/p><\/blockquote>\n<p><iframe loading=\"lazy\" class=\"wp-embedded-content\" sandbox=\"allow-scripts\" security=\"restricted\" style=\"position: absolute; clip: rect(1px, 1px, 1px, 1px);\" title=\"&#8220;Gocce di filosofia&#8221; &#8212; Radio Pi\u00f9\" src=\"https:\/\/www.radiopiu.net\/wordpress\/gocce-filosofia\/embed\/#?secret=P6GTXLuoT6\" data-secret=\"P6GTXLuoT6\" width=\"600\" height=\"338\" frameborder=\"0\" marginwidth=\"0\" marginheight=\"0\" scrolling=\"no\"><\/iframe><\/p>\n<p>&nbsp;<\/p>\n<hr \/>\n<p>&nbsp;<\/p>\n<h2><\/h2>\n<h2><span style=\"color: #808000;\">DUE MINUTI UN LIBRO\u00a0 TUTTI I GIORNI ALLA RADIO ALLE 9.30 E ALLE 18. QUINTA STAGIONE\u00a0 \u00a0\u00a0<\/span><\/h2>\n<blockquote class=\"wp-embedded-content\" data-secret=\"hwGAkZBCN0\"><p><a href=\"https:\/\/www.radiopiu.net\/wordpress\/il-precipizio-dellamore\/\">IL PRECIPIZIO DELL&#8217;AMORE<\/a><\/p><\/blockquote>\n<p><iframe loading=\"lazy\" class=\"wp-embedded-content\" sandbox=\"allow-scripts\" security=\"restricted\" style=\"position: absolute; clip: rect(1px, 1px, 1px, 1px);\" title=\"&#8220;IL PRECIPIZIO DELL&#8217;AMORE&#8221; &#8212; Radio Pi\u00f9\" src=\"https:\/\/www.radiopiu.net\/wordpress\/il-precipizio-dellamore\/embed\/#?secret=hwGAkZBCN0\" data-secret=\"hwGAkZBCN0\" width=\"600\" height=\"338\" frameborder=\"0\" marginwidth=\"0\" marginheight=\"0\" scrolling=\"no\"><\/iframe><\/p>\n<h3><span style=\"color: #808000;\">\u00a0<\/span>LA RACCOLTA COMPLETA<\/h3>\n<blockquote class=\"wp-embedded-content\" data-secret=\"fzIrOUqvC1\"><p><a href=\"https:\/\/www.radiopiu.net\/wordpress\/due-minuti-un-libro\/\">Due minuti un libro<\/a><\/p><\/blockquote>\n<p><iframe loading=\"lazy\" class=\"wp-embedded-content\" sandbox=\"allow-scripts\" security=\"restricted\" style=\"position: absolute; clip: rect(1px, 1px, 1px, 1px);\" title=\"&#8220;Due minuti un libro&#8221; &#8212; Radio Pi\u00f9\" src=\"https:\/\/www.radiopiu.net\/wordpress\/due-minuti-un-libro\/embed\/#?secret=fzIrOUqvC1\" data-secret=\"fzIrOUqvC1\" width=\"600\" height=\"338\" frameborder=\"0\" marginwidth=\"0\" marginheight=\"0\" scrolling=\"no\"><\/iframe><\/p>\n<p>&nbsp;<\/p>\n<p>&nbsp;<\/p>\n<div>\n<p>&nbsp;<\/p>\n<\/div>\n<hr \/>\n<p>\u200b<\/p>\n<div>\n<h2><span style=\"color: #33cccc;\">I RACCONTI DI PAOLO SOPPELSA il lunedi alle 9.30 e 18.30<\/span><\/h2>\n<blockquote class=\"wp-embedded-content\" data-secret=\"xnqhI2QZCg\"><p><a href=\"https:\/\/www.radiopiu.net\/wordpress\/i-racconti-di-paolo-soppelsa-settantaduesima-puntata\/\">I RACCONTI DI PAOLO SOPPELSA SETTANTADUESIMA PUNTATA<\/a><\/p><\/blockquote>\n<p><iframe loading=\"lazy\" class=\"wp-embedded-content\" sandbox=\"allow-scripts\" security=\"restricted\" style=\"position: absolute; clip: rect(1px, 1px, 1px, 1px);\" title=\"&#8220;I RACCONTI DI PAOLO SOPPELSA SETTANTADUESIMA PUNTATA&#8221; &#8212; Radio Pi\u00f9\" src=\"https:\/\/www.radiopiu.net\/wordpress\/i-racconti-di-paolo-soppelsa-settantaduesima-puntata\/embed\/#?secret=xnqhI2QZCg\" data-secret=\"xnqhI2QZCg\" width=\"600\" height=\"338\" frameborder=\"0\" marginwidth=\"0\" marginheight=\"0\" scrolling=\"no\"><\/iframe><\/p>\n<p>&nbsp;<\/p>\n<p><span style=\"color: #0000ff;\">INFORMAZIONE il canale su TELEGRAM informazione di prima mano e in tempo reale. iscriviti ed aiutaci a farlo conoscere\u00a0<\/span><\/p>\n<h2><span style=\"color: #33cccc;\"><strong>RACCOLTA COMPLETA<\/strong><\/span><\/h2>\n<blockquote class=\"wp-embedded-content\" data-secret=\"4bnzipc5yY\"><p><a href=\"https:\/\/www.radiopiu.net\/wordpress\/i-racconti-di-paolo-soppelsa\/\">I racconti di Paolo Soppelsa<\/a><\/p><\/blockquote>\n<p><iframe loading=\"lazy\" class=\"wp-embedded-content\" sandbox=\"allow-scripts\" security=\"restricted\" style=\"position: absolute; clip: rect(1px, 1px, 1px, 1px);\" title=\"&#8220;I racconti di Paolo Soppelsa&#8221; &#8212; Radio Pi\u00f9\" src=\"https:\/\/www.radiopiu.net\/wordpress\/i-racconti-di-paolo-soppelsa\/embed\/#?secret=4bnzipc5yY\" data-secret=\"4bnzipc5yY\" width=\"600\" height=\"338\" frameborder=\"0\" marginwidth=\"0\" marginheight=\"0\" scrolling=\"no\"><\/iframe><\/p>\n<\/div>\n<div class=\"b654a4as d2edcug0\">\n<hr \/>\n<\/div>\n<p>&nbsp;<\/p>\n<h2><span style=\"color: #800080;\"><strong>LA RASSEGNA STAMPA DA L&#8217;AMICO DEL POPOLO\u00a0<\/strong><\/span><\/h2>\n<h3 class=\"kvgmc6g5 cxmmr5t8 oygrvhab hcukyx3x c1et5uql\"><span style=\"color: #0000ff;\"> INFORMAZIONE il canale su TELEGRAM informazione di prima mano e in tempo reale. iscriviti ed aiutaci a farlo conoscere\u00a0<\/span><\/h3>\n<p><strong><a href=\"https:\/\/www.radiopiu.net\/wordpress\/elezioni-comunali-2019-vallada-agordina\/vallada-fabio-lucchetta\/\" rel=\"attachment wp-att-86485\"><img loading=\"lazy\" decoding=\"async\" class=\" wp-image-86485 alignleft\" src=\"https:\/\/www.radiopiu.net\/wordpress\/wp-content\/uploads\/2019\/05\/VALLADA-FABIO-LUCCHETTA-262x300.jpeg\" alt=\"\" width=\"114\" height=\"131\" srcset=\"https:\/\/www.radiopiu.net\/wordpress\/wp-content\/uploads\/2019\/05\/VALLADA-FABIO-LUCCHETTA-262x300.jpeg 262w, https:\/\/www.radiopiu.net\/wordpress\/wp-content\/uploads\/2019\/05\/VALLADA-FABIO-LUCCHETTA-768x880.jpeg 768w, https:\/\/www.radiopiu.net\/wordpress\/wp-content\/uploads\/2019\/05\/VALLADA-FABIO-LUCCHETTA-893x1024.jpeg 893w, https:\/\/www.radiopiu.net\/wordpress\/wp-content\/uploads\/2019\/05\/VALLADA-FABIO-LUCCHETTA.jpeg 1396w\" sizes=\"auto, (max-width: 114px) 100vw, 114px\" \/><\/a>di Gianni Santomaso<\/strong><\/p>\n<p>OSPITE: Fabio Lucchetta Consigliere Provinciale alle infrastrutture<\/p>\n<audio class=\"wp-audio-shortcode\" id=\"audio-206523-18\" preload=\"none\" style=\"width: 100%;\" controls=\"controls\"><source type=\"audio\/mpeg\" src=\"https:\/\/www.radiopiu.net\/wordpress\/wp-content\/uploads\/2021\/04\/RASSEGNA-GIANNI-3.mp3?_=18\" \/><a href=\"https:\/\/www.radiopiu.net\/wordpress\/wp-content\/uploads\/2021\/04\/RASSEGNA-GIANNI-3.mp3\">https:\/\/www.radiopiu.net\/wordpress\/wp-content\/uploads\/2021\/04\/RASSEGNA-GIANNI-3.mp3<\/a><\/audio>\n<p>&nbsp;<\/p>\n<p><strong>LA RACCOLTA COMPLETA<\/strong><\/p>\n<blockquote class=\"wp-embedded-content\" data-secret=\"LLZH5BdaDG\"><p><a href=\"https:\/\/www.radiopiu.net\/wordpress\/rassegna-stampa-di-gianni-santomaso\/\">Rassegna stampa da l&#8217;amico del popolo &#8211; di Gianni Santomaso<\/a><\/p><\/blockquote>\n<p><iframe loading=\"lazy\" class=\"wp-embedded-content\" sandbox=\"allow-scripts\" security=\"restricted\" style=\"position: absolute; clip: rect(1px, 1px, 1px, 1px);\" title=\"&#8220;Rassegna stampa da l&#8217;amico del popolo &#8211; di Gianni Santomaso&#8221; &#8212; Radio Pi\u00f9\" src=\"https:\/\/www.radiopiu.net\/wordpress\/rassegna-stampa-di-gianni-santomaso\/embed\/#?secret=LLZH5BdaDG\" data-secret=\"LLZH5BdaDG\" width=\"600\" height=\"338\" frameborder=\"0\" marginwidth=\"0\" marginheight=\"0\" scrolling=\"no\"><\/iframe><\/p>\n<h3><\/h3>\n<div class=\"b654a4as d2edcug0\"><\/div>\n<p>&nbsp;<\/p>\n<hr \/>\n<p>&nbsp;<\/p>\n<blockquote>\n<h2><a href=\"https:\/\/www.radiopiu.net\/wordpress\/speciale-solidarieta-veneto\/solidarieta-veneto-3\/\" rel=\"attachment wp-att-134366\"><img loading=\"lazy\" decoding=\"async\" class=\"wp-image-134366 alignleft\" src=\"https:\/\/www.radiopiu.net\/wordpress\/wp-content\/uploads\/2020\/05\/solidariet\u00e0-veneto-300x210.jpg\" alt=\"\" width=\"102\" height=\"71\" srcset=\"https:\/\/www.radiopiu.net\/wordpress\/wp-content\/uploads\/2020\/05\/solidariet\u00e0-veneto-300x210.jpg 300w, https:\/\/www.radiopiu.net\/wordpress\/wp-content\/uploads\/2020\/05\/solidariet\u00e0-veneto-1024x717.jpg 1024w, https:\/\/www.radiopiu.net\/wordpress\/wp-content\/uploads\/2020\/05\/solidariet\u00e0-veneto-768x538.jpg 768w, https:\/\/www.radiopiu.net\/wordpress\/wp-content\/uploads\/2020\/05\/solidariet\u00e0-veneto.jpg 1373w\" sizes=\"auto, (max-width: 102px) 100vw, 102px\" \/><\/a>SOLIDARIETA&#8217; VENETO FONDO PENSIONE, IN ONDA IL PRIMO VENERDI DEL MESE ALLE 10.30 E ALLE 19.00 QUINTA STAGIONE<\/h2>\n<\/blockquote>\n<p><strong>AUDIO APRILE 2021<\/strong><\/p>\n<audio class=\"wp-audio-shortcode\" id=\"audio-206523-19\" preload=\"none\" style=\"width: 100%;\" controls=\"controls\"><source type=\"audio\/mpeg\" src=\"https:\/\/www.radiopiu.net\/wordpress\/wp-content\/uploads\/2021\/04\/solidarieta-veneto-aprile-2021.mp3?_=19\" \/><a href=\"https:\/\/www.radiopiu.net\/wordpress\/wp-content\/uploads\/2021\/04\/solidarieta-veneto-aprile-2021.mp3\">https:\/\/www.radiopiu.net\/wordpress\/wp-content\/uploads\/2021\/04\/solidarieta-veneto-aprile-2021.mp3<\/a><\/audio>\n<p>&nbsp;<\/p>\n<blockquote>\n<h2>RACCOLTA COMPLETA<\/h2>\n<\/blockquote>\n<blockquote class=\"wp-embedded-content\" data-secret=\"mpGpZhQy69\"><p><a href=\"https:\/\/www.radiopiu.net\/wordpress\/solidarieta-veneto\/\">Solidariet\u00e0 Veneto<\/a><\/p><\/blockquote>\n<p><iframe loading=\"lazy\" class=\"wp-embedded-content\" sandbox=\"allow-scripts\" security=\"restricted\" style=\"position: absolute; clip: rect(1px, 1px, 1px, 1px);\" title=\"&#8220;Solidariet\u00e0 Veneto&#8221; &#8212; Radio Pi\u00f9\" src=\"https:\/\/www.radiopiu.net\/wordpress\/solidarieta-veneto\/embed\/#?secret=mpGpZhQy69\" data-secret=\"mpGpZhQy69\" width=\"600\" height=\"338\" frameborder=\"0\" marginwidth=\"0\" marginheight=\"0\" scrolling=\"no\"><\/iframe><\/p>\n<p>&nbsp;<\/p>\n<p>&nbsp;<\/p>\n<hr \/>\n<p>&nbsp;<\/p>\n<p>&nbsp;<\/p>\n<blockquote>\n<h2>FANTASTICHE DOLOMITI, NUOVA STAGIONE. APPUNTAMENTO QUINDICINALE IL GIOVEDI ALLE 10.30 E 19.00<\/h2>\n<\/blockquote>\n<h2><span style=\"color: #ff0000;\">PUNTATA NUMERO 12\u00a0 del\u00a0 14 APRILE 2021<\/span><\/h2>\n<p><strong><a href=\"https:\/\/www.radiopiu.net\/wordpress\/raccolta-completa\/121869645_648442942701436_4748562330148520081_n-2\/\" rel=\"attachment wp-att-196402\"><img loading=\"lazy\" decoding=\"async\" class=\"wp-image-196402 alignleft\" src=\"https:\/\/www.radiopiu.net\/wordpress\/wp-content\/uploads\/2021\/02\/121869645_648442942701436_4748562330148520081_n-1-300x169.jpg\" alt=\"\" width=\"160\" height=\"90\" srcset=\"https:\/\/www.radiopiu.net\/wordpress\/wp-content\/uploads\/2021\/02\/121869645_648442942701436_4748562330148520081_n-1-300x169.jpg 300w, https:\/\/www.radiopiu.net\/wordpress\/wp-content\/uploads\/2021\/02\/121869645_648442942701436_4748562330148520081_n-1-1024x576.jpg 1024w, https:\/\/www.radiopiu.net\/wordpress\/wp-content\/uploads\/2021\/02\/121869645_648442942701436_4748562330148520081_n-1-768x432.jpg 768w, https:\/\/www.radiopiu.net\/wordpress\/wp-content\/uploads\/2021\/02\/121869645_648442942701436_4748562330148520081_n-1-1536x864.jpg 1536w, https:\/\/www.radiopiu.net\/wordpress\/wp-content\/uploads\/2021\/02\/121869645_648442942701436_4748562330148520081_n-1.jpg 1707w\" sizes=\"auto, (max-width: 160px) 100vw, 160px\" \/><\/a>OSPITE IL PRESIDENTE CLAUDIO CANOVA<\/strong><\/p>\n<audio class=\"wp-audio-shortcode\" id=\"audio-206523-20\" preload=\"none\" style=\"width: 100%;\" controls=\"controls\"><source type=\"audio\/mpeg\" src=\"https:\/\/www.radiopiu.net\/wordpress\/wp-content\/uploads\/2021\/04\/fantastiche-dolomiti-14-aprile.mp3?_=20\" \/><a href=\"https:\/\/www.radiopiu.net\/wordpress\/wp-content\/uploads\/2021\/04\/fantastiche-dolomiti-14-aprile.mp3\">https:\/\/www.radiopiu.net\/wordpress\/wp-content\/uploads\/2021\/04\/fantastiche-dolomiti-14-aprile.mp3<\/a><\/audio>\n<h3>LA RACCOLTA COMPLETA<\/h3>\n<p>https:\/\/www.radiopiu.net\/wordpress\/raccolta-completa\/<\/p>\n<p>&nbsp;<\/p>\n<p>&nbsp;<\/p>\n<hr \/>\n<p>&nbsp;<\/p>\n<p>&nbsp;<\/p>\n<div>\n<h2><span style=\"color: #ff0000;\">ALLA RADIO<\/span><\/h2>\n<\/div>\n<div>\n<h2><strong>LE\u00a0 PUNTATE di Luisa Alchini di Leggermente Bellunesi, la domenica alle 11, <span style=\"color: #0000ff;\">IL MARTEDI IN PRIMA EDIZIONE\u00a0<\/span> alle 10.30 e alle 19.00<\/strong><\/h2>\n<\/div>\n<p><strong><span style=\"color: #000000;\">RACCOLTA COMPLETA<\/span><\/strong><\/p>\n<div>\n<blockquote class=\"wp-embedded-content\" data-secret=\"GG73vOAUDd\"><p><a href=\"https:\/\/www.radiopiu.net\/wordpress\/leggermente-20\/\">LEGGERmente&#8230;Bellunesi<\/a><\/p><\/blockquote>\n<p><iframe loading=\"lazy\" class=\"wp-embedded-content\" sandbox=\"allow-scripts\" security=\"restricted\" style=\"position: absolute; clip: rect(1px, 1px, 1px, 1px);\" title=\"&#8220;LEGGERmente&#8230;Bellunesi&#8221; &#8212; Radio Pi\u00f9\" src=\"https:\/\/www.radiopiu.net\/wordpress\/leggermente-20\/embed\/#?secret=GG73vOAUDd\" data-secret=\"GG73vOAUDd\" width=\"600\" height=\"338\" frameborder=\"0\" marginwidth=\"0\" marginheight=\"0\" scrolling=\"no\"><\/iframe><\/p>\n<p>&nbsp;<\/p>\n<\/div>\n<div>\n<hr \/>\n<\/div>\n<p>&nbsp;<\/p>\n<h2><strong><span style=\"color: #ff0000;\">\u00a0ALLA RADIO<\/span><\/strong><\/h2>\n<div data-offset-key=\"5n5nl-0-0\">\n<h3>Per ricevere gli aggiornamenti in tempo reale delle notizie pubblicate alla radio e sul sito di radio pi\u00f9 iscriviti al gruppo RADIO PIU INFORMAZIONE su Telegram.\u00a0\u00a0<a href=\"https:\/\/t.me\/radiopiu\">clicca qui<\/a><\/h3>\n<p>&nbsp;<\/p>\n<p><strong><a class=\"dt-pswp-item\" href=\"https:\/\/www.radiopiu.net\/wordpress\/wp-content\/uploads\/2020\/01\/logo-csa.jpg\" data-dt-img-description=\"\" data-large_image_width=\"1167\" data-large_image_height=\"574\"><img loading=\"lazy\" decoding=\"async\" class=\"wp-image-113364 alignleft\" src=\"https:\/\/www.radiopiu.net\/wordpress\/wp-content\/uploads\/2020\/01\/logo-csa-300x148.jpg\" alt=\"\" width=\"182\" height=\"90\" srcset=\"https:\/\/www.radiopiu.net\/wordpress\/wp-content\/uploads\/2020\/01\/logo-csa-300x148.jpg 300w, https:\/\/www.radiopiu.net\/wordpress\/wp-content\/uploads\/2020\/01\/logo-csa-1024x504.jpg 1024w, https:\/\/www.radiopiu.net\/wordpress\/wp-content\/uploads\/2020\/01\/logo-csa-768x378.jpg 768w, https:\/\/www.radiopiu.net\/wordpress\/wp-content\/uploads\/2020\/01\/logo-csa.jpg 1167w\" sizes=\"auto, (max-width: 182px) 100vw, 182px\" \/><\/a>AGORDO<\/strong> Appuntahttps:\/\/www.radiopiu.net\/wordpress\/erbe-e-piante-curative-il-mandorlo\/mento mensile (primo venerdi del mese) con lo speciale condotto da Claudio<\/p>\n<p>Fontanive, in studio Fabrizio Campedel e Paolo Chissal\u00e8.<\/p>\n<\/div>\n<p><strong>PUNTATA DI APRILE<\/strong><\/p>\n<blockquote><audio class=\"wp-audio-shortcode\" id=\"audio-206523-21\" preload=\"none\" style=\"width: 100%;\" controls=\"controls\"><source type=\"audio\/mpeg\" src=\"https:\/\/www.radiopiu.net\/wordpress\/wp-content\/uploads\/2021\/04\/ca-sol-lux-aprile-2021.mp3?_=21\" \/><a href=\"https:\/\/www.radiopiu.net\/wordpress\/wp-content\/uploads\/2021\/04\/ca-sol-lux-aprile-2021.mp3\">https:\/\/www.radiopiu.net\/wordpress\/wp-content\/uploads\/2021\/04\/ca-sol-lux-aprile-2021.mp3<\/a><\/audio>\n<h2>RACCOLTA COMPLETA<\/h2>\n<\/blockquote>\n<blockquote class=\"wp-embedded-content\" data-secret=\"plz8IxqNus\"><p><a href=\"https:\/\/www.radiopiu.net\/wordpress\/cassa-solidarieta-luxottica-puntata-del-16-ottobre-2020\/\">CASSA SOLIDARIET\u00c0 LUXOTTICA &#8211; PUNTATA DEL 20 NOVEMBRE 2020<\/a><\/p><\/blockquote>\n<p><iframe loading=\"lazy\" class=\"wp-embedded-content\" sandbox=\"allow-scripts\" security=\"restricted\" style=\"position: absolute; clip: rect(1px, 1px, 1px, 1px);\" title=\"&#8220;CASSA SOLIDARIET\u00c0 LUXOTTICA &#8211; PUNTATA DEL 20 NOVEMBRE 2020&#8221; &#8212; Radio Pi\u00f9\" src=\"https:\/\/www.radiopiu.net\/wordpress\/cassa-solidarieta-luxottica-puntata-del-16-ottobre-2020\/embed\/#?secret=plz8IxqNus\" data-secret=\"plz8IxqNus\" width=\"600\" height=\"338\" frameborder=\"0\" marginwidth=\"0\" marginheight=\"0\" scrolling=\"no\"><\/iframe><\/p>\n<div><\/div>\n<div><\/div>\n<div>\n<hr \/>\n<\/div>\n<blockquote>\n<h3>CISL, LA VOCE DEI LAVORATORI &#8211; 21 APRILE 2021<\/h3>\n<\/blockquote>\n<p>&nbsp;<\/p>\n<p style=\"text-align: left;\"><a href=\"https:\/\/www.radiopiu.net\/wordpress\/cisl-la-voce-dei-lavoratori-21-aprile-2021\/paolo-chissale-e-milena-cesca\/\" rel=\"attachment wp-att-204863\"><img loading=\"lazy\" decoding=\"async\" class=\"alignleft\" src=\"https:\/\/www.radiopiu.net\/wordpress\/wp-content\/uploads\/2021\/04\/paolo-chissale\u0300-e-milena-cesca-300x300.jpg\" alt=\"\" width=\"108\" height=\"108\" \/><\/a>Con<strong> Paolo Chissal\u00e8 e Milena Cesca della Femca CISL<\/strong><\/p>\n<audio class=\"wp-audio-shortcode\" id=\"audio-206523-22\" preload=\"none\" style=\"width: 100%;\" controls=\"controls\"><source type=\"audio\/mpeg\" src=\"https:\/\/www.radiopiu.net\/wordpress\/wp-content\/uploads\/2021\/04\/CISL.mp3?_=22\" \/><a href=\"https:\/\/www.radiopiu.net\/wordpress\/wp-content\/uploads\/2021\/04\/CISL.mp3\">https:\/\/www.radiopiu.net\/wordpress\/wp-content\/uploads\/2021\/04\/CISL.mp3<\/a><\/audio>\n<p>&nbsp;<\/p>\n<p>&nbsp;<\/p>\n<p>&nbsp;<\/p>\n<hr \/>\n<h2><span style=\"color: #ff0000;\">\u00a0<\/span><\/h2>\n<h3><\/h3>\n<blockquote class=\"wp-embedded-content\" data-secret=\"jfXhg8AURx\"><p><a href=\"https:\/\/www.radiopiu.net\/wordpress\/ep-center-video-gallery\/\">EP CENTER video gallery<\/a><\/p><\/blockquote>\n<p><iframe loading=\"lazy\" class=\"wp-embedded-content\" sandbox=\"allow-scripts\" security=\"restricted\" style=\"position: absolute; clip: rect(1px, 1px, 1px, 1px);\" title=\"&#8220;EP CENTER video gallery&#8221; &#8212; Radio Pi\u00f9\" src=\"https:\/\/www.radiopiu.net\/wordpress\/ep-center-video-gallery\/embed\/#?secret=jfXhg8AURx\" data-secret=\"jfXhg8AURx\" width=\"600\" height=\"338\" frameborder=\"0\" marginwidth=\"0\" marginheight=\"0\" scrolling=\"no\"><\/iframe><\/p>\n<p>&nbsp;<\/p>\n<p>&nbsp;<\/p>\n<hr \/>\n<p>\u200b<\/p>\n<p>&nbsp;<\/p>\n<p><a href=\"https:\/\/www.radiopiu.net\/wordpress\/giornale-radiopiu-26-settembre-2018-direttore-mirko-mezzacasa\/viabilita-2\/\" rel=\"attachment wp-att-61954\"><img loading=\"lazy\" decoding=\"async\" class=\"wp-image-61954 size-full aligncenter\" src=\"https:\/\/www.radiopiu.net\/wordpress\/wp-content\/uploads\/2018\/09\/viabilita.jpeg\" alt=\"\" width=\"800\" height=\"100\" srcset=\"https:\/\/www.radiopiu.net\/wordpress\/wp-content\/uploads\/2018\/09\/viabilita.jpeg 800w, https:\/\/www.radiopiu.net\/wordpress\/wp-content\/uploads\/2018\/09\/viabilita-300x38.jpeg 300w, https:\/\/www.radiopiu.net\/wordpress\/wp-content\/uploads\/2018\/09\/viabilita-768x96.jpeg 768w\" sizes=\"auto, (max-width: 800px) 100vw, 800px\" \/><\/a><\/p>\n<blockquote><p><a href=\"https:\/\/www.radiopiu.net\/wordpress\/giornale-radiopiu-09-agosto-2018-direttore-mirko-mezzacasa\/viabilia\/\" rel=\"attachment wp-att-57053\"><img loading=\"lazy\" decoding=\"async\" class=\" wp-image-57053 alignleft\" src=\"https:\/\/www.radiopiu.net\/wordpress\/wp-content\/uploads\/2018\/08\/VIABILIA-300x180.jpeg\" alt=\"\" width=\"220\" height=\"132\" srcset=\"https:\/\/www.radiopiu.net\/wordpress\/wp-content\/uploads\/2018\/08\/VIABILIA-300x180.jpeg 300w, https:\/\/www.radiopiu.net\/wordpress\/wp-content\/uploads\/2018\/08\/VIABILIA-768x461.jpeg 768w, https:\/\/www.radiopiu.net\/wordpress\/wp-content\/uploads\/2018\/08\/VIABILIA-1024x614.jpeg 1024w, https:\/\/www.radiopiu.net\/wordpress\/wp-content\/uploads\/2018\/08\/VIABILIA.jpeg 1280w\" sizes=\"auto, (max-width: 220px) 100vw, 220px\" \/><\/a>La viabilit\u00e0 con gli ultimi aggiornamenti da Veneto Strade.<\/p>\n<p><span style=\"color: #ff0000;\"><strong>in onda alla radio: 4.05, 6.18, 14 30 , 18.30, 23.25\u00a0<\/strong><\/span><\/p>\n<p>&nbsp;<\/p>\n<p>&nbsp;<\/p><\/blockquote>\n<blockquote><p>&nbsp;<\/p><\/blockquote>\n<audio class=\"wp-audio-shortcode\" id=\"audio-206523-23\" preload=\"none\" style=\"width: 100%;\" controls=\"controls\"><source type=\"audio\/mpeg\" src=\"https:\/\/www.radiopiu.net\/wordpress\/wp-content\/uploads\/2021\/04\/VIABILITA-5.mp3?_=23\" \/><a href=\"https:\/\/www.radiopiu.net\/wordpress\/wp-content\/uploads\/2021\/04\/VIABILITA-5.mp3\">https:\/\/www.radiopiu.net\/wordpress\/wp-content\/uploads\/2021\/04\/VIABILITA-5.mp3<\/a><\/audio>\n<p>&nbsp;<\/p>\n<hr \/>\n<p>&nbsp;<\/p>\n<div dir=\"auto\">\n<div>\n<p class=\"photoswipe-wrapper\"><a class=\"dt-pswp-item pspw-wrap-ready\" href=\"https:\/\/i0.wp.com\/www.radiopiu.net\/wordpress\/wp-content\/uploads\/2018\/09\/WhatsApp-Image-2018-09-20-at-16.04.06.jpeg?ssl=1\" data-dt-img-description=\"\" data-large_image_width=\"800\" data-large_image_height=\"100\"><img loading=\"lazy\" decoding=\"async\" class=\"aligncenter wp-image-61378 size-full jetpack-lazy-image jetpack-lazy-image--handled\" src=\"https:\/\/i0.wp.com\/www.radiopiu.net\/wordpress\/wp-content\/uploads\/2018\/09\/WhatsApp-Image-2018-09-20-at-16.04.06.jpeg?resize=800%2C100&amp;ssl=1\" sizes=\"auto, (max-width: 800px) 100vw, 800px\" srcset=\"https:\/\/i0.wp.com\/www.radiopiu.net\/wordpress\/wp-content\/uploads\/2018\/09\/WhatsApp-Image-2018-09-20-at-16.04.06.jpeg?w=800&amp;ssl=1 800w, https:\/\/i0.wp.com\/www.radiopiu.net\/wordpress\/wp-content\/uploads\/2018\/09\/WhatsApp-Image-2018-09-20-at-16.04.06.jpeg?resize=300%2C38&amp;ssl=1 300w, https:\/\/i0.wp.com\/www.radiopiu.net\/wordpress\/wp-content\/uploads\/2018\/09\/WhatsApp-Image-2018-09-20-at-16.04.06.jpeg?resize=768%2C96&amp;ssl=1 768w\" alt=\"\" width=\"800\" height=\"100\" data-lazy-loaded=\"1\" \/><\/a><\/p>\n<\/div>\n<div><\/div>\n<p><center><\/center><center><b>Venerdi 30<\/b><\/center><b>Tempo atteso: <\/b>Tempo variabile al mattino con molte nubi e limitate chance di schiarite. Al pomeriggio aumento e intensificazione della nuvolosit\u00e0 e tendenza all&#8217;instabilit\u00e0. Relativa mitezza diurna nelle valli, nonostante il forte deficit di sole, mentre il contesto sar\u00e0 fresco e umido in alta quota.<br \/>\n<b>Precipitazioni: <\/b>Probabilit\u00e0 inizialmente medio-bassa (20-40%). Dalle ore centrali in poi il rischio aumenter\u00e0 fino ad alto (80\/90%). Le precipitazioni saranno sparse e perlopi\u00f9 a carattere di rovescio, eventualmente anche di temporale, specie su Prealpi e pedemontana. Il limite neve sar\u00e0 sui 2300\/2400 m. Tra gioved\u00ec e venerd\u00ec sono previsti apporti molto variabili da un settore all&#8217;altro, compresi tra 5 mm e 30 mm, puntualmente 40 mm, considerando che i valori pi\u00f9 alti saranno inerenti alle Prealpi. I cumuli di neve fresca saranno osservabili solo oltre i 2300\/2500 m.<br \/>\n<b>Temperature: <\/b>In lieve aumento, nonostante l&#8217;estesa copertura nuvolosa. Sono previste punte di 15\/18\u00b0C nei fondovalle prealpini e di 10\/13\u00b0C a 1000\/1200 m. Su Prealpi a 1500 m min 5\u00b0C max 8\u00b0C, a 2000 m min 3\u00b0C max 5\u00b0C. Su Dolomiti a 2000 m min 2\u00b0C max 5\u00b0C, a 3000 m min -3\u00b0C max -2\u00b0C.<br \/>\n<b>Venti: <\/b>Nelle valli deboli di direzione variabile; in quota moderati da sud-ovest, a tratti anche tesi, specie sulle cime pi\u00f9 alte e su alcune dorsali prealpine, a 10-25 km\/h a 2000 m e 25-35 km\/h a 3000 m.<\/p>\n<hr \/>\n<p><center><b>Sabato 1<\/b><\/center><b>Tempo atteso: <\/b>Al mattino tempo variabile con qualche squarcio di sereno, maggiormente presente in quota, mentre nubi basse potrebbero ristagnare nelle valli, specie quelle prealpine. Con il passare delle ore aumento della nuvolosit\u00e0 fino a cielo coperto, nel contempo il peggioramento si estender\u00e0 dalle Prealpi alle Dolomiti fino a risultare perturbato ovunque a fine giornata.<br \/>\n<b>Precipitazioni: <\/b>Residui fenomeni notturni (40\/50%), poi precipitazioni perlopi\u00f9 assenti fino alle ore centrali del giorno, prima di una ripresa nel corso del pomeriggio a partire dalle Prealpi (90\/100%), in successiva estensione alle Dolomiti per piogge pi\u00f9 diffuse e e via via pi\u00f9 intense (15\/30 mm) . Il limite della neve s&#8217;innalzer\u00e0 fino sui 2400\/2500 m.<br \/>\n<b>Temperature: <\/b>In generale ulteriore aumento per l&#8217;intensificarsi dell&#8217;avvezione meridionale di aria mite. Su Prealpi a 1500 m min 6\u00b0C max 9\u00b0C, a 2000 m min 4\u00b0C max 6\u00b0C. Su Dolomiti a 2000 m min 3\u00b0C max 6\u00b0C, a 3000 m min -3\u00b0C max -1\u00b0C.<br \/>\n<b>Venti: <\/b>Nelle valli deboli di direzione variabile; in quota moderati\/tesi da sud sud-ovest, anche forti sulle cime pi\u00f9 alte alla sera, a 10-25 km\/h a 2000 m e 30-40 km\/h a 3000 m.<\/p>\n<hr \/>\n<p><center><b>Domenica 2<\/b><\/center>Apice del maltempo con abbondanti precipitazioni nottetempo, mentre ci sar\u00e0 un attenuazione dello stesso al mattino, prima che l&#8217;instabilit\u00e0 riprenda con rovesci e temporali al pomeriggio. Il cielo rimarr\u00e0 sempre molto nuvoloso o coperto. Il limite della neve scender\u00e0 dai 2100\/2300 m iniziali fino a 1400\/1500 m a fine episodio, anche 1200\/1300 m sulle Dolomiti. Temperature in calo con minime osservate alla sera. Venti moderati\/tesi da sud-ovest, prima di disporsi dai quadranti settentrionali attenuandosi; deboli meridionali nelle valli, salvo locali rinforzi.<\/p>\n<hr \/>\n<p><center><b>Lunedi 3<\/b><\/center>Residui precipitazioni notturne, poi parziale miglioramento con schiarite e annuvolamenti irregolari, senza fenomeni al mattino. Nel corso del pomeriggio di nuovo instabile sulle Prealpi con addensamenti associati a rovesci sparsi, nevosi oltre i 1400\/1600 m. Sulle Dolomiti minore instabilit\u00e0 con nuvolosit\u00e0 meno intensa e minore riduzione del soleggiamento. Temperature in calo, eccetto ripresa delle massime nelle valli. Venti deboli di direzione variabile nelle valli, moderati da nord-ovest in quota. Previsore: R.L.Th.<\/p>\n<p>&nbsp;<\/p>\n<hr \/>\n<p>&nbsp;<\/p>\n<\/div>\n<p><a href=\"https:\/\/www.radiopiu.net\/wordpress\/giornale-radiopiu-15-settembre-2018-direttore-mirko-mezzacasa\/sport-7\/\" rel=\"attachment wp-att-60761\"><img loading=\"lazy\" decoding=\"async\" class=\"wp-image-60761 size-full aligncenter\" src=\"https:\/\/www.radiopiu.net\/wordpress\/wp-content\/uploads\/2018\/09\/sport.jpg\" alt=\"\" width=\"800\" height=\"100\" srcset=\"https:\/\/www.radiopiu.net\/wordpress\/wp-content\/uploads\/2018\/09\/sport.jpg 800w, https:\/\/www.radiopiu.net\/wordpress\/wp-content\/uploads\/2018\/09\/sport-300x38.jpg 300w, https:\/\/www.radiopiu.net\/wordpress\/wp-content\/uploads\/2018\/09\/sport-768x96.jpg 768w\" sizes=\"auto, (max-width: 800px) 100vw, 800px\" \/><\/a><\/p>\n<p>&nbsp;<\/p>\n<p>&nbsp;<\/p>\n<blockquote>\n<h3>DA LUNEDI&#8217; 3 MAGGIO RIPRENDE L&#8217;ATTIVITA&#8217; GIOVANILE DELL&#8217;AGORDINA<\/h3>\n<\/blockquote>\n<p><strong><a href=\"https:\/\/www.radiopiu.net\/wordpress\/iniziano-i-campionati-per-lagordina-parla-cosmo-forcella\/cosmo-forcella-2\/\" rel=\"attachment wp-att-98244\"><img loading=\"lazy\" decoding=\"async\" class=\" wp-image-98244 alignleft\" src=\"https:\/\/www.radiopiu.net\/wordpress\/wp-content\/uploads\/2019\/09\/COSMO-FORCELLA-225x300.jpeg\" alt=\"\" width=\"107\" height=\"143\" srcset=\"https:\/\/www.radiopiu.net\/wordpress\/wp-content\/uploads\/2019\/09\/COSMO-FORCELLA-225x300.jpeg 225w, https:\/\/www.radiopiu.net\/wordpress\/wp-content\/uploads\/2019\/09\/COSMO-FORCELLA-768x1024.jpeg 768w, https:\/\/www.radiopiu.net\/wordpress\/wp-content\/uploads\/2019\/09\/COSMO-FORCELLA.jpeg 1200w\" sizes=\"auto, (max-width: 107px) 100vw, 107px\" \/><\/a>AGORDO<\/strong> Ripartir\u00e0 luned\u00ec prossimo dal campo sintetico di Taibon l&#8217;attivit\u00e0 dell&#8217;Agordina Calcio. A comunicarlo ai microfoni di Radio Pi\u00f9 il presidente Cosmo Forcella.<\/p>\n<audio class=\"wp-audio-shortcode\" id=\"audio-206523-24\" preload=\"none\" style=\"width: 100%;\" controls=\"controls\"><source type=\"audio\/mpeg\" src=\"https:\/\/www.radiopiu.net\/wordpress\/wp-content\/uploads\/2021\/04\/COSMO-RIPRESA-ATTIVITA-AGORDINA.mp3?_=24\" \/><a href=\"https:\/\/www.radiopiu.net\/wordpress\/wp-content\/uploads\/2021\/04\/COSMO-RIPRESA-ATTIVITA-AGORDINA.mp3\">https:\/\/www.radiopiu.net\/wordpress\/wp-content\/uploads\/2021\/04\/COSMO-RIPRESA-ATTIVITA-AGORDINA.mp3<\/a><\/audio>\n<p>&nbsp;<\/p>\n<p><strong>IL PROGRAMMA DEGLI ALLENAMENTI<\/strong><\/p>\n<a href=\"https:\/\/www.radiopiu.net\/wordpress\/wp-content\/uploads\/2021\/04\/2021-Programmazione-ripresa-allenamenti.pdf\" class=\"pdfemb-viewer\" style=\"\" data-width=\"max\" data-height=\"max\" data-toolbar=\"top\" data-toolbar-fixed=\"on\">2021 Programmazione ripresa allenamenti<\/a>\n<p>&nbsp;<\/p>\n<p>&nbsp;<\/p>\n<hr \/>\n<h2><\/h2>\n<p>&nbsp;<\/p>\n<h2 class=\"null\">HOCKEY<\/h2>\n<blockquote>\n<h3 class=\"null\"><a href=\"https:\/\/www.radiopiu.net\/wordpress\/giornale-radiopiu-30-aprile-2021-direttore-mirko-mezzacasa\/c59cbd9b-613f-4722-b012-4b5fbc2253d9\/\" rel=\"attachment wp-att-206728\"><img loading=\"lazy\" decoding=\"async\" class=\"wp-image-206728 alignleft\" src=\"https:\/\/www.radiopiu.net\/wordpress\/wp-content\/uploads\/2021\/04\/c59cbd9b-613f-4722-b012-4b5fbc2253d9-300x225.jpg\" alt=\"\" width=\"177\" height=\"133\" srcset=\"https:\/\/www.radiopiu.net\/wordpress\/wp-content\/uploads\/2021\/04\/c59cbd9b-613f-4722-b012-4b5fbc2253d9-300x225.jpg 300w, https:\/\/www.radiopiu.net\/wordpress\/wp-content\/uploads\/2021\/04\/c59cbd9b-613f-4722-b012-4b5fbc2253d9-1024x768.jpg 1024w, https:\/\/www.radiopiu.net\/wordpress\/wp-content\/uploads\/2021\/04\/c59cbd9b-613f-4722-b012-4b5fbc2253d9-768x576.jpg 768w, https:\/\/www.radiopiu.net\/wordpress\/wp-content\/uploads\/2021\/04\/c59cbd9b-613f-4722-b012-4b5fbc2253d9.jpg 1200w\" sizes=\"auto, (max-width: 177px) 100vw, 177px\" \/><\/a>Nazionale, sabato e domenica doppio test con la Francia<\/h3>\n<\/blockquote>\n<h4 class=\"null\">L\u2019<strong>Italia <\/strong>dell\u2019hockey su ghiaccio accende i motori in vista dei Mondiali Top Division di Riga che prenderanno il via il 21 maggio. Questa mattina, gli azzurri guidati da coach <strong>Greg Ireland<\/strong> hanno lasciato il quartier generale di Bolzano per dirigersi verso <strong>Aosta<\/strong>, dove domani \u00e8 in programma una doppia seduta di allenamento. Sabato e domenica, invece, due test <strong>amichevoli<\/strong> contro la <strong>Francia<\/strong>. Il primo incontro si disputer\u00e0 il 1\u00b0 maggio alle ore 18 ad Aosta, mentre la rivincita avr\u00e0 luogo il 2 maggio, sempre alle ore 18, a <strong>Meg\u00e8ve<\/strong>.<\/h4>\n<p>&nbsp;<\/p>\n","protected":false},"excerpt":{"rendered":"<p>PER\u00a0RICEVERE QUESTO NOTIZIARIO DIRETTAMENTE SUL TUO CELLULARE ISCRIVITI AL CANALE TELEGRAM\u00a0\u201cRADIO PIU\u00a0 INFORMAZIONE\u201d\u00a0\u00a0 QUANDO LE TASSE SI FERMANO DOMANI ROCCA PIETORE\u00a0 Il delegato Ascom per il Comune di Rocca Pietore Mario de Cassan e la presidente del Consorzio Turistico Marmolada,\u00a0 Lucia Farenzena hanno preso ferrea posizione in merito all&#8217;ultima imposizione dei Comuni arrivata ieri attraverso&hellip;<\/p>\n","protected":false},"author":4,"featured_media":206763,"comment_status":"closed","ping_status":"closed","sticky":false,"template":"","format":"standard","meta":{"_monsterinsights_skip_tracking":false,"_monsterinsights_sitenote_active":false,"_monsterinsights_sitenote_note":"","_monsterinsights_sitenote_category":0,"footnotes":""},"categories":[1,51,86,49],"tags":[],"class_list":["post-206523","post","type-post","status-publish","format-standard","has-post-thumbnail","hentry","category-senza-categoria","category-evidenza-top","category-gr","category-news-18","category-1","category-51","category-86","category-49","description-off"],"img_url":"https:\/\/www.radiopiu.net\/wordpress\/wp-content\/uploads\/2021\/04\/b172c710-7180-445c-9975-f7d66040c930.jpg","_links":{"self":[{"href":"https:\/\/www.radiopiu.net\/wordpress\/wp-json\/wp\/v2\/posts\/206523","targetHints":{"allow":["GET"]}}],"collection":[{"href":"https:\/\/www.radiopiu.net\/wordpress\/wp-json\/wp\/v2\/posts"}],"about":[{"href":"https:\/\/www.radiopiu.net\/wordpress\/wp-json\/wp\/v2\/types\/post"}],"author":[{"embeddable":true,"href":"https:\/\/www.radiopiu.net\/wordpress\/wp-json\/wp\/v2\/users\/4"}],"replies":[{"embeddable":true,"href":"https:\/\/www.radiopiu.net\/wordpress\/wp-json\/wp\/v2\/comments?post=206523"}],"version-history":[{"count":0,"href":"https:\/\/www.radiopiu.net\/wordpress\/wp-json\/wp\/v2\/posts\/206523\/revisions"}],"wp:featuredmedia":[{"embeddable":true,"href":"https:\/\/www.radiopiu.net\/wordpress\/wp-json\/wp\/v2\/media\/206763"}],"wp:attachment":[{"href":"https:\/\/www.radiopiu.net\/wordpress\/wp-json\/wp\/v2\/media?parent=206523"}],"wp:term":[{"taxonomy":"category","embeddable":true,"href":"https:\/\/www.radiopiu.net\/wordpress\/wp-json\/wp\/v2\/categories?post=206523"},{"taxonomy":"post_tag","embeddable":true,"href":"https:\/\/www.radiopiu.net\/wordpress\/wp-json\/wp\/v2\/tags?post=206523"}],"curies":[{"name":"wp","href":"https:\/\/api.w.org\/{rel}","templated":true}]}}