{"id":206555,"date":"2021-04-29T05:37:47","date_gmt":"2021-04-29T03:37:47","guid":{"rendered":"https:\/\/www.radiopiu.net\/wordpress\/?p=206555"},"modified":"2021-04-29T09:46:53","modified_gmt":"2021-04-29T07:46:53","slug":"dillo-a-radio-piu-da-un-cittadino-acquisito-lidea-dellalbero-piu-bello-del-mondo","status":"publish","type":"post","link":"https:\/\/www.radiopiu.net\/wordpress\/dillo-a-radio-piu-da-un-cittadino-acquisito-lidea-dellalbero-piu-bello-del-mondo\/","title":{"rendered":"dillo A Radio Pi\u00f9, DA UN CITTADINO &#8220;ACQUISITO&#8221; L&#8217;IDEA DELL&#8217;ALBERO PIU&#8217; BELLO DEL MONDO"},"content":{"rendered":"<p><a href=\"https:\/\/www.radiopiu.net\/wordpress\/dillo-a-radio-piu-da-un-cittadino-acquisito-lidea-dellalbero-piu-bello-del-mondo\/albero-natale-alleghe-1-1\/\" rel=\"attachment wp-att-206557\"><img loading=\"lazy\" decoding=\"async\" class=\" wp-image-206557 alignleft\" src=\"https:\/\/www.radiopiu.net\/wordpress\/wp-content\/uploads\/2021\/04\/Albero-Natale-Alleghe-1-1-169x300.jpg\" alt=\"\" width=\"241\" height=\"428\" srcset=\"https:\/\/www.radiopiu.net\/wordpress\/wp-content\/uploads\/2021\/04\/Albero-Natale-Alleghe-1-1-169x300.jpg 169w, https:\/\/www.radiopiu.net\/wordpress\/wp-content\/uploads\/2021\/04\/Albero-Natale-Alleghe-1-1-576x1024.jpg 576w, https:\/\/www.radiopiu.net\/wordpress\/wp-content\/uploads\/2021\/04\/Albero-Natale-Alleghe-1-1-768x1366.jpg 768w, https:\/\/www.radiopiu.net\/wordpress\/wp-content\/uploads\/2021\/04\/Albero-Natale-Alleghe-1-1-864x1536.jpg 864w, https:\/\/www.radiopiu.net\/wordpress\/wp-content\/uploads\/2021\/04\/Albero-Natale-Alleghe-1-1-1152x2048.jpg 1152w, https:\/\/www.radiopiu.net\/wordpress\/wp-content\/uploads\/2021\/04\/Albero-Natale-Alleghe-1-1-scaled.jpg 1440w\" sizes=\"auto, (max-width: 241px) 100vw, 241px\" \/><\/a><\/p>\n<p>&nbsp;<\/p>\n<p><strong>REDAZIONE<\/strong> Da Stefano Farci riceviamo e volentieri pubblichiamo<\/p>\n<p>Sono un &#8220;cittadino acquisito&#8221; (o almeno cos\u00ec mi sento) di Alleghe, avendo l\u00ec una seconda casa. Scrivo per chiedere un aiuto\/consiglio su come poter sviluppare un&#8217;idea post Vaia: \u00a0far diventare l&#8217;area fronte Palaghiaccio di Alleghe, martoriata dagli schianti di Vaia (ben visibile dal centro di Alleghe, dalle due sponde del lago e dalla strada statale), l&#8217;albero di Natale pi\u00f9 bello e significativo del mondo, al pari di quello che \u00e8 l&#8217;albero di Natale di Gubbio, considerato il pi\u00f9 grande del mondo. In allegato, una foto dell&#8217;area di Alleghe, ipotizzandola illuminata, come quella di Gubbio.<\/p>\n<blockquote><p>Potrebbe diventare un simbolo della ricostruzione post Vaia. La scorsa estate ho avuto un breve colloquio in strada con il sindaco di Alleghe Danilo De Toni e mi ha spiegato che la zona in questione deve venir messa in sicurezza per le valanghe. Ieri dal\u00a0 sito di Radio Pi\u00f9 ho appreso che\u00a0 inizia la riqualificazione dell&#8217;area.<\/p><\/blockquote>\n<p>&nbsp;<\/p>\n<p>&nbsp;<\/p>\n<p>&nbsp;<\/p>\n","protected":false},"excerpt":{"rendered":"<p>&nbsp; REDAZIONE Da Stefano Farci riceviamo e volentieri pubblichiamo Sono un &#8220;cittadino acquisito&#8221; (o almeno cos\u00ec mi sento) di Alleghe, avendo l\u00ec una seconda casa. Scrivo per chiedere un aiuto\/consiglio su come poter sviluppare un&#8217;idea post Vaia: \u00a0far diventare l&#8217;area fronte Palaghiaccio di Alleghe, martoriata dagli schianti di Vaia (ben visibile dal centro di Alleghe,&hellip;<\/p>\n","protected":false},"author":4,"featured_media":206556,"comment_status":"closed","ping_status":"closed","sticky":false,"template":"","format":"standard","meta":{"_monsterinsights_skip_tracking":false,"_monsterinsights_sitenote_active":false,"_monsterinsights_sitenote_note":"","_monsterinsights_sitenote_category":0,"footnotes":""},"categories":[104,49],"tags":[],"class_list":["post-206555","post","type-post","status-publish","format-standard","has-post-thumbnail","hentry","category-evidenza_3","category-news-18","category-104","category-49","description-off"],"img_url":"https:\/\/www.radiopiu.net\/wordpress\/wp-content\/uploads\/2021\/04\/71c5b077-f55e-4cb1-9471-8ee8bf2c2e3d.jpg","_links":{"self":[{"href":"https:\/\/www.radiopiu.net\/wordpress\/wp-json\/wp\/v2\/posts\/206555","targetHints":{"allow":["GET"]}}],"collection":[{"href":"https:\/\/www.radiopiu.net\/wordpress\/wp-json\/wp\/v2\/posts"}],"about":[{"href":"https:\/\/www.radiopiu.net\/wordpress\/wp-json\/wp\/v2\/types\/post"}],"author":[{"embeddable":true,"href":"https:\/\/www.radiopiu.net\/wordpress\/wp-json\/wp\/v2\/users\/4"}],"replies":[{"embeddable":true,"href":"https:\/\/www.radiopiu.net\/wordpress\/wp-json\/wp\/v2\/comments?post=206555"}],"version-history":[{"count":0,"href":"https:\/\/www.radiopiu.net\/wordpress\/wp-json\/wp\/v2\/posts\/206555\/revisions"}],"wp:featuredmedia":[{"embeddable":true,"href":"https:\/\/www.radiopiu.net\/wordpress\/wp-json\/wp\/v2\/media\/206556"}],"wp:attachment":[{"href":"https:\/\/www.radiopiu.net\/wordpress\/wp-json\/wp\/v2\/media?parent=206555"}],"wp:term":[{"taxonomy":"category","embeddable":true,"href":"https:\/\/www.radiopiu.net\/wordpress\/wp-json\/wp\/v2\/categories?post=206555"},{"taxonomy":"post_tag","embeddable":true,"href":"https:\/\/www.radiopiu.net\/wordpress\/wp-json\/wp\/v2\/tags?post=206555"}],"curies":[{"name":"wp","href":"https:\/\/api.w.org\/{rel}","templated":true}]}}