{"id":206607,"date":"2021-04-29T10:37:24","date_gmt":"2021-04-29T08:37:24","guid":{"rendered":"https:\/\/www.radiopiu.net\/wordpress\/?p=206607"},"modified":"2021-04-29T10:37:25","modified_gmt":"2021-04-29T08:37:25","slug":"primo-maggio-sabato-alle-1015-manifestazione-contingentata-davanti-alla-casa-di-riposo-gaggia-lante-di-belluno","status":"publish","type":"post","link":"https:\/\/www.radiopiu.net\/wordpress\/primo-maggio-sabato-alle-1015-manifestazione-contingentata-davanti-alla-casa-di-riposo-gaggia-lante-di-belluno\/","title":{"rendered":"PRIMO MAGGIO: SABATO ALLE 10:15 MANIFESTAZIONE CONTINGENTATA DAVANTI ALLA CASA DI RIPOSO GAGGIA LANTE DI BELLUNO"},"content":{"rendered":"<p><strong><a href=\"https:\/\/www.radiopiu.net\/wordpress\/primo-maggio-sabato-alle-1015-manifestazione-contingentata-davanti-alla-casa-di-riposo-gaggia-lante-di-belluno\/locandina-1-maggio-bl\/\" rel=\"attachment wp-att-206608\"><img loading=\"lazy\" decoding=\"async\" class=\"size-medium wp-image-206608 alignleft\" src=\"https:\/\/www.radiopiu.net\/wordpress\/wp-content\/uploads\/2021\/04\/locandina-1-Maggio-BL-213x300.jpeg\" alt=\"\" width=\"213\" height=\"300\" srcset=\"https:\/\/www.radiopiu.net\/wordpress\/wp-content\/uploads\/2021\/04\/locandina-1-Maggio-BL-213x300.jpeg 213w, https:\/\/www.radiopiu.net\/wordpress\/wp-content\/uploads\/2021\/04\/locandina-1-Maggio-BL.jpeg 720w\" sizes=\"auto, (max-width: 213px) 100vw, 213px\" \/><\/a>BELLUNO <\/strong>Sabato, in occasione della festa dei lavoratori, le sigle sindacali hanno organizzato una manifestazione contingentata davanti alla casa di riposo Gaggia Lante di Belluno.<\/p>\n<p><strong>IL COMUNICATO UNITARIO<\/strong><\/p>\n<blockquote><p>CGIL CISL UIL hanno sempre festeggiato il Primo Maggio, Festa dei Lavoratori, con una iniziativa tematica con un forte valore d\u2019attualit\u00e0; nel corso del 2020 questo non \u00e8 avvenuto, a causa delle restrizioni del lockdown e solo adesso, seppur in forma ridotta, sar\u00e0 possibile riprendere questa tradizione. Sabato Primo Maggio CGIL CISL UIL saranno unitariamente davanti all\u2019ingresso storico della Casa di Riposo- RSA SER.SA. \u201cGAGGIA LANTE\u201d di Cavarzano a Belluno, a partire dalle ore 10.15, per una manifestazione \u201ccontingentata\u201d a discutere sui temi del lavoro nell\u2019epoca del Covid, alla presenza dei rappresentanti dei luoghi di lavoro, delle autorit\u00e0 locali e dei lavoratori, in particolare quelli che provengono dal settore del socio-sanitario<em>. <\/em>\u00c8 appunto questo il tema scelto dalle Organizzazioni Sindacali bellunesi, quello di rendere omaggio e ringraziare coloro che in questi due anni, dal 23 febbraio 2020, sono stati catapultati nel centro della pandemia e hanno dovuto e saputo fronteggiarla, per poter dare a tutto il sistema-Paese le cure e la sicurezza nella salute e, allo stesso tempo, far capire alla cittadinanza come il sistema sanitario fosse in grado di reggere, mentre quello economico s\u2019interrogava su come poter ripartire. \u201c<em>La pandemia &#8211; <\/em>afferma Massimiliano Paglini, Segretario generale della CISL Belluno Treviso &#8211; <em>ci ha insegnato che senza salute non c&#8217;\u00e8 sviluppo n\u00e9 lavoro, e senza lavoro si disgregano le nostre comunit\u00e0. Per questo \u00e8 per noi ancor pi\u00f9 doveroso ringraziare chi ogni giorno \u00e8 stato in prima linea per tutelare tutti noi e i nostri anziani. \u00c8 un dovere morale, prima che civile, rendere omaggio al lavoro del personale medico e socio-sanitario<\/em><em>\u201d <\/em>Sono stati tre, e continuano ad esserlo, gli emblemi del lavoro nell\u2019ambito socio-sanitario: i medici, gli infermieri, il personale di base degli ospedali, con l\u2019assistenza continua nei reparti Covid o nelle terapie intensive, il personale del servizio prevenzione e nel\u00a0 territorio (le USCA e i medici di base) che hanno seguito l\u2019evolversi della pandemia e gestivano gli ammalati in isolamento e tutti gli addetti e il personale sanitario dentro le case di riposo, dove il Covid ha procurato purtroppo tante vittime, e ha costretto i nostri anziani ad un isolamento forzato, vietando oltremodo il contatto con i familiari a casa. \u201cPer questo &#8211; spiegano CGIL, CISL e UIL territoriali &#8211; la nostra scelta \u00e8 stata quella di venire alla SER.SA., perch\u00e9 \u00e8 stato uno dei tanti luoghi simbolo del lavoro nell\u2019epoca del Covid. Il dibattito non si fermer\u00e0 al solo ringraziamento delle tante lavoratrici e lavoratori del settore, ma tratteremo anche le necessit\u00e0 del futuro nella sanit\u00e0, della carenza del personale specializzato &#8211; proprio nelle case di riposo -, della necessit\u00e0 di una riforma del sistema della residenzialit\u00e0 per gli anziani, dei rinnovi contrattuali che sono diventati sempre pi\u00f9 difficili, di un sistema sanitario da riorganizzare in un eterno contrasto tra pubblico e privato\u201d. \u201c<em>Il sistema complessivo del socio-sanitario <\/em>&#8211; spiega Mauro De Carli, Segretario generale della CGIL Belluno &#8211; <em>\u00a0\u00e8 stato duramente provato da questo lungo periodo di pandemia, garantire \u00a0per il futuro una nuova efficienza al settore, dagli ospedali, alle medicine nel territorio, alle case di riposo, sar\u00e0 determinante per il futuro del sistema Paese, il primo luogo in cui investire (e i soldi dovrebbero esserci dentro il Recovery Plan), soprattutto serve investire nel personale che come sappiamo \u00e8 stato il fattore principale della tenuta sanitaria\u201d. <\/em>\u201c<em>Non potevamo per\u00f2 dimenticarci delle crisi che attraversano altri settori ed altri luoghi di lavoro &#8211; aggiungono i rappresentanti di CGIL, CISL e UIL -; porteranno la loro esperienza i delegati di Acc e Ideal Standard, da tanto ormai in lotta perenne per il loro posto di lavoro, per ricostruire continuamente una speranza di continuit\u00e0 occupazionale per loro e per il territorio<\/em>\u201d. Michele Ferraro, referente confederale UIL Belluno \u00e8 molto deciso: \u201c<em>Siamo di fronte ad una potenziale \u2018bomba sociale\u2019 sia per i riflessi immediati sul territorio per la possibile perdita di 800 posti di lavoro, per le conseguenze su tante famiglie, sia per l\u2019incongruit\u00e0 di quanto sta per accadere, perch\u00e9 ci troviamo di fronte ad aziende che hanno lavoro, produzioni interessanti per il mercato e la loro dismissione non pu\u00f2 essere compresa. \u00c8 impossibile che non si trovino le soluzioni per far s\u00ec che questi lavoratori possano continuare a lavorare<\/em>\u201d. \u201c<em>Se il contingentamento non ci permetter\u00e0 di essere in molti &#8211; concludono i rappresentanti di CGIL, CISL e UIL &#8211; sicuramente avremo molti spunti di discussione, molte preoccupazioni e aspettative da mettere in campo; le porteremo\u00a0 ai sindaci che abbiamo invitato &#8211; Massaro e Cesa oltre al Presidente della Provincia Padrin- perch\u00e9 questo Primo Maggio\u00a0 ci veda finalmente ripartire<\/em>\u201d. La giornata verr\u00e0 conclusa dall\u2019intervento del Segretario generale UIL del Veneto Roberto Toigo.<\/p><\/blockquote>\n","protected":false},"excerpt":{"rendered":"<p>BELLUNO Sabato, in occasione della festa dei lavoratori, le sigle sindacali hanno organizzato una manifestazione contingentata davanti alla casa di riposo Gaggia Lante di Belluno. IL COMUNICATO UNITARIO CGIL CISL UIL hanno sempre festeggiato il Primo Maggio, Festa dei Lavoratori, con una iniziativa tematica con un forte valore d\u2019attualit\u00e0; nel corso del 2020 questo non&hellip;<\/p>\n","protected":false},"author":4,"featured_media":206608,"comment_status":"closed","ping_status":"closed","sticky":false,"template":"","format":"standard","meta":{"_monsterinsights_skip_tracking":false,"_monsterinsights_sitenote_active":false,"_monsterinsights_sitenote_note":"","_monsterinsights_sitenote_category":0,"footnotes":""},"categories":[49],"tags":[],"class_list":["post-206607","post","type-post","status-publish","format-standard","has-post-thumbnail","hentry","category-news-18","category-49","description-off"],"img_url":"https:\/\/www.radiopiu.net\/wordpress\/wp-content\/uploads\/2021\/04\/locandina-1-Maggio-BL.jpeg","_links":{"self":[{"href":"https:\/\/www.radiopiu.net\/wordpress\/wp-json\/wp\/v2\/posts\/206607","targetHints":{"allow":["GET"]}}],"collection":[{"href":"https:\/\/www.radiopiu.net\/wordpress\/wp-json\/wp\/v2\/posts"}],"about":[{"href":"https:\/\/www.radiopiu.net\/wordpress\/wp-json\/wp\/v2\/types\/post"}],"author":[{"embeddable":true,"href":"https:\/\/www.radiopiu.net\/wordpress\/wp-json\/wp\/v2\/users\/4"}],"replies":[{"embeddable":true,"href":"https:\/\/www.radiopiu.net\/wordpress\/wp-json\/wp\/v2\/comments?post=206607"}],"version-history":[{"count":0,"href":"https:\/\/www.radiopiu.net\/wordpress\/wp-json\/wp\/v2\/posts\/206607\/revisions"}],"wp:featuredmedia":[{"embeddable":true,"href":"https:\/\/www.radiopiu.net\/wordpress\/wp-json\/wp\/v2\/media\/206608"}],"wp:attachment":[{"href":"https:\/\/www.radiopiu.net\/wordpress\/wp-json\/wp\/v2\/media?parent=206607"}],"wp:term":[{"taxonomy":"category","embeddable":true,"href":"https:\/\/www.radiopiu.net\/wordpress\/wp-json\/wp\/v2\/categories?post=206607"},{"taxonomy":"post_tag","embeddable":true,"href":"https:\/\/www.radiopiu.net\/wordpress\/wp-json\/wp\/v2\/tags?post=206607"}],"curies":[{"name":"wp","href":"https:\/\/api.w.org\/{rel}","templated":true}]}}