{"id":206620,"date":"2021-04-29T12:25:32","date_gmt":"2021-04-29T10:25:32","guid":{"rendered":"https:\/\/www.radiopiu.net\/wordpress\/?p=206620"},"modified":"2021-04-29T13:20:47","modified_gmt":"2021-04-29T11:20:47","slug":"lappuntamento-con-la-conferenza-stampa-del-presidente-del-veneto-luca-zaia","status":"publish","type":"post","link":"https:\/\/www.radiopiu.net\/wordpress\/lappuntamento-con-la-conferenza-stampa-del-presidente-del-veneto-luca-zaia\/","title":{"rendered":"IL 13 MAGGIO IL GENERALE FIGLIUOLO VERRA&#8217; IN VENETO CHE RIMANE IN ZONA GIALLA  &#8211; CONFERENZA STAMPA DI ZAIA"},"content":{"rendered":"<p><strong>VENEZIA<\/strong>\u00a0Consueto appuntamento con la conferenza stampa di Luca Zaia dalla sede della Protezione Civile a Marghera.<\/p>\n<p><span style=\"color: #ff9900;\"><strong>I NUMERI DA ZONA GIALLA: 0,86 indice Rt, incidenza 129 su 100 mila, occupazione terapia intensiva 18 % (soglia 30%) in area non critica 17%\u00a0 (soglia 40%)<\/strong><\/span><\/p>\n<p>TAMPONI MOLECOLARI 4.984.984 TAMPONI\u00a0 RAPIDI 4.319.169 POSITIVI IERI\u00a0 + 935 TAMPONI IERI 36.041 INCIDENZA POSITIVI TAMPONI\u00a0 2,59 % POSITIVI DA INIZIO EPIDEMIA 411.111 POSITIVI ATTUALI\u00a0 22.255 RICOVERI 1.478\u00a0 (-30) IN AREA NON CRITICA\u00a0 1.275 (-26) IN TERAPIA INTENSIVA\u00a0 203\u00a0 (-4) ALTRI PAZIENTI NON COVID in terapia intensiva 269 DECESSI 11.316\u00a0 (+17) DIMESSI 20.385<\/p>\n<blockquote>\n<h2>LEGGI LA CONFERENZA STAMPA DI LUCA ZAIA, aggiornamento in tempo reale<\/h2>\n<p><em>Il Generale Francesco Figliuolo sar\u00e0 in Veneto gioved\u00ec 13 maggio &#8220;gli faremo vedere l&#8217;efficienza del Veneto, visiter\u00e0 i nostri centri, incontrer\u00e0 i Prefetti&#8221;.\u00a0<\/em><\/p><\/blockquote>\n<p>Continua il trend in calo, in un mese dimessi oltre 1000 pazienti, ma non si abbassi la guardia, abbiamo iniziato a vedere gli assembramenti da spritz foriero del rischio. Grazie alla stampa ieri abbiamo fatto 100mila prenotazioni. Abbiamo il 25% dei vaccinabili gi\u00e0 vaccinati con una dose. Abbiamo inoculato pi\u00f9 di un milione e mezzo di dosi. Siamo felici per come va la vaccinazione, giovedi 13 maggio verr\u00e0 il generale Figliuolo in visita in Veneto. <strong>VACCINI<\/strong> 31123 dosi nelle ultime 24 ore. Domani\u00a0 43mila vaccini. Oggi sono arrivate 150mila dosi. Faccio appello a chi ha pi\u00f9 di 60 anni affinch\u00e9 sappiano che ci sono ancora 64mila posti liberi. Nella categoria over 60\u00a0 ci sono 558464 cittadini, 100mila sono gi\u00e0 stati fatti, di prenotati ce ne sono 242mila.\u00a0 saranno vaccinazioni\u00a0 con Pfizer, Moderna, Astrazeneca. <strong>\u00a0INCHIESTE E DENUNCE<\/strong> Abbiamo aderito alle indicazioni dei tecnici deve essere chiaro, rispetto ad una diagnostica per lo screening utilizzata in tutto il mondo, se qualcuno dimostrer\u00e0 che ha performance diverse da quelle reali c&#8217;\u00e8 un problema rispetto ai produttori. Che facciamo ce la prendiamo con i medici che hanno utilizzato i tamponi rapidi? Lo scorso anno a marzo facevano 2000 tamponi molecolari al giorno con esiti di gran lunga inferiori rispetto ai 70mila di dicembre di cui 25mila molecolari. Lasciando perdere i rapidi di molecolari nella seconda ondata ne facevamo 10 volte di pi\u00f9. Se avessimo immaginato di fare solo i molecolari avremo fatto 22-23mila molecolari al giorno lasciando a piede libero 2\/3 di positivi trovati coi rapidi. Come l&#8217;uomo nella giara di Pirandello, rompiamo la giara o salviamo l&#8217;uomo? Il tampone rapido ritrova 2\/3 di postivi ogni giorno che il molecolare non trova. E&#8217; comunque un tema da scienziati da chiarire. <strong>HA DECISO SE MARTEDI ANDRA &#8216;IN AULA\u00a0<\/strong> Ancora? Sono tre giorni che andate avanti con questa cosa. Andiamo in commissione, in aula andavamo volentieri se facevano parlare i tecnici. Non sono due persone (Zaia-Lanzarin) che decidono, ma i tecnici. Che ne sappiamo noi delle schermate con scritto astintomatico o lo studio dei tamponi. I tecnici ci sono se l&#8217;obiettivo si vuole fare chiarezza e non si vuole fare confusione. Andremo in commissione. Se vuoi chiarezza ma poi non si vogliono i tecnici che chiarezza si fa? Non dobbiamo mica registrare Report ma raccontare quello che dicono i tecnici. La commissione sar\u00e0 pure a porte aperte come noto e chiunque pu\u00f2 collegarsi. Fare gli arrabbiati perch\u00e9 non si vuole i tecnici mi sembra strano. Assessore Presidente non sanno nulla tecnicamente.<\/p>\n<blockquote>\n<h3>L&#8217;ASSESSORE MANUELA LANZARIN<\/h3>\n<\/blockquote>\n<p><strong>RIAPERTURE<\/strong> Sono pronte le linee guida per cerimonie e cerimonie religiose, i settori possono riaprire con le linee guida, la conferenza le ha approvate e saranno trasmesse al Ministero per le riaperture chiedendo anche un anticipo rispetto ad alcune scadenze: centri commerciali sabato e la domenica, parchi tematici anticipati al 1 giugno e non al 1 luglio. Ora attendiamo l&#8217;interlocuzione con il Governo e Ministero della Sanit\u00e0.\u00a0 <strong>CASE DI RIPOSO<\/strong> Lavoriamo per la riapertura e nuovi ingressi. C&#8217;\u00e8 una richiesta anche della Lombardia e che ci siano provvedimenti comuni per tutti <strong>FARMACIE Per l<\/strong>a vaccinazione in Farmacia abbiamo chiuso la parte burocratica, chi vuole potr\u00e0 fare il corso di tutoraggio nei centri di vaccinazione delle Ulss che \u00e8 propedeutico, poi decideremo quando partiranno e in quali fasce di et\u00e0 che apriremo noi e tutto \u00e8 legato all&#8217;arrivo dei vaccini. Scendendo di et\u00e0 servir\u00e0 Pfizer e Moderna.<\/p>\n<p>&nbsp;<\/p>\n<p><a href=\"https:\/\/www.facebook.com\/zaiaufficiale\/videos\/1185078571963739\">https:\/\/www.facebook.com\/zaiaufficiale\/videos\/1185078571963739<\/a><\/p>\n<p>&nbsp;<\/p>\n<p>&nbsp;<\/p>\n","protected":false},"excerpt":{"rendered":"<p>VENEZIA\u00a0Consueto appuntamento con la conferenza stampa di Luca Zaia dalla sede della Protezione Civile a Marghera. I NUMERI DA ZONA GIALLA: 0,86 indice Rt, incidenza 129 su 100 mila, occupazione terapia intensiva 18 % (soglia 30%) in area non critica 17%\u00a0 (soglia 40%) TAMPONI MOLECOLARI 4.984.984 TAMPONI\u00a0 RAPIDI 4.319.169 POSITIVI IERI\u00a0 + 935 TAMPONI IERI&hellip;<\/p>\n","protected":false},"author":4,"featured_media":175388,"comment_status":"closed","ping_status":"closed","sticky":false,"template":"","format":"standard","meta":{"_monsterinsights_skip_tracking":false,"_monsterinsights_sitenote_active":false,"_monsterinsights_sitenote_note":"","_monsterinsights_sitenote_category":0,"footnotes":""},"categories":[51,49],"tags":[],"class_list":["post-206620","post","type-post","status-publish","format-standard","has-post-thumbnail","hentry","category-evidenza-top","category-news-18","category-51","category-49","description-off"],"img_url":"https:\/\/www.radiopiu.net\/wordpress\/wp-content\/uploads\/2020\/11\/ZAIA-1.jpg","_links":{"self":[{"href":"https:\/\/www.radiopiu.net\/wordpress\/wp-json\/wp\/v2\/posts\/206620","targetHints":{"allow":["GET"]}}],"collection":[{"href":"https:\/\/www.radiopiu.net\/wordpress\/wp-json\/wp\/v2\/posts"}],"about":[{"href":"https:\/\/www.radiopiu.net\/wordpress\/wp-json\/wp\/v2\/types\/post"}],"author":[{"embeddable":true,"href":"https:\/\/www.radiopiu.net\/wordpress\/wp-json\/wp\/v2\/users\/4"}],"replies":[{"embeddable":true,"href":"https:\/\/www.radiopiu.net\/wordpress\/wp-json\/wp\/v2\/comments?post=206620"}],"version-history":[{"count":0,"href":"https:\/\/www.radiopiu.net\/wordpress\/wp-json\/wp\/v2\/posts\/206620\/revisions"}],"wp:featuredmedia":[{"embeddable":true,"href":"https:\/\/www.radiopiu.net\/wordpress\/wp-json\/wp\/v2\/media\/175388"}],"wp:attachment":[{"href":"https:\/\/www.radiopiu.net\/wordpress\/wp-json\/wp\/v2\/media?parent=206620"}],"wp:term":[{"taxonomy":"category","embeddable":true,"href":"https:\/\/www.radiopiu.net\/wordpress\/wp-json\/wp\/v2\/categories?post=206620"},{"taxonomy":"post_tag","embeddable":true,"href":"https:\/\/www.radiopiu.net\/wordpress\/wp-json\/wp\/v2\/tags?post=206620"}],"curies":[{"name":"wp","href":"https:\/\/api.w.org\/{rel}","templated":true}]}}