{"id":206704,"date":"2021-04-29T14:41:58","date_gmt":"2021-04-29T12:41:58","guid":{"rendered":"https:\/\/www.radiopiu.net\/wordpress\/?p=206704"},"modified":"2021-04-29T16:45:35","modified_gmt":"2021-04-29T14:45:35","slug":"dalpont","status":"publish","type":"post","link":"https:\/\/www.radiopiu.net\/wordpress\/dalpont\/","title":{"rendered":"NELL&#8217;ALBUM DEI RICORDI L&#8217;AMICO LUCIANO DAL PONT,  IN PROVINCIA L&#8217;UOMO DELLA RENAULT"},"content":{"rendered":"<p><strong><a href=\"https:\/\/www.radiopiu.net\/wordpress\/nellalbum-dei-ricordi-lamico-luciano-dal-ponto-in-provincia-luomo-della-renault\/download-9-3\/\" rel=\"attachment wp-att-206707\"><img loading=\"lazy\" decoding=\"async\" class=\" wp-image-206707 alignleft\" src=\"https:\/\/www.radiopiu.net\/wordpress\/wp-content\/uploads\/2021\/04\/download-9.jpg\" alt=\"\" width=\"234\" height=\"156\" \/><\/a>BELLUNO<\/strong> Da quell&#8217;ottobre del 2016 ci manca una presenza importante, &#8220;Lucianone&#8221; io e Claudio lo chiamavamo amichevolmente cos\u00ec alla radio, perch\u00e9 la Radio Pi\u00f9 \u00e8 legata al marchio Renault da decenni, ma Luciano non era un cliente, era un amico, il confidente dei motori, lo scrigno di ricordi legati ai alle due e quattro ruote, a pedali o propulsione, dalle biciclette alle moto ai pi\u00f9 potenti rombi Renault. E poi mi ha venduto la prima macchina, prima di me a mio padre, dopo di me a mia madre. Sono legami importanti che si creano che vanno al di l\u00e0 della firma sul contratto d&#8217;acquisto. Imprenditore di prima generazione dal seminterrato della casa di famiglia a Salce, dove produceva biciclette, cucine economiche e motocicli.\u00a0 A\u00a0 17 anni era gi\u00e0 noto per la\u00a0 produzione e la commercializzazione di copertoni per biciclette. Una lunga storia quella di Luciano raccontata ai microfoni di Radio Pi\u00f9 l&#8217;8 maggio del 2014. (mm)<\/p>\n<p><span style=\"color: #ff0000;\">di Claudio Fontanive<\/span><\/p>\n<p><strong>parte 1<\/strong><\/p>\n<audio class=\"wp-audio-shortcode\" id=\"audio-206704-1\" preload=\"none\" style=\"width: 100%;\" controls=\"controls\"><source type=\"audio\/mpeg\" src=\"https:\/\/www.radiopiu.net\/wordpress\/wp-content\/uploads\/2021\/04\/Dp1.mp3?_=1\" \/><a href=\"https:\/\/www.radiopiu.net\/wordpress\/wp-content\/uploads\/2021\/04\/Dp1.mp3\">https:\/\/www.radiopiu.net\/wordpress\/wp-content\/uploads\/2021\/04\/Dp1.mp3<\/a><\/audio>\n<p><strong>parte 2<\/strong><\/p>\n<audio class=\"wp-audio-shortcode\" id=\"audio-206704-2\" preload=\"none\" style=\"width: 100%;\" controls=\"controls\"><source type=\"audio\/mpeg\" src=\"https:\/\/www.radiopiu.net\/wordpress\/wp-content\/uploads\/2021\/04\/Dp2.mp3?_=2\" \/><a href=\"https:\/\/www.radiopiu.net\/wordpress\/wp-content\/uploads\/2021\/04\/Dp2.mp3\">https:\/\/www.radiopiu.net\/wordpress\/wp-content\/uploads\/2021\/04\/Dp2.mp3<\/a><\/audio>\n<p>&nbsp;<\/p>\n<p><em>FOTO copertina\u00a0 BELLUNOPRESS, <strong>ROBERTO DE NART<\/strong> CHE IL 12 OTTOBRE 2016 SCRISSE:<\/em> <span style=\"color: #0000ff;\"><strong><a style=\"color: #0000ff;\" href=\"https:\/\/www.bellunopress.it\/2016\/10\/11\/e-morto-luciano-dal-pont-fondatore-della-concessionaria-renault-di-salce\/\">CLICCA QUI\u00a0<\/a><\/strong><\/span><\/p>\n<p>FOTO\u00a0 gruppo Dal Pont Radio Club 103<\/p>\n","protected":false},"excerpt":{"rendered":"<p>BELLUNO Da quell&#8217;ottobre del 2016 ci manca una presenza importante, &#8220;Lucianone&#8221; io e Claudio lo chiamavamo amichevolmente cos\u00ec alla radio, perch\u00e9 la Radio Pi\u00f9 \u00e8 legata al marchio Renault da decenni, ma Luciano non era un cliente, era un amico, il confidente dei motori, lo scrigno di ricordi legati ai alle due e quattro ruote,&hellip;<\/p>\n","protected":false},"author":4,"featured_media":206706,"comment_status":"closed","ping_status":"closed","sticky":false,"template":"","format":"standard","meta":{"_monsterinsights_skip_tracking":false,"_monsterinsights_sitenote_active":false,"_monsterinsights_sitenote_note":"","_monsterinsights_sitenote_category":0,"footnotes":""},"categories":[49],"tags":[],"class_list":["post-206704","post","type-post","status-publish","format-standard","has-post-thumbnail","hentry","category-news-18","category-49","description-off"],"img_url":"https:\/\/www.radiopiu.net\/wordpress\/wp-content\/uploads\/2021\/04\/Luciano-Dal-Pont-Copia.jpg","_links":{"self":[{"href":"https:\/\/www.radiopiu.net\/wordpress\/wp-json\/wp\/v2\/posts\/206704","targetHints":{"allow":["GET"]}}],"collection":[{"href":"https:\/\/www.radiopiu.net\/wordpress\/wp-json\/wp\/v2\/posts"}],"about":[{"href":"https:\/\/www.radiopiu.net\/wordpress\/wp-json\/wp\/v2\/types\/post"}],"author":[{"embeddable":true,"href":"https:\/\/www.radiopiu.net\/wordpress\/wp-json\/wp\/v2\/users\/4"}],"replies":[{"embeddable":true,"href":"https:\/\/www.radiopiu.net\/wordpress\/wp-json\/wp\/v2\/comments?post=206704"}],"version-history":[{"count":0,"href":"https:\/\/www.radiopiu.net\/wordpress\/wp-json\/wp\/v2\/posts\/206704\/revisions"}],"wp:featuredmedia":[{"embeddable":true,"href":"https:\/\/www.radiopiu.net\/wordpress\/wp-json\/wp\/v2\/media\/206706"}],"wp:attachment":[{"href":"https:\/\/www.radiopiu.net\/wordpress\/wp-json\/wp\/v2\/media?parent=206704"}],"wp:term":[{"taxonomy":"category","embeddable":true,"href":"https:\/\/www.radiopiu.net\/wordpress\/wp-json\/wp\/v2\/categories?post=206704"},{"taxonomy":"post_tag","embeddable":true,"href":"https:\/\/www.radiopiu.net\/wordpress\/wp-json\/wp\/v2\/tags?post=206704"}],"curies":[{"name":"wp","href":"https:\/\/api.w.org\/{rel}","templated":true}]}}