{"id":206713,"date":"2021-04-29T15:00:15","date_gmt":"2021-04-29T13:00:15","guid":{"rendered":"https:\/\/www.radiopiu.net\/wordpress\/?p=206713"},"modified":"2021-04-29T15:00:47","modified_gmt":"2021-04-29T13:00:47","slug":"acc-pieno-sostegno-al-progetto-italcomp-vettore-dal-consiglio-di-sorveglianza","status":"publish","type":"post","link":"https:\/\/www.radiopiu.net\/wordpress\/acc-pieno-sostegno-al-progetto-italcomp-vettore-dal-consiglio-di-sorveglianza\/","title":{"rendered":"ACC: PIENO SOSTEGNO AL PROGETTO ITALCOMP (VETTORE) DAL CONSIGLIO DI SORVEGLIANZA"},"content":{"rendered":"<p><strong>BORGO VALBELLUNA<\/strong> Il sindaco di Borgo Valbelluna Stefano Cesa ha coordinato il consiglio di sorveglianza socio istituzionale di Acc (istituito del 2014), vi hanno partecipato rappresentanti della Regione, Provincia, amministratori locali, l&#8217;amministrazione straordinaria di Acc nella persona del Commissario Maurizio Castro, consiglieri regionali,\u00a0 Senatori e Deputati Bellunesi (De Menech, Badole, Puppato, Cestaro). Ovviamente immancabile la presenza della rappresentanza sindacale e Confindustria Belluno con Andrea Ferrazzi.<\/p>\n<p><strong><img loading=\"lazy\" decoding=\"async\" class=\"alignleft\" src=\"https:\/\/www.radiopiu.net\/wordpress\/wp-content\/uploads\/2019\/09\/Wanbao_Mise.jpg\" width=\"244\" height=\"183\" \/>LE CONCLUSIONI<\/strong>: il Consiglio \u00e8 impegnato in tutte le sedi a sostenere l\u2019approvazione dell\u2019emendamento governativo al Decreto Legge Sostegni, attualmente in fase di conversione in legge, che consenta l\u2019erogazione accelerata ad ACC dei finanziamenti indispensabili a evitare il suo fermo produttivo; il Consiglio invita gli istituti di credito attivi nel territorio, nell\u2019ottica di una compiuta responsabilit\u00e0 sociale, a supportare il processo di finanziamento ad ACC; il Consiglio \u00e8 in ogni caso mobilitato affinch\u00e9 venga individuata la modalit\u00e0 pi\u00f9 idonea per far pervenire nelle casse di ACC gli importi previsti nel Piano Industriale approvato dal MISE, e cio\u00e8 almeno 8 milioni di euro entro il 31 maggio 2021 e ulteriori 7 milioni di euro entro il 31 agosto 2021, condizioni essenziali per il superamento dell\u2019insolvenza e per la positiva risoluzione dell\u2019amministrazione straordinaria nella confluenza, a seguito di procedura a evidenza pubblica e a condizioni di mercato, di ACC in un nuovo soggetto imprenditoriale affidabile e propulsivo; il Consiglio sostiene convintamente, in tale direzione, il Progetto ItalComp, soprattutto per il ruolo di vettore di una stagione di forte re-industrializzazione sostenibile che esso pu\u00f2 assumere nel territorio bellunese il Consiglio ritiene che il Progetto ItalComp, con i suoi chiari contenuti in tema di missione strategica, di investimenti in prodotto e in processo, di articolazione territoriale, di valorizzazione delle competenze, di governance trasparente e responsabile e di modello partecipativo di R.I., possa essere declinato in modalit\u00e0 diverse e con una diversa mappatura dell\u2019azionariato pubblico e privato, e in questo senso dichiara la propria disponibilit\u00e0 a essere interlocutore attivo nei confronti del Governo nella prospettiva dell\u2019adozione delle scelte pi\u00f9 appropriate per lo sviluppo territoriale; il Consiglio ammonisce tuttavia affinch\u00e9, laddove si coinvolgano in misura significativa soggetti privati per far assumere ruoli di riferimento nella governance, ci\u00f2 avvenga dopo una selezione rigorosa funzionale ad evitare drammatiche, e gi\u00e0 subite, esperienze negative (i cc.dd. \u201cfondi locusta\u201d, societ\u00e0 straniere fraudolente, propriet\u00e0 contaminate, ecc.), alla quale il Consiglio stesso chiede di essere partecipe; il Consiglio in ogni caso ritiene significativa per il successo di ItalComp, la presenza nella sua compagine azionaria di aziende fornitrici del territorio, anche piccole e medie; il Consiglio auspica che, accanto a Invitalia e alle Regioni Veneto e Piemonte, nonch\u00e9 ai privati, trovino spazio nell\u2019azionariato di ItalComp enti, organizzazioni e istituzioni a matrice bellunese, espressione della cultura e dei valori del territorio; il Consiglio propone di promuovere la partecipazione a ItalComp, oltre a quelle fornitrici, di altre aziende locali, operanti anch\u2019esse nella componentistica ovvero nella refrigerazione commerciale; il Consiglio propone la costituzione di un tavolo con il principale cliente di ACC, il Gruppo Electrolux, per individuare e attivare forme di cooperazione industriale rafforzate e strutturali<\/p>\n<p>FOTO ARCHIVIO, QUANDO GLI INCONTRI ERANO IN PRESENZA<\/p>\n","protected":false},"excerpt":{"rendered":"<p>BORGO VALBELLUNA Il sindaco di Borgo Valbelluna Stefano Cesa ha coordinato il consiglio di sorveglianza socio istituzionale di Acc (istituito del 2014), vi hanno partecipato rappresentanti della Regione, Provincia, amministratori locali, l&#8217;amministrazione straordinaria di Acc nella persona del Commissario Maurizio Castro, consiglieri regionali,\u00a0 Senatori e Deputati Bellunesi (De Menech, Badole, Puppato, Cestaro). Ovviamente immancabile la&hellip;<\/p>\n","protected":false},"author":4,"featured_media":99831,"comment_status":"closed","ping_status":"closed","sticky":false,"template":"","format":"standard","meta":{"_monsterinsights_skip_tracking":false,"_monsterinsights_sitenote_active":false,"_monsterinsights_sitenote_note":"","_monsterinsights_sitenote_category":0,"footnotes":""},"categories":[1,49],"tags":[],"class_list":["post-206713","post","type-post","status-publish","format-standard","has-post-thumbnail","hentry","category-senza-categoria","category-news-18","category-1","category-49","description-off"],"img_url":"https:\/\/www.radiopiu.net\/wordpress\/wp-content\/uploads\/2019\/09\/Wanbao_Mise.jpg","_links":{"self":[{"href":"https:\/\/www.radiopiu.net\/wordpress\/wp-json\/wp\/v2\/posts\/206713","targetHints":{"allow":["GET"]}}],"collection":[{"href":"https:\/\/www.radiopiu.net\/wordpress\/wp-json\/wp\/v2\/posts"}],"about":[{"href":"https:\/\/www.radiopiu.net\/wordpress\/wp-json\/wp\/v2\/types\/post"}],"author":[{"embeddable":true,"href":"https:\/\/www.radiopiu.net\/wordpress\/wp-json\/wp\/v2\/users\/4"}],"replies":[{"embeddable":true,"href":"https:\/\/www.radiopiu.net\/wordpress\/wp-json\/wp\/v2\/comments?post=206713"}],"version-history":[{"count":0,"href":"https:\/\/www.radiopiu.net\/wordpress\/wp-json\/wp\/v2\/posts\/206713\/revisions"}],"wp:featuredmedia":[{"embeddable":true,"href":"https:\/\/www.radiopiu.net\/wordpress\/wp-json\/wp\/v2\/media\/99831"}],"wp:attachment":[{"href":"https:\/\/www.radiopiu.net\/wordpress\/wp-json\/wp\/v2\/media?parent=206713"}],"wp:term":[{"taxonomy":"category","embeddable":true,"href":"https:\/\/www.radiopiu.net\/wordpress\/wp-json\/wp\/v2\/categories?post=206713"},{"taxonomy":"post_tag","embeddable":true,"href":"https:\/\/www.radiopiu.net\/wordpress\/wp-json\/wp\/v2\/tags?post=206713"}],"curies":[{"name":"wp","href":"https:\/\/api.w.org\/{rel}","templated":true}]}}