{"id":206829,"date":"2021-04-30T10:01:23","date_gmt":"2021-04-30T08:01:23","guid":{"rendered":"https:\/\/www.radiopiu.net\/wordpress\/?p=206829"},"modified":"2021-04-30T10:01:23","modified_gmt":"2021-04-30T08:01:23","slug":"primo-maggio-festa-dei-lavoratori-il-pensiero-va-ai-dipendenti-di-acc-e-ideal-standard","status":"publish","type":"post","link":"https:\/\/www.radiopiu.net\/wordpress\/primo-maggio-festa-dei-lavoratori-il-pensiero-va-ai-dipendenti-di-acc-e-ideal-standard\/","title":{"rendered":"PRIMO MAGGIO FESTA DEI LAVORATORI. IL PENSIERO VA AI DIPENDENTI DI ACC E IDEAL STANDARD"},"content":{"rendered":"<p><strong><a href=\"https:\/\/www.radiopiu.net\/wordpress\/acc-consegna-i-compressori-gesto-simbolico-dai-grandi-significati\/download-1114\/\" rel=\"attachment wp-att-197665\"><img loading=\"lazy\" decoding=\"async\" class=\"size-full wp-image-197665 alignleft\" src=\"https:\/\/www.radiopiu.net\/wordpress\/wp-content\/uploads\/2021\/03\/download-2.jpg\" alt=\"\" width=\"300\" height=\"168\" \/><\/a>BELLUNO<\/strong> Domani sar\u00e0 la festa dei lavoratori e il pensiero di Stefano Bona, Fiom CGIL, va ai dipendenti di ACC e Ideal Standard.<\/p>\n<blockquote><p><strong>LE CONSIDERAZIONI DI STEFANO BONA<\/strong><\/p>\n<p>Domani si festeggia il 1 Maggio festa delle lavoratrici e dei lavoratori che per i dipendenti di Acc ed Ideal Standard potrebbe essere l&#8217;ultima che celebrano con questo status! Il 2 giugno sar\u00e0 poi festa della Repubblica fondata sul lavoro! e proprio in quella data Acc potrebbe interrompere le produzioni. Come pu\u00f2 l&#8217;intera comunit\u00e0 Bellunese non indignarsi e ribellarsi a una tale drammatica eventualit\u00e0? Come possiamo permettere che si chiuda una fabbrica che ha lavoro e che per decisione del governo, con atti ufficiali, potrebbe essere al centro di una politica industriale per il rilancio strategico del settore della componentistica domestica. Di quale fiducia e di quale credibilit\u00e0 potr\u00e0 godere la politica tra i lavoratori che ad oggi sono i veri, autentici, generosi, orgogliosi protagonisti della resistenza e sopravvivenza di Acc? Il lavoro la sua difesa e la sua promozione non possono essere oggetto di promesse non mantenute! Possibile che un moto di orgoglio e di dignit\u00e0 non muova fin da subito i nostri rappresentanti politici a tutti i livelli per gettare il cuore oltre l&#8217;ostacolo, fino a mettere in discussione il proprio ruolo se perderemo la battaglia!!<\/p><\/blockquote>\n","protected":false},"excerpt":{"rendered":"<p>BELLUNO Domani sar\u00e0 la festa dei lavoratori e il pensiero di Stefano Bona, Fiom CGIL, va ai dipendenti di ACC e Ideal Standard. LE CONSIDERAZIONI DI STEFANO BONA Domani si festeggia il 1 Maggio festa delle lavoratrici e dei lavoratori che per i dipendenti di Acc ed Ideal Standard potrebbe essere l&#8217;ultima che celebrano con&hellip;<\/p>\n","protected":false},"author":4,"featured_media":189413,"comment_status":"closed","ping_status":"closed","sticky":false,"template":"","format":"standard","meta":{"_monsterinsights_skip_tracking":false,"_monsterinsights_sitenote_active":false,"_monsterinsights_sitenote_note":"","_monsterinsights_sitenote_category":0,"footnotes":""},"categories":[49],"tags":[],"class_list":["post-206829","post","type-post","status-publish","format-standard","has-post-thumbnail","hentry","category-news-18","category-49","description-off"],"img_url":"https:\/\/www.radiopiu.net\/wordpress\/wp-content\/uploads\/2021\/02\/FIOM-CGIL.png","_links":{"self":[{"href":"https:\/\/www.radiopiu.net\/wordpress\/wp-json\/wp\/v2\/posts\/206829","targetHints":{"allow":["GET"]}}],"collection":[{"href":"https:\/\/www.radiopiu.net\/wordpress\/wp-json\/wp\/v2\/posts"}],"about":[{"href":"https:\/\/www.radiopiu.net\/wordpress\/wp-json\/wp\/v2\/types\/post"}],"author":[{"embeddable":true,"href":"https:\/\/www.radiopiu.net\/wordpress\/wp-json\/wp\/v2\/users\/4"}],"replies":[{"embeddable":true,"href":"https:\/\/www.radiopiu.net\/wordpress\/wp-json\/wp\/v2\/comments?post=206829"}],"version-history":[{"count":0,"href":"https:\/\/www.radiopiu.net\/wordpress\/wp-json\/wp\/v2\/posts\/206829\/revisions"}],"wp:featuredmedia":[{"embeddable":true,"href":"https:\/\/www.radiopiu.net\/wordpress\/wp-json\/wp\/v2\/media\/189413"}],"wp:attachment":[{"href":"https:\/\/www.radiopiu.net\/wordpress\/wp-json\/wp\/v2\/media?parent=206829"}],"wp:term":[{"taxonomy":"category","embeddable":true,"href":"https:\/\/www.radiopiu.net\/wordpress\/wp-json\/wp\/v2\/categories?post=206829"},{"taxonomy":"post_tag","embeddable":true,"href":"https:\/\/www.radiopiu.net\/wordpress\/wp-json\/wp\/v2\/tags?post=206829"}],"curies":[{"name":"wp","href":"https:\/\/api.w.org\/{rel}","templated":true}]}}