{"id":206832,"date":"2021-04-30T10:08:42","date_gmt":"2021-04-30T08:08:42","guid":{"rendered":"https:\/\/www.radiopiu.net\/wordpress\/?p=206832"},"modified":"2021-04-30T10:08:42","modified_gmt":"2021-04-30T08:08:42","slug":"lavori-allecocentro-di-cencenighe-chiuso-dal-5-al-17-maggio","status":"publish","type":"post","link":"https:\/\/www.radiopiu.net\/wordpress\/lavori-allecocentro-di-cencenighe-chiuso-dal-5-al-17-maggio\/","title":{"rendered":"LAVORI ALL&#8217;ECOCENTRO DI CENCENIGHE. CHIUSO DAL 5 AL 17 MAGGIO"},"content":{"rendered":"<p><strong><a href=\"https:\/\/www.radiopiu.net\/wordpress\/maltempo-possibili-problemi-alla-raccolta-dei-rifiuti-e-chiusura-di-sportelli-ed-ecocentri-al-pomeriggio\/logo-valpe-verticale\/\" rel=\"attachment wp-att-65542\"><img loading=\"lazy\" decoding=\"async\" class=\" wp-image-65542 alignleft\" src=\"https:\/\/www.radiopiu.net\/wordpress\/wp-content\/uploads\/2018\/10\/logo-valpe-verticale-300x298.jpg\" alt=\"\" width=\"141\" height=\"140\" srcset=\"https:\/\/www.radiopiu.net\/wordpress\/wp-content\/uploads\/2018\/10\/logo-valpe-verticale-300x298.jpg 300w, https:\/\/www.radiopiu.net\/wordpress\/wp-content\/uploads\/2018\/10\/logo-valpe-verticale-150x150.jpg 150w, https:\/\/www.radiopiu.net\/wordpress\/wp-content\/uploads\/2018\/10\/logo-valpe-verticale.jpg 370w\" sizes=\"auto, (max-width: 141px) 100vw, 141px\" \/><\/a>CENCENIGHE <\/strong><span>Nei prossimi giorni inizieranno alcuni interventi di sistemazione presso l\u2019Ecocentro di Cencenighe Agordino. Per consentire la realizzazione dei lavori previsti, la struttura chiuder\u00e0 al pubblico dal 5 al 17 maggio 2021. <\/span>Durante il periodo di chiusura i cittadini potranno accedere a qualsiasi Ecocentro del territorio dell\u2019Unione Montana Agordina, verificando sedi e orari di apertura sul manuale informativo consegnato o su <a href=\"http:\/\/www.valpeambiente.it\">www.valpeambiente.it<\/a>. L\u2019Ecocentro di Cencenighe Agordino sar\u00e0 nuovamente accessibile ai cittadini da marted\u00ec 18 maggio. Per ulteriori informazioni, \u00e8 possibile inviare una mail a <a href=\"mailto:info@valpeambiente.it\">info@valpeambiente.it<\/a>, visitare il sito www.valpeambiente.it oppure contattare i numeri 0437 640462 oppure 0437 643621.<\/p>\n","protected":false},"excerpt":{"rendered":"<p>CENCENIGHE Nei prossimi giorni inizieranno alcuni interventi di sistemazione presso l\u2019Ecocentro di Cencenighe Agordino. Per consentire la realizzazione dei lavori previsti, la struttura chiuder\u00e0 al pubblico dal 5 al 17 maggio 2021. Durante il periodo di chiusura i cittadini potranno accedere a qualsiasi Ecocentro del territorio dell\u2019Unione Montana Agordina, verificando sedi e orari di apertura&hellip;<\/p>\n","protected":false},"author":4,"featured_media":65542,"comment_status":"closed","ping_status":"closed","sticky":false,"template":"","format":"standard","meta":{"_monsterinsights_skip_tracking":false,"_monsterinsights_sitenote_active":false,"_monsterinsights_sitenote_note":"","_monsterinsights_sitenote_category":0,"footnotes":""},"categories":[49],"tags":[],"class_list":["post-206832","post","type-post","status-publish","format-standard","has-post-thumbnail","hentry","category-news-18","category-49","description-off"],"img_url":"https:\/\/www.radiopiu.net\/wordpress\/wp-content\/uploads\/2018\/10\/logo-valpe-verticale.jpg","_links":{"self":[{"href":"https:\/\/www.radiopiu.net\/wordpress\/wp-json\/wp\/v2\/posts\/206832","targetHints":{"allow":["GET"]}}],"collection":[{"href":"https:\/\/www.radiopiu.net\/wordpress\/wp-json\/wp\/v2\/posts"}],"about":[{"href":"https:\/\/www.radiopiu.net\/wordpress\/wp-json\/wp\/v2\/types\/post"}],"author":[{"embeddable":true,"href":"https:\/\/www.radiopiu.net\/wordpress\/wp-json\/wp\/v2\/users\/4"}],"replies":[{"embeddable":true,"href":"https:\/\/www.radiopiu.net\/wordpress\/wp-json\/wp\/v2\/comments?post=206832"}],"version-history":[{"count":0,"href":"https:\/\/www.radiopiu.net\/wordpress\/wp-json\/wp\/v2\/posts\/206832\/revisions"}],"wp:featuredmedia":[{"embeddable":true,"href":"https:\/\/www.radiopiu.net\/wordpress\/wp-json\/wp\/v2\/media\/65542"}],"wp:attachment":[{"href":"https:\/\/www.radiopiu.net\/wordpress\/wp-json\/wp\/v2\/media?parent=206832"}],"wp:term":[{"taxonomy":"category","embeddable":true,"href":"https:\/\/www.radiopiu.net\/wordpress\/wp-json\/wp\/v2\/categories?post=206832"},{"taxonomy":"post_tag","embeddable":true,"href":"https:\/\/www.radiopiu.net\/wordpress\/wp-json\/wp\/v2\/tags?post=206832"}],"curies":[{"name":"wp","href":"https:\/\/api.w.org\/{rel}","templated":true}]}}