{"id":206846,"date":"2021-04-30T12:25:44","date_gmt":"2021-04-30T10:25:44","guid":{"rendered":"https:\/\/www.radiopiu.net\/wordpress\/?p=206846"},"modified":"2021-04-30T13:24:13","modified_gmt":"2021-04-30T11:24:13","slug":"la-conferenza-stampa-di-luca-zaia-laggiornamento-sullemergenza-covid-19","status":"publish","type":"post","link":"https:\/\/www.radiopiu.net\/wordpress\/la-conferenza-stampa-di-luca-zaia-laggiornamento-sullemergenza-covid-19\/","title":{"rendered":"MENO DI 200 PAZIENTI IN TERAPIA INTENSIVA, QUASI 50MILA VACCINI I 24 ORE, LA CONFERENZA STAMPA DI ZAIA"},"content":{"rendered":"<p><strong>VENEZIA<\/strong>\u00a0Consueto appuntamento con la conferenza stampa di Luca Zaia dalla sede della Protezione Civile a Marghera.<\/p>\n<p><strong>I NUMERI\u00a0<\/strong><\/p>\n<p>TAMPONI MOLECOLARI\u00a0 TAMPONI 5001645\u00a0 RAPIDI\u00a0 4399455 POSITIVI IERI\u00a0 +788\u00a0 TAMPONI IERI 36957\u00a0 INCIDENZA POSITIVI TAMPONI\u00a0 2,13 % POSITIVI DA INIZIO EPIDEMIA 411899\u00a0 \u00a0POSITIVI ATTUALI 21892\u00a0 RICOVERI 1473 (-5) IN AREA NON CRITICA\u00a0 1282\u00a0 (+7) IN TERAPIA INTENSIVA\u00a0 191\u00a0 (-12) ALTRI PAZIENTI NON COVID in terapia intensiva\u00a0 271 DECESSI\u00a0 \u00a011330 (+14) DIMESSI 20473<\/p>\n<p><strong><span style=\"color: #ff0000;\">48492 vaccini in 24 ore, primato nazionale rapportato alla popolazione<\/span><\/strong><\/p>\n<blockquote>\n<h3>LEGGI LA CONFERENZA STAMPA DI LUCA ZAIA<\/h3>\n<p><em>Il segretario Salvini sta facendo bene il segretario. Smettetela col tirare in ballo il mio futuro perch\u00e8 non far\u00f2 n\u00e8 il presidente del Consiglio n\u00e8 il segretario del partito. Con l&#8217;Rt a 0,86 in aumento, tutto \u00e8 possibile. Non si pu\u00f2 escludere nulla. Ma tutto \u00e8 strettamente legato al nostro livello di attenzione. E0 innegabile che il virus abbia comportamenti correlati alla stagionalit\u00e0 e quindi con il caldo dovremmo andare meglio. Me l&#8217;hanno confermato virologi top\u00a0level.<\/em><\/p><\/blockquote>\n<p><strong>VACCINI<\/strong> Vorremmo viaggiare al ritmo di 40.000 vaccinazioni al giorno se ce la facciamo e se ci sono vaccini a sufficienza. Ieri ho sentito il generale Figliolo al telefono e l&#8217;ho aggiornato sulla situazione. Tra oggi e domani arrivano 150.000 Astrazeneca, 29.000 di Moderna, 14.000 di J&amp;J, Pfizer aumenta a 225.000 a settimana.\u00a0 \u00a0<strong>INVITO<\/strong> i sessantenni a prenotarsi e a vaccinarsi. Messi in sicurezza gli over 60, possiamo dire che il grosso del lavoro \u00e8 fatto. Di fronte alle difficolt\u00e0 di oggi e alla crisi che ne \u00e8 conseguita\u00a0 \u00a0siamo tornati a percepire la necessit\u00e0 vitale del lavoro come strumento di ripresa, di riscatto, di rinascita. Dalla situazione in cui questa pandemia ci ha trascinato ne usciremo, e sono certo che la via maestra per farlo sar\u00e0 irreversibile <strong>L&#8217;ERBA VOGLIO\u00a0<\/strong> Zaia ha risposto anche a coloro che vorrebbero scegliersi il vaccino, Pfizer piuttosto che Astrazeneca o J&amp;J, un chiaro no, comunque in base a\u00a0 quanto disposto in sede di anamnesi dai medici. <strong>CRISANTI IN COMMISSIONE?<\/strong> Se l&#8217;opposizione presenta istanza nessuno nega la presenza. Martedi verranno i tecnici e daranno la loro versione. Se poi qualcuno vuole andare in procura lo faccia.\u00a0 Se vogliono sentire anche il prof. Crisanti? Non spetta certo a me a stabilire chi deve sentire o meno la Commissione. <strong>PER AGORA&#8217; ZAIA PRIMO NEI SONDAGGI SOPRA SALVINI<\/strong> Il Segretario sta facendo bene il segretario. Finitela con le manfrine del mio futuro, non mi interessa ne&#8217; il ruolo di Presidente del Consiglio n\u00e8 segretario di partito. Se il problema \u00e8 che non ti va quello che fa una persona \u00e8 leggittimo protestare, se si pensi che possa diventare un problema domani dormite sonni tranquilli. I Veneti mi hanno dato il loro consenso e io do&#8217; corso alla loro fiducia. Non sono nemmeno ricandidabile e non ho certo bisogno di farmi pubblicit\u00e0. A chi si preoccupa del mio futuro stia tranquillo io mi occupo del Veneto e non faro&#8217; certo scelte politiche.<\/p>\n<h3>video CLICCA QUI\u00a0 <a href=\"https:\/\/www.facebook.com\/zaiaufficiale\/videos\/818634449064919\">(6) Facebook<\/a><\/h3>\n<p><a href=\"https:\/\/www.facebook.com\/zaiaufficiale\/videos\/818634449064919\">https:\/\/www.facebook.com\/zaiaufficiale\/videos\/818634449064919<\/a><\/p>\n","protected":false},"excerpt":{"rendered":"<p>VENEZIA\u00a0Consueto appuntamento con la conferenza stampa di Luca Zaia dalla sede della Protezione Civile a Marghera. I NUMERI\u00a0 TAMPONI MOLECOLARI\u00a0 TAMPONI 5001645\u00a0 RAPIDI\u00a0 4399455 POSITIVI IERI\u00a0 +788\u00a0 TAMPONI IERI 36957\u00a0 INCIDENZA POSITIVI TAMPONI\u00a0 2,13 % POSITIVI DA INIZIO EPIDEMIA 411899\u00a0 \u00a0POSITIVI ATTUALI 21892\u00a0 RICOVERI 1473 (-5) IN AREA NON CRITICA\u00a0 1282\u00a0 (+7) IN TERAPIA INTENSIVA\u00a0&hellip;<\/p>\n","protected":false},"author":4,"featured_media":206902,"comment_status":"closed","ping_status":"closed","sticky":false,"template":"","format":"standard","meta":{"_monsterinsights_skip_tracking":false,"_monsterinsights_sitenote_active":false,"_monsterinsights_sitenote_note":"","_monsterinsights_sitenote_category":0,"footnotes":""},"categories":[51,49],"tags":[],"class_list":["post-206846","post","type-post","status-publish","format-standard","has-post-thumbnail","hentry","category-evidenza-top","category-news-18","category-51","category-49","description-off"],"img_url":"https:\/\/www.radiopiu.net\/wordpress\/wp-content\/uploads\/2021\/04\/e029b7e1-8c7d-4b54-901a-588056a821ed.jpg","_links":{"self":[{"href":"https:\/\/www.radiopiu.net\/wordpress\/wp-json\/wp\/v2\/posts\/206846","targetHints":{"allow":["GET"]}}],"collection":[{"href":"https:\/\/www.radiopiu.net\/wordpress\/wp-json\/wp\/v2\/posts"}],"about":[{"href":"https:\/\/www.radiopiu.net\/wordpress\/wp-json\/wp\/v2\/types\/post"}],"author":[{"embeddable":true,"href":"https:\/\/www.radiopiu.net\/wordpress\/wp-json\/wp\/v2\/users\/4"}],"replies":[{"embeddable":true,"href":"https:\/\/www.radiopiu.net\/wordpress\/wp-json\/wp\/v2\/comments?post=206846"}],"version-history":[{"count":0,"href":"https:\/\/www.radiopiu.net\/wordpress\/wp-json\/wp\/v2\/posts\/206846\/revisions"}],"wp:featuredmedia":[{"embeddable":true,"href":"https:\/\/www.radiopiu.net\/wordpress\/wp-json\/wp\/v2\/media\/206902"}],"wp:attachment":[{"href":"https:\/\/www.radiopiu.net\/wordpress\/wp-json\/wp\/v2\/media?parent=206846"}],"wp:term":[{"taxonomy":"category","embeddable":true,"href":"https:\/\/www.radiopiu.net\/wordpress\/wp-json\/wp\/v2\/categories?post=206846"},{"taxonomy":"post_tag","embeddable":true,"href":"https:\/\/www.radiopiu.net\/wordpress\/wp-json\/wp\/v2\/tags?post=206846"}],"curies":[{"name":"wp","href":"https:\/\/api.w.org\/{rel}","templated":true}]}}