{"id":206853,"date":"2021-04-30T11:48:59","date_gmt":"2021-04-30T09:48:59","guid":{"rendered":"https:\/\/www.radiopiu.net\/wordpress\/?p=206853"},"modified":"2021-04-30T13:54:37","modified_gmt":"2021-04-30T11:54:37","slug":"ai-cittadini-di-cencenighe-san-tomaso-vallada-canale-e-falcade","status":"publish","type":"post","link":"https:\/\/www.radiopiu.net\/wordpress\/ai-cittadini-di-cencenighe-san-tomaso-vallada-canale-e-falcade\/","title":{"rendered":"VACCINAZIONI, NUOVI ORARI DAL 3 MAGGIO.  AI CITTADINI DI CENCENIGHE, SAN TOMASO, VALLADA, CANALE E FALCADE"},"content":{"rendered":"<p><strong>CENCENIGHE <\/strong>I medici di medicina generale operanti nel territorio comunale in collaborazione con l\u2019ULSS 1 Dolomiti ed i comuni di Cencenighe, San Tomaso, Vallada, Canale d&#8217;Agordo e Falcade, organizzano una seduta vaccinale per il vaccino anti-covid per i nati tra il 1942 e il 1951. La seduta vaccinale \u00e8 stata organizzata: DOMENICA 2 MAGGIO Presso il NOF FILO\u2019 DI CENCENIGHE dalle ore 9:30 alle 15:30. Presentarsi muniti di documento di riconoscimento, tessera sanitaria e foglio di anamnesi compilato<\/p>\n<table>\n<tbody>\n<tr>\n<td width=\"217\">ANNO DI NASCITA<\/td>\n<td width=\"217\">ORARIO<\/td>\n<\/tr>\n<tr>\n<td width=\"217\">1942-1943<\/td>\n<td width=\"217\">\u00a0Dalle 9:30 \u00a0\u00a0alle 10:30<\/td>\n<\/tr>\n<tr>\n<td width=\"217\">1944-1945<\/td>\n<td width=\"217\">Dalle 10:30 alle 11:30<\/td>\n<\/tr>\n<tr>\n<td width=\"217\">1946-1947<\/td>\n<td width=\"217\">Dalle11:30 \u00a0alle 12:45<\/td>\n<\/tr>\n<tr>\n<td width=\"217\">1948-1949<\/td>\n<td width=\"217\">Dalle 13:30 alle 14:30<\/td>\n<\/tr>\n<tr>\n<td width=\"217\">1950-1951<\/td>\n<td width=\"217\">Dalle 14:30 alle 15:30<\/td>\n<\/tr>\n<\/tbody>\n<\/table>\n<p>&nbsp;<\/p>\n<p align=\"CENTER\"><span style=\"font-family: Arial, Helvetica, sans-serif;\"><b>PUNTI TAMPONE: NUOVI ORARI DAL 3 MAGGIO<\/b><\/span><\/p>\n<p align=\"LEFT\"><span style=\"font-family: Calibri, serif;\"><span style=\"font-size: medium;\">La forte riduzione della richiesta di tamponi, legata alla flessione della curva epidemica, consente di riorganizzare nei termini seguenti l&#8217;offerta di tale servizio sul territorio, anche al fine di liberare risorse e spazi per l\u2019attivit\u00e0 vaccinale.\u00a0<\/span><\/span><span style=\"font-family: Calibri, serif;\"><span style=\"font-size: medium;\">Dal 3 maggio, i Punti tamponi dell\u2019Ulss Dolomiti con accesso libero seguiranno i seguenti orari: <\/span><\/span><b style=\"font-size: medium; font-family: Calibri, serif; color: #000000;\">Drive-in Paludi: <\/b><span style=\"font-size: medium; font-family: Calibri, serif; color: #000000;\">dal luned\u00ec al sabato (festivi esclusi), <\/span><span style=\"font-size: medium; font-family: Calibri, serif; color: #000000;\">dalle 8.30 alle 12.30; <\/span><b style=\"font-size: medium; font-family: Calibri, serif; color: #000000;\">Drive-in Feltre \u2013 loc. Anz\u00f9: <\/b><span style=\"font-size: medium; font-family: Calibri, serif; color: #000000;\">dal luned\u00ec al sabato (festivi esclusi), <\/span><span style=\"font-size: medium; font-family: Calibri, serif; color: #000000;\">dalle 8.30 alle 12.30; <\/span><b style=\"font-size: medium; font-family: Calibri, serif; color: #000000;\">Drive-in Tai di Cadore: <\/b><span style=\"font-size: medium; font-family: Calibri, serif; color: #000000;\">marted\u00ec, gioved\u00ec e sabato (festivi esclusi), <\/span><span style=\"font-size: medium; font-family: Calibri, serif; color: #000000;\">dalle 15.00 alle 17.00;\u00a0 \u00a0<\/span><b style=\"font-size: medium; font-family: Calibri, serif; color: #000000;\">Drive-in Agordo: <\/b><span style=\"font-size: medium; font-family: Calibri, serif; color: #000000;\">luned\u00ec, mercoled\u00ec e venerd\u00ec (festivi esclusi), <\/span><span style=\"font-size: medium; font-family: Calibri, serif; color: #000000;\">dalle 16.00 alle 17.00. <\/span><b style=\"font-size: medium; font-family: Calibri, serif; color: #000000;\">Drive in Belluno (area ospedale San Martino \u2013 vicino ad asilo aziendale) <\/b><span style=\"font-size: medium; font-family: Calibri, serif; color: #000000;\">domenica e festivi dalle 8.30 alle 10.30<\/span><\/p>\n<p>&nbsp;<\/p>\n","protected":false},"excerpt":{"rendered":"<p>CENCENIGHE I medici di medicina generale operanti nel territorio comunale in collaborazione con l\u2019ULSS 1 Dolomiti ed i comuni di Cencenighe, San Tomaso, Vallada, Canale d&#8217;Agordo e Falcade, organizzano una seduta vaccinale per il vaccino anti-covid per i nati tra il 1942 e il 1951. La seduta vaccinale \u00e8 stata organizzata: DOMENICA 2 MAGGIO Presso&hellip;<\/p>\n","protected":false},"author":4,"featured_media":196946,"comment_status":"closed","ping_status":"closed","sticky":false,"template":"","format":"standard","meta":{"_monsterinsights_skip_tracking":false,"_monsterinsights_sitenote_active":false,"_monsterinsights_sitenote_note":"","_monsterinsights_sitenote_category":0,"footnotes":""},"categories":[51,49],"tags":[],"class_list":["post-206853","post","type-post","status-publish","format-standard","has-post-thumbnail","hentry","category-evidenza-top","category-news-18","category-51","category-49","description-off"],"img_url":"https:\/\/www.radiopiu.net\/wordpress\/wp-content\/uploads\/2021\/03\/VACCINO.jpg","_links":{"self":[{"href":"https:\/\/www.radiopiu.net\/wordpress\/wp-json\/wp\/v2\/posts\/206853","targetHints":{"allow":["GET"]}}],"collection":[{"href":"https:\/\/www.radiopiu.net\/wordpress\/wp-json\/wp\/v2\/posts"}],"about":[{"href":"https:\/\/www.radiopiu.net\/wordpress\/wp-json\/wp\/v2\/types\/post"}],"author":[{"embeddable":true,"href":"https:\/\/www.radiopiu.net\/wordpress\/wp-json\/wp\/v2\/users\/4"}],"replies":[{"embeddable":true,"href":"https:\/\/www.radiopiu.net\/wordpress\/wp-json\/wp\/v2\/comments?post=206853"}],"version-history":[{"count":0,"href":"https:\/\/www.radiopiu.net\/wordpress\/wp-json\/wp\/v2\/posts\/206853\/revisions"}],"wp:featuredmedia":[{"embeddable":true,"href":"https:\/\/www.radiopiu.net\/wordpress\/wp-json\/wp\/v2\/media\/196946"}],"wp:attachment":[{"href":"https:\/\/www.radiopiu.net\/wordpress\/wp-json\/wp\/v2\/media?parent=206853"}],"wp:term":[{"taxonomy":"category","embeddable":true,"href":"https:\/\/www.radiopiu.net\/wordpress\/wp-json\/wp\/v2\/categories?post=206853"},{"taxonomy":"post_tag","embeddable":true,"href":"https:\/\/www.radiopiu.net\/wordpress\/wp-json\/wp\/v2\/tags?post=206853"}],"curies":[{"name":"wp","href":"https:\/\/api.w.org\/{rel}","templated":true}]}}