{"id":206866,"date":"2021-04-30T12:03:20","date_gmt":"2021-04-30T10:03:20","guid":{"rendered":"https:\/\/www.radiopiu.net\/wordpress\/?p=206866"},"modified":"2021-04-30T12:03:20","modified_gmt":"2021-04-30T10:03:20","slug":"festa-del-lavoro-presidente-zaia-il-primo-maggio-rappresenta-una-sfida-comune-una-giornata-senza-patina-ideologica-che-non-e-di-alcuni-ma-di-tutti-i-veneti","status":"publish","type":"post","link":"https:\/\/www.radiopiu.net\/wordpress\/festa-del-lavoro-presidente-zaia-il-primo-maggio-rappresenta-una-sfida-comune-una-giornata-senza-patina-ideologica-che-non-e-di-alcuni-ma-di-tutti-i-veneti\/","title":{"rendered":"FESTA DEL LAVORO. PRESIDENTE ZAIA, \u201cIL PRIMO MAGGIO RAPPRESENTA UNA SFIDA COMUNE. UNA GIORNATA SENZA PATINA IDEOLOGICA CHE NON E&#8217; DI ALCUNI MA DI TUTTI I VENETI\u201d"},"content":{"rendered":"<p><strong><a href=\"https:\/\/www.radiopiu.net\/wordpress\/la-protesta-delle-maestre-uno-schengen-sanitario-per-il-turismo-e-altro-dalla-conferenza-stampa-di-zaia\/zaia-40\/\" rel=\"attachment wp-att-139388\"><img loading=\"lazy\" decoding=\"async\" class=\"size-medium wp-image-139388 alignleft\" src=\"https:\/\/www.radiopiu.net\/wordpress\/wp-content\/uploads\/2020\/05\/ZAIA-1-300x225.jpg\" alt=\"\" width=\"300\" height=\"225\" srcset=\"https:\/\/www.radiopiu.net\/wordpress\/wp-content\/uploads\/2020\/05\/ZAIA-1-300x225.jpg 300w, https:\/\/www.radiopiu.net\/wordpress\/wp-content\/uploads\/2020\/05\/ZAIA-1.jpg 656w\" sizes=\"auto, (max-width: 300px) 100vw, 300px\" \/><\/a>VENEZIA <\/strong>In occasione della Festa del Lavoro che si celebra domani Primo Maggio, il Presidente della Regione del Veneto, Luca Zaia, invia questo messaggio:<\/p>\n<blockquote><p><strong>LA LETTERA<\/strong><\/p>\n<p><em>Anche quest\u2019anno celebriamo la Festa del Primo Maggio mentre il Covid 19 e le sue ripercussioni economiche impongono ad un numero tanto grande e diversificato di cittadini, come mai prima nella nostra storia recente, di confrontarsi sul valore del lavoro come garanzia di crescita, di benessere per s\u00e9 e la propria famiglia, di sicurezza sociale e di progresso. Ma \u00e8 anche vero che mai come di fronte alle difficolt\u00e0 di oggi e alla crisi che ne \u00e8 conseguita siamo tornati a percepire la necessit\u00e0 vitale del lavoro come strumento di ripresa, di riscatto, di rinascita. Dalla situazione in cui questa pandemia ci ha trascinato ne usciremo e sono certo che la via maestra per farlo sar\u00e0 irreversibile quando ci saremo lasciati alle spalle l\u2019incertezza riguardo al lavoro che oggi sono in troppi a vivere. Questo Primo Maggio, quindi, rappresenta una sfida comune; soprattutto in un tessuto produttivo come il nostro, composto in massima parte da aziende con meno di quindici dipendenti, dove il rapporto tra imprenditore e dipendente \u00e8 diretto e strettissimo. Anche per questo la festa perde ogni patina ideologica e assume il significato di un momento di rispetto dovuto alla Persona e al valore del Lavoro. Non \u00e8 la festa di pochi o di alcuni, per noi \u00e8 la festa di tutti i Veneti. La storia del Primo Maggio come festa dei lavoratori ci trasmette la memoria di un impegno unitario nelle lotte per il riconoscimento di diritti, la conquista di tutele sociali, il raggiungimento di traguardi sindacali. Impegno non solo affidato ai libri di storia come ci ricordano ancora oggi le trattative dei dipendenti di importanti poli industriali nella nostra regione, sostenuti attentamente dalla nostra unit\u00e0 regionale per le crisi aziendali. \u00c8 la ricorrenza annuale in cui onoriamo le tante vite perse proprio sul lavoro. Una tragica coincidenza vuole che questo Primo Maggio giunga all\u2019indomani dell\u2019incidente mortale che, a Montebelluna, ha coinvolto un giovane operaio. Esprimo solidariet\u00e0 e vicinanza ai familiari, alla fidanzata e ai colleghi di cantiere.\u00a0 Ci troviamo ancora una volta a riflettere sul valore di un simile sacrificio che, nonostante le leggi e gli strumenti di maggior tutela raggiunti, continua ad essere un rischio come la cronaca ci ricorda ancora troppo spesso. Un rischio mai debellato negli ambienti di lavoro tradizionali e che, in quest\u2019ultimo anno, ha visto toccate da vicino le categorie pi\u00f9 esposte al contagio: da tutte le figure professionali della Sanit\u00e0 e dei Servizi sociali ai lavoratori nell\u2019ambito della Sicurezza, della Difesa e del Soccorso, dagli operatori dei servizi essenziali e della distribuzione a quelli dei trasporti e della logistica. A tutti questi cittadini desidero giunga un sentito grazie. Ma un grazie penso sia doveroso anche a coloro che sono stati costretti a stringere i denti, astenendosi dal lavoro per un tempo cos\u00ec tanto prolungato, in ossequio alle disposizioni di contrasto alla pandemia. Penso a tanti occupati nel commercio, nel turismo e nella ristorazione, nello spettacolo e nella cultura, nel settore fieristico e in quello delle imprese viaggianti. Un\u2019astensione non facile, che mai si sarebbe creduta possibile prima. Lo dico conoscendo la passione per il lavoro di noi Veneti che vediamo nell\u2019attivit\u00e0 lavorativa quotidiana una quasi professione religiosa irrinunciabile, un mezzo di proiezione ottimistica nel futuro, una ricchezza indipendentemente dal successo finanziario. Ma \u00e8 questa nostra caratteristica che mi convince a guardare con fiducia alla ripresa. Potrebbe sembrare un controsenso perch\u00e9 fino all\u2019inverno scorso il Veneto vantava una situazione occupazionale, nel quadro nazionale seconda solo al Trentino Alto Adige; oggi si prospetta una flessione di 60.000 posti di lavoro. Ma sappiamo anche di essere la regione dove, con il lavoro di ogni giorno in 600.000 imprese, si raggiungono i 150 miliardi di Pil. Come nel dopoguerra il Veneto grazie all\u2019impegno e alla forza del mondo del lavoro ha conosciuto una crescita economica senza precedenti, fino a diventare uno dei primi poli produttivi d\u2019Europa, dopo questa crisi pandemica trover\u00e0 ancora nel lavoro l\u2019arma della ripresa.<\/em><\/p><\/blockquote>\n","protected":false},"excerpt":{"rendered":"<p>VENEZIA In occasione della Festa del Lavoro che si celebra domani Primo Maggio, il Presidente della Regione del Veneto, Luca Zaia, invia questo messaggio: LA LETTERA Anche quest\u2019anno celebriamo la Festa del Primo Maggio mentre il Covid 19 e le sue ripercussioni economiche impongono ad un numero tanto grande e diversificato di cittadini, come mai&hellip;<\/p>\n","protected":false},"author":4,"featured_media":139388,"comment_status":"closed","ping_status":"closed","sticky":false,"template":"","format":"standard","meta":{"_monsterinsights_skip_tracking":false,"_monsterinsights_sitenote_active":false,"_monsterinsights_sitenote_note":"","_monsterinsights_sitenote_category":0,"footnotes":""},"categories":[49],"tags":[],"class_list":["post-206866","post","type-post","status-publish","format-standard","has-post-thumbnail","hentry","category-news-18","category-49","description-off"],"img_url":"https:\/\/www.radiopiu.net\/wordpress\/wp-content\/uploads\/2020\/05\/ZAIA-1.jpg","_links":{"self":[{"href":"https:\/\/www.radiopiu.net\/wordpress\/wp-json\/wp\/v2\/posts\/206866","targetHints":{"allow":["GET"]}}],"collection":[{"href":"https:\/\/www.radiopiu.net\/wordpress\/wp-json\/wp\/v2\/posts"}],"about":[{"href":"https:\/\/www.radiopiu.net\/wordpress\/wp-json\/wp\/v2\/types\/post"}],"author":[{"embeddable":true,"href":"https:\/\/www.radiopiu.net\/wordpress\/wp-json\/wp\/v2\/users\/4"}],"replies":[{"embeddable":true,"href":"https:\/\/www.radiopiu.net\/wordpress\/wp-json\/wp\/v2\/comments?post=206866"}],"version-history":[{"count":0,"href":"https:\/\/www.radiopiu.net\/wordpress\/wp-json\/wp\/v2\/posts\/206866\/revisions"}],"wp:featuredmedia":[{"embeddable":true,"href":"https:\/\/www.radiopiu.net\/wordpress\/wp-json\/wp\/v2\/media\/139388"}],"wp:attachment":[{"href":"https:\/\/www.radiopiu.net\/wordpress\/wp-json\/wp\/v2\/media?parent=206866"}],"wp:term":[{"taxonomy":"category","embeddable":true,"href":"https:\/\/www.radiopiu.net\/wordpress\/wp-json\/wp\/v2\/categories?post=206866"},{"taxonomy":"post_tag","embeddable":true,"href":"https:\/\/www.radiopiu.net\/wordpress\/wp-json\/wp\/v2\/tags?post=206866"}],"curies":[{"name":"wp","href":"https:\/\/api.w.org\/{rel}","templated":true}]}}